{"id":52184,"date":"2022-02-05T22:47:19","date_gmt":"2022-02-05T22:47:19","guid":{"rendered":"https:\/\/elregionalvm.com.ar\/noticias-villa-maria\/?p=52184"},"modified":"2022-02-05T22:47:48","modified_gmt":"2022-02-05T22:47:48","slug":"festival-de-penas-pantallas-luces-y-sonido-el-lunes-comienza-el-armado","status":"publish","type":"post","link":"https:\/\/elregionalvm.com.ar\/noticias-villa-maria\/festival-de-penas-pantallas-luces-y-sonido-el-lunes-comienza-el-armado\/","title":{"rendered":"[Festival de Pe\u00f1as] Pantallas, luces y sonido: El lunes comienza el armado"},"content":{"rendered":"\n<p>Este lunes comenzar\u00e1 el armado de la parte  t\u00e9cnica del Festival internacional de Pe\u00f1as.<\/p>\n\n\n\n<p>La edici\u00f3n N\u00ba54 del Festival de Festivales dispondr\u00e1 290 metros cuadrados de pantallas LED divididas en 15 m\u00f3dulos y se desarrollar\u00e1n escenarios virtuales sobre las pantallas, desplegando contextos din\u00e1micos de ambientaci\u00f3n y art\u00edstica durante cada noche.<\/p>\n\n\n\n<p>El evento contar\u00e1 con m\u00e1s de 200 luminarias, cabezales m\u00f3viles y fijos que estar\u00e1n coordinados con el sistema de video con se\u00f1al SMPTE (Se\u00f1al de sincronizaci\u00f3n entre audio, video e iluminaci\u00f3n).<\/p>\n\n\n\n<p><\/p>\n\n\n\n<figure class=\"wp-block-gallery columns-1 is-cropped wp-block-gallery-1 is-layout-flex wp-block-gallery-is-layout-flex\"><ul class=\"blocks-gallery-grid\"><li class=\"blocks-gallery-item\"><figure><img data-recalc-dims=\"1\" fetchpriority=\"high\" decoding=\"async\" width=\"960\" height=\"640\" src=\"https:\/\/i0.wp.com\/elregionalvm.com.ar\/noticias-villa-maria\/wp-content\/uploads\/2022\/02\/WhatsApp-Image-2022-02-05-at-7.39.37-PM.jpeg?resize=960%2C640&#038;ssl=1\" alt=\"\" data-id=\"52185\" data-full-url=\"https:\/\/elregionalvm.com.ar\/noticias-villa-maria\/wp-content\/uploads\/2022\/02\/WhatsApp-Image-2022-02-05-at-7.39.37-PM.jpeg\" data-link=\"https:\/\/elregionalvm.com.ar\/noticias-villa-maria\/?attachment_id=52185\" class=\"wp-image-52185\" srcset=\"https:\/\/i0.wp.com\/elregionalvm.com.ar\/noticias-villa-maria\/wp-content\/uploads\/2022\/02\/WhatsApp-Image-2022-02-05-at-7.39.37-PM.jpeg?w=960&amp;ssl=1 960w, https:\/\/i0.wp.com\/elregionalvm.com.ar\/noticias-villa-maria\/wp-content\/uploads\/2022\/02\/WhatsApp-Image-2022-02-05-at-7.39.37-PM.jpeg?resize=300%2C200&amp;ssl=1 300w, https:\/\/i0.wp.com\/elregionalvm.com.ar\/noticias-villa-maria\/wp-content\/uploads\/2022\/02\/WhatsApp-Image-2022-02-05-at-7.39.37-PM.jpeg?resize=768%2C512&amp;ssl=1 768w\" sizes=\"(max-width: 960px) 100vw, 960px\" \/><\/figure><\/li><\/ul><figcaption class=\"blocks-gallery-caption\"><em>Imagen de archivo<\/em>.<\/figcaption><\/figure>\n\n\n\n<p><\/p>\n\n\n\n<p>El sonido tendr\u00e1 cuatro consolas digitales para un desarrollo integral en la puesta de cada artista, anexando nuevas posiciones a trav\u00e9s del sistema center, para alcanzar una cobertura m\u00e1s pareja en todos los puntos del Anfiteatro. <\/p>\n\n\n\n<p>Adem\u00e1s, el control de video estar\u00e1 conformado por un sistema escalable y matriz con m\u00faltiples entradas y salidas.<\/p>\n","protected":false},"excerpt":{"rendered":"<p>Este lunes comenzar\u00e1 el armado de la parte t\u00e9cnica del Festival internacional de Pe\u00f1as. La edici\u00f3n N\u00ba54 del Festival de Festivales dispondr\u00e1 290 metros cuadrados de pantallas LED divididas en 15 m\u00f3dulos y se desarrollar\u00e1n escenarios virtuales sobre las pantallas, desplegando contextos din\u00e1micos de ambientaci\u00f3n y art\u00edstica durante cada noche. El evento contar\u00e1 con m\u00e1s [&hellip;]<\/p>\n","protected":false},"author":4,"featured_media":47845,"comment_status":"open","ping_status":"open","sticky":false,"template":"","format":"standard","meta":{"site-sidebar-layout":"default","site-content-layout":"default","ast-site-content-layout":"default","site-content-style":"default","site-sidebar-style":"default","ast-global-header-display":"","ast-banner-title-visibility":"","ast-main-header-display":"","ast-hfb-above-header-display":"","ast-hfb-below-header-display":"","ast-hfb-mobile-header-display":"","site-post-title":"","ast-breadcrumbs-content":"","ast-featured-img":"","footer-sml-layout":"","ast-disable-related-posts":"","theme-transparent-header-meta":"default","adv-header-id-meta":"","stick-header-meta":"","header-above-stick-meta":"","header-main-stick-meta":"","header-below-stick-meta":"","astra-migrate-meta-layouts":"default","ast-page-background-enabled":"default","ast-page-background-meta":{"desktop":{"background-color":"","background-image":"","background-repeat":"repeat","background-position":"center center","background-size":"auto","background-attachment":"scroll","background-type":"","background-media":"","overlay-type":"","overlay-color":"","overlay-opacity":"","overlay-gradient":""},"tablet":{"background-color":"","background-image":"","background-repeat":"repeat","background-position":"center center","background-size":"auto","background-attachment":"scroll","background-type":"","background-media":"","overlay-type":"","overlay-color":"","overlay-opacity":"","overlay-gradient":""},"mobile":{"background-color":"","background-image":"","background-repeat":"repeat","background-position":"center center","background-size":"auto","background-attachment":"scroll","background-type":"","background-media":"","overlay-type":"","overlay-color":"","overlay-opacity":"","overlay-gradient":""}},"ast-content-background-meta":{"desktop":{"background-color":"var(--ast-global-color-5)","background-image":"","background-repeat":"repeat","background-position":"center center","background-size":"auto","background-attachment":"scroll","background-type":"","background-media":"","overlay-type":"","overlay-color":"","overlay-opacity":"","overlay-gradient":""},"tablet":{"background-color":"var(--ast-global-color-5)","background-image":"","background-repeat":"repeat","background-position":"center center","background-size":"auto","background-attachment":"scroll","background-type":"","background-media":"","overlay-type":"","overlay-color":"","overlay-opacity":"","overlay-gradient":""},"mobile":{"background-color":"var(--ast-global-color-5)","background-image":"","background-repeat":"repeat","background-position":"center center","background-size":"auto","background-attachment":"scroll","background-type":"","background-media":"","overlay-type":"","overlay-color":"","overlay-opacity":"","overlay-gradient":""}},"_jetpack_memberships_contains_paid_content":false,"_joinchat":[],"footnotes":""},"categories":[13130,2],"tags":[13389,12272,1232,13534,1239,13533,13535],"class_list":["post-52184","post","type-post","status-publish","format-standard","has-post-thumbnail","hentry","category-festival","category-villa-maria","tag-armado","tag-consola","tag-destacado","tag-escenario","tag-festival-de-penas","tag-luces","tag-sonido"],"yoast_head":"<!-- This site is optimized with the Yoast SEO plugin v26.8 - https:\/\/yoast.com\/product\/yoast-seo-wordpress\/ -->\n<title>[Festival de Pe\u00f1as] Pantallas, luces y sonido: El lunes comienza el armado - El Regional<\/title>\n<meta name=\"description\" content=\"Este lunes comenzar\u00e1 el armado de la parte t\u00e9cnica del Festival internacional de Pe\u00f1as. Luces, pantallas y sonido se pondr\u00e1n a punto.\" \/>\n<meta name=\"robots\" content=\"index, follow, max-snippet:-1, max-image-preview:large, max-video-preview:-1\" \/>\n<link rel=\"canonical\" href=\"http:\/\/elregionalvm.com.ar\/noticias-villa-maria\/festival-de-penas-pantallas-luces-y-sonido-el-lunes-comienza-el-armado\/\" \/>\n<meta property=\"og:locale\" content=\"es_ES\" \/>\n<meta property=\"og:type\" content=\"article\" \/>\n<meta property=\"og:title\" content=\"[Festival de Pe\u00f1as] Pantallas, luces y sonido: El lunes comienza el armado - El Regional\" \/>\n<meta property=\"og:description\" content=\"Este lunes comenzar\u00e1 el armado de la parte t\u00e9cnica del Festival internacional de Pe\u00f1as. Luces, pantallas y sonido se pondr\u00e1n a punto.\" \/>\n<meta property=\"og:url\" content=\"http:\/\/elregionalvm.com.ar\/noticias-villa-maria\/festival-de-penas-pantallas-luces-y-sonido-el-lunes-comienza-el-armado\/\" \/>\n<meta property=\"og:site_name\" content=\"El Regional\" \/>\n<meta property=\"article:publisher\" content=\"https:\/\/www.facebook.com\/elregionalvm\" \/>\n<meta property=\"article:published_time\" content=\"2022-02-05T22:47:19+00:00\" \/>\n<meta property=\"article:modified_time\" content=\"2022-02-05T22:47:48+00:00\" \/>\n<meta property=\"og:image\" content=\"http:\/\/elregionalvm.com.ar\/noticias-villa-maria\/wp-content\/uploads\/2021\/11\/festival-vm-2-1.jpg\" \/>\n\t<meta property=\"og:image:width\" content=\"299\" \/>\n\t<meta property=\"og:image:height\" content=\"168\" \/>\n\t<meta property=\"og:image:type\" content=\"image\/jpeg\" \/>\n<meta name=\"author\" content=\"Contenidos El Regional\" \/>\n<meta name=\"twitter:card\" content=\"summary_large_image\" \/>\n<meta name=\"twitter:creator\" content=\"@elregionalvm1\" \/>\n<meta name=\"twitter:site\" content=\"@elregionalvm1\" \/>\n<meta name=\"twitter:label1\" content=\"Escrito por\" \/>\n\t<meta name=\"twitter:data1\" content=\"Contenidos El Regional\" \/>\n\t<meta name=\"twitter:label2\" content=\"Tiempo de lectura\" \/>\n\t<meta name=\"twitter:data2\" content=\"1 minuto\" \/>\n<script type=\"application\/ld+json\" class=\"yoast-schema-graph\">{\"@context\":\"https:\/\/schema.org\",\"@graph\":[{\"@type\":\"Article\",\"@id\":\"http:\/\/elregionalvm.com.ar\/noticias-villa-maria\/festival-de-penas-pantallas-luces-y-sonido-el-lunes-comienza-el-armado\/#article\",\"isPartOf\":{\"@id\":\"http:\/\/elregionalvm.com.ar\/noticias-villa-maria\/festival-de-penas-pantallas-luces-y-sonido-el-lunes-comienza-el-armado\/\"},\"author\":{\"name\":\"Contenidos El Regional\",\"@id\":\"http:\/\/elregionalvm.com.ar\/noticias-villa-maria\/#\/schema\/person\/a0fb9c422317faca23d50163151bc354\"},\"headline\":\"[Festival de Pe\u00f1as] Pantallas, luces y sonido: El lunes comienza el armado\",\"datePublished\":\"2022-02-05T22:47:19+00:00\",\"dateModified\":\"2022-02-05T22:47:48+00:00\",\"mainEntityOfPage\":{\"@id\":\"http:\/\/elregionalvm.com.ar\/noticias-villa-maria\/festival-de-penas-pantallas-luces-y-sonido-el-lunes-comienza-el-armado\/\"},\"wordCount\":167,\"commentCount\":0,\"image\":{\"@id\":\"http:\/\/elregionalvm.com.ar\/noticias-villa-maria\/festival-de-penas-pantallas-luces-y-sonido-el-lunes-comienza-el-armado\/#primaryimage\"},\"thumbnailUrl\":\"https:\/\/i0.wp.com\/elregionalvm.com.ar\/noticias-villa-maria\/wp-content\/uploads\/2021\/11\/festival-vm-2-1.jpg?fit=299%2C168&ssl=1\",\"keywords\":[\"armado\",\"consola\",\"destacado\",\"escenario\",\"Festival de pe\u00f1as\",\"luces\",\"sonido\"],\"articleSection\":[\"Festival de Pe\u00f1as\",\"Villa Mar\u00eda\"],\"inLanguage\":\"es\",\"potentialAction\":[{\"@type\":\"CommentAction\",\"name\":\"Comment\",\"target\":[\"http:\/\/elregionalvm.com.ar\/noticias-villa-maria\/festival-de-penas-pantallas-luces-y-sonido-el-lunes-comienza-el-armado\/#respond\"]}]},{\"@type\":\"WebPage\",\"@id\":\"http:\/\/elregionalvm.com.ar\/noticias-villa-maria\/festival-de-penas-pantallas-luces-y-sonido-el-lunes-comienza-el-armado\/\",\"url\":\"http:\/\/elregionalvm.com.ar\/noticias-villa-maria\/festival-de-penas-pantallas-luces-y-sonido-el-lunes-comienza-el-armado\/\",\"name\":\"[Festival de Pe\u00f1as] Pantallas, luces y sonido: El lunes comienza el armado - El Regional\",\"isPartOf\":{\"@id\":\"http:\/\/elregionalvm.com.ar\/noticias-villa-maria\/#website\"},\"primaryImageOfPage\":{\"@id\":\"http:\/\/elregionalvm.com.ar\/noticias-villa-maria\/festival-de-penas-pantallas-luces-y-sonido-el-lunes-comienza-el-armado\/#primaryimage\"},\"image\":{\"@id\":\"http:\/\/elregionalvm.com.ar\/noticias-villa-maria\/festival-de-penas-pantallas-luces-y-sonido-el-lunes-comienza-el-armado\/#primaryimage\"},\"thumbnailUrl\":\"https:\/\/i0.wp.com\/elregionalvm.com.ar\/noticias-villa-maria\/wp-content\/uploads\/2021\/11\/festival-vm-2-1.jpg?fit=299%2C168&ssl=1\",\"datePublished\":\"2022-02-05T22:47:19+00:00\",\"dateModified\":\"2022-02-05T22:47:48+00:00\",\"author\":{\"@id\":\"http:\/\/elregionalvm.com.ar\/noticias-villa-maria\/#\/schema\/person\/a0fb9c422317faca23d50163151bc354\"},\"description\":\"Este lunes comenzar\u00e1 el armado de la parte t\u00e9cnica del Festival internacional de Pe\u00f1as. Luces, pantallas y sonido se pondr\u00e1n a punto.\",\"breadcrumb\":{\"@id\":\"http:\/\/elregionalvm.com.ar\/noticias-villa-maria\/festival-de-penas-pantallas-luces-y-sonido-el-lunes-comienza-el-armado\/#breadcrumb\"},\"inLanguage\":\"es\",\"potentialAction\":[{\"@type\":\"ReadAction\",\"target\":[\"http:\/\/elregionalvm.com.ar\/noticias-villa-maria\/festival-de-penas-pantallas-luces-y-sonido-el-lunes-comienza-el-armado\/\"]}]},{\"@type\":\"ImageObject\",\"inLanguage\":\"es\",\"@id\":\"http:\/\/elregionalvm.com.ar\/noticias-villa-maria\/festival-de-penas-pantallas-luces-y-sonido-el-lunes-comienza-el-armado\/#primaryimage\",\"url\":\"https:\/\/i0.wp.com\/elregionalvm.com.ar\/noticias-villa-maria\/wp-content\/uploads\/2021\/11\/festival-vm-2-1.jpg?fit=299%2C168&ssl=1\",\"contentUrl\":\"https:\/\/i0.wp.com\/elregionalvm.com.ar\/noticias-villa-maria\/wp-content\/uploads\/2021\/11\/festival-vm-2-1.jpg?fit=299%2C168&ssl=1\",\"width\":299,\"height\":168},{\"@type\":\"BreadcrumbList\",\"@id\":\"http:\/\/elregionalvm.com.ar\/noticias-villa-maria\/festival-de-penas-pantallas-luces-y-sonido-el-lunes-comienza-el-armado\/#breadcrumb\",\"itemListElement\":[{\"@type\":\"ListItem\",\"position\":1,\"name\":\"Portada\",\"item\":\"https:\/\/elregionalvm.com.ar\/noticias-villa-maria\/\"},{\"@type\":\"ListItem\",\"position\":2,\"name\":\"[Festival de Pe\u00f1as] Pantallas, luces y sonido: El lunes comienza el armado\"}]},{\"@type\":\"WebSite\",\"@id\":\"http:\/\/elregionalvm.com.ar\/noticias-villa-maria\/#website\",\"url\":\"http:\/\/elregionalvm.com.ar\/noticias-villa-maria\/\",\"name\":\"El Regional\",\"description\":\"Mucho m\u00e1s que informaci\u00f3n\",\"potentialAction\":[{\"@type\":\"SearchAction\",\"target\":{\"@type\":\"EntryPoint\",\"urlTemplate\":\"http:\/\/elregionalvm.com.ar\/noticias-villa-maria\/?s={search_term_string}\"},\"query-input\":{\"@type\":\"PropertyValueSpecification\",\"valueRequired\":true,\"valueName\":\"search_term_string\"}}],\"inLanguage\":\"es\"},{\"@type\":\"Person\",\"@id\":\"http:\/\/elregionalvm.com.ar\/noticias-villa-maria\/#\/schema\/person\/a0fb9c422317faca23d50163151bc354\",\"name\":\"Contenidos El Regional\",\"image\":{\"@type\":\"ImageObject\",\"inLanguage\":\"es\",\"@id\":\"http:\/\/elregionalvm.com.ar\/noticias-villa-maria\/#\/schema\/person\/image\/\",\"url\":\"https:\/\/secure.gravatar.com\/avatar\/265b27cb2209af7bb3a1318f03305787d7981a5cc6e6cd08fe5a4ecdf99d4b48?s=96&d=mm&r=g\",\"contentUrl\":\"https:\/\/secure.gravatar.com\/avatar\/265b27cb2209af7bb3a1318f03305787d7981a5cc6e6cd08fe5a4ecdf99d4b48?s=96&d=mm&r=g\",\"caption\":\"Contenidos El Regional\"},\"url\":\"https:\/\/elregionalvm.com.ar\/noticias-villa-maria\/author\/contenido\/\"}]}<\/script>\n<!-- \/ Yoast SEO plugin. -->","yoast_head_json":{"title":"[Festival de Pe\u00f1as] Pantallas, luces y sonido: El lunes comienza el armado - El Regional","description":"Este lunes comenzar\u00e1 el armado de la parte t\u00e9cnica del Festival internacional de Pe\u00f1as. Luces, pantallas y sonido se pondr\u00e1n a punto.","robots":{"index":"index","follow":"follow","max-snippet":"max-snippet:-1","max-image-preview":"max-image-preview:large","max-video-preview":"max-video-preview:-1"},"canonical":"http:\/\/elregionalvm.com.ar\/noticias-villa-maria\/festival-de-penas-pantallas-luces-y-sonido-el-lunes-comienza-el-armado\/","og_locale":"es_ES","og_type":"article","og_title":"[Festival de Pe\u00f1as] Pantallas, luces y sonido: El lunes comienza el armado - El Regional","og_description":"Este lunes comenzar\u00e1 el armado de la parte t\u00e9cnica del Festival internacional de Pe\u00f1as. Luces, pantallas y sonido se pondr\u00e1n a punto.","og_url":"http:\/\/elregionalvm.com.ar\/noticias-villa-maria\/festival-de-penas-pantallas-luces-y-sonido-el-lunes-comienza-el-armado\/","og_site_name":"El Regional","article_publisher":"https:\/\/www.facebook.com\/elregionalvm","article_published_time":"2022-02-05T22:47:19+00:00","article_modified_time":"2022-02-05T22:47:48+00:00","og_image":[{"width":299,"height":168,"url":"http:\/\/elregionalvm.com.ar\/noticias-villa-maria\/wp-content\/uploads\/2021\/11\/festival-vm-2-1.jpg","type":"image\/jpeg"}],"author":"Contenidos El Regional","twitter_card":"summary_large_image","twitter_creator":"@elregionalvm1","twitter_site":"@elregionalvm1","twitter_misc":{"Escrito por":"Contenidos El Regional","Tiempo de lectura":"1 minuto"},"schema":{"@context":"https:\/\/schema.org","@graph":[{"@type":"Article","@id":"http:\/\/elregionalvm.com.ar\/noticias-villa-maria\/festival-de-penas-pantallas-luces-y-sonido-el-lunes-comienza-el-armado\/#article","isPartOf":{"@id":"http:\/\/elregionalvm.com.ar\/noticias-villa-maria\/festival-de-penas-pantallas-luces-y-sonido-el-lunes-comienza-el-armado\/"},"author":{"name":"Contenidos El Regional","@id":"http:\/\/elregionalvm.com.ar\/noticias-villa-maria\/#\/schema\/person\/a0fb9c422317faca23d50163151bc354"},"headline":"[Festival de Pe\u00f1as] Pantallas, luces y sonido: El lunes comienza el armado","datePublished":"2022-02-05T22:47:19+00:00","dateModified":"2022-02-05T22:47:48+00:00","mainEntityOfPage":{"@id":"http:\/\/elregionalvm.com.ar\/noticias-villa-maria\/festival-de-penas-pantallas-luces-y-sonido-el-lunes-comienza-el-armado\/"},"wordCount":167,"commentCount":0,"image":{"@id":"http:\/\/elregionalvm.com.ar\/noticias-villa-maria\/festival-de-penas-pantallas-luces-y-sonido-el-lunes-comienza-el-armado\/#primaryimage"},"thumbnailUrl":"https:\/\/i0.wp.com\/elregionalvm.com.ar\/noticias-villa-maria\/wp-content\/uploads\/2021\/11\/festival-vm-2-1.jpg?fit=299%2C168&ssl=1","keywords":["armado","consola","destacado","escenario","Festival de pe\u00f1as","luces","sonido"],"articleSection":["Festival de Pe\u00f1as","Villa Mar\u00eda"],"inLanguage":"es","potentialAction":[{"@type":"CommentAction","name":"Comment","target":["http:\/\/elregionalvm.com.ar\/noticias-villa-maria\/festival-de-penas-pantallas-luces-y-sonido-el-lunes-comienza-el-armado\/#respond"]}]},{"@type":"WebPage","@id":"http:\/\/elregionalvm.com.ar\/noticias-villa-maria\/festival-de-penas-pantallas-luces-y-sonido-el-lunes-comienza-el-armado\/","url":"http:\/\/elregionalvm.com.ar\/noticias-villa-maria\/festival-de-penas-pantallas-luces-y-sonido-el-lunes-comienza-el-armado\/","name":"[Festival de Pe\u00f1as] Pantallas, luces y sonido: El lunes comienza el armado - El Regional","isPartOf":{"@id":"http:\/\/elregionalvm.com.ar\/noticias-villa-maria\/#website"},"primaryImageOfPage":{"@id":"http:\/\/elregionalvm.com.ar\/noticias-villa-maria\/festival-de-penas-pantallas-luces-y-sonido-el-lunes-comienza-el-armado\/#primaryimage"},"image":{"@id":"http:\/\/elregionalvm.com.ar\/noticias-villa-maria\/festival-de-penas-pantallas-luces-y-sonido-el-lunes-comienza-el-armado\/#primaryimage"},"thumbnailUrl":"https:\/\/i0.wp.com\/elregionalvm.com.ar\/noticias-villa-maria\/wp-content\/uploads\/2021\/11\/festival-vm-2-1.jpg?fit=299%2C168&ssl=1","datePublished":"2022-02-05T22:47:19+00:00","dateModified":"2022-02-05T22:47:48+00:00","author":{"@id":"http:\/\/elregionalvm.com.ar\/noticias-villa-maria\/#\/schema\/person\/a0fb9c422317faca23d50163151bc354"},"description":"Este lunes comenzar\u00e1 el armado de la parte t\u00e9cnica del Festival internacional de Pe\u00f1as. Luces, pantallas y sonido se pondr\u00e1n a punto.","breadcrumb":{"@id":"http:\/\/elregionalvm.com.ar\/noticias-villa-maria\/festival-de-penas-pantallas-luces-y-sonido-el-lunes-comienza-el-armado\/#breadcrumb"},"inLanguage":"es","potentialAction":[{"@type":"ReadAction","target":["http:\/\/elregionalvm.com.ar\/noticias-villa-maria\/festival-de-penas-pantallas-luces-y-sonido-el-lunes-comienza-el-armado\/"]}]},{"@type":"ImageObject","inLanguage":"es","@id":"http:\/\/elregionalvm.com.ar\/noticias-villa-maria\/festival-de-penas-pantallas-luces-y-sonido-el-lunes-comienza-el-armado\/#primaryimage","url":"https:\/\/i0.wp.com\/elregionalvm.com.ar\/noticias-villa-maria\/wp-content\/uploads\/2021\/11\/festival-vm-2-1.jpg?fit=299%2C168&ssl=1","contentUrl":"https:\/\/i0.wp.com\/elregionalvm.com.ar\/noticias-villa-maria\/wp-content\/uploads\/2021\/11\/festival-vm-2-1.jpg?fit=299%2C168&ssl=1","width":299,"height":168},{"@type":"BreadcrumbList","@id":"http:\/\/elregionalvm.com.ar\/noticias-villa-maria\/festival-de-penas-pantallas-luces-y-sonido-el-lunes-comienza-el-armado\/#breadcrumb","itemListElement":[{"@type":"ListItem","position":1,"name":"Portada","item":"https:\/\/elregionalvm.com.ar\/noticias-villa-maria\/"},{"@type":"ListItem","position":2,"name":"[Festival de Pe\u00f1as] Pantallas, luces y sonido: El lunes comienza el armado"}]},{"@type":"WebSite","@id":"http:\/\/elregionalvm.com.ar\/noticias-villa-maria\/#website","url":"http:\/\/elregionalvm.com.ar\/noticias-villa-maria\/","name":"El Regional","description":"Mucho m\u00e1s que informaci\u00f3n","potentialAction":[{"@type":"SearchAction","target":{"@type":"EntryPoint","urlTemplate":"http:\/\/elregionalvm.com.ar\/noticias-villa-maria\/?s={search_term_string}"},"query-input":{"@type":"PropertyValueSpecification","valueRequired":true,"valueName":"search_term_string"}}],"inLanguage":"es"},{"@type":"Person","@id":"http:\/\/elregionalvm.com.ar\/noticias-villa-maria\/#\/schema\/person\/a0fb9c422317faca23d50163151bc354","name":"Contenidos El Regional","image":{"@type":"ImageObject","inLanguage":"es","@id":"http:\/\/elregionalvm.com.ar\/noticias-villa-maria\/#\/schema\/person\/image\/","url":"https:\/\/secure.gravatar.com\/avatar\/265b27cb2209af7bb3a1318f03305787d7981a5cc6e6cd08fe5a4ecdf99d4b48?s=96&d=mm&r=g","contentUrl":"https:\/\/secure.gravatar.com\/avatar\/265b27cb2209af7bb3a1318f03305787d7981a5cc6e6cd08fe5a4ecdf99d4b48?s=96&d=mm&r=g","caption":"Contenidos El Regional"},"url":"https:\/\/elregionalvm.com.ar\/noticias-villa-maria\/author\/contenido\/"}]}},"jetpack_featured_media_url":"https:\/\/i0.wp.com\/elregionalvm.com.ar\/noticias-villa-maria\/wp-content\/uploads\/2021\/11\/festival-vm-2-1.jpg?fit=299%2C168&ssl=1","jetpack_sharing_enabled":true,"_links":{"self":[{"href":"https:\/\/elregionalvm.com.ar\/noticias-villa-maria\/wp-json\/wp\/v2\/posts\/52184","targetHints":{"allow":["GET"]}}],"collection":[{"href":"https:\/\/elregionalvm.com.ar\/noticias-villa-maria\/wp-json\/wp\/v2\/posts"}],"about":[{"href":"https:\/\/elregionalvm.com.ar\/noticias-villa-maria\/wp-json\/wp\/v2\/types\/post"}],"author":[{"embeddable":true,"href":"https:\/\/elregionalvm.com.ar\/noticias-villa-maria\/wp-json\/wp\/v2\/users\/4"}],"replies":[{"embeddable":true,"href":"https:\/\/elregionalvm.com.ar\/noticias-villa-maria\/wp-json\/wp\/v2\/comments?post=52184"}],"version-history":[{"count":1,"href":"https:\/\/elregionalvm.com.ar\/noticias-villa-maria\/wp-json\/wp\/v2\/posts\/52184\/revisions"}],"predecessor-version":[{"id":52186,"href":"https:\/\/elregionalvm.com.ar\/noticias-villa-maria\/wp-json\/wp\/v2\/posts\/52184\/revisions\/52186"}],"wp:featuredmedia":[{"embeddable":true,"href":"https:\/\/elregionalvm.com.ar\/noticias-villa-maria\/wp-json\/wp\/v2\/media\/47845"}],"wp:attachment":[{"href":"https:\/\/elregionalvm.com.ar\/noticias-villa-maria\/wp-json\/wp\/v2\/media?parent=52184"}],"wp:term":[{"taxonomy":"category","embeddable":true,"href":"https:\/\/elregionalvm.com.ar\/noticias-villa-maria\/wp-json\/wp\/v2\/categories?post=52184"},{"taxonomy":"post_tag","embeddable":true,"href":"https:\/\/elregionalvm.com.ar\/noticias-villa-maria\/wp-json\/wp\/v2\/tags?post=52184"}],"curies":[{"name":"wp","href":"https:\/\/api.w.org\/{rel}","templated":true}]}}