{"id":52218,"date":"2022-02-07T02:17:14","date_gmt":"2022-02-07T02:17:14","guid":{"rendered":"https:\/\/elregionalvm.com.ar\/noticias-villa-maria\/?p=52218"},"modified":"2022-02-08T01:42:14","modified_gmt":"2022-02-08T01:42:14","slug":"opinion-la-nacion-no-debe-tener-a-cargo-los-servicios-publicos-del-amba","status":"publish","type":"post","link":"https:\/\/elregionalvm.com.ar\/noticias-villa-maria\/opinion-la-nacion-no-debe-tener-a-cargo-los-servicios-publicos-del-amba\/","title":{"rendered":"[Opini\u00f3n] La Naci\u00f3n no debe tener a cargo los servicios p\u00fablicos del AMBA"},"content":{"rendered":"\n<p><\/p>\n\n\n\n<p><strong>El d\u00e9ficit fiscal es altamente sensible a los subsidios econ\u00f3micos. Por esta raz\u00f3n, es dif\u00edcil cumplir con la senda acordada con el FMI sin revisarlos. Esto no s\u00f3lo demanda establecer un nuevo r\u00e9gimen tarifario sino tambi\u00e9n ordenar la forma en que se organizan los servicios del Estado.&nbsp;<\/strong><\/p>\n\n\n\n<p><\/p>\n\n\n\n<p><strong>Informe: Idesa<\/strong><\/p>\n\n\n\n<p>Los subsidios que financia el Estado nacional responden a dos tipolog\u00edas. Los subsidios sociales buscan paliar la pobreza.<\/p>\n\n\n\n<p>Se destacan la Asignaci\u00f3n Universal por Hijo (AUH) que paga la ANSES y los planes asistenciales del Ministerio de Desarrollo Social donde se destacan la Tarjeta Alimentaria y el plan \u201cPotenciar Trabajo\u201d, entre otros.<\/p>\n\n\n\n<p>Los subsidios econ\u00f3micos tienen por principal finalidad reducir el costo de los servicios p\u00fablicos (electricidad, gas, transporte p\u00fablico) y sostener empresas p\u00fablicas y algunas privadas.<\/p>\n\n\n\n<p>Mientras los subsidios sociales no entran en la agenda de las negociaciones con el FMI, los subsidios econ\u00f3micos est\u00e1n en el centro de la discusi\u00f3n.<\/p>\n\n\n\n<p>El 70% de los subsidios econ\u00f3micos corresponden a las tarifas de electricidad y gas, y otro 20% a subsidiar el transporte p\u00fablico. Por esto, la baja de los subsidios econ\u00f3micos implica la suba en las tarifas de electricidad, gas y transporte p\u00fablico. Esta es la principal raz\u00f3n de por qu\u00e9 el gobierno elude hablar sobre el tema, cuando el FMI insiste en hablar sobre \u00e9l.<\/p>\n\n\n\n<p><\/p>\n\n\n\n<p><\/p>\n\n\n\n<figure class=\"wp-block-image size-large\"><img data-recalc-dims=\"1\" fetchpriority=\"high\" decoding=\"async\" width=\"1024\" height=\"576\" src=\"https:\/\/i0.wp.com\/elregionalvm.com.ar\/noticias-villa-maria\/wp-content\/uploads\/2022\/02\/Boleta-factura-AMBA-luz.jpg?resize=1024%2C576&#038;ssl=1\" alt=\"\" class=\"wp-image-52222\" srcset=\"https:\/\/i0.wp.com\/elregionalvm.com.ar\/noticias-villa-maria\/wp-content\/uploads\/2022\/02\/Boleta-factura-AMBA-luz.jpg?resize=1024%2C576&amp;ssl=1 1024w, https:\/\/i0.wp.com\/elregionalvm.com.ar\/noticias-villa-maria\/wp-content\/uploads\/2022\/02\/Boleta-factura-AMBA-luz.jpg?resize=300%2C169&amp;ssl=1 300w, https:\/\/i0.wp.com\/elregionalvm.com.ar\/noticias-villa-maria\/wp-content\/uploads\/2022\/02\/Boleta-factura-AMBA-luz.jpg?resize=768%2C432&amp;ssl=1 768w, https:\/\/i0.wp.com\/elregionalvm.com.ar\/noticias-villa-maria\/wp-content\/uploads\/2022\/02\/Boleta-factura-AMBA-luz.jpg?w=1200&amp;ssl=1 1200w\" sizes=\"(max-width: 1000px) 100vw, 1000px\" \/><\/figure>\n\n\n\n<p><\/p>\n\n\n\n<p><strong>D\u00e9ficit y subsidios<\/strong><\/p>\n\n\n\n<p>En este marco cabe preguntarse cu\u00e1n pertinente es la insistencia del FMI sobre los subsidios econ\u00f3micos. Para ello sirve analizar los datos del Ministerio de Econom\u00eda sobre la ejecuci\u00f3n del presupuesto. Seg\u00fan esta fuente se observa que:<\/p>\n\n\n\n<ul class=\"wp-block-list\"><li>En el 2015 el d\u00e9ficit fiscal era de 3,8% del PBI y los subsidios econ\u00f3micos del 4,2% del PBI.<\/li><\/ul>\n\n\n\n<ul class=\"wp-block-list\"><li>En el 2019 el d\u00e9ficit baj\u00f3 a 0,4% del PBI y los subsidios econ\u00f3micos al 1,6% del PBI.<\/li><\/ul>\n\n\n\n<ul class=\"wp-block-list\"><li>En el 2021 el d\u00e9ficit fiscal vuelve a subir a 3,0% del PBI mientras que los subsidios econ\u00f3micos lo hicieron al 3,4% del PBI.<\/li><\/ul>\n\n\n\n<p>Estos datos muestran que hay una alta correlaci\u00f3n entre el d\u00e9ficit fiscal y los subsidios econ\u00f3micos. Si bien el desequilibrio fiscal se explica por una multiplicidad de factores vinculados al desorden del Estado, los subsidios econ\u00f3micos son los que m\u00e1s r\u00e1pido impactan.<\/p>\n\n\n\n<p><\/p>\n\n\n\n<figure class=\"wp-block-image size-full\"><img data-recalc-dims=\"1\" decoding=\"async\" width=\"865\" height=\"299\" src=\"https:\/\/i0.wp.com\/elregionalvm.com.ar\/noticias-villa-maria\/wp-content\/uploads\/2022\/02\/sss-1.jpg?resize=865%2C299&#038;ssl=1\" alt=\"\" class=\"wp-image-52220\" srcset=\"https:\/\/i0.wp.com\/elregionalvm.com.ar\/noticias-villa-maria\/wp-content\/uploads\/2022\/02\/sss-1.jpg?w=865&amp;ssl=1 865w, https:\/\/i0.wp.com\/elregionalvm.com.ar\/noticias-villa-maria\/wp-content\/uploads\/2022\/02\/sss-1.jpg?resize=300%2C104&amp;ssl=1 300w, https:\/\/i0.wp.com\/elregionalvm.com.ar\/noticias-villa-maria\/wp-content\/uploads\/2022\/02\/sss-1.jpg?resize=768%2C265&amp;ssl=1 768w\" sizes=\"(max-width: 865px) 100vw, 865px\" \/><\/figure>\n\n\n\n<p><\/p>\n\n\n\n<p>Dado que la senda de reducci\u00f3n del d\u00e9ficit acordada con el FMI es bastante corta (terminar con la emisi\u00f3n monetaria en el 2024 y eliminar el d\u00e9ficit primario en el 2025), parece imposible lograrla sin abordar la reducci\u00f3n de los subsidios econ\u00f3micos.<\/p>\n\n\n\n<p>Para ello hay que revisar las tarifas de los servicios p\u00fablicos, pero adem\u00e1s corregir el desorden bajo el que operan los servicios p\u00fablicos de electricidad y transporte.<\/p>\n\n\n\n<p><strong>El AMBA<\/strong><\/p>\n\n\n\n<p>En el caso de la electricidad, la generaci\u00f3n y el transporte son competencias de la Naci\u00f3n, mientras que la distribuci\u00f3n al usuario final es competencia de las provincias. Bajo la misma l\u00f3gica el transporte urbano es competencia provincial y municipal.<\/p>\n\n\n\n<p>Sin embargo, en el caso particular del AMBA, la distribuci\u00f3n de la electricidad y el transporte urbano todav\u00eda siguen a cargo del Estado nacional. Esto es porque no se trasladaron estas funciones a la Ciudad Aut\u00f3noma de Buenos Aires (CABA) cuando se cre\u00f3 en 1996.<\/p>\n\n\n\n<p>Por esta raz\u00f3n, el Estado nacional termina financiando, con fondos federales, subsidios a los servicios p\u00fablicos que deber\u00edan ser financiados por la CABA y la provincia de Buenos Aires en el Conurbano.<\/p>\n\n\n\n<p>Un avance ordenador clave es trasladar estas competencias a estas dos jurisdicciones y ellas decidir si mantienen los subsidios y, de hacerlo, financiarlos con sus propios recursos.<\/p>\n\n\n\n<p><strong>Las tarifas<\/strong><\/p>\n\n\n\n<p>Con relaci\u00f3n a las tarifas, el principio general es fijarlas en un nivel que alcance para cubrir los costos de producir los servicios. Para contemplar la situaci\u00f3n de las familias de menores ingresos hay que aplicar un esquema de tarifa social, es decir, el Estado se hace cargo de parte de la tarifa (en la medida que sea un consumo razonable).<\/p>\n\n\n\n<p>Para el caso del transporte urbano se puede subsidiar de manera universal para desincentivar el uso del auto que es ecol\u00f3gicamente m\u00e1s da\u00f1ino, pero debe hacerse por boleto vendido y no de manera discrecional a las empresas, como es actualmente.<\/p>\n\n\n\n<p>Esta es la forma de contar con servicios p\u00fablicos sustentables (sin cortes), sin derroches y con equidad.<\/p>\n\n\n\n<p>Que el FMI ponga atenci\u00f3n en los subsidios econ\u00f3micos es l\u00f3gico por la importancia que tienen en el d\u00e9ficit fiscal y la emisi\u00f3n. Pero es un error limitarse a cumplir con una meta fiscal sin avanzar en un ordenamiento integral del Estado.<\/p>\n\n\n\n<p>El punto de partida de este ordenamiento es que la Naci\u00f3n deje de administrar y subsidiar los servicios del AMBA eliminando los irritantes privilegios respecto al resto del pa\u00eds.<\/p>\n","protected":false},"excerpt":{"rendered":"<p>El d\u00e9ficit fiscal es altamente sensible a los subsidios econ\u00f3micos. Por esta raz\u00f3n, es dif\u00edcil cumplir con la senda acordada con el FMI sin revisarlos. Esto no s\u00f3lo demanda establecer un nuevo r\u00e9gimen tarifario sino tambi\u00e9n ordenar la forma en que se organizan los servicios del Estado.&nbsp; Informe: Idesa Los subsidios que financia el Estado [&hellip;]<\/p>\n","protected":false},"author":4,"featured_media":52224,"comment_status":"open","ping_status":"open","sticky":false,"template":"","format":"standard","meta":{"site-sidebar-layout":"default","site-content-layout":"default","ast-site-content-layout":"default","site-content-style":"default","site-sidebar-style":"default","ast-global-header-display":"","ast-banner-title-visibility":"","ast-main-header-display":"","ast-hfb-above-header-display":"","ast-hfb-below-header-display":"","ast-hfb-mobile-header-display":"","site-post-title":"","ast-breadcrumbs-content":"","ast-featured-img":"","footer-sml-layout":"","ast-disable-related-posts":"","theme-transparent-header-meta":"default","adv-header-id-meta":"","stick-header-meta":"","header-above-stick-meta":"","header-main-stick-meta":"","header-below-stick-meta":"","astra-migrate-meta-layouts":"default","ast-page-background-enabled":"default","ast-page-background-meta":{"desktop":{"background-color":"","background-image":"","background-repeat":"repeat","background-position":"center center","background-size":"auto","background-attachment":"scroll","background-type":"","background-media":"","overlay-type":"","overlay-color":"","overlay-opacity":"","overlay-gradient":""},"tablet":{"background-color":"","background-image":"","background-repeat":"repeat","background-position":"center center","background-size":"auto","background-attachment":"scroll","background-type":"","background-media":"","overlay-type":"","overlay-color":"","overlay-opacity":"","overlay-gradient":""},"mobile":{"background-color":"","background-image":"","background-repeat":"repeat","background-position":"center center","background-size":"auto","background-attachment":"scroll","background-type":"","background-media":"","overlay-type":"","overlay-color":"","overlay-opacity":"","overlay-gradient":""}},"ast-content-background-meta":{"desktop":{"background-color":"var(--ast-global-color-5)","background-image":"","background-repeat":"repeat","background-position":"center center","background-size":"auto","background-attachment":"scroll","background-type":"","background-media":"","overlay-type":"","overlay-color":"","overlay-opacity":"","overlay-gradient":""},"tablet":{"background-color":"var(--ast-global-color-5)","background-image":"","background-repeat":"repeat","background-position":"center center","background-size":"auto","background-attachment":"scroll","background-type":"","background-media":"","overlay-type":"","overlay-color":"","overlay-opacity":"","overlay-gradient":""},"mobile":{"background-color":"var(--ast-global-color-5)","background-image":"","background-repeat":"repeat","background-position":"center center","background-size":"auto","background-attachment":"scroll","background-type":"","background-media":"","overlay-type":"","overlay-color":"","overlay-opacity":"","overlay-gradient":""}},"_jetpack_memberships_contains_paid_content":false,"_joinchat":[],"footnotes":""},"categories":[365,3557],"tags":[8300,2061,367,465,798,467,1973,3498,1785],"class_list":["post-52218","post","type-post","status-publish","format-standard","has-post-thumbnail","hentry","category-opinion","category-tercera","tag-amba","tag-anses","tag-buenos-aires","tag-deficit-fiscal","tag-estado","tag-fmi","tag-idesa","tag-subsidios","tag-tarifas"],"yoast_head":"<!-- This site is optimized with the Yoast SEO plugin v26.8 - https:\/\/yoast.com\/product\/yoast-seo-wordpress\/ -->\n<title>[Opini\u00f3n] La Naci\u00f3n no debe tener a cargo los servicios p\u00fablicos del AMBA - El Regional<\/title>\n<meta name=\"description\" content=\"El Estado nacional financia con fondos federales subsidios a los servicios p\u00fablicos que deber\u00edan ser financiados por la CABA y la Provincia.\" \/>\n<meta name=\"robots\" content=\"index, follow, max-snippet:-1, max-image-preview:large, max-video-preview:-1\" \/>\n<link rel=\"canonical\" href=\"http:\/\/elregionalvm.com.ar\/noticias-villa-maria\/opinion-la-nacion-no-debe-tener-a-cargo-los-servicios-publicos-del-amba\/\" \/>\n<meta property=\"og:locale\" content=\"es_ES\" \/>\n<meta property=\"og:type\" content=\"article\" \/>\n<meta property=\"og:title\" content=\"[Opini\u00f3n] La Naci\u00f3n no debe tener a cargo los servicios p\u00fablicos del AMBA - El Regional\" \/>\n<meta property=\"og:description\" content=\"El Estado nacional financia con fondos federales subsidios a los servicios p\u00fablicos que deber\u00edan ser financiados por la CABA y la Provincia.\" \/>\n<meta property=\"og:url\" content=\"http:\/\/elregionalvm.com.ar\/noticias-villa-maria\/opinion-la-nacion-no-debe-tener-a-cargo-los-servicios-publicos-del-amba\/\" \/>\n<meta property=\"og:site_name\" content=\"El Regional\" \/>\n<meta property=\"article:publisher\" content=\"https:\/\/www.facebook.com\/elregionalvm\" \/>\n<meta property=\"article:published_time\" content=\"2022-02-07T02:17:14+00:00\" \/>\n<meta property=\"article:modified_time\" content=\"2022-02-08T01:42:14+00:00\" \/>\n<meta property=\"og:image\" content=\"http:\/\/elregionalvm.com.ar\/noticias-villa-maria\/wp-content\/uploads\/2022\/02\/Subsidios-transporte-urbano-AMBA.jpg\" \/>\n\t<meta property=\"og:image:width\" content=\"1200\" \/>\n\t<meta property=\"og:image:height\" content=\"675\" \/>\n\t<meta property=\"og:image:type\" content=\"image\/jpeg\" \/>\n<meta name=\"author\" content=\"Contenidos El Regional\" \/>\n<meta name=\"twitter:card\" content=\"summary_large_image\" \/>\n<meta name=\"twitter:creator\" content=\"@elregionalvm1\" \/>\n<meta name=\"twitter:site\" content=\"@elregionalvm1\" \/>\n<meta name=\"twitter:label1\" content=\"Escrito por\" \/>\n\t<meta name=\"twitter:data1\" content=\"Contenidos El Regional\" \/>\n\t<meta name=\"twitter:label2\" content=\"Tiempo de lectura\" \/>\n\t<meta name=\"twitter:data2\" content=\"4 minutos\" \/>\n<script type=\"application\/ld+json\" class=\"yoast-schema-graph\">{\"@context\":\"https:\/\/schema.org\",\"@graph\":[{\"@type\":\"Article\",\"@id\":\"http:\/\/elregionalvm.com.ar\/noticias-villa-maria\/opinion-la-nacion-no-debe-tener-a-cargo-los-servicios-publicos-del-amba\/#article\",\"isPartOf\":{\"@id\":\"http:\/\/elregionalvm.com.ar\/noticias-villa-maria\/opinion-la-nacion-no-debe-tener-a-cargo-los-servicios-publicos-del-amba\/\"},\"author\":{\"name\":\"Contenidos El Regional\",\"@id\":\"http:\/\/elregionalvm.com.ar\/noticias-villa-maria\/#\/schema\/person\/a0fb9c422317faca23d50163151bc354\"},\"headline\":\"[Opini\u00f3n] La Naci\u00f3n no debe tener a cargo los servicios p\u00fablicos del AMBA\",\"datePublished\":\"2022-02-07T02:17:14+00:00\",\"dateModified\":\"2022-02-08T01:42:14+00:00\",\"mainEntityOfPage\":{\"@id\":\"http:\/\/elregionalvm.com.ar\/noticias-villa-maria\/opinion-la-nacion-no-debe-tener-a-cargo-los-servicios-publicos-del-amba\/\"},\"wordCount\":839,\"commentCount\":0,\"image\":{\"@id\":\"http:\/\/elregionalvm.com.ar\/noticias-villa-maria\/opinion-la-nacion-no-debe-tener-a-cargo-los-servicios-publicos-del-amba\/#primaryimage\"},\"thumbnailUrl\":\"https:\/\/i0.wp.com\/elregionalvm.com.ar\/noticias-villa-maria\/wp-content\/uploads\/2022\/02\/Subsidios-transporte-urbano-AMBA.jpg?fit=1200%2C675&ssl=1\",\"keywords\":[\"AMBA\",\"anses\",\"Buenos Aires\",\"d\u00e9ficit fiscal\",\"Estado\",\"FMI\",\"IDESA\",\"subsidios\",\"tarifas\"],\"articleSection\":[\"Opini\u00f3n\",\"tercera\"],\"inLanguage\":\"es\",\"potentialAction\":[{\"@type\":\"CommentAction\",\"name\":\"Comment\",\"target\":[\"http:\/\/elregionalvm.com.ar\/noticias-villa-maria\/opinion-la-nacion-no-debe-tener-a-cargo-los-servicios-publicos-del-amba\/#respond\"]}]},{\"@type\":\"WebPage\",\"@id\":\"http:\/\/elregionalvm.com.ar\/noticias-villa-maria\/opinion-la-nacion-no-debe-tener-a-cargo-los-servicios-publicos-del-amba\/\",\"url\":\"http:\/\/elregionalvm.com.ar\/noticias-villa-maria\/opinion-la-nacion-no-debe-tener-a-cargo-los-servicios-publicos-del-amba\/\",\"name\":\"[Opini\u00f3n] La Naci\u00f3n no debe tener a cargo los servicios p\u00fablicos del AMBA - El Regional\",\"isPartOf\":{\"@id\":\"http:\/\/elregionalvm.com.ar\/noticias-villa-maria\/#website\"},\"primaryImageOfPage\":{\"@id\":\"http:\/\/elregionalvm.com.ar\/noticias-villa-maria\/opinion-la-nacion-no-debe-tener-a-cargo-los-servicios-publicos-del-amba\/#primaryimage\"},\"image\":{\"@id\":\"http:\/\/elregionalvm.com.ar\/noticias-villa-maria\/opinion-la-nacion-no-debe-tener-a-cargo-los-servicios-publicos-del-amba\/#primaryimage\"},\"thumbnailUrl\":\"https:\/\/i0.wp.com\/elregionalvm.com.ar\/noticias-villa-maria\/wp-content\/uploads\/2022\/02\/Subsidios-transporte-urbano-AMBA.jpg?fit=1200%2C675&ssl=1\",\"datePublished\":\"2022-02-07T02:17:14+00:00\",\"dateModified\":\"2022-02-08T01:42:14+00:00\",\"author\":{\"@id\":\"http:\/\/elregionalvm.com.ar\/noticias-villa-maria\/#\/schema\/person\/a0fb9c422317faca23d50163151bc354\"},\"description\":\"El Estado nacional financia con fondos federales subsidios a los servicios p\u00fablicos que deber\u00edan ser financiados por la CABA y la Provincia.\",\"breadcrumb\":{\"@id\":\"http:\/\/elregionalvm.com.ar\/noticias-villa-maria\/opinion-la-nacion-no-debe-tener-a-cargo-los-servicios-publicos-del-amba\/#breadcrumb\"},\"inLanguage\":\"es\",\"potentialAction\":[{\"@type\":\"ReadAction\",\"target\":[\"http:\/\/elregionalvm.com.ar\/noticias-villa-maria\/opinion-la-nacion-no-debe-tener-a-cargo-los-servicios-publicos-del-amba\/\"]}]},{\"@type\":\"ImageObject\",\"inLanguage\":\"es\",\"@id\":\"http:\/\/elregionalvm.com.ar\/noticias-villa-maria\/opinion-la-nacion-no-debe-tener-a-cargo-los-servicios-publicos-del-amba\/#primaryimage\",\"url\":\"https:\/\/i0.wp.com\/elregionalvm.com.ar\/noticias-villa-maria\/wp-content\/uploads\/2022\/02\/Subsidios-transporte-urbano-AMBA.jpg?fit=1200%2C675&ssl=1\",\"contentUrl\":\"https:\/\/i0.wp.com\/elregionalvm.com.ar\/noticias-villa-maria\/wp-content\/uploads\/2022\/02\/Subsidios-transporte-urbano-AMBA.jpg?fit=1200%2C675&ssl=1\",\"width\":1200,\"height\":675},{\"@type\":\"BreadcrumbList\",\"@id\":\"http:\/\/elregionalvm.com.ar\/noticias-villa-maria\/opinion-la-nacion-no-debe-tener-a-cargo-los-servicios-publicos-del-amba\/#breadcrumb\",\"itemListElement\":[{\"@type\":\"ListItem\",\"position\":1,\"name\":\"Portada\",\"item\":\"https:\/\/elregionalvm.com.ar\/noticias-villa-maria\/\"},{\"@type\":\"ListItem\",\"position\":2,\"name\":\"[Opini\u00f3n] La Naci\u00f3n no debe tener a cargo los servicios p\u00fablicos del AMBA\"}]},{\"@type\":\"WebSite\",\"@id\":\"http:\/\/elregionalvm.com.ar\/noticias-villa-maria\/#website\",\"url\":\"http:\/\/elregionalvm.com.ar\/noticias-villa-maria\/\",\"name\":\"El Regional\",\"description\":\"Mucho m\u00e1s que informaci\u00f3n\",\"potentialAction\":[{\"@type\":\"SearchAction\",\"target\":{\"@type\":\"EntryPoint\",\"urlTemplate\":\"http:\/\/elregionalvm.com.ar\/noticias-villa-maria\/?s={search_term_string}\"},\"query-input\":{\"@type\":\"PropertyValueSpecification\",\"valueRequired\":true,\"valueName\":\"search_term_string\"}}],\"inLanguage\":\"es\"},{\"@type\":\"Person\",\"@id\":\"http:\/\/elregionalvm.com.ar\/noticias-villa-maria\/#\/schema\/person\/a0fb9c422317faca23d50163151bc354\",\"name\":\"Contenidos El Regional\",\"image\":{\"@type\":\"ImageObject\",\"inLanguage\":\"es\",\"@id\":\"http:\/\/elregionalvm.com.ar\/noticias-villa-maria\/#\/schema\/person\/image\/\",\"url\":\"https:\/\/secure.gravatar.com\/avatar\/265b27cb2209af7bb3a1318f03305787d7981a5cc6e6cd08fe5a4ecdf99d4b48?s=96&d=mm&r=g\",\"contentUrl\":\"https:\/\/secure.gravatar.com\/avatar\/265b27cb2209af7bb3a1318f03305787d7981a5cc6e6cd08fe5a4ecdf99d4b48?s=96&d=mm&r=g\",\"caption\":\"Contenidos El Regional\"},\"url\":\"https:\/\/elregionalvm.com.ar\/noticias-villa-maria\/author\/contenido\/\"}]}<\/script>\n<!-- \/ Yoast SEO plugin. -->","yoast_head_json":{"title":"[Opini\u00f3n] La Naci\u00f3n no debe tener a cargo los servicios p\u00fablicos del AMBA - El Regional","description":"El Estado nacional financia con fondos federales subsidios a los servicios p\u00fablicos que deber\u00edan ser financiados por la CABA y la Provincia.","robots":{"index":"index","follow":"follow","max-snippet":"max-snippet:-1","max-image-preview":"max-image-preview:large","max-video-preview":"max-video-preview:-1"},"canonical":"http:\/\/elregionalvm.com.ar\/noticias-villa-maria\/opinion-la-nacion-no-debe-tener-a-cargo-los-servicios-publicos-del-amba\/","og_locale":"es_ES","og_type":"article","og_title":"[Opini\u00f3n] La Naci\u00f3n no debe tener a cargo los servicios p\u00fablicos del AMBA - El Regional","og_description":"El Estado nacional financia con fondos federales subsidios a los servicios p\u00fablicos que deber\u00edan ser financiados por la CABA y la Provincia.","og_url":"http:\/\/elregionalvm.com.ar\/noticias-villa-maria\/opinion-la-nacion-no-debe-tener-a-cargo-los-servicios-publicos-del-amba\/","og_site_name":"El Regional","article_publisher":"https:\/\/www.facebook.com\/elregionalvm","article_published_time":"2022-02-07T02:17:14+00:00","article_modified_time":"2022-02-08T01:42:14+00:00","og_image":[{"width":1200,"height":675,"url":"http:\/\/elregionalvm.com.ar\/noticias-villa-maria\/wp-content\/uploads\/2022\/02\/Subsidios-transporte-urbano-AMBA.jpg","type":"image\/jpeg"}],"author":"Contenidos El Regional","twitter_card":"summary_large_image","twitter_creator":"@elregionalvm1","twitter_site":"@elregionalvm1","twitter_misc":{"Escrito por":"Contenidos El Regional","Tiempo de lectura":"4 minutos"},"schema":{"@context":"https:\/\/schema.org","@graph":[{"@type":"Article","@id":"http:\/\/elregionalvm.com.ar\/noticias-villa-maria\/opinion-la-nacion-no-debe-tener-a-cargo-los-servicios-publicos-del-amba\/#article","isPartOf":{"@id":"http:\/\/elregionalvm.com.ar\/noticias-villa-maria\/opinion-la-nacion-no-debe-tener-a-cargo-los-servicios-publicos-del-amba\/"},"author":{"name":"Contenidos El Regional","@id":"http:\/\/elregionalvm.com.ar\/noticias-villa-maria\/#\/schema\/person\/a0fb9c422317faca23d50163151bc354"},"headline":"[Opini\u00f3n] La Naci\u00f3n no debe tener a cargo los servicios p\u00fablicos del AMBA","datePublished":"2022-02-07T02:17:14+00:00","dateModified":"2022-02-08T01:42:14+00:00","mainEntityOfPage":{"@id":"http:\/\/elregionalvm.com.ar\/noticias-villa-maria\/opinion-la-nacion-no-debe-tener-a-cargo-los-servicios-publicos-del-amba\/"},"wordCount":839,"commentCount":0,"image":{"@id":"http:\/\/elregionalvm.com.ar\/noticias-villa-maria\/opinion-la-nacion-no-debe-tener-a-cargo-los-servicios-publicos-del-amba\/#primaryimage"},"thumbnailUrl":"https:\/\/i0.wp.com\/elregionalvm.com.ar\/noticias-villa-maria\/wp-content\/uploads\/2022\/02\/Subsidios-transporte-urbano-AMBA.jpg?fit=1200%2C675&ssl=1","keywords":["AMBA","anses","Buenos Aires","d\u00e9ficit fiscal","Estado","FMI","IDESA","subsidios","tarifas"],"articleSection":["Opini\u00f3n","tercera"],"inLanguage":"es","potentialAction":[{"@type":"CommentAction","name":"Comment","target":["http:\/\/elregionalvm.com.ar\/noticias-villa-maria\/opinion-la-nacion-no-debe-tener-a-cargo-los-servicios-publicos-del-amba\/#respond"]}]},{"@type":"WebPage","@id":"http:\/\/elregionalvm.com.ar\/noticias-villa-maria\/opinion-la-nacion-no-debe-tener-a-cargo-los-servicios-publicos-del-amba\/","url":"http:\/\/elregionalvm.com.ar\/noticias-villa-maria\/opinion-la-nacion-no-debe-tener-a-cargo-los-servicios-publicos-del-amba\/","name":"[Opini\u00f3n] La Naci\u00f3n no debe tener a cargo los servicios p\u00fablicos del AMBA - El Regional","isPartOf":{"@id":"http:\/\/elregionalvm.com.ar\/noticias-villa-maria\/#website"},"primaryImageOfPage":{"@id":"http:\/\/elregionalvm.com.ar\/noticias-villa-maria\/opinion-la-nacion-no-debe-tener-a-cargo-los-servicios-publicos-del-amba\/#primaryimage"},"image":{"@id":"http:\/\/elregionalvm.com.ar\/noticias-villa-maria\/opinion-la-nacion-no-debe-tener-a-cargo-los-servicios-publicos-del-amba\/#primaryimage"},"thumbnailUrl":"https:\/\/i0.wp.com\/elregionalvm.com.ar\/noticias-villa-maria\/wp-content\/uploads\/2022\/02\/Subsidios-transporte-urbano-AMBA.jpg?fit=1200%2C675&ssl=1","datePublished":"2022-02-07T02:17:14+00:00","dateModified":"2022-02-08T01:42:14+00:00","author":{"@id":"http:\/\/elregionalvm.com.ar\/noticias-villa-maria\/#\/schema\/person\/a0fb9c422317faca23d50163151bc354"},"description":"El Estado nacional financia con fondos federales subsidios a los servicios p\u00fablicos que deber\u00edan ser financiados por la CABA y la Provincia.","breadcrumb":{"@id":"http:\/\/elregionalvm.com.ar\/noticias-villa-maria\/opinion-la-nacion-no-debe-tener-a-cargo-los-servicios-publicos-del-amba\/#breadcrumb"},"inLanguage":"es","potentialAction":[{"@type":"ReadAction","target":["http:\/\/elregionalvm.com.ar\/noticias-villa-maria\/opinion-la-nacion-no-debe-tener-a-cargo-los-servicios-publicos-del-amba\/"]}]},{"@type":"ImageObject","inLanguage":"es","@id":"http:\/\/elregionalvm.com.ar\/noticias-villa-maria\/opinion-la-nacion-no-debe-tener-a-cargo-los-servicios-publicos-del-amba\/#primaryimage","url":"https:\/\/i0.wp.com\/elregionalvm.com.ar\/noticias-villa-maria\/wp-content\/uploads\/2022\/02\/Subsidios-transporte-urbano-AMBA.jpg?fit=1200%2C675&ssl=1","contentUrl":"https:\/\/i0.wp.com\/elregionalvm.com.ar\/noticias-villa-maria\/wp-content\/uploads\/2022\/02\/Subsidios-transporte-urbano-AMBA.jpg?fit=1200%2C675&ssl=1","width":1200,"height":675},{"@type":"BreadcrumbList","@id":"http:\/\/elregionalvm.com.ar\/noticias-villa-maria\/opinion-la-nacion-no-debe-tener-a-cargo-los-servicios-publicos-del-amba\/#breadcrumb","itemListElement":[{"@type":"ListItem","position":1,"name":"Portada","item":"https:\/\/elregionalvm.com.ar\/noticias-villa-maria\/"},{"@type":"ListItem","position":2,"name":"[Opini\u00f3n] La Naci\u00f3n no debe tener a cargo los servicios p\u00fablicos del AMBA"}]},{"@type":"WebSite","@id":"http:\/\/elregionalvm.com.ar\/noticias-villa-maria\/#website","url":"http:\/\/elregionalvm.com.ar\/noticias-villa-maria\/","name":"El Regional","description":"Mucho m\u00e1s que informaci\u00f3n","potentialAction":[{"@type":"SearchAction","target":{"@type":"EntryPoint","urlTemplate":"http:\/\/elregionalvm.com.ar\/noticias-villa-maria\/?s={search_term_string}"},"query-input":{"@type":"PropertyValueSpecification","valueRequired":true,"valueName":"search_term_string"}}],"inLanguage":"es"},{"@type":"Person","@id":"http:\/\/elregionalvm.com.ar\/noticias-villa-maria\/#\/schema\/person\/a0fb9c422317faca23d50163151bc354","name":"Contenidos El Regional","image":{"@type":"ImageObject","inLanguage":"es","@id":"http:\/\/elregionalvm.com.ar\/noticias-villa-maria\/#\/schema\/person\/image\/","url":"https:\/\/secure.gravatar.com\/avatar\/265b27cb2209af7bb3a1318f03305787d7981a5cc6e6cd08fe5a4ecdf99d4b48?s=96&d=mm&r=g","contentUrl":"https:\/\/secure.gravatar.com\/avatar\/265b27cb2209af7bb3a1318f03305787d7981a5cc6e6cd08fe5a4ecdf99d4b48?s=96&d=mm&r=g","caption":"Contenidos El Regional"},"url":"https:\/\/elregionalvm.com.ar\/noticias-villa-maria\/author\/contenido\/"}]}},"jetpack_featured_media_url":"https:\/\/i0.wp.com\/elregionalvm.com.ar\/noticias-villa-maria\/wp-content\/uploads\/2022\/02\/Subsidios-transporte-urbano-AMBA.jpg?fit=1200%2C675&ssl=1","jetpack_sharing_enabled":true,"_links":{"self":[{"href":"https:\/\/elregionalvm.com.ar\/noticias-villa-maria\/wp-json\/wp\/v2\/posts\/52218","targetHints":{"allow":["GET"]}}],"collection":[{"href":"https:\/\/elregionalvm.com.ar\/noticias-villa-maria\/wp-json\/wp\/v2\/posts"}],"about":[{"href":"https:\/\/elregionalvm.com.ar\/noticias-villa-maria\/wp-json\/wp\/v2\/types\/post"}],"author":[{"embeddable":true,"href":"https:\/\/elregionalvm.com.ar\/noticias-villa-maria\/wp-json\/wp\/v2\/users\/4"}],"replies":[{"embeddable":true,"href":"https:\/\/elregionalvm.com.ar\/noticias-villa-maria\/wp-json\/wp\/v2\/comments?post=52218"}],"version-history":[{"count":3,"href":"https:\/\/elregionalvm.com.ar\/noticias-villa-maria\/wp-json\/wp\/v2\/posts\/52218\/revisions"}],"predecessor-version":[{"id":52225,"href":"https:\/\/elregionalvm.com.ar\/noticias-villa-maria\/wp-json\/wp\/v2\/posts\/52218\/revisions\/52225"}],"wp:featuredmedia":[{"embeddable":true,"href":"https:\/\/elregionalvm.com.ar\/noticias-villa-maria\/wp-json\/wp\/v2\/media\/52224"}],"wp:attachment":[{"href":"https:\/\/elregionalvm.com.ar\/noticias-villa-maria\/wp-json\/wp\/v2\/media?parent=52218"}],"wp:term":[{"taxonomy":"category","embeddable":true,"href":"https:\/\/elregionalvm.com.ar\/noticias-villa-maria\/wp-json\/wp\/v2\/categories?post=52218"},{"taxonomy":"post_tag","embeddable":true,"href":"https:\/\/elregionalvm.com.ar\/noticias-villa-maria\/wp-json\/wp\/v2\/tags?post=52218"}],"curies":[{"name":"wp","href":"https:\/\/api.w.org\/{rel}","templated":true}]}}