{"id":52251,"date":"2022-02-07T14:07:07","date_gmt":"2022-02-07T14:07:07","guid":{"rendered":"https:\/\/elregionalvm.com.ar\/noticias-villa-maria\/?p=52251"},"modified":"2022-02-07T14:07:08","modified_gmt":"2022-02-07T14:07:08","slug":"pozo-del-molle-el-hospital-municipal-cumplio-75-anos","status":"publish","type":"post","link":"https:\/\/elregionalvm.com.ar\/noticias-villa-maria\/pozo-del-molle-el-hospital-municipal-cumplio-75-anos\/","title":{"rendered":"Pozo del Molle: El Hospital Municipal cumpli\u00f3 75 a\u00f1os"},"content":{"rendered":"\n<p><\/p>\n\n\n\n<p>El Hospital Municipal \u201cDr. Ra\u00fal Dobric\u201d celebr\u00f3 sus 75 a\u00f1os de existencia el pasado 2 de febrero.<\/p>\n\n\n\n<p>En 1947, por resoluci\u00f3n del Ministerio de Salud de la provincia, el dispensario fue ascendido a Hospital.<\/p>\n\n\n\n<p>Previamente, el 26 de noviembre de 1946, el Gobierno de C\u00f3rdoba mediante decreto 4611 design\u00f3 al doctor Federico Juan Jos\u00e9 Hidalgo como director del dispensario.<\/p>\n\n\n\n<p><\/p>\n\n\n\n<figure class=\"wp-block-image size-large\"><img data-recalc-dims=\"1\" fetchpriority=\"high\" decoding=\"async\" width=\"1024\" height=\"729\" src=\"https:\/\/i0.wp.com\/elregionalvm.com.ar\/noticias-villa-maria\/wp-content\/uploads\/2022\/02\/Molle-Hospital-municipal-antiguo.jpg?resize=1024%2C729&#038;ssl=1\" alt=\"\" class=\"wp-image-52254\" srcset=\"https:\/\/i0.wp.com\/elregionalvm.com.ar\/noticias-villa-maria\/wp-content\/uploads\/2022\/02\/Molle-Hospital-municipal-antiguo.jpg?resize=1024%2C729&amp;ssl=1 1024w, https:\/\/i0.wp.com\/elregionalvm.com.ar\/noticias-villa-maria\/wp-content\/uploads\/2022\/02\/Molle-Hospital-municipal-antiguo.jpg?resize=300%2C214&amp;ssl=1 300w, https:\/\/i0.wp.com\/elregionalvm.com.ar\/noticias-villa-maria\/wp-content\/uploads\/2022\/02\/Molle-Hospital-municipal-antiguo.jpg?resize=768%2C547&amp;ssl=1 768w, https:\/\/i0.wp.com\/elregionalvm.com.ar\/noticias-villa-maria\/wp-content\/uploads\/2022\/02\/Molle-Hospital-municipal-antiguo.jpg?w=1143&amp;ssl=1 1143w\" sizes=\"(max-width: 1000px) 100vw, 1000px\" \/><figcaption><em>Personal m\u00e9dico y colaborador en una imagen de 1945, cuando a\u00fan se denominaba dispensario. <\/em><\/figcaption><\/figure>\n\n\n\n<p><\/p>\n\n\n\n<p>El doctor Federico Hidalgo naci\u00f3 en Corrientes capital y lleg\u00f3 a Pozo del Molle desde Buenos Aires donde comenz\u00f3 a ejercer como m\u00e9dico en el dispensario y ten\u00eda su consultorio en Libertad 170.<\/p>\n\n\n\n<p>Tuvo una importante vida social activa, fue uno de los iniciadores de la Sociedad Recreativa Mart\u00edn Coronado. Fue presidente de la Biblioteca Popular Sarmiento y en 1931 estuvo a cargo del gobierno municipal por un a\u00f1o.<\/p>\n\n\n\n<p>Fue director del Hospital \u201cDr. Ra\u00fal Dobric\u201d hasta 1949.<\/p>\n","protected":false},"excerpt":{"rendered":"<p>El Hospital Municipal \u201cDr. Ra\u00fal Dobric\u201d celebr\u00f3 sus 75 a\u00f1os de existencia el pasado 2 de febrero. En 1947, por resoluci\u00f3n del Ministerio de Salud de la provincia, el dispensario fue ascendido a Hospital. Previamente, el 26 de noviembre de 1946, el Gobierno de C\u00f3rdoba mediante decreto 4611 design\u00f3 al doctor Federico Juan Jos\u00e9 Hidalgo [&hellip;]<\/p>\n","protected":false},"author":4,"featured_media":52253,"comment_status":"open","ping_status":"open","sticky":false,"template":"","format":"standard","meta":{"site-sidebar-layout":"default","site-content-layout":"default","ast-site-content-layout":"default","site-content-style":"default","site-sidebar-style":"default","ast-global-header-display":"","ast-banner-title-visibility":"","ast-main-header-display":"","ast-hfb-above-header-display":"","ast-hfb-below-header-display":"","ast-hfb-mobile-header-display":"","site-post-title":"","ast-breadcrumbs-content":"","ast-featured-img":"","footer-sml-layout":"","ast-disable-related-posts":"","theme-transparent-header-meta":"default","adv-header-id-meta":"","stick-header-meta":"","header-above-stick-meta":"","header-main-stick-meta":"","header-below-stick-meta":"","astra-migrate-meta-layouts":"default","ast-page-background-enabled":"default","ast-page-background-meta":{"desktop":{"background-color":"","background-image":"","background-repeat":"repeat","background-position":"center center","background-size":"auto","background-attachment":"scroll","background-type":"","background-media":"","overlay-type":"","overlay-color":"","overlay-opacity":"","overlay-gradient":""},"tablet":{"background-color":"","background-image":"","background-repeat":"repeat","background-position":"center center","background-size":"auto","background-attachment":"scroll","background-type":"","background-media":"","overlay-type":"","overlay-color":"","overlay-opacity":"","overlay-gradient":""},"mobile":{"background-color":"","background-image":"","background-repeat":"repeat","background-position":"center center","background-size":"auto","background-attachment":"scroll","background-type":"","background-media":"","overlay-type":"","overlay-color":"","overlay-opacity":"","overlay-gradient":""}},"ast-content-background-meta":{"desktop":{"background-color":"var(--ast-global-color-5)","background-image":"","background-repeat":"repeat","background-position":"center center","background-size":"auto","background-attachment":"scroll","background-type":"","background-media":"","overlay-type":"","overlay-color":"","overlay-opacity":"","overlay-gradient":""},"tablet":{"background-color":"var(--ast-global-color-5)","background-image":"","background-repeat":"repeat","background-position":"center center","background-size":"auto","background-attachment":"scroll","background-type":"","background-media":"","overlay-type":"","overlay-color":"","overlay-opacity":"","overlay-gradient":""},"mobile":{"background-color":"var(--ast-global-color-5)","background-image":"","background-repeat":"repeat","background-position":"center center","background-size":"auto","background-attachment":"scroll","background-type":"","background-media":"","overlay-type":"","overlay-color":"","overlay-opacity":"","overlay-gradient":""}},"_jetpack_memberships_contains_paid_content":false,"_joinchat":[],"footnotes":""},"categories":[2091],"tags":[13559,1223,1232,13557,13558,2995,685],"class_list":["post-52251","post","type-post","status-publish","format-standard","has-post-thumbnail","hentry","category-region","tag-75-anos","tag-aniversario","tag-destacado","tag-dispensario","tag-dr-raul-dobric","tag-hospital-municipal","tag-pozo-del-molle"],"yoast_head":"<!-- This site is optimized with the Yoast SEO plugin v26.8 - https:\/\/yoast.com\/product\/yoast-seo-wordpress\/ -->\n<title>Pozo del Molle: El Hospital Municipal cumpli\u00f3 75 a\u00f1os - El Regional<\/title>\n<meta name=\"description\" content=\"El Hospital Municipal \u201cDr. Ra\u00fal Dobric\u201d celebr\u00f3 sus 75 a\u00f1os de existencia el pasado 2 de febrero. Surgi\u00f3 como tal en 1947.\" \/>\n<meta name=\"robots\" content=\"index, follow, max-snippet:-1, max-image-preview:large, max-video-preview:-1\" \/>\n<link rel=\"canonical\" href=\"http:\/\/elregionalvm.com.ar\/noticias-villa-maria\/pozo-del-molle-el-hospital-municipal-cumplio-75-anos\/\" \/>\n<meta property=\"og:locale\" content=\"es_ES\" \/>\n<meta property=\"og:type\" content=\"article\" \/>\n<meta property=\"og:title\" content=\"Pozo del Molle: El Hospital Municipal cumpli\u00f3 75 a\u00f1os - El Regional\" \/>\n<meta property=\"og:description\" content=\"El Hospital Municipal \u201cDr. Ra\u00fal Dobric\u201d celebr\u00f3 sus 75 a\u00f1os de existencia el pasado 2 de febrero. Surgi\u00f3 como tal en 1947.\" \/>\n<meta property=\"og:url\" content=\"http:\/\/elregionalvm.com.ar\/noticias-villa-maria\/pozo-del-molle-el-hospital-municipal-cumplio-75-anos\/\" \/>\n<meta property=\"og:site_name\" content=\"El Regional\" \/>\n<meta property=\"article:publisher\" content=\"https:\/\/www.facebook.com\/elregionalvm\" \/>\n<meta property=\"article:published_time\" content=\"2022-02-07T14:07:07+00:00\" \/>\n<meta property=\"article:modified_time\" content=\"2022-02-07T14:07:08+00:00\" \/>\n<meta property=\"og:image\" content=\"http:\/\/elregionalvm.com.ar\/noticias-villa-maria\/wp-content\/uploads\/2022\/02\/Molle-Hospital-Municipal.jpg\" \/>\n\t<meta property=\"og:image:width\" content=\"1600\" \/>\n\t<meta property=\"og:image:height\" content=\"1200\" \/>\n\t<meta property=\"og:image:type\" content=\"image\/jpeg\" \/>\n<meta name=\"author\" content=\"Contenidos El Regional\" \/>\n<meta name=\"twitter:card\" content=\"summary_large_image\" \/>\n<meta name=\"twitter:creator\" content=\"@elregionalvm1\" \/>\n<meta name=\"twitter:site\" content=\"@elregionalvm1\" \/>\n<meta name=\"twitter:label1\" content=\"Escrito por\" \/>\n\t<meta name=\"twitter:data1\" content=\"Contenidos El Regional\" \/>\n\t<meta name=\"twitter:label2\" content=\"Tiempo de lectura\" \/>\n\t<meta name=\"twitter:data2\" content=\"1 minuto\" \/>\n<script type=\"application\/ld+json\" class=\"yoast-schema-graph\">{\"@context\":\"https:\/\/schema.org\",\"@graph\":[{\"@type\":\"Article\",\"@id\":\"http:\/\/elregionalvm.com.ar\/noticias-villa-maria\/pozo-del-molle-el-hospital-municipal-cumplio-75-anos\/#article\",\"isPartOf\":{\"@id\":\"http:\/\/elregionalvm.com.ar\/noticias-villa-maria\/pozo-del-molle-el-hospital-municipal-cumplio-75-anos\/\"},\"author\":{\"name\":\"Contenidos El Regional\",\"@id\":\"http:\/\/elregionalvm.com.ar\/noticias-villa-maria\/#\/schema\/person\/a0fb9c422317faca23d50163151bc354\"},\"headline\":\"Pozo del Molle: El Hospital Municipal cumpli\u00f3 75 a\u00f1os\",\"datePublished\":\"2022-02-07T14:07:07+00:00\",\"dateModified\":\"2022-02-07T14:07:08+00:00\",\"mainEntityOfPage\":{\"@id\":\"http:\/\/elregionalvm.com.ar\/noticias-villa-maria\/pozo-del-molle-el-hospital-municipal-cumplio-75-anos\/\"},\"wordCount\":161,\"commentCount\":0,\"image\":{\"@id\":\"http:\/\/elregionalvm.com.ar\/noticias-villa-maria\/pozo-del-molle-el-hospital-municipal-cumplio-75-anos\/#primaryimage\"},\"thumbnailUrl\":\"https:\/\/i0.wp.com\/elregionalvm.com.ar\/noticias-villa-maria\/wp-content\/uploads\/2022\/02\/Molle-Hospital-Municipal-e1681245395443.jpg?fit=1200%2C900&ssl=1\",\"keywords\":[\"75 a\u00f1os\",\"Aniversario\",\"destacado\",\"dispensario\",\"Dr. Ra\u00fal Dobric\",\"Hospital Municipal\",\"POZO DEL MOLLE\"],\"articleSection\":[\"Regi\u00f3n\"],\"inLanguage\":\"es\",\"potentialAction\":[{\"@type\":\"CommentAction\",\"name\":\"Comment\",\"target\":[\"http:\/\/elregionalvm.com.ar\/noticias-villa-maria\/pozo-del-molle-el-hospital-municipal-cumplio-75-anos\/#respond\"]}]},{\"@type\":\"WebPage\",\"@id\":\"http:\/\/elregionalvm.com.ar\/noticias-villa-maria\/pozo-del-molle-el-hospital-municipal-cumplio-75-anos\/\",\"url\":\"http:\/\/elregionalvm.com.ar\/noticias-villa-maria\/pozo-del-molle-el-hospital-municipal-cumplio-75-anos\/\",\"name\":\"Pozo del Molle: El Hospital Municipal cumpli\u00f3 75 a\u00f1os - El Regional\",\"isPartOf\":{\"@id\":\"http:\/\/elregionalvm.com.ar\/noticias-villa-maria\/#website\"},\"primaryImageOfPage\":{\"@id\":\"http:\/\/elregionalvm.com.ar\/noticias-villa-maria\/pozo-del-molle-el-hospital-municipal-cumplio-75-anos\/#primaryimage\"},\"image\":{\"@id\":\"http:\/\/elregionalvm.com.ar\/noticias-villa-maria\/pozo-del-molle-el-hospital-municipal-cumplio-75-anos\/#primaryimage\"},\"thumbnailUrl\":\"https:\/\/i0.wp.com\/elregionalvm.com.ar\/noticias-villa-maria\/wp-content\/uploads\/2022\/02\/Molle-Hospital-Municipal-e1681245395443.jpg?fit=1200%2C900&ssl=1\",\"datePublished\":\"2022-02-07T14:07:07+00:00\",\"dateModified\":\"2022-02-07T14:07:08+00:00\",\"author\":{\"@id\":\"http:\/\/elregionalvm.com.ar\/noticias-villa-maria\/#\/schema\/person\/a0fb9c422317faca23d50163151bc354\"},\"description\":\"El Hospital Municipal \u201cDr. Ra\u00fal Dobric\u201d celebr\u00f3 sus 75 a\u00f1os de existencia el pasado 2 de febrero. Surgi\u00f3 como tal en 1947.\",\"breadcrumb\":{\"@id\":\"http:\/\/elregionalvm.com.ar\/noticias-villa-maria\/pozo-del-molle-el-hospital-municipal-cumplio-75-anos\/#breadcrumb\"},\"inLanguage\":\"es\",\"potentialAction\":[{\"@type\":\"ReadAction\",\"target\":[\"http:\/\/elregionalvm.com.ar\/noticias-villa-maria\/pozo-del-molle-el-hospital-municipal-cumplio-75-anos\/\"]}]},{\"@type\":\"ImageObject\",\"inLanguage\":\"es\",\"@id\":\"http:\/\/elregionalvm.com.ar\/noticias-villa-maria\/pozo-del-molle-el-hospital-municipal-cumplio-75-anos\/#primaryimage\",\"url\":\"https:\/\/i0.wp.com\/elregionalvm.com.ar\/noticias-villa-maria\/wp-content\/uploads\/2022\/02\/Molle-Hospital-Municipal-e1681245395443.jpg?fit=1200%2C900&ssl=1\",\"contentUrl\":\"https:\/\/i0.wp.com\/elregionalvm.com.ar\/noticias-villa-maria\/wp-content\/uploads\/2022\/02\/Molle-Hospital-Municipal-e1681245395443.jpg?fit=1200%2C900&ssl=1\",\"width\":1200,\"height\":900},{\"@type\":\"BreadcrumbList\",\"@id\":\"http:\/\/elregionalvm.com.ar\/noticias-villa-maria\/pozo-del-molle-el-hospital-municipal-cumplio-75-anos\/#breadcrumb\",\"itemListElement\":[{\"@type\":\"ListItem\",\"position\":1,\"name\":\"Portada\",\"item\":\"https:\/\/elregionalvm.com.ar\/noticias-villa-maria\/\"},{\"@type\":\"ListItem\",\"position\":2,\"name\":\"Pozo del Molle: El Hospital Municipal cumpli\u00f3 75 a\u00f1os\"}]},{\"@type\":\"WebSite\",\"@id\":\"http:\/\/elregionalvm.com.ar\/noticias-villa-maria\/#website\",\"url\":\"http:\/\/elregionalvm.com.ar\/noticias-villa-maria\/\",\"name\":\"El Regional\",\"description\":\"Mucho m\u00e1s que informaci\u00f3n\",\"potentialAction\":[{\"@type\":\"SearchAction\",\"target\":{\"@type\":\"EntryPoint\",\"urlTemplate\":\"http:\/\/elregionalvm.com.ar\/noticias-villa-maria\/?s={search_term_string}\"},\"query-input\":{\"@type\":\"PropertyValueSpecification\",\"valueRequired\":true,\"valueName\":\"search_term_string\"}}],\"inLanguage\":\"es\"},{\"@type\":\"Person\",\"@id\":\"http:\/\/elregionalvm.com.ar\/noticias-villa-maria\/#\/schema\/person\/a0fb9c422317faca23d50163151bc354\",\"name\":\"Contenidos El Regional\",\"image\":{\"@type\":\"ImageObject\",\"inLanguage\":\"es\",\"@id\":\"http:\/\/elregionalvm.com.ar\/noticias-villa-maria\/#\/schema\/person\/image\/\",\"url\":\"https:\/\/secure.gravatar.com\/avatar\/265b27cb2209af7bb3a1318f03305787d7981a5cc6e6cd08fe5a4ecdf99d4b48?s=96&d=mm&r=g\",\"contentUrl\":\"https:\/\/secure.gravatar.com\/avatar\/265b27cb2209af7bb3a1318f03305787d7981a5cc6e6cd08fe5a4ecdf99d4b48?s=96&d=mm&r=g\",\"caption\":\"Contenidos El Regional\"},\"url\":\"https:\/\/elregionalvm.com.ar\/noticias-villa-maria\/author\/contenido\/\"}]}<\/script>\n<!-- \/ Yoast SEO plugin. -->","yoast_head_json":{"title":"Pozo del Molle: El Hospital Municipal cumpli\u00f3 75 a\u00f1os - El Regional","description":"El Hospital Municipal \u201cDr. Ra\u00fal Dobric\u201d celebr\u00f3 sus 75 a\u00f1os de existencia el pasado 2 de febrero. Surgi\u00f3 como tal en 1947.","robots":{"index":"index","follow":"follow","max-snippet":"max-snippet:-1","max-image-preview":"max-image-preview:large","max-video-preview":"max-video-preview:-1"},"canonical":"http:\/\/elregionalvm.com.ar\/noticias-villa-maria\/pozo-del-molle-el-hospital-municipal-cumplio-75-anos\/","og_locale":"es_ES","og_type":"article","og_title":"Pozo del Molle: El Hospital Municipal cumpli\u00f3 75 a\u00f1os - El Regional","og_description":"El Hospital Municipal \u201cDr. Ra\u00fal Dobric\u201d celebr\u00f3 sus 75 a\u00f1os de existencia el pasado 2 de febrero. Surgi\u00f3 como tal en 1947.","og_url":"http:\/\/elregionalvm.com.ar\/noticias-villa-maria\/pozo-del-molle-el-hospital-municipal-cumplio-75-anos\/","og_site_name":"El Regional","article_publisher":"https:\/\/www.facebook.com\/elregionalvm","article_published_time":"2022-02-07T14:07:07+00:00","article_modified_time":"2022-02-07T14:07:08+00:00","og_image":[{"width":1600,"height":1200,"url":"http:\/\/elregionalvm.com.ar\/noticias-villa-maria\/wp-content\/uploads\/2022\/02\/Molle-Hospital-Municipal.jpg","type":"image\/jpeg"}],"author":"Contenidos El Regional","twitter_card":"summary_large_image","twitter_creator":"@elregionalvm1","twitter_site":"@elregionalvm1","twitter_misc":{"Escrito por":"Contenidos El Regional","Tiempo de lectura":"1 minuto"},"schema":{"@context":"https:\/\/schema.org","@graph":[{"@type":"Article","@id":"http:\/\/elregionalvm.com.ar\/noticias-villa-maria\/pozo-del-molle-el-hospital-municipal-cumplio-75-anos\/#article","isPartOf":{"@id":"http:\/\/elregionalvm.com.ar\/noticias-villa-maria\/pozo-del-molle-el-hospital-municipal-cumplio-75-anos\/"},"author":{"name":"Contenidos El Regional","@id":"http:\/\/elregionalvm.com.ar\/noticias-villa-maria\/#\/schema\/person\/a0fb9c422317faca23d50163151bc354"},"headline":"Pozo del Molle: El Hospital Municipal cumpli\u00f3 75 a\u00f1os","datePublished":"2022-02-07T14:07:07+00:00","dateModified":"2022-02-07T14:07:08+00:00","mainEntityOfPage":{"@id":"http:\/\/elregionalvm.com.ar\/noticias-villa-maria\/pozo-del-molle-el-hospital-municipal-cumplio-75-anos\/"},"wordCount":161,"commentCount":0,"image":{"@id":"http:\/\/elregionalvm.com.ar\/noticias-villa-maria\/pozo-del-molle-el-hospital-municipal-cumplio-75-anos\/#primaryimage"},"thumbnailUrl":"https:\/\/i0.wp.com\/elregionalvm.com.ar\/noticias-villa-maria\/wp-content\/uploads\/2022\/02\/Molle-Hospital-Municipal-e1681245395443.jpg?fit=1200%2C900&ssl=1","keywords":["75 a\u00f1os","Aniversario","destacado","dispensario","Dr. Ra\u00fal Dobric","Hospital Municipal","POZO DEL MOLLE"],"articleSection":["Regi\u00f3n"],"inLanguage":"es","potentialAction":[{"@type":"CommentAction","name":"Comment","target":["http:\/\/elregionalvm.com.ar\/noticias-villa-maria\/pozo-del-molle-el-hospital-municipal-cumplio-75-anos\/#respond"]}]},{"@type":"WebPage","@id":"http:\/\/elregionalvm.com.ar\/noticias-villa-maria\/pozo-del-molle-el-hospital-municipal-cumplio-75-anos\/","url":"http:\/\/elregionalvm.com.ar\/noticias-villa-maria\/pozo-del-molle-el-hospital-municipal-cumplio-75-anos\/","name":"Pozo del Molle: El Hospital Municipal cumpli\u00f3 75 a\u00f1os - El Regional","isPartOf":{"@id":"http:\/\/elregionalvm.com.ar\/noticias-villa-maria\/#website"},"primaryImageOfPage":{"@id":"http:\/\/elregionalvm.com.ar\/noticias-villa-maria\/pozo-del-molle-el-hospital-municipal-cumplio-75-anos\/#primaryimage"},"image":{"@id":"http:\/\/elregionalvm.com.ar\/noticias-villa-maria\/pozo-del-molle-el-hospital-municipal-cumplio-75-anos\/#primaryimage"},"thumbnailUrl":"https:\/\/i0.wp.com\/elregionalvm.com.ar\/noticias-villa-maria\/wp-content\/uploads\/2022\/02\/Molle-Hospital-Municipal-e1681245395443.jpg?fit=1200%2C900&ssl=1","datePublished":"2022-02-07T14:07:07+00:00","dateModified":"2022-02-07T14:07:08+00:00","author":{"@id":"http:\/\/elregionalvm.com.ar\/noticias-villa-maria\/#\/schema\/person\/a0fb9c422317faca23d50163151bc354"},"description":"El Hospital Municipal \u201cDr. Ra\u00fal Dobric\u201d celebr\u00f3 sus 75 a\u00f1os de existencia el pasado 2 de febrero. Surgi\u00f3 como tal en 1947.","breadcrumb":{"@id":"http:\/\/elregionalvm.com.ar\/noticias-villa-maria\/pozo-del-molle-el-hospital-municipal-cumplio-75-anos\/#breadcrumb"},"inLanguage":"es","potentialAction":[{"@type":"ReadAction","target":["http:\/\/elregionalvm.com.ar\/noticias-villa-maria\/pozo-del-molle-el-hospital-municipal-cumplio-75-anos\/"]}]},{"@type":"ImageObject","inLanguage":"es","@id":"http:\/\/elregionalvm.com.ar\/noticias-villa-maria\/pozo-del-molle-el-hospital-municipal-cumplio-75-anos\/#primaryimage","url":"https:\/\/i0.wp.com\/elregionalvm.com.ar\/noticias-villa-maria\/wp-content\/uploads\/2022\/02\/Molle-Hospital-Municipal-e1681245395443.jpg?fit=1200%2C900&ssl=1","contentUrl":"https:\/\/i0.wp.com\/elregionalvm.com.ar\/noticias-villa-maria\/wp-content\/uploads\/2022\/02\/Molle-Hospital-Municipal-e1681245395443.jpg?fit=1200%2C900&ssl=1","width":1200,"height":900},{"@type":"BreadcrumbList","@id":"http:\/\/elregionalvm.com.ar\/noticias-villa-maria\/pozo-del-molle-el-hospital-municipal-cumplio-75-anos\/#breadcrumb","itemListElement":[{"@type":"ListItem","position":1,"name":"Portada","item":"https:\/\/elregionalvm.com.ar\/noticias-villa-maria\/"},{"@type":"ListItem","position":2,"name":"Pozo del Molle: El Hospital Municipal cumpli\u00f3 75 a\u00f1os"}]},{"@type":"WebSite","@id":"http:\/\/elregionalvm.com.ar\/noticias-villa-maria\/#website","url":"http:\/\/elregionalvm.com.ar\/noticias-villa-maria\/","name":"El Regional","description":"Mucho m\u00e1s que informaci\u00f3n","potentialAction":[{"@type":"SearchAction","target":{"@type":"EntryPoint","urlTemplate":"http:\/\/elregionalvm.com.ar\/noticias-villa-maria\/?s={search_term_string}"},"query-input":{"@type":"PropertyValueSpecification","valueRequired":true,"valueName":"search_term_string"}}],"inLanguage":"es"},{"@type":"Person","@id":"http:\/\/elregionalvm.com.ar\/noticias-villa-maria\/#\/schema\/person\/a0fb9c422317faca23d50163151bc354","name":"Contenidos El Regional","image":{"@type":"ImageObject","inLanguage":"es","@id":"http:\/\/elregionalvm.com.ar\/noticias-villa-maria\/#\/schema\/person\/image\/","url":"https:\/\/secure.gravatar.com\/avatar\/265b27cb2209af7bb3a1318f03305787d7981a5cc6e6cd08fe5a4ecdf99d4b48?s=96&d=mm&r=g","contentUrl":"https:\/\/secure.gravatar.com\/avatar\/265b27cb2209af7bb3a1318f03305787d7981a5cc6e6cd08fe5a4ecdf99d4b48?s=96&d=mm&r=g","caption":"Contenidos El Regional"},"url":"https:\/\/elregionalvm.com.ar\/noticias-villa-maria\/author\/contenido\/"}]}},"jetpack_featured_media_url":"https:\/\/i0.wp.com\/elregionalvm.com.ar\/noticias-villa-maria\/wp-content\/uploads\/2022\/02\/Molle-Hospital-Municipal-e1681245395443.jpg?fit=1200%2C900&ssl=1","jetpack_sharing_enabled":true,"_links":{"self":[{"href":"https:\/\/elregionalvm.com.ar\/noticias-villa-maria\/wp-json\/wp\/v2\/posts\/52251","targetHints":{"allow":["GET"]}}],"collection":[{"href":"https:\/\/elregionalvm.com.ar\/noticias-villa-maria\/wp-json\/wp\/v2\/posts"}],"about":[{"href":"https:\/\/elregionalvm.com.ar\/noticias-villa-maria\/wp-json\/wp\/v2\/types\/post"}],"author":[{"embeddable":true,"href":"https:\/\/elregionalvm.com.ar\/noticias-villa-maria\/wp-json\/wp\/v2\/users\/4"}],"replies":[{"embeddable":true,"href":"https:\/\/elregionalvm.com.ar\/noticias-villa-maria\/wp-json\/wp\/v2\/comments?post=52251"}],"version-history":[{"count":2,"href":"https:\/\/elregionalvm.com.ar\/noticias-villa-maria\/wp-json\/wp\/v2\/posts\/52251\/revisions"}],"predecessor-version":[{"id":52255,"href":"https:\/\/elregionalvm.com.ar\/noticias-villa-maria\/wp-json\/wp\/v2\/posts\/52251\/revisions\/52255"}],"wp:featuredmedia":[{"embeddable":true,"href":"https:\/\/elregionalvm.com.ar\/noticias-villa-maria\/wp-json\/wp\/v2\/media\/52253"}],"wp:attachment":[{"href":"https:\/\/elregionalvm.com.ar\/noticias-villa-maria\/wp-json\/wp\/v2\/media?parent=52251"}],"wp:term":[{"taxonomy":"category","embeddable":true,"href":"https:\/\/elregionalvm.com.ar\/noticias-villa-maria\/wp-json\/wp\/v2\/categories?post=52251"},{"taxonomy":"post_tag","embeddable":true,"href":"https:\/\/elregionalvm.com.ar\/noticias-villa-maria\/wp-json\/wp\/v2\/tags?post=52251"}],"curies":[{"name":"wp","href":"https:\/\/api.w.org\/{rel}","templated":true}]}}