{"id":52256,"date":"2022-02-07T18:48:00","date_gmt":"2022-02-07T18:48:00","guid":{"rendered":"https:\/\/elregionalvm.com.ar\/noticias-villa-maria\/?p=52256"},"modified":"2022-02-09T02:07:04","modified_gmt":"2022-02-09T02:07:04","slug":"una-pandemia-de-basura-hemos-generado-mas-de-146-000-toneladas-de-residuos-sanitarios-solo-entre-kits-y-vacunas","status":"publish","type":"post","link":"https:\/\/elregionalvm.com.ar\/noticias-villa-maria\/una-pandemia-de-basura-hemos-generado-mas-de-146-000-toneladas-de-residuos-sanitarios-solo-entre-kits-y-vacunas\/","title":{"rendered":"Pandemia de basura:  M\u00e1s de 146.000 toneladas de residuos sanitarios solo entre kits y vacunas"},"content":{"rendered":"\n<h4 class=\"wp-block-heading\">Hay otra forma de medir el impacto del COVID-19. Otra a mayores del n\u00famero de enfermos y fallecidos, ERTE tramitados, millones de euros en p\u00e9rdidas econ\u00f3micas o&nbsp;<a href=\"https:\/\/www.xataka.com\/eventos\/e3-2022-no-sera-presencial-debido-a-covid-19-su-potencial-impacto-seguridad-asistentes\">eventos cancelados<\/a>, los valores que habitualmente dibujan nuestra imagen de la pandemia y su evoluci\u00f3n. <\/h4>\n\n\n\n<p><\/p>\n\n\n\n<p>El coronavirus se puede calibrar tambi\u00e9n en toneladas de desperdicios. Y se puede hacer porque, a su forma \u2014como acaba de alertar la OMS&nbsp;<a href=\"https:\/\/www.who.int\/publications\/i\/item\/9789240039612\">en un informe<\/a>\u2014, la crisis sanitaria ha devenido en cierto modo en crisis de gesti\u00f3n de residuos sanitarios. Al final, cada mascarilla, cada test de ant\u00edgenos o cada EPI acaba convirti\u00e9ndose, una vez ha cumplido con su uso, en basura que hay que tratar.<\/p>\n\n\n\n<p>La OMS es clara al hablar del tema y no se anda por las ramas: \u00abDecenas de miles de toneladas\u00a0de residuos m\u00e9dicos adicionales han ejercido una enorme presi\u00f3n sobre los sistemas de gesti\u00f3n de desechos de atenci\u00f3n m\u00e9dica en todo el mundo, amenazando la salud humana y ambiental y exponiendo una necesidad imperiosa de mejorar las pr\u00e1cticas de gesti\u00f3n de desechos\u00bb.<\/p>\n\n\n\n<p>El informe de la&nbsp;<a href=\"https:\/\/www.who.int\/\">Organizaci\u00f3n Mundial de la Salud<\/a>&nbsp;(OMS) no aporta un retrato global, sino el que se desprende \u00fanicamnente de su propia experiencia. Los autores apuntan por ejemplo que parte de las estimaciones se basan en&nbsp;<a href=\"https:\/\/www.who.int\/news\/item\/01-02-2022-tonnes-of-covid-19-health-care-waste-expose-urgent-need-to-improve-waste-management-systems\">las 87.000 toneladas de equipos de protecci\u00f3n personal<\/a>&nbsp;(EPP) adquiridas a lo largo de la crisis, entre marzo de 2020 y noviembre de 2021, y enviadas luego a los pa\u00edses para apoyar la respuesta al COVID-19 en una iniciativa conjunta con Naciones Unidos.<\/p>\n\n\n\n<p>Seg\u00fan sus c\u00e1lculos, la mayor parte de ese material acab\u00f3 convertida en residuos. Las cuentas son de hecho demoledoras: los m\u00e1s de 140 millones de kits de pruebas repartidos podr\u00edan generar 2.600 toneladas en residuos no infecciosos \u2014pl\u00e1stico, sobre todo\u2014 y 731.000 litros de desechos qu\u00edmicos, suficientes para llenar buena parte de una piscina ol\u00edmpica. En cuanto a las vacunas, la OMS apunta que se han administrado m\u00e1s de 8.000 millones de dosis en todo el mundo que habr\u00edan generado a su vez cerca de\u00a0144.000 toneladas de desperdicios\u00a0en forma de jeringas, agujas y cajas.<\/p>\n\n\n\n<p>Si se tienen en cuenta los datos de la OMS, \u00fanicamente los kits y vacunas habr\u00edan sumado\u00a0m\u00e1s de 146.600 toneladas\u00a0de desperdicios, cantidad que no incluye siquiera los l\u00edquidos.<\/p>\n\n\n\n<p>Los datos de desperdicios relacionados con los equipos de protecci\u00f3n y pruebas solo sirven, en cualquier caso, para hacerse una idea del impacto que suponen los desechos m\u00e9dicos relacionados con la pandemia. De hecho, podr\u00eda ser casi la punta del iceberg. \u201cSolo proporciona una indicaci\u00f3n inicial de la escala del problema de desechos de COVID-19. No se tiene en cuenta ninguno de los productos b\u00e1sicos de COVID-19 adquiridos fuera de la iniciativa, ni los residuos generados por el p\u00fablico, como m\u00e1scaras m\u00e9dicas desechables\u201d,&nbsp;<a href=\"https:\/\/www.who.int\/news\/item\/01-02-2022-tonnes-of-covid-19-health-care-waste-expose-urgent-need-to-improve-waste-management-systems\">reconocen los propios autores<\/a>&nbsp;del estudio.<\/p>\n\n\n\n<figure class=\"wp-block-image size-large\"><img data-recalc-dims=\"1\" fetchpriority=\"high\" decoding=\"async\" width=\"1024\" height=\"681\" src=\"https:\/\/i0.wp.com\/elregionalvm.com.ar\/noticias-villa-maria\/wp-content\/uploads\/2022\/02\/barbijo-basura.jpg?resize=1024%2C681&#038;ssl=1\" alt=\"\" class=\"wp-image-52259\" srcset=\"https:\/\/i0.wp.com\/elregionalvm.com.ar\/noticias-villa-maria\/wp-content\/uploads\/2022\/02\/barbijo-basura.jpg?resize=1024%2C681&amp;ssl=1 1024w, https:\/\/i0.wp.com\/elregionalvm.com.ar\/noticias-villa-maria\/wp-content\/uploads\/2022\/02\/barbijo-basura.jpg?resize=300%2C200&amp;ssl=1 300w, https:\/\/i0.wp.com\/elregionalvm.com.ar\/noticias-villa-maria\/wp-content\/uploads\/2022\/02\/barbijo-basura.jpg?resize=768%2C511&amp;ssl=1 768w, https:\/\/i0.wp.com\/elregionalvm.com.ar\/noticias-villa-maria\/wp-content\/uploads\/2022\/02\/barbijo-basura.jpg?w=1366&amp;ssl=1 1366w\" sizes=\"(max-width: 1000px) 100vw, 1000px\" \/><\/figure>\n\n\n\n<p><\/p>\n\n\n\n<p>A modo de ejemplo, en los hospitales de M\u00e1laga \u2014detalla&nbsp;<em>Diario Sur<\/em>\u2014 la basura con material infeccioso, relacionado con el COVID-19,&nbsp;<a href=\"https:\/\/www.diariosur.es\/malaga-capital\/pandemia-basura-hospitales-malaga-20220203171032-nt.html\">se ha incrementado un 60%<\/a>&nbsp;si se compara con 2019. En la pr\u00e1ctica, ese alza se traduce en 316.100 kilos de residuos a lo largo del a\u00f1o pasado.<\/p>\n\n\n\n<p>Que el COVID-19 supuso un reto, sobre todo al inicio de la pandemia, y oblig\u00f3 a priorizar la atenci\u00f3n a los enfermos y la contenci\u00f3n de los contagios sobre cuestiones como la gesti\u00f3n de los residuos es innegable ; pero no lo es menos que gran parte del problema con los desechos que ha supuesto el coronavirus se explica porque, simple y llanamente,\u00a0no ten\u00edamos los deberes hechos.<\/p>\n\n\n\n<p>La OMS calcula que a d\u00eda de hoy&nbsp;<a href=\"https:\/\/www.who.int\/news-room\/feature-stories\/detail\/fortune-favours-the-prepared-fixing-the-covid-19-waste-problem-to-build-back-better-and-tackle-climate-change\">el 30% de los establecimientos<\/a>&nbsp;de salud del mundo no est\u00e1n equipados para manejar de forma correcta sus cargas de desechos. \u201cY mucho menos la carga adicional del COVID-19\u201d, subraya. En el caso de los pa\u00edses menos desarrollados el porcentaje de centros sin capacidad de gesti\u00f3n es incluso mayor y se dobla hasta alcanzar el 60%.<\/p>\n\n\n\n<p>M\u00e1s all\u00e1 del impacto medioambiental, esa falta de medios es tambi\u00e9n\u00a0un problema de seguridad laboral. \u201cExpone potencialmente a los trabajadores de la salud a lesiones por pinchazos de agujas, quemaduras y microorganismos pat\u00f3genos, al mismo tiempo que afecta a las comunidades que viven cerca de los vertederos y sitios para la eliminaci\u00f3n de desechos mal administrados a trav\u00e9s del aire contaminado generado por la quema de desechos, la mala calidad del agua o las plagas\u201d, censura.<\/p>\n\n\n\n<p>La conclusi\u00f3n, para la OMS, est\u00e1 m\u00e1s que clara: igual que el COVID ha puesto de manifiesto lo que se juega un pa\u00eds en disponer de un buen sistema de salud p\u00fablica, debe servir tambi\u00e9n para abordar el problema de la gesti\u00f3n de residuos y las diferencias entre naciones.<\/p>\n\n\n\n<p>\u201cEl COVID-19 ha obligado al mundo a\u00a0tener en cuenta las brechas\u00a0y los aspectos desatendidos del flujo de desechos y c\u00f3mo producimos, usamos y desechamos nuestros recursos para el cuidado de la salud, desde la cuna hasta la tumba\u201d, se\u00f1ala\u00a0<a href=\"https:\/\/www.infosalus.com\/salud-investigacion\/noticia-maria-neira-oms-mitigacion-cambio-climatico-mitigacion-muchas-fuentes-transmision-virus-20211120161458.html\">la doctora Mar\u00eda Neira<\/a>, directora de Medio Ambiente, Cambio Clim\u00e1tico y Salud en la OMS: \u201cUn cambio significativo en todos los niveles, desde el global hasta el hospital, en la forma en que gestionamos el flujo de desechos de atenci\u00f3n m\u00e9dica es un requisito b\u00e1sico de los sistemas de atenci\u00f3n m\u00e9dica clim\u00e1ticamente inteligentes\u201d.<\/p>\n\n\n\n<p>Entre las recomendaciones que aporta el organismo destaca el uso de paquetes ecol\u00f3gicos, materiales reciclables y biodegradables, EPP reutilizables \u2014habla de guantes y m\u00e1scaras\u2014 y la inversi\u00f3n en tecnolog\u00edas de tratamiento de residuos que no exigen su quemado o, directamente, en el sector del reciclaje. \u201cUn cambio sist\u00e9mico en la forma en que la atenci\u00f3n de la salud gestiona sus desechos incluir\u00eda un escrutinio mayor y sistem\u00e1tico y mejores pr\u00e1cticas de adquisici\u00f3n\u201d, abunda.<\/p>\n\n\n\n<h2 class=\"wp-block-heading\">M\u00e1s all\u00e1 de las EPI o los guantes<\/h2>\n\n\n\n<p><\/p>\n\n\n\n<div class=\"wp-block-image\"><figure class=\"aligncenter size-full\"><img data-recalc-dims=\"1\" decoding=\"async\" width=\"976\" height=\"477\" src=\"https:\/\/i0.wp.com\/elregionalvm.com.ar\/noticias-villa-maria\/wp-content\/uploads\/2022\/02\/5fa918d5d800e.jpeg?resize=976%2C477&#038;ssl=1\" alt=\"\" class=\"wp-image-52260\" srcset=\"https:\/\/i0.wp.com\/elregionalvm.com.ar\/noticias-villa-maria\/wp-content\/uploads\/2022\/02\/5fa918d5d800e.jpeg?w=976&amp;ssl=1 976w, https:\/\/i0.wp.com\/elregionalvm.com.ar\/noticias-villa-maria\/wp-content\/uploads\/2022\/02\/5fa918d5d800e.jpeg?resize=300%2C147&amp;ssl=1 300w, https:\/\/i0.wp.com\/elregionalvm.com.ar\/noticias-villa-maria\/wp-content\/uploads\/2022\/02\/5fa918d5d800e.jpeg?resize=768%2C375&amp;ssl=1 768w\" sizes=\"(max-width: 976px) 100vw, 976px\" \/><figcaption><em>El abandono de guantes y barbijos amenaza (todav\u00eda m\u00e1s) a los oc\u00e9anos<\/em><\/figcaption><\/figure><\/div>\n\n\n\n<p><\/p>\n\n\n\n<p>La OMS no es la primera voz que alerta de c\u00f3mo la pandemia ha aumentado la generaci\u00f3n de cierto tipo de residuos. Hace medio a\u00f1o\u00a0<a href=\"https:\/\/www.eea.europa.eu\/publications\/impacts-of-covid-19-on\">un informe de la Agencia Europea de Medio Ambiente<\/a>\u00a0(AEMA) ya advert\u00eda que la crisis sanitaria hab\u00eda disparado la contaminaci\u00f3n generada por mascarillas, guantes y otros desechos pl\u00e1sticos de un solo uso.\u00a0<a href=\"https:\/\/www.eldiario.es\/sociedad\/pandemia-dispara-contaminacion-mascarillas-guantes-plasticos-europa_1_8064090.html\">Sus c\u00e1lculos muestran<\/a>\u00a0que durante el primer semestre de la pandemia, por ejemplo, se importaron a la UE unas\u00a0170.000 toneladas adicionales\u00a0de m\u00e1scaras faciales, lo que est\u00e1 relacionado a su vez con emisiones extra de gases de efecto invernadero.<\/p>\n\n\n\n<p>\u201cLas emisiones de gases de efecto invernadero relacionadas con la fabricaci\u00f3n, el transporte y el tratamiento de residuos de mascarillas de un solo uso oscilan entre 14 y 33,5 toneladas de di\u00f3xido de carbono equivalente por tonelada de mascarillas, seg\u00fan la composici\u00f3n de las m\u00e1scaras\u201d,&nbsp;<a href=\"https:\/\/www.eldiario.es\/sociedad\/pandemia-dispara-contaminacion-mascarillas-guantes-plasticos-europa_1_8064090.html%C3%A7\">recoge el informe de AEMA<\/a>, que destaca la huella que deja el transporte y la producci\u00f3n, proceso, este \u00faltimo, que se da en gran medida en China, que acumula gran parte de la fabricaci\u00f3n.<\/p>\n\n\n\n<p>Otro de los campos en los que se not\u00f3 la sombra de la pandemia fue el de los envases pl\u00e1sticos, con un retroceso sensible en la producci\u00f3n UE durante los primeros meses, debido seguramente a los confinamientos, y una recuperaci\u00f3n en el oto\u00f1o de 2020, cuando se levantaban las restricciones.<\/p>\n\n\n\n<p>En\u00a0<a href=\"https:\/\/www.nytimes.com\/es\/2021\/09\/24\/espanol\/basura-covid.html\">un reportaje publicado por el diario\u00a0<em>New York Times<\/em><\/a>\u00a0en septiembre se iba incluso m\u00e1s all\u00e1 y se apuntaban otras consecuencias, adicionales, pero con igual impacto sobre el medio ambiente, como la paralizaci\u00f3n de programas de reciclaje en Brasil durante meses o que, por miedo a contagios, se opte por\u00a0quemar basura\u00a0que perfectamente podr\u00eda tratarse con un enfoque m\u00e1s ecol\u00f3gico.<\/p>\n\n\n\n<p>Im\u00e1genes | Ivan Radic (<a href=\"https:\/\/www.flickr.com\/photos\/26344495@N05\/50911687807\/in\/photolist-2mircrS-2m5gZLW-2kwAEi1-2kWyWZr-2m4WJhy-2m2JCfW-2m2vKSA-2kLMi8y-2kFDdMN-2kobZ2y-2kyTH3P-2jcq2tB-2kTDMLw-2kcmK7F-2kNdoyi-2kLwXdU-2kFZ81x-2kgjkMS-2mx1FgM-2iF8Gt4-2kxkrvG-2jfN8Gr-2kWeNLu-2kUTMr6-2keHJii-RxPbkn-2kgJvRq-2kpBhsX-2mJ879o-2jzRZe1-2kdeabz-2ki5B4Z-2kUrqgU-2kMtKBC-2ki5BjD-2k9efdm-2kn8xpp-2jMm2H2-4KVtgS-2kdWCwC-2kTFG4G-2k9dLRb-2kVNozR-2kTyr7g-2mxhmKP-2mKmmPG-2k9ef62-2kTE5TG-2jMDNwT-2mEek9y\">Flickr 1<\/a>&nbsp;y&nbsp;<a href=\"https:\/\/www.flickr.com\/photos\/26344495@N05\/50991959443\/in\/photolist-2mircrS-2m5gZLW-2kwAEi1-2kWyWZr-2m4WJhy-2m2JCfW-2m2vKSA-2kLMi8y-2kFDdMN-2kobZ2y-2kyTH3P-2jcq2tB-2kTDMLw-2kcmK7F-2kNdoyi-2kLwXdU-2kFZ81x-2kgjkMS-2mx1FgM-2iF8Gt4-2kxkrvG-2jfN8Gr-2kWeNLu-2kUTMr6-2keHJii-RxPbkn-2kgJvRq-2kpBhsX-2mJ879o-2jzRZe1-2kdeabz-2ki5B4Z-2kUrqgU-2kMtKBC-2ki5BjD-2k9efdm-2kn8xpp-2jMm2H2-4KVtgS-2kdWCwC-2kTFG4G-2k9dLRb-2kVNozR-2kTyr7g-2mxhmKP-2mKmmPG-2k9ef62-2kTE5TG-2jMDNwT-2mEek9y\">2<\/a>)<br>F<em>uente: CARLOS PREGO, Twitter: @CarlosPrego1<\/em><\/p>\n","protected":false},"excerpt":{"rendered":"<p>Hay otra forma de medir el impacto del COVID-19. Otra a mayores del n\u00famero de enfermos y fallecidos, ERTE tramitados, millones de euros en p\u00e9rdidas econ\u00f3micas o&nbsp;eventos cancelados, los valores que habitualmente dibujan nuestra imagen de la pandemia y su evoluci\u00f3n. El coronavirus se puede calibrar tambi\u00e9n en toneladas de desperdicios. Y se puede hacer [&hellip;]<\/p>\n","protected":false},"author":4,"featured_media":52258,"comment_status":"open","ping_status":"open","sticky":false,"template":"","format":"standard","meta":{"site-sidebar-layout":"default","site-content-layout":"default","ast-site-content-layout":"default","site-content-style":"default","site-sidebar-style":"default","ast-global-header-display":"","ast-banner-title-visibility":"","ast-main-header-display":"","ast-hfb-above-header-display":"","ast-hfb-below-header-display":"","ast-hfb-mobile-header-display":"","site-post-title":"","ast-breadcrumbs-content":"","ast-featured-img":"","footer-sml-layout":"","ast-disable-related-posts":"","theme-transparent-header-meta":"default","adv-header-id-meta":"","stick-header-meta":"","header-above-stick-meta":"","header-main-stick-meta":"","header-below-stick-meta":"","astra-migrate-meta-layouts":"default","ast-page-background-enabled":"default","ast-page-background-meta":{"desktop":{"background-color":"","background-image":"","background-repeat":"repeat","background-position":"center center","background-size":"auto","background-attachment":"scroll","background-type":"","background-media":"","overlay-type":"","overlay-color":"","overlay-opacity":"","overlay-gradient":""},"tablet":{"background-color":"","background-image":"","background-repeat":"repeat","background-position":"center center","background-size":"auto","background-attachment":"scroll","background-type":"","background-media":"","overlay-type":"","overlay-color":"","overlay-opacity":"","overlay-gradient":""},"mobile":{"background-color":"","background-image":"","background-repeat":"repeat","background-position":"center center","background-size":"auto","background-attachment":"scroll","background-type":"","background-media":"","overlay-type":"","overlay-color":"","overlay-opacity":"","overlay-gradient":""}},"ast-content-background-meta":{"desktop":{"background-color":"var(--ast-global-color-5)","background-image":"","background-repeat":"repeat","background-position":"center center","background-size":"auto","background-attachment":"scroll","background-type":"","background-media":"","overlay-type":"","overlay-color":"","overlay-opacity":"","overlay-gradient":""},"tablet":{"background-color":"var(--ast-global-color-5)","background-image":"","background-repeat":"repeat","background-position":"center center","background-size":"auto","background-attachment":"scroll","background-type":"","background-media":"","overlay-type":"","overlay-color":"","overlay-opacity":"","overlay-gradient":""},"mobile":{"background-color":"var(--ast-global-color-5)","background-image":"","background-repeat":"repeat","background-position":"center center","background-size":"auto","background-attachment":"scroll","background-type":"","background-media":"","overlay-type":"","overlay-color":"","overlay-opacity":"","overlay-gradient":""}},"_jetpack_memberships_contains_paid_content":false,"_joinchat":[],"footnotes":""},"categories":[2256,5,3557],"tags":[328,1997,2865,13593,1998,6910],"class_list":["post-52256","post","type-post","status-publish","format-standard","has-post-thumbnail","hentry","category-coronavirus","category-sociedad","category-tercera","tag-basura","tag-coronavirus","tag-covid-19-2","tag-kits","tag-pandemia","tag-vacunas"],"yoast_head":"<!-- This site is optimized with the Yoast SEO plugin v26.8 - https:\/\/yoast.com\/product\/yoast-seo-wordpress\/ -->\n<title>Pandemia de basura: M\u00e1s de 146.000 toneladas de residuos sanitarios solo entre kits y vacunas - El Regional<\/title>\n<meta name=\"robots\" content=\"index, follow, max-snippet:-1, max-image-preview:large, max-video-preview:-1\" \/>\n<link rel=\"canonical\" href=\"http:\/\/elregionalvm.com.ar\/noticias-villa-maria\/una-pandemia-de-basura-hemos-generado-mas-de-146-000-toneladas-de-residuos-sanitarios-solo-entre-kits-y-vacunas\/\" \/>\n<meta property=\"og:locale\" content=\"es_ES\" \/>\n<meta property=\"og:type\" content=\"article\" \/>\n<meta property=\"og:title\" content=\"Pandemia de basura: M\u00e1s de 146.000 toneladas de residuos sanitarios solo entre kits y vacunas - El Regional\" \/>\n<meta property=\"og:description\" content=\"Hay otra forma de medir el impacto del COVID-19. Otra a mayores del n\u00famero de enfermos y fallecidos, ERTE tramitados, millones de euros en p\u00e9rdidas econ\u00f3micas o&nbsp;eventos cancelados, los valores que habitualmente dibujan nuestra imagen de la pandemia y su evoluci\u00f3n. El coronavirus se puede calibrar tambi\u00e9n en toneladas de desperdicios. Y se puede hacer [&hellip;]\" \/>\n<meta property=\"og:url\" content=\"http:\/\/elregionalvm.com.ar\/noticias-villa-maria\/una-pandemia-de-basura-hemos-generado-mas-de-146-000-toneladas-de-residuos-sanitarios-solo-entre-kits-y-vacunas\/\" \/>\n<meta property=\"og:site_name\" content=\"El Regional\" \/>\n<meta property=\"article:publisher\" content=\"https:\/\/www.facebook.com\/elregionalvm\" \/>\n<meta property=\"article:published_time\" content=\"2022-02-07T18:48:00+00:00\" \/>\n<meta property=\"article:modified_time\" content=\"2022-02-09T02:07:04+00:00\" \/>\n<meta property=\"og:image\" content=\"http:\/\/elregionalvm.com.ar\/noticias-villa-maria\/wp-content\/uploads\/2022\/02\/basura.jpg\" \/>\n\t<meta property=\"og:image:width\" content=\"1366\" \/>\n\t<meta property=\"og:image:height\" content=\"909\" \/>\n\t<meta property=\"og:image:type\" content=\"image\/jpeg\" \/>\n<meta name=\"author\" content=\"Contenidos El Regional\" \/>\n<meta name=\"twitter:card\" content=\"summary_large_image\" \/>\n<meta name=\"twitter:creator\" content=\"@elregionalvm1\" \/>\n<meta name=\"twitter:site\" content=\"@elregionalvm1\" \/>\n<meta name=\"twitter:label1\" content=\"Escrito por\" \/>\n\t<meta name=\"twitter:data1\" content=\"Contenidos El Regional\" \/>\n\t<meta name=\"twitter:label2\" content=\"Tiempo de lectura\" \/>\n\t<meta name=\"twitter:data2\" content=\"7 minutos\" \/>\n<script type=\"application\/ld+json\" class=\"yoast-schema-graph\">{\"@context\":\"https:\/\/schema.org\",\"@graph\":[{\"@type\":\"Article\",\"@id\":\"http:\/\/elregionalvm.com.ar\/noticias-villa-maria\/una-pandemia-de-basura-hemos-generado-mas-de-146-000-toneladas-de-residuos-sanitarios-solo-entre-kits-y-vacunas\/#article\",\"isPartOf\":{\"@id\":\"http:\/\/elregionalvm.com.ar\/noticias-villa-maria\/una-pandemia-de-basura-hemos-generado-mas-de-146-000-toneladas-de-residuos-sanitarios-solo-entre-kits-y-vacunas\/\"},\"author\":{\"name\":\"Contenidos El Regional\",\"@id\":\"http:\/\/elregionalvm.com.ar\/noticias-villa-maria\/#\/schema\/person\/a0fb9c422317faca23d50163151bc354\"},\"headline\":\"Pandemia de basura: M\u00e1s de 146.000 toneladas de residuos sanitarios solo entre kits y vacunas\",\"datePublished\":\"2022-02-07T18:48:00+00:00\",\"dateModified\":\"2022-02-09T02:07:04+00:00\",\"mainEntityOfPage\":{\"@id\":\"http:\/\/elregionalvm.com.ar\/noticias-villa-maria\/una-pandemia-de-basura-hemos-generado-mas-de-146-000-toneladas-de-residuos-sanitarios-solo-entre-kits-y-vacunas\/\"},\"wordCount\":1382,\"commentCount\":0,\"image\":{\"@id\":\"http:\/\/elregionalvm.com.ar\/noticias-villa-maria\/una-pandemia-de-basura-hemos-generado-mas-de-146-000-toneladas-de-residuos-sanitarios-solo-entre-kits-y-vacunas\/#primaryimage\"},\"thumbnailUrl\":\"https:\/\/i0.wp.com\/elregionalvm.com.ar\/noticias-villa-maria\/wp-content\/uploads\/2022\/02\/basura.jpg?fit=1366%2C909&ssl=1\",\"keywords\":[\"basura\",\"Coronavirus\",\"Covid 19\",\"kits\",\"pandemia\",\"vacunas\"],\"articleSection\":[\"Coronavirus\",\"Sociedad\",\"tercera\"],\"inLanguage\":\"es\",\"potentialAction\":[{\"@type\":\"CommentAction\",\"name\":\"Comment\",\"target\":[\"http:\/\/elregionalvm.com.ar\/noticias-villa-maria\/una-pandemia-de-basura-hemos-generado-mas-de-146-000-toneladas-de-residuos-sanitarios-solo-entre-kits-y-vacunas\/#respond\"]}]},{\"@type\":\"WebPage\",\"@id\":\"http:\/\/elregionalvm.com.ar\/noticias-villa-maria\/una-pandemia-de-basura-hemos-generado-mas-de-146-000-toneladas-de-residuos-sanitarios-solo-entre-kits-y-vacunas\/\",\"url\":\"http:\/\/elregionalvm.com.ar\/noticias-villa-maria\/una-pandemia-de-basura-hemos-generado-mas-de-146-000-toneladas-de-residuos-sanitarios-solo-entre-kits-y-vacunas\/\",\"name\":\"Pandemia de basura: M\u00e1s de 146.000 toneladas de residuos sanitarios solo entre kits y vacunas - El Regional\",\"isPartOf\":{\"@id\":\"http:\/\/elregionalvm.com.ar\/noticias-villa-maria\/#website\"},\"primaryImageOfPage\":{\"@id\":\"http:\/\/elregionalvm.com.ar\/noticias-villa-maria\/una-pandemia-de-basura-hemos-generado-mas-de-146-000-toneladas-de-residuos-sanitarios-solo-entre-kits-y-vacunas\/#primaryimage\"},\"image\":{\"@id\":\"http:\/\/elregionalvm.com.ar\/noticias-villa-maria\/una-pandemia-de-basura-hemos-generado-mas-de-146-000-toneladas-de-residuos-sanitarios-solo-entre-kits-y-vacunas\/#primaryimage\"},\"thumbnailUrl\":\"https:\/\/i0.wp.com\/elregionalvm.com.ar\/noticias-villa-maria\/wp-content\/uploads\/2022\/02\/basura.jpg?fit=1366%2C909&ssl=1\",\"datePublished\":\"2022-02-07T18:48:00+00:00\",\"dateModified\":\"2022-02-09T02:07:04+00:00\",\"author\":{\"@id\":\"http:\/\/elregionalvm.com.ar\/noticias-villa-maria\/#\/schema\/person\/a0fb9c422317faca23d50163151bc354\"},\"breadcrumb\":{\"@id\":\"http:\/\/elregionalvm.com.ar\/noticias-villa-maria\/una-pandemia-de-basura-hemos-generado-mas-de-146-000-toneladas-de-residuos-sanitarios-solo-entre-kits-y-vacunas\/#breadcrumb\"},\"inLanguage\":\"es\",\"potentialAction\":[{\"@type\":\"ReadAction\",\"target\":[\"http:\/\/elregionalvm.com.ar\/noticias-villa-maria\/una-pandemia-de-basura-hemos-generado-mas-de-146-000-toneladas-de-residuos-sanitarios-solo-entre-kits-y-vacunas\/\"]}]},{\"@type\":\"ImageObject\",\"inLanguage\":\"es\",\"@id\":\"http:\/\/elregionalvm.com.ar\/noticias-villa-maria\/una-pandemia-de-basura-hemos-generado-mas-de-146-000-toneladas-de-residuos-sanitarios-solo-entre-kits-y-vacunas\/#primaryimage\",\"url\":\"https:\/\/i0.wp.com\/elregionalvm.com.ar\/noticias-villa-maria\/wp-content\/uploads\/2022\/02\/basura.jpg?fit=1366%2C909&ssl=1\",\"contentUrl\":\"https:\/\/i0.wp.com\/elregionalvm.com.ar\/noticias-villa-maria\/wp-content\/uploads\/2022\/02\/basura.jpg?fit=1366%2C909&ssl=1\",\"width\":1366,\"height\":909},{\"@type\":\"BreadcrumbList\",\"@id\":\"http:\/\/elregionalvm.com.ar\/noticias-villa-maria\/una-pandemia-de-basura-hemos-generado-mas-de-146-000-toneladas-de-residuos-sanitarios-solo-entre-kits-y-vacunas\/#breadcrumb\",\"itemListElement\":[{\"@type\":\"ListItem\",\"position\":1,\"name\":\"Portada\",\"item\":\"https:\/\/elregionalvm.com.ar\/noticias-villa-maria\/\"},{\"@type\":\"ListItem\",\"position\":2,\"name\":\"Pandemia de basura: M\u00e1s de 146.000 toneladas de residuos sanitarios solo entre kits y vacunas\"}]},{\"@type\":\"WebSite\",\"@id\":\"http:\/\/elregionalvm.com.ar\/noticias-villa-maria\/#website\",\"url\":\"http:\/\/elregionalvm.com.ar\/noticias-villa-maria\/\",\"name\":\"El Regional\",\"description\":\"Mucho m\u00e1s que informaci\u00f3n\",\"potentialAction\":[{\"@type\":\"SearchAction\",\"target\":{\"@type\":\"EntryPoint\",\"urlTemplate\":\"http:\/\/elregionalvm.com.ar\/noticias-villa-maria\/?s={search_term_string}\"},\"query-input\":{\"@type\":\"PropertyValueSpecification\",\"valueRequired\":true,\"valueName\":\"search_term_string\"}}],\"inLanguage\":\"es\"},{\"@type\":\"Person\",\"@id\":\"http:\/\/elregionalvm.com.ar\/noticias-villa-maria\/#\/schema\/person\/a0fb9c422317faca23d50163151bc354\",\"name\":\"Contenidos El Regional\",\"image\":{\"@type\":\"ImageObject\",\"inLanguage\":\"es\",\"@id\":\"http:\/\/elregionalvm.com.ar\/noticias-villa-maria\/#\/schema\/person\/image\/\",\"url\":\"https:\/\/secure.gravatar.com\/avatar\/265b27cb2209af7bb3a1318f03305787d7981a5cc6e6cd08fe5a4ecdf99d4b48?s=96&d=mm&r=g\",\"contentUrl\":\"https:\/\/secure.gravatar.com\/avatar\/265b27cb2209af7bb3a1318f03305787d7981a5cc6e6cd08fe5a4ecdf99d4b48?s=96&d=mm&r=g\",\"caption\":\"Contenidos El Regional\"},\"url\":\"https:\/\/elregionalvm.com.ar\/noticias-villa-maria\/author\/contenido\/\"}]}<\/script>\n<!-- \/ Yoast SEO plugin. -->","yoast_head_json":{"title":"Pandemia de basura: M\u00e1s de 146.000 toneladas de residuos sanitarios solo entre kits y vacunas - El Regional","robots":{"index":"index","follow":"follow","max-snippet":"max-snippet:-1","max-image-preview":"max-image-preview:large","max-video-preview":"max-video-preview:-1"},"canonical":"http:\/\/elregionalvm.com.ar\/noticias-villa-maria\/una-pandemia-de-basura-hemos-generado-mas-de-146-000-toneladas-de-residuos-sanitarios-solo-entre-kits-y-vacunas\/","og_locale":"es_ES","og_type":"article","og_title":"Pandemia de basura: M\u00e1s de 146.000 toneladas de residuos sanitarios solo entre kits y vacunas - El Regional","og_description":"Hay otra forma de medir el impacto del COVID-19. Otra a mayores del n\u00famero de enfermos y fallecidos, ERTE tramitados, millones de euros en p\u00e9rdidas econ\u00f3micas o&nbsp;eventos cancelados, los valores que habitualmente dibujan nuestra imagen de la pandemia y su evoluci\u00f3n. El coronavirus se puede calibrar tambi\u00e9n en toneladas de desperdicios. Y se puede hacer [&hellip;]","og_url":"http:\/\/elregionalvm.com.ar\/noticias-villa-maria\/una-pandemia-de-basura-hemos-generado-mas-de-146-000-toneladas-de-residuos-sanitarios-solo-entre-kits-y-vacunas\/","og_site_name":"El Regional","article_publisher":"https:\/\/www.facebook.com\/elregionalvm","article_published_time":"2022-02-07T18:48:00+00:00","article_modified_time":"2022-02-09T02:07:04+00:00","og_image":[{"width":1366,"height":909,"url":"http:\/\/elregionalvm.com.ar\/noticias-villa-maria\/wp-content\/uploads\/2022\/02\/basura.jpg","type":"image\/jpeg"}],"author":"Contenidos El Regional","twitter_card":"summary_large_image","twitter_creator":"@elregionalvm1","twitter_site":"@elregionalvm1","twitter_misc":{"Escrito por":"Contenidos El Regional","Tiempo de lectura":"7 minutos"},"schema":{"@context":"https:\/\/schema.org","@graph":[{"@type":"Article","@id":"http:\/\/elregionalvm.com.ar\/noticias-villa-maria\/una-pandemia-de-basura-hemos-generado-mas-de-146-000-toneladas-de-residuos-sanitarios-solo-entre-kits-y-vacunas\/#article","isPartOf":{"@id":"http:\/\/elregionalvm.com.ar\/noticias-villa-maria\/una-pandemia-de-basura-hemos-generado-mas-de-146-000-toneladas-de-residuos-sanitarios-solo-entre-kits-y-vacunas\/"},"author":{"name":"Contenidos El Regional","@id":"http:\/\/elregionalvm.com.ar\/noticias-villa-maria\/#\/schema\/person\/a0fb9c422317faca23d50163151bc354"},"headline":"Pandemia de basura: M\u00e1s de 146.000 toneladas de residuos sanitarios solo entre kits y vacunas","datePublished":"2022-02-07T18:48:00+00:00","dateModified":"2022-02-09T02:07:04+00:00","mainEntityOfPage":{"@id":"http:\/\/elregionalvm.com.ar\/noticias-villa-maria\/una-pandemia-de-basura-hemos-generado-mas-de-146-000-toneladas-de-residuos-sanitarios-solo-entre-kits-y-vacunas\/"},"wordCount":1382,"commentCount":0,"image":{"@id":"http:\/\/elregionalvm.com.ar\/noticias-villa-maria\/una-pandemia-de-basura-hemos-generado-mas-de-146-000-toneladas-de-residuos-sanitarios-solo-entre-kits-y-vacunas\/#primaryimage"},"thumbnailUrl":"https:\/\/i0.wp.com\/elregionalvm.com.ar\/noticias-villa-maria\/wp-content\/uploads\/2022\/02\/basura.jpg?fit=1366%2C909&ssl=1","keywords":["basura","Coronavirus","Covid 19","kits","pandemia","vacunas"],"articleSection":["Coronavirus","Sociedad","tercera"],"inLanguage":"es","potentialAction":[{"@type":"CommentAction","name":"Comment","target":["http:\/\/elregionalvm.com.ar\/noticias-villa-maria\/una-pandemia-de-basura-hemos-generado-mas-de-146-000-toneladas-de-residuos-sanitarios-solo-entre-kits-y-vacunas\/#respond"]}]},{"@type":"WebPage","@id":"http:\/\/elregionalvm.com.ar\/noticias-villa-maria\/una-pandemia-de-basura-hemos-generado-mas-de-146-000-toneladas-de-residuos-sanitarios-solo-entre-kits-y-vacunas\/","url":"http:\/\/elregionalvm.com.ar\/noticias-villa-maria\/una-pandemia-de-basura-hemos-generado-mas-de-146-000-toneladas-de-residuos-sanitarios-solo-entre-kits-y-vacunas\/","name":"Pandemia de basura: M\u00e1s de 146.000 toneladas de residuos sanitarios solo entre kits y vacunas - El Regional","isPartOf":{"@id":"http:\/\/elregionalvm.com.ar\/noticias-villa-maria\/#website"},"primaryImageOfPage":{"@id":"http:\/\/elregionalvm.com.ar\/noticias-villa-maria\/una-pandemia-de-basura-hemos-generado-mas-de-146-000-toneladas-de-residuos-sanitarios-solo-entre-kits-y-vacunas\/#primaryimage"},"image":{"@id":"http:\/\/elregionalvm.com.ar\/noticias-villa-maria\/una-pandemia-de-basura-hemos-generado-mas-de-146-000-toneladas-de-residuos-sanitarios-solo-entre-kits-y-vacunas\/#primaryimage"},"thumbnailUrl":"https:\/\/i0.wp.com\/elregionalvm.com.ar\/noticias-villa-maria\/wp-content\/uploads\/2022\/02\/basura.jpg?fit=1366%2C909&ssl=1","datePublished":"2022-02-07T18:48:00+00:00","dateModified":"2022-02-09T02:07:04+00:00","author":{"@id":"http:\/\/elregionalvm.com.ar\/noticias-villa-maria\/#\/schema\/person\/a0fb9c422317faca23d50163151bc354"},"breadcrumb":{"@id":"http:\/\/elregionalvm.com.ar\/noticias-villa-maria\/una-pandemia-de-basura-hemos-generado-mas-de-146-000-toneladas-de-residuos-sanitarios-solo-entre-kits-y-vacunas\/#breadcrumb"},"inLanguage":"es","potentialAction":[{"@type":"ReadAction","target":["http:\/\/elregionalvm.com.ar\/noticias-villa-maria\/una-pandemia-de-basura-hemos-generado-mas-de-146-000-toneladas-de-residuos-sanitarios-solo-entre-kits-y-vacunas\/"]}]},{"@type":"ImageObject","inLanguage":"es","@id":"http:\/\/elregionalvm.com.ar\/noticias-villa-maria\/una-pandemia-de-basura-hemos-generado-mas-de-146-000-toneladas-de-residuos-sanitarios-solo-entre-kits-y-vacunas\/#primaryimage","url":"https:\/\/i0.wp.com\/elregionalvm.com.ar\/noticias-villa-maria\/wp-content\/uploads\/2022\/02\/basura.jpg?fit=1366%2C909&ssl=1","contentUrl":"https:\/\/i0.wp.com\/elregionalvm.com.ar\/noticias-villa-maria\/wp-content\/uploads\/2022\/02\/basura.jpg?fit=1366%2C909&ssl=1","width":1366,"height":909},{"@type":"BreadcrumbList","@id":"http:\/\/elregionalvm.com.ar\/noticias-villa-maria\/una-pandemia-de-basura-hemos-generado-mas-de-146-000-toneladas-de-residuos-sanitarios-solo-entre-kits-y-vacunas\/#breadcrumb","itemListElement":[{"@type":"ListItem","position":1,"name":"Portada","item":"https:\/\/elregionalvm.com.ar\/noticias-villa-maria\/"},{"@type":"ListItem","position":2,"name":"Pandemia de basura: M\u00e1s de 146.000 toneladas de residuos sanitarios solo entre kits y vacunas"}]},{"@type":"WebSite","@id":"http:\/\/elregionalvm.com.ar\/noticias-villa-maria\/#website","url":"http:\/\/elregionalvm.com.ar\/noticias-villa-maria\/","name":"El Regional","description":"Mucho m\u00e1s que informaci\u00f3n","potentialAction":[{"@type":"SearchAction","target":{"@type":"EntryPoint","urlTemplate":"http:\/\/elregionalvm.com.ar\/noticias-villa-maria\/?s={search_term_string}"},"query-input":{"@type":"PropertyValueSpecification","valueRequired":true,"valueName":"search_term_string"}}],"inLanguage":"es"},{"@type":"Person","@id":"http:\/\/elregionalvm.com.ar\/noticias-villa-maria\/#\/schema\/person\/a0fb9c422317faca23d50163151bc354","name":"Contenidos El Regional","image":{"@type":"ImageObject","inLanguage":"es","@id":"http:\/\/elregionalvm.com.ar\/noticias-villa-maria\/#\/schema\/person\/image\/","url":"https:\/\/secure.gravatar.com\/avatar\/265b27cb2209af7bb3a1318f03305787d7981a5cc6e6cd08fe5a4ecdf99d4b48?s=96&d=mm&r=g","contentUrl":"https:\/\/secure.gravatar.com\/avatar\/265b27cb2209af7bb3a1318f03305787d7981a5cc6e6cd08fe5a4ecdf99d4b48?s=96&d=mm&r=g","caption":"Contenidos El Regional"},"url":"https:\/\/elregionalvm.com.ar\/noticias-villa-maria\/author\/contenido\/"}]}},"jetpack_featured_media_url":"https:\/\/i0.wp.com\/elregionalvm.com.ar\/noticias-villa-maria\/wp-content\/uploads\/2022\/02\/basura.jpg?fit=1366%2C909&ssl=1","jetpack_sharing_enabled":true,"_links":{"self":[{"href":"https:\/\/elregionalvm.com.ar\/noticias-villa-maria\/wp-json\/wp\/v2\/posts\/52256","targetHints":{"allow":["GET"]}}],"collection":[{"href":"https:\/\/elregionalvm.com.ar\/noticias-villa-maria\/wp-json\/wp\/v2\/posts"}],"about":[{"href":"https:\/\/elregionalvm.com.ar\/noticias-villa-maria\/wp-json\/wp\/v2\/types\/post"}],"author":[{"embeddable":true,"href":"https:\/\/elregionalvm.com.ar\/noticias-villa-maria\/wp-json\/wp\/v2\/users\/4"}],"replies":[{"embeddable":true,"href":"https:\/\/elregionalvm.com.ar\/noticias-villa-maria\/wp-json\/wp\/v2\/comments?post=52256"}],"version-history":[{"count":5,"href":"https:\/\/elregionalvm.com.ar\/noticias-villa-maria\/wp-json\/wp\/v2\/posts\/52256\/revisions"}],"predecessor-version":[{"id":52326,"href":"https:\/\/elregionalvm.com.ar\/noticias-villa-maria\/wp-json\/wp\/v2\/posts\/52256\/revisions\/52326"}],"wp:featuredmedia":[{"embeddable":true,"href":"https:\/\/elregionalvm.com.ar\/noticias-villa-maria\/wp-json\/wp\/v2\/media\/52258"}],"wp:attachment":[{"href":"https:\/\/elregionalvm.com.ar\/noticias-villa-maria\/wp-json\/wp\/v2\/media?parent=52256"}],"wp:term":[{"taxonomy":"category","embeddable":true,"href":"https:\/\/elregionalvm.com.ar\/noticias-villa-maria\/wp-json\/wp\/v2\/categories?post=52256"},{"taxonomy":"post_tag","embeddable":true,"href":"https:\/\/elregionalvm.com.ar\/noticias-villa-maria\/wp-json\/wp\/v2\/tags?post=52256"}],"curies":[{"name":"wp","href":"https:\/\/api.w.org\/{rel}","templated":true}]}}