{"id":52263,"date":"2022-02-07T20:14:48","date_gmt":"2022-02-07T20:14:48","guid":{"rendered":"https:\/\/elregionalvm.com.ar\/noticias-villa-maria\/?p=52263"},"modified":"2022-02-07T20:14:51","modified_gmt":"2022-02-07T20:14:51","slug":"wenceslao-escalante-solicitan-informacion-sobre-una-menor-de-15-anos","status":"publish","type":"post","link":"https:\/\/elregionalvm.com.ar\/noticias-villa-maria\/wenceslao-escalante-solicitan-informacion-sobre-una-menor-de-15-anos\/","title":{"rendered":"[Wenceslao Escalante] Solicitan informaci\u00f3n sobre una menor de 15 a\u00f1os"},"content":{"rendered":"\n<p>El Fiscal de Instrucci\u00f3n de 1\u00b0 Turno de la Fiscal\u00eda de Instrucci\u00f3n de Bell Ville,\u00a0 pide colaboraci\u00f3n para dar con el paradero de la ni\u00f1a Salette Ferrer,\u00a0 de 15 a\u00f1os. La misma se encontraba internada en el Instituto Residencia Wenceslao Escalante por disposici\u00f3n de la SENAF y\u00a0 se fug\u00f3 el 4 de febrero aproximadamente a la medianoche.<\/p>\n\n\n\n<p> La jovencita  vest\u00eda una calza corta de color negra, una remera color negra con una inscripci\u00f3n de color rojo y blanco, cabellos largos que generalmente usa recogido, posee ortodoncia, tez blanca, adem\u00e1s posee en unos de sus brazos\u00a0 un tatuaje con la leyenda \u201cClaudio\u201d.<\/p>\n\n\n\n<p> Cualquier informaci\u00f3n se podr\u00e1 informar a la sede\u00a0 policial m\u00e1s cercana o al tel\u00e9fono 3458-512141 (Guardia) Destacamento policial Wenceslao Escalante.<\/p>\n","protected":false},"excerpt":{"rendered":"<p>El Fiscal de Instrucci\u00f3n de 1\u00b0 Turno de la Fiscal\u00eda de Instrucci\u00f3n de Bell Ville,\u00a0 pide colaboraci\u00f3n para dar con el paradero de la ni\u00f1a Salette Ferrer,\u00a0 de 15 a\u00f1os. La misma se encontraba internada en el Instituto Residencia Wenceslao Escalante por disposici\u00f3n de la SENAF y\u00a0 se fug\u00f3 el 4 de febrero aproximadamente a [&hellip;]<\/p>\n","protected":false},"author":4,"featured_media":52264,"comment_status":"open","ping_status":"open","sticky":false,"template":"","format":"standard","meta":{"site-sidebar-layout":"default","site-content-layout":"default","ast-site-content-layout":"default","site-content-style":"default","site-sidebar-style":"default","ast-global-header-display":"","ast-banner-title-visibility":"","ast-main-header-display":"","ast-hfb-above-header-display":"","ast-hfb-below-header-display":"","ast-hfb-mobile-header-display":"","site-post-title":"","ast-breadcrumbs-content":"","ast-featured-img":"","footer-sml-layout":"","ast-disable-related-posts":"","theme-transparent-header-meta":"default","adv-header-id-meta":"","stick-header-meta":"","header-above-stick-meta":"","header-main-stick-meta":"","header-below-stick-meta":"","astra-migrate-meta-layouts":"default","ast-page-background-enabled":"default","ast-page-background-meta":{"desktop":{"background-color":"","background-image":"","background-repeat":"repeat","background-position":"center center","background-size":"auto","background-attachment":"scroll","background-type":"","background-media":"","overlay-type":"","overlay-color":"","overlay-opacity":"","overlay-gradient":""},"tablet":{"background-color":"","background-image":"","background-repeat":"repeat","background-position":"center center","background-size":"auto","background-attachment":"scroll","background-type":"","background-media":"","overlay-type":"","overlay-color":"","overlay-opacity":"","overlay-gradient":""},"mobile":{"background-color":"","background-image":"","background-repeat":"repeat","background-position":"center center","background-size":"auto","background-attachment":"scroll","background-type":"","background-media":"","overlay-type":"","overlay-color":"","overlay-opacity":"","overlay-gradient":""}},"ast-content-background-meta":{"desktop":{"background-color":"var(--ast-global-color-5)","background-image":"","background-repeat":"repeat","background-position":"center center","background-size":"auto","background-attachment":"scroll","background-type":"","background-media":"","overlay-type":"","overlay-color":"","overlay-opacity":"","overlay-gradient":""},"tablet":{"background-color":"var(--ast-global-color-5)","background-image":"","background-repeat":"repeat","background-position":"center center","background-size":"auto","background-attachment":"scroll","background-type":"","background-media":"","overlay-type":"","overlay-color":"","overlay-opacity":"","overlay-gradient":""},"mobile":{"background-color":"var(--ast-global-color-5)","background-image":"","background-repeat":"repeat","background-position":"center center","background-size":"auto","background-attachment":"scroll","background-type":"","background-media":"","overlay-type":"","overlay-color":"","overlay-opacity":"","overlay-gradient":""}},"_jetpack_memberships_contains_paid_content":false,"_joinchat":[],"footnotes":""},"categories":[2091],"tags":[2877,13561,1232,2652,2488,1459,13563,13562,13560],"class_list":["post-52263","post","type-post","status-publish","format-standard","has-post-thumbnail","hentry","category-region","tag-15-anos","tag-chica-desaparecida","tag-destacado","tag-ministerio-publico-fiscal","tag-policial","tag-region","tag-salette-ferrer","tag-solicitan-informacion","tag-wenceslao-escalante"],"yoast_head":"<!-- This site is optimized with the Yoast SEO plugin v26.8 - https:\/\/yoast.com\/product\/yoast-seo-wordpress\/ -->\n<title>[Wenceslao Escalante] Solicitan informaci\u00f3n sobre una menor de 15 a\u00f1os - El Regional<\/title>\n<meta name=\"robots\" content=\"index, follow, max-snippet:-1, max-image-preview:large, max-video-preview:-1\" \/>\n<link rel=\"canonical\" href=\"http:\/\/elregionalvm.com.ar\/noticias-villa-maria\/wenceslao-escalante-solicitan-informacion-sobre-una-menor-de-15-anos\/\" \/>\n<meta property=\"og:locale\" content=\"es_ES\" \/>\n<meta property=\"og:type\" content=\"article\" \/>\n<meta property=\"og:title\" content=\"[Wenceslao Escalante] Solicitan informaci\u00f3n sobre una menor de 15 a\u00f1os - El Regional\" \/>\n<meta property=\"og:description\" content=\"El Fiscal de Instrucci\u00f3n de 1\u00b0 Turno de la Fiscal\u00eda de Instrucci\u00f3n de Bell Ville,\u00a0 pide colaboraci\u00f3n para dar con el paradero de la ni\u00f1a Salette Ferrer,\u00a0 de 15 a\u00f1os. La misma se encontraba internada en el Instituto Residencia Wenceslao Escalante por disposici\u00f3n de la SENAF y\u00a0 se fug\u00f3 el 4 de febrero aproximadamente a [&hellip;]\" \/>\n<meta property=\"og:url\" content=\"http:\/\/elregionalvm.com.ar\/noticias-villa-maria\/wenceslao-escalante-solicitan-informacion-sobre-una-menor-de-15-anos\/\" \/>\n<meta property=\"og:site_name\" content=\"El Regional\" \/>\n<meta property=\"article:publisher\" content=\"https:\/\/www.facebook.com\/elregionalvm\" \/>\n<meta property=\"article:published_time\" content=\"2022-02-07T20:14:48+00:00\" \/>\n<meta property=\"article:modified_time\" content=\"2022-02-07T20:14:51+00:00\" \/>\n<meta property=\"og:image\" content=\"http:\/\/elregionalvm.com.ar\/noticias-villa-maria\/wp-content\/uploads\/2022\/02\/chica-desaparecida-Wenceslao.jpg\" \/>\n\t<meta property=\"og:image:width\" content=\"642\" \/>\n\t<meta property=\"og:image:height\" content=\"706\" \/>\n\t<meta property=\"og:image:type\" content=\"image\/jpeg\" \/>\n<meta name=\"author\" content=\"Contenidos El Regional\" \/>\n<meta name=\"twitter:card\" content=\"summary_large_image\" \/>\n<meta name=\"twitter:creator\" content=\"@elregionalvm1\" \/>\n<meta name=\"twitter:site\" content=\"@elregionalvm1\" \/>\n<meta name=\"twitter:label1\" content=\"Escrito por\" \/>\n\t<meta name=\"twitter:data1\" content=\"Contenidos El Regional\" \/>\n\t<meta name=\"twitter:label2\" content=\"Tiempo de lectura\" \/>\n\t<meta name=\"twitter:data2\" content=\"1 minuto\" \/>\n<script type=\"application\/ld+json\" class=\"yoast-schema-graph\">{\"@context\":\"https:\/\/schema.org\",\"@graph\":[{\"@type\":\"Article\",\"@id\":\"http:\/\/elregionalvm.com.ar\/noticias-villa-maria\/wenceslao-escalante-solicitan-informacion-sobre-una-menor-de-15-anos\/#article\",\"isPartOf\":{\"@id\":\"http:\/\/elregionalvm.com.ar\/noticias-villa-maria\/wenceslao-escalante-solicitan-informacion-sobre-una-menor-de-15-anos\/\"},\"author\":{\"name\":\"Contenidos El Regional\",\"@id\":\"http:\/\/elregionalvm.com.ar\/noticias-villa-maria\/#\/schema\/person\/a0fb9c422317faca23d50163151bc354\"},\"headline\":\"[Wenceslao Escalante] Solicitan informaci\u00f3n sobre una menor de 15 a\u00f1os\",\"datePublished\":\"2022-02-07T20:14:48+00:00\",\"dateModified\":\"2022-02-07T20:14:51+00:00\",\"mainEntityOfPage\":{\"@id\":\"http:\/\/elregionalvm.com.ar\/noticias-villa-maria\/wenceslao-escalante-solicitan-informacion-sobre-una-menor-de-15-anos\/\"},\"wordCount\":142,\"commentCount\":0,\"image\":{\"@id\":\"http:\/\/elregionalvm.com.ar\/noticias-villa-maria\/wenceslao-escalante-solicitan-informacion-sobre-una-menor-de-15-anos\/#primaryimage\"},\"thumbnailUrl\":\"https:\/\/i0.wp.com\/elregionalvm.com.ar\/noticias-villa-maria\/wp-content\/uploads\/2022\/02\/chica-desaparecida-Wenceslao.jpg?fit=642%2C706&ssl=1\",\"keywords\":[\"15 a\u00f1os\",\"chica desaparecida\",\"destacado\",\"Ministerio P\u00fablico Fiscal\",\"policial\",\"Regi\u00f3n\",\"Salette Ferrer\",\"solicitan informaci\u00f3n\",\"Wenceslao Escalante\"],\"articleSection\":[\"Regi\u00f3n\"],\"inLanguage\":\"es\",\"potentialAction\":[{\"@type\":\"CommentAction\",\"name\":\"Comment\",\"target\":[\"http:\/\/elregionalvm.com.ar\/noticias-villa-maria\/wenceslao-escalante-solicitan-informacion-sobre-una-menor-de-15-anos\/#respond\"]}]},{\"@type\":\"WebPage\",\"@id\":\"http:\/\/elregionalvm.com.ar\/noticias-villa-maria\/wenceslao-escalante-solicitan-informacion-sobre-una-menor-de-15-anos\/\",\"url\":\"http:\/\/elregionalvm.com.ar\/noticias-villa-maria\/wenceslao-escalante-solicitan-informacion-sobre-una-menor-de-15-anos\/\",\"name\":\"[Wenceslao Escalante] Solicitan informaci\u00f3n sobre una menor de 15 a\u00f1os - El Regional\",\"isPartOf\":{\"@id\":\"http:\/\/elregionalvm.com.ar\/noticias-villa-maria\/#website\"},\"primaryImageOfPage\":{\"@id\":\"http:\/\/elregionalvm.com.ar\/noticias-villa-maria\/wenceslao-escalante-solicitan-informacion-sobre-una-menor-de-15-anos\/#primaryimage\"},\"image\":{\"@id\":\"http:\/\/elregionalvm.com.ar\/noticias-villa-maria\/wenceslao-escalante-solicitan-informacion-sobre-una-menor-de-15-anos\/#primaryimage\"},\"thumbnailUrl\":\"https:\/\/i0.wp.com\/elregionalvm.com.ar\/noticias-villa-maria\/wp-content\/uploads\/2022\/02\/chica-desaparecida-Wenceslao.jpg?fit=642%2C706&ssl=1\",\"datePublished\":\"2022-02-07T20:14:48+00:00\",\"dateModified\":\"2022-02-07T20:14:51+00:00\",\"author\":{\"@id\":\"http:\/\/elregionalvm.com.ar\/noticias-villa-maria\/#\/schema\/person\/a0fb9c422317faca23d50163151bc354\"},\"breadcrumb\":{\"@id\":\"http:\/\/elregionalvm.com.ar\/noticias-villa-maria\/wenceslao-escalante-solicitan-informacion-sobre-una-menor-de-15-anos\/#breadcrumb\"},\"inLanguage\":\"es\",\"potentialAction\":[{\"@type\":\"ReadAction\",\"target\":[\"http:\/\/elregionalvm.com.ar\/noticias-villa-maria\/wenceslao-escalante-solicitan-informacion-sobre-una-menor-de-15-anos\/\"]}]},{\"@type\":\"ImageObject\",\"inLanguage\":\"es\",\"@id\":\"http:\/\/elregionalvm.com.ar\/noticias-villa-maria\/wenceslao-escalante-solicitan-informacion-sobre-una-menor-de-15-anos\/#primaryimage\",\"url\":\"https:\/\/i0.wp.com\/elregionalvm.com.ar\/noticias-villa-maria\/wp-content\/uploads\/2022\/02\/chica-desaparecida-Wenceslao.jpg?fit=642%2C706&ssl=1\",\"contentUrl\":\"https:\/\/i0.wp.com\/elregionalvm.com.ar\/noticias-villa-maria\/wp-content\/uploads\/2022\/02\/chica-desaparecida-Wenceslao.jpg?fit=642%2C706&ssl=1\",\"width\":642,\"height\":706},{\"@type\":\"BreadcrumbList\",\"@id\":\"http:\/\/elregionalvm.com.ar\/noticias-villa-maria\/wenceslao-escalante-solicitan-informacion-sobre-una-menor-de-15-anos\/#breadcrumb\",\"itemListElement\":[{\"@type\":\"ListItem\",\"position\":1,\"name\":\"Portada\",\"item\":\"https:\/\/elregionalvm.com.ar\/noticias-villa-maria\/\"},{\"@type\":\"ListItem\",\"position\":2,\"name\":\"[Wenceslao Escalante] Solicitan informaci\u00f3n sobre una menor de 15 a\u00f1os\"}]},{\"@type\":\"WebSite\",\"@id\":\"http:\/\/elregionalvm.com.ar\/noticias-villa-maria\/#website\",\"url\":\"http:\/\/elregionalvm.com.ar\/noticias-villa-maria\/\",\"name\":\"El Regional\",\"description\":\"Mucho m\u00e1s que informaci\u00f3n\",\"potentialAction\":[{\"@type\":\"SearchAction\",\"target\":{\"@type\":\"EntryPoint\",\"urlTemplate\":\"http:\/\/elregionalvm.com.ar\/noticias-villa-maria\/?s={search_term_string}\"},\"query-input\":{\"@type\":\"PropertyValueSpecification\",\"valueRequired\":true,\"valueName\":\"search_term_string\"}}],\"inLanguage\":\"es\"},{\"@type\":\"Person\",\"@id\":\"http:\/\/elregionalvm.com.ar\/noticias-villa-maria\/#\/schema\/person\/a0fb9c422317faca23d50163151bc354\",\"name\":\"Contenidos El Regional\",\"image\":{\"@type\":\"ImageObject\",\"inLanguage\":\"es\",\"@id\":\"http:\/\/elregionalvm.com.ar\/noticias-villa-maria\/#\/schema\/person\/image\/\",\"url\":\"https:\/\/secure.gravatar.com\/avatar\/265b27cb2209af7bb3a1318f03305787d7981a5cc6e6cd08fe5a4ecdf99d4b48?s=96&d=mm&r=g\",\"contentUrl\":\"https:\/\/secure.gravatar.com\/avatar\/265b27cb2209af7bb3a1318f03305787d7981a5cc6e6cd08fe5a4ecdf99d4b48?s=96&d=mm&r=g\",\"caption\":\"Contenidos El Regional\"},\"url\":\"https:\/\/elregionalvm.com.ar\/noticias-villa-maria\/author\/contenido\/\"}]}<\/script>\n<!-- \/ Yoast SEO plugin. -->","yoast_head_json":{"title":"[Wenceslao Escalante] Solicitan informaci\u00f3n sobre una menor de 15 a\u00f1os - El Regional","robots":{"index":"index","follow":"follow","max-snippet":"max-snippet:-1","max-image-preview":"max-image-preview:large","max-video-preview":"max-video-preview:-1"},"canonical":"http:\/\/elregionalvm.com.ar\/noticias-villa-maria\/wenceslao-escalante-solicitan-informacion-sobre-una-menor-de-15-anos\/","og_locale":"es_ES","og_type":"article","og_title":"[Wenceslao Escalante] Solicitan informaci\u00f3n sobre una menor de 15 a\u00f1os - El Regional","og_description":"El Fiscal de Instrucci\u00f3n de 1\u00b0 Turno de la Fiscal\u00eda de Instrucci\u00f3n de Bell Ville,\u00a0 pide colaboraci\u00f3n para dar con el paradero de la ni\u00f1a Salette Ferrer,\u00a0 de 15 a\u00f1os. La misma se encontraba internada en el Instituto Residencia Wenceslao Escalante por disposici\u00f3n de la SENAF y\u00a0 se fug\u00f3 el 4 de febrero aproximadamente a [&hellip;]","og_url":"http:\/\/elregionalvm.com.ar\/noticias-villa-maria\/wenceslao-escalante-solicitan-informacion-sobre-una-menor-de-15-anos\/","og_site_name":"El Regional","article_publisher":"https:\/\/www.facebook.com\/elregionalvm","article_published_time":"2022-02-07T20:14:48+00:00","article_modified_time":"2022-02-07T20:14:51+00:00","og_image":[{"width":642,"height":706,"url":"http:\/\/elregionalvm.com.ar\/noticias-villa-maria\/wp-content\/uploads\/2022\/02\/chica-desaparecida-Wenceslao.jpg","type":"image\/jpeg"}],"author":"Contenidos El Regional","twitter_card":"summary_large_image","twitter_creator":"@elregionalvm1","twitter_site":"@elregionalvm1","twitter_misc":{"Escrito por":"Contenidos El Regional","Tiempo de lectura":"1 minuto"},"schema":{"@context":"https:\/\/schema.org","@graph":[{"@type":"Article","@id":"http:\/\/elregionalvm.com.ar\/noticias-villa-maria\/wenceslao-escalante-solicitan-informacion-sobre-una-menor-de-15-anos\/#article","isPartOf":{"@id":"http:\/\/elregionalvm.com.ar\/noticias-villa-maria\/wenceslao-escalante-solicitan-informacion-sobre-una-menor-de-15-anos\/"},"author":{"name":"Contenidos El Regional","@id":"http:\/\/elregionalvm.com.ar\/noticias-villa-maria\/#\/schema\/person\/a0fb9c422317faca23d50163151bc354"},"headline":"[Wenceslao Escalante] Solicitan informaci\u00f3n sobre una menor de 15 a\u00f1os","datePublished":"2022-02-07T20:14:48+00:00","dateModified":"2022-02-07T20:14:51+00:00","mainEntityOfPage":{"@id":"http:\/\/elregionalvm.com.ar\/noticias-villa-maria\/wenceslao-escalante-solicitan-informacion-sobre-una-menor-de-15-anos\/"},"wordCount":142,"commentCount":0,"image":{"@id":"http:\/\/elregionalvm.com.ar\/noticias-villa-maria\/wenceslao-escalante-solicitan-informacion-sobre-una-menor-de-15-anos\/#primaryimage"},"thumbnailUrl":"https:\/\/i0.wp.com\/elregionalvm.com.ar\/noticias-villa-maria\/wp-content\/uploads\/2022\/02\/chica-desaparecida-Wenceslao.jpg?fit=642%2C706&ssl=1","keywords":["15 a\u00f1os","chica desaparecida","destacado","Ministerio P\u00fablico Fiscal","policial","Regi\u00f3n","Salette Ferrer","solicitan informaci\u00f3n","Wenceslao Escalante"],"articleSection":["Regi\u00f3n"],"inLanguage":"es","potentialAction":[{"@type":"CommentAction","name":"Comment","target":["http:\/\/elregionalvm.com.ar\/noticias-villa-maria\/wenceslao-escalante-solicitan-informacion-sobre-una-menor-de-15-anos\/#respond"]}]},{"@type":"WebPage","@id":"http:\/\/elregionalvm.com.ar\/noticias-villa-maria\/wenceslao-escalante-solicitan-informacion-sobre-una-menor-de-15-anos\/","url":"http:\/\/elregionalvm.com.ar\/noticias-villa-maria\/wenceslao-escalante-solicitan-informacion-sobre-una-menor-de-15-anos\/","name":"[Wenceslao Escalante] Solicitan informaci\u00f3n sobre una menor de 15 a\u00f1os - El Regional","isPartOf":{"@id":"http:\/\/elregionalvm.com.ar\/noticias-villa-maria\/#website"},"primaryImageOfPage":{"@id":"http:\/\/elregionalvm.com.ar\/noticias-villa-maria\/wenceslao-escalante-solicitan-informacion-sobre-una-menor-de-15-anos\/#primaryimage"},"image":{"@id":"http:\/\/elregionalvm.com.ar\/noticias-villa-maria\/wenceslao-escalante-solicitan-informacion-sobre-una-menor-de-15-anos\/#primaryimage"},"thumbnailUrl":"https:\/\/i0.wp.com\/elregionalvm.com.ar\/noticias-villa-maria\/wp-content\/uploads\/2022\/02\/chica-desaparecida-Wenceslao.jpg?fit=642%2C706&ssl=1","datePublished":"2022-02-07T20:14:48+00:00","dateModified":"2022-02-07T20:14:51+00:00","author":{"@id":"http:\/\/elregionalvm.com.ar\/noticias-villa-maria\/#\/schema\/person\/a0fb9c422317faca23d50163151bc354"},"breadcrumb":{"@id":"http:\/\/elregionalvm.com.ar\/noticias-villa-maria\/wenceslao-escalante-solicitan-informacion-sobre-una-menor-de-15-anos\/#breadcrumb"},"inLanguage":"es","potentialAction":[{"@type":"ReadAction","target":["http:\/\/elregionalvm.com.ar\/noticias-villa-maria\/wenceslao-escalante-solicitan-informacion-sobre-una-menor-de-15-anos\/"]}]},{"@type":"ImageObject","inLanguage":"es","@id":"http:\/\/elregionalvm.com.ar\/noticias-villa-maria\/wenceslao-escalante-solicitan-informacion-sobre-una-menor-de-15-anos\/#primaryimage","url":"https:\/\/i0.wp.com\/elregionalvm.com.ar\/noticias-villa-maria\/wp-content\/uploads\/2022\/02\/chica-desaparecida-Wenceslao.jpg?fit=642%2C706&ssl=1","contentUrl":"https:\/\/i0.wp.com\/elregionalvm.com.ar\/noticias-villa-maria\/wp-content\/uploads\/2022\/02\/chica-desaparecida-Wenceslao.jpg?fit=642%2C706&ssl=1","width":642,"height":706},{"@type":"BreadcrumbList","@id":"http:\/\/elregionalvm.com.ar\/noticias-villa-maria\/wenceslao-escalante-solicitan-informacion-sobre-una-menor-de-15-anos\/#breadcrumb","itemListElement":[{"@type":"ListItem","position":1,"name":"Portada","item":"https:\/\/elregionalvm.com.ar\/noticias-villa-maria\/"},{"@type":"ListItem","position":2,"name":"[Wenceslao Escalante] Solicitan informaci\u00f3n sobre una menor de 15 a\u00f1os"}]},{"@type":"WebSite","@id":"http:\/\/elregionalvm.com.ar\/noticias-villa-maria\/#website","url":"http:\/\/elregionalvm.com.ar\/noticias-villa-maria\/","name":"El Regional","description":"Mucho m\u00e1s que informaci\u00f3n","potentialAction":[{"@type":"SearchAction","target":{"@type":"EntryPoint","urlTemplate":"http:\/\/elregionalvm.com.ar\/noticias-villa-maria\/?s={search_term_string}"},"query-input":{"@type":"PropertyValueSpecification","valueRequired":true,"valueName":"search_term_string"}}],"inLanguage":"es"},{"@type":"Person","@id":"http:\/\/elregionalvm.com.ar\/noticias-villa-maria\/#\/schema\/person\/a0fb9c422317faca23d50163151bc354","name":"Contenidos El Regional","image":{"@type":"ImageObject","inLanguage":"es","@id":"http:\/\/elregionalvm.com.ar\/noticias-villa-maria\/#\/schema\/person\/image\/","url":"https:\/\/secure.gravatar.com\/avatar\/265b27cb2209af7bb3a1318f03305787d7981a5cc6e6cd08fe5a4ecdf99d4b48?s=96&d=mm&r=g","contentUrl":"https:\/\/secure.gravatar.com\/avatar\/265b27cb2209af7bb3a1318f03305787d7981a5cc6e6cd08fe5a4ecdf99d4b48?s=96&d=mm&r=g","caption":"Contenidos El Regional"},"url":"https:\/\/elregionalvm.com.ar\/noticias-villa-maria\/author\/contenido\/"}]}},"jetpack_featured_media_url":"https:\/\/i0.wp.com\/elregionalvm.com.ar\/noticias-villa-maria\/wp-content\/uploads\/2022\/02\/chica-desaparecida-Wenceslao.jpg?fit=642%2C706&ssl=1","jetpack_sharing_enabled":true,"_links":{"self":[{"href":"https:\/\/elregionalvm.com.ar\/noticias-villa-maria\/wp-json\/wp\/v2\/posts\/52263","targetHints":{"allow":["GET"]}}],"collection":[{"href":"https:\/\/elregionalvm.com.ar\/noticias-villa-maria\/wp-json\/wp\/v2\/posts"}],"about":[{"href":"https:\/\/elregionalvm.com.ar\/noticias-villa-maria\/wp-json\/wp\/v2\/types\/post"}],"author":[{"embeddable":true,"href":"https:\/\/elregionalvm.com.ar\/noticias-villa-maria\/wp-json\/wp\/v2\/users\/4"}],"replies":[{"embeddable":true,"href":"https:\/\/elregionalvm.com.ar\/noticias-villa-maria\/wp-json\/wp\/v2\/comments?post=52263"}],"version-history":[{"count":1,"href":"https:\/\/elregionalvm.com.ar\/noticias-villa-maria\/wp-json\/wp\/v2\/posts\/52263\/revisions"}],"predecessor-version":[{"id":52265,"href":"https:\/\/elregionalvm.com.ar\/noticias-villa-maria\/wp-json\/wp\/v2\/posts\/52263\/revisions\/52265"}],"wp:featuredmedia":[{"embeddable":true,"href":"https:\/\/elregionalvm.com.ar\/noticias-villa-maria\/wp-json\/wp\/v2\/media\/52264"}],"wp:attachment":[{"href":"https:\/\/elregionalvm.com.ar\/noticias-villa-maria\/wp-json\/wp\/v2\/media?parent=52263"}],"wp:term":[{"taxonomy":"category","embeddable":true,"href":"https:\/\/elregionalvm.com.ar\/noticias-villa-maria\/wp-json\/wp\/v2\/categories?post=52263"},{"taxonomy":"post_tag","embeddable":true,"href":"https:\/\/elregionalvm.com.ar\/noticias-villa-maria\/wp-json\/wp\/v2\/tags?post=52263"}],"curies":[{"name":"wp","href":"https:\/\/api.w.org\/{rel}","templated":true}]}}