{"id":52266,"date":"2022-02-07T21:21:24","date_gmt":"2022-02-07T21:21:24","guid":{"rendered":"https:\/\/elregionalvm.com.ar\/noticias-villa-maria\/?p=52266"},"modified":"2022-02-07T21:21:25","modified_gmt":"2022-02-07T21:21:25","slug":"festival-de-villa-maria-ya-se-sabe-que-artista-abrira-el-show-el-viernes-11","status":"publish","type":"post","link":"https:\/\/elregionalvm.com.ar\/noticias-villa-maria\/festival-de-villa-maria-ya-se-sabe-que-artista-abrira-el-show-el-viernes-11\/","title":{"rendered":"Festival de Villa Mar\u00eda: ya se sabe qu\u00e9 artista abrir\u00e1 el show el viernes 11"},"content":{"rendered":"\n<p>Villa Mar\u00eda Deporte y Turismo SEM informa que la artista chilena Cami ser\u00e1 la encargada de abrir el Festival Internacional de Pe\u00f1as.<\/p>\n\n\n\n<p>Tras el saludo oficial del Maestro de Ceremonias, Miguel Borsatto, a las 21:30hs, la artista de 25 a\u00f1os que ha obtenido distinciones de Platino por sus trabajos discogr\u00e1ficos y se presenta por primera vez en el Festival, subir\u00e1 al escenario Hern\u00e1n Figueroa Reyes, el pr\u00f3ximo viernes 11 de febrero.<\/p>\n\n\n\n<p>La apertura de puertas del Anfiteatro Municipal se realizar\u00e1 a las 19 horas y la fila para ingresar al predio se desarrollar\u00e1 en sentido inverso al de a\u00f1os anteriores (Desde la puerta principal hacia el sector del Sport Social Club).<\/p>\n\n\n\n<p> <strong>Cami, una artista chilena de proyecci\u00f3n&#8230;<\/strong> <\/p>\n\n\n\n<figure class=\"wp-block-image size-large\"><img data-recalc-dims=\"1\" fetchpriority=\"high\" decoding=\"async\" width=\"1024\" height=\"538\" src=\"https:\/\/i0.wp.com\/elregionalvm.com.ar\/noticias-villa-maria\/wp-content\/uploads\/2022\/02\/Cami.jpg?resize=1024%2C538&#038;ssl=1\" alt=\"\" class=\"wp-image-52267\" srcset=\"https:\/\/i0.wp.com\/elregionalvm.com.ar\/noticias-villa-maria\/wp-content\/uploads\/2022\/02\/Cami.jpg?resize=1024%2C538&amp;ssl=1 1024w, https:\/\/i0.wp.com\/elregionalvm.com.ar\/noticias-villa-maria\/wp-content\/uploads\/2022\/02\/Cami.jpg?resize=300%2C158&amp;ssl=1 300w, https:\/\/i0.wp.com\/elregionalvm.com.ar\/noticias-villa-maria\/wp-content\/uploads\/2022\/02\/Cami.jpg?resize=768%2C403&amp;ssl=1 768w, https:\/\/i0.wp.com\/elregionalvm.com.ar\/noticias-villa-maria\/wp-content\/uploads\/2022\/02\/Cami.jpg?w=1200&amp;ssl=1 1200w\" sizes=\"(max-width: 1000px) 100vw, 1000px\" \/><figcaption><em>Cami, la artista encargada de abrir el show en la nueva edici\u00f3n del Festival de Villa Mar\u00eda<\/em><\/figcaption><\/figure>\n\n\n\n<p>Su verdadero nombre es Camila Anastasia Gallardo Montalva y naci\u00f3 en Vi\u00f1a del Mar, el 2 de noviembre de 1996, pero es m\u00e1s conocida por su nombre art\u00edstico Cami, esta compositora y cantante chilena.<\/p>\n\n\n\n<p>Se hizo conocida en la primera temporada del programa de televisi\u00f3n The Voice Chile, donde obtuvo el segundo lugar. De ah\u00ed, salt\u00f3 a la fama y firm\u00f3 con Universal Music. En 2018 lanz\u00f3 su primer \u00e1lbum de estudio, Rosa, del cual fueron sencillos \u00abM\u00e1s de la mitad\u00bb, \u00abAbr\u00e1zame\u00bb y \u00abQuerida rosa\u00bb, entre otros. En 2020 lanz\u00f3 su segundo disco, Monstruo que incluye sencillos tales como \u00abAqu\u00ed estoy\u00bb, \u00abFuneral\u00bb y \u00abLa despedida\u00bb, entre otros.<\/p>\n\n\n\n<p>Ha obtenido dos nominaciones a los Premios Grammy Latinos y una nominaci\u00f3n a los Premios Grammy, convirti\u00e9ndose en la chilena m\u00e1s joven en ser nominada a uno de estos premios internacionales.<\/p>\n","protected":false},"excerpt":{"rendered":"<p>Villa Mar\u00eda Deporte y Turismo SEM informa que la artista chilena Cami ser\u00e1 la encargada de abrir el Festival Internacional de Pe\u00f1as. Tras el saludo oficial del Maestro de Ceremonias, Miguel Borsatto, a las 21:30hs, la artista de 25 a\u00f1os que ha obtenido distinciones de Platino por sus trabajos discogr\u00e1ficos y se presenta por primera [&hellip;]<\/p>\n","protected":false},"author":4,"featured_media":52268,"comment_status":"open","ping_status":"open","sticky":false,"template":"","format":"standard","meta":{"site-sidebar-layout":"default","site-content-layout":"default","ast-site-content-layout":"default","site-content-style":"default","site-sidebar-style":"default","ast-global-header-display":"","ast-banner-title-visibility":"","ast-main-header-display":"","ast-hfb-above-header-display":"","ast-hfb-below-header-display":"","ast-hfb-mobile-header-display":"","site-post-title":"","ast-breadcrumbs-content":"","ast-featured-img":"","footer-sml-layout":"","ast-disable-related-posts":"","theme-transparent-header-meta":"default","adv-header-id-meta":"","stick-header-meta":"","header-above-stick-meta":"","header-main-stick-meta":"","header-below-stick-meta":"","astra-migrate-meta-layouts":"default","ast-page-background-enabled":"default","ast-page-background-meta":{"desktop":{"background-color":"","background-image":"","background-repeat":"repeat","background-position":"center center","background-size":"auto","background-attachment":"scroll","background-type":"","background-media":"","overlay-type":"","overlay-color":"","overlay-opacity":"","overlay-gradient":""},"tablet":{"background-color":"","background-image":"","background-repeat":"repeat","background-position":"center center","background-size":"auto","background-attachment":"scroll","background-type":"","background-media":"","overlay-type":"","overlay-color":"","overlay-opacity":"","overlay-gradient":""},"mobile":{"background-color":"","background-image":"","background-repeat":"repeat","background-position":"center center","background-size":"auto","background-attachment":"scroll","background-type":"","background-media":"","overlay-type":"","overlay-color":"","overlay-opacity":"","overlay-gradient":""}},"ast-content-background-meta":{"desktop":{"background-color":"var(--ast-global-color-5)","background-image":"","background-repeat":"repeat","background-position":"center center","background-size":"auto","background-attachment":"scroll","background-type":"","background-media":"","overlay-type":"","overlay-color":"","overlay-opacity":"","overlay-gradient":""},"tablet":{"background-color":"var(--ast-global-color-5)","background-image":"","background-repeat":"repeat","background-position":"center center","background-size":"auto","background-attachment":"scroll","background-type":"","background-media":"","overlay-type":"","overlay-color":"","overlay-opacity":"","overlay-gradient":""},"mobile":{"background-color":"var(--ast-global-color-5)","background-image":"","background-repeat":"repeat","background-position":"center center","background-size":"auto","background-attachment":"scroll","background-type":"","background-media":"","overlay-type":"","overlay-color":"","overlay-opacity":"","overlay-gradient":""}},"_jetpack_memberships_contains_paid_content":false,"_joinchat":[],"footnotes":""},"categories":[13130],"tags":[13567,13565,13566,1232,13564,12092,2248],"class_list":["post-52266","post","type-post","status-publish","format-standard","has-post-thumbnail","hentry","category-festival","tag-abrira-el-show","tag-artista-chilena","tag-cami","tag-destacado","tag-edicion-2022","tag-festival-de-villa-maria","tag-villa-maria-2"],"yoast_head":"<!-- This site is optimized with the Yoast SEO plugin v26.8 - https:\/\/yoast.com\/product\/yoast-seo-wordpress\/ -->\n<title>Festival de Villa Mar\u00eda: ya se sabe qu\u00e9 artista abrir\u00e1 el show el viernes 11 - El Regional<\/title>\n<meta name=\"robots\" content=\"index, follow, max-snippet:-1, max-image-preview:large, max-video-preview:-1\" \/>\n<link rel=\"canonical\" href=\"http:\/\/elregionalvm.com.ar\/noticias-villa-maria\/festival-de-villa-maria-ya-se-sabe-que-artista-abrira-el-show-el-viernes-11\/\" \/>\n<meta property=\"og:locale\" content=\"es_ES\" \/>\n<meta property=\"og:type\" content=\"article\" \/>\n<meta property=\"og:title\" content=\"Festival de Villa Mar\u00eda: ya se sabe qu\u00e9 artista abrir\u00e1 el show el viernes 11 - El Regional\" \/>\n<meta property=\"og:description\" content=\"Villa Mar\u00eda Deporte y Turismo SEM informa que la artista chilena Cami ser\u00e1 la encargada de abrir el Festival Internacional de Pe\u00f1as. Tras el saludo oficial del Maestro de Ceremonias, Miguel Borsatto, a las 21:30hs, la artista de 25 a\u00f1os que ha obtenido distinciones de Platino por sus trabajos discogr\u00e1ficos y se presenta por primera [&hellip;]\" \/>\n<meta property=\"og:url\" content=\"http:\/\/elregionalvm.com.ar\/noticias-villa-maria\/festival-de-villa-maria-ya-se-sabe-que-artista-abrira-el-show-el-viernes-11\/\" \/>\n<meta property=\"og:site_name\" content=\"El Regional\" \/>\n<meta property=\"article:publisher\" content=\"https:\/\/www.facebook.com\/elregionalvm\" \/>\n<meta property=\"article:published_time\" content=\"2022-02-07T21:21:24+00:00\" \/>\n<meta property=\"article:modified_time\" content=\"2022-02-07T21:21:25+00:00\" \/>\n<meta property=\"og:image\" content=\"http:\/\/elregionalvm.com.ar\/noticias-villa-maria\/wp-content\/uploads\/2022\/02\/anfiteatro-2.jpg\" \/>\n\t<meta property=\"og:image:width\" content=\"791\" \/>\n\t<meta property=\"og:image:height\" content=\"445\" \/>\n\t<meta property=\"og:image:type\" content=\"image\/jpeg\" \/>\n<meta name=\"author\" content=\"Contenidos El Regional\" \/>\n<meta name=\"twitter:card\" content=\"summary_large_image\" \/>\n<meta name=\"twitter:creator\" content=\"@elregionalvm1\" \/>\n<meta name=\"twitter:site\" content=\"@elregionalvm1\" \/>\n<meta name=\"twitter:label1\" content=\"Escrito por\" \/>\n\t<meta name=\"twitter:data1\" content=\"Contenidos El Regional\" \/>\n\t<meta name=\"twitter:label2\" content=\"Tiempo de lectura\" \/>\n\t<meta name=\"twitter:data2\" content=\"2 minutos\" \/>\n<script type=\"application\/ld+json\" class=\"yoast-schema-graph\">{\"@context\":\"https:\/\/schema.org\",\"@graph\":[{\"@type\":\"Article\",\"@id\":\"http:\/\/elregionalvm.com.ar\/noticias-villa-maria\/festival-de-villa-maria-ya-se-sabe-que-artista-abrira-el-show-el-viernes-11\/#article\",\"isPartOf\":{\"@id\":\"http:\/\/elregionalvm.com.ar\/noticias-villa-maria\/festival-de-villa-maria-ya-se-sabe-que-artista-abrira-el-show-el-viernes-11\/\"},\"author\":{\"name\":\"Contenidos El Regional\",\"@id\":\"http:\/\/elregionalvm.com.ar\/noticias-villa-maria\/#\/schema\/person\/a0fb9c422317faca23d50163151bc354\"},\"headline\":\"Festival de Villa Mar\u00eda: ya se sabe qu\u00e9 artista abrir\u00e1 el show el viernes 11\",\"datePublished\":\"2022-02-07T21:21:24+00:00\",\"dateModified\":\"2022-02-07T21:21:25+00:00\",\"mainEntityOfPage\":{\"@id\":\"http:\/\/elregionalvm.com.ar\/noticias-villa-maria\/festival-de-villa-maria-ya-se-sabe-que-artista-abrira-el-show-el-viernes-11\/\"},\"wordCount\":299,\"commentCount\":0,\"image\":{\"@id\":\"http:\/\/elregionalvm.com.ar\/noticias-villa-maria\/festival-de-villa-maria-ya-se-sabe-que-artista-abrira-el-show-el-viernes-11\/#primaryimage\"},\"thumbnailUrl\":\"https:\/\/i0.wp.com\/elregionalvm.com.ar\/noticias-villa-maria\/wp-content\/uploads\/2022\/02\/anfiteatro-2.jpg?fit=791%2C445&ssl=1\",\"keywords\":[\"abrir\u00e1 el show\",\"artista chilena\",\"Cami\",\"destacado\",\"edici\u00f3n 2022\",\"Festival de Villa Mar\u00eda\",\"Villa Mar\u00eda\"],\"articleSection\":[\"Festival de Pe\u00f1as\"],\"inLanguage\":\"es\",\"potentialAction\":[{\"@type\":\"CommentAction\",\"name\":\"Comment\",\"target\":[\"http:\/\/elregionalvm.com.ar\/noticias-villa-maria\/festival-de-villa-maria-ya-se-sabe-que-artista-abrira-el-show-el-viernes-11\/#respond\"]}]},{\"@type\":\"WebPage\",\"@id\":\"http:\/\/elregionalvm.com.ar\/noticias-villa-maria\/festival-de-villa-maria-ya-se-sabe-que-artista-abrira-el-show-el-viernes-11\/\",\"url\":\"http:\/\/elregionalvm.com.ar\/noticias-villa-maria\/festival-de-villa-maria-ya-se-sabe-que-artista-abrira-el-show-el-viernes-11\/\",\"name\":\"Festival de Villa Mar\u00eda: ya se sabe qu\u00e9 artista abrir\u00e1 el show el viernes 11 - El Regional\",\"isPartOf\":{\"@id\":\"http:\/\/elregionalvm.com.ar\/noticias-villa-maria\/#website\"},\"primaryImageOfPage\":{\"@id\":\"http:\/\/elregionalvm.com.ar\/noticias-villa-maria\/festival-de-villa-maria-ya-se-sabe-que-artista-abrira-el-show-el-viernes-11\/#primaryimage\"},\"image\":{\"@id\":\"http:\/\/elregionalvm.com.ar\/noticias-villa-maria\/festival-de-villa-maria-ya-se-sabe-que-artista-abrira-el-show-el-viernes-11\/#primaryimage\"},\"thumbnailUrl\":\"https:\/\/i0.wp.com\/elregionalvm.com.ar\/noticias-villa-maria\/wp-content\/uploads\/2022\/02\/anfiteatro-2.jpg?fit=791%2C445&ssl=1\",\"datePublished\":\"2022-02-07T21:21:24+00:00\",\"dateModified\":\"2022-02-07T21:21:25+00:00\",\"author\":{\"@id\":\"http:\/\/elregionalvm.com.ar\/noticias-villa-maria\/#\/schema\/person\/a0fb9c422317faca23d50163151bc354\"},\"breadcrumb\":{\"@id\":\"http:\/\/elregionalvm.com.ar\/noticias-villa-maria\/festival-de-villa-maria-ya-se-sabe-que-artista-abrira-el-show-el-viernes-11\/#breadcrumb\"},\"inLanguage\":\"es\",\"potentialAction\":[{\"@type\":\"ReadAction\",\"target\":[\"http:\/\/elregionalvm.com.ar\/noticias-villa-maria\/festival-de-villa-maria-ya-se-sabe-que-artista-abrira-el-show-el-viernes-11\/\"]}]},{\"@type\":\"ImageObject\",\"inLanguage\":\"es\",\"@id\":\"http:\/\/elregionalvm.com.ar\/noticias-villa-maria\/festival-de-villa-maria-ya-se-sabe-que-artista-abrira-el-show-el-viernes-11\/#primaryimage\",\"url\":\"https:\/\/i0.wp.com\/elregionalvm.com.ar\/noticias-villa-maria\/wp-content\/uploads\/2022\/02\/anfiteatro-2.jpg?fit=791%2C445&ssl=1\",\"contentUrl\":\"https:\/\/i0.wp.com\/elregionalvm.com.ar\/noticias-villa-maria\/wp-content\/uploads\/2022\/02\/anfiteatro-2.jpg?fit=791%2C445&ssl=1\",\"width\":791,\"height\":445},{\"@type\":\"BreadcrumbList\",\"@id\":\"http:\/\/elregionalvm.com.ar\/noticias-villa-maria\/festival-de-villa-maria-ya-se-sabe-que-artista-abrira-el-show-el-viernes-11\/#breadcrumb\",\"itemListElement\":[{\"@type\":\"ListItem\",\"position\":1,\"name\":\"Portada\",\"item\":\"https:\/\/elregionalvm.com.ar\/noticias-villa-maria\/\"},{\"@type\":\"ListItem\",\"position\":2,\"name\":\"Festival de Villa Mar\u00eda: ya se sabe qu\u00e9 artista abrir\u00e1 el show el viernes 11\"}]},{\"@type\":\"WebSite\",\"@id\":\"http:\/\/elregionalvm.com.ar\/noticias-villa-maria\/#website\",\"url\":\"http:\/\/elregionalvm.com.ar\/noticias-villa-maria\/\",\"name\":\"El Regional\",\"description\":\"Mucho m\u00e1s que informaci\u00f3n\",\"potentialAction\":[{\"@type\":\"SearchAction\",\"target\":{\"@type\":\"EntryPoint\",\"urlTemplate\":\"http:\/\/elregionalvm.com.ar\/noticias-villa-maria\/?s={search_term_string}\"},\"query-input\":{\"@type\":\"PropertyValueSpecification\",\"valueRequired\":true,\"valueName\":\"search_term_string\"}}],\"inLanguage\":\"es\"},{\"@type\":\"Person\",\"@id\":\"http:\/\/elregionalvm.com.ar\/noticias-villa-maria\/#\/schema\/person\/a0fb9c422317faca23d50163151bc354\",\"name\":\"Contenidos El Regional\",\"image\":{\"@type\":\"ImageObject\",\"inLanguage\":\"es\",\"@id\":\"http:\/\/elregionalvm.com.ar\/noticias-villa-maria\/#\/schema\/person\/image\/\",\"url\":\"https:\/\/secure.gravatar.com\/avatar\/265b27cb2209af7bb3a1318f03305787d7981a5cc6e6cd08fe5a4ecdf99d4b48?s=96&d=mm&r=g\",\"contentUrl\":\"https:\/\/secure.gravatar.com\/avatar\/265b27cb2209af7bb3a1318f03305787d7981a5cc6e6cd08fe5a4ecdf99d4b48?s=96&d=mm&r=g\",\"caption\":\"Contenidos El Regional\"},\"url\":\"https:\/\/elregionalvm.com.ar\/noticias-villa-maria\/author\/contenido\/\"}]}<\/script>\n<!-- \/ Yoast SEO plugin. -->","yoast_head_json":{"title":"Festival de Villa Mar\u00eda: ya se sabe qu\u00e9 artista abrir\u00e1 el show el viernes 11 - El Regional","robots":{"index":"index","follow":"follow","max-snippet":"max-snippet:-1","max-image-preview":"max-image-preview:large","max-video-preview":"max-video-preview:-1"},"canonical":"http:\/\/elregionalvm.com.ar\/noticias-villa-maria\/festival-de-villa-maria-ya-se-sabe-que-artista-abrira-el-show-el-viernes-11\/","og_locale":"es_ES","og_type":"article","og_title":"Festival de Villa Mar\u00eda: ya se sabe qu\u00e9 artista abrir\u00e1 el show el viernes 11 - El Regional","og_description":"Villa Mar\u00eda Deporte y Turismo SEM informa que la artista chilena Cami ser\u00e1 la encargada de abrir el Festival Internacional de Pe\u00f1as. Tras el saludo oficial del Maestro de Ceremonias, Miguel Borsatto, a las 21:30hs, la artista de 25 a\u00f1os que ha obtenido distinciones de Platino por sus trabajos discogr\u00e1ficos y se presenta por primera [&hellip;]","og_url":"http:\/\/elregionalvm.com.ar\/noticias-villa-maria\/festival-de-villa-maria-ya-se-sabe-que-artista-abrira-el-show-el-viernes-11\/","og_site_name":"El Regional","article_publisher":"https:\/\/www.facebook.com\/elregionalvm","article_published_time":"2022-02-07T21:21:24+00:00","article_modified_time":"2022-02-07T21:21:25+00:00","og_image":[{"width":791,"height":445,"url":"http:\/\/elregionalvm.com.ar\/noticias-villa-maria\/wp-content\/uploads\/2022\/02\/anfiteatro-2.jpg","type":"image\/jpeg"}],"author":"Contenidos El Regional","twitter_card":"summary_large_image","twitter_creator":"@elregionalvm1","twitter_site":"@elregionalvm1","twitter_misc":{"Escrito por":"Contenidos El Regional","Tiempo de lectura":"2 minutos"},"schema":{"@context":"https:\/\/schema.org","@graph":[{"@type":"Article","@id":"http:\/\/elregionalvm.com.ar\/noticias-villa-maria\/festival-de-villa-maria-ya-se-sabe-que-artista-abrira-el-show-el-viernes-11\/#article","isPartOf":{"@id":"http:\/\/elregionalvm.com.ar\/noticias-villa-maria\/festival-de-villa-maria-ya-se-sabe-que-artista-abrira-el-show-el-viernes-11\/"},"author":{"name":"Contenidos El Regional","@id":"http:\/\/elregionalvm.com.ar\/noticias-villa-maria\/#\/schema\/person\/a0fb9c422317faca23d50163151bc354"},"headline":"Festival de Villa Mar\u00eda: ya se sabe qu\u00e9 artista abrir\u00e1 el show el viernes 11","datePublished":"2022-02-07T21:21:24+00:00","dateModified":"2022-02-07T21:21:25+00:00","mainEntityOfPage":{"@id":"http:\/\/elregionalvm.com.ar\/noticias-villa-maria\/festival-de-villa-maria-ya-se-sabe-que-artista-abrira-el-show-el-viernes-11\/"},"wordCount":299,"commentCount":0,"image":{"@id":"http:\/\/elregionalvm.com.ar\/noticias-villa-maria\/festival-de-villa-maria-ya-se-sabe-que-artista-abrira-el-show-el-viernes-11\/#primaryimage"},"thumbnailUrl":"https:\/\/i0.wp.com\/elregionalvm.com.ar\/noticias-villa-maria\/wp-content\/uploads\/2022\/02\/anfiteatro-2.jpg?fit=791%2C445&ssl=1","keywords":["abrir\u00e1 el show","artista chilena","Cami","destacado","edici\u00f3n 2022","Festival de Villa Mar\u00eda","Villa Mar\u00eda"],"articleSection":["Festival de Pe\u00f1as"],"inLanguage":"es","potentialAction":[{"@type":"CommentAction","name":"Comment","target":["http:\/\/elregionalvm.com.ar\/noticias-villa-maria\/festival-de-villa-maria-ya-se-sabe-que-artista-abrira-el-show-el-viernes-11\/#respond"]}]},{"@type":"WebPage","@id":"http:\/\/elregionalvm.com.ar\/noticias-villa-maria\/festival-de-villa-maria-ya-se-sabe-que-artista-abrira-el-show-el-viernes-11\/","url":"http:\/\/elregionalvm.com.ar\/noticias-villa-maria\/festival-de-villa-maria-ya-se-sabe-que-artista-abrira-el-show-el-viernes-11\/","name":"Festival de Villa Mar\u00eda: ya se sabe qu\u00e9 artista abrir\u00e1 el show el viernes 11 - El Regional","isPartOf":{"@id":"http:\/\/elregionalvm.com.ar\/noticias-villa-maria\/#website"},"primaryImageOfPage":{"@id":"http:\/\/elregionalvm.com.ar\/noticias-villa-maria\/festival-de-villa-maria-ya-se-sabe-que-artista-abrira-el-show-el-viernes-11\/#primaryimage"},"image":{"@id":"http:\/\/elregionalvm.com.ar\/noticias-villa-maria\/festival-de-villa-maria-ya-se-sabe-que-artista-abrira-el-show-el-viernes-11\/#primaryimage"},"thumbnailUrl":"https:\/\/i0.wp.com\/elregionalvm.com.ar\/noticias-villa-maria\/wp-content\/uploads\/2022\/02\/anfiteatro-2.jpg?fit=791%2C445&ssl=1","datePublished":"2022-02-07T21:21:24+00:00","dateModified":"2022-02-07T21:21:25+00:00","author":{"@id":"http:\/\/elregionalvm.com.ar\/noticias-villa-maria\/#\/schema\/person\/a0fb9c422317faca23d50163151bc354"},"breadcrumb":{"@id":"http:\/\/elregionalvm.com.ar\/noticias-villa-maria\/festival-de-villa-maria-ya-se-sabe-que-artista-abrira-el-show-el-viernes-11\/#breadcrumb"},"inLanguage":"es","potentialAction":[{"@type":"ReadAction","target":["http:\/\/elregionalvm.com.ar\/noticias-villa-maria\/festival-de-villa-maria-ya-se-sabe-que-artista-abrira-el-show-el-viernes-11\/"]}]},{"@type":"ImageObject","inLanguage":"es","@id":"http:\/\/elregionalvm.com.ar\/noticias-villa-maria\/festival-de-villa-maria-ya-se-sabe-que-artista-abrira-el-show-el-viernes-11\/#primaryimage","url":"https:\/\/i0.wp.com\/elregionalvm.com.ar\/noticias-villa-maria\/wp-content\/uploads\/2022\/02\/anfiteatro-2.jpg?fit=791%2C445&ssl=1","contentUrl":"https:\/\/i0.wp.com\/elregionalvm.com.ar\/noticias-villa-maria\/wp-content\/uploads\/2022\/02\/anfiteatro-2.jpg?fit=791%2C445&ssl=1","width":791,"height":445},{"@type":"BreadcrumbList","@id":"http:\/\/elregionalvm.com.ar\/noticias-villa-maria\/festival-de-villa-maria-ya-se-sabe-que-artista-abrira-el-show-el-viernes-11\/#breadcrumb","itemListElement":[{"@type":"ListItem","position":1,"name":"Portada","item":"https:\/\/elregionalvm.com.ar\/noticias-villa-maria\/"},{"@type":"ListItem","position":2,"name":"Festival de Villa Mar\u00eda: ya se sabe qu\u00e9 artista abrir\u00e1 el show el viernes 11"}]},{"@type":"WebSite","@id":"http:\/\/elregionalvm.com.ar\/noticias-villa-maria\/#website","url":"http:\/\/elregionalvm.com.ar\/noticias-villa-maria\/","name":"El Regional","description":"Mucho m\u00e1s que informaci\u00f3n","potentialAction":[{"@type":"SearchAction","target":{"@type":"EntryPoint","urlTemplate":"http:\/\/elregionalvm.com.ar\/noticias-villa-maria\/?s={search_term_string}"},"query-input":{"@type":"PropertyValueSpecification","valueRequired":true,"valueName":"search_term_string"}}],"inLanguage":"es"},{"@type":"Person","@id":"http:\/\/elregionalvm.com.ar\/noticias-villa-maria\/#\/schema\/person\/a0fb9c422317faca23d50163151bc354","name":"Contenidos El Regional","image":{"@type":"ImageObject","inLanguage":"es","@id":"http:\/\/elregionalvm.com.ar\/noticias-villa-maria\/#\/schema\/person\/image\/","url":"https:\/\/secure.gravatar.com\/avatar\/265b27cb2209af7bb3a1318f03305787d7981a5cc6e6cd08fe5a4ecdf99d4b48?s=96&d=mm&r=g","contentUrl":"https:\/\/secure.gravatar.com\/avatar\/265b27cb2209af7bb3a1318f03305787d7981a5cc6e6cd08fe5a4ecdf99d4b48?s=96&d=mm&r=g","caption":"Contenidos El Regional"},"url":"https:\/\/elregionalvm.com.ar\/noticias-villa-maria\/author\/contenido\/"}]}},"jetpack_featured_media_url":"https:\/\/i0.wp.com\/elregionalvm.com.ar\/noticias-villa-maria\/wp-content\/uploads\/2022\/02\/anfiteatro-2.jpg?fit=791%2C445&ssl=1","jetpack_sharing_enabled":true,"_links":{"self":[{"href":"https:\/\/elregionalvm.com.ar\/noticias-villa-maria\/wp-json\/wp\/v2\/posts\/52266","targetHints":{"allow":["GET"]}}],"collection":[{"href":"https:\/\/elregionalvm.com.ar\/noticias-villa-maria\/wp-json\/wp\/v2\/posts"}],"about":[{"href":"https:\/\/elregionalvm.com.ar\/noticias-villa-maria\/wp-json\/wp\/v2\/types\/post"}],"author":[{"embeddable":true,"href":"https:\/\/elregionalvm.com.ar\/noticias-villa-maria\/wp-json\/wp\/v2\/users\/4"}],"replies":[{"embeddable":true,"href":"https:\/\/elregionalvm.com.ar\/noticias-villa-maria\/wp-json\/wp\/v2\/comments?post=52266"}],"version-history":[{"count":1,"href":"https:\/\/elregionalvm.com.ar\/noticias-villa-maria\/wp-json\/wp\/v2\/posts\/52266\/revisions"}],"predecessor-version":[{"id":52269,"href":"https:\/\/elregionalvm.com.ar\/noticias-villa-maria\/wp-json\/wp\/v2\/posts\/52266\/revisions\/52269"}],"wp:featuredmedia":[{"embeddable":true,"href":"https:\/\/elregionalvm.com.ar\/noticias-villa-maria\/wp-json\/wp\/v2\/media\/52268"}],"wp:attachment":[{"href":"https:\/\/elregionalvm.com.ar\/noticias-villa-maria\/wp-json\/wp\/v2\/media?parent=52266"}],"wp:term":[{"taxonomy":"category","embeddable":true,"href":"https:\/\/elregionalvm.com.ar\/noticias-villa-maria\/wp-json\/wp\/v2\/categories?post=52266"},{"taxonomy":"post_tag","embeddable":true,"href":"https:\/\/elregionalvm.com.ar\/noticias-villa-maria\/wp-json\/wp\/v2\/tags?post=52266"}],"curies":[{"name":"wp","href":"https:\/\/api.w.org\/{rel}","templated":true}]}}