{"id":52304,"date":"2022-02-08T01:19:14","date_gmt":"2022-02-08T01:19:14","guid":{"rendered":"https:\/\/elregionalvm.com.ar\/noticias-villa-maria\/?p=52304"},"modified":"2022-02-09T02:06:42","modified_gmt":"2022-02-09T02:06:42","slug":"tiempo-loco-gramilla-en-patios-y-jardines-diosa-o-demonio","status":"publish","type":"post","link":"https:\/\/elregionalvm.com.ar\/noticias-villa-maria\/tiempo-loco-gramilla-en-patios-y-jardines-diosa-o-demonio\/","title":{"rendered":"[Tiempo Loco] Gramilla en patios y jardines: \u00bfDiosa o demonio?"},"content":{"rendered":"\n<p><strong>Escribe: Ing. Hern\u00e1n Allasia<\/strong><\/p>\n\n\n\n<p><\/p>\n\n\n\n<p>Les cuento que observo varios a\u00f1os seguido lo mismo en mi jard\u00edn.<\/p>\n\n\n\n<p>Desde el 1\u00b0 de febrero se retrasan los rebrotes de mi c\u00e9sped-gramilla. S\u00ed\u2026 ya s\u00e9\u2026 ya s\u00e9\u2026 a un mes y algo de comenzar el oto\u00f1o, todo cambia, pero quer\u00eda comentarles algo referido a la dichosa y benem\u00e9rita \u00abCynodon dactilon\u00bb. <\/p>\n\n\n\n<p>Es una especie que da un muy buen c\u00e9sped en verano, pero, a partir de ahora y hasta agosto se vuelve amarilla, pierde la hoja y no rebrota porque entra en reposo invernal.<\/p>\n\n\n\n<p><strong>Cosmopolita y bondadosa <\/strong><\/p>\n\n\n\n<p>La bibliograf\u00eda dice que es nativa del norte de \u00c1frica y se sospecha que su patria original ha sido la India, lo que hace entendible que sea una gram\u00ednea de verano que ama el calor y suelos con d\u00e9ficit de agua.<\/p>\n\n\n\n<p>Sus estolones se extienden por sobre el suelo y emite ra\u00edces en cada nudo, lo que le permite avanzar r\u00e1pidamente e instalarse en sitios donde otros pastos encuentran dificultades.<\/p>\n\n\n\n<p><\/p>\n\n\n\n<figure class=\"wp-block-image size-full\"><img data-recalc-dims=\"1\" fetchpriority=\"high\" decoding=\"async\" width=\"1000\" height=\"650\" src=\"https:\/\/i0.wp.com\/elregionalvm.com.ar\/noticias-villa-maria\/wp-content\/uploads\/2022\/02\/gramilla.jpg?resize=1000%2C650&#038;ssl=1\" alt=\"\" class=\"wp-image-52308\" srcset=\"https:\/\/i0.wp.com\/elregionalvm.com.ar\/noticias-villa-maria\/wp-content\/uploads\/2022\/02\/gramilla.jpg?w=1000&amp;ssl=1 1000w, https:\/\/i0.wp.com\/elregionalvm.com.ar\/noticias-villa-maria\/wp-content\/uploads\/2022\/02\/gramilla.jpg?resize=300%2C195&amp;ssl=1 300w, https:\/\/i0.wp.com\/elregionalvm.com.ar\/noticias-villa-maria\/wp-content\/uploads\/2022\/02\/gramilla.jpg?resize=768%2C499&amp;ssl=1 768w\" sizes=\"(max-width: 1000px) 100vw, 1000px\" \/><figcaption><em>La gramilla recibe varios nombres diferentes seg\u00fan el pa\u00eds o regi\u00f3n que se trate. <\/em><\/figcaption><\/figure>\n\n\n\n<p><\/p>\n\n\n\n<p>Algo m\u00e1s. Es cosmopolita. Se ha extendido por todo el mundo y por eso, en habla castellana, tiene numerosos nombres: \u00a0brena, canaria, ca\u00f1ota, c\u00e9sped, diente de perro, escobillas blandas, gambre, grama, grama blanca, grama canaria, grama canina, grama com\u00fan, grama de botica, grama de Espa\u00f1a, grama de secano.<\/p>\n\n\n\n<p>Tambi\u00e9n se la denomina grama fina, grama nudosa, grama oficinal de Espa\u00f1a, gramen, gramia, gram\u00f3n, grom\u00f3n, hierba gramera, hierba rastrera, medicina del perro, pan de perro, pata de gallina, pata de gallo, pata de pollo, pie de gallina, en fin\u2026 una verdadera viajera y con mucho mundo.<\/p>\n\n\n\n<p>Hasta Ricardo G\u00fciraldes, el autor de \u00abDon Segundo Sombra\u00bb, la nombraba en su poes\u00eda. Miren si no\u2026\u00a0\u00a0\u00a0\u00a0\u00a0\u00a0\u00a0\u00a0<\/p>\n\n\n\n<p>\u00a0<\/p>\n\n\n\n<p><strong>Mi caballo (Ricardo G\u00fciraldes)<\/strong><\/p>\n\n\n\n<p>Es un flete criollo, violento y amontonado.<\/p>\n\n\n\n<p>Vive para el llano.<\/p>\n\n\n\n<p>Sus vasos son ebrios de verde y la tarde, en crep\u00fasculo orificado, se enamor\u00f3 de sus ojos.<\/p>\n\n\n\n<p>Comi\u00f3 pampa, en gramilla y tr\u00e9bol, y su hocico resopla vastos golpes, en sed de horizonte.<\/p>\n\n\n\n<p>La l\u00ednea, la eterna l\u00ednea, all\u00e1, en que se acuesta el cielo.<\/p>\n\n\n\n<p>Contra el amanecer, cuando la noche olvida sus estrellas, golpeose el pecho de oro, y en la tarde, enanc\u00f3 chapas de luz.<\/p>\n\n\n\n<p>Iluso, la tierra rod\u00f3 al empuje de sus cascos; fue ritmador del mundo.<\/p>\n\n\n\n<p>\u00bfRealidad? \u00a1Qu\u00e9 importa si vivi\u00f3 de inalcanzable!&#8230;<\/p>\n\n\n\n<p>\u00abLa Porte\u00f1a\u00bb, 1914.<\/p>\n\n\n\n<p><\/p>\n\n\n\n<p><em>Fuentes: &nbsp;<a href=\"http:\/\/www.rionegro.com.ar\">www.rionegro.com.ar<\/a> y <a href=\"http:\/\/www.cervantesvirtual.com\">www.cervantesvirtual.com<\/a> &nbsp;&nbsp;<\/em><\/p>\n","protected":false},"excerpt":{"rendered":"<p>Escribe: Ing. Hern\u00e1n Allasia Les cuento que observo varios a\u00f1os seguido lo mismo en mi jard\u00edn. Desde el 1\u00b0 de febrero se retrasan los rebrotes de mi c\u00e9sped-gramilla. S\u00ed\u2026 ya s\u00e9\u2026 ya s\u00e9\u2026 a un mes y algo de comenzar el oto\u00f1o, todo cambia, pero quer\u00eda comentarles algo referido a la dichosa y benem\u00e9rita \u00abCynodon [&hellip;]<\/p>\n","protected":false},"author":4,"featured_media":52309,"comment_status":"open","ping_status":"open","sticky":false,"template":"","format":"standard","meta":{"site-sidebar-layout":"default","site-content-layout":"default","ast-site-content-layout":"default","site-content-style":"default","site-sidebar-style":"default","ast-global-header-display":"","ast-banner-title-visibility":"","ast-main-header-display":"","ast-hfb-above-header-display":"","ast-hfb-below-header-display":"","ast-hfb-mobile-header-display":"","site-post-title":"","ast-breadcrumbs-content":"","ast-featured-img":"","footer-sml-layout":"","ast-disable-related-posts":"","theme-transparent-header-meta":"default","adv-header-id-meta":"","stick-header-meta":"","header-above-stick-meta":"","header-main-stick-meta":"","header-below-stick-meta":"","astra-migrate-meta-layouts":"default","ast-page-background-enabled":"default","ast-page-background-meta":{"desktop":{"background-color":"","background-image":"","background-repeat":"repeat","background-position":"center center","background-size":"auto","background-attachment":"scroll","background-type":"","background-media":"","overlay-type":"","overlay-color":"","overlay-opacity":"","overlay-gradient":""},"tablet":{"background-color":"","background-image":"","background-repeat":"repeat","background-position":"center center","background-size":"auto","background-attachment":"scroll","background-type":"","background-media":"","overlay-type":"","overlay-color":"","overlay-opacity":"","overlay-gradient":""},"mobile":{"background-color":"","background-image":"","background-repeat":"repeat","background-position":"center center","background-size":"auto","background-attachment":"scroll","background-type":"","background-media":"","overlay-type":"","overlay-color":"","overlay-opacity":"","overlay-gradient":""}},"ast-content-background-meta":{"desktop":{"background-color":"var(--ast-global-color-5)","background-image":"","background-repeat":"repeat","background-position":"center center","background-size":"auto","background-attachment":"scroll","background-type":"","background-media":"","overlay-type":"","overlay-color":"","overlay-opacity":"","overlay-gradient":""},"tablet":{"background-color":"var(--ast-global-color-5)","background-image":"","background-repeat":"repeat","background-position":"center center","background-size":"auto","background-attachment":"scroll","background-type":"","background-media":"","overlay-type":"","overlay-color":"","overlay-opacity":"","overlay-gradient":""},"mobile":{"background-color":"var(--ast-global-color-5)","background-image":"","background-repeat":"repeat","background-position":"center center","background-size":"auto","background-attachment":"scroll","background-type":"","background-media":"","overlay-type":"","overlay-color":"","overlay-opacity":"","overlay-gradient":""}},"_jetpack_memberships_contains_paid_content":false,"_joinchat":[],"footnotes":""},"categories":[4777,3557],"tags":[13585,13588,13587,8879,13586,3677,13589,8700],"class_list":["post-52304","post","type-post","status-publish","format-standard","has-post-thumbnail","hentry","category-econotas","category-tercera","tag-cesped","tag-demonio","tag-diosa","tag-gramilla","tag-jardin","tag-patio","tag-ricardo-guiraldes","tag-tiempo-loco"],"yoast_head":"<!-- This site is optimized with the Yoast SEO plugin v26.8 - https:\/\/yoast.com\/product\/yoast-seo-wordpress\/ -->\n<title>[Tiempo Loco] Gramilla en patios y jardines: \u00bfDiosa o demonio? - El Regional<\/title>\n<meta name=\"description\" content=\"Es una especie que da un muy buen c\u00e9sped en verano, pero, a partir de ahora y hasta agosto se vuelve amarilla, pierde la hoja y no rebrota.\" \/>\n<meta name=\"robots\" content=\"index, follow, max-snippet:-1, max-image-preview:large, max-video-preview:-1\" \/>\n<link rel=\"canonical\" href=\"http:\/\/elregionalvm.com.ar\/noticias-villa-maria\/tiempo-loco-gramilla-en-patios-y-jardines-diosa-o-demonio\/\" \/>\n<meta property=\"og:locale\" content=\"es_ES\" \/>\n<meta property=\"og:type\" content=\"article\" \/>\n<meta property=\"og:title\" content=\"[Tiempo Loco] Gramilla en patios y jardines: \u00bfDiosa o demonio? - El Regional\" \/>\n<meta property=\"og:description\" content=\"Es una especie que da un muy buen c\u00e9sped en verano, pero, a partir de ahora y hasta agosto se vuelve amarilla, pierde la hoja y no rebrota.\" \/>\n<meta property=\"og:url\" content=\"http:\/\/elregionalvm.com.ar\/noticias-villa-maria\/tiempo-loco-gramilla-en-patios-y-jardines-diosa-o-demonio\/\" \/>\n<meta property=\"og:site_name\" content=\"El Regional\" \/>\n<meta property=\"article:publisher\" content=\"https:\/\/www.facebook.com\/elregionalvm\" \/>\n<meta property=\"article:published_time\" content=\"2022-02-08T01:19:14+00:00\" \/>\n<meta property=\"article:modified_time\" content=\"2022-02-09T02:06:42+00:00\" \/>\n<meta property=\"og:image\" content=\"http:\/\/elregionalvm.com.ar\/noticias-villa-maria\/wp-content\/uploads\/2022\/02\/gramilla-cerca.jpg\" \/>\n\t<meta property=\"og:image:width\" content=\"800\" \/>\n\t<meta property=\"og:image:height\" content=\"533\" \/>\n\t<meta property=\"og:image:type\" content=\"image\/jpeg\" \/>\n<meta name=\"author\" content=\"Contenidos El Regional\" \/>\n<meta name=\"twitter:card\" content=\"summary_large_image\" \/>\n<meta name=\"twitter:creator\" content=\"@elregionalvm1\" \/>\n<meta name=\"twitter:site\" content=\"@elregionalvm1\" \/>\n<meta name=\"twitter:label1\" content=\"Escrito por\" \/>\n\t<meta name=\"twitter:data1\" content=\"Contenidos El Regional\" \/>\n\t<meta name=\"twitter:label2\" content=\"Tiempo de lectura\" \/>\n\t<meta name=\"twitter:data2\" content=\"3 minutos\" \/>\n<script type=\"application\/ld+json\" class=\"yoast-schema-graph\">{\"@context\":\"https:\/\/schema.org\",\"@graph\":[{\"@type\":\"Article\",\"@id\":\"http:\/\/elregionalvm.com.ar\/noticias-villa-maria\/tiempo-loco-gramilla-en-patios-y-jardines-diosa-o-demonio\/#article\",\"isPartOf\":{\"@id\":\"http:\/\/elregionalvm.com.ar\/noticias-villa-maria\/tiempo-loco-gramilla-en-patios-y-jardines-diosa-o-demonio\/\"},\"author\":{\"name\":\"Contenidos El Regional\",\"@id\":\"http:\/\/elregionalvm.com.ar\/noticias-villa-maria\/#\/schema\/person\/a0fb9c422317faca23d50163151bc354\"},\"headline\":\"[Tiempo Loco] Gramilla en patios y jardines: \u00bfDiosa o demonio?\",\"datePublished\":\"2022-02-08T01:19:14+00:00\",\"dateModified\":\"2022-02-09T02:06:42+00:00\",\"mainEntityOfPage\":{\"@id\":\"http:\/\/elregionalvm.com.ar\/noticias-villa-maria\/tiempo-loco-gramilla-en-patios-y-jardines-diosa-o-demonio\/\"},\"wordCount\":446,\"commentCount\":0,\"image\":{\"@id\":\"http:\/\/elregionalvm.com.ar\/noticias-villa-maria\/tiempo-loco-gramilla-en-patios-y-jardines-diosa-o-demonio\/#primaryimage\"},\"thumbnailUrl\":\"https:\/\/i0.wp.com\/elregionalvm.com.ar\/noticias-villa-maria\/wp-content\/uploads\/2022\/02\/gramilla-cerca.jpg?fit=800%2C533&ssl=1\",\"keywords\":[\"c\u00e9sped\",\"demonio\",\"diosa\",\"Gramilla\",\"jard\u00edn\",\"patio\",\"Ricardo G\u00fciraldes\",\"Tiempo loco\"],\"articleSection\":[\"Econotas\",\"tercera\"],\"inLanguage\":\"es\",\"potentialAction\":[{\"@type\":\"CommentAction\",\"name\":\"Comment\",\"target\":[\"http:\/\/elregionalvm.com.ar\/noticias-villa-maria\/tiempo-loco-gramilla-en-patios-y-jardines-diosa-o-demonio\/#respond\"]}]},{\"@type\":\"WebPage\",\"@id\":\"http:\/\/elregionalvm.com.ar\/noticias-villa-maria\/tiempo-loco-gramilla-en-patios-y-jardines-diosa-o-demonio\/\",\"url\":\"http:\/\/elregionalvm.com.ar\/noticias-villa-maria\/tiempo-loco-gramilla-en-patios-y-jardines-diosa-o-demonio\/\",\"name\":\"[Tiempo Loco] Gramilla en patios y jardines: \u00bfDiosa o demonio? - El Regional\",\"isPartOf\":{\"@id\":\"http:\/\/elregionalvm.com.ar\/noticias-villa-maria\/#website\"},\"primaryImageOfPage\":{\"@id\":\"http:\/\/elregionalvm.com.ar\/noticias-villa-maria\/tiempo-loco-gramilla-en-patios-y-jardines-diosa-o-demonio\/#primaryimage\"},\"image\":{\"@id\":\"http:\/\/elregionalvm.com.ar\/noticias-villa-maria\/tiempo-loco-gramilla-en-patios-y-jardines-diosa-o-demonio\/#primaryimage\"},\"thumbnailUrl\":\"https:\/\/i0.wp.com\/elregionalvm.com.ar\/noticias-villa-maria\/wp-content\/uploads\/2022\/02\/gramilla-cerca.jpg?fit=800%2C533&ssl=1\",\"datePublished\":\"2022-02-08T01:19:14+00:00\",\"dateModified\":\"2022-02-09T02:06:42+00:00\",\"author\":{\"@id\":\"http:\/\/elregionalvm.com.ar\/noticias-villa-maria\/#\/schema\/person\/a0fb9c422317faca23d50163151bc354\"},\"description\":\"Es una especie que da un muy buen c\u00e9sped en verano, pero, a partir de ahora y hasta agosto se vuelve amarilla, pierde la hoja y no rebrota.\",\"breadcrumb\":{\"@id\":\"http:\/\/elregionalvm.com.ar\/noticias-villa-maria\/tiempo-loco-gramilla-en-patios-y-jardines-diosa-o-demonio\/#breadcrumb\"},\"inLanguage\":\"es\",\"potentialAction\":[{\"@type\":\"ReadAction\",\"target\":[\"http:\/\/elregionalvm.com.ar\/noticias-villa-maria\/tiempo-loco-gramilla-en-patios-y-jardines-diosa-o-demonio\/\"]}]},{\"@type\":\"ImageObject\",\"inLanguage\":\"es\",\"@id\":\"http:\/\/elregionalvm.com.ar\/noticias-villa-maria\/tiempo-loco-gramilla-en-patios-y-jardines-diosa-o-demonio\/#primaryimage\",\"url\":\"https:\/\/i0.wp.com\/elregionalvm.com.ar\/noticias-villa-maria\/wp-content\/uploads\/2022\/02\/gramilla-cerca.jpg?fit=800%2C533&ssl=1\",\"contentUrl\":\"https:\/\/i0.wp.com\/elregionalvm.com.ar\/noticias-villa-maria\/wp-content\/uploads\/2022\/02\/gramilla-cerca.jpg?fit=800%2C533&ssl=1\",\"width\":800,\"height\":533},{\"@type\":\"BreadcrumbList\",\"@id\":\"http:\/\/elregionalvm.com.ar\/noticias-villa-maria\/tiempo-loco-gramilla-en-patios-y-jardines-diosa-o-demonio\/#breadcrumb\",\"itemListElement\":[{\"@type\":\"ListItem\",\"position\":1,\"name\":\"Portada\",\"item\":\"https:\/\/elregionalvm.com.ar\/noticias-villa-maria\/\"},{\"@type\":\"ListItem\",\"position\":2,\"name\":\"[Tiempo Loco] Gramilla en patios y jardines: \u00bfDiosa o demonio?\"}]},{\"@type\":\"WebSite\",\"@id\":\"http:\/\/elregionalvm.com.ar\/noticias-villa-maria\/#website\",\"url\":\"http:\/\/elregionalvm.com.ar\/noticias-villa-maria\/\",\"name\":\"El Regional\",\"description\":\"Mucho m\u00e1s que informaci\u00f3n\",\"potentialAction\":[{\"@type\":\"SearchAction\",\"target\":{\"@type\":\"EntryPoint\",\"urlTemplate\":\"http:\/\/elregionalvm.com.ar\/noticias-villa-maria\/?s={search_term_string}\"},\"query-input\":{\"@type\":\"PropertyValueSpecification\",\"valueRequired\":true,\"valueName\":\"search_term_string\"}}],\"inLanguage\":\"es\"},{\"@type\":\"Person\",\"@id\":\"http:\/\/elregionalvm.com.ar\/noticias-villa-maria\/#\/schema\/person\/a0fb9c422317faca23d50163151bc354\",\"name\":\"Contenidos El Regional\",\"image\":{\"@type\":\"ImageObject\",\"inLanguage\":\"es\",\"@id\":\"http:\/\/elregionalvm.com.ar\/noticias-villa-maria\/#\/schema\/person\/image\/\",\"url\":\"https:\/\/secure.gravatar.com\/avatar\/265b27cb2209af7bb3a1318f03305787d7981a5cc6e6cd08fe5a4ecdf99d4b48?s=96&d=mm&r=g\",\"contentUrl\":\"https:\/\/secure.gravatar.com\/avatar\/265b27cb2209af7bb3a1318f03305787d7981a5cc6e6cd08fe5a4ecdf99d4b48?s=96&d=mm&r=g\",\"caption\":\"Contenidos El Regional\"},\"url\":\"https:\/\/elregionalvm.com.ar\/noticias-villa-maria\/author\/contenido\/\"}]}<\/script>\n<!-- \/ Yoast SEO plugin. -->","yoast_head_json":{"title":"[Tiempo Loco] Gramilla en patios y jardines: \u00bfDiosa o demonio? - El Regional","description":"Es una especie que da un muy buen c\u00e9sped en verano, pero, a partir de ahora y hasta agosto se vuelve amarilla, pierde la hoja y no rebrota.","robots":{"index":"index","follow":"follow","max-snippet":"max-snippet:-1","max-image-preview":"max-image-preview:large","max-video-preview":"max-video-preview:-1"},"canonical":"http:\/\/elregionalvm.com.ar\/noticias-villa-maria\/tiempo-loco-gramilla-en-patios-y-jardines-diosa-o-demonio\/","og_locale":"es_ES","og_type":"article","og_title":"[Tiempo Loco] Gramilla en patios y jardines: \u00bfDiosa o demonio? - El Regional","og_description":"Es una especie que da un muy buen c\u00e9sped en verano, pero, a partir de ahora y hasta agosto se vuelve amarilla, pierde la hoja y no rebrota.","og_url":"http:\/\/elregionalvm.com.ar\/noticias-villa-maria\/tiempo-loco-gramilla-en-patios-y-jardines-diosa-o-demonio\/","og_site_name":"El Regional","article_publisher":"https:\/\/www.facebook.com\/elregionalvm","article_published_time":"2022-02-08T01:19:14+00:00","article_modified_time":"2022-02-09T02:06:42+00:00","og_image":[{"width":800,"height":533,"url":"http:\/\/elregionalvm.com.ar\/noticias-villa-maria\/wp-content\/uploads\/2022\/02\/gramilla-cerca.jpg","type":"image\/jpeg"}],"author":"Contenidos El Regional","twitter_card":"summary_large_image","twitter_creator":"@elregionalvm1","twitter_site":"@elregionalvm1","twitter_misc":{"Escrito por":"Contenidos El Regional","Tiempo de lectura":"3 minutos"},"schema":{"@context":"https:\/\/schema.org","@graph":[{"@type":"Article","@id":"http:\/\/elregionalvm.com.ar\/noticias-villa-maria\/tiempo-loco-gramilla-en-patios-y-jardines-diosa-o-demonio\/#article","isPartOf":{"@id":"http:\/\/elregionalvm.com.ar\/noticias-villa-maria\/tiempo-loco-gramilla-en-patios-y-jardines-diosa-o-demonio\/"},"author":{"name":"Contenidos El Regional","@id":"http:\/\/elregionalvm.com.ar\/noticias-villa-maria\/#\/schema\/person\/a0fb9c422317faca23d50163151bc354"},"headline":"[Tiempo Loco] Gramilla en patios y jardines: \u00bfDiosa o demonio?","datePublished":"2022-02-08T01:19:14+00:00","dateModified":"2022-02-09T02:06:42+00:00","mainEntityOfPage":{"@id":"http:\/\/elregionalvm.com.ar\/noticias-villa-maria\/tiempo-loco-gramilla-en-patios-y-jardines-diosa-o-demonio\/"},"wordCount":446,"commentCount":0,"image":{"@id":"http:\/\/elregionalvm.com.ar\/noticias-villa-maria\/tiempo-loco-gramilla-en-patios-y-jardines-diosa-o-demonio\/#primaryimage"},"thumbnailUrl":"https:\/\/i0.wp.com\/elregionalvm.com.ar\/noticias-villa-maria\/wp-content\/uploads\/2022\/02\/gramilla-cerca.jpg?fit=800%2C533&ssl=1","keywords":["c\u00e9sped","demonio","diosa","Gramilla","jard\u00edn","patio","Ricardo G\u00fciraldes","Tiempo loco"],"articleSection":["Econotas","tercera"],"inLanguage":"es","potentialAction":[{"@type":"CommentAction","name":"Comment","target":["http:\/\/elregionalvm.com.ar\/noticias-villa-maria\/tiempo-loco-gramilla-en-patios-y-jardines-diosa-o-demonio\/#respond"]}]},{"@type":"WebPage","@id":"http:\/\/elregionalvm.com.ar\/noticias-villa-maria\/tiempo-loco-gramilla-en-patios-y-jardines-diosa-o-demonio\/","url":"http:\/\/elregionalvm.com.ar\/noticias-villa-maria\/tiempo-loco-gramilla-en-patios-y-jardines-diosa-o-demonio\/","name":"[Tiempo Loco] Gramilla en patios y jardines: \u00bfDiosa o demonio? - El Regional","isPartOf":{"@id":"http:\/\/elregionalvm.com.ar\/noticias-villa-maria\/#website"},"primaryImageOfPage":{"@id":"http:\/\/elregionalvm.com.ar\/noticias-villa-maria\/tiempo-loco-gramilla-en-patios-y-jardines-diosa-o-demonio\/#primaryimage"},"image":{"@id":"http:\/\/elregionalvm.com.ar\/noticias-villa-maria\/tiempo-loco-gramilla-en-patios-y-jardines-diosa-o-demonio\/#primaryimage"},"thumbnailUrl":"https:\/\/i0.wp.com\/elregionalvm.com.ar\/noticias-villa-maria\/wp-content\/uploads\/2022\/02\/gramilla-cerca.jpg?fit=800%2C533&ssl=1","datePublished":"2022-02-08T01:19:14+00:00","dateModified":"2022-02-09T02:06:42+00:00","author":{"@id":"http:\/\/elregionalvm.com.ar\/noticias-villa-maria\/#\/schema\/person\/a0fb9c422317faca23d50163151bc354"},"description":"Es una especie que da un muy buen c\u00e9sped en verano, pero, a partir de ahora y hasta agosto se vuelve amarilla, pierde la hoja y no rebrota.","breadcrumb":{"@id":"http:\/\/elregionalvm.com.ar\/noticias-villa-maria\/tiempo-loco-gramilla-en-patios-y-jardines-diosa-o-demonio\/#breadcrumb"},"inLanguage":"es","potentialAction":[{"@type":"ReadAction","target":["http:\/\/elregionalvm.com.ar\/noticias-villa-maria\/tiempo-loco-gramilla-en-patios-y-jardines-diosa-o-demonio\/"]}]},{"@type":"ImageObject","inLanguage":"es","@id":"http:\/\/elregionalvm.com.ar\/noticias-villa-maria\/tiempo-loco-gramilla-en-patios-y-jardines-diosa-o-demonio\/#primaryimage","url":"https:\/\/i0.wp.com\/elregionalvm.com.ar\/noticias-villa-maria\/wp-content\/uploads\/2022\/02\/gramilla-cerca.jpg?fit=800%2C533&ssl=1","contentUrl":"https:\/\/i0.wp.com\/elregionalvm.com.ar\/noticias-villa-maria\/wp-content\/uploads\/2022\/02\/gramilla-cerca.jpg?fit=800%2C533&ssl=1","width":800,"height":533},{"@type":"BreadcrumbList","@id":"http:\/\/elregionalvm.com.ar\/noticias-villa-maria\/tiempo-loco-gramilla-en-patios-y-jardines-diosa-o-demonio\/#breadcrumb","itemListElement":[{"@type":"ListItem","position":1,"name":"Portada","item":"https:\/\/elregionalvm.com.ar\/noticias-villa-maria\/"},{"@type":"ListItem","position":2,"name":"[Tiempo Loco] Gramilla en patios y jardines: \u00bfDiosa o demonio?"}]},{"@type":"WebSite","@id":"http:\/\/elregionalvm.com.ar\/noticias-villa-maria\/#website","url":"http:\/\/elregionalvm.com.ar\/noticias-villa-maria\/","name":"El Regional","description":"Mucho m\u00e1s que informaci\u00f3n","potentialAction":[{"@type":"SearchAction","target":{"@type":"EntryPoint","urlTemplate":"http:\/\/elregionalvm.com.ar\/noticias-villa-maria\/?s={search_term_string}"},"query-input":{"@type":"PropertyValueSpecification","valueRequired":true,"valueName":"search_term_string"}}],"inLanguage":"es"},{"@type":"Person","@id":"http:\/\/elregionalvm.com.ar\/noticias-villa-maria\/#\/schema\/person\/a0fb9c422317faca23d50163151bc354","name":"Contenidos El Regional","image":{"@type":"ImageObject","inLanguage":"es","@id":"http:\/\/elregionalvm.com.ar\/noticias-villa-maria\/#\/schema\/person\/image\/","url":"https:\/\/secure.gravatar.com\/avatar\/265b27cb2209af7bb3a1318f03305787d7981a5cc6e6cd08fe5a4ecdf99d4b48?s=96&d=mm&r=g","contentUrl":"https:\/\/secure.gravatar.com\/avatar\/265b27cb2209af7bb3a1318f03305787d7981a5cc6e6cd08fe5a4ecdf99d4b48?s=96&d=mm&r=g","caption":"Contenidos El Regional"},"url":"https:\/\/elregionalvm.com.ar\/noticias-villa-maria\/author\/contenido\/"}]}},"jetpack_featured_media_url":"https:\/\/i0.wp.com\/elregionalvm.com.ar\/noticias-villa-maria\/wp-content\/uploads\/2022\/02\/gramilla-cerca.jpg?fit=800%2C533&ssl=1","jetpack_sharing_enabled":true,"_links":{"self":[{"href":"https:\/\/elregionalvm.com.ar\/noticias-villa-maria\/wp-json\/wp\/v2\/posts\/52304","targetHints":{"allow":["GET"]}}],"collection":[{"href":"https:\/\/elregionalvm.com.ar\/noticias-villa-maria\/wp-json\/wp\/v2\/posts"}],"about":[{"href":"https:\/\/elregionalvm.com.ar\/noticias-villa-maria\/wp-json\/wp\/v2\/types\/post"}],"author":[{"embeddable":true,"href":"https:\/\/elregionalvm.com.ar\/noticias-villa-maria\/wp-json\/wp\/v2\/users\/4"}],"replies":[{"embeddable":true,"href":"https:\/\/elregionalvm.com.ar\/noticias-villa-maria\/wp-json\/wp\/v2\/comments?post=52304"}],"version-history":[{"count":4,"href":"https:\/\/elregionalvm.com.ar\/noticias-villa-maria\/wp-json\/wp\/v2\/posts\/52304\/revisions"}],"predecessor-version":[{"id":52311,"href":"https:\/\/elregionalvm.com.ar\/noticias-villa-maria\/wp-json\/wp\/v2\/posts\/52304\/revisions\/52311"}],"wp:featuredmedia":[{"embeddable":true,"href":"https:\/\/elregionalvm.com.ar\/noticias-villa-maria\/wp-json\/wp\/v2\/media\/52309"}],"wp:attachment":[{"href":"https:\/\/elregionalvm.com.ar\/noticias-villa-maria\/wp-json\/wp\/v2\/media?parent=52304"}],"wp:term":[{"taxonomy":"category","embeddable":true,"href":"https:\/\/elregionalvm.com.ar\/noticias-villa-maria\/wp-json\/wp\/v2\/categories?post=52304"},{"taxonomy":"post_tag","embeddable":true,"href":"https:\/\/elregionalvm.com.ar\/noticias-villa-maria\/wp-json\/wp\/v2\/tags?post=52304"}],"curies":[{"name":"wp","href":"https:\/\/api.w.org\/{rel}","templated":true}]}}