{"id":52327,"date":"2022-02-08T14:48:11","date_gmt":"2022-02-08T14:48:11","guid":{"rendered":"https:\/\/elregionalvm.com.ar\/noticias-villa-maria\/?p=52327"},"modified":"2022-02-10T06:14:10","modified_gmt":"2022-02-10T06:14:10","slug":"no-todos-los-heroes-llevan-capas","status":"publish","type":"post","link":"https:\/\/elregionalvm.com.ar\/noticias-villa-maria\/no-todos-los-heroes-llevan-capas\/","title":{"rendered":"No todos los h\u00e9roes llevan capa: Una isla desierta convertida en para\u00edso natural"},"content":{"rendered":"\n<h4 class=\"wp-block-heading\">Por 13 mil d\u00f3lares, el ingl\u00e9s Brandon Grimshaw compr\u00f3 una peque\u00f1a isla deshabitada en las islas Seychelles en el Oc\u00e9ano Indico, la peque\u00f1a isla se llama Moyenne y se mud\u00f3 all\u00ed para siempre. <\/h4>\n\n\n\n<p><\/p>\n\n\n\n<p>Cuando el ingl\u00e9s<strong> <\/strong>Brandon Grimshaw ten\u00eda menos de cuarenta a\u00f1os, renunci\u00f3 a su trabajo como editor de un peri\u00f3dico y comenz\u00f3 una nueva vida.<\/p>\n\n\n\n<p>En ese momento, ning\u00fan ser humano hab\u00eda puesto un pie en la isla durante 50 a\u00f1os. Como corresponde a un verdadero Robinson, Brandon se encontr\u00f3 un compa\u00f1ero entre los nativos seychelenses, y lo contrat\u00f3.<\/p>\n\n\n\n<p><\/p>\n\n\n\n<div class=\"wp-block-image\"><figure class=\"aligncenter size-full\"><img data-recalc-dims=\"1\" fetchpriority=\"high\" decoding=\"async\" width=\"650\" height=\"374\" src=\"https:\/\/i0.wp.com\/elregionalvm.com.ar\/noticias-villa-maria\/wp-content\/uploads\/2022\/02\/brendon-grimshaw-moyenne-island-01.png?resize=650%2C374&#038;ssl=1\" alt=\"\" class=\"wp-image-52329\" srcset=\"https:\/\/i0.wp.com\/elregionalvm.com.ar\/noticias-villa-maria\/wp-content\/uploads\/2022\/02\/brendon-grimshaw-moyenne-island-01.png?w=650&amp;ssl=1 650w, https:\/\/i0.wp.com\/elregionalvm.com.ar\/noticias-villa-maria\/wp-content\/uploads\/2022\/02\/brendon-grimshaw-moyenne-island-01.png?resize=300%2C173&amp;ssl=1 300w\" sizes=\"(max-width: 650px) 100vw, 650px\" \/><\/figure><\/div>\n\n\n\n<p><\/p>\n\n\n\n<p>Su nombre era Ren\u00e9 Lafortin. Junto con Ren\u00e9, Brandon viaj\u00f3 a la desolada isla y comenzaron a equipar su nuevo hogar. Mientras que Ren\u00e9 ven\u00eda a la isla Moyenne, solo ocasionalmente, Brandon vivi\u00f3 en ella durante d\u00e9cadas y nunca se fue. <\/p>\n\n\n\n<p>Durante 39 a\u00f1os, Grimshaw y Lafortin plantaron 16 mil \u00e1rboles con sus propias manos y construyeron casi 5 kil\u00f3metros de senderos. <\/p>\n\n\n\n<p>En 2007, Ren\u00e9 Lafortin muri\u00f3 y Brandon se qued\u00f3 solo en la isla. Ten\u00eda 81 a\u00f1os. Atrajo a la isla 2.000 nuevas especies de aves e introdujo m\u00e1s de un centenar de tortugas gigantes, que en el resto del mundo (incluidas las Seychelles) ya estaban al borde de la extinci\u00f3n. <\/p>\n\n\n\n<p>Gracias a los esfuerzos de Grimshaw, la isla una vez desierta ahora alberga dos tercios de la fauna de las Seychelles. <\/p>\n\n\n\n<p><\/p>\n\n\n\n<div class=\"wp-block-image\"><figure class=\"aligncenter size-full\"><img data-recalc-dims=\"1\" decoding=\"async\" width=\"624\" height=\"351\" src=\"https:\/\/i0.wp.com\/elregionalvm.com.ar\/noticias-villa-maria\/wp-content\/uploads\/2022\/02\/p0bbj82q.jpg?resize=624%2C351&#038;ssl=1\" alt=\"\" class=\"wp-image-52330\" srcset=\"https:\/\/i0.wp.com\/elregionalvm.com.ar\/noticias-villa-maria\/wp-content\/uploads\/2022\/02\/p0bbj82q.jpg?w=624&amp;ssl=1 624w, https:\/\/i0.wp.com\/elregionalvm.com.ar\/noticias-villa-maria\/wp-content\/uploads\/2022\/02\/p0bbj82q.jpg?resize=300%2C169&amp;ssl=1 300w\" sizes=\"(max-width: 624px) 100vw, 624px\" \/><\/figure><\/div>\n\n\n\n<p><\/p>\n\n\n\n<p>Un terreno abandonado se ha convertido en un verdadero para\u00edso. Hace unos a\u00f1os, el pr\u00edncipe de Arabia Saudita le ofreci\u00f3 a Brandon Grimshaw 50 millones de d\u00f3lares por la isla, pero este Robinson moderno, se neg\u00f3. \u201cNo quiero que la isla se convierta en el lugar de vacaciones favorito de los ricos. Mejor que sea un parque nacional que todos puedan disfrutar\u201d.<\/p>\n\n\n\n<p>Y logr\u00f3 que en 2008 la isla fuera efectivamente declarada parque nacional.<\/p>\n\n\n\n<p><\/p>\n\n\n\n<p><em>Fuente: <strong>Salvemos a la Tierra<\/strong><\/em><\/p>\n","protected":false},"excerpt":{"rendered":"<p>Por 13 mil d\u00f3lares, el ingl\u00e9s Brandon Grimshaw compr\u00f3 una peque\u00f1a isla deshabitada en las islas Seychelles en el Oc\u00e9ano Indico, la peque\u00f1a isla se llama Moyenne y se mud\u00f3 all\u00ed para siempre. Cuando el ingl\u00e9s Brandon Grimshaw ten\u00eda menos de cuarenta a\u00f1os, renunci\u00f3 a su trabajo como editor de un peri\u00f3dico y comenz\u00f3 una [&hellip;]<\/p>\n","protected":false},"author":4,"featured_media":52328,"comment_status":"open","ping_status":"open","sticky":false,"template":"","format":"standard","meta":{"site-sidebar-layout":"default","site-content-layout":"default","ast-site-content-layout":"default","site-content-style":"default","site-sidebar-style":"default","ast-global-header-display":"","ast-banner-title-visibility":"","ast-main-header-display":"","ast-hfb-above-header-display":"","ast-hfb-below-header-display":"","ast-hfb-mobile-header-display":"","site-post-title":"","ast-breadcrumbs-content":"","ast-featured-img":"","footer-sml-layout":"","ast-disable-related-posts":"","theme-transparent-header-meta":"default","adv-header-id-meta":"","stick-header-meta":"","header-above-stick-meta":"","header-main-stick-meta":"","header-below-stick-meta":"","astra-migrate-meta-layouts":"default","ast-page-background-enabled":"default","ast-page-background-meta":{"desktop":{"background-color":"","background-image":"","background-repeat":"repeat","background-position":"center center","background-size":"auto","background-attachment":"scroll","background-type":"","background-media":"","overlay-type":"","overlay-color":"","overlay-opacity":"","overlay-gradient":""},"tablet":{"background-color":"","background-image":"","background-repeat":"repeat","background-position":"center center","background-size":"auto","background-attachment":"scroll","background-type":"","background-media":"","overlay-type":"","overlay-color":"","overlay-opacity":"","overlay-gradient":""},"mobile":{"background-color":"","background-image":"","background-repeat":"repeat","background-position":"center center","background-size":"auto","background-attachment":"scroll","background-type":"","background-media":"","overlay-type":"","overlay-color":"","overlay-opacity":"","overlay-gradient":""}},"ast-content-background-meta":{"desktop":{"background-color":"var(--ast-global-color-5)","background-image":"","background-repeat":"repeat","background-position":"center center","background-size":"auto","background-attachment":"scroll","background-type":"","background-media":"","overlay-type":"","overlay-color":"","overlay-opacity":"","overlay-gradient":""},"tablet":{"background-color":"var(--ast-global-color-5)","background-image":"","background-repeat":"repeat","background-position":"center center","background-size":"auto","background-attachment":"scroll","background-type":"","background-media":"","overlay-type":"","overlay-color":"","overlay-opacity":"","overlay-gradient":""},"mobile":{"background-color":"var(--ast-global-color-5)","background-image":"","background-repeat":"repeat","background-position":"center center","background-size":"auto","background-attachment":"scroll","background-type":"","background-media":"","overlay-type":"","overlay-color":"","overlay-opacity":"","overlay-gradient":""}},"_jetpack_memberships_contains_paid_content":false,"_joinchat":[],"footnotes":""},"categories":[4777,2323],"tags":[13594,13596,13597],"class_list":["post-52327","post","type-post","status-publish","format-standard","has-post-thumbnail","hentry","category-econotas","category-notas-secundarias","tag-brandon-grimshaw","tag-moyenne","tag-oceano-indico"],"yoast_head":"<!-- This site is optimized with the Yoast SEO plugin v26.8 - https:\/\/yoast.com\/product\/yoast-seo-wordpress\/ -->\n<title>No todos los h\u00e9roes llevan capa: Una isla desierta convertida en para\u00edso natural - El Regional<\/title>\n<meta name=\"description\" content=\"Por 13 mil d\u00f3lares, el ingl\u00e9s Brandon Grimshaw compr\u00f3 una peque\u00f1a isla deshabitada en las islas Seychelles. La convirti\u00f3 en un parque natural.\" \/>\n<meta name=\"robots\" content=\"index, follow, max-snippet:-1, max-image-preview:large, max-video-preview:-1\" \/>\n<link rel=\"canonical\" href=\"http:\/\/elregionalvm.com.ar\/noticias-villa-maria\/no-todos-los-heroes-llevan-capas\/\" \/>\n<meta property=\"og:locale\" content=\"es_ES\" \/>\n<meta property=\"og:type\" content=\"article\" \/>\n<meta property=\"og:title\" content=\"No todos los h\u00e9roes llevan capa: Una isla desierta convertida en para\u00edso natural - El Regional\" \/>\n<meta property=\"og:description\" content=\"Por 13 mil d\u00f3lares, el ingl\u00e9s Brandon Grimshaw compr\u00f3 una peque\u00f1a isla deshabitada en las islas Seychelles. La convirti\u00f3 en un parque natural.\" \/>\n<meta property=\"og:url\" content=\"http:\/\/elregionalvm.com.ar\/noticias-villa-maria\/no-todos-los-heroes-llevan-capas\/\" \/>\n<meta property=\"og:site_name\" content=\"El Regional\" \/>\n<meta property=\"article:publisher\" content=\"https:\/\/www.facebook.com\/elregionalvm\" \/>\n<meta property=\"article:published_time\" content=\"2022-02-08T14:48:11+00:00\" \/>\n<meta property=\"article:modified_time\" content=\"2022-02-10T06:14:10+00:00\" \/>\n<meta property=\"og:image\" content=\"http:\/\/elregionalvm.com.ar\/noticias-villa-maria\/wp-content\/uploads\/2022\/02\/brandon.jpg\" \/>\n\t<meta property=\"og:image:width\" content=\"720\" \/>\n\t<meta property=\"og:image:height\" content=\"425\" \/>\n\t<meta property=\"og:image:type\" content=\"image\/jpeg\" \/>\n<meta name=\"author\" content=\"Contenidos El Regional\" \/>\n<meta name=\"twitter:card\" content=\"summary_large_image\" \/>\n<meta name=\"twitter:creator\" content=\"@elregionalvm1\" \/>\n<meta name=\"twitter:site\" content=\"@elregionalvm1\" \/>\n<meta name=\"twitter:label1\" content=\"Escrito por\" \/>\n\t<meta name=\"twitter:data1\" content=\"Contenidos El Regional\" \/>\n\t<meta name=\"twitter:label2\" content=\"Tiempo de lectura\" \/>\n\t<meta name=\"twitter:data2\" content=\"2 minutos\" \/>\n<script type=\"application\/ld+json\" class=\"yoast-schema-graph\">{\"@context\":\"https:\/\/schema.org\",\"@graph\":[{\"@type\":\"Article\",\"@id\":\"http:\/\/elregionalvm.com.ar\/noticias-villa-maria\/no-todos-los-heroes-llevan-capas\/#article\",\"isPartOf\":{\"@id\":\"http:\/\/elregionalvm.com.ar\/noticias-villa-maria\/no-todos-los-heroes-llevan-capas\/\"},\"author\":{\"name\":\"Contenidos El Regional\",\"@id\":\"http:\/\/elregionalvm.com.ar\/noticias-villa-maria\/#\/schema\/person\/a0fb9c422317faca23d50163151bc354\"},\"headline\":\"No todos los h\u00e9roes llevan capa: Una isla desierta convertida en para\u00edso natural\",\"datePublished\":\"2022-02-08T14:48:11+00:00\",\"dateModified\":\"2022-02-10T06:14:10+00:00\",\"mainEntityOfPage\":{\"@id\":\"http:\/\/elregionalvm.com.ar\/noticias-villa-maria\/no-todos-los-heroes-llevan-capas\/\"},\"wordCount\":333,\"commentCount\":0,\"image\":{\"@id\":\"http:\/\/elregionalvm.com.ar\/noticias-villa-maria\/no-todos-los-heroes-llevan-capas\/#primaryimage\"},\"thumbnailUrl\":\"https:\/\/i0.wp.com\/elregionalvm.com.ar\/noticias-villa-maria\/wp-content\/uploads\/2022\/02\/brandon.jpg?fit=720%2C425&ssl=1\",\"keywords\":[\"Brandon Grimshaw\",\"Moyenne\",\"Oc\u00e9ano Indico\"],\"articleSection\":[\"Econotas\",\"Notas\"],\"inLanguage\":\"es\",\"potentialAction\":[{\"@type\":\"CommentAction\",\"name\":\"Comment\",\"target\":[\"http:\/\/elregionalvm.com.ar\/noticias-villa-maria\/no-todos-los-heroes-llevan-capas\/#respond\"]}]},{\"@type\":\"WebPage\",\"@id\":\"http:\/\/elregionalvm.com.ar\/noticias-villa-maria\/no-todos-los-heroes-llevan-capas\/\",\"url\":\"http:\/\/elregionalvm.com.ar\/noticias-villa-maria\/no-todos-los-heroes-llevan-capas\/\",\"name\":\"No todos los h\u00e9roes llevan capa: Una isla desierta convertida en para\u00edso natural - El Regional\",\"isPartOf\":{\"@id\":\"http:\/\/elregionalvm.com.ar\/noticias-villa-maria\/#website\"},\"primaryImageOfPage\":{\"@id\":\"http:\/\/elregionalvm.com.ar\/noticias-villa-maria\/no-todos-los-heroes-llevan-capas\/#primaryimage\"},\"image\":{\"@id\":\"http:\/\/elregionalvm.com.ar\/noticias-villa-maria\/no-todos-los-heroes-llevan-capas\/#primaryimage\"},\"thumbnailUrl\":\"https:\/\/i0.wp.com\/elregionalvm.com.ar\/noticias-villa-maria\/wp-content\/uploads\/2022\/02\/brandon.jpg?fit=720%2C425&ssl=1\",\"datePublished\":\"2022-02-08T14:48:11+00:00\",\"dateModified\":\"2022-02-10T06:14:10+00:00\",\"author\":{\"@id\":\"http:\/\/elregionalvm.com.ar\/noticias-villa-maria\/#\/schema\/person\/a0fb9c422317faca23d50163151bc354\"},\"description\":\"Por 13 mil d\u00f3lares, el ingl\u00e9s Brandon Grimshaw compr\u00f3 una peque\u00f1a isla deshabitada en las islas Seychelles. La convirti\u00f3 en un parque natural.\",\"breadcrumb\":{\"@id\":\"http:\/\/elregionalvm.com.ar\/noticias-villa-maria\/no-todos-los-heroes-llevan-capas\/#breadcrumb\"},\"inLanguage\":\"es\",\"potentialAction\":[{\"@type\":\"ReadAction\",\"target\":[\"http:\/\/elregionalvm.com.ar\/noticias-villa-maria\/no-todos-los-heroes-llevan-capas\/\"]}]},{\"@type\":\"ImageObject\",\"inLanguage\":\"es\",\"@id\":\"http:\/\/elregionalvm.com.ar\/noticias-villa-maria\/no-todos-los-heroes-llevan-capas\/#primaryimage\",\"url\":\"https:\/\/i0.wp.com\/elregionalvm.com.ar\/noticias-villa-maria\/wp-content\/uploads\/2022\/02\/brandon.jpg?fit=720%2C425&ssl=1\",\"contentUrl\":\"https:\/\/i0.wp.com\/elregionalvm.com.ar\/noticias-villa-maria\/wp-content\/uploads\/2022\/02\/brandon.jpg?fit=720%2C425&ssl=1\",\"width\":720,\"height\":425},{\"@type\":\"BreadcrumbList\",\"@id\":\"http:\/\/elregionalvm.com.ar\/noticias-villa-maria\/no-todos-los-heroes-llevan-capas\/#breadcrumb\",\"itemListElement\":[{\"@type\":\"ListItem\",\"position\":1,\"name\":\"Portada\",\"item\":\"https:\/\/elregionalvm.com.ar\/noticias-villa-maria\/\"},{\"@type\":\"ListItem\",\"position\":2,\"name\":\"No todos los h\u00e9roes llevan capa: Una isla desierta convertida en para\u00edso natural\"}]},{\"@type\":\"WebSite\",\"@id\":\"http:\/\/elregionalvm.com.ar\/noticias-villa-maria\/#website\",\"url\":\"http:\/\/elregionalvm.com.ar\/noticias-villa-maria\/\",\"name\":\"El Regional\",\"description\":\"Mucho m\u00e1s que informaci\u00f3n\",\"potentialAction\":[{\"@type\":\"SearchAction\",\"target\":{\"@type\":\"EntryPoint\",\"urlTemplate\":\"http:\/\/elregionalvm.com.ar\/noticias-villa-maria\/?s={search_term_string}\"},\"query-input\":{\"@type\":\"PropertyValueSpecification\",\"valueRequired\":true,\"valueName\":\"search_term_string\"}}],\"inLanguage\":\"es\"},{\"@type\":\"Person\",\"@id\":\"http:\/\/elregionalvm.com.ar\/noticias-villa-maria\/#\/schema\/person\/a0fb9c422317faca23d50163151bc354\",\"name\":\"Contenidos El Regional\",\"image\":{\"@type\":\"ImageObject\",\"inLanguage\":\"es\",\"@id\":\"http:\/\/elregionalvm.com.ar\/noticias-villa-maria\/#\/schema\/person\/image\/\",\"url\":\"https:\/\/secure.gravatar.com\/avatar\/265b27cb2209af7bb3a1318f03305787d7981a5cc6e6cd08fe5a4ecdf99d4b48?s=96&d=mm&r=g\",\"contentUrl\":\"https:\/\/secure.gravatar.com\/avatar\/265b27cb2209af7bb3a1318f03305787d7981a5cc6e6cd08fe5a4ecdf99d4b48?s=96&d=mm&r=g\",\"caption\":\"Contenidos El Regional\"},\"url\":\"https:\/\/elregionalvm.com.ar\/noticias-villa-maria\/author\/contenido\/\"}]}<\/script>\n<!-- \/ Yoast SEO plugin. -->","yoast_head_json":{"title":"No todos los h\u00e9roes llevan capa: Una isla desierta convertida en para\u00edso natural - El Regional","description":"Por 13 mil d\u00f3lares, el ingl\u00e9s Brandon Grimshaw compr\u00f3 una peque\u00f1a isla deshabitada en las islas Seychelles. La convirti\u00f3 en un parque natural.","robots":{"index":"index","follow":"follow","max-snippet":"max-snippet:-1","max-image-preview":"max-image-preview:large","max-video-preview":"max-video-preview:-1"},"canonical":"http:\/\/elregionalvm.com.ar\/noticias-villa-maria\/no-todos-los-heroes-llevan-capas\/","og_locale":"es_ES","og_type":"article","og_title":"No todos los h\u00e9roes llevan capa: Una isla desierta convertida en para\u00edso natural - El Regional","og_description":"Por 13 mil d\u00f3lares, el ingl\u00e9s Brandon Grimshaw compr\u00f3 una peque\u00f1a isla deshabitada en las islas Seychelles. La convirti\u00f3 en un parque natural.","og_url":"http:\/\/elregionalvm.com.ar\/noticias-villa-maria\/no-todos-los-heroes-llevan-capas\/","og_site_name":"El Regional","article_publisher":"https:\/\/www.facebook.com\/elregionalvm","article_published_time":"2022-02-08T14:48:11+00:00","article_modified_time":"2022-02-10T06:14:10+00:00","og_image":[{"width":720,"height":425,"url":"http:\/\/elregionalvm.com.ar\/noticias-villa-maria\/wp-content\/uploads\/2022\/02\/brandon.jpg","type":"image\/jpeg"}],"author":"Contenidos El Regional","twitter_card":"summary_large_image","twitter_creator":"@elregionalvm1","twitter_site":"@elregionalvm1","twitter_misc":{"Escrito por":"Contenidos El Regional","Tiempo de lectura":"2 minutos"},"schema":{"@context":"https:\/\/schema.org","@graph":[{"@type":"Article","@id":"http:\/\/elregionalvm.com.ar\/noticias-villa-maria\/no-todos-los-heroes-llevan-capas\/#article","isPartOf":{"@id":"http:\/\/elregionalvm.com.ar\/noticias-villa-maria\/no-todos-los-heroes-llevan-capas\/"},"author":{"name":"Contenidos El Regional","@id":"http:\/\/elregionalvm.com.ar\/noticias-villa-maria\/#\/schema\/person\/a0fb9c422317faca23d50163151bc354"},"headline":"No todos los h\u00e9roes llevan capa: Una isla desierta convertida en para\u00edso natural","datePublished":"2022-02-08T14:48:11+00:00","dateModified":"2022-02-10T06:14:10+00:00","mainEntityOfPage":{"@id":"http:\/\/elregionalvm.com.ar\/noticias-villa-maria\/no-todos-los-heroes-llevan-capas\/"},"wordCount":333,"commentCount":0,"image":{"@id":"http:\/\/elregionalvm.com.ar\/noticias-villa-maria\/no-todos-los-heroes-llevan-capas\/#primaryimage"},"thumbnailUrl":"https:\/\/i0.wp.com\/elregionalvm.com.ar\/noticias-villa-maria\/wp-content\/uploads\/2022\/02\/brandon.jpg?fit=720%2C425&ssl=1","keywords":["Brandon Grimshaw","Moyenne","Oc\u00e9ano Indico"],"articleSection":["Econotas","Notas"],"inLanguage":"es","potentialAction":[{"@type":"CommentAction","name":"Comment","target":["http:\/\/elregionalvm.com.ar\/noticias-villa-maria\/no-todos-los-heroes-llevan-capas\/#respond"]}]},{"@type":"WebPage","@id":"http:\/\/elregionalvm.com.ar\/noticias-villa-maria\/no-todos-los-heroes-llevan-capas\/","url":"http:\/\/elregionalvm.com.ar\/noticias-villa-maria\/no-todos-los-heroes-llevan-capas\/","name":"No todos los h\u00e9roes llevan capa: Una isla desierta convertida en para\u00edso natural - El Regional","isPartOf":{"@id":"http:\/\/elregionalvm.com.ar\/noticias-villa-maria\/#website"},"primaryImageOfPage":{"@id":"http:\/\/elregionalvm.com.ar\/noticias-villa-maria\/no-todos-los-heroes-llevan-capas\/#primaryimage"},"image":{"@id":"http:\/\/elregionalvm.com.ar\/noticias-villa-maria\/no-todos-los-heroes-llevan-capas\/#primaryimage"},"thumbnailUrl":"https:\/\/i0.wp.com\/elregionalvm.com.ar\/noticias-villa-maria\/wp-content\/uploads\/2022\/02\/brandon.jpg?fit=720%2C425&ssl=1","datePublished":"2022-02-08T14:48:11+00:00","dateModified":"2022-02-10T06:14:10+00:00","author":{"@id":"http:\/\/elregionalvm.com.ar\/noticias-villa-maria\/#\/schema\/person\/a0fb9c422317faca23d50163151bc354"},"description":"Por 13 mil d\u00f3lares, el ingl\u00e9s Brandon Grimshaw compr\u00f3 una peque\u00f1a isla deshabitada en las islas Seychelles. La convirti\u00f3 en un parque natural.","breadcrumb":{"@id":"http:\/\/elregionalvm.com.ar\/noticias-villa-maria\/no-todos-los-heroes-llevan-capas\/#breadcrumb"},"inLanguage":"es","potentialAction":[{"@type":"ReadAction","target":["http:\/\/elregionalvm.com.ar\/noticias-villa-maria\/no-todos-los-heroes-llevan-capas\/"]}]},{"@type":"ImageObject","inLanguage":"es","@id":"http:\/\/elregionalvm.com.ar\/noticias-villa-maria\/no-todos-los-heroes-llevan-capas\/#primaryimage","url":"https:\/\/i0.wp.com\/elregionalvm.com.ar\/noticias-villa-maria\/wp-content\/uploads\/2022\/02\/brandon.jpg?fit=720%2C425&ssl=1","contentUrl":"https:\/\/i0.wp.com\/elregionalvm.com.ar\/noticias-villa-maria\/wp-content\/uploads\/2022\/02\/brandon.jpg?fit=720%2C425&ssl=1","width":720,"height":425},{"@type":"BreadcrumbList","@id":"http:\/\/elregionalvm.com.ar\/noticias-villa-maria\/no-todos-los-heroes-llevan-capas\/#breadcrumb","itemListElement":[{"@type":"ListItem","position":1,"name":"Portada","item":"https:\/\/elregionalvm.com.ar\/noticias-villa-maria\/"},{"@type":"ListItem","position":2,"name":"No todos los h\u00e9roes llevan capa: Una isla desierta convertida en para\u00edso natural"}]},{"@type":"WebSite","@id":"http:\/\/elregionalvm.com.ar\/noticias-villa-maria\/#website","url":"http:\/\/elregionalvm.com.ar\/noticias-villa-maria\/","name":"El Regional","description":"Mucho m\u00e1s que informaci\u00f3n","potentialAction":[{"@type":"SearchAction","target":{"@type":"EntryPoint","urlTemplate":"http:\/\/elregionalvm.com.ar\/noticias-villa-maria\/?s={search_term_string}"},"query-input":{"@type":"PropertyValueSpecification","valueRequired":true,"valueName":"search_term_string"}}],"inLanguage":"es"},{"@type":"Person","@id":"http:\/\/elregionalvm.com.ar\/noticias-villa-maria\/#\/schema\/person\/a0fb9c422317faca23d50163151bc354","name":"Contenidos El Regional","image":{"@type":"ImageObject","inLanguage":"es","@id":"http:\/\/elregionalvm.com.ar\/noticias-villa-maria\/#\/schema\/person\/image\/","url":"https:\/\/secure.gravatar.com\/avatar\/265b27cb2209af7bb3a1318f03305787d7981a5cc6e6cd08fe5a4ecdf99d4b48?s=96&d=mm&r=g","contentUrl":"https:\/\/secure.gravatar.com\/avatar\/265b27cb2209af7bb3a1318f03305787d7981a5cc6e6cd08fe5a4ecdf99d4b48?s=96&d=mm&r=g","caption":"Contenidos El Regional"},"url":"https:\/\/elregionalvm.com.ar\/noticias-villa-maria\/author\/contenido\/"}]}},"jetpack_featured_media_url":"https:\/\/i0.wp.com\/elregionalvm.com.ar\/noticias-villa-maria\/wp-content\/uploads\/2022\/02\/brandon.jpg?fit=720%2C425&ssl=1","jetpack_sharing_enabled":true,"_links":{"self":[{"href":"https:\/\/elregionalvm.com.ar\/noticias-villa-maria\/wp-json\/wp\/v2\/posts\/52327","targetHints":{"allow":["GET"]}}],"collection":[{"href":"https:\/\/elregionalvm.com.ar\/noticias-villa-maria\/wp-json\/wp\/v2\/posts"}],"about":[{"href":"https:\/\/elregionalvm.com.ar\/noticias-villa-maria\/wp-json\/wp\/v2\/types\/post"}],"author":[{"embeddable":true,"href":"https:\/\/elregionalvm.com.ar\/noticias-villa-maria\/wp-json\/wp\/v2\/users\/4"}],"replies":[{"embeddable":true,"href":"https:\/\/elregionalvm.com.ar\/noticias-villa-maria\/wp-json\/wp\/v2\/comments?post=52327"}],"version-history":[{"count":3,"href":"https:\/\/elregionalvm.com.ar\/noticias-villa-maria\/wp-json\/wp\/v2\/posts\/52327\/revisions"}],"predecessor-version":[{"id":52343,"href":"https:\/\/elregionalvm.com.ar\/noticias-villa-maria\/wp-json\/wp\/v2\/posts\/52327\/revisions\/52343"}],"wp:featuredmedia":[{"embeddable":true,"href":"https:\/\/elregionalvm.com.ar\/noticias-villa-maria\/wp-json\/wp\/v2\/media\/52328"}],"wp:attachment":[{"href":"https:\/\/elregionalvm.com.ar\/noticias-villa-maria\/wp-json\/wp\/v2\/media?parent=52327"}],"wp:term":[{"taxonomy":"category","embeddable":true,"href":"https:\/\/elregionalvm.com.ar\/noticias-villa-maria\/wp-json\/wp\/v2\/categories?post=52327"},{"taxonomy":"post_tag","embeddable":true,"href":"https:\/\/elregionalvm.com.ar\/noticias-villa-maria\/wp-json\/wp\/v2\/tags?post=52327"}],"curies":[{"name":"wp","href":"https:\/\/api.w.org\/{rel}","templated":true}]}}