{"id":52332,"date":"2022-02-08T17:48:59","date_gmt":"2022-02-08T17:48:59","guid":{"rendered":"https:\/\/elregionalvm.com.ar\/noticias-villa-maria\/?p=52332"},"modified":"2022-02-10T06:14:26","modified_gmt":"2022-02-10T06:14:26","slug":"jose-calderon-secretario-general-de-atilra-el-desafio-es-llegar-a-las-nuevas-generaciones-de-trabajadores","status":"publish","type":"post","link":"https:\/\/elregionalvm.com.ar\/noticias-villa-maria\/jose-calderon-secretario-general-de-atilra-el-desafio-es-llegar-a-las-nuevas-generaciones-de-trabajadores\/","title":{"rendered":"Jos\u00e9 Calder\u00f3n, secretario general de ATILRA: \u201cEl desaf\u00edo es llegar a las nuevas generaciones de trabajadores\u201d"},"content":{"rendered":"\n<p><\/p>\n\n\n\n<p><strong>Luego de acompa\u00f1ar durante 24 a\u00f1os a Pedro Fern\u00e1ndez como secretario adjunto, desde hace un mes es el nuevo secretario general de Atilra. Jos\u00e9 Calder\u00f3n repasa las luchas gremiales, el presente de los trabajadores y los proyectos de su gesti\u00f3n.<\/strong><\/p>\n\n\n\n<p><\/p>\n\n\n\n<p>Ingres\u00f3 a la industria l\u00e1ctea en diciembre de 1983, a los 22 a\u00f1os. Con el tiempo lleg\u00f3 a ser delegado de f\u00e1brica y en los 90 form\u00f3 parte de la comisi\u00f3n directiva. \u201cComenc\u00e9 a tener afinidad con Pedro (Fern\u00e1ndez), a pesar de pensar diferente en t\u00e9rminos de partidos pol\u00edticos por entonces, ten\u00edamos muchas coincidencias por lo que pr\u00e1cticamente pens\u00e1bamos lo mismo\u201d, explica Jos\u00e9 Calder\u00f3n, el flamante secretario general de la seccional Villa Mar\u00eda de ATILRA.<\/p>\n\n\n\n<p>Luego de 24 a\u00f1os de permanecer al frente del gremio, Fern\u00e1ndez dio un paso al costado. El sill\u00f3n principal de la sede sindical lo ocupa desde principios de enero quien fue su mano derecha desde 1998, acompa\u00f1\u00e1ndolo como secretario adjunto.<\/p>\n\n\n\n<p>\u201cQue haya habido lista \u00fanica, no significaba que no hubiera renovaci\u00f3n. Todos los a\u00f1os hab\u00eda diez o quince integrantes nuevos. Siempre se fue agregando gente joven\u201d, remarca Calder\u00f3n en di\u00e1logo con <strong>EL REGIONAL Diario Digital.<\/strong><\/p>\n\n\n\n<p><\/p>\n\n\n\n<figure class=\"wp-block-image size-large is-resized\"><img data-recalc-dims=\"1\" fetchpriority=\"high\" decoding=\"async\" src=\"https:\/\/i0.wp.com\/elregionalvm.com.ar\/noticias-villa-maria\/wp-content\/uploads\/2022\/02\/Jose-Calderon-secretario-Atilra-vertical.jpeg?resize=772%2C1030&#038;ssl=1\" alt=\"\" class=\"wp-image-52333\" width=\"772\" height=\"1030\" srcset=\"https:\/\/i0.wp.com\/elregionalvm.com.ar\/noticias-villa-maria\/wp-content\/uploads\/2022\/02\/Jose-Calderon-secretario-Atilra-vertical.jpeg?resize=768%2C1024&amp;ssl=1 768w, https:\/\/i0.wp.com\/elregionalvm.com.ar\/noticias-villa-maria\/wp-content\/uploads\/2022\/02\/Jose-Calderon-secretario-Atilra-vertical.jpeg?resize=225%2C300&amp;ssl=1 225w, https:\/\/i0.wp.com\/elregionalvm.com.ar\/noticias-villa-maria\/wp-content\/uploads\/2022\/02\/Jose-Calderon-secretario-Atilra-vertical.jpeg?w=900&amp;ssl=1 900w\" sizes=\"(max-width: 772px) 100vw, 772px\" \/><figcaption><em>Calder\u00f3n acompa\u00f1\u00f3 a Fern\u00e1ndez como secretario adjunto desde 1998. Desde enero, es el secretario general. <\/em><\/figcaption><\/figure>\n\n\n\n<p><\/p>\n\n\n\n<p><strong>En su gesti\u00f3n se va a mantener entonces una l\u00ednea de trabajo que ya se ven\u00eda haciendo con Pedro al frente del gremio\u2026<\/strong><\/p>\n\n\n\n<p>\u201cEso nos dar\u00eda una garant\u00eda de continuidad de c\u00f3mo se ha venido trabajando y del proceso que se inici\u00f3 en el 98. Por supuesto, van cambiando los tiempos, las \u00e9pocas son distintas, pero se mantiene un estilo de gesti\u00f3n\u201d.<\/p>\n\n\n\n<p><strong>En estos m\u00e1s de 20 a\u00f1os hubo muchos cambios. \u00bfDe qu\u00e9 logro se siente satisfecho por haberlo conseguido?<\/strong><\/p>\n\n\n\n<p>\u201cEn el 98, la sede de la seccional era mucho m\u00e1s peque\u00f1a, ten\u00eda una sola planta. Hoy tiene dos plantas m\u00e1s, se ha incorporado muchos servicios y se ha realizado varias obras. Se ha anexado toda la parte m\u00e9dica y tecnolog\u00edas para una mejor atenci\u00f3n de la salud. La atenci\u00f3n de la obra social ha sido un salto enorme de calidad. En lo gremial, tambi\u00e9n. En 2001, ten\u00edamos 970 afiliados, hoy tenemos 1.800. La industria acompa\u00f1\u00f3, adquiriendo tecnolog\u00edas, tomando mano de obra y creciendo en su capacidad de producci\u00f3n. Villa Mar\u00eda debe tener la mayor concentraci\u00f3n de f\u00e1bricas de manteca de toda la cuenca\u201d.<\/p>\n\n\n\n<p><\/p>\n\n\n\n<figure class=\"wp-block-image size-full\"><img data-recalc-dims=\"1\" decoding=\"async\" width=\"1000\" height=\"570\" src=\"https:\/\/i0.wp.com\/elregionalvm.com.ar\/noticias-villa-maria\/wp-content\/uploads\/2021\/09\/leche-industria.jpg?resize=1000%2C570&#038;ssl=1\" alt=\"\" class=\"wp-image-44522\" srcset=\"https:\/\/i0.wp.com\/elregionalvm.com.ar\/noticias-villa-maria\/wp-content\/uploads\/2021\/09\/leche-industria.jpg?w=1000&amp;ssl=1 1000w, https:\/\/i0.wp.com\/elregionalvm.com.ar\/noticias-villa-maria\/wp-content\/uploads\/2021\/09\/leche-industria.jpg?resize=300%2C171&amp;ssl=1 300w, https:\/\/i0.wp.com\/elregionalvm.com.ar\/noticias-villa-maria\/wp-content\/uploads\/2021\/09\/leche-industria.jpg?resize=768%2C438&amp;ssl=1 768w\" sizes=\"(max-width: 1000px) 100vw, 1000px\" \/><figcaption><em>Los trabajadores l\u00e1cteos lograron salarios altos con el paso de los a\u00f1os. <\/em><\/figcaption><\/figure>\n\n\n\n<p><\/p>\n\n\n\n<p><strong>En los \u00faltimos a\u00f1os ha habido un gran proceso de tecnificaci\u00f3n en la industria y uno de los logros del gremio ha sido elevar los salarios de los trabajadores, tanto as\u00ed que se ubican entre los mejores.<\/strong><\/p>\n\n\n\n<p>\u201cEn los 90 estuvimos siete a\u00f1os sin recibir aumento. En 2002, asume H\u00e9ctor Ponce a nivel nacional y le cambi\u00f3 la cara a la cuesti\u00f3n gremial, en cuanto a la visi\u00f3n y la misi\u00f3n. Por supuesto, nosotros acompa\u00f1amos. Ah\u00ed se comenz\u00f3 a obtener los aumentos salariales y en el convenio colectivo se incorporaron otras cuestiones como salud, esparcimiento. En nuestro predio se hicieron obras importantes de infraestructura. Asumimos con un mont\u00f3n de problemas, con el cierre de tres f\u00e1bricas y poco a poco fuimos ganando terreno.<\/p>\n\n\n\n<p>La pelea de siempre es blanquear el personal. El sueldo es bueno, la escala salarial est\u00e1, pero en muchos casos hay que hacer que se cumpla\u201d.<\/p>\n\n\n\n<p><strong>\u00bfCu\u00e1les son los desaf\u00edos pensando en lo que viene de su gesti\u00f3n?<\/strong><\/p>\n\n\n\n<p>\u201cPor lo pronto, debemos adecuarnos a los tiempos. Hacer que los nuevos trabajadores valoricen al gremio, que se afilien, que conozcan la historia. Llegar un poco m\u00e1s a las nuevas generaciones. Con la llegada de las secciones de Recursos Humanos a las empresas, pareciera que el gremio fuera el enemigo y no el interlocutor entre el empleado y la empresa que les va a solucionar los problemas. Tenemos muchos choques con Recursos Humanos, antes no ocurr\u00eda tanto con los patrones. Hay que hacer una tarea de docencia gremial, transmitir la experiencia y orientarlos para que sean los continuadores de la gesti\u00f3n.<\/p>\n\n\n\n<p>En la parte administrativa, el desaf\u00edo es ingresar a la era digital, tratar de incorporar tecnolog\u00eda para interactuar con la gente nueva. Mejorar los canales de comunicaci\u00f3n entre la obra social y los afiliados\u201d.<\/p>\n","protected":false},"excerpt":{"rendered":"<p>Luego de acompa\u00f1ar durante 24 a\u00f1os a Pedro Fern\u00e1ndez como secretario adjunto, desde hace un mes es el nuevo secretario general de Atilra. Jos\u00e9 Calder\u00f3n repasa las luchas gremiales, el presente de los trabajadores y los proyectos de su gesti\u00f3n. Ingres\u00f3 a la industria l\u00e1ctea en diciembre de 1983, a los 22 a\u00f1os. Con el [&hellip;]<\/p>\n","protected":false},"author":4,"featured_media":52335,"comment_status":"open","ping_status":"open","sticky":false,"template":"","format":"standard","meta":{"site-sidebar-layout":"default","site-content-layout":"default","ast-site-content-layout":"default","site-content-style":"default","site-sidebar-style":"default","ast-global-header-display":"","ast-banner-title-visibility":"","ast-main-header-display":"","ast-hfb-above-header-display":"","ast-hfb-below-header-display":"","ast-hfb-mobile-header-display":"","site-post-title":"","ast-breadcrumbs-content":"","ast-featured-img":"","footer-sml-layout":"","ast-disable-related-posts":"","theme-transparent-header-meta":"default","adv-header-id-meta":"","stick-header-meta":"","header-above-stick-meta":"","header-main-stick-meta":"","header-below-stick-meta":"","astra-migrate-meta-layouts":"default","ast-page-background-enabled":"default","ast-page-background-meta":{"desktop":{"background-color":"","background-image":"","background-repeat":"repeat","background-position":"center center","background-size":"auto","background-attachment":"scroll","background-type":"","background-media":"","overlay-type":"","overlay-color":"","overlay-opacity":"","overlay-gradient":""},"tablet":{"background-color":"","background-image":"","background-repeat":"repeat","background-position":"center center","background-size":"auto","background-attachment":"scroll","background-type":"","background-media":"","overlay-type":"","overlay-color":"","overlay-opacity":"","overlay-gradient":""},"mobile":{"background-color":"","background-image":"","background-repeat":"repeat","background-position":"center center","background-size":"auto","background-attachment":"scroll","background-type":"","background-media":"","overlay-type":"","overlay-color":"","overlay-opacity":"","overlay-gradient":""}},"ast-content-background-meta":{"desktop":{"background-color":"var(--ast-global-color-5)","background-image":"","background-repeat":"repeat","background-position":"center center","background-size":"auto","background-attachment":"scroll","background-type":"","background-media":"","overlay-type":"","overlay-color":"","overlay-opacity":"","overlay-gradient":""},"tablet":{"background-color":"var(--ast-global-color-5)","background-image":"","background-repeat":"repeat","background-position":"center center","background-size":"auto","background-attachment":"scroll","background-type":"","background-media":"","overlay-type":"","overlay-color":"","overlay-opacity":"","overlay-gradient":""},"mobile":{"background-color":"var(--ast-global-color-5)","background-image":"","background-repeat":"repeat","background-position":"center center","background-size":"auto","background-attachment":"scroll","background-type":"","background-media":"","overlay-type":"","overlay-color":"","overlay-opacity":"","overlay-gradient":""}},"_jetpack_memberships_contains_paid_content":false,"_joinchat":[],"footnotes":""},"categories":[3557,2],"tags":[11663,13600,39,11518,13598,7086,2643,13599,2758,534],"class_list":["post-52332","post","type-post","status-publish","format-standard","has-post-thumbnail","hentry","category-tercera","category-villa-maria","tag-atilra","tag-cuenca-lactea","tag-gremio","tag-industria-lactea","tag-jose-calderon","tag-leche","tag-obra-social","tag-pedro-fernandez","tag-salarios","tag-villa-maria"],"yoast_head":"<!-- This site is optimized with the Yoast SEO plugin v26.8 - https:\/\/yoast.com\/product\/yoast-seo-wordpress\/ -->\n<title>Jos\u00e9 Calder\u00f3n, secretario general de ATILRA: \u201cEl desaf\u00edo es llegar a las nuevas generaciones de trabajadores\u201d - El Regional<\/title>\n<meta name=\"robots\" content=\"index, follow, max-snippet:-1, max-image-preview:large, max-video-preview:-1\" \/>\n<link rel=\"canonical\" href=\"http:\/\/elregionalvm.com.ar\/noticias-villa-maria\/jose-calderon-secretario-general-de-atilra-el-desafio-es-llegar-a-las-nuevas-generaciones-de-trabajadores\/\" \/>\n<meta property=\"og:locale\" content=\"es_ES\" \/>\n<meta property=\"og:type\" content=\"article\" \/>\n<meta property=\"og:title\" content=\"Jos\u00e9 Calder\u00f3n, secretario general de ATILRA: \u201cEl desaf\u00edo es llegar a las nuevas generaciones de trabajadores\u201d - El Regional\" \/>\n<meta property=\"og:description\" content=\"Luego de acompa\u00f1ar durante 24 a\u00f1os a Pedro Fern\u00e1ndez como secretario adjunto, desde hace un mes es el nuevo secretario general de Atilra. Jos\u00e9 Calder\u00f3n repasa las luchas gremiales, el presente de los trabajadores y los proyectos de su gesti\u00f3n. Ingres\u00f3 a la industria l\u00e1ctea en diciembre de 1983, a los 22 a\u00f1os. Con el [&hellip;]\" \/>\n<meta property=\"og:url\" content=\"http:\/\/elregionalvm.com.ar\/noticias-villa-maria\/jose-calderon-secretario-general-de-atilra-el-desafio-es-llegar-a-las-nuevas-generaciones-de-trabajadores\/\" \/>\n<meta property=\"og:site_name\" content=\"El Regional\" \/>\n<meta property=\"article:publisher\" content=\"https:\/\/www.facebook.com\/elregionalvm\" \/>\n<meta property=\"article:published_time\" content=\"2022-02-08T17:48:59+00:00\" \/>\n<meta property=\"article:modified_time\" content=\"2022-02-10T06:14:26+00:00\" \/>\n<meta property=\"og:image\" content=\"http:\/\/elregionalvm.com.ar\/noticias-villa-maria\/wp-content\/uploads\/2022\/02\/Jose-Calderon-secretario-Atilra.jpeg\" \/>\n\t<meta property=\"og:image:width\" content=\"1200\" \/>\n\t<meta property=\"og:image:height\" content=\"900\" \/>\n\t<meta property=\"og:image:type\" content=\"image\/jpeg\" \/>\n<meta name=\"author\" content=\"Contenidos El Regional\" \/>\n<meta name=\"twitter:card\" content=\"summary_large_image\" \/>\n<meta name=\"twitter:creator\" content=\"@elregionalvm1\" \/>\n<meta name=\"twitter:site\" content=\"@elregionalvm1\" \/>\n<meta name=\"twitter:label1\" content=\"Escrito por\" \/>\n\t<meta name=\"twitter:data1\" content=\"Contenidos El Regional\" \/>\n\t<meta name=\"twitter:label2\" content=\"Tiempo de lectura\" \/>\n\t<meta name=\"twitter:data2\" content=\"4 minutos\" \/>\n<script type=\"application\/ld+json\" class=\"yoast-schema-graph\">{\"@context\":\"https:\/\/schema.org\",\"@graph\":[{\"@type\":\"Article\",\"@id\":\"http:\/\/elregionalvm.com.ar\/noticias-villa-maria\/jose-calderon-secretario-general-de-atilra-el-desafio-es-llegar-a-las-nuevas-generaciones-de-trabajadores\/#article\",\"isPartOf\":{\"@id\":\"http:\/\/elregionalvm.com.ar\/noticias-villa-maria\/jose-calderon-secretario-general-de-atilra-el-desafio-es-llegar-a-las-nuevas-generaciones-de-trabajadores\/\"},\"author\":{\"name\":\"Contenidos El Regional\",\"@id\":\"http:\/\/elregionalvm.com.ar\/noticias-villa-maria\/#\/schema\/person\/a0fb9c422317faca23d50163151bc354\"},\"headline\":\"Jos\u00e9 Calder\u00f3n, secretario general de ATILRA: \u201cEl desaf\u00edo es llegar a las nuevas generaciones de trabajadores\u201d\",\"datePublished\":\"2022-02-08T17:48:59+00:00\",\"dateModified\":\"2022-02-10T06:14:26+00:00\",\"mainEntityOfPage\":{\"@id\":\"http:\/\/elregionalvm.com.ar\/noticias-villa-maria\/jose-calderon-secretario-general-de-atilra-el-desafio-es-llegar-a-las-nuevas-generaciones-de-trabajadores\/\"},\"wordCount\":773,\"commentCount\":0,\"image\":{\"@id\":\"http:\/\/elregionalvm.com.ar\/noticias-villa-maria\/jose-calderon-secretario-general-de-atilra-el-desafio-es-llegar-a-las-nuevas-generaciones-de-trabajadores\/#primaryimage\"},\"thumbnailUrl\":\"https:\/\/i0.wp.com\/elregionalvm.com.ar\/noticias-villa-maria\/wp-content\/uploads\/2022\/02\/Jose-Calderon-secretario-Atilra.jpeg?fit=1200%2C900&ssl=1\",\"keywords\":[\"Atilra\",\"cuenca l\u00e1ctea\",\"gremio\",\"industria l\u00e1ctea\",\"Jos\u00e9 Calder\u00f3n\",\"leche\",\"Obra social\",\"Pedro Fern\u00e1ndez\",\"salarios\",\"villa maria\"],\"articleSection\":[\"tercera\",\"Villa Mar\u00eda\"],\"inLanguage\":\"es\",\"potentialAction\":[{\"@type\":\"CommentAction\",\"name\":\"Comment\",\"target\":[\"http:\/\/elregionalvm.com.ar\/noticias-villa-maria\/jose-calderon-secretario-general-de-atilra-el-desafio-es-llegar-a-las-nuevas-generaciones-de-trabajadores\/#respond\"]}]},{\"@type\":\"WebPage\",\"@id\":\"http:\/\/elregionalvm.com.ar\/noticias-villa-maria\/jose-calderon-secretario-general-de-atilra-el-desafio-es-llegar-a-las-nuevas-generaciones-de-trabajadores\/\",\"url\":\"http:\/\/elregionalvm.com.ar\/noticias-villa-maria\/jose-calderon-secretario-general-de-atilra-el-desafio-es-llegar-a-las-nuevas-generaciones-de-trabajadores\/\",\"name\":\"Jos\u00e9 Calder\u00f3n, secretario general de ATILRA: \u201cEl desaf\u00edo es llegar a las nuevas generaciones de trabajadores\u201d - El Regional\",\"isPartOf\":{\"@id\":\"http:\/\/elregionalvm.com.ar\/noticias-villa-maria\/#website\"},\"primaryImageOfPage\":{\"@id\":\"http:\/\/elregionalvm.com.ar\/noticias-villa-maria\/jose-calderon-secretario-general-de-atilra-el-desafio-es-llegar-a-las-nuevas-generaciones-de-trabajadores\/#primaryimage\"},\"image\":{\"@id\":\"http:\/\/elregionalvm.com.ar\/noticias-villa-maria\/jose-calderon-secretario-general-de-atilra-el-desafio-es-llegar-a-las-nuevas-generaciones-de-trabajadores\/#primaryimage\"},\"thumbnailUrl\":\"https:\/\/i0.wp.com\/elregionalvm.com.ar\/noticias-villa-maria\/wp-content\/uploads\/2022\/02\/Jose-Calderon-secretario-Atilra.jpeg?fit=1200%2C900&ssl=1\",\"datePublished\":\"2022-02-08T17:48:59+00:00\",\"dateModified\":\"2022-02-10T06:14:26+00:00\",\"author\":{\"@id\":\"http:\/\/elregionalvm.com.ar\/noticias-villa-maria\/#\/schema\/person\/a0fb9c422317faca23d50163151bc354\"},\"breadcrumb\":{\"@id\":\"http:\/\/elregionalvm.com.ar\/noticias-villa-maria\/jose-calderon-secretario-general-de-atilra-el-desafio-es-llegar-a-las-nuevas-generaciones-de-trabajadores\/#breadcrumb\"},\"inLanguage\":\"es\",\"potentialAction\":[{\"@type\":\"ReadAction\",\"target\":[\"http:\/\/elregionalvm.com.ar\/noticias-villa-maria\/jose-calderon-secretario-general-de-atilra-el-desafio-es-llegar-a-las-nuevas-generaciones-de-trabajadores\/\"]}]},{\"@type\":\"ImageObject\",\"inLanguage\":\"es\",\"@id\":\"http:\/\/elregionalvm.com.ar\/noticias-villa-maria\/jose-calderon-secretario-general-de-atilra-el-desafio-es-llegar-a-las-nuevas-generaciones-de-trabajadores\/#primaryimage\",\"url\":\"https:\/\/i0.wp.com\/elregionalvm.com.ar\/noticias-villa-maria\/wp-content\/uploads\/2022\/02\/Jose-Calderon-secretario-Atilra.jpeg?fit=1200%2C900&ssl=1\",\"contentUrl\":\"https:\/\/i0.wp.com\/elregionalvm.com.ar\/noticias-villa-maria\/wp-content\/uploads\/2022\/02\/Jose-Calderon-secretario-Atilra.jpeg?fit=1200%2C900&ssl=1\",\"width\":1200,\"height\":900},{\"@type\":\"BreadcrumbList\",\"@id\":\"http:\/\/elregionalvm.com.ar\/noticias-villa-maria\/jose-calderon-secretario-general-de-atilra-el-desafio-es-llegar-a-las-nuevas-generaciones-de-trabajadores\/#breadcrumb\",\"itemListElement\":[{\"@type\":\"ListItem\",\"position\":1,\"name\":\"Portada\",\"item\":\"https:\/\/elregionalvm.com.ar\/noticias-villa-maria\/\"},{\"@type\":\"ListItem\",\"position\":2,\"name\":\"Jos\u00e9 Calder\u00f3n, secretario general de ATILRA: \u201cEl desaf\u00edo es llegar a las nuevas generaciones de trabajadores\u201d\"}]},{\"@type\":\"WebSite\",\"@id\":\"http:\/\/elregionalvm.com.ar\/noticias-villa-maria\/#website\",\"url\":\"http:\/\/elregionalvm.com.ar\/noticias-villa-maria\/\",\"name\":\"El Regional\",\"description\":\"Mucho m\u00e1s que informaci\u00f3n\",\"potentialAction\":[{\"@type\":\"SearchAction\",\"target\":{\"@type\":\"EntryPoint\",\"urlTemplate\":\"http:\/\/elregionalvm.com.ar\/noticias-villa-maria\/?s={search_term_string}\"},\"query-input\":{\"@type\":\"PropertyValueSpecification\",\"valueRequired\":true,\"valueName\":\"search_term_string\"}}],\"inLanguage\":\"es\"},{\"@type\":\"Person\",\"@id\":\"http:\/\/elregionalvm.com.ar\/noticias-villa-maria\/#\/schema\/person\/a0fb9c422317faca23d50163151bc354\",\"name\":\"Contenidos El Regional\",\"image\":{\"@type\":\"ImageObject\",\"inLanguage\":\"es\",\"@id\":\"http:\/\/elregionalvm.com.ar\/noticias-villa-maria\/#\/schema\/person\/image\/\",\"url\":\"https:\/\/secure.gravatar.com\/avatar\/265b27cb2209af7bb3a1318f03305787d7981a5cc6e6cd08fe5a4ecdf99d4b48?s=96&d=mm&r=g\",\"contentUrl\":\"https:\/\/secure.gravatar.com\/avatar\/265b27cb2209af7bb3a1318f03305787d7981a5cc6e6cd08fe5a4ecdf99d4b48?s=96&d=mm&r=g\",\"caption\":\"Contenidos El Regional\"},\"url\":\"https:\/\/elregionalvm.com.ar\/noticias-villa-maria\/author\/contenido\/\"}]}<\/script>\n<!-- \/ Yoast SEO plugin. -->","yoast_head_json":{"title":"Jos\u00e9 Calder\u00f3n, secretario general de ATILRA: \u201cEl desaf\u00edo es llegar a las nuevas generaciones de trabajadores\u201d - El Regional","robots":{"index":"index","follow":"follow","max-snippet":"max-snippet:-1","max-image-preview":"max-image-preview:large","max-video-preview":"max-video-preview:-1"},"canonical":"http:\/\/elregionalvm.com.ar\/noticias-villa-maria\/jose-calderon-secretario-general-de-atilra-el-desafio-es-llegar-a-las-nuevas-generaciones-de-trabajadores\/","og_locale":"es_ES","og_type":"article","og_title":"Jos\u00e9 Calder\u00f3n, secretario general de ATILRA: \u201cEl desaf\u00edo es llegar a las nuevas generaciones de trabajadores\u201d - El Regional","og_description":"Luego de acompa\u00f1ar durante 24 a\u00f1os a Pedro Fern\u00e1ndez como secretario adjunto, desde hace un mes es el nuevo secretario general de Atilra. Jos\u00e9 Calder\u00f3n repasa las luchas gremiales, el presente de los trabajadores y los proyectos de su gesti\u00f3n. Ingres\u00f3 a la industria l\u00e1ctea en diciembre de 1983, a los 22 a\u00f1os. Con el [&hellip;]","og_url":"http:\/\/elregionalvm.com.ar\/noticias-villa-maria\/jose-calderon-secretario-general-de-atilra-el-desafio-es-llegar-a-las-nuevas-generaciones-de-trabajadores\/","og_site_name":"El Regional","article_publisher":"https:\/\/www.facebook.com\/elregionalvm","article_published_time":"2022-02-08T17:48:59+00:00","article_modified_time":"2022-02-10T06:14:26+00:00","og_image":[{"width":1200,"height":900,"url":"http:\/\/elregionalvm.com.ar\/noticias-villa-maria\/wp-content\/uploads\/2022\/02\/Jose-Calderon-secretario-Atilra.jpeg","type":"image\/jpeg"}],"author":"Contenidos El Regional","twitter_card":"summary_large_image","twitter_creator":"@elregionalvm1","twitter_site":"@elregionalvm1","twitter_misc":{"Escrito por":"Contenidos El Regional","Tiempo de lectura":"4 minutos"},"schema":{"@context":"https:\/\/schema.org","@graph":[{"@type":"Article","@id":"http:\/\/elregionalvm.com.ar\/noticias-villa-maria\/jose-calderon-secretario-general-de-atilra-el-desafio-es-llegar-a-las-nuevas-generaciones-de-trabajadores\/#article","isPartOf":{"@id":"http:\/\/elregionalvm.com.ar\/noticias-villa-maria\/jose-calderon-secretario-general-de-atilra-el-desafio-es-llegar-a-las-nuevas-generaciones-de-trabajadores\/"},"author":{"name":"Contenidos El Regional","@id":"http:\/\/elregionalvm.com.ar\/noticias-villa-maria\/#\/schema\/person\/a0fb9c422317faca23d50163151bc354"},"headline":"Jos\u00e9 Calder\u00f3n, secretario general de ATILRA: \u201cEl desaf\u00edo es llegar a las nuevas generaciones de trabajadores\u201d","datePublished":"2022-02-08T17:48:59+00:00","dateModified":"2022-02-10T06:14:26+00:00","mainEntityOfPage":{"@id":"http:\/\/elregionalvm.com.ar\/noticias-villa-maria\/jose-calderon-secretario-general-de-atilra-el-desafio-es-llegar-a-las-nuevas-generaciones-de-trabajadores\/"},"wordCount":773,"commentCount":0,"image":{"@id":"http:\/\/elregionalvm.com.ar\/noticias-villa-maria\/jose-calderon-secretario-general-de-atilra-el-desafio-es-llegar-a-las-nuevas-generaciones-de-trabajadores\/#primaryimage"},"thumbnailUrl":"https:\/\/i0.wp.com\/elregionalvm.com.ar\/noticias-villa-maria\/wp-content\/uploads\/2022\/02\/Jose-Calderon-secretario-Atilra.jpeg?fit=1200%2C900&ssl=1","keywords":["Atilra","cuenca l\u00e1ctea","gremio","industria l\u00e1ctea","Jos\u00e9 Calder\u00f3n","leche","Obra social","Pedro Fern\u00e1ndez","salarios","villa maria"],"articleSection":["tercera","Villa Mar\u00eda"],"inLanguage":"es","potentialAction":[{"@type":"CommentAction","name":"Comment","target":["http:\/\/elregionalvm.com.ar\/noticias-villa-maria\/jose-calderon-secretario-general-de-atilra-el-desafio-es-llegar-a-las-nuevas-generaciones-de-trabajadores\/#respond"]}]},{"@type":"WebPage","@id":"http:\/\/elregionalvm.com.ar\/noticias-villa-maria\/jose-calderon-secretario-general-de-atilra-el-desafio-es-llegar-a-las-nuevas-generaciones-de-trabajadores\/","url":"http:\/\/elregionalvm.com.ar\/noticias-villa-maria\/jose-calderon-secretario-general-de-atilra-el-desafio-es-llegar-a-las-nuevas-generaciones-de-trabajadores\/","name":"Jos\u00e9 Calder\u00f3n, secretario general de ATILRA: \u201cEl desaf\u00edo es llegar a las nuevas generaciones de trabajadores\u201d - El Regional","isPartOf":{"@id":"http:\/\/elregionalvm.com.ar\/noticias-villa-maria\/#website"},"primaryImageOfPage":{"@id":"http:\/\/elregionalvm.com.ar\/noticias-villa-maria\/jose-calderon-secretario-general-de-atilra-el-desafio-es-llegar-a-las-nuevas-generaciones-de-trabajadores\/#primaryimage"},"image":{"@id":"http:\/\/elregionalvm.com.ar\/noticias-villa-maria\/jose-calderon-secretario-general-de-atilra-el-desafio-es-llegar-a-las-nuevas-generaciones-de-trabajadores\/#primaryimage"},"thumbnailUrl":"https:\/\/i0.wp.com\/elregionalvm.com.ar\/noticias-villa-maria\/wp-content\/uploads\/2022\/02\/Jose-Calderon-secretario-Atilra.jpeg?fit=1200%2C900&ssl=1","datePublished":"2022-02-08T17:48:59+00:00","dateModified":"2022-02-10T06:14:26+00:00","author":{"@id":"http:\/\/elregionalvm.com.ar\/noticias-villa-maria\/#\/schema\/person\/a0fb9c422317faca23d50163151bc354"},"breadcrumb":{"@id":"http:\/\/elregionalvm.com.ar\/noticias-villa-maria\/jose-calderon-secretario-general-de-atilra-el-desafio-es-llegar-a-las-nuevas-generaciones-de-trabajadores\/#breadcrumb"},"inLanguage":"es","potentialAction":[{"@type":"ReadAction","target":["http:\/\/elregionalvm.com.ar\/noticias-villa-maria\/jose-calderon-secretario-general-de-atilra-el-desafio-es-llegar-a-las-nuevas-generaciones-de-trabajadores\/"]}]},{"@type":"ImageObject","inLanguage":"es","@id":"http:\/\/elregionalvm.com.ar\/noticias-villa-maria\/jose-calderon-secretario-general-de-atilra-el-desafio-es-llegar-a-las-nuevas-generaciones-de-trabajadores\/#primaryimage","url":"https:\/\/i0.wp.com\/elregionalvm.com.ar\/noticias-villa-maria\/wp-content\/uploads\/2022\/02\/Jose-Calderon-secretario-Atilra.jpeg?fit=1200%2C900&ssl=1","contentUrl":"https:\/\/i0.wp.com\/elregionalvm.com.ar\/noticias-villa-maria\/wp-content\/uploads\/2022\/02\/Jose-Calderon-secretario-Atilra.jpeg?fit=1200%2C900&ssl=1","width":1200,"height":900},{"@type":"BreadcrumbList","@id":"http:\/\/elregionalvm.com.ar\/noticias-villa-maria\/jose-calderon-secretario-general-de-atilra-el-desafio-es-llegar-a-las-nuevas-generaciones-de-trabajadores\/#breadcrumb","itemListElement":[{"@type":"ListItem","position":1,"name":"Portada","item":"https:\/\/elregionalvm.com.ar\/noticias-villa-maria\/"},{"@type":"ListItem","position":2,"name":"Jos\u00e9 Calder\u00f3n, secretario general de ATILRA: \u201cEl desaf\u00edo es llegar a las nuevas generaciones de trabajadores\u201d"}]},{"@type":"WebSite","@id":"http:\/\/elregionalvm.com.ar\/noticias-villa-maria\/#website","url":"http:\/\/elregionalvm.com.ar\/noticias-villa-maria\/","name":"El Regional","description":"Mucho m\u00e1s que informaci\u00f3n","potentialAction":[{"@type":"SearchAction","target":{"@type":"EntryPoint","urlTemplate":"http:\/\/elregionalvm.com.ar\/noticias-villa-maria\/?s={search_term_string}"},"query-input":{"@type":"PropertyValueSpecification","valueRequired":true,"valueName":"search_term_string"}}],"inLanguage":"es"},{"@type":"Person","@id":"http:\/\/elregionalvm.com.ar\/noticias-villa-maria\/#\/schema\/person\/a0fb9c422317faca23d50163151bc354","name":"Contenidos El Regional","image":{"@type":"ImageObject","inLanguage":"es","@id":"http:\/\/elregionalvm.com.ar\/noticias-villa-maria\/#\/schema\/person\/image\/","url":"https:\/\/secure.gravatar.com\/avatar\/265b27cb2209af7bb3a1318f03305787d7981a5cc6e6cd08fe5a4ecdf99d4b48?s=96&d=mm&r=g","contentUrl":"https:\/\/secure.gravatar.com\/avatar\/265b27cb2209af7bb3a1318f03305787d7981a5cc6e6cd08fe5a4ecdf99d4b48?s=96&d=mm&r=g","caption":"Contenidos El Regional"},"url":"https:\/\/elregionalvm.com.ar\/noticias-villa-maria\/author\/contenido\/"}]}},"jetpack_featured_media_url":"https:\/\/i0.wp.com\/elregionalvm.com.ar\/noticias-villa-maria\/wp-content\/uploads\/2022\/02\/Jose-Calderon-secretario-Atilra.jpeg?fit=1200%2C900&ssl=1","jetpack_sharing_enabled":true,"_links":{"self":[{"href":"https:\/\/elregionalvm.com.ar\/noticias-villa-maria\/wp-json\/wp\/v2\/posts\/52332","targetHints":{"allow":["GET"]}}],"collection":[{"href":"https:\/\/elregionalvm.com.ar\/noticias-villa-maria\/wp-json\/wp\/v2\/posts"}],"about":[{"href":"https:\/\/elregionalvm.com.ar\/noticias-villa-maria\/wp-json\/wp\/v2\/types\/post"}],"author":[{"embeddable":true,"href":"https:\/\/elregionalvm.com.ar\/noticias-villa-maria\/wp-json\/wp\/v2\/users\/4"}],"replies":[{"embeddable":true,"href":"https:\/\/elregionalvm.com.ar\/noticias-villa-maria\/wp-json\/wp\/v2\/comments?post=52332"}],"version-history":[{"count":1,"href":"https:\/\/elregionalvm.com.ar\/noticias-villa-maria\/wp-json\/wp\/v2\/posts\/52332\/revisions"}],"predecessor-version":[{"id":52334,"href":"https:\/\/elregionalvm.com.ar\/noticias-villa-maria\/wp-json\/wp\/v2\/posts\/52332\/revisions\/52334"}],"wp:featuredmedia":[{"embeddable":true,"href":"https:\/\/elregionalvm.com.ar\/noticias-villa-maria\/wp-json\/wp\/v2\/media\/52335"}],"wp:attachment":[{"href":"https:\/\/elregionalvm.com.ar\/noticias-villa-maria\/wp-json\/wp\/v2\/media?parent=52332"}],"wp:term":[{"taxonomy":"category","embeddable":true,"href":"https:\/\/elregionalvm.com.ar\/noticias-villa-maria\/wp-json\/wp\/v2\/categories?post=52332"},{"taxonomy":"post_tag","embeddable":true,"href":"https:\/\/elregionalvm.com.ar\/noticias-villa-maria\/wp-json\/wp\/v2\/tags?post=52332"}],"curies":[{"name":"wp","href":"https:\/\/api.w.org\/{rel}","templated":true}]}}