{"id":52336,"date":"2022-02-08T18:18:06","date_gmt":"2022-02-08T18:18:06","guid":{"rendered":"https:\/\/elregionalvm.com.ar\/noticias-villa-maria\/?p=52336"},"modified":"2022-02-10T06:14:40","modified_gmt":"2022-02-10T06:14:40","slug":"la-ciatica-como-prevenirla-y-combatirla-desde-la-actividad-fisica","status":"publish","type":"post","link":"https:\/\/elregionalvm.com.ar\/noticias-villa-maria\/la-ciatica-como-prevenirla-y-combatirla-desde-la-actividad-fisica\/","title":{"rendered":"La ci\u00e1tica: Como prevenirla y combatirla desde la actividad f\u00edsica"},"content":{"rendered":"\n<p><\/p>\n\n\n\n<p><strong>Escribe: Profesor Jos\u00e9 Luis Morales<\/strong><\/p>\n\n\n\n<p><\/p>\n\n\n\n<p>La ci\u00e1tica es un conjunto de s\u00edntomas relacionados con el nervio ci\u00e1tico (el m\u00e1s largo y ancho del cuerpo, que nace en la espalda baja y llega hasta el pie). Este nervio contribuye a suministrar tanto la sensaci\u00f3n como el control muscular de la pierna.<\/p>\n\n\n\n<p>Su largo curso y gran tama\u00f1o hacen al nervio ci\u00e1tico vulnerable a la presi\u00f3n o da\u00f1o, provocando dolor que puede ser en la espalda baja, gl\u00fateos, muslos, hasta la punta del pie (no confundir con la falsa ci\u00e1tica que es m\u00e1s leve y el dolor va desde la espalda baja a la rodilla).<\/p>\n\n\n\n<p><strong>Sus 2 principales causas son&#8230;<\/strong><\/p>\n\n\n\n<p>\u2022 <strong>Hernia de disco vertebral:<\/strong> es la causa m\u00e1s frecuente de ci\u00e1tica. Los discos vertebrales se encuentran entre las v\u00e9rtebras y amortiguan el peso que se produce entre ellas a causa de los movimientos. Cuando hay mucha presi\u00f3n dentro del disco, puede protruir (desplazarse) hacia los lados del mismo donde el l\u00edquido se sale y presiona a los nervios, comprimiendo las ra\u00edces del nervio ci\u00e1tico (es como si presionara un globo y se mueva hacia los lados).<\/p>\n\n\n\n<p>\u2022 <strong>S\u00edndrome piriforme:<\/strong> el m\u00fasculo piriforme (tambi\u00e9n llamado piramidal) se origina en la pelvis y se inserta en el f\u00e9mur (espec\u00edficamente desde el sacro hasta el trocanter mayor, actuando de rotador externo, abductor y extensor de cadera). Se pueden formar contracturas en el m\u00fasculo piriforme que comprimen el nervio ci\u00e1tico.<\/p>\n\n\n\n<p><\/p>\n\n\n\n<figure class=\"wp-block-image size-large\"><img data-recalc-dims=\"1\" fetchpriority=\"high\" decoding=\"async\" width=\"1024\" height=\"683\" src=\"https:\/\/i0.wp.com\/elregionalvm.com.ar\/noticias-villa-maria\/wp-content\/uploads\/2022\/02\/Ciatica-mujer-doctor.jpg?resize=1024%2C683&#038;ssl=1\" alt=\"\" class=\"wp-image-52339\" srcset=\"https:\/\/i0.wp.com\/elregionalvm.com.ar\/noticias-villa-maria\/wp-content\/uploads\/2022\/02\/Ciatica-mujer-doctor.jpg?resize=1024%2C683&amp;ssl=1 1024w, https:\/\/i0.wp.com\/elregionalvm.com.ar\/noticias-villa-maria\/wp-content\/uploads\/2022\/02\/Ciatica-mujer-doctor.jpg?resize=300%2C200&amp;ssl=1 300w, https:\/\/i0.wp.com\/elregionalvm.com.ar\/noticias-villa-maria\/wp-content\/uploads\/2022\/02\/Ciatica-mujer-doctor.jpg?resize=768%2C512&amp;ssl=1 768w, https:\/\/i0.wp.com\/elregionalvm.com.ar\/noticias-villa-maria\/wp-content\/uploads\/2022\/02\/Ciatica-mujer-doctor.jpg?w=1140&amp;ssl=1 1140w\" sizes=\"(max-width: 1000px) 100vw, 1000px\" \/><\/figure>\n\n\n\n<p><\/p>\n\n\n\n<p><strong>Tratamiento&#8230;<\/strong><\/p>\n\n\n\n<p>Los ejercicios espec\u00edficos para la ci\u00e1tica dependen de la causa del dolor.<\/p>\n\n\n\n<p>Es importante obtener primero un correcto diagn\u00f3stico de la causa del dolor ci\u00e1tico. Por ejemplo, si es provocado por una contractura del m\u00fasculo piriforme, lo ideal es estirarlo (3&#215;30\u00bb tres veces al d\u00eda) para que el m\u00fasculo no toque el nervio.<\/p>\n\n\n\n<p>\u2022 Analg\u00e9sicos y antiinflamatorios que calmen el dolor (siempre consulten con su m\u00e9dico).<\/p>\n\n\n\n<p>\u2022 Reposo relativo, es decir, podr\u00e1s moverte, pero no debes realizar esfuerzos ni caminar largas distancias. Evita estar mucho tiempo en una misma posici\u00f3n, sobre todo de pie.<\/p>\n\n\n\n<p>\u2022 Aplicar fr\u00edo 3 veces al d\u00eda en la zona afectada los dos primeros d\u00edas de dolor. As\u00ed se reducir\u00e1 la inflamaci\u00f3n que acompa\u00f1a a la compresi\u00f3n del nervio. El fr\u00edo se aplicar\u00e1 durante unos 10-15 minutos<\/p>\n\n\n\n<p>\u2022 Aplicar calor los d\u00edas siguientes con una bolsa de agua caliente durante 15-20 minutos. Calma el dolor y es m\u00e1s efectivo cuando el dolor se acompa\u00f1a de contracturas musculares.<\/p>\n\n\n\n<p>\u2022 Masajes en la zona lumbar; tienen el mismo efecto que la aplicaci\u00f3n de calor. Los deben realizar personas capacitadas.<\/p>\n\n\n\n<p><\/p>\n\n\n\n<figure class=\"wp-block-embed is-type-wp-embed is-provider-el-regional wp-block-embed-el-regional\"><div class=\"wp-block-embed__wrapper\">\n<blockquote class=\"wp-embedded-content\" data-secret=\"j6swEn0IO9\"><a href=\"https:\/\/elregionalvm.com.ar\/noticias-villa-maria\/buena-vida-mitos-y-realidades-de-la-actividad-fisica\/\">[BUENA VIDA] Mitos y realidades de la actividad f\u00edsica<\/a><\/blockquote><iframe class=\"wp-embedded-content\" sandbox=\"allow-scripts\" security=\"restricted\" style=\"position: absolute; clip: rect(1px, 1px, 1px, 1px);\" title=\"\u00ab[BUENA VIDA] Mitos y realidades de la actividad f\u00edsica\u00bb \u2014 El Regional\" src=\"https:\/\/elregionalvm.com.ar\/noticias-villa-maria\/buena-vida-mitos-y-realidades-de-la-actividad-fisica\/embed\/#?secret=FTSvsSeNGl#?secret=j6swEn0IO9\" data-secret=\"j6swEn0IO9\" width=\"500\" height=\"282\" frameborder=\"0\" marginwidth=\"0\" marginheight=\"0\" scrolling=\"no\"><\/iframe>\n<\/div><\/figure>\n\n\n\n<p><strong>Prevenci\u00f3n&#8230;<\/strong><\/p>\n\n\n\n<p>\u2022 Evitar la obesidad y el sobrepeso, ya que el peso excesivo provoca una gran presi\u00f3n pudiendo comprimir el nervio ci\u00e1tico.<\/p>\n\n\n\n<p>\u2022 Fortalecimiento de los m\u00fasculos del tronco (abdomen y lumbares principalmente) ya que puedes recuperarte m\u00e1s r\u00e1pido de una ci\u00e1tica y sos menos propenso a sufrir futuros ataques de dolor. Habla con tu entrenador de confianza para que te haga un plan adaptado de lo que debes hacer y lo que debes evitar.<\/p>\n\n\n\n<p>\u2022 Estiramientos principalmente de los m\u00fasculos piriforme, isquiosurales, gl\u00fateo mayor y medio, m\u00fasculos lumbares y gemelos, ya que el nervio ci\u00e1tico nace de la parte baja de la espalda, pasa por los gl\u00fateos, parte posterior de la pierna hasta llegar al pie.<\/p>\n\n\n\n<p>\u2022 realiza correctamente los ejercicios que te da tu entrenador. Como siempre digo, calidad (t\u00e9cnica) ante cantidad (peso), es decir, aumento de peso, pero siempre respetando la t\u00e9cnica del movimiento primero.<\/p>\n\n\n\n<p>\u2022 Nunca realices un ejercicio que te provoque dolor por m\u00ednimo que sea. El dolor es una se\u00f1al del cuerpo que te dice que algo no va bien.<\/p>\n\n\n\n<p>\u2022 No agacharse doblando la espalda, sino doblando las rodillas con la espalda recta y en caso de cargar un peso, hacerlo con el mismo pegado al cuerpo.<\/p>\n\n\n\n<p>\u2022 No adoptar malas posturas mientras se est\u00e1 sentado en el escritorio, conduciendo o realizando trabajos forzados. Habla con tu entrenador de confianza para que te explique las normas de higiene postural.<\/p>\n\n\n\n<p>\u2022 Dormir en colchones flexibles pero r\u00edgidos (ni muy duros ni blandos), de forma que la columna vertebral siempre est\u00e9 en una posici\u00f3n recta.<\/p>\n\n\n\n<p>\u00a1A seguir entrenando!<\/p>\n","protected":false},"excerpt":{"rendered":"<p>Escribe: Profesor Jos\u00e9 Luis Morales La ci\u00e1tica es un conjunto de s\u00edntomas relacionados con el nervio ci\u00e1tico (el m\u00e1s largo y ancho del cuerpo, que nace en la espalda baja y llega hasta el pie). Este nervio contribuye a suministrar tanto la sensaci\u00f3n como el control muscular de la pierna. Su largo curso y gran [&hellip;]<\/p>\n","protected":false},"author":4,"featured_media":52338,"comment_status":"open","ping_status":"open","sticky":false,"template":"","format":"standard","meta":{"site-sidebar-layout":"default","site-content-layout":"default","ast-site-content-layout":"default","site-content-style":"default","site-sidebar-style":"default","ast-global-header-display":"","ast-banner-title-visibility":"","ast-main-header-display":"","ast-hfb-above-header-display":"","ast-hfb-below-header-display":"","ast-hfb-mobile-header-display":"","site-post-title":"","ast-breadcrumbs-content":"","ast-featured-img":"","footer-sml-layout":"","ast-disable-related-posts":"","theme-transparent-header-meta":"default","adv-header-id-meta":"","stick-header-meta":"","header-above-stick-meta":"","header-main-stick-meta":"","header-below-stick-meta":"","astra-migrate-meta-layouts":"default","ast-page-background-enabled":"default","ast-page-background-meta":{"desktop":{"background-color":"","background-image":"","background-repeat":"repeat","background-position":"center center","background-size":"auto","background-attachment":"scroll","background-type":"","background-media":"","overlay-type":"","overlay-color":"","overlay-opacity":"","overlay-gradient":""},"tablet":{"background-color":"","background-image":"","background-repeat":"repeat","background-position":"center center","background-size":"auto","background-attachment":"scroll","background-type":"","background-media":"","overlay-type":"","overlay-color":"","overlay-opacity":"","overlay-gradient":""},"mobile":{"background-color":"","background-image":"","background-repeat":"repeat","background-position":"center center","background-size":"auto","background-attachment":"scroll","background-type":"","background-media":"","overlay-type":"","overlay-color":"","overlay-opacity":"","overlay-gradient":""}},"ast-content-background-meta":{"desktop":{"background-color":"var(--ast-global-color-5)","background-image":"","background-repeat":"repeat","background-position":"center center","background-size":"auto","background-attachment":"scroll","background-type":"","background-media":"","overlay-type":"","overlay-color":"","overlay-opacity":"","overlay-gradient":""},"tablet":{"background-color":"var(--ast-global-color-5)","background-image":"","background-repeat":"repeat","background-position":"center center","background-size":"auto","background-attachment":"scroll","background-type":"","background-media":"","overlay-type":"","overlay-color":"","overlay-opacity":"","overlay-gradient":""},"mobile":{"background-color":"var(--ast-global-color-5)","background-image":"","background-repeat":"repeat","background-position":"center center","background-size":"auto","background-attachment":"scroll","background-type":"","background-media":"","overlay-type":"","overlay-color":"","overlay-opacity":"","overlay-gradient":""}},"_jetpack_memberships_contains_paid_content":false,"_joinchat":[],"footnotes":""},"categories":[9869,3557],"tags":[10616,9927,13601,10905,8484,13604,9867,13602,2651,2133],"class_list":["post-52336","post","type-post","status-publish","format-standard","has-post-thumbnail","hentry","category-buena-vida","category-tercera","tag-actividad-fisica","tag-buena-vida","tag-ciatica","tag-ejercicios-fisicos","tag-entrenamiento","tag-hernia-de-disco","tag-jose-morales","tag-nervio-ciatico","tag-prevencion","tag-salud"],"yoast_head":"<!-- This site is optimized with the Yoast SEO plugin v26.8 - https:\/\/yoast.com\/product\/yoast-seo-wordpress\/ -->\n<title>La ci\u00e1tica: Como prevenirla y combatirla desde la actividad f\u00edsica - El Regional<\/title>\n<meta name=\"description\" content=\"La ci\u00e1tica es un conjunto de s\u00edntomas relacionados con el nervio ci\u00e1tico, el m\u00e1s largo y ancho del cuerpo, que nace en la espalda baja.\" \/>\n<meta name=\"robots\" content=\"index, follow, max-snippet:-1, max-image-preview:large, max-video-preview:-1\" \/>\n<link rel=\"canonical\" href=\"http:\/\/elregionalvm.com.ar\/noticias-villa-maria\/la-ciatica-como-prevenirla-y-combatirla-desde-la-actividad-fisica\/\" \/>\n<meta property=\"og:locale\" content=\"es_ES\" \/>\n<meta property=\"og:type\" content=\"article\" \/>\n<meta property=\"og:title\" content=\"La ci\u00e1tica: Como prevenirla y combatirla desde la actividad f\u00edsica - El Regional\" \/>\n<meta property=\"og:description\" content=\"La ci\u00e1tica es un conjunto de s\u00edntomas relacionados con el nervio ci\u00e1tico, el m\u00e1s largo y ancho del cuerpo, que nace en la espalda baja.\" \/>\n<meta property=\"og:url\" content=\"http:\/\/elregionalvm.com.ar\/noticias-villa-maria\/la-ciatica-como-prevenirla-y-combatirla-desde-la-actividad-fisica\/\" \/>\n<meta property=\"og:site_name\" content=\"El Regional\" \/>\n<meta property=\"article:publisher\" content=\"https:\/\/www.facebook.com\/elregionalvm\" \/>\n<meta property=\"article:published_time\" content=\"2022-02-08T18:18:06+00:00\" \/>\n<meta property=\"article:modified_time\" content=\"2022-02-10T06:14:40+00:00\" \/>\n<meta property=\"og:image\" content=\"http:\/\/elregionalvm.com.ar\/noticias-villa-maria\/wp-content\/uploads\/2022\/02\/Ciatica-dolor.jpg\" \/>\n\t<meta property=\"og:image:width\" content=\"980\" \/>\n\t<meta property=\"og:image:height\" content=\"528\" \/>\n\t<meta property=\"og:image:type\" content=\"image\/jpeg\" \/>\n<meta name=\"author\" content=\"Contenidos El Regional\" \/>\n<meta name=\"twitter:card\" content=\"summary_large_image\" \/>\n<meta name=\"twitter:creator\" content=\"@elregionalvm1\" \/>\n<meta name=\"twitter:site\" content=\"@elregionalvm1\" \/>\n<meta name=\"twitter:label1\" content=\"Escrito por\" \/>\n\t<meta name=\"twitter:data1\" content=\"Contenidos El Regional\" \/>\n\t<meta name=\"twitter:label2\" content=\"Tiempo de lectura\" \/>\n\t<meta name=\"twitter:data2\" content=\"4 minutos\" \/>\n<script type=\"application\/ld+json\" class=\"yoast-schema-graph\">{\"@context\":\"https:\/\/schema.org\",\"@graph\":[{\"@type\":\"Article\",\"@id\":\"http:\/\/elregionalvm.com.ar\/noticias-villa-maria\/la-ciatica-como-prevenirla-y-combatirla-desde-la-actividad-fisica\/#article\",\"isPartOf\":{\"@id\":\"http:\/\/elregionalvm.com.ar\/noticias-villa-maria\/la-ciatica-como-prevenirla-y-combatirla-desde-la-actividad-fisica\/\"},\"author\":{\"name\":\"Contenidos El Regional\",\"@id\":\"http:\/\/elregionalvm.com.ar\/noticias-villa-maria\/#\/schema\/person\/a0fb9c422317faca23d50163151bc354\"},\"headline\":\"La ci\u00e1tica: Como prevenirla y combatirla desde la actividad f\u00edsica\",\"datePublished\":\"2022-02-08T18:18:06+00:00\",\"dateModified\":\"2022-02-10T06:14:40+00:00\",\"mainEntityOfPage\":{\"@id\":\"http:\/\/elregionalvm.com.ar\/noticias-villa-maria\/la-ciatica-como-prevenirla-y-combatirla-desde-la-actividad-fisica\/\"},\"wordCount\":747,\"commentCount\":0,\"image\":{\"@id\":\"http:\/\/elregionalvm.com.ar\/noticias-villa-maria\/la-ciatica-como-prevenirla-y-combatirla-desde-la-actividad-fisica\/#primaryimage\"},\"thumbnailUrl\":\"https:\/\/i0.wp.com\/elregionalvm.com.ar\/noticias-villa-maria\/wp-content\/uploads\/2022\/02\/Ciatica-dolor.jpg?fit=980%2C528&ssl=1\",\"keywords\":[\"Actividad f\u00edsica\",\"Buena Vida\",\"ci\u00e1tica\",\"Ejercicios f\u00edsicos\",\"entrenamiento\",\"hernia de disco\",\"jos\u00e9 morales\",\"nervio ci\u00e1tico\",\"prevenci\u00f3n\",\"salud\"],\"articleSection\":[\"Buena vida\",\"tercera\"],\"inLanguage\":\"es\",\"potentialAction\":[{\"@type\":\"CommentAction\",\"name\":\"Comment\",\"target\":[\"http:\/\/elregionalvm.com.ar\/noticias-villa-maria\/la-ciatica-como-prevenirla-y-combatirla-desde-la-actividad-fisica\/#respond\"]}]},{\"@type\":\"WebPage\",\"@id\":\"http:\/\/elregionalvm.com.ar\/noticias-villa-maria\/la-ciatica-como-prevenirla-y-combatirla-desde-la-actividad-fisica\/\",\"url\":\"http:\/\/elregionalvm.com.ar\/noticias-villa-maria\/la-ciatica-como-prevenirla-y-combatirla-desde-la-actividad-fisica\/\",\"name\":\"La ci\u00e1tica: Como prevenirla y combatirla desde la actividad f\u00edsica - El Regional\",\"isPartOf\":{\"@id\":\"http:\/\/elregionalvm.com.ar\/noticias-villa-maria\/#website\"},\"primaryImageOfPage\":{\"@id\":\"http:\/\/elregionalvm.com.ar\/noticias-villa-maria\/la-ciatica-como-prevenirla-y-combatirla-desde-la-actividad-fisica\/#primaryimage\"},\"image\":{\"@id\":\"http:\/\/elregionalvm.com.ar\/noticias-villa-maria\/la-ciatica-como-prevenirla-y-combatirla-desde-la-actividad-fisica\/#primaryimage\"},\"thumbnailUrl\":\"https:\/\/i0.wp.com\/elregionalvm.com.ar\/noticias-villa-maria\/wp-content\/uploads\/2022\/02\/Ciatica-dolor.jpg?fit=980%2C528&ssl=1\",\"datePublished\":\"2022-02-08T18:18:06+00:00\",\"dateModified\":\"2022-02-10T06:14:40+00:00\",\"author\":{\"@id\":\"http:\/\/elregionalvm.com.ar\/noticias-villa-maria\/#\/schema\/person\/a0fb9c422317faca23d50163151bc354\"},\"description\":\"La ci\u00e1tica es un conjunto de s\u00edntomas relacionados con el nervio ci\u00e1tico, el m\u00e1s largo y ancho del cuerpo, que nace en la espalda baja.\",\"breadcrumb\":{\"@id\":\"http:\/\/elregionalvm.com.ar\/noticias-villa-maria\/la-ciatica-como-prevenirla-y-combatirla-desde-la-actividad-fisica\/#breadcrumb\"},\"inLanguage\":\"es\",\"potentialAction\":[{\"@type\":\"ReadAction\",\"target\":[\"http:\/\/elregionalvm.com.ar\/noticias-villa-maria\/la-ciatica-como-prevenirla-y-combatirla-desde-la-actividad-fisica\/\"]}]},{\"@type\":\"ImageObject\",\"inLanguage\":\"es\",\"@id\":\"http:\/\/elregionalvm.com.ar\/noticias-villa-maria\/la-ciatica-como-prevenirla-y-combatirla-desde-la-actividad-fisica\/#primaryimage\",\"url\":\"https:\/\/i0.wp.com\/elregionalvm.com.ar\/noticias-villa-maria\/wp-content\/uploads\/2022\/02\/Ciatica-dolor.jpg?fit=980%2C528&ssl=1\",\"contentUrl\":\"https:\/\/i0.wp.com\/elregionalvm.com.ar\/noticias-villa-maria\/wp-content\/uploads\/2022\/02\/Ciatica-dolor.jpg?fit=980%2C528&ssl=1\",\"width\":980,\"height\":528},{\"@type\":\"BreadcrumbList\",\"@id\":\"http:\/\/elregionalvm.com.ar\/noticias-villa-maria\/la-ciatica-como-prevenirla-y-combatirla-desde-la-actividad-fisica\/#breadcrumb\",\"itemListElement\":[{\"@type\":\"ListItem\",\"position\":1,\"name\":\"Portada\",\"item\":\"https:\/\/elregionalvm.com.ar\/noticias-villa-maria\/\"},{\"@type\":\"ListItem\",\"position\":2,\"name\":\"La ci\u00e1tica: Como prevenirla y combatirla desde la actividad f\u00edsica\"}]},{\"@type\":\"WebSite\",\"@id\":\"http:\/\/elregionalvm.com.ar\/noticias-villa-maria\/#website\",\"url\":\"http:\/\/elregionalvm.com.ar\/noticias-villa-maria\/\",\"name\":\"El Regional\",\"description\":\"Mucho m\u00e1s que informaci\u00f3n\",\"potentialAction\":[{\"@type\":\"SearchAction\",\"target\":{\"@type\":\"EntryPoint\",\"urlTemplate\":\"http:\/\/elregionalvm.com.ar\/noticias-villa-maria\/?s={search_term_string}\"},\"query-input\":{\"@type\":\"PropertyValueSpecification\",\"valueRequired\":true,\"valueName\":\"search_term_string\"}}],\"inLanguage\":\"es\"},{\"@type\":\"Person\",\"@id\":\"http:\/\/elregionalvm.com.ar\/noticias-villa-maria\/#\/schema\/person\/a0fb9c422317faca23d50163151bc354\",\"name\":\"Contenidos El Regional\",\"image\":{\"@type\":\"ImageObject\",\"inLanguage\":\"es\",\"@id\":\"http:\/\/elregionalvm.com.ar\/noticias-villa-maria\/#\/schema\/person\/image\/\",\"url\":\"https:\/\/secure.gravatar.com\/avatar\/265b27cb2209af7bb3a1318f03305787d7981a5cc6e6cd08fe5a4ecdf99d4b48?s=96&d=mm&r=g\",\"contentUrl\":\"https:\/\/secure.gravatar.com\/avatar\/265b27cb2209af7bb3a1318f03305787d7981a5cc6e6cd08fe5a4ecdf99d4b48?s=96&d=mm&r=g\",\"caption\":\"Contenidos El Regional\"},\"url\":\"https:\/\/elregionalvm.com.ar\/noticias-villa-maria\/author\/contenido\/\"}]}<\/script>\n<!-- \/ Yoast SEO plugin. -->","yoast_head_json":{"title":"La ci\u00e1tica: Como prevenirla y combatirla desde la actividad f\u00edsica - El Regional","description":"La ci\u00e1tica es un conjunto de s\u00edntomas relacionados con el nervio ci\u00e1tico, el m\u00e1s largo y ancho del cuerpo, que nace en la espalda baja.","robots":{"index":"index","follow":"follow","max-snippet":"max-snippet:-1","max-image-preview":"max-image-preview:large","max-video-preview":"max-video-preview:-1"},"canonical":"http:\/\/elregionalvm.com.ar\/noticias-villa-maria\/la-ciatica-como-prevenirla-y-combatirla-desde-la-actividad-fisica\/","og_locale":"es_ES","og_type":"article","og_title":"La ci\u00e1tica: Como prevenirla y combatirla desde la actividad f\u00edsica - El Regional","og_description":"La ci\u00e1tica es un conjunto de s\u00edntomas relacionados con el nervio ci\u00e1tico, el m\u00e1s largo y ancho del cuerpo, que nace en la espalda baja.","og_url":"http:\/\/elregionalvm.com.ar\/noticias-villa-maria\/la-ciatica-como-prevenirla-y-combatirla-desde-la-actividad-fisica\/","og_site_name":"El Regional","article_publisher":"https:\/\/www.facebook.com\/elregionalvm","article_published_time":"2022-02-08T18:18:06+00:00","article_modified_time":"2022-02-10T06:14:40+00:00","og_image":[{"width":980,"height":528,"url":"http:\/\/elregionalvm.com.ar\/noticias-villa-maria\/wp-content\/uploads\/2022\/02\/Ciatica-dolor.jpg","type":"image\/jpeg"}],"author":"Contenidos El Regional","twitter_card":"summary_large_image","twitter_creator":"@elregionalvm1","twitter_site":"@elregionalvm1","twitter_misc":{"Escrito por":"Contenidos El Regional","Tiempo de lectura":"4 minutos"},"schema":{"@context":"https:\/\/schema.org","@graph":[{"@type":"Article","@id":"http:\/\/elregionalvm.com.ar\/noticias-villa-maria\/la-ciatica-como-prevenirla-y-combatirla-desde-la-actividad-fisica\/#article","isPartOf":{"@id":"http:\/\/elregionalvm.com.ar\/noticias-villa-maria\/la-ciatica-como-prevenirla-y-combatirla-desde-la-actividad-fisica\/"},"author":{"name":"Contenidos El Regional","@id":"http:\/\/elregionalvm.com.ar\/noticias-villa-maria\/#\/schema\/person\/a0fb9c422317faca23d50163151bc354"},"headline":"La ci\u00e1tica: Como prevenirla y combatirla desde la actividad f\u00edsica","datePublished":"2022-02-08T18:18:06+00:00","dateModified":"2022-02-10T06:14:40+00:00","mainEntityOfPage":{"@id":"http:\/\/elregionalvm.com.ar\/noticias-villa-maria\/la-ciatica-como-prevenirla-y-combatirla-desde-la-actividad-fisica\/"},"wordCount":747,"commentCount":0,"image":{"@id":"http:\/\/elregionalvm.com.ar\/noticias-villa-maria\/la-ciatica-como-prevenirla-y-combatirla-desde-la-actividad-fisica\/#primaryimage"},"thumbnailUrl":"https:\/\/i0.wp.com\/elregionalvm.com.ar\/noticias-villa-maria\/wp-content\/uploads\/2022\/02\/Ciatica-dolor.jpg?fit=980%2C528&ssl=1","keywords":["Actividad f\u00edsica","Buena Vida","ci\u00e1tica","Ejercicios f\u00edsicos","entrenamiento","hernia de disco","jos\u00e9 morales","nervio ci\u00e1tico","prevenci\u00f3n","salud"],"articleSection":["Buena vida","tercera"],"inLanguage":"es","potentialAction":[{"@type":"CommentAction","name":"Comment","target":["http:\/\/elregionalvm.com.ar\/noticias-villa-maria\/la-ciatica-como-prevenirla-y-combatirla-desde-la-actividad-fisica\/#respond"]}]},{"@type":"WebPage","@id":"http:\/\/elregionalvm.com.ar\/noticias-villa-maria\/la-ciatica-como-prevenirla-y-combatirla-desde-la-actividad-fisica\/","url":"http:\/\/elregionalvm.com.ar\/noticias-villa-maria\/la-ciatica-como-prevenirla-y-combatirla-desde-la-actividad-fisica\/","name":"La ci\u00e1tica: Como prevenirla y combatirla desde la actividad f\u00edsica - El Regional","isPartOf":{"@id":"http:\/\/elregionalvm.com.ar\/noticias-villa-maria\/#website"},"primaryImageOfPage":{"@id":"http:\/\/elregionalvm.com.ar\/noticias-villa-maria\/la-ciatica-como-prevenirla-y-combatirla-desde-la-actividad-fisica\/#primaryimage"},"image":{"@id":"http:\/\/elregionalvm.com.ar\/noticias-villa-maria\/la-ciatica-como-prevenirla-y-combatirla-desde-la-actividad-fisica\/#primaryimage"},"thumbnailUrl":"https:\/\/i0.wp.com\/elregionalvm.com.ar\/noticias-villa-maria\/wp-content\/uploads\/2022\/02\/Ciatica-dolor.jpg?fit=980%2C528&ssl=1","datePublished":"2022-02-08T18:18:06+00:00","dateModified":"2022-02-10T06:14:40+00:00","author":{"@id":"http:\/\/elregionalvm.com.ar\/noticias-villa-maria\/#\/schema\/person\/a0fb9c422317faca23d50163151bc354"},"description":"La ci\u00e1tica es un conjunto de s\u00edntomas relacionados con el nervio ci\u00e1tico, el m\u00e1s largo y ancho del cuerpo, que nace en la espalda baja.","breadcrumb":{"@id":"http:\/\/elregionalvm.com.ar\/noticias-villa-maria\/la-ciatica-como-prevenirla-y-combatirla-desde-la-actividad-fisica\/#breadcrumb"},"inLanguage":"es","potentialAction":[{"@type":"ReadAction","target":["http:\/\/elregionalvm.com.ar\/noticias-villa-maria\/la-ciatica-como-prevenirla-y-combatirla-desde-la-actividad-fisica\/"]}]},{"@type":"ImageObject","inLanguage":"es","@id":"http:\/\/elregionalvm.com.ar\/noticias-villa-maria\/la-ciatica-como-prevenirla-y-combatirla-desde-la-actividad-fisica\/#primaryimage","url":"https:\/\/i0.wp.com\/elregionalvm.com.ar\/noticias-villa-maria\/wp-content\/uploads\/2022\/02\/Ciatica-dolor.jpg?fit=980%2C528&ssl=1","contentUrl":"https:\/\/i0.wp.com\/elregionalvm.com.ar\/noticias-villa-maria\/wp-content\/uploads\/2022\/02\/Ciatica-dolor.jpg?fit=980%2C528&ssl=1","width":980,"height":528},{"@type":"BreadcrumbList","@id":"http:\/\/elregionalvm.com.ar\/noticias-villa-maria\/la-ciatica-como-prevenirla-y-combatirla-desde-la-actividad-fisica\/#breadcrumb","itemListElement":[{"@type":"ListItem","position":1,"name":"Portada","item":"https:\/\/elregionalvm.com.ar\/noticias-villa-maria\/"},{"@type":"ListItem","position":2,"name":"La ci\u00e1tica: Como prevenirla y combatirla desde la actividad f\u00edsica"}]},{"@type":"WebSite","@id":"http:\/\/elregionalvm.com.ar\/noticias-villa-maria\/#website","url":"http:\/\/elregionalvm.com.ar\/noticias-villa-maria\/","name":"El Regional","description":"Mucho m\u00e1s que informaci\u00f3n","potentialAction":[{"@type":"SearchAction","target":{"@type":"EntryPoint","urlTemplate":"http:\/\/elregionalvm.com.ar\/noticias-villa-maria\/?s={search_term_string}"},"query-input":{"@type":"PropertyValueSpecification","valueRequired":true,"valueName":"search_term_string"}}],"inLanguage":"es"},{"@type":"Person","@id":"http:\/\/elregionalvm.com.ar\/noticias-villa-maria\/#\/schema\/person\/a0fb9c422317faca23d50163151bc354","name":"Contenidos El Regional","image":{"@type":"ImageObject","inLanguage":"es","@id":"http:\/\/elregionalvm.com.ar\/noticias-villa-maria\/#\/schema\/person\/image\/","url":"https:\/\/secure.gravatar.com\/avatar\/265b27cb2209af7bb3a1318f03305787d7981a5cc6e6cd08fe5a4ecdf99d4b48?s=96&d=mm&r=g","contentUrl":"https:\/\/secure.gravatar.com\/avatar\/265b27cb2209af7bb3a1318f03305787d7981a5cc6e6cd08fe5a4ecdf99d4b48?s=96&d=mm&r=g","caption":"Contenidos El Regional"},"url":"https:\/\/elregionalvm.com.ar\/noticias-villa-maria\/author\/contenido\/"}]}},"jetpack_featured_media_url":"https:\/\/i0.wp.com\/elregionalvm.com.ar\/noticias-villa-maria\/wp-content\/uploads\/2022\/02\/Ciatica-dolor.jpg?fit=980%2C528&ssl=1","jetpack_sharing_enabled":true,"_links":{"self":[{"href":"https:\/\/elregionalvm.com.ar\/noticias-villa-maria\/wp-json\/wp\/v2\/posts\/52336","targetHints":{"allow":["GET"]}}],"collection":[{"href":"https:\/\/elregionalvm.com.ar\/noticias-villa-maria\/wp-json\/wp\/v2\/posts"}],"about":[{"href":"https:\/\/elregionalvm.com.ar\/noticias-villa-maria\/wp-json\/wp\/v2\/types\/post"}],"author":[{"embeddable":true,"href":"https:\/\/elregionalvm.com.ar\/noticias-villa-maria\/wp-json\/wp\/v2\/users\/4"}],"replies":[{"embeddable":true,"href":"https:\/\/elregionalvm.com.ar\/noticias-villa-maria\/wp-json\/wp\/v2\/comments?post=52336"}],"version-history":[{"count":2,"href":"https:\/\/elregionalvm.com.ar\/noticias-villa-maria\/wp-json\/wp\/v2\/posts\/52336\/revisions"}],"predecessor-version":[{"id":52340,"href":"https:\/\/elregionalvm.com.ar\/noticias-villa-maria\/wp-json\/wp\/v2\/posts\/52336\/revisions\/52340"}],"wp:featuredmedia":[{"embeddable":true,"href":"https:\/\/elregionalvm.com.ar\/noticias-villa-maria\/wp-json\/wp\/v2\/media\/52338"}],"wp:attachment":[{"href":"https:\/\/elregionalvm.com.ar\/noticias-villa-maria\/wp-json\/wp\/v2\/media?parent=52336"}],"wp:term":[{"taxonomy":"category","embeddable":true,"href":"https:\/\/elregionalvm.com.ar\/noticias-villa-maria\/wp-json\/wp\/v2\/categories?post=52336"},{"taxonomy":"post_tag","embeddable":true,"href":"https:\/\/elregionalvm.com.ar\/noticias-villa-maria\/wp-json\/wp\/v2\/tags?post=52336"}],"curies":[{"name":"wp","href":"https:\/\/api.w.org\/{rel}","templated":true}]}}