{"id":52355,"date":"2022-02-08T22:59:12","date_gmt":"2022-02-08T22:59:12","guid":{"rendered":"https:\/\/elregionalvm.com.ar\/noticias-villa-maria\/?p=52355"},"modified":"2022-02-08T22:59:14","modified_gmt":"2022-02-08T22:59:14","slug":"paritaria-docente-uepc-pedira-un-60-de-recomposicion-salarial-para-2022","status":"publish","type":"post","link":"https:\/\/elregionalvm.com.ar\/noticias-villa-maria\/paritaria-docente-uepc-pedira-un-60-de-recomposicion-salarial-para-2022\/","title":{"rendered":"Paritaria docente: UEPC pedir\u00e1 un 60% de recomposici\u00f3n salarial para 2022"},"content":{"rendered":"\n<p><em>Los gremios docentes de C\u00f3rdoba se reunir\u00e1n esta semana. Desde UEPC sostienen que el pedido se ajusta a la inflaci\u00f3n esperada para este a\u00f1o.<\/em><\/p>\n\n\n\n<p><br>El inicio de las clases se acerca y los gremios docentes se preparan para discutir la paritaria para 2022.La Uni\u00f3n de Educadores de la Provincia de C\u00f3rdoba (UEPC) mantendr\u00e1 un expectativa del 60% de aumento para este a\u00f1o, inform\u00f3 Oscar Ruibal, secretario gremial.<\/p>\n\n\n\n<p>\u201cMa\u00f1ana comenzamos a tener los contactos con el resto de los referentes de los sindicatos de educadores a nivel provincial\u201c, adelant\u00f3.<\/p>\n\n\n\n<p>Seg\u00fan Ruibal, el pedido de paritarias del 60% es justo ya que el Relevamiento de Expectativas de Mercado (REM) del Banco Central sostiene que la inflaci\u00f3n de este a\u00f1o ser\u00e1 del 54%.<\/p>\n\n\n\n<p>\u201cAdem\u00e1s, nosotros venimos con un aumento salarial del 45,55%. Tenemos en relaci\u00f3n a la inflaci\u00f3n, un atraso del 5%\u201d, agreg\u00f3.<\/p>\n\n\n\n<p>Sobre la Provincia, expres\u00f3: \u201cEl Gobernador se ha mostrado muy favorable. Es importante que las autoridades reconozcan el important\u00edsimo esfuerzo que vienen realizando en estos dos a\u00f1os de pandemia\u201d.<\/p>\n","protected":false},"excerpt":{"rendered":"<p>Los gremios docentes de C\u00f3rdoba se reunir\u00e1n esta semana. Desde UEPC sostienen que el pedido se ajusta a la inflaci\u00f3n esperada para este a\u00f1o. El inicio de las clases se acerca y los gremios docentes se preparan para discutir la paritaria para 2022.La Uni\u00f3n de Educadores de la Provincia de C\u00f3rdoba (UEPC) mantendr\u00e1 un expectativa [&hellip;]<\/p>\n","protected":false},"author":4,"featured_media":52356,"comment_status":"open","ping_status":"open","sticky":false,"template":"","format":"standard","meta":{"site-sidebar-layout":"default","site-content-layout":"default","ast-site-content-layout":"default","site-content-style":"default","site-sidebar-style":"default","ast-global-header-display":"","ast-banner-title-visibility":"","ast-main-header-display":"","ast-hfb-above-header-display":"","ast-hfb-below-header-display":"","ast-hfb-mobile-header-display":"","site-post-title":"","ast-breadcrumbs-content":"","ast-featured-img":"","footer-sml-layout":"","ast-disable-related-posts":"","theme-transparent-header-meta":"default","adv-header-id-meta":"","stick-header-meta":"","header-above-stick-meta":"","header-main-stick-meta":"","header-below-stick-meta":"","astra-migrate-meta-layouts":"default","ast-page-background-enabled":"default","ast-page-background-meta":{"desktop":{"background-color":"","background-image":"","background-repeat":"repeat","background-position":"center center","background-size":"auto","background-attachment":"scroll","background-type":"","background-media":"","overlay-type":"","overlay-color":"","overlay-opacity":"","overlay-gradient":""},"tablet":{"background-color":"","background-image":"","background-repeat":"repeat","background-position":"center center","background-size":"auto","background-attachment":"scroll","background-type":"","background-media":"","overlay-type":"","overlay-color":"","overlay-opacity":"","overlay-gradient":""},"mobile":{"background-color":"","background-image":"","background-repeat":"repeat","background-position":"center center","background-size":"auto","background-attachment":"scroll","background-type":"","background-media":"","overlay-type":"","overlay-color":"","overlay-opacity":"","overlay-gradient":""}},"ast-content-background-meta":{"desktop":{"background-color":"var(--ast-global-color-5)","background-image":"","background-repeat":"repeat","background-position":"center center","background-size":"auto","background-attachment":"scroll","background-type":"","background-media":"","overlay-type":"","overlay-color":"","overlay-opacity":"","overlay-gradient":""},"tablet":{"background-color":"var(--ast-global-color-5)","background-image":"","background-repeat":"repeat","background-position":"center center","background-size":"auto","background-attachment":"scroll","background-type":"","background-media":"","overlay-type":"","overlay-color":"","overlay-opacity":"","overlay-gradient":""},"mobile":{"background-color":"var(--ast-global-color-5)","background-image":"","background-repeat":"repeat","background-position":"center center","background-size":"auto","background-attachment":"scroll","background-type":"","background-media":"","overlay-type":"","overlay-color":"","overlay-opacity":"","overlay-gradient":""}},"_jetpack_memberships_contains_paid_content":false,"_joinchat":[],"footnotes":""},"categories":[5],"tags":[13615,13616,1232,2008,13613,2159,13612,13614,3689],"class_list":["post-52355","post","type-post","status-publish","format-standard","has-post-thumbnail","hentry","category-sociedad","tag-60-de-aumento","tag-contra-la-inflacion","tag-destacado","tag-docentes","tag-gremios-de-cordoba","tag-maestros","tag-paritaria-docente","tag-recomposicion-salarial","tag-uepc"],"yoast_head":"<!-- This site is optimized with the Yoast SEO plugin v26.8 - https:\/\/yoast.com\/product\/yoast-seo-wordpress\/ -->\n<title>Paritaria docente: UEPC pedir\u00e1 un 60% de recomposici\u00f3n salarial para 2022 - El Regional<\/title>\n<meta name=\"robots\" content=\"index, follow, max-snippet:-1, max-image-preview:large, max-video-preview:-1\" \/>\n<link rel=\"canonical\" href=\"http:\/\/elregionalvm.com.ar\/noticias-villa-maria\/paritaria-docente-uepc-pedira-un-60-de-recomposicion-salarial-para-2022\/\" \/>\n<meta property=\"og:locale\" content=\"es_ES\" \/>\n<meta property=\"og:type\" content=\"article\" \/>\n<meta property=\"og:title\" content=\"Paritaria docente: UEPC pedir\u00e1 un 60% de recomposici\u00f3n salarial para 2022 - El Regional\" \/>\n<meta property=\"og:description\" content=\"Los gremios docentes de C\u00f3rdoba se reunir\u00e1n esta semana. Desde UEPC sostienen que el pedido se ajusta a la inflaci\u00f3n esperada para este a\u00f1o. El inicio de las clases se acerca y los gremios docentes se preparan para discutir la paritaria para 2022.La Uni\u00f3n de Educadores de la Provincia de C\u00f3rdoba (UEPC) mantendr\u00e1 un expectativa [&hellip;]\" \/>\n<meta property=\"og:url\" content=\"http:\/\/elregionalvm.com.ar\/noticias-villa-maria\/paritaria-docente-uepc-pedira-un-60-de-recomposicion-salarial-para-2022\/\" \/>\n<meta property=\"og:site_name\" content=\"El Regional\" \/>\n<meta property=\"article:publisher\" content=\"https:\/\/www.facebook.com\/elregionalvm\" \/>\n<meta property=\"article:published_time\" content=\"2022-02-08T22:59:12+00:00\" \/>\n<meta property=\"article:modified_time\" content=\"2022-02-08T22:59:14+00:00\" \/>\n<meta property=\"og:image\" content=\"http:\/\/elregionalvm.com.ar\/noticias-villa-maria\/wp-content\/uploads\/2022\/02\/vuelta-a-clases-1.jpg\" \/>\n\t<meta property=\"og:image:width\" content=\"791\" \/>\n\t<meta property=\"og:image:height\" content=\"445\" \/>\n\t<meta property=\"og:image:type\" content=\"image\/jpeg\" \/>\n<meta name=\"author\" content=\"Contenidos El Regional\" \/>\n<meta name=\"twitter:card\" content=\"summary_large_image\" \/>\n<meta name=\"twitter:creator\" content=\"@elregionalvm1\" \/>\n<meta name=\"twitter:site\" content=\"@elregionalvm1\" \/>\n<meta name=\"twitter:label1\" content=\"Escrito por\" \/>\n\t<meta name=\"twitter:data1\" content=\"Contenidos El Regional\" \/>\n\t<meta name=\"twitter:label2\" content=\"Tiempo de lectura\" \/>\n\t<meta name=\"twitter:data2\" content=\"1 minuto\" \/>\n<script type=\"application\/ld+json\" class=\"yoast-schema-graph\">{\"@context\":\"https:\/\/schema.org\",\"@graph\":[{\"@type\":\"Article\",\"@id\":\"http:\/\/elregionalvm.com.ar\/noticias-villa-maria\/paritaria-docente-uepc-pedira-un-60-de-recomposicion-salarial-para-2022\/#article\",\"isPartOf\":{\"@id\":\"http:\/\/elregionalvm.com.ar\/noticias-villa-maria\/paritaria-docente-uepc-pedira-un-60-de-recomposicion-salarial-para-2022\/\"},\"author\":{\"name\":\"Contenidos El Regional\",\"@id\":\"http:\/\/elregionalvm.com.ar\/noticias-villa-maria\/#\/schema\/person\/a0fb9c422317faca23d50163151bc354\"},\"headline\":\"Paritaria docente: UEPC pedir\u00e1 un 60% de recomposici\u00f3n salarial para 2022\",\"datePublished\":\"2022-02-08T22:59:12+00:00\",\"dateModified\":\"2022-02-08T22:59:14+00:00\",\"mainEntityOfPage\":{\"@id\":\"http:\/\/elregionalvm.com.ar\/noticias-villa-maria\/paritaria-docente-uepc-pedira-un-60-de-recomposicion-salarial-para-2022\/\"},\"wordCount\":190,\"commentCount\":0,\"image\":{\"@id\":\"http:\/\/elregionalvm.com.ar\/noticias-villa-maria\/paritaria-docente-uepc-pedira-un-60-de-recomposicion-salarial-para-2022\/#primaryimage\"},\"thumbnailUrl\":\"https:\/\/i0.wp.com\/elregionalvm.com.ar\/noticias-villa-maria\/wp-content\/uploads\/2022\/02\/vuelta-a-clases-1.jpg?fit=791%2C445&ssl=1\",\"keywords\":[\"60% de aumento\",\"contra la inflaci\u00f3n\",\"destacado\",\"docentes\",\"gremios de C\u00f3rdoba\",\"maestros\",\"Paritaria docente\",\"recomposici\u00f3n salarial\",\"UEPC\"],\"articleSection\":[\"Sociedad\"],\"inLanguage\":\"es\",\"potentialAction\":[{\"@type\":\"CommentAction\",\"name\":\"Comment\",\"target\":[\"http:\/\/elregionalvm.com.ar\/noticias-villa-maria\/paritaria-docente-uepc-pedira-un-60-de-recomposicion-salarial-para-2022\/#respond\"]}]},{\"@type\":\"WebPage\",\"@id\":\"http:\/\/elregionalvm.com.ar\/noticias-villa-maria\/paritaria-docente-uepc-pedira-un-60-de-recomposicion-salarial-para-2022\/\",\"url\":\"http:\/\/elregionalvm.com.ar\/noticias-villa-maria\/paritaria-docente-uepc-pedira-un-60-de-recomposicion-salarial-para-2022\/\",\"name\":\"Paritaria docente: UEPC pedir\u00e1 un 60% de recomposici\u00f3n salarial para 2022 - El Regional\",\"isPartOf\":{\"@id\":\"http:\/\/elregionalvm.com.ar\/noticias-villa-maria\/#website\"},\"primaryImageOfPage\":{\"@id\":\"http:\/\/elregionalvm.com.ar\/noticias-villa-maria\/paritaria-docente-uepc-pedira-un-60-de-recomposicion-salarial-para-2022\/#primaryimage\"},\"image\":{\"@id\":\"http:\/\/elregionalvm.com.ar\/noticias-villa-maria\/paritaria-docente-uepc-pedira-un-60-de-recomposicion-salarial-para-2022\/#primaryimage\"},\"thumbnailUrl\":\"https:\/\/i0.wp.com\/elregionalvm.com.ar\/noticias-villa-maria\/wp-content\/uploads\/2022\/02\/vuelta-a-clases-1.jpg?fit=791%2C445&ssl=1\",\"datePublished\":\"2022-02-08T22:59:12+00:00\",\"dateModified\":\"2022-02-08T22:59:14+00:00\",\"author\":{\"@id\":\"http:\/\/elregionalvm.com.ar\/noticias-villa-maria\/#\/schema\/person\/a0fb9c422317faca23d50163151bc354\"},\"breadcrumb\":{\"@id\":\"http:\/\/elregionalvm.com.ar\/noticias-villa-maria\/paritaria-docente-uepc-pedira-un-60-de-recomposicion-salarial-para-2022\/#breadcrumb\"},\"inLanguage\":\"es\",\"potentialAction\":[{\"@type\":\"ReadAction\",\"target\":[\"http:\/\/elregionalvm.com.ar\/noticias-villa-maria\/paritaria-docente-uepc-pedira-un-60-de-recomposicion-salarial-para-2022\/\"]}]},{\"@type\":\"ImageObject\",\"inLanguage\":\"es\",\"@id\":\"http:\/\/elregionalvm.com.ar\/noticias-villa-maria\/paritaria-docente-uepc-pedira-un-60-de-recomposicion-salarial-para-2022\/#primaryimage\",\"url\":\"https:\/\/i0.wp.com\/elregionalvm.com.ar\/noticias-villa-maria\/wp-content\/uploads\/2022\/02\/vuelta-a-clases-1.jpg?fit=791%2C445&ssl=1\",\"contentUrl\":\"https:\/\/i0.wp.com\/elregionalvm.com.ar\/noticias-villa-maria\/wp-content\/uploads\/2022\/02\/vuelta-a-clases-1.jpg?fit=791%2C445&ssl=1\",\"width\":791,\"height\":445},{\"@type\":\"BreadcrumbList\",\"@id\":\"http:\/\/elregionalvm.com.ar\/noticias-villa-maria\/paritaria-docente-uepc-pedira-un-60-de-recomposicion-salarial-para-2022\/#breadcrumb\",\"itemListElement\":[{\"@type\":\"ListItem\",\"position\":1,\"name\":\"Portada\",\"item\":\"https:\/\/elregionalvm.com.ar\/noticias-villa-maria\/\"},{\"@type\":\"ListItem\",\"position\":2,\"name\":\"Paritaria docente: UEPC pedir\u00e1 un 60% de recomposici\u00f3n salarial para 2022\"}]},{\"@type\":\"WebSite\",\"@id\":\"http:\/\/elregionalvm.com.ar\/noticias-villa-maria\/#website\",\"url\":\"http:\/\/elregionalvm.com.ar\/noticias-villa-maria\/\",\"name\":\"El Regional\",\"description\":\"Mucho m\u00e1s que informaci\u00f3n\",\"potentialAction\":[{\"@type\":\"SearchAction\",\"target\":{\"@type\":\"EntryPoint\",\"urlTemplate\":\"http:\/\/elregionalvm.com.ar\/noticias-villa-maria\/?s={search_term_string}\"},\"query-input\":{\"@type\":\"PropertyValueSpecification\",\"valueRequired\":true,\"valueName\":\"search_term_string\"}}],\"inLanguage\":\"es\"},{\"@type\":\"Person\",\"@id\":\"http:\/\/elregionalvm.com.ar\/noticias-villa-maria\/#\/schema\/person\/a0fb9c422317faca23d50163151bc354\",\"name\":\"Contenidos El Regional\",\"image\":{\"@type\":\"ImageObject\",\"inLanguage\":\"es\",\"@id\":\"http:\/\/elregionalvm.com.ar\/noticias-villa-maria\/#\/schema\/person\/image\/\",\"url\":\"https:\/\/secure.gravatar.com\/avatar\/265b27cb2209af7bb3a1318f03305787d7981a5cc6e6cd08fe5a4ecdf99d4b48?s=96&d=mm&r=g\",\"contentUrl\":\"https:\/\/secure.gravatar.com\/avatar\/265b27cb2209af7bb3a1318f03305787d7981a5cc6e6cd08fe5a4ecdf99d4b48?s=96&d=mm&r=g\",\"caption\":\"Contenidos El Regional\"},\"url\":\"https:\/\/elregionalvm.com.ar\/noticias-villa-maria\/author\/contenido\/\"}]}<\/script>\n<!-- \/ Yoast SEO plugin. -->","yoast_head_json":{"title":"Paritaria docente: UEPC pedir\u00e1 un 60% de recomposici\u00f3n salarial para 2022 - El Regional","robots":{"index":"index","follow":"follow","max-snippet":"max-snippet:-1","max-image-preview":"max-image-preview:large","max-video-preview":"max-video-preview:-1"},"canonical":"http:\/\/elregionalvm.com.ar\/noticias-villa-maria\/paritaria-docente-uepc-pedira-un-60-de-recomposicion-salarial-para-2022\/","og_locale":"es_ES","og_type":"article","og_title":"Paritaria docente: UEPC pedir\u00e1 un 60% de recomposici\u00f3n salarial para 2022 - El Regional","og_description":"Los gremios docentes de C\u00f3rdoba se reunir\u00e1n esta semana. Desde UEPC sostienen que el pedido se ajusta a la inflaci\u00f3n esperada para este a\u00f1o. El inicio de las clases se acerca y los gremios docentes se preparan para discutir la paritaria para 2022.La Uni\u00f3n de Educadores de la Provincia de C\u00f3rdoba (UEPC) mantendr\u00e1 un expectativa [&hellip;]","og_url":"http:\/\/elregionalvm.com.ar\/noticias-villa-maria\/paritaria-docente-uepc-pedira-un-60-de-recomposicion-salarial-para-2022\/","og_site_name":"El Regional","article_publisher":"https:\/\/www.facebook.com\/elregionalvm","article_published_time":"2022-02-08T22:59:12+00:00","article_modified_time":"2022-02-08T22:59:14+00:00","og_image":[{"width":791,"height":445,"url":"http:\/\/elregionalvm.com.ar\/noticias-villa-maria\/wp-content\/uploads\/2022\/02\/vuelta-a-clases-1.jpg","type":"image\/jpeg"}],"author":"Contenidos El Regional","twitter_card":"summary_large_image","twitter_creator":"@elregionalvm1","twitter_site":"@elregionalvm1","twitter_misc":{"Escrito por":"Contenidos El Regional","Tiempo de lectura":"1 minuto"},"schema":{"@context":"https:\/\/schema.org","@graph":[{"@type":"Article","@id":"http:\/\/elregionalvm.com.ar\/noticias-villa-maria\/paritaria-docente-uepc-pedira-un-60-de-recomposicion-salarial-para-2022\/#article","isPartOf":{"@id":"http:\/\/elregionalvm.com.ar\/noticias-villa-maria\/paritaria-docente-uepc-pedira-un-60-de-recomposicion-salarial-para-2022\/"},"author":{"name":"Contenidos El Regional","@id":"http:\/\/elregionalvm.com.ar\/noticias-villa-maria\/#\/schema\/person\/a0fb9c422317faca23d50163151bc354"},"headline":"Paritaria docente: UEPC pedir\u00e1 un 60% de recomposici\u00f3n salarial para 2022","datePublished":"2022-02-08T22:59:12+00:00","dateModified":"2022-02-08T22:59:14+00:00","mainEntityOfPage":{"@id":"http:\/\/elregionalvm.com.ar\/noticias-villa-maria\/paritaria-docente-uepc-pedira-un-60-de-recomposicion-salarial-para-2022\/"},"wordCount":190,"commentCount":0,"image":{"@id":"http:\/\/elregionalvm.com.ar\/noticias-villa-maria\/paritaria-docente-uepc-pedira-un-60-de-recomposicion-salarial-para-2022\/#primaryimage"},"thumbnailUrl":"https:\/\/i0.wp.com\/elregionalvm.com.ar\/noticias-villa-maria\/wp-content\/uploads\/2022\/02\/vuelta-a-clases-1.jpg?fit=791%2C445&ssl=1","keywords":["60% de aumento","contra la inflaci\u00f3n","destacado","docentes","gremios de C\u00f3rdoba","maestros","Paritaria docente","recomposici\u00f3n salarial","UEPC"],"articleSection":["Sociedad"],"inLanguage":"es","potentialAction":[{"@type":"CommentAction","name":"Comment","target":["http:\/\/elregionalvm.com.ar\/noticias-villa-maria\/paritaria-docente-uepc-pedira-un-60-de-recomposicion-salarial-para-2022\/#respond"]}]},{"@type":"WebPage","@id":"http:\/\/elregionalvm.com.ar\/noticias-villa-maria\/paritaria-docente-uepc-pedira-un-60-de-recomposicion-salarial-para-2022\/","url":"http:\/\/elregionalvm.com.ar\/noticias-villa-maria\/paritaria-docente-uepc-pedira-un-60-de-recomposicion-salarial-para-2022\/","name":"Paritaria docente: UEPC pedir\u00e1 un 60% de recomposici\u00f3n salarial para 2022 - El Regional","isPartOf":{"@id":"http:\/\/elregionalvm.com.ar\/noticias-villa-maria\/#website"},"primaryImageOfPage":{"@id":"http:\/\/elregionalvm.com.ar\/noticias-villa-maria\/paritaria-docente-uepc-pedira-un-60-de-recomposicion-salarial-para-2022\/#primaryimage"},"image":{"@id":"http:\/\/elregionalvm.com.ar\/noticias-villa-maria\/paritaria-docente-uepc-pedira-un-60-de-recomposicion-salarial-para-2022\/#primaryimage"},"thumbnailUrl":"https:\/\/i0.wp.com\/elregionalvm.com.ar\/noticias-villa-maria\/wp-content\/uploads\/2022\/02\/vuelta-a-clases-1.jpg?fit=791%2C445&ssl=1","datePublished":"2022-02-08T22:59:12+00:00","dateModified":"2022-02-08T22:59:14+00:00","author":{"@id":"http:\/\/elregionalvm.com.ar\/noticias-villa-maria\/#\/schema\/person\/a0fb9c422317faca23d50163151bc354"},"breadcrumb":{"@id":"http:\/\/elregionalvm.com.ar\/noticias-villa-maria\/paritaria-docente-uepc-pedira-un-60-de-recomposicion-salarial-para-2022\/#breadcrumb"},"inLanguage":"es","potentialAction":[{"@type":"ReadAction","target":["http:\/\/elregionalvm.com.ar\/noticias-villa-maria\/paritaria-docente-uepc-pedira-un-60-de-recomposicion-salarial-para-2022\/"]}]},{"@type":"ImageObject","inLanguage":"es","@id":"http:\/\/elregionalvm.com.ar\/noticias-villa-maria\/paritaria-docente-uepc-pedira-un-60-de-recomposicion-salarial-para-2022\/#primaryimage","url":"https:\/\/i0.wp.com\/elregionalvm.com.ar\/noticias-villa-maria\/wp-content\/uploads\/2022\/02\/vuelta-a-clases-1.jpg?fit=791%2C445&ssl=1","contentUrl":"https:\/\/i0.wp.com\/elregionalvm.com.ar\/noticias-villa-maria\/wp-content\/uploads\/2022\/02\/vuelta-a-clases-1.jpg?fit=791%2C445&ssl=1","width":791,"height":445},{"@type":"BreadcrumbList","@id":"http:\/\/elregionalvm.com.ar\/noticias-villa-maria\/paritaria-docente-uepc-pedira-un-60-de-recomposicion-salarial-para-2022\/#breadcrumb","itemListElement":[{"@type":"ListItem","position":1,"name":"Portada","item":"https:\/\/elregionalvm.com.ar\/noticias-villa-maria\/"},{"@type":"ListItem","position":2,"name":"Paritaria docente: UEPC pedir\u00e1 un 60% de recomposici\u00f3n salarial para 2022"}]},{"@type":"WebSite","@id":"http:\/\/elregionalvm.com.ar\/noticias-villa-maria\/#website","url":"http:\/\/elregionalvm.com.ar\/noticias-villa-maria\/","name":"El Regional","description":"Mucho m\u00e1s que informaci\u00f3n","potentialAction":[{"@type":"SearchAction","target":{"@type":"EntryPoint","urlTemplate":"http:\/\/elregionalvm.com.ar\/noticias-villa-maria\/?s={search_term_string}"},"query-input":{"@type":"PropertyValueSpecification","valueRequired":true,"valueName":"search_term_string"}}],"inLanguage":"es"},{"@type":"Person","@id":"http:\/\/elregionalvm.com.ar\/noticias-villa-maria\/#\/schema\/person\/a0fb9c422317faca23d50163151bc354","name":"Contenidos El Regional","image":{"@type":"ImageObject","inLanguage":"es","@id":"http:\/\/elregionalvm.com.ar\/noticias-villa-maria\/#\/schema\/person\/image\/","url":"https:\/\/secure.gravatar.com\/avatar\/265b27cb2209af7bb3a1318f03305787d7981a5cc6e6cd08fe5a4ecdf99d4b48?s=96&d=mm&r=g","contentUrl":"https:\/\/secure.gravatar.com\/avatar\/265b27cb2209af7bb3a1318f03305787d7981a5cc6e6cd08fe5a4ecdf99d4b48?s=96&d=mm&r=g","caption":"Contenidos El Regional"},"url":"https:\/\/elregionalvm.com.ar\/noticias-villa-maria\/author\/contenido\/"}]}},"jetpack_featured_media_url":"https:\/\/i0.wp.com\/elregionalvm.com.ar\/noticias-villa-maria\/wp-content\/uploads\/2022\/02\/vuelta-a-clases-1.jpg?fit=791%2C445&ssl=1","jetpack_sharing_enabled":true,"_links":{"self":[{"href":"https:\/\/elregionalvm.com.ar\/noticias-villa-maria\/wp-json\/wp\/v2\/posts\/52355","targetHints":{"allow":["GET"]}}],"collection":[{"href":"https:\/\/elregionalvm.com.ar\/noticias-villa-maria\/wp-json\/wp\/v2\/posts"}],"about":[{"href":"https:\/\/elregionalvm.com.ar\/noticias-villa-maria\/wp-json\/wp\/v2\/types\/post"}],"author":[{"embeddable":true,"href":"https:\/\/elregionalvm.com.ar\/noticias-villa-maria\/wp-json\/wp\/v2\/users\/4"}],"replies":[{"embeddable":true,"href":"https:\/\/elregionalvm.com.ar\/noticias-villa-maria\/wp-json\/wp\/v2\/comments?post=52355"}],"version-history":[{"count":1,"href":"https:\/\/elregionalvm.com.ar\/noticias-villa-maria\/wp-json\/wp\/v2\/posts\/52355\/revisions"}],"predecessor-version":[{"id":52357,"href":"https:\/\/elregionalvm.com.ar\/noticias-villa-maria\/wp-json\/wp\/v2\/posts\/52355\/revisions\/52357"}],"wp:featuredmedia":[{"embeddable":true,"href":"https:\/\/elregionalvm.com.ar\/noticias-villa-maria\/wp-json\/wp\/v2\/media\/52356"}],"wp:attachment":[{"href":"https:\/\/elregionalvm.com.ar\/noticias-villa-maria\/wp-json\/wp\/v2\/media?parent=52355"}],"wp:term":[{"taxonomy":"category","embeddable":true,"href":"https:\/\/elregionalvm.com.ar\/noticias-villa-maria\/wp-json\/wp\/v2\/categories?post=52355"},{"taxonomy":"post_tag","embeddable":true,"href":"https:\/\/elregionalvm.com.ar\/noticias-villa-maria\/wp-json\/wp\/v2\/tags?post=52355"}],"curies":[{"name":"wp","href":"https:\/\/api.w.org\/{rel}","templated":true}]}}