{"id":52358,"date":"2022-02-08T23:25:57","date_gmt":"2022-02-08T23:25:57","guid":{"rendered":"https:\/\/elregionalvm.com.ar\/noticias-villa-maria\/?p=52358"},"modified":"2022-02-08T23:25:58","modified_gmt":"2022-02-08T23:25:58","slug":"ultimos-retoques-al-anfiteatro-mejoras-y-pruebas-de-sonido-e-iluminacion","status":"publish","type":"post","link":"https:\/\/elregionalvm.com.ar\/noticias-villa-maria\/ultimos-retoques-al-anfiteatro-mejoras-y-pruebas-de-sonido-e-iluminacion\/","title":{"rendered":"\u00daltimos retoques al Anfiteatro, mejoras y pruebas de sonido e iluminaci\u00f3n"},"content":{"rendered":"\n<p>A d\u00edas de iniciar una nueva edici\u00f3n del Festival Internacional de Pe\u00f1as, el intendente Mart\u00edn Gill supervis\u00f3 los trabajos de acondicionamiento que se est\u00e1n llevando a cabo en la infraestructura y soporte t\u00e9cnico del Anfiteatro Municipal Centenario \u2013 Arquitecto Invernizzi.<\/p>\n\n\n\n<p>La 54\u00b0 edici\u00f3n del Festival tendr\u00e1 lugar en un espacio renovado y acondicionado para recibir a los artistas convocados y a un p\u00fablico ansioso por disfrutar de la tradicional fiesta que no pudo contar con su edici\u00f3n del 2021 debido a las restricciones sanitarias.<\/p>\n\n\n\n<p>En el recorrido por las tareas que lleva adelante la Secretar\u00eda de Obras P\u00fablicas, el mandatario municipal destac\u00f3 el conjunto de intervenciones que permitir\u00e1n tener \u201cun Anfiteatro reluciente con todo lo que se merece el Festival de la ciudad\u201d.<\/p>\n\n\n\n<p>Entre los trabajos de reacondicionamiento se destacan los arreglos en el sector de prensa, el mangrullo de iluminaci\u00f3n y la pintura integral de las butacas, sanitarios, sector de vestuarios y del escenario.<\/p>\n\n\n\n<p>As\u00ed tambi\u00e9n est\u00e1 en marcha el armado del juego de pantallas e iluminaci\u00f3n para el escenario, mientras que el jueves por la noche se realizar\u00e1n las pruebas de luces y sonido. Cabe destacar que el sector que proveer\u00e1 de energ\u00eda el\u00e9ctrica a todo el predio se encuentra acondicionado bajo estrictas normas de seguridad.<\/p>\n","protected":false},"excerpt":{"rendered":"<p>A d\u00edas de iniciar una nueva edici\u00f3n del Festival Internacional de Pe\u00f1as, el intendente Mart\u00edn Gill supervis\u00f3 los trabajos de acondicionamiento que se est\u00e1n llevando a cabo en la infraestructura y soporte t\u00e9cnico del Anfiteatro Municipal Centenario \u2013 Arquitecto Invernizzi. La 54\u00b0 edici\u00f3n del Festival tendr\u00e1 lugar en un espacio renovado y acondicionado para recibir [&hellip;]<\/p>\n","protected":false},"author":4,"featured_media":52359,"comment_status":"open","ping_status":"open","sticky":false,"template":"","format":"standard","meta":{"site-sidebar-layout":"default","site-content-layout":"default","ast-site-content-layout":"default","site-content-style":"default","site-sidebar-style":"default","ast-global-header-display":"","ast-banner-title-visibility":"","ast-main-header-display":"","ast-hfb-above-header-display":"","ast-hfb-below-header-display":"","ast-hfb-mobile-header-display":"","site-post-title":"","ast-breadcrumbs-content":"","ast-featured-img":"","footer-sml-layout":"","ast-disable-related-posts":"","theme-transparent-header-meta":"default","adv-header-id-meta":"","stick-header-meta":"","header-above-stick-meta":"","header-main-stick-meta":"","header-below-stick-meta":"","astra-migrate-meta-layouts":"default","ast-page-background-enabled":"default","ast-page-background-meta":{"desktop":{"background-color":"","background-image":"","background-repeat":"repeat","background-position":"center center","background-size":"auto","background-attachment":"scroll","background-type":"","background-media":"","overlay-type":"","overlay-color":"","overlay-opacity":"","overlay-gradient":""},"tablet":{"background-color":"","background-image":"","background-repeat":"repeat","background-position":"center center","background-size":"auto","background-attachment":"scroll","background-type":"","background-media":"","overlay-type":"","overlay-color":"","overlay-opacity":"","overlay-gradient":""},"mobile":{"background-color":"","background-image":"","background-repeat":"repeat","background-position":"center center","background-size":"auto","background-attachment":"scroll","background-type":"","background-media":"","overlay-type":"","overlay-color":"","overlay-opacity":"","overlay-gradient":""}},"ast-content-background-meta":{"desktop":{"background-color":"var(--ast-global-color-5)","background-image":"","background-repeat":"repeat","background-position":"center center","background-size":"auto","background-attachment":"scroll","background-type":"","background-media":"","overlay-type":"","overlay-color":"","overlay-opacity":"","overlay-gradient":""},"tablet":{"background-color":"var(--ast-global-color-5)","background-image":"","background-repeat":"repeat","background-position":"center center","background-size":"auto","background-attachment":"scroll","background-type":"","background-media":"","overlay-type":"","overlay-color":"","overlay-opacity":"","overlay-gradient":""},"mobile":{"background-color":"var(--ast-global-color-5)","background-image":"","background-repeat":"repeat","background-position":"center center","background-size":"auto","background-attachment":"scroll","background-type":"","background-media":"","overlay-type":"","overlay-color":"","overlay-opacity":"","overlay-gradient":""}},"_jetpack_memberships_contains_paid_content":false,"_joinchat":[],"footnotes":""},"categories":[13130],"tags":[1798,1232,12092,66,2951,13617,4030,4580],"class_list":["post-52358","post","type-post","status-publish","format-standard","has-post-thumbnail","hentry","category-festival","tag-anfiteatro","tag-destacado","tag-festival-de-villa-maria","tag-gill","tag-mejoras","tag-pruebas-de-sonido-e-iluminacion","tag-recorrido","tag-retoques"],"yoast_head":"<!-- This site is optimized with the Yoast SEO plugin v26.8 - https:\/\/yoast.com\/product\/yoast-seo-wordpress\/ -->\n<title>\u00daltimos retoques al Anfiteatro, mejoras y pruebas de sonido e iluminaci\u00f3n - El Regional<\/title>\n<meta name=\"robots\" content=\"index, follow, max-snippet:-1, max-image-preview:large, max-video-preview:-1\" \/>\n<link rel=\"canonical\" href=\"http:\/\/elregionalvm.com.ar\/noticias-villa-maria\/ultimos-retoques-al-anfiteatro-mejoras-y-pruebas-de-sonido-e-iluminacion\/\" \/>\n<meta property=\"og:locale\" content=\"es_ES\" \/>\n<meta property=\"og:type\" content=\"article\" \/>\n<meta property=\"og:title\" content=\"\u00daltimos retoques al Anfiteatro, mejoras y pruebas de sonido e iluminaci\u00f3n - El Regional\" \/>\n<meta property=\"og:description\" content=\"A d\u00edas de iniciar una nueva edici\u00f3n del Festival Internacional de Pe\u00f1as, el intendente Mart\u00edn Gill supervis\u00f3 los trabajos de acondicionamiento que se est\u00e1n llevando a cabo en la infraestructura y soporte t\u00e9cnico del Anfiteatro Municipal Centenario \u2013 Arquitecto Invernizzi. La 54\u00b0 edici\u00f3n del Festival tendr\u00e1 lugar en un espacio renovado y acondicionado para recibir [&hellip;]\" \/>\n<meta property=\"og:url\" content=\"http:\/\/elregionalvm.com.ar\/noticias-villa-maria\/ultimos-retoques-al-anfiteatro-mejoras-y-pruebas-de-sonido-e-iluminacion\/\" \/>\n<meta property=\"og:site_name\" content=\"El Regional\" \/>\n<meta property=\"article:publisher\" content=\"https:\/\/www.facebook.com\/elregionalvm\" \/>\n<meta property=\"article:published_time\" content=\"2022-02-08T23:25:57+00:00\" \/>\n<meta property=\"article:modified_time\" content=\"2022-02-08T23:25:58+00:00\" \/>\n<meta property=\"og:image\" content=\"http:\/\/elregionalvm.com.ar\/noticias-villa-maria\/wp-content\/uploads\/2022\/02\/WhatsApp-Image-2022-02-08-at-11.14.32.jpeg\" \/>\n\t<meta property=\"og:image:width\" content=\"1280\" \/>\n\t<meta property=\"og:image:height\" content=\"853\" \/>\n\t<meta property=\"og:image:type\" content=\"image\/jpeg\" \/>\n<meta name=\"author\" content=\"Contenidos El Regional\" \/>\n<meta name=\"twitter:card\" content=\"summary_large_image\" \/>\n<meta name=\"twitter:creator\" content=\"@elregionalvm1\" \/>\n<meta name=\"twitter:site\" content=\"@elregionalvm1\" \/>\n<meta name=\"twitter:label1\" content=\"Escrito por\" \/>\n\t<meta name=\"twitter:data1\" content=\"Contenidos El Regional\" \/>\n\t<meta name=\"twitter:label2\" content=\"Tiempo de lectura\" \/>\n\t<meta name=\"twitter:data2\" content=\"1 minuto\" \/>\n<script type=\"application\/ld+json\" class=\"yoast-schema-graph\">{\"@context\":\"https:\/\/schema.org\",\"@graph\":[{\"@type\":\"Article\",\"@id\":\"http:\/\/elregionalvm.com.ar\/noticias-villa-maria\/ultimos-retoques-al-anfiteatro-mejoras-y-pruebas-de-sonido-e-iluminacion\/#article\",\"isPartOf\":{\"@id\":\"http:\/\/elregionalvm.com.ar\/noticias-villa-maria\/ultimos-retoques-al-anfiteatro-mejoras-y-pruebas-de-sonido-e-iluminacion\/\"},\"author\":{\"name\":\"Contenidos El Regional\",\"@id\":\"http:\/\/elregionalvm.com.ar\/noticias-villa-maria\/#\/schema\/person\/a0fb9c422317faca23d50163151bc354\"},\"headline\":\"\u00daltimos retoques al Anfiteatro, mejoras y pruebas de sonido e iluminaci\u00f3n\",\"datePublished\":\"2022-02-08T23:25:57+00:00\",\"dateModified\":\"2022-02-08T23:25:58+00:00\",\"mainEntityOfPage\":{\"@id\":\"http:\/\/elregionalvm.com.ar\/noticias-villa-maria\/ultimos-retoques-al-anfiteatro-mejoras-y-pruebas-de-sonido-e-iluminacion\/\"},\"wordCount\":235,\"commentCount\":0,\"image\":{\"@id\":\"http:\/\/elregionalvm.com.ar\/noticias-villa-maria\/ultimos-retoques-al-anfiteatro-mejoras-y-pruebas-de-sonido-e-iluminacion\/#primaryimage\"},\"thumbnailUrl\":\"https:\/\/i0.wp.com\/elregionalvm.com.ar\/noticias-villa-maria\/wp-content\/uploads\/2022\/02\/WhatsApp-Image-2022-02-08-at-11.14.32.jpeg?fit=1280%2C853&ssl=1\",\"keywords\":[\"Anfiteatro\",\"destacado\",\"Festival de Villa Mar\u00eda\",\"Gill\",\"mejoras\",\"pruebas de sonido e iluminaci\u00f3n\",\"recorrido\",\"retoques\"],\"articleSection\":[\"Festival de Pe\u00f1as\"],\"inLanguage\":\"es\",\"potentialAction\":[{\"@type\":\"CommentAction\",\"name\":\"Comment\",\"target\":[\"http:\/\/elregionalvm.com.ar\/noticias-villa-maria\/ultimos-retoques-al-anfiteatro-mejoras-y-pruebas-de-sonido-e-iluminacion\/#respond\"]}]},{\"@type\":\"WebPage\",\"@id\":\"http:\/\/elregionalvm.com.ar\/noticias-villa-maria\/ultimos-retoques-al-anfiteatro-mejoras-y-pruebas-de-sonido-e-iluminacion\/\",\"url\":\"http:\/\/elregionalvm.com.ar\/noticias-villa-maria\/ultimos-retoques-al-anfiteatro-mejoras-y-pruebas-de-sonido-e-iluminacion\/\",\"name\":\"\u00daltimos retoques al Anfiteatro, mejoras y pruebas de sonido e iluminaci\u00f3n - El Regional\",\"isPartOf\":{\"@id\":\"http:\/\/elregionalvm.com.ar\/noticias-villa-maria\/#website\"},\"primaryImageOfPage\":{\"@id\":\"http:\/\/elregionalvm.com.ar\/noticias-villa-maria\/ultimos-retoques-al-anfiteatro-mejoras-y-pruebas-de-sonido-e-iluminacion\/#primaryimage\"},\"image\":{\"@id\":\"http:\/\/elregionalvm.com.ar\/noticias-villa-maria\/ultimos-retoques-al-anfiteatro-mejoras-y-pruebas-de-sonido-e-iluminacion\/#primaryimage\"},\"thumbnailUrl\":\"https:\/\/i0.wp.com\/elregionalvm.com.ar\/noticias-villa-maria\/wp-content\/uploads\/2022\/02\/WhatsApp-Image-2022-02-08-at-11.14.32.jpeg?fit=1280%2C853&ssl=1\",\"datePublished\":\"2022-02-08T23:25:57+00:00\",\"dateModified\":\"2022-02-08T23:25:58+00:00\",\"author\":{\"@id\":\"http:\/\/elregionalvm.com.ar\/noticias-villa-maria\/#\/schema\/person\/a0fb9c422317faca23d50163151bc354\"},\"breadcrumb\":{\"@id\":\"http:\/\/elregionalvm.com.ar\/noticias-villa-maria\/ultimos-retoques-al-anfiteatro-mejoras-y-pruebas-de-sonido-e-iluminacion\/#breadcrumb\"},\"inLanguage\":\"es\",\"potentialAction\":[{\"@type\":\"ReadAction\",\"target\":[\"http:\/\/elregionalvm.com.ar\/noticias-villa-maria\/ultimos-retoques-al-anfiteatro-mejoras-y-pruebas-de-sonido-e-iluminacion\/\"]}]},{\"@type\":\"ImageObject\",\"inLanguage\":\"es\",\"@id\":\"http:\/\/elregionalvm.com.ar\/noticias-villa-maria\/ultimos-retoques-al-anfiteatro-mejoras-y-pruebas-de-sonido-e-iluminacion\/#primaryimage\",\"url\":\"https:\/\/i0.wp.com\/elregionalvm.com.ar\/noticias-villa-maria\/wp-content\/uploads\/2022\/02\/WhatsApp-Image-2022-02-08-at-11.14.32.jpeg?fit=1280%2C853&ssl=1\",\"contentUrl\":\"https:\/\/i0.wp.com\/elregionalvm.com.ar\/noticias-villa-maria\/wp-content\/uploads\/2022\/02\/WhatsApp-Image-2022-02-08-at-11.14.32.jpeg?fit=1280%2C853&ssl=1\",\"width\":1280,\"height\":853},{\"@type\":\"BreadcrumbList\",\"@id\":\"http:\/\/elregionalvm.com.ar\/noticias-villa-maria\/ultimos-retoques-al-anfiteatro-mejoras-y-pruebas-de-sonido-e-iluminacion\/#breadcrumb\",\"itemListElement\":[{\"@type\":\"ListItem\",\"position\":1,\"name\":\"Portada\",\"item\":\"https:\/\/elregionalvm.com.ar\/noticias-villa-maria\/\"},{\"@type\":\"ListItem\",\"position\":2,\"name\":\"\u00daltimos retoques al Anfiteatro, mejoras y pruebas de sonido e iluminaci\u00f3n\"}]},{\"@type\":\"WebSite\",\"@id\":\"http:\/\/elregionalvm.com.ar\/noticias-villa-maria\/#website\",\"url\":\"http:\/\/elregionalvm.com.ar\/noticias-villa-maria\/\",\"name\":\"El Regional\",\"description\":\"Mucho m\u00e1s que informaci\u00f3n\",\"potentialAction\":[{\"@type\":\"SearchAction\",\"target\":{\"@type\":\"EntryPoint\",\"urlTemplate\":\"http:\/\/elregionalvm.com.ar\/noticias-villa-maria\/?s={search_term_string}\"},\"query-input\":{\"@type\":\"PropertyValueSpecification\",\"valueRequired\":true,\"valueName\":\"search_term_string\"}}],\"inLanguage\":\"es\"},{\"@type\":\"Person\",\"@id\":\"http:\/\/elregionalvm.com.ar\/noticias-villa-maria\/#\/schema\/person\/a0fb9c422317faca23d50163151bc354\",\"name\":\"Contenidos El Regional\",\"image\":{\"@type\":\"ImageObject\",\"inLanguage\":\"es\",\"@id\":\"http:\/\/elregionalvm.com.ar\/noticias-villa-maria\/#\/schema\/person\/image\/\",\"url\":\"https:\/\/secure.gravatar.com\/avatar\/265b27cb2209af7bb3a1318f03305787d7981a5cc6e6cd08fe5a4ecdf99d4b48?s=96&d=mm&r=g\",\"contentUrl\":\"https:\/\/secure.gravatar.com\/avatar\/265b27cb2209af7bb3a1318f03305787d7981a5cc6e6cd08fe5a4ecdf99d4b48?s=96&d=mm&r=g\",\"caption\":\"Contenidos El Regional\"},\"url\":\"https:\/\/elregionalvm.com.ar\/noticias-villa-maria\/author\/contenido\/\"}]}<\/script>\n<!-- \/ Yoast SEO plugin. -->","yoast_head_json":{"title":"\u00daltimos retoques al Anfiteatro, mejoras y pruebas de sonido e iluminaci\u00f3n - El Regional","robots":{"index":"index","follow":"follow","max-snippet":"max-snippet:-1","max-image-preview":"max-image-preview:large","max-video-preview":"max-video-preview:-1"},"canonical":"http:\/\/elregionalvm.com.ar\/noticias-villa-maria\/ultimos-retoques-al-anfiteatro-mejoras-y-pruebas-de-sonido-e-iluminacion\/","og_locale":"es_ES","og_type":"article","og_title":"\u00daltimos retoques al Anfiteatro, mejoras y pruebas de sonido e iluminaci\u00f3n - El Regional","og_description":"A d\u00edas de iniciar una nueva edici\u00f3n del Festival Internacional de Pe\u00f1as, el intendente Mart\u00edn Gill supervis\u00f3 los trabajos de acondicionamiento que se est\u00e1n llevando a cabo en la infraestructura y soporte t\u00e9cnico del Anfiteatro Municipal Centenario \u2013 Arquitecto Invernizzi. La 54\u00b0 edici\u00f3n del Festival tendr\u00e1 lugar en un espacio renovado y acondicionado para recibir [&hellip;]","og_url":"http:\/\/elregionalvm.com.ar\/noticias-villa-maria\/ultimos-retoques-al-anfiteatro-mejoras-y-pruebas-de-sonido-e-iluminacion\/","og_site_name":"El Regional","article_publisher":"https:\/\/www.facebook.com\/elregionalvm","article_published_time":"2022-02-08T23:25:57+00:00","article_modified_time":"2022-02-08T23:25:58+00:00","og_image":[{"width":1280,"height":853,"url":"http:\/\/elregionalvm.com.ar\/noticias-villa-maria\/wp-content\/uploads\/2022\/02\/WhatsApp-Image-2022-02-08-at-11.14.32.jpeg","type":"image\/jpeg"}],"author":"Contenidos El Regional","twitter_card":"summary_large_image","twitter_creator":"@elregionalvm1","twitter_site":"@elregionalvm1","twitter_misc":{"Escrito por":"Contenidos El Regional","Tiempo de lectura":"1 minuto"},"schema":{"@context":"https:\/\/schema.org","@graph":[{"@type":"Article","@id":"http:\/\/elregionalvm.com.ar\/noticias-villa-maria\/ultimos-retoques-al-anfiteatro-mejoras-y-pruebas-de-sonido-e-iluminacion\/#article","isPartOf":{"@id":"http:\/\/elregionalvm.com.ar\/noticias-villa-maria\/ultimos-retoques-al-anfiteatro-mejoras-y-pruebas-de-sonido-e-iluminacion\/"},"author":{"name":"Contenidos El Regional","@id":"http:\/\/elregionalvm.com.ar\/noticias-villa-maria\/#\/schema\/person\/a0fb9c422317faca23d50163151bc354"},"headline":"\u00daltimos retoques al Anfiteatro, mejoras y pruebas de sonido e iluminaci\u00f3n","datePublished":"2022-02-08T23:25:57+00:00","dateModified":"2022-02-08T23:25:58+00:00","mainEntityOfPage":{"@id":"http:\/\/elregionalvm.com.ar\/noticias-villa-maria\/ultimos-retoques-al-anfiteatro-mejoras-y-pruebas-de-sonido-e-iluminacion\/"},"wordCount":235,"commentCount":0,"image":{"@id":"http:\/\/elregionalvm.com.ar\/noticias-villa-maria\/ultimos-retoques-al-anfiteatro-mejoras-y-pruebas-de-sonido-e-iluminacion\/#primaryimage"},"thumbnailUrl":"https:\/\/i0.wp.com\/elregionalvm.com.ar\/noticias-villa-maria\/wp-content\/uploads\/2022\/02\/WhatsApp-Image-2022-02-08-at-11.14.32.jpeg?fit=1280%2C853&ssl=1","keywords":["Anfiteatro","destacado","Festival de Villa Mar\u00eda","Gill","mejoras","pruebas de sonido e iluminaci\u00f3n","recorrido","retoques"],"articleSection":["Festival de Pe\u00f1as"],"inLanguage":"es","potentialAction":[{"@type":"CommentAction","name":"Comment","target":["http:\/\/elregionalvm.com.ar\/noticias-villa-maria\/ultimos-retoques-al-anfiteatro-mejoras-y-pruebas-de-sonido-e-iluminacion\/#respond"]}]},{"@type":"WebPage","@id":"http:\/\/elregionalvm.com.ar\/noticias-villa-maria\/ultimos-retoques-al-anfiteatro-mejoras-y-pruebas-de-sonido-e-iluminacion\/","url":"http:\/\/elregionalvm.com.ar\/noticias-villa-maria\/ultimos-retoques-al-anfiteatro-mejoras-y-pruebas-de-sonido-e-iluminacion\/","name":"\u00daltimos retoques al Anfiteatro, mejoras y pruebas de sonido e iluminaci\u00f3n - El Regional","isPartOf":{"@id":"http:\/\/elregionalvm.com.ar\/noticias-villa-maria\/#website"},"primaryImageOfPage":{"@id":"http:\/\/elregionalvm.com.ar\/noticias-villa-maria\/ultimos-retoques-al-anfiteatro-mejoras-y-pruebas-de-sonido-e-iluminacion\/#primaryimage"},"image":{"@id":"http:\/\/elregionalvm.com.ar\/noticias-villa-maria\/ultimos-retoques-al-anfiteatro-mejoras-y-pruebas-de-sonido-e-iluminacion\/#primaryimage"},"thumbnailUrl":"https:\/\/i0.wp.com\/elregionalvm.com.ar\/noticias-villa-maria\/wp-content\/uploads\/2022\/02\/WhatsApp-Image-2022-02-08-at-11.14.32.jpeg?fit=1280%2C853&ssl=1","datePublished":"2022-02-08T23:25:57+00:00","dateModified":"2022-02-08T23:25:58+00:00","author":{"@id":"http:\/\/elregionalvm.com.ar\/noticias-villa-maria\/#\/schema\/person\/a0fb9c422317faca23d50163151bc354"},"breadcrumb":{"@id":"http:\/\/elregionalvm.com.ar\/noticias-villa-maria\/ultimos-retoques-al-anfiteatro-mejoras-y-pruebas-de-sonido-e-iluminacion\/#breadcrumb"},"inLanguage":"es","potentialAction":[{"@type":"ReadAction","target":["http:\/\/elregionalvm.com.ar\/noticias-villa-maria\/ultimos-retoques-al-anfiteatro-mejoras-y-pruebas-de-sonido-e-iluminacion\/"]}]},{"@type":"ImageObject","inLanguage":"es","@id":"http:\/\/elregionalvm.com.ar\/noticias-villa-maria\/ultimos-retoques-al-anfiteatro-mejoras-y-pruebas-de-sonido-e-iluminacion\/#primaryimage","url":"https:\/\/i0.wp.com\/elregionalvm.com.ar\/noticias-villa-maria\/wp-content\/uploads\/2022\/02\/WhatsApp-Image-2022-02-08-at-11.14.32.jpeg?fit=1280%2C853&ssl=1","contentUrl":"https:\/\/i0.wp.com\/elregionalvm.com.ar\/noticias-villa-maria\/wp-content\/uploads\/2022\/02\/WhatsApp-Image-2022-02-08-at-11.14.32.jpeg?fit=1280%2C853&ssl=1","width":1280,"height":853},{"@type":"BreadcrumbList","@id":"http:\/\/elregionalvm.com.ar\/noticias-villa-maria\/ultimos-retoques-al-anfiteatro-mejoras-y-pruebas-de-sonido-e-iluminacion\/#breadcrumb","itemListElement":[{"@type":"ListItem","position":1,"name":"Portada","item":"https:\/\/elregionalvm.com.ar\/noticias-villa-maria\/"},{"@type":"ListItem","position":2,"name":"\u00daltimos retoques al Anfiteatro, mejoras y pruebas de sonido e iluminaci\u00f3n"}]},{"@type":"WebSite","@id":"http:\/\/elregionalvm.com.ar\/noticias-villa-maria\/#website","url":"http:\/\/elregionalvm.com.ar\/noticias-villa-maria\/","name":"El Regional","description":"Mucho m\u00e1s que informaci\u00f3n","potentialAction":[{"@type":"SearchAction","target":{"@type":"EntryPoint","urlTemplate":"http:\/\/elregionalvm.com.ar\/noticias-villa-maria\/?s={search_term_string}"},"query-input":{"@type":"PropertyValueSpecification","valueRequired":true,"valueName":"search_term_string"}}],"inLanguage":"es"},{"@type":"Person","@id":"http:\/\/elregionalvm.com.ar\/noticias-villa-maria\/#\/schema\/person\/a0fb9c422317faca23d50163151bc354","name":"Contenidos El Regional","image":{"@type":"ImageObject","inLanguage":"es","@id":"http:\/\/elregionalvm.com.ar\/noticias-villa-maria\/#\/schema\/person\/image\/","url":"https:\/\/secure.gravatar.com\/avatar\/265b27cb2209af7bb3a1318f03305787d7981a5cc6e6cd08fe5a4ecdf99d4b48?s=96&d=mm&r=g","contentUrl":"https:\/\/secure.gravatar.com\/avatar\/265b27cb2209af7bb3a1318f03305787d7981a5cc6e6cd08fe5a4ecdf99d4b48?s=96&d=mm&r=g","caption":"Contenidos El Regional"},"url":"https:\/\/elregionalvm.com.ar\/noticias-villa-maria\/author\/contenido\/"}]}},"jetpack_featured_media_url":"https:\/\/i0.wp.com\/elregionalvm.com.ar\/noticias-villa-maria\/wp-content\/uploads\/2022\/02\/WhatsApp-Image-2022-02-08-at-11.14.32.jpeg?fit=1280%2C853&ssl=1","jetpack_sharing_enabled":true,"_links":{"self":[{"href":"https:\/\/elregionalvm.com.ar\/noticias-villa-maria\/wp-json\/wp\/v2\/posts\/52358","targetHints":{"allow":["GET"]}}],"collection":[{"href":"https:\/\/elregionalvm.com.ar\/noticias-villa-maria\/wp-json\/wp\/v2\/posts"}],"about":[{"href":"https:\/\/elregionalvm.com.ar\/noticias-villa-maria\/wp-json\/wp\/v2\/types\/post"}],"author":[{"embeddable":true,"href":"https:\/\/elregionalvm.com.ar\/noticias-villa-maria\/wp-json\/wp\/v2\/users\/4"}],"replies":[{"embeddable":true,"href":"https:\/\/elregionalvm.com.ar\/noticias-villa-maria\/wp-json\/wp\/v2\/comments?post=52358"}],"version-history":[{"count":1,"href":"https:\/\/elregionalvm.com.ar\/noticias-villa-maria\/wp-json\/wp\/v2\/posts\/52358\/revisions"}],"predecessor-version":[{"id":52360,"href":"https:\/\/elregionalvm.com.ar\/noticias-villa-maria\/wp-json\/wp\/v2\/posts\/52358\/revisions\/52360"}],"wp:featuredmedia":[{"embeddable":true,"href":"https:\/\/elregionalvm.com.ar\/noticias-villa-maria\/wp-json\/wp\/v2\/media\/52359"}],"wp:attachment":[{"href":"https:\/\/elregionalvm.com.ar\/noticias-villa-maria\/wp-json\/wp\/v2\/media?parent=52358"}],"wp:term":[{"taxonomy":"category","embeddable":true,"href":"https:\/\/elregionalvm.com.ar\/noticias-villa-maria\/wp-json\/wp\/v2\/categories?post=52358"},{"taxonomy":"post_tag","embeddable":true,"href":"https:\/\/elregionalvm.com.ar\/noticias-villa-maria\/wp-json\/wp\/v2\/tags?post=52358"}],"curies":[{"name":"wp","href":"https:\/\/api.w.org\/{rel}","templated":true}]}}