{"id":52367,"date":"2022-02-09T00:19:10","date_gmt":"2022-02-09T00:19:10","guid":{"rendered":"https:\/\/elregionalvm.com.ar\/noticias-villa-maria\/?p=52367"},"modified":"2022-02-09T00:19:11","modified_gmt":"2022-02-09T00:19:11","slug":"alta-gracia-esperan-miles-de-peregrinos-en-el-santuario-de-la-virgen-de-lourdes","status":"publish","type":"post","link":"https:\/\/elregionalvm.com.ar\/noticias-villa-maria\/alta-gracia-esperan-miles-de-peregrinos-en-el-santuario-de-la-virgen-de-lourdes\/","title":{"rendered":"Alta Gracia: esperan miles de peregrinos en el Santuario de la Virgen de Lourdes"},"content":{"rendered":"\n<p>La ciudad de Alta Gracia espera recibir miles de fieles el pr\u00f3ximo viernes 11 de febrero en el marco de la tradicional celebraci\u00f3n de la Virgen de Lourdes.<\/p>\n\n\n\n<p>Para esa jornada el Comit\u00e9 Organizador conformado por funcionarios municipales y representantes de la Polic\u00eda, Bomberos, Defensa Civil y Tr\u00e1nsito dispuso un operativo especial que comprender\u00e1 las jornadas del 10, 11, 12 y 13 de febrero.<\/p>\n\n\n\n<p>El operativo se pondr\u00e1 en marcha a las 18:00 del jueves 10 de febrero y proseguir\u00e1 hasta el domingo 13 a las 21:00 luego del cierre de La Gruta. Los d\u00edas 12 y 13 de febrero estar\u00e1n de guardia operativos de Defensa Civil, Tr\u00e1nsito, Salud y Limpieza desde las 09:00 hasta las 20:00.<\/p>\n\n\n\n<p>Los principales controles se establecer\u00e1n sobre la Ruta 5 para ayudar a los peregrinos que llegan a pie desde la ciudad de C\u00f3rdoba.<\/p>\n","protected":false},"excerpt":{"rendered":"<p>La ciudad de Alta Gracia espera recibir miles de fieles el pr\u00f3ximo viernes 11 de febrero en el marco de la tradicional celebraci\u00f3n de la Virgen de Lourdes. Para esa jornada el Comit\u00e9 Organizador conformado por funcionarios municipales y representantes de la Polic\u00eda, Bomberos, Defensa Civil y Tr\u00e1nsito dispuso un operativo especial que comprender\u00e1 las [&hellip;]<\/p>\n","protected":false},"author":4,"featured_media":52368,"comment_status":"open","ping_status":"open","sticky":false,"template":"","format":"standard","meta":{"site-sidebar-layout":"default","site-content-layout":"default","ast-site-content-layout":"default","site-content-style":"default","site-sidebar-style":"default","ast-global-header-display":"","ast-banner-title-visibility":"","ast-main-header-display":"","ast-hfb-above-header-display":"","ast-hfb-below-header-display":"","ast-hfb-mobile-header-display":"","site-post-title":"","ast-breadcrumbs-content":"","ast-featured-img":"","footer-sml-layout":"","ast-disable-related-posts":"","theme-transparent-header-meta":"default","adv-header-id-meta":"","stick-header-meta":"","header-above-stick-meta":"","header-main-stick-meta":"","header-below-stick-meta":"","astra-migrate-meta-layouts":"default","ast-page-background-enabled":"default","ast-page-background-meta":{"desktop":{"background-color":"","background-image":"","background-repeat":"repeat","background-position":"center center","background-size":"auto","background-attachment":"scroll","background-type":"","background-media":"","overlay-type":"","overlay-color":"","overlay-opacity":"","overlay-gradient":""},"tablet":{"background-color":"","background-image":"","background-repeat":"repeat","background-position":"center center","background-size":"auto","background-attachment":"scroll","background-type":"","background-media":"","overlay-type":"","overlay-color":"","overlay-opacity":"","overlay-gradient":""},"mobile":{"background-color":"","background-image":"","background-repeat":"repeat","background-position":"center center","background-size":"auto","background-attachment":"scroll","background-type":"","background-media":"","overlay-type":"","overlay-color":"","overlay-opacity":"","overlay-gradient":""}},"ast-content-background-meta":{"desktop":{"background-color":"var(--ast-global-color-5)","background-image":"","background-repeat":"repeat","background-position":"center center","background-size":"auto","background-attachment":"scroll","background-type":"","background-media":"","overlay-type":"","overlay-color":"","overlay-opacity":"","overlay-gradient":""},"tablet":{"background-color":"var(--ast-global-color-5)","background-image":"","background-repeat":"repeat","background-position":"center center","background-size":"auto","background-attachment":"scroll","background-type":"","background-media":"","overlay-type":"","overlay-color":"","overlay-opacity":"","overlay-gradient":""},"mobile":{"background-color":"var(--ast-global-color-5)","background-image":"","background-repeat":"repeat","background-position":"center center","background-size":"auto","background-attachment":"scroll","background-type":"","background-media":"","overlay-type":"","overlay-color":"","overlay-opacity":"","overlay-gradient":""}},"_jetpack_memberships_contains_paid_content":false,"_joinchat":[],"footnotes":""},"categories":[2091],"tags":[932,13623,3179,51,913,13622],"class_list":["post-52367","post","type-post","status-publish","format-standard","has-post-thumbnail","hentry","category-region","tag-alta-gracia","tag-miles-de-peregrinos","tag-operativo","tag-peregrinacion","tag-regionales","tag-santuario-de-la-virgen-de-lourdes"],"yoast_head":"<!-- This site is optimized with the Yoast SEO plugin v26.8 - https:\/\/yoast.com\/product\/yoast-seo-wordpress\/ -->\n<title>Alta Gracia: esperan miles de peregrinos en el Santuario de la Virgen de Lourdes - El Regional<\/title>\n<meta name=\"robots\" content=\"index, follow, max-snippet:-1, max-image-preview:large, max-video-preview:-1\" \/>\n<link rel=\"canonical\" href=\"http:\/\/elregionalvm.com.ar\/noticias-villa-maria\/alta-gracia-esperan-miles-de-peregrinos-en-el-santuario-de-la-virgen-de-lourdes\/\" \/>\n<meta property=\"og:locale\" content=\"es_ES\" \/>\n<meta property=\"og:type\" content=\"article\" \/>\n<meta property=\"og:title\" content=\"Alta Gracia: esperan miles de peregrinos en el Santuario de la Virgen de Lourdes - El Regional\" \/>\n<meta property=\"og:description\" content=\"La ciudad de Alta Gracia espera recibir miles de fieles el pr\u00f3ximo viernes 11 de febrero en el marco de la tradicional celebraci\u00f3n de la Virgen de Lourdes. Para esa jornada el Comit\u00e9 Organizador conformado por funcionarios municipales y representantes de la Polic\u00eda, Bomberos, Defensa Civil y Tr\u00e1nsito dispuso un operativo especial que comprender\u00e1 las [&hellip;]\" \/>\n<meta property=\"og:url\" content=\"http:\/\/elregionalvm.com.ar\/noticias-villa-maria\/alta-gracia-esperan-miles-de-peregrinos-en-el-santuario-de-la-virgen-de-lourdes\/\" \/>\n<meta property=\"og:site_name\" content=\"El Regional\" \/>\n<meta property=\"article:publisher\" content=\"https:\/\/www.facebook.com\/elregionalvm\" \/>\n<meta property=\"article:published_time\" content=\"2022-02-09T00:19:10+00:00\" \/>\n<meta property=\"article:modified_time\" content=\"2022-02-09T00:19:11+00:00\" \/>\n<meta property=\"og:image\" content=\"http:\/\/elregionalvm.com.ar\/noticias-villa-maria\/wp-content\/uploads\/2022\/02\/santuario-de-lourdes.jpg\" \/>\n\t<meta property=\"og:image:width\" content=\"800\" \/>\n\t<meta property=\"og:image:height\" content=\"450\" \/>\n\t<meta property=\"og:image:type\" content=\"image\/jpeg\" \/>\n<meta name=\"author\" content=\"Contenidos El Regional\" \/>\n<meta name=\"twitter:card\" content=\"summary_large_image\" \/>\n<meta name=\"twitter:creator\" content=\"@elregionalvm1\" \/>\n<meta name=\"twitter:site\" content=\"@elregionalvm1\" \/>\n<meta name=\"twitter:label1\" content=\"Escrito por\" \/>\n\t<meta name=\"twitter:data1\" content=\"Contenidos El Regional\" \/>\n\t<meta name=\"twitter:label2\" content=\"Tiempo de lectura\" \/>\n\t<meta name=\"twitter:data2\" content=\"1 minuto\" \/>\n<script type=\"application\/ld+json\" class=\"yoast-schema-graph\">{\"@context\":\"https:\/\/schema.org\",\"@graph\":[{\"@type\":\"Article\",\"@id\":\"http:\/\/elregionalvm.com.ar\/noticias-villa-maria\/alta-gracia-esperan-miles-de-peregrinos-en-el-santuario-de-la-virgen-de-lourdes\/#article\",\"isPartOf\":{\"@id\":\"http:\/\/elregionalvm.com.ar\/noticias-villa-maria\/alta-gracia-esperan-miles-de-peregrinos-en-el-santuario-de-la-virgen-de-lourdes\/\"},\"author\":{\"name\":\"Contenidos El Regional\",\"@id\":\"http:\/\/elregionalvm.com.ar\/noticias-villa-maria\/#\/schema\/person\/a0fb9c422317faca23d50163151bc354\"},\"headline\":\"Alta Gracia: esperan miles de peregrinos en el Santuario de la Virgen de Lourdes\",\"datePublished\":\"2022-02-09T00:19:10+00:00\",\"dateModified\":\"2022-02-09T00:19:11+00:00\",\"mainEntityOfPage\":{\"@id\":\"http:\/\/elregionalvm.com.ar\/noticias-villa-maria\/alta-gracia-esperan-miles-de-peregrinos-en-el-santuario-de-la-virgen-de-lourdes\/\"},\"wordCount\":149,\"commentCount\":0,\"image\":{\"@id\":\"http:\/\/elregionalvm.com.ar\/noticias-villa-maria\/alta-gracia-esperan-miles-de-peregrinos-en-el-santuario-de-la-virgen-de-lourdes\/#primaryimage\"},\"thumbnailUrl\":\"https:\/\/i0.wp.com\/elregionalvm.com.ar\/noticias-villa-maria\/wp-content\/uploads\/2022\/02\/santuario-de-lourdes.jpg?fit=800%2C450&ssl=1\",\"keywords\":[\"Alta Gracia\",\"miles de peregrinos\",\"operativo\",\"peregrinaci\u00f3n\",\"regionales\",\"Santuario de la Virgen de Lourdes\"],\"articleSection\":[\"Regi\u00f3n\"],\"inLanguage\":\"es\",\"potentialAction\":[{\"@type\":\"CommentAction\",\"name\":\"Comment\",\"target\":[\"http:\/\/elregionalvm.com.ar\/noticias-villa-maria\/alta-gracia-esperan-miles-de-peregrinos-en-el-santuario-de-la-virgen-de-lourdes\/#respond\"]}]},{\"@type\":\"WebPage\",\"@id\":\"http:\/\/elregionalvm.com.ar\/noticias-villa-maria\/alta-gracia-esperan-miles-de-peregrinos-en-el-santuario-de-la-virgen-de-lourdes\/\",\"url\":\"http:\/\/elregionalvm.com.ar\/noticias-villa-maria\/alta-gracia-esperan-miles-de-peregrinos-en-el-santuario-de-la-virgen-de-lourdes\/\",\"name\":\"Alta Gracia: esperan miles de peregrinos en el Santuario de la Virgen de Lourdes - El Regional\",\"isPartOf\":{\"@id\":\"http:\/\/elregionalvm.com.ar\/noticias-villa-maria\/#website\"},\"primaryImageOfPage\":{\"@id\":\"http:\/\/elregionalvm.com.ar\/noticias-villa-maria\/alta-gracia-esperan-miles-de-peregrinos-en-el-santuario-de-la-virgen-de-lourdes\/#primaryimage\"},\"image\":{\"@id\":\"http:\/\/elregionalvm.com.ar\/noticias-villa-maria\/alta-gracia-esperan-miles-de-peregrinos-en-el-santuario-de-la-virgen-de-lourdes\/#primaryimage\"},\"thumbnailUrl\":\"https:\/\/i0.wp.com\/elregionalvm.com.ar\/noticias-villa-maria\/wp-content\/uploads\/2022\/02\/santuario-de-lourdes.jpg?fit=800%2C450&ssl=1\",\"datePublished\":\"2022-02-09T00:19:10+00:00\",\"dateModified\":\"2022-02-09T00:19:11+00:00\",\"author\":{\"@id\":\"http:\/\/elregionalvm.com.ar\/noticias-villa-maria\/#\/schema\/person\/a0fb9c422317faca23d50163151bc354\"},\"breadcrumb\":{\"@id\":\"http:\/\/elregionalvm.com.ar\/noticias-villa-maria\/alta-gracia-esperan-miles-de-peregrinos-en-el-santuario-de-la-virgen-de-lourdes\/#breadcrumb\"},\"inLanguage\":\"es\",\"potentialAction\":[{\"@type\":\"ReadAction\",\"target\":[\"http:\/\/elregionalvm.com.ar\/noticias-villa-maria\/alta-gracia-esperan-miles-de-peregrinos-en-el-santuario-de-la-virgen-de-lourdes\/\"]}]},{\"@type\":\"ImageObject\",\"inLanguage\":\"es\",\"@id\":\"http:\/\/elregionalvm.com.ar\/noticias-villa-maria\/alta-gracia-esperan-miles-de-peregrinos-en-el-santuario-de-la-virgen-de-lourdes\/#primaryimage\",\"url\":\"https:\/\/i0.wp.com\/elregionalvm.com.ar\/noticias-villa-maria\/wp-content\/uploads\/2022\/02\/santuario-de-lourdes.jpg?fit=800%2C450&ssl=1\",\"contentUrl\":\"https:\/\/i0.wp.com\/elregionalvm.com.ar\/noticias-villa-maria\/wp-content\/uploads\/2022\/02\/santuario-de-lourdes.jpg?fit=800%2C450&ssl=1\",\"width\":800,\"height\":450},{\"@type\":\"BreadcrumbList\",\"@id\":\"http:\/\/elregionalvm.com.ar\/noticias-villa-maria\/alta-gracia-esperan-miles-de-peregrinos-en-el-santuario-de-la-virgen-de-lourdes\/#breadcrumb\",\"itemListElement\":[{\"@type\":\"ListItem\",\"position\":1,\"name\":\"Portada\",\"item\":\"https:\/\/elregionalvm.com.ar\/noticias-villa-maria\/\"},{\"@type\":\"ListItem\",\"position\":2,\"name\":\"Alta Gracia: esperan miles de peregrinos en el Santuario de la Virgen de Lourdes\"}]},{\"@type\":\"WebSite\",\"@id\":\"http:\/\/elregionalvm.com.ar\/noticias-villa-maria\/#website\",\"url\":\"http:\/\/elregionalvm.com.ar\/noticias-villa-maria\/\",\"name\":\"El Regional\",\"description\":\"Mucho m\u00e1s que informaci\u00f3n\",\"potentialAction\":[{\"@type\":\"SearchAction\",\"target\":{\"@type\":\"EntryPoint\",\"urlTemplate\":\"http:\/\/elregionalvm.com.ar\/noticias-villa-maria\/?s={search_term_string}\"},\"query-input\":{\"@type\":\"PropertyValueSpecification\",\"valueRequired\":true,\"valueName\":\"search_term_string\"}}],\"inLanguage\":\"es\"},{\"@type\":\"Person\",\"@id\":\"http:\/\/elregionalvm.com.ar\/noticias-villa-maria\/#\/schema\/person\/a0fb9c422317faca23d50163151bc354\",\"name\":\"Contenidos El Regional\",\"image\":{\"@type\":\"ImageObject\",\"inLanguage\":\"es\",\"@id\":\"http:\/\/elregionalvm.com.ar\/noticias-villa-maria\/#\/schema\/person\/image\/\",\"url\":\"https:\/\/secure.gravatar.com\/avatar\/265b27cb2209af7bb3a1318f03305787d7981a5cc6e6cd08fe5a4ecdf99d4b48?s=96&d=mm&r=g\",\"contentUrl\":\"https:\/\/secure.gravatar.com\/avatar\/265b27cb2209af7bb3a1318f03305787d7981a5cc6e6cd08fe5a4ecdf99d4b48?s=96&d=mm&r=g\",\"caption\":\"Contenidos El Regional\"},\"url\":\"https:\/\/elregionalvm.com.ar\/noticias-villa-maria\/author\/contenido\/\"}]}<\/script>\n<!-- \/ Yoast SEO plugin. -->","yoast_head_json":{"title":"Alta Gracia: esperan miles de peregrinos en el Santuario de la Virgen de Lourdes - El Regional","robots":{"index":"index","follow":"follow","max-snippet":"max-snippet:-1","max-image-preview":"max-image-preview:large","max-video-preview":"max-video-preview:-1"},"canonical":"http:\/\/elregionalvm.com.ar\/noticias-villa-maria\/alta-gracia-esperan-miles-de-peregrinos-en-el-santuario-de-la-virgen-de-lourdes\/","og_locale":"es_ES","og_type":"article","og_title":"Alta Gracia: esperan miles de peregrinos en el Santuario de la Virgen de Lourdes - El Regional","og_description":"La ciudad de Alta Gracia espera recibir miles de fieles el pr\u00f3ximo viernes 11 de febrero en el marco de la tradicional celebraci\u00f3n de la Virgen de Lourdes. Para esa jornada el Comit\u00e9 Organizador conformado por funcionarios municipales y representantes de la Polic\u00eda, Bomberos, Defensa Civil y Tr\u00e1nsito dispuso un operativo especial que comprender\u00e1 las [&hellip;]","og_url":"http:\/\/elregionalvm.com.ar\/noticias-villa-maria\/alta-gracia-esperan-miles-de-peregrinos-en-el-santuario-de-la-virgen-de-lourdes\/","og_site_name":"El Regional","article_publisher":"https:\/\/www.facebook.com\/elregionalvm","article_published_time":"2022-02-09T00:19:10+00:00","article_modified_time":"2022-02-09T00:19:11+00:00","og_image":[{"width":800,"height":450,"url":"http:\/\/elregionalvm.com.ar\/noticias-villa-maria\/wp-content\/uploads\/2022\/02\/santuario-de-lourdes.jpg","type":"image\/jpeg"}],"author":"Contenidos El Regional","twitter_card":"summary_large_image","twitter_creator":"@elregionalvm1","twitter_site":"@elregionalvm1","twitter_misc":{"Escrito por":"Contenidos El Regional","Tiempo de lectura":"1 minuto"},"schema":{"@context":"https:\/\/schema.org","@graph":[{"@type":"Article","@id":"http:\/\/elregionalvm.com.ar\/noticias-villa-maria\/alta-gracia-esperan-miles-de-peregrinos-en-el-santuario-de-la-virgen-de-lourdes\/#article","isPartOf":{"@id":"http:\/\/elregionalvm.com.ar\/noticias-villa-maria\/alta-gracia-esperan-miles-de-peregrinos-en-el-santuario-de-la-virgen-de-lourdes\/"},"author":{"name":"Contenidos El Regional","@id":"http:\/\/elregionalvm.com.ar\/noticias-villa-maria\/#\/schema\/person\/a0fb9c422317faca23d50163151bc354"},"headline":"Alta Gracia: esperan miles de peregrinos en el Santuario de la Virgen de Lourdes","datePublished":"2022-02-09T00:19:10+00:00","dateModified":"2022-02-09T00:19:11+00:00","mainEntityOfPage":{"@id":"http:\/\/elregionalvm.com.ar\/noticias-villa-maria\/alta-gracia-esperan-miles-de-peregrinos-en-el-santuario-de-la-virgen-de-lourdes\/"},"wordCount":149,"commentCount":0,"image":{"@id":"http:\/\/elregionalvm.com.ar\/noticias-villa-maria\/alta-gracia-esperan-miles-de-peregrinos-en-el-santuario-de-la-virgen-de-lourdes\/#primaryimage"},"thumbnailUrl":"https:\/\/i0.wp.com\/elregionalvm.com.ar\/noticias-villa-maria\/wp-content\/uploads\/2022\/02\/santuario-de-lourdes.jpg?fit=800%2C450&ssl=1","keywords":["Alta Gracia","miles de peregrinos","operativo","peregrinaci\u00f3n","regionales","Santuario de la Virgen de Lourdes"],"articleSection":["Regi\u00f3n"],"inLanguage":"es","potentialAction":[{"@type":"CommentAction","name":"Comment","target":["http:\/\/elregionalvm.com.ar\/noticias-villa-maria\/alta-gracia-esperan-miles-de-peregrinos-en-el-santuario-de-la-virgen-de-lourdes\/#respond"]}]},{"@type":"WebPage","@id":"http:\/\/elregionalvm.com.ar\/noticias-villa-maria\/alta-gracia-esperan-miles-de-peregrinos-en-el-santuario-de-la-virgen-de-lourdes\/","url":"http:\/\/elregionalvm.com.ar\/noticias-villa-maria\/alta-gracia-esperan-miles-de-peregrinos-en-el-santuario-de-la-virgen-de-lourdes\/","name":"Alta Gracia: esperan miles de peregrinos en el Santuario de la Virgen de Lourdes - El Regional","isPartOf":{"@id":"http:\/\/elregionalvm.com.ar\/noticias-villa-maria\/#website"},"primaryImageOfPage":{"@id":"http:\/\/elregionalvm.com.ar\/noticias-villa-maria\/alta-gracia-esperan-miles-de-peregrinos-en-el-santuario-de-la-virgen-de-lourdes\/#primaryimage"},"image":{"@id":"http:\/\/elregionalvm.com.ar\/noticias-villa-maria\/alta-gracia-esperan-miles-de-peregrinos-en-el-santuario-de-la-virgen-de-lourdes\/#primaryimage"},"thumbnailUrl":"https:\/\/i0.wp.com\/elregionalvm.com.ar\/noticias-villa-maria\/wp-content\/uploads\/2022\/02\/santuario-de-lourdes.jpg?fit=800%2C450&ssl=1","datePublished":"2022-02-09T00:19:10+00:00","dateModified":"2022-02-09T00:19:11+00:00","author":{"@id":"http:\/\/elregionalvm.com.ar\/noticias-villa-maria\/#\/schema\/person\/a0fb9c422317faca23d50163151bc354"},"breadcrumb":{"@id":"http:\/\/elregionalvm.com.ar\/noticias-villa-maria\/alta-gracia-esperan-miles-de-peregrinos-en-el-santuario-de-la-virgen-de-lourdes\/#breadcrumb"},"inLanguage":"es","potentialAction":[{"@type":"ReadAction","target":["http:\/\/elregionalvm.com.ar\/noticias-villa-maria\/alta-gracia-esperan-miles-de-peregrinos-en-el-santuario-de-la-virgen-de-lourdes\/"]}]},{"@type":"ImageObject","inLanguage":"es","@id":"http:\/\/elregionalvm.com.ar\/noticias-villa-maria\/alta-gracia-esperan-miles-de-peregrinos-en-el-santuario-de-la-virgen-de-lourdes\/#primaryimage","url":"https:\/\/i0.wp.com\/elregionalvm.com.ar\/noticias-villa-maria\/wp-content\/uploads\/2022\/02\/santuario-de-lourdes.jpg?fit=800%2C450&ssl=1","contentUrl":"https:\/\/i0.wp.com\/elregionalvm.com.ar\/noticias-villa-maria\/wp-content\/uploads\/2022\/02\/santuario-de-lourdes.jpg?fit=800%2C450&ssl=1","width":800,"height":450},{"@type":"BreadcrumbList","@id":"http:\/\/elregionalvm.com.ar\/noticias-villa-maria\/alta-gracia-esperan-miles-de-peregrinos-en-el-santuario-de-la-virgen-de-lourdes\/#breadcrumb","itemListElement":[{"@type":"ListItem","position":1,"name":"Portada","item":"https:\/\/elregionalvm.com.ar\/noticias-villa-maria\/"},{"@type":"ListItem","position":2,"name":"Alta Gracia: esperan miles de peregrinos en el Santuario de la Virgen de Lourdes"}]},{"@type":"WebSite","@id":"http:\/\/elregionalvm.com.ar\/noticias-villa-maria\/#website","url":"http:\/\/elregionalvm.com.ar\/noticias-villa-maria\/","name":"El Regional","description":"Mucho m\u00e1s que informaci\u00f3n","potentialAction":[{"@type":"SearchAction","target":{"@type":"EntryPoint","urlTemplate":"http:\/\/elregionalvm.com.ar\/noticias-villa-maria\/?s={search_term_string}"},"query-input":{"@type":"PropertyValueSpecification","valueRequired":true,"valueName":"search_term_string"}}],"inLanguage":"es"},{"@type":"Person","@id":"http:\/\/elregionalvm.com.ar\/noticias-villa-maria\/#\/schema\/person\/a0fb9c422317faca23d50163151bc354","name":"Contenidos El Regional","image":{"@type":"ImageObject","inLanguage":"es","@id":"http:\/\/elregionalvm.com.ar\/noticias-villa-maria\/#\/schema\/person\/image\/","url":"https:\/\/secure.gravatar.com\/avatar\/265b27cb2209af7bb3a1318f03305787d7981a5cc6e6cd08fe5a4ecdf99d4b48?s=96&d=mm&r=g","contentUrl":"https:\/\/secure.gravatar.com\/avatar\/265b27cb2209af7bb3a1318f03305787d7981a5cc6e6cd08fe5a4ecdf99d4b48?s=96&d=mm&r=g","caption":"Contenidos El Regional"},"url":"https:\/\/elregionalvm.com.ar\/noticias-villa-maria\/author\/contenido\/"}]}},"jetpack_featured_media_url":"https:\/\/i0.wp.com\/elregionalvm.com.ar\/noticias-villa-maria\/wp-content\/uploads\/2022\/02\/santuario-de-lourdes.jpg?fit=800%2C450&ssl=1","jetpack_sharing_enabled":true,"_links":{"self":[{"href":"https:\/\/elregionalvm.com.ar\/noticias-villa-maria\/wp-json\/wp\/v2\/posts\/52367","targetHints":{"allow":["GET"]}}],"collection":[{"href":"https:\/\/elregionalvm.com.ar\/noticias-villa-maria\/wp-json\/wp\/v2\/posts"}],"about":[{"href":"https:\/\/elregionalvm.com.ar\/noticias-villa-maria\/wp-json\/wp\/v2\/types\/post"}],"author":[{"embeddable":true,"href":"https:\/\/elregionalvm.com.ar\/noticias-villa-maria\/wp-json\/wp\/v2\/users\/4"}],"replies":[{"embeddable":true,"href":"https:\/\/elregionalvm.com.ar\/noticias-villa-maria\/wp-json\/wp\/v2\/comments?post=52367"}],"version-history":[{"count":1,"href":"https:\/\/elregionalvm.com.ar\/noticias-villa-maria\/wp-json\/wp\/v2\/posts\/52367\/revisions"}],"predecessor-version":[{"id":52369,"href":"https:\/\/elregionalvm.com.ar\/noticias-villa-maria\/wp-json\/wp\/v2\/posts\/52367\/revisions\/52369"}],"wp:featuredmedia":[{"embeddable":true,"href":"https:\/\/elregionalvm.com.ar\/noticias-villa-maria\/wp-json\/wp\/v2\/media\/52368"}],"wp:attachment":[{"href":"https:\/\/elregionalvm.com.ar\/noticias-villa-maria\/wp-json\/wp\/v2\/media?parent=52367"}],"wp:term":[{"taxonomy":"category","embeddable":true,"href":"https:\/\/elregionalvm.com.ar\/noticias-villa-maria\/wp-json\/wp\/v2\/categories?post=52367"},{"taxonomy":"post_tag","embeddable":true,"href":"https:\/\/elregionalvm.com.ar\/noticias-villa-maria\/wp-json\/wp\/v2\/tags?post=52367"}],"curies":[{"name":"wp","href":"https:\/\/api.w.org\/{rel}","templated":true}]}}