{"id":52492,"date":"2022-02-09T18:07:24","date_gmt":"2022-02-09T18:07:24","guid":{"rendered":"https:\/\/elregionalvm.com.ar\/noticias-villa-maria\/?p=52492"},"modified":"2022-02-11T11:22:56","modified_gmt":"2022-02-11T11:22:56","slug":"historias-ramon-alberto-orsi-un-senor-futbolista-de-otros-tiempos","status":"publish","type":"post","link":"https:\/\/elregionalvm.com.ar\/noticias-villa-maria\/historias-ramon-alberto-orsi-un-senor-futbolista-de-otros-tiempos\/","title":{"rendered":"[Historias] Ram\u00f3n Alberto Orsi, un \u201cse\u00f1or\u201d futbolista de otros tiempos"},"content":{"rendered":"\n<p><strong>Una antigua edici\u00f3n de la publicaci\u00f3n \u201cEcos Deportivos\u201d recupera nombres y momentos que formaron parte del universo deportivo villamariense. Entre otros temas, destacaba la figura del jugador Ram\u00f3n Orsi.<\/strong><\/p>\n\n\n\n<p><\/p>\n\n\n\n<p><strong>Escribe: Julio A. Ben\u00edtez \u2013 <a href=\"mailto:benitezjulioalberto@gmail.com\">benitezjulioalberto@gmail.com<\/a><\/strong><\/p>\n\n\n\n<p>Un verdadero caballero del f\u00fatbol ocupa hoy la tapa de Ecos Deportivos. Un hombre que, a lo largo de su vida de futbolista, ha mantenido muy en alto sus prestigios de deportista cien por ciento, llevando como estandarte en todas sus actuaciones, su amor a este viril juego.<\/p>\n\n\n\n<p>Comenz\u00f3 la pr\u00e1ctica del f\u00fatbol en la quinta divisi\u00f3n del Club Alumni a los 13 a\u00f1os como winger izquierdo. Despu\u00e9s se desempe\u00f1\u00f3, por el t\u00e9rmino de un a\u00f1o, en la cuarta ordinaria, pero su calidad cada vez mayor, lo ubic\u00f3 en la primera divisi\u00f3n a los 16 a\u00f1os, desempe\u00f1\u00e1ndose tambi\u00e9n como half izquierdo, puesto que nunca abandonar\u00eda.<\/p>\n\n\n\n<p><\/p>\n\n\n\n<figure class=\"wp-block-image size-full\"><img data-recalc-dims=\"1\" fetchpriority=\"high\" decoding=\"async\" width=\"428\" height=\"608\" src=\"https:\/\/i0.wp.com\/elregionalvm.com.ar\/noticias-villa-maria\/wp-content\/uploads\/2022\/02\/Ramon-Orsi.jpg?resize=428%2C608&#038;ssl=1\" alt=\"\" class=\"wp-image-52496\" srcset=\"https:\/\/i0.wp.com\/elregionalvm.com.ar\/noticias-villa-maria\/wp-content\/uploads\/2022\/02\/Ramon-Orsi.jpg?w=428&amp;ssl=1 428w, https:\/\/i0.wp.com\/elregionalvm.com.ar\/noticias-villa-maria\/wp-content\/uploads\/2022\/02\/Ramon-Orsi.jpg?resize=211%2C300&amp;ssl=1 211w\" sizes=\"(max-width: 428px) 100vw, 428px\" \/><figcaption><em>Orsi en la portada de \u00abEcos Deportivos\u00bb. <\/em><\/figcaption><\/figure>\n\n\n\n<p><\/p>\n\n\n\n<p>En 1946 pas\u00f3 a Uni\u00f3n Central y en 1947 integr\u00f3 el equipo de Lavalle de C\u00f3rdoba, para hacerlo luego en Juniors, su nuevo club.<\/p>\n\n\n\n<p>Fue una columna en las defensas que integr\u00f3, para despu\u00e9s pasar en pr\u00e9stamo al Club Central Argentino por dos a\u00f1os y titular obligado del combinado Villamariense por su rendimiento y correcci\u00f3n.<\/p>\n\n\n\n<p>Ram\u00f3n Alberto Orsi<a> <\/a>ser\u00e1 recordado como un extraordinario half que pase\u00f3 su se\u00f1or\u00edo por todas las canchas en que le toc\u00f3 jugar.<\/p>\n\n\n\n<p><\/p>\n\n\n\n<p><\/p>\n\n\n\n<figure class=\"wp-block-gallery columns-1 is-cropped wp-block-gallery-1 is-layout-flex wp-block-gallery-is-layout-flex\"><ul class=\"blocks-gallery-grid\"><li class=\"blocks-gallery-item\"><figure><img data-recalc-dims=\"1\" decoding=\"async\" width=\"456\" height=\"287\" src=\"https:\/\/i0.wp.com\/elregionalvm.com.ar\/noticias-villa-maria\/wp-content\/uploads\/2022\/02\/Hueso-Orsi-River-Plate-Villa-Maria-1.jpg?resize=456%2C287&#038;ssl=1\" alt=\"\" data-id=\"52495\" data-full-url=\"https:\/\/elregionalvm.com.ar\/noticias-villa-maria\/wp-content\/uploads\/2022\/02\/Hueso-Orsi-River-Plate-Villa-Maria-1.jpg\" data-link=\"https:\/\/elregionalvm.com.ar\/noticias-villa-maria\/?attachment_id=52495\" class=\"wp-image-52495\" srcset=\"https:\/\/i0.wp.com\/elregionalvm.com.ar\/noticias-villa-maria\/wp-content\/uploads\/2022\/02\/Hueso-Orsi-River-Plate-Villa-Maria-1.jpg?w=456&amp;ssl=1 456w, https:\/\/i0.wp.com\/elregionalvm.com.ar\/noticias-villa-maria\/wp-content\/uploads\/2022\/02\/Hueso-Orsi-River-Plate-Villa-Maria-1.jpg?resize=300%2C189&amp;ssl=1 300w\" sizes=\"(max-width: 456px) 100vw, 456px\" \/><\/figure><\/li><\/ul><figcaption class=\"blocks-gallery-caption\"><em>Orsi integr\u00f3 el equipo multicampe\u00f3n de River de Villa Mar\u00eda. El tercero desde la izquierda, arriba. (C\u00f3rdoba de anta\u00f1o &#8211; Villa Mar\u00eda).<\/em><\/figcaption><\/figure>\n\n\n\n<p><\/p>\n\n\n\n<p><strong>Adi\u00f3s al \u201cHueso\u201d<\/strong><\/p>\n\n\n\n<p>El \u201cHueso\u201d, que tambi\u00e9n fue t\u00e9cnico del Seleccionado de Villa Mar\u00eda y entrenador en Alumni, falleci\u00f3 en abril del a\u00f1o pasado a los 96 a\u00f1os. Sus restos fueron cremados.<\/p>\n\n\n\n<p><\/p>\n\n\n\n<p>&#8212;&#8212;&#8212;&#8212;&#8212;&#8212;&#8212;&#8212;&#8212;&#8212;&#8212;-<\/p>\n\n\n\n<p><\/p>\n\n\n\n<p>Las autoridades del Club Central Argentino han elevado una extensa nota al seno de la Liga, denunciando la agresi\u00f3n que el jugador de R\u00edver, Jos\u00e9 A. Gonz\u00e1lez cometi\u00f3 contra Ram\u00f3n Alberto Orsi, calificada de brutal y malintencionada. La nota destaca que en salvaguardia de la integridad f\u00edsica de sus jugadores retiraron el equipo. Entre otras consideraciones y resoluciones, la nota informaba que la C.D. decidi\u00f3 romper las relaciones deportivas, sociales y culturales con el Club River Plate.<\/p>\n\n\n\n<p><\/p>\n\n\n\n<p>&#8212;&#8212;&#8212;&#8212;&#8212;&#8212;&#8212;&#8212;&#8212;&#8212;&#8212;<\/p>\n\n\n\n<p>Nuevamente Juan Carlos Guerrero agreg\u00f3 a su meritoria campa\u00f1a un categ\u00f3rico triunfo en la carrera de los 50 kms., que se disput\u00f3 el pasado domingo, organizada por el Centro Vecinal de Fomento del Barrio Villa Aurora.<\/p>\n\n\n\n<p><\/p>\n\n\n\n<p>&#8212;&#8212;&#8212;&#8212;&#8212;&#8212;&#8212;&#8212;&#8212;&#8212;-<\/p>\n\n\n\n<p>El Consejo Directivo de la Liga, en reuni\u00f3n especial del viernes pasado, design\u00f3 el plantel que viajar\u00e1 a R\u00edo Cuarto el pr\u00f3ximo 17, para enfrentar al combinado de dicha ciudad. Arqueros: Terrestre (River), Sismondo (Sarmiento), zagueros: Matcovich (Alumni), Mart\u00ednez y L\u00f3pez (Ameghino), medios: Virgol\u00edn (Central Argentino), Caballero (Uni\u00f3n Central), Giordano (Ameghino), Romero (Rivadavia): delanteros: D\u00edaz (Alem), Ronco (Uni\u00f3n Central), Erm\u00e1cora (R\u00edver), Demar\u00eda y L\u00f3pez (Sarmiento), Gilli (Central Argentino) y Gonz\u00e1lez (Alumni).<\/p>\n\n\n\n<p><\/p>\n\n\n\n<p>&#8212;&#8212;&#8212;&#8212;&#8212;&#8212;&#8212;&#8212;&#8212;&#8212;&#8212;-<\/p>\n\n\n\n<p>El Club Deportivo Central Argentino, conocida entidad de esta ciudad, acaba de mostrar en gesto digno de los mayores elogios, a todos los aficionados al B\u00e1squet Ball, una innovaci\u00f3n en su amplio Sal\u00f3n Sede de Avenida L.N. Alem: Su magn\u00edfica cancha cubierta para jugar a dicho deporte, que fue inaugurada el mi\u00e9rcoles pasado con un gran Campeonato Rel\u00e1mpago, en el cual intervinieron Mitre, Almagro, Uni\u00f3n Central, Sparta y Rivadavia de Arroyo Cabral. La responsabilidad y la idea de organizaci\u00f3n de este lucido torneo a cargo de un muchacho emprendedor y con af\u00e1n de luchar, nos referimos al presidente de la Sub \u2013 Comisi\u00f3n de B\u00e1squet Ball de Central Argentino, Humberto Brancciaforte. Para \u00e9l nuestro aplauso.<\/p>\n\n\n\n<p>Luego de las ceremonias de inauguraci\u00f3n comenz\u00f3 el campeonato, consagr\u00e1ndose campe\u00f3n el Club Mitre, justo ganador. Muy bien por Central Argentino y que sigan repiti\u00e9ndose estos festivales.<\/p>\n\n\n\n<p><\/p>\n\n\n\n<p><strong>Fuente: <em>Revista \u201cEcos Deportivos\u201d N\u00ba 2 del d\u00eda 15 de agosto de 1953.<\/em><\/strong><\/p>\n","protected":false},"excerpt":{"rendered":"<p>Una antigua edici\u00f3n de la publicaci\u00f3n \u201cEcos Deportivos\u201d recupera nombres y momentos que formaron parte del universo deportivo villamariense. Entre otros temas, destacaba la figura del jugador Ram\u00f3n Orsi. Escribe: Julio A. Ben\u00edtez \u2013 benitezjulioalberto@gmail.com Un verdadero caballero del f\u00fatbol ocupa hoy la tapa de Ecos Deportivos. Un hombre que, a lo largo de su [&hellip;]<\/p>\n","protected":false},"author":4,"featured_media":52498,"comment_status":"open","ping_status":"open","sticky":false,"template":"","format":"standard","meta":{"site-sidebar-layout":"default","site-content-layout":"default","ast-site-content-layout":"default","site-content-style":"default","site-sidebar-style":"default","ast-global-header-display":"","ast-banner-title-visibility":"","ast-main-header-display":"","ast-hfb-above-header-display":"","ast-hfb-below-header-display":"","ast-hfb-mobile-header-display":"","site-post-title":"","ast-breadcrumbs-content":"","ast-featured-img":"","footer-sml-layout":"","ast-disable-related-posts":"","theme-transparent-header-meta":"default","adv-header-id-meta":"","stick-header-meta":"","header-above-stick-meta":"","header-main-stick-meta":"","header-below-stick-meta":"","astra-migrate-meta-layouts":"default","ast-page-background-enabled":"default","ast-page-background-meta":{"desktop":{"background-color":"","background-image":"","background-repeat":"repeat","background-position":"center center","background-size":"auto","background-attachment":"scroll","background-type":"","background-media":"","overlay-type":"","overlay-color":"","overlay-opacity":"","overlay-gradient":""},"tablet":{"background-color":"","background-image":"","background-repeat":"repeat","background-position":"center center","background-size":"auto","background-attachment":"scroll","background-type":"","background-media":"","overlay-type":"","overlay-color":"","overlay-opacity":"","overlay-gradient":""},"mobile":{"background-color":"","background-image":"","background-repeat":"repeat","background-position":"center center","background-size":"auto","background-attachment":"scroll","background-type":"","background-media":"","overlay-type":"","overlay-color":"","overlay-opacity":"","overlay-gradient":""}},"ast-content-background-meta":{"desktop":{"background-color":"var(--ast-global-color-5)","background-image":"","background-repeat":"repeat","background-position":"center center","background-size":"auto","background-attachment":"scroll","background-type":"","background-media":"","overlay-type":"","overlay-color":"","overlay-opacity":"","overlay-gradient":""},"tablet":{"background-color":"var(--ast-global-color-5)","background-image":"","background-repeat":"repeat","background-position":"center center","background-size":"auto","background-attachment":"scroll","background-type":"","background-media":"","overlay-type":"","overlay-color":"","overlay-opacity":"","overlay-gradient":""},"mobile":{"background-color":"var(--ast-global-color-5)","background-image":"","background-repeat":"repeat","background-position":"center center","background-size":"auto","background-attachment":"scroll","background-type":"","background-media":"","overlay-type":"","overlay-color":"","overlay-opacity":"","overlay-gradient":""}},"_jetpack_memberships_contains_paid_content":false,"_joinchat":[],"footnotes":""},"categories":[2098,3557],"tags":[2331,13627,340,1386,749,13626,2733],"class_list":["post-52492","post","type-post","status-publish","format-standard","has-post-thumbnail","hentry","category-historias","category-tercera","tag-alumni","tag-ecos-deportivos","tag-futbol","tag-historias","tag-jugador","tag-ramon-hueso-orsi","tag-river-plate"],"yoast_head":"<!-- This site is optimized with the Yoast SEO plugin v26.8 - https:\/\/yoast.com\/product\/yoast-seo-wordpress\/ -->\n<title>[Historias] Ram\u00f3n Alberto Orsi, un \u201cse\u00f1or\u201d futbolista de otros tiempos - El Regional<\/title>\n<meta name=\"description\" content=\"Una antigua edici\u00f3n de la publicaci\u00f3n \u201cEcos Deportivos\u201d recupera nombres y momentos que formaron parte del universo deportivo villamariense.\" \/>\n<meta name=\"robots\" content=\"index, follow, max-snippet:-1, max-image-preview:large, max-video-preview:-1\" \/>\n<link rel=\"canonical\" href=\"http:\/\/elregionalvm.com.ar\/noticias-villa-maria\/historias-ramon-alberto-orsi-un-senor-futbolista-de-otros-tiempos\/\" \/>\n<meta property=\"og:locale\" content=\"es_ES\" \/>\n<meta property=\"og:type\" content=\"article\" \/>\n<meta property=\"og:title\" content=\"[Historias] Ram\u00f3n Alberto Orsi, un \u201cse\u00f1or\u201d futbolista de otros tiempos - El Regional\" \/>\n<meta property=\"og:description\" content=\"Una antigua edici\u00f3n de la publicaci\u00f3n \u201cEcos Deportivos\u201d recupera nombres y momentos que formaron parte del universo deportivo villamariense.\" \/>\n<meta property=\"og:url\" content=\"http:\/\/elregionalvm.com.ar\/noticias-villa-maria\/historias-ramon-alberto-orsi-un-senor-futbolista-de-otros-tiempos\/\" \/>\n<meta property=\"og:site_name\" content=\"El Regional\" \/>\n<meta property=\"article:publisher\" content=\"https:\/\/www.facebook.com\/elregionalvm\" \/>\n<meta property=\"article:published_time\" content=\"2022-02-09T18:07:24+00:00\" \/>\n<meta property=\"article:modified_time\" content=\"2022-02-11T11:22:56+00:00\" \/>\n<meta property=\"og:image\" content=\"http:\/\/elregionalvm.com.ar\/noticias-villa-maria\/wp-content\/uploads\/2022\/02\/Ramon-Orsi-horizontal.jpg\" \/>\n\t<meta property=\"og:image:width\" content=\"428\" \/>\n\t<meta property=\"og:image:height\" content=\"258\" \/>\n\t<meta property=\"og:image:type\" content=\"image\/jpeg\" \/>\n<meta name=\"author\" content=\"Contenidos El Regional\" \/>\n<meta name=\"twitter:card\" content=\"summary_large_image\" \/>\n<meta name=\"twitter:creator\" content=\"@elregionalvm1\" \/>\n<meta name=\"twitter:site\" content=\"@elregionalvm1\" \/>\n<meta name=\"twitter:label1\" content=\"Escrito por\" \/>\n\t<meta name=\"twitter:data1\" content=\"Contenidos El Regional\" \/>\n\t<meta name=\"twitter:label2\" content=\"Tiempo de lectura\" \/>\n\t<meta name=\"twitter:data2\" content=\"4 minutos\" \/>\n<script type=\"application\/ld+json\" class=\"yoast-schema-graph\">{\"@context\":\"https:\/\/schema.org\",\"@graph\":[{\"@type\":\"Article\",\"@id\":\"http:\/\/elregionalvm.com.ar\/noticias-villa-maria\/historias-ramon-alberto-orsi-un-senor-futbolista-de-otros-tiempos\/#article\",\"isPartOf\":{\"@id\":\"http:\/\/elregionalvm.com.ar\/noticias-villa-maria\/historias-ramon-alberto-orsi-un-senor-futbolista-de-otros-tiempos\/\"},\"author\":{\"name\":\"Contenidos El Regional\",\"@id\":\"http:\/\/elregionalvm.com.ar\/noticias-villa-maria\/#\/schema\/person\/a0fb9c422317faca23d50163151bc354\"},\"headline\":\"[Historias] Ram\u00f3n Alberto Orsi, un \u201cse\u00f1or\u201d futbolista de otros tiempos\",\"datePublished\":\"2022-02-09T18:07:24+00:00\",\"dateModified\":\"2022-02-11T11:22:56+00:00\",\"mainEntityOfPage\":{\"@id\":\"http:\/\/elregionalvm.com.ar\/noticias-villa-maria\/historias-ramon-alberto-orsi-un-senor-futbolista-de-otros-tiempos\/\"},\"wordCount\":699,\"commentCount\":0,\"image\":{\"@id\":\"http:\/\/elregionalvm.com.ar\/noticias-villa-maria\/historias-ramon-alberto-orsi-un-senor-futbolista-de-otros-tiempos\/#primaryimage\"},\"thumbnailUrl\":\"https:\/\/i0.wp.com\/elregionalvm.com.ar\/noticias-villa-maria\/wp-content\/uploads\/2022\/02\/Ramon-Orsi-horizontal.jpg?fit=428%2C258&ssl=1\",\"keywords\":[\"Alumni\",\"Ecos deportivos\",\"f\u00fatbol\",\"historias\",\"Jugador\",\"Ram\u00f3n Hueso Orsi\",\"River Plate\"],\"articleSection\":[\"Historias\",\"tercera\"],\"inLanguage\":\"es\",\"potentialAction\":[{\"@type\":\"CommentAction\",\"name\":\"Comment\",\"target\":[\"http:\/\/elregionalvm.com.ar\/noticias-villa-maria\/historias-ramon-alberto-orsi-un-senor-futbolista-de-otros-tiempos\/#respond\"]}]},{\"@type\":\"WebPage\",\"@id\":\"http:\/\/elregionalvm.com.ar\/noticias-villa-maria\/historias-ramon-alberto-orsi-un-senor-futbolista-de-otros-tiempos\/\",\"url\":\"http:\/\/elregionalvm.com.ar\/noticias-villa-maria\/historias-ramon-alberto-orsi-un-senor-futbolista-de-otros-tiempos\/\",\"name\":\"[Historias] Ram\u00f3n Alberto Orsi, un \u201cse\u00f1or\u201d futbolista de otros tiempos - El Regional\",\"isPartOf\":{\"@id\":\"http:\/\/elregionalvm.com.ar\/noticias-villa-maria\/#website\"},\"primaryImageOfPage\":{\"@id\":\"http:\/\/elregionalvm.com.ar\/noticias-villa-maria\/historias-ramon-alberto-orsi-un-senor-futbolista-de-otros-tiempos\/#primaryimage\"},\"image\":{\"@id\":\"http:\/\/elregionalvm.com.ar\/noticias-villa-maria\/historias-ramon-alberto-orsi-un-senor-futbolista-de-otros-tiempos\/#primaryimage\"},\"thumbnailUrl\":\"https:\/\/i0.wp.com\/elregionalvm.com.ar\/noticias-villa-maria\/wp-content\/uploads\/2022\/02\/Ramon-Orsi-horizontal.jpg?fit=428%2C258&ssl=1\",\"datePublished\":\"2022-02-09T18:07:24+00:00\",\"dateModified\":\"2022-02-11T11:22:56+00:00\",\"author\":{\"@id\":\"http:\/\/elregionalvm.com.ar\/noticias-villa-maria\/#\/schema\/person\/a0fb9c422317faca23d50163151bc354\"},\"description\":\"Una antigua edici\u00f3n de la publicaci\u00f3n \u201cEcos Deportivos\u201d recupera nombres y momentos que formaron parte del universo deportivo villamariense.\",\"breadcrumb\":{\"@id\":\"http:\/\/elregionalvm.com.ar\/noticias-villa-maria\/historias-ramon-alberto-orsi-un-senor-futbolista-de-otros-tiempos\/#breadcrumb\"},\"inLanguage\":\"es\",\"potentialAction\":[{\"@type\":\"ReadAction\",\"target\":[\"http:\/\/elregionalvm.com.ar\/noticias-villa-maria\/historias-ramon-alberto-orsi-un-senor-futbolista-de-otros-tiempos\/\"]}]},{\"@type\":\"ImageObject\",\"inLanguage\":\"es\",\"@id\":\"http:\/\/elregionalvm.com.ar\/noticias-villa-maria\/historias-ramon-alberto-orsi-un-senor-futbolista-de-otros-tiempos\/#primaryimage\",\"url\":\"https:\/\/i0.wp.com\/elregionalvm.com.ar\/noticias-villa-maria\/wp-content\/uploads\/2022\/02\/Ramon-Orsi-horizontal.jpg?fit=428%2C258&ssl=1\",\"contentUrl\":\"https:\/\/i0.wp.com\/elregionalvm.com.ar\/noticias-villa-maria\/wp-content\/uploads\/2022\/02\/Ramon-Orsi-horizontal.jpg?fit=428%2C258&ssl=1\",\"width\":428,\"height\":258},{\"@type\":\"BreadcrumbList\",\"@id\":\"http:\/\/elregionalvm.com.ar\/noticias-villa-maria\/historias-ramon-alberto-orsi-un-senor-futbolista-de-otros-tiempos\/#breadcrumb\",\"itemListElement\":[{\"@type\":\"ListItem\",\"position\":1,\"name\":\"Portada\",\"item\":\"https:\/\/elregionalvm.com.ar\/noticias-villa-maria\/\"},{\"@type\":\"ListItem\",\"position\":2,\"name\":\"[Historias] Ram\u00f3n Alberto Orsi, un \u201cse\u00f1or\u201d futbolista de otros tiempos\"}]},{\"@type\":\"WebSite\",\"@id\":\"http:\/\/elregionalvm.com.ar\/noticias-villa-maria\/#website\",\"url\":\"http:\/\/elregionalvm.com.ar\/noticias-villa-maria\/\",\"name\":\"El Regional\",\"description\":\"Mucho m\u00e1s que informaci\u00f3n\",\"potentialAction\":[{\"@type\":\"SearchAction\",\"target\":{\"@type\":\"EntryPoint\",\"urlTemplate\":\"http:\/\/elregionalvm.com.ar\/noticias-villa-maria\/?s={search_term_string}\"},\"query-input\":{\"@type\":\"PropertyValueSpecification\",\"valueRequired\":true,\"valueName\":\"search_term_string\"}}],\"inLanguage\":\"es\"},{\"@type\":\"Person\",\"@id\":\"http:\/\/elregionalvm.com.ar\/noticias-villa-maria\/#\/schema\/person\/a0fb9c422317faca23d50163151bc354\",\"name\":\"Contenidos El Regional\",\"image\":{\"@type\":\"ImageObject\",\"inLanguage\":\"es\",\"@id\":\"http:\/\/elregionalvm.com.ar\/noticias-villa-maria\/#\/schema\/person\/image\/\",\"url\":\"https:\/\/secure.gravatar.com\/avatar\/265b27cb2209af7bb3a1318f03305787d7981a5cc6e6cd08fe5a4ecdf99d4b48?s=96&d=mm&r=g\",\"contentUrl\":\"https:\/\/secure.gravatar.com\/avatar\/265b27cb2209af7bb3a1318f03305787d7981a5cc6e6cd08fe5a4ecdf99d4b48?s=96&d=mm&r=g\",\"caption\":\"Contenidos El Regional\"},\"url\":\"https:\/\/elregionalvm.com.ar\/noticias-villa-maria\/author\/contenido\/\"}]}<\/script>\n<!-- \/ Yoast SEO plugin. -->","yoast_head_json":{"title":"[Historias] Ram\u00f3n Alberto Orsi, un \u201cse\u00f1or\u201d futbolista de otros tiempos - El Regional","description":"Una antigua edici\u00f3n de la publicaci\u00f3n \u201cEcos Deportivos\u201d recupera nombres y momentos que formaron parte del universo deportivo villamariense.","robots":{"index":"index","follow":"follow","max-snippet":"max-snippet:-1","max-image-preview":"max-image-preview:large","max-video-preview":"max-video-preview:-1"},"canonical":"http:\/\/elregionalvm.com.ar\/noticias-villa-maria\/historias-ramon-alberto-orsi-un-senor-futbolista-de-otros-tiempos\/","og_locale":"es_ES","og_type":"article","og_title":"[Historias] Ram\u00f3n Alberto Orsi, un \u201cse\u00f1or\u201d futbolista de otros tiempos - El Regional","og_description":"Una antigua edici\u00f3n de la publicaci\u00f3n \u201cEcos Deportivos\u201d recupera nombres y momentos que formaron parte del universo deportivo villamariense.","og_url":"http:\/\/elregionalvm.com.ar\/noticias-villa-maria\/historias-ramon-alberto-orsi-un-senor-futbolista-de-otros-tiempos\/","og_site_name":"El Regional","article_publisher":"https:\/\/www.facebook.com\/elregionalvm","article_published_time":"2022-02-09T18:07:24+00:00","article_modified_time":"2022-02-11T11:22:56+00:00","og_image":[{"width":428,"height":258,"url":"http:\/\/elregionalvm.com.ar\/noticias-villa-maria\/wp-content\/uploads\/2022\/02\/Ramon-Orsi-horizontal.jpg","type":"image\/jpeg"}],"author":"Contenidos El Regional","twitter_card":"summary_large_image","twitter_creator":"@elregionalvm1","twitter_site":"@elregionalvm1","twitter_misc":{"Escrito por":"Contenidos El Regional","Tiempo de lectura":"4 minutos"},"schema":{"@context":"https:\/\/schema.org","@graph":[{"@type":"Article","@id":"http:\/\/elregionalvm.com.ar\/noticias-villa-maria\/historias-ramon-alberto-orsi-un-senor-futbolista-de-otros-tiempos\/#article","isPartOf":{"@id":"http:\/\/elregionalvm.com.ar\/noticias-villa-maria\/historias-ramon-alberto-orsi-un-senor-futbolista-de-otros-tiempos\/"},"author":{"name":"Contenidos El Regional","@id":"http:\/\/elregionalvm.com.ar\/noticias-villa-maria\/#\/schema\/person\/a0fb9c422317faca23d50163151bc354"},"headline":"[Historias] Ram\u00f3n Alberto Orsi, un \u201cse\u00f1or\u201d futbolista de otros tiempos","datePublished":"2022-02-09T18:07:24+00:00","dateModified":"2022-02-11T11:22:56+00:00","mainEntityOfPage":{"@id":"http:\/\/elregionalvm.com.ar\/noticias-villa-maria\/historias-ramon-alberto-orsi-un-senor-futbolista-de-otros-tiempos\/"},"wordCount":699,"commentCount":0,"image":{"@id":"http:\/\/elregionalvm.com.ar\/noticias-villa-maria\/historias-ramon-alberto-orsi-un-senor-futbolista-de-otros-tiempos\/#primaryimage"},"thumbnailUrl":"https:\/\/i0.wp.com\/elregionalvm.com.ar\/noticias-villa-maria\/wp-content\/uploads\/2022\/02\/Ramon-Orsi-horizontal.jpg?fit=428%2C258&ssl=1","keywords":["Alumni","Ecos deportivos","f\u00fatbol","historias","Jugador","Ram\u00f3n Hueso Orsi","River Plate"],"articleSection":["Historias","tercera"],"inLanguage":"es","potentialAction":[{"@type":"CommentAction","name":"Comment","target":["http:\/\/elregionalvm.com.ar\/noticias-villa-maria\/historias-ramon-alberto-orsi-un-senor-futbolista-de-otros-tiempos\/#respond"]}]},{"@type":"WebPage","@id":"http:\/\/elregionalvm.com.ar\/noticias-villa-maria\/historias-ramon-alberto-orsi-un-senor-futbolista-de-otros-tiempos\/","url":"http:\/\/elregionalvm.com.ar\/noticias-villa-maria\/historias-ramon-alberto-orsi-un-senor-futbolista-de-otros-tiempos\/","name":"[Historias] Ram\u00f3n Alberto Orsi, un \u201cse\u00f1or\u201d futbolista de otros tiempos - El Regional","isPartOf":{"@id":"http:\/\/elregionalvm.com.ar\/noticias-villa-maria\/#website"},"primaryImageOfPage":{"@id":"http:\/\/elregionalvm.com.ar\/noticias-villa-maria\/historias-ramon-alberto-orsi-un-senor-futbolista-de-otros-tiempos\/#primaryimage"},"image":{"@id":"http:\/\/elregionalvm.com.ar\/noticias-villa-maria\/historias-ramon-alberto-orsi-un-senor-futbolista-de-otros-tiempos\/#primaryimage"},"thumbnailUrl":"https:\/\/i0.wp.com\/elregionalvm.com.ar\/noticias-villa-maria\/wp-content\/uploads\/2022\/02\/Ramon-Orsi-horizontal.jpg?fit=428%2C258&ssl=1","datePublished":"2022-02-09T18:07:24+00:00","dateModified":"2022-02-11T11:22:56+00:00","author":{"@id":"http:\/\/elregionalvm.com.ar\/noticias-villa-maria\/#\/schema\/person\/a0fb9c422317faca23d50163151bc354"},"description":"Una antigua edici\u00f3n de la publicaci\u00f3n \u201cEcos Deportivos\u201d recupera nombres y momentos que formaron parte del universo deportivo villamariense.","breadcrumb":{"@id":"http:\/\/elregionalvm.com.ar\/noticias-villa-maria\/historias-ramon-alberto-orsi-un-senor-futbolista-de-otros-tiempos\/#breadcrumb"},"inLanguage":"es","potentialAction":[{"@type":"ReadAction","target":["http:\/\/elregionalvm.com.ar\/noticias-villa-maria\/historias-ramon-alberto-orsi-un-senor-futbolista-de-otros-tiempos\/"]}]},{"@type":"ImageObject","inLanguage":"es","@id":"http:\/\/elregionalvm.com.ar\/noticias-villa-maria\/historias-ramon-alberto-orsi-un-senor-futbolista-de-otros-tiempos\/#primaryimage","url":"https:\/\/i0.wp.com\/elregionalvm.com.ar\/noticias-villa-maria\/wp-content\/uploads\/2022\/02\/Ramon-Orsi-horizontal.jpg?fit=428%2C258&ssl=1","contentUrl":"https:\/\/i0.wp.com\/elregionalvm.com.ar\/noticias-villa-maria\/wp-content\/uploads\/2022\/02\/Ramon-Orsi-horizontal.jpg?fit=428%2C258&ssl=1","width":428,"height":258},{"@type":"BreadcrumbList","@id":"http:\/\/elregionalvm.com.ar\/noticias-villa-maria\/historias-ramon-alberto-orsi-un-senor-futbolista-de-otros-tiempos\/#breadcrumb","itemListElement":[{"@type":"ListItem","position":1,"name":"Portada","item":"https:\/\/elregionalvm.com.ar\/noticias-villa-maria\/"},{"@type":"ListItem","position":2,"name":"[Historias] Ram\u00f3n Alberto Orsi, un \u201cse\u00f1or\u201d futbolista de otros tiempos"}]},{"@type":"WebSite","@id":"http:\/\/elregionalvm.com.ar\/noticias-villa-maria\/#website","url":"http:\/\/elregionalvm.com.ar\/noticias-villa-maria\/","name":"El Regional","description":"Mucho m\u00e1s que informaci\u00f3n","potentialAction":[{"@type":"SearchAction","target":{"@type":"EntryPoint","urlTemplate":"http:\/\/elregionalvm.com.ar\/noticias-villa-maria\/?s={search_term_string}"},"query-input":{"@type":"PropertyValueSpecification","valueRequired":true,"valueName":"search_term_string"}}],"inLanguage":"es"},{"@type":"Person","@id":"http:\/\/elregionalvm.com.ar\/noticias-villa-maria\/#\/schema\/person\/a0fb9c422317faca23d50163151bc354","name":"Contenidos El Regional","image":{"@type":"ImageObject","inLanguage":"es","@id":"http:\/\/elregionalvm.com.ar\/noticias-villa-maria\/#\/schema\/person\/image\/","url":"https:\/\/secure.gravatar.com\/avatar\/265b27cb2209af7bb3a1318f03305787d7981a5cc6e6cd08fe5a4ecdf99d4b48?s=96&d=mm&r=g","contentUrl":"https:\/\/secure.gravatar.com\/avatar\/265b27cb2209af7bb3a1318f03305787d7981a5cc6e6cd08fe5a4ecdf99d4b48?s=96&d=mm&r=g","caption":"Contenidos El Regional"},"url":"https:\/\/elregionalvm.com.ar\/noticias-villa-maria\/author\/contenido\/"}]}},"jetpack_featured_media_url":"https:\/\/i0.wp.com\/elregionalvm.com.ar\/noticias-villa-maria\/wp-content\/uploads\/2022\/02\/Ramon-Orsi-horizontal.jpg?fit=428%2C258&ssl=1","jetpack_sharing_enabled":true,"_links":{"self":[{"href":"https:\/\/elregionalvm.com.ar\/noticias-villa-maria\/wp-json\/wp\/v2\/posts\/52492","targetHints":{"allow":["GET"]}}],"collection":[{"href":"https:\/\/elregionalvm.com.ar\/noticias-villa-maria\/wp-json\/wp\/v2\/posts"}],"about":[{"href":"https:\/\/elregionalvm.com.ar\/noticias-villa-maria\/wp-json\/wp\/v2\/types\/post"}],"author":[{"embeddable":true,"href":"https:\/\/elregionalvm.com.ar\/noticias-villa-maria\/wp-json\/wp\/v2\/users\/4"}],"replies":[{"embeddable":true,"href":"https:\/\/elregionalvm.com.ar\/noticias-villa-maria\/wp-json\/wp\/v2\/comments?post=52492"}],"version-history":[{"count":2,"href":"https:\/\/elregionalvm.com.ar\/noticias-villa-maria\/wp-json\/wp\/v2\/posts\/52492\/revisions"}],"predecessor-version":[{"id":52497,"href":"https:\/\/elregionalvm.com.ar\/noticias-villa-maria\/wp-json\/wp\/v2\/posts\/52492\/revisions\/52497"}],"wp:featuredmedia":[{"embeddable":true,"href":"https:\/\/elregionalvm.com.ar\/noticias-villa-maria\/wp-json\/wp\/v2\/media\/52498"}],"wp:attachment":[{"href":"https:\/\/elregionalvm.com.ar\/noticias-villa-maria\/wp-json\/wp\/v2\/media?parent=52492"}],"wp:term":[{"taxonomy":"category","embeddable":true,"href":"https:\/\/elregionalvm.com.ar\/noticias-villa-maria\/wp-json\/wp\/v2\/categories?post=52492"},{"taxonomy":"post_tag","embeddable":true,"href":"https:\/\/elregionalvm.com.ar\/noticias-villa-maria\/wp-json\/wp\/v2\/tags?post=52492"}],"curies":[{"name":"wp","href":"https:\/\/api.w.org\/{rel}","templated":true}]}}