{"id":52506,"date":"2022-02-09T22:18:04","date_gmt":"2022-02-09T22:18:04","guid":{"rendered":"https:\/\/elregionalvm.com.ar\/noticias-villa-maria\/?p=52506"},"modified":"2022-02-09T22:18:05","modified_gmt":"2022-02-09T22:18:05","slug":"siguen-con-el-proyecto-del-centro-de-gestion-ambiental-villa-maria-villa-nueva","status":"publish","type":"post","link":"https:\/\/elregionalvm.com.ar\/noticias-villa-maria\/siguen-con-el-proyecto-del-centro-de-gestion-ambiental-villa-maria-villa-nueva\/","title":{"rendered":"Siguen con el proyecto del Centro de Gesti\u00f3n Ambiental Villa Mar\u00eda-Villa Nueva"},"content":{"rendered":"\n<p>Esta ma\u00f1ana se present\u00f3 el proyecto ejecutivo sobre el que se construir\u00e1 el nuevo Centro de Gesti\u00f3n Ambiental Villa Mar\u00eda \u2013 Villa Nueva. La iniciativa, que ya fue adjudicada, posicionar\u00e1 al conglomerado como referente nacional en la gesti\u00f3n de residuos s\u00f3lidos.<\/p>\n\n\n\n<p>En este sentido, durante la reuni\u00f3n que tuvo lugar en la sede municipal, el intendente Mart\u00edn Gill analiz\u00f3 el proyecto ejecutivo a cargo de la empresa adjudicataria, Milicic Construcciones y Servicios, con el fin de evaluar sus componentes. La idea planteada permitir\u00e1 reducir el impacto ambiental mediante el tratamiento de separaci\u00f3n y reducci\u00f3n de los residuos.<\/p>\n\n\n\n<p>El convenio re\u00fane en un mismo prop\u00f3sito a la ciudad junto a la localidad vecina, en un proyecto impulsado por el Ministerio de Ambiente de la Naci\u00f3n y financiado por el Banco Interamericano de Desarrollo (BID). <strong><em>La propuesta implica convertir el actual Vertedero Municipal en un centro sustentable que contribuya al medio ambiente y a mejorar la calidad de vida de los vecinos de ambas ciudades.<\/em><\/strong><\/p>\n\n\n\n<p>En la misma l\u00ednea, tendr\u00e1 por objetivo impulsar la econom\u00eda circular de las cooperativas La Sustentable y 7 de Febrero, las cuales contar\u00e1n con una infraestructura renovada para llevar adelante las tareas en el lugar.<\/p>\n\n\n\n<p>Las innovaciones para el proyecto implican la ampliaci\u00f3n de sectores con actividades diferenciadas y una guarder\u00eda para la permanencia de los hijos e hijas de los trabajadores, mientras transcurra la jornada laboral.<\/p>\n\n\n\n<p>Estuvieron presentes en la reuni\u00f3n junto al mandatario local, el jefe de gabinete, H\u00e9ctor Mu\u00f1oz, el Secretario de Obras y Servicios P\u00fablicos, Omar Regueira, representantes de la firma adjudicataria y funcionarios municipales.<\/p>\n\n\n\n<figure class=\"wp-block-image size-large\"><img data-recalc-dims=\"1\" fetchpriority=\"high\" decoding=\"async\" width=\"1024\" height=\"682\" src=\"https:\/\/i0.wp.com\/elregionalvm.com.ar\/noticias-villa-maria\/wp-content\/uploads\/2022\/02\/WhatsApp-Image-2022-02-09-at-14.13.18-1.jpeg?resize=1024%2C682&#038;ssl=1\" alt=\"\" class=\"wp-image-52508\" srcset=\"https:\/\/i0.wp.com\/elregionalvm.com.ar\/noticias-villa-maria\/wp-content\/uploads\/2022\/02\/WhatsApp-Image-2022-02-09-at-14.13.18-1.jpeg?resize=1024%2C682&amp;ssl=1 1024w, https:\/\/i0.wp.com\/elregionalvm.com.ar\/noticias-villa-maria\/wp-content\/uploads\/2022\/02\/WhatsApp-Image-2022-02-09-at-14.13.18-1.jpeg?resize=300%2C200&amp;ssl=1 300w, https:\/\/i0.wp.com\/elregionalvm.com.ar\/noticias-villa-maria\/wp-content\/uploads\/2022\/02\/WhatsApp-Image-2022-02-09-at-14.13.18-1.jpeg?resize=768%2C512&amp;ssl=1 768w, https:\/\/i0.wp.com\/elregionalvm.com.ar\/noticias-villa-maria\/wp-content\/uploads\/2022\/02\/WhatsApp-Image-2022-02-09-at-14.13.18-1.jpeg?w=1280&amp;ssl=1 1280w\" sizes=\"(max-width: 1000px) 100vw, 1000px\" \/><\/figure>\n","protected":false},"excerpt":{"rendered":"<p>Esta ma\u00f1ana se present\u00f3 el proyecto ejecutivo sobre el que se construir\u00e1 el nuevo Centro de Gesti\u00f3n Ambiental Villa Mar\u00eda \u2013 Villa Nueva. La iniciativa, que ya fue adjudicada, posicionar\u00e1 al conglomerado como referente nacional en la gesti\u00f3n de residuos s\u00f3lidos. En este sentido, durante la reuni\u00f3n que tuvo lugar en la sede municipal, el [&hellip;]<\/p>\n","protected":false},"author":4,"featured_media":52507,"comment_status":"open","ping_status":"open","sticky":false,"template":"","format":"standard","meta":{"site-sidebar-layout":"default","site-content-layout":"default","ast-site-content-layout":"default","site-content-style":"default","site-sidebar-style":"default","ast-global-header-display":"","ast-banner-title-visibility":"","ast-main-header-display":"","ast-hfb-above-header-display":"","ast-hfb-below-header-display":"","ast-hfb-mobile-header-display":"","site-post-title":"","ast-breadcrumbs-content":"","ast-featured-img":"","footer-sml-layout":"","ast-disable-related-posts":"","theme-transparent-header-meta":"default","adv-header-id-meta":"","stick-header-meta":"","header-above-stick-meta":"","header-main-stick-meta":"","header-below-stick-meta":"","astra-migrate-meta-layouts":"default","ast-page-background-enabled":"default","ast-page-background-meta":{"desktop":{"background-color":"","background-image":"","background-repeat":"repeat","background-position":"center center","background-size":"auto","background-attachment":"scroll","background-type":"","background-media":"","overlay-type":"","overlay-color":"","overlay-opacity":"","overlay-gradient":""},"tablet":{"background-color":"","background-image":"","background-repeat":"repeat","background-position":"center center","background-size":"auto","background-attachment":"scroll","background-type":"","background-media":"","overlay-type":"","overlay-color":"","overlay-opacity":"","overlay-gradient":""},"mobile":{"background-color":"","background-image":"","background-repeat":"repeat","background-position":"center center","background-size":"auto","background-attachment":"scroll","background-type":"","background-media":"","overlay-type":"","overlay-color":"","overlay-opacity":"","overlay-gradient":""}},"ast-content-background-meta":{"desktop":{"background-color":"var(--ast-global-color-5)","background-image":"","background-repeat":"repeat","background-position":"center center","background-size":"auto","background-attachment":"scroll","background-type":"","background-media":"","overlay-type":"","overlay-color":"","overlay-opacity":"","overlay-gradient":""},"tablet":{"background-color":"var(--ast-global-color-5)","background-image":"","background-repeat":"repeat","background-position":"center center","background-size":"auto","background-attachment":"scroll","background-type":"","background-media":"","overlay-type":"","overlay-color":"","overlay-opacity":"","overlay-gradient":""},"mobile":{"background-color":"var(--ast-global-color-5)","background-image":"","background-repeat":"repeat","background-position":"center center","background-size":"auto","background-attachment":"scroll","background-type":"","background-media":"","overlay-type":"","overlay-color":"","overlay-opacity":"","overlay-gradient":""}},"_jetpack_memberships_contains_paid_content":false,"_joinchat":[],"footnotes":""},"categories":[2,1408],"tags":[1603,8788,1232,13633,13634,3223,1036,3127],"class_list":["post-52506","post","type-post","status-publish","format-standard","has-post-thumbnail","hentry","category-villa-maria","category-villa-nueva","tag-calidad-de-vida","tag-centro-de-gestion-ambiental-villa-maria-villa-nueva","tag-destacado","tag-empresa-licitada","tag-financiacion-del-bid","tag-medio-ambiente","tag-proyecto","tag-vertedero-municipal"],"yoast_head":"<!-- This site is optimized with the Yoast SEO plugin v26.8 - https:\/\/yoast.com\/product\/yoast-seo-wordpress\/ -->\n<title>Siguen con el proyecto del Centro de Gesti\u00f3n Ambiental Villa Mar\u00eda-Villa Nueva - El Regional<\/title>\n<meta name=\"robots\" content=\"index, follow, max-snippet:-1, max-image-preview:large, max-video-preview:-1\" \/>\n<link rel=\"canonical\" href=\"http:\/\/elregionalvm.com.ar\/noticias-villa-maria\/siguen-con-el-proyecto-del-centro-de-gestion-ambiental-villa-maria-villa-nueva\/\" \/>\n<meta property=\"og:locale\" content=\"es_ES\" \/>\n<meta property=\"og:type\" content=\"article\" \/>\n<meta property=\"og:title\" content=\"Siguen con el proyecto del Centro de Gesti\u00f3n Ambiental Villa Mar\u00eda-Villa Nueva - El Regional\" \/>\n<meta property=\"og:description\" content=\"Esta ma\u00f1ana se present\u00f3 el proyecto ejecutivo sobre el que se construir\u00e1 el nuevo Centro de Gesti\u00f3n Ambiental Villa Mar\u00eda \u2013 Villa Nueva. La iniciativa, que ya fue adjudicada, posicionar\u00e1 al conglomerado como referente nacional en la gesti\u00f3n de residuos s\u00f3lidos. En este sentido, durante la reuni\u00f3n que tuvo lugar en la sede municipal, el [&hellip;]\" \/>\n<meta property=\"og:url\" content=\"http:\/\/elregionalvm.com.ar\/noticias-villa-maria\/siguen-con-el-proyecto-del-centro-de-gestion-ambiental-villa-maria-villa-nueva\/\" \/>\n<meta property=\"og:site_name\" content=\"El Regional\" \/>\n<meta property=\"article:publisher\" content=\"https:\/\/www.facebook.com\/elregionalvm\" \/>\n<meta property=\"article:published_time\" content=\"2022-02-09T22:18:04+00:00\" \/>\n<meta property=\"article:modified_time\" content=\"2022-02-09T22:18:05+00:00\" \/>\n<meta property=\"og:image\" content=\"http:\/\/elregionalvm.com.ar\/noticias-villa-maria\/wp-content\/uploads\/2022\/02\/WhatsApp-Image-2022-02-09-at-14.13.18.jpeg\" \/>\n\t<meta property=\"og:image:width\" content=\"1280\" \/>\n\t<meta property=\"og:image:height\" content=\"853\" \/>\n\t<meta property=\"og:image:type\" content=\"image\/jpeg\" \/>\n<meta name=\"author\" content=\"Contenidos El Regional\" \/>\n<meta name=\"twitter:card\" content=\"summary_large_image\" \/>\n<meta name=\"twitter:creator\" content=\"@elregionalvm1\" \/>\n<meta name=\"twitter:site\" content=\"@elregionalvm1\" \/>\n<meta name=\"twitter:label1\" content=\"Escrito por\" \/>\n\t<meta name=\"twitter:data1\" content=\"Contenidos El Regional\" \/>\n\t<meta name=\"twitter:label2\" content=\"Tiempo de lectura\" \/>\n\t<meta name=\"twitter:data2\" content=\"2 minutos\" \/>\n<script type=\"application\/ld+json\" class=\"yoast-schema-graph\">{\"@context\":\"https:\/\/schema.org\",\"@graph\":[{\"@type\":\"Article\",\"@id\":\"http:\/\/elregionalvm.com.ar\/noticias-villa-maria\/siguen-con-el-proyecto-del-centro-de-gestion-ambiental-villa-maria-villa-nueva\/#article\",\"isPartOf\":{\"@id\":\"http:\/\/elregionalvm.com.ar\/noticias-villa-maria\/siguen-con-el-proyecto-del-centro-de-gestion-ambiental-villa-maria-villa-nueva\/\"},\"author\":{\"name\":\"Contenidos El Regional\",\"@id\":\"http:\/\/elregionalvm.com.ar\/noticias-villa-maria\/#\/schema\/person\/a0fb9c422317faca23d50163151bc354\"},\"headline\":\"Siguen con el proyecto del Centro de Gesti\u00f3n Ambiental Villa Mar\u00eda-Villa Nueva\",\"datePublished\":\"2022-02-09T22:18:04+00:00\",\"dateModified\":\"2022-02-09T22:18:05+00:00\",\"mainEntityOfPage\":{\"@id\":\"http:\/\/elregionalvm.com.ar\/noticias-villa-maria\/siguen-con-el-proyecto-del-centro-de-gestion-ambiental-villa-maria-villa-nueva\/\"},\"wordCount\":295,\"commentCount\":0,\"image\":{\"@id\":\"http:\/\/elregionalvm.com.ar\/noticias-villa-maria\/siguen-con-el-proyecto-del-centro-de-gestion-ambiental-villa-maria-villa-nueva\/#primaryimage\"},\"thumbnailUrl\":\"https:\/\/i0.wp.com\/elregionalvm.com.ar\/noticias-villa-maria\/wp-content\/uploads\/2022\/02\/WhatsApp-Image-2022-02-09-at-14.13.18.jpeg?fit=1280%2C853&ssl=1\",\"keywords\":[\"calidad de vida\",\"Centro de Gesti\u00f3n Ambiental Villa Mar\u00eda-Villa Nueva\",\"destacado\",\"empresa licitada\",\"financiaci\u00f3n del BID\",\"Medio ambiente\",\"Proyecto\",\"Vertedero Municipal\"],\"articleSection\":[\"Villa Mar\u00eda\",\"Villa Nueva\"],\"inLanguage\":\"es\",\"potentialAction\":[{\"@type\":\"CommentAction\",\"name\":\"Comment\",\"target\":[\"http:\/\/elregionalvm.com.ar\/noticias-villa-maria\/siguen-con-el-proyecto-del-centro-de-gestion-ambiental-villa-maria-villa-nueva\/#respond\"]}]},{\"@type\":\"WebPage\",\"@id\":\"http:\/\/elregionalvm.com.ar\/noticias-villa-maria\/siguen-con-el-proyecto-del-centro-de-gestion-ambiental-villa-maria-villa-nueva\/\",\"url\":\"http:\/\/elregionalvm.com.ar\/noticias-villa-maria\/siguen-con-el-proyecto-del-centro-de-gestion-ambiental-villa-maria-villa-nueva\/\",\"name\":\"Siguen con el proyecto del Centro de Gesti\u00f3n Ambiental Villa Mar\u00eda-Villa Nueva - El Regional\",\"isPartOf\":{\"@id\":\"http:\/\/elregionalvm.com.ar\/noticias-villa-maria\/#website\"},\"primaryImageOfPage\":{\"@id\":\"http:\/\/elregionalvm.com.ar\/noticias-villa-maria\/siguen-con-el-proyecto-del-centro-de-gestion-ambiental-villa-maria-villa-nueva\/#primaryimage\"},\"image\":{\"@id\":\"http:\/\/elregionalvm.com.ar\/noticias-villa-maria\/siguen-con-el-proyecto-del-centro-de-gestion-ambiental-villa-maria-villa-nueva\/#primaryimage\"},\"thumbnailUrl\":\"https:\/\/i0.wp.com\/elregionalvm.com.ar\/noticias-villa-maria\/wp-content\/uploads\/2022\/02\/WhatsApp-Image-2022-02-09-at-14.13.18.jpeg?fit=1280%2C853&ssl=1\",\"datePublished\":\"2022-02-09T22:18:04+00:00\",\"dateModified\":\"2022-02-09T22:18:05+00:00\",\"author\":{\"@id\":\"http:\/\/elregionalvm.com.ar\/noticias-villa-maria\/#\/schema\/person\/a0fb9c422317faca23d50163151bc354\"},\"breadcrumb\":{\"@id\":\"http:\/\/elregionalvm.com.ar\/noticias-villa-maria\/siguen-con-el-proyecto-del-centro-de-gestion-ambiental-villa-maria-villa-nueva\/#breadcrumb\"},\"inLanguage\":\"es\",\"potentialAction\":[{\"@type\":\"ReadAction\",\"target\":[\"http:\/\/elregionalvm.com.ar\/noticias-villa-maria\/siguen-con-el-proyecto-del-centro-de-gestion-ambiental-villa-maria-villa-nueva\/\"]}]},{\"@type\":\"ImageObject\",\"inLanguage\":\"es\",\"@id\":\"http:\/\/elregionalvm.com.ar\/noticias-villa-maria\/siguen-con-el-proyecto-del-centro-de-gestion-ambiental-villa-maria-villa-nueva\/#primaryimage\",\"url\":\"https:\/\/i0.wp.com\/elregionalvm.com.ar\/noticias-villa-maria\/wp-content\/uploads\/2022\/02\/WhatsApp-Image-2022-02-09-at-14.13.18.jpeg?fit=1280%2C853&ssl=1\",\"contentUrl\":\"https:\/\/i0.wp.com\/elregionalvm.com.ar\/noticias-villa-maria\/wp-content\/uploads\/2022\/02\/WhatsApp-Image-2022-02-09-at-14.13.18.jpeg?fit=1280%2C853&ssl=1\",\"width\":1280,\"height\":853},{\"@type\":\"BreadcrumbList\",\"@id\":\"http:\/\/elregionalvm.com.ar\/noticias-villa-maria\/siguen-con-el-proyecto-del-centro-de-gestion-ambiental-villa-maria-villa-nueva\/#breadcrumb\",\"itemListElement\":[{\"@type\":\"ListItem\",\"position\":1,\"name\":\"Portada\",\"item\":\"https:\/\/elregionalvm.com.ar\/noticias-villa-maria\/\"},{\"@type\":\"ListItem\",\"position\":2,\"name\":\"Siguen con el proyecto del Centro de Gesti\u00f3n Ambiental Villa Mar\u00eda-Villa Nueva\"}]},{\"@type\":\"WebSite\",\"@id\":\"http:\/\/elregionalvm.com.ar\/noticias-villa-maria\/#website\",\"url\":\"http:\/\/elregionalvm.com.ar\/noticias-villa-maria\/\",\"name\":\"El Regional\",\"description\":\"Mucho m\u00e1s que informaci\u00f3n\",\"potentialAction\":[{\"@type\":\"SearchAction\",\"target\":{\"@type\":\"EntryPoint\",\"urlTemplate\":\"http:\/\/elregionalvm.com.ar\/noticias-villa-maria\/?s={search_term_string}\"},\"query-input\":{\"@type\":\"PropertyValueSpecification\",\"valueRequired\":true,\"valueName\":\"search_term_string\"}}],\"inLanguage\":\"es\"},{\"@type\":\"Person\",\"@id\":\"http:\/\/elregionalvm.com.ar\/noticias-villa-maria\/#\/schema\/person\/a0fb9c422317faca23d50163151bc354\",\"name\":\"Contenidos El Regional\",\"image\":{\"@type\":\"ImageObject\",\"inLanguage\":\"es\",\"@id\":\"http:\/\/elregionalvm.com.ar\/noticias-villa-maria\/#\/schema\/person\/image\/\",\"url\":\"https:\/\/secure.gravatar.com\/avatar\/265b27cb2209af7bb3a1318f03305787d7981a5cc6e6cd08fe5a4ecdf99d4b48?s=96&d=mm&r=g\",\"contentUrl\":\"https:\/\/secure.gravatar.com\/avatar\/265b27cb2209af7bb3a1318f03305787d7981a5cc6e6cd08fe5a4ecdf99d4b48?s=96&d=mm&r=g\",\"caption\":\"Contenidos El Regional\"},\"url\":\"https:\/\/elregionalvm.com.ar\/noticias-villa-maria\/author\/contenido\/\"}]}<\/script>\n<!-- \/ Yoast SEO plugin. -->","yoast_head_json":{"title":"Siguen con el proyecto del Centro de Gesti\u00f3n Ambiental Villa Mar\u00eda-Villa Nueva - El Regional","robots":{"index":"index","follow":"follow","max-snippet":"max-snippet:-1","max-image-preview":"max-image-preview:large","max-video-preview":"max-video-preview:-1"},"canonical":"http:\/\/elregionalvm.com.ar\/noticias-villa-maria\/siguen-con-el-proyecto-del-centro-de-gestion-ambiental-villa-maria-villa-nueva\/","og_locale":"es_ES","og_type":"article","og_title":"Siguen con el proyecto del Centro de Gesti\u00f3n Ambiental Villa Mar\u00eda-Villa Nueva - El Regional","og_description":"Esta ma\u00f1ana se present\u00f3 el proyecto ejecutivo sobre el que se construir\u00e1 el nuevo Centro de Gesti\u00f3n Ambiental Villa Mar\u00eda \u2013 Villa Nueva. La iniciativa, que ya fue adjudicada, posicionar\u00e1 al conglomerado como referente nacional en la gesti\u00f3n de residuos s\u00f3lidos. En este sentido, durante la reuni\u00f3n que tuvo lugar en la sede municipal, el [&hellip;]","og_url":"http:\/\/elregionalvm.com.ar\/noticias-villa-maria\/siguen-con-el-proyecto-del-centro-de-gestion-ambiental-villa-maria-villa-nueva\/","og_site_name":"El Regional","article_publisher":"https:\/\/www.facebook.com\/elregionalvm","article_published_time":"2022-02-09T22:18:04+00:00","article_modified_time":"2022-02-09T22:18:05+00:00","og_image":[{"width":1280,"height":853,"url":"http:\/\/elregionalvm.com.ar\/noticias-villa-maria\/wp-content\/uploads\/2022\/02\/WhatsApp-Image-2022-02-09-at-14.13.18.jpeg","type":"image\/jpeg"}],"author":"Contenidos El Regional","twitter_card":"summary_large_image","twitter_creator":"@elregionalvm1","twitter_site":"@elregionalvm1","twitter_misc":{"Escrito por":"Contenidos El Regional","Tiempo de lectura":"2 minutos"},"schema":{"@context":"https:\/\/schema.org","@graph":[{"@type":"Article","@id":"http:\/\/elregionalvm.com.ar\/noticias-villa-maria\/siguen-con-el-proyecto-del-centro-de-gestion-ambiental-villa-maria-villa-nueva\/#article","isPartOf":{"@id":"http:\/\/elregionalvm.com.ar\/noticias-villa-maria\/siguen-con-el-proyecto-del-centro-de-gestion-ambiental-villa-maria-villa-nueva\/"},"author":{"name":"Contenidos El Regional","@id":"http:\/\/elregionalvm.com.ar\/noticias-villa-maria\/#\/schema\/person\/a0fb9c422317faca23d50163151bc354"},"headline":"Siguen con el proyecto del Centro de Gesti\u00f3n Ambiental Villa Mar\u00eda-Villa Nueva","datePublished":"2022-02-09T22:18:04+00:00","dateModified":"2022-02-09T22:18:05+00:00","mainEntityOfPage":{"@id":"http:\/\/elregionalvm.com.ar\/noticias-villa-maria\/siguen-con-el-proyecto-del-centro-de-gestion-ambiental-villa-maria-villa-nueva\/"},"wordCount":295,"commentCount":0,"image":{"@id":"http:\/\/elregionalvm.com.ar\/noticias-villa-maria\/siguen-con-el-proyecto-del-centro-de-gestion-ambiental-villa-maria-villa-nueva\/#primaryimage"},"thumbnailUrl":"https:\/\/i0.wp.com\/elregionalvm.com.ar\/noticias-villa-maria\/wp-content\/uploads\/2022\/02\/WhatsApp-Image-2022-02-09-at-14.13.18.jpeg?fit=1280%2C853&ssl=1","keywords":["calidad de vida","Centro de Gesti\u00f3n Ambiental Villa Mar\u00eda-Villa Nueva","destacado","empresa licitada","financiaci\u00f3n del BID","Medio ambiente","Proyecto","Vertedero Municipal"],"articleSection":["Villa Mar\u00eda","Villa Nueva"],"inLanguage":"es","potentialAction":[{"@type":"CommentAction","name":"Comment","target":["http:\/\/elregionalvm.com.ar\/noticias-villa-maria\/siguen-con-el-proyecto-del-centro-de-gestion-ambiental-villa-maria-villa-nueva\/#respond"]}]},{"@type":"WebPage","@id":"http:\/\/elregionalvm.com.ar\/noticias-villa-maria\/siguen-con-el-proyecto-del-centro-de-gestion-ambiental-villa-maria-villa-nueva\/","url":"http:\/\/elregionalvm.com.ar\/noticias-villa-maria\/siguen-con-el-proyecto-del-centro-de-gestion-ambiental-villa-maria-villa-nueva\/","name":"Siguen con el proyecto del Centro de Gesti\u00f3n Ambiental Villa Mar\u00eda-Villa Nueva - El Regional","isPartOf":{"@id":"http:\/\/elregionalvm.com.ar\/noticias-villa-maria\/#website"},"primaryImageOfPage":{"@id":"http:\/\/elregionalvm.com.ar\/noticias-villa-maria\/siguen-con-el-proyecto-del-centro-de-gestion-ambiental-villa-maria-villa-nueva\/#primaryimage"},"image":{"@id":"http:\/\/elregionalvm.com.ar\/noticias-villa-maria\/siguen-con-el-proyecto-del-centro-de-gestion-ambiental-villa-maria-villa-nueva\/#primaryimage"},"thumbnailUrl":"https:\/\/i0.wp.com\/elregionalvm.com.ar\/noticias-villa-maria\/wp-content\/uploads\/2022\/02\/WhatsApp-Image-2022-02-09-at-14.13.18.jpeg?fit=1280%2C853&ssl=1","datePublished":"2022-02-09T22:18:04+00:00","dateModified":"2022-02-09T22:18:05+00:00","author":{"@id":"http:\/\/elregionalvm.com.ar\/noticias-villa-maria\/#\/schema\/person\/a0fb9c422317faca23d50163151bc354"},"breadcrumb":{"@id":"http:\/\/elregionalvm.com.ar\/noticias-villa-maria\/siguen-con-el-proyecto-del-centro-de-gestion-ambiental-villa-maria-villa-nueva\/#breadcrumb"},"inLanguage":"es","potentialAction":[{"@type":"ReadAction","target":["http:\/\/elregionalvm.com.ar\/noticias-villa-maria\/siguen-con-el-proyecto-del-centro-de-gestion-ambiental-villa-maria-villa-nueva\/"]}]},{"@type":"ImageObject","inLanguage":"es","@id":"http:\/\/elregionalvm.com.ar\/noticias-villa-maria\/siguen-con-el-proyecto-del-centro-de-gestion-ambiental-villa-maria-villa-nueva\/#primaryimage","url":"https:\/\/i0.wp.com\/elregionalvm.com.ar\/noticias-villa-maria\/wp-content\/uploads\/2022\/02\/WhatsApp-Image-2022-02-09-at-14.13.18.jpeg?fit=1280%2C853&ssl=1","contentUrl":"https:\/\/i0.wp.com\/elregionalvm.com.ar\/noticias-villa-maria\/wp-content\/uploads\/2022\/02\/WhatsApp-Image-2022-02-09-at-14.13.18.jpeg?fit=1280%2C853&ssl=1","width":1280,"height":853},{"@type":"BreadcrumbList","@id":"http:\/\/elregionalvm.com.ar\/noticias-villa-maria\/siguen-con-el-proyecto-del-centro-de-gestion-ambiental-villa-maria-villa-nueva\/#breadcrumb","itemListElement":[{"@type":"ListItem","position":1,"name":"Portada","item":"https:\/\/elregionalvm.com.ar\/noticias-villa-maria\/"},{"@type":"ListItem","position":2,"name":"Siguen con el proyecto del Centro de Gesti\u00f3n Ambiental Villa Mar\u00eda-Villa Nueva"}]},{"@type":"WebSite","@id":"http:\/\/elregionalvm.com.ar\/noticias-villa-maria\/#website","url":"http:\/\/elregionalvm.com.ar\/noticias-villa-maria\/","name":"El Regional","description":"Mucho m\u00e1s que informaci\u00f3n","potentialAction":[{"@type":"SearchAction","target":{"@type":"EntryPoint","urlTemplate":"http:\/\/elregionalvm.com.ar\/noticias-villa-maria\/?s={search_term_string}"},"query-input":{"@type":"PropertyValueSpecification","valueRequired":true,"valueName":"search_term_string"}}],"inLanguage":"es"},{"@type":"Person","@id":"http:\/\/elregionalvm.com.ar\/noticias-villa-maria\/#\/schema\/person\/a0fb9c422317faca23d50163151bc354","name":"Contenidos El Regional","image":{"@type":"ImageObject","inLanguage":"es","@id":"http:\/\/elregionalvm.com.ar\/noticias-villa-maria\/#\/schema\/person\/image\/","url":"https:\/\/secure.gravatar.com\/avatar\/265b27cb2209af7bb3a1318f03305787d7981a5cc6e6cd08fe5a4ecdf99d4b48?s=96&d=mm&r=g","contentUrl":"https:\/\/secure.gravatar.com\/avatar\/265b27cb2209af7bb3a1318f03305787d7981a5cc6e6cd08fe5a4ecdf99d4b48?s=96&d=mm&r=g","caption":"Contenidos El Regional"},"url":"https:\/\/elregionalvm.com.ar\/noticias-villa-maria\/author\/contenido\/"}]}},"jetpack_featured_media_url":"https:\/\/i0.wp.com\/elregionalvm.com.ar\/noticias-villa-maria\/wp-content\/uploads\/2022\/02\/WhatsApp-Image-2022-02-09-at-14.13.18.jpeg?fit=1280%2C853&ssl=1","jetpack_sharing_enabled":true,"_links":{"self":[{"href":"https:\/\/elregionalvm.com.ar\/noticias-villa-maria\/wp-json\/wp\/v2\/posts\/52506","targetHints":{"allow":["GET"]}}],"collection":[{"href":"https:\/\/elregionalvm.com.ar\/noticias-villa-maria\/wp-json\/wp\/v2\/posts"}],"about":[{"href":"https:\/\/elregionalvm.com.ar\/noticias-villa-maria\/wp-json\/wp\/v2\/types\/post"}],"author":[{"embeddable":true,"href":"https:\/\/elregionalvm.com.ar\/noticias-villa-maria\/wp-json\/wp\/v2\/users\/4"}],"replies":[{"embeddable":true,"href":"https:\/\/elregionalvm.com.ar\/noticias-villa-maria\/wp-json\/wp\/v2\/comments?post=52506"}],"version-history":[{"count":1,"href":"https:\/\/elregionalvm.com.ar\/noticias-villa-maria\/wp-json\/wp\/v2\/posts\/52506\/revisions"}],"predecessor-version":[{"id":52509,"href":"https:\/\/elregionalvm.com.ar\/noticias-villa-maria\/wp-json\/wp\/v2\/posts\/52506\/revisions\/52509"}],"wp:featuredmedia":[{"embeddable":true,"href":"https:\/\/elregionalvm.com.ar\/noticias-villa-maria\/wp-json\/wp\/v2\/media\/52507"}],"wp:attachment":[{"href":"https:\/\/elregionalvm.com.ar\/noticias-villa-maria\/wp-json\/wp\/v2\/media?parent=52506"}],"wp:term":[{"taxonomy":"category","embeddable":true,"href":"https:\/\/elregionalvm.com.ar\/noticias-villa-maria\/wp-json\/wp\/v2\/categories?post=52506"},{"taxonomy":"post_tag","embeddable":true,"href":"https:\/\/elregionalvm.com.ar\/noticias-villa-maria\/wp-json\/wp\/v2\/tags?post=52506"}],"curies":[{"name":"wp","href":"https:\/\/api.w.org\/{rel}","templated":true}]}}