{"id":52593,"date":"2022-02-12T00:19:05","date_gmt":"2022-02-12T00:19:05","guid":{"rendered":"https:\/\/elregionalvm.com.ar\/noticias-villa-maria\/?p=52593"},"modified":"2022-02-12T00:19:07","modified_gmt":"2022-02-12T00:19:07","slug":"homicidio-en-embalse-un-joven-de-20-anos-mato-a-otro-hombre-de-32-anos","status":"publish","type":"post","link":"https:\/\/elregionalvm.com.ar\/noticias-villa-maria\/homicidio-en-embalse-un-joven-de-20-anos-mato-a-otro-hombre-de-32-anos\/","title":{"rendered":"Homicidio en Embalse: un joven de 20 a\u00f1os mat\u00f3 a otro hombre de 32 a\u00f1os"},"content":{"rendered":"\n<p>La Fiscal\u00eda de Instrucci\u00f3n de Segunda Nominaci\u00f3n y Primer Turno, a cargo de Paula Bruera, orden\u00f3 la detenci\u00f3n de un sujeto de 20 a\u00f1os y lo imput\u00f3 como supuesto autor del delito de Homicidio calificado por alevos\u00eda. <\/p>\n\n\n\n<p>El hecho ocurri\u00f3 en Embalse de Calamuchita y la v\u00edctima es un hombre de 32 a\u00f1os que ser\u00eda familiar del detenido. Ambos compart\u00edan el domicilio. La muerte se abr\u00eda producido por una herida realizada con un elemento punzocortante. <\/p>\n\n\n\n<p>En el lugar de los hechos se constituy\u00f3 la fiscal Bruera, y trabaj\u00f3 Polic\u00eda Judicial, personal de investigaciones de la Polic\u00eda provincial y de la Divisi\u00f3n de Homicidios de la Polic\u00eda de C\u00f3rdoba. El imputado permanecer\u00e1 detenido y en los pr\u00f3ximos d\u00edas ser\u00e1 indagado.<\/p>\n","protected":false},"excerpt":{"rendered":"<p>La Fiscal\u00eda de Instrucci\u00f3n de Segunda Nominaci\u00f3n y Primer Turno, a cargo de Paula Bruera, orden\u00f3 la detenci\u00f3n de un sujeto de 20 a\u00f1os y lo imput\u00f3 como supuesto autor del delito de Homicidio calificado por alevos\u00eda. El hecho ocurri\u00f3 en Embalse de Calamuchita y la v\u00edctima es un hombre de 32 a\u00f1os que ser\u00eda [&hellip;]<\/p>\n","protected":false},"author":4,"featured_media":52594,"comment_status":"open","ping_status":"open","sticky":false,"template":"","format":"standard","meta":{"site-sidebar-layout":"default","site-content-layout":"default","ast-site-content-layout":"default","site-content-style":"default","site-sidebar-style":"default","ast-global-header-display":"","ast-banner-title-visibility":"","ast-main-header-display":"","ast-hfb-above-header-display":"","ast-hfb-below-header-display":"","ast-hfb-mobile-header-display":"","site-post-title":"","ast-breadcrumbs-content":"","ast-featured-img":"","footer-sml-layout":"","ast-disable-related-posts":"","theme-transparent-header-meta":"default","adv-header-id-meta":"","stick-header-meta":"","header-above-stick-meta":"","header-main-stick-meta":"","header-below-stick-meta":"","astra-migrate-meta-layouts":"default","ast-page-background-enabled":"default","ast-page-background-meta":{"desktop":{"background-color":"","background-image":"","background-repeat":"repeat","background-position":"center center","background-size":"auto","background-attachment":"scroll","background-type":"","background-media":"","overlay-type":"","overlay-color":"","overlay-opacity":"","overlay-gradient":""},"tablet":{"background-color":"","background-image":"","background-repeat":"repeat","background-position":"center center","background-size":"auto","background-attachment":"scroll","background-type":"","background-media":"","overlay-type":"","overlay-color":"","overlay-opacity":"","overlay-gradient":""},"mobile":{"background-color":"","background-image":"","background-repeat":"repeat","background-position":"center center","background-size":"auto","background-attachment":"scroll","background-type":"","background-media":"","overlay-type":"","overlay-color":"","overlay-opacity":"","overlay-gradient":""}},"ast-content-background-meta":{"desktop":{"background-color":"var(--ast-global-color-5)","background-image":"","background-repeat":"repeat","background-position":"center center","background-size":"auto","background-attachment":"scroll","background-type":"","background-media":"","overlay-type":"","overlay-color":"","overlay-opacity":"","overlay-gradient":""},"tablet":{"background-color":"var(--ast-global-color-5)","background-image":"","background-repeat":"repeat","background-position":"center center","background-size":"auto","background-attachment":"scroll","background-type":"","background-media":"","overlay-type":"","overlay-color":"","overlay-opacity":"","overlay-gradient":""},"mobile":{"background-color":"var(--ast-global-color-5)","background-image":"","background-repeat":"repeat","background-position":"center center","background-size":"auto","background-attachment":"scroll","background-type":"","background-media":"","overlay-type":"","overlay-color":"","overlay-opacity":"","overlay-gradient":""}},"_jetpack_memberships_contains_paid_content":false,"_joinchat":[],"footnotes":""},"categories":[2234,2091],"tags":[10498,13691,2305,7328,98,7190,741,913],"class_list":["post-52593","post","type-post","status-publish","format-standard","has-post-thumbnail","hentry","category-policiales","category-region","tag-32-anos","tag-asesinado","tag-detenido","tag-embalse","tag-homicidio","tag-joven-de-20","tag-policiales","tag-regionales"],"yoast_head":"<!-- This site is optimized with the Yoast SEO plugin v26.8 - https:\/\/yoast.com\/product\/yoast-seo-wordpress\/ -->\n<title>Homicidio en Embalse: un joven de 20 a\u00f1os mat\u00f3 a otro hombre de 32 a\u00f1os - El Regional<\/title>\n<meta name=\"robots\" content=\"index, follow, max-snippet:-1, max-image-preview:large, max-video-preview:-1\" \/>\n<link rel=\"canonical\" href=\"http:\/\/elregionalvm.com.ar\/noticias-villa-maria\/homicidio-en-embalse-un-joven-de-20-anos-mato-a-otro-hombre-de-32-anos\/\" \/>\n<meta property=\"og:locale\" content=\"es_ES\" \/>\n<meta property=\"og:type\" content=\"article\" \/>\n<meta property=\"og:title\" content=\"Homicidio en Embalse: un joven de 20 a\u00f1os mat\u00f3 a otro hombre de 32 a\u00f1os - El Regional\" \/>\n<meta property=\"og:description\" content=\"La Fiscal\u00eda de Instrucci\u00f3n de Segunda Nominaci\u00f3n y Primer Turno, a cargo de Paula Bruera, orden\u00f3 la detenci\u00f3n de un sujeto de 20 a\u00f1os y lo imput\u00f3 como supuesto autor del delito de Homicidio calificado por alevos\u00eda. El hecho ocurri\u00f3 en Embalse de Calamuchita y la v\u00edctima es un hombre de 32 a\u00f1os que ser\u00eda [&hellip;]\" \/>\n<meta property=\"og:url\" content=\"http:\/\/elregionalvm.com.ar\/noticias-villa-maria\/homicidio-en-embalse-un-joven-de-20-anos-mato-a-otro-hombre-de-32-anos\/\" \/>\n<meta property=\"og:site_name\" content=\"El Regional\" \/>\n<meta property=\"article:publisher\" content=\"https:\/\/www.facebook.com\/elregionalvm\" \/>\n<meta property=\"article:published_time\" content=\"2022-02-12T00:19:05+00:00\" \/>\n<meta property=\"article:modified_time\" content=\"2022-02-12T00:19:07+00:00\" \/>\n<meta property=\"og:image\" content=\"http:\/\/elregionalvm.com.ar\/noticias-villa-maria\/wp-content\/uploads\/2022\/02\/embalse-homicidio.jpg\" \/>\n\t<meta property=\"og:image:width\" content=\"900\" \/>\n\t<meta property=\"og:image:height\" content=\"560\" \/>\n\t<meta property=\"og:image:type\" content=\"image\/jpeg\" \/>\n<meta name=\"author\" content=\"Contenidos El Regional\" \/>\n<meta name=\"twitter:card\" content=\"summary_large_image\" \/>\n<meta name=\"twitter:creator\" content=\"@elregionalvm1\" \/>\n<meta name=\"twitter:site\" content=\"@elregionalvm1\" \/>\n<meta name=\"twitter:label1\" content=\"Escrito por\" \/>\n\t<meta name=\"twitter:data1\" content=\"Contenidos El Regional\" \/>\n\t<meta name=\"twitter:label2\" content=\"Tiempo de lectura\" \/>\n\t<meta name=\"twitter:data2\" content=\"1 minuto\" \/>\n<script type=\"application\/ld+json\" class=\"yoast-schema-graph\">{\"@context\":\"https:\/\/schema.org\",\"@graph\":[{\"@type\":\"Article\",\"@id\":\"http:\/\/elregionalvm.com.ar\/noticias-villa-maria\/homicidio-en-embalse-un-joven-de-20-anos-mato-a-otro-hombre-de-32-anos\/#article\",\"isPartOf\":{\"@id\":\"http:\/\/elregionalvm.com.ar\/noticias-villa-maria\/homicidio-en-embalse-un-joven-de-20-anos-mato-a-otro-hombre-de-32-anos\/\"},\"author\":{\"name\":\"Contenidos El Regional\",\"@id\":\"http:\/\/elregionalvm.com.ar\/noticias-villa-maria\/#\/schema\/person\/a0fb9c422317faca23d50163151bc354\"},\"headline\":\"Homicidio en Embalse: un joven de 20 a\u00f1os mat\u00f3 a otro hombre de 32 a\u00f1os\",\"datePublished\":\"2022-02-12T00:19:05+00:00\",\"dateModified\":\"2022-02-12T00:19:07+00:00\",\"mainEntityOfPage\":{\"@id\":\"http:\/\/elregionalvm.com.ar\/noticias-villa-maria\/homicidio-en-embalse-un-joven-de-20-anos-mato-a-otro-hombre-de-32-anos\/\"},\"wordCount\":150,\"commentCount\":0,\"image\":{\"@id\":\"http:\/\/elregionalvm.com.ar\/noticias-villa-maria\/homicidio-en-embalse-un-joven-de-20-anos-mato-a-otro-hombre-de-32-anos\/#primaryimage\"},\"thumbnailUrl\":\"https:\/\/i0.wp.com\/elregionalvm.com.ar\/noticias-villa-maria\/wp-content\/uploads\/2022\/02\/embalse-homicidio.jpg?fit=900%2C560&ssl=1\",\"keywords\":[\"32 a\u00f1os\",\"asesinado\",\"detenido\",\"Embalse\",\"homicidio\",\"joven de 20\",\"Policiales\",\"regionales\"],\"articleSection\":[\"Policiales\",\"Regi\u00f3n\"],\"inLanguage\":\"es\",\"potentialAction\":[{\"@type\":\"CommentAction\",\"name\":\"Comment\",\"target\":[\"http:\/\/elregionalvm.com.ar\/noticias-villa-maria\/homicidio-en-embalse-un-joven-de-20-anos-mato-a-otro-hombre-de-32-anos\/#respond\"]}]},{\"@type\":\"WebPage\",\"@id\":\"http:\/\/elregionalvm.com.ar\/noticias-villa-maria\/homicidio-en-embalse-un-joven-de-20-anos-mato-a-otro-hombre-de-32-anos\/\",\"url\":\"http:\/\/elregionalvm.com.ar\/noticias-villa-maria\/homicidio-en-embalse-un-joven-de-20-anos-mato-a-otro-hombre-de-32-anos\/\",\"name\":\"Homicidio en Embalse: un joven de 20 a\u00f1os mat\u00f3 a otro hombre de 32 a\u00f1os - El Regional\",\"isPartOf\":{\"@id\":\"http:\/\/elregionalvm.com.ar\/noticias-villa-maria\/#website\"},\"primaryImageOfPage\":{\"@id\":\"http:\/\/elregionalvm.com.ar\/noticias-villa-maria\/homicidio-en-embalse-un-joven-de-20-anos-mato-a-otro-hombre-de-32-anos\/#primaryimage\"},\"image\":{\"@id\":\"http:\/\/elregionalvm.com.ar\/noticias-villa-maria\/homicidio-en-embalse-un-joven-de-20-anos-mato-a-otro-hombre-de-32-anos\/#primaryimage\"},\"thumbnailUrl\":\"https:\/\/i0.wp.com\/elregionalvm.com.ar\/noticias-villa-maria\/wp-content\/uploads\/2022\/02\/embalse-homicidio.jpg?fit=900%2C560&ssl=1\",\"datePublished\":\"2022-02-12T00:19:05+00:00\",\"dateModified\":\"2022-02-12T00:19:07+00:00\",\"author\":{\"@id\":\"http:\/\/elregionalvm.com.ar\/noticias-villa-maria\/#\/schema\/person\/a0fb9c422317faca23d50163151bc354\"},\"breadcrumb\":{\"@id\":\"http:\/\/elregionalvm.com.ar\/noticias-villa-maria\/homicidio-en-embalse-un-joven-de-20-anos-mato-a-otro-hombre-de-32-anos\/#breadcrumb\"},\"inLanguage\":\"es\",\"potentialAction\":[{\"@type\":\"ReadAction\",\"target\":[\"http:\/\/elregionalvm.com.ar\/noticias-villa-maria\/homicidio-en-embalse-un-joven-de-20-anos-mato-a-otro-hombre-de-32-anos\/\"]}]},{\"@type\":\"ImageObject\",\"inLanguage\":\"es\",\"@id\":\"http:\/\/elregionalvm.com.ar\/noticias-villa-maria\/homicidio-en-embalse-un-joven-de-20-anos-mato-a-otro-hombre-de-32-anos\/#primaryimage\",\"url\":\"https:\/\/i0.wp.com\/elregionalvm.com.ar\/noticias-villa-maria\/wp-content\/uploads\/2022\/02\/embalse-homicidio.jpg?fit=900%2C560&ssl=1\",\"contentUrl\":\"https:\/\/i0.wp.com\/elregionalvm.com.ar\/noticias-villa-maria\/wp-content\/uploads\/2022\/02\/embalse-homicidio.jpg?fit=900%2C560&ssl=1\",\"width\":900,\"height\":560},{\"@type\":\"BreadcrumbList\",\"@id\":\"http:\/\/elregionalvm.com.ar\/noticias-villa-maria\/homicidio-en-embalse-un-joven-de-20-anos-mato-a-otro-hombre-de-32-anos\/#breadcrumb\",\"itemListElement\":[{\"@type\":\"ListItem\",\"position\":1,\"name\":\"Portada\",\"item\":\"https:\/\/elregionalvm.com.ar\/noticias-villa-maria\/\"},{\"@type\":\"ListItem\",\"position\":2,\"name\":\"Homicidio en Embalse: un joven de 20 a\u00f1os mat\u00f3 a otro hombre de 32 a\u00f1os\"}]},{\"@type\":\"WebSite\",\"@id\":\"http:\/\/elregionalvm.com.ar\/noticias-villa-maria\/#website\",\"url\":\"http:\/\/elregionalvm.com.ar\/noticias-villa-maria\/\",\"name\":\"El Regional\",\"description\":\"Mucho m\u00e1s que informaci\u00f3n\",\"potentialAction\":[{\"@type\":\"SearchAction\",\"target\":{\"@type\":\"EntryPoint\",\"urlTemplate\":\"http:\/\/elregionalvm.com.ar\/noticias-villa-maria\/?s={search_term_string}\"},\"query-input\":{\"@type\":\"PropertyValueSpecification\",\"valueRequired\":true,\"valueName\":\"search_term_string\"}}],\"inLanguage\":\"es\"},{\"@type\":\"Person\",\"@id\":\"http:\/\/elregionalvm.com.ar\/noticias-villa-maria\/#\/schema\/person\/a0fb9c422317faca23d50163151bc354\",\"name\":\"Contenidos El Regional\",\"image\":{\"@type\":\"ImageObject\",\"inLanguage\":\"es\",\"@id\":\"http:\/\/elregionalvm.com.ar\/noticias-villa-maria\/#\/schema\/person\/image\/\",\"url\":\"https:\/\/secure.gravatar.com\/avatar\/265b27cb2209af7bb3a1318f03305787d7981a5cc6e6cd08fe5a4ecdf99d4b48?s=96&d=mm&r=g\",\"contentUrl\":\"https:\/\/secure.gravatar.com\/avatar\/265b27cb2209af7bb3a1318f03305787d7981a5cc6e6cd08fe5a4ecdf99d4b48?s=96&d=mm&r=g\",\"caption\":\"Contenidos El Regional\"},\"url\":\"https:\/\/elregionalvm.com.ar\/noticias-villa-maria\/author\/contenido\/\"}]}<\/script>\n<!-- \/ Yoast SEO plugin. -->","yoast_head_json":{"title":"Homicidio en Embalse: un joven de 20 a\u00f1os mat\u00f3 a otro hombre de 32 a\u00f1os - El Regional","robots":{"index":"index","follow":"follow","max-snippet":"max-snippet:-1","max-image-preview":"max-image-preview:large","max-video-preview":"max-video-preview:-1"},"canonical":"http:\/\/elregionalvm.com.ar\/noticias-villa-maria\/homicidio-en-embalse-un-joven-de-20-anos-mato-a-otro-hombre-de-32-anos\/","og_locale":"es_ES","og_type":"article","og_title":"Homicidio en Embalse: un joven de 20 a\u00f1os mat\u00f3 a otro hombre de 32 a\u00f1os - El Regional","og_description":"La Fiscal\u00eda de Instrucci\u00f3n de Segunda Nominaci\u00f3n y Primer Turno, a cargo de Paula Bruera, orden\u00f3 la detenci\u00f3n de un sujeto de 20 a\u00f1os y lo imput\u00f3 como supuesto autor del delito de Homicidio calificado por alevos\u00eda. El hecho ocurri\u00f3 en Embalse de Calamuchita y la v\u00edctima es un hombre de 32 a\u00f1os que ser\u00eda [&hellip;]","og_url":"http:\/\/elregionalvm.com.ar\/noticias-villa-maria\/homicidio-en-embalse-un-joven-de-20-anos-mato-a-otro-hombre-de-32-anos\/","og_site_name":"El Regional","article_publisher":"https:\/\/www.facebook.com\/elregionalvm","article_published_time":"2022-02-12T00:19:05+00:00","article_modified_time":"2022-02-12T00:19:07+00:00","og_image":[{"width":900,"height":560,"url":"http:\/\/elregionalvm.com.ar\/noticias-villa-maria\/wp-content\/uploads\/2022\/02\/embalse-homicidio.jpg","type":"image\/jpeg"}],"author":"Contenidos El Regional","twitter_card":"summary_large_image","twitter_creator":"@elregionalvm1","twitter_site":"@elregionalvm1","twitter_misc":{"Escrito por":"Contenidos El Regional","Tiempo de lectura":"1 minuto"},"schema":{"@context":"https:\/\/schema.org","@graph":[{"@type":"Article","@id":"http:\/\/elregionalvm.com.ar\/noticias-villa-maria\/homicidio-en-embalse-un-joven-de-20-anos-mato-a-otro-hombre-de-32-anos\/#article","isPartOf":{"@id":"http:\/\/elregionalvm.com.ar\/noticias-villa-maria\/homicidio-en-embalse-un-joven-de-20-anos-mato-a-otro-hombre-de-32-anos\/"},"author":{"name":"Contenidos El Regional","@id":"http:\/\/elregionalvm.com.ar\/noticias-villa-maria\/#\/schema\/person\/a0fb9c422317faca23d50163151bc354"},"headline":"Homicidio en Embalse: un joven de 20 a\u00f1os mat\u00f3 a otro hombre de 32 a\u00f1os","datePublished":"2022-02-12T00:19:05+00:00","dateModified":"2022-02-12T00:19:07+00:00","mainEntityOfPage":{"@id":"http:\/\/elregionalvm.com.ar\/noticias-villa-maria\/homicidio-en-embalse-un-joven-de-20-anos-mato-a-otro-hombre-de-32-anos\/"},"wordCount":150,"commentCount":0,"image":{"@id":"http:\/\/elregionalvm.com.ar\/noticias-villa-maria\/homicidio-en-embalse-un-joven-de-20-anos-mato-a-otro-hombre-de-32-anos\/#primaryimage"},"thumbnailUrl":"https:\/\/i0.wp.com\/elregionalvm.com.ar\/noticias-villa-maria\/wp-content\/uploads\/2022\/02\/embalse-homicidio.jpg?fit=900%2C560&ssl=1","keywords":["32 a\u00f1os","asesinado","detenido","Embalse","homicidio","joven de 20","Policiales","regionales"],"articleSection":["Policiales","Regi\u00f3n"],"inLanguage":"es","potentialAction":[{"@type":"CommentAction","name":"Comment","target":["http:\/\/elregionalvm.com.ar\/noticias-villa-maria\/homicidio-en-embalse-un-joven-de-20-anos-mato-a-otro-hombre-de-32-anos\/#respond"]}]},{"@type":"WebPage","@id":"http:\/\/elregionalvm.com.ar\/noticias-villa-maria\/homicidio-en-embalse-un-joven-de-20-anos-mato-a-otro-hombre-de-32-anos\/","url":"http:\/\/elregionalvm.com.ar\/noticias-villa-maria\/homicidio-en-embalse-un-joven-de-20-anos-mato-a-otro-hombre-de-32-anos\/","name":"Homicidio en Embalse: un joven de 20 a\u00f1os mat\u00f3 a otro hombre de 32 a\u00f1os - El Regional","isPartOf":{"@id":"http:\/\/elregionalvm.com.ar\/noticias-villa-maria\/#website"},"primaryImageOfPage":{"@id":"http:\/\/elregionalvm.com.ar\/noticias-villa-maria\/homicidio-en-embalse-un-joven-de-20-anos-mato-a-otro-hombre-de-32-anos\/#primaryimage"},"image":{"@id":"http:\/\/elregionalvm.com.ar\/noticias-villa-maria\/homicidio-en-embalse-un-joven-de-20-anos-mato-a-otro-hombre-de-32-anos\/#primaryimage"},"thumbnailUrl":"https:\/\/i0.wp.com\/elregionalvm.com.ar\/noticias-villa-maria\/wp-content\/uploads\/2022\/02\/embalse-homicidio.jpg?fit=900%2C560&ssl=1","datePublished":"2022-02-12T00:19:05+00:00","dateModified":"2022-02-12T00:19:07+00:00","author":{"@id":"http:\/\/elregionalvm.com.ar\/noticias-villa-maria\/#\/schema\/person\/a0fb9c422317faca23d50163151bc354"},"breadcrumb":{"@id":"http:\/\/elregionalvm.com.ar\/noticias-villa-maria\/homicidio-en-embalse-un-joven-de-20-anos-mato-a-otro-hombre-de-32-anos\/#breadcrumb"},"inLanguage":"es","potentialAction":[{"@type":"ReadAction","target":["http:\/\/elregionalvm.com.ar\/noticias-villa-maria\/homicidio-en-embalse-un-joven-de-20-anos-mato-a-otro-hombre-de-32-anos\/"]}]},{"@type":"ImageObject","inLanguage":"es","@id":"http:\/\/elregionalvm.com.ar\/noticias-villa-maria\/homicidio-en-embalse-un-joven-de-20-anos-mato-a-otro-hombre-de-32-anos\/#primaryimage","url":"https:\/\/i0.wp.com\/elregionalvm.com.ar\/noticias-villa-maria\/wp-content\/uploads\/2022\/02\/embalse-homicidio.jpg?fit=900%2C560&ssl=1","contentUrl":"https:\/\/i0.wp.com\/elregionalvm.com.ar\/noticias-villa-maria\/wp-content\/uploads\/2022\/02\/embalse-homicidio.jpg?fit=900%2C560&ssl=1","width":900,"height":560},{"@type":"BreadcrumbList","@id":"http:\/\/elregionalvm.com.ar\/noticias-villa-maria\/homicidio-en-embalse-un-joven-de-20-anos-mato-a-otro-hombre-de-32-anos\/#breadcrumb","itemListElement":[{"@type":"ListItem","position":1,"name":"Portada","item":"https:\/\/elregionalvm.com.ar\/noticias-villa-maria\/"},{"@type":"ListItem","position":2,"name":"Homicidio en Embalse: un joven de 20 a\u00f1os mat\u00f3 a otro hombre de 32 a\u00f1os"}]},{"@type":"WebSite","@id":"http:\/\/elregionalvm.com.ar\/noticias-villa-maria\/#website","url":"http:\/\/elregionalvm.com.ar\/noticias-villa-maria\/","name":"El Regional","description":"Mucho m\u00e1s que informaci\u00f3n","potentialAction":[{"@type":"SearchAction","target":{"@type":"EntryPoint","urlTemplate":"http:\/\/elregionalvm.com.ar\/noticias-villa-maria\/?s={search_term_string}"},"query-input":{"@type":"PropertyValueSpecification","valueRequired":true,"valueName":"search_term_string"}}],"inLanguage":"es"},{"@type":"Person","@id":"http:\/\/elregionalvm.com.ar\/noticias-villa-maria\/#\/schema\/person\/a0fb9c422317faca23d50163151bc354","name":"Contenidos El Regional","image":{"@type":"ImageObject","inLanguage":"es","@id":"http:\/\/elregionalvm.com.ar\/noticias-villa-maria\/#\/schema\/person\/image\/","url":"https:\/\/secure.gravatar.com\/avatar\/265b27cb2209af7bb3a1318f03305787d7981a5cc6e6cd08fe5a4ecdf99d4b48?s=96&d=mm&r=g","contentUrl":"https:\/\/secure.gravatar.com\/avatar\/265b27cb2209af7bb3a1318f03305787d7981a5cc6e6cd08fe5a4ecdf99d4b48?s=96&d=mm&r=g","caption":"Contenidos El Regional"},"url":"https:\/\/elregionalvm.com.ar\/noticias-villa-maria\/author\/contenido\/"}]}},"jetpack_featured_media_url":"https:\/\/i0.wp.com\/elregionalvm.com.ar\/noticias-villa-maria\/wp-content\/uploads\/2022\/02\/embalse-homicidio.jpg?fit=900%2C560&ssl=1","jetpack_sharing_enabled":true,"_links":{"self":[{"href":"https:\/\/elregionalvm.com.ar\/noticias-villa-maria\/wp-json\/wp\/v2\/posts\/52593","targetHints":{"allow":["GET"]}}],"collection":[{"href":"https:\/\/elregionalvm.com.ar\/noticias-villa-maria\/wp-json\/wp\/v2\/posts"}],"about":[{"href":"https:\/\/elregionalvm.com.ar\/noticias-villa-maria\/wp-json\/wp\/v2\/types\/post"}],"author":[{"embeddable":true,"href":"https:\/\/elregionalvm.com.ar\/noticias-villa-maria\/wp-json\/wp\/v2\/users\/4"}],"replies":[{"embeddable":true,"href":"https:\/\/elregionalvm.com.ar\/noticias-villa-maria\/wp-json\/wp\/v2\/comments?post=52593"}],"version-history":[{"count":1,"href":"https:\/\/elregionalvm.com.ar\/noticias-villa-maria\/wp-json\/wp\/v2\/posts\/52593\/revisions"}],"predecessor-version":[{"id":52595,"href":"https:\/\/elregionalvm.com.ar\/noticias-villa-maria\/wp-json\/wp\/v2\/posts\/52593\/revisions\/52595"}],"wp:featuredmedia":[{"embeddable":true,"href":"https:\/\/elregionalvm.com.ar\/noticias-villa-maria\/wp-json\/wp\/v2\/media\/52594"}],"wp:attachment":[{"href":"https:\/\/elregionalvm.com.ar\/noticias-villa-maria\/wp-json\/wp\/v2\/media?parent=52593"}],"wp:term":[{"taxonomy":"category","embeddable":true,"href":"https:\/\/elregionalvm.com.ar\/noticias-villa-maria\/wp-json\/wp\/v2\/categories?post=52593"},{"taxonomy":"post_tag","embeddable":true,"href":"https:\/\/elregionalvm.com.ar\/noticias-villa-maria\/wp-json\/wp\/v2\/tags?post=52593"}],"curies":[{"name":"wp","href":"https:\/\/api.w.org\/{rel}","templated":true}]}}