{"id":52600,"date":"2022-02-12T07:45:45","date_gmt":"2022-02-12T07:45:45","guid":{"rendered":"https:\/\/elregionalvm.com.ar\/noticias-villa-maria\/?p=52600"},"modified":"2022-02-13T06:09:47","modified_gmt":"2022-02-13T06:09:47","slug":"festival-de-penas-tras-la-noche-inaugural-quienes-son-los-artistas-de-la-segunda-noche-videos","status":"publish","type":"post","link":"https:\/\/elregionalvm.com.ar\/noticias-villa-maria\/festival-de-penas-tras-la-noche-inaugural-quienes-son-los-artistas-de-la-segunda-noche-videos\/","title":{"rendered":"[Festival de Pe\u00f1as] Tras la jornada inaugural, qui\u00e9nes son los artistas de la segunda noche (Videos)"},"content":{"rendered":"\n<p><\/p>\n\n\n\n<p>La segunda noche de la edici\u00f3n 54 del Festival Internacional de Pe\u00f1as (que de pe\u00f1as le qued\u00f3 solo el nombre y un honorable pasado) volver\u00e1 a ser una jornada para un p\u00fablico joven. O muy. Sub 30, aunque el promedio quiz\u00e1s no alcance los 20 a\u00f1os de edad.<\/p>\n\n\n\n<p>La noche de apertura tuvo una alta presencia de adolescentes y ni\u00f1os, acompa\u00f1ados por padres y abuelos muchos de ellos.<\/p>\n\n\n\n<p><\/p>\n\n\n\n<figure class=\"wp-block-embed is-type-video is-provider-youtube wp-block-embed-youtube wp-embed-aspect-16-9 wp-has-aspect-ratio\"><div class=\"wp-block-embed__wrapper\">\n<iframe title=\"Mar\u00eda Becerra canta su hit &quot;High&quot; en el Festival de Pe\u00f1as 2022 en Villa Mar\u00eda, C\u00f3rdoba.\" width=\"500\" height=\"281\" src=\"https:\/\/www.youtube.com\/embed\/8q5f-9ToofA?feature=oembed\" frameborder=\"0\" allow=\"accelerometer; autoplay; clipboard-write; encrypted-media; gyroscope; picture-in-picture; web-share\" referrerpolicy=\"strict-origin-when-cross-origin\" allowfullscreen><\/iframe>\n<\/div><\/figure>\n\n\n\n<p><\/p>\n\n\n\n<p>En el Anfi casi completo, j\u00f3venes artistas que comenzaron a destacarse primero en las redes y luego en los escenarios hicieron vibrar a un p\u00fablico dispuesto a aplaudir o gritar cada palabra.<\/p>\n\n\n\n<p>Destacadas presentaciones de la chilena Cami, la rosarina Nicki Nicole y la \u201cnena de Argentina\u201d, como la bautizaron a la compatriota m\u00e1s escuchada en la plataforma Spotify, Mar\u00eda Becerra. Tambi\u00e9n el d\u00fao MYA aport\u00f3 ritmo a la noche.<\/p>\n\n\n\n<p><\/p>\n\n\n\n<figure class=\"wp-block-gallery columns-3 is-cropped wp-block-gallery-1 is-layout-flex wp-block-gallery-is-layout-flex\"><ul class=\"blocks-gallery-grid\"><li class=\"blocks-gallery-item\"><figure><img data-recalc-dims=\"1\" fetchpriority=\"high\" decoding=\"async\" width=\"768\" height=\"1024\" src=\"https:\/\/i0.wp.com\/elregionalvm.com.ar\/noticias-villa-maria\/wp-content\/uploads\/2022\/02\/WhatsApp-Image-2022-02-12-at-3.17.27-AM.jpeg?resize=768%2C1024&#038;ssl=1\" alt=\"\" data-id=\"52604\" data-full-url=\"https:\/\/elregionalvm.com.ar\/noticias-villa-maria\/wp-content\/uploads\/2022\/02\/WhatsApp-Image-2022-02-12-at-3.17.27-AM.jpeg\" data-link=\"https:\/\/elregionalvm.com.ar\/noticias-villa-maria\/festival-de-penas-tras-la-noche-inaugural-quienes-son-los-artistas-de-la-segunda-noche-videos\/whatsapp-image-2022-02-12-at-3-17-27-am\/\" class=\"wp-image-52604\" srcset=\"https:\/\/i0.wp.com\/elregionalvm.com.ar\/noticias-villa-maria\/wp-content\/uploads\/2022\/02\/WhatsApp-Image-2022-02-12-at-3.17.27-AM.jpeg?resize=768%2C1024&amp;ssl=1 768w, https:\/\/i0.wp.com\/elregionalvm.com.ar\/noticias-villa-maria\/wp-content\/uploads\/2022\/02\/WhatsApp-Image-2022-02-12-at-3.17.27-AM.jpeg?resize=225%2C300&amp;ssl=1 225w, https:\/\/i0.wp.com\/elregionalvm.com.ar\/noticias-villa-maria\/wp-content\/uploads\/2022\/02\/WhatsApp-Image-2022-02-12-at-3.17.27-AM.jpeg?w=774&amp;ssl=1 774w\" sizes=\"(max-width: 768px) 100vw, 768px\" \/><\/figure><\/li><li class=\"blocks-gallery-item\"><figure><img data-recalc-dims=\"1\" decoding=\"async\" width=\"927\" height=\"1024\" src=\"https:\/\/i0.wp.com\/elregionalvm.com.ar\/noticias-villa-maria\/wp-content\/uploads\/2022\/02\/WhatsApp-Image-2022-02-12-at-12.58.20-AM.jpeg?resize=927%2C1024&#038;ssl=1\" alt=\"\" data-id=\"52605\" data-full-url=\"https:\/\/elregionalvm.com.ar\/noticias-villa-maria\/wp-content\/uploads\/2022\/02\/WhatsApp-Image-2022-02-12-at-12.58.20-AM.jpeg\" data-link=\"https:\/\/elregionalvm.com.ar\/noticias-villa-maria\/festival-de-penas-tras-la-noche-inaugural-quienes-son-los-artistas-de-la-segunda-noche-videos\/whatsapp-image-2022-02-12-at-12-58-20-am\/\" class=\"wp-image-52605\" srcset=\"https:\/\/i0.wp.com\/elregionalvm.com.ar\/noticias-villa-maria\/wp-content\/uploads\/2022\/02\/WhatsApp-Image-2022-02-12-at-12.58.20-AM.jpeg?resize=927%2C1024&amp;ssl=1 927w, https:\/\/i0.wp.com\/elregionalvm.com.ar\/noticias-villa-maria\/wp-content\/uploads\/2022\/02\/WhatsApp-Image-2022-02-12-at-12.58.20-AM.jpeg?resize=272%2C300&amp;ssl=1 272w, https:\/\/i0.wp.com\/elregionalvm.com.ar\/noticias-villa-maria\/wp-content\/uploads\/2022\/02\/WhatsApp-Image-2022-02-12-at-12.58.20-AM.jpeg?resize=768%2C848&amp;ssl=1 768w, https:\/\/i0.wp.com\/elregionalvm.com.ar\/noticias-villa-maria\/wp-content\/uploads\/2022\/02\/WhatsApp-Image-2022-02-12-at-12.58.20-AM.jpeg?w=1159&amp;ssl=1 1159w\" sizes=\"(max-width: 927px) 100vw, 927px\" \/><\/figure><\/li><li class=\"blocks-gallery-item\"><figure><img data-recalc-dims=\"1\" decoding=\"async\" width=\"768\" height=\"1024\" src=\"https:\/\/i0.wp.com\/elregionalvm.com.ar\/noticias-villa-maria\/wp-content\/uploads\/2022\/02\/WhatsApp-Image-2022-02-12-at-12.22.08-AM.jpeg?resize=768%2C1024&#038;ssl=1\" alt=\"\" data-id=\"52603\" data-full-url=\"https:\/\/elregionalvm.com.ar\/noticias-villa-maria\/wp-content\/uploads\/2022\/02\/WhatsApp-Image-2022-02-12-at-12.22.08-AM.jpeg\" data-link=\"https:\/\/elregionalvm.com.ar\/noticias-villa-maria\/festival-de-penas-tras-la-noche-inaugural-quienes-son-los-artistas-de-la-segunda-noche-videos\/whatsapp-image-2022-02-12-at-12-22-08-am\/\" class=\"wp-image-52603\" srcset=\"https:\/\/i0.wp.com\/elregionalvm.com.ar\/noticias-villa-maria\/wp-content\/uploads\/2022\/02\/WhatsApp-Image-2022-02-12-at-12.22.08-AM.jpeg?resize=768%2C1024&amp;ssl=1 768w, https:\/\/i0.wp.com\/elregionalvm.com.ar\/noticias-villa-maria\/wp-content\/uploads\/2022\/02\/WhatsApp-Image-2022-02-12-at-12.22.08-AM.jpeg?resize=225%2C300&amp;ssl=1 225w, https:\/\/i0.wp.com\/elregionalvm.com.ar\/noticias-villa-maria\/wp-content\/uploads\/2022\/02\/WhatsApp-Image-2022-02-12-at-12.22.08-AM.jpeg?resize=1152%2C1536&amp;ssl=1 1152w, https:\/\/i0.wp.com\/elregionalvm.com.ar\/noticias-villa-maria\/wp-content\/uploads\/2022\/02\/WhatsApp-Image-2022-02-12-at-12.22.08-AM.jpeg?w=1200&amp;ssl=1 1200w\" sizes=\"(max-width: 768px) 100vw, 768px\" \/><\/figure><\/li><\/ul><figcaption class=\"blocks-gallery-caption\"><em>Mar\u00eda Becerra, Nicki Nicole y Cami dialogaron con la prensa, m\u00e1s all\u00e1 de subirse al escenario principal. <\/em><\/figcaption><\/figure>\n\n\n\n<p><\/p>\n\n\n\n<p>La segunda jornada volver\u00e1 a cautivar corazones y o\u00eddos juveniles con la presencia de artistas reconocidos de la m\u00fasica urbana, que incluye estilos como el rap, el trap, el reguet\u00f3n y el pop.<\/p>\n\n\n\n<p>Con Duki encabezando la cartelera junto con Tini, que ya hab\u00eda pisado el escenario Hern\u00e1n Figueroa Reyes, la marquesina del s\u00e1bado se completa con Emilia Mernes, en pareja con el cantante antes mencionado y el villamariense Fran N\u00fanez.<\/p>\n\n\n\n<p>A continuaci\u00f3n, una breve biograf\u00eda art\u00edstica de los invitados principales de la segunda noche de Festival de Festivales.<\/p>\n\n\n\n<p><strong>Duki<\/strong><\/p>\n\n\n\n<p>Nacido en Capital Federal, Mauro Ezequiel Lombardo Quiroga tiene a\u00f1os y comenz\u00f3 su carrera como freestyler en la tan under como prestigiosa competencia \u00abEl Quinto Escal\u00f3n\u00bb.<\/p>\n\n\n\n<p>Con tan solo 22 a\u00f1os, trascendi\u00f3 todo tipo de barreras sociales y culturales, y se posicion\u00f3 como el m\u00e1ximo exponente del g\u00e9nero y referente del trap argentino en el mundo.<\/p>\n\n\n\n<p>Es uno de los artistas argentinos m\u00e1s escuchados en plataformas digitales. En 2018 se instaur\u00f3 como el n\u00famero uno indiscutido del trap en Argentina, siendo el primer artista del g\u00e9nero en presentarse y agotar localidades en el m\u00edtico Estadio Luna Park, adem\u00e1s de tener su primera gira en Espa\u00f1a con m\u00e1s de 15 shows y con localidades agotadas en Barcelona y Madrid.<\/p>\n\n\n\n<p><\/p>\n\n\n\n<figure class=\"wp-block-embed is-type-video is-provider-youtube wp-block-embed-youtube wp-embed-aspect-16-9 wp-has-aspect-ratio\"><div class=\"wp-block-embed__wrapper\">\n<iframe title=\"DUKI - Midtown (Video Oficial)\" width=\"500\" height=\"281\" src=\"https:\/\/www.youtube.com\/embed\/rSEd7vZo6Lk?feature=oembed\" frameborder=\"0\" allow=\"accelerometer; autoplay; clipboard-write; encrypted-media; gyroscope; picture-in-picture; web-share\" referrerpolicy=\"strict-origin-when-cross-origin\" allowfullscreen><\/iframe>\n<\/div><\/figure>\n\n\n\n<p><\/p>\n\n\n\n<p>El furor por Duki ya trascendi\u00f3 todas las fronteras y ya ofreci\u00f3 shows en Estados Unidos, Espa\u00f1a, M\u00e9xico, Chile, Uruguay, Per\u00fa y distintas partes de Argentina.<\/p>\n\n\n\n<p>Fue nominado por su canci\u00f3n \u201cGoteo\u201d y su colaboraci\u00f3n en el \u00e1lbum YHLQMDLG del puertorrique\u00f1o Bad Bunny en la canci\u00f3n \u201cHablamos ma\u00f1ana\u201d para los Premios Grammy Latinos 2020.<\/p>\n\n\n\n<p>Y fue el artista argentino m\u00e1s escuchado en el mundo en Spotify durante 2021, seg\u00fan la revista Rolling Stone.<\/p>\n\n\n\n<p><strong>Tini<\/strong><\/p>\n\n\n\n<p>Martina Stoessel\u200b es el nombre de la actriz, cantante y compositora m\u00e1s conocida como Tini Stoessel o simplemente Tini.<\/p>\n\n\n\n<p>Inici\u00f3 su carrera como actriz a los 10 a\u00f1os con un papel menor en la serie infantil Patito feo. Adquiri\u00f3 mayor reconocimiento tras protagonizar la telenovela Violetta, de Disney Channel Latinoam\u00e9rica, con el cual grab\u00f3 siete \u00e1lbumes de estudio, realiz\u00f3 dos giras internacionales por Am\u00e9rica y Europa y una pel\u00edcula.<\/p>\n\n\n\n<p>Es una de las artistas m\u00e1s escuchadas en las plataformas digitales. Ha colaborado con otros artistas y varios se han sumado a sus canciones, desde Sebasti\u00e1n Yatra y Alejandro Sanz hasta Mar\u00eda Becerra y L-Gante.<\/p>\n\n\n\n<p><\/p>\n\n\n\n<figure class=\"wp-block-embed is-type-video is-provider-youtube wp-block-embed-youtube wp-embed-aspect-16-9 wp-has-aspect-ratio\"><div class=\"wp-block-embed__wrapper\">\n<iframe title=\"TINI - Aqu\u00ed Estoy (Video Oficial)\" width=\"500\" height=\"281\" src=\"https:\/\/www.youtube.com\/embed\/AvG8QZumwOk?feature=oembed\" frameborder=\"0\" allow=\"accelerometer; autoplay; clipboard-write; encrypted-media; gyroscope; picture-in-picture; web-share\" referrerpolicy=\"strict-origin-when-cross-origin\" allowfullscreen><\/iframe>\n<\/div><\/figure>\n\n\n\n<p><\/p>\n\n\n\n<p><strong>Emilia Mernes<\/strong><\/p>\n\n\n\n<p>Mar\u00eda Emilia Mernes, conocida art\u00edsticamente como Emilia, es una cantante pop, es compositora, bailarina y modelo argentina. Nacida el 29 de octubre de 1996, Emilia fue criada en Nogoy\u00e1, Entre R\u00edos.<\/p>\n\n\n\n<p>En 2016, la artista salt\u00f3 a la fama cuando se incorpor\u00f3 como cantante de la banda uruguaya de cumbia-pop Rombai.<\/p>\n\n\n\n<p>En el 2018 deja la agrupaci\u00f3n para comenzar su carrera como solista. El 8 de marzo de 2019 lanza su primer sencillo titulado \u201cRecalienta\u201d. En agosto de 2019, lanza junto a Darell, el sencillo \u00abNo Soy Yo\u00bb, cuyo video esta lo protagonizado por Joel Pimentel de de CNCO. El 31 de diciembre lanza el video y el sencillo \u00abBillion\u00bb.<\/p>\n\n\n\n<p><\/p>\n\n\n\n<figure class=\"wp-block-embed is-type-video is-provider-youtube wp-block-embed-youtube wp-embed-aspect-16-9 wp-has-aspect-ratio\"><div class=\"wp-block-embed__wrapper\">\n<iframe title=\"Emilia - Como Si No Importara (Acoustic Live Session) | #TuMusicaHoyEsEmilia\" width=\"500\" height=\"281\" src=\"https:\/\/www.youtube.com\/embed\/3iKwaABq0VE?feature=oembed\" frameborder=\"0\" allow=\"accelerometer; autoplay; clipboard-write; encrypted-media; gyroscope; picture-in-picture; web-share\" referrerpolicy=\"strict-origin-when-cross-origin\" allowfullscreen><\/iframe>\n<\/div><\/figure>\n\n\n\n<p><\/p>\n\n\n\n<p>Tras presentar una serie de canciones y colaboraciones, el 13 de julio de 2021 lanza el single y videoclip \u00abComo si importara\u00bb junto a Duki.<\/p>\n\n\n\n<p>El 15 de diciembre lanza el single y videoclip \u00abDe enero a diciembre\u00bb en colaboraci\u00f3n con Rusherking.<\/p>\n\n\n\n<p><strong>Fran N\u00fanez<\/strong><\/p>\n\n\n\n<p>Pablo Francisco Nu\u00f1ez Romagnoli, m\u00e1s conocido por su nombre art\u00edstico Fran Nunez es un cantante y musico que ha lanzado varios temas como \u201cTe traje chocolate\u201d \u201cEsto es una fiesta\u201d y \u201cNos amamos\u201d.<\/p>\n\n\n\n<p>Tiene dos hermanos mayores llamados Bruno y Santiago, quienes incitaron (al igual que sus padres) a Fran a comenzar con la m\u00fasica a muy temprana edad. Se form\u00f3 desde muy peque\u00f1o en clases particulares de diferentes instrumentos, como guitarra, piano, bater\u00eda e instrumentos de percusi\u00f3n, voz.<\/p>\n\n\n\n<p>Comenz\u00f3 su carrera en la m\u00fasica en el 2012. Empez\u00f3 siendo baterista y corista de una banda llamada Nivel 3 cuando tan solo ten\u00eda 13 a\u00f1os. Formaron parte de varios shows, y competencias de bandas. En el 2013 Lograron ganar de manera local en la competencia Maravillosa m\u00fasica, formando parte, juntos a otros grupos musicales, ser teloneros de la banda Las pastillas del abuelo.<\/p>\n\n\n\n<p><\/p>\n\n\n\n<figure class=\"wp-block-embed is-type-video is-provider-youtube wp-block-embed-youtube wp-embed-aspect-16-9 wp-has-aspect-ratio\"><div class=\"wp-block-embed__wrapper\">\n<iframe title=\"FR4NZ - Nos amamos (Video Oficial)\" width=\"500\" height=\"281\" src=\"https:\/\/www.youtube.com\/embed\/GkCDL6usIR8?feature=oembed\" frameborder=\"0\" allow=\"accelerometer; autoplay; clipboard-write; encrypted-media; gyroscope; picture-in-picture; web-share\" referrerpolicy=\"strict-origin-when-cross-origin\" allowfullscreen><\/iframe>\n<\/div><\/figure>\n\n\n\n<p><\/p>\n\n\n\n<p>En el 2014, Fran se centr\u00f3 en iniciar su carrera como solista, comenz\u00f3 a una pr\u00e1ctica m\u00e1s enfocada en el canto.<\/p>\n\n\n\n<p>\u200bEn 2015, comenz\u00f3 la carrera de composici\u00f3n, arreglos y producci\u00f3n Superior en La colmena escuela de m\u00fasicos, enfoc\u00e1ndose, adem\u00e1s, en el estudio del piano y la producci\u00f3n musical.<\/p>\n\n\n\n<p>&nbsp;A finales de 2019, grab\u00f3 4 canciones de su autor\u00eda propia junto al productor musical Juli\u00e1n \u00abpelusa\u00bb Navarro conocido por sus grandes producciones de Julio Iglesia, pimpinela, etc.<\/p>\n\n\n\n<p>En 2020 fue convocado para el Festival nacional de Pe\u00f1as de Villa Mar\u00eda donde comparti\u00f3 la noche con Mau y Ricky y Sebasti\u00e1n Yatra. Ser\u00e1 su segunda vez en el escenario del Festival.<\/p>\n\n\n\n<p>\u200b<\/p>\n","protected":false},"excerpt":{"rendered":"<p>La segunda noche de la edici\u00f3n 54 del Festival Internacional de Pe\u00f1as (que de pe\u00f1as le qued\u00f3 solo el nombre y un honorable pasado) volver\u00e1 a ser una jornada para un p\u00fablico joven. O muy. Sub 30, aunque el promedio quiz\u00e1s no alcance los 20 a\u00f1os de edad. La noche de apertura tuvo una alta [&hellip;]<\/p>\n","protected":false},"author":4,"featured_media":52602,"comment_status":"open","ping_status":"open","sticky":false,"template":"","format":"standard","meta":{"site-sidebar-layout":"default","site-content-layout":"default","ast-site-content-layout":"default","site-content-style":"default","site-sidebar-style":"default","ast-global-header-display":"","ast-banner-title-visibility":"","ast-main-header-display":"","ast-hfb-above-header-display":"","ast-hfb-below-header-display":"","ast-hfb-mobile-header-display":"","site-post-title":"","ast-breadcrumbs-content":"","ast-featured-img":"","footer-sml-layout":"","ast-disable-related-posts":"","theme-transparent-header-meta":"default","adv-header-id-meta":"","stick-header-meta":"","header-above-stick-meta":"","header-main-stick-meta":"","header-below-stick-meta":"","astra-migrate-meta-layouts":"default","ast-page-background-enabled":"default","ast-page-background-meta":{"desktop":{"background-color":"","background-image":"","background-repeat":"repeat","background-position":"center center","background-size":"auto","background-attachment":"scroll","background-type":"","background-media":"","overlay-type":"","overlay-color":"","overlay-opacity":"","overlay-gradient":""},"tablet":{"background-color":"","background-image":"","background-repeat":"repeat","background-position":"center center","background-size":"auto","background-attachment":"scroll","background-type":"","background-media":"","overlay-type":"","overlay-color":"","overlay-opacity":"","overlay-gradient":""},"mobile":{"background-color":"","background-image":"","background-repeat":"repeat","background-position":"center center","background-size":"auto","background-attachment":"scroll","background-type":"","background-media":"","overlay-type":"","overlay-color":"","overlay-opacity":"","overlay-gradient":""}},"ast-content-background-meta":{"desktop":{"background-color":"var(--ast-global-color-5)","background-image":"","background-repeat":"repeat","background-position":"center center","background-size":"auto","background-attachment":"scroll","background-type":"","background-media":"","overlay-type":"","overlay-color":"","overlay-opacity":"","overlay-gradient":""},"tablet":{"background-color":"var(--ast-global-color-5)","background-image":"","background-repeat":"repeat","background-position":"center center","background-size":"auto","background-attachment":"scroll","background-type":"","background-media":"","overlay-type":"","overlay-color":"","overlay-opacity":"","overlay-gradient":""},"mobile":{"background-color":"var(--ast-global-color-5)","background-image":"","background-repeat":"repeat","background-position":"center center","background-size":"auto","background-attachment":"scroll","background-type":"","background-media":"","overlay-type":"","overlay-color":"","overlay-opacity":"","overlay-gradient":""}},"_jetpack_memberships_contains_paid_content":false,"_joinchat":[],"footnotes":""},"categories":[13130,2074,2],"tags":[10525,1798,1267,13222,13223,13534,1239,13693,13695,13399,13694,1241,534],"class_list":["post-52600","post","type-post","status-publish","format-standard","has-post-thumbnail","hentry","category-festival","category-videos","category-villa-maria","tag-10525","tag-anfiteatro","tag-artistas","tag-duki","tag-emilia-mernes","tag-escenario","tag-festival-de-penas","tag-fran-nunez","tag-noche-joven","tag-penas","tag-segunda-noche","tag-tini","tag-villa-maria"],"yoast_head":"<!-- This site is optimized with the Yoast SEO plugin v26.8 - https:\/\/yoast.com\/product\/yoast-seo-wordpress\/ -->\n<title>[Festival de Pe\u00f1as] Tras la jornada inaugural, qui\u00e9nes son los artistas de la segunda noche (Videos) - El Regional<\/title>\n<meta name=\"description\" content=\"La segunda jornada volver\u00e1 a cautivar corazones y o\u00eddos juveniles con la presencia de artistas reconocidos de la m\u00fasica urbana.\" \/>\n<meta name=\"robots\" content=\"index, follow, max-snippet:-1, max-image-preview:large, max-video-preview:-1\" \/>\n<link rel=\"canonical\" href=\"http:\/\/elregionalvm.com.ar\/noticias-villa-maria\/festival-de-penas-tras-la-noche-inaugural-quienes-son-los-artistas-de-la-segunda-noche-videos\/\" \/>\n<meta property=\"og:locale\" content=\"es_ES\" \/>\n<meta property=\"og:type\" content=\"article\" \/>\n<meta property=\"og:title\" content=\"[Festival de Pe\u00f1as] Tras la jornada inaugural, qui\u00e9nes son los artistas de la segunda noche (Videos) - El Regional\" \/>\n<meta property=\"og:description\" content=\"La segunda jornada volver\u00e1 a cautivar corazones y o\u00eddos juveniles con la presencia de artistas reconocidos de la m\u00fasica urbana.\" \/>\n<meta property=\"og:url\" content=\"http:\/\/elregionalvm.com.ar\/noticias-villa-maria\/festival-de-penas-tras-la-noche-inaugural-quienes-son-los-artistas-de-la-segunda-noche-videos\/\" \/>\n<meta property=\"og:site_name\" content=\"El Regional\" \/>\n<meta property=\"article:publisher\" content=\"https:\/\/www.facebook.com\/elregionalvm\" \/>\n<meta property=\"article:published_time\" content=\"2022-02-12T07:45:45+00:00\" \/>\n<meta property=\"article:modified_time\" content=\"2022-02-13T06:09:47+00:00\" \/>\n<meta property=\"og:image\" content=\"http:\/\/elregionalvm.com.ar\/noticias-villa-maria\/wp-content\/uploads\/2022\/02\/festival_sabado.jpg\" \/>\n\t<meta property=\"og:image:width\" content=\"850\" \/>\n\t<meta property=\"og:image:height\" content=\"1000\" \/>\n\t<meta property=\"og:image:type\" content=\"image\/jpeg\" \/>\n<meta name=\"author\" content=\"Contenidos El Regional\" \/>\n<meta name=\"twitter:card\" content=\"summary_large_image\" \/>\n<meta name=\"twitter:creator\" content=\"@elregionalvm1\" \/>\n<meta name=\"twitter:site\" content=\"@elregionalvm1\" \/>\n<meta name=\"twitter:label1\" content=\"Escrito por\" \/>\n\t<meta name=\"twitter:data1\" content=\"Contenidos El Regional\" \/>\n\t<meta name=\"twitter:label2\" content=\"Tiempo de lectura\" \/>\n\t<meta name=\"twitter:data2\" content=\"5 minutos\" \/>\n<script type=\"application\/ld+json\" class=\"yoast-schema-graph\">{\"@context\":\"https:\/\/schema.org\",\"@graph\":[{\"@type\":\"Article\",\"@id\":\"http:\/\/elregionalvm.com.ar\/noticias-villa-maria\/festival-de-penas-tras-la-noche-inaugural-quienes-son-los-artistas-de-la-segunda-noche-videos\/#article\",\"isPartOf\":{\"@id\":\"http:\/\/elregionalvm.com.ar\/noticias-villa-maria\/festival-de-penas-tras-la-noche-inaugural-quienes-son-los-artistas-de-la-segunda-noche-videos\/\"},\"author\":{\"name\":\"Contenidos El Regional\",\"@id\":\"http:\/\/elregionalvm.com.ar\/noticias-villa-maria\/#\/schema\/person\/a0fb9c422317faca23d50163151bc354\"},\"headline\":\"[Festival de Pe\u00f1as] Tras la jornada inaugural, qui\u00e9nes son los artistas de la segunda noche (Videos)\",\"datePublished\":\"2022-02-12T07:45:45+00:00\",\"dateModified\":\"2022-02-13T06:09:47+00:00\",\"mainEntityOfPage\":{\"@id\":\"http:\/\/elregionalvm.com.ar\/noticias-villa-maria\/festival-de-penas-tras-la-noche-inaugural-quienes-son-los-artistas-de-la-segunda-noche-videos\/\"},\"wordCount\":1055,\"commentCount\":0,\"image\":{\"@id\":\"http:\/\/elregionalvm.com.ar\/noticias-villa-maria\/festival-de-penas-tras-la-noche-inaugural-quienes-son-los-artistas-de-la-segunda-noche-videos\/#primaryimage\"},\"thumbnailUrl\":\"https:\/\/i0.wp.com\/elregionalvm.com.ar\/noticias-villa-maria\/wp-content\/uploads\/2022\/02\/festival_sabado.jpg?fit=850%2C1000&ssl=1\",\"keywords\":[\"2022\",\"Anfiteatro\",\"artistas\",\"Duki\",\"Emilia Mernes\",\"escenario\",\"Festival de pe\u00f1as\",\"Fran N\u00fanez\",\"noche joven\",\"pe\u00f1as\",\"segunda noche\",\"Tini\",\"villa maria\"],\"articleSection\":[\"Festival de Pe\u00f1as\",\"Videos\",\"Villa Mar\u00eda\"],\"inLanguage\":\"es\",\"potentialAction\":[{\"@type\":\"CommentAction\",\"name\":\"Comment\",\"target\":[\"http:\/\/elregionalvm.com.ar\/noticias-villa-maria\/festival-de-penas-tras-la-noche-inaugural-quienes-son-los-artistas-de-la-segunda-noche-videos\/#respond\"]}]},{\"@type\":\"WebPage\",\"@id\":\"http:\/\/elregionalvm.com.ar\/noticias-villa-maria\/festival-de-penas-tras-la-noche-inaugural-quienes-son-los-artistas-de-la-segunda-noche-videos\/\",\"url\":\"http:\/\/elregionalvm.com.ar\/noticias-villa-maria\/festival-de-penas-tras-la-noche-inaugural-quienes-son-los-artistas-de-la-segunda-noche-videos\/\",\"name\":\"[Festival de Pe\u00f1as] Tras la jornada inaugural, qui\u00e9nes son los artistas de la segunda noche (Videos) - El Regional\",\"isPartOf\":{\"@id\":\"http:\/\/elregionalvm.com.ar\/noticias-villa-maria\/#website\"},\"primaryImageOfPage\":{\"@id\":\"http:\/\/elregionalvm.com.ar\/noticias-villa-maria\/festival-de-penas-tras-la-noche-inaugural-quienes-son-los-artistas-de-la-segunda-noche-videos\/#primaryimage\"},\"image\":{\"@id\":\"http:\/\/elregionalvm.com.ar\/noticias-villa-maria\/festival-de-penas-tras-la-noche-inaugural-quienes-son-los-artistas-de-la-segunda-noche-videos\/#primaryimage\"},\"thumbnailUrl\":\"https:\/\/i0.wp.com\/elregionalvm.com.ar\/noticias-villa-maria\/wp-content\/uploads\/2022\/02\/festival_sabado.jpg?fit=850%2C1000&ssl=1\",\"datePublished\":\"2022-02-12T07:45:45+00:00\",\"dateModified\":\"2022-02-13T06:09:47+00:00\",\"author\":{\"@id\":\"http:\/\/elregionalvm.com.ar\/noticias-villa-maria\/#\/schema\/person\/a0fb9c422317faca23d50163151bc354\"},\"description\":\"La segunda jornada volver\u00e1 a cautivar corazones y o\u00eddos juveniles con la presencia de artistas reconocidos de la m\u00fasica urbana.\",\"breadcrumb\":{\"@id\":\"http:\/\/elregionalvm.com.ar\/noticias-villa-maria\/festival-de-penas-tras-la-noche-inaugural-quienes-son-los-artistas-de-la-segunda-noche-videos\/#breadcrumb\"},\"inLanguage\":\"es\",\"potentialAction\":[{\"@type\":\"ReadAction\",\"target\":[\"http:\/\/elregionalvm.com.ar\/noticias-villa-maria\/festival-de-penas-tras-la-noche-inaugural-quienes-son-los-artistas-de-la-segunda-noche-videos\/\"]}]},{\"@type\":\"ImageObject\",\"inLanguage\":\"es\",\"@id\":\"http:\/\/elregionalvm.com.ar\/noticias-villa-maria\/festival-de-penas-tras-la-noche-inaugural-quienes-son-los-artistas-de-la-segunda-noche-videos\/#primaryimage\",\"url\":\"https:\/\/i0.wp.com\/elregionalvm.com.ar\/noticias-villa-maria\/wp-content\/uploads\/2022\/02\/festival_sabado.jpg?fit=850%2C1000&ssl=1\",\"contentUrl\":\"https:\/\/i0.wp.com\/elregionalvm.com.ar\/noticias-villa-maria\/wp-content\/uploads\/2022\/02\/festival_sabado.jpg?fit=850%2C1000&ssl=1\",\"width\":850,\"height\":1000},{\"@type\":\"BreadcrumbList\",\"@id\":\"http:\/\/elregionalvm.com.ar\/noticias-villa-maria\/festival-de-penas-tras-la-noche-inaugural-quienes-son-los-artistas-de-la-segunda-noche-videos\/#breadcrumb\",\"itemListElement\":[{\"@type\":\"ListItem\",\"position\":1,\"name\":\"Portada\",\"item\":\"https:\/\/elregionalvm.com.ar\/noticias-villa-maria\/\"},{\"@type\":\"ListItem\",\"position\":2,\"name\":\"[Festival de Pe\u00f1as] Tras la jornada inaugural, qui\u00e9nes son los artistas de la segunda noche (Videos)\"}]},{\"@type\":\"WebSite\",\"@id\":\"http:\/\/elregionalvm.com.ar\/noticias-villa-maria\/#website\",\"url\":\"http:\/\/elregionalvm.com.ar\/noticias-villa-maria\/\",\"name\":\"El Regional\",\"description\":\"Mucho m\u00e1s que informaci\u00f3n\",\"potentialAction\":[{\"@type\":\"SearchAction\",\"target\":{\"@type\":\"EntryPoint\",\"urlTemplate\":\"http:\/\/elregionalvm.com.ar\/noticias-villa-maria\/?s={search_term_string}\"},\"query-input\":{\"@type\":\"PropertyValueSpecification\",\"valueRequired\":true,\"valueName\":\"search_term_string\"}}],\"inLanguage\":\"es\"},{\"@type\":\"Person\",\"@id\":\"http:\/\/elregionalvm.com.ar\/noticias-villa-maria\/#\/schema\/person\/a0fb9c422317faca23d50163151bc354\",\"name\":\"Contenidos El Regional\",\"image\":{\"@type\":\"ImageObject\",\"inLanguage\":\"es\",\"@id\":\"http:\/\/elregionalvm.com.ar\/noticias-villa-maria\/#\/schema\/person\/image\/\",\"url\":\"https:\/\/secure.gravatar.com\/avatar\/265b27cb2209af7bb3a1318f03305787d7981a5cc6e6cd08fe5a4ecdf99d4b48?s=96&d=mm&r=g\",\"contentUrl\":\"https:\/\/secure.gravatar.com\/avatar\/265b27cb2209af7bb3a1318f03305787d7981a5cc6e6cd08fe5a4ecdf99d4b48?s=96&d=mm&r=g\",\"caption\":\"Contenidos El Regional\"},\"url\":\"https:\/\/elregionalvm.com.ar\/noticias-villa-maria\/author\/contenido\/\"}]}<\/script>\n<!-- \/ Yoast SEO plugin. -->","yoast_head_json":{"title":"[Festival de Pe\u00f1as] Tras la jornada inaugural, qui\u00e9nes son los artistas de la segunda noche (Videos) - El Regional","description":"La segunda jornada volver\u00e1 a cautivar corazones y o\u00eddos juveniles con la presencia de artistas reconocidos de la m\u00fasica urbana.","robots":{"index":"index","follow":"follow","max-snippet":"max-snippet:-1","max-image-preview":"max-image-preview:large","max-video-preview":"max-video-preview:-1"},"canonical":"http:\/\/elregionalvm.com.ar\/noticias-villa-maria\/festival-de-penas-tras-la-noche-inaugural-quienes-son-los-artistas-de-la-segunda-noche-videos\/","og_locale":"es_ES","og_type":"article","og_title":"[Festival de Pe\u00f1as] Tras la jornada inaugural, qui\u00e9nes son los artistas de la segunda noche (Videos) - El Regional","og_description":"La segunda jornada volver\u00e1 a cautivar corazones y o\u00eddos juveniles con la presencia de artistas reconocidos de la m\u00fasica urbana.","og_url":"http:\/\/elregionalvm.com.ar\/noticias-villa-maria\/festival-de-penas-tras-la-noche-inaugural-quienes-son-los-artistas-de-la-segunda-noche-videos\/","og_site_name":"El Regional","article_publisher":"https:\/\/www.facebook.com\/elregionalvm","article_published_time":"2022-02-12T07:45:45+00:00","article_modified_time":"2022-02-13T06:09:47+00:00","og_image":[{"width":850,"height":1000,"url":"http:\/\/elregionalvm.com.ar\/noticias-villa-maria\/wp-content\/uploads\/2022\/02\/festival_sabado.jpg","type":"image\/jpeg"}],"author":"Contenidos El Regional","twitter_card":"summary_large_image","twitter_creator":"@elregionalvm1","twitter_site":"@elregionalvm1","twitter_misc":{"Escrito por":"Contenidos El Regional","Tiempo de lectura":"5 minutos"},"schema":{"@context":"https:\/\/schema.org","@graph":[{"@type":"Article","@id":"http:\/\/elregionalvm.com.ar\/noticias-villa-maria\/festival-de-penas-tras-la-noche-inaugural-quienes-son-los-artistas-de-la-segunda-noche-videos\/#article","isPartOf":{"@id":"http:\/\/elregionalvm.com.ar\/noticias-villa-maria\/festival-de-penas-tras-la-noche-inaugural-quienes-son-los-artistas-de-la-segunda-noche-videos\/"},"author":{"name":"Contenidos El Regional","@id":"http:\/\/elregionalvm.com.ar\/noticias-villa-maria\/#\/schema\/person\/a0fb9c422317faca23d50163151bc354"},"headline":"[Festival de Pe\u00f1as] Tras la jornada inaugural, qui\u00e9nes son los artistas de la segunda noche (Videos)","datePublished":"2022-02-12T07:45:45+00:00","dateModified":"2022-02-13T06:09:47+00:00","mainEntityOfPage":{"@id":"http:\/\/elregionalvm.com.ar\/noticias-villa-maria\/festival-de-penas-tras-la-noche-inaugural-quienes-son-los-artistas-de-la-segunda-noche-videos\/"},"wordCount":1055,"commentCount":0,"image":{"@id":"http:\/\/elregionalvm.com.ar\/noticias-villa-maria\/festival-de-penas-tras-la-noche-inaugural-quienes-son-los-artistas-de-la-segunda-noche-videos\/#primaryimage"},"thumbnailUrl":"https:\/\/i0.wp.com\/elregionalvm.com.ar\/noticias-villa-maria\/wp-content\/uploads\/2022\/02\/festival_sabado.jpg?fit=850%2C1000&ssl=1","keywords":["2022","Anfiteatro","artistas","Duki","Emilia Mernes","escenario","Festival de pe\u00f1as","Fran N\u00fanez","noche joven","pe\u00f1as","segunda noche","Tini","villa maria"],"articleSection":["Festival de Pe\u00f1as","Videos","Villa Mar\u00eda"],"inLanguage":"es","potentialAction":[{"@type":"CommentAction","name":"Comment","target":["http:\/\/elregionalvm.com.ar\/noticias-villa-maria\/festival-de-penas-tras-la-noche-inaugural-quienes-son-los-artistas-de-la-segunda-noche-videos\/#respond"]}]},{"@type":"WebPage","@id":"http:\/\/elregionalvm.com.ar\/noticias-villa-maria\/festival-de-penas-tras-la-noche-inaugural-quienes-son-los-artistas-de-la-segunda-noche-videos\/","url":"http:\/\/elregionalvm.com.ar\/noticias-villa-maria\/festival-de-penas-tras-la-noche-inaugural-quienes-son-los-artistas-de-la-segunda-noche-videos\/","name":"[Festival de Pe\u00f1as] Tras la jornada inaugural, qui\u00e9nes son los artistas de la segunda noche (Videos) - El Regional","isPartOf":{"@id":"http:\/\/elregionalvm.com.ar\/noticias-villa-maria\/#website"},"primaryImageOfPage":{"@id":"http:\/\/elregionalvm.com.ar\/noticias-villa-maria\/festival-de-penas-tras-la-noche-inaugural-quienes-son-los-artistas-de-la-segunda-noche-videos\/#primaryimage"},"image":{"@id":"http:\/\/elregionalvm.com.ar\/noticias-villa-maria\/festival-de-penas-tras-la-noche-inaugural-quienes-son-los-artistas-de-la-segunda-noche-videos\/#primaryimage"},"thumbnailUrl":"https:\/\/i0.wp.com\/elregionalvm.com.ar\/noticias-villa-maria\/wp-content\/uploads\/2022\/02\/festival_sabado.jpg?fit=850%2C1000&ssl=1","datePublished":"2022-02-12T07:45:45+00:00","dateModified":"2022-02-13T06:09:47+00:00","author":{"@id":"http:\/\/elregionalvm.com.ar\/noticias-villa-maria\/#\/schema\/person\/a0fb9c422317faca23d50163151bc354"},"description":"La segunda jornada volver\u00e1 a cautivar corazones y o\u00eddos juveniles con la presencia de artistas reconocidos de la m\u00fasica urbana.","breadcrumb":{"@id":"http:\/\/elregionalvm.com.ar\/noticias-villa-maria\/festival-de-penas-tras-la-noche-inaugural-quienes-son-los-artistas-de-la-segunda-noche-videos\/#breadcrumb"},"inLanguage":"es","potentialAction":[{"@type":"ReadAction","target":["http:\/\/elregionalvm.com.ar\/noticias-villa-maria\/festival-de-penas-tras-la-noche-inaugural-quienes-son-los-artistas-de-la-segunda-noche-videos\/"]}]},{"@type":"ImageObject","inLanguage":"es","@id":"http:\/\/elregionalvm.com.ar\/noticias-villa-maria\/festival-de-penas-tras-la-noche-inaugural-quienes-son-los-artistas-de-la-segunda-noche-videos\/#primaryimage","url":"https:\/\/i0.wp.com\/elregionalvm.com.ar\/noticias-villa-maria\/wp-content\/uploads\/2022\/02\/festival_sabado.jpg?fit=850%2C1000&ssl=1","contentUrl":"https:\/\/i0.wp.com\/elregionalvm.com.ar\/noticias-villa-maria\/wp-content\/uploads\/2022\/02\/festival_sabado.jpg?fit=850%2C1000&ssl=1","width":850,"height":1000},{"@type":"BreadcrumbList","@id":"http:\/\/elregionalvm.com.ar\/noticias-villa-maria\/festival-de-penas-tras-la-noche-inaugural-quienes-son-los-artistas-de-la-segunda-noche-videos\/#breadcrumb","itemListElement":[{"@type":"ListItem","position":1,"name":"Portada","item":"https:\/\/elregionalvm.com.ar\/noticias-villa-maria\/"},{"@type":"ListItem","position":2,"name":"[Festival de Pe\u00f1as] Tras la jornada inaugural, qui\u00e9nes son los artistas de la segunda noche (Videos)"}]},{"@type":"WebSite","@id":"http:\/\/elregionalvm.com.ar\/noticias-villa-maria\/#website","url":"http:\/\/elregionalvm.com.ar\/noticias-villa-maria\/","name":"El Regional","description":"Mucho m\u00e1s que informaci\u00f3n","potentialAction":[{"@type":"SearchAction","target":{"@type":"EntryPoint","urlTemplate":"http:\/\/elregionalvm.com.ar\/noticias-villa-maria\/?s={search_term_string}"},"query-input":{"@type":"PropertyValueSpecification","valueRequired":true,"valueName":"search_term_string"}}],"inLanguage":"es"},{"@type":"Person","@id":"http:\/\/elregionalvm.com.ar\/noticias-villa-maria\/#\/schema\/person\/a0fb9c422317faca23d50163151bc354","name":"Contenidos El Regional","image":{"@type":"ImageObject","inLanguage":"es","@id":"http:\/\/elregionalvm.com.ar\/noticias-villa-maria\/#\/schema\/person\/image\/","url":"https:\/\/secure.gravatar.com\/avatar\/265b27cb2209af7bb3a1318f03305787d7981a5cc6e6cd08fe5a4ecdf99d4b48?s=96&d=mm&r=g","contentUrl":"https:\/\/secure.gravatar.com\/avatar\/265b27cb2209af7bb3a1318f03305787d7981a5cc6e6cd08fe5a4ecdf99d4b48?s=96&d=mm&r=g","caption":"Contenidos El Regional"},"url":"https:\/\/elregionalvm.com.ar\/noticias-villa-maria\/author\/contenido\/"}]}},"jetpack_featured_media_url":"https:\/\/i0.wp.com\/elregionalvm.com.ar\/noticias-villa-maria\/wp-content\/uploads\/2022\/02\/festival_sabado.jpg?fit=850%2C1000&ssl=1","jetpack_sharing_enabled":true,"_links":{"self":[{"href":"https:\/\/elregionalvm.com.ar\/noticias-villa-maria\/wp-json\/wp\/v2\/posts\/52600","targetHints":{"allow":["GET"]}}],"collection":[{"href":"https:\/\/elregionalvm.com.ar\/noticias-villa-maria\/wp-json\/wp\/v2\/posts"}],"about":[{"href":"https:\/\/elregionalvm.com.ar\/noticias-villa-maria\/wp-json\/wp\/v2\/types\/post"}],"author":[{"embeddable":true,"href":"https:\/\/elregionalvm.com.ar\/noticias-villa-maria\/wp-json\/wp\/v2\/users\/4"}],"replies":[{"embeddable":true,"href":"https:\/\/elregionalvm.com.ar\/noticias-villa-maria\/wp-json\/wp\/v2\/comments?post=52600"}],"version-history":[{"count":4,"href":"https:\/\/elregionalvm.com.ar\/noticias-villa-maria\/wp-json\/wp\/v2\/posts\/52600\/revisions"}],"predecessor-version":[{"id":52609,"href":"https:\/\/elregionalvm.com.ar\/noticias-villa-maria\/wp-json\/wp\/v2\/posts\/52600\/revisions\/52609"}],"wp:featuredmedia":[{"embeddable":true,"href":"https:\/\/elregionalvm.com.ar\/noticias-villa-maria\/wp-json\/wp\/v2\/media\/52602"}],"wp:attachment":[{"href":"https:\/\/elregionalvm.com.ar\/noticias-villa-maria\/wp-json\/wp\/v2\/media?parent=52600"}],"wp:term":[{"taxonomy":"category","embeddable":true,"href":"https:\/\/elregionalvm.com.ar\/noticias-villa-maria\/wp-json\/wp\/v2\/categories?post=52600"},{"taxonomy":"post_tag","embeddable":true,"href":"https:\/\/elregionalvm.com.ar\/noticias-villa-maria\/wp-json\/wp\/v2\/tags?post=52600"}],"curies":[{"name":"wp","href":"https:\/\/api.w.org\/{rel}","templated":true}]}}