{"id":52678,"date":"2022-02-12T17:00:01","date_gmt":"2022-02-12T17:00:01","guid":{"rendered":"https:\/\/elregionalvm.com.ar\/noticias-villa-maria\/?p=52678"},"modified":"2022-02-14T14:18:28","modified_gmt":"2022-02-14T14:18:28","slug":"festival-de-penas-la-tercera-es-la-vencida-llega-la-noche-con-los-artistas-de-siempre-videos","status":"publish","type":"post","link":"https:\/\/elregionalvm.com.ar\/noticias-villa-maria\/festival-de-penas-la-tercera-es-la-vencida-llega-la-noche-con-los-artistas-de-siempre-videos\/","title":{"rendered":"[Festival de Pe\u00f1as] La tercera es la vencida: llega la noche con los artistas \u201cde siempre\u201d (Videos)"},"content":{"rendered":"\n<p><\/p>\n\n\n\n<p>Tras dos noches de efervescencia infanto-juvenil con la invasi\u00f3n de nuevos g\u00e9neros y estilos vinculados con la llamada m\u00fasica urbana, el Anfiteatro volver\u00e1 a tener sobre el escenario a nombres ya consagrados y que convocan a un p\u00fablico m\u00e1s heterog\u00e9neo en edades.<\/p>\n\n\n\n<p>El trap, el rap, el reguet\u00f3n y el pop en sus distintas vertientes fueron los protagonistas de dos noches consagradas a los m\u00e1s j\u00f3venes, que coparon cada cent\u00edmetro del coloso de cemento que alberga al Festival de Pe\u00f1as.<\/p>\n\n\n\n<p><\/p>\n\n\n\n<figure class=\"wp-block-gallery columns-2 is-cropped wp-block-gallery-1 is-layout-flex wp-block-gallery-is-layout-flex\"><ul class=\"blocks-gallery-grid\"><li class=\"blocks-gallery-item\"><figure><img data-recalc-dims=\"1\" fetchpriority=\"high\" decoding=\"async\" width=\"960\" height=\"640\" src=\"https:\/\/i0.wp.com\/elregionalvm.com.ar\/noticias-villa-maria\/wp-content\/uploads\/2022\/02\/Duki-y-Emilia.jpg?resize=960%2C640&#038;ssl=1\" alt=\"\" data-id=\"52696\" data-full-url=\"https:\/\/elregionalvm.com.ar\/noticias-villa-maria\/wp-content\/uploads\/2022\/02\/Duki-y-Emilia.jpg\" data-link=\"https:\/\/elregionalvm.com.ar\/noticias-villa-maria\/?attachment_id=52696\" class=\"wp-image-52696\" srcset=\"https:\/\/i0.wp.com\/elregionalvm.com.ar\/noticias-villa-maria\/wp-content\/uploads\/2022\/02\/Duki-y-Emilia.jpg?w=960&amp;ssl=1 960w, https:\/\/i0.wp.com\/elregionalvm.com.ar\/noticias-villa-maria\/wp-content\/uploads\/2022\/02\/Duki-y-Emilia.jpg?resize=300%2C200&amp;ssl=1 300w, https:\/\/i0.wp.com\/elregionalvm.com.ar\/noticias-villa-maria\/wp-content\/uploads\/2022\/02\/Duki-y-Emilia.jpg?resize=768%2C512&amp;ssl=1 768w\" sizes=\"(max-width: 960px) 100vw, 960px\" \/><\/figure><\/li><li class=\"blocks-gallery-item\"><figure><img data-recalc-dims=\"1\" decoding=\"async\" width=\"1024\" height=\"683\" src=\"https:\/\/i0.wp.com\/elregionalvm.com.ar\/noticias-villa-maria\/wp-content\/uploads\/2022\/02\/Tini.jpg?resize=1024%2C683&#038;ssl=1\" alt=\"\" data-id=\"52698\" data-full-url=\"https:\/\/elregionalvm.com.ar\/noticias-villa-maria\/wp-content\/uploads\/2022\/02\/Tini.jpg\" data-link=\"https:\/\/elregionalvm.com.ar\/noticias-villa-maria\/?attachment_id=52698\" class=\"wp-image-52698\" srcset=\"https:\/\/i0.wp.com\/elregionalvm.com.ar\/noticias-villa-maria\/wp-content\/uploads\/2022\/02\/Tini.jpg?resize=1024%2C683&amp;ssl=1 1024w, https:\/\/i0.wp.com\/elregionalvm.com.ar\/noticias-villa-maria\/wp-content\/uploads\/2022\/02\/Tini.jpg?resize=300%2C200&amp;ssl=1 300w, https:\/\/i0.wp.com\/elregionalvm.com.ar\/noticias-villa-maria\/wp-content\/uploads\/2022\/02\/Tini.jpg?resize=768%2C512&amp;ssl=1 768w, https:\/\/i0.wp.com\/elregionalvm.com.ar\/noticias-villa-maria\/wp-content\/uploads\/2022\/02\/Tini.jpg?resize=1536%2C1024&amp;ssl=1 1536w, https:\/\/i0.wp.com\/elregionalvm.com.ar\/noticias-villa-maria\/wp-content\/uploads\/2022\/02\/Tini.jpg?w=1600&amp;ssl=1 1600w\" sizes=\"(max-width: 1000px) 100vw, 1000px\" \/><\/figure><\/li><\/ul><figcaption class=\"blocks-gallery-caption\"><em>Duki, Emilia y Tini, los protagonistas de la segunda noche del Festival<\/em> <em>(Anfivillamar\u00eda)<\/em><\/figcaption><\/figure>\n\n\n\n<p><\/p>\n\n\n\n<p>\u201cLas noches novedosas\u201d, con un \u201cfestival disruptivo y que sorprende\u201d, al decir del intendente Mart\u00edn Gill, resultaron de las m\u00e1s elegidas con anticipaci\u00f3n. Y un nuevo p\u00fablico ocup\u00f3 las butacas y las gradas.<\/p>\n\n\n\n<p>\u201cFue un acierto el armado de la grilla art\u00edstica, en responder a los nuevos g\u00e9neros. Hay j\u00f3venes que por primera vez vienen al Festival de Pe\u00f1as\u201d, enfatiz\u00f3 Gill en la noche inaugural.<\/p>\n\n\n\n<p><\/p>\n\n\n\n<p><strong>Este domingo <\/strong><\/p>\n\n\n\n<p>Tras el paso de Duki, Tini, Emilia y el villamariense Fran N\u00fanez en la noche del s\u00e1bado, la tercera jornada ser\u00e1 de corte m\u00e1s \u201cpopular\u201d, con artistas esperados como Abel Pintos o Jorge Rojas, que retorna luego de alg\u00fan tiempo sin aparecer en escena en el Festival de Festivales.<\/p>\n\n\n\n<p><\/p>\n\n\n\n<figure class=\"wp-block-embed is-type-video is-provider-youtube wp-block-embed-youtube wp-embed-aspect-16-9 wp-has-aspect-ratio\"><div class=\"wp-block-embed__wrapper\">\n<iframe title=\"Abel Pintos - Cien A\u00f1os (Official Video)\" width=\"500\" height=\"281\" src=\"https:\/\/www.youtube.com\/embed\/DwbLnekHW-4?feature=oembed\" frameborder=\"0\" allow=\"accelerometer; autoplay; clipboard-write; encrypted-media; gyroscope; picture-in-picture; web-share\" referrerpolicy=\"strict-origin-when-cross-origin\" allowfullscreen><\/iframe>\n<\/div><\/figure>\n\n\n\n<p><\/p>\n\n\n\n<p>Tambi\u00e9n estar\u00e1n presentes Los Palmeras, Destino San Javier y el villamariense Santiago Fiuri, que viene con una ascendente carrera.<\/p>\n\n\n\n<p><\/p>\n\n\n\n<figure class=\"wp-block-embed is-type-video is-provider-youtube wp-block-embed-youtube wp-embed-aspect-16-9 wp-has-aspect-ratio\"><div class=\"wp-block-embed__wrapper\">\n<iframe title=\"Jorge Rojas - Al decir adi\u00f3s\" width=\"500\" height=\"281\" src=\"https:\/\/www.youtube.com\/embed\/SlHV9J67ytc?feature=oembed\" frameborder=\"0\" allow=\"accelerometer; autoplay; clipboard-write; encrypted-media; gyroscope; picture-in-picture; web-share\" referrerpolicy=\"strict-origin-when-cross-origin\" allowfullscreen><\/iframe>\n<\/div><\/figure>\n\n\n\n<p><\/p>\n\n\n\n<p>Ser\u00e1 la primera ocasi\u00f3n en que comenzar\u00e1n a escucharse sonidos folkl\u00f3ricos o m\u00e1s tradicionales vinculados al origen de este festival internacionalizado, ecl\u00e9ctico por excelencia y con capacidad para sorprender en cada edici\u00f3n, aunque haya tanto muestras de desaprobaci\u00f3n como de agrado por la programaci\u00f3n.<\/p>\n\n\n\n<p><\/p>\n\n\n\n<figure class=\"wp-block-embed is-type-video is-provider-youtube wp-block-embed-youtube wp-embed-aspect-16-9 wp-has-aspect-ratio\"><div class=\"wp-block-embed__wrapper\">\n<iframe title=\"Abel Pintos, Los Palmeras - Camina (Suave y Elegante) (Official Video)\" width=\"500\" height=\"281\" src=\"https:\/\/www.youtube.com\/embed\/iSAl7X54gnk?feature=oembed\" frameborder=\"0\" allow=\"accelerometer; autoplay; clipboard-write; encrypted-media; gyroscope; picture-in-picture; web-share\" referrerpolicy=\"strict-origin-when-cross-origin\" allowfullscreen><\/iframe>\n<\/div><\/figure>\n\n\n\n<p><\/p>\n\n\n\n<p>Ya se sabe, las pe\u00f1as solo quedaron en el nombre inmortalizado y en la periferia del Anfiteatro. Pero, las localidades agotadas &nbsp;en la mayor parte de las noches parecieran ser el mejor argumento visible para apostar a la mutaci\u00f3n permanente.<\/p>\n\n\n\n<p><\/p>\n\n\n\n<figure class=\"wp-block-embed is-type-video is-provider-youtube wp-block-embed-youtube wp-embed-aspect-16-9 wp-has-aspect-ratio\"><div class=\"wp-block-embed__wrapper\">\n<iframe title=\"Destino San Javier - Aunque Ya No Vuelva a Verte (Official Video)\" width=\"500\" height=\"281\" src=\"https:\/\/www.youtube.com\/embed\/uQhEp6kOxWA?feature=oembed\" frameborder=\"0\" allow=\"accelerometer; autoplay; clipboard-write; encrypted-media; gyroscope; picture-in-picture; web-share\" referrerpolicy=\"strict-origin-when-cross-origin\" allowfullscreen><\/iframe>\n<\/div><\/figure>\n","protected":false},"excerpt":{"rendered":"<p>Tras dos noches de efervescencia infanto-juvenil con la invasi\u00f3n de nuevos g\u00e9neros y estilos vinculados con la llamada m\u00fasica urbana, el Anfiteatro volver\u00e1 a tener sobre el escenario a nombres ya consagrados y que convocan a un p\u00fablico m\u00e1s heterog\u00e9neo en edades. El trap, el rap, el reguet\u00f3n y el pop en sus distintas vertientes [&hellip;]<\/p>\n","protected":false},"author":4,"featured_media":52680,"comment_status":"open","ping_status":"open","sticky":false,"template":"","format":"standard","meta":{"site-sidebar-layout":"default","site-content-layout":"default","ast-site-content-layout":"default","site-content-style":"default","site-sidebar-style":"default","ast-global-header-display":"","ast-banner-title-visibility":"","ast-main-header-display":"","ast-hfb-above-header-display":"","ast-hfb-below-header-display":"","ast-hfb-mobile-header-display":"","site-post-title":"","ast-breadcrumbs-content":"","ast-featured-img":"","footer-sml-layout":"","ast-disable-related-posts":"","theme-transparent-header-meta":"default","adv-header-id-meta":"","stick-header-meta":"","header-above-stick-meta":"","header-main-stick-meta":"","header-below-stick-meta":"","astra-migrate-meta-layouts":"default","ast-page-background-enabled":"default","ast-page-background-meta":{"desktop":{"background-color":"","background-image":"","background-repeat":"repeat","background-position":"center center","background-size":"auto","background-attachment":"scroll","background-type":"","background-media":"","overlay-type":"","overlay-color":"","overlay-opacity":"","overlay-gradient":""},"tablet":{"background-color":"","background-image":"","background-repeat":"repeat","background-position":"center center","background-size":"auto","background-attachment":"scroll","background-type":"","background-media":"","overlay-type":"","overlay-color":"","overlay-opacity":"","overlay-gradient":""},"mobile":{"background-color":"","background-image":"","background-repeat":"repeat","background-position":"center center","background-size":"auto","background-attachment":"scroll","background-type":"","background-media":"","overlay-type":"","overlay-color":"","overlay-opacity":"","overlay-gradient":""}},"ast-content-background-meta":{"desktop":{"background-color":"var(--ast-global-color-5)","background-image":"","background-repeat":"repeat","background-position":"center center","background-size":"auto","background-attachment":"scroll","background-type":"","background-media":"","overlay-type":"","overlay-color":"","overlay-opacity":"","overlay-gradient":""},"tablet":{"background-color":"var(--ast-global-color-5)","background-image":"","background-repeat":"repeat","background-position":"center center","background-size":"auto","background-attachment":"scroll","background-type":"","background-media":"","overlay-type":"","overlay-color":"","overlay-opacity":"","overlay-gradient":""},"mobile":{"background-color":"var(--ast-global-color-5)","background-image":"","background-repeat":"repeat","background-position":"center center","background-size":"auto","background-attachment":"scroll","background-type":"","background-media":"","overlay-type":"","overlay-color":"","overlay-opacity":"","overlay-gradient":""}},"_jetpack_memberships_contains_paid_content":false,"_joinchat":[],"footnotes":""},"categories":[13130,2074,2],"tags":[10296,1798,13713,1239,13715,13714,1125,13399,13712,534],"class_list":["post-52678","post","type-post","status-publish","format-standard","has-post-thumbnail","hentry","category-festival","category-videos","category-villa-maria","tag-abel-pintos","tag-anfiteatro","tag-destino-san-javier","tag-festival-de-penas","tag-jorge-rojas","tag-los-palmeras","tag-martin-gill","tag-penas","tag-tercera-noche","tag-villa-maria"],"yoast_head":"<!-- This site is optimized with the Yoast SEO plugin v26.8 - https:\/\/yoast.com\/product\/yoast-seo-wordpress\/ -->\n<title>[Festival de Pe\u00f1as] La tercera es la vencida: llega la noche con los artistas \u201cde siempre\u201d (Videos) - El Regional<\/title>\n<meta name=\"description\" content=\"El Anfiteatro volver\u00e1 a tener sobre el escenario a nombres ya consagrados y que convocan a un p\u00fablico m\u00e1s heterog\u00e9neo en edades.\" \/>\n<meta name=\"robots\" content=\"index, follow, max-snippet:-1, max-image-preview:large, max-video-preview:-1\" \/>\n<link rel=\"canonical\" href=\"http:\/\/elregionalvm.com.ar\/noticias-villa-maria\/festival-de-penas-la-tercera-es-la-vencida-llega-la-noche-con-los-artistas-de-siempre-videos\/\" \/>\n<meta property=\"og:locale\" content=\"es_ES\" \/>\n<meta property=\"og:type\" content=\"article\" \/>\n<meta property=\"og:title\" content=\"[Festival de Pe\u00f1as] La tercera es la vencida: llega la noche con los artistas \u201cde siempre\u201d (Videos) - El Regional\" \/>\n<meta property=\"og:description\" content=\"El Anfiteatro volver\u00e1 a tener sobre el escenario a nombres ya consagrados y que convocan a un p\u00fablico m\u00e1s heterog\u00e9neo en edades.\" \/>\n<meta property=\"og:url\" content=\"http:\/\/elregionalvm.com.ar\/noticias-villa-maria\/festival-de-penas-la-tercera-es-la-vencida-llega-la-noche-con-los-artistas-de-siempre-videos\/\" \/>\n<meta property=\"og:site_name\" content=\"El Regional\" \/>\n<meta property=\"article:publisher\" content=\"https:\/\/www.facebook.com\/elregionalvm\" \/>\n<meta property=\"article:published_time\" content=\"2022-02-12T17:00:01+00:00\" \/>\n<meta property=\"article:modified_time\" content=\"2022-02-14T14:18:28+00:00\" \/>\n<meta property=\"og:image\" content=\"http:\/\/elregionalvm.com.ar\/noticias-villa-maria\/wp-content\/uploads\/2022\/02\/festival_domingo.jpg\" \/>\n\t<meta property=\"og:image:width\" content=\"850\" \/>\n\t<meta property=\"og:image:height\" content=\"1000\" \/>\n\t<meta property=\"og:image:type\" content=\"image\/jpeg\" \/>\n<meta name=\"author\" content=\"Contenidos El Regional\" \/>\n<meta name=\"twitter:card\" content=\"summary_large_image\" \/>\n<meta name=\"twitter:creator\" content=\"@elregionalvm1\" \/>\n<meta name=\"twitter:site\" content=\"@elregionalvm1\" \/>\n<meta name=\"twitter:label1\" content=\"Escrito por\" \/>\n\t<meta name=\"twitter:data1\" content=\"Contenidos El Regional\" \/>\n\t<meta name=\"twitter:label2\" content=\"Tiempo de lectura\" \/>\n\t<meta name=\"twitter:data2\" content=\"2 minutos\" \/>\n<script type=\"application\/ld+json\" class=\"yoast-schema-graph\">{\"@context\":\"https:\/\/schema.org\",\"@graph\":[{\"@type\":\"Article\",\"@id\":\"http:\/\/elregionalvm.com.ar\/noticias-villa-maria\/festival-de-penas-la-tercera-es-la-vencida-llega-la-noche-con-los-artistas-de-siempre-videos\/#article\",\"isPartOf\":{\"@id\":\"http:\/\/elregionalvm.com.ar\/noticias-villa-maria\/festival-de-penas-la-tercera-es-la-vencida-llega-la-noche-con-los-artistas-de-siempre-videos\/\"},\"author\":{\"name\":\"Contenidos El Regional\",\"@id\":\"http:\/\/elregionalvm.com.ar\/noticias-villa-maria\/#\/schema\/person\/a0fb9c422317faca23d50163151bc354\"},\"headline\":\"[Festival de Pe\u00f1as] La tercera es la vencida: llega la noche con los artistas \u201cde siempre\u201d (Videos)\",\"datePublished\":\"2022-02-12T17:00:01+00:00\",\"dateModified\":\"2022-02-14T14:18:28+00:00\",\"mainEntityOfPage\":{\"@id\":\"http:\/\/elregionalvm.com.ar\/noticias-villa-maria\/festival-de-penas-la-tercera-es-la-vencida-llega-la-noche-con-los-artistas-de-siempre-videos\/\"},\"wordCount\":388,\"commentCount\":0,\"image\":{\"@id\":\"http:\/\/elregionalvm.com.ar\/noticias-villa-maria\/festival-de-penas-la-tercera-es-la-vencida-llega-la-noche-con-los-artistas-de-siempre-videos\/#primaryimage\"},\"thumbnailUrl\":\"https:\/\/i0.wp.com\/elregionalvm.com.ar\/noticias-villa-maria\/wp-content\/uploads\/2022\/02\/festival_domingo.jpg?fit=850%2C1000&ssl=1\",\"keywords\":[\"Abel Pintos\",\"Anfiteatro\",\"Destino San Javier\",\"Festival de pe\u00f1as\",\"Jorge Rojas\",\"Los Palmeras\",\"mart\u00edn gill\",\"pe\u00f1as\",\"tercera noche\",\"villa maria\"],\"articleSection\":[\"Festival de Pe\u00f1as\",\"Videos\",\"Villa Mar\u00eda\"],\"inLanguage\":\"es\",\"potentialAction\":[{\"@type\":\"CommentAction\",\"name\":\"Comment\",\"target\":[\"http:\/\/elregionalvm.com.ar\/noticias-villa-maria\/festival-de-penas-la-tercera-es-la-vencida-llega-la-noche-con-los-artistas-de-siempre-videos\/#respond\"]}]},{\"@type\":\"WebPage\",\"@id\":\"http:\/\/elregionalvm.com.ar\/noticias-villa-maria\/festival-de-penas-la-tercera-es-la-vencida-llega-la-noche-con-los-artistas-de-siempre-videos\/\",\"url\":\"http:\/\/elregionalvm.com.ar\/noticias-villa-maria\/festival-de-penas-la-tercera-es-la-vencida-llega-la-noche-con-los-artistas-de-siempre-videos\/\",\"name\":\"[Festival de Pe\u00f1as] La tercera es la vencida: llega la noche con los artistas \u201cde siempre\u201d (Videos) - El Regional\",\"isPartOf\":{\"@id\":\"http:\/\/elregionalvm.com.ar\/noticias-villa-maria\/#website\"},\"primaryImageOfPage\":{\"@id\":\"http:\/\/elregionalvm.com.ar\/noticias-villa-maria\/festival-de-penas-la-tercera-es-la-vencida-llega-la-noche-con-los-artistas-de-siempre-videos\/#primaryimage\"},\"image\":{\"@id\":\"http:\/\/elregionalvm.com.ar\/noticias-villa-maria\/festival-de-penas-la-tercera-es-la-vencida-llega-la-noche-con-los-artistas-de-siempre-videos\/#primaryimage\"},\"thumbnailUrl\":\"https:\/\/i0.wp.com\/elregionalvm.com.ar\/noticias-villa-maria\/wp-content\/uploads\/2022\/02\/festival_domingo.jpg?fit=850%2C1000&ssl=1\",\"datePublished\":\"2022-02-12T17:00:01+00:00\",\"dateModified\":\"2022-02-14T14:18:28+00:00\",\"author\":{\"@id\":\"http:\/\/elregionalvm.com.ar\/noticias-villa-maria\/#\/schema\/person\/a0fb9c422317faca23d50163151bc354\"},\"description\":\"El Anfiteatro volver\u00e1 a tener sobre el escenario a nombres ya consagrados y que convocan a un p\u00fablico m\u00e1s heterog\u00e9neo en edades.\",\"breadcrumb\":{\"@id\":\"http:\/\/elregionalvm.com.ar\/noticias-villa-maria\/festival-de-penas-la-tercera-es-la-vencida-llega-la-noche-con-los-artistas-de-siempre-videos\/#breadcrumb\"},\"inLanguage\":\"es\",\"potentialAction\":[{\"@type\":\"ReadAction\",\"target\":[\"http:\/\/elregionalvm.com.ar\/noticias-villa-maria\/festival-de-penas-la-tercera-es-la-vencida-llega-la-noche-con-los-artistas-de-siempre-videos\/\"]}]},{\"@type\":\"ImageObject\",\"inLanguage\":\"es\",\"@id\":\"http:\/\/elregionalvm.com.ar\/noticias-villa-maria\/festival-de-penas-la-tercera-es-la-vencida-llega-la-noche-con-los-artistas-de-siempre-videos\/#primaryimage\",\"url\":\"https:\/\/i0.wp.com\/elregionalvm.com.ar\/noticias-villa-maria\/wp-content\/uploads\/2022\/02\/festival_domingo.jpg?fit=850%2C1000&ssl=1\",\"contentUrl\":\"https:\/\/i0.wp.com\/elregionalvm.com.ar\/noticias-villa-maria\/wp-content\/uploads\/2022\/02\/festival_domingo.jpg?fit=850%2C1000&ssl=1\",\"width\":850,\"height\":1000},{\"@type\":\"BreadcrumbList\",\"@id\":\"http:\/\/elregionalvm.com.ar\/noticias-villa-maria\/festival-de-penas-la-tercera-es-la-vencida-llega-la-noche-con-los-artistas-de-siempre-videos\/#breadcrumb\",\"itemListElement\":[{\"@type\":\"ListItem\",\"position\":1,\"name\":\"Portada\",\"item\":\"https:\/\/elregionalvm.com.ar\/noticias-villa-maria\/\"},{\"@type\":\"ListItem\",\"position\":2,\"name\":\"[Festival de Pe\u00f1as] La tercera es la vencida: llega la noche con los artistas \u201cde siempre\u201d (Videos)\"}]},{\"@type\":\"WebSite\",\"@id\":\"http:\/\/elregionalvm.com.ar\/noticias-villa-maria\/#website\",\"url\":\"http:\/\/elregionalvm.com.ar\/noticias-villa-maria\/\",\"name\":\"El Regional\",\"description\":\"Mucho m\u00e1s que informaci\u00f3n\",\"potentialAction\":[{\"@type\":\"SearchAction\",\"target\":{\"@type\":\"EntryPoint\",\"urlTemplate\":\"http:\/\/elregionalvm.com.ar\/noticias-villa-maria\/?s={search_term_string}\"},\"query-input\":{\"@type\":\"PropertyValueSpecification\",\"valueRequired\":true,\"valueName\":\"search_term_string\"}}],\"inLanguage\":\"es\"},{\"@type\":\"Person\",\"@id\":\"http:\/\/elregionalvm.com.ar\/noticias-villa-maria\/#\/schema\/person\/a0fb9c422317faca23d50163151bc354\",\"name\":\"Contenidos El Regional\",\"image\":{\"@type\":\"ImageObject\",\"inLanguage\":\"es\",\"@id\":\"http:\/\/elregionalvm.com.ar\/noticias-villa-maria\/#\/schema\/person\/image\/\",\"url\":\"https:\/\/secure.gravatar.com\/avatar\/265b27cb2209af7bb3a1318f03305787d7981a5cc6e6cd08fe5a4ecdf99d4b48?s=96&d=mm&r=g\",\"contentUrl\":\"https:\/\/secure.gravatar.com\/avatar\/265b27cb2209af7bb3a1318f03305787d7981a5cc6e6cd08fe5a4ecdf99d4b48?s=96&d=mm&r=g\",\"caption\":\"Contenidos El Regional\"},\"url\":\"https:\/\/elregionalvm.com.ar\/noticias-villa-maria\/author\/contenido\/\"}]}<\/script>\n<!-- \/ Yoast SEO plugin. -->","yoast_head_json":{"title":"[Festival de Pe\u00f1as] La tercera es la vencida: llega la noche con los artistas \u201cde siempre\u201d (Videos) - El Regional","description":"El Anfiteatro volver\u00e1 a tener sobre el escenario a nombres ya consagrados y que convocan a un p\u00fablico m\u00e1s heterog\u00e9neo en edades.","robots":{"index":"index","follow":"follow","max-snippet":"max-snippet:-1","max-image-preview":"max-image-preview:large","max-video-preview":"max-video-preview:-1"},"canonical":"http:\/\/elregionalvm.com.ar\/noticias-villa-maria\/festival-de-penas-la-tercera-es-la-vencida-llega-la-noche-con-los-artistas-de-siempre-videos\/","og_locale":"es_ES","og_type":"article","og_title":"[Festival de Pe\u00f1as] La tercera es la vencida: llega la noche con los artistas \u201cde siempre\u201d (Videos) - El Regional","og_description":"El Anfiteatro volver\u00e1 a tener sobre el escenario a nombres ya consagrados y que convocan a un p\u00fablico m\u00e1s heterog\u00e9neo en edades.","og_url":"http:\/\/elregionalvm.com.ar\/noticias-villa-maria\/festival-de-penas-la-tercera-es-la-vencida-llega-la-noche-con-los-artistas-de-siempre-videos\/","og_site_name":"El Regional","article_publisher":"https:\/\/www.facebook.com\/elregionalvm","article_published_time":"2022-02-12T17:00:01+00:00","article_modified_time":"2022-02-14T14:18:28+00:00","og_image":[{"width":850,"height":1000,"url":"http:\/\/elregionalvm.com.ar\/noticias-villa-maria\/wp-content\/uploads\/2022\/02\/festival_domingo.jpg","type":"image\/jpeg"}],"author":"Contenidos El Regional","twitter_card":"summary_large_image","twitter_creator":"@elregionalvm1","twitter_site":"@elregionalvm1","twitter_misc":{"Escrito por":"Contenidos El Regional","Tiempo de lectura":"2 minutos"},"schema":{"@context":"https:\/\/schema.org","@graph":[{"@type":"Article","@id":"http:\/\/elregionalvm.com.ar\/noticias-villa-maria\/festival-de-penas-la-tercera-es-la-vencida-llega-la-noche-con-los-artistas-de-siempre-videos\/#article","isPartOf":{"@id":"http:\/\/elregionalvm.com.ar\/noticias-villa-maria\/festival-de-penas-la-tercera-es-la-vencida-llega-la-noche-con-los-artistas-de-siempre-videos\/"},"author":{"name":"Contenidos El Regional","@id":"http:\/\/elregionalvm.com.ar\/noticias-villa-maria\/#\/schema\/person\/a0fb9c422317faca23d50163151bc354"},"headline":"[Festival de Pe\u00f1as] La tercera es la vencida: llega la noche con los artistas \u201cde siempre\u201d (Videos)","datePublished":"2022-02-12T17:00:01+00:00","dateModified":"2022-02-14T14:18:28+00:00","mainEntityOfPage":{"@id":"http:\/\/elregionalvm.com.ar\/noticias-villa-maria\/festival-de-penas-la-tercera-es-la-vencida-llega-la-noche-con-los-artistas-de-siempre-videos\/"},"wordCount":388,"commentCount":0,"image":{"@id":"http:\/\/elregionalvm.com.ar\/noticias-villa-maria\/festival-de-penas-la-tercera-es-la-vencida-llega-la-noche-con-los-artistas-de-siempre-videos\/#primaryimage"},"thumbnailUrl":"https:\/\/i0.wp.com\/elregionalvm.com.ar\/noticias-villa-maria\/wp-content\/uploads\/2022\/02\/festival_domingo.jpg?fit=850%2C1000&ssl=1","keywords":["Abel Pintos","Anfiteatro","Destino San Javier","Festival de pe\u00f1as","Jorge Rojas","Los Palmeras","mart\u00edn gill","pe\u00f1as","tercera noche","villa maria"],"articleSection":["Festival de Pe\u00f1as","Videos","Villa Mar\u00eda"],"inLanguage":"es","potentialAction":[{"@type":"CommentAction","name":"Comment","target":["http:\/\/elregionalvm.com.ar\/noticias-villa-maria\/festival-de-penas-la-tercera-es-la-vencida-llega-la-noche-con-los-artistas-de-siempre-videos\/#respond"]}]},{"@type":"WebPage","@id":"http:\/\/elregionalvm.com.ar\/noticias-villa-maria\/festival-de-penas-la-tercera-es-la-vencida-llega-la-noche-con-los-artistas-de-siempre-videos\/","url":"http:\/\/elregionalvm.com.ar\/noticias-villa-maria\/festival-de-penas-la-tercera-es-la-vencida-llega-la-noche-con-los-artistas-de-siempre-videos\/","name":"[Festival de Pe\u00f1as] La tercera es la vencida: llega la noche con los artistas \u201cde siempre\u201d (Videos) - El Regional","isPartOf":{"@id":"http:\/\/elregionalvm.com.ar\/noticias-villa-maria\/#website"},"primaryImageOfPage":{"@id":"http:\/\/elregionalvm.com.ar\/noticias-villa-maria\/festival-de-penas-la-tercera-es-la-vencida-llega-la-noche-con-los-artistas-de-siempre-videos\/#primaryimage"},"image":{"@id":"http:\/\/elregionalvm.com.ar\/noticias-villa-maria\/festival-de-penas-la-tercera-es-la-vencida-llega-la-noche-con-los-artistas-de-siempre-videos\/#primaryimage"},"thumbnailUrl":"https:\/\/i0.wp.com\/elregionalvm.com.ar\/noticias-villa-maria\/wp-content\/uploads\/2022\/02\/festival_domingo.jpg?fit=850%2C1000&ssl=1","datePublished":"2022-02-12T17:00:01+00:00","dateModified":"2022-02-14T14:18:28+00:00","author":{"@id":"http:\/\/elregionalvm.com.ar\/noticias-villa-maria\/#\/schema\/person\/a0fb9c422317faca23d50163151bc354"},"description":"El Anfiteatro volver\u00e1 a tener sobre el escenario a nombres ya consagrados y que convocan a un p\u00fablico m\u00e1s heterog\u00e9neo en edades.","breadcrumb":{"@id":"http:\/\/elregionalvm.com.ar\/noticias-villa-maria\/festival-de-penas-la-tercera-es-la-vencida-llega-la-noche-con-los-artistas-de-siempre-videos\/#breadcrumb"},"inLanguage":"es","potentialAction":[{"@type":"ReadAction","target":["http:\/\/elregionalvm.com.ar\/noticias-villa-maria\/festival-de-penas-la-tercera-es-la-vencida-llega-la-noche-con-los-artistas-de-siempre-videos\/"]}]},{"@type":"ImageObject","inLanguage":"es","@id":"http:\/\/elregionalvm.com.ar\/noticias-villa-maria\/festival-de-penas-la-tercera-es-la-vencida-llega-la-noche-con-los-artistas-de-siempre-videos\/#primaryimage","url":"https:\/\/i0.wp.com\/elregionalvm.com.ar\/noticias-villa-maria\/wp-content\/uploads\/2022\/02\/festival_domingo.jpg?fit=850%2C1000&ssl=1","contentUrl":"https:\/\/i0.wp.com\/elregionalvm.com.ar\/noticias-villa-maria\/wp-content\/uploads\/2022\/02\/festival_domingo.jpg?fit=850%2C1000&ssl=1","width":850,"height":1000},{"@type":"BreadcrumbList","@id":"http:\/\/elregionalvm.com.ar\/noticias-villa-maria\/festival-de-penas-la-tercera-es-la-vencida-llega-la-noche-con-los-artistas-de-siempre-videos\/#breadcrumb","itemListElement":[{"@type":"ListItem","position":1,"name":"Portada","item":"https:\/\/elregionalvm.com.ar\/noticias-villa-maria\/"},{"@type":"ListItem","position":2,"name":"[Festival de Pe\u00f1as] La tercera es la vencida: llega la noche con los artistas \u201cde siempre\u201d (Videos)"}]},{"@type":"WebSite","@id":"http:\/\/elregionalvm.com.ar\/noticias-villa-maria\/#website","url":"http:\/\/elregionalvm.com.ar\/noticias-villa-maria\/","name":"El Regional","description":"Mucho m\u00e1s que informaci\u00f3n","potentialAction":[{"@type":"SearchAction","target":{"@type":"EntryPoint","urlTemplate":"http:\/\/elregionalvm.com.ar\/noticias-villa-maria\/?s={search_term_string}"},"query-input":{"@type":"PropertyValueSpecification","valueRequired":true,"valueName":"search_term_string"}}],"inLanguage":"es"},{"@type":"Person","@id":"http:\/\/elregionalvm.com.ar\/noticias-villa-maria\/#\/schema\/person\/a0fb9c422317faca23d50163151bc354","name":"Contenidos El Regional","image":{"@type":"ImageObject","inLanguage":"es","@id":"http:\/\/elregionalvm.com.ar\/noticias-villa-maria\/#\/schema\/person\/image\/","url":"https:\/\/secure.gravatar.com\/avatar\/265b27cb2209af7bb3a1318f03305787d7981a5cc6e6cd08fe5a4ecdf99d4b48?s=96&d=mm&r=g","contentUrl":"https:\/\/secure.gravatar.com\/avatar\/265b27cb2209af7bb3a1318f03305787d7981a5cc6e6cd08fe5a4ecdf99d4b48?s=96&d=mm&r=g","caption":"Contenidos El Regional"},"url":"https:\/\/elregionalvm.com.ar\/noticias-villa-maria\/author\/contenido\/"}]}},"jetpack_featured_media_url":"https:\/\/i0.wp.com\/elregionalvm.com.ar\/noticias-villa-maria\/wp-content\/uploads\/2022\/02\/festival_domingo.jpg?fit=850%2C1000&ssl=1","jetpack_sharing_enabled":true,"_links":{"self":[{"href":"https:\/\/elregionalvm.com.ar\/noticias-villa-maria\/wp-json\/wp\/v2\/posts\/52678","targetHints":{"allow":["GET"]}}],"collection":[{"href":"https:\/\/elregionalvm.com.ar\/noticias-villa-maria\/wp-json\/wp\/v2\/posts"}],"about":[{"href":"https:\/\/elregionalvm.com.ar\/noticias-villa-maria\/wp-json\/wp\/v2\/types\/post"}],"author":[{"embeddable":true,"href":"https:\/\/elregionalvm.com.ar\/noticias-villa-maria\/wp-json\/wp\/v2\/users\/4"}],"replies":[{"embeddable":true,"href":"https:\/\/elregionalvm.com.ar\/noticias-villa-maria\/wp-json\/wp\/v2\/comments?post=52678"}],"version-history":[{"count":3,"href":"https:\/\/elregionalvm.com.ar\/noticias-villa-maria\/wp-json\/wp\/v2\/posts\/52678\/revisions"}],"predecessor-version":[{"id":52700,"href":"https:\/\/elregionalvm.com.ar\/noticias-villa-maria\/wp-json\/wp\/v2\/posts\/52678\/revisions\/52700"}],"wp:featuredmedia":[{"embeddable":true,"href":"https:\/\/elregionalvm.com.ar\/noticias-villa-maria\/wp-json\/wp\/v2\/media\/52680"}],"wp:attachment":[{"href":"https:\/\/elregionalvm.com.ar\/noticias-villa-maria\/wp-json\/wp\/v2\/media?parent=52678"}],"wp:term":[{"taxonomy":"category","embeddable":true,"href":"https:\/\/elregionalvm.com.ar\/noticias-villa-maria\/wp-json\/wp\/v2\/categories?post=52678"},{"taxonomy":"post_tag","embeddable":true,"href":"https:\/\/elregionalvm.com.ar\/noticias-villa-maria\/wp-json\/wp\/v2\/tags?post=52678"}],"curies":[{"name":"wp","href":"https:\/\/api.w.org\/{rel}","templated":true}]}}