{"id":52793,"date":"2022-02-15T23:23:00","date_gmt":"2022-02-15T23:23:00","guid":{"rendered":"https:\/\/elregionalvm.com.ar\/noticias-villa-maria\/?p=52793"},"modified":"2022-02-15T23:23:02","modified_gmt":"2022-02-15T23:23:02","slug":"firma-canadiense-produciria-un-vehiculo-electrico-de-alta-gama-en-cordoba","status":"publish","type":"post","link":"https:\/\/elregionalvm.com.ar\/noticias-villa-maria\/firma-canadiense-produciria-un-vehiculo-electrico-de-alta-gama-en-cordoba\/","title":{"rendered":"Firma canadiense producir\u00eda un veh\u00edculo el\u00e9ctrico de alta gama en C\u00f3rdoba"},"content":{"rendered":"\n<p>El ministro de Industria, Comercio y Miner\u00eda, Eduardo Accastello, recibi\u00f3 este martes en la planta de FDC al director general de la empresa Daymak (Canad\u00e1), Aldo Baiocchi, socio estrat\u00e9gico en la construcci\u00f3n del veh\u00edculo el\u00e9ctrico de tres ruedas, cuyo prototipo fue realizado por esta pyme cordobesa radicada en Falda del Carmen.<\/p>\n\n\n\n<p>En la oportunidad, Aldo Baiocchi expres\u00f3 que la firma canadiense est\u00e1 evaluando instalarse e invertir en C\u00f3rdoba para la producci\u00f3n en serie de este veh\u00edculo de alta gama para el mercado internacional.<\/p>\n\n\n\n<p>Se trata de Spiritus Ultimate, cuyo prototipo finalizado se desarroll\u00f3 \u00edntegramente en C\u00f3rdoba, con tecnolog\u00eda, ingenier\u00eda y dise\u00f1o cordob\u00e9s, y componentes fabricados en un 75 % en Argentina.<\/p>\n\n\n\n<figure class=\"wp-block-gallery columns-2 is-cropped wp-block-gallery-1 is-layout-flex wp-block-gallery-is-layout-flex\"><ul class=\"blocks-gallery-grid\"><li class=\"blocks-gallery-item\"><figure><img data-recalc-dims=\"1\" fetchpriority=\"high\" decoding=\"async\" width=\"990\" height=\"660\" src=\"https:\/\/i0.wp.com\/elregionalvm.com.ar\/noticias-villa-maria\/wp-content\/uploads\/2022\/02\/auto-electrico-1.jpg?resize=990%2C660&#038;ssl=1\" alt=\"\" data-id=\"52795\" data-link=\"https:\/\/elregionalvm.com.ar\/noticias-villa-maria\/?attachment_id=52795\" class=\"wp-image-52795\" srcset=\"https:\/\/i0.wp.com\/elregionalvm.com.ar\/noticias-villa-maria\/wp-content\/uploads\/2022\/02\/auto-electrico-1.jpg?w=990&amp;ssl=1 990w, https:\/\/i0.wp.com\/elregionalvm.com.ar\/noticias-villa-maria\/wp-content\/uploads\/2022\/02\/auto-electrico-1.jpg?resize=300%2C200&amp;ssl=1 300w, https:\/\/i0.wp.com\/elregionalvm.com.ar\/noticias-villa-maria\/wp-content\/uploads\/2022\/02\/auto-electrico-1.jpg?resize=768%2C512&amp;ssl=1 768w\" sizes=\"(max-width: 990px) 100vw, 990px\" \/><\/figure><\/li><li class=\"blocks-gallery-item\"><figure><img data-recalc-dims=\"1\" decoding=\"async\" width=\"990\" height=\"660\" src=\"https:\/\/i0.wp.com\/elregionalvm.com.ar\/noticias-villa-maria\/wp-content\/uploads\/2022\/02\/auto-electrico-2.jpg?resize=990%2C660&#038;ssl=1\" alt=\"\" data-id=\"52796\" data-full-url=\"https:\/\/elregionalvm.com.ar\/noticias-villa-maria\/wp-content\/uploads\/2022\/02\/auto-electrico-2.jpg\" data-link=\"https:\/\/elregionalvm.com.ar\/noticias-villa-maria\/?attachment_id=52796\" class=\"wp-image-52796\" srcset=\"https:\/\/i0.wp.com\/elregionalvm.com.ar\/noticias-villa-maria\/wp-content\/uploads\/2022\/02\/auto-electrico-2.jpg?w=990&amp;ssl=1 990w, https:\/\/i0.wp.com\/elregionalvm.com.ar\/noticias-villa-maria\/wp-content\/uploads\/2022\/02\/auto-electrico-2.jpg?resize=300%2C200&amp;ssl=1 300w, https:\/\/i0.wp.com\/elregionalvm.com.ar\/noticias-villa-maria\/wp-content\/uploads\/2022\/02\/auto-electrico-2.jpg?resize=768%2C512&amp;ssl=1 768w\" sizes=\"(max-width: 990px) 100vw, 990px\" \/><\/figure><\/li><\/ul><\/figure>\n\n\n\n<p>La pyme cordobesa FDC, con una vasta trayectoria en la fabricaci\u00f3n de veh\u00edculos de competici\u00f3n, fue elegida por la corporaci\u00f3n canadiense Daymak para la concreci\u00f3n del prototipo de este veh\u00edculo el\u00e9ctrico, con compromiso de entrega de unidades en septiembre 2023 para Estados Unidos, Canad\u00e1 y Europa.<\/p>\n\n\n\n<p>El styling y el dise\u00f1o de la forma del triciclo estuvo a cargo de Fabi\u00e1n Magri Desing, otra firma de nuestra provincia.<\/p>\n\n\n\n<p>Durante esta segunda visita a la planta de Falda del Carmen, el ministro Eduardo Accastello expres\u00f3 que C\u00f3rdoba cuenta con el talento humano capacitado, la tecnolog\u00eda de \u00faltima generaci\u00f3n y la materia prima \u201cpara avanzar en proyectos de movilidad sustentable\u201d. \u201cVamos a acompa\u00f1ar la decisi\u00f3n de los inversores canadienses de invertir y producir uno de sus modelos en nuestra Provincia\u201d, agreg\u00f3.<\/p>\n\n\n\n<p>Luego, Accastello sostuvo: \u201dSeguimos posicionando a la industria automotriz cordobesa en el pa\u00eds y el exterior, consolidando a C\u00f3rdoba como el faro productivo de Argentina\u201d. Adem\u00e1s, destac\u00f3 que nuestra provincia ofrece a los inversores un ecosistema de proveedores, emprendedores y empresas, y la posibilidad de la radicaci\u00f3n en los Parques Industriales, con todos los servicios y beneficios como los de la Promoci\u00f3n Industrial.<\/p>\n\n\n\n<p>Los inversores explicaron que, entre las caracter\u00edsticas del veh\u00edculo el\u00e9ctrico, se encuentra que es de aspecto deportivo, tiene tres ruedas de grandes dimensiones dentro de las cuales se insertan motores independientes de alta potencia.<\/p>\n\n\n\n<p>Permite una aceleraci\u00f3n de 0 a 100 km\/h en 1,8 segundos, algo \u00fanico en el mercado gracias a un sistema de bater\u00edas especiales capaces de entregar 1000 Amp a cada motor. Adem\u00e1s, informaron que es de dos plazas y que sus puertas se abren en forma de tijera, verticalmente.<\/p>\n","protected":false},"excerpt":{"rendered":"<p>El ministro de Industria, Comercio y Miner\u00eda, Eduardo Accastello, recibi\u00f3 este martes en la planta de FDC al director general de la empresa Daymak (Canad\u00e1), Aldo Baiocchi, socio estrat\u00e9gico en la construcci\u00f3n del veh\u00edculo el\u00e9ctrico de tres ruedas, cuyo prototipo fue realizado por esta pyme cordobesa radicada en Falda del Carmen. En la oportunidad, Aldo [&hellip;]<\/p>\n","protected":false},"author":4,"featured_media":52794,"comment_status":"open","ping_status":"open","sticky":false,"template":"","format":"standard","meta":{"site-sidebar-layout":"default","site-content-layout":"default","ast-site-content-layout":"default","site-content-style":"default","site-sidebar-style":"default","ast-global-header-display":"","ast-banner-title-visibility":"","ast-main-header-display":"","ast-hfb-above-header-display":"","ast-hfb-below-header-display":"","ast-hfb-mobile-header-display":"","site-post-title":"","ast-breadcrumbs-content":"","ast-featured-img":"","footer-sml-layout":"","ast-disable-related-posts":"","theme-transparent-header-meta":"default","adv-header-id-meta":"","stick-header-meta":"","header-above-stick-meta":"","header-main-stick-meta":"","header-below-stick-meta":"","astra-migrate-meta-layouts":"default","ast-page-background-enabled":"default","ast-page-background-meta":{"desktop":{"background-color":"","background-image":"","background-repeat":"repeat","background-position":"center center","background-size":"auto","background-attachment":"scroll","background-type":"","background-media":"","overlay-type":"","overlay-color":"","overlay-opacity":"","overlay-gradient":""},"tablet":{"background-color":"","background-image":"","background-repeat":"repeat","background-position":"center center","background-size":"auto","background-attachment":"scroll","background-type":"","background-media":"","overlay-type":"","overlay-color":"","overlay-opacity":"","overlay-gradient":""},"mobile":{"background-color":"","background-image":"","background-repeat":"repeat","background-position":"center center","background-size":"auto","background-attachment":"scroll","background-type":"","background-media":"","overlay-type":"","overlay-color":"","overlay-opacity":"","overlay-gradient":""}},"ast-content-background-meta":{"desktop":{"background-color":"var(--ast-global-color-5)","background-image":"","background-repeat":"repeat","background-position":"center center","background-size":"auto","background-attachment":"scroll","background-type":"","background-media":"","overlay-type":"","overlay-color":"","overlay-opacity":"","overlay-gradient":""},"tablet":{"background-color":"var(--ast-global-color-5)","background-image":"","background-repeat":"repeat","background-position":"center center","background-size":"auto","background-attachment":"scroll","background-type":"","background-media":"","overlay-type":"","overlay-color":"","overlay-opacity":"","overlay-gradient":""},"mobile":{"background-color":"var(--ast-global-color-5)","background-image":"","background-repeat":"repeat","background-position":"center center","background-size":"auto","background-attachment":"scroll","background-type":"","background-media":"","overlay-type":"","overlay-color":"","overlay-opacity":"","overlay-gradient":""}},"_jetpack_memberships_contains_paid_content":false,"_joinchat":[],"footnotes":""},"categories":[2091],"tags":[13758,2694,322,1232,2038,13760,13759],"class_list":["post-52793","post","type-post","status-publish","format-standard","has-post-thumbnail","hentry","category-region","tag-alta-gama","tag-auto-electrico","tag-cordoba","tag-destacado","tag-eduardo-accastello","tag-empresa-daymak","tag-firma-canadiense"],"yoast_head":"<!-- This site is optimized with the Yoast SEO plugin v26.8 - https:\/\/yoast.com\/product\/yoast-seo-wordpress\/ -->\n<title>Firma canadiense producir\u00eda un veh\u00edculo el\u00e9ctrico de alta gama en C\u00f3rdoba - El Regional<\/title>\n<meta name=\"robots\" content=\"index, follow, max-snippet:-1, max-image-preview:large, max-video-preview:-1\" \/>\n<link rel=\"canonical\" href=\"http:\/\/elregionalvm.com.ar\/noticias-villa-maria\/firma-canadiense-produciria-un-vehiculo-electrico-de-alta-gama-en-cordoba\/\" \/>\n<meta property=\"og:locale\" content=\"es_ES\" \/>\n<meta property=\"og:type\" content=\"article\" \/>\n<meta property=\"og:title\" content=\"Firma canadiense producir\u00eda un veh\u00edculo el\u00e9ctrico de alta gama en C\u00f3rdoba - El Regional\" \/>\n<meta property=\"og:description\" content=\"El ministro de Industria, Comercio y Miner\u00eda, Eduardo Accastello, recibi\u00f3 este martes en la planta de FDC al director general de la empresa Daymak (Canad\u00e1), Aldo Baiocchi, socio estrat\u00e9gico en la construcci\u00f3n del veh\u00edculo el\u00e9ctrico de tres ruedas, cuyo prototipo fue realizado por esta pyme cordobesa radicada en Falda del Carmen. En la oportunidad, Aldo [&hellip;]\" \/>\n<meta property=\"og:url\" content=\"http:\/\/elregionalvm.com.ar\/noticias-villa-maria\/firma-canadiense-produciria-un-vehiculo-electrico-de-alta-gama-en-cordoba\/\" \/>\n<meta property=\"og:site_name\" content=\"El Regional\" \/>\n<meta property=\"article:publisher\" content=\"https:\/\/www.facebook.com\/elregionalvm\" \/>\n<meta property=\"article:published_time\" content=\"2022-02-15T23:23:00+00:00\" \/>\n<meta property=\"article:modified_time\" content=\"2022-02-15T23:23:02+00:00\" \/>\n<meta property=\"og:image\" content=\"http:\/\/elregionalvm.com.ar\/noticias-villa-maria\/wp-content\/uploads\/2022\/02\/auto-electrico-alta-gama.jpg\" \/>\n\t<meta property=\"og:image:width\" content=\"990\" \/>\n\t<meta property=\"og:image:height\" content=\"660\" \/>\n\t<meta property=\"og:image:type\" content=\"image\/jpeg\" \/>\n<meta name=\"author\" content=\"Contenidos El Regional\" \/>\n<meta name=\"twitter:card\" content=\"summary_large_image\" \/>\n<meta name=\"twitter:creator\" content=\"@elregionalvm1\" \/>\n<meta name=\"twitter:site\" content=\"@elregionalvm1\" \/>\n<meta name=\"twitter:label1\" content=\"Escrito por\" \/>\n\t<meta name=\"twitter:data1\" content=\"Contenidos El Regional\" \/>\n\t<meta name=\"twitter:label2\" content=\"Tiempo de lectura\" \/>\n\t<meta name=\"twitter:data2\" content=\"3 minutos\" \/>\n<script type=\"application\/ld+json\" class=\"yoast-schema-graph\">{\"@context\":\"https:\/\/schema.org\",\"@graph\":[{\"@type\":\"Article\",\"@id\":\"http:\/\/elregionalvm.com.ar\/noticias-villa-maria\/firma-canadiense-produciria-un-vehiculo-electrico-de-alta-gama-en-cordoba\/#article\",\"isPartOf\":{\"@id\":\"http:\/\/elregionalvm.com.ar\/noticias-villa-maria\/firma-canadiense-produciria-un-vehiculo-electrico-de-alta-gama-en-cordoba\/\"},\"author\":{\"name\":\"Contenidos El Regional\",\"@id\":\"http:\/\/elregionalvm.com.ar\/noticias-villa-maria\/#\/schema\/person\/a0fb9c422317faca23d50163151bc354\"},\"headline\":\"Firma canadiense producir\u00eda un veh\u00edculo el\u00e9ctrico de alta gama en C\u00f3rdoba\",\"datePublished\":\"2022-02-15T23:23:00+00:00\",\"dateModified\":\"2022-02-15T23:23:02+00:00\",\"mainEntityOfPage\":{\"@id\":\"http:\/\/elregionalvm.com.ar\/noticias-villa-maria\/firma-canadiense-produciria-un-vehiculo-electrico-de-alta-gama-en-cordoba\/\"},\"wordCount\":433,\"commentCount\":0,\"image\":{\"@id\":\"http:\/\/elregionalvm.com.ar\/noticias-villa-maria\/firma-canadiense-produciria-un-vehiculo-electrico-de-alta-gama-en-cordoba\/#primaryimage\"},\"thumbnailUrl\":\"https:\/\/i0.wp.com\/elregionalvm.com.ar\/noticias-villa-maria\/wp-content\/uploads\/2022\/02\/auto-electrico-alta-gama.jpg?fit=990%2C660&ssl=1\",\"keywords\":[\"alta gama\",\"Auto el\u00e9ctrico\",\"c\u00f3rdoba\",\"destacado\",\"Eduardo Accastello\",\"empresa Daymak\",\"firma canadiense\"],\"articleSection\":[\"Regi\u00f3n\"],\"inLanguage\":\"es\",\"potentialAction\":[{\"@type\":\"CommentAction\",\"name\":\"Comment\",\"target\":[\"http:\/\/elregionalvm.com.ar\/noticias-villa-maria\/firma-canadiense-produciria-un-vehiculo-electrico-de-alta-gama-en-cordoba\/#respond\"]}]},{\"@type\":\"WebPage\",\"@id\":\"http:\/\/elregionalvm.com.ar\/noticias-villa-maria\/firma-canadiense-produciria-un-vehiculo-electrico-de-alta-gama-en-cordoba\/\",\"url\":\"http:\/\/elregionalvm.com.ar\/noticias-villa-maria\/firma-canadiense-produciria-un-vehiculo-electrico-de-alta-gama-en-cordoba\/\",\"name\":\"Firma canadiense producir\u00eda un veh\u00edculo el\u00e9ctrico de alta gama en C\u00f3rdoba - El Regional\",\"isPartOf\":{\"@id\":\"http:\/\/elregionalvm.com.ar\/noticias-villa-maria\/#website\"},\"primaryImageOfPage\":{\"@id\":\"http:\/\/elregionalvm.com.ar\/noticias-villa-maria\/firma-canadiense-produciria-un-vehiculo-electrico-de-alta-gama-en-cordoba\/#primaryimage\"},\"image\":{\"@id\":\"http:\/\/elregionalvm.com.ar\/noticias-villa-maria\/firma-canadiense-produciria-un-vehiculo-electrico-de-alta-gama-en-cordoba\/#primaryimage\"},\"thumbnailUrl\":\"https:\/\/i0.wp.com\/elregionalvm.com.ar\/noticias-villa-maria\/wp-content\/uploads\/2022\/02\/auto-electrico-alta-gama.jpg?fit=990%2C660&ssl=1\",\"datePublished\":\"2022-02-15T23:23:00+00:00\",\"dateModified\":\"2022-02-15T23:23:02+00:00\",\"author\":{\"@id\":\"http:\/\/elregionalvm.com.ar\/noticias-villa-maria\/#\/schema\/person\/a0fb9c422317faca23d50163151bc354\"},\"breadcrumb\":{\"@id\":\"http:\/\/elregionalvm.com.ar\/noticias-villa-maria\/firma-canadiense-produciria-un-vehiculo-electrico-de-alta-gama-en-cordoba\/#breadcrumb\"},\"inLanguage\":\"es\",\"potentialAction\":[{\"@type\":\"ReadAction\",\"target\":[\"http:\/\/elregionalvm.com.ar\/noticias-villa-maria\/firma-canadiense-produciria-un-vehiculo-electrico-de-alta-gama-en-cordoba\/\"]}]},{\"@type\":\"ImageObject\",\"inLanguage\":\"es\",\"@id\":\"http:\/\/elregionalvm.com.ar\/noticias-villa-maria\/firma-canadiense-produciria-un-vehiculo-electrico-de-alta-gama-en-cordoba\/#primaryimage\",\"url\":\"https:\/\/i0.wp.com\/elregionalvm.com.ar\/noticias-villa-maria\/wp-content\/uploads\/2022\/02\/auto-electrico-alta-gama.jpg?fit=990%2C660&ssl=1\",\"contentUrl\":\"https:\/\/i0.wp.com\/elregionalvm.com.ar\/noticias-villa-maria\/wp-content\/uploads\/2022\/02\/auto-electrico-alta-gama.jpg?fit=990%2C660&ssl=1\",\"width\":990,\"height\":660},{\"@type\":\"BreadcrumbList\",\"@id\":\"http:\/\/elregionalvm.com.ar\/noticias-villa-maria\/firma-canadiense-produciria-un-vehiculo-electrico-de-alta-gama-en-cordoba\/#breadcrumb\",\"itemListElement\":[{\"@type\":\"ListItem\",\"position\":1,\"name\":\"Portada\",\"item\":\"https:\/\/elregionalvm.com.ar\/noticias-villa-maria\/\"},{\"@type\":\"ListItem\",\"position\":2,\"name\":\"Firma canadiense producir\u00eda un veh\u00edculo el\u00e9ctrico de alta gama en C\u00f3rdoba\"}]},{\"@type\":\"WebSite\",\"@id\":\"http:\/\/elregionalvm.com.ar\/noticias-villa-maria\/#website\",\"url\":\"http:\/\/elregionalvm.com.ar\/noticias-villa-maria\/\",\"name\":\"El Regional\",\"description\":\"Mucho m\u00e1s que informaci\u00f3n\",\"potentialAction\":[{\"@type\":\"SearchAction\",\"target\":{\"@type\":\"EntryPoint\",\"urlTemplate\":\"http:\/\/elregionalvm.com.ar\/noticias-villa-maria\/?s={search_term_string}\"},\"query-input\":{\"@type\":\"PropertyValueSpecification\",\"valueRequired\":true,\"valueName\":\"search_term_string\"}}],\"inLanguage\":\"es\"},{\"@type\":\"Person\",\"@id\":\"http:\/\/elregionalvm.com.ar\/noticias-villa-maria\/#\/schema\/person\/a0fb9c422317faca23d50163151bc354\",\"name\":\"Contenidos El Regional\",\"image\":{\"@type\":\"ImageObject\",\"inLanguage\":\"es\",\"@id\":\"http:\/\/elregionalvm.com.ar\/noticias-villa-maria\/#\/schema\/person\/image\/\",\"url\":\"https:\/\/secure.gravatar.com\/avatar\/265b27cb2209af7bb3a1318f03305787d7981a5cc6e6cd08fe5a4ecdf99d4b48?s=96&d=mm&r=g\",\"contentUrl\":\"https:\/\/secure.gravatar.com\/avatar\/265b27cb2209af7bb3a1318f03305787d7981a5cc6e6cd08fe5a4ecdf99d4b48?s=96&d=mm&r=g\",\"caption\":\"Contenidos El Regional\"},\"url\":\"https:\/\/elregionalvm.com.ar\/noticias-villa-maria\/author\/contenido\/\"}]}<\/script>\n<!-- \/ Yoast SEO plugin. -->","yoast_head_json":{"title":"Firma canadiense producir\u00eda un veh\u00edculo el\u00e9ctrico de alta gama en C\u00f3rdoba - El Regional","robots":{"index":"index","follow":"follow","max-snippet":"max-snippet:-1","max-image-preview":"max-image-preview:large","max-video-preview":"max-video-preview:-1"},"canonical":"http:\/\/elregionalvm.com.ar\/noticias-villa-maria\/firma-canadiense-produciria-un-vehiculo-electrico-de-alta-gama-en-cordoba\/","og_locale":"es_ES","og_type":"article","og_title":"Firma canadiense producir\u00eda un veh\u00edculo el\u00e9ctrico de alta gama en C\u00f3rdoba - El Regional","og_description":"El ministro de Industria, Comercio y Miner\u00eda, Eduardo Accastello, recibi\u00f3 este martes en la planta de FDC al director general de la empresa Daymak (Canad\u00e1), Aldo Baiocchi, socio estrat\u00e9gico en la construcci\u00f3n del veh\u00edculo el\u00e9ctrico de tres ruedas, cuyo prototipo fue realizado por esta pyme cordobesa radicada en Falda del Carmen. En la oportunidad, Aldo [&hellip;]","og_url":"http:\/\/elregionalvm.com.ar\/noticias-villa-maria\/firma-canadiense-produciria-un-vehiculo-electrico-de-alta-gama-en-cordoba\/","og_site_name":"El Regional","article_publisher":"https:\/\/www.facebook.com\/elregionalvm","article_published_time":"2022-02-15T23:23:00+00:00","article_modified_time":"2022-02-15T23:23:02+00:00","og_image":[{"width":990,"height":660,"url":"http:\/\/elregionalvm.com.ar\/noticias-villa-maria\/wp-content\/uploads\/2022\/02\/auto-electrico-alta-gama.jpg","type":"image\/jpeg"}],"author":"Contenidos El Regional","twitter_card":"summary_large_image","twitter_creator":"@elregionalvm1","twitter_site":"@elregionalvm1","twitter_misc":{"Escrito por":"Contenidos El Regional","Tiempo de lectura":"3 minutos"},"schema":{"@context":"https:\/\/schema.org","@graph":[{"@type":"Article","@id":"http:\/\/elregionalvm.com.ar\/noticias-villa-maria\/firma-canadiense-produciria-un-vehiculo-electrico-de-alta-gama-en-cordoba\/#article","isPartOf":{"@id":"http:\/\/elregionalvm.com.ar\/noticias-villa-maria\/firma-canadiense-produciria-un-vehiculo-electrico-de-alta-gama-en-cordoba\/"},"author":{"name":"Contenidos El Regional","@id":"http:\/\/elregionalvm.com.ar\/noticias-villa-maria\/#\/schema\/person\/a0fb9c422317faca23d50163151bc354"},"headline":"Firma canadiense producir\u00eda un veh\u00edculo el\u00e9ctrico de alta gama en C\u00f3rdoba","datePublished":"2022-02-15T23:23:00+00:00","dateModified":"2022-02-15T23:23:02+00:00","mainEntityOfPage":{"@id":"http:\/\/elregionalvm.com.ar\/noticias-villa-maria\/firma-canadiense-produciria-un-vehiculo-electrico-de-alta-gama-en-cordoba\/"},"wordCount":433,"commentCount":0,"image":{"@id":"http:\/\/elregionalvm.com.ar\/noticias-villa-maria\/firma-canadiense-produciria-un-vehiculo-electrico-de-alta-gama-en-cordoba\/#primaryimage"},"thumbnailUrl":"https:\/\/i0.wp.com\/elregionalvm.com.ar\/noticias-villa-maria\/wp-content\/uploads\/2022\/02\/auto-electrico-alta-gama.jpg?fit=990%2C660&ssl=1","keywords":["alta gama","Auto el\u00e9ctrico","c\u00f3rdoba","destacado","Eduardo Accastello","empresa Daymak","firma canadiense"],"articleSection":["Regi\u00f3n"],"inLanguage":"es","potentialAction":[{"@type":"CommentAction","name":"Comment","target":["http:\/\/elregionalvm.com.ar\/noticias-villa-maria\/firma-canadiense-produciria-un-vehiculo-electrico-de-alta-gama-en-cordoba\/#respond"]}]},{"@type":"WebPage","@id":"http:\/\/elregionalvm.com.ar\/noticias-villa-maria\/firma-canadiense-produciria-un-vehiculo-electrico-de-alta-gama-en-cordoba\/","url":"http:\/\/elregionalvm.com.ar\/noticias-villa-maria\/firma-canadiense-produciria-un-vehiculo-electrico-de-alta-gama-en-cordoba\/","name":"Firma canadiense producir\u00eda un veh\u00edculo el\u00e9ctrico de alta gama en C\u00f3rdoba - El Regional","isPartOf":{"@id":"http:\/\/elregionalvm.com.ar\/noticias-villa-maria\/#website"},"primaryImageOfPage":{"@id":"http:\/\/elregionalvm.com.ar\/noticias-villa-maria\/firma-canadiense-produciria-un-vehiculo-electrico-de-alta-gama-en-cordoba\/#primaryimage"},"image":{"@id":"http:\/\/elregionalvm.com.ar\/noticias-villa-maria\/firma-canadiense-produciria-un-vehiculo-electrico-de-alta-gama-en-cordoba\/#primaryimage"},"thumbnailUrl":"https:\/\/i0.wp.com\/elregionalvm.com.ar\/noticias-villa-maria\/wp-content\/uploads\/2022\/02\/auto-electrico-alta-gama.jpg?fit=990%2C660&ssl=1","datePublished":"2022-02-15T23:23:00+00:00","dateModified":"2022-02-15T23:23:02+00:00","author":{"@id":"http:\/\/elregionalvm.com.ar\/noticias-villa-maria\/#\/schema\/person\/a0fb9c422317faca23d50163151bc354"},"breadcrumb":{"@id":"http:\/\/elregionalvm.com.ar\/noticias-villa-maria\/firma-canadiense-produciria-un-vehiculo-electrico-de-alta-gama-en-cordoba\/#breadcrumb"},"inLanguage":"es","potentialAction":[{"@type":"ReadAction","target":["http:\/\/elregionalvm.com.ar\/noticias-villa-maria\/firma-canadiense-produciria-un-vehiculo-electrico-de-alta-gama-en-cordoba\/"]}]},{"@type":"ImageObject","inLanguage":"es","@id":"http:\/\/elregionalvm.com.ar\/noticias-villa-maria\/firma-canadiense-produciria-un-vehiculo-electrico-de-alta-gama-en-cordoba\/#primaryimage","url":"https:\/\/i0.wp.com\/elregionalvm.com.ar\/noticias-villa-maria\/wp-content\/uploads\/2022\/02\/auto-electrico-alta-gama.jpg?fit=990%2C660&ssl=1","contentUrl":"https:\/\/i0.wp.com\/elregionalvm.com.ar\/noticias-villa-maria\/wp-content\/uploads\/2022\/02\/auto-electrico-alta-gama.jpg?fit=990%2C660&ssl=1","width":990,"height":660},{"@type":"BreadcrumbList","@id":"http:\/\/elregionalvm.com.ar\/noticias-villa-maria\/firma-canadiense-produciria-un-vehiculo-electrico-de-alta-gama-en-cordoba\/#breadcrumb","itemListElement":[{"@type":"ListItem","position":1,"name":"Portada","item":"https:\/\/elregionalvm.com.ar\/noticias-villa-maria\/"},{"@type":"ListItem","position":2,"name":"Firma canadiense producir\u00eda un veh\u00edculo el\u00e9ctrico de alta gama en C\u00f3rdoba"}]},{"@type":"WebSite","@id":"http:\/\/elregionalvm.com.ar\/noticias-villa-maria\/#website","url":"http:\/\/elregionalvm.com.ar\/noticias-villa-maria\/","name":"El Regional","description":"Mucho m\u00e1s que informaci\u00f3n","potentialAction":[{"@type":"SearchAction","target":{"@type":"EntryPoint","urlTemplate":"http:\/\/elregionalvm.com.ar\/noticias-villa-maria\/?s={search_term_string}"},"query-input":{"@type":"PropertyValueSpecification","valueRequired":true,"valueName":"search_term_string"}}],"inLanguage":"es"},{"@type":"Person","@id":"http:\/\/elregionalvm.com.ar\/noticias-villa-maria\/#\/schema\/person\/a0fb9c422317faca23d50163151bc354","name":"Contenidos El Regional","image":{"@type":"ImageObject","inLanguage":"es","@id":"http:\/\/elregionalvm.com.ar\/noticias-villa-maria\/#\/schema\/person\/image\/","url":"https:\/\/secure.gravatar.com\/avatar\/265b27cb2209af7bb3a1318f03305787d7981a5cc6e6cd08fe5a4ecdf99d4b48?s=96&d=mm&r=g","contentUrl":"https:\/\/secure.gravatar.com\/avatar\/265b27cb2209af7bb3a1318f03305787d7981a5cc6e6cd08fe5a4ecdf99d4b48?s=96&d=mm&r=g","caption":"Contenidos El Regional"},"url":"https:\/\/elregionalvm.com.ar\/noticias-villa-maria\/author\/contenido\/"}]}},"jetpack_featured_media_url":"https:\/\/i0.wp.com\/elregionalvm.com.ar\/noticias-villa-maria\/wp-content\/uploads\/2022\/02\/auto-electrico-alta-gama.jpg?fit=990%2C660&ssl=1","jetpack_sharing_enabled":true,"_links":{"self":[{"href":"https:\/\/elregionalvm.com.ar\/noticias-villa-maria\/wp-json\/wp\/v2\/posts\/52793","targetHints":{"allow":["GET"]}}],"collection":[{"href":"https:\/\/elregionalvm.com.ar\/noticias-villa-maria\/wp-json\/wp\/v2\/posts"}],"about":[{"href":"https:\/\/elregionalvm.com.ar\/noticias-villa-maria\/wp-json\/wp\/v2\/types\/post"}],"author":[{"embeddable":true,"href":"https:\/\/elregionalvm.com.ar\/noticias-villa-maria\/wp-json\/wp\/v2\/users\/4"}],"replies":[{"embeddable":true,"href":"https:\/\/elregionalvm.com.ar\/noticias-villa-maria\/wp-json\/wp\/v2\/comments?post=52793"}],"version-history":[{"count":1,"href":"https:\/\/elregionalvm.com.ar\/noticias-villa-maria\/wp-json\/wp\/v2\/posts\/52793\/revisions"}],"predecessor-version":[{"id":52797,"href":"https:\/\/elregionalvm.com.ar\/noticias-villa-maria\/wp-json\/wp\/v2\/posts\/52793\/revisions\/52797"}],"wp:featuredmedia":[{"embeddable":true,"href":"https:\/\/elregionalvm.com.ar\/noticias-villa-maria\/wp-json\/wp\/v2\/media\/52794"}],"wp:attachment":[{"href":"https:\/\/elregionalvm.com.ar\/noticias-villa-maria\/wp-json\/wp\/v2\/media?parent=52793"}],"wp:term":[{"taxonomy":"category","embeddable":true,"href":"https:\/\/elregionalvm.com.ar\/noticias-villa-maria\/wp-json\/wp\/v2\/categories?post=52793"},{"taxonomy":"post_tag","embeddable":true,"href":"https:\/\/elregionalvm.com.ar\/noticias-villa-maria\/wp-json\/wp\/v2\/tags?post=52793"}],"curies":[{"name":"wp","href":"https:\/\/api.w.org\/{rel}","templated":true}]}}