{"id":52863,"date":"2022-02-18T10:57:49","date_gmt":"2022-02-18T10:57:49","guid":{"rendered":"https:\/\/elregionalvm.com.ar\/noticias-villa-maria\/?p=52863"},"modified":"2022-02-18T10:57:51","modified_gmt":"2022-02-18T10:57:51","slug":"barrio-las-playas-29-familias-autoconstruiran-sus-viviendas","status":"publish","type":"post","link":"https:\/\/elregionalvm.com.ar\/noticias-villa-maria\/barrio-las-playas-29-familias-autoconstruiran-sus-viviendas\/","title":{"rendered":"Barrio Las Playas: 29 familias autoconstruir\u00e1n sus viviendas"},"content":{"rendered":"\n<p>El intendente Mart\u00edn Gill hizo efectiva la entrega de 29 terrenos en las 23 hect\u00e1reas de barrio Las Playas, en el marco de los convenios suscriptos por el municipio y las familias. 19 de estos lotes integran el predio donde tambi\u00e9n se llevar\u00e1n a cabo 300 unidades habitacionales a trav\u00e9s del programa Casa Propia, financiado por el Gobierno nacional; mientras que los 10 restantes se ubican en la zona de Los Chaleses.<\/p>\n\n\n\n<p>En este lugar, los vecinos adjudicados podr\u00e1n construir su vivienda contando con los servicios de red domiciliaria de agua potable, cloacas y cord\u00f3n cuneta, que est\u00e1n en proceso de licitaci\u00f3n a trav\u00e9s del Instituto Municipal de la Vivienda (IMV). En la misma l\u00ednea, se hizo entrega de 10 lotes con los mismos criterios en el sector de Los Chaleses.<\/p>\n\n\n\n<figure class=\"wp-block-gallery columns-2 is-cropped wp-block-gallery-1 is-layout-flex wp-block-gallery-is-layout-flex\"><ul class=\"blocks-gallery-grid\"><li class=\"blocks-gallery-item\"><figure><img data-recalc-dims=\"1\" fetchpriority=\"high\" decoding=\"async\" width=\"1024\" height=\"682\" src=\"https:\/\/i0.wp.com\/elregionalvm.com.ar\/noticias-villa-maria\/wp-content\/uploads\/2022\/02\/WhatsApp-Image-2022-02-16-at-16.11.50.jpeg?resize=1024%2C682&#038;ssl=1\" alt=\"\" data-id=\"52865\" data-link=\"https:\/\/elregionalvm.com.ar\/noticias-villa-maria\/?attachment_id=52865\" class=\"wp-image-52865\" srcset=\"https:\/\/i0.wp.com\/elregionalvm.com.ar\/noticias-villa-maria\/wp-content\/uploads\/2022\/02\/WhatsApp-Image-2022-02-16-at-16.11.50.jpeg?resize=1024%2C682&amp;ssl=1 1024w, https:\/\/i0.wp.com\/elregionalvm.com.ar\/noticias-villa-maria\/wp-content\/uploads\/2022\/02\/WhatsApp-Image-2022-02-16-at-16.11.50.jpeg?resize=300%2C200&amp;ssl=1 300w, https:\/\/i0.wp.com\/elregionalvm.com.ar\/noticias-villa-maria\/wp-content\/uploads\/2022\/02\/WhatsApp-Image-2022-02-16-at-16.11.50.jpeg?resize=768%2C512&amp;ssl=1 768w, https:\/\/i0.wp.com\/elregionalvm.com.ar\/noticias-villa-maria\/wp-content\/uploads\/2022\/02\/WhatsApp-Image-2022-02-16-at-16.11.50.jpeg?w=1280&amp;ssl=1 1280w\" sizes=\"(max-width: 1000px) 100vw, 1000px\" \/><\/figure><\/li><li class=\"blocks-gallery-item\"><figure><img data-recalc-dims=\"1\" decoding=\"async\" width=\"1024\" height=\"682\" src=\"https:\/\/i0.wp.com\/elregionalvm.com.ar\/noticias-villa-maria\/wp-content\/uploads\/2022\/02\/WhatsApp-Image-2022-02-16-at-16.11.49.jpeg?resize=1024%2C682&#038;ssl=1\" alt=\"\" data-id=\"52866\" data-full-url=\"https:\/\/elregionalvm.com.ar\/noticias-villa-maria\/wp-content\/uploads\/2022\/02\/WhatsApp-Image-2022-02-16-at-16.11.49.jpeg\" data-link=\"https:\/\/elregionalvm.com.ar\/noticias-villa-maria\/?attachment_id=52866\" class=\"wp-image-52866\" srcset=\"https:\/\/i0.wp.com\/elregionalvm.com.ar\/noticias-villa-maria\/wp-content\/uploads\/2022\/02\/WhatsApp-Image-2022-02-16-at-16.11.49.jpeg?resize=1024%2C682&amp;ssl=1 1024w, https:\/\/i0.wp.com\/elregionalvm.com.ar\/noticias-villa-maria\/wp-content\/uploads\/2022\/02\/WhatsApp-Image-2022-02-16-at-16.11.49.jpeg?resize=300%2C200&amp;ssl=1 300w, https:\/\/i0.wp.com\/elregionalvm.com.ar\/noticias-villa-maria\/wp-content\/uploads\/2022\/02\/WhatsApp-Image-2022-02-16-at-16.11.49.jpeg?resize=768%2C512&amp;ssl=1 768w, https:\/\/i0.wp.com\/elregionalvm.com.ar\/noticias-villa-maria\/wp-content\/uploads\/2022\/02\/WhatsApp-Image-2022-02-16-at-16.11.49.jpeg?w=1280&amp;ssl=1 1280w\" sizes=\"(max-width: 1000px) 100vw, 1000px\" \/><\/figure><\/li><\/ul><\/figure>\n\n\n\n<p>Gill se hizo presente en el lugar donde asign\u00f3 los 19 lotes del sitio ubicado en barrio Las Playas, en la intersecci\u00f3n de calle Costa Rica y Hait\u00ed. En este sentido, el mandatario municipal destac\u00f3 \u201cel compromiso que asumi\u00f3 el municipio con las familias\u201d, para hacer entrega de los terrenos, \u201cmanteniendo un di\u00e1logo constante que permiti\u00f3 alcanzar este acuerdo\u201d.<\/p>\n\n\n\n<p>El titular del Ejecutivo municipal destac\u00f3 la importancia de este convenio, ya que significar\u00e1 una \u201cprofunda transformaci\u00f3n del lugar que permitir\u00e1 convertirse en un nuevo barrio\u201d.<\/p>\n\n\n\n<p>Cabe destacar que los vecinos adjudicados abonar\u00e1n el terreno adquirido en cuotas, y cada uno se encargar\u00e1 de construir su propia vivienda, para lo que contar\u00e1n con apoyo del municipio en materia t\u00e9cnica y de normativa vigente, a la vez que se proveer\u00e1 la infraestructura urbana. En este sentido, el pr\u00f3ximo lunes se abrir\u00e1n los sobres de la licitaci\u00f3n en marcha para la dotaci\u00f3n de cord\u00f3n cuneta, red de agua potable y cloacas.<\/p>\n\n\n\n<p>Acompa\u00f1aron al mandatario local en la designaci\u00f3n de lotes, la secretar\u00eda de Inclusi\u00f3n Social y Territorio, Celeste Curetti y la titular del Instituto Municipal de la Vivienda, Silvia Cuello.<\/p>\n","protected":false},"excerpt":{"rendered":"<p>El intendente Mart\u00edn Gill hizo efectiva la entrega de 29 terrenos en las 23 hect\u00e1reas de barrio Las Playas, en el marco de los convenios suscriptos por el municipio y las familias. 19 de estos lotes integran el predio donde tambi\u00e9n se llevar\u00e1n a cabo 300 unidades habitacionales a trav\u00e9s del programa Casa Propia, financiado [&hellip;]<\/p>\n","protected":false},"author":4,"featured_media":52864,"comment_status":"open","ping_status":"open","sticky":false,"template":"","format":"standard","meta":{"site-sidebar-layout":"default","site-content-layout":"default","ast-site-content-layout":"default","site-content-style":"default","site-sidebar-style":"default","ast-global-header-display":"","ast-banner-title-visibility":"","ast-main-header-display":"","ast-hfb-above-header-display":"","ast-hfb-below-header-display":"","ast-hfb-mobile-header-display":"","site-post-title":"","ast-breadcrumbs-content":"","ast-featured-img":"","footer-sml-layout":"","ast-disable-related-posts":"","theme-transparent-header-meta":"default","adv-header-id-meta":"","stick-header-meta":"","header-above-stick-meta":"","header-main-stick-meta":"","header-below-stick-meta":"","astra-migrate-meta-layouts":"default","ast-page-background-enabled":"default","ast-page-background-meta":{"desktop":{"background-color":"","background-image":"","background-repeat":"repeat","background-position":"center center","background-size":"auto","background-attachment":"scroll","background-type":"","background-media":"","overlay-type":"","overlay-color":"","overlay-opacity":"","overlay-gradient":""},"tablet":{"background-color":"","background-image":"","background-repeat":"repeat","background-position":"center center","background-size":"auto","background-attachment":"scroll","background-type":"","background-media":"","overlay-type":"","overlay-color":"","overlay-opacity":"","overlay-gradient":""},"mobile":{"background-color":"","background-image":"","background-repeat":"repeat","background-position":"center center","background-size":"auto","background-attachment":"scroll","background-type":"","background-media":"","overlay-type":"","overlay-color":"","overlay-opacity":"","overlay-gradient":""}},"ast-content-background-meta":{"desktop":{"background-color":"var(--ast-global-color-5)","background-image":"","background-repeat":"repeat","background-position":"center center","background-size":"auto","background-attachment":"scroll","background-type":"","background-media":"","overlay-type":"","overlay-color":"","overlay-opacity":"","overlay-gradient":""},"tablet":{"background-color":"var(--ast-global-color-5)","background-image":"","background-repeat":"repeat","background-position":"center center","background-size":"auto","background-attachment":"scroll","background-type":"","background-media":"","overlay-type":"","overlay-color":"","overlay-opacity":"","overlay-gradient":""},"mobile":{"background-color":"var(--ast-global-color-5)","background-image":"","background-repeat":"repeat","background-position":"center center","background-size":"auto","background-attachment":"scroll","background-type":"","background-media":"","overlay-type":"","overlay-color":"","overlay-opacity":"","overlay-gradient":""}},"_jetpack_memberships_contains_paid_content":false,"_joinchat":[],"footnotes":""},"categories":[2],"tags":[13796,13795,2301,2821,1232,2474,11914],"class_list":["post-52863","post","type-post","status-publish","format-standard","has-post-thumbnail","hentry","category-villa-maria","tag-19-lotes","tag-autoconstruccion","tag-barrio-las-playas","tag-convenio","tag-destacado","tag-municipalidad-de-villa-maria","tag-terrenos"],"yoast_head":"<!-- This site is optimized with the Yoast SEO plugin v26.8 - https:\/\/yoast.com\/product\/yoast-seo-wordpress\/ -->\n<title>Barrio Las Playas: 29 familias autoconstruir\u00e1n sus viviendas - El Regional<\/title>\n<meta name=\"robots\" content=\"index, follow, max-snippet:-1, max-image-preview:large, max-video-preview:-1\" \/>\n<link rel=\"canonical\" href=\"http:\/\/elregionalvm.com.ar\/noticias-villa-maria\/barrio-las-playas-29-familias-autoconstruiran-sus-viviendas\/\" \/>\n<meta property=\"og:locale\" content=\"es_ES\" \/>\n<meta property=\"og:type\" content=\"article\" \/>\n<meta property=\"og:title\" content=\"Barrio Las Playas: 29 familias autoconstruir\u00e1n sus viviendas - El Regional\" \/>\n<meta property=\"og:description\" content=\"El intendente Mart\u00edn Gill hizo efectiva la entrega de 29 terrenos en las 23 hect\u00e1reas de barrio Las Playas, en el marco de los convenios suscriptos por el municipio y las familias. 19 de estos lotes integran el predio donde tambi\u00e9n se llevar\u00e1n a cabo 300 unidades habitacionales a trav\u00e9s del programa Casa Propia, financiado [&hellip;]\" \/>\n<meta property=\"og:url\" content=\"http:\/\/elregionalvm.com.ar\/noticias-villa-maria\/barrio-las-playas-29-familias-autoconstruiran-sus-viviendas\/\" \/>\n<meta property=\"og:site_name\" content=\"El Regional\" \/>\n<meta property=\"article:publisher\" content=\"https:\/\/www.facebook.com\/elregionalvm\" \/>\n<meta property=\"article:published_time\" content=\"2022-02-18T10:57:49+00:00\" \/>\n<meta property=\"article:modified_time\" content=\"2022-02-18T10:57:51+00:00\" \/>\n<meta property=\"og:image\" content=\"http:\/\/elregionalvm.com.ar\/noticias-villa-maria\/wp-content\/uploads\/2022\/02\/WhatsApp-Image-2022-02-16-at-16.11.57.jpeg\" \/>\n\t<meta property=\"og:image:width\" content=\"1280\" \/>\n\t<meta property=\"og:image:height\" content=\"853\" \/>\n\t<meta property=\"og:image:type\" content=\"image\/jpeg\" \/>\n<meta name=\"author\" content=\"Contenidos El Regional\" \/>\n<meta name=\"twitter:card\" content=\"summary_large_image\" \/>\n<meta name=\"twitter:creator\" content=\"@elregionalvm1\" \/>\n<meta name=\"twitter:site\" content=\"@elregionalvm1\" \/>\n<meta name=\"twitter:label1\" content=\"Escrito por\" \/>\n\t<meta name=\"twitter:data1\" content=\"Contenidos El Regional\" \/>\n\t<meta name=\"twitter:label2\" content=\"Tiempo de lectura\" \/>\n\t<meta name=\"twitter:data2\" content=\"2 minutos\" \/>\n<script type=\"application\/ld+json\" class=\"yoast-schema-graph\">{\"@context\":\"https:\/\/schema.org\",\"@graph\":[{\"@type\":\"Article\",\"@id\":\"http:\/\/elregionalvm.com.ar\/noticias-villa-maria\/barrio-las-playas-29-familias-autoconstruiran-sus-viviendas\/#article\",\"isPartOf\":{\"@id\":\"http:\/\/elregionalvm.com.ar\/noticias-villa-maria\/barrio-las-playas-29-familias-autoconstruiran-sus-viviendas\/\"},\"author\":{\"name\":\"Contenidos El Regional\",\"@id\":\"http:\/\/elregionalvm.com.ar\/noticias-villa-maria\/#\/schema\/person\/a0fb9c422317faca23d50163151bc354\"},\"headline\":\"Barrio Las Playas: 29 familias autoconstruir\u00e1n sus viviendas\",\"datePublished\":\"2022-02-18T10:57:49+00:00\",\"dateModified\":\"2022-02-18T10:57:51+00:00\",\"mainEntityOfPage\":{\"@id\":\"http:\/\/elregionalvm.com.ar\/noticias-villa-maria\/barrio-las-playas-29-familias-autoconstruiran-sus-viviendas\/\"},\"wordCount\":345,\"commentCount\":0,\"image\":{\"@id\":\"http:\/\/elregionalvm.com.ar\/noticias-villa-maria\/barrio-las-playas-29-familias-autoconstruiran-sus-viviendas\/#primaryimage\"},\"thumbnailUrl\":\"https:\/\/i0.wp.com\/elregionalvm.com.ar\/noticias-villa-maria\/wp-content\/uploads\/2022\/02\/WhatsApp-Image-2022-02-16-at-16.11.57.jpeg?fit=1280%2C853&ssl=1\",\"keywords\":[\"19 lotes\",\"autoconstrucci\u00f3n\",\"Barrio Las Playas\",\"convenio\",\"destacado\",\"Municipalidad de Villa Mar\u00eda\",\"terrenos\"],\"articleSection\":[\"Villa Mar\u00eda\"],\"inLanguage\":\"es\",\"potentialAction\":[{\"@type\":\"CommentAction\",\"name\":\"Comment\",\"target\":[\"http:\/\/elregionalvm.com.ar\/noticias-villa-maria\/barrio-las-playas-29-familias-autoconstruiran-sus-viviendas\/#respond\"]}]},{\"@type\":\"WebPage\",\"@id\":\"http:\/\/elregionalvm.com.ar\/noticias-villa-maria\/barrio-las-playas-29-familias-autoconstruiran-sus-viviendas\/\",\"url\":\"http:\/\/elregionalvm.com.ar\/noticias-villa-maria\/barrio-las-playas-29-familias-autoconstruiran-sus-viviendas\/\",\"name\":\"Barrio Las Playas: 29 familias autoconstruir\u00e1n sus viviendas - El Regional\",\"isPartOf\":{\"@id\":\"http:\/\/elregionalvm.com.ar\/noticias-villa-maria\/#website\"},\"primaryImageOfPage\":{\"@id\":\"http:\/\/elregionalvm.com.ar\/noticias-villa-maria\/barrio-las-playas-29-familias-autoconstruiran-sus-viviendas\/#primaryimage\"},\"image\":{\"@id\":\"http:\/\/elregionalvm.com.ar\/noticias-villa-maria\/barrio-las-playas-29-familias-autoconstruiran-sus-viviendas\/#primaryimage\"},\"thumbnailUrl\":\"https:\/\/i0.wp.com\/elregionalvm.com.ar\/noticias-villa-maria\/wp-content\/uploads\/2022\/02\/WhatsApp-Image-2022-02-16-at-16.11.57.jpeg?fit=1280%2C853&ssl=1\",\"datePublished\":\"2022-02-18T10:57:49+00:00\",\"dateModified\":\"2022-02-18T10:57:51+00:00\",\"author\":{\"@id\":\"http:\/\/elregionalvm.com.ar\/noticias-villa-maria\/#\/schema\/person\/a0fb9c422317faca23d50163151bc354\"},\"breadcrumb\":{\"@id\":\"http:\/\/elregionalvm.com.ar\/noticias-villa-maria\/barrio-las-playas-29-familias-autoconstruiran-sus-viviendas\/#breadcrumb\"},\"inLanguage\":\"es\",\"potentialAction\":[{\"@type\":\"ReadAction\",\"target\":[\"http:\/\/elregionalvm.com.ar\/noticias-villa-maria\/barrio-las-playas-29-familias-autoconstruiran-sus-viviendas\/\"]}]},{\"@type\":\"ImageObject\",\"inLanguage\":\"es\",\"@id\":\"http:\/\/elregionalvm.com.ar\/noticias-villa-maria\/barrio-las-playas-29-familias-autoconstruiran-sus-viviendas\/#primaryimage\",\"url\":\"https:\/\/i0.wp.com\/elregionalvm.com.ar\/noticias-villa-maria\/wp-content\/uploads\/2022\/02\/WhatsApp-Image-2022-02-16-at-16.11.57.jpeg?fit=1280%2C853&ssl=1\",\"contentUrl\":\"https:\/\/i0.wp.com\/elregionalvm.com.ar\/noticias-villa-maria\/wp-content\/uploads\/2022\/02\/WhatsApp-Image-2022-02-16-at-16.11.57.jpeg?fit=1280%2C853&ssl=1\",\"width\":1280,\"height\":853},{\"@type\":\"BreadcrumbList\",\"@id\":\"http:\/\/elregionalvm.com.ar\/noticias-villa-maria\/barrio-las-playas-29-familias-autoconstruiran-sus-viviendas\/#breadcrumb\",\"itemListElement\":[{\"@type\":\"ListItem\",\"position\":1,\"name\":\"Portada\",\"item\":\"https:\/\/elregionalvm.com.ar\/noticias-villa-maria\/\"},{\"@type\":\"ListItem\",\"position\":2,\"name\":\"Barrio Las Playas: 29 familias autoconstruir\u00e1n sus viviendas\"}]},{\"@type\":\"WebSite\",\"@id\":\"http:\/\/elregionalvm.com.ar\/noticias-villa-maria\/#website\",\"url\":\"http:\/\/elregionalvm.com.ar\/noticias-villa-maria\/\",\"name\":\"El Regional\",\"description\":\"Mucho m\u00e1s que informaci\u00f3n\",\"potentialAction\":[{\"@type\":\"SearchAction\",\"target\":{\"@type\":\"EntryPoint\",\"urlTemplate\":\"http:\/\/elregionalvm.com.ar\/noticias-villa-maria\/?s={search_term_string}\"},\"query-input\":{\"@type\":\"PropertyValueSpecification\",\"valueRequired\":true,\"valueName\":\"search_term_string\"}}],\"inLanguage\":\"es\"},{\"@type\":\"Person\",\"@id\":\"http:\/\/elregionalvm.com.ar\/noticias-villa-maria\/#\/schema\/person\/a0fb9c422317faca23d50163151bc354\",\"name\":\"Contenidos El Regional\",\"image\":{\"@type\":\"ImageObject\",\"inLanguage\":\"es\",\"@id\":\"http:\/\/elregionalvm.com.ar\/noticias-villa-maria\/#\/schema\/person\/image\/\",\"url\":\"https:\/\/secure.gravatar.com\/avatar\/265b27cb2209af7bb3a1318f03305787d7981a5cc6e6cd08fe5a4ecdf99d4b48?s=96&d=mm&r=g\",\"contentUrl\":\"https:\/\/secure.gravatar.com\/avatar\/265b27cb2209af7bb3a1318f03305787d7981a5cc6e6cd08fe5a4ecdf99d4b48?s=96&d=mm&r=g\",\"caption\":\"Contenidos El Regional\"},\"url\":\"https:\/\/elregionalvm.com.ar\/noticias-villa-maria\/author\/contenido\/\"}]}<\/script>\n<!-- \/ Yoast SEO plugin. -->","yoast_head_json":{"title":"Barrio Las Playas: 29 familias autoconstruir\u00e1n sus viviendas - El Regional","robots":{"index":"index","follow":"follow","max-snippet":"max-snippet:-1","max-image-preview":"max-image-preview:large","max-video-preview":"max-video-preview:-1"},"canonical":"http:\/\/elregionalvm.com.ar\/noticias-villa-maria\/barrio-las-playas-29-familias-autoconstruiran-sus-viviendas\/","og_locale":"es_ES","og_type":"article","og_title":"Barrio Las Playas: 29 familias autoconstruir\u00e1n sus viviendas - El Regional","og_description":"El intendente Mart\u00edn Gill hizo efectiva la entrega de 29 terrenos en las 23 hect\u00e1reas de barrio Las Playas, en el marco de los convenios suscriptos por el municipio y las familias. 19 de estos lotes integran el predio donde tambi\u00e9n se llevar\u00e1n a cabo 300 unidades habitacionales a trav\u00e9s del programa Casa Propia, financiado [&hellip;]","og_url":"http:\/\/elregionalvm.com.ar\/noticias-villa-maria\/barrio-las-playas-29-familias-autoconstruiran-sus-viviendas\/","og_site_name":"El Regional","article_publisher":"https:\/\/www.facebook.com\/elregionalvm","article_published_time":"2022-02-18T10:57:49+00:00","article_modified_time":"2022-02-18T10:57:51+00:00","og_image":[{"width":1280,"height":853,"url":"http:\/\/elregionalvm.com.ar\/noticias-villa-maria\/wp-content\/uploads\/2022\/02\/WhatsApp-Image-2022-02-16-at-16.11.57.jpeg","type":"image\/jpeg"}],"author":"Contenidos El Regional","twitter_card":"summary_large_image","twitter_creator":"@elregionalvm1","twitter_site":"@elregionalvm1","twitter_misc":{"Escrito por":"Contenidos El Regional","Tiempo de lectura":"2 minutos"},"schema":{"@context":"https:\/\/schema.org","@graph":[{"@type":"Article","@id":"http:\/\/elregionalvm.com.ar\/noticias-villa-maria\/barrio-las-playas-29-familias-autoconstruiran-sus-viviendas\/#article","isPartOf":{"@id":"http:\/\/elregionalvm.com.ar\/noticias-villa-maria\/barrio-las-playas-29-familias-autoconstruiran-sus-viviendas\/"},"author":{"name":"Contenidos El Regional","@id":"http:\/\/elregionalvm.com.ar\/noticias-villa-maria\/#\/schema\/person\/a0fb9c422317faca23d50163151bc354"},"headline":"Barrio Las Playas: 29 familias autoconstruir\u00e1n sus viviendas","datePublished":"2022-02-18T10:57:49+00:00","dateModified":"2022-02-18T10:57:51+00:00","mainEntityOfPage":{"@id":"http:\/\/elregionalvm.com.ar\/noticias-villa-maria\/barrio-las-playas-29-familias-autoconstruiran-sus-viviendas\/"},"wordCount":345,"commentCount":0,"image":{"@id":"http:\/\/elregionalvm.com.ar\/noticias-villa-maria\/barrio-las-playas-29-familias-autoconstruiran-sus-viviendas\/#primaryimage"},"thumbnailUrl":"https:\/\/i0.wp.com\/elregionalvm.com.ar\/noticias-villa-maria\/wp-content\/uploads\/2022\/02\/WhatsApp-Image-2022-02-16-at-16.11.57.jpeg?fit=1280%2C853&ssl=1","keywords":["19 lotes","autoconstrucci\u00f3n","Barrio Las Playas","convenio","destacado","Municipalidad de Villa Mar\u00eda","terrenos"],"articleSection":["Villa Mar\u00eda"],"inLanguage":"es","potentialAction":[{"@type":"CommentAction","name":"Comment","target":["http:\/\/elregionalvm.com.ar\/noticias-villa-maria\/barrio-las-playas-29-familias-autoconstruiran-sus-viviendas\/#respond"]}]},{"@type":"WebPage","@id":"http:\/\/elregionalvm.com.ar\/noticias-villa-maria\/barrio-las-playas-29-familias-autoconstruiran-sus-viviendas\/","url":"http:\/\/elregionalvm.com.ar\/noticias-villa-maria\/barrio-las-playas-29-familias-autoconstruiran-sus-viviendas\/","name":"Barrio Las Playas: 29 familias autoconstruir\u00e1n sus viviendas - El Regional","isPartOf":{"@id":"http:\/\/elregionalvm.com.ar\/noticias-villa-maria\/#website"},"primaryImageOfPage":{"@id":"http:\/\/elregionalvm.com.ar\/noticias-villa-maria\/barrio-las-playas-29-familias-autoconstruiran-sus-viviendas\/#primaryimage"},"image":{"@id":"http:\/\/elregionalvm.com.ar\/noticias-villa-maria\/barrio-las-playas-29-familias-autoconstruiran-sus-viviendas\/#primaryimage"},"thumbnailUrl":"https:\/\/i0.wp.com\/elregionalvm.com.ar\/noticias-villa-maria\/wp-content\/uploads\/2022\/02\/WhatsApp-Image-2022-02-16-at-16.11.57.jpeg?fit=1280%2C853&ssl=1","datePublished":"2022-02-18T10:57:49+00:00","dateModified":"2022-02-18T10:57:51+00:00","author":{"@id":"http:\/\/elregionalvm.com.ar\/noticias-villa-maria\/#\/schema\/person\/a0fb9c422317faca23d50163151bc354"},"breadcrumb":{"@id":"http:\/\/elregionalvm.com.ar\/noticias-villa-maria\/barrio-las-playas-29-familias-autoconstruiran-sus-viviendas\/#breadcrumb"},"inLanguage":"es","potentialAction":[{"@type":"ReadAction","target":["http:\/\/elregionalvm.com.ar\/noticias-villa-maria\/barrio-las-playas-29-familias-autoconstruiran-sus-viviendas\/"]}]},{"@type":"ImageObject","inLanguage":"es","@id":"http:\/\/elregionalvm.com.ar\/noticias-villa-maria\/barrio-las-playas-29-familias-autoconstruiran-sus-viviendas\/#primaryimage","url":"https:\/\/i0.wp.com\/elregionalvm.com.ar\/noticias-villa-maria\/wp-content\/uploads\/2022\/02\/WhatsApp-Image-2022-02-16-at-16.11.57.jpeg?fit=1280%2C853&ssl=1","contentUrl":"https:\/\/i0.wp.com\/elregionalvm.com.ar\/noticias-villa-maria\/wp-content\/uploads\/2022\/02\/WhatsApp-Image-2022-02-16-at-16.11.57.jpeg?fit=1280%2C853&ssl=1","width":1280,"height":853},{"@type":"BreadcrumbList","@id":"http:\/\/elregionalvm.com.ar\/noticias-villa-maria\/barrio-las-playas-29-familias-autoconstruiran-sus-viviendas\/#breadcrumb","itemListElement":[{"@type":"ListItem","position":1,"name":"Portada","item":"https:\/\/elregionalvm.com.ar\/noticias-villa-maria\/"},{"@type":"ListItem","position":2,"name":"Barrio Las Playas: 29 familias autoconstruir\u00e1n sus viviendas"}]},{"@type":"WebSite","@id":"http:\/\/elregionalvm.com.ar\/noticias-villa-maria\/#website","url":"http:\/\/elregionalvm.com.ar\/noticias-villa-maria\/","name":"El Regional","description":"Mucho m\u00e1s que informaci\u00f3n","potentialAction":[{"@type":"SearchAction","target":{"@type":"EntryPoint","urlTemplate":"http:\/\/elregionalvm.com.ar\/noticias-villa-maria\/?s={search_term_string}"},"query-input":{"@type":"PropertyValueSpecification","valueRequired":true,"valueName":"search_term_string"}}],"inLanguage":"es"},{"@type":"Person","@id":"http:\/\/elregionalvm.com.ar\/noticias-villa-maria\/#\/schema\/person\/a0fb9c422317faca23d50163151bc354","name":"Contenidos El Regional","image":{"@type":"ImageObject","inLanguage":"es","@id":"http:\/\/elregionalvm.com.ar\/noticias-villa-maria\/#\/schema\/person\/image\/","url":"https:\/\/secure.gravatar.com\/avatar\/265b27cb2209af7bb3a1318f03305787d7981a5cc6e6cd08fe5a4ecdf99d4b48?s=96&d=mm&r=g","contentUrl":"https:\/\/secure.gravatar.com\/avatar\/265b27cb2209af7bb3a1318f03305787d7981a5cc6e6cd08fe5a4ecdf99d4b48?s=96&d=mm&r=g","caption":"Contenidos El Regional"},"url":"https:\/\/elregionalvm.com.ar\/noticias-villa-maria\/author\/contenido\/"}]}},"jetpack_featured_media_url":"https:\/\/i0.wp.com\/elregionalvm.com.ar\/noticias-villa-maria\/wp-content\/uploads\/2022\/02\/WhatsApp-Image-2022-02-16-at-16.11.57.jpeg?fit=1280%2C853&ssl=1","jetpack_sharing_enabled":true,"_links":{"self":[{"href":"https:\/\/elregionalvm.com.ar\/noticias-villa-maria\/wp-json\/wp\/v2\/posts\/52863","targetHints":{"allow":["GET"]}}],"collection":[{"href":"https:\/\/elregionalvm.com.ar\/noticias-villa-maria\/wp-json\/wp\/v2\/posts"}],"about":[{"href":"https:\/\/elregionalvm.com.ar\/noticias-villa-maria\/wp-json\/wp\/v2\/types\/post"}],"author":[{"embeddable":true,"href":"https:\/\/elregionalvm.com.ar\/noticias-villa-maria\/wp-json\/wp\/v2\/users\/4"}],"replies":[{"embeddable":true,"href":"https:\/\/elregionalvm.com.ar\/noticias-villa-maria\/wp-json\/wp\/v2\/comments?post=52863"}],"version-history":[{"count":1,"href":"https:\/\/elregionalvm.com.ar\/noticias-villa-maria\/wp-json\/wp\/v2\/posts\/52863\/revisions"}],"predecessor-version":[{"id":52867,"href":"https:\/\/elregionalvm.com.ar\/noticias-villa-maria\/wp-json\/wp\/v2\/posts\/52863\/revisions\/52867"}],"wp:featuredmedia":[{"embeddable":true,"href":"https:\/\/elregionalvm.com.ar\/noticias-villa-maria\/wp-json\/wp\/v2\/media\/52864"}],"wp:attachment":[{"href":"https:\/\/elregionalvm.com.ar\/noticias-villa-maria\/wp-json\/wp\/v2\/media?parent=52863"}],"wp:term":[{"taxonomy":"category","embeddable":true,"href":"https:\/\/elregionalvm.com.ar\/noticias-villa-maria\/wp-json\/wp\/v2\/categories?post=52863"},{"taxonomy":"post_tag","embeddable":true,"href":"https:\/\/elregionalvm.com.ar\/noticias-villa-maria\/wp-json\/wp\/v2\/tags?post=52863"}],"curies":[{"name":"wp","href":"https:\/\/api.w.org\/{rel}","templated":true}]}}