{"id":52898,"date":"2022-02-18T22:07:06","date_gmt":"2022-02-18T22:07:06","guid":{"rendered":"https:\/\/elregionalvm.com.ar\/noticias-villa-maria\/?p=52898"},"modified":"2022-02-18T22:16:25","modified_gmt":"2022-02-18T22:16:25","slug":"mas-bomberos-villamarienses-van-a-combatir-los-incendios-en-corrientes","status":"publish","type":"post","link":"https:\/\/elregionalvm.com.ar\/noticias-villa-maria\/mas-bomberos-villamarienses-van-a-combatir-los-incendios-en-corrientes\/","title":{"rendered":"M\u00e1s bomberos villamarienses acuden a combatir los incendios en Corrientes"},"content":{"rendered":"\n<p>El Jefe de bomberos de Villa Mar\u00eda, Gustavo Nicola, inform\u00f3 que esta tarde est\u00e1n saliendo m\u00e1s bomberos del cuartel local para colaborar en la extinci\u00f3n de los incendios forestales que est\u00e1 sufriendo la provincia de Corrientes.<\/p>\n\n\n\n<p>Seg\u00fan indic\u00f3 Nicola, se est\u00e1n cumpliendo \u00f3rdenes del CUO, Coordinaci\u00f3n \u00danica de Operaciones, dispuestos por el Consejo de Federaciones de Bomberos Voluntarios de la Rep\u00fablica Argentina. En esta oportunidad han sido convocadas las regiones A y B, donde participar\u00e1n al menos 100 bomberos de C\u00f3rdoba, Entre R\u00edos y Chaco. Desde Villa Mar\u00eda salen dos unidades con 10 efectivos bomberiles. <\/p>\n\n\n\n<p>El propio Gustavo Nicola viajaba hacia la zona afectada por los incendios correntinos y estar\u00e1 ayudando a coordinar los operativos por parte del Sistema de bomberos a nivel nacional. <\/p>\n\n\n\n<p><strong>M\u00e1s colaboraci\u00f3n cordobesa<\/strong><\/p>\n\n\n\n<p>Parte del <strong>Equipo T\u00e9cnico de Acci\u00f3n ante Cat\u00e1strofes (ETAC), parti\u00f3 este jueves por la noche la comitiva cordobesa que va a colaborar en el combate contra el avance de los incendios que afectan a la provincia de Corrientes.<\/strong><\/p>\n\n\n\n<p>Esta ma\u00f1ana la informaci\u00f3n hab\u00eda sido confirmada por el Ministerio de Seguridad de la provincia, que inform\u00f3 que el env\u00edo de recursos t\u00e9cnicos y humanos se realiza \u00abpor disposici\u00f3n del gobernador Juan Schiaretti\u00bb.<\/p>\n\n\n\n<p>De este modo, los 146 bomberos viajaron al mando del funcionario Claudio Vignetta se suman al primer contingente, en un contexto muy complicado por un incendio que est\u00e1 a las puertas de los Esteros del Iber\u00e1.<\/p>\n\n\n\n<p><strong>El grupo est\u00e1 integrado por 34 bomberos voluntarios de la Federaci\u00f3n y 24 de la Agrupaci\u00f3n Serrana, 84 efectivos del ETAC y 4 del Plan Provincial de Manejo del Fuego. En total&nbsp;<\/strong>son 146 miembros del Sistema de Protecci\u00f3n Civil de C\u00f3rdoba que se suman a la lucha contra el fuego.<\/p>\n\n\n\n<p>Adem\u00e1s, esta ma\u00f1ana despeg\u00f3 un avi\u00f3n hidrante provincial y enviamos recursos log\u00edsticos como camionetas con kits forestales, dos camiones cisterna, uno para agua y otro para combustible, drone, mochila de conexi\u00f3n a internet m\u00f3vil, carpas para campamento, entre otros.<a href=\"https:\/\/gruporadialcentro.com.ar\/wp-admin\/post.php?post=27252&amp;action=edit\"><\/a><\/p>\n","protected":false},"excerpt":{"rendered":"<p>El Jefe de bomberos de Villa Mar\u00eda, Gustavo Nicola, inform\u00f3 que esta tarde est\u00e1n saliendo m\u00e1s bomberos del cuartel local para colaborar en la extinci\u00f3n de los incendios forestales que est\u00e1 sufriendo la provincia de Corrientes. Seg\u00fan indic\u00f3 Nicola, se est\u00e1n cumpliendo \u00f3rdenes del CUO, Coordinaci\u00f3n \u00danica de Operaciones, dispuestos por el Consejo de Federaciones [&hellip;]<\/p>\n","protected":false},"author":4,"featured_media":52899,"comment_status":"open","ping_status":"open","sticky":false,"template":"","format":"standard","meta":{"site-sidebar-layout":"default","site-content-layout":"default","ast-site-content-layout":"default","site-content-style":"default","site-sidebar-style":"default","ast-global-header-display":"","ast-banner-title-visibility":"","ast-main-header-display":"","ast-hfb-above-header-display":"","ast-hfb-below-header-display":"","ast-hfb-mobile-header-display":"","site-post-title":"","ast-breadcrumbs-content":"","ast-featured-img":"","footer-sml-layout":"","ast-disable-related-posts":"","theme-transparent-header-meta":"default","adv-header-id-meta":"","stick-header-meta":"","header-above-stick-meta":"","header-main-stick-meta":"","header-below-stick-meta":"","astra-migrate-meta-layouts":"default","ast-page-background-enabled":"default","ast-page-background-meta":{"desktop":{"background-color":"","background-image":"","background-repeat":"repeat","background-position":"center center","background-size":"auto","background-attachment":"scroll","background-type":"","background-media":"","overlay-type":"","overlay-color":"","overlay-opacity":"","overlay-gradient":""},"tablet":{"background-color":"","background-image":"","background-repeat":"repeat","background-position":"center center","background-size":"auto","background-attachment":"scroll","background-type":"","background-media":"","overlay-type":"","overlay-color":"","overlay-opacity":"","overlay-gradient":""},"mobile":{"background-color":"","background-image":"","background-repeat":"repeat","background-position":"center center","background-size":"auto","background-attachment":"scroll","background-type":"","background-media":"","overlay-type":"","overlay-color":"","overlay-opacity":"","overlay-gradient":""}},"ast-content-background-meta":{"desktop":{"background-color":"var(--ast-global-color-5)","background-image":"","background-repeat":"repeat","background-position":"center center","background-size":"auto","background-attachment":"scroll","background-type":"","background-media":"","overlay-type":"","overlay-color":"","overlay-opacity":"","overlay-gradient":""},"tablet":{"background-color":"var(--ast-global-color-5)","background-image":"","background-repeat":"repeat","background-position":"center center","background-size":"auto","background-attachment":"scroll","background-type":"","background-media":"","overlay-type":"","overlay-color":"","overlay-opacity":"","overlay-gradient":""},"mobile":{"background-color":"var(--ast-global-color-5)","background-image":"","background-repeat":"repeat","background-position":"center center","background-size":"auto","background-attachment":"scroll","background-type":"","background-media":"","overlay-type":"","overlay-color":"","overlay-opacity":"","overlay-gradient":""}},"_jetpack_memberships_contains_paid_content":false,"_joinchat":[],"footnotes":""},"categories":[2],"tags":[13803,5536,1232,13802,2986,13702,2248],"class_list":["post-52898","post","type-post","status-publish","format-standard","has-post-thumbnail","hentry","category-villa-maria","tag-10-bomberos-locales","tag-bomberos-villa-maria","tag-destacado","tag-dos-unidades","tag-gustavo-nicola","tag-incendios-de-corrientes","tag-villa-maria-2"],"yoast_head":"<!-- This site is optimized with the Yoast SEO plugin v26.8 - https:\/\/yoast.com\/product\/yoast-seo-wordpress\/ -->\n<title>M\u00e1s bomberos villamarienses acuden a combatir los incendios en Corrientes - El Regional<\/title>\n<meta name=\"robots\" content=\"index, follow, max-snippet:-1, max-image-preview:large, max-video-preview:-1\" \/>\n<link rel=\"canonical\" href=\"http:\/\/elregionalvm.com.ar\/noticias-villa-maria\/mas-bomberos-villamarienses-van-a-combatir-los-incendios-en-corrientes\/\" \/>\n<meta property=\"og:locale\" content=\"es_ES\" \/>\n<meta property=\"og:type\" content=\"article\" \/>\n<meta property=\"og:title\" content=\"M\u00e1s bomberos villamarienses acuden a combatir los incendios en Corrientes - El Regional\" \/>\n<meta property=\"og:description\" content=\"El Jefe de bomberos de Villa Mar\u00eda, Gustavo Nicola, inform\u00f3 que esta tarde est\u00e1n saliendo m\u00e1s bomberos del cuartel local para colaborar en la extinci\u00f3n de los incendios forestales que est\u00e1 sufriendo la provincia de Corrientes. Seg\u00fan indic\u00f3 Nicola, se est\u00e1n cumpliendo \u00f3rdenes del CUO, Coordinaci\u00f3n \u00danica de Operaciones, dispuestos por el Consejo de Federaciones [&hellip;]\" \/>\n<meta property=\"og:url\" content=\"http:\/\/elregionalvm.com.ar\/noticias-villa-maria\/mas-bomberos-villamarienses-van-a-combatir-los-incendios-en-corrientes\/\" \/>\n<meta property=\"og:site_name\" content=\"El Regional\" \/>\n<meta property=\"article:publisher\" content=\"https:\/\/www.facebook.com\/elregionalvm\" \/>\n<meta property=\"article:published_time\" content=\"2022-02-18T22:07:06+00:00\" \/>\n<meta property=\"article:modified_time\" content=\"2022-02-18T22:16:25+00:00\" \/>\n<meta property=\"og:image\" content=\"http:\/\/elregionalvm.com.ar\/noticias-villa-maria\/wp-content\/uploads\/2022\/02\/bomberos-corrientes.jpg\" \/>\n\t<meta property=\"og:image:width\" content=\"950\" \/>\n\t<meta property=\"og:image:height\" content=\"534\" \/>\n\t<meta property=\"og:image:type\" content=\"image\/jpeg\" \/>\n<meta name=\"author\" content=\"Contenidos El Regional\" \/>\n<meta name=\"twitter:card\" content=\"summary_large_image\" \/>\n<meta name=\"twitter:creator\" content=\"@elregionalvm1\" \/>\n<meta name=\"twitter:site\" content=\"@elregionalvm1\" \/>\n<meta name=\"twitter:label1\" content=\"Escrito por\" \/>\n\t<meta name=\"twitter:data1\" content=\"Contenidos El Regional\" \/>\n\t<meta name=\"twitter:label2\" content=\"Tiempo de lectura\" \/>\n\t<meta name=\"twitter:data2\" content=\"2 minutos\" \/>\n<script type=\"application\/ld+json\" class=\"yoast-schema-graph\">{\"@context\":\"https:\/\/schema.org\",\"@graph\":[{\"@type\":\"Article\",\"@id\":\"http:\/\/elregionalvm.com.ar\/noticias-villa-maria\/mas-bomberos-villamarienses-van-a-combatir-los-incendios-en-corrientes\/#article\",\"isPartOf\":{\"@id\":\"http:\/\/elregionalvm.com.ar\/noticias-villa-maria\/mas-bomberos-villamarienses-van-a-combatir-los-incendios-en-corrientes\/\"},\"author\":{\"name\":\"Contenidos El Regional\",\"@id\":\"http:\/\/elregionalvm.com.ar\/noticias-villa-maria\/#\/schema\/person\/a0fb9c422317faca23d50163151bc354\"},\"headline\":\"M\u00e1s bomberos villamarienses acuden a combatir los incendios en Corrientes\",\"datePublished\":\"2022-02-18T22:07:06+00:00\",\"dateModified\":\"2022-02-18T22:16:25+00:00\",\"mainEntityOfPage\":{\"@id\":\"http:\/\/elregionalvm.com.ar\/noticias-villa-maria\/mas-bomberos-villamarienses-van-a-combatir-los-incendios-en-corrientes\/\"},\"wordCount\":361,\"commentCount\":0,\"image\":{\"@id\":\"http:\/\/elregionalvm.com.ar\/noticias-villa-maria\/mas-bomberos-villamarienses-van-a-combatir-los-incendios-en-corrientes\/#primaryimage\"},\"thumbnailUrl\":\"https:\/\/i0.wp.com\/elregionalvm.com.ar\/noticias-villa-maria\/wp-content\/uploads\/2022\/02\/bomberos-corrientes.jpg?fit=950%2C534&ssl=1\",\"keywords\":[\"10 bomberos locales\",\"Bomberos Villa Mar\u00eda\",\"destacado\",\"dos unidades\",\"Gustavo Nicola\",\"incendios de Corrientes\",\"Villa Mar\u00eda\"],\"articleSection\":[\"Villa Mar\u00eda\"],\"inLanguage\":\"es\",\"potentialAction\":[{\"@type\":\"CommentAction\",\"name\":\"Comment\",\"target\":[\"http:\/\/elregionalvm.com.ar\/noticias-villa-maria\/mas-bomberos-villamarienses-van-a-combatir-los-incendios-en-corrientes\/#respond\"]}]},{\"@type\":\"WebPage\",\"@id\":\"http:\/\/elregionalvm.com.ar\/noticias-villa-maria\/mas-bomberos-villamarienses-van-a-combatir-los-incendios-en-corrientes\/\",\"url\":\"http:\/\/elregionalvm.com.ar\/noticias-villa-maria\/mas-bomberos-villamarienses-van-a-combatir-los-incendios-en-corrientes\/\",\"name\":\"M\u00e1s bomberos villamarienses acuden a combatir los incendios en Corrientes - El Regional\",\"isPartOf\":{\"@id\":\"http:\/\/elregionalvm.com.ar\/noticias-villa-maria\/#website\"},\"primaryImageOfPage\":{\"@id\":\"http:\/\/elregionalvm.com.ar\/noticias-villa-maria\/mas-bomberos-villamarienses-van-a-combatir-los-incendios-en-corrientes\/#primaryimage\"},\"image\":{\"@id\":\"http:\/\/elregionalvm.com.ar\/noticias-villa-maria\/mas-bomberos-villamarienses-van-a-combatir-los-incendios-en-corrientes\/#primaryimage\"},\"thumbnailUrl\":\"https:\/\/i0.wp.com\/elregionalvm.com.ar\/noticias-villa-maria\/wp-content\/uploads\/2022\/02\/bomberos-corrientes.jpg?fit=950%2C534&ssl=1\",\"datePublished\":\"2022-02-18T22:07:06+00:00\",\"dateModified\":\"2022-02-18T22:16:25+00:00\",\"author\":{\"@id\":\"http:\/\/elregionalvm.com.ar\/noticias-villa-maria\/#\/schema\/person\/a0fb9c422317faca23d50163151bc354\"},\"breadcrumb\":{\"@id\":\"http:\/\/elregionalvm.com.ar\/noticias-villa-maria\/mas-bomberos-villamarienses-van-a-combatir-los-incendios-en-corrientes\/#breadcrumb\"},\"inLanguage\":\"es\",\"potentialAction\":[{\"@type\":\"ReadAction\",\"target\":[\"http:\/\/elregionalvm.com.ar\/noticias-villa-maria\/mas-bomberos-villamarienses-van-a-combatir-los-incendios-en-corrientes\/\"]}]},{\"@type\":\"ImageObject\",\"inLanguage\":\"es\",\"@id\":\"http:\/\/elregionalvm.com.ar\/noticias-villa-maria\/mas-bomberos-villamarienses-van-a-combatir-los-incendios-en-corrientes\/#primaryimage\",\"url\":\"https:\/\/i0.wp.com\/elregionalvm.com.ar\/noticias-villa-maria\/wp-content\/uploads\/2022\/02\/bomberos-corrientes.jpg?fit=950%2C534&ssl=1\",\"contentUrl\":\"https:\/\/i0.wp.com\/elregionalvm.com.ar\/noticias-villa-maria\/wp-content\/uploads\/2022\/02\/bomberos-corrientes.jpg?fit=950%2C534&ssl=1\",\"width\":950,\"height\":534},{\"@type\":\"BreadcrumbList\",\"@id\":\"http:\/\/elregionalvm.com.ar\/noticias-villa-maria\/mas-bomberos-villamarienses-van-a-combatir-los-incendios-en-corrientes\/#breadcrumb\",\"itemListElement\":[{\"@type\":\"ListItem\",\"position\":1,\"name\":\"Portada\",\"item\":\"https:\/\/elregionalvm.com.ar\/noticias-villa-maria\/\"},{\"@type\":\"ListItem\",\"position\":2,\"name\":\"M\u00e1s bomberos villamarienses acuden a combatir los incendios en Corrientes\"}]},{\"@type\":\"WebSite\",\"@id\":\"http:\/\/elregionalvm.com.ar\/noticias-villa-maria\/#website\",\"url\":\"http:\/\/elregionalvm.com.ar\/noticias-villa-maria\/\",\"name\":\"El Regional\",\"description\":\"Mucho m\u00e1s que informaci\u00f3n\",\"potentialAction\":[{\"@type\":\"SearchAction\",\"target\":{\"@type\":\"EntryPoint\",\"urlTemplate\":\"http:\/\/elregionalvm.com.ar\/noticias-villa-maria\/?s={search_term_string}\"},\"query-input\":{\"@type\":\"PropertyValueSpecification\",\"valueRequired\":true,\"valueName\":\"search_term_string\"}}],\"inLanguage\":\"es\"},{\"@type\":\"Person\",\"@id\":\"http:\/\/elregionalvm.com.ar\/noticias-villa-maria\/#\/schema\/person\/a0fb9c422317faca23d50163151bc354\",\"name\":\"Contenidos El Regional\",\"image\":{\"@type\":\"ImageObject\",\"inLanguage\":\"es\",\"@id\":\"http:\/\/elregionalvm.com.ar\/noticias-villa-maria\/#\/schema\/person\/image\/\",\"url\":\"https:\/\/secure.gravatar.com\/avatar\/265b27cb2209af7bb3a1318f03305787d7981a5cc6e6cd08fe5a4ecdf99d4b48?s=96&d=mm&r=g\",\"contentUrl\":\"https:\/\/secure.gravatar.com\/avatar\/265b27cb2209af7bb3a1318f03305787d7981a5cc6e6cd08fe5a4ecdf99d4b48?s=96&d=mm&r=g\",\"caption\":\"Contenidos El Regional\"},\"url\":\"https:\/\/elregionalvm.com.ar\/noticias-villa-maria\/author\/contenido\/\"}]}<\/script>\n<!-- \/ Yoast SEO plugin. -->","yoast_head_json":{"title":"M\u00e1s bomberos villamarienses acuden a combatir los incendios en Corrientes - El Regional","robots":{"index":"index","follow":"follow","max-snippet":"max-snippet:-1","max-image-preview":"max-image-preview:large","max-video-preview":"max-video-preview:-1"},"canonical":"http:\/\/elregionalvm.com.ar\/noticias-villa-maria\/mas-bomberos-villamarienses-van-a-combatir-los-incendios-en-corrientes\/","og_locale":"es_ES","og_type":"article","og_title":"M\u00e1s bomberos villamarienses acuden a combatir los incendios en Corrientes - El Regional","og_description":"El Jefe de bomberos de Villa Mar\u00eda, Gustavo Nicola, inform\u00f3 que esta tarde est\u00e1n saliendo m\u00e1s bomberos del cuartel local para colaborar en la extinci\u00f3n de los incendios forestales que est\u00e1 sufriendo la provincia de Corrientes. Seg\u00fan indic\u00f3 Nicola, se est\u00e1n cumpliendo \u00f3rdenes del CUO, Coordinaci\u00f3n \u00danica de Operaciones, dispuestos por el Consejo de Federaciones [&hellip;]","og_url":"http:\/\/elregionalvm.com.ar\/noticias-villa-maria\/mas-bomberos-villamarienses-van-a-combatir-los-incendios-en-corrientes\/","og_site_name":"El Regional","article_publisher":"https:\/\/www.facebook.com\/elregionalvm","article_published_time":"2022-02-18T22:07:06+00:00","article_modified_time":"2022-02-18T22:16:25+00:00","og_image":[{"width":950,"height":534,"url":"http:\/\/elregionalvm.com.ar\/noticias-villa-maria\/wp-content\/uploads\/2022\/02\/bomberos-corrientes.jpg","type":"image\/jpeg"}],"author":"Contenidos El Regional","twitter_card":"summary_large_image","twitter_creator":"@elregionalvm1","twitter_site":"@elregionalvm1","twitter_misc":{"Escrito por":"Contenidos El Regional","Tiempo de lectura":"2 minutos"},"schema":{"@context":"https:\/\/schema.org","@graph":[{"@type":"Article","@id":"http:\/\/elregionalvm.com.ar\/noticias-villa-maria\/mas-bomberos-villamarienses-van-a-combatir-los-incendios-en-corrientes\/#article","isPartOf":{"@id":"http:\/\/elregionalvm.com.ar\/noticias-villa-maria\/mas-bomberos-villamarienses-van-a-combatir-los-incendios-en-corrientes\/"},"author":{"name":"Contenidos El Regional","@id":"http:\/\/elregionalvm.com.ar\/noticias-villa-maria\/#\/schema\/person\/a0fb9c422317faca23d50163151bc354"},"headline":"M\u00e1s bomberos villamarienses acuden a combatir los incendios en Corrientes","datePublished":"2022-02-18T22:07:06+00:00","dateModified":"2022-02-18T22:16:25+00:00","mainEntityOfPage":{"@id":"http:\/\/elregionalvm.com.ar\/noticias-villa-maria\/mas-bomberos-villamarienses-van-a-combatir-los-incendios-en-corrientes\/"},"wordCount":361,"commentCount":0,"image":{"@id":"http:\/\/elregionalvm.com.ar\/noticias-villa-maria\/mas-bomberos-villamarienses-van-a-combatir-los-incendios-en-corrientes\/#primaryimage"},"thumbnailUrl":"https:\/\/i0.wp.com\/elregionalvm.com.ar\/noticias-villa-maria\/wp-content\/uploads\/2022\/02\/bomberos-corrientes.jpg?fit=950%2C534&ssl=1","keywords":["10 bomberos locales","Bomberos Villa Mar\u00eda","destacado","dos unidades","Gustavo Nicola","incendios de Corrientes","Villa Mar\u00eda"],"articleSection":["Villa Mar\u00eda"],"inLanguage":"es","potentialAction":[{"@type":"CommentAction","name":"Comment","target":["http:\/\/elregionalvm.com.ar\/noticias-villa-maria\/mas-bomberos-villamarienses-van-a-combatir-los-incendios-en-corrientes\/#respond"]}]},{"@type":"WebPage","@id":"http:\/\/elregionalvm.com.ar\/noticias-villa-maria\/mas-bomberos-villamarienses-van-a-combatir-los-incendios-en-corrientes\/","url":"http:\/\/elregionalvm.com.ar\/noticias-villa-maria\/mas-bomberos-villamarienses-van-a-combatir-los-incendios-en-corrientes\/","name":"M\u00e1s bomberos villamarienses acuden a combatir los incendios en Corrientes - El Regional","isPartOf":{"@id":"http:\/\/elregionalvm.com.ar\/noticias-villa-maria\/#website"},"primaryImageOfPage":{"@id":"http:\/\/elregionalvm.com.ar\/noticias-villa-maria\/mas-bomberos-villamarienses-van-a-combatir-los-incendios-en-corrientes\/#primaryimage"},"image":{"@id":"http:\/\/elregionalvm.com.ar\/noticias-villa-maria\/mas-bomberos-villamarienses-van-a-combatir-los-incendios-en-corrientes\/#primaryimage"},"thumbnailUrl":"https:\/\/i0.wp.com\/elregionalvm.com.ar\/noticias-villa-maria\/wp-content\/uploads\/2022\/02\/bomberos-corrientes.jpg?fit=950%2C534&ssl=1","datePublished":"2022-02-18T22:07:06+00:00","dateModified":"2022-02-18T22:16:25+00:00","author":{"@id":"http:\/\/elregionalvm.com.ar\/noticias-villa-maria\/#\/schema\/person\/a0fb9c422317faca23d50163151bc354"},"breadcrumb":{"@id":"http:\/\/elregionalvm.com.ar\/noticias-villa-maria\/mas-bomberos-villamarienses-van-a-combatir-los-incendios-en-corrientes\/#breadcrumb"},"inLanguage":"es","potentialAction":[{"@type":"ReadAction","target":["http:\/\/elregionalvm.com.ar\/noticias-villa-maria\/mas-bomberos-villamarienses-van-a-combatir-los-incendios-en-corrientes\/"]}]},{"@type":"ImageObject","inLanguage":"es","@id":"http:\/\/elregionalvm.com.ar\/noticias-villa-maria\/mas-bomberos-villamarienses-van-a-combatir-los-incendios-en-corrientes\/#primaryimage","url":"https:\/\/i0.wp.com\/elregionalvm.com.ar\/noticias-villa-maria\/wp-content\/uploads\/2022\/02\/bomberos-corrientes.jpg?fit=950%2C534&ssl=1","contentUrl":"https:\/\/i0.wp.com\/elregionalvm.com.ar\/noticias-villa-maria\/wp-content\/uploads\/2022\/02\/bomberos-corrientes.jpg?fit=950%2C534&ssl=1","width":950,"height":534},{"@type":"BreadcrumbList","@id":"http:\/\/elregionalvm.com.ar\/noticias-villa-maria\/mas-bomberos-villamarienses-van-a-combatir-los-incendios-en-corrientes\/#breadcrumb","itemListElement":[{"@type":"ListItem","position":1,"name":"Portada","item":"https:\/\/elregionalvm.com.ar\/noticias-villa-maria\/"},{"@type":"ListItem","position":2,"name":"M\u00e1s bomberos villamarienses acuden a combatir los incendios en Corrientes"}]},{"@type":"WebSite","@id":"http:\/\/elregionalvm.com.ar\/noticias-villa-maria\/#website","url":"http:\/\/elregionalvm.com.ar\/noticias-villa-maria\/","name":"El Regional","description":"Mucho m\u00e1s que informaci\u00f3n","potentialAction":[{"@type":"SearchAction","target":{"@type":"EntryPoint","urlTemplate":"http:\/\/elregionalvm.com.ar\/noticias-villa-maria\/?s={search_term_string}"},"query-input":{"@type":"PropertyValueSpecification","valueRequired":true,"valueName":"search_term_string"}}],"inLanguage":"es"},{"@type":"Person","@id":"http:\/\/elregionalvm.com.ar\/noticias-villa-maria\/#\/schema\/person\/a0fb9c422317faca23d50163151bc354","name":"Contenidos El Regional","image":{"@type":"ImageObject","inLanguage":"es","@id":"http:\/\/elregionalvm.com.ar\/noticias-villa-maria\/#\/schema\/person\/image\/","url":"https:\/\/secure.gravatar.com\/avatar\/265b27cb2209af7bb3a1318f03305787d7981a5cc6e6cd08fe5a4ecdf99d4b48?s=96&d=mm&r=g","contentUrl":"https:\/\/secure.gravatar.com\/avatar\/265b27cb2209af7bb3a1318f03305787d7981a5cc6e6cd08fe5a4ecdf99d4b48?s=96&d=mm&r=g","caption":"Contenidos El Regional"},"url":"https:\/\/elregionalvm.com.ar\/noticias-villa-maria\/author\/contenido\/"}]}},"jetpack_featured_media_url":"https:\/\/i0.wp.com\/elregionalvm.com.ar\/noticias-villa-maria\/wp-content\/uploads\/2022\/02\/bomberos-corrientes.jpg?fit=950%2C534&ssl=1","jetpack_sharing_enabled":true,"_links":{"self":[{"href":"https:\/\/elregionalvm.com.ar\/noticias-villa-maria\/wp-json\/wp\/v2\/posts\/52898","targetHints":{"allow":["GET"]}}],"collection":[{"href":"https:\/\/elregionalvm.com.ar\/noticias-villa-maria\/wp-json\/wp\/v2\/posts"}],"about":[{"href":"https:\/\/elregionalvm.com.ar\/noticias-villa-maria\/wp-json\/wp\/v2\/types\/post"}],"author":[{"embeddable":true,"href":"https:\/\/elregionalvm.com.ar\/noticias-villa-maria\/wp-json\/wp\/v2\/users\/4"}],"replies":[{"embeddable":true,"href":"https:\/\/elregionalvm.com.ar\/noticias-villa-maria\/wp-json\/wp\/v2\/comments?post=52898"}],"version-history":[{"count":2,"href":"https:\/\/elregionalvm.com.ar\/noticias-villa-maria\/wp-json\/wp\/v2\/posts\/52898\/revisions"}],"predecessor-version":[{"id":52901,"href":"https:\/\/elregionalvm.com.ar\/noticias-villa-maria\/wp-json\/wp\/v2\/posts\/52898\/revisions\/52901"}],"wp:featuredmedia":[{"embeddable":true,"href":"https:\/\/elregionalvm.com.ar\/noticias-villa-maria\/wp-json\/wp\/v2\/media\/52899"}],"wp:attachment":[{"href":"https:\/\/elregionalvm.com.ar\/noticias-villa-maria\/wp-json\/wp\/v2\/media?parent=52898"}],"wp:term":[{"taxonomy":"category","embeddable":true,"href":"https:\/\/elregionalvm.com.ar\/noticias-villa-maria\/wp-json\/wp\/v2\/categories?post=52898"},{"taxonomy":"post_tag","embeddable":true,"href":"https:\/\/elregionalvm.com.ar\/noticias-villa-maria\/wp-json\/wp\/v2\/tags?post=52898"}],"curies":[{"name":"wp","href":"https:\/\/api.w.org\/{rel}","templated":true}]}}