{"id":52919,"date":"2022-02-19T00:29:55","date_gmt":"2022-02-19T00:29:55","guid":{"rendered":"https:\/\/elregionalvm.com.ar\/noticias-villa-maria\/?p=52919"},"modified":"2022-02-20T04:06:37","modified_gmt":"2022-02-20T04:06:37","slug":"leones-busso-encabezo-la-8-mesa-nacional-del-trigo","status":"publish","type":"post","link":"https:\/\/elregionalvm.com.ar\/noticias-villa-maria\/leones-busso-encabezo-la-8-mesa-nacional-del-trigo\/","title":{"rendered":"Leones: Busso encabez\u00f3 la 8\u00b0 Mesa Nacional del Trigo"},"content":{"rendered":"\n<p>Se desarroll\u00f3 en Leones, la 8\u00b0 Mesa Nacional del Trigo, con una convocatoria de m\u00e1s de 30 entidades de toda la cadena triguera del pa\u00eds. El Ministro de Agricultura y Ganader\u00eda, Sergio Busso, encabez\u00f3 el encuentro junto a su par de Desarrollo Social, Carlos Massei, en representaci\u00f3n del Gobierno de C\u00f3rdoba.&nbsp;<\/p>\n\n\n\n<p>Fue una de las \u00faltimas actividades de la 66\u00b0 edici\u00f3n de la Fiesta Nacional del Trigo y de las 49\u00b0 Jornadas Trigueras Nacionales. En cada uno de estos espacios se ofreci\u00f3 un panorama completo de los principales debates y proyecciones de la cadena. La organizaci\u00f3n estuvo a cargo del Ministerio de Agricultura y Ganader\u00eda de la Provincia, la Bolsa de Cereales de C\u00f3rdoba y la Sociedad Rural local.<\/p>\n\n\n\n<p>\u201c<em>Fue un encuentro muy importante que a\u00f1o tras a\u00f1o se consolida y crece. En esta oportunidad, nos encontramos con una mesa de debate con m\u00e1s de 30 participantes, de todos los sectores y de varias provincias. Los principales actores acompa\u00f1aron lo que venimos diciendo desde el Gobierno de C\u00f3rdoba, sobre la necesidad de eliminar las retenciones y ponerlas a cuentas de ganancias, que se eliminen las trabas existentes en otras cadenas y ofrecer m\u00e1s previsibilidad a productores e inversores\u201d<\/em>, coment\u00f3 Sergio Busso al t\u00e9rmino del evento.<\/p>\n\n\n\n<p>Y agreg\u00f3:&nbsp;<em>\u201cSi el dinero de las retenciones quedara dentro de la Provincia de C\u00f3rdoba, se podr\u00edan hacer much\u00edsimas inversiones para agregar valor en origen y de otro tipo que benefician a la sociedad en su conjunto\u201d.<\/em><audio src=\"https:\/\/prensa.cba.gov.ar\/wp-content\/uploads\/2022\/02\/WhatsApp-Audio-2022-02-18-at-19.49.07.ogg\"><\/audio><strong>Audio:&nbsp;<\/strong><em>Sergio Busso, ministro de Agricultura y Ganader\u00eda.<\/em><\/p>\n\n\n\n<figure class=\"wp-block-image\"><img data-recalc-dims=\"1\" decoding=\"async\" src=\"https:\/\/i0.wp.com\/prensa.cba.gov.ar\/wp-content\/uploads\/2022\/02\/WhatsApp-Image-2022-02-18-at-19.48.08.jpeg?ssl=1\" alt=\"\" class=\"wp-image-487952\" \/><\/figure>\n\n\n\n<p>Esta mesa sectorial, se realiz\u00f3 durante la segunda jornada de la Fiesta Nacional que incluy\u00f3 adem\u00e1s charlas t\u00e9cnicas, el Concurso Nacional del cereal, y la entrega del programa de Buenas Pr\u00e1cticas Agropecuarias del Ministerio de Agricultura y Ganader\u00eda de C\u00f3rdoba.<\/p>\n\n\n\n<h3 class=\"wp-block-heading\"><strong>Acta acuerdo<\/strong><\/h3>\n\n\n\n<p>Al cierre de la 8\u00b0 edici\u00f3n de la Mesa Triguera Nacional, se emiti\u00f3 un comunicado expresando los principales ejes que se abordaron durante la reuni\u00f3n. Acuerdos y desacuerdos, posturas y necesidades se dejaron plasmados en cada punto de este documento que servir\u00e1 como eje de trabajo para el a\u00f1o en curso y las agendas a futuro.<\/p>\n\n\n\n<p>Los ejes apuntan a trabajar para la creaci\u00f3n de propuestas sectoriales que tengan por objetivo incrementar la producci\u00f3n, tanto para el mercado interno como para el externo, agregar m\u00e1s valor, aumentando la calidad del trigo para comenzar a pensar mercados m\u00e1s espec\u00edficos; entre otros.&nbsp;<\/p>\n\n\n\n<p><strong>En el documento quedaron plasmados los siguientes puntos centrales, en los cuales coincidieron las instituciones y representantes de los sectores privados. Los cuales podemos resumir en:<\/strong><\/p>\n\n\n\n<ul class=\"wp-block-list\"><li>Comprometer la participaci\u00f3n de diversas instituciones del sector p\u00fablico y privado.<\/li><li>Consolidar a TrigAr como marca pa\u00eds que nos identifique como cadena y en los mercados internacionales.<\/li><li>Avanzar con propuestas legislativas que contribuyan a toda la cadena.<\/li><li>Solicitar el fortalecimiento de las instituciones de investigaci\u00f3n en relaci\u00f3n a la cadena de trigo y biotecnolog\u00eda.<\/li><li>Trabajar en comercio internacional por miedo de la colaboraci\u00f3n p\u00fablico-privada.<\/li><li>Fomentar acciones para disminuir el riesgo (seguros) y tener mayores herramientas de financiamiento.<\/li><li>Generar un programa de Buenas Pr\u00e1cticas Agropecuarias a nivel nacional.<\/li><li>Construir una visi\u00f3n sist\u00e9mica del trigo y lograr una comunicaci\u00f3n unificada de la cadena.<\/li><li>Promover las exportaciones y el valor agregado del trigo.<\/li><\/ul>\n\n\n\n<p>Eliminar los derechos de exportaci\u00f3n, evaluar el costo impositivo en cada eslab\u00f3n de la cadena, generar financiamiento y tener un programa a largo plazo con reglas de juego claras para favorecer la inversi\u00f3n y la previsibilidad, fueron algunos de los pedidos que m\u00e1s se repitieron.<\/p>\n\n\n\n<h3 class=\"wp-block-heading\"><a><\/a><strong>Aporte al Club de Leones<\/strong><\/h3>\n\n\n\n<p>Al cierre de todas las actividades, los ministros Busso y Massei, hicieron entrega de un aporte al Club Leones de $4.670.000, en representaci\u00f3n del Gobierno de C\u00f3rdoba, para la organizaci\u00f3n de la Fiesta Nacional del Trigo. Los acompa\u00f1aron los legisladores Miguel \u00c1ngel Majul y Julieta Rinaldi.\u00a0\u00a0\u00a0<\/p>\n\n\n\n<p>Fuente: Prensa de la Provincia de C\u00f3rdoba<\/p>\n","protected":false},"excerpt":{"rendered":"<p>Se desarroll\u00f3 en Leones, la 8\u00b0 Mesa Nacional del Trigo, con una convocatoria de m\u00e1s de 30 entidades de toda la cadena triguera del pa\u00eds. El Ministro de Agricultura y Ganader\u00eda, Sergio Busso, encabez\u00f3 el encuentro junto a su par de Desarrollo Social, Carlos Massei, en representaci\u00f3n del Gobierno de C\u00f3rdoba.&nbsp; Fue una de las [&hellip;]<\/p>\n","protected":false},"author":4,"featured_media":52920,"comment_status":"open","ping_status":"open","sticky":false,"template":"","format":"standard","meta":{"site-sidebar-layout":"default","site-content-layout":"default","ast-site-content-layout":"default","site-content-style":"default","site-sidebar-style":"default","ast-global-header-display":"","ast-banner-title-visibility":"","ast-main-header-display":"","ast-hfb-above-header-display":"","ast-hfb-below-header-display":"","ast-hfb-mobile-header-display":"","site-post-title":"","ast-breadcrumbs-content":"","ast-featured-img":"","footer-sml-layout":"","ast-disable-related-posts":"","theme-transparent-header-meta":"default","adv-header-id-meta":"","stick-header-meta":"","header-above-stick-meta":"","header-main-stick-meta":"","header-below-stick-meta":"","astra-migrate-meta-layouts":"default","ast-page-background-enabled":"default","ast-page-background-meta":{"desktop":{"background-color":"","background-image":"","background-repeat":"repeat","background-position":"center center","background-size":"auto","background-attachment":"scroll","background-type":"","background-media":"","overlay-type":"","overlay-color":"","overlay-opacity":"","overlay-gradient":""},"tablet":{"background-color":"","background-image":"","background-repeat":"repeat","background-position":"center center","background-size":"auto","background-attachment":"scroll","background-type":"","background-media":"","overlay-type":"","overlay-color":"","overlay-opacity":"","overlay-gradient":""},"mobile":{"background-color":"","background-image":"","background-repeat":"repeat","background-position":"center center","background-size":"auto","background-attachment":"scroll","background-type":"","background-media":"","overlay-type":"","overlay-color":"","overlay-opacity":"","overlay-gradient":""}},"ast-content-background-meta":{"desktop":{"background-color":"var(--ast-global-color-5)","background-image":"","background-repeat":"repeat","background-position":"center center","background-size":"auto","background-attachment":"scroll","background-type":"","background-media":"","overlay-type":"","overlay-color":"","overlay-opacity":"","overlay-gradient":""},"tablet":{"background-color":"var(--ast-global-color-5)","background-image":"","background-repeat":"repeat","background-position":"center center","background-size":"auto","background-attachment":"scroll","background-type":"","background-media":"","overlay-type":"","overlay-color":"","overlay-opacity":"","overlay-gradient":""},"mobile":{"background-color":"var(--ast-global-color-5)","background-image":"","background-repeat":"repeat","background-position":"center center","background-size":"auto","background-attachment":"scroll","background-type":"","background-media":"","overlay-type":"","overlay-color":"","overlay-opacity":"","overlay-gradient":""}},"_jetpack_memberships_contains_paid_content":false,"_joinchat":[],"footnotes":""},"categories":[2091],"tags":[13812,505,13809,571,13810,13811,913],"class_list":["post-52919","post","type-post","status-publish","format-standard","has-post-thumbnail","hentry","category-region","tag-agricultura","tag-economia","tag-fiesta-del-trigo","tag-leones","tag-mesa-triguera","tag-ministro-sergio-busso","tag-regionales"],"yoast_head":"<!-- This site is optimized with the Yoast SEO plugin v26.8 - https:\/\/yoast.com\/product\/yoast-seo-wordpress\/ -->\n<title>Leones: Busso encabez\u00f3 la 8\u00b0 Mesa Nacional del Trigo - El Regional<\/title>\n<meta name=\"robots\" content=\"index, follow, max-snippet:-1, max-image-preview:large, max-video-preview:-1\" \/>\n<link rel=\"canonical\" href=\"http:\/\/elregionalvm.com.ar\/noticias-villa-maria\/leones-busso-encabezo-la-8-mesa-nacional-del-trigo\/\" \/>\n<meta property=\"og:locale\" content=\"es_ES\" \/>\n<meta property=\"og:type\" content=\"article\" \/>\n<meta property=\"og:title\" content=\"Leones: Busso encabez\u00f3 la 8\u00b0 Mesa Nacional del Trigo - El Regional\" \/>\n<meta property=\"og:description\" content=\"Se desarroll\u00f3 en Leones, la 8\u00b0 Mesa Nacional del Trigo, con una convocatoria de m\u00e1s de 30 entidades de toda la cadena triguera del pa\u00eds. El Ministro de Agricultura y Ganader\u00eda, Sergio Busso, encabez\u00f3 el encuentro junto a su par de Desarrollo Social, Carlos Massei, en representaci\u00f3n del Gobierno de C\u00f3rdoba.&nbsp; Fue una de las [&hellip;]\" \/>\n<meta property=\"og:url\" content=\"http:\/\/elregionalvm.com.ar\/noticias-villa-maria\/leones-busso-encabezo-la-8-mesa-nacional-del-trigo\/\" \/>\n<meta property=\"og:site_name\" content=\"El Regional\" \/>\n<meta property=\"article:publisher\" content=\"https:\/\/www.facebook.com\/elregionalvm\" \/>\n<meta property=\"article:published_time\" content=\"2022-02-19T00:29:55+00:00\" \/>\n<meta property=\"article:modified_time\" content=\"2022-02-20T04:06:37+00:00\" \/>\n<meta property=\"og:image\" content=\"http:\/\/elregionalvm.com.ar\/noticias-villa-maria\/wp-content\/uploads\/2022\/02\/mesa-triguera.jpeg\" \/>\n\t<meta property=\"og:image:width\" content=\"1600\" \/>\n\t<meta property=\"og:image:height\" content=\"720\" \/>\n\t<meta property=\"og:image:type\" content=\"image\/jpeg\" \/>\n<meta name=\"author\" content=\"Contenidos El Regional\" \/>\n<meta name=\"twitter:card\" content=\"summary_large_image\" \/>\n<meta name=\"twitter:creator\" content=\"@elregionalvm1\" \/>\n<meta name=\"twitter:site\" content=\"@elregionalvm1\" \/>\n<meta name=\"twitter:label1\" content=\"Escrito por\" \/>\n\t<meta name=\"twitter:data1\" content=\"Contenidos El Regional\" \/>\n\t<meta name=\"twitter:label2\" content=\"Tiempo de lectura\" \/>\n\t<meta name=\"twitter:data2\" content=\"4 minutos\" \/>\n<script type=\"application\/ld+json\" class=\"yoast-schema-graph\">{\"@context\":\"https:\/\/schema.org\",\"@graph\":[{\"@type\":\"Article\",\"@id\":\"http:\/\/elregionalvm.com.ar\/noticias-villa-maria\/leones-busso-encabezo-la-8-mesa-nacional-del-trigo\/#article\",\"isPartOf\":{\"@id\":\"http:\/\/elregionalvm.com.ar\/noticias-villa-maria\/leones-busso-encabezo-la-8-mesa-nacional-del-trigo\/\"},\"author\":{\"name\":\"Contenidos El Regional\",\"@id\":\"http:\/\/elregionalvm.com.ar\/noticias-villa-maria\/#\/schema\/person\/a0fb9c422317faca23d50163151bc354\"},\"headline\":\"Leones: Busso encabez\u00f3 la 8\u00b0 Mesa Nacional del Trigo\",\"datePublished\":\"2022-02-19T00:29:55+00:00\",\"dateModified\":\"2022-02-20T04:06:37+00:00\",\"mainEntityOfPage\":{\"@id\":\"http:\/\/elregionalvm.com.ar\/noticias-villa-maria\/leones-busso-encabezo-la-8-mesa-nacional-del-trigo\/\"},\"wordCount\":690,\"commentCount\":0,\"image\":{\"@id\":\"http:\/\/elregionalvm.com.ar\/noticias-villa-maria\/leones-busso-encabezo-la-8-mesa-nacional-del-trigo\/#primaryimage\"},\"thumbnailUrl\":\"https:\/\/i0.wp.com\/elregionalvm.com.ar\/noticias-villa-maria\/wp-content\/uploads\/2022\/02\/mesa-triguera.jpeg?fit=1600%2C720&ssl=1\",\"keywords\":[\"Agricultura\",\"Econom\u00eda\",\"Fiesta del Trigo\",\"Leones\",\"mesa triguera\",\"ministro Sergio Busso\",\"regionales\"],\"articleSection\":[\"Regi\u00f3n\"],\"inLanguage\":\"es\",\"potentialAction\":[{\"@type\":\"CommentAction\",\"name\":\"Comment\",\"target\":[\"http:\/\/elregionalvm.com.ar\/noticias-villa-maria\/leones-busso-encabezo-la-8-mesa-nacional-del-trigo\/#respond\"]}]},{\"@type\":\"WebPage\",\"@id\":\"http:\/\/elregionalvm.com.ar\/noticias-villa-maria\/leones-busso-encabezo-la-8-mesa-nacional-del-trigo\/\",\"url\":\"http:\/\/elregionalvm.com.ar\/noticias-villa-maria\/leones-busso-encabezo-la-8-mesa-nacional-del-trigo\/\",\"name\":\"Leones: Busso encabez\u00f3 la 8\u00b0 Mesa Nacional del Trigo - El Regional\",\"isPartOf\":{\"@id\":\"http:\/\/elregionalvm.com.ar\/noticias-villa-maria\/#website\"},\"primaryImageOfPage\":{\"@id\":\"http:\/\/elregionalvm.com.ar\/noticias-villa-maria\/leones-busso-encabezo-la-8-mesa-nacional-del-trigo\/#primaryimage\"},\"image\":{\"@id\":\"http:\/\/elregionalvm.com.ar\/noticias-villa-maria\/leones-busso-encabezo-la-8-mesa-nacional-del-trigo\/#primaryimage\"},\"thumbnailUrl\":\"https:\/\/i0.wp.com\/elregionalvm.com.ar\/noticias-villa-maria\/wp-content\/uploads\/2022\/02\/mesa-triguera.jpeg?fit=1600%2C720&ssl=1\",\"datePublished\":\"2022-02-19T00:29:55+00:00\",\"dateModified\":\"2022-02-20T04:06:37+00:00\",\"author\":{\"@id\":\"http:\/\/elregionalvm.com.ar\/noticias-villa-maria\/#\/schema\/person\/a0fb9c422317faca23d50163151bc354\"},\"breadcrumb\":{\"@id\":\"http:\/\/elregionalvm.com.ar\/noticias-villa-maria\/leones-busso-encabezo-la-8-mesa-nacional-del-trigo\/#breadcrumb\"},\"inLanguage\":\"es\",\"potentialAction\":[{\"@type\":\"ReadAction\",\"target\":[\"http:\/\/elregionalvm.com.ar\/noticias-villa-maria\/leones-busso-encabezo-la-8-mesa-nacional-del-trigo\/\"]}]},{\"@type\":\"ImageObject\",\"inLanguage\":\"es\",\"@id\":\"http:\/\/elregionalvm.com.ar\/noticias-villa-maria\/leones-busso-encabezo-la-8-mesa-nacional-del-trigo\/#primaryimage\",\"url\":\"https:\/\/i0.wp.com\/elregionalvm.com.ar\/noticias-villa-maria\/wp-content\/uploads\/2022\/02\/mesa-triguera.jpeg?fit=1600%2C720&ssl=1\",\"contentUrl\":\"https:\/\/i0.wp.com\/elregionalvm.com.ar\/noticias-villa-maria\/wp-content\/uploads\/2022\/02\/mesa-triguera.jpeg?fit=1600%2C720&ssl=1\",\"width\":1600,\"height\":720},{\"@type\":\"BreadcrumbList\",\"@id\":\"http:\/\/elregionalvm.com.ar\/noticias-villa-maria\/leones-busso-encabezo-la-8-mesa-nacional-del-trigo\/#breadcrumb\",\"itemListElement\":[{\"@type\":\"ListItem\",\"position\":1,\"name\":\"Portada\",\"item\":\"https:\/\/elregionalvm.com.ar\/noticias-villa-maria\/\"},{\"@type\":\"ListItem\",\"position\":2,\"name\":\"Leones: Busso encabez\u00f3 la 8\u00b0 Mesa Nacional del Trigo\"}]},{\"@type\":\"WebSite\",\"@id\":\"http:\/\/elregionalvm.com.ar\/noticias-villa-maria\/#website\",\"url\":\"http:\/\/elregionalvm.com.ar\/noticias-villa-maria\/\",\"name\":\"El Regional\",\"description\":\"Mucho m\u00e1s que informaci\u00f3n\",\"potentialAction\":[{\"@type\":\"SearchAction\",\"target\":{\"@type\":\"EntryPoint\",\"urlTemplate\":\"http:\/\/elregionalvm.com.ar\/noticias-villa-maria\/?s={search_term_string}\"},\"query-input\":{\"@type\":\"PropertyValueSpecification\",\"valueRequired\":true,\"valueName\":\"search_term_string\"}}],\"inLanguage\":\"es\"},{\"@type\":\"Person\",\"@id\":\"http:\/\/elregionalvm.com.ar\/noticias-villa-maria\/#\/schema\/person\/a0fb9c422317faca23d50163151bc354\",\"name\":\"Contenidos El Regional\",\"image\":{\"@type\":\"ImageObject\",\"inLanguage\":\"es\",\"@id\":\"http:\/\/elregionalvm.com.ar\/noticias-villa-maria\/#\/schema\/person\/image\/\",\"url\":\"https:\/\/secure.gravatar.com\/avatar\/265b27cb2209af7bb3a1318f03305787d7981a5cc6e6cd08fe5a4ecdf99d4b48?s=96&d=mm&r=g\",\"contentUrl\":\"https:\/\/secure.gravatar.com\/avatar\/265b27cb2209af7bb3a1318f03305787d7981a5cc6e6cd08fe5a4ecdf99d4b48?s=96&d=mm&r=g\",\"caption\":\"Contenidos El Regional\"},\"url\":\"https:\/\/elregionalvm.com.ar\/noticias-villa-maria\/author\/contenido\/\"}]}<\/script>\n<!-- \/ Yoast SEO plugin. -->","yoast_head_json":{"title":"Leones: Busso encabez\u00f3 la 8\u00b0 Mesa Nacional del Trigo - El Regional","robots":{"index":"index","follow":"follow","max-snippet":"max-snippet:-1","max-image-preview":"max-image-preview:large","max-video-preview":"max-video-preview:-1"},"canonical":"http:\/\/elregionalvm.com.ar\/noticias-villa-maria\/leones-busso-encabezo-la-8-mesa-nacional-del-trigo\/","og_locale":"es_ES","og_type":"article","og_title":"Leones: Busso encabez\u00f3 la 8\u00b0 Mesa Nacional del Trigo - El Regional","og_description":"Se desarroll\u00f3 en Leones, la 8\u00b0 Mesa Nacional del Trigo, con una convocatoria de m\u00e1s de 30 entidades de toda la cadena triguera del pa\u00eds. El Ministro de Agricultura y Ganader\u00eda, Sergio Busso, encabez\u00f3 el encuentro junto a su par de Desarrollo Social, Carlos Massei, en representaci\u00f3n del Gobierno de C\u00f3rdoba.&nbsp; Fue una de las [&hellip;]","og_url":"http:\/\/elregionalvm.com.ar\/noticias-villa-maria\/leones-busso-encabezo-la-8-mesa-nacional-del-trigo\/","og_site_name":"El Regional","article_publisher":"https:\/\/www.facebook.com\/elregionalvm","article_published_time":"2022-02-19T00:29:55+00:00","article_modified_time":"2022-02-20T04:06:37+00:00","og_image":[{"width":1600,"height":720,"url":"http:\/\/elregionalvm.com.ar\/noticias-villa-maria\/wp-content\/uploads\/2022\/02\/mesa-triguera.jpeg","type":"image\/jpeg"}],"author":"Contenidos El Regional","twitter_card":"summary_large_image","twitter_creator":"@elregionalvm1","twitter_site":"@elregionalvm1","twitter_misc":{"Escrito por":"Contenidos El Regional","Tiempo de lectura":"4 minutos"},"schema":{"@context":"https:\/\/schema.org","@graph":[{"@type":"Article","@id":"http:\/\/elregionalvm.com.ar\/noticias-villa-maria\/leones-busso-encabezo-la-8-mesa-nacional-del-trigo\/#article","isPartOf":{"@id":"http:\/\/elregionalvm.com.ar\/noticias-villa-maria\/leones-busso-encabezo-la-8-mesa-nacional-del-trigo\/"},"author":{"name":"Contenidos El Regional","@id":"http:\/\/elregionalvm.com.ar\/noticias-villa-maria\/#\/schema\/person\/a0fb9c422317faca23d50163151bc354"},"headline":"Leones: Busso encabez\u00f3 la 8\u00b0 Mesa Nacional del Trigo","datePublished":"2022-02-19T00:29:55+00:00","dateModified":"2022-02-20T04:06:37+00:00","mainEntityOfPage":{"@id":"http:\/\/elregionalvm.com.ar\/noticias-villa-maria\/leones-busso-encabezo-la-8-mesa-nacional-del-trigo\/"},"wordCount":690,"commentCount":0,"image":{"@id":"http:\/\/elregionalvm.com.ar\/noticias-villa-maria\/leones-busso-encabezo-la-8-mesa-nacional-del-trigo\/#primaryimage"},"thumbnailUrl":"https:\/\/i0.wp.com\/elregionalvm.com.ar\/noticias-villa-maria\/wp-content\/uploads\/2022\/02\/mesa-triguera.jpeg?fit=1600%2C720&ssl=1","keywords":["Agricultura","Econom\u00eda","Fiesta del Trigo","Leones","mesa triguera","ministro Sergio Busso","regionales"],"articleSection":["Regi\u00f3n"],"inLanguage":"es","potentialAction":[{"@type":"CommentAction","name":"Comment","target":["http:\/\/elregionalvm.com.ar\/noticias-villa-maria\/leones-busso-encabezo-la-8-mesa-nacional-del-trigo\/#respond"]}]},{"@type":"WebPage","@id":"http:\/\/elregionalvm.com.ar\/noticias-villa-maria\/leones-busso-encabezo-la-8-mesa-nacional-del-trigo\/","url":"http:\/\/elregionalvm.com.ar\/noticias-villa-maria\/leones-busso-encabezo-la-8-mesa-nacional-del-trigo\/","name":"Leones: Busso encabez\u00f3 la 8\u00b0 Mesa Nacional del Trigo - El Regional","isPartOf":{"@id":"http:\/\/elregionalvm.com.ar\/noticias-villa-maria\/#website"},"primaryImageOfPage":{"@id":"http:\/\/elregionalvm.com.ar\/noticias-villa-maria\/leones-busso-encabezo-la-8-mesa-nacional-del-trigo\/#primaryimage"},"image":{"@id":"http:\/\/elregionalvm.com.ar\/noticias-villa-maria\/leones-busso-encabezo-la-8-mesa-nacional-del-trigo\/#primaryimage"},"thumbnailUrl":"https:\/\/i0.wp.com\/elregionalvm.com.ar\/noticias-villa-maria\/wp-content\/uploads\/2022\/02\/mesa-triguera.jpeg?fit=1600%2C720&ssl=1","datePublished":"2022-02-19T00:29:55+00:00","dateModified":"2022-02-20T04:06:37+00:00","author":{"@id":"http:\/\/elregionalvm.com.ar\/noticias-villa-maria\/#\/schema\/person\/a0fb9c422317faca23d50163151bc354"},"breadcrumb":{"@id":"http:\/\/elregionalvm.com.ar\/noticias-villa-maria\/leones-busso-encabezo-la-8-mesa-nacional-del-trigo\/#breadcrumb"},"inLanguage":"es","potentialAction":[{"@type":"ReadAction","target":["http:\/\/elregionalvm.com.ar\/noticias-villa-maria\/leones-busso-encabezo-la-8-mesa-nacional-del-trigo\/"]}]},{"@type":"ImageObject","inLanguage":"es","@id":"http:\/\/elregionalvm.com.ar\/noticias-villa-maria\/leones-busso-encabezo-la-8-mesa-nacional-del-trigo\/#primaryimage","url":"https:\/\/i0.wp.com\/elregionalvm.com.ar\/noticias-villa-maria\/wp-content\/uploads\/2022\/02\/mesa-triguera.jpeg?fit=1600%2C720&ssl=1","contentUrl":"https:\/\/i0.wp.com\/elregionalvm.com.ar\/noticias-villa-maria\/wp-content\/uploads\/2022\/02\/mesa-triguera.jpeg?fit=1600%2C720&ssl=1","width":1600,"height":720},{"@type":"BreadcrumbList","@id":"http:\/\/elregionalvm.com.ar\/noticias-villa-maria\/leones-busso-encabezo-la-8-mesa-nacional-del-trigo\/#breadcrumb","itemListElement":[{"@type":"ListItem","position":1,"name":"Portada","item":"https:\/\/elregionalvm.com.ar\/noticias-villa-maria\/"},{"@type":"ListItem","position":2,"name":"Leones: Busso encabez\u00f3 la 8\u00b0 Mesa Nacional del Trigo"}]},{"@type":"WebSite","@id":"http:\/\/elregionalvm.com.ar\/noticias-villa-maria\/#website","url":"http:\/\/elregionalvm.com.ar\/noticias-villa-maria\/","name":"El Regional","description":"Mucho m\u00e1s que informaci\u00f3n","potentialAction":[{"@type":"SearchAction","target":{"@type":"EntryPoint","urlTemplate":"http:\/\/elregionalvm.com.ar\/noticias-villa-maria\/?s={search_term_string}"},"query-input":{"@type":"PropertyValueSpecification","valueRequired":true,"valueName":"search_term_string"}}],"inLanguage":"es"},{"@type":"Person","@id":"http:\/\/elregionalvm.com.ar\/noticias-villa-maria\/#\/schema\/person\/a0fb9c422317faca23d50163151bc354","name":"Contenidos El Regional","image":{"@type":"ImageObject","inLanguage":"es","@id":"http:\/\/elregionalvm.com.ar\/noticias-villa-maria\/#\/schema\/person\/image\/","url":"https:\/\/secure.gravatar.com\/avatar\/265b27cb2209af7bb3a1318f03305787d7981a5cc6e6cd08fe5a4ecdf99d4b48?s=96&d=mm&r=g","contentUrl":"https:\/\/secure.gravatar.com\/avatar\/265b27cb2209af7bb3a1318f03305787d7981a5cc6e6cd08fe5a4ecdf99d4b48?s=96&d=mm&r=g","caption":"Contenidos El Regional"},"url":"https:\/\/elregionalvm.com.ar\/noticias-villa-maria\/author\/contenido\/"}]}},"jetpack_featured_media_url":"https:\/\/i0.wp.com\/elregionalvm.com.ar\/noticias-villa-maria\/wp-content\/uploads\/2022\/02\/mesa-triguera.jpeg?fit=1600%2C720&ssl=1","jetpack_sharing_enabled":true,"_links":{"self":[{"href":"https:\/\/elregionalvm.com.ar\/noticias-villa-maria\/wp-json\/wp\/v2\/posts\/52919","targetHints":{"allow":["GET"]}}],"collection":[{"href":"https:\/\/elregionalvm.com.ar\/noticias-villa-maria\/wp-json\/wp\/v2\/posts"}],"about":[{"href":"https:\/\/elregionalvm.com.ar\/noticias-villa-maria\/wp-json\/wp\/v2\/types\/post"}],"author":[{"embeddable":true,"href":"https:\/\/elregionalvm.com.ar\/noticias-villa-maria\/wp-json\/wp\/v2\/users\/4"}],"replies":[{"embeddable":true,"href":"https:\/\/elregionalvm.com.ar\/noticias-villa-maria\/wp-json\/wp\/v2\/comments?post=52919"}],"version-history":[{"count":1,"href":"https:\/\/elregionalvm.com.ar\/noticias-villa-maria\/wp-json\/wp\/v2\/posts\/52919\/revisions"}],"predecessor-version":[{"id":52921,"href":"https:\/\/elregionalvm.com.ar\/noticias-villa-maria\/wp-json\/wp\/v2\/posts\/52919\/revisions\/52921"}],"wp:featuredmedia":[{"embeddable":true,"href":"https:\/\/elregionalvm.com.ar\/noticias-villa-maria\/wp-json\/wp\/v2\/media\/52920"}],"wp:attachment":[{"href":"https:\/\/elregionalvm.com.ar\/noticias-villa-maria\/wp-json\/wp\/v2\/media?parent=52919"}],"wp:term":[{"taxonomy":"category","embeddable":true,"href":"https:\/\/elregionalvm.com.ar\/noticias-villa-maria\/wp-json\/wp\/v2\/categories?post=52919"},{"taxonomy":"post_tag","embeddable":true,"href":"https:\/\/elregionalvm.com.ar\/noticias-villa-maria\/wp-json\/wp\/v2\/tags?post=52919"}],"curies":[{"name":"wp","href":"https:\/\/api.w.org\/{rel}","templated":true}]}}