{"id":52944,"date":"2022-02-19T22:39:19","date_gmt":"2022-02-19T22:39:19","guid":{"rendered":"https:\/\/elregionalvm.com.ar\/noticias-villa-maria\/?p=52944"},"modified":"2022-02-22T02:05:09","modified_gmt":"2022-02-22T02:05:09","slug":"musica-e-historia-corazon-de-limon-perfume-de-naranjales","status":"publish","type":"post","link":"https:\/\/elregionalvm.com.ar\/noticias-villa-maria\/musica-e-historia-corazon-de-limon-perfume-de-naranjales\/","title":{"rendered":"[M\u00fasica e Historia] Coraz\u00f3n de lim\u00f3n, perfume de naranjales"},"content":{"rendered":"\n<p><\/p>\n\n\n\n<h4 class=\"wp-block-heading\"><strong><em>\u201cAy Taf\u00ed yo te quiero encontrar trepando por el camino\u2026\u201d<\/em><\/strong><\/h4>\n\n\n\n<p><\/p>\n\n\n\n<p><strong>Escribe: Leo Mu\u00f1oz<\/strong><\/p>\n\n\n\n<p><\/p>\n\n\n\n<p><strong>La voz de la Pachamama<\/strong><strong><em><\/em><\/strong><\/p>\n\n\n\n<p>Pocas regiones argentinas pueden mostrar de manera contundente la ra\u00edz criolla, el Noroeste es probablemente el m\u00e1ximo exponente, donde la cobriza nitidez de muchos de sus habitantes se expresa no solo en la piel, sino tambi\u00e9n en la m\u00fasica y costumbres.<\/p>\n\n\n\n<p>Reducto que no cede, al menos a\u00fan, a su identidad cultural pese a la presi\u00f3n del Siglo XXI. La zamba dedicada a Taf\u00ed Viejo (Tucum\u00e1n) habr\u00eda nacido cuando en 1974 Oscar Valle, de los Quilla Huasi, trepaba el camino (calle Constituci\u00f3n) buscando Taf\u00ed Viejo, donde se desarrollaba el festival organizado por el Club Mitre.<\/p>\n\n\n\n<p>Tambi\u00e9n Yupanqui, quien viviera en su ni\u00f1ez y adolescencia all\u00ed, dedic\u00f3 \u201cCamino del Indio\u201d a esta localidad tucumana, que en cada octubre ofrece en el escenario del club la actuaci\u00f3n de grandes artistas del folklore nacional.<\/p>\n\n\n\n<p><\/p>\n\n\n\n<figure class=\"wp-block-image size-large\"><img data-recalc-dims=\"1\" fetchpriority=\"high\" decoding=\"async\" width=\"1024\" height=\"686\" src=\"https:\/\/i0.wp.com\/elregionalvm.com.ar\/noticias-villa-maria\/wp-content\/uploads\/2022\/02\/limones-en-planta.jpg?resize=1024%2C686&#038;ssl=1\" alt=\"\" class=\"wp-image-52948\" srcset=\"https:\/\/i0.wp.com\/elregionalvm.com.ar\/noticias-villa-maria\/wp-content\/uploads\/2022\/02\/limones-en-planta.jpg?resize=1024%2C686&amp;ssl=1 1024w, https:\/\/i0.wp.com\/elregionalvm.com.ar\/noticias-villa-maria\/wp-content\/uploads\/2022\/02\/limones-en-planta.jpg?resize=300%2C201&amp;ssl=1 300w, https:\/\/i0.wp.com\/elregionalvm.com.ar\/noticias-villa-maria\/wp-content\/uploads\/2022\/02\/limones-en-planta.jpg?resize=768%2C515&amp;ssl=1 768w, https:\/\/i0.wp.com\/elregionalvm.com.ar\/noticias-villa-maria\/wp-content\/uploads\/2022\/02\/limones-en-planta.jpg?w=1200&amp;ssl=1 1200w\" sizes=\"(max-width: 1000px) 100vw, 1000px\" \/><figcaption><em> La producci\u00f3n de lim\u00f3n es columna de la comunidad de Taf\u00ed Viejo.<\/em><\/figcaption><\/figure>\n\n\n\n<p><\/p>\n\n\n\n<p><strong>Fiesta Nacional del Lim\u00f3n<\/strong><\/p>\n\n\n\n<p>A 12 Km al Norte de San Miguel de Tucum\u00e1n se encuentra Taf\u00ed Viejo, sede de la fiesta cuya 1\u00aa edici\u00f3n ocurriera en 1970.<\/p>\n\n\n\n<p>La localidad cuya vida se expresa a lo largo de la Avenida Alem, se consolid\u00f3 con la instalaci\u00f3n de talleres ferroviarios, tal su presencia que Taf\u00ed Viejo cuenta con un importante museo ferroviario.<\/p>\n\n\n\n<p>Es la Fiesta Nacional del Lim\u00f3n el evento que engalana la tierra de los c\u00edtricos, perfumada por azahares, la producci\u00f3n de lim\u00f3n es columna de la comunidad.<\/p>\n\n\n\n<p><\/p>\n\n\n\n<figure class=\"wp-block-embed is-type-video is-provider-youtube wp-block-embed-youtube wp-embed-aspect-4-3 wp-has-aspect-ratio\"><div class=\"wp-block-embed__wrapper\">\n<iframe title=\"Coraz\u00f3n de Lim\u00f3n\" width=\"500\" height=\"375\" src=\"https:\/\/www.youtube.com\/embed\/6U-v4YisJBA?feature=oembed\" frameborder=\"0\" allow=\"accelerometer; autoplay; clipboard-write; encrypted-media; gyroscope; picture-in-picture; web-share\" referrerpolicy=\"strict-origin-when-cross-origin\" allowfullscreen><\/iframe>\n<\/div><figcaption><em>\u201cCoraz\u00f3n de Lim\u00f3n\u00bb por los Quilla Huasi.<\/em><\/figcaption><\/figure>\n\n\n\n<p><\/p>\n\n\n\n<p><\/p>\n\n\n\n<p>El clima tropical serrano facilita el desarrollo de especies de cultivo limitado en Argentina, banana, anan\u00e1, palta, chirimoya, mango, adem\u00e1s de citrus.<\/p>\n\n\n\n<p>La condici\u00f3n se extiende como una franja en Tucum\u00e1n, Salta y Jujuy, cuyo bioma es la selva tucumano-oranense. El lim\u00f3n tucumano, junto al entrerriano y el correntino, representa la principal producci\u00f3n en nuestro pa\u00eds del fruto.<\/p>\n\n\n\n<p><strong>Taf\u00ed Viejo<\/strong><\/p>\n\n\n\n<p>Fundada en 1900 se convirti\u00f3 en la regi\u00f3n de mayor producci\u00f3n de lim\u00f3n a nivel global. En Tucum\u00e1n tambi\u00e9n est\u00e1 Taf\u00ed del Valle, a unos 50 km. en l\u00ednea recta hacia el Oeste, pero a 120 km por ruta.<\/p>\n\n\n\n<p>El Censo 2010 indic\u00f3 40.000 habitantes en Taf\u00ed Viejo. En el pago tafice\u00f1o se elabora actualmente un lemoncello premium, adem\u00e1s se ha convertido en referencia de drones con empresas de gran envergadura.<\/p>\n\n\n\n<p>Si bien el cierre de los talleres ferroviarios en 1980 dej\u00f3 mucha gente sin trabajo, su apertura parcial en el 84 alivi\u00f3 la situaci\u00f3n, pero la actividad frut\u00edcola sostuvo la comunidad y la apertura a nuevas oportunidades acompa\u00f1a los sue\u00f1os de vivir dignamente.<\/p>\n\n\n\n<p><\/p>\n\n\n\n<figure class=\"wp-block-embed is-type-video is-provider-youtube wp-block-embed-youtube wp-embed-aspect-16-9 wp-has-aspect-ratio\"><div class=\"wp-block-embed__wrapper\">\n<iframe title=\"Coraz\u00f3n de lim\u00f3n - Destino San Javier en el Festival Nacional del Lim\u00f3n\" width=\"500\" height=\"281\" src=\"https:\/\/www.youtube.com\/embed\/5kshfV3Kne8?feature=oembed\" frameborder=\"0\" allow=\"accelerometer; autoplay; clipboard-write; encrypted-media; gyroscope; picture-in-picture; web-share\" referrerpolicy=\"strict-origin-when-cross-origin\" allowfullscreen><\/iframe>\n<\/div><figcaption><em>\u201cCoraz\u00f3n de Lim\u00f3n\u201d por Destino San Javier en la Fiesta Nacional del Lim\u00f3n<\/em><\/figcaption><\/figure>\n\n\n\n<p><\/p>\n\n\n\n<p><\/p>\n\n\n\n<p><strong>\u201cCoraz\u00f3n de Lim\u00f3n\u201d (Valles, Fabini, Segura)<\/strong><\/p>\n\n\n\n<p><br><br>Zambita de Taf\u00ed viejo,<br>cantale dulce a mi tierra<br>como una moza donosa,<br>que va vestida de primavera.<br><br>Zambita de Taf\u00ed viejo:<br>aroma de naranjales.<br>Toda la siesta te quiere llevar,<br>enamorada en el aire.<br><br>\u00a1Ay Taf\u00ed, yo te quiero encontrar<br>trepando por el camino!<br>Coraz\u00f3n de lim\u00f3n:<br>el fruto de tu destino.<br>Como una flor, que naci\u00f3 para amar<br>en mi viejo Tucum\u00e1n.<br><br>Coraz\u00f3n de lim\u00f3n&#8230;<br><br>Zambita de Taf\u00ed viejo,<br>reliquia de mis abuelos,<br>donde algun duende carpero andar\u00e1,<br>revoleando su pa\u00f1uelo.<br><br>Zambita de Taf\u00ed viejo,<br>la voz de la pachamama:<br>desde su pecho me quiso dejar<br>adentro de mi guitarra.<\/p>\n\n\n\n<p><\/p>\n\n\n\n<p><\/p>\n\n\n\n<p><\/p>\n\n\n\n<p><\/p>\n\n\n\n<p><\/p>\n\n\n\n<p><\/p>\n\n\n\n<p><\/p>\n","protected":false},"excerpt":{"rendered":"<p>\u201cAy Taf\u00ed yo te quiero encontrar trepando por el camino\u2026\u201d Escribe: Leo Mu\u00f1oz La voz de la Pachamama Pocas regiones argentinas pueden mostrar de manera contundente la ra\u00edz criolla, el Noroeste es probablemente el m\u00e1ximo exponente, donde la cobriza nitidez de muchos de sus habitantes se expresa no solo en la piel, sino tambi\u00e9n en [&hellip;]<\/p>\n","protected":false},"author":4,"featured_media":52947,"comment_status":"open","ping_status":"open","sticky":false,"template":"","format":"standard","meta":{"site-sidebar-layout":"default","site-content-layout":"default","ast-site-content-layout":"default","site-content-style":"default","site-sidebar-style":"default","ast-global-header-display":"","ast-banner-title-visibility":"","ast-main-header-display":"","ast-hfb-above-header-display":"","ast-hfb-below-header-display":"","ast-hfb-mobile-header-display":"","site-post-title":"","ast-breadcrumbs-content":"","ast-featured-img":"","footer-sml-layout":"","ast-disable-related-posts":"","theme-transparent-header-meta":"default","adv-header-id-meta":"","stick-header-meta":"","header-above-stick-meta":"","header-main-stick-meta":"","header-below-stick-meta":"","astra-migrate-meta-layouts":"default","ast-page-background-enabled":"default","ast-page-background-meta":{"desktop":{"background-color":"","background-image":"","background-repeat":"repeat","background-position":"center center","background-size":"auto","background-attachment":"scroll","background-type":"","background-media":"","overlay-type":"","overlay-color":"","overlay-opacity":"","overlay-gradient":""},"tablet":{"background-color":"","background-image":"","background-repeat":"repeat","background-position":"center center","background-size":"auto","background-attachment":"scroll","background-type":"","background-media":"","overlay-type":"","overlay-color":"","overlay-opacity":"","overlay-gradient":""},"mobile":{"background-color":"","background-image":"","background-repeat":"repeat","background-position":"center center","background-size":"auto","background-attachment":"scroll","background-type":"","background-media":"","overlay-type":"","overlay-color":"","overlay-opacity":"","overlay-gradient":""}},"ast-content-background-meta":{"desktop":{"background-color":"var(--ast-global-color-5)","background-image":"","background-repeat":"repeat","background-position":"center center","background-size":"auto","background-attachment":"scroll","background-type":"","background-media":"","overlay-type":"","overlay-color":"","overlay-opacity":"","overlay-gradient":""},"tablet":{"background-color":"var(--ast-global-color-5)","background-image":"","background-repeat":"repeat","background-position":"center center","background-size":"auto","background-attachment":"scroll","background-type":"","background-media":"","overlay-type":"","overlay-color":"","overlay-opacity":"","overlay-gradient":""},"mobile":{"background-color":"var(--ast-global-color-5)","background-image":"","background-repeat":"repeat","background-position":"center center","background-size":"auto","background-attachment":"scroll","background-type":"","background-media":"","overlay-type":"","overlay-color":"","overlay-opacity":"","overlay-gradient":""}},"_jetpack_memberships_contains_paid_content":false,"_joinchat":[],"footnotes":""},"categories":[2098,3557,2074],"tags":[13816,13713,13817,3174,1940,13818,13815,9766,1712],"class_list":["post-52944","post","type-post","status-publish","format-standard","has-post-thumbnail","hentry","category-historias","category-tercera","category-videos","tag-corazon-de-limon","tag-destino-san-javier","tag-fiesta-nacional-del-limon","tag-folklore","tag-leo-munoz","tag-quilla-huasi","tag-tafi-viejo","tag-tucuman","tag-zamba"],"yoast_head":"<!-- This site is optimized with the Yoast SEO plugin v26.8 - https:\/\/yoast.com\/product\/yoast-seo-wordpress\/ -->\n<title>[M\u00fasica e Historia] Coraz\u00f3n de lim\u00f3n, perfume de naranjales - El Regional<\/title>\n<meta name=\"description\" content=\"La Fiesta Nacional del Lim\u00f3n engalana la tierra de los c\u00edtricos, perfumada por azahares, la producci\u00f3n de lim\u00f3n es columna de la comunidad.\" \/>\n<meta name=\"robots\" content=\"index, follow, max-snippet:-1, max-image-preview:large, max-video-preview:-1\" \/>\n<link rel=\"canonical\" href=\"http:\/\/elregionalvm.com.ar\/noticias-villa-maria\/musica-e-historia-corazon-de-limon-perfume-de-naranjales\/\" \/>\n<meta property=\"og:locale\" content=\"es_ES\" \/>\n<meta property=\"og:type\" content=\"article\" \/>\n<meta property=\"og:title\" content=\"[M\u00fasica e Historia] Coraz\u00f3n de lim\u00f3n, perfume de naranjales - El Regional\" \/>\n<meta property=\"og:description\" content=\"La Fiesta Nacional del Lim\u00f3n engalana la tierra de los c\u00edtricos, perfumada por azahares, la producci\u00f3n de lim\u00f3n es columna de la comunidad.\" \/>\n<meta property=\"og:url\" content=\"http:\/\/elregionalvm.com.ar\/noticias-villa-maria\/musica-e-historia-corazon-de-limon-perfume-de-naranjales\/\" \/>\n<meta property=\"og:site_name\" content=\"El Regional\" \/>\n<meta property=\"article:publisher\" content=\"https:\/\/www.facebook.com\/elregionalvm\" \/>\n<meta property=\"article:published_time\" content=\"2022-02-19T22:39:19+00:00\" \/>\n<meta property=\"article:modified_time\" content=\"2022-02-22T02:05:09+00:00\" \/>\n<meta property=\"og:image\" content=\"http:\/\/elregionalvm.com.ar\/noticias-villa-maria\/wp-content\/uploads\/2022\/02\/Fiesta-Nacional-del-Limon.jpg\" \/>\n\t<meta property=\"og:image:width\" content=\"990\" \/>\n\t<meta property=\"og:image:height\" content=\"643\" \/>\n\t<meta property=\"og:image:type\" content=\"image\/jpeg\" \/>\n<meta name=\"author\" content=\"Contenidos El Regional\" \/>\n<meta name=\"twitter:card\" content=\"summary_large_image\" \/>\n<meta name=\"twitter:creator\" content=\"@elregionalvm1\" \/>\n<meta name=\"twitter:site\" content=\"@elregionalvm1\" \/>\n<meta name=\"twitter:label1\" content=\"Escrito por\" \/>\n\t<meta name=\"twitter:data1\" content=\"Contenidos El Regional\" \/>\n\t<meta name=\"twitter:label2\" content=\"Tiempo de lectura\" \/>\n\t<meta name=\"twitter:data2\" content=\"3 minutos\" \/>\n<script type=\"application\/ld+json\" class=\"yoast-schema-graph\">{\"@context\":\"https:\/\/schema.org\",\"@graph\":[{\"@type\":\"Article\",\"@id\":\"http:\/\/elregionalvm.com.ar\/noticias-villa-maria\/musica-e-historia-corazon-de-limon-perfume-de-naranjales\/#article\",\"isPartOf\":{\"@id\":\"http:\/\/elregionalvm.com.ar\/noticias-villa-maria\/musica-e-historia-corazon-de-limon-perfume-de-naranjales\/\"},\"author\":{\"name\":\"Contenidos El Regional\",\"@id\":\"http:\/\/elregionalvm.com.ar\/noticias-villa-maria\/#\/schema\/person\/a0fb9c422317faca23d50163151bc354\"},\"headline\":\"[M\u00fasica e Historia] Coraz\u00f3n de lim\u00f3n, perfume de naranjales\",\"datePublished\":\"2022-02-19T22:39:19+00:00\",\"dateModified\":\"2022-02-22T02:05:09+00:00\",\"mainEntityOfPage\":{\"@id\":\"http:\/\/elregionalvm.com.ar\/noticias-villa-maria\/musica-e-historia-corazon-de-limon-perfume-de-naranjales\/\"},\"wordCount\":615,\"commentCount\":0,\"image\":{\"@id\":\"http:\/\/elregionalvm.com.ar\/noticias-villa-maria\/musica-e-historia-corazon-de-limon-perfume-de-naranjales\/#primaryimage\"},\"thumbnailUrl\":\"https:\/\/i0.wp.com\/elregionalvm.com.ar\/noticias-villa-maria\/wp-content\/uploads\/2022\/02\/Fiesta-Nacional-del-Limon.jpg?fit=990%2C643&ssl=1\",\"keywords\":[\"Coraz\u00f3n de lim\u00f3n\",\"Destino San Javier\",\"Fiesta Nacional del Lim\u00f3n\",\"Folklore\",\"leo mu\u00f1oz\",\"Quilla Huasi\",\"Taf\u00ed Viejo\",\"Tucum\u00e1n\",\"zamba\"],\"articleSection\":[\"Historias\",\"tercera\",\"Videos\"],\"inLanguage\":\"es\",\"potentialAction\":[{\"@type\":\"CommentAction\",\"name\":\"Comment\",\"target\":[\"http:\/\/elregionalvm.com.ar\/noticias-villa-maria\/musica-e-historia-corazon-de-limon-perfume-de-naranjales\/#respond\"]}]},{\"@type\":\"WebPage\",\"@id\":\"http:\/\/elregionalvm.com.ar\/noticias-villa-maria\/musica-e-historia-corazon-de-limon-perfume-de-naranjales\/\",\"url\":\"http:\/\/elregionalvm.com.ar\/noticias-villa-maria\/musica-e-historia-corazon-de-limon-perfume-de-naranjales\/\",\"name\":\"[M\u00fasica e Historia] Coraz\u00f3n de lim\u00f3n, perfume de naranjales - El Regional\",\"isPartOf\":{\"@id\":\"http:\/\/elregionalvm.com.ar\/noticias-villa-maria\/#website\"},\"primaryImageOfPage\":{\"@id\":\"http:\/\/elregionalvm.com.ar\/noticias-villa-maria\/musica-e-historia-corazon-de-limon-perfume-de-naranjales\/#primaryimage\"},\"image\":{\"@id\":\"http:\/\/elregionalvm.com.ar\/noticias-villa-maria\/musica-e-historia-corazon-de-limon-perfume-de-naranjales\/#primaryimage\"},\"thumbnailUrl\":\"https:\/\/i0.wp.com\/elregionalvm.com.ar\/noticias-villa-maria\/wp-content\/uploads\/2022\/02\/Fiesta-Nacional-del-Limon.jpg?fit=990%2C643&ssl=1\",\"datePublished\":\"2022-02-19T22:39:19+00:00\",\"dateModified\":\"2022-02-22T02:05:09+00:00\",\"author\":{\"@id\":\"http:\/\/elregionalvm.com.ar\/noticias-villa-maria\/#\/schema\/person\/a0fb9c422317faca23d50163151bc354\"},\"description\":\"La Fiesta Nacional del Lim\u00f3n engalana la tierra de los c\u00edtricos, perfumada por azahares, la producci\u00f3n de lim\u00f3n es columna de la comunidad.\",\"breadcrumb\":{\"@id\":\"http:\/\/elregionalvm.com.ar\/noticias-villa-maria\/musica-e-historia-corazon-de-limon-perfume-de-naranjales\/#breadcrumb\"},\"inLanguage\":\"es\",\"potentialAction\":[{\"@type\":\"ReadAction\",\"target\":[\"http:\/\/elregionalvm.com.ar\/noticias-villa-maria\/musica-e-historia-corazon-de-limon-perfume-de-naranjales\/\"]}]},{\"@type\":\"ImageObject\",\"inLanguage\":\"es\",\"@id\":\"http:\/\/elregionalvm.com.ar\/noticias-villa-maria\/musica-e-historia-corazon-de-limon-perfume-de-naranjales\/#primaryimage\",\"url\":\"https:\/\/i0.wp.com\/elregionalvm.com.ar\/noticias-villa-maria\/wp-content\/uploads\/2022\/02\/Fiesta-Nacional-del-Limon.jpg?fit=990%2C643&ssl=1\",\"contentUrl\":\"https:\/\/i0.wp.com\/elregionalvm.com.ar\/noticias-villa-maria\/wp-content\/uploads\/2022\/02\/Fiesta-Nacional-del-Limon.jpg?fit=990%2C643&ssl=1\",\"width\":990,\"height\":643},{\"@type\":\"BreadcrumbList\",\"@id\":\"http:\/\/elregionalvm.com.ar\/noticias-villa-maria\/musica-e-historia-corazon-de-limon-perfume-de-naranjales\/#breadcrumb\",\"itemListElement\":[{\"@type\":\"ListItem\",\"position\":1,\"name\":\"Portada\",\"item\":\"https:\/\/elregionalvm.com.ar\/noticias-villa-maria\/\"},{\"@type\":\"ListItem\",\"position\":2,\"name\":\"[M\u00fasica e Historia] Coraz\u00f3n de lim\u00f3n, perfume de naranjales\"}]},{\"@type\":\"WebSite\",\"@id\":\"http:\/\/elregionalvm.com.ar\/noticias-villa-maria\/#website\",\"url\":\"http:\/\/elregionalvm.com.ar\/noticias-villa-maria\/\",\"name\":\"El Regional\",\"description\":\"Mucho m\u00e1s que informaci\u00f3n\",\"potentialAction\":[{\"@type\":\"SearchAction\",\"target\":{\"@type\":\"EntryPoint\",\"urlTemplate\":\"http:\/\/elregionalvm.com.ar\/noticias-villa-maria\/?s={search_term_string}\"},\"query-input\":{\"@type\":\"PropertyValueSpecification\",\"valueRequired\":true,\"valueName\":\"search_term_string\"}}],\"inLanguage\":\"es\"},{\"@type\":\"Person\",\"@id\":\"http:\/\/elregionalvm.com.ar\/noticias-villa-maria\/#\/schema\/person\/a0fb9c422317faca23d50163151bc354\",\"name\":\"Contenidos El Regional\",\"image\":{\"@type\":\"ImageObject\",\"inLanguage\":\"es\",\"@id\":\"http:\/\/elregionalvm.com.ar\/noticias-villa-maria\/#\/schema\/person\/image\/\",\"url\":\"https:\/\/secure.gravatar.com\/avatar\/265b27cb2209af7bb3a1318f03305787d7981a5cc6e6cd08fe5a4ecdf99d4b48?s=96&d=mm&r=g\",\"contentUrl\":\"https:\/\/secure.gravatar.com\/avatar\/265b27cb2209af7bb3a1318f03305787d7981a5cc6e6cd08fe5a4ecdf99d4b48?s=96&d=mm&r=g\",\"caption\":\"Contenidos El Regional\"},\"url\":\"https:\/\/elregionalvm.com.ar\/noticias-villa-maria\/author\/contenido\/\"}]}<\/script>\n<!-- \/ Yoast SEO plugin. -->","yoast_head_json":{"title":"[M\u00fasica e Historia] Coraz\u00f3n de lim\u00f3n, perfume de naranjales - El Regional","description":"La Fiesta Nacional del Lim\u00f3n engalana la tierra de los c\u00edtricos, perfumada por azahares, la producci\u00f3n de lim\u00f3n es columna de la comunidad.","robots":{"index":"index","follow":"follow","max-snippet":"max-snippet:-1","max-image-preview":"max-image-preview:large","max-video-preview":"max-video-preview:-1"},"canonical":"http:\/\/elregionalvm.com.ar\/noticias-villa-maria\/musica-e-historia-corazon-de-limon-perfume-de-naranjales\/","og_locale":"es_ES","og_type":"article","og_title":"[M\u00fasica e Historia] Coraz\u00f3n de lim\u00f3n, perfume de naranjales - El Regional","og_description":"La Fiesta Nacional del Lim\u00f3n engalana la tierra de los c\u00edtricos, perfumada por azahares, la producci\u00f3n de lim\u00f3n es columna de la comunidad.","og_url":"http:\/\/elregionalvm.com.ar\/noticias-villa-maria\/musica-e-historia-corazon-de-limon-perfume-de-naranjales\/","og_site_name":"El Regional","article_publisher":"https:\/\/www.facebook.com\/elregionalvm","article_published_time":"2022-02-19T22:39:19+00:00","article_modified_time":"2022-02-22T02:05:09+00:00","og_image":[{"width":990,"height":643,"url":"http:\/\/elregionalvm.com.ar\/noticias-villa-maria\/wp-content\/uploads\/2022\/02\/Fiesta-Nacional-del-Limon.jpg","type":"image\/jpeg"}],"author":"Contenidos El Regional","twitter_card":"summary_large_image","twitter_creator":"@elregionalvm1","twitter_site":"@elregionalvm1","twitter_misc":{"Escrito por":"Contenidos El Regional","Tiempo de lectura":"3 minutos"},"schema":{"@context":"https:\/\/schema.org","@graph":[{"@type":"Article","@id":"http:\/\/elregionalvm.com.ar\/noticias-villa-maria\/musica-e-historia-corazon-de-limon-perfume-de-naranjales\/#article","isPartOf":{"@id":"http:\/\/elregionalvm.com.ar\/noticias-villa-maria\/musica-e-historia-corazon-de-limon-perfume-de-naranjales\/"},"author":{"name":"Contenidos El Regional","@id":"http:\/\/elregionalvm.com.ar\/noticias-villa-maria\/#\/schema\/person\/a0fb9c422317faca23d50163151bc354"},"headline":"[M\u00fasica e Historia] Coraz\u00f3n de lim\u00f3n, perfume de naranjales","datePublished":"2022-02-19T22:39:19+00:00","dateModified":"2022-02-22T02:05:09+00:00","mainEntityOfPage":{"@id":"http:\/\/elregionalvm.com.ar\/noticias-villa-maria\/musica-e-historia-corazon-de-limon-perfume-de-naranjales\/"},"wordCount":615,"commentCount":0,"image":{"@id":"http:\/\/elregionalvm.com.ar\/noticias-villa-maria\/musica-e-historia-corazon-de-limon-perfume-de-naranjales\/#primaryimage"},"thumbnailUrl":"https:\/\/i0.wp.com\/elregionalvm.com.ar\/noticias-villa-maria\/wp-content\/uploads\/2022\/02\/Fiesta-Nacional-del-Limon.jpg?fit=990%2C643&ssl=1","keywords":["Coraz\u00f3n de lim\u00f3n","Destino San Javier","Fiesta Nacional del Lim\u00f3n","Folklore","leo mu\u00f1oz","Quilla Huasi","Taf\u00ed Viejo","Tucum\u00e1n","zamba"],"articleSection":["Historias","tercera","Videos"],"inLanguage":"es","potentialAction":[{"@type":"CommentAction","name":"Comment","target":["http:\/\/elregionalvm.com.ar\/noticias-villa-maria\/musica-e-historia-corazon-de-limon-perfume-de-naranjales\/#respond"]}]},{"@type":"WebPage","@id":"http:\/\/elregionalvm.com.ar\/noticias-villa-maria\/musica-e-historia-corazon-de-limon-perfume-de-naranjales\/","url":"http:\/\/elregionalvm.com.ar\/noticias-villa-maria\/musica-e-historia-corazon-de-limon-perfume-de-naranjales\/","name":"[M\u00fasica e Historia] Coraz\u00f3n de lim\u00f3n, perfume de naranjales - El Regional","isPartOf":{"@id":"http:\/\/elregionalvm.com.ar\/noticias-villa-maria\/#website"},"primaryImageOfPage":{"@id":"http:\/\/elregionalvm.com.ar\/noticias-villa-maria\/musica-e-historia-corazon-de-limon-perfume-de-naranjales\/#primaryimage"},"image":{"@id":"http:\/\/elregionalvm.com.ar\/noticias-villa-maria\/musica-e-historia-corazon-de-limon-perfume-de-naranjales\/#primaryimage"},"thumbnailUrl":"https:\/\/i0.wp.com\/elregionalvm.com.ar\/noticias-villa-maria\/wp-content\/uploads\/2022\/02\/Fiesta-Nacional-del-Limon.jpg?fit=990%2C643&ssl=1","datePublished":"2022-02-19T22:39:19+00:00","dateModified":"2022-02-22T02:05:09+00:00","author":{"@id":"http:\/\/elregionalvm.com.ar\/noticias-villa-maria\/#\/schema\/person\/a0fb9c422317faca23d50163151bc354"},"description":"La Fiesta Nacional del Lim\u00f3n engalana la tierra de los c\u00edtricos, perfumada por azahares, la producci\u00f3n de lim\u00f3n es columna de la comunidad.","breadcrumb":{"@id":"http:\/\/elregionalvm.com.ar\/noticias-villa-maria\/musica-e-historia-corazon-de-limon-perfume-de-naranjales\/#breadcrumb"},"inLanguage":"es","potentialAction":[{"@type":"ReadAction","target":["http:\/\/elregionalvm.com.ar\/noticias-villa-maria\/musica-e-historia-corazon-de-limon-perfume-de-naranjales\/"]}]},{"@type":"ImageObject","inLanguage":"es","@id":"http:\/\/elregionalvm.com.ar\/noticias-villa-maria\/musica-e-historia-corazon-de-limon-perfume-de-naranjales\/#primaryimage","url":"https:\/\/i0.wp.com\/elregionalvm.com.ar\/noticias-villa-maria\/wp-content\/uploads\/2022\/02\/Fiesta-Nacional-del-Limon.jpg?fit=990%2C643&ssl=1","contentUrl":"https:\/\/i0.wp.com\/elregionalvm.com.ar\/noticias-villa-maria\/wp-content\/uploads\/2022\/02\/Fiesta-Nacional-del-Limon.jpg?fit=990%2C643&ssl=1","width":990,"height":643},{"@type":"BreadcrumbList","@id":"http:\/\/elregionalvm.com.ar\/noticias-villa-maria\/musica-e-historia-corazon-de-limon-perfume-de-naranjales\/#breadcrumb","itemListElement":[{"@type":"ListItem","position":1,"name":"Portada","item":"https:\/\/elregionalvm.com.ar\/noticias-villa-maria\/"},{"@type":"ListItem","position":2,"name":"[M\u00fasica e Historia] Coraz\u00f3n de lim\u00f3n, perfume de naranjales"}]},{"@type":"WebSite","@id":"http:\/\/elregionalvm.com.ar\/noticias-villa-maria\/#website","url":"http:\/\/elregionalvm.com.ar\/noticias-villa-maria\/","name":"El Regional","description":"Mucho m\u00e1s que informaci\u00f3n","potentialAction":[{"@type":"SearchAction","target":{"@type":"EntryPoint","urlTemplate":"http:\/\/elregionalvm.com.ar\/noticias-villa-maria\/?s={search_term_string}"},"query-input":{"@type":"PropertyValueSpecification","valueRequired":true,"valueName":"search_term_string"}}],"inLanguage":"es"},{"@type":"Person","@id":"http:\/\/elregionalvm.com.ar\/noticias-villa-maria\/#\/schema\/person\/a0fb9c422317faca23d50163151bc354","name":"Contenidos El Regional","image":{"@type":"ImageObject","inLanguage":"es","@id":"http:\/\/elregionalvm.com.ar\/noticias-villa-maria\/#\/schema\/person\/image\/","url":"https:\/\/secure.gravatar.com\/avatar\/265b27cb2209af7bb3a1318f03305787d7981a5cc6e6cd08fe5a4ecdf99d4b48?s=96&d=mm&r=g","contentUrl":"https:\/\/secure.gravatar.com\/avatar\/265b27cb2209af7bb3a1318f03305787d7981a5cc6e6cd08fe5a4ecdf99d4b48?s=96&d=mm&r=g","caption":"Contenidos El Regional"},"url":"https:\/\/elregionalvm.com.ar\/noticias-villa-maria\/author\/contenido\/"}]}},"jetpack_featured_media_url":"https:\/\/i0.wp.com\/elregionalvm.com.ar\/noticias-villa-maria\/wp-content\/uploads\/2022\/02\/Fiesta-Nacional-del-Limon.jpg?fit=990%2C643&ssl=1","jetpack_sharing_enabled":true,"_links":{"self":[{"href":"https:\/\/elregionalvm.com.ar\/noticias-villa-maria\/wp-json\/wp\/v2\/posts\/52944","targetHints":{"allow":["GET"]}}],"collection":[{"href":"https:\/\/elregionalvm.com.ar\/noticias-villa-maria\/wp-json\/wp\/v2\/posts"}],"about":[{"href":"https:\/\/elregionalvm.com.ar\/noticias-villa-maria\/wp-json\/wp\/v2\/types\/post"}],"author":[{"embeddable":true,"href":"https:\/\/elregionalvm.com.ar\/noticias-villa-maria\/wp-json\/wp\/v2\/users\/4"}],"replies":[{"embeddable":true,"href":"https:\/\/elregionalvm.com.ar\/noticias-villa-maria\/wp-json\/wp\/v2\/comments?post=52944"}],"version-history":[{"count":3,"href":"https:\/\/elregionalvm.com.ar\/noticias-villa-maria\/wp-json\/wp\/v2\/posts\/52944\/revisions"}],"predecessor-version":[{"id":52950,"href":"https:\/\/elregionalvm.com.ar\/noticias-villa-maria\/wp-json\/wp\/v2\/posts\/52944\/revisions\/52950"}],"wp:featuredmedia":[{"embeddable":true,"href":"https:\/\/elregionalvm.com.ar\/noticias-villa-maria\/wp-json\/wp\/v2\/media\/52947"}],"wp:attachment":[{"href":"https:\/\/elregionalvm.com.ar\/noticias-villa-maria\/wp-json\/wp\/v2\/media?parent=52944"}],"wp:term":[{"taxonomy":"category","embeddable":true,"href":"https:\/\/elregionalvm.com.ar\/noticias-villa-maria\/wp-json\/wp\/v2\/categories?post=52944"},{"taxonomy":"post_tag","embeddable":true,"href":"https:\/\/elregionalvm.com.ar\/noticias-villa-maria\/wp-json\/wp\/v2\/tags?post=52944"}],"curies":[{"name":"wp","href":"https:\/\/api.w.org\/{rel}","templated":true}]}}