{"id":52957,"date":"2022-02-19T23:59:35","date_gmt":"2022-02-19T23:59:35","guid":{"rendered":"https:\/\/elregionalvm.com.ar\/noticias-villa-maria\/?p=52957"},"modified":"2022-02-22T02:04:55","modified_gmt":"2022-02-22T02:04:55","slug":"historias-la-curiosa-coleccion-de-kaiser-carabela-de-un-villamariense","status":"publish","type":"post","link":"https:\/\/elregionalvm.com.ar\/noticias-villa-maria\/historias-la-curiosa-coleccion-de-kaiser-carabela-de-un-villamariense\/","title":{"rendered":"[Historias] La curiosa colecci\u00f3n de \u201cKaiser Carabela\u201d de un villamariense"},"content":{"rendered":"\n<p><\/p>\n\n\n\n<p><strong>Escribe: Julio A. Ben\u00edtez<\/strong><\/p>\n\n\n\n<p><\/p>\n\n\n\n<p>Henry John Kaiser (9\/5\/1882-24\/8\/1967), estadounidense, empresario millonario, construy\u00f3 su fortuna como constructor de la mayor\u00eda de pavimentos, autopistas, represas y gasoductos, etc., tanto en su pa\u00eds como tambi\u00e9n en Canad\u00e1.<\/p>\n\n\n\n<p>Luego se dedic\u00f3 a la fabricaci\u00f3n de naves de gran porte, conocido como el padre de la moderna construcci\u00f3n naval, durante la Segunda Guerra Mundial, cuyos planos y t\u00e9cnica aplicadas, todav\u00eda son usados para fabricar grandes barcos.<\/p>\n\n\n\n<p>En 1950 se asoci\u00f3 con Joseph W. Frazer para fabricar autom\u00f3viles de paseo, dando origen al modelo \u201cKaiser Manhattan\u201d que en realidad no pudo competir con los \u201cTres Grandes de Detroit\u201d.<\/p>\n\n\n\n<p>Para conversar sobre el tema, entrevistamos a Ariel Baysre, piloto civil PPA, comentarista deportivo y de aviaci\u00f3n. Adem\u00e1s, es aficionado a la mec\u00e1nica, artesano, chapista, pintor, transformador y coleccionista de coches f\u00fanebres armados sobre chasis de los otrora famosos \u201cKaiser Carabela\u201d.<\/p>\n\n\n\n<p><\/p>\n\n\n\n<figure class=\"wp-block-image size-full\"><img data-recalc-dims=\"1\" fetchpriority=\"high\" decoding=\"async\" width=\"783\" height=\"522\" src=\"https:\/\/i0.wp.com\/elregionalvm.com.ar\/noticias-villa-maria\/wp-content\/uploads\/2022\/02\/Kaiser-Carabela-blanco.jpg?resize=783%2C522&#038;ssl=1\" alt=\"\" class=\"wp-image-52966\" srcset=\"https:\/\/i0.wp.com\/elregionalvm.com.ar\/noticias-villa-maria\/wp-content\/uploads\/2022\/02\/Kaiser-Carabela-blanco.jpg?w=783&amp;ssl=1 783w, https:\/\/i0.wp.com\/elregionalvm.com.ar\/noticias-villa-maria\/wp-content\/uploads\/2022\/02\/Kaiser-Carabela-blanco.jpg?resize=300%2C200&amp;ssl=1 300w, https:\/\/i0.wp.com\/elregionalvm.com.ar\/noticias-villa-maria\/wp-content\/uploads\/2022\/02\/Kaiser-Carabela-blanco.jpg?resize=768%2C512&amp;ssl=1 768w\" sizes=\"(max-width: 783px) 100vw, 783px\" \/><figcaption><strong>Un \u00edcono.<\/strong> <em>Se destacaba por sus grandes dimensiones y su comodidad. <\/em><\/figcaption><\/figure>\n\n\n\n<p><\/p>\n\n\n\n<p>La historia nos ofrece dos versiones de su aparici\u00f3n en Argentina. Una, que el presidente Per\u00f3n invit\u00f3 a dichos empresarios para que trasladaran su f\u00e1brica a nuestro pa\u00eds. La otra dice que esa sociedad realiz\u00f3 tal ofrecimiento al Jefe de Estado Argentino.<\/p>\n\n\n\n<p>De cualquier forma, en que se haya negociado este asunto, lo cierto es que el 18 de enero de 1955 se firm\u00f3 el convenio dando origen a \u201cIndustrias Kaiser Argentina S.A.\u201d, com\u00fanmente conocida como \u201cLa IKA\u201d, para lo cual se construyeron las instalaciones en \u201cSanta Isabel\u201d, provincia de C\u00f3rdoba.<\/p>\n\n\n\n<p>Como dato ilustrativo es necesario decir que Argentina import\u00f3 desde E.E.U.U. 1021 \u201cKaiser Manhattan\u201d, uno de los cuales fue restaurado a nuevo en nuestra ciudad por el chapista y constructor de coches de carrera, don Oscar Borri.<\/p>\n\n\n\n<p><strong>Los cambios<\/strong><\/p>\n\n\n\n<p>A mediados del siglo veinte, por razones de modernizaci\u00f3n, los coches f\u00fanebres tirados por caballos se deb\u00edan dejar de usar, raz\u00f3n por la cual las empresas de sepelios de todo el pa\u00eds comenzaron el cambio convirtiendo algunos autos y\/o chatas para trasladar f\u00e9retros y coronas.<\/p>\n\n\n\n<p><\/p>\n\n\n\n<figure class=\"wp-block-image size-large\"><img data-recalc-dims=\"1\" decoding=\"async\" width=\"1024\" height=\"768\" src=\"https:\/\/i0.wp.com\/elregionalvm.com.ar\/noticias-villa-maria\/wp-content\/uploads\/2022\/02\/100_2870.jpg?resize=1024%2C768&#038;ssl=1\" alt=\"\" class=\"wp-image-52962\" srcset=\"https:\/\/i0.wp.com\/elregionalvm.com.ar\/noticias-villa-maria\/wp-content\/uploads\/2022\/02\/100_2870-scaled.jpg?resize=1024%2C768&amp;ssl=1 1024w, https:\/\/i0.wp.com\/elregionalvm.com.ar\/noticias-villa-maria\/wp-content\/uploads\/2022\/02\/100_2870-scaled.jpg?resize=300%2C225&amp;ssl=1 300w, https:\/\/i0.wp.com\/elregionalvm.com.ar\/noticias-villa-maria\/wp-content\/uploads\/2022\/02\/100_2870-scaled.jpg?resize=768%2C576&amp;ssl=1 768w, https:\/\/i0.wp.com\/elregionalvm.com.ar\/noticias-villa-maria\/wp-content\/uploads\/2022\/02\/100_2870-scaled.jpg?resize=1536%2C1152&amp;ssl=1 1536w, https:\/\/i0.wp.com\/elregionalvm.com.ar\/noticias-villa-maria\/wp-content\/uploads\/2022\/02\/100_2870-scaled.jpg?resize=2048%2C1536&amp;ssl=1 2048w\" sizes=\"(max-width: 1000px) 100vw, 1000px\" \/><\/figure>\n\n\n\n<p><\/p>\n\n\n\n<p>Por razones t\u00e9cnicas, por su belleza y fortaleza fue elegido el \u201cKaiser Carabela\u201d para realizar tales tareas. Bello veh\u00edculo, con motor Continental 6 L-226, transmisi\u00f3n trasera, con un peso de 1.638 Kg; largo 5.475 mm; ancho 1.900mm; alto 1.540mm., y 3.010 mm. de distancia entre ejes, con capacidad para 7 personas c\u00f3modamente sentadas. Fabricado totalmente en nuestro pa\u00eds, se vendieron 10.225 unidades, de las cuales 57 se utilizaron como taxis.<\/p>\n\n\n\n<p><strong>En primera persona<\/strong><\/p>\n\n\n\n<p>El testimonio del coleccionista Baysre:<\/p>\n\n\n\n<p>\u201cAcompa\u00f1\u00e9 a mi pap\u00e1, Alberto, cuando comenz\u00f3 con la tarea de conseguir los veh\u00edculos de dicha marca para hacer la transformaci\u00f3n y usarlos como coches f\u00fanebres, viajando a todo el pa\u00eds, ya que recib\u00edamos informaci\u00f3n de los pueblos, ciudades y de algunas estancias donde descansaban los \u2018KC\u2019, ya pasados de moda. De manera tal que las facturas telef\u00f3nicas de mi casa llegaban cargaditas, por llamadas realizadas a todo el pa\u00eds donde posiblemente hab\u00eda alguno.<\/p>\n\n\n\n<p>Fuimos hasta T\u00edo Pujio y vimos los ya restaurados. La mayor\u00eda estaban muy deteriorados, carrocer\u00eda, direcci\u00f3n, parte el\u00e9ctrica, los asientos estaban a la miseria, los restaur\u00e9 con cueros de animales de la zona de Mina Clavero.<\/p>\n\n\n\n<p><\/p>\n\n\n\n<figure class=\"wp-block-image size-large\"><img data-recalc-dims=\"1\" decoding=\"async\" width=\"1024\" height=\"768\" src=\"https:\/\/i0.wp.com\/elregionalvm.com.ar\/noticias-villa-maria\/wp-content\/uploads\/2022\/02\/100_2868.jpg?resize=1024%2C768&#038;ssl=1\" alt=\"\" class=\"wp-image-52963\" srcset=\"https:\/\/i0.wp.com\/elregionalvm.com.ar\/noticias-villa-maria\/wp-content\/uploads\/2022\/02\/100_2868-scaled.jpg?resize=1024%2C768&amp;ssl=1 1024w, https:\/\/i0.wp.com\/elregionalvm.com.ar\/noticias-villa-maria\/wp-content\/uploads\/2022\/02\/100_2868-scaled.jpg?resize=300%2C225&amp;ssl=1 300w, https:\/\/i0.wp.com\/elregionalvm.com.ar\/noticias-villa-maria\/wp-content\/uploads\/2022\/02\/100_2868-scaled.jpg?resize=768%2C576&amp;ssl=1 768w, https:\/\/i0.wp.com\/elregionalvm.com.ar\/noticias-villa-maria\/wp-content\/uploads\/2022\/02\/100_2868-scaled.jpg?resize=1536%2C1152&amp;ssl=1 1536w, https:\/\/i0.wp.com\/elregionalvm.com.ar\/noticias-villa-maria\/wp-content\/uploads\/2022\/02\/100_2868-scaled.jpg?resize=2048%2C1536&amp;ssl=1 2048w\" sizes=\"(max-width: 1000px) 100vw, 1000px\" \/><\/figure>\n\n\n\n<p><\/p>\n\n\n\n<p>Consegu\u00ed repuestos, tapas de ruedas, ruedas completas con la banda blanca, cubiertas, insignias, parabrisas, tableros, guardabarros, lunetas traseras, paragolpes, etc.etc. Esos autos fueron alargados 1,50 m., para la camilla con rolos giratorios de madera, a fin de que el f\u00e9retro pudiera deslizarse y se agregaron los portacorona.<\/p>\n\n\n\n<p>Cuando aparecieron otras marcas de veh\u00edculos tambi\u00e9n fueron transformadas para utilizarlos como coches f\u00fanebres. De acuerdo a m\u00ed experiencia, sostengo que el \u2018KC\u2019 fue el de mejor adaptaci\u00f3n para tal conversi\u00f3n, dado que cuando se dejaron de usar para los sepelios algunos fueron convertidos en chatas para el traslado, por ejemplo, de materiales de construcci\u00f3n, tierra, etc. muy pesados; aguantaba muy bien, no conozco que alguno se haya resentido por el alargamiento\u201d.<\/p>\n","protected":false},"excerpt":{"rendered":"<p>Escribe: Julio A. Ben\u00edtez Henry John Kaiser (9\/5\/1882-24\/8\/1967), estadounidense, empresario millonario, construy\u00f3 su fortuna como constructor de la mayor\u00eda de pavimentos, autopistas, represas y gasoductos, etc., tanto en su pa\u00eds como tambi\u00e9n en Canad\u00e1. Luego se dedic\u00f3 a la fabricaci\u00f3n de naves de gran porte, conocido como el padre de la moderna construcci\u00f3n naval, durante [&hellip;]<\/p>\n","protected":false},"author":4,"featured_media":52961,"comment_status":"open","ping_status":"open","sticky":false,"template":"","format":"standard","meta":{"site-sidebar-layout":"default","site-content-layout":"default","ast-site-content-layout":"default","site-content-style":"default","site-sidebar-style":"default","ast-global-header-display":"","ast-banner-title-visibility":"","ast-main-header-display":"","ast-hfb-above-header-display":"","ast-hfb-below-header-display":"","ast-hfb-mobile-header-display":"","site-post-title":"","ast-breadcrumbs-content":"","ast-featured-img":"","footer-sml-layout":"","ast-disable-related-posts":"","theme-transparent-header-meta":"default","adv-header-id-meta":"","stick-header-meta":"","header-above-stick-meta":"","header-main-stick-meta":"","header-below-stick-meta":"","astra-migrate-meta-layouts":"default","ast-page-background-enabled":"default","ast-page-background-meta":{"desktop":{"background-color":"","background-image":"","background-repeat":"repeat","background-position":"center center","background-size":"auto","background-attachment":"scroll","background-type":"","background-media":"","overlay-type":"","overlay-color":"","overlay-opacity":"","overlay-gradient":""},"tablet":{"background-color":"","background-image":"","background-repeat":"repeat","background-position":"center center","background-size":"auto","background-attachment":"scroll","background-type":"","background-media":"","overlay-type":"","overlay-color":"","overlay-opacity":"","overlay-gradient":""},"mobile":{"background-color":"","background-image":"","background-repeat":"repeat","background-position":"center center","background-size":"auto","background-attachment":"scroll","background-type":"","background-media":"","overlay-type":"","overlay-color":"","overlay-opacity":"","overlay-gradient":""}},"ast-content-background-meta":{"desktop":{"background-color":"var(--ast-global-color-5)","background-image":"","background-repeat":"repeat","background-position":"center center","background-size":"auto","background-attachment":"scroll","background-type":"","background-media":"","overlay-type":"","overlay-color":"","overlay-opacity":"","overlay-gradient":""},"tablet":{"background-color":"var(--ast-global-color-5)","background-image":"","background-repeat":"repeat","background-position":"center center","background-size":"auto","background-attachment":"scroll","background-type":"","background-media":"","overlay-type":"","overlay-color":"","overlay-opacity":"","overlay-gradient":""},"mobile":{"background-color":"var(--ast-global-color-5)","background-image":"","background-repeat":"repeat","background-position":"center center","background-size":"auto","background-attachment":"scroll","background-type":"","background-media":"","overlay-type":"","overlay-color":"","overlay-opacity":"","overlay-gradient":""}},"_jetpack_memberships_contains_paid_content":false,"_joinchat":[],"footnotes":""},"categories":[2098,3557],"tags":[13824,13823,11225,1386,13822,5273],"class_list":["post-52957","post","type-post","status-publish","format-standard","has-post-thumbnail","hentry","category-historias","category-tercera","tag-ariel-baysre","tag-coches-funebres","tag-coleccion","tag-historias","tag-kaiser-carabella","tag-restauracion"],"yoast_head":"<!-- This site is optimized with the Yoast SEO plugin v26.8 - https:\/\/yoast.com\/product\/yoast-seo-wordpress\/ -->\n<title>[Historias] La curiosa colecci\u00f3n de \u201cKaiser Carabela\u201d de un villamariense - El Regional<\/title>\n<meta name=\"description\" content=\"Un villamariense tuvo una particular colecci\u00f3n: autos Kaiser Carabela usados como coches f\u00fanebres. Toda una curiosidad.\" \/>\n<meta name=\"robots\" content=\"index, follow, max-snippet:-1, max-image-preview:large, max-video-preview:-1\" \/>\n<link rel=\"canonical\" href=\"http:\/\/elregionalvm.com.ar\/noticias-villa-maria\/historias-la-curiosa-coleccion-de-kaiser-carabela-de-un-villamariense\/\" \/>\n<meta property=\"og:locale\" content=\"es_ES\" \/>\n<meta property=\"og:type\" content=\"article\" \/>\n<meta property=\"og:title\" content=\"[Historias] La curiosa colecci\u00f3n de \u201cKaiser Carabela\u201d de un villamariense - El Regional\" \/>\n<meta property=\"og:description\" content=\"Un villamariense tuvo una particular colecci\u00f3n: autos Kaiser Carabela usados como coches f\u00fanebres. Toda una curiosidad.\" \/>\n<meta property=\"og:url\" content=\"http:\/\/elregionalvm.com.ar\/noticias-villa-maria\/historias-la-curiosa-coleccion-de-kaiser-carabela-de-un-villamariense\/\" \/>\n<meta property=\"og:site_name\" content=\"El Regional\" \/>\n<meta property=\"article:publisher\" content=\"https:\/\/www.facebook.com\/elregionalvm\" \/>\n<meta property=\"article:published_time\" content=\"2022-02-19T23:59:35+00:00\" \/>\n<meta property=\"article:modified_time\" content=\"2022-02-22T02:04:55+00:00\" \/>\n<meta property=\"og:image\" content=\"http:\/\/elregionalvm.com.ar\/noticias-villa-maria\/wp-content\/uploads\/2022\/02\/si-7-scaled.jpg\" \/>\n\t<meta property=\"og:image:width\" content=\"2560\" \/>\n\t<meta property=\"og:image:height\" content=\"1920\" \/>\n\t<meta property=\"og:image:type\" content=\"image\/jpeg\" \/>\n<meta name=\"author\" content=\"Contenidos El Regional\" \/>\n<meta name=\"twitter:card\" content=\"summary_large_image\" \/>\n<meta name=\"twitter:creator\" content=\"@elregionalvm1\" \/>\n<meta name=\"twitter:site\" content=\"@elregionalvm1\" \/>\n<meta name=\"twitter:label1\" content=\"Escrito por\" \/>\n\t<meta name=\"twitter:data1\" content=\"Contenidos El Regional\" \/>\n\t<meta name=\"twitter:label2\" content=\"Tiempo de lectura\" \/>\n\t<meta name=\"twitter:data2\" content=\"4 minutos\" \/>\n<script type=\"application\/ld+json\" class=\"yoast-schema-graph\">{\"@context\":\"https:\/\/schema.org\",\"@graph\":[{\"@type\":\"Article\",\"@id\":\"http:\/\/elregionalvm.com.ar\/noticias-villa-maria\/historias-la-curiosa-coleccion-de-kaiser-carabela-de-un-villamariense\/#article\",\"isPartOf\":{\"@id\":\"http:\/\/elregionalvm.com.ar\/noticias-villa-maria\/historias-la-curiosa-coleccion-de-kaiser-carabela-de-un-villamariense\/\"},\"author\":{\"name\":\"Contenidos El Regional\",\"@id\":\"http:\/\/elregionalvm.com.ar\/noticias-villa-maria\/#\/schema\/person\/a0fb9c422317faca23d50163151bc354\"},\"headline\":\"[Historias] La curiosa colecci\u00f3n de \u201cKaiser Carabela\u201d de un villamariense\",\"datePublished\":\"2022-02-19T23:59:35+00:00\",\"dateModified\":\"2022-02-22T02:04:55+00:00\",\"mainEntityOfPage\":{\"@id\":\"http:\/\/elregionalvm.com.ar\/noticias-villa-maria\/historias-la-curiosa-coleccion-de-kaiser-carabela-de-un-villamariense\/\"},\"wordCount\":692,\"commentCount\":0,\"image\":{\"@id\":\"http:\/\/elregionalvm.com.ar\/noticias-villa-maria\/historias-la-curiosa-coleccion-de-kaiser-carabela-de-un-villamariense\/#primaryimage\"},\"thumbnailUrl\":\"https:\/\/i0.wp.com\/elregionalvm.com.ar\/noticias-villa-maria\/wp-content\/uploads\/2022\/02\/si-7-scaled.jpg?fit=2560%2C1920&ssl=1\",\"keywords\":[\"Ariel Baysre\",\"coches f\u00fanebres\",\"Colecci\u00f3n\",\"historias\",\"Kaiser Carabella\",\"Restauraci\u00f3n\"],\"articleSection\":[\"Historias\",\"tercera\"],\"inLanguage\":\"es\",\"potentialAction\":[{\"@type\":\"CommentAction\",\"name\":\"Comment\",\"target\":[\"http:\/\/elregionalvm.com.ar\/noticias-villa-maria\/historias-la-curiosa-coleccion-de-kaiser-carabela-de-un-villamariense\/#respond\"]}]},{\"@type\":\"WebPage\",\"@id\":\"http:\/\/elregionalvm.com.ar\/noticias-villa-maria\/historias-la-curiosa-coleccion-de-kaiser-carabela-de-un-villamariense\/\",\"url\":\"http:\/\/elregionalvm.com.ar\/noticias-villa-maria\/historias-la-curiosa-coleccion-de-kaiser-carabela-de-un-villamariense\/\",\"name\":\"[Historias] La curiosa colecci\u00f3n de \u201cKaiser Carabela\u201d de un villamariense - El Regional\",\"isPartOf\":{\"@id\":\"http:\/\/elregionalvm.com.ar\/noticias-villa-maria\/#website\"},\"primaryImageOfPage\":{\"@id\":\"http:\/\/elregionalvm.com.ar\/noticias-villa-maria\/historias-la-curiosa-coleccion-de-kaiser-carabela-de-un-villamariense\/#primaryimage\"},\"image\":{\"@id\":\"http:\/\/elregionalvm.com.ar\/noticias-villa-maria\/historias-la-curiosa-coleccion-de-kaiser-carabela-de-un-villamariense\/#primaryimage\"},\"thumbnailUrl\":\"https:\/\/i0.wp.com\/elregionalvm.com.ar\/noticias-villa-maria\/wp-content\/uploads\/2022\/02\/si-7-scaled.jpg?fit=2560%2C1920&ssl=1\",\"datePublished\":\"2022-02-19T23:59:35+00:00\",\"dateModified\":\"2022-02-22T02:04:55+00:00\",\"author\":{\"@id\":\"http:\/\/elregionalvm.com.ar\/noticias-villa-maria\/#\/schema\/person\/a0fb9c422317faca23d50163151bc354\"},\"description\":\"Un villamariense tuvo una particular colecci\u00f3n: autos Kaiser Carabela usados como coches f\u00fanebres. Toda una curiosidad.\",\"breadcrumb\":{\"@id\":\"http:\/\/elregionalvm.com.ar\/noticias-villa-maria\/historias-la-curiosa-coleccion-de-kaiser-carabela-de-un-villamariense\/#breadcrumb\"},\"inLanguage\":\"es\",\"potentialAction\":[{\"@type\":\"ReadAction\",\"target\":[\"http:\/\/elregionalvm.com.ar\/noticias-villa-maria\/historias-la-curiosa-coleccion-de-kaiser-carabela-de-un-villamariense\/\"]}]},{\"@type\":\"ImageObject\",\"inLanguage\":\"es\",\"@id\":\"http:\/\/elregionalvm.com.ar\/noticias-villa-maria\/historias-la-curiosa-coleccion-de-kaiser-carabela-de-un-villamariense\/#primaryimage\",\"url\":\"https:\/\/i0.wp.com\/elregionalvm.com.ar\/noticias-villa-maria\/wp-content\/uploads\/2022\/02\/si-7-scaled.jpg?fit=2560%2C1920&ssl=1\",\"contentUrl\":\"https:\/\/i0.wp.com\/elregionalvm.com.ar\/noticias-villa-maria\/wp-content\/uploads\/2022\/02\/si-7-scaled.jpg?fit=2560%2C1920&ssl=1\",\"width\":2560,\"height\":1920},{\"@type\":\"BreadcrumbList\",\"@id\":\"http:\/\/elregionalvm.com.ar\/noticias-villa-maria\/historias-la-curiosa-coleccion-de-kaiser-carabela-de-un-villamariense\/#breadcrumb\",\"itemListElement\":[{\"@type\":\"ListItem\",\"position\":1,\"name\":\"Portada\",\"item\":\"https:\/\/elregionalvm.com.ar\/noticias-villa-maria\/\"},{\"@type\":\"ListItem\",\"position\":2,\"name\":\"[Historias] La curiosa colecci\u00f3n de \u201cKaiser Carabela\u201d de un villamariense\"}]},{\"@type\":\"WebSite\",\"@id\":\"http:\/\/elregionalvm.com.ar\/noticias-villa-maria\/#website\",\"url\":\"http:\/\/elregionalvm.com.ar\/noticias-villa-maria\/\",\"name\":\"El Regional\",\"description\":\"Mucho m\u00e1s que informaci\u00f3n\",\"potentialAction\":[{\"@type\":\"SearchAction\",\"target\":{\"@type\":\"EntryPoint\",\"urlTemplate\":\"http:\/\/elregionalvm.com.ar\/noticias-villa-maria\/?s={search_term_string}\"},\"query-input\":{\"@type\":\"PropertyValueSpecification\",\"valueRequired\":true,\"valueName\":\"search_term_string\"}}],\"inLanguage\":\"es\"},{\"@type\":\"Person\",\"@id\":\"http:\/\/elregionalvm.com.ar\/noticias-villa-maria\/#\/schema\/person\/a0fb9c422317faca23d50163151bc354\",\"name\":\"Contenidos El Regional\",\"image\":{\"@type\":\"ImageObject\",\"inLanguage\":\"es\",\"@id\":\"http:\/\/elregionalvm.com.ar\/noticias-villa-maria\/#\/schema\/person\/image\/\",\"url\":\"https:\/\/secure.gravatar.com\/avatar\/265b27cb2209af7bb3a1318f03305787d7981a5cc6e6cd08fe5a4ecdf99d4b48?s=96&d=mm&r=g\",\"contentUrl\":\"https:\/\/secure.gravatar.com\/avatar\/265b27cb2209af7bb3a1318f03305787d7981a5cc6e6cd08fe5a4ecdf99d4b48?s=96&d=mm&r=g\",\"caption\":\"Contenidos El Regional\"},\"url\":\"https:\/\/elregionalvm.com.ar\/noticias-villa-maria\/author\/contenido\/\"}]}<\/script>\n<!-- \/ Yoast SEO plugin. -->","yoast_head_json":{"title":"[Historias] La curiosa colecci\u00f3n de \u201cKaiser Carabela\u201d de un villamariense - El Regional","description":"Un villamariense tuvo una particular colecci\u00f3n: autos Kaiser Carabela usados como coches f\u00fanebres. Toda una curiosidad.","robots":{"index":"index","follow":"follow","max-snippet":"max-snippet:-1","max-image-preview":"max-image-preview:large","max-video-preview":"max-video-preview:-1"},"canonical":"http:\/\/elregionalvm.com.ar\/noticias-villa-maria\/historias-la-curiosa-coleccion-de-kaiser-carabela-de-un-villamariense\/","og_locale":"es_ES","og_type":"article","og_title":"[Historias] La curiosa colecci\u00f3n de \u201cKaiser Carabela\u201d de un villamariense - El Regional","og_description":"Un villamariense tuvo una particular colecci\u00f3n: autos Kaiser Carabela usados como coches f\u00fanebres. Toda una curiosidad.","og_url":"http:\/\/elregionalvm.com.ar\/noticias-villa-maria\/historias-la-curiosa-coleccion-de-kaiser-carabela-de-un-villamariense\/","og_site_name":"El Regional","article_publisher":"https:\/\/www.facebook.com\/elregionalvm","article_published_time":"2022-02-19T23:59:35+00:00","article_modified_time":"2022-02-22T02:04:55+00:00","og_image":[{"width":2560,"height":1920,"url":"http:\/\/elregionalvm.com.ar\/noticias-villa-maria\/wp-content\/uploads\/2022\/02\/si-7-scaled.jpg","type":"image\/jpeg"}],"author":"Contenidos El Regional","twitter_card":"summary_large_image","twitter_creator":"@elregionalvm1","twitter_site":"@elregionalvm1","twitter_misc":{"Escrito por":"Contenidos El Regional","Tiempo de lectura":"4 minutos"},"schema":{"@context":"https:\/\/schema.org","@graph":[{"@type":"Article","@id":"http:\/\/elregionalvm.com.ar\/noticias-villa-maria\/historias-la-curiosa-coleccion-de-kaiser-carabela-de-un-villamariense\/#article","isPartOf":{"@id":"http:\/\/elregionalvm.com.ar\/noticias-villa-maria\/historias-la-curiosa-coleccion-de-kaiser-carabela-de-un-villamariense\/"},"author":{"name":"Contenidos El Regional","@id":"http:\/\/elregionalvm.com.ar\/noticias-villa-maria\/#\/schema\/person\/a0fb9c422317faca23d50163151bc354"},"headline":"[Historias] La curiosa colecci\u00f3n de \u201cKaiser Carabela\u201d de un villamariense","datePublished":"2022-02-19T23:59:35+00:00","dateModified":"2022-02-22T02:04:55+00:00","mainEntityOfPage":{"@id":"http:\/\/elregionalvm.com.ar\/noticias-villa-maria\/historias-la-curiosa-coleccion-de-kaiser-carabela-de-un-villamariense\/"},"wordCount":692,"commentCount":0,"image":{"@id":"http:\/\/elregionalvm.com.ar\/noticias-villa-maria\/historias-la-curiosa-coleccion-de-kaiser-carabela-de-un-villamariense\/#primaryimage"},"thumbnailUrl":"https:\/\/i0.wp.com\/elregionalvm.com.ar\/noticias-villa-maria\/wp-content\/uploads\/2022\/02\/si-7-scaled.jpg?fit=2560%2C1920&ssl=1","keywords":["Ariel Baysre","coches f\u00fanebres","Colecci\u00f3n","historias","Kaiser Carabella","Restauraci\u00f3n"],"articleSection":["Historias","tercera"],"inLanguage":"es","potentialAction":[{"@type":"CommentAction","name":"Comment","target":["http:\/\/elregionalvm.com.ar\/noticias-villa-maria\/historias-la-curiosa-coleccion-de-kaiser-carabela-de-un-villamariense\/#respond"]}]},{"@type":"WebPage","@id":"http:\/\/elregionalvm.com.ar\/noticias-villa-maria\/historias-la-curiosa-coleccion-de-kaiser-carabela-de-un-villamariense\/","url":"http:\/\/elregionalvm.com.ar\/noticias-villa-maria\/historias-la-curiosa-coleccion-de-kaiser-carabela-de-un-villamariense\/","name":"[Historias] La curiosa colecci\u00f3n de \u201cKaiser Carabela\u201d de un villamariense - El Regional","isPartOf":{"@id":"http:\/\/elregionalvm.com.ar\/noticias-villa-maria\/#website"},"primaryImageOfPage":{"@id":"http:\/\/elregionalvm.com.ar\/noticias-villa-maria\/historias-la-curiosa-coleccion-de-kaiser-carabela-de-un-villamariense\/#primaryimage"},"image":{"@id":"http:\/\/elregionalvm.com.ar\/noticias-villa-maria\/historias-la-curiosa-coleccion-de-kaiser-carabela-de-un-villamariense\/#primaryimage"},"thumbnailUrl":"https:\/\/i0.wp.com\/elregionalvm.com.ar\/noticias-villa-maria\/wp-content\/uploads\/2022\/02\/si-7-scaled.jpg?fit=2560%2C1920&ssl=1","datePublished":"2022-02-19T23:59:35+00:00","dateModified":"2022-02-22T02:04:55+00:00","author":{"@id":"http:\/\/elregionalvm.com.ar\/noticias-villa-maria\/#\/schema\/person\/a0fb9c422317faca23d50163151bc354"},"description":"Un villamariense tuvo una particular colecci\u00f3n: autos Kaiser Carabela usados como coches f\u00fanebres. Toda una curiosidad.","breadcrumb":{"@id":"http:\/\/elregionalvm.com.ar\/noticias-villa-maria\/historias-la-curiosa-coleccion-de-kaiser-carabela-de-un-villamariense\/#breadcrumb"},"inLanguage":"es","potentialAction":[{"@type":"ReadAction","target":["http:\/\/elregionalvm.com.ar\/noticias-villa-maria\/historias-la-curiosa-coleccion-de-kaiser-carabela-de-un-villamariense\/"]}]},{"@type":"ImageObject","inLanguage":"es","@id":"http:\/\/elregionalvm.com.ar\/noticias-villa-maria\/historias-la-curiosa-coleccion-de-kaiser-carabela-de-un-villamariense\/#primaryimage","url":"https:\/\/i0.wp.com\/elregionalvm.com.ar\/noticias-villa-maria\/wp-content\/uploads\/2022\/02\/si-7-scaled.jpg?fit=2560%2C1920&ssl=1","contentUrl":"https:\/\/i0.wp.com\/elregionalvm.com.ar\/noticias-villa-maria\/wp-content\/uploads\/2022\/02\/si-7-scaled.jpg?fit=2560%2C1920&ssl=1","width":2560,"height":1920},{"@type":"BreadcrumbList","@id":"http:\/\/elregionalvm.com.ar\/noticias-villa-maria\/historias-la-curiosa-coleccion-de-kaiser-carabela-de-un-villamariense\/#breadcrumb","itemListElement":[{"@type":"ListItem","position":1,"name":"Portada","item":"https:\/\/elregionalvm.com.ar\/noticias-villa-maria\/"},{"@type":"ListItem","position":2,"name":"[Historias] La curiosa colecci\u00f3n de \u201cKaiser Carabela\u201d de un villamariense"}]},{"@type":"WebSite","@id":"http:\/\/elregionalvm.com.ar\/noticias-villa-maria\/#website","url":"http:\/\/elregionalvm.com.ar\/noticias-villa-maria\/","name":"El Regional","description":"Mucho m\u00e1s que informaci\u00f3n","potentialAction":[{"@type":"SearchAction","target":{"@type":"EntryPoint","urlTemplate":"http:\/\/elregionalvm.com.ar\/noticias-villa-maria\/?s={search_term_string}"},"query-input":{"@type":"PropertyValueSpecification","valueRequired":true,"valueName":"search_term_string"}}],"inLanguage":"es"},{"@type":"Person","@id":"http:\/\/elregionalvm.com.ar\/noticias-villa-maria\/#\/schema\/person\/a0fb9c422317faca23d50163151bc354","name":"Contenidos El Regional","image":{"@type":"ImageObject","inLanguage":"es","@id":"http:\/\/elregionalvm.com.ar\/noticias-villa-maria\/#\/schema\/person\/image\/","url":"https:\/\/secure.gravatar.com\/avatar\/265b27cb2209af7bb3a1318f03305787d7981a5cc6e6cd08fe5a4ecdf99d4b48?s=96&d=mm&r=g","contentUrl":"https:\/\/secure.gravatar.com\/avatar\/265b27cb2209af7bb3a1318f03305787d7981a5cc6e6cd08fe5a4ecdf99d4b48?s=96&d=mm&r=g","caption":"Contenidos El Regional"},"url":"https:\/\/elregionalvm.com.ar\/noticias-villa-maria\/author\/contenido\/"}]}},"jetpack_featured_media_url":"https:\/\/i0.wp.com\/elregionalvm.com.ar\/noticias-villa-maria\/wp-content\/uploads\/2022\/02\/si-7-scaled.jpg?fit=2560%2C1920&ssl=1","jetpack_sharing_enabled":true,"_links":{"self":[{"href":"https:\/\/elregionalvm.com.ar\/noticias-villa-maria\/wp-json\/wp\/v2\/posts\/52957","targetHints":{"allow":["GET"]}}],"collection":[{"href":"https:\/\/elregionalvm.com.ar\/noticias-villa-maria\/wp-json\/wp\/v2\/posts"}],"about":[{"href":"https:\/\/elregionalvm.com.ar\/noticias-villa-maria\/wp-json\/wp\/v2\/types\/post"}],"author":[{"embeddable":true,"href":"https:\/\/elregionalvm.com.ar\/noticias-villa-maria\/wp-json\/wp\/v2\/users\/4"}],"replies":[{"embeddable":true,"href":"https:\/\/elregionalvm.com.ar\/noticias-villa-maria\/wp-json\/wp\/v2\/comments?post=52957"}],"version-history":[{"count":4,"href":"https:\/\/elregionalvm.com.ar\/noticias-villa-maria\/wp-json\/wp\/v2\/posts\/52957\/revisions"}],"predecessor-version":[{"id":52967,"href":"https:\/\/elregionalvm.com.ar\/noticias-villa-maria\/wp-json\/wp\/v2\/posts\/52957\/revisions\/52967"}],"wp:featuredmedia":[{"embeddable":true,"href":"https:\/\/elregionalvm.com.ar\/noticias-villa-maria\/wp-json\/wp\/v2\/media\/52961"}],"wp:attachment":[{"href":"https:\/\/elregionalvm.com.ar\/noticias-villa-maria\/wp-json\/wp\/v2\/media?parent=52957"}],"wp:term":[{"taxonomy":"category","embeddable":true,"href":"https:\/\/elregionalvm.com.ar\/noticias-villa-maria\/wp-json\/wp\/v2\/categories?post=52957"},{"taxonomy":"post_tag","embeddable":true,"href":"https:\/\/elregionalvm.com.ar\/noticias-villa-maria\/wp-json\/wp\/v2\/tags?post=52957"}],"curies":[{"name":"wp","href":"https:\/\/api.w.org\/{rel}","templated":true}]}}