{"id":53072,"date":"2022-02-22T16:39:28","date_gmt":"2022-02-22T16:39:28","guid":{"rendered":"https:\/\/elregionalvm.com.ar\/noticias-villa-maria\/?p=53072"},"modified":"2022-02-22T16:39:29","modified_gmt":"2022-02-22T16:39:29","slug":"etruria-la-leona-sole-garcia-ofrecera-una-charla-y-clinica-gratuita","status":"publish","type":"post","link":"https:\/\/elregionalvm.com.ar\/noticias-villa-maria\/etruria-la-leona-sole-garcia-ofrecera-una-charla-y-clinica-gratuita\/","title":{"rendered":"Etruria: La \u201cleona\u201d Sole Garc\u00eda ofrecer\u00e1 una charla y cl\u00ednica gratuita"},"content":{"rendered":"\n<p><\/p>\n\n\n\n<p>Soledad Garc\u00eda, la hist\u00f3rica integrante de la selecci\u00f3n nacional de hockey \u201cLas Leonas\u201d ofrecer\u00e1 una charla abierta y una cl\u00ednica pr\u00e1ctica gratuita el s\u00e1bado 5 de marzo.<\/p>\n\n\n\n<p>El evento se inscribe en el marco de la \u201cSemana de la Mujer\u201d, organizada por el municipio de Etruria.<\/p>\n\n\n\n<p>Ese d\u00eda, desde las 10 horas encabezar\u00e1 una charla en el cine teatro municipal, mientras que media hora despu\u00e9s se iniciar\u00e1 la cl\u00ednica para categor\u00edas infantiles (5 a 12 a\u00f1os) en el predio del club Talleres.<\/p>\n\n\n\n<p>Luego del almuerzo, donde habr\u00e1 servicio de bufet, se realizar\u00e1 la pr\u00e1ctica con las categor\u00edas competitivas mayores, de 13 a\u00f1os en adelante.<\/p>\n\n\n\n<p>Los interesados deber\u00e1n inscribirse previamente hasta el viernes 4 de marzo completando este formulario haciendo clic <a href=\"https:\/\/forms.gle\/ErtJMqHqyf2nJB787\">aqu\u00ed<\/a>. <\/p>\n\n\n\n<p>Se entregar\u00e1 certificados avalado por la Universidad Nacional de C\u00f3rdoba a trav\u00e9s de la Universidad Popular Etruria.<\/p>\n\n\n\n<p>Informes y consultas al tel\u00e9fono: 353 4187553.<\/p>\n\n\n\n<p><\/p>\n\n\n\n<figure class=\"wp-block-image size-large\"><img data-recalc-dims=\"1\" fetchpriority=\"high\" decoding=\"async\" width=\"1024\" height=\"1024\" src=\"https:\/\/i0.wp.com\/elregionalvm.com.ar\/noticias-villa-maria\/wp-content\/uploads\/2022\/02\/WhatsApp-Image-2022-02-22-at-12.52.37-PM.jpeg?resize=1024%2C1024&#038;ssl=1\" alt=\"\" class=\"wp-image-53074\" srcset=\"https:\/\/i0.wp.com\/elregionalvm.com.ar\/noticias-villa-maria\/wp-content\/uploads\/2022\/02\/WhatsApp-Image-2022-02-22-at-12.52.37-PM.jpeg?resize=1024%2C1024&amp;ssl=1 1024w, https:\/\/i0.wp.com\/elregionalvm.com.ar\/noticias-villa-maria\/wp-content\/uploads\/2022\/02\/WhatsApp-Image-2022-02-22-at-12.52.37-PM.jpeg?resize=300%2C300&amp;ssl=1 300w, https:\/\/i0.wp.com\/elregionalvm.com.ar\/noticias-villa-maria\/wp-content\/uploads\/2022\/02\/WhatsApp-Image-2022-02-22-at-12.52.37-PM.jpeg?resize=768%2C768&amp;ssl=1 768w, https:\/\/i0.wp.com\/elregionalvm.com.ar\/noticias-villa-maria\/wp-content\/uploads\/2022\/02\/WhatsApp-Image-2022-02-22-at-12.52.37-PM.jpeg?w=1280&amp;ssl=1 1280w\" sizes=\"(max-width: 1000px) 100vw, 1000px\" \/><\/figure>\n\n\n\n<p><\/p>\n\n\n\n<p><strong>Feria de emprendedoras<\/strong><\/p>\n\n\n\n<p><\/p>\n\n\n\n<p>En tanto, en el mismo contexto del festejo de la semana de la mujer, el domingo 6 de marzo se desarrollar\u00e1 una feria de emprendedoras y profesionales. Ser\u00e1 en Plaza San Mart\u00edn, con inscripci\u00f3n gratuita.<\/p>\n\n\n\n<p>Las interesadas en participar deben inscribirse llamando a 353 5634557.<\/p>\n","protected":false},"excerpt":{"rendered":"<p>Soledad Garc\u00eda, la hist\u00f3rica integrante de la selecci\u00f3n nacional de hockey \u201cLas Leonas\u201d ofrecer\u00e1 una charla abierta y una cl\u00ednica pr\u00e1ctica gratuita el s\u00e1bado 5 de marzo. El evento se inscribe en el marco de la \u201cSemana de la Mujer\u201d, organizada por el municipio de Etruria. Ese d\u00eda, desde las 10 horas encabezar\u00e1 una charla [&hellip;]<\/p>\n","protected":false},"author":4,"featured_media":53076,"comment_status":"open","ping_status":"open","sticky":false,"template":"","format":"standard","meta":{"site-sidebar-layout":"default","site-content-layout":"default","ast-site-content-layout":"default","site-content-style":"default","site-sidebar-style":"default","ast-global-header-display":"","ast-banner-title-visibility":"","ast-main-header-display":"","ast-hfb-above-header-display":"","ast-hfb-below-header-display":"","ast-hfb-mobile-header-display":"","site-post-title":"","ast-breadcrumbs-content":"","ast-featured-img":"","footer-sml-layout":"","ast-disable-related-posts":"","theme-transparent-header-meta":"default","adv-header-id-meta":"","stick-header-meta":"","header-above-stick-meta":"","header-main-stick-meta":"","header-below-stick-meta":"","astra-migrate-meta-layouts":"default","ast-page-background-enabled":"default","ast-page-background-meta":{"desktop":{"background-color":"","background-image":"","background-repeat":"repeat","background-position":"center center","background-size":"auto","background-attachment":"scroll","background-type":"","background-media":"","overlay-type":"","overlay-color":"","overlay-opacity":"","overlay-gradient":""},"tablet":{"background-color":"","background-image":"","background-repeat":"repeat","background-position":"center center","background-size":"auto","background-attachment":"scroll","background-type":"","background-media":"","overlay-type":"","overlay-color":"","overlay-opacity":"","overlay-gradient":""},"mobile":{"background-color":"","background-image":"","background-repeat":"repeat","background-position":"center center","background-size":"auto","background-attachment":"scroll","background-type":"","background-media":"","overlay-type":"","overlay-color":"","overlay-opacity":"","overlay-gradient":""}},"ast-content-background-meta":{"desktop":{"background-color":"var(--ast-global-color-5)","background-image":"","background-repeat":"repeat","background-position":"center center","background-size":"auto","background-attachment":"scroll","background-type":"","background-media":"","overlay-type":"","overlay-color":"","overlay-opacity":"","overlay-gradient":""},"tablet":{"background-color":"var(--ast-global-color-5)","background-image":"","background-repeat":"repeat","background-position":"center center","background-size":"auto","background-attachment":"scroll","background-type":"","background-media":"","overlay-type":"","overlay-color":"","overlay-opacity":"","overlay-gradient":""},"mobile":{"background-color":"var(--ast-global-color-5)","background-image":"","background-repeat":"repeat","background-position":"center center","background-size":"auto","background-attachment":"scroll","background-type":"","background-media":"","overlay-type":"","overlay-color":"","overlay-opacity":"","overlay-gradient":""}},"_jetpack_memberships_contains_paid_content":false,"_joinchat":[],"footnotes":""},"categories":[2091],"tags":[4165,13856,1232,1988,1096,13855,13854,13858,13857,13853],"class_list":["post-53072","post","type-post","status-publish","format-standard","has-post-thumbnail","hentry","category-region","tag-charla","tag-clinica","tag-destacado","tag-dia-de-la-mujer","tag-etruria","tag-hockey","tag-las-leonas","tag-municipalidad-de-etruria","tag-semana-de-la-mujer","tag-soledad-garcia"],"yoast_head":"<!-- This site is optimized with the Yoast SEO plugin v26.8 - https:\/\/yoast.com\/product\/yoast-seo-wordpress\/ -->\n<title>Etruria: La \u201cleona\u201d Sole Garc\u00eda ofrecer\u00e1 una charla y cl\u00ednica gratuita - El Regional<\/title>\n<meta name=\"description\" content=\"La hist\u00f3rica integrante de la selecci\u00f3n nacional de hockey ofrecer\u00e1 una charla abierta y una cl\u00ednica pr\u00e1ctica gratuita el s\u00e1bado 5 de marzo.\" \/>\n<meta name=\"robots\" content=\"index, follow, max-snippet:-1, max-image-preview:large, max-video-preview:-1\" \/>\n<link rel=\"canonical\" href=\"http:\/\/elregionalvm.com.ar\/noticias-villa-maria\/etruria-la-leona-sole-garcia-ofrecera-una-charla-y-clinica-gratuita\/\" \/>\n<meta property=\"og:locale\" content=\"es_ES\" \/>\n<meta property=\"og:type\" content=\"article\" \/>\n<meta property=\"og:title\" content=\"Etruria: La \u201cleona\u201d Sole Garc\u00eda ofrecer\u00e1 una charla y cl\u00ednica gratuita - El Regional\" \/>\n<meta property=\"og:description\" content=\"La hist\u00f3rica integrante de la selecci\u00f3n nacional de hockey ofrecer\u00e1 una charla abierta y una cl\u00ednica pr\u00e1ctica gratuita el s\u00e1bado 5 de marzo.\" \/>\n<meta property=\"og:url\" content=\"http:\/\/elregionalvm.com.ar\/noticias-villa-maria\/etruria-la-leona-sole-garcia-ofrecera-una-charla-y-clinica-gratuita\/\" \/>\n<meta property=\"og:site_name\" content=\"El Regional\" \/>\n<meta property=\"article:publisher\" content=\"https:\/\/www.facebook.com\/elregionalvm\" \/>\n<meta property=\"article:published_time\" content=\"2022-02-22T16:39:28+00:00\" \/>\n<meta property=\"article:modified_time\" content=\"2022-02-22T16:39:29+00:00\" \/>\n<meta property=\"og:image\" content=\"http:\/\/elregionalvm.com.ar\/noticias-villa-maria\/wp-content\/uploads\/2022\/02\/Soledad-Garcia-Leona.jpg\" \/>\n\t<meta property=\"og:image:width\" content=\"1023\" \/>\n\t<meta property=\"og:image:height\" content=\"682\" \/>\n\t<meta property=\"og:image:type\" content=\"image\/jpeg\" \/>\n<meta name=\"author\" content=\"Contenidos El Regional\" \/>\n<meta name=\"twitter:card\" content=\"summary_large_image\" \/>\n<meta name=\"twitter:creator\" content=\"@elregionalvm1\" \/>\n<meta name=\"twitter:site\" content=\"@elregionalvm1\" \/>\n<meta name=\"twitter:label1\" content=\"Escrito por\" \/>\n\t<meta name=\"twitter:data1\" content=\"Contenidos El Regional\" \/>\n\t<meta name=\"twitter:label2\" content=\"Tiempo de lectura\" \/>\n\t<meta name=\"twitter:data2\" content=\"2 minutos\" \/>\n<script type=\"application\/ld+json\" class=\"yoast-schema-graph\">{\"@context\":\"https:\/\/schema.org\",\"@graph\":[{\"@type\":\"Article\",\"@id\":\"http:\/\/elregionalvm.com.ar\/noticias-villa-maria\/etruria-la-leona-sole-garcia-ofrecera-una-charla-y-clinica-gratuita\/#article\",\"isPartOf\":{\"@id\":\"http:\/\/elregionalvm.com.ar\/noticias-villa-maria\/etruria-la-leona-sole-garcia-ofrecera-una-charla-y-clinica-gratuita\/\"},\"author\":{\"name\":\"Contenidos El Regional\",\"@id\":\"http:\/\/elregionalvm.com.ar\/noticias-villa-maria\/#\/schema\/person\/a0fb9c422317faca23d50163151bc354\"},\"headline\":\"Etruria: La \u201cleona\u201d Sole Garc\u00eda ofrecer\u00e1 una charla y cl\u00ednica gratuita\",\"datePublished\":\"2022-02-22T16:39:28+00:00\",\"dateModified\":\"2022-02-22T16:39:29+00:00\",\"mainEntityOfPage\":{\"@id\":\"http:\/\/elregionalvm.com.ar\/noticias-villa-maria\/etruria-la-leona-sole-garcia-ofrecera-una-charla-y-clinica-gratuita\/\"},\"wordCount\":215,\"commentCount\":0,\"image\":{\"@id\":\"http:\/\/elregionalvm.com.ar\/noticias-villa-maria\/etruria-la-leona-sole-garcia-ofrecera-una-charla-y-clinica-gratuita\/#primaryimage\"},\"thumbnailUrl\":\"https:\/\/i0.wp.com\/elregionalvm.com.ar\/noticias-villa-maria\/wp-content\/uploads\/2022\/02\/Soledad-Garcia-Leona.jpg?fit=1023%2C682&ssl=1\",\"keywords\":[\"charla\",\"cl\u00ednica\",\"destacado\",\"D\u00eda de la Mujer\",\"Etruria\",\"hockey\",\"Las Leonas\",\"Municipalidad de Etruria\",\"semana de la mujer\",\"Soledad Garc\u00eda\"],\"articleSection\":[\"Regi\u00f3n\"],\"inLanguage\":\"es\",\"potentialAction\":[{\"@type\":\"CommentAction\",\"name\":\"Comment\",\"target\":[\"http:\/\/elregionalvm.com.ar\/noticias-villa-maria\/etruria-la-leona-sole-garcia-ofrecera-una-charla-y-clinica-gratuita\/#respond\"]}]},{\"@type\":\"WebPage\",\"@id\":\"http:\/\/elregionalvm.com.ar\/noticias-villa-maria\/etruria-la-leona-sole-garcia-ofrecera-una-charla-y-clinica-gratuita\/\",\"url\":\"http:\/\/elregionalvm.com.ar\/noticias-villa-maria\/etruria-la-leona-sole-garcia-ofrecera-una-charla-y-clinica-gratuita\/\",\"name\":\"Etruria: La \u201cleona\u201d Sole Garc\u00eda ofrecer\u00e1 una charla y cl\u00ednica gratuita - El Regional\",\"isPartOf\":{\"@id\":\"http:\/\/elregionalvm.com.ar\/noticias-villa-maria\/#website\"},\"primaryImageOfPage\":{\"@id\":\"http:\/\/elregionalvm.com.ar\/noticias-villa-maria\/etruria-la-leona-sole-garcia-ofrecera-una-charla-y-clinica-gratuita\/#primaryimage\"},\"image\":{\"@id\":\"http:\/\/elregionalvm.com.ar\/noticias-villa-maria\/etruria-la-leona-sole-garcia-ofrecera-una-charla-y-clinica-gratuita\/#primaryimage\"},\"thumbnailUrl\":\"https:\/\/i0.wp.com\/elregionalvm.com.ar\/noticias-villa-maria\/wp-content\/uploads\/2022\/02\/Soledad-Garcia-Leona.jpg?fit=1023%2C682&ssl=1\",\"datePublished\":\"2022-02-22T16:39:28+00:00\",\"dateModified\":\"2022-02-22T16:39:29+00:00\",\"author\":{\"@id\":\"http:\/\/elregionalvm.com.ar\/noticias-villa-maria\/#\/schema\/person\/a0fb9c422317faca23d50163151bc354\"},\"description\":\"La hist\u00f3rica integrante de la selecci\u00f3n nacional de hockey ofrecer\u00e1 una charla abierta y una cl\u00ednica pr\u00e1ctica gratuita el s\u00e1bado 5 de marzo.\",\"breadcrumb\":{\"@id\":\"http:\/\/elregionalvm.com.ar\/noticias-villa-maria\/etruria-la-leona-sole-garcia-ofrecera-una-charla-y-clinica-gratuita\/#breadcrumb\"},\"inLanguage\":\"es\",\"potentialAction\":[{\"@type\":\"ReadAction\",\"target\":[\"http:\/\/elregionalvm.com.ar\/noticias-villa-maria\/etruria-la-leona-sole-garcia-ofrecera-una-charla-y-clinica-gratuita\/\"]}]},{\"@type\":\"ImageObject\",\"inLanguage\":\"es\",\"@id\":\"http:\/\/elregionalvm.com.ar\/noticias-villa-maria\/etruria-la-leona-sole-garcia-ofrecera-una-charla-y-clinica-gratuita\/#primaryimage\",\"url\":\"https:\/\/i0.wp.com\/elregionalvm.com.ar\/noticias-villa-maria\/wp-content\/uploads\/2022\/02\/Soledad-Garcia-Leona.jpg?fit=1023%2C682&ssl=1\",\"contentUrl\":\"https:\/\/i0.wp.com\/elregionalvm.com.ar\/noticias-villa-maria\/wp-content\/uploads\/2022\/02\/Soledad-Garcia-Leona.jpg?fit=1023%2C682&ssl=1\",\"width\":1023,\"height\":682},{\"@type\":\"BreadcrumbList\",\"@id\":\"http:\/\/elregionalvm.com.ar\/noticias-villa-maria\/etruria-la-leona-sole-garcia-ofrecera-una-charla-y-clinica-gratuita\/#breadcrumb\",\"itemListElement\":[{\"@type\":\"ListItem\",\"position\":1,\"name\":\"Portada\",\"item\":\"https:\/\/elregionalvm.com.ar\/noticias-villa-maria\/\"},{\"@type\":\"ListItem\",\"position\":2,\"name\":\"Etruria: La \u201cleona\u201d Sole Garc\u00eda ofrecer\u00e1 una charla y cl\u00ednica gratuita\"}]},{\"@type\":\"WebSite\",\"@id\":\"http:\/\/elregionalvm.com.ar\/noticias-villa-maria\/#website\",\"url\":\"http:\/\/elregionalvm.com.ar\/noticias-villa-maria\/\",\"name\":\"El Regional\",\"description\":\"Mucho m\u00e1s que informaci\u00f3n\",\"potentialAction\":[{\"@type\":\"SearchAction\",\"target\":{\"@type\":\"EntryPoint\",\"urlTemplate\":\"http:\/\/elregionalvm.com.ar\/noticias-villa-maria\/?s={search_term_string}\"},\"query-input\":{\"@type\":\"PropertyValueSpecification\",\"valueRequired\":true,\"valueName\":\"search_term_string\"}}],\"inLanguage\":\"es\"},{\"@type\":\"Person\",\"@id\":\"http:\/\/elregionalvm.com.ar\/noticias-villa-maria\/#\/schema\/person\/a0fb9c422317faca23d50163151bc354\",\"name\":\"Contenidos El Regional\",\"image\":{\"@type\":\"ImageObject\",\"inLanguage\":\"es\",\"@id\":\"http:\/\/elregionalvm.com.ar\/noticias-villa-maria\/#\/schema\/person\/image\/\",\"url\":\"https:\/\/secure.gravatar.com\/avatar\/265b27cb2209af7bb3a1318f03305787d7981a5cc6e6cd08fe5a4ecdf99d4b48?s=96&d=mm&r=g\",\"contentUrl\":\"https:\/\/secure.gravatar.com\/avatar\/265b27cb2209af7bb3a1318f03305787d7981a5cc6e6cd08fe5a4ecdf99d4b48?s=96&d=mm&r=g\",\"caption\":\"Contenidos El Regional\"},\"url\":\"https:\/\/elregionalvm.com.ar\/noticias-villa-maria\/author\/contenido\/\"}]}<\/script>\n<!-- \/ Yoast SEO plugin. -->","yoast_head_json":{"title":"Etruria: La \u201cleona\u201d Sole Garc\u00eda ofrecer\u00e1 una charla y cl\u00ednica gratuita - El Regional","description":"La hist\u00f3rica integrante de la selecci\u00f3n nacional de hockey ofrecer\u00e1 una charla abierta y una cl\u00ednica pr\u00e1ctica gratuita el s\u00e1bado 5 de marzo.","robots":{"index":"index","follow":"follow","max-snippet":"max-snippet:-1","max-image-preview":"max-image-preview:large","max-video-preview":"max-video-preview:-1"},"canonical":"http:\/\/elregionalvm.com.ar\/noticias-villa-maria\/etruria-la-leona-sole-garcia-ofrecera-una-charla-y-clinica-gratuita\/","og_locale":"es_ES","og_type":"article","og_title":"Etruria: La \u201cleona\u201d Sole Garc\u00eda ofrecer\u00e1 una charla y cl\u00ednica gratuita - El Regional","og_description":"La hist\u00f3rica integrante de la selecci\u00f3n nacional de hockey ofrecer\u00e1 una charla abierta y una cl\u00ednica pr\u00e1ctica gratuita el s\u00e1bado 5 de marzo.","og_url":"http:\/\/elregionalvm.com.ar\/noticias-villa-maria\/etruria-la-leona-sole-garcia-ofrecera-una-charla-y-clinica-gratuita\/","og_site_name":"El Regional","article_publisher":"https:\/\/www.facebook.com\/elregionalvm","article_published_time":"2022-02-22T16:39:28+00:00","article_modified_time":"2022-02-22T16:39:29+00:00","og_image":[{"width":1023,"height":682,"url":"http:\/\/elregionalvm.com.ar\/noticias-villa-maria\/wp-content\/uploads\/2022\/02\/Soledad-Garcia-Leona.jpg","type":"image\/jpeg"}],"author":"Contenidos El Regional","twitter_card":"summary_large_image","twitter_creator":"@elregionalvm1","twitter_site":"@elregionalvm1","twitter_misc":{"Escrito por":"Contenidos El Regional","Tiempo de lectura":"2 minutos"},"schema":{"@context":"https:\/\/schema.org","@graph":[{"@type":"Article","@id":"http:\/\/elregionalvm.com.ar\/noticias-villa-maria\/etruria-la-leona-sole-garcia-ofrecera-una-charla-y-clinica-gratuita\/#article","isPartOf":{"@id":"http:\/\/elregionalvm.com.ar\/noticias-villa-maria\/etruria-la-leona-sole-garcia-ofrecera-una-charla-y-clinica-gratuita\/"},"author":{"name":"Contenidos El Regional","@id":"http:\/\/elregionalvm.com.ar\/noticias-villa-maria\/#\/schema\/person\/a0fb9c422317faca23d50163151bc354"},"headline":"Etruria: La \u201cleona\u201d Sole Garc\u00eda ofrecer\u00e1 una charla y cl\u00ednica gratuita","datePublished":"2022-02-22T16:39:28+00:00","dateModified":"2022-02-22T16:39:29+00:00","mainEntityOfPage":{"@id":"http:\/\/elregionalvm.com.ar\/noticias-villa-maria\/etruria-la-leona-sole-garcia-ofrecera-una-charla-y-clinica-gratuita\/"},"wordCount":215,"commentCount":0,"image":{"@id":"http:\/\/elregionalvm.com.ar\/noticias-villa-maria\/etruria-la-leona-sole-garcia-ofrecera-una-charla-y-clinica-gratuita\/#primaryimage"},"thumbnailUrl":"https:\/\/i0.wp.com\/elregionalvm.com.ar\/noticias-villa-maria\/wp-content\/uploads\/2022\/02\/Soledad-Garcia-Leona.jpg?fit=1023%2C682&ssl=1","keywords":["charla","cl\u00ednica","destacado","D\u00eda de la Mujer","Etruria","hockey","Las Leonas","Municipalidad de Etruria","semana de la mujer","Soledad Garc\u00eda"],"articleSection":["Regi\u00f3n"],"inLanguage":"es","potentialAction":[{"@type":"CommentAction","name":"Comment","target":["http:\/\/elregionalvm.com.ar\/noticias-villa-maria\/etruria-la-leona-sole-garcia-ofrecera-una-charla-y-clinica-gratuita\/#respond"]}]},{"@type":"WebPage","@id":"http:\/\/elregionalvm.com.ar\/noticias-villa-maria\/etruria-la-leona-sole-garcia-ofrecera-una-charla-y-clinica-gratuita\/","url":"http:\/\/elregionalvm.com.ar\/noticias-villa-maria\/etruria-la-leona-sole-garcia-ofrecera-una-charla-y-clinica-gratuita\/","name":"Etruria: La \u201cleona\u201d Sole Garc\u00eda ofrecer\u00e1 una charla y cl\u00ednica gratuita - El Regional","isPartOf":{"@id":"http:\/\/elregionalvm.com.ar\/noticias-villa-maria\/#website"},"primaryImageOfPage":{"@id":"http:\/\/elregionalvm.com.ar\/noticias-villa-maria\/etruria-la-leona-sole-garcia-ofrecera-una-charla-y-clinica-gratuita\/#primaryimage"},"image":{"@id":"http:\/\/elregionalvm.com.ar\/noticias-villa-maria\/etruria-la-leona-sole-garcia-ofrecera-una-charla-y-clinica-gratuita\/#primaryimage"},"thumbnailUrl":"https:\/\/i0.wp.com\/elregionalvm.com.ar\/noticias-villa-maria\/wp-content\/uploads\/2022\/02\/Soledad-Garcia-Leona.jpg?fit=1023%2C682&ssl=1","datePublished":"2022-02-22T16:39:28+00:00","dateModified":"2022-02-22T16:39:29+00:00","author":{"@id":"http:\/\/elregionalvm.com.ar\/noticias-villa-maria\/#\/schema\/person\/a0fb9c422317faca23d50163151bc354"},"description":"La hist\u00f3rica integrante de la selecci\u00f3n nacional de hockey ofrecer\u00e1 una charla abierta y una cl\u00ednica pr\u00e1ctica gratuita el s\u00e1bado 5 de marzo.","breadcrumb":{"@id":"http:\/\/elregionalvm.com.ar\/noticias-villa-maria\/etruria-la-leona-sole-garcia-ofrecera-una-charla-y-clinica-gratuita\/#breadcrumb"},"inLanguage":"es","potentialAction":[{"@type":"ReadAction","target":["http:\/\/elregionalvm.com.ar\/noticias-villa-maria\/etruria-la-leona-sole-garcia-ofrecera-una-charla-y-clinica-gratuita\/"]}]},{"@type":"ImageObject","inLanguage":"es","@id":"http:\/\/elregionalvm.com.ar\/noticias-villa-maria\/etruria-la-leona-sole-garcia-ofrecera-una-charla-y-clinica-gratuita\/#primaryimage","url":"https:\/\/i0.wp.com\/elregionalvm.com.ar\/noticias-villa-maria\/wp-content\/uploads\/2022\/02\/Soledad-Garcia-Leona.jpg?fit=1023%2C682&ssl=1","contentUrl":"https:\/\/i0.wp.com\/elregionalvm.com.ar\/noticias-villa-maria\/wp-content\/uploads\/2022\/02\/Soledad-Garcia-Leona.jpg?fit=1023%2C682&ssl=1","width":1023,"height":682},{"@type":"BreadcrumbList","@id":"http:\/\/elregionalvm.com.ar\/noticias-villa-maria\/etruria-la-leona-sole-garcia-ofrecera-una-charla-y-clinica-gratuita\/#breadcrumb","itemListElement":[{"@type":"ListItem","position":1,"name":"Portada","item":"https:\/\/elregionalvm.com.ar\/noticias-villa-maria\/"},{"@type":"ListItem","position":2,"name":"Etruria: La \u201cleona\u201d Sole Garc\u00eda ofrecer\u00e1 una charla y cl\u00ednica gratuita"}]},{"@type":"WebSite","@id":"http:\/\/elregionalvm.com.ar\/noticias-villa-maria\/#website","url":"http:\/\/elregionalvm.com.ar\/noticias-villa-maria\/","name":"El Regional","description":"Mucho m\u00e1s que informaci\u00f3n","potentialAction":[{"@type":"SearchAction","target":{"@type":"EntryPoint","urlTemplate":"http:\/\/elregionalvm.com.ar\/noticias-villa-maria\/?s={search_term_string}"},"query-input":{"@type":"PropertyValueSpecification","valueRequired":true,"valueName":"search_term_string"}}],"inLanguage":"es"},{"@type":"Person","@id":"http:\/\/elregionalvm.com.ar\/noticias-villa-maria\/#\/schema\/person\/a0fb9c422317faca23d50163151bc354","name":"Contenidos El Regional","image":{"@type":"ImageObject","inLanguage":"es","@id":"http:\/\/elregionalvm.com.ar\/noticias-villa-maria\/#\/schema\/person\/image\/","url":"https:\/\/secure.gravatar.com\/avatar\/265b27cb2209af7bb3a1318f03305787d7981a5cc6e6cd08fe5a4ecdf99d4b48?s=96&d=mm&r=g","contentUrl":"https:\/\/secure.gravatar.com\/avatar\/265b27cb2209af7bb3a1318f03305787d7981a5cc6e6cd08fe5a4ecdf99d4b48?s=96&d=mm&r=g","caption":"Contenidos El Regional"},"url":"https:\/\/elregionalvm.com.ar\/noticias-villa-maria\/author\/contenido\/"}]}},"jetpack_featured_media_url":"https:\/\/i0.wp.com\/elregionalvm.com.ar\/noticias-villa-maria\/wp-content\/uploads\/2022\/02\/Soledad-Garcia-Leona.jpg?fit=1023%2C682&ssl=1","jetpack_sharing_enabled":true,"_links":{"self":[{"href":"https:\/\/elregionalvm.com.ar\/noticias-villa-maria\/wp-json\/wp\/v2\/posts\/53072","targetHints":{"allow":["GET"]}}],"collection":[{"href":"https:\/\/elregionalvm.com.ar\/noticias-villa-maria\/wp-json\/wp\/v2\/posts"}],"about":[{"href":"https:\/\/elregionalvm.com.ar\/noticias-villa-maria\/wp-json\/wp\/v2\/types\/post"}],"author":[{"embeddable":true,"href":"https:\/\/elregionalvm.com.ar\/noticias-villa-maria\/wp-json\/wp\/v2\/users\/4"}],"replies":[{"embeddable":true,"href":"https:\/\/elregionalvm.com.ar\/noticias-villa-maria\/wp-json\/wp\/v2\/comments?post=53072"}],"version-history":[{"count":2,"href":"https:\/\/elregionalvm.com.ar\/noticias-villa-maria\/wp-json\/wp\/v2\/posts\/53072\/revisions"}],"predecessor-version":[{"id":53075,"href":"https:\/\/elregionalvm.com.ar\/noticias-villa-maria\/wp-json\/wp\/v2\/posts\/53072\/revisions\/53075"}],"wp:featuredmedia":[{"embeddable":true,"href":"https:\/\/elregionalvm.com.ar\/noticias-villa-maria\/wp-json\/wp\/v2\/media\/53076"}],"wp:attachment":[{"href":"https:\/\/elregionalvm.com.ar\/noticias-villa-maria\/wp-json\/wp\/v2\/media?parent=53072"}],"wp:term":[{"taxonomy":"category","embeddable":true,"href":"https:\/\/elregionalvm.com.ar\/noticias-villa-maria\/wp-json\/wp\/v2\/categories?post=53072"},{"taxonomy":"post_tag","embeddable":true,"href":"https:\/\/elregionalvm.com.ar\/noticias-villa-maria\/wp-json\/wp\/v2\/tags?post=53072"}],"curies":[{"name":"wp","href":"https:\/\/api.w.org\/{rel}","templated":true}]}}