{"id":53081,"date":"2022-02-22T21:32:48","date_gmt":"2022-02-22T21:32:48","guid":{"rendered":"https:\/\/elregionalvm.com.ar\/noticias-villa-maria\/?p=53081"},"modified":"2022-02-22T21:32:50","modified_gmt":"2022-02-22T21:32:50","slug":"aporte-provincial-para-el-circulo-italiano-de-villa-maria","status":"publish","type":"post","link":"https:\/\/elregionalvm.com.ar\/noticias-villa-maria\/aporte-provincial-para-el-circulo-italiano-de-villa-maria\/","title":{"rendered":"Aporte provincial para el C\u00edrculo Italiano de Villa Mar\u00eda"},"content":{"rendered":"\n<p>El secretario de Comunicaciones del Gobierno de la Provincia de C\u00f3rdoba, Marcos Bovo, mantuvo un encuentro con las autoridades y miembros de la Comisi\u00f3n Directiva del Circulo Italiano de Villa Mar\u00eda. En la oportunidad, el funcionario provincial comparti\u00f3 un desayuno de trabajo con Enry Margar\u00eda, Gabriel Lisai, Norberto Paj\u00f3n, Walter Rasetto y Osvaldo Cecchini, en la sede de la entidad, en calle 25 de Mayo.<\/p>\n\n\n\n<p>All\u00ed dialogaron sobre el aporte cultural y social que realizan las entidades intermedias en la comunidad, particularmente las colectividades que re\u00fanen a descendientes de distintos pa\u00edses o regiones del mundo y que contribuyen al desarrollo identitario hist\u00f3rico-cultural y econ\u00f3mico.<\/p>\n\n\n\n<p>Adem\u00e1s de recorrer las instalaciones: cancha de bochas, sal\u00f3n social y futura secretar\u00eda, Bovo hizo entrega de un aporte econ\u00f3mico de 50 mil pesos para \u201cfortalecer la tarea que vienen impulsando y apoyar los objetivos trazados, que tras la pandemia quedaron postergados\u201d, indic\u00f3 el villamariense que ocupa la secretar\u00eda de Comunicaciones provincial.<\/p>\n\n\n\n<p>\u201cSiempre es importante escuchar y trabajar junto a dirigentes y referentes de instituciones que forman parte de nuestra sociedad\u201d contin\u00fao diciendo y agreg\u00f3 \u201csu rol es importante en la construcci\u00f3n de comunidad y en el fortalecimiento del entretejido social\u201d, cerr\u00f3 Marcos Bovo.<\/p>\n\n\n\n<p>En tanto que, Gabriel Lisai destac\u00f3 el permanente acompa\u00f1amiento de Marcos Bovo y el Gobierno Provincial y se\u00f1al\u00f3: \u201cdebido a las medidas sanitarias durante los a\u00f1os 2020 y 2021 se nos hizo cuesta arriba a los integrantes de la comisi\u00f3n directiva reunir los fondos necesarios para comenzar el proceso de sucesi\u00f3n y escritura del inmueble, este aporte econ\u00f3mico nos posibilita comenzar con esta instancia administrativa muy importante para la instituci\u00f3n\u201d.<\/p>\n","protected":false},"excerpt":{"rendered":"<p>El secretario de Comunicaciones del Gobierno de la Provincia de C\u00f3rdoba, Marcos Bovo, mantuvo un encuentro con las autoridades y miembros de la Comisi\u00f3n Directiva del Circulo Italiano de Villa Mar\u00eda. En la oportunidad, el funcionario provincial comparti\u00f3 un desayuno de trabajo con Enry Margar\u00eda, Gabriel Lisai, Norberto Paj\u00f3n, Walter Rasetto y Osvaldo Cecchini, en [&hellip;]<\/p>\n","protected":false},"author":4,"featured_media":53082,"comment_status":"open","ping_status":"open","sticky":false,"template":"","format":"standard","meta":{"site-sidebar-layout":"default","site-content-layout":"default","ast-site-content-layout":"default","site-content-style":"default","site-sidebar-style":"default","ast-global-header-display":"","ast-banner-title-visibility":"","ast-main-header-display":"","ast-hfb-above-header-display":"","ast-hfb-below-header-display":"","ast-hfb-mobile-header-display":"","site-post-title":"","ast-breadcrumbs-content":"","ast-featured-img":"","footer-sml-layout":"","ast-disable-related-posts":"","theme-transparent-header-meta":"default","adv-header-id-meta":"","stick-header-meta":"","header-above-stick-meta":"","header-main-stick-meta":"","header-below-stick-meta":"","astra-migrate-meta-layouts":"default","ast-page-background-enabled":"default","ast-page-background-meta":{"desktop":{"background-color":"","background-image":"","background-repeat":"repeat","background-position":"center center","background-size":"auto","background-attachment":"scroll","background-type":"","background-media":"","overlay-type":"","overlay-color":"","overlay-opacity":"","overlay-gradient":""},"tablet":{"background-color":"","background-image":"","background-repeat":"repeat","background-position":"center center","background-size":"auto","background-attachment":"scroll","background-type":"","background-media":"","overlay-type":"","overlay-color":"","overlay-opacity":"","overlay-gradient":""},"mobile":{"background-color":"","background-image":"","background-repeat":"repeat","background-position":"center center","background-size":"auto","background-attachment":"scroll","background-type":"","background-media":"","overlay-type":"","overlay-color":"","overlay-opacity":"","overlay-gradient":""}},"ast-content-background-meta":{"desktop":{"background-color":"var(--ast-global-color-5)","background-image":"","background-repeat":"repeat","background-position":"center center","background-size":"auto","background-attachment":"scroll","background-type":"","background-media":"","overlay-type":"","overlay-color":"","overlay-opacity":"","overlay-gradient":""},"tablet":{"background-color":"var(--ast-global-color-5)","background-image":"","background-repeat":"repeat","background-position":"center center","background-size":"auto","background-attachment":"scroll","background-type":"","background-media":"","overlay-type":"","overlay-color":"","overlay-opacity":"","overlay-gradient":""},"mobile":{"background-color":"var(--ast-global-color-5)","background-image":"","background-repeat":"repeat","background-position":"center center","background-size":"auto","background-attachment":"scroll","background-type":"","background-media":"","overlay-type":"","overlay-color":"","overlay-opacity":"","overlay-gradient":""}},"_jetpack_memberships_contains_paid_content":false,"_joinchat":[],"footnotes":""},"categories":[2],"tags":[13748,11630,13861,13860,1232,4394],"class_list":["post-53081","post","type-post","status-publish","format-standard","has-post-thumbnail","hentry","category-villa-maria","tag-50-mil-pesos","tag-aporte-provincial","tag-autoridades-y-miembros","tag-circulo-italiano-villa-maria","tag-destacado","tag-marcos-bovo"],"yoast_head":"<!-- This site is optimized with the Yoast SEO plugin v26.8 - https:\/\/yoast.com\/product\/yoast-seo-wordpress\/ -->\n<title>Aporte provincial para el C\u00edrculo Italiano de Villa Mar\u00eda - El Regional<\/title>\n<meta name=\"robots\" content=\"index, follow, max-snippet:-1, max-image-preview:large, max-video-preview:-1\" \/>\n<link rel=\"canonical\" href=\"http:\/\/elregionalvm.com.ar\/noticias-villa-maria\/aporte-provincial-para-el-circulo-italiano-de-villa-maria\/\" \/>\n<meta property=\"og:locale\" content=\"es_ES\" \/>\n<meta property=\"og:type\" content=\"article\" \/>\n<meta property=\"og:title\" content=\"Aporte provincial para el C\u00edrculo Italiano de Villa Mar\u00eda - El Regional\" \/>\n<meta property=\"og:description\" content=\"El secretario de Comunicaciones del Gobierno de la Provincia de C\u00f3rdoba, Marcos Bovo, mantuvo un encuentro con las autoridades y miembros de la Comisi\u00f3n Directiva del Circulo Italiano de Villa Mar\u00eda. En la oportunidad, el funcionario provincial comparti\u00f3 un desayuno de trabajo con Enry Margar\u00eda, Gabriel Lisai, Norberto Paj\u00f3n, Walter Rasetto y Osvaldo Cecchini, en [&hellip;]\" \/>\n<meta property=\"og:url\" content=\"http:\/\/elregionalvm.com.ar\/noticias-villa-maria\/aporte-provincial-para-el-circulo-italiano-de-villa-maria\/\" \/>\n<meta property=\"og:site_name\" content=\"El Regional\" \/>\n<meta property=\"article:publisher\" content=\"https:\/\/www.facebook.com\/elregionalvm\" \/>\n<meta property=\"article:published_time\" content=\"2022-02-22T21:32:48+00:00\" \/>\n<meta property=\"article:modified_time\" content=\"2022-02-22T21:32:50+00:00\" \/>\n<meta property=\"og:image\" content=\"http:\/\/elregionalvm.com.ar\/noticias-villa-maria\/wp-content\/uploads\/2022\/02\/WhatsApp-Image-2022-02-22-at-17.45.45.jpeg\" \/>\n\t<meta property=\"og:image:width\" content=\"1080\" \/>\n\t<meta property=\"og:image:height\" content=\"886\" \/>\n\t<meta property=\"og:image:type\" content=\"image\/jpeg\" \/>\n<meta name=\"author\" content=\"Contenidos El Regional\" \/>\n<meta name=\"twitter:card\" content=\"summary_large_image\" \/>\n<meta name=\"twitter:creator\" content=\"@elregionalvm1\" \/>\n<meta name=\"twitter:site\" content=\"@elregionalvm1\" \/>\n<meta name=\"twitter:label1\" content=\"Escrito por\" \/>\n\t<meta name=\"twitter:data1\" content=\"Contenidos El Regional\" \/>\n\t<meta name=\"twitter:label2\" content=\"Tiempo de lectura\" \/>\n\t<meta name=\"twitter:data2\" content=\"2 minutos\" \/>\n<script type=\"application\/ld+json\" class=\"yoast-schema-graph\">{\"@context\":\"https:\/\/schema.org\",\"@graph\":[{\"@type\":\"Article\",\"@id\":\"http:\/\/elregionalvm.com.ar\/noticias-villa-maria\/aporte-provincial-para-el-circulo-italiano-de-villa-maria\/#article\",\"isPartOf\":{\"@id\":\"http:\/\/elregionalvm.com.ar\/noticias-villa-maria\/aporte-provincial-para-el-circulo-italiano-de-villa-maria\/\"},\"author\":{\"name\":\"Contenidos El Regional\",\"@id\":\"http:\/\/elregionalvm.com.ar\/noticias-villa-maria\/#\/schema\/person\/a0fb9c422317faca23d50163151bc354\"},\"headline\":\"Aporte provincial para el C\u00edrculo Italiano de Villa Mar\u00eda\",\"datePublished\":\"2022-02-22T21:32:48+00:00\",\"dateModified\":\"2022-02-22T21:32:50+00:00\",\"mainEntityOfPage\":{\"@id\":\"http:\/\/elregionalvm.com.ar\/noticias-villa-maria\/aporte-provincial-para-el-circulo-italiano-de-villa-maria\/\"},\"wordCount\":298,\"commentCount\":0,\"image\":{\"@id\":\"http:\/\/elregionalvm.com.ar\/noticias-villa-maria\/aporte-provincial-para-el-circulo-italiano-de-villa-maria\/#primaryimage\"},\"thumbnailUrl\":\"https:\/\/i0.wp.com\/elregionalvm.com.ar\/noticias-villa-maria\/wp-content\/uploads\/2022\/02\/WhatsApp-Image-2022-02-22-at-17.45.45.jpeg?fit=1080%2C886&ssl=1\",\"keywords\":[\"50 mil pesos\",\"aporte provincial\",\"autoridades y miembros\",\"C\u00edrculo Italiano Villa Mar\u00eda\",\"destacado\",\"Marcos Bovo\"],\"articleSection\":[\"Villa Mar\u00eda\"],\"inLanguage\":\"es\",\"potentialAction\":[{\"@type\":\"CommentAction\",\"name\":\"Comment\",\"target\":[\"http:\/\/elregionalvm.com.ar\/noticias-villa-maria\/aporte-provincial-para-el-circulo-italiano-de-villa-maria\/#respond\"]}]},{\"@type\":\"WebPage\",\"@id\":\"http:\/\/elregionalvm.com.ar\/noticias-villa-maria\/aporte-provincial-para-el-circulo-italiano-de-villa-maria\/\",\"url\":\"http:\/\/elregionalvm.com.ar\/noticias-villa-maria\/aporte-provincial-para-el-circulo-italiano-de-villa-maria\/\",\"name\":\"Aporte provincial para el C\u00edrculo Italiano de Villa Mar\u00eda - El Regional\",\"isPartOf\":{\"@id\":\"http:\/\/elregionalvm.com.ar\/noticias-villa-maria\/#website\"},\"primaryImageOfPage\":{\"@id\":\"http:\/\/elregionalvm.com.ar\/noticias-villa-maria\/aporte-provincial-para-el-circulo-italiano-de-villa-maria\/#primaryimage\"},\"image\":{\"@id\":\"http:\/\/elregionalvm.com.ar\/noticias-villa-maria\/aporte-provincial-para-el-circulo-italiano-de-villa-maria\/#primaryimage\"},\"thumbnailUrl\":\"https:\/\/i0.wp.com\/elregionalvm.com.ar\/noticias-villa-maria\/wp-content\/uploads\/2022\/02\/WhatsApp-Image-2022-02-22-at-17.45.45.jpeg?fit=1080%2C886&ssl=1\",\"datePublished\":\"2022-02-22T21:32:48+00:00\",\"dateModified\":\"2022-02-22T21:32:50+00:00\",\"author\":{\"@id\":\"http:\/\/elregionalvm.com.ar\/noticias-villa-maria\/#\/schema\/person\/a0fb9c422317faca23d50163151bc354\"},\"breadcrumb\":{\"@id\":\"http:\/\/elregionalvm.com.ar\/noticias-villa-maria\/aporte-provincial-para-el-circulo-italiano-de-villa-maria\/#breadcrumb\"},\"inLanguage\":\"es\",\"potentialAction\":[{\"@type\":\"ReadAction\",\"target\":[\"http:\/\/elregionalvm.com.ar\/noticias-villa-maria\/aporte-provincial-para-el-circulo-italiano-de-villa-maria\/\"]}]},{\"@type\":\"ImageObject\",\"inLanguage\":\"es\",\"@id\":\"http:\/\/elregionalvm.com.ar\/noticias-villa-maria\/aporte-provincial-para-el-circulo-italiano-de-villa-maria\/#primaryimage\",\"url\":\"https:\/\/i0.wp.com\/elregionalvm.com.ar\/noticias-villa-maria\/wp-content\/uploads\/2022\/02\/WhatsApp-Image-2022-02-22-at-17.45.45.jpeg?fit=1080%2C886&ssl=1\",\"contentUrl\":\"https:\/\/i0.wp.com\/elregionalvm.com.ar\/noticias-villa-maria\/wp-content\/uploads\/2022\/02\/WhatsApp-Image-2022-02-22-at-17.45.45.jpeg?fit=1080%2C886&ssl=1\",\"width\":1080,\"height\":886},{\"@type\":\"BreadcrumbList\",\"@id\":\"http:\/\/elregionalvm.com.ar\/noticias-villa-maria\/aporte-provincial-para-el-circulo-italiano-de-villa-maria\/#breadcrumb\",\"itemListElement\":[{\"@type\":\"ListItem\",\"position\":1,\"name\":\"Portada\",\"item\":\"https:\/\/elregionalvm.com.ar\/noticias-villa-maria\/\"},{\"@type\":\"ListItem\",\"position\":2,\"name\":\"Aporte provincial para el C\u00edrculo Italiano de Villa Mar\u00eda\"}]},{\"@type\":\"WebSite\",\"@id\":\"http:\/\/elregionalvm.com.ar\/noticias-villa-maria\/#website\",\"url\":\"http:\/\/elregionalvm.com.ar\/noticias-villa-maria\/\",\"name\":\"El Regional\",\"description\":\"Mucho m\u00e1s que informaci\u00f3n\",\"potentialAction\":[{\"@type\":\"SearchAction\",\"target\":{\"@type\":\"EntryPoint\",\"urlTemplate\":\"http:\/\/elregionalvm.com.ar\/noticias-villa-maria\/?s={search_term_string}\"},\"query-input\":{\"@type\":\"PropertyValueSpecification\",\"valueRequired\":true,\"valueName\":\"search_term_string\"}}],\"inLanguage\":\"es\"},{\"@type\":\"Person\",\"@id\":\"http:\/\/elregionalvm.com.ar\/noticias-villa-maria\/#\/schema\/person\/a0fb9c422317faca23d50163151bc354\",\"name\":\"Contenidos El Regional\",\"image\":{\"@type\":\"ImageObject\",\"inLanguage\":\"es\",\"@id\":\"http:\/\/elregionalvm.com.ar\/noticias-villa-maria\/#\/schema\/person\/image\/\",\"url\":\"https:\/\/secure.gravatar.com\/avatar\/265b27cb2209af7bb3a1318f03305787d7981a5cc6e6cd08fe5a4ecdf99d4b48?s=96&d=mm&r=g\",\"contentUrl\":\"https:\/\/secure.gravatar.com\/avatar\/265b27cb2209af7bb3a1318f03305787d7981a5cc6e6cd08fe5a4ecdf99d4b48?s=96&d=mm&r=g\",\"caption\":\"Contenidos El Regional\"},\"url\":\"https:\/\/elregionalvm.com.ar\/noticias-villa-maria\/author\/contenido\/\"}]}<\/script>\n<!-- \/ Yoast SEO plugin. -->","yoast_head_json":{"title":"Aporte provincial para el C\u00edrculo Italiano de Villa Mar\u00eda - El Regional","robots":{"index":"index","follow":"follow","max-snippet":"max-snippet:-1","max-image-preview":"max-image-preview:large","max-video-preview":"max-video-preview:-1"},"canonical":"http:\/\/elregionalvm.com.ar\/noticias-villa-maria\/aporte-provincial-para-el-circulo-italiano-de-villa-maria\/","og_locale":"es_ES","og_type":"article","og_title":"Aporte provincial para el C\u00edrculo Italiano de Villa Mar\u00eda - El Regional","og_description":"El secretario de Comunicaciones del Gobierno de la Provincia de C\u00f3rdoba, Marcos Bovo, mantuvo un encuentro con las autoridades y miembros de la Comisi\u00f3n Directiva del Circulo Italiano de Villa Mar\u00eda. En la oportunidad, el funcionario provincial comparti\u00f3 un desayuno de trabajo con Enry Margar\u00eda, Gabriel Lisai, Norberto Paj\u00f3n, Walter Rasetto y Osvaldo Cecchini, en [&hellip;]","og_url":"http:\/\/elregionalvm.com.ar\/noticias-villa-maria\/aporte-provincial-para-el-circulo-italiano-de-villa-maria\/","og_site_name":"El Regional","article_publisher":"https:\/\/www.facebook.com\/elregionalvm","article_published_time":"2022-02-22T21:32:48+00:00","article_modified_time":"2022-02-22T21:32:50+00:00","og_image":[{"width":1080,"height":886,"url":"http:\/\/elregionalvm.com.ar\/noticias-villa-maria\/wp-content\/uploads\/2022\/02\/WhatsApp-Image-2022-02-22-at-17.45.45.jpeg","type":"image\/jpeg"}],"author":"Contenidos El Regional","twitter_card":"summary_large_image","twitter_creator":"@elregionalvm1","twitter_site":"@elregionalvm1","twitter_misc":{"Escrito por":"Contenidos El Regional","Tiempo de lectura":"2 minutos"},"schema":{"@context":"https:\/\/schema.org","@graph":[{"@type":"Article","@id":"http:\/\/elregionalvm.com.ar\/noticias-villa-maria\/aporte-provincial-para-el-circulo-italiano-de-villa-maria\/#article","isPartOf":{"@id":"http:\/\/elregionalvm.com.ar\/noticias-villa-maria\/aporte-provincial-para-el-circulo-italiano-de-villa-maria\/"},"author":{"name":"Contenidos El Regional","@id":"http:\/\/elregionalvm.com.ar\/noticias-villa-maria\/#\/schema\/person\/a0fb9c422317faca23d50163151bc354"},"headline":"Aporte provincial para el C\u00edrculo Italiano de Villa Mar\u00eda","datePublished":"2022-02-22T21:32:48+00:00","dateModified":"2022-02-22T21:32:50+00:00","mainEntityOfPage":{"@id":"http:\/\/elregionalvm.com.ar\/noticias-villa-maria\/aporte-provincial-para-el-circulo-italiano-de-villa-maria\/"},"wordCount":298,"commentCount":0,"image":{"@id":"http:\/\/elregionalvm.com.ar\/noticias-villa-maria\/aporte-provincial-para-el-circulo-italiano-de-villa-maria\/#primaryimage"},"thumbnailUrl":"https:\/\/i0.wp.com\/elregionalvm.com.ar\/noticias-villa-maria\/wp-content\/uploads\/2022\/02\/WhatsApp-Image-2022-02-22-at-17.45.45.jpeg?fit=1080%2C886&ssl=1","keywords":["50 mil pesos","aporte provincial","autoridades y miembros","C\u00edrculo Italiano Villa Mar\u00eda","destacado","Marcos Bovo"],"articleSection":["Villa Mar\u00eda"],"inLanguage":"es","potentialAction":[{"@type":"CommentAction","name":"Comment","target":["http:\/\/elregionalvm.com.ar\/noticias-villa-maria\/aporte-provincial-para-el-circulo-italiano-de-villa-maria\/#respond"]}]},{"@type":"WebPage","@id":"http:\/\/elregionalvm.com.ar\/noticias-villa-maria\/aporte-provincial-para-el-circulo-italiano-de-villa-maria\/","url":"http:\/\/elregionalvm.com.ar\/noticias-villa-maria\/aporte-provincial-para-el-circulo-italiano-de-villa-maria\/","name":"Aporte provincial para el C\u00edrculo Italiano de Villa Mar\u00eda - El Regional","isPartOf":{"@id":"http:\/\/elregionalvm.com.ar\/noticias-villa-maria\/#website"},"primaryImageOfPage":{"@id":"http:\/\/elregionalvm.com.ar\/noticias-villa-maria\/aporte-provincial-para-el-circulo-italiano-de-villa-maria\/#primaryimage"},"image":{"@id":"http:\/\/elregionalvm.com.ar\/noticias-villa-maria\/aporte-provincial-para-el-circulo-italiano-de-villa-maria\/#primaryimage"},"thumbnailUrl":"https:\/\/i0.wp.com\/elregionalvm.com.ar\/noticias-villa-maria\/wp-content\/uploads\/2022\/02\/WhatsApp-Image-2022-02-22-at-17.45.45.jpeg?fit=1080%2C886&ssl=1","datePublished":"2022-02-22T21:32:48+00:00","dateModified":"2022-02-22T21:32:50+00:00","author":{"@id":"http:\/\/elregionalvm.com.ar\/noticias-villa-maria\/#\/schema\/person\/a0fb9c422317faca23d50163151bc354"},"breadcrumb":{"@id":"http:\/\/elregionalvm.com.ar\/noticias-villa-maria\/aporte-provincial-para-el-circulo-italiano-de-villa-maria\/#breadcrumb"},"inLanguage":"es","potentialAction":[{"@type":"ReadAction","target":["http:\/\/elregionalvm.com.ar\/noticias-villa-maria\/aporte-provincial-para-el-circulo-italiano-de-villa-maria\/"]}]},{"@type":"ImageObject","inLanguage":"es","@id":"http:\/\/elregionalvm.com.ar\/noticias-villa-maria\/aporte-provincial-para-el-circulo-italiano-de-villa-maria\/#primaryimage","url":"https:\/\/i0.wp.com\/elregionalvm.com.ar\/noticias-villa-maria\/wp-content\/uploads\/2022\/02\/WhatsApp-Image-2022-02-22-at-17.45.45.jpeg?fit=1080%2C886&ssl=1","contentUrl":"https:\/\/i0.wp.com\/elregionalvm.com.ar\/noticias-villa-maria\/wp-content\/uploads\/2022\/02\/WhatsApp-Image-2022-02-22-at-17.45.45.jpeg?fit=1080%2C886&ssl=1","width":1080,"height":886},{"@type":"BreadcrumbList","@id":"http:\/\/elregionalvm.com.ar\/noticias-villa-maria\/aporte-provincial-para-el-circulo-italiano-de-villa-maria\/#breadcrumb","itemListElement":[{"@type":"ListItem","position":1,"name":"Portada","item":"https:\/\/elregionalvm.com.ar\/noticias-villa-maria\/"},{"@type":"ListItem","position":2,"name":"Aporte provincial para el C\u00edrculo Italiano de Villa Mar\u00eda"}]},{"@type":"WebSite","@id":"http:\/\/elregionalvm.com.ar\/noticias-villa-maria\/#website","url":"http:\/\/elregionalvm.com.ar\/noticias-villa-maria\/","name":"El Regional","description":"Mucho m\u00e1s que informaci\u00f3n","potentialAction":[{"@type":"SearchAction","target":{"@type":"EntryPoint","urlTemplate":"http:\/\/elregionalvm.com.ar\/noticias-villa-maria\/?s={search_term_string}"},"query-input":{"@type":"PropertyValueSpecification","valueRequired":true,"valueName":"search_term_string"}}],"inLanguage":"es"},{"@type":"Person","@id":"http:\/\/elregionalvm.com.ar\/noticias-villa-maria\/#\/schema\/person\/a0fb9c422317faca23d50163151bc354","name":"Contenidos El Regional","image":{"@type":"ImageObject","inLanguage":"es","@id":"http:\/\/elregionalvm.com.ar\/noticias-villa-maria\/#\/schema\/person\/image\/","url":"https:\/\/secure.gravatar.com\/avatar\/265b27cb2209af7bb3a1318f03305787d7981a5cc6e6cd08fe5a4ecdf99d4b48?s=96&d=mm&r=g","contentUrl":"https:\/\/secure.gravatar.com\/avatar\/265b27cb2209af7bb3a1318f03305787d7981a5cc6e6cd08fe5a4ecdf99d4b48?s=96&d=mm&r=g","caption":"Contenidos El Regional"},"url":"https:\/\/elregionalvm.com.ar\/noticias-villa-maria\/author\/contenido\/"}]}},"jetpack_featured_media_url":"https:\/\/i0.wp.com\/elregionalvm.com.ar\/noticias-villa-maria\/wp-content\/uploads\/2022\/02\/WhatsApp-Image-2022-02-22-at-17.45.45.jpeg?fit=1080%2C886&ssl=1","jetpack_sharing_enabled":true,"_links":{"self":[{"href":"https:\/\/elregionalvm.com.ar\/noticias-villa-maria\/wp-json\/wp\/v2\/posts\/53081","targetHints":{"allow":["GET"]}}],"collection":[{"href":"https:\/\/elregionalvm.com.ar\/noticias-villa-maria\/wp-json\/wp\/v2\/posts"}],"about":[{"href":"https:\/\/elregionalvm.com.ar\/noticias-villa-maria\/wp-json\/wp\/v2\/types\/post"}],"author":[{"embeddable":true,"href":"https:\/\/elregionalvm.com.ar\/noticias-villa-maria\/wp-json\/wp\/v2\/users\/4"}],"replies":[{"embeddable":true,"href":"https:\/\/elregionalvm.com.ar\/noticias-villa-maria\/wp-json\/wp\/v2\/comments?post=53081"}],"version-history":[{"count":1,"href":"https:\/\/elregionalvm.com.ar\/noticias-villa-maria\/wp-json\/wp\/v2\/posts\/53081\/revisions"}],"predecessor-version":[{"id":53083,"href":"https:\/\/elregionalvm.com.ar\/noticias-villa-maria\/wp-json\/wp\/v2\/posts\/53081\/revisions\/53083"}],"wp:featuredmedia":[{"embeddable":true,"href":"https:\/\/elregionalvm.com.ar\/noticias-villa-maria\/wp-json\/wp\/v2\/media\/53082"}],"wp:attachment":[{"href":"https:\/\/elregionalvm.com.ar\/noticias-villa-maria\/wp-json\/wp\/v2\/media?parent=53081"}],"wp:term":[{"taxonomy":"category","embeddable":true,"href":"https:\/\/elregionalvm.com.ar\/noticias-villa-maria\/wp-json\/wp\/v2\/categories?post=53081"},{"taxonomy":"post_tag","embeddable":true,"href":"https:\/\/elregionalvm.com.ar\/noticias-villa-maria\/wp-json\/wp\/v2\/tags?post=53081"}],"curies":[{"name":"wp","href":"https:\/\/api.w.org\/{rel}","templated":true}]}}