{"id":53097,"date":"2022-02-23T00:19:21","date_gmt":"2022-02-23T00:19:21","guid":{"rendered":"https:\/\/elregionalvm.com.ar\/noticias-villa-maria\/?p=53097"},"modified":"2022-02-23T00:19:22","modified_gmt":"2022-02-23T00:19:22","slug":"equipamiento-para-hospitales-provinciales-el-pasteur-recibira-un-angiografo","status":"publish","type":"post","link":"https:\/\/elregionalvm.com.ar\/noticias-villa-maria\/equipamiento-para-hospitales-provinciales-el-pasteur-recibira-un-angiografo\/","title":{"rendered":"Equipamiento para hospitales provinciales: el Pasteur recibir\u00e1 un angi\u00f3grafo"},"content":{"rendered":"\n<ul class=\"wp-block-list\"><li><strong>El gobernador y el ministro de Salud supervisaron la nueva aparatolog\u00eda<\/strong>\u00a0<strong>que ser\u00e1<\/strong>\u00a0<strong>distribuida en centros de salud del interior y de la ciudad capital.<\/strong><\/li><li><strong>Se trata de una inversi\u00f3n de 3600 millones de pesos en tecnolog\u00eda m\u00e9dica<\/strong>,\u00a0<strong>en el marco del Plan M\u00e1s Salud.<\/strong><\/li><\/ul>\n\n\n\n<p>El gobernador Juan Schiaretti, junto al ministro de Salud Diego Cardozo,&nbsp;<strong>recorri\u00f3 hoy el complejo ferial donde se encuentra almacenada para ser distribuida la nueva aparatolog\u00eda sanitaria<\/strong>&nbsp;incorporada en el marco del&nbsp;<strong>Plan M\u00e1s Salud<\/strong>, para la construcci\u00f3n y reequipamiento integral de hospitales provinciales.<\/p>\n\n\n\n<p><em>\u201cEsto es la mitad de lo que hemos comprado para reequipar los hospitales. Es una inversi\u00f3n total de 3.600 millones de pesos. C\u00f3rdoba no escatima ni va a escatimar esfuerzos para darle a nuestra gente la salud que se merece\u201d<\/em>, dijo el gobernador durante la recorrida.<\/p>\n\n\n\n<figure class=\"wp-block-image\"><img data-recalc-dims=\"1\" decoding=\"async\" src=\"https:\/\/i0.wp.com\/prensa.cba.gov.ar\/wp-content\/uploads\/2022\/02\/IMG_6175.jpg?ssl=1\" alt=\"\" class=\"wp-image-486851\" \/><\/figure>\n\n\n\n<p>El objetivo&nbsp;<strong>principal<\/strong>&nbsp;de este plan es&nbsp;<strong>modernizar el equipamiento sanitario para optimizar la calidad en las prestaciones del sistema p\u00fablico<\/strong>. Adem\u00e1s, junto a la digitalizaci\u00f3n de los Servicios de Diagn\u00f3stico por Im\u00e1genes, representan una ampliaci\u00f3n y actualizaci\u00f3n tecnol\u00f3gica para los hospitales provinciales.<\/p>\n\n\n\n<p><em>\u201cEstamos reequipando los hospitales del interior de la provincia y de la ciudad de C\u00f3rdoba con aparatolog\u00eda de \u00faltima generaci\u00f3n y con nueva tecnolog\u00eda. Hacemos esto sin escatimar recursos ni esfuerzos porque queremos que los cordobeses sean siempre bien atendidos y tengan los diagn\u00f3sticos de manera m\u00e1s r\u00e1pida y con mayor precisi\u00f3n\u201d,<\/em>&nbsp;a\u00f1adi\u00f3 Schiaretti.<\/p>\n\n\n\n<p>El gobernador se\u00f1al\u00f3 adem\u00e1s:&nbsp;<em>\u201cAqu\u00ed hay una gran cantidad de elementos: desde tom\u00f3grafos, angi\u00f3grafos, aparatolog\u00eda para hacer PET -que no hay en otro lugar del interior del pa\u00eds en el sector p\u00fablico- mam\u00f3grafos, equipos de Rayos X, todo lo que es necesario para dar un salto en la atenci\u00f3n de nuestra gente en hospitales p\u00fablicos provinciales\u201d<\/em>.<audio src=\"https:\/\/prensa.cba.gov.ar\/wp-content\/uploads\/2022\/02\/Schiaretti-Mas-Salud.mp3\"><\/audio>Gobernador Juan Schiaretti<\/p>\n\n\n\n<p>El nuevo equipamiento consta de:<\/p>\n\n\n\n<ul class=\"wp-block-list\"><li><strong>8 tom\u00f3grafos computarizados<\/strong>\u00a0para los hospitales C\u00f3rdoba, Florencio D\u00edaz, de Ni\u00f1os; Arturo Illia, de Alta Gracia; Vicente Ag\u00fcero, de Jes\u00fas Mar\u00eda; Jos\u00e9 A. Ceballos, de Bell Ville; Eva Per\u00f3n, de Santa Rosa de Calamuchita; y J.M. Urrutia, de Unquillo.<\/li><li><strong>4 angi\u00f3grafos\u00a0<\/strong>para los hospitales C\u00f3rdoba, San Roque; San Antonio de Padua, de R\u00edo Cuarto; y <strong>Pasteur, de Villa Mar\u00eda<\/strong>.<\/li><li><strong>1 resonador magn\u00e9tico\u00a0<\/strong>marca General Electric de 1.5 Tesla, modelo Signa Explorer para el Hospital Provincial de Villa Dolores cuya\u00a0<a href=\"https:\/\/prensa.cba.gov.ar\/salud-2\/en-villa-dolores-schiaretti-inauguro-la-ampliacion-y-remodelacion-del-hospital-regional\/\" target=\"_blank\" rel=\"noreferrer noopener\"><strong>obra de ampliaci\u00f3n y remodelaci\u00f3n<\/strong><\/a><strong>\u00a0<\/strong>inaugurada en octubre del a\u00f1o pasado le permiti\u00f3 pasar a ser un centro de alta complejidad.<\/li><\/ul>\n\n\n\n<p>Adem\u00e1s, se present\u00f3 el nuevo<strong>\u00a0PET CT\u00a0<\/strong>para el Hospital Oncol\u00f3gico<strong>, un equipamiento de avanzada en el diagn\u00f3stico por im\u00e1genes que es el primero en la salud p\u00fablica de la provincia<\/strong>. Este aparato permitir\u00e1 realizar estudios de diagn\u00f3stico que combinan dos t\u00e9cnicas m\u00e9dicas: la tomograf\u00eda computada\u00a0y la medicina nuclear. Adem\u00e1s, ser\u00e1 de gran importancia para el estudio de tumores malignos y la detecci\u00f3n de reapariciones, luego de los tratamientos.<\/p>\n\n\n\n<p><strong>\u00bfQU\u00c9 ES UN ANGI\u00d3GRAFO? <\/strong><\/p>\n\n\n\n<p><strong>Lo que recibir\u00e1 el Hospital Pasteur de nuestra ciudad, es un equipo que emite rayos X y que permite observar los<\/strong> <strong>vasos sangu\u00edneos. Para lograr esto se usa una sustancia llamada \u201cmedio de contraste\u201d, que al inyectarla en un vaso sangu\u00edneo (arteria o vena) permite hacer visible la anatom\u00eda vascular y los defectos de ella en una pantalla de alta resoluci\u00f3n mediante el procesamiento por un computador.<\/strong><\/p>\n","protected":false},"excerpt":{"rendered":"<p>El gobernador y el ministro de Salud supervisaron la nueva aparatolog\u00eda\u00a0que ser\u00e1\u00a0distribuida en centros de salud del interior y de la ciudad capital. Se trata de una inversi\u00f3n de 3600 millones de pesos en tecnolog\u00eda m\u00e9dica,\u00a0en el marco del Plan M\u00e1s Salud. El gobernador Juan Schiaretti, junto al ministro de Salud Diego Cardozo,&nbsp;recorri\u00f3 hoy el [&hellip;]<\/p>\n","protected":false},"author":4,"featured_media":53098,"comment_status":"open","ping_status":"open","sticky":false,"template":"","format":"standard","meta":{"site-sidebar-layout":"default","site-content-layout":"default","ast-site-content-layout":"default","site-content-style":"default","site-sidebar-style":"default","ast-global-header-display":"","ast-banner-title-visibility":"","ast-main-header-display":"","ast-hfb-above-header-display":"","ast-hfb-below-header-display":"","ast-hfb-mobile-header-display":"","site-post-title":"","ast-breadcrumbs-content":"","ast-featured-img":"","footer-sml-layout":"","ast-disable-related-posts":"","theme-transparent-header-meta":"default","adv-header-id-meta":"","stick-header-meta":"","header-above-stick-meta":"","header-main-stick-meta":"","header-below-stick-meta":"","astra-migrate-meta-layouts":"default","ast-page-background-enabled":"default","ast-page-background-meta":{"desktop":{"background-color":"","background-image":"","background-repeat":"repeat","background-position":"center center","background-size":"auto","background-attachment":"scroll","background-type":"","background-media":"","overlay-type":"","overlay-color":"","overlay-opacity":"","overlay-gradient":""},"tablet":{"background-color":"","background-image":"","background-repeat":"repeat","background-position":"center center","background-size":"auto","background-attachment":"scroll","background-type":"","background-media":"","overlay-type":"","overlay-color":"","overlay-opacity":"","overlay-gradient":""},"mobile":{"background-color":"","background-image":"","background-repeat":"repeat","background-position":"center center","background-size":"auto","background-attachment":"scroll","background-type":"","background-media":"","overlay-type":"","overlay-color":"","overlay-opacity":"","overlay-gradient":""}},"ast-content-background-meta":{"desktop":{"background-color":"var(--ast-global-color-5)","background-image":"","background-repeat":"repeat","background-position":"center center","background-size":"auto","background-attachment":"scroll","background-type":"","background-media":"","overlay-type":"","overlay-color":"","overlay-opacity":"","overlay-gradient":""},"tablet":{"background-color":"var(--ast-global-color-5)","background-image":"","background-repeat":"repeat","background-position":"center center","background-size":"auto","background-attachment":"scroll","background-type":"","background-media":"","overlay-type":"","overlay-color":"","overlay-opacity":"","overlay-gradient":""},"mobile":{"background-color":"var(--ast-global-color-5)","background-image":"","background-repeat":"repeat","background-position":"center center","background-size":"auto","background-attachment":"scroll","background-type":"","background-media":"","overlay-type":"","overlay-color":"","overlay-opacity":"","overlay-gradient":""}},"_jetpack_memberships_contains_paid_content":false,"_joinchat":[],"footnotes":""},"categories":[2],"tags":[13874,13875,1232,2966,13872,13873,13876,164],"class_list":["post-53097","post","type-post","status-publish","format-standard","has-post-thumbnail","hentry","category-villa-maria","tag-angiografo","tag-aparatologia-sanitaria","tag-destacado","tag-diego-cardozo","tag-equipamiento-medico","tag-hospitales-provinciales","tag-plan-mas-salud","tag-schiaretti"],"yoast_head":"<!-- This site is optimized with the Yoast SEO plugin v26.8 - https:\/\/yoast.com\/product\/yoast-seo-wordpress\/ -->\n<title>Equipamiento para hospitales provinciales: el Pasteur recibir\u00e1 un angi\u00f3grafo - El Regional<\/title>\n<meta name=\"robots\" content=\"index, follow, max-snippet:-1, max-image-preview:large, max-video-preview:-1\" \/>\n<link rel=\"canonical\" href=\"http:\/\/elregionalvm.com.ar\/noticias-villa-maria\/equipamiento-para-hospitales-provinciales-el-pasteur-recibira-un-angiografo\/\" \/>\n<meta property=\"og:locale\" content=\"es_ES\" \/>\n<meta property=\"og:type\" content=\"article\" \/>\n<meta property=\"og:title\" content=\"Equipamiento para hospitales provinciales: el Pasteur recibir\u00e1 un angi\u00f3grafo - El Regional\" \/>\n<meta property=\"og:description\" content=\"El gobernador y el ministro de Salud supervisaron la nueva aparatolog\u00eda\u00a0que ser\u00e1\u00a0distribuida en centros de salud del interior y de la ciudad capital. Se trata de una inversi\u00f3n de 3600 millones de pesos en tecnolog\u00eda m\u00e9dica,\u00a0en el marco del Plan M\u00e1s Salud. El gobernador Juan Schiaretti, junto al ministro de Salud Diego Cardozo,&nbsp;recorri\u00f3 hoy el [&hellip;]\" \/>\n<meta property=\"og:url\" content=\"http:\/\/elregionalvm.com.ar\/noticias-villa-maria\/equipamiento-para-hospitales-provinciales-el-pasteur-recibira-un-angiografo\/\" \/>\n<meta property=\"og:site_name\" content=\"El Regional\" \/>\n<meta property=\"article:publisher\" content=\"https:\/\/www.facebook.com\/elregionalvm\" \/>\n<meta property=\"article:published_time\" content=\"2022-02-23T00:19:21+00:00\" \/>\n<meta property=\"article:modified_time\" content=\"2022-02-23T00:19:22+00:00\" \/>\n<meta property=\"og:image\" content=\"http:\/\/elregionalvm.com.ar\/noticias-villa-maria\/wp-content\/uploads\/2022\/02\/schiaretti-y-diego-cardozo.jpg\" \/>\n\t<meta property=\"og:image:width\" content=\"990\" \/>\n\t<meta property=\"og:image:height\" content=\"660\" \/>\n\t<meta property=\"og:image:type\" content=\"image\/jpeg\" \/>\n<meta name=\"author\" content=\"Contenidos El Regional\" \/>\n<meta name=\"twitter:card\" content=\"summary_large_image\" \/>\n<meta name=\"twitter:creator\" content=\"@elregionalvm1\" \/>\n<meta name=\"twitter:site\" content=\"@elregionalvm1\" \/>\n<meta name=\"twitter:label1\" content=\"Escrito por\" \/>\n\t<meta name=\"twitter:data1\" content=\"Contenidos El Regional\" \/>\n\t<meta name=\"twitter:label2\" content=\"Tiempo de lectura\" \/>\n\t<meta name=\"twitter:data2\" content=\"3 minutos\" \/>\n<script type=\"application\/ld+json\" class=\"yoast-schema-graph\">{\"@context\":\"https:\/\/schema.org\",\"@graph\":[{\"@type\":\"Article\",\"@id\":\"http:\/\/elregionalvm.com.ar\/noticias-villa-maria\/equipamiento-para-hospitales-provinciales-el-pasteur-recibira-un-angiografo\/#article\",\"isPartOf\":{\"@id\":\"http:\/\/elregionalvm.com.ar\/noticias-villa-maria\/equipamiento-para-hospitales-provinciales-el-pasteur-recibira-un-angiografo\/\"},\"author\":{\"name\":\"Contenidos El Regional\",\"@id\":\"http:\/\/elregionalvm.com.ar\/noticias-villa-maria\/#\/schema\/person\/a0fb9c422317faca23d50163151bc354\"},\"headline\":\"Equipamiento para hospitales provinciales: el Pasteur recibir\u00e1 un angi\u00f3grafo\",\"datePublished\":\"2022-02-23T00:19:21+00:00\",\"dateModified\":\"2022-02-23T00:19:22+00:00\",\"mainEntityOfPage\":{\"@id\":\"http:\/\/elregionalvm.com.ar\/noticias-villa-maria\/equipamiento-para-hospitales-provinciales-el-pasteur-recibira-un-angiografo\/\"},\"wordCount\":619,\"commentCount\":0,\"image\":{\"@id\":\"http:\/\/elregionalvm.com.ar\/noticias-villa-maria\/equipamiento-para-hospitales-provinciales-el-pasteur-recibira-un-angiografo\/#primaryimage\"},\"thumbnailUrl\":\"https:\/\/i0.wp.com\/elregionalvm.com.ar\/noticias-villa-maria\/wp-content\/uploads\/2022\/02\/schiaretti-y-diego-cardozo.jpg?fit=990%2C660&ssl=1\",\"keywords\":[\"angi\u00f3grafo\",\"aparatolog\u00eda sanitaria\",\"destacado\",\"Diego Cardozo\",\"equipamiento m\u00e9dico\",\"hospitales provinciales\",\"Plan M\u00e1s Salud\",\"Schiaretti\"],\"articleSection\":[\"Villa Mar\u00eda\"],\"inLanguage\":\"es\",\"potentialAction\":[{\"@type\":\"CommentAction\",\"name\":\"Comment\",\"target\":[\"http:\/\/elregionalvm.com.ar\/noticias-villa-maria\/equipamiento-para-hospitales-provinciales-el-pasteur-recibira-un-angiografo\/#respond\"]}]},{\"@type\":\"WebPage\",\"@id\":\"http:\/\/elregionalvm.com.ar\/noticias-villa-maria\/equipamiento-para-hospitales-provinciales-el-pasteur-recibira-un-angiografo\/\",\"url\":\"http:\/\/elregionalvm.com.ar\/noticias-villa-maria\/equipamiento-para-hospitales-provinciales-el-pasteur-recibira-un-angiografo\/\",\"name\":\"Equipamiento para hospitales provinciales: el Pasteur recibir\u00e1 un angi\u00f3grafo - El Regional\",\"isPartOf\":{\"@id\":\"http:\/\/elregionalvm.com.ar\/noticias-villa-maria\/#website\"},\"primaryImageOfPage\":{\"@id\":\"http:\/\/elregionalvm.com.ar\/noticias-villa-maria\/equipamiento-para-hospitales-provinciales-el-pasteur-recibira-un-angiografo\/#primaryimage\"},\"image\":{\"@id\":\"http:\/\/elregionalvm.com.ar\/noticias-villa-maria\/equipamiento-para-hospitales-provinciales-el-pasteur-recibira-un-angiografo\/#primaryimage\"},\"thumbnailUrl\":\"https:\/\/i0.wp.com\/elregionalvm.com.ar\/noticias-villa-maria\/wp-content\/uploads\/2022\/02\/schiaretti-y-diego-cardozo.jpg?fit=990%2C660&ssl=1\",\"datePublished\":\"2022-02-23T00:19:21+00:00\",\"dateModified\":\"2022-02-23T00:19:22+00:00\",\"author\":{\"@id\":\"http:\/\/elregionalvm.com.ar\/noticias-villa-maria\/#\/schema\/person\/a0fb9c422317faca23d50163151bc354\"},\"breadcrumb\":{\"@id\":\"http:\/\/elregionalvm.com.ar\/noticias-villa-maria\/equipamiento-para-hospitales-provinciales-el-pasteur-recibira-un-angiografo\/#breadcrumb\"},\"inLanguage\":\"es\",\"potentialAction\":[{\"@type\":\"ReadAction\",\"target\":[\"http:\/\/elregionalvm.com.ar\/noticias-villa-maria\/equipamiento-para-hospitales-provinciales-el-pasteur-recibira-un-angiografo\/\"]}]},{\"@type\":\"ImageObject\",\"inLanguage\":\"es\",\"@id\":\"http:\/\/elregionalvm.com.ar\/noticias-villa-maria\/equipamiento-para-hospitales-provinciales-el-pasteur-recibira-un-angiografo\/#primaryimage\",\"url\":\"https:\/\/i0.wp.com\/elregionalvm.com.ar\/noticias-villa-maria\/wp-content\/uploads\/2022\/02\/schiaretti-y-diego-cardozo.jpg?fit=990%2C660&ssl=1\",\"contentUrl\":\"https:\/\/i0.wp.com\/elregionalvm.com.ar\/noticias-villa-maria\/wp-content\/uploads\/2022\/02\/schiaretti-y-diego-cardozo.jpg?fit=990%2C660&ssl=1\",\"width\":990,\"height\":660},{\"@type\":\"BreadcrumbList\",\"@id\":\"http:\/\/elregionalvm.com.ar\/noticias-villa-maria\/equipamiento-para-hospitales-provinciales-el-pasteur-recibira-un-angiografo\/#breadcrumb\",\"itemListElement\":[{\"@type\":\"ListItem\",\"position\":1,\"name\":\"Portada\",\"item\":\"https:\/\/elregionalvm.com.ar\/noticias-villa-maria\/\"},{\"@type\":\"ListItem\",\"position\":2,\"name\":\"Equipamiento para hospitales provinciales: el Pasteur recibir\u00e1 un angi\u00f3grafo\"}]},{\"@type\":\"WebSite\",\"@id\":\"http:\/\/elregionalvm.com.ar\/noticias-villa-maria\/#website\",\"url\":\"http:\/\/elregionalvm.com.ar\/noticias-villa-maria\/\",\"name\":\"El Regional\",\"description\":\"Mucho m\u00e1s que informaci\u00f3n\",\"potentialAction\":[{\"@type\":\"SearchAction\",\"target\":{\"@type\":\"EntryPoint\",\"urlTemplate\":\"http:\/\/elregionalvm.com.ar\/noticias-villa-maria\/?s={search_term_string}\"},\"query-input\":{\"@type\":\"PropertyValueSpecification\",\"valueRequired\":true,\"valueName\":\"search_term_string\"}}],\"inLanguage\":\"es\"},{\"@type\":\"Person\",\"@id\":\"http:\/\/elregionalvm.com.ar\/noticias-villa-maria\/#\/schema\/person\/a0fb9c422317faca23d50163151bc354\",\"name\":\"Contenidos El Regional\",\"image\":{\"@type\":\"ImageObject\",\"inLanguage\":\"es\",\"@id\":\"http:\/\/elregionalvm.com.ar\/noticias-villa-maria\/#\/schema\/person\/image\/\",\"url\":\"https:\/\/secure.gravatar.com\/avatar\/265b27cb2209af7bb3a1318f03305787d7981a5cc6e6cd08fe5a4ecdf99d4b48?s=96&d=mm&r=g\",\"contentUrl\":\"https:\/\/secure.gravatar.com\/avatar\/265b27cb2209af7bb3a1318f03305787d7981a5cc6e6cd08fe5a4ecdf99d4b48?s=96&d=mm&r=g\",\"caption\":\"Contenidos El Regional\"},\"url\":\"https:\/\/elregionalvm.com.ar\/noticias-villa-maria\/author\/contenido\/\"}]}<\/script>\n<!-- \/ Yoast SEO plugin. -->","yoast_head_json":{"title":"Equipamiento para hospitales provinciales: el Pasteur recibir\u00e1 un angi\u00f3grafo - El Regional","robots":{"index":"index","follow":"follow","max-snippet":"max-snippet:-1","max-image-preview":"max-image-preview:large","max-video-preview":"max-video-preview:-1"},"canonical":"http:\/\/elregionalvm.com.ar\/noticias-villa-maria\/equipamiento-para-hospitales-provinciales-el-pasteur-recibira-un-angiografo\/","og_locale":"es_ES","og_type":"article","og_title":"Equipamiento para hospitales provinciales: el Pasteur recibir\u00e1 un angi\u00f3grafo - El Regional","og_description":"El gobernador y el ministro de Salud supervisaron la nueva aparatolog\u00eda\u00a0que ser\u00e1\u00a0distribuida en centros de salud del interior y de la ciudad capital. Se trata de una inversi\u00f3n de 3600 millones de pesos en tecnolog\u00eda m\u00e9dica,\u00a0en el marco del Plan M\u00e1s Salud. El gobernador Juan Schiaretti, junto al ministro de Salud Diego Cardozo,&nbsp;recorri\u00f3 hoy el [&hellip;]","og_url":"http:\/\/elregionalvm.com.ar\/noticias-villa-maria\/equipamiento-para-hospitales-provinciales-el-pasteur-recibira-un-angiografo\/","og_site_name":"El Regional","article_publisher":"https:\/\/www.facebook.com\/elregionalvm","article_published_time":"2022-02-23T00:19:21+00:00","article_modified_time":"2022-02-23T00:19:22+00:00","og_image":[{"width":990,"height":660,"url":"http:\/\/elregionalvm.com.ar\/noticias-villa-maria\/wp-content\/uploads\/2022\/02\/schiaretti-y-diego-cardozo.jpg","type":"image\/jpeg"}],"author":"Contenidos El Regional","twitter_card":"summary_large_image","twitter_creator":"@elregionalvm1","twitter_site":"@elregionalvm1","twitter_misc":{"Escrito por":"Contenidos El Regional","Tiempo de lectura":"3 minutos"},"schema":{"@context":"https:\/\/schema.org","@graph":[{"@type":"Article","@id":"http:\/\/elregionalvm.com.ar\/noticias-villa-maria\/equipamiento-para-hospitales-provinciales-el-pasteur-recibira-un-angiografo\/#article","isPartOf":{"@id":"http:\/\/elregionalvm.com.ar\/noticias-villa-maria\/equipamiento-para-hospitales-provinciales-el-pasteur-recibira-un-angiografo\/"},"author":{"name":"Contenidos El Regional","@id":"http:\/\/elregionalvm.com.ar\/noticias-villa-maria\/#\/schema\/person\/a0fb9c422317faca23d50163151bc354"},"headline":"Equipamiento para hospitales provinciales: el Pasteur recibir\u00e1 un angi\u00f3grafo","datePublished":"2022-02-23T00:19:21+00:00","dateModified":"2022-02-23T00:19:22+00:00","mainEntityOfPage":{"@id":"http:\/\/elregionalvm.com.ar\/noticias-villa-maria\/equipamiento-para-hospitales-provinciales-el-pasteur-recibira-un-angiografo\/"},"wordCount":619,"commentCount":0,"image":{"@id":"http:\/\/elregionalvm.com.ar\/noticias-villa-maria\/equipamiento-para-hospitales-provinciales-el-pasteur-recibira-un-angiografo\/#primaryimage"},"thumbnailUrl":"https:\/\/i0.wp.com\/elregionalvm.com.ar\/noticias-villa-maria\/wp-content\/uploads\/2022\/02\/schiaretti-y-diego-cardozo.jpg?fit=990%2C660&ssl=1","keywords":["angi\u00f3grafo","aparatolog\u00eda sanitaria","destacado","Diego Cardozo","equipamiento m\u00e9dico","hospitales provinciales","Plan M\u00e1s Salud","Schiaretti"],"articleSection":["Villa Mar\u00eda"],"inLanguage":"es","potentialAction":[{"@type":"CommentAction","name":"Comment","target":["http:\/\/elregionalvm.com.ar\/noticias-villa-maria\/equipamiento-para-hospitales-provinciales-el-pasteur-recibira-un-angiografo\/#respond"]}]},{"@type":"WebPage","@id":"http:\/\/elregionalvm.com.ar\/noticias-villa-maria\/equipamiento-para-hospitales-provinciales-el-pasteur-recibira-un-angiografo\/","url":"http:\/\/elregionalvm.com.ar\/noticias-villa-maria\/equipamiento-para-hospitales-provinciales-el-pasteur-recibira-un-angiografo\/","name":"Equipamiento para hospitales provinciales: el Pasteur recibir\u00e1 un angi\u00f3grafo - El Regional","isPartOf":{"@id":"http:\/\/elregionalvm.com.ar\/noticias-villa-maria\/#website"},"primaryImageOfPage":{"@id":"http:\/\/elregionalvm.com.ar\/noticias-villa-maria\/equipamiento-para-hospitales-provinciales-el-pasteur-recibira-un-angiografo\/#primaryimage"},"image":{"@id":"http:\/\/elregionalvm.com.ar\/noticias-villa-maria\/equipamiento-para-hospitales-provinciales-el-pasteur-recibira-un-angiografo\/#primaryimage"},"thumbnailUrl":"https:\/\/i0.wp.com\/elregionalvm.com.ar\/noticias-villa-maria\/wp-content\/uploads\/2022\/02\/schiaretti-y-diego-cardozo.jpg?fit=990%2C660&ssl=1","datePublished":"2022-02-23T00:19:21+00:00","dateModified":"2022-02-23T00:19:22+00:00","author":{"@id":"http:\/\/elregionalvm.com.ar\/noticias-villa-maria\/#\/schema\/person\/a0fb9c422317faca23d50163151bc354"},"breadcrumb":{"@id":"http:\/\/elregionalvm.com.ar\/noticias-villa-maria\/equipamiento-para-hospitales-provinciales-el-pasteur-recibira-un-angiografo\/#breadcrumb"},"inLanguage":"es","potentialAction":[{"@type":"ReadAction","target":["http:\/\/elregionalvm.com.ar\/noticias-villa-maria\/equipamiento-para-hospitales-provinciales-el-pasteur-recibira-un-angiografo\/"]}]},{"@type":"ImageObject","inLanguage":"es","@id":"http:\/\/elregionalvm.com.ar\/noticias-villa-maria\/equipamiento-para-hospitales-provinciales-el-pasteur-recibira-un-angiografo\/#primaryimage","url":"https:\/\/i0.wp.com\/elregionalvm.com.ar\/noticias-villa-maria\/wp-content\/uploads\/2022\/02\/schiaretti-y-diego-cardozo.jpg?fit=990%2C660&ssl=1","contentUrl":"https:\/\/i0.wp.com\/elregionalvm.com.ar\/noticias-villa-maria\/wp-content\/uploads\/2022\/02\/schiaretti-y-diego-cardozo.jpg?fit=990%2C660&ssl=1","width":990,"height":660},{"@type":"BreadcrumbList","@id":"http:\/\/elregionalvm.com.ar\/noticias-villa-maria\/equipamiento-para-hospitales-provinciales-el-pasteur-recibira-un-angiografo\/#breadcrumb","itemListElement":[{"@type":"ListItem","position":1,"name":"Portada","item":"https:\/\/elregionalvm.com.ar\/noticias-villa-maria\/"},{"@type":"ListItem","position":2,"name":"Equipamiento para hospitales provinciales: el Pasteur recibir\u00e1 un angi\u00f3grafo"}]},{"@type":"WebSite","@id":"http:\/\/elregionalvm.com.ar\/noticias-villa-maria\/#website","url":"http:\/\/elregionalvm.com.ar\/noticias-villa-maria\/","name":"El Regional","description":"Mucho m\u00e1s que informaci\u00f3n","potentialAction":[{"@type":"SearchAction","target":{"@type":"EntryPoint","urlTemplate":"http:\/\/elregionalvm.com.ar\/noticias-villa-maria\/?s={search_term_string}"},"query-input":{"@type":"PropertyValueSpecification","valueRequired":true,"valueName":"search_term_string"}}],"inLanguage":"es"},{"@type":"Person","@id":"http:\/\/elregionalvm.com.ar\/noticias-villa-maria\/#\/schema\/person\/a0fb9c422317faca23d50163151bc354","name":"Contenidos El Regional","image":{"@type":"ImageObject","inLanguage":"es","@id":"http:\/\/elregionalvm.com.ar\/noticias-villa-maria\/#\/schema\/person\/image\/","url":"https:\/\/secure.gravatar.com\/avatar\/265b27cb2209af7bb3a1318f03305787d7981a5cc6e6cd08fe5a4ecdf99d4b48?s=96&d=mm&r=g","contentUrl":"https:\/\/secure.gravatar.com\/avatar\/265b27cb2209af7bb3a1318f03305787d7981a5cc6e6cd08fe5a4ecdf99d4b48?s=96&d=mm&r=g","caption":"Contenidos El Regional"},"url":"https:\/\/elregionalvm.com.ar\/noticias-villa-maria\/author\/contenido\/"}]}},"jetpack_featured_media_url":"https:\/\/i0.wp.com\/elregionalvm.com.ar\/noticias-villa-maria\/wp-content\/uploads\/2022\/02\/schiaretti-y-diego-cardozo.jpg?fit=990%2C660&ssl=1","jetpack_sharing_enabled":true,"_links":{"self":[{"href":"https:\/\/elregionalvm.com.ar\/noticias-villa-maria\/wp-json\/wp\/v2\/posts\/53097","targetHints":{"allow":["GET"]}}],"collection":[{"href":"https:\/\/elregionalvm.com.ar\/noticias-villa-maria\/wp-json\/wp\/v2\/posts"}],"about":[{"href":"https:\/\/elregionalvm.com.ar\/noticias-villa-maria\/wp-json\/wp\/v2\/types\/post"}],"author":[{"embeddable":true,"href":"https:\/\/elregionalvm.com.ar\/noticias-villa-maria\/wp-json\/wp\/v2\/users\/4"}],"replies":[{"embeddable":true,"href":"https:\/\/elregionalvm.com.ar\/noticias-villa-maria\/wp-json\/wp\/v2\/comments?post=53097"}],"version-history":[{"count":1,"href":"https:\/\/elregionalvm.com.ar\/noticias-villa-maria\/wp-json\/wp\/v2\/posts\/53097\/revisions"}],"predecessor-version":[{"id":53099,"href":"https:\/\/elregionalvm.com.ar\/noticias-villa-maria\/wp-json\/wp\/v2\/posts\/53097\/revisions\/53099"}],"wp:featuredmedia":[{"embeddable":true,"href":"https:\/\/elregionalvm.com.ar\/noticias-villa-maria\/wp-json\/wp\/v2\/media\/53098"}],"wp:attachment":[{"href":"https:\/\/elregionalvm.com.ar\/noticias-villa-maria\/wp-json\/wp\/v2\/media?parent=53097"}],"wp:term":[{"taxonomy":"category","embeddable":true,"href":"https:\/\/elregionalvm.com.ar\/noticias-villa-maria\/wp-json\/wp\/v2\/categories?post=53097"},{"taxonomy":"post_tag","embeddable":true,"href":"https:\/\/elregionalvm.com.ar\/noticias-villa-maria\/wp-json\/wp\/v2\/tags?post=53097"}],"curies":[{"name":"wp","href":"https:\/\/api.w.org\/{rel}","templated":true}]}}