{"id":53103,"date":"2022-02-23T12:46:23","date_gmt":"2022-02-23T12:46:23","guid":{"rendered":"https:\/\/elregionalvm.com.ar\/noticias-villa-maria\/?p=53103"},"modified":"2022-02-24T03:56:03","modified_gmt":"2022-02-24T03:56:03","slug":"causa-zoe-cuatro-nuevos-detenidos-y-siete-allanamientos","status":"publish","type":"post","link":"https:\/\/elregionalvm.com.ar\/noticias-villa-maria\/causa-zoe-cuatro-nuevos-detenidos-y-siete-allanamientos\/","title":{"rendered":"[Caso ZOE] Cuatro nuevos detenidos y siete allanamientos"},"content":{"rendered":"\n<p><\/p>\n\n\n\n<p>La Fiscal\u00eda de Instrucci\u00f3n del Segundo turno de Villa Mar\u00eda, a cargo de Juliana Companys, detuvo a otras cuatro personas imputadas por estafa reiterada y asociaci\u00f3n il\u00edcita en el marco de la causa Generaci\u00f3n ZOE, Villa Mar\u00eda.<\/p>\n\n\n\n<p>Los nuevos detenidos son Ren\u00e9 Germ\u00e1n Udrizar (42), Mart\u00edn Pereyra (42), Juliana Bolea (25) y Agust\u00edn Pereno (28).<\/p>\n\n\n\n<p><\/p>\n\n\n\n<figure class=\"wp-block-image size-large\"><img data-recalc-dims=\"1\" fetchpriority=\"high\" decoding=\"async\" width=\"1024\" height=\"732\" src=\"https:\/\/i0.wp.com\/elregionalvm.com.ar\/noticias-villa-maria\/wp-content\/uploads\/2022\/02\/Zoe-detenido-23-de-febrero.jpeg?resize=1024%2C732&#038;ssl=1\" alt=\"\" class=\"wp-image-53129\" srcset=\"https:\/\/i0.wp.com\/elregionalvm.com.ar\/noticias-villa-maria\/wp-content\/uploads\/2022\/02\/Zoe-detenido-23-de-febrero.jpeg?resize=1024%2C732&amp;ssl=1 1024w, https:\/\/i0.wp.com\/elregionalvm.com.ar\/noticias-villa-maria\/wp-content\/uploads\/2022\/02\/Zoe-detenido-23-de-febrero.jpeg?resize=300%2C215&amp;ssl=1 300w, https:\/\/i0.wp.com\/elregionalvm.com.ar\/noticias-villa-maria\/wp-content\/uploads\/2022\/02\/Zoe-detenido-23-de-febrero.jpeg?resize=768%2C549&amp;ssl=1 768w, https:\/\/i0.wp.com\/elregionalvm.com.ar\/noticias-villa-maria\/wp-content\/uploads\/2022\/02\/Zoe-detenido-23-de-febrero.jpeg?w=1194&amp;ssl=1 1194w\" sizes=\"(max-width: 1000px) 100vw, 1000px\" \/><\/figure>\n\n\n\n<p><\/p>\n\n\n\n<p>Se suman a los ya detenidos Norman Pr\u00f3spero, Gabriela Fernanda \u00c1lvarez, Claudia Pereyra, Cristian Omar Delgado, Silvia Beatriz Luj\u00e1n y Gabriela \u00c1lvarez.<\/p>\n\n\n\n<p>Adem\u00e1s, se realizaron siete allanamientos en la ciudad de Villa Mar\u00eda, secuestr\u00e1ndose material de inter\u00e9s en la causa.<\/p>\n\n\n\n<p>Cabe recordar que se encuentran con pedido de captura Leonardo Nelson Cositorto, el l\u00edder de la organizaci\u00f3n y el segundo en la jerarqu\u00eda, Maximiliano Javier Batista.<\/p>\n\n\n\n<p>Tambi\u00e9n est\u00e1n siendo buscados Claudio Javier \u00c1lvarez, Silvia Rosa Fermani, Silvio Eduardo Shamne , Ivana Anal\u00eda \u00c1lvarez y&nbsp; Florencia Anah\u00ed \u00c1lvarez , todos imputados por los supuestos delitos de Asociaci\u00f3n Il\u00edcita y Estafa reiterada.<\/p>\n\n\n\n<p><\/p>\n\n\n\n<ul class=\"wp-block-list\"><li><strong>Le\u00e9 m\u00e1s: <\/strong><\/li><\/ul>\n\n\n\n<p><\/p>\n\n\n\n<figure class=\"wp-block-embed is-type-wp-embed is-provider-el-regional wp-block-embed-el-regional\"><div class=\"wp-block-embed__wrapper\">\n<blockquote class=\"wp-embedded-content\" data-secret=\"kw2OXLvLhN\"><a href=\"https:\/\/elregionalvm.com.ar\/noticias-villa-maria\/zoe-allanamientos-en-varios-domicilios-y-en-la-sede-central\/\">ZOE: Allanamientos, un detenido y pedido de captura internacional para Cositorto [Video]<\/a><\/blockquote><iframe class=\"wp-embedded-content\" sandbox=\"allow-scripts\" security=\"restricted\" style=\"position: absolute; clip: rect(1px, 1px, 1px, 1px);\" title=\"\u00abZOE: Allanamientos, un detenido y pedido de captura internacional para Cositorto [Video]\u00bb \u2014 El Regional\" src=\"https:\/\/elregionalvm.com.ar\/noticias-villa-maria\/zoe-allanamientos-en-varios-domicilios-y-en-la-sede-central\/embed\/#?secret=lRR3IPcHIV#?secret=kw2OXLvLhN\" data-secret=\"kw2OXLvLhN\" width=\"500\" height=\"282\" frameborder=\"0\" marginwidth=\"0\" marginheight=\"0\" scrolling=\"no\"><\/iframe>\n<\/div><\/figure>\n\n\n\n<p><strong>Traslado<\/strong><\/p>\n\n\n\n<p>Por otro lado, la Fiscal\u00eda inform\u00f3 que el contador Norman Pr\u00f3spero, detenido en Capital federal por la causa ZOE Villa Mar\u00eda, ser\u00e1 traslado a la ciudad este mi\u00e9rcoles 23 de febrero, por el grupo ETER de la polic\u00eda de la Provincia de C\u00f3rdoba.<\/p>\n\n\n\n<p><strong>Conferencia de prensa<\/strong><\/p>\n\n\n\n<p>En horas del mediod\u00eda, la fiscal Companys anunci\u00f3 una conferencia de prensa en Tribunales para dar detalles de los procedimientos. <\/p>\n\n\n\n<p><\/p>\n\n\n\n<ul class=\"wp-block-list\"><li><strong>Le\u00e9 m\u00e1s: <\/strong><\/li><\/ul>\n\n\n\n<p><\/p>\n\n\n\n<figure class=\"wp-block-embed is-type-wp-embed is-provider-el-regional wp-block-embed-el-regional\"><div class=\"wp-block-embed__wrapper\">\n<blockquote class=\"wp-embedded-content\" data-secret=\"H2P7UR1dP6\"><a href=\"https:\/\/elregionalvm.com.ar\/noticias-villa-maria\/caso-zoe-los-nuevos-detenidos-y-mas-allanamientos\/\">Caso Zoe: Los nuevos detenidos y m\u00e1s allanamientos<\/a><\/blockquote><iframe class=\"wp-embedded-content\" sandbox=\"allow-scripts\" security=\"restricted\" style=\"position: absolute; clip: rect(1px, 1px, 1px, 1px);\" title=\"\u00abCaso Zoe: Los nuevos detenidos y m\u00e1s allanamientos\u00bb \u2014 El Regional\" src=\"https:\/\/elregionalvm.com.ar\/noticias-villa-maria\/caso-zoe-los-nuevos-detenidos-y-mas-allanamientos\/embed\/#?secret=oj3qEKj5q8#?secret=H2P7UR1dP6\" data-secret=\"H2P7UR1dP6\" width=\"500\" height=\"282\" frameborder=\"0\" marginwidth=\"0\" marginheight=\"0\" scrolling=\"no\"><\/iframe>\n<\/div><\/figure>\n","protected":false},"excerpt":{"rendered":"<p>La Fiscal\u00eda de Instrucci\u00f3n del Segundo turno de Villa Mar\u00eda, a cargo de Juliana Companys, detuvo a otras cuatro personas imputadas por estafa reiterada y asociaci\u00f3n il\u00edcita en el marco de la causa Generaci\u00f3n ZOE, Villa Mar\u00eda. Los nuevos detenidos son Ren\u00e9 Germ\u00e1n Udrizar (42), Mart\u00edn Pereyra (42), Juliana Bolea (25) y Agust\u00edn Pereno (28). [&hellip;]<\/p>\n","protected":false},"author":4,"featured_media":53130,"comment_status":"open","ping_status":"open","sticky":false,"template":"","format":"standard","meta":{"site-sidebar-layout":"default","site-content-layout":"default","ast-site-content-layout":"default","site-content-style":"default","site-sidebar-style":"default","ast-global-header-display":"","ast-banner-title-visibility":"","ast-main-header-display":"","ast-hfb-above-header-display":"","ast-hfb-below-header-display":"","ast-hfb-mobile-header-display":"","site-post-title":"","ast-breadcrumbs-content":"","ast-featured-img":"","footer-sml-layout":"","ast-disable-related-posts":"","theme-transparent-header-meta":"default","adv-header-id-meta":"","stick-header-meta":"","header-above-stick-meta":"","header-main-stick-meta":"","header-below-stick-meta":"","astra-migrate-meta-layouts":"default","ast-page-background-enabled":"default","ast-page-background-meta":{"desktop":{"background-color":"","background-image":"","background-repeat":"repeat","background-position":"center center","background-size":"auto","background-attachment":"scroll","background-type":"","background-media":"","overlay-type":"","overlay-color":"","overlay-opacity":"","overlay-gradient":""},"tablet":{"background-color":"","background-image":"","background-repeat":"repeat","background-position":"center center","background-size":"auto","background-attachment":"scroll","background-type":"","background-media":"","overlay-type":"","overlay-color":"","overlay-opacity":"","overlay-gradient":""},"mobile":{"background-color":"","background-image":"","background-repeat":"repeat","background-position":"center center","background-size":"auto","background-attachment":"scroll","background-type":"","background-media":"","overlay-type":"","overlay-color":"","overlay-opacity":"","overlay-gradient":""}},"ast-content-background-meta":{"desktop":{"background-color":"var(--ast-global-color-5)","background-image":"","background-repeat":"repeat","background-position":"center center","background-size":"auto","background-attachment":"scroll","background-type":"","background-media":"","overlay-type":"","overlay-color":"","overlay-opacity":"","overlay-gradient":""},"tablet":{"background-color":"var(--ast-global-color-5)","background-image":"","background-repeat":"repeat","background-position":"center center","background-size":"auto","background-attachment":"scroll","background-type":"","background-media":"","overlay-type":"","overlay-color":"","overlay-opacity":"","overlay-gradient":""},"mobile":{"background-color":"var(--ast-global-color-5)","background-image":"","background-repeat":"repeat","background-position":"center center","background-size":"auto","background-attachment":"scroll","background-type":"","background-media":"","overlay-type":"","overlay-color":"","overlay-opacity":"","overlay-gradient":""}},"_jetpack_memberships_contains_paid_content":false,"_joinchat":[],"footnotes":""},"categories":[2234],"tags":[532,13877,13837,1232,2417,1549,2471,13269,13835,3336,12452],"class_list":["post-53103","post","type-post","status-publish","format-standard","has-post-thumbnail","hentry","category-policiales","tag-allanamientos","tag-asociacion-ilicita","tag-asociacion-ilicita-y-estafa","tag-destacado","tag-detenciones","tag-estafa","tag-fiscal-companys","tag-generacion-zoe","tag-leonardo-cositorto","tag-pedido-de-captura","tag-zoe"],"yoast_head":"<!-- This site is optimized with the Yoast SEO plugin v26.8 - https:\/\/yoast.com\/product\/yoast-seo-wordpress\/ -->\n<title>[Caso ZOE] Cuatro nuevos detenidos y siete allanamientos - El Regional<\/title>\n<meta name=\"description\" content=\"Se detuvo a otras cuatro personas imputadas por estafa reiterada y asociaci\u00f3n il\u00edcita en el marco de la causa Generaci\u00f3n ZOE, Villa Mar\u00eda.\" \/>\n<meta name=\"robots\" content=\"index, follow, max-snippet:-1, max-image-preview:large, max-video-preview:-1\" \/>\n<link rel=\"canonical\" href=\"http:\/\/elregionalvm.com.ar\/noticias-villa-maria\/causa-zoe-cuatro-nuevos-detenidos-y-siete-allanamientos\/\" \/>\n<meta property=\"og:locale\" content=\"es_ES\" \/>\n<meta property=\"og:type\" content=\"article\" \/>\n<meta property=\"og:title\" content=\"[Caso ZOE] Cuatro nuevos detenidos y siete allanamientos - El Regional\" \/>\n<meta property=\"og:description\" content=\"Se detuvo a otras cuatro personas imputadas por estafa reiterada y asociaci\u00f3n il\u00edcita en el marco de la causa Generaci\u00f3n ZOE, Villa Mar\u00eda.\" \/>\n<meta property=\"og:url\" content=\"http:\/\/elregionalvm.com.ar\/noticias-villa-maria\/causa-zoe-cuatro-nuevos-detenidos-y-siete-allanamientos\/\" \/>\n<meta property=\"og:site_name\" content=\"El Regional\" \/>\n<meta property=\"article:publisher\" content=\"https:\/\/www.facebook.com\/elregionalvm\" \/>\n<meta property=\"article:published_time\" content=\"2022-02-23T12:46:23+00:00\" \/>\n<meta property=\"article:modified_time\" content=\"2022-02-24T03:56:03+00:00\" \/>\n<meta property=\"og:image\" content=\"http:\/\/elregionalvm.com.ar\/noticias-villa-maria\/wp-content\/uploads\/2022\/02\/Zoe-allanamiento-secuestro-auto-Cronos-.jpeg\" \/>\n\t<meta property=\"og:image:width\" content=\"960\" \/>\n\t<meta property=\"og:image:height\" content=\"660\" \/>\n\t<meta property=\"og:image:type\" content=\"image\/jpeg\" \/>\n<meta name=\"author\" content=\"Contenidos El Regional\" \/>\n<meta name=\"twitter:card\" content=\"summary_large_image\" \/>\n<meta name=\"twitter:creator\" content=\"@elregionalvm1\" \/>\n<meta name=\"twitter:site\" content=\"@elregionalvm1\" \/>\n<meta name=\"twitter:label1\" content=\"Escrito por\" \/>\n\t<meta name=\"twitter:data1\" content=\"Contenidos El Regional\" \/>\n\t<meta name=\"twitter:label2\" content=\"Tiempo de lectura\" \/>\n\t<meta name=\"twitter:data2\" content=\"2 minutos\" \/>\n<script type=\"application\/ld+json\" class=\"yoast-schema-graph\">{\"@context\":\"https:\/\/schema.org\",\"@graph\":[{\"@type\":\"Article\",\"@id\":\"http:\/\/elregionalvm.com.ar\/noticias-villa-maria\/causa-zoe-cuatro-nuevos-detenidos-y-siete-allanamientos\/#article\",\"isPartOf\":{\"@id\":\"http:\/\/elregionalvm.com.ar\/noticias-villa-maria\/causa-zoe-cuatro-nuevos-detenidos-y-siete-allanamientos\/\"},\"author\":{\"name\":\"Contenidos El Regional\",\"@id\":\"http:\/\/elregionalvm.com.ar\/noticias-villa-maria\/#\/schema\/person\/a0fb9c422317faca23d50163151bc354\"},\"headline\":\"[Caso ZOE] Cuatro nuevos detenidos y siete allanamientos\",\"datePublished\":\"2022-02-23T12:46:23+00:00\",\"dateModified\":\"2022-02-24T03:56:03+00:00\",\"mainEntityOfPage\":{\"@id\":\"http:\/\/elregionalvm.com.ar\/noticias-villa-maria\/causa-zoe-cuatro-nuevos-detenidos-y-siete-allanamientos\/\"},\"wordCount\":273,\"commentCount\":0,\"image\":{\"@id\":\"http:\/\/elregionalvm.com.ar\/noticias-villa-maria\/causa-zoe-cuatro-nuevos-detenidos-y-siete-allanamientos\/#primaryimage\"},\"thumbnailUrl\":\"https:\/\/i0.wp.com\/elregionalvm.com.ar\/noticias-villa-maria\/wp-content\/uploads\/2022\/02\/Zoe-allanamiento-secuestro-auto-Cronos-.jpeg?fit=960%2C660&ssl=1\",\"keywords\":[\"Allanamientos\",\"asociaci\u00f3n il\u00edcita\",\"Asociaci\u00f3n Il\u00edcita y Estafa\",\"destacado\",\"detenciones\",\"estafa\",\"Fiscal Companys\",\"Generaci\u00f3n Zoe\",\"Leonardo Cositorto\",\"pedido de captura\",\"Zoe\"],\"articleSection\":[\"Policiales\"],\"inLanguage\":\"es\",\"potentialAction\":[{\"@type\":\"CommentAction\",\"name\":\"Comment\",\"target\":[\"http:\/\/elregionalvm.com.ar\/noticias-villa-maria\/causa-zoe-cuatro-nuevos-detenidos-y-siete-allanamientos\/#respond\"]}]},{\"@type\":\"WebPage\",\"@id\":\"http:\/\/elregionalvm.com.ar\/noticias-villa-maria\/causa-zoe-cuatro-nuevos-detenidos-y-siete-allanamientos\/\",\"url\":\"http:\/\/elregionalvm.com.ar\/noticias-villa-maria\/causa-zoe-cuatro-nuevos-detenidos-y-siete-allanamientos\/\",\"name\":\"[Caso ZOE] Cuatro nuevos detenidos y siete allanamientos - El Regional\",\"isPartOf\":{\"@id\":\"http:\/\/elregionalvm.com.ar\/noticias-villa-maria\/#website\"},\"primaryImageOfPage\":{\"@id\":\"http:\/\/elregionalvm.com.ar\/noticias-villa-maria\/causa-zoe-cuatro-nuevos-detenidos-y-siete-allanamientos\/#primaryimage\"},\"image\":{\"@id\":\"http:\/\/elregionalvm.com.ar\/noticias-villa-maria\/causa-zoe-cuatro-nuevos-detenidos-y-siete-allanamientos\/#primaryimage\"},\"thumbnailUrl\":\"https:\/\/i0.wp.com\/elregionalvm.com.ar\/noticias-villa-maria\/wp-content\/uploads\/2022\/02\/Zoe-allanamiento-secuestro-auto-Cronos-.jpeg?fit=960%2C660&ssl=1\",\"datePublished\":\"2022-02-23T12:46:23+00:00\",\"dateModified\":\"2022-02-24T03:56:03+00:00\",\"author\":{\"@id\":\"http:\/\/elregionalvm.com.ar\/noticias-villa-maria\/#\/schema\/person\/a0fb9c422317faca23d50163151bc354\"},\"description\":\"Se detuvo a otras cuatro personas imputadas por estafa reiterada y asociaci\u00f3n il\u00edcita en el marco de la causa Generaci\u00f3n ZOE, Villa Mar\u00eda.\",\"breadcrumb\":{\"@id\":\"http:\/\/elregionalvm.com.ar\/noticias-villa-maria\/causa-zoe-cuatro-nuevos-detenidos-y-siete-allanamientos\/#breadcrumb\"},\"inLanguage\":\"es\",\"potentialAction\":[{\"@type\":\"ReadAction\",\"target\":[\"http:\/\/elregionalvm.com.ar\/noticias-villa-maria\/causa-zoe-cuatro-nuevos-detenidos-y-siete-allanamientos\/\"]}]},{\"@type\":\"ImageObject\",\"inLanguage\":\"es\",\"@id\":\"http:\/\/elregionalvm.com.ar\/noticias-villa-maria\/causa-zoe-cuatro-nuevos-detenidos-y-siete-allanamientos\/#primaryimage\",\"url\":\"https:\/\/i0.wp.com\/elregionalvm.com.ar\/noticias-villa-maria\/wp-content\/uploads\/2022\/02\/Zoe-allanamiento-secuestro-auto-Cronos-.jpeg?fit=960%2C660&ssl=1\",\"contentUrl\":\"https:\/\/i0.wp.com\/elregionalvm.com.ar\/noticias-villa-maria\/wp-content\/uploads\/2022\/02\/Zoe-allanamiento-secuestro-auto-Cronos-.jpeg?fit=960%2C660&ssl=1\",\"width\":960,\"height\":660},{\"@type\":\"BreadcrumbList\",\"@id\":\"http:\/\/elregionalvm.com.ar\/noticias-villa-maria\/causa-zoe-cuatro-nuevos-detenidos-y-siete-allanamientos\/#breadcrumb\",\"itemListElement\":[{\"@type\":\"ListItem\",\"position\":1,\"name\":\"Portada\",\"item\":\"https:\/\/elregionalvm.com.ar\/noticias-villa-maria\/\"},{\"@type\":\"ListItem\",\"position\":2,\"name\":\"[Caso ZOE] Cuatro nuevos detenidos y siete allanamientos\"}]},{\"@type\":\"WebSite\",\"@id\":\"http:\/\/elregionalvm.com.ar\/noticias-villa-maria\/#website\",\"url\":\"http:\/\/elregionalvm.com.ar\/noticias-villa-maria\/\",\"name\":\"El Regional\",\"description\":\"Mucho m\u00e1s que informaci\u00f3n\",\"potentialAction\":[{\"@type\":\"SearchAction\",\"target\":{\"@type\":\"EntryPoint\",\"urlTemplate\":\"http:\/\/elregionalvm.com.ar\/noticias-villa-maria\/?s={search_term_string}\"},\"query-input\":{\"@type\":\"PropertyValueSpecification\",\"valueRequired\":true,\"valueName\":\"search_term_string\"}}],\"inLanguage\":\"es\"},{\"@type\":\"Person\",\"@id\":\"http:\/\/elregionalvm.com.ar\/noticias-villa-maria\/#\/schema\/person\/a0fb9c422317faca23d50163151bc354\",\"name\":\"Contenidos El Regional\",\"image\":{\"@type\":\"ImageObject\",\"inLanguage\":\"es\",\"@id\":\"http:\/\/elregionalvm.com.ar\/noticias-villa-maria\/#\/schema\/person\/image\/\",\"url\":\"https:\/\/secure.gravatar.com\/avatar\/265b27cb2209af7bb3a1318f03305787d7981a5cc6e6cd08fe5a4ecdf99d4b48?s=96&d=mm&r=g\",\"contentUrl\":\"https:\/\/secure.gravatar.com\/avatar\/265b27cb2209af7bb3a1318f03305787d7981a5cc6e6cd08fe5a4ecdf99d4b48?s=96&d=mm&r=g\",\"caption\":\"Contenidos El Regional\"},\"url\":\"https:\/\/elregionalvm.com.ar\/noticias-villa-maria\/author\/contenido\/\"}]}<\/script>\n<!-- \/ Yoast SEO plugin. -->","yoast_head_json":{"title":"[Caso ZOE] Cuatro nuevos detenidos y siete allanamientos - El Regional","description":"Se detuvo a otras cuatro personas imputadas por estafa reiterada y asociaci\u00f3n il\u00edcita en el marco de la causa Generaci\u00f3n ZOE, Villa Mar\u00eda.","robots":{"index":"index","follow":"follow","max-snippet":"max-snippet:-1","max-image-preview":"max-image-preview:large","max-video-preview":"max-video-preview:-1"},"canonical":"http:\/\/elregionalvm.com.ar\/noticias-villa-maria\/causa-zoe-cuatro-nuevos-detenidos-y-siete-allanamientos\/","og_locale":"es_ES","og_type":"article","og_title":"[Caso ZOE] Cuatro nuevos detenidos y siete allanamientos - El Regional","og_description":"Se detuvo a otras cuatro personas imputadas por estafa reiterada y asociaci\u00f3n il\u00edcita en el marco de la causa Generaci\u00f3n ZOE, Villa Mar\u00eda.","og_url":"http:\/\/elregionalvm.com.ar\/noticias-villa-maria\/causa-zoe-cuatro-nuevos-detenidos-y-siete-allanamientos\/","og_site_name":"El Regional","article_publisher":"https:\/\/www.facebook.com\/elregionalvm","article_published_time":"2022-02-23T12:46:23+00:00","article_modified_time":"2022-02-24T03:56:03+00:00","og_image":[{"width":960,"height":660,"url":"http:\/\/elregionalvm.com.ar\/noticias-villa-maria\/wp-content\/uploads\/2022\/02\/Zoe-allanamiento-secuestro-auto-Cronos-.jpeg","type":"image\/jpeg"}],"author":"Contenidos El Regional","twitter_card":"summary_large_image","twitter_creator":"@elregionalvm1","twitter_site":"@elregionalvm1","twitter_misc":{"Escrito por":"Contenidos El Regional","Tiempo de lectura":"2 minutos"},"schema":{"@context":"https:\/\/schema.org","@graph":[{"@type":"Article","@id":"http:\/\/elregionalvm.com.ar\/noticias-villa-maria\/causa-zoe-cuatro-nuevos-detenidos-y-siete-allanamientos\/#article","isPartOf":{"@id":"http:\/\/elregionalvm.com.ar\/noticias-villa-maria\/causa-zoe-cuatro-nuevos-detenidos-y-siete-allanamientos\/"},"author":{"name":"Contenidos El Regional","@id":"http:\/\/elregionalvm.com.ar\/noticias-villa-maria\/#\/schema\/person\/a0fb9c422317faca23d50163151bc354"},"headline":"[Caso ZOE] Cuatro nuevos detenidos y siete allanamientos","datePublished":"2022-02-23T12:46:23+00:00","dateModified":"2022-02-24T03:56:03+00:00","mainEntityOfPage":{"@id":"http:\/\/elregionalvm.com.ar\/noticias-villa-maria\/causa-zoe-cuatro-nuevos-detenidos-y-siete-allanamientos\/"},"wordCount":273,"commentCount":0,"image":{"@id":"http:\/\/elregionalvm.com.ar\/noticias-villa-maria\/causa-zoe-cuatro-nuevos-detenidos-y-siete-allanamientos\/#primaryimage"},"thumbnailUrl":"https:\/\/i0.wp.com\/elregionalvm.com.ar\/noticias-villa-maria\/wp-content\/uploads\/2022\/02\/Zoe-allanamiento-secuestro-auto-Cronos-.jpeg?fit=960%2C660&ssl=1","keywords":["Allanamientos","asociaci\u00f3n il\u00edcita","Asociaci\u00f3n Il\u00edcita y Estafa","destacado","detenciones","estafa","Fiscal Companys","Generaci\u00f3n Zoe","Leonardo Cositorto","pedido de captura","Zoe"],"articleSection":["Policiales"],"inLanguage":"es","potentialAction":[{"@type":"CommentAction","name":"Comment","target":["http:\/\/elregionalvm.com.ar\/noticias-villa-maria\/causa-zoe-cuatro-nuevos-detenidos-y-siete-allanamientos\/#respond"]}]},{"@type":"WebPage","@id":"http:\/\/elregionalvm.com.ar\/noticias-villa-maria\/causa-zoe-cuatro-nuevos-detenidos-y-siete-allanamientos\/","url":"http:\/\/elregionalvm.com.ar\/noticias-villa-maria\/causa-zoe-cuatro-nuevos-detenidos-y-siete-allanamientos\/","name":"[Caso ZOE] Cuatro nuevos detenidos y siete allanamientos - El Regional","isPartOf":{"@id":"http:\/\/elregionalvm.com.ar\/noticias-villa-maria\/#website"},"primaryImageOfPage":{"@id":"http:\/\/elregionalvm.com.ar\/noticias-villa-maria\/causa-zoe-cuatro-nuevos-detenidos-y-siete-allanamientos\/#primaryimage"},"image":{"@id":"http:\/\/elregionalvm.com.ar\/noticias-villa-maria\/causa-zoe-cuatro-nuevos-detenidos-y-siete-allanamientos\/#primaryimage"},"thumbnailUrl":"https:\/\/i0.wp.com\/elregionalvm.com.ar\/noticias-villa-maria\/wp-content\/uploads\/2022\/02\/Zoe-allanamiento-secuestro-auto-Cronos-.jpeg?fit=960%2C660&ssl=1","datePublished":"2022-02-23T12:46:23+00:00","dateModified":"2022-02-24T03:56:03+00:00","author":{"@id":"http:\/\/elregionalvm.com.ar\/noticias-villa-maria\/#\/schema\/person\/a0fb9c422317faca23d50163151bc354"},"description":"Se detuvo a otras cuatro personas imputadas por estafa reiterada y asociaci\u00f3n il\u00edcita en el marco de la causa Generaci\u00f3n ZOE, Villa Mar\u00eda.","breadcrumb":{"@id":"http:\/\/elregionalvm.com.ar\/noticias-villa-maria\/causa-zoe-cuatro-nuevos-detenidos-y-siete-allanamientos\/#breadcrumb"},"inLanguage":"es","potentialAction":[{"@type":"ReadAction","target":["http:\/\/elregionalvm.com.ar\/noticias-villa-maria\/causa-zoe-cuatro-nuevos-detenidos-y-siete-allanamientos\/"]}]},{"@type":"ImageObject","inLanguage":"es","@id":"http:\/\/elregionalvm.com.ar\/noticias-villa-maria\/causa-zoe-cuatro-nuevos-detenidos-y-siete-allanamientos\/#primaryimage","url":"https:\/\/i0.wp.com\/elregionalvm.com.ar\/noticias-villa-maria\/wp-content\/uploads\/2022\/02\/Zoe-allanamiento-secuestro-auto-Cronos-.jpeg?fit=960%2C660&ssl=1","contentUrl":"https:\/\/i0.wp.com\/elregionalvm.com.ar\/noticias-villa-maria\/wp-content\/uploads\/2022\/02\/Zoe-allanamiento-secuestro-auto-Cronos-.jpeg?fit=960%2C660&ssl=1","width":960,"height":660},{"@type":"BreadcrumbList","@id":"http:\/\/elregionalvm.com.ar\/noticias-villa-maria\/causa-zoe-cuatro-nuevos-detenidos-y-siete-allanamientos\/#breadcrumb","itemListElement":[{"@type":"ListItem","position":1,"name":"Portada","item":"https:\/\/elregionalvm.com.ar\/noticias-villa-maria\/"},{"@type":"ListItem","position":2,"name":"[Caso ZOE] Cuatro nuevos detenidos y siete allanamientos"}]},{"@type":"WebSite","@id":"http:\/\/elregionalvm.com.ar\/noticias-villa-maria\/#website","url":"http:\/\/elregionalvm.com.ar\/noticias-villa-maria\/","name":"El Regional","description":"Mucho m\u00e1s que informaci\u00f3n","potentialAction":[{"@type":"SearchAction","target":{"@type":"EntryPoint","urlTemplate":"http:\/\/elregionalvm.com.ar\/noticias-villa-maria\/?s={search_term_string}"},"query-input":{"@type":"PropertyValueSpecification","valueRequired":true,"valueName":"search_term_string"}}],"inLanguage":"es"},{"@type":"Person","@id":"http:\/\/elregionalvm.com.ar\/noticias-villa-maria\/#\/schema\/person\/a0fb9c422317faca23d50163151bc354","name":"Contenidos El Regional","image":{"@type":"ImageObject","inLanguage":"es","@id":"http:\/\/elregionalvm.com.ar\/noticias-villa-maria\/#\/schema\/person\/image\/","url":"https:\/\/secure.gravatar.com\/avatar\/265b27cb2209af7bb3a1318f03305787d7981a5cc6e6cd08fe5a4ecdf99d4b48?s=96&d=mm&r=g","contentUrl":"https:\/\/secure.gravatar.com\/avatar\/265b27cb2209af7bb3a1318f03305787d7981a5cc6e6cd08fe5a4ecdf99d4b48?s=96&d=mm&r=g","caption":"Contenidos El Regional"},"url":"https:\/\/elregionalvm.com.ar\/noticias-villa-maria\/author\/contenido\/"}]}},"jetpack_featured_media_url":"https:\/\/i0.wp.com\/elregionalvm.com.ar\/noticias-villa-maria\/wp-content\/uploads\/2022\/02\/Zoe-allanamiento-secuestro-auto-Cronos-.jpeg?fit=960%2C660&ssl=1","jetpack_sharing_enabled":true,"_links":{"self":[{"href":"https:\/\/elregionalvm.com.ar\/noticias-villa-maria\/wp-json\/wp\/v2\/posts\/53103","targetHints":{"allow":["GET"]}}],"collection":[{"href":"https:\/\/elregionalvm.com.ar\/noticias-villa-maria\/wp-json\/wp\/v2\/posts"}],"about":[{"href":"https:\/\/elregionalvm.com.ar\/noticias-villa-maria\/wp-json\/wp\/v2\/types\/post"}],"author":[{"embeddable":true,"href":"https:\/\/elregionalvm.com.ar\/noticias-villa-maria\/wp-json\/wp\/v2\/users\/4"}],"replies":[{"embeddable":true,"href":"https:\/\/elregionalvm.com.ar\/noticias-villa-maria\/wp-json\/wp\/v2\/comments?post=53103"}],"version-history":[{"count":5,"href":"https:\/\/elregionalvm.com.ar\/noticias-villa-maria\/wp-json\/wp\/v2\/posts\/53103\/revisions"}],"predecessor-version":[{"id":53167,"href":"https:\/\/elregionalvm.com.ar\/noticias-villa-maria\/wp-json\/wp\/v2\/posts\/53103\/revisions\/53167"}],"wp:featuredmedia":[{"embeddable":true,"href":"https:\/\/elregionalvm.com.ar\/noticias-villa-maria\/wp-json\/wp\/v2\/media\/53130"}],"wp:attachment":[{"href":"https:\/\/elregionalvm.com.ar\/noticias-villa-maria\/wp-json\/wp\/v2\/media?parent=53103"}],"wp:term":[{"taxonomy":"category","embeddable":true,"href":"https:\/\/elregionalvm.com.ar\/noticias-villa-maria\/wp-json\/wp\/v2\/categories?post=53103"},{"taxonomy":"post_tag","embeddable":true,"href":"https:\/\/elregionalvm.com.ar\/noticias-villa-maria\/wp-json\/wp\/v2\/tags?post=53103"}],"curies":[{"name":"wp","href":"https:\/\/api.w.org\/{rel}","templated":true}]}}