{"id":53115,"date":"2022-02-23T14:43:49","date_gmt":"2022-02-23T14:43:49","guid":{"rendered":"https:\/\/elregionalvm.com.ar\/noticias-villa-maria\/?p=53115"},"modified":"2022-02-25T02:51:36","modified_gmt":"2022-02-25T02:51:36","slug":"causa-zoe-tres-de-los-diez-detenidos-son-policias","status":"publish","type":"post","link":"https:\/\/elregionalvm.com.ar\/noticias-villa-maria\/causa-zoe-tres-de-los-diez-detenidos-son-policias\/","title":{"rendered":"[Caso ZOE] Tres de los diez detenidos son polic\u00edas"},"content":{"rendered":"\n<p><\/p>\n\n\n\n<p>Tres de los diez detenidos hasta el momento en la causa por asociaci\u00f3n il\u00edcita y estafa que se sigue contra el grupo financiero ZOE en Villa Mar\u00eda son efectivos policiales.<\/p>\n\n\n\n<p>As\u00ed lo inform\u00f3 la Fiscal\u00eda de Instrucci\u00f3n del segundo turno de Villa Mar\u00eda, a cargo de Juliana Companys.<\/p>\n\n\n\n<p>Se trata de Claudia Pereyra, Mart\u00edn Pereyra y Juliana Bollea. La primera de ellos hab\u00eda sido aprehendida d\u00edas atr\u00e1s, mientras que los otros dos agentes resultaron detenidos en las \u00faltimas horas.<\/p>\n\n\n\n<p><\/p>\n\n\n\n<ul class=\"wp-block-list\"><li><strong>Le\u00e9 m\u00e1s:<\/strong><a href=\"https:\/\/elregionalvm.com.ar\/noticias-villa-maria\/causa-zoe-cuatro-nuevos-detenidos-y-siete-allanamientos\/\"> Causa ZOE: Cuatro nuevos detenidos y siete allanamientos<\/a><\/li><\/ul>\n\n\n\n<p><\/p>\n\n\n\n<figure class=\"wp-block-embed is-type-wp-embed is-provider-el-regional wp-block-embed-el-regional\"><div class=\"wp-block-embed__wrapper\">\n<blockquote class=\"wp-embedded-content\" data-secret=\"i6ii8ix60X\"><a href=\"https:\/\/elregionalvm.com.ar\/noticias-villa-maria\/causa-zoe-cuatro-nuevos-detenidos-y-siete-allanamientos\/\">[Caso ZOE] Cuatro nuevos detenidos y siete allanamientos<\/a><\/blockquote><iframe class=\"wp-embedded-content\" sandbox=\"allow-scripts\" security=\"restricted\" style=\"position: absolute; clip: rect(1px, 1px, 1px, 1px);\" title=\"\u00ab[Caso ZOE] Cuatro nuevos detenidos y siete allanamientos\u00bb \u2014 El Regional\" src=\"https:\/\/elregionalvm.com.ar\/noticias-villa-maria\/causa-zoe-cuatro-nuevos-detenidos-y-siete-allanamientos\/embed\/#?secret=cTq7SYsvCz#?secret=i6ii8ix60X\" data-secret=\"i6ii8ix60X\" width=\"500\" height=\"282\" frameborder=\"0\" marginwidth=\"0\" marginheight=\"0\" scrolling=\"no\"><\/iframe>\n<\/div><\/figure>\n\n\n\n<p><\/p>\n\n\n\n<p><strong>Nuevos detenidos y allanamientos<\/strong><\/p>\n\n\n\n<p>Vale recordar que se detuvo a otras cuatro personas imputadas por estafa reiterada y asociaci\u00f3n il\u00edcita en el marco de la causa Generaci\u00f3n ZOE, Villa Mar\u00eda.<\/p>\n\n\n\n<p>Los nuevos detenidos son Ren\u00e9 Germ\u00e1n Udrizan, Mart\u00edn Pereyra, Juliana Bolea y Agust\u00edn Pereno.<\/p>\n\n\n\n<p><\/p>\n\n\n\n<figure class=\"wp-block-image size-large\"><img data-recalc-dims=\"1\" fetchpriority=\"high\" decoding=\"async\" width=\"1024\" height=\"732\" src=\"https:\/\/i0.wp.com\/elregionalvm.com.ar\/noticias-villa-maria\/wp-content\/uploads\/2022\/02\/Zoe-detenido-23-de-febrero.jpeg?resize=1024%2C732&#038;ssl=1\" alt=\"\" class=\"wp-image-53129\" srcset=\"https:\/\/i0.wp.com\/elregionalvm.com.ar\/noticias-villa-maria\/wp-content\/uploads\/2022\/02\/Zoe-detenido-23-de-febrero.jpeg?resize=1024%2C732&amp;ssl=1 1024w, https:\/\/i0.wp.com\/elregionalvm.com.ar\/noticias-villa-maria\/wp-content\/uploads\/2022\/02\/Zoe-detenido-23-de-febrero.jpeg?resize=300%2C215&amp;ssl=1 300w, https:\/\/i0.wp.com\/elregionalvm.com.ar\/noticias-villa-maria\/wp-content\/uploads\/2022\/02\/Zoe-detenido-23-de-febrero.jpeg?resize=768%2C549&amp;ssl=1 768w, https:\/\/i0.wp.com\/elregionalvm.com.ar\/noticias-villa-maria\/wp-content\/uploads\/2022\/02\/Zoe-detenido-23-de-febrero.jpeg?w=1194&amp;ssl=1 1194w\" sizes=\"(max-width: 1000px) 100vw, 1000px\" \/><\/figure>\n\n\n\n<p><\/p>\n\n\n\n<p>Se suman a los ya detenidos Norman Pr\u00f3spero, Gabriela Fernanda \u00c1lvarez, Claudia Pereyra, Cristian Omar Delgado, Silvia Beatriz Luj\u00e1n y Gabriela \u00c1lvarez.<\/p>\n\n\n\n<p>Adem\u00e1s, se realizaron siete allanamientos en la ciudad de Villa Mar\u00eda, secuestr\u00e1ndose material de inter\u00e9s en la causa. Entre estos un auto Fiat Cronos y una camioneta Fiat Toro.<\/p>\n\n\n\n<p>En tanto, se encuentran con pedido de captura Leonardo Nelson Cositorto, el l\u00edder de la organizaci\u00f3n y el segundo en la jerarqu\u00eda, Maximiliano Javier Batista.<\/p>\n\n\n\n<p>Tambi\u00e9n est\u00e1n siendo buscados Claudio Javier \u00c1lvarez, Silvia Rosa Fermani, Silvio Eduardo Shamne , Ivana Anal\u00eda \u00c1lvarez y&nbsp; Florencia Anah\u00ed \u00c1lvarez , todos imputados por los supuestos delitos de Asociaci\u00f3n Il\u00edcita y Estafa reiterada.<\/p>\n","protected":false},"excerpt":{"rendered":"<p>Tres de los diez detenidos hasta el momento en la causa por asociaci\u00f3n il\u00edcita y estafa que se sigue contra el grupo financiero ZOE en Villa Mar\u00eda son efectivos policiales. As\u00ed lo inform\u00f3 la Fiscal\u00eda de Instrucci\u00f3n del segundo turno de Villa Mar\u00eda, a cargo de Juliana Companys. Se trata de Claudia Pereyra, Mart\u00edn Pereyra [&hellip;]<\/p>\n","protected":false},"author":4,"featured_media":53131,"comment_status":"open","ping_status":"open","sticky":false,"template":"","format":"standard","meta":{"site-sidebar-layout":"default","site-content-layout":"default","ast-site-content-layout":"default","site-content-style":"default","site-sidebar-style":"default","ast-global-header-display":"","ast-banner-title-visibility":"","ast-main-header-display":"","ast-hfb-above-header-display":"","ast-hfb-below-header-display":"","ast-hfb-mobile-header-display":"","site-post-title":"","ast-breadcrumbs-content":"","ast-featured-img":"","footer-sml-layout":"","ast-disable-related-posts":"","theme-transparent-header-meta":"default","adv-header-id-meta":"","stick-header-meta":"","header-above-stick-meta":"","header-main-stick-meta":"","header-below-stick-meta":"","astra-migrate-meta-layouts":"default","ast-page-background-enabled":"default","ast-page-background-meta":{"desktop":{"background-color":"","background-image":"","background-repeat":"repeat","background-position":"center center","background-size":"auto","background-attachment":"scroll","background-type":"","background-media":"","overlay-type":"","overlay-color":"","overlay-opacity":"","overlay-gradient":""},"tablet":{"background-color":"","background-image":"","background-repeat":"repeat","background-position":"center center","background-size":"auto","background-attachment":"scroll","background-type":"","background-media":"","overlay-type":"","overlay-color":"","overlay-opacity":"","overlay-gradient":""},"mobile":{"background-color":"","background-image":"","background-repeat":"repeat","background-position":"center center","background-size":"auto","background-attachment":"scroll","background-type":"","background-media":"","overlay-type":"","overlay-color":"","overlay-opacity":"","overlay-gradient":""}},"ast-content-background-meta":{"desktop":{"background-color":"var(--ast-global-color-5)","background-image":"","background-repeat":"repeat","background-position":"center center","background-size":"auto","background-attachment":"scroll","background-type":"","background-media":"","overlay-type":"","overlay-color":"","overlay-opacity":"","overlay-gradient":""},"tablet":{"background-color":"var(--ast-global-color-5)","background-image":"","background-repeat":"repeat","background-position":"center center","background-size":"auto","background-attachment":"scroll","background-type":"","background-media":"","overlay-type":"","overlay-color":"","overlay-opacity":"","overlay-gradient":""},"mobile":{"background-color":"var(--ast-global-color-5)","background-image":"","background-repeat":"repeat","background-position":"center center","background-size":"auto","background-attachment":"scroll","background-type":"","background-media":"","overlay-type":"","overlay-color":"","overlay-opacity":"","overlay-gradient":""}},"_jetpack_memberships_contains_paid_content":false,"_joinchat":[],"footnotes":""},"categories":[2234],"tags":[13877,1549,13922,12452],"class_list":["post-53115","post","type-post","status-publish","format-standard","has-post-thumbnail","hentry","category-policiales","tag-asociacion-ilicita","tag-estafa","tag-policias-detenidos","tag-zoe"],"yoast_head":"<!-- This site is optimized with the Yoast SEO plugin v26.8 - https:\/\/yoast.com\/product\/yoast-seo-wordpress\/ -->\n<title>[Caso ZOE] Tres de los diez detenidos son polic\u00edas - El Regional<\/title>\n<meta name=\"description\" content=\"Tres de los diez detenidos hasta el momento en la causa que se sigue contra el grupo financiero ZOE en Villa Mar\u00eda son efectivos policiales.\" \/>\n<meta name=\"robots\" content=\"index, follow, max-snippet:-1, max-image-preview:large, max-video-preview:-1\" \/>\n<link rel=\"canonical\" href=\"http:\/\/elregionalvm.com.ar\/noticias-villa-maria\/causa-zoe-tres-de-los-diez-detenidos-son-policias\/\" \/>\n<meta property=\"og:locale\" content=\"es_ES\" \/>\n<meta property=\"og:type\" content=\"article\" \/>\n<meta property=\"og:title\" content=\"[Caso ZOE] Tres de los diez detenidos son polic\u00edas - El Regional\" \/>\n<meta property=\"og:description\" content=\"Tres de los diez detenidos hasta el momento en la causa que se sigue contra el grupo financiero ZOE en Villa Mar\u00eda son efectivos policiales.\" \/>\n<meta property=\"og:url\" content=\"http:\/\/elregionalvm.com.ar\/noticias-villa-maria\/causa-zoe-tres-de-los-diez-detenidos-son-policias\/\" \/>\n<meta property=\"og:site_name\" content=\"El Regional\" \/>\n<meta property=\"article:publisher\" content=\"https:\/\/www.facebook.com\/elregionalvm\" \/>\n<meta property=\"article:published_time\" content=\"2022-02-23T14:43:49+00:00\" \/>\n<meta property=\"article:modified_time\" content=\"2022-02-25T02:51:36+00:00\" \/>\n<meta property=\"og:image\" content=\"http:\/\/elregionalvm.com.ar\/noticias-villa-maria\/wp-content\/uploads\/2022\/02\/Zoe-mujer-policia-detenida-Bolea.jpeg\" \/>\n\t<meta property=\"og:image:width\" content=\"1199\" \/>\n\t<meta property=\"og:image:height\" content=\"832\" \/>\n\t<meta property=\"og:image:type\" content=\"image\/jpeg\" \/>\n<meta name=\"author\" content=\"Contenidos El Regional\" \/>\n<meta name=\"twitter:card\" content=\"summary_large_image\" \/>\n<meta name=\"twitter:creator\" content=\"@elregionalvm1\" \/>\n<meta name=\"twitter:site\" content=\"@elregionalvm1\" \/>\n<meta name=\"twitter:label1\" content=\"Escrito por\" \/>\n\t<meta name=\"twitter:data1\" content=\"Contenidos El Regional\" \/>\n\t<meta name=\"twitter:label2\" content=\"Tiempo de lectura\" \/>\n\t<meta name=\"twitter:data2\" content=\"2 minutos\" \/>\n<script type=\"application\/ld+json\" class=\"yoast-schema-graph\">{\"@context\":\"https:\/\/schema.org\",\"@graph\":[{\"@type\":\"Article\",\"@id\":\"http:\/\/elregionalvm.com.ar\/noticias-villa-maria\/causa-zoe-tres-de-los-diez-detenidos-son-policias\/#article\",\"isPartOf\":{\"@id\":\"http:\/\/elregionalvm.com.ar\/noticias-villa-maria\/causa-zoe-tres-de-los-diez-detenidos-son-policias\/\"},\"author\":{\"name\":\"Contenidos El Regional\",\"@id\":\"http:\/\/elregionalvm.com.ar\/noticias-villa-maria\/#\/schema\/person\/a0fb9c422317faca23d50163151bc354\"},\"headline\":\"[Caso ZOE] Tres de los diez detenidos son polic\u00edas\",\"datePublished\":\"2022-02-23T14:43:49+00:00\",\"dateModified\":\"2022-02-25T02:51:36+00:00\",\"mainEntityOfPage\":{\"@id\":\"http:\/\/elregionalvm.com.ar\/noticias-villa-maria\/causa-zoe-tres-de-los-diez-detenidos-son-policias\/\"},\"wordCount\":290,\"commentCount\":0,\"image\":{\"@id\":\"http:\/\/elregionalvm.com.ar\/noticias-villa-maria\/causa-zoe-tres-de-los-diez-detenidos-son-policias\/#primaryimage\"},\"thumbnailUrl\":\"https:\/\/i0.wp.com\/elregionalvm.com.ar\/noticias-villa-maria\/wp-content\/uploads\/2022\/02\/Zoe-mujer-policia-detenida-Bolea.jpeg?fit=1199%2C832&ssl=1\",\"keywords\":[\"asociaci\u00f3n il\u00edcita\",\"estafa\",\"polic\u00edas detenidos\",\"Zoe\"],\"articleSection\":[\"Policiales\"],\"inLanguage\":\"es\",\"potentialAction\":[{\"@type\":\"CommentAction\",\"name\":\"Comment\",\"target\":[\"http:\/\/elregionalvm.com.ar\/noticias-villa-maria\/causa-zoe-tres-de-los-diez-detenidos-son-policias\/#respond\"]}]},{\"@type\":\"WebPage\",\"@id\":\"http:\/\/elregionalvm.com.ar\/noticias-villa-maria\/causa-zoe-tres-de-los-diez-detenidos-son-policias\/\",\"url\":\"http:\/\/elregionalvm.com.ar\/noticias-villa-maria\/causa-zoe-tres-de-los-diez-detenidos-son-policias\/\",\"name\":\"[Caso ZOE] Tres de los diez detenidos son polic\u00edas - El Regional\",\"isPartOf\":{\"@id\":\"http:\/\/elregionalvm.com.ar\/noticias-villa-maria\/#website\"},\"primaryImageOfPage\":{\"@id\":\"http:\/\/elregionalvm.com.ar\/noticias-villa-maria\/causa-zoe-tres-de-los-diez-detenidos-son-policias\/#primaryimage\"},\"image\":{\"@id\":\"http:\/\/elregionalvm.com.ar\/noticias-villa-maria\/causa-zoe-tres-de-los-diez-detenidos-son-policias\/#primaryimage\"},\"thumbnailUrl\":\"https:\/\/i0.wp.com\/elregionalvm.com.ar\/noticias-villa-maria\/wp-content\/uploads\/2022\/02\/Zoe-mujer-policia-detenida-Bolea.jpeg?fit=1199%2C832&ssl=1\",\"datePublished\":\"2022-02-23T14:43:49+00:00\",\"dateModified\":\"2022-02-25T02:51:36+00:00\",\"author\":{\"@id\":\"http:\/\/elregionalvm.com.ar\/noticias-villa-maria\/#\/schema\/person\/a0fb9c422317faca23d50163151bc354\"},\"description\":\"Tres de los diez detenidos hasta el momento en la causa que se sigue contra el grupo financiero ZOE en Villa Mar\u00eda son efectivos policiales.\",\"breadcrumb\":{\"@id\":\"http:\/\/elregionalvm.com.ar\/noticias-villa-maria\/causa-zoe-tres-de-los-diez-detenidos-son-policias\/#breadcrumb\"},\"inLanguage\":\"es\",\"potentialAction\":[{\"@type\":\"ReadAction\",\"target\":[\"http:\/\/elregionalvm.com.ar\/noticias-villa-maria\/causa-zoe-tres-de-los-diez-detenidos-son-policias\/\"]}]},{\"@type\":\"ImageObject\",\"inLanguage\":\"es\",\"@id\":\"http:\/\/elregionalvm.com.ar\/noticias-villa-maria\/causa-zoe-tres-de-los-diez-detenidos-son-policias\/#primaryimage\",\"url\":\"https:\/\/i0.wp.com\/elregionalvm.com.ar\/noticias-villa-maria\/wp-content\/uploads\/2022\/02\/Zoe-mujer-policia-detenida-Bolea.jpeg?fit=1199%2C832&ssl=1\",\"contentUrl\":\"https:\/\/i0.wp.com\/elregionalvm.com.ar\/noticias-villa-maria\/wp-content\/uploads\/2022\/02\/Zoe-mujer-policia-detenida-Bolea.jpeg?fit=1199%2C832&ssl=1\",\"width\":1199,\"height\":832},{\"@type\":\"BreadcrumbList\",\"@id\":\"http:\/\/elregionalvm.com.ar\/noticias-villa-maria\/causa-zoe-tres-de-los-diez-detenidos-son-policias\/#breadcrumb\",\"itemListElement\":[{\"@type\":\"ListItem\",\"position\":1,\"name\":\"Portada\",\"item\":\"https:\/\/elregionalvm.com.ar\/noticias-villa-maria\/\"},{\"@type\":\"ListItem\",\"position\":2,\"name\":\"[Caso ZOE] Tres de los diez detenidos son polic\u00edas\"}]},{\"@type\":\"WebSite\",\"@id\":\"http:\/\/elregionalvm.com.ar\/noticias-villa-maria\/#website\",\"url\":\"http:\/\/elregionalvm.com.ar\/noticias-villa-maria\/\",\"name\":\"El Regional\",\"description\":\"Mucho m\u00e1s que informaci\u00f3n\",\"potentialAction\":[{\"@type\":\"SearchAction\",\"target\":{\"@type\":\"EntryPoint\",\"urlTemplate\":\"http:\/\/elregionalvm.com.ar\/noticias-villa-maria\/?s={search_term_string}\"},\"query-input\":{\"@type\":\"PropertyValueSpecification\",\"valueRequired\":true,\"valueName\":\"search_term_string\"}}],\"inLanguage\":\"es\"},{\"@type\":\"Person\",\"@id\":\"http:\/\/elregionalvm.com.ar\/noticias-villa-maria\/#\/schema\/person\/a0fb9c422317faca23d50163151bc354\",\"name\":\"Contenidos El Regional\",\"image\":{\"@type\":\"ImageObject\",\"inLanguage\":\"es\",\"@id\":\"http:\/\/elregionalvm.com.ar\/noticias-villa-maria\/#\/schema\/person\/image\/\",\"url\":\"https:\/\/secure.gravatar.com\/avatar\/265b27cb2209af7bb3a1318f03305787d7981a5cc6e6cd08fe5a4ecdf99d4b48?s=96&d=mm&r=g\",\"contentUrl\":\"https:\/\/secure.gravatar.com\/avatar\/265b27cb2209af7bb3a1318f03305787d7981a5cc6e6cd08fe5a4ecdf99d4b48?s=96&d=mm&r=g\",\"caption\":\"Contenidos El Regional\"},\"url\":\"https:\/\/elregionalvm.com.ar\/noticias-villa-maria\/author\/contenido\/\"}]}<\/script>\n<!-- \/ Yoast SEO plugin. -->","yoast_head_json":{"title":"[Caso ZOE] Tres de los diez detenidos son polic\u00edas - El Regional","description":"Tres de los diez detenidos hasta el momento en la causa que se sigue contra el grupo financiero ZOE en Villa Mar\u00eda son efectivos policiales.","robots":{"index":"index","follow":"follow","max-snippet":"max-snippet:-1","max-image-preview":"max-image-preview:large","max-video-preview":"max-video-preview:-1"},"canonical":"http:\/\/elregionalvm.com.ar\/noticias-villa-maria\/causa-zoe-tres-de-los-diez-detenidos-son-policias\/","og_locale":"es_ES","og_type":"article","og_title":"[Caso ZOE] Tres de los diez detenidos son polic\u00edas - El Regional","og_description":"Tres de los diez detenidos hasta el momento en la causa que se sigue contra el grupo financiero ZOE en Villa Mar\u00eda son efectivos policiales.","og_url":"http:\/\/elregionalvm.com.ar\/noticias-villa-maria\/causa-zoe-tres-de-los-diez-detenidos-son-policias\/","og_site_name":"El Regional","article_publisher":"https:\/\/www.facebook.com\/elregionalvm","article_published_time":"2022-02-23T14:43:49+00:00","article_modified_time":"2022-02-25T02:51:36+00:00","og_image":[{"width":1199,"height":832,"url":"http:\/\/elregionalvm.com.ar\/noticias-villa-maria\/wp-content\/uploads\/2022\/02\/Zoe-mujer-policia-detenida-Bolea.jpeg","type":"image\/jpeg"}],"author":"Contenidos El Regional","twitter_card":"summary_large_image","twitter_creator":"@elregionalvm1","twitter_site":"@elregionalvm1","twitter_misc":{"Escrito por":"Contenidos El Regional","Tiempo de lectura":"2 minutos"},"schema":{"@context":"https:\/\/schema.org","@graph":[{"@type":"Article","@id":"http:\/\/elregionalvm.com.ar\/noticias-villa-maria\/causa-zoe-tres-de-los-diez-detenidos-son-policias\/#article","isPartOf":{"@id":"http:\/\/elregionalvm.com.ar\/noticias-villa-maria\/causa-zoe-tres-de-los-diez-detenidos-son-policias\/"},"author":{"name":"Contenidos El Regional","@id":"http:\/\/elregionalvm.com.ar\/noticias-villa-maria\/#\/schema\/person\/a0fb9c422317faca23d50163151bc354"},"headline":"[Caso ZOE] Tres de los diez detenidos son polic\u00edas","datePublished":"2022-02-23T14:43:49+00:00","dateModified":"2022-02-25T02:51:36+00:00","mainEntityOfPage":{"@id":"http:\/\/elregionalvm.com.ar\/noticias-villa-maria\/causa-zoe-tres-de-los-diez-detenidos-son-policias\/"},"wordCount":290,"commentCount":0,"image":{"@id":"http:\/\/elregionalvm.com.ar\/noticias-villa-maria\/causa-zoe-tres-de-los-diez-detenidos-son-policias\/#primaryimage"},"thumbnailUrl":"https:\/\/i0.wp.com\/elregionalvm.com.ar\/noticias-villa-maria\/wp-content\/uploads\/2022\/02\/Zoe-mujer-policia-detenida-Bolea.jpeg?fit=1199%2C832&ssl=1","keywords":["asociaci\u00f3n il\u00edcita","estafa","polic\u00edas detenidos","Zoe"],"articleSection":["Policiales"],"inLanguage":"es","potentialAction":[{"@type":"CommentAction","name":"Comment","target":["http:\/\/elregionalvm.com.ar\/noticias-villa-maria\/causa-zoe-tres-de-los-diez-detenidos-son-policias\/#respond"]}]},{"@type":"WebPage","@id":"http:\/\/elregionalvm.com.ar\/noticias-villa-maria\/causa-zoe-tres-de-los-diez-detenidos-son-policias\/","url":"http:\/\/elregionalvm.com.ar\/noticias-villa-maria\/causa-zoe-tres-de-los-diez-detenidos-son-policias\/","name":"[Caso ZOE] Tres de los diez detenidos son polic\u00edas - El Regional","isPartOf":{"@id":"http:\/\/elregionalvm.com.ar\/noticias-villa-maria\/#website"},"primaryImageOfPage":{"@id":"http:\/\/elregionalvm.com.ar\/noticias-villa-maria\/causa-zoe-tres-de-los-diez-detenidos-son-policias\/#primaryimage"},"image":{"@id":"http:\/\/elregionalvm.com.ar\/noticias-villa-maria\/causa-zoe-tres-de-los-diez-detenidos-son-policias\/#primaryimage"},"thumbnailUrl":"https:\/\/i0.wp.com\/elregionalvm.com.ar\/noticias-villa-maria\/wp-content\/uploads\/2022\/02\/Zoe-mujer-policia-detenida-Bolea.jpeg?fit=1199%2C832&ssl=1","datePublished":"2022-02-23T14:43:49+00:00","dateModified":"2022-02-25T02:51:36+00:00","author":{"@id":"http:\/\/elregionalvm.com.ar\/noticias-villa-maria\/#\/schema\/person\/a0fb9c422317faca23d50163151bc354"},"description":"Tres de los diez detenidos hasta el momento en la causa que se sigue contra el grupo financiero ZOE en Villa Mar\u00eda son efectivos policiales.","breadcrumb":{"@id":"http:\/\/elregionalvm.com.ar\/noticias-villa-maria\/causa-zoe-tres-de-los-diez-detenidos-son-policias\/#breadcrumb"},"inLanguage":"es","potentialAction":[{"@type":"ReadAction","target":["http:\/\/elregionalvm.com.ar\/noticias-villa-maria\/causa-zoe-tres-de-los-diez-detenidos-son-policias\/"]}]},{"@type":"ImageObject","inLanguage":"es","@id":"http:\/\/elregionalvm.com.ar\/noticias-villa-maria\/causa-zoe-tres-de-los-diez-detenidos-son-policias\/#primaryimage","url":"https:\/\/i0.wp.com\/elregionalvm.com.ar\/noticias-villa-maria\/wp-content\/uploads\/2022\/02\/Zoe-mujer-policia-detenida-Bolea.jpeg?fit=1199%2C832&ssl=1","contentUrl":"https:\/\/i0.wp.com\/elregionalvm.com.ar\/noticias-villa-maria\/wp-content\/uploads\/2022\/02\/Zoe-mujer-policia-detenida-Bolea.jpeg?fit=1199%2C832&ssl=1","width":1199,"height":832},{"@type":"BreadcrumbList","@id":"http:\/\/elregionalvm.com.ar\/noticias-villa-maria\/causa-zoe-tres-de-los-diez-detenidos-son-policias\/#breadcrumb","itemListElement":[{"@type":"ListItem","position":1,"name":"Portada","item":"https:\/\/elregionalvm.com.ar\/noticias-villa-maria\/"},{"@type":"ListItem","position":2,"name":"[Caso ZOE] Tres de los diez detenidos son polic\u00edas"}]},{"@type":"WebSite","@id":"http:\/\/elregionalvm.com.ar\/noticias-villa-maria\/#website","url":"http:\/\/elregionalvm.com.ar\/noticias-villa-maria\/","name":"El Regional","description":"Mucho m\u00e1s que informaci\u00f3n","potentialAction":[{"@type":"SearchAction","target":{"@type":"EntryPoint","urlTemplate":"http:\/\/elregionalvm.com.ar\/noticias-villa-maria\/?s={search_term_string}"},"query-input":{"@type":"PropertyValueSpecification","valueRequired":true,"valueName":"search_term_string"}}],"inLanguage":"es"},{"@type":"Person","@id":"http:\/\/elregionalvm.com.ar\/noticias-villa-maria\/#\/schema\/person\/a0fb9c422317faca23d50163151bc354","name":"Contenidos El Regional","image":{"@type":"ImageObject","inLanguage":"es","@id":"http:\/\/elregionalvm.com.ar\/noticias-villa-maria\/#\/schema\/person\/image\/","url":"https:\/\/secure.gravatar.com\/avatar\/265b27cb2209af7bb3a1318f03305787d7981a5cc6e6cd08fe5a4ecdf99d4b48?s=96&d=mm&r=g","contentUrl":"https:\/\/secure.gravatar.com\/avatar\/265b27cb2209af7bb3a1318f03305787d7981a5cc6e6cd08fe5a4ecdf99d4b48?s=96&d=mm&r=g","caption":"Contenidos El Regional"},"url":"https:\/\/elregionalvm.com.ar\/noticias-villa-maria\/author\/contenido\/"}]}},"jetpack_featured_media_url":"https:\/\/i0.wp.com\/elregionalvm.com.ar\/noticias-villa-maria\/wp-content\/uploads\/2022\/02\/Zoe-mujer-policia-detenida-Bolea.jpeg?fit=1199%2C832&ssl=1","jetpack_sharing_enabled":true,"_links":{"self":[{"href":"https:\/\/elregionalvm.com.ar\/noticias-villa-maria\/wp-json\/wp\/v2\/posts\/53115","targetHints":{"allow":["GET"]}}],"collection":[{"href":"https:\/\/elregionalvm.com.ar\/noticias-villa-maria\/wp-json\/wp\/v2\/posts"}],"about":[{"href":"https:\/\/elregionalvm.com.ar\/noticias-villa-maria\/wp-json\/wp\/v2\/types\/post"}],"author":[{"embeddable":true,"href":"https:\/\/elregionalvm.com.ar\/noticias-villa-maria\/wp-json\/wp\/v2\/users\/4"}],"replies":[{"embeddable":true,"href":"https:\/\/elregionalvm.com.ar\/noticias-villa-maria\/wp-json\/wp\/v2\/comments?post=53115"}],"version-history":[{"count":4,"href":"https:\/\/elregionalvm.com.ar\/noticias-villa-maria\/wp-json\/wp\/v2\/posts\/53115\/revisions"}],"predecessor-version":[{"id":53168,"href":"https:\/\/elregionalvm.com.ar\/noticias-villa-maria\/wp-json\/wp\/v2\/posts\/53115\/revisions\/53168"}],"wp:featuredmedia":[{"embeddable":true,"href":"https:\/\/elregionalvm.com.ar\/noticias-villa-maria\/wp-json\/wp\/v2\/media\/53131"}],"wp:attachment":[{"href":"https:\/\/elregionalvm.com.ar\/noticias-villa-maria\/wp-json\/wp\/v2\/media?parent=53115"}],"wp:term":[{"taxonomy":"category","embeddable":true,"href":"https:\/\/elregionalvm.com.ar\/noticias-villa-maria\/wp-json\/wp\/v2\/categories?post=53115"},{"taxonomy":"post_tag","embeddable":true,"href":"https:\/\/elregionalvm.com.ar\/noticias-villa-maria\/wp-json\/wp\/v2\/tags?post=53115"}],"curies":[{"name":"wp","href":"https:\/\/api.w.org\/{rel}","templated":true}]}}