{"id":53118,"date":"2022-02-23T17:33:08","date_gmt":"2022-02-23T17:33:08","guid":{"rendered":"https:\/\/elregionalvm.com.ar\/noticias-villa-maria\/?p=53118"},"modified":"2022-02-25T14:56:09","modified_gmt":"2022-02-25T14:56:09","slug":"caso-zoe-fiscal-companys-quienes-reclutaban-gente-conociendo-el-engano-van-a-ser-detenidas-por-estafa","status":"publish","type":"post","link":"https:\/\/elregionalvm.com.ar\/noticias-villa-maria\/caso-zoe-fiscal-companys-quienes-reclutaban-gente-conociendo-el-engano-van-a-ser-detenidas-por-estafa\/","title":{"rendered":"[Caso Zoe] Fiscal Companys: \u201cQuienes reclutaban gente conociendo el enga\u00f1o van a ser detenidas por estafa\u201d"},"content":{"rendered":"\n<p><\/p>\n\n\n\n<p>La fiscal Juliana Companys brind\u00f3 una conferencia de prensa en una sala de Tribunales para informar sobre el avance de la investigaci\u00f3n en el caso Generaci\u00f3n Zoe.<\/p>\n\n\n\n<p><\/p>\n\n\n\n<ul class=\"wp-block-list\"><li><strong>Mir\u00e1 el video o continu\u00e1 leyendo: <\/strong><\/li><\/ul>\n\n\n\n<p><\/p>\n\n\n\n<figure class=\"wp-block-embed is-type-video is-provider-youtube wp-block-embed-youtube wp-embed-aspect-16-9 wp-has-aspect-ratio\"><div class=\"wp-block-embed__wrapper\">\n<iframe title=\"Caso ZOE: La fiscal Juliana Companys ofreci\u00f3 detalles de las nuevas detenciones y allanamientos\" width=\"500\" height=\"281\" src=\"https:\/\/www.youtube.com\/embed\/KBV39uBh4No?feature=oembed\" frameborder=\"0\" allow=\"accelerometer; autoplay; clipboard-write; encrypted-media; gyroscope; picture-in-picture; web-share\" referrerpolicy=\"strict-origin-when-cross-origin\" allowfullscreen><\/iframe>\n<\/div><\/figure>\n\n\n\n<p><\/p>\n\n\n\n<p><\/p>\n\n\n\n<p>En este sentido, inform\u00f3 que este mi\u00e9rcoles 23 de febrero, se realizaron 7 nuevos allanamientos en la ciudad con resultados positivos y se logr\u00f3 la detenci\u00f3n de cuatro personas.<\/p>\n\n\n\n<p>Se trata de Ren\u00e9 Germ\u00e1n Udrizan, Mart\u00edn Pereyra, Juliana Bolea y Agust\u00edn Pereno, quien se present\u00f3 en la Unidad Judicial por propia voluntad mientras se desarrollaban los operativos.<\/p>\n\n\n\n<p>Adem\u00e1s, remarc\u00f3 que se procedi\u00f3 al secuestro de \u201cimportante documentaci\u00f3n y dos autos\u201d.<\/p>\n\n\n\n<p>En tanto, sostuvo que hoy se realiz\u00f3 el traslado del contador Norman Pr\u00f3spero, detenido en Buenos Aires, tarea a cargo del grupo \u00c9ter de la Polic\u00eda.<\/p>\n\n\n\n<p><\/p>\n\n\n\n<figure class=\"wp-block-image size-large\"><img data-recalc-dims=\"1\" fetchpriority=\"high\" decoding=\"async\" width=\"1024\" height=\"640\" src=\"https:\/\/i0.wp.com\/elregionalvm.com.ar\/noticias-villa-maria\/wp-content\/uploads\/2022\/02\/Fiscal-Companys-Zoe-conferencia-2022.jpg?resize=1024%2C640&#038;ssl=1\" alt=\"\" class=\"wp-image-53121\" srcset=\"https:\/\/i0.wp.com\/elregionalvm.com.ar\/noticias-villa-maria\/wp-content\/uploads\/2022\/02\/Fiscal-Companys-Zoe-conferencia-2022.jpg?resize=1024%2C640&amp;ssl=1 1024w, https:\/\/i0.wp.com\/elregionalvm.com.ar\/noticias-villa-maria\/wp-content\/uploads\/2022\/02\/Fiscal-Companys-Zoe-conferencia-2022.jpg?resize=300%2C188&amp;ssl=1 300w, https:\/\/i0.wp.com\/elregionalvm.com.ar\/noticias-villa-maria\/wp-content\/uploads\/2022\/02\/Fiscal-Companys-Zoe-conferencia-2022.jpg?resize=768%2C480&amp;ssl=1 768w, https:\/\/i0.wp.com\/elregionalvm.com.ar\/noticias-villa-maria\/wp-content\/uploads\/2022\/02\/Fiscal-Companys-Zoe-conferencia-2022.jpg?w=1200&amp;ssl=1 1200w\" sizes=\"(max-width: 1000px) 100vw, 1000px\" \/><figcaption><em>El caso ZOE tiene una amplia repercusi\u00f3n medi\u00e1tica. Es la primera conferencia que da la fiscal Companys. <\/em><\/figcaption><\/figure>\n\n\n\n<p><\/p>\n\n\n\n<p><strong>Detenciones y secuestro<\/strong><\/p>\n\n\n\n<p>\u201cEstas detenciones se suman a las seis, con un total de diez detenidos con la causa Generaci\u00f3n Zoe y sus diversas empresas, cinco autos secuestrados y pedido de captura de siete personas, que est\u00e1n siendo intensamente buscadas\u201d, dijo Companys.<\/p>\n\n\n\n<p>Adem\u00e1s, en los diversos operativos se secuestr\u00f3 computadoras, celulares y dinero.<\/p>\n\n\n\n<p>Los detenidos hasta el momento ser\u00e1n indagados la semana pr\u00f3xima, adelant\u00f3. Estas personas no presentar\u00edan antecedentes judiciales.<\/p>\n\n\n\n<p>\u201cEs una investigaci\u00f3n con mucha solidez en cuanto a pruebas, d\u00eda a d\u00eda van surgiendo nuevos hechos, nuevas pruebas que nos llevan a hacer m\u00e1s allanamientos y detenciones. La Fiscal\u00eda General nos ha prestado toda la colaboraci\u00f3n y respaldo total para la investigaci\u00f3n\u201d, destac\u00f3 la funcionaria judicial.<\/p>\n\n\n\n<p><\/p>\n\n\n\n<figure class=\"wp-block-image size-full\"><img data-recalc-dims=\"1\" decoding=\"async\" width=\"940\" height=\"529\" src=\"https:\/\/i0.wp.com\/elregionalvm.com.ar\/noticias-villa-maria\/wp-content\/uploads\/2022\/02\/ZOE-nuevos-allanamientos.jpg?resize=940%2C529&#038;ssl=1\" alt=\"\" class=\"wp-image-53105\" srcset=\"https:\/\/i0.wp.com\/elregionalvm.com.ar\/noticias-villa-maria\/wp-content\/uploads\/2022\/02\/ZOE-nuevos-allanamientos.jpg?w=940&amp;ssl=1 940w, https:\/\/i0.wp.com\/elregionalvm.com.ar\/noticias-villa-maria\/wp-content\/uploads\/2022\/02\/ZOE-nuevos-allanamientos.jpg?resize=300%2C169&amp;ssl=1 300w, https:\/\/i0.wp.com\/elregionalvm.com.ar\/noticias-villa-maria\/wp-content\/uploads\/2022\/02\/ZOE-nuevos-allanamientos.jpg?resize=768%2C432&amp;ssl=1 768w\" sizes=\"(max-width: 940px) 100vw, 940px\" \/><figcaption><em>Documentaci\u00f3n, dinero y computadores, entre los elementos secuestrados en los allanamientos (MPF). <\/em><\/figcaption><\/figure>\n\n\n\n<p><\/p>\n\n\n\n<p><strong>Nuevas denuncias<\/strong><\/p>\n\n\n\n<p>Companys no pudo precisar la cantidad de denuncias que ingresan a Fiscal\u00eda ni el n\u00famero de damnificados. Tampoco el monto total al que ascender\u00eda la presunta estafa de ZOE.<\/p>\n\n\n\n<p>\u201cD\u00eda a d\u00eda se receptan nuevas denuncias, no se puede precisar la cantidad. Incluso, hay denuncias telef\u00f3nicas, tambi\u00e9n de otras zonas\u201d, precis\u00f3.<\/p>\n\n\n\n<p>En tanto, evit\u00f3 dar precisiones sobre el v\u00ednculo entre los detenidos y Cositorto, adem\u00e1s del rol que cumplieron los agentes policiales aprehendidos en el marco de la causa, debido al secreto de sumario.<\/p>\n\n\n\n<p><\/p>\n\n\n\n<figure class=\"wp-block-image size-full\"><img data-recalc-dims=\"1\" decoding=\"async\" width=\"767\" height=\"540\" src=\"https:\/\/i0.wp.com\/elregionalvm.com.ar\/noticias-villa-maria\/wp-content\/uploads\/2022\/02\/Zoe-Norman-Prospero-contador-trasladado.jpeg?resize=767%2C540&#038;ssl=1\" alt=\"\" class=\"wp-image-53132\" srcset=\"https:\/\/i0.wp.com\/elregionalvm.com.ar\/noticias-villa-maria\/wp-content\/uploads\/2022\/02\/Zoe-Norman-Prospero-contador-trasladado.jpeg?w=767&amp;ssl=1 767w, https:\/\/i0.wp.com\/elregionalvm.com.ar\/noticias-villa-maria\/wp-content\/uploads\/2022\/02\/Zoe-Norman-Prospero-contador-trasladado.jpeg?resize=300%2C211&amp;ssl=1 300w\" sizes=\"(max-width: 767px) 100vw, 767px\" \/><\/figure>\n\n\n\n<p><em>El contador de ZOE fue trasladado desde Buenos Aires a C\u00f3rdoba. <\/em><\/p>\n\n\n\n<p><\/p>\n\n\n\n<p><\/p>\n\n\n\n<ul class=\"wp-block-list\"><li><strong>Le\u00e9 m\u00e1s: <\/strong><\/li><\/ul>\n\n\n\n<p><\/p>\n\n\n\n<figure class=\"wp-block-embed is-type-wp-embed is-provider-el-regional wp-block-embed-el-regional\"><div class=\"wp-block-embed__wrapper\">\n<blockquote class=\"wp-embedded-content\" data-secret=\"NioQVgOPNg\"><a href=\"https:\/\/elregionalvm.com.ar\/noticias-villa-maria\/causa-zoe-tres-de-los-diez-detenidos-son-policias\/\">[Caso ZOE] Tres de los diez detenidos son polic\u00edas<\/a><\/blockquote><iframe class=\"wp-embedded-content\" sandbox=\"allow-scripts\" security=\"restricted\" style=\"position: absolute; clip: rect(1px, 1px, 1px, 1px);\" title=\"\u00ab[Caso ZOE] Tres de los diez detenidos son polic\u00edas\u00bb \u2014 El Regional\" src=\"https:\/\/elregionalvm.com.ar\/noticias-villa-maria\/causa-zoe-tres-de-los-diez-detenidos-son-policias\/embed\/#?secret=BaIJkRhibv#?secret=NioQVgOPNg\" data-secret=\"NioQVgOPNg\" width=\"500\" height=\"282\" frameborder=\"0\" marginwidth=\"0\" marginheight=\"0\" scrolling=\"no\"><\/iframe>\n<\/div><\/figure>\n\n\n\n<p><strong>El enga\u00f1o<\/strong><\/p>\n\n\n\n<p>La fiscal aclar\u00f3 que la modalidad delictiva de ZOE ten\u00eda que ver con \u201cel ardid y enga\u00f1o de generar empresas y llevar a la gente a invertir en algo que no era viable\u201d.<\/p>\n\n\n\n<p>En este sentido, subray\u00f3 que quienes confiaron en el grupo financiero \u201cseguir\u00e1n siendo v\u00edctimas\u201d, mientras que quienes \u201creclutaban gente conociendo el ardid o enga\u00f1o van a ser detenidas por estafa\u201d.<\/p>\n\n\n\n<p><\/p>\n\n\n\n<figure class=\"wp-block-image size-large is-resized\"><img data-recalc-dims=\"1\" loading=\"lazy\" decoding=\"async\" src=\"https:\/\/i0.wp.com\/elregionalvm.com.ar\/noticias-villa-maria\/wp-content\/uploads\/2022\/01\/Cositorto-Zoe-horizontal.jpg?resize=854%2C480&#038;ssl=1\" alt=\"\" class=\"wp-image-51615\" width=\"854\" height=\"480\" srcset=\"https:\/\/i0.wp.com\/elregionalvm.com.ar\/noticias-villa-maria\/wp-content\/uploads\/2022\/01\/Cositorto-Zoe-horizontal.jpg?resize=1024%2C576&amp;ssl=1 1024w, https:\/\/i0.wp.com\/elregionalvm.com.ar\/noticias-villa-maria\/wp-content\/uploads\/2022\/01\/Cositorto-Zoe-horizontal.jpg?resize=300%2C169&amp;ssl=1 300w, https:\/\/i0.wp.com\/elregionalvm.com.ar\/noticias-villa-maria\/wp-content\/uploads\/2022\/01\/Cositorto-Zoe-horizontal.jpg?resize=768%2C432&amp;ssl=1 768w, https:\/\/i0.wp.com\/elregionalvm.com.ar\/noticias-villa-maria\/wp-content\/uploads\/2022\/01\/Cositorto-Zoe-horizontal.jpg?w=1280&amp;ssl=1 1280w\" sizes=\"(max-width: 854px) 100vw, 854px\" \/><figcaption><em>Hay siete personas pr\u00f3fugas, entre ellas, el l\u00edder de ZOE, Leonardo Cositorto. <\/em><\/figcaption><\/figure>\n\n\n\n<p><\/p>\n\n\n\n<p><strong>Los pr\u00f3fugos<\/strong><\/p>\n\n\n\n<p>Consultada por <strong><a href=\"http:\/\/www.elregionalvm.com.ar\">EL REGIONAL<\/a><\/strong> respecto de avances en la b\u00fasqueda de Cositorto y el resto de los pr\u00f3fugos, manifest\u00f3 que \u201cBatista habr\u00eda ingresado a Amsterdan seg\u00fan Interpol\u201d, al tiempo que asinti\u00f3 cuando se hizo referencia a las versiones que sostienen que Cositorto estar\u00eda en Rep\u00fablica Dominicana.<\/p>\n\n\n\n<p>\u201cEstamos en contacto con fiscales de otros pa\u00edses en el marco de la investigaci\u00f3n\u201d, acot\u00f3 Companys.<\/p>\n","protected":false},"excerpt":{"rendered":"<p>La fiscal Juliana Companys brind\u00f3 una conferencia de prensa en una sala de Tribunales para informar sobre el avance de la investigaci\u00f3n en el caso Generaci\u00f3n Zoe. Mir\u00e1 el video o continu\u00e1 leyendo: En este sentido, inform\u00f3 que este mi\u00e9rcoles 23 de febrero, se realizaron 7 nuevos allanamientos en la ciudad con resultados positivos y [&hellip;]<\/p>\n","protected":false},"author":6,"featured_media":53125,"comment_status":"open","ping_status":"open","sticky":false,"template":"","format":"standard","meta":{"site-sidebar-layout":"default","site-content-layout":"default","ast-site-content-layout":"default","site-content-style":"default","site-sidebar-style":"default","ast-global-header-display":"","ast-banner-title-visibility":"","ast-main-header-display":"","ast-hfb-above-header-display":"","ast-hfb-below-header-display":"","ast-hfb-mobile-header-display":"","site-post-title":"","ast-breadcrumbs-content":"","ast-featured-img":"","footer-sml-layout":"","ast-disable-related-posts":"","theme-transparent-header-meta":"default","adv-header-id-meta":"","stick-header-meta":"","header-above-stick-meta":"","header-main-stick-meta":"","header-below-stick-meta":"","astra-migrate-meta-layouts":"default","ast-page-background-enabled":"default","ast-page-background-meta":{"desktop":{"background-color":"","background-image":"","background-repeat":"repeat","background-position":"center center","background-size":"auto","background-attachment":"scroll","background-type":"","background-media":"","overlay-type":"","overlay-color":"","overlay-opacity":"","overlay-gradient":""},"tablet":{"background-color":"","background-image":"","background-repeat":"repeat","background-position":"center center","background-size":"auto","background-attachment":"scroll","background-type":"","background-media":"","overlay-type":"","overlay-color":"","overlay-opacity":"","overlay-gradient":""},"mobile":{"background-color":"","background-image":"","background-repeat":"repeat","background-position":"center center","background-size":"auto","background-attachment":"scroll","background-type":"","background-media":"","overlay-type":"","overlay-color":"","overlay-opacity":"","overlay-gradient":""}},"ast-content-background-meta":{"desktop":{"background-color":"var(--ast-global-color-5)","background-image":"","background-repeat":"repeat","background-position":"center center","background-size":"auto","background-attachment":"scroll","background-type":"","background-media":"","overlay-type":"","overlay-color":"","overlay-opacity":"","overlay-gradient":""},"tablet":{"background-color":"var(--ast-global-color-5)","background-image":"","background-repeat":"repeat","background-position":"center center","background-size":"auto","background-attachment":"scroll","background-type":"","background-media":"","overlay-type":"","overlay-color":"","overlay-opacity":"","overlay-gradient":""},"mobile":{"background-color":"var(--ast-global-color-5)","background-image":"","background-repeat":"repeat","background-position":"center center","background-size":"auto","background-attachment":"scroll","background-type":"","background-media":"","overlay-type":"","overlay-color":"","overlay-opacity":"","overlay-gradient":""}},"_jetpack_memberships_contains_paid_content":false,"_joinchat":[],"footnotes":""},"categories":[2234,3557,2074],"tags":[532,13877,6069,6895,2414,13793,1549,2471,13269,6686,13835,12452],"class_list":["post-53118","post","type-post","status-publish","format-standard","has-post-thumbnail","hentry","category-policiales","category-tercera","category-videos","tag-allanamientos","tag-asociacion-ilicita","tag-conferencia","tag-denuncias","tag-detenidos","tag-engano","tag-estafa","tag-fiscal-companys","tag-generacion-zoe","tag-inversion","tag-leonardo-cositorto","tag-zoe"],"yoast_head":"<!-- This site is optimized with the Yoast SEO plugin v26.8 - https:\/\/yoast.com\/product\/yoast-seo-wordpress\/ -->\n<title>[Caso Zoe] Fiscal Companys: \u201cQuienes reclutaban gente conociendo el enga\u00f1o van a ser detenidas por estafa\u201d - El Regional<\/title>\n<meta name=\"description\" content=\"La fiscal Juliana Companys brind\u00f3 una conferencia de prensa para informar sobre el avance de la investigaci\u00f3n en el caso Generaci\u00f3n Zoe.\" \/>\n<meta name=\"robots\" content=\"index, follow, max-snippet:-1, max-image-preview:large, max-video-preview:-1\" \/>\n<link rel=\"canonical\" href=\"http:\/\/elregionalvm.com.ar\/noticias-villa-maria\/caso-zoe-fiscal-companys-quienes-reclutaban-gente-conociendo-el-engano-van-a-ser-detenidas-por-estafa\/\" \/>\n<meta property=\"og:locale\" content=\"es_ES\" \/>\n<meta property=\"og:type\" content=\"article\" \/>\n<meta property=\"og:title\" content=\"[Caso Zoe] Fiscal Companys: \u201cQuienes reclutaban gente conociendo el enga\u00f1o van a ser detenidas por estafa\u201d - El Regional\" \/>\n<meta property=\"og:description\" content=\"La fiscal Juliana Companys brind\u00f3 una conferencia de prensa para informar sobre el avance de la investigaci\u00f3n en el caso Generaci\u00f3n Zoe.\" \/>\n<meta property=\"og:url\" content=\"http:\/\/elregionalvm.com.ar\/noticias-villa-maria\/caso-zoe-fiscal-companys-quienes-reclutaban-gente-conociendo-el-engano-van-a-ser-detenidas-por-estafa\/\" \/>\n<meta property=\"og:site_name\" content=\"El Regional\" \/>\n<meta property=\"article:publisher\" content=\"https:\/\/www.facebook.com\/elregionalvm\" \/>\n<meta property=\"article:published_time\" content=\"2022-02-23T17:33:08+00:00\" \/>\n<meta property=\"article:modified_time\" content=\"2022-02-25T14:56:09+00:00\" \/>\n<meta property=\"og:image\" content=\"http:\/\/elregionalvm.com.ar\/noticias-villa-maria\/wp-content\/uploads\/2022\/02\/Fiscal-companys-vertical-1.jpg\" \/>\n\t<meta property=\"og:image:width\" content=\"853\" \/>\n\t<meta property=\"og:image:height\" content=\"1336\" \/>\n\t<meta property=\"og:image:type\" content=\"image\/jpeg\" \/>\n<meta name=\"author\" content=\"Germ\u00e1n Giacchero\" \/>\n<meta name=\"twitter:card\" content=\"summary_large_image\" \/>\n<meta name=\"twitter:creator\" content=\"@elregionalvm1\" \/>\n<meta name=\"twitter:site\" content=\"@elregionalvm1\" \/>\n<meta name=\"twitter:label1\" content=\"Escrito por\" \/>\n\t<meta name=\"twitter:data1\" content=\"Germ\u00e1n Giacchero\" \/>\n\t<meta name=\"twitter:label2\" content=\"Tiempo de lectura\" \/>\n\t<meta name=\"twitter:data2\" content=\"4 minutos\" \/>\n<script type=\"application\/ld+json\" class=\"yoast-schema-graph\">{\"@context\":\"https:\/\/schema.org\",\"@graph\":[{\"@type\":\"Article\",\"@id\":\"http:\/\/elregionalvm.com.ar\/noticias-villa-maria\/caso-zoe-fiscal-companys-quienes-reclutaban-gente-conociendo-el-engano-van-a-ser-detenidas-por-estafa\/#article\",\"isPartOf\":{\"@id\":\"http:\/\/elregionalvm.com.ar\/noticias-villa-maria\/caso-zoe-fiscal-companys-quienes-reclutaban-gente-conociendo-el-engano-van-a-ser-detenidas-por-estafa\/\"},\"author\":{\"name\":\"Germ\u00e1n Giacchero\",\"@id\":\"http:\/\/elregionalvm.com.ar\/noticias-villa-maria\/#\/schema\/person\/d5e4b04966154131701e52c45d3efec9\"},\"headline\":\"[Caso Zoe] Fiscal Companys: \u201cQuienes reclutaban gente conociendo el enga\u00f1o van a ser detenidas por estafa\u201d\",\"datePublished\":\"2022-02-23T17:33:08+00:00\",\"dateModified\":\"2022-02-25T14:56:09+00:00\",\"mainEntityOfPage\":{\"@id\":\"http:\/\/elregionalvm.com.ar\/noticias-villa-maria\/caso-zoe-fiscal-companys-quienes-reclutaban-gente-conociendo-el-engano-van-a-ser-detenidas-por-estafa\/\"},\"wordCount\":597,\"commentCount\":0,\"image\":{\"@id\":\"http:\/\/elregionalvm.com.ar\/noticias-villa-maria\/caso-zoe-fiscal-companys-quienes-reclutaban-gente-conociendo-el-engano-van-a-ser-detenidas-por-estafa\/#primaryimage\"},\"thumbnailUrl\":\"https:\/\/i0.wp.com\/elregionalvm.com.ar\/noticias-villa-maria\/wp-content\/uploads\/2022\/02\/Fiscal-companys-vertical-1.jpg?fit=853%2C1336&ssl=1\",\"keywords\":[\"Allanamientos\",\"asociaci\u00f3n il\u00edcita\",\"conferencia\",\"denuncias\",\"detenidos\",\"enga\u00f1o\",\"estafa\",\"Fiscal Companys\",\"Generaci\u00f3n Zoe\",\"Inversi\u00f3n\",\"Leonardo Cositorto\",\"Zoe\"],\"articleSection\":[\"Policiales\",\"tercera\",\"Videos\"],\"inLanguage\":\"es\",\"potentialAction\":[{\"@type\":\"CommentAction\",\"name\":\"Comment\",\"target\":[\"http:\/\/elregionalvm.com.ar\/noticias-villa-maria\/caso-zoe-fiscal-companys-quienes-reclutaban-gente-conociendo-el-engano-van-a-ser-detenidas-por-estafa\/#respond\"]}]},{\"@type\":\"WebPage\",\"@id\":\"http:\/\/elregionalvm.com.ar\/noticias-villa-maria\/caso-zoe-fiscal-companys-quienes-reclutaban-gente-conociendo-el-engano-van-a-ser-detenidas-por-estafa\/\",\"url\":\"http:\/\/elregionalvm.com.ar\/noticias-villa-maria\/caso-zoe-fiscal-companys-quienes-reclutaban-gente-conociendo-el-engano-van-a-ser-detenidas-por-estafa\/\",\"name\":\"[Caso Zoe] Fiscal Companys: \u201cQuienes reclutaban gente conociendo el enga\u00f1o van a ser detenidas por estafa\u201d - El Regional\",\"isPartOf\":{\"@id\":\"http:\/\/elregionalvm.com.ar\/noticias-villa-maria\/#website\"},\"primaryImageOfPage\":{\"@id\":\"http:\/\/elregionalvm.com.ar\/noticias-villa-maria\/caso-zoe-fiscal-companys-quienes-reclutaban-gente-conociendo-el-engano-van-a-ser-detenidas-por-estafa\/#primaryimage\"},\"image\":{\"@id\":\"http:\/\/elregionalvm.com.ar\/noticias-villa-maria\/caso-zoe-fiscal-companys-quienes-reclutaban-gente-conociendo-el-engano-van-a-ser-detenidas-por-estafa\/#primaryimage\"},\"thumbnailUrl\":\"https:\/\/i0.wp.com\/elregionalvm.com.ar\/noticias-villa-maria\/wp-content\/uploads\/2022\/02\/Fiscal-companys-vertical-1.jpg?fit=853%2C1336&ssl=1\",\"datePublished\":\"2022-02-23T17:33:08+00:00\",\"dateModified\":\"2022-02-25T14:56:09+00:00\",\"author\":{\"@id\":\"http:\/\/elregionalvm.com.ar\/noticias-villa-maria\/#\/schema\/person\/d5e4b04966154131701e52c45d3efec9\"},\"description\":\"La fiscal Juliana Companys brind\u00f3 una conferencia de prensa para informar sobre el avance de la investigaci\u00f3n en el caso Generaci\u00f3n Zoe.\",\"breadcrumb\":{\"@id\":\"http:\/\/elregionalvm.com.ar\/noticias-villa-maria\/caso-zoe-fiscal-companys-quienes-reclutaban-gente-conociendo-el-engano-van-a-ser-detenidas-por-estafa\/#breadcrumb\"},\"inLanguage\":\"es\",\"potentialAction\":[{\"@type\":\"ReadAction\",\"target\":[\"http:\/\/elregionalvm.com.ar\/noticias-villa-maria\/caso-zoe-fiscal-companys-quienes-reclutaban-gente-conociendo-el-engano-van-a-ser-detenidas-por-estafa\/\"]}]},{\"@type\":\"ImageObject\",\"inLanguage\":\"es\",\"@id\":\"http:\/\/elregionalvm.com.ar\/noticias-villa-maria\/caso-zoe-fiscal-companys-quienes-reclutaban-gente-conociendo-el-engano-van-a-ser-detenidas-por-estafa\/#primaryimage\",\"url\":\"https:\/\/i0.wp.com\/elregionalvm.com.ar\/noticias-villa-maria\/wp-content\/uploads\/2022\/02\/Fiscal-companys-vertical-1.jpg?fit=853%2C1336&ssl=1\",\"contentUrl\":\"https:\/\/i0.wp.com\/elregionalvm.com.ar\/noticias-villa-maria\/wp-content\/uploads\/2022\/02\/Fiscal-companys-vertical-1.jpg?fit=853%2C1336&ssl=1\",\"width\":853,\"height\":1336},{\"@type\":\"BreadcrumbList\",\"@id\":\"http:\/\/elregionalvm.com.ar\/noticias-villa-maria\/caso-zoe-fiscal-companys-quienes-reclutaban-gente-conociendo-el-engano-van-a-ser-detenidas-por-estafa\/#breadcrumb\",\"itemListElement\":[{\"@type\":\"ListItem\",\"position\":1,\"name\":\"Portada\",\"item\":\"https:\/\/elregionalvm.com.ar\/noticias-villa-maria\/\"},{\"@type\":\"ListItem\",\"position\":2,\"name\":\"[Caso Zoe] Fiscal Companys: \u201cQuienes reclutaban gente conociendo el enga\u00f1o van a ser detenidas por estafa\u201d\"}]},{\"@type\":\"WebSite\",\"@id\":\"http:\/\/elregionalvm.com.ar\/noticias-villa-maria\/#website\",\"url\":\"http:\/\/elregionalvm.com.ar\/noticias-villa-maria\/\",\"name\":\"El Regional\",\"description\":\"Mucho m\u00e1s que informaci\u00f3n\",\"potentialAction\":[{\"@type\":\"SearchAction\",\"target\":{\"@type\":\"EntryPoint\",\"urlTemplate\":\"http:\/\/elregionalvm.com.ar\/noticias-villa-maria\/?s={search_term_string}\"},\"query-input\":{\"@type\":\"PropertyValueSpecification\",\"valueRequired\":true,\"valueName\":\"search_term_string\"}}],\"inLanguage\":\"es\"},{\"@type\":\"Person\",\"@id\":\"http:\/\/elregionalvm.com.ar\/noticias-villa-maria\/#\/schema\/person\/d5e4b04966154131701e52c45d3efec9\",\"name\":\"Germ\u00e1n Giacchero\",\"image\":{\"@type\":\"ImageObject\",\"inLanguage\":\"es\",\"@id\":\"http:\/\/elregionalvm.com.ar\/noticias-villa-maria\/#\/schema\/person\/image\/\",\"url\":\"https:\/\/secure.gravatar.com\/avatar\/fda163ba5ef0307ee5be9846e10f83b6e83d0cfb260d3b2464830318894c6b04?s=96&d=mm&r=g\",\"contentUrl\":\"https:\/\/secure.gravatar.com\/avatar\/fda163ba5ef0307ee5be9846e10f83b6e83d0cfb260d3b2464830318894c6b04?s=96&d=mm&r=g\",\"caption\":\"Germ\u00e1n Giacchero\"},\"url\":\"https:\/\/elregionalvm.com.ar\/noticias-villa-maria\/author\/germangiacchero\/\"}]}<\/script>\n<!-- \/ Yoast SEO plugin. -->","yoast_head_json":{"title":"[Caso Zoe] Fiscal Companys: \u201cQuienes reclutaban gente conociendo el enga\u00f1o van a ser detenidas por estafa\u201d - El Regional","description":"La fiscal Juliana Companys brind\u00f3 una conferencia de prensa para informar sobre el avance de la investigaci\u00f3n en el caso Generaci\u00f3n Zoe.","robots":{"index":"index","follow":"follow","max-snippet":"max-snippet:-1","max-image-preview":"max-image-preview:large","max-video-preview":"max-video-preview:-1"},"canonical":"http:\/\/elregionalvm.com.ar\/noticias-villa-maria\/caso-zoe-fiscal-companys-quienes-reclutaban-gente-conociendo-el-engano-van-a-ser-detenidas-por-estafa\/","og_locale":"es_ES","og_type":"article","og_title":"[Caso Zoe] Fiscal Companys: \u201cQuienes reclutaban gente conociendo el enga\u00f1o van a ser detenidas por estafa\u201d - El Regional","og_description":"La fiscal Juliana Companys brind\u00f3 una conferencia de prensa para informar sobre el avance de la investigaci\u00f3n en el caso Generaci\u00f3n Zoe.","og_url":"http:\/\/elregionalvm.com.ar\/noticias-villa-maria\/caso-zoe-fiscal-companys-quienes-reclutaban-gente-conociendo-el-engano-van-a-ser-detenidas-por-estafa\/","og_site_name":"El Regional","article_publisher":"https:\/\/www.facebook.com\/elregionalvm","article_published_time":"2022-02-23T17:33:08+00:00","article_modified_time":"2022-02-25T14:56:09+00:00","og_image":[{"width":853,"height":1336,"url":"http:\/\/elregionalvm.com.ar\/noticias-villa-maria\/wp-content\/uploads\/2022\/02\/Fiscal-companys-vertical-1.jpg","type":"image\/jpeg"}],"author":"Germ\u00e1n Giacchero","twitter_card":"summary_large_image","twitter_creator":"@elregionalvm1","twitter_site":"@elregionalvm1","twitter_misc":{"Escrito por":"Germ\u00e1n Giacchero","Tiempo de lectura":"4 minutos"},"schema":{"@context":"https:\/\/schema.org","@graph":[{"@type":"Article","@id":"http:\/\/elregionalvm.com.ar\/noticias-villa-maria\/caso-zoe-fiscal-companys-quienes-reclutaban-gente-conociendo-el-engano-van-a-ser-detenidas-por-estafa\/#article","isPartOf":{"@id":"http:\/\/elregionalvm.com.ar\/noticias-villa-maria\/caso-zoe-fiscal-companys-quienes-reclutaban-gente-conociendo-el-engano-van-a-ser-detenidas-por-estafa\/"},"author":{"name":"Germ\u00e1n Giacchero","@id":"http:\/\/elregionalvm.com.ar\/noticias-villa-maria\/#\/schema\/person\/d5e4b04966154131701e52c45d3efec9"},"headline":"[Caso Zoe] Fiscal Companys: \u201cQuienes reclutaban gente conociendo el enga\u00f1o van a ser detenidas por estafa\u201d","datePublished":"2022-02-23T17:33:08+00:00","dateModified":"2022-02-25T14:56:09+00:00","mainEntityOfPage":{"@id":"http:\/\/elregionalvm.com.ar\/noticias-villa-maria\/caso-zoe-fiscal-companys-quienes-reclutaban-gente-conociendo-el-engano-van-a-ser-detenidas-por-estafa\/"},"wordCount":597,"commentCount":0,"image":{"@id":"http:\/\/elregionalvm.com.ar\/noticias-villa-maria\/caso-zoe-fiscal-companys-quienes-reclutaban-gente-conociendo-el-engano-van-a-ser-detenidas-por-estafa\/#primaryimage"},"thumbnailUrl":"https:\/\/i0.wp.com\/elregionalvm.com.ar\/noticias-villa-maria\/wp-content\/uploads\/2022\/02\/Fiscal-companys-vertical-1.jpg?fit=853%2C1336&ssl=1","keywords":["Allanamientos","asociaci\u00f3n il\u00edcita","conferencia","denuncias","detenidos","enga\u00f1o","estafa","Fiscal Companys","Generaci\u00f3n Zoe","Inversi\u00f3n","Leonardo Cositorto","Zoe"],"articleSection":["Policiales","tercera","Videos"],"inLanguage":"es","potentialAction":[{"@type":"CommentAction","name":"Comment","target":["http:\/\/elregionalvm.com.ar\/noticias-villa-maria\/caso-zoe-fiscal-companys-quienes-reclutaban-gente-conociendo-el-engano-van-a-ser-detenidas-por-estafa\/#respond"]}]},{"@type":"WebPage","@id":"http:\/\/elregionalvm.com.ar\/noticias-villa-maria\/caso-zoe-fiscal-companys-quienes-reclutaban-gente-conociendo-el-engano-van-a-ser-detenidas-por-estafa\/","url":"http:\/\/elregionalvm.com.ar\/noticias-villa-maria\/caso-zoe-fiscal-companys-quienes-reclutaban-gente-conociendo-el-engano-van-a-ser-detenidas-por-estafa\/","name":"[Caso Zoe] Fiscal Companys: \u201cQuienes reclutaban gente conociendo el enga\u00f1o van a ser detenidas por estafa\u201d - El Regional","isPartOf":{"@id":"http:\/\/elregionalvm.com.ar\/noticias-villa-maria\/#website"},"primaryImageOfPage":{"@id":"http:\/\/elregionalvm.com.ar\/noticias-villa-maria\/caso-zoe-fiscal-companys-quienes-reclutaban-gente-conociendo-el-engano-van-a-ser-detenidas-por-estafa\/#primaryimage"},"image":{"@id":"http:\/\/elregionalvm.com.ar\/noticias-villa-maria\/caso-zoe-fiscal-companys-quienes-reclutaban-gente-conociendo-el-engano-van-a-ser-detenidas-por-estafa\/#primaryimage"},"thumbnailUrl":"https:\/\/i0.wp.com\/elregionalvm.com.ar\/noticias-villa-maria\/wp-content\/uploads\/2022\/02\/Fiscal-companys-vertical-1.jpg?fit=853%2C1336&ssl=1","datePublished":"2022-02-23T17:33:08+00:00","dateModified":"2022-02-25T14:56:09+00:00","author":{"@id":"http:\/\/elregionalvm.com.ar\/noticias-villa-maria\/#\/schema\/person\/d5e4b04966154131701e52c45d3efec9"},"description":"La fiscal Juliana Companys brind\u00f3 una conferencia de prensa para informar sobre el avance de la investigaci\u00f3n en el caso Generaci\u00f3n Zoe.","breadcrumb":{"@id":"http:\/\/elregionalvm.com.ar\/noticias-villa-maria\/caso-zoe-fiscal-companys-quienes-reclutaban-gente-conociendo-el-engano-van-a-ser-detenidas-por-estafa\/#breadcrumb"},"inLanguage":"es","potentialAction":[{"@type":"ReadAction","target":["http:\/\/elregionalvm.com.ar\/noticias-villa-maria\/caso-zoe-fiscal-companys-quienes-reclutaban-gente-conociendo-el-engano-van-a-ser-detenidas-por-estafa\/"]}]},{"@type":"ImageObject","inLanguage":"es","@id":"http:\/\/elregionalvm.com.ar\/noticias-villa-maria\/caso-zoe-fiscal-companys-quienes-reclutaban-gente-conociendo-el-engano-van-a-ser-detenidas-por-estafa\/#primaryimage","url":"https:\/\/i0.wp.com\/elregionalvm.com.ar\/noticias-villa-maria\/wp-content\/uploads\/2022\/02\/Fiscal-companys-vertical-1.jpg?fit=853%2C1336&ssl=1","contentUrl":"https:\/\/i0.wp.com\/elregionalvm.com.ar\/noticias-villa-maria\/wp-content\/uploads\/2022\/02\/Fiscal-companys-vertical-1.jpg?fit=853%2C1336&ssl=1","width":853,"height":1336},{"@type":"BreadcrumbList","@id":"http:\/\/elregionalvm.com.ar\/noticias-villa-maria\/caso-zoe-fiscal-companys-quienes-reclutaban-gente-conociendo-el-engano-van-a-ser-detenidas-por-estafa\/#breadcrumb","itemListElement":[{"@type":"ListItem","position":1,"name":"Portada","item":"https:\/\/elregionalvm.com.ar\/noticias-villa-maria\/"},{"@type":"ListItem","position":2,"name":"[Caso Zoe] Fiscal Companys: \u201cQuienes reclutaban gente conociendo el enga\u00f1o van a ser detenidas por estafa\u201d"}]},{"@type":"WebSite","@id":"http:\/\/elregionalvm.com.ar\/noticias-villa-maria\/#website","url":"http:\/\/elregionalvm.com.ar\/noticias-villa-maria\/","name":"El Regional","description":"Mucho m\u00e1s que informaci\u00f3n","potentialAction":[{"@type":"SearchAction","target":{"@type":"EntryPoint","urlTemplate":"http:\/\/elregionalvm.com.ar\/noticias-villa-maria\/?s={search_term_string}"},"query-input":{"@type":"PropertyValueSpecification","valueRequired":true,"valueName":"search_term_string"}}],"inLanguage":"es"},{"@type":"Person","@id":"http:\/\/elregionalvm.com.ar\/noticias-villa-maria\/#\/schema\/person\/d5e4b04966154131701e52c45d3efec9","name":"Germ\u00e1n Giacchero","image":{"@type":"ImageObject","inLanguage":"es","@id":"http:\/\/elregionalvm.com.ar\/noticias-villa-maria\/#\/schema\/person\/image\/","url":"https:\/\/secure.gravatar.com\/avatar\/fda163ba5ef0307ee5be9846e10f83b6e83d0cfb260d3b2464830318894c6b04?s=96&d=mm&r=g","contentUrl":"https:\/\/secure.gravatar.com\/avatar\/fda163ba5ef0307ee5be9846e10f83b6e83d0cfb260d3b2464830318894c6b04?s=96&d=mm&r=g","caption":"Germ\u00e1n Giacchero"},"url":"https:\/\/elregionalvm.com.ar\/noticias-villa-maria\/author\/germangiacchero\/"}]}},"jetpack_featured_media_url":"https:\/\/i0.wp.com\/elregionalvm.com.ar\/noticias-villa-maria\/wp-content\/uploads\/2022\/02\/Fiscal-companys-vertical-1.jpg?fit=853%2C1336&ssl=1","jetpack_sharing_enabled":true,"_links":{"self":[{"href":"https:\/\/elregionalvm.com.ar\/noticias-villa-maria\/wp-json\/wp\/v2\/posts\/53118","targetHints":{"allow":["GET"]}}],"collection":[{"href":"https:\/\/elregionalvm.com.ar\/noticias-villa-maria\/wp-json\/wp\/v2\/posts"}],"about":[{"href":"https:\/\/elregionalvm.com.ar\/noticias-villa-maria\/wp-json\/wp\/v2\/types\/post"}],"author":[{"embeddable":true,"href":"https:\/\/elregionalvm.com.ar\/noticias-villa-maria\/wp-json\/wp\/v2\/users\/6"}],"replies":[{"embeddable":true,"href":"https:\/\/elregionalvm.com.ar\/noticias-villa-maria\/wp-json\/wp\/v2\/comments?post=53118"}],"version-history":[{"count":4,"href":"https:\/\/elregionalvm.com.ar\/noticias-villa-maria\/wp-json\/wp\/v2\/posts\/53118\/revisions"}],"predecessor-version":[{"id":53137,"href":"https:\/\/elregionalvm.com.ar\/noticias-villa-maria\/wp-json\/wp\/v2\/posts\/53118\/revisions\/53137"}],"wp:featuredmedia":[{"embeddable":true,"href":"https:\/\/elregionalvm.com.ar\/noticias-villa-maria\/wp-json\/wp\/v2\/media\/53125"}],"wp:attachment":[{"href":"https:\/\/elregionalvm.com.ar\/noticias-villa-maria\/wp-json\/wp\/v2\/media?parent=53118"}],"wp:term":[{"taxonomy":"category","embeddable":true,"href":"https:\/\/elregionalvm.com.ar\/noticias-villa-maria\/wp-json\/wp\/v2\/categories?post=53118"},{"taxonomy":"post_tag","embeddable":true,"href":"https:\/\/elregionalvm.com.ar\/noticias-villa-maria\/wp-json\/wp\/v2\/tags?post=53118"}],"curies":[{"name":"wp","href":"https:\/\/api.w.org\/{rel}","templated":true}]}}