{"id":53141,"date":"2022-02-23T20:40:08","date_gmt":"2022-02-23T20:40:08","guid":{"rendered":"https:\/\/elregionalvm.com.ar\/noticias-villa-maria\/?p=53141"},"modified":"2022-02-24T03:55:53","modified_gmt":"2022-02-24T03:55:53","slug":"causa-zoe-secuestraron-otro-rodado-de-alta-gama-registrado-a-nombre-de-claudio-alvarez","status":"publish","type":"post","link":"https:\/\/elregionalvm.com.ar\/noticias-villa-maria\/causa-zoe-secuestraron-otro-rodado-de-alta-gama-registrado-a-nombre-de-claudio-alvarez\/","title":{"rendered":"[Caso ZOE] Secuestraron otro rodado de alta gama: registrado a nombre de Claudio \u00c1lvarez"},"content":{"rendered":"\n<p>La Fiscal\u00eda de Instrucci\u00f3n del segundo turno de Villa Mar\u00eda, a cargo de Juliana Companys, inform\u00f3 que se logro el secuestro de otro autom\u00f3vil. En este caso, un veh\u00edculo BMW X4, registrada tambi\u00e9n a nombre de Claudio Alvarez, uno de los siete imputados que se mantienen pr\u00f3fugos de la Justicia.<\/p>\n\n\n\n<p><strong>Respaldo de Fiscal General Adjunto<\/strong><\/p>\n\n\n\n<p>En tanto el Fiscal General Adjunto, H\u00e9ctor David , mantuvo una larga reuni\u00f3n con la Fiscal Companys a quien le manifest\u00f3 el respaldo de Ministerio P\u00fablico Fiscal de la Provincia, ofreci\u00e9ndole todo el apoyo necesario para la investigaci\u00f3n en la causa, tanto por parte de los equipos de la Direcci\u00f3n de la Polic\u00eda Cient\u00edfica, como el personal id\u00f3neo para reforzar el plantel y garantizar la eficacia de la investigaci\u00f3n. David se\u00f1al\u00f3 que \u00bb se le dar\u00e1 car\u00e1cter de urgente a las necesidades que vayan surgiendo en la presente investigaci\u00f3n\u00bb . Por ultimo ratifico todo el respaldo a la fiscal y su equipo en esta causa.<\/p>\n","protected":false},"excerpt":{"rendered":"<p>La Fiscal\u00eda de Instrucci\u00f3n del segundo turno de Villa Mar\u00eda, a cargo de Juliana Companys, inform\u00f3 que se logro el secuestro de otro autom\u00f3vil. En este caso, un veh\u00edculo BMW X4, registrada tambi\u00e9n a nombre de Claudio Alvarez, uno de los siete imputados que se mantienen pr\u00f3fugos de la Justicia. Respaldo de Fiscal General Adjunto [&hellip;]<\/p>\n","protected":false},"author":4,"featured_media":53142,"comment_status":"open","ping_status":"open","sticky":false,"template":"","format":"standard","meta":{"site-sidebar-layout":"default","site-content-layout":"default","ast-site-content-layout":"default","site-content-style":"default","site-sidebar-style":"default","ast-global-header-display":"","ast-banner-title-visibility":"","ast-main-header-display":"","ast-hfb-above-header-display":"","ast-hfb-below-header-display":"","ast-hfb-mobile-header-display":"","site-post-title":"","ast-breadcrumbs-content":"","ast-featured-img":"","footer-sml-layout":"","ast-disable-related-posts":"","theme-transparent-header-meta":"default","adv-header-id-meta":"","stick-header-meta":"","header-above-stick-meta":"","header-main-stick-meta":"","header-below-stick-meta":"","astra-migrate-meta-layouts":"default","ast-page-background-enabled":"default","ast-page-background-meta":{"desktop":{"background-color":"","background-image":"","background-repeat":"repeat","background-position":"center center","background-size":"auto","background-attachment":"scroll","background-type":"","background-media":"","overlay-type":"","overlay-color":"","overlay-opacity":"","overlay-gradient":""},"tablet":{"background-color":"","background-image":"","background-repeat":"repeat","background-position":"center center","background-size":"auto","background-attachment":"scroll","background-type":"","background-media":"","overlay-type":"","overlay-color":"","overlay-opacity":"","overlay-gradient":""},"mobile":{"background-color":"","background-image":"","background-repeat":"repeat","background-position":"center center","background-size":"auto","background-attachment":"scroll","background-type":"","background-media":"","overlay-type":"","overlay-color":"","overlay-opacity":"","overlay-gradient":""}},"ast-content-background-meta":{"desktop":{"background-color":"var(--ast-global-color-5)","background-image":"","background-repeat":"repeat","background-position":"center center","background-size":"auto","background-attachment":"scroll","background-type":"","background-media":"","overlay-type":"","overlay-color":"","overlay-opacity":"","overlay-gradient":""},"tablet":{"background-color":"var(--ast-global-color-5)","background-image":"","background-repeat":"repeat","background-position":"center center","background-size":"auto","background-attachment":"scroll","background-type":"","background-media":"","overlay-type":"","overlay-color":"","overlay-opacity":"","overlay-gradient":""},"mobile":{"background-color":"var(--ast-global-color-5)","background-image":"","background-repeat":"repeat","background-position":"center center","background-size":"auto","background-attachment":"scroll","background-type":"","background-media":"","overlay-type":"","overlay-color":"","overlay-opacity":"","overlay-gradient":""}},"_jetpack_memberships_contains_paid_content":false,"_joinchat":[],"footnotes":""},"categories":[2],"tags":[13884,3746,13881,13880,13882,1232,2471,13883,13885],"class_list":["post-53141","post","type-post","status-publish","format-standard","has-post-thumbnail","hentry","category-villa-maria","tag-apoyo-fiscal-general-adjunto","tag-auto-secuestrado","tag-bmw-x4","tag-causa-zoe","tag-claudio-alvarez","tag-destacado","tag-fiscal-companys","tag-fugitivo","tag-hector-david"],"yoast_head":"<!-- This site is optimized with the Yoast SEO plugin v26.8 - https:\/\/yoast.com\/product\/yoast-seo-wordpress\/ -->\n<title>[Caso ZOE] Secuestraron otro rodado de alta gama: registrado a nombre de Claudio \u00c1lvarez - El Regional<\/title>\n<meta name=\"robots\" content=\"index, follow, max-snippet:-1, max-image-preview:large, max-video-preview:-1\" \/>\n<link rel=\"canonical\" href=\"http:\/\/elregionalvm.com.ar\/noticias-villa-maria\/causa-zoe-secuestraron-otro-rodado-de-alta-gama-registrado-a-nombre-de-claudio-alvarez\/\" \/>\n<meta property=\"og:locale\" content=\"es_ES\" \/>\n<meta property=\"og:type\" content=\"article\" \/>\n<meta property=\"og:title\" content=\"[Caso ZOE] Secuestraron otro rodado de alta gama: registrado a nombre de Claudio \u00c1lvarez - El Regional\" \/>\n<meta property=\"og:description\" content=\"La Fiscal\u00eda de Instrucci\u00f3n del segundo turno de Villa Mar\u00eda, a cargo de Juliana Companys, inform\u00f3 que se logro el secuestro de otro autom\u00f3vil. En este caso, un veh\u00edculo BMW X4, registrada tambi\u00e9n a nombre de Claudio Alvarez, uno de los siete imputados que se mantienen pr\u00f3fugos de la Justicia. Respaldo de Fiscal General Adjunto [&hellip;]\" \/>\n<meta property=\"og:url\" content=\"http:\/\/elregionalvm.com.ar\/noticias-villa-maria\/causa-zoe-secuestraron-otro-rodado-de-alta-gama-registrado-a-nombre-de-claudio-alvarez\/\" \/>\n<meta property=\"og:site_name\" content=\"El Regional\" \/>\n<meta property=\"article:publisher\" content=\"https:\/\/www.facebook.com\/elregionalvm\" \/>\n<meta property=\"article:published_time\" content=\"2022-02-23T20:40:08+00:00\" \/>\n<meta property=\"article:modified_time\" content=\"2022-02-24T03:55:53+00:00\" \/>\n<meta property=\"og:image\" content=\"http:\/\/elregionalvm.com.ar\/noticias-villa-maria\/wp-content\/uploads\/2022\/02\/AUTO-BMW-SECUESTRADO.jpg\" \/>\n\t<meta property=\"og:image:width\" content=\"900\" \/>\n\t<meta property=\"og:image:height\" content=\"1146\" \/>\n\t<meta property=\"og:image:type\" content=\"image\/jpeg\" \/>\n<meta name=\"author\" content=\"Contenidos El Regional\" \/>\n<meta name=\"twitter:card\" content=\"summary_large_image\" \/>\n<meta name=\"twitter:creator\" content=\"@elregionalvm1\" \/>\n<meta name=\"twitter:site\" content=\"@elregionalvm1\" \/>\n<meta name=\"twitter:label1\" content=\"Escrito por\" \/>\n\t<meta name=\"twitter:data1\" content=\"Contenidos El Regional\" \/>\n\t<meta name=\"twitter:label2\" content=\"Tiempo de lectura\" \/>\n\t<meta name=\"twitter:data2\" content=\"1 minuto\" \/>\n<script type=\"application\/ld+json\" class=\"yoast-schema-graph\">{\"@context\":\"https:\/\/schema.org\",\"@graph\":[{\"@type\":\"Article\",\"@id\":\"http:\/\/elregionalvm.com.ar\/noticias-villa-maria\/causa-zoe-secuestraron-otro-rodado-de-alta-gama-registrado-a-nombre-de-claudio-alvarez\/#article\",\"isPartOf\":{\"@id\":\"http:\/\/elregionalvm.com.ar\/noticias-villa-maria\/causa-zoe-secuestraron-otro-rodado-de-alta-gama-registrado-a-nombre-de-claudio-alvarez\/\"},\"author\":{\"name\":\"Contenidos El Regional\",\"@id\":\"http:\/\/elregionalvm.com.ar\/noticias-villa-maria\/#\/schema\/person\/a0fb9c422317faca23d50163151bc354\"},\"headline\":\"[Caso ZOE] Secuestraron otro rodado de alta gama: registrado a nombre de Claudio \u00c1lvarez\",\"datePublished\":\"2022-02-23T20:40:08+00:00\",\"dateModified\":\"2022-02-24T03:55:53+00:00\",\"mainEntityOfPage\":{\"@id\":\"http:\/\/elregionalvm.com.ar\/noticias-villa-maria\/causa-zoe-secuestraron-otro-rodado-de-alta-gama-registrado-a-nombre-de-claudio-alvarez\/\"},\"wordCount\":191,\"commentCount\":0,\"image\":{\"@id\":\"http:\/\/elregionalvm.com.ar\/noticias-villa-maria\/causa-zoe-secuestraron-otro-rodado-de-alta-gama-registrado-a-nombre-de-claudio-alvarez\/#primaryimage\"},\"thumbnailUrl\":\"https:\/\/i0.wp.com\/elregionalvm.com.ar\/noticias-villa-maria\/wp-content\/uploads\/2022\/02\/AUTO-BMW-SECUESTRADO.jpg?fit=900%2C1146&ssl=1\",\"keywords\":[\"apoyo Fiscal General Adjunto\",\"auto secuestrado\",\"BMW X4\",\"Causa ZOE\",\"Claudio \u00c1lvarez\",\"destacado\",\"Fiscal Companys\",\"fugitivo\",\"H\u00e9ctor David\"],\"articleSection\":[\"Villa Mar\u00eda\"],\"inLanguage\":\"es\",\"potentialAction\":[{\"@type\":\"CommentAction\",\"name\":\"Comment\",\"target\":[\"http:\/\/elregionalvm.com.ar\/noticias-villa-maria\/causa-zoe-secuestraron-otro-rodado-de-alta-gama-registrado-a-nombre-de-claudio-alvarez\/#respond\"]}]},{\"@type\":\"WebPage\",\"@id\":\"http:\/\/elregionalvm.com.ar\/noticias-villa-maria\/causa-zoe-secuestraron-otro-rodado-de-alta-gama-registrado-a-nombre-de-claudio-alvarez\/\",\"url\":\"http:\/\/elregionalvm.com.ar\/noticias-villa-maria\/causa-zoe-secuestraron-otro-rodado-de-alta-gama-registrado-a-nombre-de-claudio-alvarez\/\",\"name\":\"[Caso ZOE] Secuestraron otro rodado de alta gama: registrado a nombre de Claudio \u00c1lvarez - El Regional\",\"isPartOf\":{\"@id\":\"http:\/\/elregionalvm.com.ar\/noticias-villa-maria\/#website\"},\"primaryImageOfPage\":{\"@id\":\"http:\/\/elregionalvm.com.ar\/noticias-villa-maria\/causa-zoe-secuestraron-otro-rodado-de-alta-gama-registrado-a-nombre-de-claudio-alvarez\/#primaryimage\"},\"image\":{\"@id\":\"http:\/\/elregionalvm.com.ar\/noticias-villa-maria\/causa-zoe-secuestraron-otro-rodado-de-alta-gama-registrado-a-nombre-de-claudio-alvarez\/#primaryimage\"},\"thumbnailUrl\":\"https:\/\/i0.wp.com\/elregionalvm.com.ar\/noticias-villa-maria\/wp-content\/uploads\/2022\/02\/AUTO-BMW-SECUESTRADO.jpg?fit=900%2C1146&ssl=1\",\"datePublished\":\"2022-02-23T20:40:08+00:00\",\"dateModified\":\"2022-02-24T03:55:53+00:00\",\"author\":{\"@id\":\"http:\/\/elregionalvm.com.ar\/noticias-villa-maria\/#\/schema\/person\/a0fb9c422317faca23d50163151bc354\"},\"breadcrumb\":{\"@id\":\"http:\/\/elregionalvm.com.ar\/noticias-villa-maria\/causa-zoe-secuestraron-otro-rodado-de-alta-gama-registrado-a-nombre-de-claudio-alvarez\/#breadcrumb\"},\"inLanguage\":\"es\",\"potentialAction\":[{\"@type\":\"ReadAction\",\"target\":[\"http:\/\/elregionalvm.com.ar\/noticias-villa-maria\/causa-zoe-secuestraron-otro-rodado-de-alta-gama-registrado-a-nombre-de-claudio-alvarez\/\"]}]},{\"@type\":\"ImageObject\",\"inLanguage\":\"es\",\"@id\":\"http:\/\/elregionalvm.com.ar\/noticias-villa-maria\/causa-zoe-secuestraron-otro-rodado-de-alta-gama-registrado-a-nombre-de-claudio-alvarez\/#primaryimage\",\"url\":\"https:\/\/i0.wp.com\/elregionalvm.com.ar\/noticias-villa-maria\/wp-content\/uploads\/2022\/02\/AUTO-BMW-SECUESTRADO.jpg?fit=900%2C1146&ssl=1\",\"contentUrl\":\"https:\/\/i0.wp.com\/elregionalvm.com.ar\/noticias-villa-maria\/wp-content\/uploads\/2022\/02\/AUTO-BMW-SECUESTRADO.jpg?fit=900%2C1146&ssl=1\",\"width\":900,\"height\":1146},{\"@type\":\"BreadcrumbList\",\"@id\":\"http:\/\/elregionalvm.com.ar\/noticias-villa-maria\/causa-zoe-secuestraron-otro-rodado-de-alta-gama-registrado-a-nombre-de-claudio-alvarez\/#breadcrumb\",\"itemListElement\":[{\"@type\":\"ListItem\",\"position\":1,\"name\":\"Portada\",\"item\":\"https:\/\/elregionalvm.com.ar\/noticias-villa-maria\/\"},{\"@type\":\"ListItem\",\"position\":2,\"name\":\"[Caso ZOE] Secuestraron otro rodado de alta gama: registrado a nombre de Claudio \u00c1lvarez\"}]},{\"@type\":\"WebSite\",\"@id\":\"http:\/\/elregionalvm.com.ar\/noticias-villa-maria\/#website\",\"url\":\"http:\/\/elregionalvm.com.ar\/noticias-villa-maria\/\",\"name\":\"El Regional\",\"description\":\"Mucho m\u00e1s que informaci\u00f3n\",\"potentialAction\":[{\"@type\":\"SearchAction\",\"target\":{\"@type\":\"EntryPoint\",\"urlTemplate\":\"http:\/\/elregionalvm.com.ar\/noticias-villa-maria\/?s={search_term_string}\"},\"query-input\":{\"@type\":\"PropertyValueSpecification\",\"valueRequired\":true,\"valueName\":\"search_term_string\"}}],\"inLanguage\":\"es\"},{\"@type\":\"Person\",\"@id\":\"http:\/\/elregionalvm.com.ar\/noticias-villa-maria\/#\/schema\/person\/a0fb9c422317faca23d50163151bc354\",\"name\":\"Contenidos El Regional\",\"image\":{\"@type\":\"ImageObject\",\"inLanguage\":\"es\",\"@id\":\"http:\/\/elregionalvm.com.ar\/noticias-villa-maria\/#\/schema\/person\/image\/\",\"url\":\"https:\/\/secure.gravatar.com\/avatar\/265b27cb2209af7bb3a1318f03305787d7981a5cc6e6cd08fe5a4ecdf99d4b48?s=96&d=mm&r=g\",\"contentUrl\":\"https:\/\/secure.gravatar.com\/avatar\/265b27cb2209af7bb3a1318f03305787d7981a5cc6e6cd08fe5a4ecdf99d4b48?s=96&d=mm&r=g\",\"caption\":\"Contenidos El Regional\"},\"url\":\"https:\/\/elregionalvm.com.ar\/noticias-villa-maria\/author\/contenido\/\"}]}<\/script>\n<!-- \/ Yoast SEO plugin. -->","yoast_head_json":{"title":"[Caso ZOE] Secuestraron otro rodado de alta gama: registrado a nombre de Claudio \u00c1lvarez - El Regional","robots":{"index":"index","follow":"follow","max-snippet":"max-snippet:-1","max-image-preview":"max-image-preview:large","max-video-preview":"max-video-preview:-1"},"canonical":"http:\/\/elregionalvm.com.ar\/noticias-villa-maria\/causa-zoe-secuestraron-otro-rodado-de-alta-gama-registrado-a-nombre-de-claudio-alvarez\/","og_locale":"es_ES","og_type":"article","og_title":"[Caso ZOE] Secuestraron otro rodado de alta gama: registrado a nombre de Claudio \u00c1lvarez - El Regional","og_description":"La Fiscal\u00eda de Instrucci\u00f3n del segundo turno de Villa Mar\u00eda, a cargo de Juliana Companys, inform\u00f3 que se logro el secuestro de otro autom\u00f3vil. En este caso, un veh\u00edculo BMW X4, registrada tambi\u00e9n a nombre de Claudio Alvarez, uno de los siete imputados que se mantienen pr\u00f3fugos de la Justicia. Respaldo de Fiscal General Adjunto [&hellip;]","og_url":"http:\/\/elregionalvm.com.ar\/noticias-villa-maria\/causa-zoe-secuestraron-otro-rodado-de-alta-gama-registrado-a-nombre-de-claudio-alvarez\/","og_site_name":"El Regional","article_publisher":"https:\/\/www.facebook.com\/elregionalvm","article_published_time":"2022-02-23T20:40:08+00:00","article_modified_time":"2022-02-24T03:55:53+00:00","og_image":[{"width":900,"height":1146,"url":"http:\/\/elregionalvm.com.ar\/noticias-villa-maria\/wp-content\/uploads\/2022\/02\/AUTO-BMW-SECUESTRADO.jpg","type":"image\/jpeg"}],"author":"Contenidos El Regional","twitter_card":"summary_large_image","twitter_creator":"@elregionalvm1","twitter_site":"@elregionalvm1","twitter_misc":{"Escrito por":"Contenidos El Regional","Tiempo de lectura":"1 minuto"},"schema":{"@context":"https:\/\/schema.org","@graph":[{"@type":"Article","@id":"http:\/\/elregionalvm.com.ar\/noticias-villa-maria\/causa-zoe-secuestraron-otro-rodado-de-alta-gama-registrado-a-nombre-de-claudio-alvarez\/#article","isPartOf":{"@id":"http:\/\/elregionalvm.com.ar\/noticias-villa-maria\/causa-zoe-secuestraron-otro-rodado-de-alta-gama-registrado-a-nombre-de-claudio-alvarez\/"},"author":{"name":"Contenidos El Regional","@id":"http:\/\/elregionalvm.com.ar\/noticias-villa-maria\/#\/schema\/person\/a0fb9c422317faca23d50163151bc354"},"headline":"[Caso ZOE] Secuestraron otro rodado de alta gama: registrado a nombre de Claudio \u00c1lvarez","datePublished":"2022-02-23T20:40:08+00:00","dateModified":"2022-02-24T03:55:53+00:00","mainEntityOfPage":{"@id":"http:\/\/elregionalvm.com.ar\/noticias-villa-maria\/causa-zoe-secuestraron-otro-rodado-de-alta-gama-registrado-a-nombre-de-claudio-alvarez\/"},"wordCount":191,"commentCount":0,"image":{"@id":"http:\/\/elregionalvm.com.ar\/noticias-villa-maria\/causa-zoe-secuestraron-otro-rodado-de-alta-gama-registrado-a-nombre-de-claudio-alvarez\/#primaryimage"},"thumbnailUrl":"https:\/\/i0.wp.com\/elregionalvm.com.ar\/noticias-villa-maria\/wp-content\/uploads\/2022\/02\/AUTO-BMW-SECUESTRADO.jpg?fit=900%2C1146&ssl=1","keywords":["apoyo Fiscal General Adjunto","auto secuestrado","BMW X4","Causa ZOE","Claudio \u00c1lvarez","destacado","Fiscal Companys","fugitivo","H\u00e9ctor David"],"articleSection":["Villa Mar\u00eda"],"inLanguage":"es","potentialAction":[{"@type":"CommentAction","name":"Comment","target":["http:\/\/elregionalvm.com.ar\/noticias-villa-maria\/causa-zoe-secuestraron-otro-rodado-de-alta-gama-registrado-a-nombre-de-claudio-alvarez\/#respond"]}]},{"@type":"WebPage","@id":"http:\/\/elregionalvm.com.ar\/noticias-villa-maria\/causa-zoe-secuestraron-otro-rodado-de-alta-gama-registrado-a-nombre-de-claudio-alvarez\/","url":"http:\/\/elregionalvm.com.ar\/noticias-villa-maria\/causa-zoe-secuestraron-otro-rodado-de-alta-gama-registrado-a-nombre-de-claudio-alvarez\/","name":"[Caso ZOE] Secuestraron otro rodado de alta gama: registrado a nombre de Claudio \u00c1lvarez - El Regional","isPartOf":{"@id":"http:\/\/elregionalvm.com.ar\/noticias-villa-maria\/#website"},"primaryImageOfPage":{"@id":"http:\/\/elregionalvm.com.ar\/noticias-villa-maria\/causa-zoe-secuestraron-otro-rodado-de-alta-gama-registrado-a-nombre-de-claudio-alvarez\/#primaryimage"},"image":{"@id":"http:\/\/elregionalvm.com.ar\/noticias-villa-maria\/causa-zoe-secuestraron-otro-rodado-de-alta-gama-registrado-a-nombre-de-claudio-alvarez\/#primaryimage"},"thumbnailUrl":"https:\/\/i0.wp.com\/elregionalvm.com.ar\/noticias-villa-maria\/wp-content\/uploads\/2022\/02\/AUTO-BMW-SECUESTRADO.jpg?fit=900%2C1146&ssl=1","datePublished":"2022-02-23T20:40:08+00:00","dateModified":"2022-02-24T03:55:53+00:00","author":{"@id":"http:\/\/elregionalvm.com.ar\/noticias-villa-maria\/#\/schema\/person\/a0fb9c422317faca23d50163151bc354"},"breadcrumb":{"@id":"http:\/\/elregionalvm.com.ar\/noticias-villa-maria\/causa-zoe-secuestraron-otro-rodado-de-alta-gama-registrado-a-nombre-de-claudio-alvarez\/#breadcrumb"},"inLanguage":"es","potentialAction":[{"@type":"ReadAction","target":["http:\/\/elregionalvm.com.ar\/noticias-villa-maria\/causa-zoe-secuestraron-otro-rodado-de-alta-gama-registrado-a-nombre-de-claudio-alvarez\/"]}]},{"@type":"ImageObject","inLanguage":"es","@id":"http:\/\/elregionalvm.com.ar\/noticias-villa-maria\/causa-zoe-secuestraron-otro-rodado-de-alta-gama-registrado-a-nombre-de-claudio-alvarez\/#primaryimage","url":"https:\/\/i0.wp.com\/elregionalvm.com.ar\/noticias-villa-maria\/wp-content\/uploads\/2022\/02\/AUTO-BMW-SECUESTRADO.jpg?fit=900%2C1146&ssl=1","contentUrl":"https:\/\/i0.wp.com\/elregionalvm.com.ar\/noticias-villa-maria\/wp-content\/uploads\/2022\/02\/AUTO-BMW-SECUESTRADO.jpg?fit=900%2C1146&ssl=1","width":900,"height":1146},{"@type":"BreadcrumbList","@id":"http:\/\/elregionalvm.com.ar\/noticias-villa-maria\/causa-zoe-secuestraron-otro-rodado-de-alta-gama-registrado-a-nombre-de-claudio-alvarez\/#breadcrumb","itemListElement":[{"@type":"ListItem","position":1,"name":"Portada","item":"https:\/\/elregionalvm.com.ar\/noticias-villa-maria\/"},{"@type":"ListItem","position":2,"name":"[Caso ZOE] Secuestraron otro rodado de alta gama: registrado a nombre de Claudio \u00c1lvarez"}]},{"@type":"WebSite","@id":"http:\/\/elregionalvm.com.ar\/noticias-villa-maria\/#website","url":"http:\/\/elregionalvm.com.ar\/noticias-villa-maria\/","name":"El Regional","description":"Mucho m\u00e1s que informaci\u00f3n","potentialAction":[{"@type":"SearchAction","target":{"@type":"EntryPoint","urlTemplate":"http:\/\/elregionalvm.com.ar\/noticias-villa-maria\/?s={search_term_string}"},"query-input":{"@type":"PropertyValueSpecification","valueRequired":true,"valueName":"search_term_string"}}],"inLanguage":"es"},{"@type":"Person","@id":"http:\/\/elregionalvm.com.ar\/noticias-villa-maria\/#\/schema\/person\/a0fb9c422317faca23d50163151bc354","name":"Contenidos El Regional","image":{"@type":"ImageObject","inLanguage":"es","@id":"http:\/\/elregionalvm.com.ar\/noticias-villa-maria\/#\/schema\/person\/image\/","url":"https:\/\/secure.gravatar.com\/avatar\/265b27cb2209af7bb3a1318f03305787d7981a5cc6e6cd08fe5a4ecdf99d4b48?s=96&d=mm&r=g","contentUrl":"https:\/\/secure.gravatar.com\/avatar\/265b27cb2209af7bb3a1318f03305787d7981a5cc6e6cd08fe5a4ecdf99d4b48?s=96&d=mm&r=g","caption":"Contenidos El Regional"},"url":"https:\/\/elregionalvm.com.ar\/noticias-villa-maria\/author\/contenido\/"}]}},"jetpack_featured_media_url":"https:\/\/i0.wp.com\/elregionalvm.com.ar\/noticias-villa-maria\/wp-content\/uploads\/2022\/02\/AUTO-BMW-SECUESTRADO.jpg?fit=900%2C1146&ssl=1","jetpack_sharing_enabled":true,"_links":{"self":[{"href":"https:\/\/elregionalvm.com.ar\/noticias-villa-maria\/wp-json\/wp\/v2\/posts\/53141","targetHints":{"allow":["GET"]}}],"collection":[{"href":"https:\/\/elregionalvm.com.ar\/noticias-villa-maria\/wp-json\/wp\/v2\/posts"}],"about":[{"href":"https:\/\/elregionalvm.com.ar\/noticias-villa-maria\/wp-json\/wp\/v2\/types\/post"}],"author":[{"embeddable":true,"href":"https:\/\/elregionalvm.com.ar\/noticias-villa-maria\/wp-json\/wp\/v2\/users\/4"}],"replies":[{"embeddable":true,"href":"https:\/\/elregionalvm.com.ar\/noticias-villa-maria\/wp-json\/wp\/v2\/comments?post=53141"}],"version-history":[{"count":2,"href":"https:\/\/elregionalvm.com.ar\/noticias-villa-maria\/wp-json\/wp\/v2\/posts\/53141\/revisions"}],"predecessor-version":[{"id":53166,"href":"https:\/\/elregionalvm.com.ar\/noticias-villa-maria\/wp-json\/wp\/v2\/posts\/53141\/revisions\/53166"}],"wp:featuredmedia":[{"embeddable":true,"href":"https:\/\/elregionalvm.com.ar\/noticias-villa-maria\/wp-json\/wp\/v2\/media\/53142"}],"wp:attachment":[{"href":"https:\/\/elregionalvm.com.ar\/noticias-villa-maria\/wp-json\/wp\/v2\/media?parent=53141"}],"wp:term":[{"taxonomy":"category","embeddable":true,"href":"https:\/\/elregionalvm.com.ar\/noticias-villa-maria\/wp-json\/wp\/v2\/categories?post=53141"},{"taxonomy":"post_tag","embeddable":true,"href":"https:\/\/elregionalvm.com.ar\/noticias-villa-maria\/wp-json\/wp\/v2\/tags?post=53141"}],"curies":[{"name":"wp","href":"https:\/\/api.w.org\/{rel}","templated":true}]}}