{"id":53144,"date":"2022-02-23T21:08:28","date_gmt":"2022-02-23T21:08:28","guid":{"rendered":"https:\/\/elregionalvm.com.ar\/noticias-villa-maria\/?p=53144"},"modified":"2022-02-23T21:08:29","modified_gmt":"2022-02-23T21:08:29","slug":"museo-bonfiglioli-disertacion-sobre-la-novela-de-las-cosas-de-mariana-robles","status":"publish","type":"post","link":"https:\/\/elregionalvm.com.ar\/noticias-villa-maria\/museo-bonfiglioli-disertacion-sobre-la-novela-de-las-cosas-de-mariana-robles\/","title":{"rendered":"Museo Bonfiglioli: disertaci\u00f3n sobre \u00abLa Novela de las Cosas\u00bb de Mariana Robles"},"content":{"rendered":"\n<p>En el marco de la Muestra Museo Ant\u00e1rtico, el pr\u00f3ximo viernes 25 de febrero tendr\u00e1 lugar el conversatorio La Novela de las Cosas, a cargo de Mariana Robles. El encuentro con el p\u00fablico se realizar\u00e1 en el Museo Municipal de Bellas Artes Fernando Bonfiglioli.<\/p>\n\n\n\n<p>La artista polifac\u00e9tica cuenta con una nutrida colecci\u00f3n de libros de su propia autor\u00eda, que ratifican su formaci\u00f3n en letras; junto a sus estudios en bellas artes que deja plasmados en obras pl\u00e1sticas que abordan el arte textil, la pintura, el dibujo y la cer\u00e1mica.<\/p>\n\n\n\n<p>El encuentro tendr\u00e1 lugar el<strong> pr\u00f3ximo viernes 25 de febrero a las 18: 30 horas y la entrada ser\u00e1 libre y gratuita<\/strong>; manteniendo los protocolos vigentes de distanciamiento social y uso obligatorio de barbijo.<\/p>\n\n\n\n<p>La charla es una invitaci\u00f3n para todo p\u00fablico, con el fin de descubrir relatos, cr\u00f3nicas y otras narraciones implicadas en las cosas. De esta manera, se alcanza un punto de tensi\u00f3n entre la l\u00f3gica de la ficci\u00f3n y las verdades de la ciencia, logrando producir nuevos sentidos en torno a las colecciones y los archivos.<\/p>\n\n\n\n<p>La propuesta dialogada implica recorrer un museo dentro de otro museo, para desatar los peque\u00f1os nudos ocultos, advertir fugas y fisuras. El relato de las historias, junto al acto de leer e imaginar las situaciones narradas, resultar\u00e1n en el atractivo para el p\u00fablico presente.<\/p>\n","protected":false},"excerpt":{"rendered":"<p>En el marco de la Muestra Museo Ant\u00e1rtico, el pr\u00f3ximo viernes 25 de febrero tendr\u00e1 lugar el conversatorio La Novela de las Cosas, a cargo de Mariana Robles. El encuentro con el p\u00fablico se realizar\u00e1 en el Museo Municipal de Bellas Artes Fernando Bonfiglioli. La artista polifac\u00e9tica cuenta con una nutrida colecci\u00f3n de libros de [&hellip;]<\/p>\n","protected":false},"author":4,"featured_media":53145,"comment_status":"open","ping_status":"open","sticky":false,"template":"","format":"standard","meta":{"site-sidebar-layout":"default","site-content-layout":"default","ast-site-content-layout":"default","site-content-style":"default","site-sidebar-style":"default","ast-global-header-display":"","ast-banner-title-visibility":"","ast-main-header-display":"","ast-hfb-above-header-display":"","ast-hfb-below-header-display":"","ast-hfb-mobile-header-display":"","site-post-title":"","ast-breadcrumbs-content":"","ast-featured-img":"","footer-sml-layout":"","ast-disable-related-posts":"","theme-transparent-header-meta":"default","adv-header-id-meta":"","stick-header-meta":"","header-above-stick-meta":"","header-main-stick-meta":"","header-below-stick-meta":"","astra-migrate-meta-layouts":"default","ast-page-background-enabled":"default","ast-page-background-meta":{"desktop":{"background-color":"","background-image":"","background-repeat":"repeat","background-position":"center center","background-size":"auto","background-attachment":"scroll","background-type":"","background-media":"","overlay-type":"","overlay-color":"","overlay-opacity":"","overlay-gradient":""},"tablet":{"background-color":"","background-image":"","background-repeat":"repeat","background-position":"center center","background-size":"auto","background-attachment":"scroll","background-type":"","background-media":"","overlay-type":"","overlay-color":"","overlay-opacity":"","overlay-gradient":""},"mobile":{"background-color":"","background-image":"","background-repeat":"repeat","background-position":"center center","background-size":"auto","background-attachment":"scroll","background-type":"","background-media":"","overlay-type":"","overlay-color":"","overlay-opacity":"","overlay-gradient":""}},"ast-content-background-meta":{"desktop":{"background-color":"var(--ast-global-color-5)","background-image":"","background-repeat":"repeat","background-position":"center center","background-size":"auto","background-attachment":"scroll","background-type":"","background-media":"","overlay-type":"","overlay-color":"","overlay-opacity":"","overlay-gradient":""},"tablet":{"background-color":"var(--ast-global-color-5)","background-image":"","background-repeat":"repeat","background-position":"center center","background-size":"auto","background-attachment":"scroll","background-type":"","background-media":"","overlay-type":"","overlay-color":"","overlay-opacity":"","overlay-gradient":""},"mobile":{"background-color":"var(--ast-global-color-5)","background-image":"","background-repeat":"repeat","background-position":"center center","background-size":"auto","background-attachment":"scroll","background-type":"","background-media":"","overlay-type":"","overlay-color":"","overlay-opacity":"","overlay-gradient":""}},"_jetpack_memberships_contains_paid_content":false,"_joinchat":[],"footnotes":""},"categories":[2068],"tags":[1232,13889,13887,13888,9073,2248],"class_list":["post-53144","post","type-post","status-publish","format-standard","has-post-thumbnail","hentry","category-cultura-deporte","tag-destacado","tag-disertacion","tag-la-novela-de-las-cosas","tag-mariana-robles","tag-museo-bonfiglioli","tag-villa-maria-2"],"yoast_head":"<!-- This site is optimized with the Yoast SEO plugin v26.8 - https:\/\/yoast.com\/product\/yoast-seo-wordpress\/ -->\n<title>Museo Bonfiglioli: disertaci\u00f3n sobre &quot;La Novela de las Cosas&quot; de Mariana Robles - El Regional<\/title>\n<meta name=\"robots\" content=\"index, follow, max-snippet:-1, max-image-preview:large, max-video-preview:-1\" \/>\n<link rel=\"canonical\" href=\"http:\/\/elregionalvm.com.ar\/noticias-villa-maria\/museo-bonfiglioli-disertacion-sobre-la-novela-de-las-cosas-de-mariana-robles\/\" \/>\n<meta property=\"og:locale\" content=\"es_ES\" \/>\n<meta property=\"og:type\" content=\"article\" \/>\n<meta property=\"og:title\" content=\"Museo Bonfiglioli: disertaci\u00f3n sobre &quot;La Novela de las Cosas&quot; de Mariana Robles - El Regional\" \/>\n<meta property=\"og:description\" content=\"En el marco de la Muestra Museo Ant\u00e1rtico, el pr\u00f3ximo viernes 25 de febrero tendr\u00e1 lugar el conversatorio La Novela de las Cosas, a cargo de Mariana Robles. El encuentro con el p\u00fablico se realizar\u00e1 en el Museo Municipal de Bellas Artes Fernando Bonfiglioli. La artista polifac\u00e9tica cuenta con una nutrida colecci\u00f3n de libros de [&hellip;]\" \/>\n<meta property=\"og:url\" content=\"http:\/\/elregionalvm.com.ar\/noticias-villa-maria\/museo-bonfiglioli-disertacion-sobre-la-novela-de-las-cosas-de-mariana-robles\/\" \/>\n<meta property=\"og:site_name\" content=\"El Regional\" \/>\n<meta property=\"article:publisher\" content=\"https:\/\/www.facebook.com\/elregionalvm\" \/>\n<meta property=\"article:published_time\" content=\"2022-02-23T21:08:28+00:00\" \/>\n<meta property=\"article:modified_time\" content=\"2022-02-23T21:08:29+00:00\" \/>\n<meta property=\"og:image\" content=\"http:\/\/elregionalvm.com.ar\/noticias-villa-maria\/wp-content\/uploads\/2022\/02\/la-novela-de-las-cosas.jpg\" \/>\n\t<meta property=\"og:image:width\" content=\"526\" \/>\n\t<meta property=\"og:image:height\" content=\"526\" \/>\n\t<meta property=\"og:image:type\" content=\"image\/jpeg\" \/>\n<meta name=\"author\" content=\"Contenidos El Regional\" \/>\n<meta name=\"twitter:card\" content=\"summary_large_image\" \/>\n<meta name=\"twitter:creator\" content=\"@elregionalvm1\" \/>\n<meta name=\"twitter:site\" content=\"@elregionalvm1\" \/>\n<meta name=\"twitter:label1\" content=\"Escrito por\" \/>\n\t<meta name=\"twitter:data1\" content=\"Contenidos El Regional\" \/>\n\t<meta name=\"twitter:label2\" content=\"Tiempo de lectura\" \/>\n\t<meta name=\"twitter:data2\" content=\"2 minutos\" \/>\n<script type=\"application\/ld+json\" class=\"yoast-schema-graph\">{\"@context\":\"https:\/\/schema.org\",\"@graph\":[{\"@type\":\"Article\",\"@id\":\"http:\/\/elregionalvm.com.ar\/noticias-villa-maria\/museo-bonfiglioli-disertacion-sobre-la-novela-de-las-cosas-de-mariana-robles\/#article\",\"isPartOf\":{\"@id\":\"http:\/\/elregionalvm.com.ar\/noticias-villa-maria\/museo-bonfiglioli-disertacion-sobre-la-novela-de-las-cosas-de-mariana-robles\/\"},\"author\":{\"name\":\"Contenidos El Regional\",\"@id\":\"http:\/\/elregionalvm.com.ar\/noticias-villa-maria\/#\/schema\/person\/a0fb9c422317faca23d50163151bc354\"},\"headline\":\"Museo Bonfiglioli: disertaci\u00f3n sobre \u00abLa Novela de las Cosas\u00bb de Mariana Robles\",\"datePublished\":\"2022-02-23T21:08:28+00:00\",\"dateModified\":\"2022-02-23T21:08:29+00:00\",\"mainEntityOfPage\":{\"@id\":\"http:\/\/elregionalvm.com.ar\/noticias-villa-maria\/museo-bonfiglioli-disertacion-sobre-la-novela-de-las-cosas-de-mariana-robles\/\"},\"wordCount\":250,\"commentCount\":0,\"image\":{\"@id\":\"http:\/\/elregionalvm.com.ar\/noticias-villa-maria\/museo-bonfiglioli-disertacion-sobre-la-novela-de-las-cosas-de-mariana-robles\/#primaryimage\"},\"thumbnailUrl\":\"https:\/\/i0.wp.com\/elregionalvm.com.ar\/noticias-villa-maria\/wp-content\/uploads\/2022\/02\/la-novela-de-las-cosas.jpg?fit=526%2C526&ssl=1\",\"keywords\":[\"destacado\",\"disertaci\u00f3n\",\"La Novela de las Cosas\",\"Mariana Robles\",\"Museo Bonfiglioli\",\"Villa Mar\u00eda\"],\"articleSection\":[\"Cultura\"],\"inLanguage\":\"es\",\"potentialAction\":[{\"@type\":\"CommentAction\",\"name\":\"Comment\",\"target\":[\"http:\/\/elregionalvm.com.ar\/noticias-villa-maria\/museo-bonfiglioli-disertacion-sobre-la-novela-de-las-cosas-de-mariana-robles\/#respond\"]}]},{\"@type\":\"WebPage\",\"@id\":\"http:\/\/elregionalvm.com.ar\/noticias-villa-maria\/museo-bonfiglioli-disertacion-sobre-la-novela-de-las-cosas-de-mariana-robles\/\",\"url\":\"http:\/\/elregionalvm.com.ar\/noticias-villa-maria\/museo-bonfiglioli-disertacion-sobre-la-novela-de-las-cosas-de-mariana-robles\/\",\"name\":\"Museo Bonfiglioli: disertaci\u00f3n sobre \\\"La Novela de las Cosas\\\" de Mariana Robles - El Regional\",\"isPartOf\":{\"@id\":\"http:\/\/elregionalvm.com.ar\/noticias-villa-maria\/#website\"},\"primaryImageOfPage\":{\"@id\":\"http:\/\/elregionalvm.com.ar\/noticias-villa-maria\/museo-bonfiglioli-disertacion-sobre-la-novela-de-las-cosas-de-mariana-robles\/#primaryimage\"},\"image\":{\"@id\":\"http:\/\/elregionalvm.com.ar\/noticias-villa-maria\/museo-bonfiglioli-disertacion-sobre-la-novela-de-las-cosas-de-mariana-robles\/#primaryimage\"},\"thumbnailUrl\":\"https:\/\/i0.wp.com\/elregionalvm.com.ar\/noticias-villa-maria\/wp-content\/uploads\/2022\/02\/la-novela-de-las-cosas.jpg?fit=526%2C526&ssl=1\",\"datePublished\":\"2022-02-23T21:08:28+00:00\",\"dateModified\":\"2022-02-23T21:08:29+00:00\",\"author\":{\"@id\":\"http:\/\/elregionalvm.com.ar\/noticias-villa-maria\/#\/schema\/person\/a0fb9c422317faca23d50163151bc354\"},\"breadcrumb\":{\"@id\":\"http:\/\/elregionalvm.com.ar\/noticias-villa-maria\/museo-bonfiglioli-disertacion-sobre-la-novela-de-las-cosas-de-mariana-robles\/#breadcrumb\"},\"inLanguage\":\"es\",\"potentialAction\":[{\"@type\":\"ReadAction\",\"target\":[\"http:\/\/elregionalvm.com.ar\/noticias-villa-maria\/museo-bonfiglioli-disertacion-sobre-la-novela-de-las-cosas-de-mariana-robles\/\"]}]},{\"@type\":\"ImageObject\",\"inLanguage\":\"es\",\"@id\":\"http:\/\/elregionalvm.com.ar\/noticias-villa-maria\/museo-bonfiglioli-disertacion-sobre-la-novela-de-las-cosas-de-mariana-robles\/#primaryimage\",\"url\":\"https:\/\/i0.wp.com\/elregionalvm.com.ar\/noticias-villa-maria\/wp-content\/uploads\/2022\/02\/la-novela-de-las-cosas.jpg?fit=526%2C526&ssl=1\",\"contentUrl\":\"https:\/\/i0.wp.com\/elregionalvm.com.ar\/noticias-villa-maria\/wp-content\/uploads\/2022\/02\/la-novela-de-las-cosas.jpg?fit=526%2C526&ssl=1\",\"width\":526,\"height\":526},{\"@type\":\"BreadcrumbList\",\"@id\":\"http:\/\/elregionalvm.com.ar\/noticias-villa-maria\/museo-bonfiglioli-disertacion-sobre-la-novela-de-las-cosas-de-mariana-robles\/#breadcrumb\",\"itemListElement\":[{\"@type\":\"ListItem\",\"position\":1,\"name\":\"Portada\",\"item\":\"https:\/\/elregionalvm.com.ar\/noticias-villa-maria\/\"},{\"@type\":\"ListItem\",\"position\":2,\"name\":\"Museo Bonfiglioli: disertaci\u00f3n sobre &#8220;La Novela de las Cosas&#8221; de Mariana Robles\"}]},{\"@type\":\"WebSite\",\"@id\":\"http:\/\/elregionalvm.com.ar\/noticias-villa-maria\/#website\",\"url\":\"http:\/\/elregionalvm.com.ar\/noticias-villa-maria\/\",\"name\":\"El Regional\",\"description\":\"Mucho m\u00e1s que informaci\u00f3n\",\"potentialAction\":[{\"@type\":\"SearchAction\",\"target\":{\"@type\":\"EntryPoint\",\"urlTemplate\":\"http:\/\/elregionalvm.com.ar\/noticias-villa-maria\/?s={search_term_string}\"},\"query-input\":{\"@type\":\"PropertyValueSpecification\",\"valueRequired\":true,\"valueName\":\"search_term_string\"}}],\"inLanguage\":\"es\"},{\"@type\":\"Person\",\"@id\":\"http:\/\/elregionalvm.com.ar\/noticias-villa-maria\/#\/schema\/person\/a0fb9c422317faca23d50163151bc354\",\"name\":\"Contenidos El Regional\",\"image\":{\"@type\":\"ImageObject\",\"inLanguage\":\"es\",\"@id\":\"http:\/\/elregionalvm.com.ar\/noticias-villa-maria\/#\/schema\/person\/image\/\",\"url\":\"https:\/\/secure.gravatar.com\/avatar\/265b27cb2209af7bb3a1318f03305787d7981a5cc6e6cd08fe5a4ecdf99d4b48?s=96&d=mm&r=g\",\"contentUrl\":\"https:\/\/secure.gravatar.com\/avatar\/265b27cb2209af7bb3a1318f03305787d7981a5cc6e6cd08fe5a4ecdf99d4b48?s=96&d=mm&r=g\",\"caption\":\"Contenidos El Regional\"},\"url\":\"https:\/\/elregionalvm.com.ar\/noticias-villa-maria\/author\/contenido\/\"}]}<\/script>\n<!-- \/ Yoast SEO plugin. -->","yoast_head_json":{"title":"Museo Bonfiglioli: disertaci\u00f3n sobre \"La Novela de las Cosas\" de Mariana Robles - El Regional","robots":{"index":"index","follow":"follow","max-snippet":"max-snippet:-1","max-image-preview":"max-image-preview:large","max-video-preview":"max-video-preview:-1"},"canonical":"http:\/\/elregionalvm.com.ar\/noticias-villa-maria\/museo-bonfiglioli-disertacion-sobre-la-novela-de-las-cosas-de-mariana-robles\/","og_locale":"es_ES","og_type":"article","og_title":"Museo Bonfiglioli: disertaci\u00f3n sobre \"La Novela de las Cosas\" de Mariana Robles - El Regional","og_description":"En el marco de la Muestra Museo Ant\u00e1rtico, el pr\u00f3ximo viernes 25 de febrero tendr\u00e1 lugar el conversatorio La Novela de las Cosas, a cargo de Mariana Robles. El encuentro con el p\u00fablico se realizar\u00e1 en el Museo Municipal de Bellas Artes Fernando Bonfiglioli. La artista polifac\u00e9tica cuenta con una nutrida colecci\u00f3n de libros de [&hellip;]","og_url":"http:\/\/elregionalvm.com.ar\/noticias-villa-maria\/museo-bonfiglioli-disertacion-sobre-la-novela-de-las-cosas-de-mariana-robles\/","og_site_name":"El Regional","article_publisher":"https:\/\/www.facebook.com\/elregionalvm","article_published_time":"2022-02-23T21:08:28+00:00","article_modified_time":"2022-02-23T21:08:29+00:00","og_image":[{"width":526,"height":526,"url":"http:\/\/elregionalvm.com.ar\/noticias-villa-maria\/wp-content\/uploads\/2022\/02\/la-novela-de-las-cosas.jpg","type":"image\/jpeg"}],"author":"Contenidos El Regional","twitter_card":"summary_large_image","twitter_creator":"@elregionalvm1","twitter_site":"@elregionalvm1","twitter_misc":{"Escrito por":"Contenidos El Regional","Tiempo de lectura":"2 minutos"},"schema":{"@context":"https:\/\/schema.org","@graph":[{"@type":"Article","@id":"http:\/\/elregionalvm.com.ar\/noticias-villa-maria\/museo-bonfiglioli-disertacion-sobre-la-novela-de-las-cosas-de-mariana-robles\/#article","isPartOf":{"@id":"http:\/\/elregionalvm.com.ar\/noticias-villa-maria\/museo-bonfiglioli-disertacion-sobre-la-novela-de-las-cosas-de-mariana-robles\/"},"author":{"name":"Contenidos El Regional","@id":"http:\/\/elregionalvm.com.ar\/noticias-villa-maria\/#\/schema\/person\/a0fb9c422317faca23d50163151bc354"},"headline":"Museo Bonfiglioli: disertaci\u00f3n sobre \u00abLa Novela de las Cosas\u00bb de Mariana Robles","datePublished":"2022-02-23T21:08:28+00:00","dateModified":"2022-02-23T21:08:29+00:00","mainEntityOfPage":{"@id":"http:\/\/elregionalvm.com.ar\/noticias-villa-maria\/museo-bonfiglioli-disertacion-sobre-la-novela-de-las-cosas-de-mariana-robles\/"},"wordCount":250,"commentCount":0,"image":{"@id":"http:\/\/elregionalvm.com.ar\/noticias-villa-maria\/museo-bonfiglioli-disertacion-sobre-la-novela-de-las-cosas-de-mariana-robles\/#primaryimage"},"thumbnailUrl":"https:\/\/i0.wp.com\/elregionalvm.com.ar\/noticias-villa-maria\/wp-content\/uploads\/2022\/02\/la-novela-de-las-cosas.jpg?fit=526%2C526&ssl=1","keywords":["destacado","disertaci\u00f3n","La Novela de las Cosas","Mariana Robles","Museo Bonfiglioli","Villa Mar\u00eda"],"articleSection":["Cultura"],"inLanguage":"es","potentialAction":[{"@type":"CommentAction","name":"Comment","target":["http:\/\/elregionalvm.com.ar\/noticias-villa-maria\/museo-bonfiglioli-disertacion-sobre-la-novela-de-las-cosas-de-mariana-robles\/#respond"]}]},{"@type":"WebPage","@id":"http:\/\/elregionalvm.com.ar\/noticias-villa-maria\/museo-bonfiglioli-disertacion-sobre-la-novela-de-las-cosas-de-mariana-robles\/","url":"http:\/\/elregionalvm.com.ar\/noticias-villa-maria\/museo-bonfiglioli-disertacion-sobre-la-novela-de-las-cosas-de-mariana-robles\/","name":"Museo Bonfiglioli: disertaci\u00f3n sobre \"La Novela de las Cosas\" de Mariana Robles - El Regional","isPartOf":{"@id":"http:\/\/elregionalvm.com.ar\/noticias-villa-maria\/#website"},"primaryImageOfPage":{"@id":"http:\/\/elregionalvm.com.ar\/noticias-villa-maria\/museo-bonfiglioli-disertacion-sobre-la-novela-de-las-cosas-de-mariana-robles\/#primaryimage"},"image":{"@id":"http:\/\/elregionalvm.com.ar\/noticias-villa-maria\/museo-bonfiglioli-disertacion-sobre-la-novela-de-las-cosas-de-mariana-robles\/#primaryimage"},"thumbnailUrl":"https:\/\/i0.wp.com\/elregionalvm.com.ar\/noticias-villa-maria\/wp-content\/uploads\/2022\/02\/la-novela-de-las-cosas.jpg?fit=526%2C526&ssl=1","datePublished":"2022-02-23T21:08:28+00:00","dateModified":"2022-02-23T21:08:29+00:00","author":{"@id":"http:\/\/elregionalvm.com.ar\/noticias-villa-maria\/#\/schema\/person\/a0fb9c422317faca23d50163151bc354"},"breadcrumb":{"@id":"http:\/\/elregionalvm.com.ar\/noticias-villa-maria\/museo-bonfiglioli-disertacion-sobre-la-novela-de-las-cosas-de-mariana-robles\/#breadcrumb"},"inLanguage":"es","potentialAction":[{"@type":"ReadAction","target":["http:\/\/elregionalvm.com.ar\/noticias-villa-maria\/museo-bonfiglioli-disertacion-sobre-la-novela-de-las-cosas-de-mariana-robles\/"]}]},{"@type":"ImageObject","inLanguage":"es","@id":"http:\/\/elregionalvm.com.ar\/noticias-villa-maria\/museo-bonfiglioli-disertacion-sobre-la-novela-de-las-cosas-de-mariana-robles\/#primaryimage","url":"https:\/\/i0.wp.com\/elregionalvm.com.ar\/noticias-villa-maria\/wp-content\/uploads\/2022\/02\/la-novela-de-las-cosas.jpg?fit=526%2C526&ssl=1","contentUrl":"https:\/\/i0.wp.com\/elregionalvm.com.ar\/noticias-villa-maria\/wp-content\/uploads\/2022\/02\/la-novela-de-las-cosas.jpg?fit=526%2C526&ssl=1","width":526,"height":526},{"@type":"BreadcrumbList","@id":"http:\/\/elregionalvm.com.ar\/noticias-villa-maria\/museo-bonfiglioli-disertacion-sobre-la-novela-de-las-cosas-de-mariana-robles\/#breadcrumb","itemListElement":[{"@type":"ListItem","position":1,"name":"Portada","item":"https:\/\/elregionalvm.com.ar\/noticias-villa-maria\/"},{"@type":"ListItem","position":2,"name":"Museo Bonfiglioli: disertaci\u00f3n sobre &#8220;La Novela de las Cosas&#8221; de Mariana Robles"}]},{"@type":"WebSite","@id":"http:\/\/elregionalvm.com.ar\/noticias-villa-maria\/#website","url":"http:\/\/elregionalvm.com.ar\/noticias-villa-maria\/","name":"El Regional","description":"Mucho m\u00e1s que informaci\u00f3n","potentialAction":[{"@type":"SearchAction","target":{"@type":"EntryPoint","urlTemplate":"http:\/\/elregionalvm.com.ar\/noticias-villa-maria\/?s={search_term_string}"},"query-input":{"@type":"PropertyValueSpecification","valueRequired":true,"valueName":"search_term_string"}}],"inLanguage":"es"},{"@type":"Person","@id":"http:\/\/elregionalvm.com.ar\/noticias-villa-maria\/#\/schema\/person\/a0fb9c422317faca23d50163151bc354","name":"Contenidos El Regional","image":{"@type":"ImageObject","inLanguage":"es","@id":"http:\/\/elregionalvm.com.ar\/noticias-villa-maria\/#\/schema\/person\/image\/","url":"https:\/\/secure.gravatar.com\/avatar\/265b27cb2209af7bb3a1318f03305787d7981a5cc6e6cd08fe5a4ecdf99d4b48?s=96&d=mm&r=g","contentUrl":"https:\/\/secure.gravatar.com\/avatar\/265b27cb2209af7bb3a1318f03305787d7981a5cc6e6cd08fe5a4ecdf99d4b48?s=96&d=mm&r=g","caption":"Contenidos El Regional"},"url":"https:\/\/elregionalvm.com.ar\/noticias-villa-maria\/author\/contenido\/"}]}},"jetpack_featured_media_url":"https:\/\/i0.wp.com\/elregionalvm.com.ar\/noticias-villa-maria\/wp-content\/uploads\/2022\/02\/la-novela-de-las-cosas.jpg?fit=526%2C526&ssl=1","jetpack_sharing_enabled":true,"_links":{"self":[{"href":"https:\/\/elregionalvm.com.ar\/noticias-villa-maria\/wp-json\/wp\/v2\/posts\/53144","targetHints":{"allow":["GET"]}}],"collection":[{"href":"https:\/\/elregionalvm.com.ar\/noticias-villa-maria\/wp-json\/wp\/v2\/posts"}],"about":[{"href":"https:\/\/elregionalvm.com.ar\/noticias-villa-maria\/wp-json\/wp\/v2\/types\/post"}],"author":[{"embeddable":true,"href":"https:\/\/elregionalvm.com.ar\/noticias-villa-maria\/wp-json\/wp\/v2\/users\/4"}],"replies":[{"embeddable":true,"href":"https:\/\/elregionalvm.com.ar\/noticias-villa-maria\/wp-json\/wp\/v2\/comments?post=53144"}],"version-history":[{"count":1,"href":"https:\/\/elregionalvm.com.ar\/noticias-villa-maria\/wp-json\/wp\/v2\/posts\/53144\/revisions"}],"predecessor-version":[{"id":53146,"href":"https:\/\/elregionalvm.com.ar\/noticias-villa-maria\/wp-json\/wp\/v2\/posts\/53144\/revisions\/53146"}],"wp:featuredmedia":[{"embeddable":true,"href":"https:\/\/elregionalvm.com.ar\/noticias-villa-maria\/wp-json\/wp\/v2\/media\/53145"}],"wp:attachment":[{"href":"https:\/\/elregionalvm.com.ar\/noticias-villa-maria\/wp-json\/wp\/v2\/media?parent=53144"}],"wp:term":[{"taxonomy":"category","embeddable":true,"href":"https:\/\/elregionalvm.com.ar\/noticias-villa-maria\/wp-json\/wp\/v2\/categories?post=53144"},{"taxonomy":"post_tag","embeddable":true,"href":"https:\/\/elregionalvm.com.ar\/noticias-villa-maria\/wp-json\/wp\/v2\/tags?post=53144"}],"curies":[{"name":"wp","href":"https:\/\/api.w.org\/{rel}","templated":true}]}}