{"id":53150,"date":"2022-02-23T21:54:56","date_gmt":"2022-02-23T21:54:56","guid":{"rendered":"https:\/\/elregionalvm.com.ar\/noticias-villa-maria\/?p=53150"},"modified":"2022-02-23T21:54:57","modified_gmt":"2022-02-23T21:54:57","slug":"tres-empresas-interesadas-por-las-cloacas-de-las-23-hectareas-de-las-playas","status":"publish","type":"post","link":"https:\/\/elregionalvm.com.ar\/noticias-villa-maria\/tres-empresas-interesadas-por-las-cloacas-de-las-23-hectareas-de-las-playas\/","title":{"rendered":"Tres empresas interesadas por las cloacas de las 23 hect\u00e1reas de Las Playas"},"content":{"rendered":"\n<p>El intendente Mart\u00edn Gill encabez\u00f3 la apertura de sobres de la licitaci\u00f3n p\u00fablica para la red de cloacas del programa Casa Propia, para el loteo del ecobarrio de 23 hect\u00e1reas ubicado en barrio Las Playas. De esta manera, se complet\u00f3 este paso para las tres licitaciones de infraestructura en marcha para el sector, tras la apertura de sobres realizada el lunes para cord\u00f3n cuneta y red de agua potable.<\/p>\n\n\n\n<p>La licitaci\u00f3n N\u00b0 1\/2022 correspondiente a la mencionada obra, fue convocada por el Instituto Municipal de la Vivienda e Infraestructura (IMV). El plan de ejecuci\u00f3n se encuentra financiado por el Ministerio de Obras P\u00fablicas de la Naci\u00f3n, a trav\u00e9s del programa Argentina Hace; y su gesti\u00f3n a nivel local se encuentra bajo la \u00f3rbita del mencionado Instituto.<\/p>\n\n\n\n<p>En tal sentido, se hicieron efectivas las presentaciones de tres empresas. El primer ofertante fue la <strong>Cooperativa de Trabajo 15 de Mayo Ltda.<\/strong>, cuya propuesta fue de 64.134.284 pesos. El segundo sobre lo present\u00f3 la firma <strong>Roma Servicios Integrales S.A.<\/strong>, con una oferta econ\u00f3mica de 58.136.730,14 pesos. Por \u00faltimo, <strong>la empresa Arrow S.R.L.<\/strong> propuso un monto de 64.522.466,53 pesos.<\/p>\n\n\n\n<p>Durante la apertura de sobres, el mandatario local procedi\u00f3 a constatar la presentaci\u00f3n de los requisitos formales por parte de las tres empresas. Finalizado el acto de apertura, la Comisi\u00f3n Evaluadora ya comenz\u00f3 a analizar las diferentes propuestas que llevar\u00e1n adelante la obra, a fin de determinar cu\u00e1l ser\u00e1 la firma adjudicataria. En el mismo encuentro, la comisi\u00f3n tambi\u00e9n analiza las ofertas presentadas en el marco de la licitaciones para las obras de cord\u00f3n cuneta y red de agua potable para el mismo sector.<\/p>\n\n\n\n<figure class=\"wp-block-image size-large\"><img data-recalc-dims=\"1\" fetchpriority=\"high\" decoding=\"async\" width=\"1024\" height=\"682\" src=\"https:\/\/i0.wp.com\/elregionalvm.com.ar\/noticias-villa-maria\/wp-content\/uploads\/2022\/02\/WhatsApp-Image-2022-02-23-at-14.03.27.jpeg?resize=1024%2C682&#038;ssl=1\" alt=\"\" class=\"wp-image-53152\" srcset=\"https:\/\/i0.wp.com\/elregionalvm.com.ar\/noticias-villa-maria\/wp-content\/uploads\/2022\/02\/WhatsApp-Image-2022-02-23-at-14.03.27.jpeg?resize=1024%2C682&amp;ssl=1 1024w, https:\/\/i0.wp.com\/elregionalvm.com.ar\/noticias-villa-maria\/wp-content\/uploads\/2022\/02\/WhatsApp-Image-2022-02-23-at-14.03.27.jpeg?resize=300%2C200&amp;ssl=1 300w, https:\/\/i0.wp.com\/elregionalvm.com.ar\/noticias-villa-maria\/wp-content\/uploads\/2022\/02\/WhatsApp-Image-2022-02-23-at-14.03.27.jpeg?resize=768%2C512&amp;ssl=1 768w, https:\/\/i0.wp.com\/elregionalvm.com.ar\/noticias-villa-maria\/wp-content\/uploads\/2022\/02\/WhatsApp-Image-2022-02-23-at-14.03.27.jpeg?w=1280&amp;ssl=1 1280w\" sizes=\"(max-width: 1000px) 100vw, 1000px\" \/><\/figure>\n\n\n\n<p><\/p>\n","protected":false},"excerpt":{"rendered":"<p>El intendente Mart\u00edn Gill encabez\u00f3 la apertura de sobres de la licitaci\u00f3n p\u00fablica para la red de cloacas del programa Casa Propia, para el loteo del ecobarrio de 23 hect\u00e1reas ubicado en barrio Las Playas. De esta manera, se complet\u00f3 este paso para las tres licitaciones de infraestructura en marcha para el sector, tras la [&hellip;]<\/p>\n","protected":false},"author":4,"featured_media":53151,"comment_status":"open","ping_status":"open","sticky":false,"template":"","format":"standard","meta":{"site-sidebar-layout":"default","site-content-layout":"default","ast-site-content-layout":"default","site-content-style":"default","site-sidebar-style":"default","ast-global-header-display":"","ast-banner-title-visibility":"","ast-main-header-display":"","ast-hfb-above-header-display":"","ast-hfb-below-header-display":"","ast-hfb-mobile-header-display":"","site-post-title":"","ast-breadcrumbs-content":"","ast-featured-img":"","footer-sml-layout":"","ast-disable-related-posts":"","theme-transparent-header-meta":"default","adv-header-id-meta":"","stick-header-meta":"","header-above-stick-meta":"","header-main-stick-meta":"","header-below-stick-meta":"","astra-migrate-meta-layouts":"default","ast-page-background-enabled":"default","ast-page-background-meta":{"desktop":{"background-color":"","background-image":"","background-repeat":"repeat","background-position":"center center","background-size":"auto","background-attachment":"scroll","background-type":"","background-media":"","overlay-type":"","overlay-color":"","overlay-opacity":"","overlay-gradient":""},"tablet":{"background-color":"","background-image":"","background-repeat":"repeat","background-position":"center center","background-size":"auto","background-attachment":"scroll","background-type":"","background-media":"","overlay-type":"","overlay-color":"","overlay-opacity":"","overlay-gradient":""},"mobile":{"background-color":"","background-image":"","background-repeat":"repeat","background-position":"center center","background-size":"auto","background-attachment":"scroll","background-type":"","background-media":"","overlay-type":"","overlay-color":"","overlay-opacity":"","overlay-gradient":""}},"ast-content-background-meta":{"desktop":{"background-color":"var(--ast-global-color-5)","background-image":"","background-repeat":"repeat","background-position":"center center","background-size":"auto","background-attachment":"scroll","background-type":"","background-media":"","overlay-type":"","overlay-color":"","overlay-opacity":"","overlay-gradient":""},"tablet":{"background-color":"var(--ast-global-color-5)","background-image":"","background-repeat":"repeat","background-position":"center center","background-size":"auto","background-attachment":"scroll","background-type":"","background-media":"","overlay-type":"","overlay-color":"","overlay-opacity":"","overlay-gradient":""},"mobile":{"background-color":"var(--ast-global-color-5)","background-image":"","background-repeat":"repeat","background-position":"center center","background-size":"auto","background-attachment":"scroll","background-type":"","background-media":"","overlay-type":"","overlay-color":"","overlay-opacity":"","overlay-gradient":""}},"_jetpack_memberships_contains_paid_content":false,"_joinchat":[],"footnotes":""},"categories":[2],"tags":[13891,7922,13845,2301,13844,1232,13628,13843],"class_list":["post-53150","post","type-post","status-publish","format-standard","has-post-thumbnail","hentry","category-villa-maria","tag-23-hectareas","tag-apertura-de-sobres","tag-arrow-s-r-l","tag-barrio-las-playas","tag-cooperativa-de-trabajo-15-de-mayo-ltda","tag-destacado","tag-obra-de-cloacas","tag-roma-servicios-integrales-s-a"],"yoast_head":"<!-- This site is optimized with the Yoast SEO plugin v26.8 - https:\/\/yoast.com\/product\/yoast-seo-wordpress\/ -->\n<title>Tres empresas interesadas por las cloacas de las 23 hect\u00e1reas de Las Playas - El Regional<\/title>\n<meta name=\"robots\" content=\"index, follow, max-snippet:-1, max-image-preview:large, max-video-preview:-1\" \/>\n<link rel=\"canonical\" href=\"http:\/\/elregionalvm.com.ar\/noticias-villa-maria\/tres-empresas-interesadas-por-las-cloacas-de-las-23-hectareas-de-las-playas\/\" \/>\n<meta property=\"og:locale\" content=\"es_ES\" \/>\n<meta property=\"og:type\" content=\"article\" \/>\n<meta property=\"og:title\" content=\"Tres empresas interesadas por las cloacas de las 23 hect\u00e1reas de Las Playas - El Regional\" \/>\n<meta property=\"og:description\" content=\"El intendente Mart\u00edn Gill encabez\u00f3 la apertura de sobres de la licitaci\u00f3n p\u00fablica para la red de cloacas del programa Casa Propia, para el loteo del ecobarrio de 23 hect\u00e1reas ubicado en barrio Las Playas. De esta manera, se complet\u00f3 este paso para las tres licitaciones de infraestructura en marcha para el sector, tras la [&hellip;]\" \/>\n<meta property=\"og:url\" content=\"http:\/\/elregionalvm.com.ar\/noticias-villa-maria\/tres-empresas-interesadas-por-las-cloacas-de-las-23-hectareas-de-las-playas\/\" \/>\n<meta property=\"og:site_name\" content=\"El Regional\" \/>\n<meta property=\"article:publisher\" content=\"https:\/\/www.facebook.com\/elregionalvm\" \/>\n<meta property=\"article:published_time\" content=\"2022-02-23T21:54:56+00:00\" \/>\n<meta property=\"article:modified_time\" content=\"2022-02-23T21:54:57+00:00\" \/>\n<meta property=\"og:image\" content=\"http:\/\/elregionalvm.com.ar\/noticias-villa-maria\/wp-content\/uploads\/2022\/02\/WhatsApp-Image-2022-02-23-at-14.03.05.jpeg\" \/>\n\t<meta property=\"og:image:width\" content=\"1280\" \/>\n\t<meta property=\"og:image:height\" content=\"853\" \/>\n\t<meta property=\"og:image:type\" content=\"image\/jpeg\" \/>\n<meta name=\"author\" content=\"Contenidos El Regional\" \/>\n<meta name=\"twitter:card\" content=\"summary_large_image\" \/>\n<meta name=\"twitter:creator\" content=\"@elregionalvm1\" \/>\n<meta name=\"twitter:site\" content=\"@elregionalvm1\" \/>\n<meta name=\"twitter:label1\" content=\"Escrito por\" \/>\n\t<meta name=\"twitter:data1\" content=\"Contenidos El Regional\" \/>\n\t<meta name=\"twitter:label2\" content=\"Tiempo de lectura\" \/>\n\t<meta name=\"twitter:data2\" content=\"2 minutos\" \/>\n<script type=\"application\/ld+json\" class=\"yoast-schema-graph\">{\"@context\":\"https:\/\/schema.org\",\"@graph\":[{\"@type\":\"Article\",\"@id\":\"http:\/\/elregionalvm.com.ar\/noticias-villa-maria\/tres-empresas-interesadas-por-las-cloacas-de-las-23-hectareas-de-las-playas\/#article\",\"isPartOf\":{\"@id\":\"http:\/\/elregionalvm.com.ar\/noticias-villa-maria\/tres-empresas-interesadas-por-las-cloacas-de-las-23-hectareas-de-las-playas\/\"},\"author\":{\"name\":\"Contenidos El Regional\",\"@id\":\"http:\/\/elregionalvm.com.ar\/noticias-villa-maria\/#\/schema\/person\/a0fb9c422317faca23d50163151bc354\"},\"headline\":\"Tres empresas interesadas por las cloacas de las 23 hect\u00e1reas de Las Playas\",\"datePublished\":\"2022-02-23T21:54:56+00:00\",\"dateModified\":\"2022-02-23T21:54:57+00:00\",\"mainEntityOfPage\":{\"@id\":\"http:\/\/elregionalvm.com.ar\/noticias-villa-maria\/tres-empresas-interesadas-por-las-cloacas-de-las-23-hectareas-de-las-playas\/\"},\"wordCount\":298,\"commentCount\":0,\"image\":{\"@id\":\"http:\/\/elregionalvm.com.ar\/noticias-villa-maria\/tres-empresas-interesadas-por-las-cloacas-de-las-23-hectareas-de-las-playas\/#primaryimage\"},\"thumbnailUrl\":\"https:\/\/i0.wp.com\/elregionalvm.com.ar\/noticias-villa-maria\/wp-content\/uploads\/2022\/02\/WhatsApp-Image-2022-02-23-at-14.03.05.jpeg?fit=1280%2C853&ssl=1\",\"keywords\":[\"23 hect\u00e1reas\",\"apertura de sobres\",\"Arrow S.R.L\",\"Barrio Las Playas\",\"Cooperativa de Trabajo 15 de Mayo Ltda\",\"destacado\",\"obra de cloacas\",\"Roma Servicios Integrales S.A\"],\"articleSection\":[\"Villa Mar\u00eda\"],\"inLanguage\":\"es\",\"potentialAction\":[{\"@type\":\"CommentAction\",\"name\":\"Comment\",\"target\":[\"http:\/\/elregionalvm.com.ar\/noticias-villa-maria\/tres-empresas-interesadas-por-las-cloacas-de-las-23-hectareas-de-las-playas\/#respond\"]}]},{\"@type\":\"WebPage\",\"@id\":\"http:\/\/elregionalvm.com.ar\/noticias-villa-maria\/tres-empresas-interesadas-por-las-cloacas-de-las-23-hectareas-de-las-playas\/\",\"url\":\"http:\/\/elregionalvm.com.ar\/noticias-villa-maria\/tres-empresas-interesadas-por-las-cloacas-de-las-23-hectareas-de-las-playas\/\",\"name\":\"Tres empresas interesadas por las cloacas de las 23 hect\u00e1reas de Las Playas - El Regional\",\"isPartOf\":{\"@id\":\"http:\/\/elregionalvm.com.ar\/noticias-villa-maria\/#website\"},\"primaryImageOfPage\":{\"@id\":\"http:\/\/elregionalvm.com.ar\/noticias-villa-maria\/tres-empresas-interesadas-por-las-cloacas-de-las-23-hectareas-de-las-playas\/#primaryimage\"},\"image\":{\"@id\":\"http:\/\/elregionalvm.com.ar\/noticias-villa-maria\/tres-empresas-interesadas-por-las-cloacas-de-las-23-hectareas-de-las-playas\/#primaryimage\"},\"thumbnailUrl\":\"https:\/\/i0.wp.com\/elregionalvm.com.ar\/noticias-villa-maria\/wp-content\/uploads\/2022\/02\/WhatsApp-Image-2022-02-23-at-14.03.05.jpeg?fit=1280%2C853&ssl=1\",\"datePublished\":\"2022-02-23T21:54:56+00:00\",\"dateModified\":\"2022-02-23T21:54:57+00:00\",\"author\":{\"@id\":\"http:\/\/elregionalvm.com.ar\/noticias-villa-maria\/#\/schema\/person\/a0fb9c422317faca23d50163151bc354\"},\"breadcrumb\":{\"@id\":\"http:\/\/elregionalvm.com.ar\/noticias-villa-maria\/tres-empresas-interesadas-por-las-cloacas-de-las-23-hectareas-de-las-playas\/#breadcrumb\"},\"inLanguage\":\"es\",\"potentialAction\":[{\"@type\":\"ReadAction\",\"target\":[\"http:\/\/elregionalvm.com.ar\/noticias-villa-maria\/tres-empresas-interesadas-por-las-cloacas-de-las-23-hectareas-de-las-playas\/\"]}]},{\"@type\":\"ImageObject\",\"inLanguage\":\"es\",\"@id\":\"http:\/\/elregionalvm.com.ar\/noticias-villa-maria\/tres-empresas-interesadas-por-las-cloacas-de-las-23-hectareas-de-las-playas\/#primaryimage\",\"url\":\"https:\/\/i0.wp.com\/elregionalvm.com.ar\/noticias-villa-maria\/wp-content\/uploads\/2022\/02\/WhatsApp-Image-2022-02-23-at-14.03.05.jpeg?fit=1280%2C853&ssl=1\",\"contentUrl\":\"https:\/\/i0.wp.com\/elregionalvm.com.ar\/noticias-villa-maria\/wp-content\/uploads\/2022\/02\/WhatsApp-Image-2022-02-23-at-14.03.05.jpeg?fit=1280%2C853&ssl=1\",\"width\":1280,\"height\":853},{\"@type\":\"BreadcrumbList\",\"@id\":\"http:\/\/elregionalvm.com.ar\/noticias-villa-maria\/tres-empresas-interesadas-por-las-cloacas-de-las-23-hectareas-de-las-playas\/#breadcrumb\",\"itemListElement\":[{\"@type\":\"ListItem\",\"position\":1,\"name\":\"Portada\",\"item\":\"https:\/\/elregionalvm.com.ar\/noticias-villa-maria\/\"},{\"@type\":\"ListItem\",\"position\":2,\"name\":\"Tres empresas interesadas por las cloacas de las 23 hect\u00e1reas de Las Playas\"}]},{\"@type\":\"WebSite\",\"@id\":\"http:\/\/elregionalvm.com.ar\/noticias-villa-maria\/#website\",\"url\":\"http:\/\/elregionalvm.com.ar\/noticias-villa-maria\/\",\"name\":\"El Regional\",\"description\":\"Mucho m\u00e1s que informaci\u00f3n\",\"potentialAction\":[{\"@type\":\"SearchAction\",\"target\":{\"@type\":\"EntryPoint\",\"urlTemplate\":\"http:\/\/elregionalvm.com.ar\/noticias-villa-maria\/?s={search_term_string}\"},\"query-input\":{\"@type\":\"PropertyValueSpecification\",\"valueRequired\":true,\"valueName\":\"search_term_string\"}}],\"inLanguage\":\"es\"},{\"@type\":\"Person\",\"@id\":\"http:\/\/elregionalvm.com.ar\/noticias-villa-maria\/#\/schema\/person\/a0fb9c422317faca23d50163151bc354\",\"name\":\"Contenidos El Regional\",\"image\":{\"@type\":\"ImageObject\",\"inLanguage\":\"es\",\"@id\":\"http:\/\/elregionalvm.com.ar\/noticias-villa-maria\/#\/schema\/person\/image\/\",\"url\":\"https:\/\/secure.gravatar.com\/avatar\/265b27cb2209af7bb3a1318f03305787d7981a5cc6e6cd08fe5a4ecdf99d4b48?s=96&d=mm&r=g\",\"contentUrl\":\"https:\/\/secure.gravatar.com\/avatar\/265b27cb2209af7bb3a1318f03305787d7981a5cc6e6cd08fe5a4ecdf99d4b48?s=96&d=mm&r=g\",\"caption\":\"Contenidos El Regional\"},\"url\":\"https:\/\/elregionalvm.com.ar\/noticias-villa-maria\/author\/contenido\/\"}]}<\/script>\n<!-- \/ Yoast SEO plugin. -->","yoast_head_json":{"title":"Tres empresas interesadas por las cloacas de las 23 hect\u00e1reas de Las Playas - El Regional","robots":{"index":"index","follow":"follow","max-snippet":"max-snippet:-1","max-image-preview":"max-image-preview:large","max-video-preview":"max-video-preview:-1"},"canonical":"http:\/\/elregionalvm.com.ar\/noticias-villa-maria\/tres-empresas-interesadas-por-las-cloacas-de-las-23-hectareas-de-las-playas\/","og_locale":"es_ES","og_type":"article","og_title":"Tres empresas interesadas por las cloacas de las 23 hect\u00e1reas de Las Playas - El Regional","og_description":"El intendente Mart\u00edn Gill encabez\u00f3 la apertura de sobres de la licitaci\u00f3n p\u00fablica para la red de cloacas del programa Casa Propia, para el loteo del ecobarrio de 23 hect\u00e1reas ubicado en barrio Las Playas. De esta manera, se complet\u00f3 este paso para las tres licitaciones de infraestructura en marcha para el sector, tras la [&hellip;]","og_url":"http:\/\/elregionalvm.com.ar\/noticias-villa-maria\/tres-empresas-interesadas-por-las-cloacas-de-las-23-hectareas-de-las-playas\/","og_site_name":"El Regional","article_publisher":"https:\/\/www.facebook.com\/elregionalvm","article_published_time":"2022-02-23T21:54:56+00:00","article_modified_time":"2022-02-23T21:54:57+00:00","og_image":[{"width":1280,"height":853,"url":"http:\/\/elregionalvm.com.ar\/noticias-villa-maria\/wp-content\/uploads\/2022\/02\/WhatsApp-Image-2022-02-23-at-14.03.05.jpeg","type":"image\/jpeg"}],"author":"Contenidos El Regional","twitter_card":"summary_large_image","twitter_creator":"@elregionalvm1","twitter_site":"@elregionalvm1","twitter_misc":{"Escrito por":"Contenidos El Regional","Tiempo de lectura":"2 minutos"},"schema":{"@context":"https:\/\/schema.org","@graph":[{"@type":"Article","@id":"http:\/\/elregionalvm.com.ar\/noticias-villa-maria\/tres-empresas-interesadas-por-las-cloacas-de-las-23-hectareas-de-las-playas\/#article","isPartOf":{"@id":"http:\/\/elregionalvm.com.ar\/noticias-villa-maria\/tres-empresas-interesadas-por-las-cloacas-de-las-23-hectareas-de-las-playas\/"},"author":{"name":"Contenidos El Regional","@id":"http:\/\/elregionalvm.com.ar\/noticias-villa-maria\/#\/schema\/person\/a0fb9c422317faca23d50163151bc354"},"headline":"Tres empresas interesadas por las cloacas de las 23 hect\u00e1reas de Las Playas","datePublished":"2022-02-23T21:54:56+00:00","dateModified":"2022-02-23T21:54:57+00:00","mainEntityOfPage":{"@id":"http:\/\/elregionalvm.com.ar\/noticias-villa-maria\/tres-empresas-interesadas-por-las-cloacas-de-las-23-hectareas-de-las-playas\/"},"wordCount":298,"commentCount":0,"image":{"@id":"http:\/\/elregionalvm.com.ar\/noticias-villa-maria\/tres-empresas-interesadas-por-las-cloacas-de-las-23-hectareas-de-las-playas\/#primaryimage"},"thumbnailUrl":"https:\/\/i0.wp.com\/elregionalvm.com.ar\/noticias-villa-maria\/wp-content\/uploads\/2022\/02\/WhatsApp-Image-2022-02-23-at-14.03.05.jpeg?fit=1280%2C853&ssl=1","keywords":["23 hect\u00e1reas","apertura de sobres","Arrow S.R.L","Barrio Las Playas","Cooperativa de Trabajo 15 de Mayo Ltda","destacado","obra de cloacas","Roma Servicios Integrales S.A"],"articleSection":["Villa Mar\u00eda"],"inLanguage":"es","potentialAction":[{"@type":"CommentAction","name":"Comment","target":["http:\/\/elregionalvm.com.ar\/noticias-villa-maria\/tres-empresas-interesadas-por-las-cloacas-de-las-23-hectareas-de-las-playas\/#respond"]}]},{"@type":"WebPage","@id":"http:\/\/elregionalvm.com.ar\/noticias-villa-maria\/tres-empresas-interesadas-por-las-cloacas-de-las-23-hectareas-de-las-playas\/","url":"http:\/\/elregionalvm.com.ar\/noticias-villa-maria\/tres-empresas-interesadas-por-las-cloacas-de-las-23-hectareas-de-las-playas\/","name":"Tres empresas interesadas por las cloacas de las 23 hect\u00e1reas de Las Playas - El Regional","isPartOf":{"@id":"http:\/\/elregionalvm.com.ar\/noticias-villa-maria\/#website"},"primaryImageOfPage":{"@id":"http:\/\/elregionalvm.com.ar\/noticias-villa-maria\/tres-empresas-interesadas-por-las-cloacas-de-las-23-hectareas-de-las-playas\/#primaryimage"},"image":{"@id":"http:\/\/elregionalvm.com.ar\/noticias-villa-maria\/tres-empresas-interesadas-por-las-cloacas-de-las-23-hectareas-de-las-playas\/#primaryimage"},"thumbnailUrl":"https:\/\/i0.wp.com\/elregionalvm.com.ar\/noticias-villa-maria\/wp-content\/uploads\/2022\/02\/WhatsApp-Image-2022-02-23-at-14.03.05.jpeg?fit=1280%2C853&ssl=1","datePublished":"2022-02-23T21:54:56+00:00","dateModified":"2022-02-23T21:54:57+00:00","author":{"@id":"http:\/\/elregionalvm.com.ar\/noticias-villa-maria\/#\/schema\/person\/a0fb9c422317faca23d50163151bc354"},"breadcrumb":{"@id":"http:\/\/elregionalvm.com.ar\/noticias-villa-maria\/tres-empresas-interesadas-por-las-cloacas-de-las-23-hectareas-de-las-playas\/#breadcrumb"},"inLanguage":"es","potentialAction":[{"@type":"ReadAction","target":["http:\/\/elregionalvm.com.ar\/noticias-villa-maria\/tres-empresas-interesadas-por-las-cloacas-de-las-23-hectareas-de-las-playas\/"]}]},{"@type":"ImageObject","inLanguage":"es","@id":"http:\/\/elregionalvm.com.ar\/noticias-villa-maria\/tres-empresas-interesadas-por-las-cloacas-de-las-23-hectareas-de-las-playas\/#primaryimage","url":"https:\/\/i0.wp.com\/elregionalvm.com.ar\/noticias-villa-maria\/wp-content\/uploads\/2022\/02\/WhatsApp-Image-2022-02-23-at-14.03.05.jpeg?fit=1280%2C853&ssl=1","contentUrl":"https:\/\/i0.wp.com\/elregionalvm.com.ar\/noticias-villa-maria\/wp-content\/uploads\/2022\/02\/WhatsApp-Image-2022-02-23-at-14.03.05.jpeg?fit=1280%2C853&ssl=1","width":1280,"height":853},{"@type":"BreadcrumbList","@id":"http:\/\/elregionalvm.com.ar\/noticias-villa-maria\/tres-empresas-interesadas-por-las-cloacas-de-las-23-hectareas-de-las-playas\/#breadcrumb","itemListElement":[{"@type":"ListItem","position":1,"name":"Portada","item":"https:\/\/elregionalvm.com.ar\/noticias-villa-maria\/"},{"@type":"ListItem","position":2,"name":"Tres empresas interesadas por las cloacas de las 23 hect\u00e1reas de Las Playas"}]},{"@type":"WebSite","@id":"http:\/\/elregionalvm.com.ar\/noticias-villa-maria\/#website","url":"http:\/\/elregionalvm.com.ar\/noticias-villa-maria\/","name":"El Regional","description":"Mucho m\u00e1s que informaci\u00f3n","potentialAction":[{"@type":"SearchAction","target":{"@type":"EntryPoint","urlTemplate":"http:\/\/elregionalvm.com.ar\/noticias-villa-maria\/?s={search_term_string}"},"query-input":{"@type":"PropertyValueSpecification","valueRequired":true,"valueName":"search_term_string"}}],"inLanguage":"es"},{"@type":"Person","@id":"http:\/\/elregionalvm.com.ar\/noticias-villa-maria\/#\/schema\/person\/a0fb9c422317faca23d50163151bc354","name":"Contenidos El Regional","image":{"@type":"ImageObject","inLanguage":"es","@id":"http:\/\/elregionalvm.com.ar\/noticias-villa-maria\/#\/schema\/person\/image\/","url":"https:\/\/secure.gravatar.com\/avatar\/265b27cb2209af7bb3a1318f03305787d7981a5cc6e6cd08fe5a4ecdf99d4b48?s=96&d=mm&r=g","contentUrl":"https:\/\/secure.gravatar.com\/avatar\/265b27cb2209af7bb3a1318f03305787d7981a5cc6e6cd08fe5a4ecdf99d4b48?s=96&d=mm&r=g","caption":"Contenidos El Regional"},"url":"https:\/\/elregionalvm.com.ar\/noticias-villa-maria\/author\/contenido\/"}]}},"jetpack_featured_media_url":"https:\/\/i0.wp.com\/elregionalvm.com.ar\/noticias-villa-maria\/wp-content\/uploads\/2022\/02\/WhatsApp-Image-2022-02-23-at-14.03.05.jpeg?fit=1280%2C853&ssl=1","jetpack_sharing_enabled":true,"_links":{"self":[{"href":"https:\/\/elregionalvm.com.ar\/noticias-villa-maria\/wp-json\/wp\/v2\/posts\/53150","targetHints":{"allow":["GET"]}}],"collection":[{"href":"https:\/\/elregionalvm.com.ar\/noticias-villa-maria\/wp-json\/wp\/v2\/posts"}],"about":[{"href":"https:\/\/elregionalvm.com.ar\/noticias-villa-maria\/wp-json\/wp\/v2\/types\/post"}],"author":[{"embeddable":true,"href":"https:\/\/elregionalvm.com.ar\/noticias-villa-maria\/wp-json\/wp\/v2\/users\/4"}],"replies":[{"embeddable":true,"href":"https:\/\/elregionalvm.com.ar\/noticias-villa-maria\/wp-json\/wp\/v2\/comments?post=53150"}],"version-history":[{"count":1,"href":"https:\/\/elregionalvm.com.ar\/noticias-villa-maria\/wp-json\/wp\/v2\/posts\/53150\/revisions"}],"predecessor-version":[{"id":53153,"href":"https:\/\/elregionalvm.com.ar\/noticias-villa-maria\/wp-json\/wp\/v2\/posts\/53150\/revisions\/53153"}],"wp:featuredmedia":[{"embeddable":true,"href":"https:\/\/elregionalvm.com.ar\/noticias-villa-maria\/wp-json\/wp\/v2\/media\/53151"}],"wp:attachment":[{"href":"https:\/\/elregionalvm.com.ar\/noticias-villa-maria\/wp-json\/wp\/v2\/media?parent=53150"}],"wp:term":[{"taxonomy":"category","embeddable":true,"href":"https:\/\/elregionalvm.com.ar\/noticias-villa-maria\/wp-json\/wp\/v2\/categories?post=53150"},{"taxonomy":"post_tag","embeddable":true,"href":"https:\/\/elregionalvm.com.ar\/noticias-villa-maria\/wp-json\/wp\/v2\/tags?post=53150"}],"curies":[{"name":"wp","href":"https:\/\/api.w.org\/{rel}","templated":true}]}}