{"id":53157,"date":"2022-02-24T03:54:17","date_gmt":"2022-02-24T03:54:17","guid":{"rendered":"https:\/\/elregionalvm.com.ar\/noticias-villa-maria\/?p=53157"},"modified":"2022-02-25T02:51:00","modified_gmt":"2022-02-25T02:51:00","slug":"caso-zoe-abogado-de-los-alvarez-tienen-pensado-entregarse-pero-si-hay-garantias-porque-temen-por-su-vida","status":"publish","type":"post","link":"https:\/\/elregionalvm.com.ar\/noticias-villa-maria\/caso-zoe-abogado-de-los-alvarez-tienen-pensado-entregarse-pero-si-hay-garantias-porque-temen-por-su-vida\/","title":{"rendered":"[Caso ZOE] Abogado de los \u00c1lvarez: \u201cTienen pensado entregarse, pero si hay garant\u00edas porque temen por su vida\u201d"},"content":{"rendered":"\n<p><\/p>\n\n\n\n<p>El abogado porte\u00f1o Leonardo C\u00e1ceres representa a dos de los detenidos en la ma\u00f1ana del mi\u00e9rcoles 23 de febrero, en el marco de la causa por estafas y asociaci\u00f3n il\u00edcita contra ZOE.<\/p>\n\n\n\n<p>Se trata de Ren\u00e9 Udrizal y Agust\u00edn Pereno, quienes forman parte de los diez aprehendidos hasta el momento por orden de la fiscal Juliana Companys.<\/p>\n\n\n\n<p>Pero, el letrado fue contactado primero y lleg\u00f3 a Villa Mar\u00eda por integrantes de la familia \u00c1lvarez, los l\u00edderes de la organizaci\u00f3n financiera en la ciudad, que se encuentran pr\u00f3fugos de la Justicia.<\/p>\n\n\n\n<p><\/p>\n\n\n\n<figure class=\"wp-block-image size-large\"><img data-recalc-dims=\"1\" fetchpriority=\"high\" decoding=\"async\" width=\"1024\" height=\"576\" src=\"https:\/\/i0.wp.com\/elregionalvm.com.ar\/noticias-villa-maria\/wp-content\/uploads\/2022\/02\/Cositorto-y-Claudio-Alvarez.jpg?resize=1024%2C576&#038;ssl=1\" alt=\"\" class=\"wp-image-53164\" srcset=\"https:\/\/i0.wp.com\/elregionalvm.com.ar\/noticias-villa-maria\/wp-content\/uploads\/2022\/02\/Cositorto-y-Claudio-Alvarez.jpg?resize=1024%2C576&amp;ssl=1 1024w, https:\/\/i0.wp.com\/elregionalvm.com.ar\/noticias-villa-maria\/wp-content\/uploads\/2022\/02\/Cositorto-y-Claudio-Alvarez.jpg?resize=300%2C169&amp;ssl=1 300w, https:\/\/i0.wp.com\/elregionalvm.com.ar\/noticias-villa-maria\/wp-content\/uploads\/2022\/02\/Cositorto-y-Claudio-Alvarez.jpg?resize=768%2C432&amp;ssl=1 768w, https:\/\/i0.wp.com\/elregionalvm.com.ar\/noticias-villa-maria\/wp-content\/uploads\/2022\/02\/Cositorto-y-Claudio-Alvarez.jpg?resize=1536%2C864&amp;ssl=1 1536w, https:\/\/i0.wp.com\/elregionalvm.com.ar\/noticias-villa-maria\/wp-content\/uploads\/2022\/02\/Cositorto-y-Claudio-Alvarez.jpg?w=1920&amp;ssl=1 1920w\" sizes=\"(max-width: 1000px) 100vw, 1000px\" \/><figcaption><em>Claudio \u00c1lvarez, el l\u00edder local, con Cositorto, el CEO de la organizaci\u00f3n hoy bajo la mira de la Justicia. <\/em><\/figcaption><\/figure>\n\n\n\n<p><\/p>\n\n\n\n<p>\u201cYo vengo aqu\u00ed por la familia \u00c1lvarez, antes de que se produjeran las denuncias, las detenciones y los allanamientos. Ellos ven\u00edan recibiendo amenazas de muerte muy serias y una noche, lamentablemente a ra\u00edz de una amenaza de muerte bastante seria y certera, tomaron la decisi\u00f3n de retirarse de su domicilio y al otro d\u00eda se produjeron los allanamientos\u201d, explic\u00f3 en di\u00e1logo con Canal 20 Noticias.<\/p>\n\n\n\n<p>Vale recordar que pesa pedido de captura internacional sobre el grupo familiar que controlaba las operaciones de ZOE en territorio villamariense.<\/p>\n\n\n\n<p>Claudio Javier \u00c1lvarez, Silvia Rosa Fermani, Silvio Eduardo Shamne, Ivana Anal\u00eda \u00c1lvarez y Florencia Anah\u00ed \u00c1lvarez, est\u00e1n siendo buscados de manera intensa, seg\u00fan remarc\u00f3 la fiscal de la causa.<\/p>\n\n\n\n<p><\/p>\n\n\n\n<figure class=\"wp-block-image size-large\"><img data-recalc-dims=\"1\" decoding=\"async\" width=\"1024\" height=\"649\" src=\"https:\/\/i0.wp.com\/elregionalvm.com.ar\/noticias-villa-maria\/wp-content\/uploads\/2022\/02\/ZOE-allanamiento.jpeg?resize=1024%2C649&#038;ssl=1\" alt=\"\" class=\"wp-image-52870\" srcset=\"https:\/\/i0.wp.com\/elregionalvm.com.ar\/noticias-villa-maria\/wp-content\/uploads\/2022\/02\/ZOE-allanamiento.jpeg?resize=1024%2C649&amp;ssl=1 1024w, https:\/\/i0.wp.com\/elregionalvm.com.ar\/noticias-villa-maria\/wp-content\/uploads\/2022\/02\/ZOE-allanamiento.jpeg?resize=300%2C190&amp;ssl=1 300w, https:\/\/i0.wp.com\/elregionalvm.com.ar\/noticias-villa-maria\/wp-content\/uploads\/2022\/02\/ZOE-allanamiento.jpeg?resize=768%2C487&amp;ssl=1 768w, https:\/\/i0.wp.com\/elregionalvm.com.ar\/noticias-villa-maria\/wp-content\/uploads\/2022\/02\/ZOE-allanamiento.jpeg?resize=1536%2C973&amp;ssl=1 1536w, https:\/\/i0.wp.com\/elregionalvm.com.ar\/noticias-villa-maria\/wp-content\/uploads\/2022\/02\/ZOE-allanamiento.jpeg?w=1599&amp;ssl=1 1599w\" sizes=\"(max-width: 1000px) 100vw, 1000px\" \/><\/figure>\n\n\n\n<p><\/p>\n\n\n\n<p><strong>\u201cNecesitan garant\u00edas\u201d<\/strong><\/p>\n\n\n\n<p>C\u00e1ceres prefiri\u00f3 no mencionar a qui\u00e9n representar\u00e1 del clan familiar \u201cpor una cuesti\u00f3n de seguridad\u201d.<\/p>\n\n\n\n<p>\u201cTengo una designaci\u00f3n firmada por un familiar, pero cuando una persona no est\u00e1 ajustada a derecho no puede designar abogado. Prefiero no mencionar por ahora qui\u00e9n ser\u00e1 mi defendido por una cuesti\u00f3n de seguridad\u201d, sostuvo en la entrevista.<\/p>\n\n\n\n<p>Y subray\u00f3 la cuesti\u00f3n de las intimidaciones. \u201cSiguen las amenazas en redes sociales, por tel\u00e9fono, est\u00e1 bastante complicado el tema, la gente est\u00e1 muy enojada. A mi criterio en forma equivocada, porque la decisi\u00f3n de pagar o no pagar nunca dependi\u00f3 de Claudio \u00c1lvarez, depende de otra persona y de otro lugar, que eran los que bajaban el dinero\u201d.<\/p>\n\n\n\n<p><\/p>\n\n\n\n<p><\/p>\n\n\n\n<figure class=\"wp-block-embed is-type-wp-embed is-provider-el-regional wp-block-embed-el-regional\"><div class=\"wp-block-embed__wrapper\">\n<blockquote class=\"wp-embedded-content\" data-secret=\"I4cJVbCwoD\"><a href=\"https:\/\/elregionalvm.com.ar\/noticias-villa-maria\/causa-zoe-cuatro-nuevos-detenidos-y-siete-allanamientos\/\">[Caso ZOE] Cuatro nuevos detenidos y siete allanamientos<\/a><\/blockquote><iframe class=\"wp-embedded-content\" sandbox=\"allow-scripts\" security=\"restricted\" style=\"position: absolute; clip: rect(1px, 1px, 1px, 1px);\" title=\"\u00ab[Caso ZOE] Cuatro nuevos detenidos y siete allanamientos\u00bb \u2014 El Regional\" src=\"https:\/\/elregionalvm.com.ar\/noticias-villa-maria\/causa-zoe-cuatro-nuevos-detenidos-y-siete-allanamientos\/embed\/#?secret=jjKqkW8WIJ#?secret=I4cJVbCwoD\" data-secret=\"I4cJVbCwoD\" width=\"500\" height=\"282\" frameborder=\"0\" marginwidth=\"0\" marginheight=\"0\" scrolling=\"no\"><\/iframe>\n<\/div><\/figure>\n\n\n\n<p>Consultado sobre si los pr\u00f3fugos eval\u00faan entregarse a la Justicia, el asesor letrado asinti\u00f3: \u201cPor supuesto, cuando les brinden las garant\u00edas necesarias. Garant\u00edas de seguridad. Estamos temiendo por la vida de toda la familia que est\u00e1 amenazada\u201d.<\/p>\n\n\n\n<p>En este sentido, manifest\u00f3 que poseen certezas de su origen. \u201cLos integrantes del fideicomiso (quienes aportaron a ZOE) son los que est\u00e1n propinando las amenazas. Hay certezas, porque tienen los datos aportados y cuando llaman por tel\u00e9fono uno sabe qui\u00e9n es, nombre apellido y direcci\u00f3n\u201d.<\/p>\n\n\n\n<p><\/p>\n\n\n\n<ul class=\"wp-block-list\"><li><strong>Mir\u00e1 la entrevista: <\/strong><\/li><\/ul>\n\n\n\n<p><\/p>\n\n\n\n<figure class=\"wp-block-embed is-type-video is-provider-youtube wp-block-embed-youtube wp-embed-aspect-16-9 wp-has-aspect-ratio\"><div class=\"wp-block-embed__wrapper\">\n<iframe title=\"C20N CAUSA GENERACION ZOE - LEONARDO CACERES\" width=\"500\" height=\"281\" src=\"https:\/\/www.youtube.com\/embed\/idlXdQ1DEFU?feature=oembed\" frameborder=\"0\" allow=\"accelerometer; autoplay; clipboard-write; encrypted-media; gyroscope; picture-in-picture; web-share\" referrerpolicy=\"strict-origin-when-cross-origin\" allowfullscreen><\/iframe>\n<\/div><figcaption><em>La entrevista con Canal 20 Noticias (Canal 20 Villa Mar\u00eda) <\/em><\/figcaption><\/figure>\n\n\n\n<p><\/p>\n\n\n\n<p><\/p>\n\n\n\n<p><strong>Los detenidos a quienes representa<\/strong><\/p>\n\n\n\n<p>Aunque reconoci\u00f3 que sus defendidos Udrizal y Pereno trataban con los l\u00edderes locales, sobre todo Claudio \u00c1lvarez, luego de sostener en principio que no ten\u00edan trato con la jerarqu\u00eda empresarial, afirm\u00f3 desconocer si ten\u00edan contacto con Leonardo Cositorto, el l\u00edder global del holding financiero.<\/p>\n\n\n\n<p>\u201cComo no s\u00e9 la acusaci\u00f3n que pesa sobre ellos, no puedo decir si ten\u00edan un trato. A lo mejor ten\u00edan una relaci\u00f3n por mail, porque toda la informaci\u00f3n se enviaba a una casa central, pero no s\u00e9 qui\u00e9n recib\u00eda esa informaci\u00f3n\u201d, expres\u00f3.<\/p>\n\n\n\n<p>\u201cNo tienen nada que ver con la jerarqu\u00eda de la empresa. Ac\u00e1 hay una persona sindicada como Ceo de la organizaci\u00f3n que tiene oficinas en todos lados, que tiene un sistema muy particular y complejo de explicar. Las oficinas est\u00e1n a cargo de un l\u00edder, y en este caso es a cargo de la familia \u00c1lvarez\u201d, agreg\u00f3<\/p>\n\n\n\n<p><strong>Qu\u00e9 hac\u00edan en la empresa<\/strong><\/p>\n\n\n\n<p>Respecto de los roles y la funci\u00f3n de sus representados indic\u00f3: \u201cAgust\u00edn (Pereno) ten\u00eda la intenci\u00f3n de ponerse a disposici\u00f3n de la Justicia, por eso se present\u00f3 en Fiscal\u00eda con nuestra presencia. Ren\u00e9 estaba en su casa, allanaron su domicilio y lo detuvieron. Todav\u00eda no tenemos bien cu\u00e1l es la acusaci\u00f3n que pesa sobre ellos porque no tuvimos acceso al expediente\u201d.<\/p>\n\n\n\n<p>\u201cEllos trabajaban en las oficinas, no forman parte de ninguna organizaci\u00f3n, eran simples empleados. En el caso de Agust\u00edn, prestaba un servicio tercerizado, por el cual facturaba a la empresa. Udrizal, en tanto, era un soporte dentro de la organizaci\u00f3n, seg\u00fan las denominaciones internas, en definitiva, realizaba atenci\u00f3n al p\u00fablico\u201d, aclar\u00f3.<\/p>\n\n\n\n<p><\/p>\n\n\n\n<figure class=\"wp-block-embed is-type-wp-embed is-provider-el-regional wp-block-embed-el-regional\"><div class=\"wp-block-embed__wrapper\">\n<blockquote class=\"wp-embedded-content\" data-secret=\"W1D8LMOTru\"><a href=\"https:\/\/elregionalvm.com.ar\/noticias-villa-maria\/caso-zoe-fiscal-companys-quienes-reclutaban-gente-conociendo-el-engano-van-a-ser-detenidas-por-estafa\/\">[Caso Zoe] Fiscal Companys: \u201cQuienes reclutaban gente conociendo el enga\u00f1o van a ser detenidas por estafa\u201d<\/a><\/blockquote><iframe class=\"wp-embedded-content\" sandbox=\"allow-scripts\" security=\"restricted\" style=\"position: absolute; clip: rect(1px, 1px, 1px, 1px);\" title=\"\u00ab[Caso Zoe] Fiscal Companys: \u201cQuienes reclutaban gente conociendo el enga\u00f1o van a ser detenidas por estafa\u201d\u00bb \u2014 El Regional\" src=\"https:\/\/elregionalvm.com.ar\/noticias-villa-maria\/caso-zoe-fiscal-companys-quienes-reclutaban-gente-conociendo-el-engano-van-a-ser-detenidas-por-estafa\/embed\/#?secret=8lb9JVvy1S#?secret=W1D8LMOTru\" data-secret=\"W1D8LMOTru\" width=\"500\" height=\"282\" frameborder=\"0\" marginwidth=\"0\" marginheight=\"0\" scrolling=\"no\"><\/iframe>\n<\/div><\/figure>\n\n\n\n<p><\/p>\n\n\n\n<p>Consultado sobre si la fiscal lleg\u00f3 despu\u00e9s a dar con sus defendidos, ya que no figuraban en la lista inicial de pr\u00f3fugos, C\u00e1ceres respondi\u00f3: \u201cEl s\u00e1bado pasado en un medio local sali\u00f3 un organigrama donde figuraban ellos, como pares, pero no son pares, porque Agust\u00edn no trabajaba con Ren\u00e9, incluso no trabajaba en la oficina\u201d.<\/p>\n\n\n\n<p>El abogado indic\u00f3 que \u201cno ten\u00edan idea si sobre ellos pesaba pedido de detenci\u00f3n, porque ning\u00fan abogado tuvo acceso hasta el momento al expediente\u201d.<\/p>\n\n\n\n<p>\u201cA ra\u00edz de la situaci\u00f3n que se estaba viviendo en Villa Mar\u00eda y de la tensi\u00f3n judicial que se estaba gestando, no ten\u00edan ning\u00fan problema en estar a disposici\u00f3n de la Justicia\u201d, desliz\u00f3.<\/p>\n\n\n\n<p><strong>\u201cAyudaban a la gente\u201d<\/strong><\/p>\n\n\n\n<p>\u201cEst\u00e1n tranquilos, a la espera de que los llamen a prestar declaraci\u00f3n indagatoria, para contar todo y cuanto saben de cu\u00e1l era su funci\u00f3n, claramente, una vez que se sepa la acusaci\u00f3n que pesa sobre ellos. M\u00e1s all\u00e1 de que la mayor\u00eda se encuentra imputada por estafa y asociaci\u00f3n il\u00edcita, no sabemos qu\u00e9 rol se le asigna a cada uno\u201d, detall\u00f3.<\/p>\n\n\n\n<p>Respecto de su visi\u00f3n sobre esta causa, C\u00e1ceres concluy\u00f3: \u201cEs un sistema bastante complejo de entender el de ZOE. Lo cierto es que ninguno de los chicos cre\u00eda o se les cruzaba por la cabeza que estaban cometiendo alg\u00fan tipo de il\u00edcito o que se los pod\u00eda llegar a imputar, porque ellos estaban convencidos de que estaban ayudando a la gente en su situaci\u00f3n econ\u00f3mica\u201d.<\/p>\n","protected":false},"excerpt":{"rendered":"<p>El abogado porte\u00f1o Leonardo C\u00e1ceres representa a dos de los detenidos en la ma\u00f1ana del mi\u00e9rcoles 23 de febrero, en el marco de la causa por estafas y asociaci\u00f3n il\u00edcita contra ZOE. Se trata de Ren\u00e9 Udrizal y Agust\u00edn Pereno, quienes forman parte de los diez aprehendidos hasta el momento por orden de la fiscal [&hellip;]<\/p>\n","protected":false},"author":6,"featured_media":53163,"comment_status":"open","ping_status":"open","sticky":false,"template":"","format":"standard","meta":{"site-sidebar-layout":"default","site-content-layout":"default","ast-site-content-layout":"default","site-content-style":"default","site-sidebar-style":"default","ast-global-header-display":"","ast-banner-title-visibility":"","ast-main-header-display":"","ast-hfb-above-header-display":"","ast-hfb-below-header-display":"","ast-hfb-mobile-header-display":"","site-post-title":"","ast-breadcrumbs-content":"","ast-featured-img":"","footer-sml-layout":"","ast-disable-related-posts":"","theme-transparent-header-meta":"default","adv-header-id-meta":"","stick-header-meta":"","header-above-stick-meta":"","header-main-stick-meta":"","header-below-stick-meta":"","astra-migrate-meta-layouts":"default","ast-page-background-enabled":"default","ast-page-background-meta":{"desktop":{"background-color":"","background-image":"","background-repeat":"repeat","background-position":"center center","background-size":"auto","background-attachment":"scroll","background-type":"","background-media":"","overlay-type":"","overlay-color":"","overlay-opacity":"","overlay-gradient":""},"tablet":{"background-color":"","background-image":"","background-repeat":"repeat","background-position":"center center","background-size":"auto","background-attachment":"scroll","background-type":"","background-media":"","overlay-type":"","overlay-color":"","overlay-opacity":"","overlay-gradient":""},"mobile":{"background-color":"","background-image":"","background-repeat":"repeat","background-position":"center center","background-size":"auto","background-attachment":"scroll","background-type":"","background-media":"","overlay-type":"","overlay-color":"","overlay-opacity":"","overlay-gradient":""}},"ast-content-background-meta":{"desktop":{"background-color":"var(--ast-global-color-5)","background-image":"","background-repeat":"repeat","background-position":"center center","background-size":"auto","background-attachment":"scroll","background-type":"","background-media":"","overlay-type":"","overlay-color":"","overlay-opacity":"","overlay-gradient":""},"tablet":{"background-color":"var(--ast-global-color-5)","background-image":"","background-repeat":"repeat","background-position":"center center","background-size":"auto","background-attachment":"scroll","background-type":"","background-media":"","overlay-type":"","overlay-color":"","overlay-opacity":"","overlay-gradient":""},"mobile":{"background-color":"var(--ast-global-color-5)","background-image":"","background-repeat":"repeat","background-position":"center center","background-size":"auto","background-attachment":"scroll","background-type":"","background-media":"","overlay-type":"","overlay-color":"","overlay-opacity":"","overlay-gradient":""}},"_jetpack_memberships_contains_paid_content":false,"_joinchat":[],"footnotes":""},"categories":[3557,2074,2],"tags":[13898,13896,2103,13877,13882,6148,2471,13899,13269,13897,29,12452],"class_list":["post-53157","post","type-post","status-publish","format-standard","has-post-thumbnail","hentry","category-tercera","category-videos","category-villa-maria","tag-abogado-leonardo-caceres","tag-agustin-pereno","tag-amenazas","tag-asociacion-ilicita","tag-claudio-alvarez","tag-estafas","tag-fiscal-companys","tag-garantias","tag-generacion-zoe","tag-rene-udrizal","tag-seguridad","tag-zoe"],"yoast_head":"<!-- This site is optimized with the Yoast SEO plugin v26.8 - https:\/\/yoast.com\/product\/yoast-seo-wordpress\/ -->\n<title>[Caso ZOE] Abogado de los \u00c1lvarez: \u201cTienen pensado entregarse, pero si hay garant\u00edas porque temen por su vida\u201d - El Regional<\/title>\n<meta name=\"description\" content=\"&quot;Estamos temiendo por la vida de toda la familia que est\u00e1 amenazada por integrantes del fideicomiso (aportantes)&quot;, remarc\u00f3 el letrado.\" \/>\n<meta name=\"robots\" content=\"index, follow, max-snippet:-1, max-image-preview:large, max-video-preview:-1\" \/>\n<link rel=\"canonical\" href=\"http:\/\/elregionalvm.com.ar\/noticias-villa-maria\/caso-zoe-abogado-de-los-alvarez-tienen-pensado-entregarse-pero-si-hay-garantias-porque-temen-por-su-vida\/\" \/>\n<meta property=\"og:locale\" content=\"es_ES\" \/>\n<meta property=\"og:type\" content=\"article\" \/>\n<meta property=\"og:title\" content=\"[Caso ZOE] Abogado de los \u00c1lvarez: \u201cTienen pensado entregarse, pero si hay garant\u00edas porque temen por su vida\u201d - El Regional\" \/>\n<meta property=\"og:description\" content=\"&quot;Estamos temiendo por la vida de toda la familia que est\u00e1 amenazada por integrantes del fideicomiso (aportantes)&quot;, remarc\u00f3 el letrado.\" \/>\n<meta property=\"og:url\" content=\"http:\/\/elregionalvm.com.ar\/noticias-villa-maria\/caso-zoe-abogado-de-los-alvarez-tienen-pensado-entregarse-pero-si-hay-garantias-porque-temen-por-su-vida\/\" \/>\n<meta property=\"og:site_name\" content=\"El Regional\" \/>\n<meta property=\"article:publisher\" content=\"https:\/\/www.facebook.com\/elregionalvm\" \/>\n<meta property=\"article:published_time\" content=\"2022-02-24T03:54:17+00:00\" \/>\n<meta property=\"article:modified_time\" content=\"2022-02-25T02:51:00+00:00\" \/>\n<meta property=\"og:image\" content=\"http:\/\/elregionalvm.com.ar\/noticias-villa-maria\/wp-content\/uploads\/2022\/02\/Claudio-Alvarez-y-Silvia-Fermani.jpg\" \/>\n\t<meta property=\"og:image:width\" content=\"950\" \/>\n\t<meta property=\"og:image:height\" content=\"534\" \/>\n\t<meta property=\"og:image:type\" content=\"image\/jpeg\" \/>\n<meta name=\"author\" content=\"Germ\u00e1n Giacchero\" \/>\n<meta name=\"twitter:card\" content=\"summary_large_image\" \/>\n<meta name=\"twitter:creator\" content=\"@elregionalvm1\" \/>\n<meta name=\"twitter:site\" content=\"@elregionalvm1\" \/>\n<meta name=\"twitter:label1\" content=\"Escrito por\" \/>\n\t<meta name=\"twitter:data1\" content=\"Germ\u00e1n Giacchero\" \/>\n\t<meta name=\"twitter:label2\" content=\"Tiempo de lectura\" \/>\n\t<meta name=\"twitter:data2\" content=\"5 minutos\" \/>\n<script type=\"application\/ld+json\" class=\"yoast-schema-graph\">{\"@context\":\"https:\/\/schema.org\",\"@graph\":[{\"@type\":\"Article\",\"@id\":\"http:\/\/elregionalvm.com.ar\/noticias-villa-maria\/caso-zoe-abogado-de-los-alvarez-tienen-pensado-entregarse-pero-si-hay-garantias-porque-temen-por-su-vida\/#article\",\"isPartOf\":{\"@id\":\"http:\/\/elregionalvm.com.ar\/noticias-villa-maria\/caso-zoe-abogado-de-los-alvarez-tienen-pensado-entregarse-pero-si-hay-garantias-porque-temen-por-su-vida\/\"},\"author\":{\"name\":\"Germ\u00e1n Giacchero\",\"@id\":\"http:\/\/elregionalvm.com.ar\/noticias-villa-maria\/#\/schema\/person\/d5e4b04966154131701e52c45d3efec9\"},\"headline\":\"[Caso ZOE] Abogado de los \u00c1lvarez: \u201cTienen pensado entregarse, pero si hay garant\u00edas porque temen por su vida\u201d\",\"datePublished\":\"2022-02-24T03:54:17+00:00\",\"dateModified\":\"2022-02-25T02:51:00+00:00\",\"mainEntityOfPage\":{\"@id\":\"http:\/\/elregionalvm.com.ar\/noticias-villa-maria\/caso-zoe-abogado-de-los-alvarez-tienen-pensado-entregarse-pero-si-hay-garantias-porque-temen-por-su-vida\/\"},\"wordCount\":1077,\"commentCount\":0,\"image\":{\"@id\":\"http:\/\/elregionalvm.com.ar\/noticias-villa-maria\/caso-zoe-abogado-de-los-alvarez-tienen-pensado-entregarse-pero-si-hay-garantias-porque-temen-por-su-vida\/#primaryimage\"},\"thumbnailUrl\":\"https:\/\/i0.wp.com\/elregionalvm.com.ar\/noticias-villa-maria\/wp-content\/uploads\/2022\/02\/Claudio-Alvarez-y-Silvia-Fermani.jpg?fit=950%2C534&ssl=1\",\"keywords\":[\"Abogado Leonardo C\u00e1ceres\",\"Agust\u00edn Pereno\",\"Amenazas\",\"asociaci\u00f3n il\u00edcita\",\"Claudio \u00c1lvarez\",\"Estafas\",\"Fiscal Companys\",\"garant\u00edas\",\"Generaci\u00f3n Zoe\",\"Ren\u00e9 Udrizal\",\"seguridad\",\"Zoe\"],\"articleSection\":[\"tercera\",\"Videos\",\"Villa Mar\u00eda\"],\"inLanguage\":\"es\",\"potentialAction\":[{\"@type\":\"CommentAction\",\"name\":\"Comment\",\"target\":[\"http:\/\/elregionalvm.com.ar\/noticias-villa-maria\/caso-zoe-abogado-de-los-alvarez-tienen-pensado-entregarse-pero-si-hay-garantias-porque-temen-por-su-vida\/#respond\"]}]},{\"@type\":\"WebPage\",\"@id\":\"http:\/\/elregionalvm.com.ar\/noticias-villa-maria\/caso-zoe-abogado-de-los-alvarez-tienen-pensado-entregarse-pero-si-hay-garantias-porque-temen-por-su-vida\/\",\"url\":\"http:\/\/elregionalvm.com.ar\/noticias-villa-maria\/caso-zoe-abogado-de-los-alvarez-tienen-pensado-entregarse-pero-si-hay-garantias-porque-temen-por-su-vida\/\",\"name\":\"[Caso ZOE] Abogado de los \u00c1lvarez: \u201cTienen pensado entregarse, pero si hay garant\u00edas porque temen por su vida\u201d - El Regional\",\"isPartOf\":{\"@id\":\"http:\/\/elregionalvm.com.ar\/noticias-villa-maria\/#website\"},\"primaryImageOfPage\":{\"@id\":\"http:\/\/elregionalvm.com.ar\/noticias-villa-maria\/caso-zoe-abogado-de-los-alvarez-tienen-pensado-entregarse-pero-si-hay-garantias-porque-temen-por-su-vida\/#primaryimage\"},\"image\":{\"@id\":\"http:\/\/elregionalvm.com.ar\/noticias-villa-maria\/caso-zoe-abogado-de-los-alvarez-tienen-pensado-entregarse-pero-si-hay-garantias-porque-temen-por-su-vida\/#primaryimage\"},\"thumbnailUrl\":\"https:\/\/i0.wp.com\/elregionalvm.com.ar\/noticias-villa-maria\/wp-content\/uploads\/2022\/02\/Claudio-Alvarez-y-Silvia-Fermani.jpg?fit=950%2C534&ssl=1\",\"datePublished\":\"2022-02-24T03:54:17+00:00\",\"dateModified\":\"2022-02-25T02:51:00+00:00\",\"author\":{\"@id\":\"http:\/\/elregionalvm.com.ar\/noticias-villa-maria\/#\/schema\/person\/d5e4b04966154131701e52c45d3efec9\"},\"description\":\"\\\"Estamos temiendo por la vida de toda la familia que est\u00e1 amenazada por integrantes del fideicomiso (aportantes)\\\", remarc\u00f3 el letrado.\",\"breadcrumb\":{\"@id\":\"http:\/\/elregionalvm.com.ar\/noticias-villa-maria\/caso-zoe-abogado-de-los-alvarez-tienen-pensado-entregarse-pero-si-hay-garantias-porque-temen-por-su-vida\/#breadcrumb\"},\"inLanguage\":\"es\",\"potentialAction\":[{\"@type\":\"ReadAction\",\"target\":[\"http:\/\/elregionalvm.com.ar\/noticias-villa-maria\/caso-zoe-abogado-de-los-alvarez-tienen-pensado-entregarse-pero-si-hay-garantias-porque-temen-por-su-vida\/\"]}]},{\"@type\":\"ImageObject\",\"inLanguage\":\"es\",\"@id\":\"http:\/\/elregionalvm.com.ar\/noticias-villa-maria\/caso-zoe-abogado-de-los-alvarez-tienen-pensado-entregarse-pero-si-hay-garantias-porque-temen-por-su-vida\/#primaryimage\",\"url\":\"https:\/\/i0.wp.com\/elregionalvm.com.ar\/noticias-villa-maria\/wp-content\/uploads\/2022\/02\/Claudio-Alvarez-y-Silvia-Fermani.jpg?fit=950%2C534&ssl=1\",\"contentUrl\":\"https:\/\/i0.wp.com\/elregionalvm.com.ar\/noticias-villa-maria\/wp-content\/uploads\/2022\/02\/Claudio-Alvarez-y-Silvia-Fermani.jpg?fit=950%2C534&ssl=1\",\"width\":950,\"height\":534},{\"@type\":\"BreadcrumbList\",\"@id\":\"http:\/\/elregionalvm.com.ar\/noticias-villa-maria\/caso-zoe-abogado-de-los-alvarez-tienen-pensado-entregarse-pero-si-hay-garantias-porque-temen-por-su-vida\/#breadcrumb\",\"itemListElement\":[{\"@type\":\"ListItem\",\"position\":1,\"name\":\"Portada\",\"item\":\"https:\/\/elregionalvm.com.ar\/noticias-villa-maria\/\"},{\"@type\":\"ListItem\",\"position\":2,\"name\":\"[Caso ZOE] Abogado de los \u00c1lvarez: \u201cTienen pensado entregarse, pero si hay garant\u00edas porque temen por su vida\u201d\"}]},{\"@type\":\"WebSite\",\"@id\":\"http:\/\/elregionalvm.com.ar\/noticias-villa-maria\/#website\",\"url\":\"http:\/\/elregionalvm.com.ar\/noticias-villa-maria\/\",\"name\":\"El Regional\",\"description\":\"Mucho m\u00e1s que informaci\u00f3n\",\"potentialAction\":[{\"@type\":\"SearchAction\",\"target\":{\"@type\":\"EntryPoint\",\"urlTemplate\":\"http:\/\/elregionalvm.com.ar\/noticias-villa-maria\/?s={search_term_string}\"},\"query-input\":{\"@type\":\"PropertyValueSpecification\",\"valueRequired\":true,\"valueName\":\"search_term_string\"}}],\"inLanguage\":\"es\"},{\"@type\":\"Person\",\"@id\":\"http:\/\/elregionalvm.com.ar\/noticias-villa-maria\/#\/schema\/person\/d5e4b04966154131701e52c45d3efec9\",\"name\":\"Germ\u00e1n Giacchero\",\"image\":{\"@type\":\"ImageObject\",\"inLanguage\":\"es\",\"@id\":\"http:\/\/elregionalvm.com.ar\/noticias-villa-maria\/#\/schema\/person\/image\/\",\"url\":\"https:\/\/secure.gravatar.com\/avatar\/fda163ba5ef0307ee5be9846e10f83b6e83d0cfb260d3b2464830318894c6b04?s=96&d=mm&r=g\",\"contentUrl\":\"https:\/\/secure.gravatar.com\/avatar\/fda163ba5ef0307ee5be9846e10f83b6e83d0cfb260d3b2464830318894c6b04?s=96&d=mm&r=g\",\"caption\":\"Germ\u00e1n Giacchero\"},\"url\":\"https:\/\/elregionalvm.com.ar\/noticias-villa-maria\/author\/germangiacchero\/\"}]}<\/script>\n<!-- \/ Yoast SEO plugin. -->","yoast_head_json":{"title":"[Caso ZOE] Abogado de los \u00c1lvarez: \u201cTienen pensado entregarse, pero si hay garant\u00edas porque temen por su vida\u201d - El Regional","description":"\"Estamos temiendo por la vida de toda la familia que est\u00e1 amenazada por integrantes del fideicomiso (aportantes)\", remarc\u00f3 el letrado.","robots":{"index":"index","follow":"follow","max-snippet":"max-snippet:-1","max-image-preview":"max-image-preview:large","max-video-preview":"max-video-preview:-1"},"canonical":"http:\/\/elregionalvm.com.ar\/noticias-villa-maria\/caso-zoe-abogado-de-los-alvarez-tienen-pensado-entregarse-pero-si-hay-garantias-porque-temen-por-su-vida\/","og_locale":"es_ES","og_type":"article","og_title":"[Caso ZOE] Abogado de los \u00c1lvarez: \u201cTienen pensado entregarse, pero si hay garant\u00edas porque temen por su vida\u201d - El Regional","og_description":"\"Estamos temiendo por la vida de toda la familia que est\u00e1 amenazada por integrantes del fideicomiso (aportantes)\", remarc\u00f3 el letrado.","og_url":"http:\/\/elregionalvm.com.ar\/noticias-villa-maria\/caso-zoe-abogado-de-los-alvarez-tienen-pensado-entregarse-pero-si-hay-garantias-porque-temen-por-su-vida\/","og_site_name":"El Regional","article_publisher":"https:\/\/www.facebook.com\/elregionalvm","article_published_time":"2022-02-24T03:54:17+00:00","article_modified_time":"2022-02-25T02:51:00+00:00","og_image":[{"width":950,"height":534,"url":"http:\/\/elregionalvm.com.ar\/noticias-villa-maria\/wp-content\/uploads\/2022\/02\/Claudio-Alvarez-y-Silvia-Fermani.jpg","type":"image\/jpeg"}],"author":"Germ\u00e1n Giacchero","twitter_card":"summary_large_image","twitter_creator":"@elregionalvm1","twitter_site":"@elregionalvm1","twitter_misc":{"Escrito por":"Germ\u00e1n Giacchero","Tiempo de lectura":"5 minutos"},"schema":{"@context":"https:\/\/schema.org","@graph":[{"@type":"Article","@id":"http:\/\/elregionalvm.com.ar\/noticias-villa-maria\/caso-zoe-abogado-de-los-alvarez-tienen-pensado-entregarse-pero-si-hay-garantias-porque-temen-por-su-vida\/#article","isPartOf":{"@id":"http:\/\/elregionalvm.com.ar\/noticias-villa-maria\/caso-zoe-abogado-de-los-alvarez-tienen-pensado-entregarse-pero-si-hay-garantias-porque-temen-por-su-vida\/"},"author":{"name":"Germ\u00e1n Giacchero","@id":"http:\/\/elregionalvm.com.ar\/noticias-villa-maria\/#\/schema\/person\/d5e4b04966154131701e52c45d3efec9"},"headline":"[Caso ZOE] Abogado de los \u00c1lvarez: \u201cTienen pensado entregarse, pero si hay garant\u00edas porque temen por su vida\u201d","datePublished":"2022-02-24T03:54:17+00:00","dateModified":"2022-02-25T02:51:00+00:00","mainEntityOfPage":{"@id":"http:\/\/elregionalvm.com.ar\/noticias-villa-maria\/caso-zoe-abogado-de-los-alvarez-tienen-pensado-entregarse-pero-si-hay-garantias-porque-temen-por-su-vida\/"},"wordCount":1077,"commentCount":0,"image":{"@id":"http:\/\/elregionalvm.com.ar\/noticias-villa-maria\/caso-zoe-abogado-de-los-alvarez-tienen-pensado-entregarse-pero-si-hay-garantias-porque-temen-por-su-vida\/#primaryimage"},"thumbnailUrl":"https:\/\/i0.wp.com\/elregionalvm.com.ar\/noticias-villa-maria\/wp-content\/uploads\/2022\/02\/Claudio-Alvarez-y-Silvia-Fermani.jpg?fit=950%2C534&ssl=1","keywords":["Abogado Leonardo C\u00e1ceres","Agust\u00edn Pereno","Amenazas","asociaci\u00f3n il\u00edcita","Claudio \u00c1lvarez","Estafas","Fiscal Companys","garant\u00edas","Generaci\u00f3n Zoe","Ren\u00e9 Udrizal","seguridad","Zoe"],"articleSection":["tercera","Videos","Villa Mar\u00eda"],"inLanguage":"es","potentialAction":[{"@type":"CommentAction","name":"Comment","target":["http:\/\/elregionalvm.com.ar\/noticias-villa-maria\/caso-zoe-abogado-de-los-alvarez-tienen-pensado-entregarse-pero-si-hay-garantias-porque-temen-por-su-vida\/#respond"]}]},{"@type":"WebPage","@id":"http:\/\/elregionalvm.com.ar\/noticias-villa-maria\/caso-zoe-abogado-de-los-alvarez-tienen-pensado-entregarse-pero-si-hay-garantias-porque-temen-por-su-vida\/","url":"http:\/\/elregionalvm.com.ar\/noticias-villa-maria\/caso-zoe-abogado-de-los-alvarez-tienen-pensado-entregarse-pero-si-hay-garantias-porque-temen-por-su-vida\/","name":"[Caso ZOE] Abogado de los \u00c1lvarez: \u201cTienen pensado entregarse, pero si hay garant\u00edas porque temen por su vida\u201d - El Regional","isPartOf":{"@id":"http:\/\/elregionalvm.com.ar\/noticias-villa-maria\/#website"},"primaryImageOfPage":{"@id":"http:\/\/elregionalvm.com.ar\/noticias-villa-maria\/caso-zoe-abogado-de-los-alvarez-tienen-pensado-entregarse-pero-si-hay-garantias-porque-temen-por-su-vida\/#primaryimage"},"image":{"@id":"http:\/\/elregionalvm.com.ar\/noticias-villa-maria\/caso-zoe-abogado-de-los-alvarez-tienen-pensado-entregarse-pero-si-hay-garantias-porque-temen-por-su-vida\/#primaryimage"},"thumbnailUrl":"https:\/\/i0.wp.com\/elregionalvm.com.ar\/noticias-villa-maria\/wp-content\/uploads\/2022\/02\/Claudio-Alvarez-y-Silvia-Fermani.jpg?fit=950%2C534&ssl=1","datePublished":"2022-02-24T03:54:17+00:00","dateModified":"2022-02-25T02:51:00+00:00","author":{"@id":"http:\/\/elregionalvm.com.ar\/noticias-villa-maria\/#\/schema\/person\/d5e4b04966154131701e52c45d3efec9"},"description":"\"Estamos temiendo por la vida de toda la familia que est\u00e1 amenazada por integrantes del fideicomiso (aportantes)\", remarc\u00f3 el letrado.","breadcrumb":{"@id":"http:\/\/elregionalvm.com.ar\/noticias-villa-maria\/caso-zoe-abogado-de-los-alvarez-tienen-pensado-entregarse-pero-si-hay-garantias-porque-temen-por-su-vida\/#breadcrumb"},"inLanguage":"es","potentialAction":[{"@type":"ReadAction","target":["http:\/\/elregionalvm.com.ar\/noticias-villa-maria\/caso-zoe-abogado-de-los-alvarez-tienen-pensado-entregarse-pero-si-hay-garantias-porque-temen-por-su-vida\/"]}]},{"@type":"ImageObject","inLanguage":"es","@id":"http:\/\/elregionalvm.com.ar\/noticias-villa-maria\/caso-zoe-abogado-de-los-alvarez-tienen-pensado-entregarse-pero-si-hay-garantias-porque-temen-por-su-vida\/#primaryimage","url":"https:\/\/i0.wp.com\/elregionalvm.com.ar\/noticias-villa-maria\/wp-content\/uploads\/2022\/02\/Claudio-Alvarez-y-Silvia-Fermani.jpg?fit=950%2C534&ssl=1","contentUrl":"https:\/\/i0.wp.com\/elregionalvm.com.ar\/noticias-villa-maria\/wp-content\/uploads\/2022\/02\/Claudio-Alvarez-y-Silvia-Fermani.jpg?fit=950%2C534&ssl=1","width":950,"height":534},{"@type":"BreadcrumbList","@id":"http:\/\/elregionalvm.com.ar\/noticias-villa-maria\/caso-zoe-abogado-de-los-alvarez-tienen-pensado-entregarse-pero-si-hay-garantias-porque-temen-por-su-vida\/#breadcrumb","itemListElement":[{"@type":"ListItem","position":1,"name":"Portada","item":"https:\/\/elregionalvm.com.ar\/noticias-villa-maria\/"},{"@type":"ListItem","position":2,"name":"[Caso ZOE] Abogado de los \u00c1lvarez: \u201cTienen pensado entregarse, pero si hay garant\u00edas porque temen por su vida\u201d"}]},{"@type":"WebSite","@id":"http:\/\/elregionalvm.com.ar\/noticias-villa-maria\/#website","url":"http:\/\/elregionalvm.com.ar\/noticias-villa-maria\/","name":"El Regional","description":"Mucho m\u00e1s que informaci\u00f3n","potentialAction":[{"@type":"SearchAction","target":{"@type":"EntryPoint","urlTemplate":"http:\/\/elregionalvm.com.ar\/noticias-villa-maria\/?s={search_term_string}"},"query-input":{"@type":"PropertyValueSpecification","valueRequired":true,"valueName":"search_term_string"}}],"inLanguage":"es"},{"@type":"Person","@id":"http:\/\/elregionalvm.com.ar\/noticias-villa-maria\/#\/schema\/person\/d5e4b04966154131701e52c45d3efec9","name":"Germ\u00e1n Giacchero","image":{"@type":"ImageObject","inLanguage":"es","@id":"http:\/\/elregionalvm.com.ar\/noticias-villa-maria\/#\/schema\/person\/image\/","url":"https:\/\/secure.gravatar.com\/avatar\/fda163ba5ef0307ee5be9846e10f83b6e83d0cfb260d3b2464830318894c6b04?s=96&d=mm&r=g","contentUrl":"https:\/\/secure.gravatar.com\/avatar\/fda163ba5ef0307ee5be9846e10f83b6e83d0cfb260d3b2464830318894c6b04?s=96&d=mm&r=g","caption":"Germ\u00e1n Giacchero"},"url":"https:\/\/elregionalvm.com.ar\/noticias-villa-maria\/author\/germangiacchero\/"}]}},"jetpack_featured_media_url":"https:\/\/i0.wp.com\/elregionalvm.com.ar\/noticias-villa-maria\/wp-content\/uploads\/2022\/02\/Claudio-Alvarez-y-Silvia-Fermani.jpg?fit=950%2C534&ssl=1","jetpack_sharing_enabled":true,"_links":{"self":[{"href":"https:\/\/elregionalvm.com.ar\/noticias-villa-maria\/wp-json\/wp\/v2\/posts\/53157","targetHints":{"allow":["GET"]}}],"collection":[{"href":"https:\/\/elregionalvm.com.ar\/noticias-villa-maria\/wp-json\/wp\/v2\/posts"}],"about":[{"href":"https:\/\/elregionalvm.com.ar\/noticias-villa-maria\/wp-json\/wp\/v2\/types\/post"}],"author":[{"embeddable":true,"href":"https:\/\/elregionalvm.com.ar\/noticias-villa-maria\/wp-json\/wp\/v2\/users\/6"}],"replies":[{"embeddable":true,"href":"https:\/\/elregionalvm.com.ar\/noticias-villa-maria\/wp-json\/wp\/v2\/comments?post=53157"}],"version-history":[{"count":4,"href":"https:\/\/elregionalvm.com.ar\/noticias-villa-maria\/wp-json\/wp\/v2\/posts\/53157\/revisions"}],"predecessor-version":[{"id":53165,"href":"https:\/\/elregionalvm.com.ar\/noticias-villa-maria\/wp-json\/wp\/v2\/posts\/53157\/revisions\/53165"}],"wp:featuredmedia":[{"embeddable":true,"href":"https:\/\/elregionalvm.com.ar\/noticias-villa-maria\/wp-json\/wp\/v2\/media\/53163"}],"wp:attachment":[{"href":"https:\/\/elregionalvm.com.ar\/noticias-villa-maria\/wp-json\/wp\/v2\/media?parent=53157"}],"wp:term":[{"taxonomy":"category","embeddable":true,"href":"https:\/\/elregionalvm.com.ar\/noticias-villa-maria\/wp-json\/wp\/v2\/categories?post=53157"},{"taxonomy":"post_tag","embeddable":true,"href":"https:\/\/elregionalvm.com.ar\/noticias-villa-maria\/wp-json\/wp\/v2\/tags?post=53157"}],"curies":[{"name":"wp","href":"https:\/\/api.w.org\/{rel}","templated":true}]}}