{"id":53174,"date":"2022-02-24T16:10:45","date_gmt":"2022-02-24T16:10:45","guid":{"rendered":"https:\/\/elregionalvm.com.ar\/noticias-villa-maria\/?p=53174"},"modified":"2022-02-26T03:55:13","modified_gmt":"2022-02-26T03:55:13","slug":"opinion-quien-paga-la-crisis-mientras-el-presupuesto-politico-se-agiganta","status":"publish","type":"post","link":"https:\/\/elregionalvm.com.ar\/noticias-villa-maria\/opinion-quien-paga-la-crisis-mientras-el-presupuesto-politico-se-agiganta\/","title":{"rendered":"[Opini\u00f3n] \u00bfQui\u00e9n paga la crisis mientras el presupuesto pol\u00edtico se agiganta?"},"content":{"rendered":"\n<p><\/p>\n\n\n\n<p><strong>Escribe: Cristina Pablos<\/strong><\/p>\n\n\n\n<p><\/p>\n\n\n\n<p>Indudablemente que la paga el pueblo, la clase pol\u00edtica toda est\u00e1 exceptuada, obviamente.<\/p>\n\n\n\n<p>Veamos: Aerol\u00edneas Argentinas tiene 12.000 empleados y cancelaron vuelos porque 1.200 estaban aislados; una buena caja de la C\u00e1mpora que significan millones de pesos de p\u00e9rdida por d\u00eda al pa\u00eds.<\/p>\n\n\n\n<p>El presupuesto para ambas c\u00e1maras del Congreso es de 470 millones de d\u00f3lares, cada representante cuesta al pa\u00eds 1.428.571 d\u00f3lares por a\u00f1o. Eso incluye asesores, catering, peluquer\u00eda propia, pasajes a\u00e9reos y terrestres, hoteles 5 estrellas, choferes y un plus por desarraigo.<\/p>\n\n\n\n<p>Despu\u00e9s de finalizado su mandato, cada representante puede seguir usando la peluquer\u00eda y el comedor del Congreso. 1.740 personas trabajan all\u00ed (300 personas en total trabajan en el Senado Espa\u00f1ol); tienen 20 asesores cada senador y 8 cada diputado.<\/p>\n\n\n\n<p>El presupuesto del Senado aument\u00f3 un 86% en 2022. En la Biblioteca del Congreso trabajan 1.700 personas, 80% m\u00e1s que en 2004, en plena era digital.<\/p>\n\n\n\n<p>CFK cobra su jubilaci\u00f3n como presidente y la pensi\u00f3n de N\u00e9stor Kirchner; un total de 24.000 d\u00f3lares mensuales, m\u00e1s la indemnizaci\u00f3n de 1.200 d\u00f3lares: 100 salarios m\u00ednimos.<\/p>\n\n\n\n<p><\/p>\n\n\n\n<figure class=\"wp-block-pullquote\"><blockquote><p>Argentina es el pa\u00eds del Cono Sur primero en el ranking de corrupci\u00f3n. Las causas tardan a\u00f1os sin ser juzgadas y, generalmente, prescriben.<\/p><\/blockquote><\/figure>\n\n\n\n<p><\/p>\n\n\n\n<p>El Ministerio de la Mujeres, de G\u00f3mez Alcorta, tiene un presupuesto para 2022 de $10.686 millones, 72 % m\u00e1s que en 2021, cuenta con 195 empleados que significan $1.479 millones; en 2011 ten\u00eda 88 empleados. Lo que gastan en ese Ministerio es igual a 320.000 jubilaciones m\u00ednimas, pero\u2026 el n\u00famero de feminicidios crece.<\/p>\n\n\n\n<p>Ministerio del Interior gasta $ 9.013 millones, en 2020 hab\u00edan gastado $ 3.335 millones (la inflaci\u00f3n, claro).<\/p>\n\n\n\n<p>La deuda externa durante el gobierno de CFK fue de 76.000 millones de d\u00f3lares, 26.000 millones de d\u00f3lares durante el gobierno de Macri (antes de ir al FMI) y 57.000 millones en lo que va del gobierno de Alberto Fern\u00e1ndez, este gobierno subi\u00f3 la deuda el 13% m\u00e1s que el gobierno anterior.<\/p>\n\n\n\n<p>Alberto Fern\u00e1ndez es el presidente que m\u00e1s DNUs firm\u00f3. En 2021 se radicaron en Uruguay 12 familias argentinas y varias empresas.<\/p>\n\n\n\n<p>$16.000 es la remuneraci\u00f3n que cobran los beneficiarios del plan Potenciar Trabajo, no todos cumplen con las 4 horas de trabajo.<\/p>\n\n\n\n<p><\/p>\n\n\n\n<figure class=\"wp-block-embed is-type-wp-embed is-provider-el-regional wp-block-embed-el-regional\"><div class=\"wp-block-embed__wrapper\">\n<blockquote class=\"wp-embedded-content\" data-secret=\"HWs7TrSPAG\"><a href=\"https:\/\/elregionalvm.com.ar\/noticias-villa-maria\/opinion-cuento-chino-o-cuento-argentino\/\">[Opini\u00f3n] \u00bfCuento chino o cuento argentino?<\/a><\/blockquote><iframe class=\"wp-embedded-content\" sandbox=\"allow-scripts\" security=\"restricted\" style=\"position: absolute; visibility: hidden;\" title=\"\u00ab[Opini\u00f3n] \u00bfCuento chino o cuento argentino?\u00bb \u2014 El Regional\" src=\"https:\/\/elregionalvm.com.ar\/noticias-villa-maria\/opinion-cuento-chino-o-cuento-argentino\/embed\/#?secret=fnLAZdygrO#?secret=HWs7TrSPAG\" data-secret=\"HWs7TrSPAG\" width=\"500\" height=\"282\" frameborder=\"0\" marginwidth=\"0\" marginheight=\"0\" scrolling=\"no\"><\/iframe>\n<\/div><\/figure>\n\n\n\n<p>Se pierden 14 millones de kilos de aceitunas en Catamarca y La Rioja por no conseguir cosecheros, otro tanto sucede en Mendoza con la uva, s\u00f3lo un datito. 300.000 son los planes que maneja el Movimiento Evita, con representantes en el gobierno: es el grupo con m\u00e1s beneficiarios, el gobierno ha dicho que no los ampliar\u00e1.<\/p>\n\n\n\n<p>Actualmente hay 1.200.000 planeros, muchos denuncian que los obligan a ir a marchas o piquetes, so pena de quitarles el plan. Polo Obrero maneja 200.000 planes. Hay 5 grupos piqueteros oficialistas y 10 opositores. Es decir, 6 millones de trabajadores aportan para casi 20 millones de planes.<\/p>\n\n\n\n<p><\/p>\n\n\n\n<figure class=\"wp-block-pullquote\"><blockquote><p>P\u00e1rrafo aparte merece la situaci\u00f3n en Corrientes y un ministro de Medio Ambiente (est\u00e1 bien dicho Medio porque es para la mitad que piensa como ellos) que sobrevuela muy c\u00f3modamente la zona en helic\u00f3ptero y un presidente que ataja (o no ataja) penales en la playa.<\/p><\/blockquote><\/figure>\n\n\n\n<p><\/p>\n\n\n\n<p>Todos los miembros de este gobierno, sin excepci\u00f3n, son decepcionantes. La gente trabajadora ha adoptado una actitud pasiva y resignada.<\/p>\n\n\n\n<p>\u00bfHay dos Argentinas, o a m\u00ed me parece?<\/p>\n","protected":false},"excerpt":{"rendered":"<p>Escribe: Cristina Pablos Indudablemente que la paga el pueblo, la clase pol\u00edtica toda est\u00e1 exceptuada, obviamente. Veamos: Aerol\u00edneas Argentinas tiene 12.000 empleados y cancelaron vuelos porque 1.200 estaban aislados; una buena caja de la C\u00e1mpora que significan millones de pesos de p\u00e9rdida por d\u00eda al pa\u00eds. El presupuesto para ambas c\u00e1maras del Congreso es de [&hellip;]<\/p>\n","protected":false},"author":4,"featured_media":41210,"comment_status":"open","ping_status":"open","sticky":false,"template":"","format":"standard","meta":{"site-sidebar-layout":"default","site-content-layout":"default","ast-site-content-layout":"default","site-content-style":"default","site-sidebar-style":"default","ast-global-header-display":"","ast-banner-title-visibility":"","ast-main-header-display":"","ast-hfb-above-header-display":"","ast-hfb-below-header-display":"","ast-hfb-mobile-header-display":"","site-post-title":"","ast-breadcrumbs-content":"","ast-featured-img":"","footer-sml-layout":"","ast-disable-related-posts":"","theme-transparent-header-meta":"default","adv-header-id-meta":"","stick-header-meta":"","header-above-stick-meta":"","header-main-stick-meta":"","header-below-stick-meta":"","astra-migrate-meta-layouts":"default","ast-page-background-enabled":"default","ast-page-background-meta":{"desktop":{"background-color":"","background-image":"","background-repeat":"repeat","background-position":"center center","background-size":"auto","background-attachment":"scroll","background-type":"","background-media":"","overlay-type":"","overlay-color":"","overlay-opacity":"","overlay-gradient":""},"tablet":{"background-color":"","background-image":"","background-repeat":"repeat","background-position":"center center","background-size":"auto","background-attachment":"scroll","background-type":"","background-media":"","overlay-type":"","overlay-color":"","overlay-opacity":"","overlay-gradient":""},"mobile":{"background-color":"","background-image":"","background-repeat":"repeat","background-position":"center center","background-size":"auto","background-attachment":"scroll","background-type":"","background-media":"","overlay-type":"","overlay-color":"","overlay-opacity":"","overlay-gradient":""}},"ast-content-background-meta":{"desktop":{"background-color":"var(--ast-global-color-5)","background-image":"","background-repeat":"repeat","background-position":"center center","background-size":"auto","background-attachment":"scroll","background-type":"","background-media":"","overlay-type":"","overlay-color":"","overlay-opacity":"","overlay-gradient":""},"tablet":{"background-color":"var(--ast-global-color-5)","background-image":"","background-repeat":"repeat","background-position":"center center","background-size":"auto","background-attachment":"scroll","background-type":"","background-media":"","overlay-type":"","overlay-color":"","overlay-opacity":"","overlay-gradient":""},"mobile":{"background-color":"var(--ast-global-color-5)","background-image":"","background-repeat":"repeat","background-position":"center center","background-size":"auto","background-attachment":"scroll","background-type":"","background-media":"","overlay-type":"","overlay-color":"","overlay-opacity":"","overlay-gradient":""}},"_jetpack_memberships_contains_paid_content":false,"_joinchat":[],"footnotes":""},"categories":[365,3557],"tags":[1005,13901,4306,47,424,2400,10223,4153,308],"class_list":["post-53174","post","type-post","status-publish","format-standard","has-post-thumbnail","hentry","category-opinion","category-tercera","tag-casa-rosada","tag-clase-politica","tag-congreso-de-la-nacion","tag-corrientes","tag-cristina-pablos","tag-incendios","tag-planes-sociales","tag-presupuesto","tag-pueblo"],"yoast_head":"<!-- This site is optimized with the Yoast SEO plugin v26.8 - https:\/\/yoast.com\/product\/yoast-seo-wordpress\/ -->\n<title>[Opini\u00f3n] \u00bfQui\u00e9n paga la crisis mientras el presupuesto pol\u00edtico se agiganta? - El Regional<\/title>\n<meta name=\"description\" content=\"Indudablemente que la paga el pueblo, la clase pol\u00edtica toda est\u00e1 exceptuada, obviamente. Y los presupuestos se agrandan...\" \/>\n<meta name=\"robots\" content=\"index, follow, max-snippet:-1, max-image-preview:large, max-video-preview:-1\" \/>\n<link rel=\"canonical\" href=\"http:\/\/elregionalvm.com.ar\/noticias-villa-maria\/opinion-quien-paga-la-crisis-mientras-el-presupuesto-politico-se-agiganta\/\" \/>\n<meta property=\"og:locale\" content=\"es_ES\" \/>\n<meta property=\"og:type\" content=\"article\" \/>\n<meta property=\"og:title\" content=\"[Opini\u00f3n] \u00bfQui\u00e9n paga la crisis mientras el presupuesto pol\u00edtico se agiganta? - El Regional\" \/>\n<meta property=\"og:description\" content=\"Indudablemente que la paga el pueblo, la clase pol\u00edtica toda est\u00e1 exceptuada, obviamente. Y los presupuestos se agrandan...\" \/>\n<meta property=\"og:url\" content=\"http:\/\/elregionalvm.com.ar\/noticias-villa-maria\/opinion-quien-paga-la-crisis-mientras-el-presupuesto-politico-se-agiganta\/\" \/>\n<meta property=\"og:site_name\" content=\"El Regional\" \/>\n<meta property=\"article:publisher\" content=\"https:\/\/www.facebook.com\/elregionalvm\" \/>\n<meta property=\"article:published_time\" content=\"2022-02-24T16:10:45+00:00\" \/>\n<meta property=\"article:modified_time\" content=\"2022-02-26T03:55:13+00:00\" \/>\n<meta property=\"og:image\" content=\"http:\/\/elregionalvm.com.ar\/noticias-villa-maria\/wp-content\/uploads\/2021\/07\/casa-rosada-rompecabezas.jpg\" \/>\n\t<meta property=\"og:image:width\" content=\"1000\" \/>\n\t<meta property=\"og:image:height\" content=\"658\" \/>\n\t<meta property=\"og:image:type\" content=\"image\/jpeg\" \/>\n<meta name=\"author\" content=\"Contenidos El Regional\" \/>\n<meta name=\"twitter:card\" content=\"summary_large_image\" \/>\n<meta name=\"twitter:creator\" content=\"@elregionalvm1\" \/>\n<meta name=\"twitter:site\" content=\"@elregionalvm1\" \/>\n<meta name=\"twitter:label1\" content=\"Escrito por\" \/>\n\t<meta name=\"twitter:data1\" content=\"Contenidos El Regional\" \/>\n\t<meta name=\"twitter:label2\" content=\"Tiempo de lectura\" \/>\n\t<meta name=\"twitter:data2\" content=\"3 minutos\" \/>\n<script type=\"application\/ld+json\" class=\"yoast-schema-graph\">{\"@context\":\"https:\/\/schema.org\",\"@graph\":[{\"@type\":\"Article\",\"@id\":\"http:\/\/elregionalvm.com.ar\/noticias-villa-maria\/opinion-quien-paga-la-crisis-mientras-el-presupuesto-politico-se-agiganta\/#article\",\"isPartOf\":{\"@id\":\"http:\/\/elregionalvm.com.ar\/noticias-villa-maria\/opinion-quien-paga-la-crisis-mientras-el-presupuesto-politico-se-agiganta\/\"},\"author\":{\"name\":\"Contenidos El Regional\",\"@id\":\"http:\/\/elregionalvm.com.ar\/noticias-villa-maria\/#\/schema\/person\/a0fb9c422317faca23d50163151bc354\"},\"headline\":\"[Opini\u00f3n] \u00bfQui\u00e9n paga la crisis mientras el presupuesto pol\u00edtico se agiganta?\",\"datePublished\":\"2022-02-24T16:10:45+00:00\",\"dateModified\":\"2022-02-26T03:55:13+00:00\",\"mainEntityOfPage\":{\"@id\":\"http:\/\/elregionalvm.com.ar\/noticias-villa-maria\/opinion-quien-paga-la-crisis-mientras-el-presupuesto-politico-se-agiganta\/\"},\"wordCount\":564,\"commentCount\":0,\"image\":{\"@id\":\"http:\/\/elregionalvm.com.ar\/noticias-villa-maria\/opinion-quien-paga-la-crisis-mientras-el-presupuesto-politico-se-agiganta\/#primaryimage\"},\"thumbnailUrl\":\"https:\/\/i0.wp.com\/elregionalvm.com.ar\/noticias-villa-maria\/wp-content\/uploads\/2021\/07\/casa-rosada-rompecabezas.jpg?fit=1000%2C658&ssl=1\",\"keywords\":[\"Casa Rosada\",\"clase pol\u00edtica\",\"Congreso de la Naci\u00f3n\",\"Corrientes\",\"Cristina Pablos\",\"incendios\",\"planes sociales\",\"Presupuesto\",\"pueblo\"],\"articleSection\":[\"Opini\u00f3n\",\"tercera\"],\"inLanguage\":\"es\",\"potentialAction\":[{\"@type\":\"CommentAction\",\"name\":\"Comment\",\"target\":[\"http:\/\/elregionalvm.com.ar\/noticias-villa-maria\/opinion-quien-paga-la-crisis-mientras-el-presupuesto-politico-se-agiganta\/#respond\"]}]},{\"@type\":\"WebPage\",\"@id\":\"http:\/\/elregionalvm.com.ar\/noticias-villa-maria\/opinion-quien-paga-la-crisis-mientras-el-presupuesto-politico-se-agiganta\/\",\"url\":\"http:\/\/elregionalvm.com.ar\/noticias-villa-maria\/opinion-quien-paga-la-crisis-mientras-el-presupuesto-politico-se-agiganta\/\",\"name\":\"[Opini\u00f3n] \u00bfQui\u00e9n paga la crisis mientras el presupuesto pol\u00edtico se agiganta? - El Regional\",\"isPartOf\":{\"@id\":\"http:\/\/elregionalvm.com.ar\/noticias-villa-maria\/#website\"},\"primaryImageOfPage\":{\"@id\":\"http:\/\/elregionalvm.com.ar\/noticias-villa-maria\/opinion-quien-paga-la-crisis-mientras-el-presupuesto-politico-se-agiganta\/#primaryimage\"},\"image\":{\"@id\":\"http:\/\/elregionalvm.com.ar\/noticias-villa-maria\/opinion-quien-paga-la-crisis-mientras-el-presupuesto-politico-se-agiganta\/#primaryimage\"},\"thumbnailUrl\":\"https:\/\/i0.wp.com\/elregionalvm.com.ar\/noticias-villa-maria\/wp-content\/uploads\/2021\/07\/casa-rosada-rompecabezas.jpg?fit=1000%2C658&ssl=1\",\"datePublished\":\"2022-02-24T16:10:45+00:00\",\"dateModified\":\"2022-02-26T03:55:13+00:00\",\"author\":{\"@id\":\"http:\/\/elregionalvm.com.ar\/noticias-villa-maria\/#\/schema\/person\/a0fb9c422317faca23d50163151bc354\"},\"description\":\"Indudablemente que la paga el pueblo, la clase pol\u00edtica toda est\u00e1 exceptuada, obviamente. Y los presupuestos se agrandan...\",\"breadcrumb\":{\"@id\":\"http:\/\/elregionalvm.com.ar\/noticias-villa-maria\/opinion-quien-paga-la-crisis-mientras-el-presupuesto-politico-se-agiganta\/#breadcrumb\"},\"inLanguage\":\"es\",\"potentialAction\":[{\"@type\":\"ReadAction\",\"target\":[\"http:\/\/elregionalvm.com.ar\/noticias-villa-maria\/opinion-quien-paga-la-crisis-mientras-el-presupuesto-politico-se-agiganta\/\"]}]},{\"@type\":\"ImageObject\",\"inLanguage\":\"es\",\"@id\":\"http:\/\/elregionalvm.com.ar\/noticias-villa-maria\/opinion-quien-paga-la-crisis-mientras-el-presupuesto-politico-se-agiganta\/#primaryimage\",\"url\":\"https:\/\/i0.wp.com\/elregionalvm.com.ar\/noticias-villa-maria\/wp-content\/uploads\/2021\/07\/casa-rosada-rompecabezas.jpg?fit=1000%2C658&ssl=1\",\"contentUrl\":\"https:\/\/i0.wp.com\/elregionalvm.com.ar\/noticias-villa-maria\/wp-content\/uploads\/2021\/07\/casa-rosada-rompecabezas.jpg?fit=1000%2C658&ssl=1\",\"width\":1000,\"height\":658},{\"@type\":\"BreadcrumbList\",\"@id\":\"http:\/\/elregionalvm.com.ar\/noticias-villa-maria\/opinion-quien-paga-la-crisis-mientras-el-presupuesto-politico-se-agiganta\/#breadcrumb\",\"itemListElement\":[{\"@type\":\"ListItem\",\"position\":1,\"name\":\"Portada\",\"item\":\"https:\/\/elregionalvm.com.ar\/noticias-villa-maria\/\"},{\"@type\":\"ListItem\",\"position\":2,\"name\":\"[Opini\u00f3n] \u00bfQui\u00e9n paga la crisis mientras el presupuesto pol\u00edtico se agiganta?\"}]},{\"@type\":\"WebSite\",\"@id\":\"http:\/\/elregionalvm.com.ar\/noticias-villa-maria\/#website\",\"url\":\"http:\/\/elregionalvm.com.ar\/noticias-villa-maria\/\",\"name\":\"El Regional\",\"description\":\"Mucho m\u00e1s que informaci\u00f3n\",\"potentialAction\":[{\"@type\":\"SearchAction\",\"target\":{\"@type\":\"EntryPoint\",\"urlTemplate\":\"http:\/\/elregionalvm.com.ar\/noticias-villa-maria\/?s={search_term_string}\"},\"query-input\":{\"@type\":\"PropertyValueSpecification\",\"valueRequired\":true,\"valueName\":\"search_term_string\"}}],\"inLanguage\":\"es\"},{\"@type\":\"Person\",\"@id\":\"http:\/\/elregionalvm.com.ar\/noticias-villa-maria\/#\/schema\/person\/a0fb9c422317faca23d50163151bc354\",\"name\":\"Contenidos El Regional\",\"image\":{\"@type\":\"ImageObject\",\"inLanguage\":\"es\",\"@id\":\"http:\/\/elregionalvm.com.ar\/noticias-villa-maria\/#\/schema\/person\/image\/\",\"url\":\"https:\/\/secure.gravatar.com\/avatar\/265b27cb2209af7bb3a1318f03305787d7981a5cc6e6cd08fe5a4ecdf99d4b48?s=96&d=mm&r=g\",\"contentUrl\":\"https:\/\/secure.gravatar.com\/avatar\/265b27cb2209af7bb3a1318f03305787d7981a5cc6e6cd08fe5a4ecdf99d4b48?s=96&d=mm&r=g\",\"caption\":\"Contenidos El Regional\"},\"url\":\"https:\/\/elregionalvm.com.ar\/noticias-villa-maria\/author\/contenido\/\"}]}<\/script>\n<!-- \/ Yoast SEO plugin. -->","yoast_head_json":{"title":"[Opini\u00f3n] \u00bfQui\u00e9n paga la crisis mientras el presupuesto pol\u00edtico se agiganta? - El Regional","description":"Indudablemente que la paga el pueblo, la clase pol\u00edtica toda est\u00e1 exceptuada, obviamente. Y los presupuestos se agrandan...","robots":{"index":"index","follow":"follow","max-snippet":"max-snippet:-1","max-image-preview":"max-image-preview:large","max-video-preview":"max-video-preview:-1"},"canonical":"http:\/\/elregionalvm.com.ar\/noticias-villa-maria\/opinion-quien-paga-la-crisis-mientras-el-presupuesto-politico-se-agiganta\/","og_locale":"es_ES","og_type":"article","og_title":"[Opini\u00f3n] \u00bfQui\u00e9n paga la crisis mientras el presupuesto pol\u00edtico se agiganta? - El Regional","og_description":"Indudablemente que la paga el pueblo, la clase pol\u00edtica toda est\u00e1 exceptuada, obviamente. Y los presupuestos se agrandan...","og_url":"http:\/\/elregionalvm.com.ar\/noticias-villa-maria\/opinion-quien-paga-la-crisis-mientras-el-presupuesto-politico-se-agiganta\/","og_site_name":"El Regional","article_publisher":"https:\/\/www.facebook.com\/elregionalvm","article_published_time":"2022-02-24T16:10:45+00:00","article_modified_time":"2022-02-26T03:55:13+00:00","og_image":[{"width":1000,"height":658,"url":"http:\/\/elregionalvm.com.ar\/noticias-villa-maria\/wp-content\/uploads\/2021\/07\/casa-rosada-rompecabezas.jpg","type":"image\/jpeg"}],"author":"Contenidos El Regional","twitter_card":"summary_large_image","twitter_creator":"@elregionalvm1","twitter_site":"@elregionalvm1","twitter_misc":{"Escrito por":"Contenidos El Regional","Tiempo de lectura":"3 minutos"},"schema":{"@context":"https:\/\/schema.org","@graph":[{"@type":"Article","@id":"http:\/\/elregionalvm.com.ar\/noticias-villa-maria\/opinion-quien-paga-la-crisis-mientras-el-presupuesto-politico-se-agiganta\/#article","isPartOf":{"@id":"http:\/\/elregionalvm.com.ar\/noticias-villa-maria\/opinion-quien-paga-la-crisis-mientras-el-presupuesto-politico-se-agiganta\/"},"author":{"name":"Contenidos El Regional","@id":"http:\/\/elregionalvm.com.ar\/noticias-villa-maria\/#\/schema\/person\/a0fb9c422317faca23d50163151bc354"},"headline":"[Opini\u00f3n] \u00bfQui\u00e9n paga la crisis mientras el presupuesto pol\u00edtico se agiganta?","datePublished":"2022-02-24T16:10:45+00:00","dateModified":"2022-02-26T03:55:13+00:00","mainEntityOfPage":{"@id":"http:\/\/elregionalvm.com.ar\/noticias-villa-maria\/opinion-quien-paga-la-crisis-mientras-el-presupuesto-politico-se-agiganta\/"},"wordCount":564,"commentCount":0,"image":{"@id":"http:\/\/elregionalvm.com.ar\/noticias-villa-maria\/opinion-quien-paga-la-crisis-mientras-el-presupuesto-politico-se-agiganta\/#primaryimage"},"thumbnailUrl":"https:\/\/i0.wp.com\/elregionalvm.com.ar\/noticias-villa-maria\/wp-content\/uploads\/2021\/07\/casa-rosada-rompecabezas.jpg?fit=1000%2C658&ssl=1","keywords":["Casa Rosada","clase pol\u00edtica","Congreso de la Naci\u00f3n","Corrientes","Cristina Pablos","incendios","planes sociales","Presupuesto","pueblo"],"articleSection":["Opini\u00f3n","tercera"],"inLanguage":"es","potentialAction":[{"@type":"CommentAction","name":"Comment","target":["http:\/\/elregionalvm.com.ar\/noticias-villa-maria\/opinion-quien-paga-la-crisis-mientras-el-presupuesto-politico-se-agiganta\/#respond"]}]},{"@type":"WebPage","@id":"http:\/\/elregionalvm.com.ar\/noticias-villa-maria\/opinion-quien-paga-la-crisis-mientras-el-presupuesto-politico-se-agiganta\/","url":"http:\/\/elregionalvm.com.ar\/noticias-villa-maria\/opinion-quien-paga-la-crisis-mientras-el-presupuesto-politico-se-agiganta\/","name":"[Opini\u00f3n] \u00bfQui\u00e9n paga la crisis mientras el presupuesto pol\u00edtico se agiganta? - El Regional","isPartOf":{"@id":"http:\/\/elregionalvm.com.ar\/noticias-villa-maria\/#website"},"primaryImageOfPage":{"@id":"http:\/\/elregionalvm.com.ar\/noticias-villa-maria\/opinion-quien-paga-la-crisis-mientras-el-presupuesto-politico-se-agiganta\/#primaryimage"},"image":{"@id":"http:\/\/elregionalvm.com.ar\/noticias-villa-maria\/opinion-quien-paga-la-crisis-mientras-el-presupuesto-politico-se-agiganta\/#primaryimage"},"thumbnailUrl":"https:\/\/i0.wp.com\/elregionalvm.com.ar\/noticias-villa-maria\/wp-content\/uploads\/2021\/07\/casa-rosada-rompecabezas.jpg?fit=1000%2C658&ssl=1","datePublished":"2022-02-24T16:10:45+00:00","dateModified":"2022-02-26T03:55:13+00:00","author":{"@id":"http:\/\/elregionalvm.com.ar\/noticias-villa-maria\/#\/schema\/person\/a0fb9c422317faca23d50163151bc354"},"description":"Indudablemente que la paga el pueblo, la clase pol\u00edtica toda est\u00e1 exceptuada, obviamente. Y los presupuestos se agrandan...","breadcrumb":{"@id":"http:\/\/elregionalvm.com.ar\/noticias-villa-maria\/opinion-quien-paga-la-crisis-mientras-el-presupuesto-politico-se-agiganta\/#breadcrumb"},"inLanguage":"es","potentialAction":[{"@type":"ReadAction","target":["http:\/\/elregionalvm.com.ar\/noticias-villa-maria\/opinion-quien-paga-la-crisis-mientras-el-presupuesto-politico-se-agiganta\/"]}]},{"@type":"ImageObject","inLanguage":"es","@id":"http:\/\/elregionalvm.com.ar\/noticias-villa-maria\/opinion-quien-paga-la-crisis-mientras-el-presupuesto-politico-se-agiganta\/#primaryimage","url":"https:\/\/i0.wp.com\/elregionalvm.com.ar\/noticias-villa-maria\/wp-content\/uploads\/2021\/07\/casa-rosada-rompecabezas.jpg?fit=1000%2C658&ssl=1","contentUrl":"https:\/\/i0.wp.com\/elregionalvm.com.ar\/noticias-villa-maria\/wp-content\/uploads\/2021\/07\/casa-rosada-rompecabezas.jpg?fit=1000%2C658&ssl=1","width":1000,"height":658},{"@type":"BreadcrumbList","@id":"http:\/\/elregionalvm.com.ar\/noticias-villa-maria\/opinion-quien-paga-la-crisis-mientras-el-presupuesto-politico-se-agiganta\/#breadcrumb","itemListElement":[{"@type":"ListItem","position":1,"name":"Portada","item":"https:\/\/elregionalvm.com.ar\/noticias-villa-maria\/"},{"@type":"ListItem","position":2,"name":"[Opini\u00f3n] \u00bfQui\u00e9n paga la crisis mientras el presupuesto pol\u00edtico se agiganta?"}]},{"@type":"WebSite","@id":"http:\/\/elregionalvm.com.ar\/noticias-villa-maria\/#website","url":"http:\/\/elregionalvm.com.ar\/noticias-villa-maria\/","name":"El Regional","description":"Mucho m\u00e1s que informaci\u00f3n","potentialAction":[{"@type":"SearchAction","target":{"@type":"EntryPoint","urlTemplate":"http:\/\/elregionalvm.com.ar\/noticias-villa-maria\/?s={search_term_string}"},"query-input":{"@type":"PropertyValueSpecification","valueRequired":true,"valueName":"search_term_string"}}],"inLanguage":"es"},{"@type":"Person","@id":"http:\/\/elregionalvm.com.ar\/noticias-villa-maria\/#\/schema\/person\/a0fb9c422317faca23d50163151bc354","name":"Contenidos El Regional","image":{"@type":"ImageObject","inLanguage":"es","@id":"http:\/\/elregionalvm.com.ar\/noticias-villa-maria\/#\/schema\/person\/image\/","url":"https:\/\/secure.gravatar.com\/avatar\/265b27cb2209af7bb3a1318f03305787d7981a5cc6e6cd08fe5a4ecdf99d4b48?s=96&d=mm&r=g","contentUrl":"https:\/\/secure.gravatar.com\/avatar\/265b27cb2209af7bb3a1318f03305787d7981a5cc6e6cd08fe5a4ecdf99d4b48?s=96&d=mm&r=g","caption":"Contenidos El Regional"},"url":"https:\/\/elregionalvm.com.ar\/noticias-villa-maria\/author\/contenido\/"}]}},"jetpack_featured_media_url":"https:\/\/i0.wp.com\/elregionalvm.com.ar\/noticias-villa-maria\/wp-content\/uploads\/2021\/07\/casa-rosada-rompecabezas.jpg?fit=1000%2C658&ssl=1","jetpack_sharing_enabled":true,"_links":{"self":[{"href":"https:\/\/elregionalvm.com.ar\/noticias-villa-maria\/wp-json\/wp\/v2\/posts\/53174","targetHints":{"allow":["GET"]}}],"collection":[{"href":"https:\/\/elregionalvm.com.ar\/noticias-villa-maria\/wp-json\/wp\/v2\/posts"}],"about":[{"href":"https:\/\/elregionalvm.com.ar\/noticias-villa-maria\/wp-json\/wp\/v2\/types\/post"}],"author":[{"embeddable":true,"href":"https:\/\/elregionalvm.com.ar\/noticias-villa-maria\/wp-json\/wp\/v2\/users\/4"}],"replies":[{"embeddable":true,"href":"https:\/\/elregionalvm.com.ar\/noticias-villa-maria\/wp-json\/wp\/v2\/comments?post=53174"}],"version-history":[{"count":4,"href":"https:\/\/elregionalvm.com.ar\/noticias-villa-maria\/wp-json\/wp\/v2\/posts\/53174\/revisions"}],"predecessor-version":[{"id":53180,"href":"https:\/\/elregionalvm.com.ar\/noticias-villa-maria\/wp-json\/wp\/v2\/posts\/53174\/revisions\/53180"}],"wp:featuredmedia":[{"embeddable":true,"href":"https:\/\/elregionalvm.com.ar\/noticias-villa-maria\/wp-json\/wp\/v2\/media\/41210"}],"wp:attachment":[{"href":"https:\/\/elregionalvm.com.ar\/noticias-villa-maria\/wp-json\/wp\/v2\/media?parent=53174"}],"wp:term":[{"taxonomy":"category","embeddable":true,"href":"https:\/\/elregionalvm.com.ar\/noticias-villa-maria\/wp-json\/wp\/v2\/categories?post=53174"},{"taxonomy":"post_tag","embeddable":true,"href":"https:\/\/elregionalvm.com.ar\/noticias-villa-maria\/wp-json\/wp\/v2\/tags?post=53174"}],"curies":[{"name":"wp","href":"https:\/\/api.w.org\/{rel}","templated":true}]}}