{"id":53189,"date":"2022-02-24T20:56:27","date_gmt":"2022-02-24T20:56:27","guid":{"rendered":"https:\/\/elregionalvm.com.ar\/noticias-villa-maria\/?p=53189"},"modified":"2022-02-24T20:56:29","modified_gmt":"2022-02-24T20:56:29","slug":"perfume-de-carnaval-en-pozo-del-molle-este-viernes-y-sabado","status":"publish","type":"post","link":"https:\/\/elregionalvm.com.ar\/noticias-villa-maria\/perfume-de-carnaval-en-pozo-del-molle-este-viernes-y-sabado\/","title":{"rendered":"Perfume de carnaval en Pozo del Molle este viernes y s\u00e1bado"},"content":{"rendered":"\n<p><\/p>\n\n\n\n<p>El viernes 25 y s\u00e1bado 26 de febrero la localidad se reencontrar\u00e1 con una de las celebraciones m\u00e1s tradicionales.<\/p>\n\n\n\n<p>Vuelven los carnavales con dos jornadas a pura diversi\u00f3n en el cors\u00f3dromo preparado en el Centro C\u00edvico.<\/p>\n\n\n\n<p>Entre los numerosos atractivos se cuenta la presencia de carrozas, comparsas, murgas, disfrazados y la actuaci\u00f3n de reconocidos artistas.<\/p>\n\n\n\n<p>En la primera noche se presentar\u00e1 el grupo cuartetero Dale Q\u2019 Va, mientras que el s\u00e1bado lo har\u00e1n Los Caligaris y Lisandro M\u00e1rquez.<\/p>\n\n\n\n<p>El carnaval del reencuentro tambi\u00e9n promete premios y sorteos para los asistentes locales y de la regi\u00f3n.<\/p>\n\n\n\n<p><\/p>\n\n\n\n<figure class=\"wp-block-gallery columns-2 is-cropped wp-block-gallery-1 is-layout-flex wp-block-gallery-is-layout-flex\"><ul class=\"blocks-gallery-grid\"><li class=\"blocks-gallery-item\"><figure><img data-recalc-dims=\"1\" fetchpriority=\"high\" decoding=\"async\" width=\"800\" height=\"1000\" src=\"https:\/\/i0.wp.com\/elregionalvm.com.ar\/noticias-villa-maria\/wp-content\/uploads\/2022\/02\/Flyer-Molle-carnaval-1.jpeg?resize=800%2C1000&#038;ssl=1\" alt=\"\" data-id=\"53193\" data-full-url=\"https:\/\/elregionalvm.com.ar\/noticias-villa-maria\/wp-content\/uploads\/2022\/02\/Flyer-Molle-carnaval-1.jpeg\" data-link=\"https:\/\/elregionalvm.com.ar\/noticias-villa-maria\/?attachment_id=53193\" class=\"wp-image-53193\" srcset=\"https:\/\/i0.wp.com\/elregionalvm.com.ar\/noticias-villa-maria\/wp-content\/uploads\/2022\/02\/Flyer-Molle-carnaval-1.jpeg?w=800&amp;ssl=1 800w, https:\/\/i0.wp.com\/elregionalvm.com.ar\/noticias-villa-maria\/wp-content\/uploads\/2022\/02\/Flyer-Molle-carnaval-1.jpeg?resize=240%2C300&amp;ssl=1 240w, https:\/\/i0.wp.com\/elregionalvm.com.ar\/noticias-villa-maria\/wp-content\/uploads\/2022\/02\/Flyer-Molle-carnaval-1.jpeg?resize=768%2C960&amp;ssl=1 768w\" sizes=\"(max-width: 800px) 100vw, 800px\" \/><\/figure><\/li><li class=\"blocks-gallery-item\"><figure><img data-recalc-dims=\"1\" decoding=\"async\" width=\"800\" height=\"1000\" src=\"https:\/\/i0.wp.com\/elregionalvm.com.ar\/noticias-villa-maria\/wp-content\/uploads\/2022\/02\/Flyer-Molle-carnaval.jpeg?resize=800%2C1000&#038;ssl=1\" alt=\"\" data-id=\"53192\" data-full-url=\"https:\/\/elregionalvm.com.ar\/noticias-villa-maria\/wp-content\/uploads\/2022\/02\/Flyer-Molle-carnaval.jpeg\" data-link=\"https:\/\/elregionalvm.com.ar\/noticias-villa-maria\/?attachment_id=53192\" class=\"wp-image-53192\" srcset=\"https:\/\/i0.wp.com\/elregionalvm.com.ar\/noticias-villa-maria\/wp-content\/uploads\/2022\/02\/Flyer-Molle-carnaval.jpeg?w=800&amp;ssl=1 800w, https:\/\/i0.wp.com\/elregionalvm.com.ar\/noticias-villa-maria\/wp-content\/uploads\/2022\/02\/Flyer-Molle-carnaval.jpeg?resize=240%2C300&amp;ssl=1 240w, https:\/\/i0.wp.com\/elregionalvm.com.ar\/noticias-villa-maria\/wp-content\/uploads\/2022\/02\/Flyer-Molle-carnaval.jpeg?resize=768%2C960&amp;ssl=1 768w\" sizes=\"(max-width: 800px) 100vw, 800px\" \/><\/figure><\/li><\/ul><figcaption class=\"blocks-gallery-caption\"><em>Los artistas que se presentar\u00e1n en las dos jornadas a puro carnaval en Pozo del Molle. <\/em><\/figcaption><\/figure>\n\n\n\n<p><\/p>\n\n\n\n<p><strong>Carrozas, comparsas y batucada<\/strong><\/p>\n\n\n\n<p>\u00a0\u201cHabr\u00e1 un desfile de 15 carrozas a cargo de distintas entidades sociales, educativas y deportivas en ambas jornadas. El viernes nos visita una murga de C\u00f3rdoba y la comparsa \u2018Arco Iris\u2019 de la localidad de El Ara\u00f1ado. El s\u00e1bado nos visita la comparsa &#8216;Mar\u00ed Ver\u00e1 de Santa Fe\u201d, explic\u00f3 la directora de Cultura Patricia Turaglio.<\/p>\n\n\n\n<p>\u201cLa apertura de los corsos ser\u00e1 con la batucada de los estudiantes de la promo 2022 de los dos colegios secundarios locales. El s\u00e1bado, junto con el desfile de carrozas har\u00e1n lo propio las candidatas a reina\u201d, continu\u00f3.<\/p>\n\n\n\n<p><\/p>\n\n\n\n<figure class=\"wp-block-image size-full\"><img data-recalc-dims=\"1\" decoding=\"async\" width=\"960\" height=\"640\" src=\"https:\/\/i0.wp.com\/elregionalvm.com.ar\/noticias-villa-maria\/wp-content\/uploads\/2022\/02\/molle-carnaval-carroza-2020.jpg?resize=960%2C640&#038;ssl=1\" alt=\"\" class=\"wp-image-53197\" srcset=\"https:\/\/i0.wp.com\/elregionalvm.com.ar\/noticias-villa-maria\/wp-content\/uploads\/2022\/02\/molle-carnaval-carroza-2020.jpg?w=960&amp;ssl=1 960w, https:\/\/i0.wp.com\/elregionalvm.com.ar\/noticias-villa-maria\/wp-content\/uploads\/2022\/02\/molle-carnaval-carroza-2020.jpg?resize=300%2C200&amp;ssl=1 300w, https:\/\/i0.wp.com\/elregionalvm.com.ar\/noticias-villa-maria\/wp-content\/uploads\/2022\/02\/molle-carnaval-carroza-2020.jpg?resize=768%2C512&amp;ssl=1 768w\" sizes=\"(max-width: 960px) 100vw, 960px\" \/><figcaption><em>Los ni\u00f1os tambi\u00e9n son protagonistas de las carrozas en su paso por el cors\u00f3dromo. <\/em><\/figcaption><\/figure>\n\n\n\n<p><\/p>\n\n\n\n<p>La funcionaria destac\u00f3 que la Banda Municipal de M\u00fasica participar\u00e1 en el escenario en una canci\u00f3n con Los Caligaris. \u201cLa Banda acompa\u00f1\u00f3 los inicios de Agust\u00edn Cuadrado que es integrante de Los Caligaris y es de Pozo del Molle\u201d, indic\u00f3.<\/p>\n\n\n\n<p>Las entradas anticipadas se consiguen a 400 pesos en distintos puntos de venta en la regi\u00f3n, mientras que en boleter\u00eda tendr\u00e1n un valor de 500 pesos. Se exigir\u00e1 el pase sanitario, con la colaboraci\u00f3n de la Cruz Roja.<\/p>\n\n\n\n<p>Habr\u00e1 servicio de bufet a beneficio de las instituciones que participan con sus carrozas.<\/p>\n","protected":false},"excerpt":{"rendered":"<p>El viernes 25 y s\u00e1bado 26 de febrero la localidad se reencontrar\u00e1 con una de las celebraciones m\u00e1s tradicionales. Vuelven los carnavales con dos jornadas a pura diversi\u00f3n en el cors\u00f3dromo preparado en el Centro C\u00edvico. Entre los numerosos atractivos se cuenta la presencia de carrozas, comparsas, murgas, disfrazados y la actuaci\u00f3n de reconocidos artistas. [&hellip;]<\/p>\n","protected":false},"author":4,"featured_media":53196,"comment_status":"open","ping_status":"open","sticky":false,"template":"","format":"standard","meta":{"site-sidebar-layout":"default","site-content-layout":"default","ast-site-content-layout":"default","site-content-style":"default","site-sidebar-style":"default","ast-global-header-display":"","ast-banner-title-visibility":"","ast-main-header-display":"","ast-hfb-above-header-display":"","ast-hfb-below-header-display":"","ast-hfb-mobile-header-display":"","site-post-title":"","ast-breadcrumbs-content":"","ast-featured-img":"","footer-sml-layout":"","ast-disable-related-posts":"","theme-transparent-header-meta":"default","adv-header-id-meta":"","stick-header-meta":"","header-above-stick-meta":"","header-main-stick-meta":"","header-below-stick-meta":"","astra-migrate-meta-layouts":"default","ast-page-background-enabled":"default","ast-page-background-meta":{"desktop":{"background-color":"","background-image":"","background-repeat":"repeat","background-position":"center center","background-size":"auto","background-attachment":"scroll","background-type":"","background-media":"","overlay-type":"","overlay-color":"","overlay-opacity":"","overlay-gradient":""},"tablet":{"background-color":"","background-image":"","background-repeat":"repeat","background-position":"center center","background-size":"auto","background-attachment":"scroll","background-type":"","background-media":"","overlay-type":"","overlay-color":"","overlay-opacity":"","overlay-gradient":""},"mobile":{"background-color":"","background-image":"","background-repeat":"repeat","background-position":"center center","background-size":"auto","background-attachment":"scroll","background-type":"","background-media":"","overlay-type":"","overlay-color":"","overlay-opacity":"","overlay-gradient":""}},"ast-content-background-meta":{"desktop":{"background-color":"var(--ast-global-color-5)","background-image":"","background-repeat":"repeat","background-position":"center center","background-size":"auto","background-attachment":"scroll","background-type":"","background-media":"","overlay-type":"","overlay-color":"","overlay-opacity":"","overlay-gradient":""},"tablet":{"background-color":"var(--ast-global-color-5)","background-image":"","background-repeat":"repeat","background-position":"center center","background-size":"auto","background-attachment":"scroll","background-type":"","background-media":"","overlay-type":"","overlay-color":"","overlay-opacity":"","overlay-gradient":""},"mobile":{"background-color":"var(--ast-global-color-5)","background-image":"","background-repeat":"repeat","background-position":"center center","background-size":"auto","background-attachment":"scroll","background-type":"","background-media":"","overlay-type":"","overlay-color":"","overlay-opacity":"","overlay-gradient":""}},"_jetpack_memberships_contains_paid_content":false,"_joinchat":[],"footnotes":""},"categories":[2091],"tags":[4157,13909,13704,1232,13907,13910,13906,13908,685],"class_list":["post-53189","post","type-post","status-publish","format-standard","has-post-thumbnail","hentry","category-region","tag-carnaval","tag-carrozas","tag-comparsas","tag-destacado","tag-los-caligaris","tag-mari-vera","tag-murga","tag-patricia-turaglio","tag-pozo-del-molle"],"yoast_head":"<!-- This site is optimized with the Yoast SEO plugin v26.8 - https:\/\/yoast.com\/product\/yoast-seo-wordpress\/ -->\n<title>Perfume de carnaval en Pozo del Molle este viernes y s\u00e1bado - El Regional<\/title>\n<meta name=\"description\" content=\"El viernes 25 y s\u00e1bado 26 de febrero la localidad se reencontrar\u00e1 con una de las celebraciones m\u00e1s tradicionales.\" \/>\n<meta name=\"robots\" content=\"index, follow, max-snippet:-1, max-image-preview:large, max-video-preview:-1\" \/>\n<link rel=\"canonical\" href=\"http:\/\/elregionalvm.com.ar\/noticias-villa-maria\/perfume-de-carnaval-en-pozo-del-molle-este-viernes-y-sabado\/\" \/>\n<meta property=\"og:locale\" content=\"es_ES\" \/>\n<meta property=\"og:type\" content=\"article\" \/>\n<meta property=\"og:title\" content=\"Perfume de carnaval en Pozo del Molle este viernes y s\u00e1bado - El Regional\" \/>\n<meta property=\"og:description\" content=\"El viernes 25 y s\u00e1bado 26 de febrero la localidad se reencontrar\u00e1 con una de las celebraciones m\u00e1s tradicionales.\" \/>\n<meta property=\"og:url\" content=\"http:\/\/elregionalvm.com.ar\/noticias-villa-maria\/perfume-de-carnaval-en-pozo-del-molle-este-viernes-y-sabado\/\" \/>\n<meta property=\"og:site_name\" content=\"El Regional\" \/>\n<meta property=\"article:publisher\" content=\"https:\/\/www.facebook.com\/elregionalvm\" \/>\n<meta property=\"article:published_time\" content=\"2022-02-24T20:56:27+00:00\" \/>\n<meta property=\"article:modified_time\" content=\"2022-02-24T20:56:29+00:00\" \/>\n<meta property=\"og:image\" content=\"http:\/\/elregionalvm.com.ar\/noticias-villa-maria\/wp-content\/uploads\/2022\/02\/molle-carnaval-comparsa-2020.jpg\" \/>\n\t<meta property=\"og:image:width\" content=\"960\" \/>\n\t<meta property=\"og:image:height\" content=\"640\" \/>\n\t<meta property=\"og:image:type\" content=\"image\/jpeg\" \/>\n<meta name=\"author\" content=\"Contenidos El Regional\" \/>\n<meta name=\"twitter:card\" content=\"summary_large_image\" \/>\n<meta name=\"twitter:creator\" content=\"@elregionalvm1\" \/>\n<meta name=\"twitter:site\" content=\"@elregionalvm1\" \/>\n<meta name=\"twitter:label1\" content=\"Escrito por\" \/>\n\t<meta name=\"twitter:data1\" content=\"Contenidos El Regional\" \/>\n\t<meta name=\"twitter:label2\" content=\"Tiempo de lectura\" \/>\n\t<meta name=\"twitter:data2\" content=\"3 minutos\" \/>\n<script type=\"application\/ld+json\" class=\"yoast-schema-graph\">{\"@context\":\"https:\/\/schema.org\",\"@graph\":[{\"@type\":\"Article\",\"@id\":\"http:\/\/elregionalvm.com.ar\/noticias-villa-maria\/perfume-de-carnaval-en-pozo-del-molle-este-viernes-y-sabado\/#article\",\"isPartOf\":{\"@id\":\"http:\/\/elregionalvm.com.ar\/noticias-villa-maria\/perfume-de-carnaval-en-pozo-del-molle-este-viernes-y-sabado\/\"},\"author\":{\"name\":\"Contenidos El Regional\",\"@id\":\"http:\/\/elregionalvm.com.ar\/noticias-villa-maria\/#\/schema\/person\/a0fb9c422317faca23d50163151bc354\"},\"headline\":\"Perfume de carnaval en Pozo del Molle este viernes y s\u00e1bado\",\"datePublished\":\"2022-02-24T20:56:27+00:00\",\"dateModified\":\"2022-02-24T20:56:29+00:00\",\"mainEntityOfPage\":{\"@id\":\"http:\/\/elregionalvm.com.ar\/noticias-villa-maria\/perfume-de-carnaval-en-pozo-del-molle-este-viernes-y-sabado\/\"},\"wordCount\":347,\"commentCount\":0,\"image\":{\"@id\":\"http:\/\/elregionalvm.com.ar\/noticias-villa-maria\/perfume-de-carnaval-en-pozo-del-molle-este-viernes-y-sabado\/#primaryimage\"},\"thumbnailUrl\":\"https:\/\/i0.wp.com\/elregionalvm.com.ar\/noticias-villa-maria\/wp-content\/uploads\/2022\/02\/molle-carnaval-comparsa-2020.jpg?fit=960%2C640&ssl=1\",\"keywords\":[\"carnaval\",\"carrozas\",\"comparsas\",\"destacado\",\"Los Caligaris\",\"Mari Ver\u00e1\",\"murga\",\"Patricia Turaglio\",\"POZO DEL MOLLE\"],\"articleSection\":[\"Regi\u00f3n\"],\"inLanguage\":\"es\",\"potentialAction\":[{\"@type\":\"CommentAction\",\"name\":\"Comment\",\"target\":[\"http:\/\/elregionalvm.com.ar\/noticias-villa-maria\/perfume-de-carnaval-en-pozo-del-molle-este-viernes-y-sabado\/#respond\"]}]},{\"@type\":\"WebPage\",\"@id\":\"http:\/\/elregionalvm.com.ar\/noticias-villa-maria\/perfume-de-carnaval-en-pozo-del-molle-este-viernes-y-sabado\/\",\"url\":\"http:\/\/elregionalvm.com.ar\/noticias-villa-maria\/perfume-de-carnaval-en-pozo-del-molle-este-viernes-y-sabado\/\",\"name\":\"Perfume de carnaval en Pozo del Molle este viernes y s\u00e1bado - El Regional\",\"isPartOf\":{\"@id\":\"http:\/\/elregionalvm.com.ar\/noticias-villa-maria\/#website\"},\"primaryImageOfPage\":{\"@id\":\"http:\/\/elregionalvm.com.ar\/noticias-villa-maria\/perfume-de-carnaval-en-pozo-del-molle-este-viernes-y-sabado\/#primaryimage\"},\"image\":{\"@id\":\"http:\/\/elregionalvm.com.ar\/noticias-villa-maria\/perfume-de-carnaval-en-pozo-del-molle-este-viernes-y-sabado\/#primaryimage\"},\"thumbnailUrl\":\"https:\/\/i0.wp.com\/elregionalvm.com.ar\/noticias-villa-maria\/wp-content\/uploads\/2022\/02\/molle-carnaval-comparsa-2020.jpg?fit=960%2C640&ssl=1\",\"datePublished\":\"2022-02-24T20:56:27+00:00\",\"dateModified\":\"2022-02-24T20:56:29+00:00\",\"author\":{\"@id\":\"http:\/\/elregionalvm.com.ar\/noticias-villa-maria\/#\/schema\/person\/a0fb9c422317faca23d50163151bc354\"},\"description\":\"El viernes 25 y s\u00e1bado 26 de febrero la localidad se reencontrar\u00e1 con una de las celebraciones m\u00e1s tradicionales.\",\"breadcrumb\":{\"@id\":\"http:\/\/elregionalvm.com.ar\/noticias-villa-maria\/perfume-de-carnaval-en-pozo-del-molle-este-viernes-y-sabado\/#breadcrumb\"},\"inLanguage\":\"es\",\"potentialAction\":[{\"@type\":\"ReadAction\",\"target\":[\"http:\/\/elregionalvm.com.ar\/noticias-villa-maria\/perfume-de-carnaval-en-pozo-del-molle-este-viernes-y-sabado\/\"]}]},{\"@type\":\"ImageObject\",\"inLanguage\":\"es\",\"@id\":\"http:\/\/elregionalvm.com.ar\/noticias-villa-maria\/perfume-de-carnaval-en-pozo-del-molle-este-viernes-y-sabado\/#primaryimage\",\"url\":\"https:\/\/i0.wp.com\/elregionalvm.com.ar\/noticias-villa-maria\/wp-content\/uploads\/2022\/02\/molle-carnaval-comparsa-2020.jpg?fit=960%2C640&ssl=1\",\"contentUrl\":\"https:\/\/i0.wp.com\/elregionalvm.com.ar\/noticias-villa-maria\/wp-content\/uploads\/2022\/02\/molle-carnaval-comparsa-2020.jpg?fit=960%2C640&ssl=1\",\"width\":960,\"height\":640},{\"@type\":\"BreadcrumbList\",\"@id\":\"http:\/\/elregionalvm.com.ar\/noticias-villa-maria\/perfume-de-carnaval-en-pozo-del-molle-este-viernes-y-sabado\/#breadcrumb\",\"itemListElement\":[{\"@type\":\"ListItem\",\"position\":1,\"name\":\"Portada\",\"item\":\"https:\/\/elregionalvm.com.ar\/noticias-villa-maria\/\"},{\"@type\":\"ListItem\",\"position\":2,\"name\":\"Perfume de carnaval en Pozo del Molle este viernes y s\u00e1bado\"}]},{\"@type\":\"WebSite\",\"@id\":\"http:\/\/elregionalvm.com.ar\/noticias-villa-maria\/#website\",\"url\":\"http:\/\/elregionalvm.com.ar\/noticias-villa-maria\/\",\"name\":\"El Regional\",\"description\":\"Mucho m\u00e1s que informaci\u00f3n\",\"potentialAction\":[{\"@type\":\"SearchAction\",\"target\":{\"@type\":\"EntryPoint\",\"urlTemplate\":\"http:\/\/elregionalvm.com.ar\/noticias-villa-maria\/?s={search_term_string}\"},\"query-input\":{\"@type\":\"PropertyValueSpecification\",\"valueRequired\":true,\"valueName\":\"search_term_string\"}}],\"inLanguage\":\"es\"},{\"@type\":\"Person\",\"@id\":\"http:\/\/elregionalvm.com.ar\/noticias-villa-maria\/#\/schema\/person\/a0fb9c422317faca23d50163151bc354\",\"name\":\"Contenidos El Regional\",\"image\":{\"@type\":\"ImageObject\",\"inLanguage\":\"es\",\"@id\":\"http:\/\/elregionalvm.com.ar\/noticias-villa-maria\/#\/schema\/person\/image\/\",\"url\":\"https:\/\/secure.gravatar.com\/avatar\/265b27cb2209af7bb3a1318f03305787d7981a5cc6e6cd08fe5a4ecdf99d4b48?s=96&d=mm&r=g\",\"contentUrl\":\"https:\/\/secure.gravatar.com\/avatar\/265b27cb2209af7bb3a1318f03305787d7981a5cc6e6cd08fe5a4ecdf99d4b48?s=96&d=mm&r=g\",\"caption\":\"Contenidos El Regional\"},\"url\":\"https:\/\/elregionalvm.com.ar\/noticias-villa-maria\/author\/contenido\/\"}]}<\/script>\n<!-- \/ Yoast SEO plugin. -->","yoast_head_json":{"title":"Perfume de carnaval en Pozo del Molle este viernes y s\u00e1bado - El Regional","description":"El viernes 25 y s\u00e1bado 26 de febrero la localidad se reencontrar\u00e1 con una de las celebraciones m\u00e1s tradicionales.","robots":{"index":"index","follow":"follow","max-snippet":"max-snippet:-1","max-image-preview":"max-image-preview:large","max-video-preview":"max-video-preview:-1"},"canonical":"http:\/\/elregionalvm.com.ar\/noticias-villa-maria\/perfume-de-carnaval-en-pozo-del-molle-este-viernes-y-sabado\/","og_locale":"es_ES","og_type":"article","og_title":"Perfume de carnaval en Pozo del Molle este viernes y s\u00e1bado - El Regional","og_description":"El viernes 25 y s\u00e1bado 26 de febrero la localidad se reencontrar\u00e1 con una de las celebraciones m\u00e1s tradicionales.","og_url":"http:\/\/elregionalvm.com.ar\/noticias-villa-maria\/perfume-de-carnaval-en-pozo-del-molle-este-viernes-y-sabado\/","og_site_name":"El Regional","article_publisher":"https:\/\/www.facebook.com\/elregionalvm","article_published_time":"2022-02-24T20:56:27+00:00","article_modified_time":"2022-02-24T20:56:29+00:00","og_image":[{"width":960,"height":640,"url":"http:\/\/elregionalvm.com.ar\/noticias-villa-maria\/wp-content\/uploads\/2022\/02\/molle-carnaval-comparsa-2020.jpg","type":"image\/jpeg"}],"author":"Contenidos El Regional","twitter_card":"summary_large_image","twitter_creator":"@elregionalvm1","twitter_site":"@elregionalvm1","twitter_misc":{"Escrito por":"Contenidos El Regional","Tiempo de lectura":"3 minutos"},"schema":{"@context":"https:\/\/schema.org","@graph":[{"@type":"Article","@id":"http:\/\/elregionalvm.com.ar\/noticias-villa-maria\/perfume-de-carnaval-en-pozo-del-molle-este-viernes-y-sabado\/#article","isPartOf":{"@id":"http:\/\/elregionalvm.com.ar\/noticias-villa-maria\/perfume-de-carnaval-en-pozo-del-molle-este-viernes-y-sabado\/"},"author":{"name":"Contenidos El Regional","@id":"http:\/\/elregionalvm.com.ar\/noticias-villa-maria\/#\/schema\/person\/a0fb9c422317faca23d50163151bc354"},"headline":"Perfume de carnaval en Pozo del Molle este viernes y s\u00e1bado","datePublished":"2022-02-24T20:56:27+00:00","dateModified":"2022-02-24T20:56:29+00:00","mainEntityOfPage":{"@id":"http:\/\/elregionalvm.com.ar\/noticias-villa-maria\/perfume-de-carnaval-en-pozo-del-molle-este-viernes-y-sabado\/"},"wordCount":347,"commentCount":0,"image":{"@id":"http:\/\/elregionalvm.com.ar\/noticias-villa-maria\/perfume-de-carnaval-en-pozo-del-molle-este-viernes-y-sabado\/#primaryimage"},"thumbnailUrl":"https:\/\/i0.wp.com\/elregionalvm.com.ar\/noticias-villa-maria\/wp-content\/uploads\/2022\/02\/molle-carnaval-comparsa-2020.jpg?fit=960%2C640&ssl=1","keywords":["carnaval","carrozas","comparsas","destacado","Los Caligaris","Mari Ver\u00e1","murga","Patricia Turaglio","POZO DEL MOLLE"],"articleSection":["Regi\u00f3n"],"inLanguage":"es","potentialAction":[{"@type":"CommentAction","name":"Comment","target":["http:\/\/elregionalvm.com.ar\/noticias-villa-maria\/perfume-de-carnaval-en-pozo-del-molle-este-viernes-y-sabado\/#respond"]}]},{"@type":"WebPage","@id":"http:\/\/elregionalvm.com.ar\/noticias-villa-maria\/perfume-de-carnaval-en-pozo-del-molle-este-viernes-y-sabado\/","url":"http:\/\/elregionalvm.com.ar\/noticias-villa-maria\/perfume-de-carnaval-en-pozo-del-molle-este-viernes-y-sabado\/","name":"Perfume de carnaval en Pozo del Molle este viernes y s\u00e1bado - El Regional","isPartOf":{"@id":"http:\/\/elregionalvm.com.ar\/noticias-villa-maria\/#website"},"primaryImageOfPage":{"@id":"http:\/\/elregionalvm.com.ar\/noticias-villa-maria\/perfume-de-carnaval-en-pozo-del-molle-este-viernes-y-sabado\/#primaryimage"},"image":{"@id":"http:\/\/elregionalvm.com.ar\/noticias-villa-maria\/perfume-de-carnaval-en-pozo-del-molle-este-viernes-y-sabado\/#primaryimage"},"thumbnailUrl":"https:\/\/i0.wp.com\/elregionalvm.com.ar\/noticias-villa-maria\/wp-content\/uploads\/2022\/02\/molle-carnaval-comparsa-2020.jpg?fit=960%2C640&ssl=1","datePublished":"2022-02-24T20:56:27+00:00","dateModified":"2022-02-24T20:56:29+00:00","author":{"@id":"http:\/\/elregionalvm.com.ar\/noticias-villa-maria\/#\/schema\/person\/a0fb9c422317faca23d50163151bc354"},"description":"El viernes 25 y s\u00e1bado 26 de febrero la localidad se reencontrar\u00e1 con una de las celebraciones m\u00e1s tradicionales.","breadcrumb":{"@id":"http:\/\/elregionalvm.com.ar\/noticias-villa-maria\/perfume-de-carnaval-en-pozo-del-molle-este-viernes-y-sabado\/#breadcrumb"},"inLanguage":"es","potentialAction":[{"@type":"ReadAction","target":["http:\/\/elregionalvm.com.ar\/noticias-villa-maria\/perfume-de-carnaval-en-pozo-del-molle-este-viernes-y-sabado\/"]}]},{"@type":"ImageObject","inLanguage":"es","@id":"http:\/\/elregionalvm.com.ar\/noticias-villa-maria\/perfume-de-carnaval-en-pozo-del-molle-este-viernes-y-sabado\/#primaryimage","url":"https:\/\/i0.wp.com\/elregionalvm.com.ar\/noticias-villa-maria\/wp-content\/uploads\/2022\/02\/molle-carnaval-comparsa-2020.jpg?fit=960%2C640&ssl=1","contentUrl":"https:\/\/i0.wp.com\/elregionalvm.com.ar\/noticias-villa-maria\/wp-content\/uploads\/2022\/02\/molle-carnaval-comparsa-2020.jpg?fit=960%2C640&ssl=1","width":960,"height":640},{"@type":"BreadcrumbList","@id":"http:\/\/elregionalvm.com.ar\/noticias-villa-maria\/perfume-de-carnaval-en-pozo-del-molle-este-viernes-y-sabado\/#breadcrumb","itemListElement":[{"@type":"ListItem","position":1,"name":"Portada","item":"https:\/\/elregionalvm.com.ar\/noticias-villa-maria\/"},{"@type":"ListItem","position":2,"name":"Perfume de carnaval en Pozo del Molle este viernes y s\u00e1bado"}]},{"@type":"WebSite","@id":"http:\/\/elregionalvm.com.ar\/noticias-villa-maria\/#website","url":"http:\/\/elregionalvm.com.ar\/noticias-villa-maria\/","name":"El Regional","description":"Mucho m\u00e1s que informaci\u00f3n","potentialAction":[{"@type":"SearchAction","target":{"@type":"EntryPoint","urlTemplate":"http:\/\/elregionalvm.com.ar\/noticias-villa-maria\/?s={search_term_string}"},"query-input":{"@type":"PropertyValueSpecification","valueRequired":true,"valueName":"search_term_string"}}],"inLanguage":"es"},{"@type":"Person","@id":"http:\/\/elregionalvm.com.ar\/noticias-villa-maria\/#\/schema\/person\/a0fb9c422317faca23d50163151bc354","name":"Contenidos El Regional","image":{"@type":"ImageObject","inLanguage":"es","@id":"http:\/\/elregionalvm.com.ar\/noticias-villa-maria\/#\/schema\/person\/image\/","url":"https:\/\/secure.gravatar.com\/avatar\/265b27cb2209af7bb3a1318f03305787d7981a5cc6e6cd08fe5a4ecdf99d4b48?s=96&d=mm&r=g","contentUrl":"https:\/\/secure.gravatar.com\/avatar\/265b27cb2209af7bb3a1318f03305787d7981a5cc6e6cd08fe5a4ecdf99d4b48?s=96&d=mm&r=g","caption":"Contenidos El Regional"},"url":"https:\/\/elregionalvm.com.ar\/noticias-villa-maria\/author\/contenido\/"}]}},"jetpack_featured_media_url":"https:\/\/i0.wp.com\/elregionalvm.com.ar\/noticias-villa-maria\/wp-content\/uploads\/2022\/02\/molle-carnaval-comparsa-2020.jpg?fit=960%2C640&ssl=1","jetpack_sharing_enabled":true,"_links":{"self":[{"href":"https:\/\/elregionalvm.com.ar\/noticias-villa-maria\/wp-json\/wp\/v2\/posts\/53189","targetHints":{"allow":["GET"]}}],"collection":[{"href":"https:\/\/elregionalvm.com.ar\/noticias-villa-maria\/wp-json\/wp\/v2\/posts"}],"about":[{"href":"https:\/\/elregionalvm.com.ar\/noticias-villa-maria\/wp-json\/wp\/v2\/types\/post"}],"author":[{"embeddable":true,"href":"https:\/\/elregionalvm.com.ar\/noticias-villa-maria\/wp-json\/wp\/v2\/users\/4"}],"replies":[{"embeddable":true,"href":"https:\/\/elregionalvm.com.ar\/noticias-villa-maria\/wp-json\/wp\/v2\/comments?post=53189"}],"version-history":[{"count":3,"href":"https:\/\/elregionalvm.com.ar\/noticias-villa-maria\/wp-json\/wp\/v2\/posts\/53189\/revisions"}],"predecessor-version":[{"id":53198,"href":"https:\/\/elregionalvm.com.ar\/noticias-villa-maria\/wp-json\/wp\/v2\/posts\/53189\/revisions\/53198"}],"wp:featuredmedia":[{"embeddable":true,"href":"https:\/\/elregionalvm.com.ar\/noticias-villa-maria\/wp-json\/wp\/v2\/media\/53196"}],"wp:attachment":[{"href":"https:\/\/elregionalvm.com.ar\/noticias-villa-maria\/wp-json\/wp\/v2\/media?parent=53189"}],"wp:term":[{"taxonomy":"category","embeddable":true,"href":"https:\/\/elregionalvm.com.ar\/noticias-villa-maria\/wp-json\/wp\/v2\/categories?post=53189"},{"taxonomy":"post_tag","embeddable":true,"href":"https:\/\/elregionalvm.com.ar\/noticias-villa-maria\/wp-json\/wp\/v2\/tags?post=53189"}],"curies":[{"name":"wp","href":"https:\/\/api.w.org\/{rel}","templated":true}]}}