{"id":53201,"date":"2022-02-24T21:50:26","date_gmt":"2022-02-24T21:50:26","guid":{"rendered":"https:\/\/elregionalvm.com.ar\/noticias-villa-maria\/?p=53201"},"modified":"2022-02-25T02:50:06","modified_gmt":"2022-02-25T02:50:06","slug":"acovim-y-aerca-que-haran-los-comercios-durante-el-feriado-de-carnaval","status":"publish","type":"post","link":"https:\/\/elregionalvm.com.ar\/noticias-villa-maria\/acovim-y-aerca-que-haran-los-comercios-durante-el-feriado-de-carnaval\/","title":{"rendered":"Acovim y AERCA: \u00bfQu\u00e9 har\u00e1n los comercios durante el feriado de carnaval?"},"content":{"rendered":"\n<p>Desde ACOVIM realizaron un relevamiento para conocer lo que har\u00e1n los comercios durante los feriados de los d\u00edas lunes 28 de febrero y martes 1 de marzo:<\/p>\n\n\n\n<p>De dicho relevamiento surgi\u00f3 que el 6% de los comercios abrir\u00e1 el lunes 28 de Febrero, el 62% de los comercios abrir\u00e1 el martes 1 de marzo y el 38% de los comercios cerrar\u00e1 los dos d\u00edas.<\/p>\n\n\n\n<div class=\"wp-block-image\"><figure class=\"aligncenter size-large is-resized\"><img data-recalc-dims=\"1\" fetchpriority=\"high\" decoding=\"async\" src=\"https:\/\/i0.wp.com\/elregionalvm.com.ar\/noticias-villa-maria\/wp-content\/uploads\/2022\/02\/WhatsApp-Image-2022-02-24-at-18.22.15.jpeg?resize=567%2C319&#038;ssl=1\" alt=\"\" class=\"wp-image-53202\" width=\"567\" height=\"319\" srcset=\"https:\/\/i0.wp.com\/elregionalvm.com.ar\/noticias-villa-maria\/wp-content\/uploads\/2022\/02\/WhatsApp-Image-2022-02-24-at-18.22.15.jpeg?resize=1024%2C576&amp;ssl=1 1024w, https:\/\/i0.wp.com\/elregionalvm.com.ar\/noticias-villa-maria\/wp-content\/uploads\/2022\/02\/WhatsApp-Image-2022-02-24-at-18.22.15.jpeg?resize=300%2C169&amp;ssl=1 300w, https:\/\/i0.wp.com\/elregionalvm.com.ar\/noticias-villa-maria\/wp-content\/uploads\/2022\/02\/WhatsApp-Image-2022-02-24-at-18.22.15.jpeg?resize=768%2C432&amp;ssl=1 768w, https:\/\/i0.wp.com\/elregionalvm.com.ar\/noticias-villa-maria\/wp-content\/uploads\/2022\/02\/WhatsApp-Image-2022-02-24-at-18.22.15.jpeg?w=1280&amp;ssl=1 1280w\" sizes=\"(max-width: 567px) 100vw, 567px\" \/><\/figure><\/div>\n\n\n\n<p><\/p>\n\n\n\n<p>Mientras tanto, AERCA tambi\u00e9n hizo su relevamiento con sus comercios adheridos. El resultado arroj\u00f3 que la mayor\u00eda permanecer\u00e1n cerrados, siendo algunos sectores los que abrir\u00e1n jornada completa. Dentro ellos se encuentran aquellos que comercializan art\u00edculos relacionados al retorno a clases.<\/p>\n\n\n\n<p>De la encuesta realizada por la C\u00e1mara del Comercio participaron los siguientes rubros: Indumentaria y calzado; Art\u00edculos del hogar y Muebler\u00edas; Ferreterias y Materiales para la construcci\u00f3n; Servicios; Librer\u00eda\/jugueter\u00eda; Bazar\/Regaler\u00eda; Joyer\u00eda\/Marroquiner\u00eda\/Bijou; Venta de Rodados, entre otros.<\/p>\n\n\n\n<p>En cuanto al lunes 28\/02, el 91.3% asegur\u00f3 que no abrir\u00e1n sus puertas frente a un 8.7% que llevar\u00e1 a cabo el horario habitual para vender sus productos y\/o servicios. Respecto al 01\/03 hay una variaci\u00f3n del 13% en los \u00edndices. El 27,7% atender\u00e1n al p\u00fablico y el 78,3% permanecer\u00e1 cerrado hasta el mi\u00e9rcoles.<\/p>\n\n\n\n<p>La coordinadora de la C\u00e1mara de Comercio, Abi Pennisi, destac\u00f3: \u00abTrabajamos en este relevamiento para conocer la decisi\u00f3n de nuestros comercios asociados y facilitar la informaci\u00f3n a las personas interesadas\u201d.<\/p>\n\n\n\n<p>Asimismo, precis\u00f3: \u201cNos parece oportuno subrayar que este resultado no representa una postura institucional sino una sugerencia ante las repuestas realizadas por los propios comerciantes\u201d. Para finalizar agreg\u00f3 que se trata de dos feriados nacionales donde impacta la ley de contrato laboral.<\/p>\n","protected":false},"excerpt":{"rendered":"<p>Desde ACOVIM realizaron un relevamiento para conocer lo que har\u00e1n los comercios durante los feriados de los d\u00edas lunes 28 de febrero y martes 1 de marzo: De dicho relevamiento surgi\u00f3 que el 6% de los comercios abrir\u00e1 el lunes 28 de Febrero, el 62% de los comercios abrir\u00e1 el martes 1 de marzo y [&hellip;]<\/p>\n","protected":false},"author":4,"featured_media":53203,"comment_status":"open","ping_status":"open","sticky":false,"template":"","format":"standard","meta":{"site-sidebar-layout":"default","site-content-layout":"default","ast-site-content-layout":"default","site-content-style":"default","site-sidebar-style":"default","ast-global-header-display":"","ast-banner-title-visibility":"","ast-main-header-display":"","ast-hfb-above-header-display":"","ast-hfb-below-header-display":"","ast-hfb-mobile-header-display":"","site-post-title":"","ast-breadcrumbs-content":"","ast-featured-img":"","footer-sml-layout":"","ast-disable-related-posts":"","theme-transparent-header-meta":"default","adv-header-id-meta":"","stick-header-meta":"","header-above-stick-meta":"","header-main-stick-meta":"","header-below-stick-meta":"","astra-migrate-meta-layouts":"default","ast-page-background-enabled":"default","ast-page-background-meta":{"desktop":{"background-color":"","background-image":"","background-repeat":"repeat","background-position":"center center","background-size":"auto","background-attachment":"scroll","background-type":"","background-media":"","overlay-type":"","overlay-color":"","overlay-opacity":"","overlay-gradient":""},"tablet":{"background-color":"","background-image":"","background-repeat":"repeat","background-position":"center center","background-size":"auto","background-attachment":"scroll","background-type":"","background-media":"","overlay-type":"","overlay-color":"","overlay-opacity":"","overlay-gradient":""},"mobile":{"background-color":"","background-image":"","background-repeat":"repeat","background-position":"center center","background-size":"auto","background-attachment":"scroll","background-type":"","background-media":"","overlay-type":"","overlay-color":"","overlay-opacity":"","overlay-gradient":""}},"ast-content-background-meta":{"desktop":{"background-color":"var(--ast-global-color-5)","background-image":"","background-repeat":"repeat","background-position":"center center","background-size":"auto","background-attachment":"scroll","background-type":"","background-media":"","overlay-type":"","overlay-color":"","overlay-opacity":"","overlay-gradient":""},"tablet":{"background-color":"var(--ast-global-color-5)","background-image":"","background-repeat":"repeat","background-position":"center center","background-size":"auto","background-attachment":"scroll","background-type":"","background-media":"","overlay-type":"","overlay-color":"","overlay-opacity":"","overlay-gradient":""},"mobile":{"background-color":"var(--ast-global-color-5)","background-image":"","background-repeat":"repeat","background-position":"center center","background-size":"auto","background-attachment":"scroll","background-type":"","background-media":"","overlay-type":"","overlay-color":"","overlay-opacity":"","overlay-gradient":""}},"_jetpack_memberships_contains_paid_content":false,"_joinchat":[],"footnotes":""},"categories":[2],"tags":[1427,2218,11007,1429,1232,7101],"class_list":["post-53201","post","type-post","status-publish","format-standard","has-post-thumbnail","hentry","category-villa-maria","tag-acovim","tag-aerca","tag-atencion","tag-comercios","tag-destacado","tag-feriado-de-carnaval"],"yoast_head":"<!-- This site is optimized with the Yoast SEO plugin v26.8 - https:\/\/yoast.com\/product\/yoast-seo-wordpress\/ -->\n<title>Acovim y AERCA: \u00bfQu\u00e9 har\u00e1n los comercios durante el feriado de carnaval? - El Regional<\/title>\n<meta name=\"robots\" content=\"index, follow, max-snippet:-1, max-image-preview:large, max-video-preview:-1\" \/>\n<link rel=\"canonical\" href=\"http:\/\/elregionalvm.com.ar\/noticias-villa-maria\/acovim-y-aerca-que-haran-los-comercios-durante-el-feriado-de-carnaval\/\" \/>\n<meta property=\"og:locale\" content=\"es_ES\" \/>\n<meta property=\"og:type\" content=\"article\" \/>\n<meta property=\"og:title\" content=\"Acovim y AERCA: \u00bfQu\u00e9 har\u00e1n los comercios durante el feriado de carnaval? - El Regional\" \/>\n<meta property=\"og:description\" content=\"Desde ACOVIM realizaron un relevamiento para conocer lo que har\u00e1n los comercios durante los feriados de los d\u00edas lunes 28 de febrero y martes 1 de marzo: De dicho relevamiento surgi\u00f3 que el 6% de los comercios abrir\u00e1 el lunes 28 de Febrero, el 62% de los comercios abrir\u00e1 el martes 1 de marzo y [&hellip;]\" \/>\n<meta property=\"og:url\" content=\"http:\/\/elregionalvm.com.ar\/noticias-villa-maria\/acovim-y-aerca-que-haran-los-comercios-durante-el-feriado-de-carnaval\/\" \/>\n<meta property=\"og:site_name\" content=\"El Regional\" \/>\n<meta property=\"article:publisher\" content=\"https:\/\/www.facebook.com\/elregionalvm\" \/>\n<meta property=\"article:published_time\" content=\"2022-02-24T21:50:26+00:00\" \/>\n<meta property=\"article:modified_time\" content=\"2022-02-25T02:50:06+00:00\" \/>\n<meta property=\"og:image\" content=\"http:\/\/elregionalvm.com.ar\/noticias-villa-maria\/wp-content\/uploads\/2022\/02\/placa-naranja.jpg\" \/>\n\t<meta property=\"og:image:width\" content=\"900\" \/>\n\t<meta property=\"og:image:height\" content=\"600\" \/>\n\t<meta property=\"og:image:type\" content=\"image\/jpeg\" \/>\n<meta name=\"author\" content=\"Contenidos El Regional\" \/>\n<meta name=\"twitter:card\" content=\"summary_large_image\" \/>\n<meta name=\"twitter:creator\" content=\"@elregionalvm1\" \/>\n<meta name=\"twitter:site\" content=\"@elregionalvm1\" \/>\n<meta name=\"twitter:label1\" content=\"Escrito por\" \/>\n\t<meta name=\"twitter:data1\" content=\"Contenidos El Regional\" \/>\n\t<meta name=\"twitter:label2\" content=\"Tiempo de lectura\" \/>\n\t<meta name=\"twitter:data2\" content=\"2 minutos\" \/>\n<script type=\"application\/ld+json\" class=\"yoast-schema-graph\">{\"@context\":\"https:\/\/schema.org\",\"@graph\":[{\"@type\":\"Article\",\"@id\":\"http:\/\/elregionalvm.com.ar\/noticias-villa-maria\/acovim-y-aerca-que-haran-los-comercios-durante-el-feriado-de-carnaval\/#article\",\"isPartOf\":{\"@id\":\"http:\/\/elregionalvm.com.ar\/noticias-villa-maria\/acovim-y-aerca-que-haran-los-comercios-durante-el-feriado-de-carnaval\/\"},\"author\":{\"name\":\"Contenidos El Regional\",\"@id\":\"http:\/\/elregionalvm.com.ar\/noticias-villa-maria\/#\/schema\/person\/a0fb9c422317faca23d50163151bc354\"},\"headline\":\"Acovim y AERCA: \u00bfQu\u00e9 har\u00e1n los comercios durante el feriado de carnaval?\",\"datePublished\":\"2022-02-24T21:50:26+00:00\",\"dateModified\":\"2022-02-25T02:50:06+00:00\",\"mainEntityOfPage\":{\"@id\":\"http:\/\/elregionalvm.com.ar\/noticias-villa-maria\/acovim-y-aerca-que-haran-los-comercios-durante-el-feriado-de-carnaval\/\"},\"wordCount\":295,\"commentCount\":0,\"image\":{\"@id\":\"http:\/\/elregionalvm.com.ar\/noticias-villa-maria\/acovim-y-aerca-que-haran-los-comercios-durante-el-feriado-de-carnaval\/#primaryimage\"},\"thumbnailUrl\":\"https:\/\/i0.wp.com\/elregionalvm.com.ar\/noticias-villa-maria\/wp-content\/uploads\/2022\/02\/placa-naranja.jpg?fit=900%2C600&ssl=1\",\"keywords\":[\"Acovim\",\"Aerca\",\"atenci\u00f3n\",\"Comercios\",\"destacado\",\"feriado de carnaval\"],\"articleSection\":[\"Villa Mar\u00eda\"],\"inLanguage\":\"es\",\"potentialAction\":[{\"@type\":\"CommentAction\",\"name\":\"Comment\",\"target\":[\"http:\/\/elregionalvm.com.ar\/noticias-villa-maria\/acovim-y-aerca-que-haran-los-comercios-durante-el-feriado-de-carnaval\/#respond\"]}]},{\"@type\":\"WebPage\",\"@id\":\"http:\/\/elregionalvm.com.ar\/noticias-villa-maria\/acovim-y-aerca-que-haran-los-comercios-durante-el-feriado-de-carnaval\/\",\"url\":\"http:\/\/elregionalvm.com.ar\/noticias-villa-maria\/acovim-y-aerca-que-haran-los-comercios-durante-el-feriado-de-carnaval\/\",\"name\":\"Acovim y AERCA: \u00bfQu\u00e9 har\u00e1n los comercios durante el feriado de carnaval? - El Regional\",\"isPartOf\":{\"@id\":\"http:\/\/elregionalvm.com.ar\/noticias-villa-maria\/#website\"},\"primaryImageOfPage\":{\"@id\":\"http:\/\/elregionalvm.com.ar\/noticias-villa-maria\/acovim-y-aerca-que-haran-los-comercios-durante-el-feriado-de-carnaval\/#primaryimage\"},\"image\":{\"@id\":\"http:\/\/elregionalvm.com.ar\/noticias-villa-maria\/acovim-y-aerca-que-haran-los-comercios-durante-el-feriado-de-carnaval\/#primaryimage\"},\"thumbnailUrl\":\"https:\/\/i0.wp.com\/elregionalvm.com.ar\/noticias-villa-maria\/wp-content\/uploads\/2022\/02\/placa-naranja.jpg?fit=900%2C600&ssl=1\",\"datePublished\":\"2022-02-24T21:50:26+00:00\",\"dateModified\":\"2022-02-25T02:50:06+00:00\",\"author\":{\"@id\":\"http:\/\/elregionalvm.com.ar\/noticias-villa-maria\/#\/schema\/person\/a0fb9c422317faca23d50163151bc354\"},\"breadcrumb\":{\"@id\":\"http:\/\/elregionalvm.com.ar\/noticias-villa-maria\/acovim-y-aerca-que-haran-los-comercios-durante-el-feriado-de-carnaval\/#breadcrumb\"},\"inLanguage\":\"es\",\"potentialAction\":[{\"@type\":\"ReadAction\",\"target\":[\"http:\/\/elregionalvm.com.ar\/noticias-villa-maria\/acovim-y-aerca-que-haran-los-comercios-durante-el-feriado-de-carnaval\/\"]}]},{\"@type\":\"ImageObject\",\"inLanguage\":\"es\",\"@id\":\"http:\/\/elregionalvm.com.ar\/noticias-villa-maria\/acovim-y-aerca-que-haran-los-comercios-durante-el-feriado-de-carnaval\/#primaryimage\",\"url\":\"https:\/\/i0.wp.com\/elregionalvm.com.ar\/noticias-villa-maria\/wp-content\/uploads\/2022\/02\/placa-naranja.jpg?fit=900%2C600&ssl=1\",\"contentUrl\":\"https:\/\/i0.wp.com\/elregionalvm.com.ar\/noticias-villa-maria\/wp-content\/uploads\/2022\/02\/placa-naranja.jpg?fit=900%2C600&ssl=1\",\"width\":900,\"height\":600},{\"@type\":\"BreadcrumbList\",\"@id\":\"http:\/\/elregionalvm.com.ar\/noticias-villa-maria\/acovim-y-aerca-que-haran-los-comercios-durante-el-feriado-de-carnaval\/#breadcrumb\",\"itemListElement\":[{\"@type\":\"ListItem\",\"position\":1,\"name\":\"Portada\",\"item\":\"https:\/\/elregionalvm.com.ar\/noticias-villa-maria\/\"},{\"@type\":\"ListItem\",\"position\":2,\"name\":\"Acovim y AERCA: \u00bfQu\u00e9 har\u00e1n los comercios durante el feriado de carnaval?\"}]},{\"@type\":\"WebSite\",\"@id\":\"http:\/\/elregionalvm.com.ar\/noticias-villa-maria\/#website\",\"url\":\"http:\/\/elregionalvm.com.ar\/noticias-villa-maria\/\",\"name\":\"El Regional\",\"description\":\"Mucho m\u00e1s que informaci\u00f3n\",\"potentialAction\":[{\"@type\":\"SearchAction\",\"target\":{\"@type\":\"EntryPoint\",\"urlTemplate\":\"http:\/\/elregionalvm.com.ar\/noticias-villa-maria\/?s={search_term_string}\"},\"query-input\":{\"@type\":\"PropertyValueSpecification\",\"valueRequired\":true,\"valueName\":\"search_term_string\"}}],\"inLanguage\":\"es\"},{\"@type\":\"Person\",\"@id\":\"http:\/\/elregionalvm.com.ar\/noticias-villa-maria\/#\/schema\/person\/a0fb9c422317faca23d50163151bc354\",\"name\":\"Contenidos El Regional\",\"image\":{\"@type\":\"ImageObject\",\"inLanguage\":\"es\",\"@id\":\"http:\/\/elregionalvm.com.ar\/noticias-villa-maria\/#\/schema\/person\/image\/\",\"url\":\"https:\/\/secure.gravatar.com\/avatar\/265b27cb2209af7bb3a1318f03305787d7981a5cc6e6cd08fe5a4ecdf99d4b48?s=96&d=mm&r=g\",\"contentUrl\":\"https:\/\/secure.gravatar.com\/avatar\/265b27cb2209af7bb3a1318f03305787d7981a5cc6e6cd08fe5a4ecdf99d4b48?s=96&d=mm&r=g\",\"caption\":\"Contenidos El Regional\"},\"url\":\"https:\/\/elregionalvm.com.ar\/noticias-villa-maria\/author\/contenido\/\"}]}<\/script>\n<!-- \/ Yoast SEO plugin. -->","yoast_head_json":{"title":"Acovim y AERCA: \u00bfQu\u00e9 har\u00e1n los comercios durante el feriado de carnaval? - El Regional","robots":{"index":"index","follow":"follow","max-snippet":"max-snippet:-1","max-image-preview":"max-image-preview:large","max-video-preview":"max-video-preview:-1"},"canonical":"http:\/\/elregionalvm.com.ar\/noticias-villa-maria\/acovim-y-aerca-que-haran-los-comercios-durante-el-feriado-de-carnaval\/","og_locale":"es_ES","og_type":"article","og_title":"Acovim y AERCA: \u00bfQu\u00e9 har\u00e1n los comercios durante el feriado de carnaval? - El Regional","og_description":"Desde ACOVIM realizaron un relevamiento para conocer lo que har\u00e1n los comercios durante los feriados de los d\u00edas lunes 28 de febrero y martes 1 de marzo: De dicho relevamiento surgi\u00f3 que el 6% de los comercios abrir\u00e1 el lunes 28 de Febrero, el 62% de los comercios abrir\u00e1 el martes 1 de marzo y [&hellip;]","og_url":"http:\/\/elregionalvm.com.ar\/noticias-villa-maria\/acovim-y-aerca-que-haran-los-comercios-durante-el-feriado-de-carnaval\/","og_site_name":"El Regional","article_publisher":"https:\/\/www.facebook.com\/elregionalvm","article_published_time":"2022-02-24T21:50:26+00:00","article_modified_time":"2022-02-25T02:50:06+00:00","og_image":[{"width":900,"height":600,"url":"http:\/\/elregionalvm.com.ar\/noticias-villa-maria\/wp-content\/uploads\/2022\/02\/placa-naranja.jpg","type":"image\/jpeg"}],"author":"Contenidos El Regional","twitter_card":"summary_large_image","twitter_creator":"@elregionalvm1","twitter_site":"@elregionalvm1","twitter_misc":{"Escrito por":"Contenidos El Regional","Tiempo de lectura":"2 minutos"},"schema":{"@context":"https:\/\/schema.org","@graph":[{"@type":"Article","@id":"http:\/\/elregionalvm.com.ar\/noticias-villa-maria\/acovim-y-aerca-que-haran-los-comercios-durante-el-feriado-de-carnaval\/#article","isPartOf":{"@id":"http:\/\/elregionalvm.com.ar\/noticias-villa-maria\/acovim-y-aerca-que-haran-los-comercios-durante-el-feriado-de-carnaval\/"},"author":{"name":"Contenidos El Regional","@id":"http:\/\/elregionalvm.com.ar\/noticias-villa-maria\/#\/schema\/person\/a0fb9c422317faca23d50163151bc354"},"headline":"Acovim y AERCA: \u00bfQu\u00e9 har\u00e1n los comercios durante el feriado de carnaval?","datePublished":"2022-02-24T21:50:26+00:00","dateModified":"2022-02-25T02:50:06+00:00","mainEntityOfPage":{"@id":"http:\/\/elregionalvm.com.ar\/noticias-villa-maria\/acovim-y-aerca-que-haran-los-comercios-durante-el-feriado-de-carnaval\/"},"wordCount":295,"commentCount":0,"image":{"@id":"http:\/\/elregionalvm.com.ar\/noticias-villa-maria\/acovim-y-aerca-que-haran-los-comercios-durante-el-feriado-de-carnaval\/#primaryimage"},"thumbnailUrl":"https:\/\/i0.wp.com\/elregionalvm.com.ar\/noticias-villa-maria\/wp-content\/uploads\/2022\/02\/placa-naranja.jpg?fit=900%2C600&ssl=1","keywords":["Acovim","Aerca","atenci\u00f3n","Comercios","destacado","feriado de carnaval"],"articleSection":["Villa Mar\u00eda"],"inLanguage":"es","potentialAction":[{"@type":"CommentAction","name":"Comment","target":["http:\/\/elregionalvm.com.ar\/noticias-villa-maria\/acovim-y-aerca-que-haran-los-comercios-durante-el-feriado-de-carnaval\/#respond"]}]},{"@type":"WebPage","@id":"http:\/\/elregionalvm.com.ar\/noticias-villa-maria\/acovim-y-aerca-que-haran-los-comercios-durante-el-feriado-de-carnaval\/","url":"http:\/\/elregionalvm.com.ar\/noticias-villa-maria\/acovim-y-aerca-que-haran-los-comercios-durante-el-feriado-de-carnaval\/","name":"Acovim y AERCA: \u00bfQu\u00e9 har\u00e1n los comercios durante el feriado de carnaval? - El Regional","isPartOf":{"@id":"http:\/\/elregionalvm.com.ar\/noticias-villa-maria\/#website"},"primaryImageOfPage":{"@id":"http:\/\/elregionalvm.com.ar\/noticias-villa-maria\/acovim-y-aerca-que-haran-los-comercios-durante-el-feriado-de-carnaval\/#primaryimage"},"image":{"@id":"http:\/\/elregionalvm.com.ar\/noticias-villa-maria\/acovim-y-aerca-que-haran-los-comercios-durante-el-feriado-de-carnaval\/#primaryimage"},"thumbnailUrl":"https:\/\/i0.wp.com\/elregionalvm.com.ar\/noticias-villa-maria\/wp-content\/uploads\/2022\/02\/placa-naranja.jpg?fit=900%2C600&ssl=1","datePublished":"2022-02-24T21:50:26+00:00","dateModified":"2022-02-25T02:50:06+00:00","author":{"@id":"http:\/\/elregionalvm.com.ar\/noticias-villa-maria\/#\/schema\/person\/a0fb9c422317faca23d50163151bc354"},"breadcrumb":{"@id":"http:\/\/elregionalvm.com.ar\/noticias-villa-maria\/acovim-y-aerca-que-haran-los-comercios-durante-el-feriado-de-carnaval\/#breadcrumb"},"inLanguage":"es","potentialAction":[{"@type":"ReadAction","target":["http:\/\/elregionalvm.com.ar\/noticias-villa-maria\/acovim-y-aerca-que-haran-los-comercios-durante-el-feriado-de-carnaval\/"]}]},{"@type":"ImageObject","inLanguage":"es","@id":"http:\/\/elregionalvm.com.ar\/noticias-villa-maria\/acovim-y-aerca-que-haran-los-comercios-durante-el-feriado-de-carnaval\/#primaryimage","url":"https:\/\/i0.wp.com\/elregionalvm.com.ar\/noticias-villa-maria\/wp-content\/uploads\/2022\/02\/placa-naranja.jpg?fit=900%2C600&ssl=1","contentUrl":"https:\/\/i0.wp.com\/elregionalvm.com.ar\/noticias-villa-maria\/wp-content\/uploads\/2022\/02\/placa-naranja.jpg?fit=900%2C600&ssl=1","width":900,"height":600},{"@type":"BreadcrumbList","@id":"http:\/\/elregionalvm.com.ar\/noticias-villa-maria\/acovim-y-aerca-que-haran-los-comercios-durante-el-feriado-de-carnaval\/#breadcrumb","itemListElement":[{"@type":"ListItem","position":1,"name":"Portada","item":"https:\/\/elregionalvm.com.ar\/noticias-villa-maria\/"},{"@type":"ListItem","position":2,"name":"Acovim y AERCA: \u00bfQu\u00e9 har\u00e1n los comercios durante el feriado de carnaval?"}]},{"@type":"WebSite","@id":"http:\/\/elregionalvm.com.ar\/noticias-villa-maria\/#website","url":"http:\/\/elregionalvm.com.ar\/noticias-villa-maria\/","name":"El Regional","description":"Mucho m\u00e1s que informaci\u00f3n","potentialAction":[{"@type":"SearchAction","target":{"@type":"EntryPoint","urlTemplate":"http:\/\/elregionalvm.com.ar\/noticias-villa-maria\/?s={search_term_string}"},"query-input":{"@type":"PropertyValueSpecification","valueRequired":true,"valueName":"search_term_string"}}],"inLanguage":"es"},{"@type":"Person","@id":"http:\/\/elregionalvm.com.ar\/noticias-villa-maria\/#\/schema\/person\/a0fb9c422317faca23d50163151bc354","name":"Contenidos El Regional","image":{"@type":"ImageObject","inLanguage":"es","@id":"http:\/\/elregionalvm.com.ar\/noticias-villa-maria\/#\/schema\/person\/image\/","url":"https:\/\/secure.gravatar.com\/avatar\/265b27cb2209af7bb3a1318f03305787d7981a5cc6e6cd08fe5a4ecdf99d4b48?s=96&d=mm&r=g","contentUrl":"https:\/\/secure.gravatar.com\/avatar\/265b27cb2209af7bb3a1318f03305787d7981a5cc6e6cd08fe5a4ecdf99d4b48?s=96&d=mm&r=g","caption":"Contenidos El Regional"},"url":"https:\/\/elregionalvm.com.ar\/noticias-villa-maria\/author\/contenido\/"}]}},"jetpack_featured_media_url":"https:\/\/i0.wp.com\/elregionalvm.com.ar\/noticias-villa-maria\/wp-content\/uploads\/2022\/02\/placa-naranja.jpg?fit=900%2C600&ssl=1","jetpack_sharing_enabled":true,"_links":{"self":[{"href":"https:\/\/elregionalvm.com.ar\/noticias-villa-maria\/wp-json\/wp\/v2\/posts\/53201","targetHints":{"allow":["GET"]}}],"collection":[{"href":"https:\/\/elregionalvm.com.ar\/noticias-villa-maria\/wp-json\/wp\/v2\/posts"}],"about":[{"href":"https:\/\/elregionalvm.com.ar\/noticias-villa-maria\/wp-json\/wp\/v2\/types\/post"}],"author":[{"embeddable":true,"href":"https:\/\/elregionalvm.com.ar\/noticias-villa-maria\/wp-json\/wp\/v2\/users\/4"}],"replies":[{"embeddable":true,"href":"https:\/\/elregionalvm.com.ar\/noticias-villa-maria\/wp-json\/wp\/v2\/comments?post=53201"}],"version-history":[{"count":2,"href":"https:\/\/elregionalvm.com.ar\/noticias-villa-maria\/wp-json\/wp\/v2\/posts\/53201\/revisions"}],"predecessor-version":[{"id":53230,"href":"https:\/\/elregionalvm.com.ar\/noticias-villa-maria\/wp-json\/wp\/v2\/posts\/53201\/revisions\/53230"}],"wp:featuredmedia":[{"embeddable":true,"href":"https:\/\/elregionalvm.com.ar\/noticias-villa-maria\/wp-json\/wp\/v2\/media\/53203"}],"wp:attachment":[{"href":"https:\/\/elregionalvm.com.ar\/noticias-villa-maria\/wp-json\/wp\/v2\/media?parent=53201"}],"wp:term":[{"taxonomy":"category","embeddable":true,"href":"https:\/\/elregionalvm.com.ar\/noticias-villa-maria\/wp-json\/wp\/v2\/categories?post=53201"},{"taxonomy":"post_tag","embeddable":true,"href":"https:\/\/elregionalvm.com.ar\/noticias-villa-maria\/wp-json\/wp\/v2\/tags?post=53201"}],"curies":[{"name":"wp","href":"https:\/\/api.w.org\/{rel}","templated":true}]}}