{"id":53205,"date":"2022-02-24T22:54:12","date_gmt":"2022-02-24T22:54:12","guid":{"rendered":"https:\/\/elregionalvm.com.ar\/noticias-villa-maria\/?p=53205"},"modified":"2022-02-24T22:54:53","modified_gmt":"2022-02-24T22:54:53","slug":"villa-maria-contara-con-una-delegacion-de-la-superintendencia-de-servicios-de-salud","status":"publish","type":"post","link":"https:\/\/elregionalvm.com.ar\/noticias-villa-maria\/villa-maria-contara-con-una-delegacion-de-la-superintendencia-de-servicios-de-salud\/","title":{"rendered":"Villa Mar\u00eda contar\u00e1 con una delegaci\u00f3n de la Superintendencia de Servicios de Salud"},"content":{"rendered":"\n<p>El intendente Mart\u00edn Gill mantuvo un encuentro con el gerente de Delegaciones y Articulaci\u00f3n de los Integrantes del Sistema de Salud de la Superintendencia de Servicios de Salud, Daniel Spadone, con el objetivo de avanzar en la apertura en la ciudad de una sede del organismo nacional.<\/p>\n\n\n\n<p>Del encuentro tambi\u00e9n particip\u00f3 el gerente ejecutivo del Ente Regional de Desarrollo (EnRed), Jos\u00e9 Carignano, dado que la delegaci\u00f3n tendr\u00e1 alcance regional y funcionar\u00e1 en la sede de la entidad que nuclea a m\u00e1s de 50 municipios.<\/p>\n\n\n\n<p>La instalaci\u00f3n de una delegaci\u00f3n en la ciudad permitir\u00e1 para Villa Mar\u00eda y todos los municipios que conforman el EnRed facilitar el recupero de gastos generado por las prestaciones sanitarias que brinda cada gobierno local. En este sentido, en los pr\u00f3ximos d\u00edas se llevar\u00e1 adelante la firma del convenio correspondiente.<\/p>\n\n\n\n<p>En ese marco, EnRed brindar\u00e1 el espacio f\u00edsico en su propia sede, sita en Villa Mar\u00eda en calle Corrientes 1695, mientras que la Superintendencia aportar\u00e1 el personal, equipamiento, capacitaci\u00f3n y asesoramiento.<\/p>\n\n\n\n<p><\/p>\n","protected":false},"excerpt":{"rendered":"<p>El intendente Mart\u00edn Gill mantuvo un encuentro con el gerente de Delegaciones y Articulaci\u00f3n de los Integrantes del Sistema de Salud de la Superintendencia de Servicios de Salud, Daniel Spadone, con el objetivo de avanzar en la apertura en la ciudad de una sede del organismo nacional. Del encuentro tambi\u00e9n particip\u00f3 el gerente ejecutivo del [&hellip;]<\/p>\n","protected":false},"author":4,"featured_media":53206,"comment_status":"open","ping_status":"open","sticky":false,"template":"","format":"standard","meta":{"site-sidebar-layout":"default","site-content-layout":"default","ast-site-content-layout":"default","site-content-style":"default","site-sidebar-style":"default","ast-global-header-display":"","ast-banner-title-visibility":"","ast-main-header-display":"","ast-hfb-above-header-display":"","ast-hfb-below-header-display":"","ast-hfb-mobile-header-display":"","site-post-title":"","ast-breadcrumbs-content":"","ast-featured-img":"","footer-sml-layout":"","ast-disable-related-posts":"","theme-transparent-header-meta":"default","adv-header-id-meta":"","stick-header-meta":"","header-above-stick-meta":"","header-main-stick-meta":"","header-below-stick-meta":"","astra-migrate-meta-layouts":"default","ast-page-background-enabled":"default","ast-page-background-meta":{"desktop":{"background-color":"","background-image":"","background-repeat":"repeat","background-position":"center center","background-size":"auto","background-attachment":"scroll","background-type":"","background-media":"","overlay-type":"","overlay-color":"","overlay-opacity":"","overlay-gradient":""},"tablet":{"background-color":"","background-image":"","background-repeat":"repeat","background-position":"center center","background-size":"auto","background-attachment":"scroll","background-type":"","background-media":"","overlay-type":"","overlay-color":"","overlay-opacity":"","overlay-gradient":""},"mobile":{"background-color":"","background-image":"","background-repeat":"repeat","background-position":"center center","background-size":"auto","background-attachment":"scroll","background-type":"","background-media":"","overlay-type":"","overlay-color":"","overlay-opacity":"","overlay-gradient":""}},"ast-content-background-meta":{"desktop":{"background-color":"var(--ast-global-color-5)","background-image":"","background-repeat":"repeat","background-position":"center center","background-size":"auto","background-attachment":"scroll","background-type":"","background-media":"","overlay-type":"","overlay-color":"","overlay-opacity":"","overlay-gradient":""},"tablet":{"background-color":"var(--ast-global-color-5)","background-image":"","background-repeat":"repeat","background-position":"center center","background-size":"auto","background-attachment":"scroll","background-type":"","background-media":"","overlay-type":"","overlay-color":"","overlay-opacity":"","overlay-gradient":""},"mobile":{"background-color":"var(--ast-global-color-5)","background-image":"","background-repeat":"repeat","background-position":"center center","background-size":"auto","background-attachment":"scroll","background-type":"","background-media":"","overlay-type":"","overlay-color":"","overlay-opacity":"","overlay-gradient":""}},"_jetpack_memberships_contains_paid_content":false,"_joinchat":[],"footnotes":""},"categories":[2],"tags":[13915,1232,2169,13916,13914,2248],"class_list":["post-53205","post","type-post","status-publish","format-standard","has-post-thumbnail","hentry","category-villa-maria","tag-delegacion","tag-destacado","tag-enred","tag-mas-de-50-municipios","tag-superintendencia-de-servicios-de-salud","tag-villa-maria-2"],"yoast_head":"<!-- This site is optimized with the Yoast SEO plugin v26.8 - https:\/\/yoast.com\/product\/yoast-seo-wordpress\/ -->\n<title>Villa Mar\u00eda contar\u00e1 con una delegaci\u00f3n de la Superintendencia de Servicios de Salud - El Regional<\/title>\n<meta name=\"robots\" content=\"index, follow, max-snippet:-1, max-image-preview:large, max-video-preview:-1\" \/>\n<link rel=\"canonical\" href=\"http:\/\/elregionalvm.com.ar\/noticias-villa-maria\/villa-maria-contara-con-una-delegacion-de-la-superintendencia-de-servicios-de-salud\/\" \/>\n<meta property=\"og:locale\" content=\"es_ES\" \/>\n<meta property=\"og:type\" content=\"article\" \/>\n<meta property=\"og:title\" content=\"Villa Mar\u00eda contar\u00e1 con una delegaci\u00f3n de la Superintendencia de Servicios de Salud - El Regional\" \/>\n<meta property=\"og:description\" content=\"El intendente Mart\u00edn Gill mantuvo un encuentro con el gerente de Delegaciones y Articulaci\u00f3n de los Integrantes del Sistema de Salud de la Superintendencia de Servicios de Salud, Daniel Spadone, con el objetivo de avanzar en la apertura en la ciudad de una sede del organismo nacional. Del encuentro tambi\u00e9n particip\u00f3 el gerente ejecutivo del [&hellip;]\" \/>\n<meta property=\"og:url\" content=\"http:\/\/elregionalvm.com.ar\/noticias-villa-maria\/villa-maria-contara-con-una-delegacion-de-la-superintendencia-de-servicios-de-salud\/\" \/>\n<meta property=\"og:site_name\" content=\"El Regional\" \/>\n<meta property=\"article:publisher\" content=\"https:\/\/www.facebook.com\/elregionalvm\" \/>\n<meta property=\"article:published_time\" content=\"2022-02-24T22:54:12+00:00\" \/>\n<meta property=\"article:modified_time\" content=\"2022-02-24T22:54:53+00:00\" \/>\n<meta property=\"og:image\" content=\"http:\/\/elregionalvm.com.ar\/noticias-villa-maria\/wp-content\/uploads\/2022\/02\/WhatsApp-Image-2022-02-24-at-11.38.17.jpeg\" \/>\n\t<meta property=\"og:image:width\" content=\"1599\" \/>\n\t<meta property=\"og:image:height\" content=\"1200\" \/>\n\t<meta property=\"og:image:type\" content=\"image\/jpeg\" \/>\n<meta name=\"author\" content=\"Contenidos El Regional\" \/>\n<meta name=\"twitter:card\" content=\"summary_large_image\" \/>\n<meta name=\"twitter:creator\" content=\"@elregionalvm1\" \/>\n<meta name=\"twitter:site\" content=\"@elregionalvm1\" \/>\n<meta name=\"twitter:label1\" content=\"Escrito por\" \/>\n\t<meta name=\"twitter:data1\" content=\"Contenidos El Regional\" \/>\n\t<meta name=\"twitter:label2\" content=\"Tiempo de lectura\" \/>\n\t<meta name=\"twitter:data2\" content=\"1 minuto\" \/>\n<script type=\"application\/ld+json\" class=\"yoast-schema-graph\">{\"@context\":\"https:\/\/schema.org\",\"@graph\":[{\"@type\":\"Article\",\"@id\":\"http:\/\/elregionalvm.com.ar\/noticias-villa-maria\/villa-maria-contara-con-una-delegacion-de-la-superintendencia-de-servicios-de-salud\/#article\",\"isPartOf\":{\"@id\":\"http:\/\/elregionalvm.com.ar\/noticias-villa-maria\/villa-maria-contara-con-una-delegacion-de-la-superintendencia-de-servicios-de-salud\/\"},\"author\":{\"name\":\"Contenidos El Regional\",\"@id\":\"http:\/\/elregionalvm.com.ar\/noticias-villa-maria\/#\/schema\/person\/a0fb9c422317faca23d50163151bc354\"},\"headline\":\"Villa Mar\u00eda contar\u00e1 con una delegaci\u00f3n de la Superintendencia de Servicios de Salud\",\"datePublished\":\"2022-02-24T22:54:12+00:00\",\"dateModified\":\"2022-02-24T22:54:53+00:00\",\"mainEntityOfPage\":{\"@id\":\"http:\/\/elregionalvm.com.ar\/noticias-villa-maria\/villa-maria-contara-con-una-delegacion-de-la-superintendencia-de-servicios-de-salud\/\"},\"wordCount\":191,\"commentCount\":0,\"image\":{\"@id\":\"http:\/\/elregionalvm.com.ar\/noticias-villa-maria\/villa-maria-contara-con-una-delegacion-de-la-superintendencia-de-servicios-de-salud\/#primaryimage\"},\"thumbnailUrl\":\"https:\/\/i0.wp.com\/elregionalvm.com.ar\/noticias-villa-maria\/wp-content\/uploads\/2022\/02\/WhatsApp-Image-2022-02-24-at-11.38.17.jpeg?fit=1599%2C1200&ssl=1\",\"keywords\":[\"delegaci\u00f3n\",\"destacado\",\"Enred\",\"m\u00e1s de 50 municipios\",\"Superintendencia de Servicios de Salud\",\"Villa Mar\u00eda\"],\"articleSection\":[\"Villa Mar\u00eda\"],\"inLanguage\":\"es\",\"potentialAction\":[{\"@type\":\"CommentAction\",\"name\":\"Comment\",\"target\":[\"http:\/\/elregionalvm.com.ar\/noticias-villa-maria\/villa-maria-contara-con-una-delegacion-de-la-superintendencia-de-servicios-de-salud\/#respond\"]}]},{\"@type\":\"WebPage\",\"@id\":\"http:\/\/elregionalvm.com.ar\/noticias-villa-maria\/villa-maria-contara-con-una-delegacion-de-la-superintendencia-de-servicios-de-salud\/\",\"url\":\"http:\/\/elregionalvm.com.ar\/noticias-villa-maria\/villa-maria-contara-con-una-delegacion-de-la-superintendencia-de-servicios-de-salud\/\",\"name\":\"Villa Mar\u00eda contar\u00e1 con una delegaci\u00f3n de la Superintendencia de Servicios de Salud - El Regional\",\"isPartOf\":{\"@id\":\"http:\/\/elregionalvm.com.ar\/noticias-villa-maria\/#website\"},\"primaryImageOfPage\":{\"@id\":\"http:\/\/elregionalvm.com.ar\/noticias-villa-maria\/villa-maria-contara-con-una-delegacion-de-la-superintendencia-de-servicios-de-salud\/#primaryimage\"},\"image\":{\"@id\":\"http:\/\/elregionalvm.com.ar\/noticias-villa-maria\/villa-maria-contara-con-una-delegacion-de-la-superintendencia-de-servicios-de-salud\/#primaryimage\"},\"thumbnailUrl\":\"https:\/\/i0.wp.com\/elregionalvm.com.ar\/noticias-villa-maria\/wp-content\/uploads\/2022\/02\/WhatsApp-Image-2022-02-24-at-11.38.17.jpeg?fit=1599%2C1200&ssl=1\",\"datePublished\":\"2022-02-24T22:54:12+00:00\",\"dateModified\":\"2022-02-24T22:54:53+00:00\",\"author\":{\"@id\":\"http:\/\/elregionalvm.com.ar\/noticias-villa-maria\/#\/schema\/person\/a0fb9c422317faca23d50163151bc354\"},\"breadcrumb\":{\"@id\":\"http:\/\/elregionalvm.com.ar\/noticias-villa-maria\/villa-maria-contara-con-una-delegacion-de-la-superintendencia-de-servicios-de-salud\/#breadcrumb\"},\"inLanguage\":\"es\",\"potentialAction\":[{\"@type\":\"ReadAction\",\"target\":[\"http:\/\/elregionalvm.com.ar\/noticias-villa-maria\/villa-maria-contara-con-una-delegacion-de-la-superintendencia-de-servicios-de-salud\/\"]}]},{\"@type\":\"ImageObject\",\"inLanguage\":\"es\",\"@id\":\"http:\/\/elregionalvm.com.ar\/noticias-villa-maria\/villa-maria-contara-con-una-delegacion-de-la-superintendencia-de-servicios-de-salud\/#primaryimage\",\"url\":\"https:\/\/i0.wp.com\/elregionalvm.com.ar\/noticias-villa-maria\/wp-content\/uploads\/2022\/02\/WhatsApp-Image-2022-02-24-at-11.38.17.jpeg?fit=1599%2C1200&ssl=1\",\"contentUrl\":\"https:\/\/i0.wp.com\/elregionalvm.com.ar\/noticias-villa-maria\/wp-content\/uploads\/2022\/02\/WhatsApp-Image-2022-02-24-at-11.38.17.jpeg?fit=1599%2C1200&ssl=1\",\"width\":1599,\"height\":1200},{\"@type\":\"BreadcrumbList\",\"@id\":\"http:\/\/elregionalvm.com.ar\/noticias-villa-maria\/villa-maria-contara-con-una-delegacion-de-la-superintendencia-de-servicios-de-salud\/#breadcrumb\",\"itemListElement\":[{\"@type\":\"ListItem\",\"position\":1,\"name\":\"Portada\",\"item\":\"https:\/\/elregionalvm.com.ar\/noticias-villa-maria\/\"},{\"@type\":\"ListItem\",\"position\":2,\"name\":\"Villa Mar\u00eda contar\u00e1 con una delegaci\u00f3n de la Superintendencia de Servicios de Salud\"}]},{\"@type\":\"WebSite\",\"@id\":\"http:\/\/elregionalvm.com.ar\/noticias-villa-maria\/#website\",\"url\":\"http:\/\/elregionalvm.com.ar\/noticias-villa-maria\/\",\"name\":\"El Regional\",\"description\":\"Mucho m\u00e1s que informaci\u00f3n\",\"potentialAction\":[{\"@type\":\"SearchAction\",\"target\":{\"@type\":\"EntryPoint\",\"urlTemplate\":\"http:\/\/elregionalvm.com.ar\/noticias-villa-maria\/?s={search_term_string}\"},\"query-input\":{\"@type\":\"PropertyValueSpecification\",\"valueRequired\":true,\"valueName\":\"search_term_string\"}}],\"inLanguage\":\"es\"},{\"@type\":\"Person\",\"@id\":\"http:\/\/elregionalvm.com.ar\/noticias-villa-maria\/#\/schema\/person\/a0fb9c422317faca23d50163151bc354\",\"name\":\"Contenidos El Regional\",\"image\":{\"@type\":\"ImageObject\",\"inLanguage\":\"es\",\"@id\":\"http:\/\/elregionalvm.com.ar\/noticias-villa-maria\/#\/schema\/person\/image\/\",\"url\":\"https:\/\/secure.gravatar.com\/avatar\/265b27cb2209af7bb3a1318f03305787d7981a5cc6e6cd08fe5a4ecdf99d4b48?s=96&d=mm&r=g\",\"contentUrl\":\"https:\/\/secure.gravatar.com\/avatar\/265b27cb2209af7bb3a1318f03305787d7981a5cc6e6cd08fe5a4ecdf99d4b48?s=96&d=mm&r=g\",\"caption\":\"Contenidos El Regional\"},\"url\":\"https:\/\/elregionalvm.com.ar\/noticias-villa-maria\/author\/contenido\/\"}]}<\/script>\n<!-- \/ Yoast SEO plugin. -->","yoast_head_json":{"title":"Villa Mar\u00eda contar\u00e1 con una delegaci\u00f3n de la Superintendencia de Servicios de Salud - El Regional","robots":{"index":"index","follow":"follow","max-snippet":"max-snippet:-1","max-image-preview":"max-image-preview:large","max-video-preview":"max-video-preview:-1"},"canonical":"http:\/\/elregionalvm.com.ar\/noticias-villa-maria\/villa-maria-contara-con-una-delegacion-de-la-superintendencia-de-servicios-de-salud\/","og_locale":"es_ES","og_type":"article","og_title":"Villa Mar\u00eda contar\u00e1 con una delegaci\u00f3n de la Superintendencia de Servicios de Salud - El Regional","og_description":"El intendente Mart\u00edn Gill mantuvo un encuentro con el gerente de Delegaciones y Articulaci\u00f3n de los Integrantes del Sistema de Salud de la Superintendencia de Servicios de Salud, Daniel Spadone, con el objetivo de avanzar en la apertura en la ciudad de una sede del organismo nacional. Del encuentro tambi\u00e9n particip\u00f3 el gerente ejecutivo del [&hellip;]","og_url":"http:\/\/elregionalvm.com.ar\/noticias-villa-maria\/villa-maria-contara-con-una-delegacion-de-la-superintendencia-de-servicios-de-salud\/","og_site_name":"El Regional","article_publisher":"https:\/\/www.facebook.com\/elregionalvm","article_published_time":"2022-02-24T22:54:12+00:00","article_modified_time":"2022-02-24T22:54:53+00:00","og_image":[{"width":1599,"height":1200,"url":"http:\/\/elregionalvm.com.ar\/noticias-villa-maria\/wp-content\/uploads\/2022\/02\/WhatsApp-Image-2022-02-24-at-11.38.17.jpeg","type":"image\/jpeg"}],"author":"Contenidos El Regional","twitter_card":"summary_large_image","twitter_creator":"@elregionalvm1","twitter_site":"@elregionalvm1","twitter_misc":{"Escrito por":"Contenidos El Regional","Tiempo de lectura":"1 minuto"},"schema":{"@context":"https:\/\/schema.org","@graph":[{"@type":"Article","@id":"http:\/\/elregionalvm.com.ar\/noticias-villa-maria\/villa-maria-contara-con-una-delegacion-de-la-superintendencia-de-servicios-de-salud\/#article","isPartOf":{"@id":"http:\/\/elregionalvm.com.ar\/noticias-villa-maria\/villa-maria-contara-con-una-delegacion-de-la-superintendencia-de-servicios-de-salud\/"},"author":{"name":"Contenidos El Regional","@id":"http:\/\/elregionalvm.com.ar\/noticias-villa-maria\/#\/schema\/person\/a0fb9c422317faca23d50163151bc354"},"headline":"Villa Mar\u00eda contar\u00e1 con una delegaci\u00f3n de la Superintendencia de Servicios de Salud","datePublished":"2022-02-24T22:54:12+00:00","dateModified":"2022-02-24T22:54:53+00:00","mainEntityOfPage":{"@id":"http:\/\/elregionalvm.com.ar\/noticias-villa-maria\/villa-maria-contara-con-una-delegacion-de-la-superintendencia-de-servicios-de-salud\/"},"wordCount":191,"commentCount":0,"image":{"@id":"http:\/\/elregionalvm.com.ar\/noticias-villa-maria\/villa-maria-contara-con-una-delegacion-de-la-superintendencia-de-servicios-de-salud\/#primaryimage"},"thumbnailUrl":"https:\/\/i0.wp.com\/elregionalvm.com.ar\/noticias-villa-maria\/wp-content\/uploads\/2022\/02\/WhatsApp-Image-2022-02-24-at-11.38.17.jpeg?fit=1599%2C1200&ssl=1","keywords":["delegaci\u00f3n","destacado","Enred","m\u00e1s de 50 municipios","Superintendencia de Servicios de Salud","Villa Mar\u00eda"],"articleSection":["Villa Mar\u00eda"],"inLanguage":"es","potentialAction":[{"@type":"CommentAction","name":"Comment","target":["http:\/\/elregionalvm.com.ar\/noticias-villa-maria\/villa-maria-contara-con-una-delegacion-de-la-superintendencia-de-servicios-de-salud\/#respond"]}]},{"@type":"WebPage","@id":"http:\/\/elregionalvm.com.ar\/noticias-villa-maria\/villa-maria-contara-con-una-delegacion-de-la-superintendencia-de-servicios-de-salud\/","url":"http:\/\/elregionalvm.com.ar\/noticias-villa-maria\/villa-maria-contara-con-una-delegacion-de-la-superintendencia-de-servicios-de-salud\/","name":"Villa Mar\u00eda contar\u00e1 con una delegaci\u00f3n de la Superintendencia de Servicios de Salud - El Regional","isPartOf":{"@id":"http:\/\/elregionalvm.com.ar\/noticias-villa-maria\/#website"},"primaryImageOfPage":{"@id":"http:\/\/elregionalvm.com.ar\/noticias-villa-maria\/villa-maria-contara-con-una-delegacion-de-la-superintendencia-de-servicios-de-salud\/#primaryimage"},"image":{"@id":"http:\/\/elregionalvm.com.ar\/noticias-villa-maria\/villa-maria-contara-con-una-delegacion-de-la-superintendencia-de-servicios-de-salud\/#primaryimage"},"thumbnailUrl":"https:\/\/i0.wp.com\/elregionalvm.com.ar\/noticias-villa-maria\/wp-content\/uploads\/2022\/02\/WhatsApp-Image-2022-02-24-at-11.38.17.jpeg?fit=1599%2C1200&ssl=1","datePublished":"2022-02-24T22:54:12+00:00","dateModified":"2022-02-24T22:54:53+00:00","author":{"@id":"http:\/\/elregionalvm.com.ar\/noticias-villa-maria\/#\/schema\/person\/a0fb9c422317faca23d50163151bc354"},"breadcrumb":{"@id":"http:\/\/elregionalvm.com.ar\/noticias-villa-maria\/villa-maria-contara-con-una-delegacion-de-la-superintendencia-de-servicios-de-salud\/#breadcrumb"},"inLanguage":"es","potentialAction":[{"@type":"ReadAction","target":["http:\/\/elregionalvm.com.ar\/noticias-villa-maria\/villa-maria-contara-con-una-delegacion-de-la-superintendencia-de-servicios-de-salud\/"]}]},{"@type":"ImageObject","inLanguage":"es","@id":"http:\/\/elregionalvm.com.ar\/noticias-villa-maria\/villa-maria-contara-con-una-delegacion-de-la-superintendencia-de-servicios-de-salud\/#primaryimage","url":"https:\/\/i0.wp.com\/elregionalvm.com.ar\/noticias-villa-maria\/wp-content\/uploads\/2022\/02\/WhatsApp-Image-2022-02-24-at-11.38.17.jpeg?fit=1599%2C1200&ssl=1","contentUrl":"https:\/\/i0.wp.com\/elregionalvm.com.ar\/noticias-villa-maria\/wp-content\/uploads\/2022\/02\/WhatsApp-Image-2022-02-24-at-11.38.17.jpeg?fit=1599%2C1200&ssl=1","width":1599,"height":1200},{"@type":"BreadcrumbList","@id":"http:\/\/elregionalvm.com.ar\/noticias-villa-maria\/villa-maria-contara-con-una-delegacion-de-la-superintendencia-de-servicios-de-salud\/#breadcrumb","itemListElement":[{"@type":"ListItem","position":1,"name":"Portada","item":"https:\/\/elregionalvm.com.ar\/noticias-villa-maria\/"},{"@type":"ListItem","position":2,"name":"Villa Mar\u00eda contar\u00e1 con una delegaci\u00f3n de la Superintendencia de Servicios de Salud"}]},{"@type":"WebSite","@id":"http:\/\/elregionalvm.com.ar\/noticias-villa-maria\/#website","url":"http:\/\/elregionalvm.com.ar\/noticias-villa-maria\/","name":"El Regional","description":"Mucho m\u00e1s que informaci\u00f3n","potentialAction":[{"@type":"SearchAction","target":{"@type":"EntryPoint","urlTemplate":"http:\/\/elregionalvm.com.ar\/noticias-villa-maria\/?s={search_term_string}"},"query-input":{"@type":"PropertyValueSpecification","valueRequired":true,"valueName":"search_term_string"}}],"inLanguage":"es"},{"@type":"Person","@id":"http:\/\/elregionalvm.com.ar\/noticias-villa-maria\/#\/schema\/person\/a0fb9c422317faca23d50163151bc354","name":"Contenidos El Regional","image":{"@type":"ImageObject","inLanguage":"es","@id":"http:\/\/elregionalvm.com.ar\/noticias-villa-maria\/#\/schema\/person\/image\/","url":"https:\/\/secure.gravatar.com\/avatar\/265b27cb2209af7bb3a1318f03305787d7981a5cc6e6cd08fe5a4ecdf99d4b48?s=96&d=mm&r=g","contentUrl":"https:\/\/secure.gravatar.com\/avatar\/265b27cb2209af7bb3a1318f03305787d7981a5cc6e6cd08fe5a4ecdf99d4b48?s=96&d=mm&r=g","caption":"Contenidos El Regional"},"url":"https:\/\/elregionalvm.com.ar\/noticias-villa-maria\/author\/contenido\/"}]}},"jetpack_featured_media_url":"https:\/\/i0.wp.com\/elregionalvm.com.ar\/noticias-villa-maria\/wp-content\/uploads\/2022\/02\/WhatsApp-Image-2022-02-24-at-11.38.17.jpeg?fit=1599%2C1200&ssl=1","jetpack_sharing_enabled":true,"_links":{"self":[{"href":"https:\/\/elregionalvm.com.ar\/noticias-villa-maria\/wp-json\/wp\/v2\/posts\/53205","targetHints":{"allow":["GET"]}}],"collection":[{"href":"https:\/\/elregionalvm.com.ar\/noticias-villa-maria\/wp-json\/wp\/v2\/posts"}],"about":[{"href":"https:\/\/elregionalvm.com.ar\/noticias-villa-maria\/wp-json\/wp\/v2\/types\/post"}],"author":[{"embeddable":true,"href":"https:\/\/elregionalvm.com.ar\/noticias-villa-maria\/wp-json\/wp\/v2\/users\/4"}],"replies":[{"embeddable":true,"href":"https:\/\/elregionalvm.com.ar\/noticias-villa-maria\/wp-json\/wp\/v2\/comments?post=53205"}],"version-history":[{"count":1,"href":"https:\/\/elregionalvm.com.ar\/noticias-villa-maria\/wp-json\/wp\/v2\/posts\/53205\/revisions"}],"predecessor-version":[{"id":53207,"href":"https:\/\/elregionalvm.com.ar\/noticias-villa-maria\/wp-json\/wp\/v2\/posts\/53205\/revisions\/53207"}],"wp:featuredmedia":[{"embeddable":true,"href":"https:\/\/elregionalvm.com.ar\/noticias-villa-maria\/wp-json\/wp\/v2\/media\/53206"}],"wp:attachment":[{"href":"https:\/\/elregionalvm.com.ar\/noticias-villa-maria\/wp-json\/wp\/v2\/media?parent=53205"}],"wp:term":[{"taxonomy":"category","embeddable":true,"href":"https:\/\/elregionalvm.com.ar\/noticias-villa-maria\/wp-json\/wp\/v2\/categories?post=53205"},{"taxonomy":"post_tag","embeddable":true,"href":"https:\/\/elregionalvm.com.ar\/noticias-villa-maria\/wp-json\/wp\/v2\/tags?post=53205"}],"curies":[{"name":"wp","href":"https:\/\/api.w.org\/{rel}","templated":true}]}}