{"id":53827,"date":"2022-03-09T01:55:36","date_gmt":"2022-03-09T01:55:36","guid":{"rendered":"https:\/\/elregionalvm.com.ar\/noticias-villa-maria\/?p=53827"},"modified":"2022-03-09T01:55:37","modified_gmt":"2022-03-09T01:55:37","slug":"mas-policiales-accidentes-y-detenciones-por-violencia-de-genero","status":"publish","type":"post","link":"https:\/\/elregionalvm.com.ar\/noticias-villa-maria\/mas-policiales-accidentes-y-detenciones-por-violencia-de-genero\/","title":{"rendered":"M\u00e1s policiales: accidentes y detenciones por violencia de g\u00e9nero"},"content":{"rendered":"\n<p>Anoche, a las 23:30, en calle Espora y San Luis,&nbsp; se produjo un accidente de tr\u00e1nsito en el que por causas a establecer un motociclista de 45 a\u00f1os de edad perdi\u00f3 el control de su motocicleta Honda Biz&nbsp;, cayendo de manera violenta contra el piso, por lo que debi\u00f3 ser asistido y trasladado por personal de bomberos voluntarios hasta el Hospital Regional Pasteur, donde personal m\u00e9dico le diagnostic\u00f3 \u201clesiones graves\u201d por&nbsp; traumatismo de cr\u00e1neo grave. <\/p>\n\n\n\n<p><strong>Detenido por violencia familiar<\/strong><\/p>\n\n\n\n<p>En la madrugada de este martes, a las 02:30 hs.,  la patrulla preventiva detuvo en calles La Colina y Catamarca, del barrio Nicol\u00e1s Avellaneda , a un hombre de 38 a\u00f1os de edad por supuesto autor del delito de \u201cdesobediencia a la autoridad\u201d&nbsp; en el marco de violencia familiar.<\/p>\n\n\n\n<p>Momentos antes se hizo presente en el domicilio de su ex pareja, una mujer de 40 a\u00f1os de edad, con quien deb\u00eda mantener impedimento de contacto impuesto oportunamente por orden judicial de \u201crestricci\u00f3n de acercamiento\u00bb. <\/p>\n\n\n\n<div class=\"wp-block-image\"><figure class=\"aligncenter size-large is-resized\"><img data-recalc-dims=\"1\" fetchpriority=\"high\" decoding=\"async\" src=\"https:\/\/i0.wp.com\/elregionalvm.com.ar\/noticias-villa-maria\/wp-content\/uploads\/2022\/03\/WhatsApp-Image-2022-03-08-at-08.24.23.jpeg?resize=532%2C791&#038;ssl=1\" alt=\"\" class=\"wp-image-53832\" width=\"532\" height=\"791\" srcset=\"https:\/\/i0.wp.com\/elregionalvm.com.ar\/noticias-villa-maria\/wp-content\/uploads\/2022\/03\/WhatsApp-Image-2022-03-08-at-08.24.23.jpeg?resize=689%2C1024&amp;ssl=1 689w, https:\/\/i0.wp.com\/elregionalvm.com.ar\/noticias-villa-maria\/wp-content\/uploads\/2022\/03\/WhatsApp-Image-2022-03-08-at-08.24.23.jpeg?resize=202%2C300&amp;ssl=1 202w, https:\/\/i0.wp.com\/elregionalvm.com.ar\/noticias-villa-maria\/wp-content\/uploads\/2022\/03\/WhatsApp-Image-2022-03-08-at-08.24.23.jpeg?w=720&amp;ssl=1 720w\" sizes=\"(max-width: 532px) 100vw, 532px\" \/><\/figure><\/div>\n\n\n\n<p><strong>Otro accidente en el ingreso al barrio Bello Horizonte<\/strong><\/p>\n\n\n\n<p>Aproximadamente a las 07:00 de la ma\u00f1ana, en  la intersecci\u00f3n de Av. Universidad y Prolongaci\u00f3n de Bv. Sarmiento  tuvo lugar un accidente de tr\u00e1nsito en el que por causas a establecer colision\u00f3 un veh\u00edculo Ford Eco Sport conducido por un hombre de 48 a\u00f1os de edad, contra una bicicleta todo terreno marca SLP  en la que se desplazaba un hombre de 37 a\u00f1os de edad, ambos de esta ciudad.<\/p>\n\n\n\n<p> Como resultado del siniestro personal de bomberos voluntarios procedi\u00f3 al traslado del ciclista hasta una cl\u00ednica privada donde le diagnosticaron la fractura de un dedo del pie izquierdo.<\/p>\n\n\n\n<figure class=\"wp-block-gallery has-nested-images columns-default is-cropped wp-block-gallery-1 is-layout-flex wp-block-gallery-is-layout-flex\">\n<figure class=\"wp-block-image size-large\"><img data-recalc-dims=\"1\" decoding=\"async\" width=\"1024\" height=\"760\" data-id=\"53831\" src=\"https:\/\/i0.wp.com\/elregionalvm.com.ar\/noticias-villa-maria\/wp-content\/uploads\/2022\/03\/WhatsApp-Image-2022-03-08-at-18.44.35.jpeg?resize=1024%2C760&#038;ssl=1\" alt=\"\" class=\"wp-image-53831\" srcset=\"https:\/\/i0.wp.com\/elregionalvm.com.ar\/noticias-villa-maria\/wp-content\/uploads\/2022\/03\/WhatsApp-Image-2022-03-08-at-18.44.35.jpeg?resize=1024%2C760&amp;ssl=1 1024w, https:\/\/i0.wp.com\/elregionalvm.com.ar\/noticias-villa-maria\/wp-content\/uploads\/2022\/03\/WhatsApp-Image-2022-03-08-at-18.44.35.jpeg?resize=300%2C223&amp;ssl=1 300w, https:\/\/i0.wp.com\/elregionalvm.com.ar\/noticias-villa-maria\/wp-content\/uploads\/2022\/03\/WhatsApp-Image-2022-03-08-at-18.44.35.jpeg?resize=768%2C570&amp;ssl=1 768w, https:\/\/i0.wp.com\/elregionalvm.com.ar\/noticias-villa-maria\/wp-content\/uploads\/2022\/03\/WhatsApp-Image-2022-03-08-at-18.44.35.jpeg?w=1080&amp;ssl=1 1080w\" sizes=\"(max-width: 1000px) 100vw, 1000px\" \/><\/figure>\n\n\n\n<figure class=\"wp-block-image size-large\"><img data-recalc-dims=\"1\" decoding=\"async\" width=\"1024\" height=\"576\" data-id=\"53830\" src=\"https:\/\/i0.wp.com\/elregionalvm.com.ar\/noticias-villa-maria\/wp-content\/uploads\/2022\/03\/WhatsApp-Image-2022-03-08-at-18.44.34.jpeg?resize=1024%2C576&#038;ssl=1\" alt=\"\" class=\"wp-image-53830\" srcset=\"https:\/\/i0.wp.com\/elregionalvm.com.ar\/noticias-villa-maria\/wp-content\/uploads\/2022\/03\/WhatsApp-Image-2022-03-08-at-18.44.34.jpeg?resize=1024%2C576&amp;ssl=1 1024w, https:\/\/i0.wp.com\/elregionalvm.com.ar\/noticias-villa-maria\/wp-content\/uploads\/2022\/03\/WhatsApp-Image-2022-03-08-at-18.44.34.jpeg?resize=300%2C169&amp;ssl=1 300w, https:\/\/i0.wp.com\/elregionalvm.com.ar\/noticias-villa-maria\/wp-content\/uploads\/2022\/03\/WhatsApp-Image-2022-03-08-at-18.44.34.jpeg?resize=768%2C432&amp;ssl=1 768w, https:\/\/i0.wp.com\/elregionalvm.com.ar\/noticias-villa-maria\/wp-content\/uploads\/2022\/03\/WhatsApp-Image-2022-03-08-at-18.44.34.jpeg?w=1280&amp;ssl=1 1280w\" sizes=\"(max-width: 1000px) 100vw, 1000px\" \/><\/figure>\n<\/figure>\n\n\n\n<p><strong>Villa Nueva:  detenci\u00f3n por incumplir restricci\u00f3n y proliferar amenazas contra su ex mujer<\/strong><\/p>\n\n\n\n<p>Esta ma\u00f1ana, alrededor de  las 08:50, personal de la Divisi\u00f3n Investigaciones de esta unidad departamental en calle Independencia al 300 de la ciudad de Villa Nueva detuvo a un hombre de 32 a\u00f1os de edad por supuesto autor de los delitos de \u201cdesobediencia a la autoridad\u201d, \u201cda\u00f1o\u201d y \u201camenazas\u201d, de acuerdo a lo solicitado por la fiscal\u00eda de instrucci\u00f3n de 2\u00b0 turno a cargo de la Dra. Juliana Companys, en el marco de una causa de violencia familiar que se iniciara por denuncia formulada por la ex pareja de \u00e9ste, con quien deb\u00eda mantener impedimento de contacto por orden judicial de \u201crestricci\u00f3n de acercamiento\u201d dispuesta oportunamente. <\/p>\n\n\n\n<div class=\"wp-block-image\"><figure class=\"aligncenter size-large\"><img data-recalc-dims=\"1\" loading=\"lazy\" decoding=\"async\" width=\"461\" height=\"1024\" src=\"https:\/\/i0.wp.com\/elregionalvm.com.ar\/noticias-villa-maria\/wp-content\/uploads\/2022\/03\/WhatsApp-Image-2022-03-08-at-18.44.44.jpeg?resize=461%2C1024&#038;ssl=1\" alt=\"\" class=\"wp-image-53829\" srcset=\"https:\/\/i0.wp.com\/elregionalvm.com.ar\/noticias-villa-maria\/wp-content\/uploads\/2022\/03\/WhatsApp-Image-2022-03-08-at-18.44.44.jpeg?resize=461%2C1024&amp;ssl=1 461w, https:\/\/i0.wp.com\/elregionalvm.com.ar\/noticias-villa-maria\/wp-content\/uploads\/2022\/03\/WhatsApp-Image-2022-03-08-at-18.44.44.jpeg?resize=135%2C300&amp;ssl=1 135w, https:\/\/i0.wp.com\/elregionalvm.com.ar\/noticias-villa-maria\/wp-content\/uploads\/2022\/03\/WhatsApp-Image-2022-03-08-at-18.44.44.jpeg?w=576&amp;ssl=1 576w\" sizes=\"(max-width: 461px) 100vw, 461px\" \/><\/figure><\/div>\n","protected":false},"excerpt":{"rendered":"<p>Anoche, a las 23:30, en calle Espora y San Luis,&nbsp; se produjo un accidente de tr\u00e1nsito en el que por causas a establecer un motociclista de 45 a\u00f1os de edad perdi\u00f3 el control de su motocicleta Honda Biz&nbsp;, cayendo de manera violenta contra el piso, por lo que debi\u00f3 ser asistido y trasladado por personal [&hellip;]<\/p>\n","protected":false},"author":4,"featured_media":53833,"comment_status":"open","ping_status":"open","sticky":false,"template":"","format":"standard","meta":{"site-sidebar-layout":"default","site-content-layout":"","ast-site-content-layout":"default","site-content-style":"default","site-sidebar-style":"default","ast-global-header-display":"","ast-banner-title-visibility":"","ast-main-header-display":"","ast-hfb-above-header-display":"","ast-hfb-below-header-display":"","ast-hfb-mobile-header-display":"","site-post-title":"","ast-breadcrumbs-content":"","ast-featured-img":"","footer-sml-layout":"","ast-disable-related-posts":"","theme-transparent-header-meta":"","adv-header-id-meta":"","stick-header-meta":"","header-above-stick-meta":"","header-main-stick-meta":"","header-below-stick-meta":"","astra-migrate-meta-layouts":"default","ast-page-background-enabled":"default","ast-page-background-meta":{"desktop":{"background-color":"","background-image":"","background-repeat":"repeat","background-position":"center center","background-size":"auto","background-attachment":"scroll","background-type":"","background-media":"","overlay-type":"","overlay-color":"","overlay-opacity":"","overlay-gradient":""},"tablet":{"background-color":"","background-image":"","background-repeat":"repeat","background-position":"center center","background-size":"auto","background-attachment":"scroll","background-type":"","background-media":"","overlay-type":"","overlay-color":"","overlay-opacity":"","overlay-gradient":""},"mobile":{"background-color":"","background-image":"","background-repeat":"repeat","background-position":"center center","background-size":"auto","background-attachment":"scroll","background-type":"","background-media":"","overlay-type":"","overlay-color":"","overlay-opacity":"","overlay-gradient":""}},"ast-content-background-meta":{"desktop":{"background-color":"var(--ast-global-color-5)","background-image":"","background-repeat":"repeat","background-position":"center center","background-size":"auto","background-attachment":"scroll","background-type":"","background-media":"","overlay-type":"","overlay-color":"","overlay-opacity":"","overlay-gradient":""},"tablet":{"background-color":"var(--ast-global-color-5)","background-image":"","background-repeat":"repeat","background-position":"center center","background-size":"auto","background-attachment":"scroll","background-type":"","background-media":"","overlay-type":"","overlay-color":"","overlay-opacity":"","overlay-gradient":""},"mobile":{"background-color":"var(--ast-global-color-5)","background-image":"","background-repeat":"repeat","background-position":"center center","background-size":"auto","background-attachment":"scroll","background-type":"","background-media":"","overlay-type":"","overlay-color":"","overlay-opacity":"","overlay-gradient":""}},"_jetpack_memberships_contains_paid_content":false,"_joinchat":[],"footnotes":""},"categories":[2234],"tags":[2987,14159,2417,2710,14158,157],"class_list":["post-53827","post","type-post","status-publish","format-standard","has-post-thumbnail","hentry","category-policiales","tag-accidentes","tag-choque-en-el-beletti","tag-detenciones","tag-motociclista","tag-traumatismo-de-craneo-grave","tag-violencia-de-genero"],"yoast_head":"<!-- This site is optimized with the Yoast SEO plugin v26.8 - https:\/\/yoast.com\/product\/yoast-seo-wordpress\/ -->\n<title>M\u00e1s policiales: accidentes y detenciones por violencia de g\u00e9nero - El Regional<\/title>\n<meta name=\"robots\" content=\"index, follow, max-snippet:-1, max-image-preview:large, max-video-preview:-1\" \/>\n<link rel=\"canonical\" href=\"http:\/\/elregionalvm.com.ar\/noticias-villa-maria\/mas-policiales-accidentes-y-detenciones-por-violencia-de-genero\/\" \/>\n<meta property=\"og:locale\" content=\"es_ES\" \/>\n<meta property=\"og:type\" content=\"article\" \/>\n<meta property=\"og:title\" content=\"M\u00e1s policiales: accidentes y detenciones por violencia de g\u00e9nero - El Regional\" \/>\n<meta property=\"og:description\" content=\"Anoche, a las 23:30, en calle Espora y San Luis,&nbsp; se produjo un accidente de tr\u00e1nsito en el que por causas a establecer un motociclista de 45 a\u00f1os de edad perdi\u00f3 el control de su motocicleta Honda Biz&nbsp;, cayendo de manera violenta contra el piso, por lo que debi\u00f3 ser asistido y trasladado por personal [&hellip;]\" \/>\n<meta property=\"og:url\" content=\"http:\/\/elregionalvm.com.ar\/noticias-villa-maria\/mas-policiales-accidentes-y-detenciones-por-violencia-de-genero\/\" \/>\n<meta property=\"og:site_name\" content=\"El Regional\" \/>\n<meta property=\"article:publisher\" content=\"https:\/\/www.facebook.com\/elregionalvm\" \/>\n<meta property=\"article:published_time\" content=\"2022-03-09T01:55:36+00:00\" \/>\n<meta property=\"article:modified_time\" content=\"2022-03-09T01:55:37+00:00\" \/>\n<meta property=\"og:image\" content=\"http:\/\/elregionalvm.com.ar\/noticias-villa-maria\/wp-content\/uploads\/2022\/03\/WhatsApp-Image-2022-03-08-at-08.22.51.jpeg\" \/>\n\t<meta property=\"og:image:width\" content=\"816\" \/>\n\t<meta property=\"og:image:height\" content=\"647\" \/>\n\t<meta property=\"og:image:type\" content=\"image\/jpeg\" \/>\n<meta name=\"author\" content=\"Contenidos El Regional\" \/>\n<meta name=\"twitter:card\" content=\"summary_large_image\" \/>\n<meta name=\"twitter:creator\" content=\"@elregionalvm1\" \/>\n<meta name=\"twitter:site\" content=\"@elregionalvm1\" \/>\n<meta name=\"twitter:label1\" content=\"Escrito por\" \/>\n\t<meta name=\"twitter:data1\" content=\"Contenidos El Regional\" \/>\n\t<meta name=\"twitter:label2\" content=\"Tiempo de lectura\" \/>\n\t<meta name=\"twitter:data2\" content=\"3 minutos\" \/>\n<script type=\"application\/ld+json\" class=\"yoast-schema-graph\">{\"@context\":\"https:\/\/schema.org\",\"@graph\":[{\"@type\":\"Article\",\"@id\":\"http:\/\/elregionalvm.com.ar\/noticias-villa-maria\/mas-policiales-accidentes-y-detenciones-por-violencia-de-genero\/#article\",\"isPartOf\":{\"@id\":\"http:\/\/elregionalvm.com.ar\/noticias-villa-maria\/mas-policiales-accidentes-y-detenciones-por-violencia-de-genero\/\"},\"author\":{\"name\":\"Contenidos El Regional\",\"@id\":\"http:\/\/elregionalvm.com.ar\/noticias-villa-maria\/#\/schema\/person\/a0fb9c422317faca23d50163151bc354\"},\"headline\":\"M\u00e1s policiales: accidentes y detenciones por violencia de g\u00e9nero\",\"datePublished\":\"2022-03-09T01:55:36+00:00\",\"dateModified\":\"2022-03-09T01:55:37+00:00\",\"mainEntityOfPage\":{\"@id\":\"http:\/\/elregionalvm.com.ar\/noticias-villa-maria\/mas-policiales-accidentes-y-detenciones-por-violencia-de-genero\/\"},\"wordCount\":417,\"commentCount\":0,\"image\":{\"@id\":\"http:\/\/elregionalvm.com.ar\/noticias-villa-maria\/mas-policiales-accidentes-y-detenciones-por-violencia-de-genero\/#primaryimage\"},\"thumbnailUrl\":\"https:\/\/i0.wp.com\/elregionalvm.com.ar\/noticias-villa-maria\/wp-content\/uploads\/2022\/03\/WhatsApp-Image-2022-03-08-at-08.22.51.jpeg?fit=816%2C647&ssl=1\",\"keywords\":[\"Accidentes\",\"choque en el Beletti\",\"detenciones\",\"motociclista\",\"traumatismo de cr\u00e1neo grave\",\"violencia de g\u00e9nero\"],\"articleSection\":[\"Policiales\"],\"inLanguage\":\"es\",\"potentialAction\":[{\"@type\":\"CommentAction\",\"name\":\"Comment\",\"target\":[\"http:\/\/elregionalvm.com.ar\/noticias-villa-maria\/mas-policiales-accidentes-y-detenciones-por-violencia-de-genero\/#respond\"]}]},{\"@type\":\"WebPage\",\"@id\":\"http:\/\/elregionalvm.com.ar\/noticias-villa-maria\/mas-policiales-accidentes-y-detenciones-por-violencia-de-genero\/\",\"url\":\"http:\/\/elregionalvm.com.ar\/noticias-villa-maria\/mas-policiales-accidentes-y-detenciones-por-violencia-de-genero\/\",\"name\":\"M\u00e1s policiales: accidentes y detenciones por violencia de g\u00e9nero - El Regional\",\"isPartOf\":{\"@id\":\"http:\/\/elregionalvm.com.ar\/noticias-villa-maria\/#website\"},\"primaryImageOfPage\":{\"@id\":\"http:\/\/elregionalvm.com.ar\/noticias-villa-maria\/mas-policiales-accidentes-y-detenciones-por-violencia-de-genero\/#primaryimage\"},\"image\":{\"@id\":\"http:\/\/elregionalvm.com.ar\/noticias-villa-maria\/mas-policiales-accidentes-y-detenciones-por-violencia-de-genero\/#primaryimage\"},\"thumbnailUrl\":\"https:\/\/i0.wp.com\/elregionalvm.com.ar\/noticias-villa-maria\/wp-content\/uploads\/2022\/03\/WhatsApp-Image-2022-03-08-at-08.22.51.jpeg?fit=816%2C647&ssl=1\",\"datePublished\":\"2022-03-09T01:55:36+00:00\",\"dateModified\":\"2022-03-09T01:55:37+00:00\",\"author\":{\"@id\":\"http:\/\/elregionalvm.com.ar\/noticias-villa-maria\/#\/schema\/person\/a0fb9c422317faca23d50163151bc354\"},\"breadcrumb\":{\"@id\":\"http:\/\/elregionalvm.com.ar\/noticias-villa-maria\/mas-policiales-accidentes-y-detenciones-por-violencia-de-genero\/#breadcrumb\"},\"inLanguage\":\"es\",\"potentialAction\":[{\"@type\":\"ReadAction\",\"target\":[\"http:\/\/elregionalvm.com.ar\/noticias-villa-maria\/mas-policiales-accidentes-y-detenciones-por-violencia-de-genero\/\"]}]},{\"@type\":\"ImageObject\",\"inLanguage\":\"es\",\"@id\":\"http:\/\/elregionalvm.com.ar\/noticias-villa-maria\/mas-policiales-accidentes-y-detenciones-por-violencia-de-genero\/#primaryimage\",\"url\":\"https:\/\/i0.wp.com\/elregionalvm.com.ar\/noticias-villa-maria\/wp-content\/uploads\/2022\/03\/WhatsApp-Image-2022-03-08-at-08.22.51.jpeg?fit=816%2C647&ssl=1\",\"contentUrl\":\"https:\/\/i0.wp.com\/elregionalvm.com.ar\/noticias-villa-maria\/wp-content\/uploads\/2022\/03\/WhatsApp-Image-2022-03-08-at-08.22.51.jpeg?fit=816%2C647&ssl=1\",\"width\":816,\"height\":647},{\"@type\":\"BreadcrumbList\",\"@id\":\"http:\/\/elregionalvm.com.ar\/noticias-villa-maria\/mas-policiales-accidentes-y-detenciones-por-violencia-de-genero\/#breadcrumb\",\"itemListElement\":[{\"@type\":\"ListItem\",\"position\":1,\"name\":\"Portada\",\"item\":\"https:\/\/elregionalvm.com.ar\/noticias-villa-maria\/\"},{\"@type\":\"ListItem\",\"position\":2,\"name\":\"M\u00e1s policiales: accidentes y detenciones por violencia de g\u00e9nero\"}]},{\"@type\":\"WebSite\",\"@id\":\"http:\/\/elregionalvm.com.ar\/noticias-villa-maria\/#website\",\"url\":\"http:\/\/elregionalvm.com.ar\/noticias-villa-maria\/\",\"name\":\"El Regional\",\"description\":\"Mucho m\u00e1s que informaci\u00f3n\",\"potentialAction\":[{\"@type\":\"SearchAction\",\"target\":{\"@type\":\"EntryPoint\",\"urlTemplate\":\"http:\/\/elregionalvm.com.ar\/noticias-villa-maria\/?s={search_term_string}\"},\"query-input\":{\"@type\":\"PropertyValueSpecification\",\"valueRequired\":true,\"valueName\":\"search_term_string\"}}],\"inLanguage\":\"es\"},{\"@type\":\"Person\",\"@id\":\"http:\/\/elregionalvm.com.ar\/noticias-villa-maria\/#\/schema\/person\/a0fb9c422317faca23d50163151bc354\",\"name\":\"Contenidos El Regional\",\"image\":{\"@type\":\"ImageObject\",\"inLanguage\":\"es\",\"@id\":\"http:\/\/elregionalvm.com.ar\/noticias-villa-maria\/#\/schema\/person\/image\/\",\"url\":\"https:\/\/secure.gravatar.com\/avatar\/265b27cb2209af7bb3a1318f03305787d7981a5cc6e6cd08fe5a4ecdf99d4b48?s=96&d=mm&r=g\",\"contentUrl\":\"https:\/\/secure.gravatar.com\/avatar\/265b27cb2209af7bb3a1318f03305787d7981a5cc6e6cd08fe5a4ecdf99d4b48?s=96&d=mm&r=g\",\"caption\":\"Contenidos El Regional\"},\"url\":\"https:\/\/elregionalvm.com.ar\/noticias-villa-maria\/author\/contenido\/\"}]}<\/script>\n<!-- \/ Yoast SEO plugin. -->","yoast_head_json":{"title":"M\u00e1s policiales: accidentes y detenciones por violencia de g\u00e9nero - El Regional","robots":{"index":"index","follow":"follow","max-snippet":"max-snippet:-1","max-image-preview":"max-image-preview:large","max-video-preview":"max-video-preview:-1"},"canonical":"http:\/\/elregionalvm.com.ar\/noticias-villa-maria\/mas-policiales-accidentes-y-detenciones-por-violencia-de-genero\/","og_locale":"es_ES","og_type":"article","og_title":"M\u00e1s policiales: accidentes y detenciones por violencia de g\u00e9nero - El Regional","og_description":"Anoche, a las 23:30, en calle Espora y San Luis,&nbsp; se produjo un accidente de tr\u00e1nsito en el que por causas a establecer un motociclista de 45 a\u00f1os de edad perdi\u00f3 el control de su motocicleta Honda Biz&nbsp;, cayendo de manera violenta contra el piso, por lo que debi\u00f3 ser asistido y trasladado por personal [&hellip;]","og_url":"http:\/\/elregionalvm.com.ar\/noticias-villa-maria\/mas-policiales-accidentes-y-detenciones-por-violencia-de-genero\/","og_site_name":"El Regional","article_publisher":"https:\/\/www.facebook.com\/elregionalvm","article_published_time":"2022-03-09T01:55:36+00:00","article_modified_time":"2022-03-09T01:55:37+00:00","og_image":[{"width":816,"height":647,"url":"http:\/\/elregionalvm.com.ar\/noticias-villa-maria\/wp-content\/uploads\/2022\/03\/WhatsApp-Image-2022-03-08-at-08.22.51.jpeg","type":"image\/jpeg"}],"author":"Contenidos El Regional","twitter_card":"summary_large_image","twitter_creator":"@elregionalvm1","twitter_site":"@elregionalvm1","twitter_misc":{"Escrito por":"Contenidos El Regional","Tiempo de lectura":"3 minutos"},"schema":{"@context":"https:\/\/schema.org","@graph":[{"@type":"Article","@id":"http:\/\/elregionalvm.com.ar\/noticias-villa-maria\/mas-policiales-accidentes-y-detenciones-por-violencia-de-genero\/#article","isPartOf":{"@id":"http:\/\/elregionalvm.com.ar\/noticias-villa-maria\/mas-policiales-accidentes-y-detenciones-por-violencia-de-genero\/"},"author":{"name":"Contenidos El Regional","@id":"http:\/\/elregionalvm.com.ar\/noticias-villa-maria\/#\/schema\/person\/a0fb9c422317faca23d50163151bc354"},"headline":"M\u00e1s policiales: accidentes y detenciones por violencia de g\u00e9nero","datePublished":"2022-03-09T01:55:36+00:00","dateModified":"2022-03-09T01:55:37+00:00","mainEntityOfPage":{"@id":"http:\/\/elregionalvm.com.ar\/noticias-villa-maria\/mas-policiales-accidentes-y-detenciones-por-violencia-de-genero\/"},"wordCount":417,"commentCount":0,"image":{"@id":"http:\/\/elregionalvm.com.ar\/noticias-villa-maria\/mas-policiales-accidentes-y-detenciones-por-violencia-de-genero\/#primaryimage"},"thumbnailUrl":"https:\/\/i0.wp.com\/elregionalvm.com.ar\/noticias-villa-maria\/wp-content\/uploads\/2022\/03\/WhatsApp-Image-2022-03-08-at-08.22.51.jpeg?fit=816%2C647&ssl=1","keywords":["Accidentes","choque en el Beletti","detenciones","motociclista","traumatismo de cr\u00e1neo grave","violencia de g\u00e9nero"],"articleSection":["Policiales"],"inLanguage":"es","potentialAction":[{"@type":"CommentAction","name":"Comment","target":["http:\/\/elregionalvm.com.ar\/noticias-villa-maria\/mas-policiales-accidentes-y-detenciones-por-violencia-de-genero\/#respond"]}]},{"@type":"WebPage","@id":"http:\/\/elregionalvm.com.ar\/noticias-villa-maria\/mas-policiales-accidentes-y-detenciones-por-violencia-de-genero\/","url":"http:\/\/elregionalvm.com.ar\/noticias-villa-maria\/mas-policiales-accidentes-y-detenciones-por-violencia-de-genero\/","name":"M\u00e1s policiales: accidentes y detenciones por violencia de g\u00e9nero - El Regional","isPartOf":{"@id":"http:\/\/elregionalvm.com.ar\/noticias-villa-maria\/#website"},"primaryImageOfPage":{"@id":"http:\/\/elregionalvm.com.ar\/noticias-villa-maria\/mas-policiales-accidentes-y-detenciones-por-violencia-de-genero\/#primaryimage"},"image":{"@id":"http:\/\/elregionalvm.com.ar\/noticias-villa-maria\/mas-policiales-accidentes-y-detenciones-por-violencia-de-genero\/#primaryimage"},"thumbnailUrl":"https:\/\/i0.wp.com\/elregionalvm.com.ar\/noticias-villa-maria\/wp-content\/uploads\/2022\/03\/WhatsApp-Image-2022-03-08-at-08.22.51.jpeg?fit=816%2C647&ssl=1","datePublished":"2022-03-09T01:55:36+00:00","dateModified":"2022-03-09T01:55:37+00:00","author":{"@id":"http:\/\/elregionalvm.com.ar\/noticias-villa-maria\/#\/schema\/person\/a0fb9c422317faca23d50163151bc354"},"breadcrumb":{"@id":"http:\/\/elregionalvm.com.ar\/noticias-villa-maria\/mas-policiales-accidentes-y-detenciones-por-violencia-de-genero\/#breadcrumb"},"inLanguage":"es","potentialAction":[{"@type":"ReadAction","target":["http:\/\/elregionalvm.com.ar\/noticias-villa-maria\/mas-policiales-accidentes-y-detenciones-por-violencia-de-genero\/"]}]},{"@type":"ImageObject","inLanguage":"es","@id":"http:\/\/elregionalvm.com.ar\/noticias-villa-maria\/mas-policiales-accidentes-y-detenciones-por-violencia-de-genero\/#primaryimage","url":"https:\/\/i0.wp.com\/elregionalvm.com.ar\/noticias-villa-maria\/wp-content\/uploads\/2022\/03\/WhatsApp-Image-2022-03-08-at-08.22.51.jpeg?fit=816%2C647&ssl=1","contentUrl":"https:\/\/i0.wp.com\/elregionalvm.com.ar\/noticias-villa-maria\/wp-content\/uploads\/2022\/03\/WhatsApp-Image-2022-03-08-at-08.22.51.jpeg?fit=816%2C647&ssl=1","width":816,"height":647},{"@type":"BreadcrumbList","@id":"http:\/\/elregionalvm.com.ar\/noticias-villa-maria\/mas-policiales-accidentes-y-detenciones-por-violencia-de-genero\/#breadcrumb","itemListElement":[{"@type":"ListItem","position":1,"name":"Portada","item":"https:\/\/elregionalvm.com.ar\/noticias-villa-maria\/"},{"@type":"ListItem","position":2,"name":"M\u00e1s policiales: accidentes y detenciones por violencia de g\u00e9nero"}]},{"@type":"WebSite","@id":"http:\/\/elregionalvm.com.ar\/noticias-villa-maria\/#website","url":"http:\/\/elregionalvm.com.ar\/noticias-villa-maria\/","name":"El Regional","description":"Mucho m\u00e1s que informaci\u00f3n","potentialAction":[{"@type":"SearchAction","target":{"@type":"EntryPoint","urlTemplate":"http:\/\/elregionalvm.com.ar\/noticias-villa-maria\/?s={search_term_string}"},"query-input":{"@type":"PropertyValueSpecification","valueRequired":true,"valueName":"search_term_string"}}],"inLanguage":"es"},{"@type":"Person","@id":"http:\/\/elregionalvm.com.ar\/noticias-villa-maria\/#\/schema\/person\/a0fb9c422317faca23d50163151bc354","name":"Contenidos El Regional","image":{"@type":"ImageObject","inLanguage":"es","@id":"http:\/\/elregionalvm.com.ar\/noticias-villa-maria\/#\/schema\/person\/image\/","url":"https:\/\/secure.gravatar.com\/avatar\/265b27cb2209af7bb3a1318f03305787d7981a5cc6e6cd08fe5a4ecdf99d4b48?s=96&d=mm&r=g","contentUrl":"https:\/\/secure.gravatar.com\/avatar\/265b27cb2209af7bb3a1318f03305787d7981a5cc6e6cd08fe5a4ecdf99d4b48?s=96&d=mm&r=g","caption":"Contenidos El Regional"},"url":"https:\/\/elregionalvm.com.ar\/noticias-villa-maria\/author\/contenido\/"}]}},"jetpack_featured_media_url":"https:\/\/i0.wp.com\/elregionalvm.com.ar\/noticias-villa-maria\/wp-content\/uploads\/2022\/03\/WhatsApp-Image-2022-03-08-at-08.22.51.jpeg?fit=816%2C647&ssl=1","jetpack_sharing_enabled":true,"_links":{"self":[{"href":"https:\/\/elregionalvm.com.ar\/noticias-villa-maria\/wp-json\/wp\/v2\/posts\/53827","targetHints":{"allow":["GET"]}}],"collection":[{"href":"https:\/\/elregionalvm.com.ar\/noticias-villa-maria\/wp-json\/wp\/v2\/posts"}],"about":[{"href":"https:\/\/elregionalvm.com.ar\/noticias-villa-maria\/wp-json\/wp\/v2\/types\/post"}],"author":[{"embeddable":true,"href":"https:\/\/elregionalvm.com.ar\/noticias-villa-maria\/wp-json\/wp\/v2\/users\/4"}],"replies":[{"embeddable":true,"href":"https:\/\/elregionalvm.com.ar\/noticias-villa-maria\/wp-json\/wp\/v2\/comments?post=53827"}],"version-history":[{"count":2,"href":"https:\/\/elregionalvm.com.ar\/noticias-villa-maria\/wp-json\/wp\/v2\/posts\/53827\/revisions"}],"predecessor-version":[{"id":53834,"href":"https:\/\/elregionalvm.com.ar\/noticias-villa-maria\/wp-json\/wp\/v2\/posts\/53827\/revisions\/53834"}],"wp:featuredmedia":[{"embeddable":true,"href":"https:\/\/elregionalvm.com.ar\/noticias-villa-maria\/wp-json\/wp\/v2\/media\/53833"}],"wp:attachment":[{"href":"https:\/\/elregionalvm.com.ar\/noticias-villa-maria\/wp-json\/wp\/v2\/media?parent=53827"}],"wp:term":[{"taxonomy":"category","embeddable":true,"href":"https:\/\/elregionalvm.com.ar\/noticias-villa-maria\/wp-json\/wp\/v2\/categories?post=53827"},{"taxonomy":"post_tag","embeddable":true,"href":"https:\/\/elregionalvm.com.ar\/noticias-villa-maria\/wp-json\/wp\/v2\/tags?post=53827"}],"curies":[{"name":"wp","href":"https:\/\/api.w.org\/{rel}","templated":true}]}}