{"id":53846,"date":"2022-03-09T20:44:12","date_gmt":"2022-03-09T20:44:12","guid":{"rendered":"https:\/\/elregionalvm.com.ar\/noticias-villa-maria\/?p=53846"},"modified":"2022-03-09T20:44:14","modified_gmt":"2022-03-09T20:44:14","slug":"la-mujer-elige-vinos-quesos-arte-y-cultura","status":"publish","type":"post","link":"https:\/\/elregionalvm.com.ar\/noticias-villa-maria\/la-mujer-elige-vinos-quesos-arte-y-cultura\/","title":{"rendered":"La mujer elige: vinos, quesos, arte y cultura"},"content":{"rendered":"\n<p><br>Anoche se llev\u00f3 a cabo el primer encuentro de \u201cLa Mujer Elige\u201d, un ciclo propuesto de manera<br>conjunta entre la Comisi\u00f3n de Mujeres de AERCA y la Mujeres del Centro de Comercio Industrial de<br>Producci\u00f3n y Servicios de Villa Nueva.<\/p>\n\n\n\n<p>El mismo tiene como objetivo poner en el centro de la escena a la mujer en sus diferentes roles y en<br>todos los \u00e1mbitos en los que se desempe\u00f1a. Por ello, la propuesta prev\u00e9 la concreci\u00f3n de propuestas<br>a lo largo del a\u00f1o.<\/p>\n\n\n\n<p>En esta primera jornada, participaron alrededor de 140 mujeres que pudieron degustar vinos de la<br>bodega Don Humberto: Vinos con nombre de Mujer, acompa\u00f1ados del maridaje de quesos. Adem\u00e1s,<br>pudieron disfrutar del arte y la cultura de la mano de mujeres artistas de Villa Mar\u00eda y Villa Nueva.<br>Sobre el evento, la coordinadora de la Comisi\u00f3n de Mujeres de AERCA, Andrea Ceberio,<br>expres\u00f3: \u201cLa convocatoria fue mejor de la que esper\u00e1bamos, fue excelente. Se coronaron dos<br>meses de trabajo, donde dejamos de lado muchas cuestiones personales para dedicarnos a que<br>esto salga bien. Lo que quer\u00edamos, esta logrado\u201d.<\/p>\n\n\n\n<p>En este marco, agreg\u00f3: \u201cEstos espacios son muy importantes, porque visibiliza nuestro rol. Permiten<br>que las mujeres nos conozcamos y nos ayudemos entre nosotras. Son espacios que vamos ganando<br>y mediante los cuales damos lugar para que otras se incorporen\u201d.<\/p>\n\n\n\n<p>En tanto, la presidenta del Centro Comercial Industrial de Producci\u00f3n y Servicios, Marcela<br>Soliani, acentu\u00f3: \u201cLogramos el objetivo que era convocar a un ciclo que realmente fuera<br>interesante para la mujer. En la primera puesta decimos que realmente este todo cumplido\u201d.<br>Y agreg\u00f3: \u201cEl hecho de ponerle tanto condimento a una noche, hizo que las presentes se quedaran<br>con ganas de m\u00e1s. Hubo una fuerte sincron\u00eda entre la parte art\u00edstica y la degustaci\u00f3n\u201d.<\/p>\n\n\n\n<figure class=\"wp-block-gallery has-nested-images columns-default is-cropped wp-block-gallery-1 is-layout-flex wp-block-gallery-is-layout-flex\">\n<figure class=\"wp-block-image size-large\"><img data-recalc-dims=\"1\" fetchpriority=\"high\" decoding=\"async\" width=\"1024\" height=\"731\" data-id=\"53849\" src=\"https:\/\/i0.wp.com\/elregionalvm.com.ar\/noticias-villa-maria\/wp-content\/uploads\/2022\/03\/WhatsApp-Image-2022-03-09-at-16.28.31-2.jpeg?resize=1024%2C731&#038;ssl=1\" alt=\"\" class=\"wp-image-53849\" srcset=\"https:\/\/i0.wp.com\/elregionalvm.com.ar\/noticias-villa-maria\/wp-content\/uploads\/2022\/03\/WhatsApp-Image-2022-03-09-at-16.28.31-2.jpeg?resize=1024%2C731&amp;ssl=1 1024w, https:\/\/i0.wp.com\/elregionalvm.com.ar\/noticias-villa-maria\/wp-content\/uploads\/2022\/03\/WhatsApp-Image-2022-03-09-at-16.28.31-2.jpeg?resize=300%2C214&amp;ssl=1 300w, https:\/\/i0.wp.com\/elregionalvm.com.ar\/noticias-villa-maria\/wp-content\/uploads\/2022\/03\/WhatsApp-Image-2022-03-09-at-16.28.31-2.jpeg?resize=768%2C548&amp;ssl=1 768w, https:\/\/i0.wp.com\/elregionalvm.com.ar\/noticias-villa-maria\/wp-content\/uploads\/2022\/03\/WhatsApp-Image-2022-03-09-at-16.28.31-2.jpeg?w=1280&amp;ssl=1 1280w\" sizes=\"(max-width: 1000px) 100vw, 1000px\" \/><\/figure>\n\n\n\n<figure class=\"wp-block-image size-large\"><img data-recalc-dims=\"1\" decoding=\"async\" width=\"1024\" height=\"665\" data-id=\"53848\" src=\"https:\/\/i0.wp.com\/elregionalvm.com.ar\/noticias-villa-maria\/wp-content\/uploads\/2022\/03\/WhatsApp-Image-2022-03-09-at-16.28.31-1.jpeg?resize=1024%2C665&#038;ssl=1\" alt=\"\" class=\"wp-image-53848\" srcset=\"https:\/\/i0.wp.com\/elregionalvm.com.ar\/noticias-villa-maria\/wp-content\/uploads\/2022\/03\/WhatsApp-Image-2022-03-09-at-16.28.31-1.jpeg?resize=1024%2C665&amp;ssl=1 1024w, https:\/\/i0.wp.com\/elregionalvm.com.ar\/noticias-villa-maria\/wp-content\/uploads\/2022\/03\/WhatsApp-Image-2022-03-09-at-16.28.31-1.jpeg?resize=300%2C195&amp;ssl=1 300w, https:\/\/i0.wp.com\/elregionalvm.com.ar\/noticias-villa-maria\/wp-content\/uploads\/2022\/03\/WhatsApp-Image-2022-03-09-at-16.28.31-1.jpeg?resize=768%2C499&amp;ssl=1 768w, https:\/\/i0.wp.com\/elregionalvm.com.ar\/noticias-villa-maria\/wp-content\/uploads\/2022\/03\/WhatsApp-Image-2022-03-09-at-16.28.31-1.jpeg?w=1280&amp;ssl=1 1280w\" sizes=\"(max-width: 1000px) 100vw, 1000px\" \/><\/figure>\n<\/figure>\n\n\n\n<p>Un poco m\u00e1s sobre el evento:<\/p>\n\n\n\n<p>Las mujeres fueron recibidas por dos artistas que personificaban a la diosa del Vino y la Amistad,<br>Fitionis. All\u00ed se les entregaba una copa para que le pusieran su nombre y la mantuvieran toda la<br>noche.<\/p>\n\n\n\n<p>En uno de los salones de La Bodega del Buen Suceso, las presentes disfrutaron de una exposici\u00f3n de<br>arte realizada por mujeres artistas de Villa Mar\u00eda y Villa Nueva. En otro, se encontraban las barricas<br>con los vinos junto a las mesas con los quesos apropiados para el maridaje.<\/p>\n\n\n\n<p>Al respecto, Soliani destac\u00f3: \u201cSe han llevado mucha informaci\u00f3n, muchas no conoc\u00edan sobre vinos<br>y despert\u00f3 mucho inter\u00e9s. Fue muy bueno sentir el silencio a la hora de contarles sobre cada una<br>de las cepas\u201d.<\/p>\n\n\n\n<p>Mientras llevaban a cabo la degustaci\u00f3n, ambientaban el lugar un cuarteto de cuerdas. Cerca del<br>final de la noche se llevaron a cabo sorteos muy interesantes con premios otorgados por mujeres<br>comerciantes que fueron parte del evento.<\/p>\n\n\n\n<p>Asimismo, se llev\u00f3 a cabo una encuesta para que las asistentes puedan dar voto sobre las posibles<br>pr\u00f3ximas tem\u00e1ticas de encuentros. Ceberio coment\u00f3 que algunos ejes fueron propuestos por las<br>organizadoras, pero tambi\u00e9n ten\u00edan espacio para proponer.<\/p>\n\n\n\n<p>\u201cLa idea es escuchar a las mujeres de ambas villas para poder armar la din\u00e1mica con los formatos<br>que correspondan de ahora en m\u00e1s. Cada encuentro tomar\u00e1 la din\u00e1mica correspondiente, por ende,<br>todos los meses cambiar\u00e1\u201d, asegur\u00f3.<\/p>\n\n\n\n<p>Para finalizar, ambas remarcaron que el evento fue tomado con mucho entusiasmo y que muchas<br>mujeres agradecieron a la organizaci\u00f3n por el mismo. Tambi\u00e9n se\u00f1alaron que esperan con ans\u00edas la<br>misma participaci\u00f3n a lo largo del a\u00f1o.<\/p>\n","protected":false},"excerpt":{"rendered":"<p>Anoche se llev\u00f3 a cabo el primer encuentro de \u201cLa Mujer Elige\u201d, un ciclo propuesto de maneraconjunta entre la Comisi\u00f3n de Mujeres de AERCA y la Mujeres del Centro de Comercio Industrial deProducci\u00f3n y Servicios de Villa Nueva. El mismo tiene como objetivo poner en el centro de la escena a la mujer en sus [&hellip;]<\/p>\n","protected":false},"author":4,"featured_media":53847,"comment_status":"open","ping_status":"open","sticky":false,"template":"","format":"standard","meta":{"site-sidebar-layout":"default","site-content-layout":"","ast-site-content-layout":"default","site-content-style":"default","site-sidebar-style":"default","ast-global-header-display":"","ast-banner-title-visibility":"","ast-main-header-display":"","ast-hfb-above-header-display":"","ast-hfb-below-header-display":"","ast-hfb-mobile-header-display":"","site-post-title":"","ast-breadcrumbs-content":"","ast-featured-img":"","footer-sml-layout":"","ast-disable-related-posts":"","theme-transparent-header-meta":"","adv-header-id-meta":"","stick-header-meta":"","header-above-stick-meta":"","header-main-stick-meta":"","header-below-stick-meta":"","astra-migrate-meta-layouts":"default","ast-page-background-enabled":"default","ast-page-background-meta":{"desktop":{"background-color":"","background-image":"","background-repeat":"repeat","background-position":"center center","background-size":"auto","background-attachment":"scroll","background-type":"","background-media":"","overlay-type":"","overlay-color":"","overlay-opacity":"","overlay-gradient":""},"tablet":{"background-color":"","background-image":"","background-repeat":"repeat","background-position":"center center","background-size":"auto","background-attachment":"scroll","background-type":"","background-media":"","overlay-type":"","overlay-color":"","overlay-opacity":"","overlay-gradient":""},"mobile":{"background-color":"","background-image":"","background-repeat":"repeat","background-position":"center center","background-size":"auto","background-attachment":"scroll","background-type":"","background-media":"","overlay-type":"","overlay-color":"","overlay-opacity":"","overlay-gradient":""}},"ast-content-background-meta":{"desktop":{"background-color":"var(--ast-global-color-5)","background-image":"","background-repeat":"repeat","background-position":"center center","background-size":"auto","background-attachment":"scroll","background-type":"","background-media":"","overlay-type":"","overlay-color":"","overlay-opacity":"","overlay-gradient":""},"tablet":{"background-color":"var(--ast-global-color-5)","background-image":"","background-repeat":"repeat","background-position":"center center","background-size":"auto","background-attachment":"scroll","background-type":"","background-media":"","overlay-type":"","overlay-color":"","overlay-opacity":"","overlay-gradient":""},"mobile":{"background-color":"var(--ast-global-color-5)","background-image":"","background-repeat":"repeat","background-position":"center center","background-size":"auto","background-attachment":"scroll","background-type":"","background-media":"","overlay-type":"","overlay-color":"","overlay-opacity":"","overlay-gradient":""}},"_jetpack_memberships_contains_paid_content":false,"_joinchat":[],"footnotes":""},"categories":[2068,1408],"tags":[14161,1232,14160,8562,232,5530],"class_list":["post-53846","post","type-post","status-publish","format-standard","has-post-thumbnail","hentry","category-cultura-deporte","category-villa-nueva","tag-arte-y-cultura","tag-destacado","tag-la-mujer-elige","tag-quesos","tag-villa-nueva","tag-vinos"],"yoast_head":"<!-- This site is optimized with the Yoast SEO plugin v26.8 - https:\/\/yoast.com\/product\/yoast-seo-wordpress\/ -->\n<title>La mujer elige: vinos, quesos, arte y cultura - El Regional<\/title>\n<meta name=\"robots\" content=\"index, follow, max-snippet:-1, max-image-preview:large, max-video-preview:-1\" \/>\n<link rel=\"canonical\" href=\"http:\/\/elregionalvm.com.ar\/noticias-villa-maria\/la-mujer-elige-vinos-quesos-arte-y-cultura\/\" \/>\n<meta property=\"og:locale\" content=\"es_ES\" \/>\n<meta property=\"og:type\" content=\"article\" \/>\n<meta property=\"og:title\" content=\"La mujer elige: vinos, quesos, arte y cultura - El Regional\" \/>\n<meta property=\"og:description\" content=\"Anoche se llev\u00f3 a cabo el primer encuentro de \u201cLa Mujer Elige\u201d, un ciclo propuesto de maneraconjunta entre la Comisi\u00f3n de Mujeres de AERCA y la Mujeres del Centro de Comercio Industrial deProducci\u00f3n y Servicios de Villa Nueva. El mismo tiene como objetivo poner en el centro de la escena a la mujer en sus [&hellip;]\" \/>\n<meta property=\"og:url\" content=\"http:\/\/elregionalvm.com.ar\/noticias-villa-maria\/la-mujer-elige-vinos-quesos-arte-y-cultura\/\" \/>\n<meta property=\"og:site_name\" content=\"El Regional\" \/>\n<meta property=\"article:publisher\" content=\"https:\/\/www.facebook.com\/elregionalvm\" \/>\n<meta property=\"article:published_time\" content=\"2022-03-09T20:44:12+00:00\" \/>\n<meta property=\"article:modified_time\" content=\"2022-03-09T20:44:14+00:00\" \/>\n<meta property=\"og:image\" content=\"http:\/\/elregionalvm.com.ar\/noticias-villa-maria\/wp-content\/uploads\/2022\/03\/WhatsApp-Image-2022-03-09-at-16.28.31.jpeg\" \/>\n\t<meta property=\"og:image:width\" content=\"1280\" \/>\n\t<meta property=\"og:image:height\" content=\"914\" \/>\n\t<meta property=\"og:image:type\" content=\"image\/jpeg\" \/>\n<meta name=\"author\" content=\"Contenidos El Regional\" \/>\n<meta name=\"twitter:card\" content=\"summary_large_image\" \/>\n<meta name=\"twitter:creator\" content=\"@elregionalvm1\" \/>\n<meta name=\"twitter:site\" content=\"@elregionalvm1\" \/>\n<meta name=\"twitter:label1\" content=\"Escrito por\" \/>\n\t<meta name=\"twitter:data1\" content=\"Contenidos El Regional\" \/>\n\t<meta name=\"twitter:label2\" content=\"Tiempo de lectura\" \/>\n\t<meta name=\"twitter:data2\" content=\"4 minutos\" \/>\n<script type=\"application\/ld+json\" class=\"yoast-schema-graph\">{\"@context\":\"https:\/\/schema.org\",\"@graph\":[{\"@type\":\"Article\",\"@id\":\"http:\/\/elregionalvm.com.ar\/noticias-villa-maria\/la-mujer-elige-vinos-quesos-arte-y-cultura\/#article\",\"isPartOf\":{\"@id\":\"http:\/\/elregionalvm.com.ar\/noticias-villa-maria\/la-mujer-elige-vinos-quesos-arte-y-cultura\/\"},\"author\":{\"name\":\"Contenidos El Regional\",\"@id\":\"http:\/\/elregionalvm.com.ar\/noticias-villa-maria\/#\/schema\/person\/a0fb9c422317faca23d50163151bc354\"},\"headline\":\"La mujer elige: vinos, quesos, arte y cultura\",\"datePublished\":\"2022-03-09T20:44:12+00:00\",\"dateModified\":\"2022-03-09T20:44:14+00:00\",\"mainEntityOfPage\":{\"@id\":\"http:\/\/elregionalvm.com.ar\/noticias-villa-maria\/la-mujer-elige-vinos-quesos-arte-y-cultura\/\"},\"wordCount\":587,\"commentCount\":0,\"image\":{\"@id\":\"http:\/\/elregionalvm.com.ar\/noticias-villa-maria\/la-mujer-elige-vinos-quesos-arte-y-cultura\/#primaryimage\"},\"thumbnailUrl\":\"https:\/\/i0.wp.com\/elregionalvm.com.ar\/noticias-villa-maria\/wp-content\/uploads\/2022\/03\/WhatsApp-Image-2022-03-09-at-16.28.31.jpeg?fit=1280%2C914&ssl=1\",\"keywords\":[\"arte y cultura\",\"destacado\",\"La mujer elige\",\"quesos\",\"VILLA NUEVA\",\"vinos\"],\"articleSection\":[\"Cultura\",\"Villa Nueva\"],\"inLanguage\":\"es\",\"potentialAction\":[{\"@type\":\"CommentAction\",\"name\":\"Comment\",\"target\":[\"http:\/\/elregionalvm.com.ar\/noticias-villa-maria\/la-mujer-elige-vinos-quesos-arte-y-cultura\/#respond\"]}]},{\"@type\":\"WebPage\",\"@id\":\"http:\/\/elregionalvm.com.ar\/noticias-villa-maria\/la-mujer-elige-vinos-quesos-arte-y-cultura\/\",\"url\":\"http:\/\/elregionalvm.com.ar\/noticias-villa-maria\/la-mujer-elige-vinos-quesos-arte-y-cultura\/\",\"name\":\"La mujer elige: vinos, quesos, arte y cultura - El Regional\",\"isPartOf\":{\"@id\":\"http:\/\/elregionalvm.com.ar\/noticias-villa-maria\/#website\"},\"primaryImageOfPage\":{\"@id\":\"http:\/\/elregionalvm.com.ar\/noticias-villa-maria\/la-mujer-elige-vinos-quesos-arte-y-cultura\/#primaryimage\"},\"image\":{\"@id\":\"http:\/\/elregionalvm.com.ar\/noticias-villa-maria\/la-mujer-elige-vinos-quesos-arte-y-cultura\/#primaryimage\"},\"thumbnailUrl\":\"https:\/\/i0.wp.com\/elregionalvm.com.ar\/noticias-villa-maria\/wp-content\/uploads\/2022\/03\/WhatsApp-Image-2022-03-09-at-16.28.31.jpeg?fit=1280%2C914&ssl=1\",\"datePublished\":\"2022-03-09T20:44:12+00:00\",\"dateModified\":\"2022-03-09T20:44:14+00:00\",\"author\":{\"@id\":\"http:\/\/elregionalvm.com.ar\/noticias-villa-maria\/#\/schema\/person\/a0fb9c422317faca23d50163151bc354\"},\"breadcrumb\":{\"@id\":\"http:\/\/elregionalvm.com.ar\/noticias-villa-maria\/la-mujer-elige-vinos-quesos-arte-y-cultura\/#breadcrumb\"},\"inLanguage\":\"es\",\"potentialAction\":[{\"@type\":\"ReadAction\",\"target\":[\"http:\/\/elregionalvm.com.ar\/noticias-villa-maria\/la-mujer-elige-vinos-quesos-arte-y-cultura\/\"]}]},{\"@type\":\"ImageObject\",\"inLanguage\":\"es\",\"@id\":\"http:\/\/elregionalvm.com.ar\/noticias-villa-maria\/la-mujer-elige-vinos-quesos-arte-y-cultura\/#primaryimage\",\"url\":\"https:\/\/i0.wp.com\/elregionalvm.com.ar\/noticias-villa-maria\/wp-content\/uploads\/2022\/03\/WhatsApp-Image-2022-03-09-at-16.28.31.jpeg?fit=1280%2C914&ssl=1\",\"contentUrl\":\"https:\/\/i0.wp.com\/elregionalvm.com.ar\/noticias-villa-maria\/wp-content\/uploads\/2022\/03\/WhatsApp-Image-2022-03-09-at-16.28.31.jpeg?fit=1280%2C914&ssl=1\",\"width\":1280,\"height\":914},{\"@type\":\"BreadcrumbList\",\"@id\":\"http:\/\/elregionalvm.com.ar\/noticias-villa-maria\/la-mujer-elige-vinos-quesos-arte-y-cultura\/#breadcrumb\",\"itemListElement\":[{\"@type\":\"ListItem\",\"position\":1,\"name\":\"Portada\",\"item\":\"https:\/\/elregionalvm.com.ar\/noticias-villa-maria\/\"},{\"@type\":\"ListItem\",\"position\":2,\"name\":\"La mujer elige: vinos, quesos, arte y cultura\"}]},{\"@type\":\"WebSite\",\"@id\":\"http:\/\/elregionalvm.com.ar\/noticias-villa-maria\/#website\",\"url\":\"http:\/\/elregionalvm.com.ar\/noticias-villa-maria\/\",\"name\":\"El Regional\",\"description\":\"Mucho m\u00e1s que informaci\u00f3n\",\"potentialAction\":[{\"@type\":\"SearchAction\",\"target\":{\"@type\":\"EntryPoint\",\"urlTemplate\":\"http:\/\/elregionalvm.com.ar\/noticias-villa-maria\/?s={search_term_string}\"},\"query-input\":{\"@type\":\"PropertyValueSpecification\",\"valueRequired\":true,\"valueName\":\"search_term_string\"}}],\"inLanguage\":\"es\"},{\"@type\":\"Person\",\"@id\":\"http:\/\/elregionalvm.com.ar\/noticias-villa-maria\/#\/schema\/person\/a0fb9c422317faca23d50163151bc354\",\"name\":\"Contenidos El Regional\",\"image\":{\"@type\":\"ImageObject\",\"inLanguage\":\"es\",\"@id\":\"http:\/\/elregionalvm.com.ar\/noticias-villa-maria\/#\/schema\/person\/image\/\",\"url\":\"https:\/\/secure.gravatar.com\/avatar\/265b27cb2209af7bb3a1318f03305787d7981a5cc6e6cd08fe5a4ecdf99d4b48?s=96&d=mm&r=g\",\"contentUrl\":\"https:\/\/secure.gravatar.com\/avatar\/265b27cb2209af7bb3a1318f03305787d7981a5cc6e6cd08fe5a4ecdf99d4b48?s=96&d=mm&r=g\",\"caption\":\"Contenidos El Regional\"},\"url\":\"https:\/\/elregionalvm.com.ar\/noticias-villa-maria\/author\/contenido\/\"}]}<\/script>\n<!-- \/ Yoast SEO plugin. -->","yoast_head_json":{"title":"La mujer elige: vinos, quesos, arte y cultura - El Regional","robots":{"index":"index","follow":"follow","max-snippet":"max-snippet:-1","max-image-preview":"max-image-preview:large","max-video-preview":"max-video-preview:-1"},"canonical":"http:\/\/elregionalvm.com.ar\/noticias-villa-maria\/la-mujer-elige-vinos-quesos-arte-y-cultura\/","og_locale":"es_ES","og_type":"article","og_title":"La mujer elige: vinos, quesos, arte y cultura - El Regional","og_description":"Anoche se llev\u00f3 a cabo el primer encuentro de \u201cLa Mujer Elige\u201d, un ciclo propuesto de maneraconjunta entre la Comisi\u00f3n de Mujeres de AERCA y la Mujeres del Centro de Comercio Industrial deProducci\u00f3n y Servicios de Villa Nueva. El mismo tiene como objetivo poner en el centro de la escena a la mujer en sus [&hellip;]","og_url":"http:\/\/elregionalvm.com.ar\/noticias-villa-maria\/la-mujer-elige-vinos-quesos-arte-y-cultura\/","og_site_name":"El Regional","article_publisher":"https:\/\/www.facebook.com\/elregionalvm","article_published_time":"2022-03-09T20:44:12+00:00","article_modified_time":"2022-03-09T20:44:14+00:00","og_image":[{"width":1280,"height":914,"url":"http:\/\/elregionalvm.com.ar\/noticias-villa-maria\/wp-content\/uploads\/2022\/03\/WhatsApp-Image-2022-03-09-at-16.28.31.jpeg","type":"image\/jpeg"}],"author":"Contenidos El Regional","twitter_card":"summary_large_image","twitter_creator":"@elregionalvm1","twitter_site":"@elregionalvm1","twitter_misc":{"Escrito por":"Contenidos El Regional","Tiempo de lectura":"4 minutos"},"schema":{"@context":"https:\/\/schema.org","@graph":[{"@type":"Article","@id":"http:\/\/elregionalvm.com.ar\/noticias-villa-maria\/la-mujer-elige-vinos-quesos-arte-y-cultura\/#article","isPartOf":{"@id":"http:\/\/elregionalvm.com.ar\/noticias-villa-maria\/la-mujer-elige-vinos-quesos-arte-y-cultura\/"},"author":{"name":"Contenidos El Regional","@id":"http:\/\/elregionalvm.com.ar\/noticias-villa-maria\/#\/schema\/person\/a0fb9c422317faca23d50163151bc354"},"headline":"La mujer elige: vinos, quesos, arte y cultura","datePublished":"2022-03-09T20:44:12+00:00","dateModified":"2022-03-09T20:44:14+00:00","mainEntityOfPage":{"@id":"http:\/\/elregionalvm.com.ar\/noticias-villa-maria\/la-mujer-elige-vinos-quesos-arte-y-cultura\/"},"wordCount":587,"commentCount":0,"image":{"@id":"http:\/\/elregionalvm.com.ar\/noticias-villa-maria\/la-mujer-elige-vinos-quesos-arte-y-cultura\/#primaryimage"},"thumbnailUrl":"https:\/\/i0.wp.com\/elregionalvm.com.ar\/noticias-villa-maria\/wp-content\/uploads\/2022\/03\/WhatsApp-Image-2022-03-09-at-16.28.31.jpeg?fit=1280%2C914&ssl=1","keywords":["arte y cultura","destacado","La mujer elige","quesos","VILLA NUEVA","vinos"],"articleSection":["Cultura","Villa Nueva"],"inLanguage":"es","potentialAction":[{"@type":"CommentAction","name":"Comment","target":["http:\/\/elregionalvm.com.ar\/noticias-villa-maria\/la-mujer-elige-vinos-quesos-arte-y-cultura\/#respond"]}]},{"@type":"WebPage","@id":"http:\/\/elregionalvm.com.ar\/noticias-villa-maria\/la-mujer-elige-vinos-quesos-arte-y-cultura\/","url":"http:\/\/elregionalvm.com.ar\/noticias-villa-maria\/la-mujer-elige-vinos-quesos-arte-y-cultura\/","name":"La mujer elige: vinos, quesos, arte y cultura - El Regional","isPartOf":{"@id":"http:\/\/elregionalvm.com.ar\/noticias-villa-maria\/#website"},"primaryImageOfPage":{"@id":"http:\/\/elregionalvm.com.ar\/noticias-villa-maria\/la-mujer-elige-vinos-quesos-arte-y-cultura\/#primaryimage"},"image":{"@id":"http:\/\/elregionalvm.com.ar\/noticias-villa-maria\/la-mujer-elige-vinos-quesos-arte-y-cultura\/#primaryimage"},"thumbnailUrl":"https:\/\/i0.wp.com\/elregionalvm.com.ar\/noticias-villa-maria\/wp-content\/uploads\/2022\/03\/WhatsApp-Image-2022-03-09-at-16.28.31.jpeg?fit=1280%2C914&ssl=1","datePublished":"2022-03-09T20:44:12+00:00","dateModified":"2022-03-09T20:44:14+00:00","author":{"@id":"http:\/\/elregionalvm.com.ar\/noticias-villa-maria\/#\/schema\/person\/a0fb9c422317faca23d50163151bc354"},"breadcrumb":{"@id":"http:\/\/elregionalvm.com.ar\/noticias-villa-maria\/la-mujer-elige-vinos-quesos-arte-y-cultura\/#breadcrumb"},"inLanguage":"es","potentialAction":[{"@type":"ReadAction","target":["http:\/\/elregionalvm.com.ar\/noticias-villa-maria\/la-mujer-elige-vinos-quesos-arte-y-cultura\/"]}]},{"@type":"ImageObject","inLanguage":"es","@id":"http:\/\/elregionalvm.com.ar\/noticias-villa-maria\/la-mujer-elige-vinos-quesos-arte-y-cultura\/#primaryimage","url":"https:\/\/i0.wp.com\/elregionalvm.com.ar\/noticias-villa-maria\/wp-content\/uploads\/2022\/03\/WhatsApp-Image-2022-03-09-at-16.28.31.jpeg?fit=1280%2C914&ssl=1","contentUrl":"https:\/\/i0.wp.com\/elregionalvm.com.ar\/noticias-villa-maria\/wp-content\/uploads\/2022\/03\/WhatsApp-Image-2022-03-09-at-16.28.31.jpeg?fit=1280%2C914&ssl=1","width":1280,"height":914},{"@type":"BreadcrumbList","@id":"http:\/\/elregionalvm.com.ar\/noticias-villa-maria\/la-mujer-elige-vinos-quesos-arte-y-cultura\/#breadcrumb","itemListElement":[{"@type":"ListItem","position":1,"name":"Portada","item":"https:\/\/elregionalvm.com.ar\/noticias-villa-maria\/"},{"@type":"ListItem","position":2,"name":"La mujer elige: vinos, quesos, arte y cultura"}]},{"@type":"WebSite","@id":"http:\/\/elregionalvm.com.ar\/noticias-villa-maria\/#website","url":"http:\/\/elregionalvm.com.ar\/noticias-villa-maria\/","name":"El Regional","description":"Mucho m\u00e1s que informaci\u00f3n","potentialAction":[{"@type":"SearchAction","target":{"@type":"EntryPoint","urlTemplate":"http:\/\/elregionalvm.com.ar\/noticias-villa-maria\/?s={search_term_string}"},"query-input":{"@type":"PropertyValueSpecification","valueRequired":true,"valueName":"search_term_string"}}],"inLanguage":"es"},{"@type":"Person","@id":"http:\/\/elregionalvm.com.ar\/noticias-villa-maria\/#\/schema\/person\/a0fb9c422317faca23d50163151bc354","name":"Contenidos El Regional","image":{"@type":"ImageObject","inLanguage":"es","@id":"http:\/\/elregionalvm.com.ar\/noticias-villa-maria\/#\/schema\/person\/image\/","url":"https:\/\/secure.gravatar.com\/avatar\/265b27cb2209af7bb3a1318f03305787d7981a5cc6e6cd08fe5a4ecdf99d4b48?s=96&d=mm&r=g","contentUrl":"https:\/\/secure.gravatar.com\/avatar\/265b27cb2209af7bb3a1318f03305787d7981a5cc6e6cd08fe5a4ecdf99d4b48?s=96&d=mm&r=g","caption":"Contenidos El Regional"},"url":"https:\/\/elregionalvm.com.ar\/noticias-villa-maria\/author\/contenido\/"}]}},"jetpack_featured_media_url":"https:\/\/i0.wp.com\/elregionalvm.com.ar\/noticias-villa-maria\/wp-content\/uploads\/2022\/03\/WhatsApp-Image-2022-03-09-at-16.28.31.jpeg?fit=1280%2C914&ssl=1","jetpack_sharing_enabled":true,"_links":{"self":[{"href":"https:\/\/elregionalvm.com.ar\/noticias-villa-maria\/wp-json\/wp\/v2\/posts\/53846","targetHints":{"allow":["GET"]}}],"collection":[{"href":"https:\/\/elregionalvm.com.ar\/noticias-villa-maria\/wp-json\/wp\/v2\/posts"}],"about":[{"href":"https:\/\/elregionalvm.com.ar\/noticias-villa-maria\/wp-json\/wp\/v2\/types\/post"}],"author":[{"embeddable":true,"href":"https:\/\/elregionalvm.com.ar\/noticias-villa-maria\/wp-json\/wp\/v2\/users\/4"}],"replies":[{"embeddable":true,"href":"https:\/\/elregionalvm.com.ar\/noticias-villa-maria\/wp-json\/wp\/v2\/comments?post=53846"}],"version-history":[{"count":1,"href":"https:\/\/elregionalvm.com.ar\/noticias-villa-maria\/wp-json\/wp\/v2\/posts\/53846\/revisions"}],"predecessor-version":[{"id":53850,"href":"https:\/\/elregionalvm.com.ar\/noticias-villa-maria\/wp-json\/wp\/v2\/posts\/53846\/revisions\/53850"}],"wp:featuredmedia":[{"embeddable":true,"href":"https:\/\/elregionalvm.com.ar\/noticias-villa-maria\/wp-json\/wp\/v2\/media\/53847"}],"wp:attachment":[{"href":"https:\/\/elregionalvm.com.ar\/noticias-villa-maria\/wp-json\/wp\/v2\/media?parent=53846"}],"wp:term":[{"taxonomy":"category","embeddable":true,"href":"https:\/\/elregionalvm.com.ar\/noticias-villa-maria\/wp-json\/wp\/v2\/categories?post=53846"},{"taxonomy":"post_tag","embeddable":true,"href":"https:\/\/elregionalvm.com.ar\/noticias-villa-maria\/wp-json\/wp\/v2\/tags?post=53846"}],"curies":[{"name":"wp","href":"https:\/\/api.w.org\/{rel}","templated":true}]}}