{"id":53858,"date":"2022-03-09T22:25:46","date_gmt":"2022-03-09T22:25:46","guid":{"rendered":"https:\/\/elregionalvm.com.ar\/noticias-villa-maria\/?p=53858"},"modified":"2022-03-09T22:25:48","modified_gmt":"2022-03-09T22:25:48","slug":"violencia-una-mujer-y-un-hombre-detenidos-en-dos-hechos-diferentes","status":"publish","type":"post","link":"https:\/\/elregionalvm.com.ar\/noticias-villa-maria\/violencia-una-mujer-y-un-hombre-detenidos-en-dos-hechos-diferentes\/","title":{"rendered":"Violencia: una mujer y un hombre detenidos en dos hechos diferentes"},"content":{"rendered":"\n<p>Una mujer de 28 a\u00f1os fue detenida este martes por la tarde, cuando aproximadamente a las 19:00, en calle Las Heras al 1400 de Barrio Rivadavia, se encontraba insultando y ofendiendo a gritos a un vecino del sector, un hombre de 37 a\u00f1os, con quien tendr\u00eda un inconveniente particular.<\/p>\n\n\n\n<p>Pese a la presencia en el lugar de la polic\u00eda, la mujer no depuso su actitud escandalosa y de molestia a terceros por lo que fue derivada a la comisar\u00eda.<\/p>\n\n\n\n<p><strong>Hombre detenido por violencia y amenazas<\/strong><\/p>\n\n\n\n<p>En la tarde de este mi\u00e9rcoles, a las 16:15, en calles Sana Marta Y Asunci\u00f3n, fue detenido un hombre de 43 a\u00f1os por la supuesta autor\u00eda de da\u00f1os y amenazas, en un caso de violencia de g\u00e9nero, cuando se hizo presente en la casa de su ex pareja, una mujer de 43 a\u00f1os.<\/p>\n\n\n\n<p>Tras una discusi\u00f3n, reaccion\u00f3 de manera agresiva tomando a patadas el port\u00f3n del garage, intentando ingresar al domicilio y amenazando de muerte a la mujer.<\/p>\n\n\n\n<div class=\"wp-block-image\"><figure class=\"aligncenter size-large is-resized\"><img data-recalc-dims=\"1\" fetchpriority=\"high\" decoding=\"async\" src=\"https:\/\/i0.wp.com\/elregionalvm.com.ar\/noticias-villa-maria\/wp-content\/uploads\/2022\/03\/WhatsApp-Image-2022-03-09-at-19.15.29.jpeg?resize=480%2C640&#038;ssl=1\" alt=\"\" class=\"wp-image-53862\" width=\"480\" height=\"640\" srcset=\"https:\/\/i0.wp.com\/elregionalvm.com.ar\/noticias-villa-maria\/wp-content\/uploads\/2022\/03\/WhatsApp-Image-2022-03-09-at-19.15.29.jpeg?resize=768%2C1024&amp;ssl=1 768w, https:\/\/i0.wp.com\/elregionalvm.com.ar\/noticias-villa-maria\/wp-content\/uploads\/2022\/03\/WhatsApp-Image-2022-03-09-at-19.15.29.jpeg?resize=225%2C300&amp;ssl=1 225w, https:\/\/i0.wp.com\/elregionalvm.com.ar\/noticias-villa-maria\/wp-content\/uploads\/2022\/03\/WhatsApp-Image-2022-03-09-at-19.15.29.jpeg?resize=1152%2C1536&amp;ssl=1 1152w, https:\/\/i0.wp.com\/elregionalvm.com.ar\/noticias-villa-maria\/wp-content\/uploads\/2022\/03\/WhatsApp-Image-2022-03-09-at-19.15.29.jpeg?w=1200&amp;ssl=1 1200w\" sizes=\"(max-width: 480px) 100vw, 480px\" \/><\/figure><\/div>\n","protected":false},"excerpt":{"rendered":"<p>Una mujer de 28 a\u00f1os fue detenida este martes por la tarde, cuando aproximadamente a las 19:00, en calle Las Heras al 1400 de Barrio Rivadavia, se encontraba insultando y ofendiendo a gritos a un vecino del sector, un hombre de 37 a\u00f1os, con quien tendr\u00eda un inconveniente particular. Pese a la presencia en el [&hellip;]<\/p>\n","protected":false},"author":4,"featured_media":53860,"comment_status":"open","ping_status":"open","sticky":false,"template":"","format":"standard","meta":{"site-sidebar-layout":"default","site-content-layout":"","ast-site-content-layout":"default","site-content-style":"default","site-sidebar-style":"default","ast-global-header-display":"","ast-banner-title-visibility":"","ast-main-header-display":"","ast-hfb-above-header-display":"","ast-hfb-below-header-display":"","ast-hfb-mobile-header-display":"","site-post-title":"","ast-breadcrumbs-content":"","ast-featured-img":"","footer-sml-layout":"","ast-disable-related-posts":"","theme-transparent-header-meta":"","adv-header-id-meta":"","stick-header-meta":"","header-above-stick-meta":"","header-main-stick-meta":"","header-below-stick-meta":"","astra-migrate-meta-layouts":"default","ast-page-background-enabled":"default","ast-page-background-meta":{"desktop":{"background-color":"","background-image":"","background-repeat":"repeat","background-position":"center center","background-size":"auto","background-attachment":"scroll","background-type":"","background-media":"","overlay-type":"","overlay-color":"","overlay-opacity":"","overlay-gradient":""},"tablet":{"background-color":"","background-image":"","background-repeat":"repeat","background-position":"center center","background-size":"auto","background-attachment":"scroll","background-type":"","background-media":"","overlay-type":"","overlay-color":"","overlay-opacity":"","overlay-gradient":""},"mobile":{"background-color":"","background-image":"","background-repeat":"repeat","background-position":"center center","background-size":"auto","background-attachment":"scroll","background-type":"","background-media":"","overlay-type":"","overlay-color":"","overlay-opacity":"","overlay-gradient":""}},"ast-content-background-meta":{"desktop":{"background-color":"var(--ast-global-color-5)","background-image":"","background-repeat":"repeat","background-position":"center center","background-size":"auto","background-attachment":"scroll","background-type":"","background-media":"","overlay-type":"","overlay-color":"","overlay-opacity":"","overlay-gradient":""},"tablet":{"background-color":"var(--ast-global-color-5)","background-image":"","background-repeat":"repeat","background-position":"center center","background-size":"auto","background-attachment":"scroll","background-type":"","background-media":"","overlay-type":"","overlay-color":"","overlay-opacity":"","overlay-gradient":""},"mobile":{"background-color":"var(--ast-global-color-5)","background-image":"","background-repeat":"repeat","background-position":"center center","background-size":"auto","background-attachment":"scroll","background-type":"","background-media":"","overlay-type":"","overlay-color":"","overlay-opacity":"","overlay-gradient":""}},"_jetpack_memberships_contains_paid_content":false,"_joinchat":[],"footnotes":""},"categories":[2234],"tags":[1232,2417,14165,10884,14164,995,157],"class_list":["post-53858","post","type-post","status-publish","format-standard","has-post-thumbnail","hentry","category-policiales","tag-destacado","tag-detenciones","tag-escandalo-via-publica","tag-hombre-violento","tag-mujer-detenica","tag-violencia","tag-violencia-de-genero"],"yoast_head":"<!-- This site is optimized with the Yoast SEO plugin v26.8 - https:\/\/yoast.com\/product\/yoast-seo-wordpress\/ -->\n<title>Violencia: una mujer y un hombre detenidos en dos hechos diferentes - El Regional<\/title>\n<meta name=\"robots\" content=\"index, follow, max-snippet:-1, max-image-preview:large, max-video-preview:-1\" \/>\n<link rel=\"canonical\" href=\"http:\/\/elregionalvm.com.ar\/noticias-villa-maria\/violencia-una-mujer-y-un-hombre-detenidos-en-dos-hechos-diferentes\/\" \/>\n<meta property=\"og:locale\" content=\"es_ES\" \/>\n<meta property=\"og:type\" content=\"article\" \/>\n<meta property=\"og:title\" content=\"Violencia: una mujer y un hombre detenidos en dos hechos diferentes - El Regional\" \/>\n<meta property=\"og:description\" content=\"Una mujer de 28 a\u00f1os fue detenida este martes por la tarde, cuando aproximadamente a las 19:00, en calle Las Heras al 1400 de Barrio Rivadavia, se encontraba insultando y ofendiendo a gritos a un vecino del sector, un hombre de 37 a\u00f1os, con quien tendr\u00eda un inconveniente particular. Pese a la presencia en el [&hellip;]\" \/>\n<meta property=\"og:url\" content=\"http:\/\/elregionalvm.com.ar\/noticias-villa-maria\/violencia-una-mujer-y-un-hombre-detenidos-en-dos-hechos-diferentes\/\" \/>\n<meta property=\"og:site_name\" content=\"El Regional\" \/>\n<meta property=\"article:publisher\" content=\"https:\/\/www.facebook.com\/elregionalvm\" \/>\n<meta property=\"article:published_time\" content=\"2022-03-09T22:25:46+00:00\" \/>\n<meta property=\"article:modified_time\" content=\"2022-03-09T22:25:48+00:00\" \/>\n<meta property=\"og:image\" content=\"http:\/\/elregionalvm.com.ar\/noticias-villa-maria\/wp-content\/uploads\/2022\/03\/WhatsApp-Image-2022-03-09-at-09.00.24.jpeg\" \/>\n\t<meta property=\"og:image:width\" content=\"433\" \/>\n\t<meta property=\"og:image:height\" content=\"786\" \/>\n\t<meta property=\"og:image:type\" content=\"image\/jpeg\" \/>\n<meta name=\"author\" content=\"Contenidos El Regional\" \/>\n<meta name=\"twitter:card\" content=\"summary_large_image\" \/>\n<meta name=\"twitter:creator\" content=\"@elregionalvm1\" \/>\n<meta name=\"twitter:site\" content=\"@elregionalvm1\" \/>\n<meta name=\"twitter:label1\" content=\"Escrito por\" \/>\n\t<meta name=\"twitter:data1\" content=\"Contenidos El Regional\" \/>\n\t<meta name=\"twitter:label2\" content=\"Tiempo de lectura\" \/>\n\t<meta name=\"twitter:data2\" content=\"1 minuto\" \/>\n<script type=\"application\/ld+json\" class=\"yoast-schema-graph\">{\"@context\":\"https:\/\/schema.org\",\"@graph\":[{\"@type\":\"Article\",\"@id\":\"http:\/\/elregionalvm.com.ar\/noticias-villa-maria\/violencia-una-mujer-y-un-hombre-detenidos-en-dos-hechos-diferentes\/#article\",\"isPartOf\":{\"@id\":\"http:\/\/elregionalvm.com.ar\/noticias-villa-maria\/violencia-una-mujer-y-un-hombre-detenidos-en-dos-hechos-diferentes\/\"},\"author\":{\"name\":\"Contenidos El Regional\",\"@id\":\"http:\/\/elregionalvm.com.ar\/noticias-villa-maria\/#\/schema\/person\/a0fb9c422317faca23d50163151bc354\"},\"headline\":\"Violencia: una mujer y un hombre detenidos en dos hechos diferentes\",\"datePublished\":\"2022-03-09T22:25:46+00:00\",\"dateModified\":\"2022-03-09T22:25:48+00:00\",\"mainEntityOfPage\":{\"@id\":\"http:\/\/elregionalvm.com.ar\/noticias-villa-maria\/violencia-una-mujer-y-un-hombre-detenidos-en-dos-hechos-diferentes\/\"},\"wordCount\":181,\"commentCount\":0,\"image\":{\"@id\":\"http:\/\/elregionalvm.com.ar\/noticias-villa-maria\/violencia-una-mujer-y-un-hombre-detenidos-en-dos-hechos-diferentes\/#primaryimage\"},\"thumbnailUrl\":\"https:\/\/i0.wp.com\/elregionalvm.com.ar\/noticias-villa-maria\/wp-content\/uploads\/2022\/03\/WhatsApp-Image-2022-03-09-at-09.00.24.jpeg?fit=433%2C786&ssl=1\",\"keywords\":[\"destacado\",\"detenciones\",\"esc\u00e1ndalo v\u00eda p\u00fablica\",\"hombre violento\",\"mujer detenica\",\"Violencia\",\"violencia de g\u00e9nero\"],\"articleSection\":[\"Policiales\"],\"inLanguage\":\"es\",\"potentialAction\":[{\"@type\":\"CommentAction\",\"name\":\"Comment\",\"target\":[\"http:\/\/elregionalvm.com.ar\/noticias-villa-maria\/violencia-una-mujer-y-un-hombre-detenidos-en-dos-hechos-diferentes\/#respond\"]}]},{\"@type\":\"WebPage\",\"@id\":\"http:\/\/elregionalvm.com.ar\/noticias-villa-maria\/violencia-una-mujer-y-un-hombre-detenidos-en-dos-hechos-diferentes\/\",\"url\":\"http:\/\/elregionalvm.com.ar\/noticias-villa-maria\/violencia-una-mujer-y-un-hombre-detenidos-en-dos-hechos-diferentes\/\",\"name\":\"Violencia: una mujer y un hombre detenidos en dos hechos diferentes - El Regional\",\"isPartOf\":{\"@id\":\"http:\/\/elregionalvm.com.ar\/noticias-villa-maria\/#website\"},\"primaryImageOfPage\":{\"@id\":\"http:\/\/elregionalvm.com.ar\/noticias-villa-maria\/violencia-una-mujer-y-un-hombre-detenidos-en-dos-hechos-diferentes\/#primaryimage\"},\"image\":{\"@id\":\"http:\/\/elregionalvm.com.ar\/noticias-villa-maria\/violencia-una-mujer-y-un-hombre-detenidos-en-dos-hechos-diferentes\/#primaryimage\"},\"thumbnailUrl\":\"https:\/\/i0.wp.com\/elregionalvm.com.ar\/noticias-villa-maria\/wp-content\/uploads\/2022\/03\/WhatsApp-Image-2022-03-09-at-09.00.24.jpeg?fit=433%2C786&ssl=1\",\"datePublished\":\"2022-03-09T22:25:46+00:00\",\"dateModified\":\"2022-03-09T22:25:48+00:00\",\"author\":{\"@id\":\"http:\/\/elregionalvm.com.ar\/noticias-villa-maria\/#\/schema\/person\/a0fb9c422317faca23d50163151bc354\"},\"breadcrumb\":{\"@id\":\"http:\/\/elregionalvm.com.ar\/noticias-villa-maria\/violencia-una-mujer-y-un-hombre-detenidos-en-dos-hechos-diferentes\/#breadcrumb\"},\"inLanguage\":\"es\",\"potentialAction\":[{\"@type\":\"ReadAction\",\"target\":[\"http:\/\/elregionalvm.com.ar\/noticias-villa-maria\/violencia-una-mujer-y-un-hombre-detenidos-en-dos-hechos-diferentes\/\"]}]},{\"@type\":\"ImageObject\",\"inLanguage\":\"es\",\"@id\":\"http:\/\/elregionalvm.com.ar\/noticias-villa-maria\/violencia-una-mujer-y-un-hombre-detenidos-en-dos-hechos-diferentes\/#primaryimage\",\"url\":\"https:\/\/i0.wp.com\/elregionalvm.com.ar\/noticias-villa-maria\/wp-content\/uploads\/2022\/03\/WhatsApp-Image-2022-03-09-at-09.00.24.jpeg?fit=433%2C786&ssl=1\",\"contentUrl\":\"https:\/\/i0.wp.com\/elregionalvm.com.ar\/noticias-villa-maria\/wp-content\/uploads\/2022\/03\/WhatsApp-Image-2022-03-09-at-09.00.24.jpeg?fit=433%2C786&ssl=1\",\"width\":433,\"height\":786},{\"@type\":\"BreadcrumbList\",\"@id\":\"http:\/\/elregionalvm.com.ar\/noticias-villa-maria\/violencia-una-mujer-y-un-hombre-detenidos-en-dos-hechos-diferentes\/#breadcrumb\",\"itemListElement\":[{\"@type\":\"ListItem\",\"position\":1,\"name\":\"Portada\",\"item\":\"https:\/\/elregionalvm.com.ar\/noticias-villa-maria\/\"},{\"@type\":\"ListItem\",\"position\":2,\"name\":\"Violencia: una mujer y un hombre detenidos en dos hechos diferentes\"}]},{\"@type\":\"WebSite\",\"@id\":\"http:\/\/elregionalvm.com.ar\/noticias-villa-maria\/#website\",\"url\":\"http:\/\/elregionalvm.com.ar\/noticias-villa-maria\/\",\"name\":\"El Regional\",\"description\":\"Mucho m\u00e1s que informaci\u00f3n\",\"potentialAction\":[{\"@type\":\"SearchAction\",\"target\":{\"@type\":\"EntryPoint\",\"urlTemplate\":\"http:\/\/elregionalvm.com.ar\/noticias-villa-maria\/?s={search_term_string}\"},\"query-input\":{\"@type\":\"PropertyValueSpecification\",\"valueRequired\":true,\"valueName\":\"search_term_string\"}}],\"inLanguage\":\"es\"},{\"@type\":\"Person\",\"@id\":\"http:\/\/elregionalvm.com.ar\/noticias-villa-maria\/#\/schema\/person\/a0fb9c422317faca23d50163151bc354\",\"name\":\"Contenidos El Regional\",\"image\":{\"@type\":\"ImageObject\",\"inLanguage\":\"es\",\"@id\":\"http:\/\/elregionalvm.com.ar\/noticias-villa-maria\/#\/schema\/person\/image\/\",\"url\":\"https:\/\/secure.gravatar.com\/avatar\/265b27cb2209af7bb3a1318f03305787d7981a5cc6e6cd08fe5a4ecdf99d4b48?s=96&d=mm&r=g\",\"contentUrl\":\"https:\/\/secure.gravatar.com\/avatar\/265b27cb2209af7bb3a1318f03305787d7981a5cc6e6cd08fe5a4ecdf99d4b48?s=96&d=mm&r=g\",\"caption\":\"Contenidos El Regional\"},\"url\":\"https:\/\/elregionalvm.com.ar\/noticias-villa-maria\/author\/contenido\/\"}]}<\/script>\n<!-- \/ Yoast SEO plugin. -->","yoast_head_json":{"title":"Violencia: una mujer y un hombre detenidos en dos hechos diferentes - El Regional","robots":{"index":"index","follow":"follow","max-snippet":"max-snippet:-1","max-image-preview":"max-image-preview:large","max-video-preview":"max-video-preview:-1"},"canonical":"http:\/\/elregionalvm.com.ar\/noticias-villa-maria\/violencia-una-mujer-y-un-hombre-detenidos-en-dos-hechos-diferentes\/","og_locale":"es_ES","og_type":"article","og_title":"Violencia: una mujer y un hombre detenidos en dos hechos diferentes - El Regional","og_description":"Una mujer de 28 a\u00f1os fue detenida este martes por la tarde, cuando aproximadamente a las 19:00, en calle Las Heras al 1400 de Barrio Rivadavia, se encontraba insultando y ofendiendo a gritos a un vecino del sector, un hombre de 37 a\u00f1os, con quien tendr\u00eda un inconveniente particular. Pese a la presencia en el [&hellip;]","og_url":"http:\/\/elregionalvm.com.ar\/noticias-villa-maria\/violencia-una-mujer-y-un-hombre-detenidos-en-dos-hechos-diferentes\/","og_site_name":"El Regional","article_publisher":"https:\/\/www.facebook.com\/elregionalvm","article_published_time":"2022-03-09T22:25:46+00:00","article_modified_time":"2022-03-09T22:25:48+00:00","og_image":[{"width":433,"height":786,"url":"http:\/\/elregionalvm.com.ar\/noticias-villa-maria\/wp-content\/uploads\/2022\/03\/WhatsApp-Image-2022-03-09-at-09.00.24.jpeg","type":"image\/jpeg"}],"author":"Contenidos El Regional","twitter_card":"summary_large_image","twitter_creator":"@elregionalvm1","twitter_site":"@elregionalvm1","twitter_misc":{"Escrito por":"Contenidos El Regional","Tiempo de lectura":"1 minuto"},"schema":{"@context":"https:\/\/schema.org","@graph":[{"@type":"Article","@id":"http:\/\/elregionalvm.com.ar\/noticias-villa-maria\/violencia-una-mujer-y-un-hombre-detenidos-en-dos-hechos-diferentes\/#article","isPartOf":{"@id":"http:\/\/elregionalvm.com.ar\/noticias-villa-maria\/violencia-una-mujer-y-un-hombre-detenidos-en-dos-hechos-diferentes\/"},"author":{"name":"Contenidos El Regional","@id":"http:\/\/elregionalvm.com.ar\/noticias-villa-maria\/#\/schema\/person\/a0fb9c422317faca23d50163151bc354"},"headline":"Violencia: una mujer y un hombre detenidos en dos hechos diferentes","datePublished":"2022-03-09T22:25:46+00:00","dateModified":"2022-03-09T22:25:48+00:00","mainEntityOfPage":{"@id":"http:\/\/elregionalvm.com.ar\/noticias-villa-maria\/violencia-una-mujer-y-un-hombre-detenidos-en-dos-hechos-diferentes\/"},"wordCount":181,"commentCount":0,"image":{"@id":"http:\/\/elregionalvm.com.ar\/noticias-villa-maria\/violencia-una-mujer-y-un-hombre-detenidos-en-dos-hechos-diferentes\/#primaryimage"},"thumbnailUrl":"https:\/\/i0.wp.com\/elregionalvm.com.ar\/noticias-villa-maria\/wp-content\/uploads\/2022\/03\/WhatsApp-Image-2022-03-09-at-09.00.24.jpeg?fit=433%2C786&ssl=1","keywords":["destacado","detenciones","esc\u00e1ndalo v\u00eda p\u00fablica","hombre violento","mujer detenica","Violencia","violencia de g\u00e9nero"],"articleSection":["Policiales"],"inLanguage":"es","potentialAction":[{"@type":"CommentAction","name":"Comment","target":["http:\/\/elregionalvm.com.ar\/noticias-villa-maria\/violencia-una-mujer-y-un-hombre-detenidos-en-dos-hechos-diferentes\/#respond"]}]},{"@type":"WebPage","@id":"http:\/\/elregionalvm.com.ar\/noticias-villa-maria\/violencia-una-mujer-y-un-hombre-detenidos-en-dos-hechos-diferentes\/","url":"http:\/\/elregionalvm.com.ar\/noticias-villa-maria\/violencia-una-mujer-y-un-hombre-detenidos-en-dos-hechos-diferentes\/","name":"Violencia: una mujer y un hombre detenidos en dos hechos diferentes - El Regional","isPartOf":{"@id":"http:\/\/elregionalvm.com.ar\/noticias-villa-maria\/#website"},"primaryImageOfPage":{"@id":"http:\/\/elregionalvm.com.ar\/noticias-villa-maria\/violencia-una-mujer-y-un-hombre-detenidos-en-dos-hechos-diferentes\/#primaryimage"},"image":{"@id":"http:\/\/elregionalvm.com.ar\/noticias-villa-maria\/violencia-una-mujer-y-un-hombre-detenidos-en-dos-hechos-diferentes\/#primaryimage"},"thumbnailUrl":"https:\/\/i0.wp.com\/elregionalvm.com.ar\/noticias-villa-maria\/wp-content\/uploads\/2022\/03\/WhatsApp-Image-2022-03-09-at-09.00.24.jpeg?fit=433%2C786&ssl=1","datePublished":"2022-03-09T22:25:46+00:00","dateModified":"2022-03-09T22:25:48+00:00","author":{"@id":"http:\/\/elregionalvm.com.ar\/noticias-villa-maria\/#\/schema\/person\/a0fb9c422317faca23d50163151bc354"},"breadcrumb":{"@id":"http:\/\/elregionalvm.com.ar\/noticias-villa-maria\/violencia-una-mujer-y-un-hombre-detenidos-en-dos-hechos-diferentes\/#breadcrumb"},"inLanguage":"es","potentialAction":[{"@type":"ReadAction","target":["http:\/\/elregionalvm.com.ar\/noticias-villa-maria\/violencia-una-mujer-y-un-hombre-detenidos-en-dos-hechos-diferentes\/"]}]},{"@type":"ImageObject","inLanguage":"es","@id":"http:\/\/elregionalvm.com.ar\/noticias-villa-maria\/violencia-una-mujer-y-un-hombre-detenidos-en-dos-hechos-diferentes\/#primaryimage","url":"https:\/\/i0.wp.com\/elregionalvm.com.ar\/noticias-villa-maria\/wp-content\/uploads\/2022\/03\/WhatsApp-Image-2022-03-09-at-09.00.24.jpeg?fit=433%2C786&ssl=1","contentUrl":"https:\/\/i0.wp.com\/elregionalvm.com.ar\/noticias-villa-maria\/wp-content\/uploads\/2022\/03\/WhatsApp-Image-2022-03-09-at-09.00.24.jpeg?fit=433%2C786&ssl=1","width":433,"height":786},{"@type":"BreadcrumbList","@id":"http:\/\/elregionalvm.com.ar\/noticias-villa-maria\/violencia-una-mujer-y-un-hombre-detenidos-en-dos-hechos-diferentes\/#breadcrumb","itemListElement":[{"@type":"ListItem","position":1,"name":"Portada","item":"https:\/\/elregionalvm.com.ar\/noticias-villa-maria\/"},{"@type":"ListItem","position":2,"name":"Violencia: una mujer y un hombre detenidos en dos hechos diferentes"}]},{"@type":"WebSite","@id":"http:\/\/elregionalvm.com.ar\/noticias-villa-maria\/#website","url":"http:\/\/elregionalvm.com.ar\/noticias-villa-maria\/","name":"El Regional","description":"Mucho m\u00e1s que informaci\u00f3n","potentialAction":[{"@type":"SearchAction","target":{"@type":"EntryPoint","urlTemplate":"http:\/\/elregionalvm.com.ar\/noticias-villa-maria\/?s={search_term_string}"},"query-input":{"@type":"PropertyValueSpecification","valueRequired":true,"valueName":"search_term_string"}}],"inLanguage":"es"},{"@type":"Person","@id":"http:\/\/elregionalvm.com.ar\/noticias-villa-maria\/#\/schema\/person\/a0fb9c422317faca23d50163151bc354","name":"Contenidos El Regional","image":{"@type":"ImageObject","inLanguage":"es","@id":"http:\/\/elregionalvm.com.ar\/noticias-villa-maria\/#\/schema\/person\/image\/","url":"https:\/\/secure.gravatar.com\/avatar\/265b27cb2209af7bb3a1318f03305787d7981a5cc6e6cd08fe5a4ecdf99d4b48?s=96&d=mm&r=g","contentUrl":"https:\/\/secure.gravatar.com\/avatar\/265b27cb2209af7bb3a1318f03305787d7981a5cc6e6cd08fe5a4ecdf99d4b48?s=96&d=mm&r=g","caption":"Contenidos El Regional"},"url":"https:\/\/elregionalvm.com.ar\/noticias-villa-maria\/author\/contenido\/"}]}},"jetpack_featured_media_url":"https:\/\/i0.wp.com\/elregionalvm.com.ar\/noticias-villa-maria\/wp-content\/uploads\/2022\/03\/WhatsApp-Image-2022-03-09-at-09.00.24.jpeg?fit=433%2C786&ssl=1","jetpack_sharing_enabled":true,"_links":{"self":[{"href":"https:\/\/elregionalvm.com.ar\/noticias-villa-maria\/wp-json\/wp\/v2\/posts\/53858","targetHints":{"allow":["GET"]}}],"collection":[{"href":"https:\/\/elregionalvm.com.ar\/noticias-villa-maria\/wp-json\/wp\/v2\/posts"}],"about":[{"href":"https:\/\/elregionalvm.com.ar\/noticias-villa-maria\/wp-json\/wp\/v2\/types\/post"}],"author":[{"embeddable":true,"href":"https:\/\/elregionalvm.com.ar\/noticias-villa-maria\/wp-json\/wp\/v2\/users\/4"}],"replies":[{"embeddable":true,"href":"https:\/\/elregionalvm.com.ar\/noticias-villa-maria\/wp-json\/wp\/v2\/comments?post=53858"}],"version-history":[{"count":1,"href":"https:\/\/elregionalvm.com.ar\/noticias-villa-maria\/wp-json\/wp\/v2\/posts\/53858\/revisions"}],"predecessor-version":[{"id":53863,"href":"https:\/\/elregionalvm.com.ar\/noticias-villa-maria\/wp-json\/wp\/v2\/posts\/53858\/revisions\/53863"}],"wp:featuredmedia":[{"embeddable":true,"href":"https:\/\/elregionalvm.com.ar\/noticias-villa-maria\/wp-json\/wp\/v2\/media\/53860"}],"wp:attachment":[{"href":"https:\/\/elregionalvm.com.ar\/noticias-villa-maria\/wp-json\/wp\/v2\/media?parent=53858"}],"wp:term":[{"taxonomy":"category","embeddable":true,"href":"https:\/\/elregionalvm.com.ar\/noticias-villa-maria\/wp-json\/wp\/v2\/categories?post=53858"},{"taxonomy":"post_tag","embeddable":true,"href":"https:\/\/elregionalvm.com.ar\/noticias-villa-maria\/wp-json\/wp\/v2\/tags?post=53858"}],"curies":[{"name":"wp","href":"https:\/\/api.w.org\/{rel}","templated":true}]}}