{"id":53869,"date":"2022-03-09T23:31:51","date_gmt":"2022-03-09T23:31:51","guid":{"rendered":"https:\/\/elregionalvm.com.ar\/noticias-villa-maria\/?p=53869"},"modified":"2022-03-09T23:31:53","modified_gmt":"2022-03-09T23:31:53","slug":"villa-maria-sede-del-primer-encuentro-de-ciudades-del-aprendizaje-en-el-pais","status":"publish","type":"post","link":"https:\/\/elregionalvm.com.ar\/noticias-villa-maria\/villa-maria-sede-del-primer-encuentro-de-ciudades-del-aprendizaje-en-el-pais\/","title":{"rendered":"Villa Mar\u00eda, sede del Primer Encuentro de Ciudades del Aprendizaje en el pa\u00eds"},"content":{"rendered":"\n<p><\/p>\n\n\n\n<p>El municipio, viene trabajando de modo constante y articulado junto a localidades de todo el mundo como miembro la red de ciudades conformada por UNESCO. Tras participar de numerosas jornadas en diversos puntos del globo, Villa Mar\u00eda ser\u00e1 sede del Primer Encuentro de Ciudades del Aprendizaje en Argentina, con representantes de M\u00e9xico y de las ciudades de San Justo, La Matanza, Jos\u00e9 C. Paz, Avellaneda, Firmat, Concepci\u00f3n del Uruguay y Las Varillas.<\/p>\n\n\n\n<p>El evento articulado a nivel local por el municipio a trav\u00e9s de la Secretar\u00eda de Educaci\u00f3n, Cultura y Promoci\u00f3n de la Ciencia, se llevar\u00e1 adelante ma\u00f1ana y el viernes mediante distintas propuestas que tendr\u00e1n lugar en el Centro Cultural Comunitario Leonardo Favio. Adem\u00e1s de los mandatarios de las ciudades participantes, estar\u00e1 presente la presidenta de la Red Mexicana de Ciudades del Aprendizaje, Ang\u00e9lica Alvarado<\/p>\n\n\n\n<p>Al respecto, brind\u00f3 detalles el titular de la cartera a cargo de la iniciativa, Rafael Sachetto, quien destac\u00f3: \u201cLas ciudades que integramos esta red entendemos que el eje educativo forma parte central de las gestiones y agendas de los gobiernos locales\u201d. En este sentido, se\u00f1al\u00f3 que \u201cgeneramos dos jornadas de participaci\u00f3n para abordar los modos en que la educaci\u00f3n puede ser protagonista a partir de jurisdicciones locales\u201d.<\/p>\n\n\n\n<p>Adem\u00e1s, el funcionario expres\u00f3 que \u201cel encuentro contar\u00e1 con autoridades internacionales, nacionales y de otros municipios que brindar\u00e1n sus experiencias\u201d. \u201cPara la ciudad, ser sede de este encuentro, es una gran oportunidad para ratificar el compromiso con la tarea asumida\u201d, apunt\u00f3.<\/p>\n\n\n\n<p><strong>Cronograma de actividades<\/strong><\/p>\n\n\n\n<p>El encuentro dar\u00e1 inicio a las 12:00 horas de este jueves con un acto de apertura en el Parlamento de los Ni\u00f1os, que se llevar\u00e1 a cabo tras un encuentro con los medios de prensa. La ocasi\u00f3n estar\u00e1 encabezada por el intendente Mart\u00edn Gill, quien, acompa\u00f1ado por el mandatario de los Ni\u00f1os, recibir\u00e1 al representante de UNESCO, Ra\u00fal Cotera Vald\u00e9s, y a su par de la STP Mercociudades, Jorge Rodr\u00edguez.<\/p>\n\n\n\n<p>Continuando con la grilla de actividades, a las 14:00 horas se desarrollar\u00e1 un intercambio de experiencias entre las ciudades de San Justo; La Matanza; Jos\u00e9 C. Paz; Avellaneda; Firmat; Concepci\u00f3n del Uruguay; Las Varillas, y Villa Mar\u00eda. En dicha instancia, cada localidad tendr\u00e1 alrededor de 15 minutos para compartir con las dem\u00e1s vivencias vinculadas al aprendizaje en relaci\u00f3n al desarrollo de las ciudades y pol\u00edticas educativas locales.<\/p>\n\n\n\n<p>Por otro lado, a las 17:00 horas el secretario de Educaci\u00f3n estar\u00e1 a cargo de la propuesta \u201cLas Redes de Ciudades del Aprendizaje\u201d, mientras que a las 18:00 horas se realizar\u00e1 un recorrido por espacios municipales como la Tecnoteca, Biblioteca y Medioteca Municipal Mariano Moreno y el Museo Ferroviario.<\/p>\n\n\n\n<p>En cuanto a las actividades del viernes, \u00e9stas dar\u00e1n inicio a las 9:00 horas con la reuni\u00f3n \u201cAlianzas regionales para el Aprendizaje y el Desarrollo Sostenible\u201d. All\u00ed, se contar\u00e1 con la disertaci\u00f3n de Gill, de la representante mexicana y, en forma virtual, de la secretaria de Educaci\u00f3n de la Naci\u00f3n, Silvina Gvirtz.<\/p>\n\n\n\n<p>A media ma\u00f1ana, alrededor de las 10:45 horas, ser\u00e1 el turno de la reuni\u00f3n de intendentes donde se abordar\u00e1 la educaci\u00f3n en la gesti\u00f3n local desde la perspectiva pol\u00edtica y se firmar\u00e1 un momorandum de trabajo asociado con el municipio mexicano de Huejotzingo. Asimismo, cerca del mediod\u00eda los participantes suscribir\u00e1n la constituci\u00f3n de la Red Argentina de Ciudades del Aprendizaje, actividad que ser\u00e1 seguida por un show a cargo de la Escuela Municipal de M\u00fasica de Villa Mar\u00eda.<\/p>\n\n\n\n<p>El encuentro que tendr\u00e1 a la ciudad como anfitriona, concluir\u00e1 en horas de la tarde con visitas y recorridos por diferentes espacios municipales, entre los que se destacan los Centros de Promoci\u00f3n Familiar (CPF), la Universidad Nacional de Villa Mar\u00eda (UNVM) y el Anfiteatro Municipal.<\/p>\n","protected":false},"excerpt":{"rendered":"<p>El municipio, viene trabajando de modo constante y articulado junto a localidades de todo el mundo como miembro la red de ciudades conformada por UNESCO. Tras participar de numerosas jornadas en diversos puntos del globo, Villa Mar\u00eda ser\u00e1 sede del Primer Encuentro de Ciudades del Aprendizaje en Argentina, con representantes de M\u00e9xico y de las [&hellip;]<\/p>\n","protected":false},"author":4,"featured_media":36763,"comment_status":"open","ping_status":"open","sticky":false,"template":"","format":"standard","meta":{"site-sidebar-layout":"default","site-content-layout":"","ast-site-content-layout":"default","site-content-style":"default","site-sidebar-style":"default","ast-global-header-display":"","ast-banner-title-visibility":"","ast-main-header-display":"","ast-hfb-above-header-display":"","ast-hfb-below-header-display":"","ast-hfb-mobile-header-display":"","site-post-title":"","ast-breadcrumbs-content":"","ast-featured-img":"","footer-sml-layout":"","ast-disable-related-posts":"","theme-transparent-header-meta":"","adv-header-id-meta":"","stick-header-meta":"","header-above-stick-meta":"","header-main-stick-meta":"","header-below-stick-meta":"","astra-migrate-meta-layouts":"default","ast-page-background-enabled":"default","ast-page-background-meta":{"desktop":{"background-color":"","background-image":"","background-repeat":"repeat","background-position":"center center","background-size":"auto","background-attachment":"scroll","background-type":"","background-media":"","overlay-type":"","overlay-color":"","overlay-opacity":"","overlay-gradient":""},"tablet":{"background-color":"","background-image":"","background-repeat":"repeat","background-position":"center center","background-size":"auto","background-attachment":"scroll","background-type":"","background-media":"","overlay-type":"","overlay-color":"","overlay-opacity":"","overlay-gradient":""},"mobile":{"background-color":"","background-image":"","background-repeat":"repeat","background-position":"center center","background-size":"auto","background-attachment":"scroll","background-type":"","background-media":"","overlay-type":"","overlay-color":"","overlay-opacity":"","overlay-gradient":""}},"ast-content-background-meta":{"desktop":{"background-color":"var(--ast-global-color-5)","background-image":"","background-repeat":"repeat","background-position":"center center","background-size":"auto","background-attachment":"scroll","background-type":"","background-media":"","overlay-type":"","overlay-color":"","overlay-opacity":"","overlay-gradient":""},"tablet":{"background-color":"var(--ast-global-color-5)","background-image":"","background-repeat":"repeat","background-position":"center center","background-size":"auto","background-attachment":"scroll","background-type":"","background-media":"","overlay-type":"","overlay-color":"","overlay-opacity":"","overlay-gradient":""},"mobile":{"background-color":"var(--ast-global-color-5)","background-image":"","background-repeat":"repeat","background-position":"center center","background-size":"auto","background-attachment":"scroll","background-type":"","background-media":"","overlay-type":"","overlay-color":"","overlay-opacity":"","overlay-gradient":""}},"_jetpack_memberships_contains_paid_content":false,"_joinchat":[],"footnotes":""},"categories":[2],"tags":[14167,14169,1232,14168,6053,3697,2248],"class_list":["post-53869","post","type-post","status-publish","format-standard","has-post-thumbnail","hentry","category-villa-maria","tag-ciudades-de-aprendizaje-en-el-pais","tag-cronograma-de-actividades","tag-destacado","tag-jueves-y-viernes","tag-primer-encuentro","tag-rafael-sachetto","tag-villa-maria-2"],"yoast_head":"<!-- This site is optimized with the Yoast SEO plugin v26.8 - https:\/\/yoast.com\/product\/yoast-seo-wordpress\/ -->\n<title>Villa Mar\u00eda, sede del Primer Encuentro de Ciudades del Aprendizaje en el pa\u00eds - El Regional<\/title>\n<meta name=\"robots\" content=\"index, follow, max-snippet:-1, max-image-preview:large, max-video-preview:-1\" \/>\n<link rel=\"canonical\" href=\"http:\/\/elregionalvm.com.ar\/noticias-villa-maria\/villa-maria-sede-del-primer-encuentro-de-ciudades-del-aprendizaje-en-el-pais\/\" \/>\n<meta property=\"og:locale\" content=\"es_ES\" \/>\n<meta property=\"og:type\" content=\"article\" \/>\n<meta property=\"og:title\" content=\"Villa Mar\u00eda, sede del Primer Encuentro de Ciudades del Aprendizaje en el pa\u00eds - El Regional\" \/>\n<meta property=\"og:description\" content=\"El municipio, viene trabajando de modo constante y articulado junto a localidades de todo el mundo como miembro la red de ciudades conformada por UNESCO. Tras participar de numerosas jornadas en diversos puntos del globo, Villa Mar\u00eda ser\u00e1 sede del Primer Encuentro de Ciudades del Aprendizaje en Argentina, con representantes de M\u00e9xico y de las [&hellip;]\" \/>\n<meta property=\"og:url\" content=\"http:\/\/elregionalvm.com.ar\/noticias-villa-maria\/villa-maria-sede-del-primer-encuentro-de-ciudades-del-aprendizaje-en-el-pais\/\" \/>\n<meta property=\"og:site_name\" content=\"El Regional\" \/>\n<meta property=\"article:publisher\" content=\"https:\/\/www.facebook.com\/elregionalvm\" \/>\n<meta property=\"article:published_time\" content=\"2022-03-09T23:31:51+00:00\" \/>\n<meta property=\"article:modified_time\" content=\"2022-03-09T23:31:53+00:00\" \/>\n<meta property=\"og:image\" content=\"http:\/\/elregionalvm.com.ar\/noticias-villa-maria\/wp-content\/uploads\/2021\/04\/Villa-Maria-cartel-parque-de-la-vida-vertical.jpg\" \/>\n\t<meta property=\"og:image:width\" content=\"707\" \/>\n\t<meta property=\"og:image:height\" content=\"935\" \/>\n\t<meta property=\"og:image:type\" content=\"image\/jpeg\" \/>\n<meta name=\"author\" content=\"Contenidos El Regional\" \/>\n<meta name=\"twitter:card\" content=\"summary_large_image\" \/>\n<meta name=\"twitter:creator\" content=\"@elregionalvm1\" \/>\n<meta name=\"twitter:site\" content=\"@elregionalvm1\" \/>\n<meta name=\"twitter:label1\" content=\"Escrito por\" \/>\n\t<meta name=\"twitter:data1\" content=\"Contenidos El Regional\" \/>\n\t<meta name=\"twitter:label2\" content=\"Tiempo de lectura\" \/>\n\t<meta name=\"twitter:data2\" content=\"3 minutos\" \/>\n<script type=\"application\/ld+json\" class=\"yoast-schema-graph\">{\"@context\":\"https:\/\/schema.org\",\"@graph\":[{\"@type\":\"Article\",\"@id\":\"http:\/\/elregionalvm.com.ar\/noticias-villa-maria\/villa-maria-sede-del-primer-encuentro-de-ciudades-del-aprendizaje-en-el-pais\/#article\",\"isPartOf\":{\"@id\":\"http:\/\/elregionalvm.com.ar\/noticias-villa-maria\/villa-maria-sede-del-primer-encuentro-de-ciudades-del-aprendizaje-en-el-pais\/\"},\"author\":{\"name\":\"Contenidos El Regional\",\"@id\":\"http:\/\/elregionalvm.com.ar\/noticias-villa-maria\/#\/schema\/person\/a0fb9c422317faca23d50163151bc354\"},\"headline\":\"Villa Mar\u00eda, sede del Primer Encuentro de Ciudades del Aprendizaje en el pa\u00eds\",\"datePublished\":\"2022-03-09T23:31:51+00:00\",\"dateModified\":\"2022-03-09T23:31:53+00:00\",\"mainEntityOfPage\":{\"@id\":\"http:\/\/elregionalvm.com.ar\/noticias-villa-maria\/villa-maria-sede-del-primer-encuentro-de-ciudades-del-aprendizaje-en-el-pais\/\"},\"wordCount\":663,\"commentCount\":0,\"image\":{\"@id\":\"http:\/\/elregionalvm.com.ar\/noticias-villa-maria\/villa-maria-sede-del-primer-encuentro-de-ciudades-del-aprendizaje-en-el-pais\/#primaryimage\"},\"thumbnailUrl\":\"https:\/\/i0.wp.com\/elregionalvm.com.ar\/noticias-villa-maria\/wp-content\/uploads\/2021\/04\/Villa-Maria-cartel-parque-de-la-vida-vertical.jpg?fit=707%2C935&ssl=1\",\"keywords\":[\"Ciudades de Aprendizaje en el pa\u00eds\",\"cronograma de actividades\",\"destacado\",\"jueves y viernes\",\"Primer encuentro\",\"Rafael Sachetto\",\"Villa Mar\u00eda\"],\"articleSection\":[\"Villa Mar\u00eda\"],\"inLanguage\":\"es\",\"potentialAction\":[{\"@type\":\"CommentAction\",\"name\":\"Comment\",\"target\":[\"http:\/\/elregionalvm.com.ar\/noticias-villa-maria\/villa-maria-sede-del-primer-encuentro-de-ciudades-del-aprendizaje-en-el-pais\/#respond\"]}]},{\"@type\":\"WebPage\",\"@id\":\"http:\/\/elregionalvm.com.ar\/noticias-villa-maria\/villa-maria-sede-del-primer-encuentro-de-ciudades-del-aprendizaje-en-el-pais\/\",\"url\":\"http:\/\/elregionalvm.com.ar\/noticias-villa-maria\/villa-maria-sede-del-primer-encuentro-de-ciudades-del-aprendizaje-en-el-pais\/\",\"name\":\"Villa Mar\u00eda, sede del Primer Encuentro de Ciudades del Aprendizaje en el pa\u00eds - El Regional\",\"isPartOf\":{\"@id\":\"http:\/\/elregionalvm.com.ar\/noticias-villa-maria\/#website\"},\"primaryImageOfPage\":{\"@id\":\"http:\/\/elregionalvm.com.ar\/noticias-villa-maria\/villa-maria-sede-del-primer-encuentro-de-ciudades-del-aprendizaje-en-el-pais\/#primaryimage\"},\"image\":{\"@id\":\"http:\/\/elregionalvm.com.ar\/noticias-villa-maria\/villa-maria-sede-del-primer-encuentro-de-ciudades-del-aprendizaje-en-el-pais\/#primaryimage\"},\"thumbnailUrl\":\"https:\/\/i0.wp.com\/elregionalvm.com.ar\/noticias-villa-maria\/wp-content\/uploads\/2021\/04\/Villa-Maria-cartel-parque-de-la-vida-vertical.jpg?fit=707%2C935&ssl=1\",\"datePublished\":\"2022-03-09T23:31:51+00:00\",\"dateModified\":\"2022-03-09T23:31:53+00:00\",\"author\":{\"@id\":\"http:\/\/elregionalvm.com.ar\/noticias-villa-maria\/#\/schema\/person\/a0fb9c422317faca23d50163151bc354\"},\"breadcrumb\":{\"@id\":\"http:\/\/elregionalvm.com.ar\/noticias-villa-maria\/villa-maria-sede-del-primer-encuentro-de-ciudades-del-aprendizaje-en-el-pais\/#breadcrumb\"},\"inLanguage\":\"es\",\"potentialAction\":[{\"@type\":\"ReadAction\",\"target\":[\"http:\/\/elregionalvm.com.ar\/noticias-villa-maria\/villa-maria-sede-del-primer-encuentro-de-ciudades-del-aprendizaje-en-el-pais\/\"]}]},{\"@type\":\"ImageObject\",\"inLanguage\":\"es\",\"@id\":\"http:\/\/elregionalvm.com.ar\/noticias-villa-maria\/villa-maria-sede-del-primer-encuentro-de-ciudades-del-aprendizaje-en-el-pais\/#primaryimage\",\"url\":\"https:\/\/i0.wp.com\/elregionalvm.com.ar\/noticias-villa-maria\/wp-content\/uploads\/2021\/04\/Villa-Maria-cartel-parque-de-la-vida-vertical.jpg?fit=707%2C935&ssl=1\",\"contentUrl\":\"https:\/\/i0.wp.com\/elregionalvm.com.ar\/noticias-villa-maria\/wp-content\/uploads\/2021\/04\/Villa-Maria-cartel-parque-de-la-vida-vertical.jpg?fit=707%2C935&ssl=1\",\"width\":707,\"height\":935},{\"@type\":\"BreadcrumbList\",\"@id\":\"http:\/\/elregionalvm.com.ar\/noticias-villa-maria\/villa-maria-sede-del-primer-encuentro-de-ciudades-del-aprendizaje-en-el-pais\/#breadcrumb\",\"itemListElement\":[{\"@type\":\"ListItem\",\"position\":1,\"name\":\"Portada\",\"item\":\"https:\/\/elregionalvm.com.ar\/noticias-villa-maria\/\"},{\"@type\":\"ListItem\",\"position\":2,\"name\":\"Villa Mar\u00eda, sede del Primer Encuentro de Ciudades del Aprendizaje en el pa\u00eds\"}]},{\"@type\":\"WebSite\",\"@id\":\"http:\/\/elregionalvm.com.ar\/noticias-villa-maria\/#website\",\"url\":\"http:\/\/elregionalvm.com.ar\/noticias-villa-maria\/\",\"name\":\"El Regional\",\"description\":\"Mucho m\u00e1s que informaci\u00f3n\",\"potentialAction\":[{\"@type\":\"SearchAction\",\"target\":{\"@type\":\"EntryPoint\",\"urlTemplate\":\"http:\/\/elregionalvm.com.ar\/noticias-villa-maria\/?s={search_term_string}\"},\"query-input\":{\"@type\":\"PropertyValueSpecification\",\"valueRequired\":true,\"valueName\":\"search_term_string\"}}],\"inLanguage\":\"es\"},{\"@type\":\"Person\",\"@id\":\"http:\/\/elregionalvm.com.ar\/noticias-villa-maria\/#\/schema\/person\/a0fb9c422317faca23d50163151bc354\",\"name\":\"Contenidos El Regional\",\"image\":{\"@type\":\"ImageObject\",\"inLanguage\":\"es\",\"@id\":\"http:\/\/elregionalvm.com.ar\/noticias-villa-maria\/#\/schema\/person\/image\/\",\"url\":\"https:\/\/secure.gravatar.com\/avatar\/265b27cb2209af7bb3a1318f03305787d7981a5cc6e6cd08fe5a4ecdf99d4b48?s=96&d=mm&r=g\",\"contentUrl\":\"https:\/\/secure.gravatar.com\/avatar\/265b27cb2209af7bb3a1318f03305787d7981a5cc6e6cd08fe5a4ecdf99d4b48?s=96&d=mm&r=g\",\"caption\":\"Contenidos El Regional\"},\"url\":\"https:\/\/elregionalvm.com.ar\/noticias-villa-maria\/author\/contenido\/\"}]}<\/script>\n<!-- \/ Yoast SEO plugin. -->","yoast_head_json":{"title":"Villa Mar\u00eda, sede del Primer Encuentro de Ciudades del Aprendizaje en el pa\u00eds - El Regional","robots":{"index":"index","follow":"follow","max-snippet":"max-snippet:-1","max-image-preview":"max-image-preview:large","max-video-preview":"max-video-preview:-1"},"canonical":"http:\/\/elregionalvm.com.ar\/noticias-villa-maria\/villa-maria-sede-del-primer-encuentro-de-ciudades-del-aprendizaje-en-el-pais\/","og_locale":"es_ES","og_type":"article","og_title":"Villa Mar\u00eda, sede del Primer Encuentro de Ciudades del Aprendizaje en el pa\u00eds - El Regional","og_description":"El municipio, viene trabajando de modo constante y articulado junto a localidades de todo el mundo como miembro la red de ciudades conformada por UNESCO. Tras participar de numerosas jornadas en diversos puntos del globo, Villa Mar\u00eda ser\u00e1 sede del Primer Encuentro de Ciudades del Aprendizaje en Argentina, con representantes de M\u00e9xico y de las [&hellip;]","og_url":"http:\/\/elregionalvm.com.ar\/noticias-villa-maria\/villa-maria-sede-del-primer-encuentro-de-ciudades-del-aprendizaje-en-el-pais\/","og_site_name":"El Regional","article_publisher":"https:\/\/www.facebook.com\/elregionalvm","article_published_time":"2022-03-09T23:31:51+00:00","article_modified_time":"2022-03-09T23:31:53+00:00","og_image":[{"width":707,"height":935,"url":"http:\/\/elregionalvm.com.ar\/noticias-villa-maria\/wp-content\/uploads\/2021\/04\/Villa-Maria-cartel-parque-de-la-vida-vertical.jpg","type":"image\/jpeg"}],"author":"Contenidos El Regional","twitter_card":"summary_large_image","twitter_creator":"@elregionalvm1","twitter_site":"@elregionalvm1","twitter_misc":{"Escrito por":"Contenidos El Regional","Tiempo de lectura":"3 minutos"},"schema":{"@context":"https:\/\/schema.org","@graph":[{"@type":"Article","@id":"http:\/\/elregionalvm.com.ar\/noticias-villa-maria\/villa-maria-sede-del-primer-encuentro-de-ciudades-del-aprendizaje-en-el-pais\/#article","isPartOf":{"@id":"http:\/\/elregionalvm.com.ar\/noticias-villa-maria\/villa-maria-sede-del-primer-encuentro-de-ciudades-del-aprendizaje-en-el-pais\/"},"author":{"name":"Contenidos El Regional","@id":"http:\/\/elregionalvm.com.ar\/noticias-villa-maria\/#\/schema\/person\/a0fb9c422317faca23d50163151bc354"},"headline":"Villa Mar\u00eda, sede del Primer Encuentro de Ciudades del Aprendizaje en el pa\u00eds","datePublished":"2022-03-09T23:31:51+00:00","dateModified":"2022-03-09T23:31:53+00:00","mainEntityOfPage":{"@id":"http:\/\/elregionalvm.com.ar\/noticias-villa-maria\/villa-maria-sede-del-primer-encuentro-de-ciudades-del-aprendizaje-en-el-pais\/"},"wordCount":663,"commentCount":0,"image":{"@id":"http:\/\/elregionalvm.com.ar\/noticias-villa-maria\/villa-maria-sede-del-primer-encuentro-de-ciudades-del-aprendizaje-en-el-pais\/#primaryimage"},"thumbnailUrl":"https:\/\/i0.wp.com\/elregionalvm.com.ar\/noticias-villa-maria\/wp-content\/uploads\/2021\/04\/Villa-Maria-cartel-parque-de-la-vida-vertical.jpg?fit=707%2C935&ssl=1","keywords":["Ciudades de Aprendizaje en el pa\u00eds","cronograma de actividades","destacado","jueves y viernes","Primer encuentro","Rafael Sachetto","Villa Mar\u00eda"],"articleSection":["Villa Mar\u00eda"],"inLanguage":"es","potentialAction":[{"@type":"CommentAction","name":"Comment","target":["http:\/\/elregionalvm.com.ar\/noticias-villa-maria\/villa-maria-sede-del-primer-encuentro-de-ciudades-del-aprendizaje-en-el-pais\/#respond"]}]},{"@type":"WebPage","@id":"http:\/\/elregionalvm.com.ar\/noticias-villa-maria\/villa-maria-sede-del-primer-encuentro-de-ciudades-del-aprendizaje-en-el-pais\/","url":"http:\/\/elregionalvm.com.ar\/noticias-villa-maria\/villa-maria-sede-del-primer-encuentro-de-ciudades-del-aprendizaje-en-el-pais\/","name":"Villa Mar\u00eda, sede del Primer Encuentro de Ciudades del Aprendizaje en el pa\u00eds - El Regional","isPartOf":{"@id":"http:\/\/elregionalvm.com.ar\/noticias-villa-maria\/#website"},"primaryImageOfPage":{"@id":"http:\/\/elregionalvm.com.ar\/noticias-villa-maria\/villa-maria-sede-del-primer-encuentro-de-ciudades-del-aprendizaje-en-el-pais\/#primaryimage"},"image":{"@id":"http:\/\/elregionalvm.com.ar\/noticias-villa-maria\/villa-maria-sede-del-primer-encuentro-de-ciudades-del-aprendizaje-en-el-pais\/#primaryimage"},"thumbnailUrl":"https:\/\/i0.wp.com\/elregionalvm.com.ar\/noticias-villa-maria\/wp-content\/uploads\/2021\/04\/Villa-Maria-cartel-parque-de-la-vida-vertical.jpg?fit=707%2C935&ssl=1","datePublished":"2022-03-09T23:31:51+00:00","dateModified":"2022-03-09T23:31:53+00:00","author":{"@id":"http:\/\/elregionalvm.com.ar\/noticias-villa-maria\/#\/schema\/person\/a0fb9c422317faca23d50163151bc354"},"breadcrumb":{"@id":"http:\/\/elregionalvm.com.ar\/noticias-villa-maria\/villa-maria-sede-del-primer-encuentro-de-ciudades-del-aprendizaje-en-el-pais\/#breadcrumb"},"inLanguage":"es","potentialAction":[{"@type":"ReadAction","target":["http:\/\/elregionalvm.com.ar\/noticias-villa-maria\/villa-maria-sede-del-primer-encuentro-de-ciudades-del-aprendizaje-en-el-pais\/"]}]},{"@type":"ImageObject","inLanguage":"es","@id":"http:\/\/elregionalvm.com.ar\/noticias-villa-maria\/villa-maria-sede-del-primer-encuentro-de-ciudades-del-aprendizaje-en-el-pais\/#primaryimage","url":"https:\/\/i0.wp.com\/elregionalvm.com.ar\/noticias-villa-maria\/wp-content\/uploads\/2021\/04\/Villa-Maria-cartel-parque-de-la-vida-vertical.jpg?fit=707%2C935&ssl=1","contentUrl":"https:\/\/i0.wp.com\/elregionalvm.com.ar\/noticias-villa-maria\/wp-content\/uploads\/2021\/04\/Villa-Maria-cartel-parque-de-la-vida-vertical.jpg?fit=707%2C935&ssl=1","width":707,"height":935},{"@type":"BreadcrumbList","@id":"http:\/\/elregionalvm.com.ar\/noticias-villa-maria\/villa-maria-sede-del-primer-encuentro-de-ciudades-del-aprendizaje-en-el-pais\/#breadcrumb","itemListElement":[{"@type":"ListItem","position":1,"name":"Portada","item":"https:\/\/elregionalvm.com.ar\/noticias-villa-maria\/"},{"@type":"ListItem","position":2,"name":"Villa Mar\u00eda, sede del Primer Encuentro de Ciudades del Aprendizaje en el pa\u00eds"}]},{"@type":"WebSite","@id":"http:\/\/elregionalvm.com.ar\/noticias-villa-maria\/#website","url":"http:\/\/elregionalvm.com.ar\/noticias-villa-maria\/","name":"El Regional","description":"Mucho m\u00e1s que informaci\u00f3n","potentialAction":[{"@type":"SearchAction","target":{"@type":"EntryPoint","urlTemplate":"http:\/\/elregionalvm.com.ar\/noticias-villa-maria\/?s={search_term_string}"},"query-input":{"@type":"PropertyValueSpecification","valueRequired":true,"valueName":"search_term_string"}}],"inLanguage":"es"},{"@type":"Person","@id":"http:\/\/elregionalvm.com.ar\/noticias-villa-maria\/#\/schema\/person\/a0fb9c422317faca23d50163151bc354","name":"Contenidos El Regional","image":{"@type":"ImageObject","inLanguage":"es","@id":"http:\/\/elregionalvm.com.ar\/noticias-villa-maria\/#\/schema\/person\/image\/","url":"https:\/\/secure.gravatar.com\/avatar\/265b27cb2209af7bb3a1318f03305787d7981a5cc6e6cd08fe5a4ecdf99d4b48?s=96&d=mm&r=g","contentUrl":"https:\/\/secure.gravatar.com\/avatar\/265b27cb2209af7bb3a1318f03305787d7981a5cc6e6cd08fe5a4ecdf99d4b48?s=96&d=mm&r=g","caption":"Contenidos El Regional"},"url":"https:\/\/elregionalvm.com.ar\/noticias-villa-maria\/author\/contenido\/"}]}},"jetpack_featured_media_url":"https:\/\/i0.wp.com\/elregionalvm.com.ar\/noticias-villa-maria\/wp-content\/uploads\/2021\/04\/Villa-Maria-cartel-parque-de-la-vida-vertical.jpg?fit=707%2C935&ssl=1","jetpack_sharing_enabled":true,"_links":{"self":[{"href":"https:\/\/elregionalvm.com.ar\/noticias-villa-maria\/wp-json\/wp\/v2\/posts\/53869","targetHints":{"allow":["GET"]}}],"collection":[{"href":"https:\/\/elregionalvm.com.ar\/noticias-villa-maria\/wp-json\/wp\/v2\/posts"}],"about":[{"href":"https:\/\/elregionalvm.com.ar\/noticias-villa-maria\/wp-json\/wp\/v2\/types\/post"}],"author":[{"embeddable":true,"href":"https:\/\/elregionalvm.com.ar\/noticias-villa-maria\/wp-json\/wp\/v2\/users\/4"}],"replies":[{"embeddable":true,"href":"https:\/\/elregionalvm.com.ar\/noticias-villa-maria\/wp-json\/wp\/v2\/comments?post=53869"}],"version-history":[{"count":1,"href":"https:\/\/elregionalvm.com.ar\/noticias-villa-maria\/wp-json\/wp\/v2\/posts\/53869\/revisions"}],"predecessor-version":[{"id":53870,"href":"https:\/\/elregionalvm.com.ar\/noticias-villa-maria\/wp-json\/wp\/v2\/posts\/53869\/revisions\/53870"}],"wp:featuredmedia":[{"embeddable":true,"href":"https:\/\/elregionalvm.com.ar\/noticias-villa-maria\/wp-json\/wp\/v2\/media\/36763"}],"wp:attachment":[{"href":"https:\/\/elregionalvm.com.ar\/noticias-villa-maria\/wp-json\/wp\/v2\/media?parent=53869"}],"wp:term":[{"taxonomy":"category","embeddable":true,"href":"https:\/\/elregionalvm.com.ar\/noticias-villa-maria\/wp-json\/wp\/v2\/categories?post=53869"},{"taxonomy":"post_tag","embeddable":true,"href":"https:\/\/elregionalvm.com.ar\/noticias-villa-maria\/wp-json\/wp\/v2\/tags?post=53869"}],"curies":[{"name":"wp","href":"https:\/\/api.w.org\/{rel}","templated":true}]}}