{"id":53936,"date":"2022-03-11T21:59:27","date_gmt":"2022-03-11T21:59:27","guid":{"rendered":"https:\/\/elregionalvm.com.ar\/noticias-villa-maria\/?p=53936"},"modified":"2022-03-11T21:59:43","modified_gmt":"2022-03-11T21:59:43","slug":"villa-maria-presidira-la-nueva-red-argentina-de-ciudades-del-aprendizaje","status":"publish","type":"post","link":"https:\/\/elregionalvm.com.ar\/noticias-villa-maria\/villa-maria-presidira-la-nueva-red-argentina-de-ciudades-del-aprendizaje\/","title":{"rendered":"Villa Mar\u00eda presidir\u00e1 la nueva Red Argentina de Ciudades del Aprendizaje"},"content":{"rendered":"\n<p>En el marco del Primer Encuentro de Ciudades del Aprendizaje de Argentina , se llev\u00f3 a cabo la firma del acta de la constituci\u00f3n de la Red Argentina de Ciudades del Aprendizaje, en la que Villa Mar\u00eda asume un rol de coordinaci\u00f3n durante el primer a\u00f1o de funcionamiento. La r\u00fabrica del documento, estuvo a cargo del intendente Mart\u00edn Gill junto a sus pares, miembros de la red e invitados a la reuni\u00f3n.<\/p>\n\n\n\n<p>Durante las dos jornadas que se desarrollaron en el Centro Cultural Leonardo Favio, en las que se extendi\u00f3 el encuentro, se llevaron a cabo distintas instancias de capacitaci\u00f3n y reflexi\u00f3n, que llevaron a la concreci\u00f3n del documento.<\/p>\n\n\n\n<p>Entre los objetivos trazados para la Red Nacional de Ciudades del Aprendizaje se destacan: estimular la colaboraci\u00f3n y cooperaci\u00f3n entre los miembros; constituir un banco de datos con las acciones de buenas pr\u00e1cticas educativas de las ciudades y contribuir al logro de urbes con perspectiva de aprendizaje a lo largo de toda la vida.<\/p>\n\n\n\n<p>Del mismo modo, se deber\u00e1 conformar una secretar\u00eda ejecutiva con representantes de las ciudades de Concepci\u00f3n del Uruguay, San Justo, La Matanza, y Jos\u00e9 C. Paz.<\/p>\n\n\n\n<p>Adem\u00e1s se dispuso crear la figura de ciudad asociada, que permita participar de la Red Argentina de Ciudades del Aprendizaje a localidades invitadas por los miembros oficiales.<\/p>\n\n\n\n<p>Acompa\u00f1aron al mandatario local en la firma del acta, el secretario de Educaci\u00f3n, Cultura y Promoci\u00f3n de la Ciencia, Rafael Sachetto, secretario de Educaci\u00f3n de La Matanza, Antonio Colicignio y representantes de las localidades de Concepci\u00f3n del Uruguay, Avellaneda, Firmat, R\u00edo Primero, Las Varillas, Cruz Alta, Alta Gracia, General Deheza, Malvinas Argentinas, Sampacho, Oncativo, Brinkmann, La Para, Cintra, Estaci\u00f3n General, Paz, Corral de Bustos, La Paquita y Colonia San Pedro.<\/p>\n\n\n\n<figure class=\"wp-block-image size-large\"><img data-recalc-dims=\"1\" fetchpriority=\"high\" decoding=\"async\" width=\"1024\" height=\"683\" src=\"https:\/\/i0.wp.com\/elregionalvm.com.ar\/noticias-villa-maria\/wp-content\/uploads\/2022\/03\/WhatsApp-Image-2022-03-11-at-15.31.47.jpeg?resize=1024%2C683&#038;ssl=1\" alt=\"\" class=\"wp-image-53938\" srcset=\"https:\/\/i0.wp.com\/elregionalvm.com.ar\/noticias-villa-maria\/wp-content\/uploads\/2022\/03\/WhatsApp-Image-2022-03-11-at-15.31.47.jpeg?resize=1024%2C683&amp;ssl=1 1024w, https:\/\/i0.wp.com\/elregionalvm.com.ar\/noticias-villa-maria\/wp-content\/uploads\/2022\/03\/WhatsApp-Image-2022-03-11-at-15.31.47.jpeg?resize=300%2C200&amp;ssl=1 300w, https:\/\/i0.wp.com\/elregionalvm.com.ar\/noticias-villa-maria\/wp-content\/uploads\/2022\/03\/WhatsApp-Image-2022-03-11-at-15.31.47.jpeg?resize=768%2C512&amp;ssl=1 768w, https:\/\/i0.wp.com\/elregionalvm.com.ar\/noticias-villa-maria\/wp-content\/uploads\/2022\/03\/WhatsApp-Image-2022-03-11-at-15.31.47.jpeg?resize=1536%2C1024&amp;ssl=1 1536w, https:\/\/i0.wp.com\/elregionalvm.com.ar\/noticias-villa-maria\/wp-content\/uploads\/2022\/03\/WhatsApp-Image-2022-03-11-at-15.31.47.jpeg?w=1600&amp;ssl=1 1600w\" sizes=\"(max-width: 1000px) 100vw, 1000px\" \/><\/figure>\n","protected":false},"excerpt":{"rendered":"<p>En el marco del Primer Encuentro de Ciudades del Aprendizaje de Argentina , se llev\u00f3 a cabo la firma del acta de la constituci\u00f3n de la Red Argentina de Ciudades del Aprendizaje, en la que Villa Mar\u00eda asume un rol de coordinaci\u00f3n durante el primer a\u00f1o de funcionamiento. La r\u00fabrica del documento, estuvo a cargo [&hellip;]<\/p>\n","protected":false},"author":4,"featured_media":53937,"comment_status":"open","ping_status":"open","sticky":false,"template":"","format":"standard","meta":{"site-sidebar-layout":"default","site-content-layout":"","ast-site-content-layout":"default","site-content-style":"default","site-sidebar-style":"default","ast-global-header-display":"","ast-banner-title-visibility":"","ast-main-header-display":"","ast-hfb-above-header-display":"","ast-hfb-below-header-display":"","ast-hfb-mobile-header-display":"","site-post-title":"","ast-breadcrumbs-content":"","ast-featured-img":"","footer-sml-layout":"","ast-disable-related-posts":"","theme-transparent-header-meta":"","adv-header-id-meta":"","stick-header-meta":"","header-above-stick-meta":"","header-main-stick-meta":"","header-below-stick-meta":"","astra-migrate-meta-layouts":"default","ast-page-background-enabled":"default","ast-page-background-meta":{"desktop":{"background-color":"","background-image":"","background-repeat":"repeat","background-position":"center center","background-size":"auto","background-attachment":"scroll","background-type":"","background-media":"","overlay-type":"","overlay-color":"","overlay-opacity":"","overlay-gradient":""},"tablet":{"background-color":"","background-image":"","background-repeat":"repeat","background-position":"center center","background-size":"auto","background-attachment":"scroll","background-type":"","background-media":"","overlay-type":"","overlay-color":"","overlay-opacity":"","overlay-gradient":""},"mobile":{"background-color":"","background-image":"","background-repeat":"repeat","background-position":"center center","background-size":"auto","background-attachment":"scroll","background-type":"","background-media":"","overlay-type":"","overlay-color":"","overlay-opacity":"","overlay-gradient":""}},"ast-content-background-meta":{"desktop":{"background-color":"var(--ast-global-color-5)","background-image":"","background-repeat":"repeat","background-position":"center center","background-size":"auto","background-attachment":"scroll","background-type":"","background-media":"","overlay-type":"","overlay-color":"","overlay-opacity":"","overlay-gradient":""},"tablet":{"background-color":"var(--ast-global-color-5)","background-image":"","background-repeat":"repeat","background-position":"center center","background-size":"auto","background-attachment":"scroll","background-type":"","background-media":"","overlay-type":"","overlay-color":"","overlay-opacity":"","overlay-gradient":""},"mobile":{"background-color":"var(--ast-global-color-5)","background-image":"","background-repeat":"repeat","background-position":"center center","background-size":"auto","background-attachment":"scroll","background-type":"","background-media":"","overlay-type":"","overlay-color":"","overlay-opacity":"","overlay-gradient":""}},"_jetpack_memberships_contains_paid_content":false,"_joinchat":[],"footnotes":""},"categories":[2],"tags":[7280,14183,1232,6053,14199,14200],"class_list":["post-53936","post","type-post","status-publish","format-standard","has-post-thumbnail","hentry","category-villa-maria","tag-centro-cultural-leonardo-favio","tag-ciudades-del-aprendizaje","tag-destacado","tag-primer-encuentro","tag-red-argentina","tag-villa-maria-preside"],"yoast_head":"<!-- This site is optimized with the Yoast SEO plugin v26.8 - https:\/\/yoast.com\/product\/yoast-seo-wordpress\/ -->\n<title>Villa Mar\u00eda presidir\u00e1 la nueva Red Argentina de Ciudades del Aprendizaje - El Regional<\/title>\n<meta name=\"robots\" content=\"index, follow, max-snippet:-1, max-image-preview:large, max-video-preview:-1\" \/>\n<link rel=\"canonical\" href=\"http:\/\/elregionalvm.com.ar\/noticias-villa-maria\/villa-maria-presidira-la-nueva-red-argentina-de-ciudades-del-aprendizaje\/\" \/>\n<meta property=\"og:locale\" content=\"es_ES\" \/>\n<meta property=\"og:type\" content=\"article\" \/>\n<meta property=\"og:title\" content=\"Villa Mar\u00eda presidir\u00e1 la nueva Red Argentina de Ciudades del Aprendizaje - El Regional\" \/>\n<meta property=\"og:description\" content=\"En el marco del Primer Encuentro de Ciudades del Aprendizaje de Argentina , se llev\u00f3 a cabo la firma del acta de la constituci\u00f3n de la Red Argentina de Ciudades del Aprendizaje, en la que Villa Mar\u00eda asume un rol de coordinaci\u00f3n durante el primer a\u00f1o de funcionamiento. La r\u00fabrica del documento, estuvo a cargo [&hellip;]\" \/>\n<meta property=\"og:url\" content=\"http:\/\/elregionalvm.com.ar\/noticias-villa-maria\/villa-maria-presidira-la-nueva-red-argentina-de-ciudades-del-aprendizaje\/\" \/>\n<meta property=\"og:site_name\" content=\"El Regional\" \/>\n<meta property=\"article:publisher\" content=\"https:\/\/www.facebook.com\/elregionalvm\" \/>\n<meta property=\"article:published_time\" content=\"2022-03-11T21:59:27+00:00\" \/>\n<meta property=\"article:modified_time\" content=\"2022-03-11T21:59:43+00:00\" \/>\n<meta property=\"og:image\" content=\"http:\/\/elregionalvm.com.ar\/noticias-villa-maria\/wp-content\/uploads\/2022\/03\/WhatsApp-Image-2022-03-11-at-15.31.41.jpeg\" \/>\n\t<meta property=\"og:image:width\" content=\"1280\" \/>\n\t<meta property=\"og:image:height\" content=\"853\" \/>\n\t<meta property=\"og:image:type\" content=\"image\/jpeg\" \/>\n<meta name=\"author\" content=\"Contenidos El Regional\" \/>\n<meta name=\"twitter:card\" content=\"summary_large_image\" \/>\n<meta name=\"twitter:creator\" content=\"@elregionalvm1\" \/>\n<meta name=\"twitter:site\" content=\"@elregionalvm1\" \/>\n<meta name=\"twitter:label1\" content=\"Escrito por\" \/>\n\t<meta name=\"twitter:data1\" content=\"Contenidos El Regional\" \/>\n\t<meta name=\"twitter:label2\" content=\"Tiempo de lectura\" \/>\n\t<meta name=\"twitter:data2\" content=\"2 minutos\" \/>\n<script type=\"application\/ld+json\" class=\"yoast-schema-graph\">{\"@context\":\"https:\/\/schema.org\",\"@graph\":[{\"@type\":\"Article\",\"@id\":\"http:\/\/elregionalvm.com.ar\/noticias-villa-maria\/villa-maria-presidira-la-nueva-red-argentina-de-ciudades-del-aprendizaje\/#article\",\"isPartOf\":{\"@id\":\"http:\/\/elregionalvm.com.ar\/noticias-villa-maria\/villa-maria-presidira-la-nueva-red-argentina-de-ciudades-del-aprendizaje\/\"},\"author\":{\"name\":\"Contenidos El Regional\",\"@id\":\"http:\/\/elregionalvm.com.ar\/noticias-villa-maria\/#\/schema\/person\/a0fb9c422317faca23d50163151bc354\"},\"headline\":\"Villa Mar\u00eda presidir\u00e1 la nueva Red Argentina de Ciudades del Aprendizaje\",\"datePublished\":\"2022-03-11T21:59:27+00:00\",\"dateModified\":\"2022-03-11T21:59:43+00:00\",\"mainEntityOfPage\":{\"@id\":\"http:\/\/elregionalvm.com.ar\/noticias-villa-maria\/villa-maria-presidira-la-nueva-red-argentina-de-ciudades-del-aprendizaje\/\"},\"wordCount\":320,\"commentCount\":0,\"image\":{\"@id\":\"http:\/\/elregionalvm.com.ar\/noticias-villa-maria\/villa-maria-presidira-la-nueva-red-argentina-de-ciudades-del-aprendizaje\/#primaryimage\"},\"thumbnailUrl\":\"https:\/\/i0.wp.com\/elregionalvm.com.ar\/noticias-villa-maria\/wp-content\/uploads\/2022\/03\/WhatsApp-Image-2022-03-11-at-15.31.41.jpeg?fit=1280%2C853&ssl=1\",\"keywords\":[\"Centro Cultural Leonardo Favio\",\"Ciudades del Aprendizaje\",\"destacado\",\"Primer encuentro\",\"Red Argentina\",\"Villa Mar\u00eda preside\"],\"articleSection\":[\"Villa Mar\u00eda\"],\"inLanguage\":\"es\",\"potentialAction\":[{\"@type\":\"CommentAction\",\"name\":\"Comment\",\"target\":[\"http:\/\/elregionalvm.com.ar\/noticias-villa-maria\/villa-maria-presidira-la-nueva-red-argentina-de-ciudades-del-aprendizaje\/#respond\"]}]},{\"@type\":\"WebPage\",\"@id\":\"http:\/\/elregionalvm.com.ar\/noticias-villa-maria\/villa-maria-presidira-la-nueva-red-argentina-de-ciudades-del-aprendizaje\/\",\"url\":\"http:\/\/elregionalvm.com.ar\/noticias-villa-maria\/villa-maria-presidira-la-nueva-red-argentina-de-ciudades-del-aprendizaje\/\",\"name\":\"Villa Mar\u00eda presidir\u00e1 la nueva Red Argentina de Ciudades del Aprendizaje - El Regional\",\"isPartOf\":{\"@id\":\"http:\/\/elregionalvm.com.ar\/noticias-villa-maria\/#website\"},\"primaryImageOfPage\":{\"@id\":\"http:\/\/elregionalvm.com.ar\/noticias-villa-maria\/villa-maria-presidira-la-nueva-red-argentina-de-ciudades-del-aprendizaje\/#primaryimage\"},\"image\":{\"@id\":\"http:\/\/elregionalvm.com.ar\/noticias-villa-maria\/villa-maria-presidira-la-nueva-red-argentina-de-ciudades-del-aprendizaje\/#primaryimage\"},\"thumbnailUrl\":\"https:\/\/i0.wp.com\/elregionalvm.com.ar\/noticias-villa-maria\/wp-content\/uploads\/2022\/03\/WhatsApp-Image-2022-03-11-at-15.31.41.jpeg?fit=1280%2C853&ssl=1\",\"datePublished\":\"2022-03-11T21:59:27+00:00\",\"dateModified\":\"2022-03-11T21:59:43+00:00\",\"author\":{\"@id\":\"http:\/\/elregionalvm.com.ar\/noticias-villa-maria\/#\/schema\/person\/a0fb9c422317faca23d50163151bc354\"},\"breadcrumb\":{\"@id\":\"http:\/\/elregionalvm.com.ar\/noticias-villa-maria\/villa-maria-presidira-la-nueva-red-argentina-de-ciudades-del-aprendizaje\/#breadcrumb\"},\"inLanguage\":\"es\",\"potentialAction\":[{\"@type\":\"ReadAction\",\"target\":[\"http:\/\/elregionalvm.com.ar\/noticias-villa-maria\/villa-maria-presidira-la-nueva-red-argentina-de-ciudades-del-aprendizaje\/\"]}]},{\"@type\":\"ImageObject\",\"inLanguage\":\"es\",\"@id\":\"http:\/\/elregionalvm.com.ar\/noticias-villa-maria\/villa-maria-presidira-la-nueva-red-argentina-de-ciudades-del-aprendizaje\/#primaryimage\",\"url\":\"https:\/\/i0.wp.com\/elregionalvm.com.ar\/noticias-villa-maria\/wp-content\/uploads\/2022\/03\/WhatsApp-Image-2022-03-11-at-15.31.41.jpeg?fit=1280%2C853&ssl=1\",\"contentUrl\":\"https:\/\/i0.wp.com\/elregionalvm.com.ar\/noticias-villa-maria\/wp-content\/uploads\/2022\/03\/WhatsApp-Image-2022-03-11-at-15.31.41.jpeg?fit=1280%2C853&ssl=1\",\"width\":1280,\"height\":853},{\"@type\":\"BreadcrumbList\",\"@id\":\"http:\/\/elregionalvm.com.ar\/noticias-villa-maria\/villa-maria-presidira-la-nueva-red-argentina-de-ciudades-del-aprendizaje\/#breadcrumb\",\"itemListElement\":[{\"@type\":\"ListItem\",\"position\":1,\"name\":\"Portada\",\"item\":\"https:\/\/elregionalvm.com.ar\/noticias-villa-maria\/\"},{\"@type\":\"ListItem\",\"position\":2,\"name\":\"Villa Mar\u00eda presidir\u00e1 la nueva Red Argentina de Ciudades del Aprendizaje\"}]},{\"@type\":\"WebSite\",\"@id\":\"http:\/\/elregionalvm.com.ar\/noticias-villa-maria\/#website\",\"url\":\"http:\/\/elregionalvm.com.ar\/noticias-villa-maria\/\",\"name\":\"El Regional\",\"description\":\"Mucho m\u00e1s que informaci\u00f3n\",\"potentialAction\":[{\"@type\":\"SearchAction\",\"target\":{\"@type\":\"EntryPoint\",\"urlTemplate\":\"http:\/\/elregionalvm.com.ar\/noticias-villa-maria\/?s={search_term_string}\"},\"query-input\":{\"@type\":\"PropertyValueSpecification\",\"valueRequired\":true,\"valueName\":\"search_term_string\"}}],\"inLanguage\":\"es\"},{\"@type\":\"Person\",\"@id\":\"http:\/\/elregionalvm.com.ar\/noticias-villa-maria\/#\/schema\/person\/a0fb9c422317faca23d50163151bc354\",\"name\":\"Contenidos El Regional\",\"image\":{\"@type\":\"ImageObject\",\"inLanguage\":\"es\",\"@id\":\"http:\/\/elregionalvm.com.ar\/noticias-villa-maria\/#\/schema\/person\/image\/\",\"url\":\"https:\/\/secure.gravatar.com\/avatar\/265b27cb2209af7bb3a1318f03305787d7981a5cc6e6cd08fe5a4ecdf99d4b48?s=96&d=mm&r=g\",\"contentUrl\":\"https:\/\/secure.gravatar.com\/avatar\/265b27cb2209af7bb3a1318f03305787d7981a5cc6e6cd08fe5a4ecdf99d4b48?s=96&d=mm&r=g\",\"caption\":\"Contenidos El Regional\"},\"url\":\"https:\/\/elregionalvm.com.ar\/noticias-villa-maria\/author\/contenido\/\"}]}<\/script>\n<!-- \/ Yoast SEO plugin. -->","yoast_head_json":{"title":"Villa Mar\u00eda presidir\u00e1 la nueva Red Argentina de Ciudades del Aprendizaje - El Regional","robots":{"index":"index","follow":"follow","max-snippet":"max-snippet:-1","max-image-preview":"max-image-preview:large","max-video-preview":"max-video-preview:-1"},"canonical":"http:\/\/elregionalvm.com.ar\/noticias-villa-maria\/villa-maria-presidira-la-nueva-red-argentina-de-ciudades-del-aprendizaje\/","og_locale":"es_ES","og_type":"article","og_title":"Villa Mar\u00eda presidir\u00e1 la nueva Red Argentina de Ciudades del Aprendizaje - El Regional","og_description":"En el marco del Primer Encuentro de Ciudades del Aprendizaje de Argentina , se llev\u00f3 a cabo la firma del acta de la constituci\u00f3n de la Red Argentina de Ciudades del Aprendizaje, en la que Villa Mar\u00eda asume un rol de coordinaci\u00f3n durante el primer a\u00f1o de funcionamiento. La r\u00fabrica del documento, estuvo a cargo [&hellip;]","og_url":"http:\/\/elregionalvm.com.ar\/noticias-villa-maria\/villa-maria-presidira-la-nueva-red-argentina-de-ciudades-del-aprendizaje\/","og_site_name":"El Regional","article_publisher":"https:\/\/www.facebook.com\/elregionalvm","article_published_time":"2022-03-11T21:59:27+00:00","article_modified_time":"2022-03-11T21:59:43+00:00","og_image":[{"width":1280,"height":853,"url":"http:\/\/elregionalvm.com.ar\/noticias-villa-maria\/wp-content\/uploads\/2022\/03\/WhatsApp-Image-2022-03-11-at-15.31.41.jpeg","type":"image\/jpeg"}],"author":"Contenidos El Regional","twitter_card":"summary_large_image","twitter_creator":"@elregionalvm1","twitter_site":"@elregionalvm1","twitter_misc":{"Escrito por":"Contenidos El Regional","Tiempo de lectura":"2 minutos"},"schema":{"@context":"https:\/\/schema.org","@graph":[{"@type":"Article","@id":"http:\/\/elregionalvm.com.ar\/noticias-villa-maria\/villa-maria-presidira-la-nueva-red-argentina-de-ciudades-del-aprendizaje\/#article","isPartOf":{"@id":"http:\/\/elregionalvm.com.ar\/noticias-villa-maria\/villa-maria-presidira-la-nueva-red-argentina-de-ciudades-del-aprendizaje\/"},"author":{"name":"Contenidos El Regional","@id":"http:\/\/elregionalvm.com.ar\/noticias-villa-maria\/#\/schema\/person\/a0fb9c422317faca23d50163151bc354"},"headline":"Villa Mar\u00eda presidir\u00e1 la nueva Red Argentina de Ciudades del Aprendizaje","datePublished":"2022-03-11T21:59:27+00:00","dateModified":"2022-03-11T21:59:43+00:00","mainEntityOfPage":{"@id":"http:\/\/elregionalvm.com.ar\/noticias-villa-maria\/villa-maria-presidira-la-nueva-red-argentina-de-ciudades-del-aprendizaje\/"},"wordCount":320,"commentCount":0,"image":{"@id":"http:\/\/elregionalvm.com.ar\/noticias-villa-maria\/villa-maria-presidira-la-nueva-red-argentina-de-ciudades-del-aprendizaje\/#primaryimage"},"thumbnailUrl":"https:\/\/i0.wp.com\/elregionalvm.com.ar\/noticias-villa-maria\/wp-content\/uploads\/2022\/03\/WhatsApp-Image-2022-03-11-at-15.31.41.jpeg?fit=1280%2C853&ssl=1","keywords":["Centro Cultural Leonardo Favio","Ciudades del Aprendizaje","destacado","Primer encuentro","Red Argentina","Villa Mar\u00eda preside"],"articleSection":["Villa Mar\u00eda"],"inLanguage":"es","potentialAction":[{"@type":"CommentAction","name":"Comment","target":["http:\/\/elregionalvm.com.ar\/noticias-villa-maria\/villa-maria-presidira-la-nueva-red-argentina-de-ciudades-del-aprendizaje\/#respond"]}]},{"@type":"WebPage","@id":"http:\/\/elregionalvm.com.ar\/noticias-villa-maria\/villa-maria-presidira-la-nueva-red-argentina-de-ciudades-del-aprendizaje\/","url":"http:\/\/elregionalvm.com.ar\/noticias-villa-maria\/villa-maria-presidira-la-nueva-red-argentina-de-ciudades-del-aprendizaje\/","name":"Villa Mar\u00eda presidir\u00e1 la nueva Red Argentina de Ciudades del Aprendizaje - El Regional","isPartOf":{"@id":"http:\/\/elregionalvm.com.ar\/noticias-villa-maria\/#website"},"primaryImageOfPage":{"@id":"http:\/\/elregionalvm.com.ar\/noticias-villa-maria\/villa-maria-presidira-la-nueva-red-argentina-de-ciudades-del-aprendizaje\/#primaryimage"},"image":{"@id":"http:\/\/elregionalvm.com.ar\/noticias-villa-maria\/villa-maria-presidira-la-nueva-red-argentina-de-ciudades-del-aprendizaje\/#primaryimage"},"thumbnailUrl":"https:\/\/i0.wp.com\/elregionalvm.com.ar\/noticias-villa-maria\/wp-content\/uploads\/2022\/03\/WhatsApp-Image-2022-03-11-at-15.31.41.jpeg?fit=1280%2C853&ssl=1","datePublished":"2022-03-11T21:59:27+00:00","dateModified":"2022-03-11T21:59:43+00:00","author":{"@id":"http:\/\/elregionalvm.com.ar\/noticias-villa-maria\/#\/schema\/person\/a0fb9c422317faca23d50163151bc354"},"breadcrumb":{"@id":"http:\/\/elregionalvm.com.ar\/noticias-villa-maria\/villa-maria-presidira-la-nueva-red-argentina-de-ciudades-del-aprendizaje\/#breadcrumb"},"inLanguage":"es","potentialAction":[{"@type":"ReadAction","target":["http:\/\/elregionalvm.com.ar\/noticias-villa-maria\/villa-maria-presidira-la-nueva-red-argentina-de-ciudades-del-aprendizaje\/"]}]},{"@type":"ImageObject","inLanguage":"es","@id":"http:\/\/elregionalvm.com.ar\/noticias-villa-maria\/villa-maria-presidira-la-nueva-red-argentina-de-ciudades-del-aprendizaje\/#primaryimage","url":"https:\/\/i0.wp.com\/elregionalvm.com.ar\/noticias-villa-maria\/wp-content\/uploads\/2022\/03\/WhatsApp-Image-2022-03-11-at-15.31.41.jpeg?fit=1280%2C853&ssl=1","contentUrl":"https:\/\/i0.wp.com\/elregionalvm.com.ar\/noticias-villa-maria\/wp-content\/uploads\/2022\/03\/WhatsApp-Image-2022-03-11-at-15.31.41.jpeg?fit=1280%2C853&ssl=1","width":1280,"height":853},{"@type":"BreadcrumbList","@id":"http:\/\/elregionalvm.com.ar\/noticias-villa-maria\/villa-maria-presidira-la-nueva-red-argentina-de-ciudades-del-aprendizaje\/#breadcrumb","itemListElement":[{"@type":"ListItem","position":1,"name":"Portada","item":"https:\/\/elregionalvm.com.ar\/noticias-villa-maria\/"},{"@type":"ListItem","position":2,"name":"Villa Mar\u00eda presidir\u00e1 la nueva Red Argentina de Ciudades del Aprendizaje"}]},{"@type":"WebSite","@id":"http:\/\/elregionalvm.com.ar\/noticias-villa-maria\/#website","url":"http:\/\/elregionalvm.com.ar\/noticias-villa-maria\/","name":"El Regional","description":"Mucho m\u00e1s que informaci\u00f3n","potentialAction":[{"@type":"SearchAction","target":{"@type":"EntryPoint","urlTemplate":"http:\/\/elregionalvm.com.ar\/noticias-villa-maria\/?s={search_term_string}"},"query-input":{"@type":"PropertyValueSpecification","valueRequired":true,"valueName":"search_term_string"}}],"inLanguage":"es"},{"@type":"Person","@id":"http:\/\/elregionalvm.com.ar\/noticias-villa-maria\/#\/schema\/person\/a0fb9c422317faca23d50163151bc354","name":"Contenidos El Regional","image":{"@type":"ImageObject","inLanguage":"es","@id":"http:\/\/elregionalvm.com.ar\/noticias-villa-maria\/#\/schema\/person\/image\/","url":"https:\/\/secure.gravatar.com\/avatar\/265b27cb2209af7bb3a1318f03305787d7981a5cc6e6cd08fe5a4ecdf99d4b48?s=96&d=mm&r=g","contentUrl":"https:\/\/secure.gravatar.com\/avatar\/265b27cb2209af7bb3a1318f03305787d7981a5cc6e6cd08fe5a4ecdf99d4b48?s=96&d=mm&r=g","caption":"Contenidos El Regional"},"url":"https:\/\/elregionalvm.com.ar\/noticias-villa-maria\/author\/contenido\/"}]}},"jetpack_featured_media_url":"https:\/\/i0.wp.com\/elregionalvm.com.ar\/noticias-villa-maria\/wp-content\/uploads\/2022\/03\/WhatsApp-Image-2022-03-11-at-15.31.41.jpeg?fit=1280%2C853&ssl=1","jetpack_sharing_enabled":true,"_links":{"self":[{"href":"https:\/\/elregionalvm.com.ar\/noticias-villa-maria\/wp-json\/wp\/v2\/posts\/53936","targetHints":{"allow":["GET"]}}],"collection":[{"href":"https:\/\/elregionalvm.com.ar\/noticias-villa-maria\/wp-json\/wp\/v2\/posts"}],"about":[{"href":"https:\/\/elregionalvm.com.ar\/noticias-villa-maria\/wp-json\/wp\/v2\/types\/post"}],"author":[{"embeddable":true,"href":"https:\/\/elregionalvm.com.ar\/noticias-villa-maria\/wp-json\/wp\/v2\/users\/4"}],"replies":[{"embeddable":true,"href":"https:\/\/elregionalvm.com.ar\/noticias-villa-maria\/wp-json\/wp\/v2\/comments?post=53936"}],"version-history":[{"count":1,"href":"https:\/\/elregionalvm.com.ar\/noticias-villa-maria\/wp-json\/wp\/v2\/posts\/53936\/revisions"}],"predecessor-version":[{"id":53939,"href":"https:\/\/elregionalvm.com.ar\/noticias-villa-maria\/wp-json\/wp\/v2\/posts\/53936\/revisions\/53939"}],"wp:featuredmedia":[{"embeddable":true,"href":"https:\/\/elregionalvm.com.ar\/noticias-villa-maria\/wp-json\/wp\/v2\/media\/53937"}],"wp:attachment":[{"href":"https:\/\/elregionalvm.com.ar\/noticias-villa-maria\/wp-json\/wp\/v2\/media?parent=53936"}],"wp:term":[{"taxonomy":"category","embeddable":true,"href":"https:\/\/elregionalvm.com.ar\/noticias-villa-maria\/wp-json\/wp\/v2\/categories?post=53936"},{"taxonomy":"post_tag","embeddable":true,"href":"https:\/\/elregionalvm.com.ar\/noticias-villa-maria\/wp-json\/wp\/v2\/tags?post=53936"}],"curies":[{"name":"wp","href":"https:\/\/api.w.org\/{rel}","templated":true}]}}