{"id":53946,"date":"2022-03-11T22:25:42","date_gmt":"2022-03-11T22:25:42","guid":{"rendered":"https:\/\/elregionalvm.com.ar\/noticias-villa-maria\/?p=53946"},"modified":"2022-03-11T22:25:44","modified_gmt":"2022-03-11T22:25:44","slug":"el-municipio-entrego-un-compostador-y-nueva-indumentaria-a-cooperativas-locales","status":"publish","type":"post","link":"https:\/\/elregionalvm.com.ar\/noticias-villa-maria\/el-municipio-entrego-un-compostador-y-nueva-indumentaria-a-cooperativas-locales\/","title":{"rendered":"El municipio entreg\u00f3 un compostador y nueva indumentaria a cooperativas locales"},"content":{"rendered":"\n<p>En el marco de la visita de delegados de la Uni\u00f3n Europea (UE) a la ciudad, el municipio hizo entrega de equipamiento a trabajadores y trabajadoras de las cooperativas 7 de Febrero y La Sustentable. La iniciativa, tuvo lugar pasado el mediod\u00eda en plaza Independencia y fue llevada a cabo mediante el Programa de Desarrollo Integrado que cuenta con fondos del organismo internacional.<\/p>\n\n\n\n<p>El acto estuvo encabezado por el intendente Mart\u00edn Gill, en compa\u00f1\u00eda del mandatario de Villa Nueva, Natalio Graglia, quienes recibieron en el conglomerado al gestor operacional de Proyectos de la Delegaci\u00f3n de la UE en Argentina, Pablo Iglesias Rumbo, y su par financiero de Proyectos de la delegaci\u00f3n en Brasil, Rodrigo Santana. De este modo, se procedi\u00f3 a la entrega de un compostador Rotorbuey e indumentaria de trabajo y seguridad destinada a integrantes de las cooperativas locales.<\/p>\n\n\n\n<figure class=\"wp-block-image size-large\"><img data-recalc-dims=\"1\" fetchpriority=\"high\" decoding=\"async\" width=\"1024\" height=\"682\" src=\"https:\/\/i0.wp.com\/elregionalvm.com.ar\/noticias-villa-maria\/wp-content\/uploads\/2022\/03\/WhatsApp-Image-2022-03-11-at-15.02.44.jpeg?resize=1024%2C682&#038;ssl=1\" alt=\"\" class=\"wp-image-53949\" srcset=\"https:\/\/i0.wp.com\/elregionalvm.com.ar\/noticias-villa-maria\/wp-content\/uploads\/2022\/03\/WhatsApp-Image-2022-03-11-at-15.02.44.jpeg?resize=1024%2C682&amp;ssl=1 1024w, https:\/\/i0.wp.com\/elregionalvm.com.ar\/noticias-villa-maria\/wp-content\/uploads\/2022\/03\/WhatsApp-Image-2022-03-11-at-15.02.44.jpeg?resize=300%2C200&amp;ssl=1 300w, https:\/\/i0.wp.com\/elregionalvm.com.ar\/noticias-villa-maria\/wp-content\/uploads\/2022\/03\/WhatsApp-Image-2022-03-11-at-15.02.44.jpeg?resize=768%2C512&amp;ssl=1 768w, https:\/\/i0.wp.com\/elregionalvm.com.ar\/noticias-villa-maria\/wp-content\/uploads\/2022\/03\/WhatsApp-Image-2022-03-11-at-15.02.44.jpeg?w=1280&amp;ssl=1 1280w\" sizes=\"(max-width: 1000px) 100vw, 1000px\" \/><\/figure>\n\n\n\n<p>Al tomar la palabra, el jefe comunal se\u00f1al\u00f3: \u201cJunto a la UE, estamos trabajando en la transformaci\u00f3n de los residuos s\u00f3lidos urbanos en Villa Mar\u00eda y Villa Nueva, concibi\u00e9ndonos como un \u00fanico n\u00facleo urbano frente al cuidado del medioambiente\u201d.<\/p>\n\n\n\n<p>En este sentido, Gill detall\u00f3 las diversas iniciativas que el municipio viene llevando adelante mediante el Programa de Desarrollo Integrado durante su primer a\u00f1o de ejecuci\u00f3n. \u201cHemos logrado mejorar la gobernabilidad en el cumplimiento de los Objetivos de Desarrollo Sostenible (ODS), promover la conciencia ambiental, optimizar las condiciones de trabajo de las cooperativas, incorporar nuevos equipamientos y generar oportunidades de trabajo\u201d, subray\u00f3.<\/p>\n\n\n\n<p>De modo seguido, Iglesias Rumbo indic\u00f3: \u201cEl medioambiente es para la UE una prioridad pol\u00edtica, y en este marco lanzamos hace un par de a\u00f1os una convocatoria para Am\u00e9rica Latina animando a los municipios a presentar proyectos pol\u00edticos sustentables que pudi\u00e9ramos financiar\u201d.<\/p>\n\n\n\n<p>\u201cVilla Mar\u00eda fue seleccionada por la calidad de sus propuestas, y actualmente estamos trabajando en la primera fase de este proyecto\u201d, explic\u00f3 el representante de la organizaci\u00f3n. Y luego, enfatiz\u00f3: \u201cEstamos muy contentos por la relaci\u00f3n entablada con el municipio, nos vamos muy contentos y confiados en que tenemos socios excelentes para ecologizar la ciudad\u201d.<\/p>\n\n\n\n<p>Tambi\u00e9n, comparti\u00f3 su testimonio la titular de la Cooperativa 7 de Febrero, Marcela Durand, quien agradeci\u00f3 al municipio por las labores efectuadas y asegur\u00f3 que \u201cestas maquinarias ayudar\u00e1n no s\u00f3lo a la mejora del medioambiente sino tambi\u00e9n a la generaci\u00f3n de m\u00e1s puestos de trabajo para que compa\u00f1eros y compa\u00f1eras puedan dignificar sus vidas\u201d.<\/p>\n\n\n\n<p>En cuanto al compostador, \u00e9ste ser\u00e1 dispuesto en el nuevo Centro de Gesti\u00f3n Ambiental de Villa Mar\u00eda y Villa Nueva. En detalle, se trata de un sistema para el compostaje in situ de la porci\u00f3n org\u00e1nica de los Residuos S\u00f3lidos Urbanos (RSU) junto a restos de poda y jard\u00edn, obteniendo como resultado un producto aplicable como enmienda y fertilizaci\u00f3n de los espacios verdes.<\/p>\n\n\n\n<p>Rotorbuey es un equipo de compostaje que funciona agregando el residuo en un contenedor en forma de tambor, al cual se agrega material de carga como fuente de carbono. En su interior, los desechos son agitados, mezclados y aireados, posibilitando una descomposici\u00f3n acelerada.<\/p>\n\n\n\n<p>Es oportuno resaltar que la visita de Iglesias Rumbo y Santana a la ciudad, se enmarca en el seguimiento y rendici\u00f3n de las diversas obras y proyectos que son llevados adelante a nivel local con fondos de la Uni\u00f3n Europea. En este sentido, las autoridades prev\u00e9n recorren durante la jornada las intervenciones llevadas a cabo en la Universidad Nacional de Villa Mar\u00eda (UNVM), en la Universidad Tecnol\u00f3gica Nacional (UTN), en el Corral\u00f3n y Vivero Municipal.<\/p>\n\n\n\n<figure class=\"wp-block-image size-large\"><img data-recalc-dims=\"1\" decoding=\"async\" width=\"1024\" height=\"682\" src=\"https:\/\/i0.wp.com\/elregionalvm.com.ar\/noticias-villa-maria\/wp-content\/uploads\/2022\/03\/WhatsApp-Image-2022-03-11-at-15.02.45-1.jpeg?resize=1024%2C682&#038;ssl=1\" alt=\"\" class=\"wp-image-53948\" srcset=\"https:\/\/i0.wp.com\/elregionalvm.com.ar\/noticias-villa-maria\/wp-content\/uploads\/2022\/03\/WhatsApp-Image-2022-03-11-at-15.02.45-1.jpeg?resize=1024%2C682&amp;ssl=1 1024w, https:\/\/i0.wp.com\/elregionalvm.com.ar\/noticias-villa-maria\/wp-content\/uploads\/2022\/03\/WhatsApp-Image-2022-03-11-at-15.02.45-1.jpeg?resize=300%2C200&amp;ssl=1 300w, https:\/\/i0.wp.com\/elregionalvm.com.ar\/noticias-villa-maria\/wp-content\/uploads\/2022\/03\/WhatsApp-Image-2022-03-11-at-15.02.45-1.jpeg?resize=768%2C512&amp;ssl=1 768w, https:\/\/i0.wp.com\/elregionalvm.com.ar\/noticias-villa-maria\/wp-content\/uploads\/2022\/03\/WhatsApp-Image-2022-03-11-at-15.02.45-1.jpeg?w=1280&amp;ssl=1 1280w\" sizes=\"(max-width: 1000px) 100vw, 1000px\" \/><\/figure>\n","protected":false},"excerpt":{"rendered":"<p>En el marco de la visita de delegados de la Uni\u00f3n Europea (UE) a la ciudad, el municipio hizo entrega de equipamiento a trabajadores y trabajadoras de las cooperativas 7 de Febrero y La Sustentable. La iniciativa, tuvo lugar pasado el mediod\u00eda en plaza Independencia y fue llevada a cabo mediante el Programa de Desarrollo [&hellip;]<\/p>\n","protected":false},"author":4,"featured_media":53947,"comment_status":"open","ping_status":"open","sticky":false,"template":"","format":"standard","meta":{"site-sidebar-layout":"default","site-content-layout":"","ast-site-content-layout":"default","site-content-style":"default","site-sidebar-style":"default","ast-global-header-display":"","ast-banner-title-visibility":"","ast-main-header-display":"","ast-hfb-above-header-display":"","ast-hfb-below-header-display":"","ast-hfb-mobile-header-display":"","site-post-title":"","ast-breadcrumbs-content":"","ast-featured-img":"","footer-sml-layout":"","ast-disable-related-posts":"","theme-transparent-header-meta":"","adv-header-id-meta":"","stick-header-meta":"","header-above-stick-meta":"","header-main-stick-meta":"","header-below-stick-meta":"","astra-migrate-meta-layouts":"default","ast-page-background-enabled":"default","ast-page-background-meta":{"desktop":{"background-color":"","background-image":"","background-repeat":"repeat","background-position":"center center","background-size":"auto","background-attachment":"scroll","background-type":"","background-media":"","overlay-type":"","overlay-color":"","overlay-opacity":"","overlay-gradient":""},"tablet":{"background-color":"","background-image":"","background-repeat":"repeat","background-position":"center center","background-size":"auto","background-attachment":"scroll","background-type":"","background-media":"","overlay-type":"","overlay-color":"","overlay-opacity":"","overlay-gradient":""},"mobile":{"background-color":"","background-image":"","background-repeat":"repeat","background-position":"center center","background-size":"auto","background-attachment":"scroll","background-type":"","background-media":"","overlay-type":"","overlay-color":"","overlay-opacity":"","overlay-gradient":""}},"ast-content-background-meta":{"desktop":{"background-color":"var(--ast-global-color-5)","background-image":"","background-repeat":"repeat","background-position":"center center","background-size":"auto","background-attachment":"scroll","background-type":"","background-media":"","overlay-type":"","overlay-color":"","overlay-opacity":"","overlay-gradient":""},"tablet":{"background-color":"var(--ast-global-color-5)","background-image":"","background-repeat":"repeat","background-position":"center center","background-size":"auto","background-attachment":"scroll","background-type":"","background-media":"","overlay-type":"","overlay-color":"","overlay-opacity":"","overlay-gradient":""},"mobile":{"background-color":"var(--ast-global-color-5)","background-image":"","background-repeat":"repeat","background-position":"center center","background-size":"auto","background-attachment":"scroll","background-type":"","background-media":"","overlay-type":"","overlay-color":"","overlay-opacity":"","overlay-gradient":""}},"_jetpack_memberships_contains_paid_content":false,"_joinchat":[],"footnotes":""},"categories":[2],"tags":[8788,14203,6874,14205,9858,6578,3223,14204],"class_list":["post-53946","post","type-post","status-publish","format-standard","has-post-thumbnail","hentry","category-villa-maria","tag-centro-de-gestion-ambiental-villa-maria-villa-nueva","tag-compostador","tag-cooperativa-7-de-febrero","tag-cooperativa-la-sustentable","tag-cooperativas","tag-equipamiento","tag-medio-ambiente","tag-nueva-indumentaria"],"yoast_head":"<!-- This site is optimized with the Yoast SEO plugin v26.8 - https:\/\/yoast.com\/product\/yoast-seo-wordpress\/ -->\n<title>El municipio entreg\u00f3 un compostador y nueva indumentaria a cooperativas locales - El Regional<\/title>\n<meta name=\"robots\" content=\"index, follow, max-snippet:-1, max-image-preview:large, max-video-preview:-1\" \/>\n<link rel=\"canonical\" href=\"http:\/\/elregionalvm.com.ar\/noticias-villa-maria\/el-municipio-entrego-un-compostador-y-nueva-indumentaria-a-cooperativas-locales\/\" \/>\n<meta property=\"og:locale\" content=\"es_ES\" \/>\n<meta property=\"og:type\" content=\"article\" \/>\n<meta property=\"og:title\" content=\"El municipio entreg\u00f3 un compostador y nueva indumentaria a cooperativas locales - El Regional\" \/>\n<meta property=\"og:description\" content=\"En el marco de la visita de delegados de la Uni\u00f3n Europea (UE) a la ciudad, el municipio hizo entrega de equipamiento a trabajadores y trabajadoras de las cooperativas 7 de Febrero y La Sustentable. La iniciativa, tuvo lugar pasado el mediod\u00eda en plaza Independencia y fue llevada a cabo mediante el Programa de Desarrollo [&hellip;]\" \/>\n<meta property=\"og:url\" content=\"http:\/\/elregionalvm.com.ar\/noticias-villa-maria\/el-municipio-entrego-un-compostador-y-nueva-indumentaria-a-cooperativas-locales\/\" \/>\n<meta property=\"og:site_name\" content=\"El Regional\" \/>\n<meta property=\"article:publisher\" content=\"https:\/\/www.facebook.com\/elregionalvm\" \/>\n<meta property=\"article:published_time\" content=\"2022-03-11T22:25:42+00:00\" \/>\n<meta property=\"article:modified_time\" content=\"2022-03-11T22:25:44+00:00\" \/>\n<meta property=\"og:image\" content=\"http:\/\/elregionalvm.com.ar\/noticias-villa-maria\/wp-content\/uploads\/2022\/03\/WhatsApp-Image-2022-03-11-at-15.02.45.jpeg\" \/>\n\t<meta property=\"og:image:width\" content=\"1280\" \/>\n\t<meta property=\"og:image:height\" content=\"853\" \/>\n\t<meta property=\"og:image:type\" content=\"image\/jpeg\" \/>\n<meta name=\"author\" content=\"Contenidos El Regional\" \/>\n<meta name=\"twitter:card\" content=\"summary_large_image\" \/>\n<meta name=\"twitter:creator\" content=\"@elregionalvm1\" \/>\n<meta name=\"twitter:site\" content=\"@elregionalvm1\" \/>\n<meta name=\"twitter:label1\" content=\"Escrito por\" \/>\n\t<meta name=\"twitter:data1\" content=\"Contenidos El Regional\" \/>\n\t<meta name=\"twitter:label2\" content=\"Tiempo de lectura\" \/>\n\t<meta name=\"twitter:data2\" content=\"3 minutos\" \/>\n<script type=\"application\/ld+json\" class=\"yoast-schema-graph\">{\"@context\":\"https:\/\/schema.org\",\"@graph\":[{\"@type\":\"Article\",\"@id\":\"http:\/\/elregionalvm.com.ar\/noticias-villa-maria\/el-municipio-entrego-un-compostador-y-nueva-indumentaria-a-cooperativas-locales\/#article\",\"isPartOf\":{\"@id\":\"http:\/\/elregionalvm.com.ar\/noticias-villa-maria\/el-municipio-entrego-un-compostador-y-nueva-indumentaria-a-cooperativas-locales\/\"},\"author\":{\"name\":\"Contenidos El Regional\",\"@id\":\"http:\/\/elregionalvm.com.ar\/noticias-villa-maria\/#\/schema\/person\/a0fb9c422317faca23d50163151bc354\"},\"headline\":\"El municipio entreg\u00f3 un compostador y nueva indumentaria a cooperativas locales\",\"datePublished\":\"2022-03-11T22:25:42+00:00\",\"dateModified\":\"2022-03-11T22:25:44+00:00\",\"mainEntityOfPage\":{\"@id\":\"http:\/\/elregionalvm.com.ar\/noticias-villa-maria\/el-municipio-entrego-un-compostador-y-nueva-indumentaria-a-cooperativas-locales\/\"},\"wordCount\":626,\"commentCount\":0,\"image\":{\"@id\":\"http:\/\/elregionalvm.com.ar\/noticias-villa-maria\/el-municipio-entrego-un-compostador-y-nueva-indumentaria-a-cooperativas-locales\/#primaryimage\"},\"thumbnailUrl\":\"https:\/\/i0.wp.com\/elregionalvm.com.ar\/noticias-villa-maria\/wp-content\/uploads\/2022\/03\/WhatsApp-Image-2022-03-11-at-15.02.45.jpeg?fit=1280%2C853&ssl=1\",\"keywords\":[\"Centro de Gesti\u00f3n Ambiental Villa Mar\u00eda-Villa Nueva\",\"compostador\",\"Cooperativa 7 de Febrero\",\"Cooperativa La Sustentable\",\"Cooperativas\",\"equipamiento\",\"Medio ambiente\",\"nueva indumentaria\"],\"articleSection\":[\"Villa Mar\u00eda\"],\"inLanguage\":\"es\",\"potentialAction\":[{\"@type\":\"CommentAction\",\"name\":\"Comment\",\"target\":[\"http:\/\/elregionalvm.com.ar\/noticias-villa-maria\/el-municipio-entrego-un-compostador-y-nueva-indumentaria-a-cooperativas-locales\/#respond\"]}]},{\"@type\":\"WebPage\",\"@id\":\"http:\/\/elregionalvm.com.ar\/noticias-villa-maria\/el-municipio-entrego-un-compostador-y-nueva-indumentaria-a-cooperativas-locales\/\",\"url\":\"http:\/\/elregionalvm.com.ar\/noticias-villa-maria\/el-municipio-entrego-un-compostador-y-nueva-indumentaria-a-cooperativas-locales\/\",\"name\":\"El municipio entreg\u00f3 un compostador y nueva indumentaria a cooperativas locales - El Regional\",\"isPartOf\":{\"@id\":\"http:\/\/elregionalvm.com.ar\/noticias-villa-maria\/#website\"},\"primaryImageOfPage\":{\"@id\":\"http:\/\/elregionalvm.com.ar\/noticias-villa-maria\/el-municipio-entrego-un-compostador-y-nueva-indumentaria-a-cooperativas-locales\/#primaryimage\"},\"image\":{\"@id\":\"http:\/\/elregionalvm.com.ar\/noticias-villa-maria\/el-municipio-entrego-un-compostador-y-nueva-indumentaria-a-cooperativas-locales\/#primaryimage\"},\"thumbnailUrl\":\"https:\/\/i0.wp.com\/elregionalvm.com.ar\/noticias-villa-maria\/wp-content\/uploads\/2022\/03\/WhatsApp-Image-2022-03-11-at-15.02.45.jpeg?fit=1280%2C853&ssl=1\",\"datePublished\":\"2022-03-11T22:25:42+00:00\",\"dateModified\":\"2022-03-11T22:25:44+00:00\",\"author\":{\"@id\":\"http:\/\/elregionalvm.com.ar\/noticias-villa-maria\/#\/schema\/person\/a0fb9c422317faca23d50163151bc354\"},\"breadcrumb\":{\"@id\":\"http:\/\/elregionalvm.com.ar\/noticias-villa-maria\/el-municipio-entrego-un-compostador-y-nueva-indumentaria-a-cooperativas-locales\/#breadcrumb\"},\"inLanguage\":\"es\",\"potentialAction\":[{\"@type\":\"ReadAction\",\"target\":[\"http:\/\/elregionalvm.com.ar\/noticias-villa-maria\/el-municipio-entrego-un-compostador-y-nueva-indumentaria-a-cooperativas-locales\/\"]}]},{\"@type\":\"ImageObject\",\"inLanguage\":\"es\",\"@id\":\"http:\/\/elregionalvm.com.ar\/noticias-villa-maria\/el-municipio-entrego-un-compostador-y-nueva-indumentaria-a-cooperativas-locales\/#primaryimage\",\"url\":\"https:\/\/i0.wp.com\/elregionalvm.com.ar\/noticias-villa-maria\/wp-content\/uploads\/2022\/03\/WhatsApp-Image-2022-03-11-at-15.02.45.jpeg?fit=1280%2C853&ssl=1\",\"contentUrl\":\"https:\/\/i0.wp.com\/elregionalvm.com.ar\/noticias-villa-maria\/wp-content\/uploads\/2022\/03\/WhatsApp-Image-2022-03-11-at-15.02.45.jpeg?fit=1280%2C853&ssl=1\",\"width\":1280,\"height\":853},{\"@type\":\"BreadcrumbList\",\"@id\":\"http:\/\/elregionalvm.com.ar\/noticias-villa-maria\/el-municipio-entrego-un-compostador-y-nueva-indumentaria-a-cooperativas-locales\/#breadcrumb\",\"itemListElement\":[{\"@type\":\"ListItem\",\"position\":1,\"name\":\"Portada\",\"item\":\"https:\/\/elregionalvm.com.ar\/noticias-villa-maria\/\"},{\"@type\":\"ListItem\",\"position\":2,\"name\":\"El municipio entreg\u00f3 un compostador y nueva indumentaria a cooperativas locales\"}]},{\"@type\":\"WebSite\",\"@id\":\"http:\/\/elregionalvm.com.ar\/noticias-villa-maria\/#website\",\"url\":\"http:\/\/elregionalvm.com.ar\/noticias-villa-maria\/\",\"name\":\"El Regional\",\"description\":\"Mucho m\u00e1s que informaci\u00f3n\",\"potentialAction\":[{\"@type\":\"SearchAction\",\"target\":{\"@type\":\"EntryPoint\",\"urlTemplate\":\"http:\/\/elregionalvm.com.ar\/noticias-villa-maria\/?s={search_term_string}\"},\"query-input\":{\"@type\":\"PropertyValueSpecification\",\"valueRequired\":true,\"valueName\":\"search_term_string\"}}],\"inLanguage\":\"es\"},{\"@type\":\"Person\",\"@id\":\"http:\/\/elregionalvm.com.ar\/noticias-villa-maria\/#\/schema\/person\/a0fb9c422317faca23d50163151bc354\",\"name\":\"Contenidos El Regional\",\"image\":{\"@type\":\"ImageObject\",\"inLanguage\":\"es\",\"@id\":\"http:\/\/elregionalvm.com.ar\/noticias-villa-maria\/#\/schema\/person\/image\/\",\"url\":\"https:\/\/secure.gravatar.com\/avatar\/265b27cb2209af7bb3a1318f03305787d7981a5cc6e6cd08fe5a4ecdf99d4b48?s=96&d=mm&r=g\",\"contentUrl\":\"https:\/\/secure.gravatar.com\/avatar\/265b27cb2209af7bb3a1318f03305787d7981a5cc6e6cd08fe5a4ecdf99d4b48?s=96&d=mm&r=g\",\"caption\":\"Contenidos El Regional\"},\"url\":\"https:\/\/elregionalvm.com.ar\/noticias-villa-maria\/author\/contenido\/\"}]}<\/script>\n<!-- \/ Yoast SEO plugin. -->","yoast_head_json":{"title":"El municipio entreg\u00f3 un compostador y nueva indumentaria a cooperativas locales - El Regional","robots":{"index":"index","follow":"follow","max-snippet":"max-snippet:-1","max-image-preview":"max-image-preview:large","max-video-preview":"max-video-preview:-1"},"canonical":"http:\/\/elregionalvm.com.ar\/noticias-villa-maria\/el-municipio-entrego-un-compostador-y-nueva-indumentaria-a-cooperativas-locales\/","og_locale":"es_ES","og_type":"article","og_title":"El municipio entreg\u00f3 un compostador y nueva indumentaria a cooperativas locales - El Regional","og_description":"En el marco de la visita de delegados de la Uni\u00f3n Europea (UE) a la ciudad, el municipio hizo entrega de equipamiento a trabajadores y trabajadoras de las cooperativas 7 de Febrero y La Sustentable. La iniciativa, tuvo lugar pasado el mediod\u00eda en plaza Independencia y fue llevada a cabo mediante el Programa de Desarrollo [&hellip;]","og_url":"http:\/\/elregionalvm.com.ar\/noticias-villa-maria\/el-municipio-entrego-un-compostador-y-nueva-indumentaria-a-cooperativas-locales\/","og_site_name":"El Regional","article_publisher":"https:\/\/www.facebook.com\/elregionalvm","article_published_time":"2022-03-11T22:25:42+00:00","article_modified_time":"2022-03-11T22:25:44+00:00","og_image":[{"width":1280,"height":853,"url":"http:\/\/elregionalvm.com.ar\/noticias-villa-maria\/wp-content\/uploads\/2022\/03\/WhatsApp-Image-2022-03-11-at-15.02.45.jpeg","type":"image\/jpeg"}],"author":"Contenidos El Regional","twitter_card":"summary_large_image","twitter_creator":"@elregionalvm1","twitter_site":"@elregionalvm1","twitter_misc":{"Escrito por":"Contenidos El Regional","Tiempo de lectura":"3 minutos"},"schema":{"@context":"https:\/\/schema.org","@graph":[{"@type":"Article","@id":"http:\/\/elregionalvm.com.ar\/noticias-villa-maria\/el-municipio-entrego-un-compostador-y-nueva-indumentaria-a-cooperativas-locales\/#article","isPartOf":{"@id":"http:\/\/elregionalvm.com.ar\/noticias-villa-maria\/el-municipio-entrego-un-compostador-y-nueva-indumentaria-a-cooperativas-locales\/"},"author":{"name":"Contenidos El Regional","@id":"http:\/\/elregionalvm.com.ar\/noticias-villa-maria\/#\/schema\/person\/a0fb9c422317faca23d50163151bc354"},"headline":"El municipio entreg\u00f3 un compostador y nueva indumentaria a cooperativas locales","datePublished":"2022-03-11T22:25:42+00:00","dateModified":"2022-03-11T22:25:44+00:00","mainEntityOfPage":{"@id":"http:\/\/elregionalvm.com.ar\/noticias-villa-maria\/el-municipio-entrego-un-compostador-y-nueva-indumentaria-a-cooperativas-locales\/"},"wordCount":626,"commentCount":0,"image":{"@id":"http:\/\/elregionalvm.com.ar\/noticias-villa-maria\/el-municipio-entrego-un-compostador-y-nueva-indumentaria-a-cooperativas-locales\/#primaryimage"},"thumbnailUrl":"https:\/\/i0.wp.com\/elregionalvm.com.ar\/noticias-villa-maria\/wp-content\/uploads\/2022\/03\/WhatsApp-Image-2022-03-11-at-15.02.45.jpeg?fit=1280%2C853&ssl=1","keywords":["Centro de Gesti\u00f3n Ambiental Villa Mar\u00eda-Villa Nueva","compostador","Cooperativa 7 de Febrero","Cooperativa La Sustentable","Cooperativas","equipamiento","Medio ambiente","nueva indumentaria"],"articleSection":["Villa Mar\u00eda"],"inLanguage":"es","potentialAction":[{"@type":"CommentAction","name":"Comment","target":["http:\/\/elregionalvm.com.ar\/noticias-villa-maria\/el-municipio-entrego-un-compostador-y-nueva-indumentaria-a-cooperativas-locales\/#respond"]}]},{"@type":"WebPage","@id":"http:\/\/elregionalvm.com.ar\/noticias-villa-maria\/el-municipio-entrego-un-compostador-y-nueva-indumentaria-a-cooperativas-locales\/","url":"http:\/\/elregionalvm.com.ar\/noticias-villa-maria\/el-municipio-entrego-un-compostador-y-nueva-indumentaria-a-cooperativas-locales\/","name":"El municipio entreg\u00f3 un compostador y nueva indumentaria a cooperativas locales - El Regional","isPartOf":{"@id":"http:\/\/elregionalvm.com.ar\/noticias-villa-maria\/#website"},"primaryImageOfPage":{"@id":"http:\/\/elregionalvm.com.ar\/noticias-villa-maria\/el-municipio-entrego-un-compostador-y-nueva-indumentaria-a-cooperativas-locales\/#primaryimage"},"image":{"@id":"http:\/\/elregionalvm.com.ar\/noticias-villa-maria\/el-municipio-entrego-un-compostador-y-nueva-indumentaria-a-cooperativas-locales\/#primaryimage"},"thumbnailUrl":"https:\/\/i0.wp.com\/elregionalvm.com.ar\/noticias-villa-maria\/wp-content\/uploads\/2022\/03\/WhatsApp-Image-2022-03-11-at-15.02.45.jpeg?fit=1280%2C853&ssl=1","datePublished":"2022-03-11T22:25:42+00:00","dateModified":"2022-03-11T22:25:44+00:00","author":{"@id":"http:\/\/elregionalvm.com.ar\/noticias-villa-maria\/#\/schema\/person\/a0fb9c422317faca23d50163151bc354"},"breadcrumb":{"@id":"http:\/\/elregionalvm.com.ar\/noticias-villa-maria\/el-municipio-entrego-un-compostador-y-nueva-indumentaria-a-cooperativas-locales\/#breadcrumb"},"inLanguage":"es","potentialAction":[{"@type":"ReadAction","target":["http:\/\/elregionalvm.com.ar\/noticias-villa-maria\/el-municipio-entrego-un-compostador-y-nueva-indumentaria-a-cooperativas-locales\/"]}]},{"@type":"ImageObject","inLanguage":"es","@id":"http:\/\/elregionalvm.com.ar\/noticias-villa-maria\/el-municipio-entrego-un-compostador-y-nueva-indumentaria-a-cooperativas-locales\/#primaryimage","url":"https:\/\/i0.wp.com\/elregionalvm.com.ar\/noticias-villa-maria\/wp-content\/uploads\/2022\/03\/WhatsApp-Image-2022-03-11-at-15.02.45.jpeg?fit=1280%2C853&ssl=1","contentUrl":"https:\/\/i0.wp.com\/elregionalvm.com.ar\/noticias-villa-maria\/wp-content\/uploads\/2022\/03\/WhatsApp-Image-2022-03-11-at-15.02.45.jpeg?fit=1280%2C853&ssl=1","width":1280,"height":853},{"@type":"BreadcrumbList","@id":"http:\/\/elregionalvm.com.ar\/noticias-villa-maria\/el-municipio-entrego-un-compostador-y-nueva-indumentaria-a-cooperativas-locales\/#breadcrumb","itemListElement":[{"@type":"ListItem","position":1,"name":"Portada","item":"https:\/\/elregionalvm.com.ar\/noticias-villa-maria\/"},{"@type":"ListItem","position":2,"name":"El municipio entreg\u00f3 un compostador y nueva indumentaria a cooperativas locales"}]},{"@type":"WebSite","@id":"http:\/\/elregionalvm.com.ar\/noticias-villa-maria\/#website","url":"http:\/\/elregionalvm.com.ar\/noticias-villa-maria\/","name":"El Regional","description":"Mucho m\u00e1s que informaci\u00f3n","potentialAction":[{"@type":"SearchAction","target":{"@type":"EntryPoint","urlTemplate":"http:\/\/elregionalvm.com.ar\/noticias-villa-maria\/?s={search_term_string}"},"query-input":{"@type":"PropertyValueSpecification","valueRequired":true,"valueName":"search_term_string"}}],"inLanguage":"es"},{"@type":"Person","@id":"http:\/\/elregionalvm.com.ar\/noticias-villa-maria\/#\/schema\/person\/a0fb9c422317faca23d50163151bc354","name":"Contenidos El Regional","image":{"@type":"ImageObject","inLanguage":"es","@id":"http:\/\/elregionalvm.com.ar\/noticias-villa-maria\/#\/schema\/person\/image\/","url":"https:\/\/secure.gravatar.com\/avatar\/265b27cb2209af7bb3a1318f03305787d7981a5cc6e6cd08fe5a4ecdf99d4b48?s=96&d=mm&r=g","contentUrl":"https:\/\/secure.gravatar.com\/avatar\/265b27cb2209af7bb3a1318f03305787d7981a5cc6e6cd08fe5a4ecdf99d4b48?s=96&d=mm&r=g","caption":"Contenidos El Regional"},"url":"https:\/\/elregionalvm.com.ar\/noticias-villa-maria\/author\/contenido\/"}]}},"jetpack_featured_media_url":"https:\/\/i0.wp.com\/elregionalvm.com.ar\/noticias-villa-maria\/wp-content\/uploads\/2022\/03\/WhatsApp-Image-2022-03-11-at-15.02.45.jpeg?fit=1280%2C853&ssl=1","jetpack_sharing_enabled":true,"_links":{"self":[{"href":"https:\/\/elregionalvm.com.ar\/noticias-villa-maria\/wp-json\/wp\/v2\/posts\/53946","targetHints":{"allow":["GET"]}}],"collection":[{"href":"https:\/\/elregionalvm.com.ar\/noticias-villa-maria\/wp-json\/wp\/v2\/posts"}],"about":[{"href":"https:\/\/elregionalvm.com.ar\/noticias-villa-maria\/wp-json\/wp\/v2\/types\/post"}],"author":[{"embeddable":true,"href":"https:\/\/elregionalvm.com.ar\/noticias-villa-maria\/wp-json\/wp\/v2\/users\/4"}],"replies":[{"embeddable":true,"href":"https:\/\/elregionalvm.com.ar\/noticias-villa-maria\/wp-json\/wp\/v2\/comments?post=53946"}],"version-history":[{"count":1,"href":"https:\/\/elregionalvm.com.ar\/noticias-villa-maria\/wp-json\/wp\/v2\/posts\/53946\/revisions"}],"predecessor-version":[{"id":53950,"href":"https:\/\/elregionalvm.com.ar\/noticias-villa-maria\/wp-json\/wp\/v2\/posts\/53946\/revisions\/53950"}],"wp:featuredmedia":[{"embeddable":true,"href":"https:\/\/elregionalvm.com.ar\/noticias-villa-maria\/wp-json\/wp\/v2\/media\/53947"}],"wp:attachment":[{"href":"https:\/\/elregionalvm.com.ar\/noticias-villa-maria\/wp-json\/wp\/v2\/media?parent=53946"}],"wp:term":[{"taxonomy":"category","embeddable":true,"href":"https:\/\/elregionalvm.com.ar\/noticias-villa-maria\/wp-json\/wp\/v2\/categories?post=53946"},{"taxonomy":"post_tag","embeddable":true,"href":"https:\/\/elregionalvm.com.ar\/noticias-villa-maria\/wp-json\/wp\/v2\/tags?post=53946"}],"curies":[{"name":"wp","href":"https:\/\/api.w.org\/{rel}","templated":true}]}}