{"id":54060,"date":"2022-03-15T00:15:47","date_gmt":"2022-03-15T00:15:47","guid":{"rendered":"https:\/\/elregionalvm.com.ar\/noticias-villa-maria\/?p=54060"},"modified":"2022-03-15T00:15:48","modified_gmt":"2022-03-15T00:15:48","slug":"siguen-construyendo-el-centro-vecinal-de-bo-los-olmos-de-villa-nueva","status":"publish","type":"post","link":"https:\/\/elregionalvm.com.ar\/noticias-villa-maria\/siguen-construyendo-el-centro-vecinal-de-bo-los-olmos-de-villa-nueva\/","title":{"rendered":"Siguen construyendo el Centro Vecinal de B\u00ba Los Olmos de Villa Nueva"},"content":{"rendered":"\n<p><br>La Municipalidad de Villa Nueva contin\u00faa llevando adelante las obras para terminar las construcciones de los centros vecinales de distintos barrios de la ciudad, y en este sentido, durante la jornada de hoy se avanz\u00f3 con la construcci\u00f3n del contrapiso en la sede del Centro Vecinal de barrio Los Olmos.<br>La obra, forma parte del plan de construcciones y terminaciones de centros vecinales, impulsada por el intendente Natalio Graglia, con el objetivo de que los barrios de la ciudad cuenten con espacios propios donde poder reunirse o realizar eventos, y en este sentido, se viene avanzando con obras similares en distintos puntos de la ciudad, como los barrios Sarmiento, La Floresta, Residencial Am\u00e9rica y Los Olmos.<\/p>\n\n\n\n<p><strong>Avanza la colocaci\u00f3n de nuevas luminarias Led en Villa Nueva<\/strong><br>Sigue avanzando el plan integral de renovaci\u00f3n de las luminarias de la ciudad, con la colocaci\u00f3n de equipos con tecnolog\u00eda Led.<br>El plan, que contempla completar el 100 por ciento de la ciudad con luces Led, se viene ejecutando en las principales avenidas de los barrios, y se ir\u00e1 ampliando hasta llegar a todos los frentistas.<br>Hay que recordar que el proyecto contempla la colocaci\u00f3n de 1414 nuevas luminarias en toda Villa Nueva.<\/p>\n\n\n\n<figure class=\"wp-block-gallery has-nested-images columns-default is-cropped wp-block-gallery-1 is-layout-flex wp-block-gallery-is-layout-flex\">\n<figure class=\"wp-block-image size-large\"><img data-recalc-dims=\"1\" fetchpriority=\"high\" decoding=\"async\" width=\"576\" height=\"1024\" data-id=\"54063\" src=\"https:\/\/i0.wp.com\/elregionalvm.com.ar\/noticias-villa-maria\/wp-content\/uploads\/2022\/03\/WhatsApp-Image-2022-03-14-at-14.09.22.jpeg?resize=576%2C1024&#038;ssl=1\" alt=\"\" class=\"wp-image-54063\" srcset=\"https:\/\/i0.wp.com\/elregionalvm.com.ar\/noticias-villa-maria\/wp-content\/uploads\/2022\/03\/WhatsApp-Image-2022-03-14-at-14.09.22.jpeg?resize=576%2C1024&amp;ssl=1 576w, https:\/\/i0.wp.com\/elregionalvm.com.ar\/noticias-villa-maria\/wp-content\/uploads\/2022\/03\/WhatsApp-Image-2022-03-14-at-14.09.22.jpeg?resize=169%2C300&amp;ssl=1 169w, https:\/\/i0.wp.com\/elregionalvm.com.ar\/noticias-villa-maria\/wp-content\/uploads\/2022\/03\/WhatsApp-Image-2022-03-14-at-14.09.22.jpeg?w=720&amp;ssl=1 720w\" sizes=\"(max-width: 576px) 100vw, 576px\" \/><\/figure>\n\n\n\n<figure class=\"wp-block-image size-large\"><img data-recalc-dims=\"1\" decoding=\"async\" width=\"576\" height=\"1024\" data-id=\"54062\" src=\"https:\/\/i0.wp.com\/elregionalvm.com.ar\/noticias-villa-maria\/wp-content\/uploads\/2022\/03\/WhatsApp-Image-2022-03-14-at-14.09.21.jpeg?resize=576%2C1024&#038;ssl=1\" alt=\"\" class=\"wp-image-54062\" srcset=\"https:\/\/i0.wp.com\/elregionalvm.com.ar\/noticias-villa-maria\/wp-content\/uploads\/2022\/03\/WhatsApp-Image-2022-03-14-at-14.09.21.jpeg?resize=576%2C1024&amp;ssl=1 576w, https:\/\/i0.wp.com\/elregionalvm.com.ar\/noticias-villa-maria\/wp-content\/uploads\/2022\/03\/WhatsApp-Image-2022-03-14-at-14.09.21.jpeg?resize=169%2C300&amp;ssl=1 169w, https:\/\/i0.wp.com\/elregionalvm.com.ar\/noticias-villa-maria\/wp-content\/uploads\/2022\/03\/WhatsApp-Image-2022-03-14-at-14.09.21.jpeg?w=720&amp;ssl=1 720w\" sizes=\"(max-width: 576px) 100vw, 576px\" \/><\/figure>\n<\/figure>\n","protected":false},"excerpt":{"rendered":"<p>La Municipalidad de Villa Nueva contin\u00faa llevando adelante las obras para terminar las construcciones de los centros vecinales de distintos barrios de la ciudad, y en este sentido, durante la jornada de hoy se avanz\u00f3 con la construcci\u00f3n del contrapiso en la sede del Centro Vecinal de barrio Los Olmos.La obra, forma parte del plan [&hellip;]<\/p>\n","protected":false},"author":4,"featured_media":54061,"comment_status":"open","ping_status":"open","sticky":false,"template":"","format":"standard","meta":{"site-sidebar-layout":"default","site-content-layout":"","ast-site-content-layout":"default","site-content-style":"default","site-sidebar-style":"default","ast-global-header-display":"","ast-banner-title-visibility":"","ast-main-header-display":"","ast-hfb-above-header-display":"","ast-hfb-below-header-display":"","ast-hfb-mobile-header-display":"","site-post-title":"","ast-breadcrumbs-content":"","ast-featured-img":"","footer-sml-layout":"","ast-disable-related-posts":"","theme-transparent-header-meta":"","adv-header-id-meta":"","stick-header-meta":"","header-above-stick-meta":"","header-main-stick-meta":"","header-below-stick-meta":"","astra-migrate-meta-layouts":"default","ast-page-background-enabled":"default","ast-page-background-meta":{"desktop":{"background-color":"","background-image":"","background-repeat":"repeat","background-position":"center center","background-size":"auto","background-attachment":"scroll","background-type":"","background-media":"","overlay-type":"","overlay-color":"","overlay-opacity":"","overlay-gradient":""},"tablet":{"background-color":"","background-image":"","background-repeat":"repeat","background-position":"center center","background-size":"auto","background-attachment":"scroll","background-type":"","background-media":"","overlay-type":"","overlay-color":"","overlay-opacity":"","overlay-gradient":""},"mobile":{"background-color":"","background-image":"","background-repeat":"repeat","background-position":"center center","background-size":"auto","background-attachment":"scroll","background-type":"","background-media":"","overlay-type":"","overlay-color":"","overlay-opacity":"","overlay-gradient":""}},"ast-content-background-meta":{"desktop":{"background-color":"var(--ast-global-color-5)","background-image":"","background-repeat":"repeat","background-position":"center center","background-size":"auto","background-attachment":"scroll","background-type":"","background-media":"","overlay-type":"","overlay-color":"","overlay-opacity":"","overlay-gradient":""},"tablet":{"background-color":"var(--ast-global-color-5)","background-image":"","background-repeat":"repeat","background-position":"center center","background-size":"auto","background-attachment":"scroll","background-type":"","background-media":"","overlay-type":"","overlay-color":"","overlay-opacity":"","overlay-gradient":""},"mobile":{"background-color":"var(--ast-global-color-5)","background-image":"","background-repeat":"repeat","background-position":"center center","background-size":"auto","background-attachment":"scroll","background-type":"","background-media":"","overlay-type":"","overlay-color":"","overlay-opacity":"","overlay-gradient":""}},"_jetpack_memberships_contains_paid_content":false,"_joinchat":[],"footnotes":""},"categories":[1408],"tags":[2053,14239,2135,1232,11246,3105,232],"class_list":["post-54060","post","type-post","status-publish","format-standard","has-post-thumbnail","hentry","category-villa-nueva","tag-barrios","tag-centro-vecinal-barrio-los-olmos","tag-construccion","tag-destacado","tag-iluminacion-led","tag-municipalidad-de-villa-nueva","tag-villa-nueva"],"yoast_head":"<!-- This site is optimized with the Yoast SEO plugin v26.8 - https:\/\/yoast.com\/product\/yoast-seo-wordpress\/ -->\n<title>Siguen construyendo el Centro Vecinal de B\u00ba Los Olmos de Villa Nueva - El Regional<\/title>\n<meta name=\"robots\" content=\"index, follow, max-snippet:-1, max-image-preview:large, max-video-preview:-1\" \/>\n<link rel=\"canonical\" href=\"http:\/\/elregionalvm.com.ar\/noticias-villa-maria\/siguen-construyendo-el-centro-vecinal-de-bo-los-olmos-de-villa-nueva\/\" \/>\n<meta property=\"og:locale\" content=\"es_ES\" \/>\n<meta property=\"og:type\" content=\"article\" \/>\n<meta property=\"og:title\" content=\"Siguen construyendo el Centro Vecinal de B\u00ba Los Olmos de Villa Nueva - El Regional\" \/>\n<meta property=\"og:description\" content=\"La Municipalidad de Villa Nueva contin\u00faa llevando adelante las obras para terminar las construcciones de los centros vecinales de distintos barrios de la ciudad, y en este sentido, durante la jornada de hoy se avanz\u00f3 con la construcci\u00f3n del contrapiso en la sede del Centro Vecinal de barrio Los Olmos.La obra, forma parte del plan [&hellip;]\" \/>\n<meta property=\"og:url\" content=\"http:\/\/elregionalvm.com.ar\/noticias-villa-maria\/siguen-construyendo-el-centro-vecinal-de-bo-los-olmos-de-villa-nueva\/\" \/>\n<meta property=\"og:site_name\" content=\"El Regional\" \/>\n<meta property=\"article:publisher\" content=\"https:\/\/www.facebook.com\/elregionalvm\" \/>\n<meta property=\"article:published_time\" content=\"2022-03-15T00:15:47+00:00\" \/>\n<meta property=\"article:modified_time\" content=\"2022-03-15T00:15:48+00:00\" \/>\n<meta property=\"og:image\" content=\"http:\/\/elregionalvm.com.ar\/noticias-villa-maria\/wp-content\/uploads\/2022\/03\/WhatsApp-Image-2022-03-14-at-14.11.07.jpeg\" \/>\n\t<meta property=\"og:image:width\" content=\"1280\" \/>\n\t<meta property=\"og:image:height\" content=\"720\" \/>\n\t<meta property=\"og:image:type\" content=\"image\/jpeg\" \/>\n<meta name=\"author\" content=\"Contenidos El Regional\" \/>\n<meta name=\"twitter:card\" content=\"summary_large_image\" \/>\n<meta name=\"twitter:creator\" content=\"@elregionalvm1\" \/>\n<meta name=\"twitter:site\" content=\"@elregionalvm1\" \/>\n<meta name=\"twitter:label1\" content=\"Escrito por\" \/>\n\t<meta name=\"twitter:data1\" content=\"Contenidos El Regional\" \/>\n\t<meta name=\"twitter:label2\" content=\"Tiempo de lectura\" \/>\n\t<meta name=\"twitter:data2\" content=\"1 minuto\" \/>\n<script type=\"application\/ld+json\" class=\"yoast-schema-graph\">{\"@context\":\"https:\/\/schema.org\",\"@graph\":[{\"@type\":\"Article\",\"@id\":\"http:\/\/elregionalvm.com.ar\/noticias-villa-maria\/siguen-construyendo-el-centro-vecinal-de-bo-los-olmos-de-villa-nueva\/#article\",\"isPartOf\":{\"@id\":\"http:\/\/elregionalvm.com.ar\/noticias-villa-maria\/siguen-construyendo-el-centro-vecinal-de-bo-los-olmos-de-villa-nueva\/\"},\"author\":{\"name\":\"Contenidos El Regional\",\"@id\":\"http:\/\/elregionalvm.com.ar\/noticias-villa-maria\/#\/schema\/person\/a0fb9c422317faca23d50163151bc354\"},\"headline\":\"Siguen construyendo el Centro Vecinal de B\u00ba Los Olmos de Villa Nueva\",\"datePublished\":\"2022-03-15T00:15:47+00:00\",\"dateModified\":\"2022-03-15T00:15:48+00:00\",\"mainEntityOfPage\":{\"@id\":\"http:\/\/elregionalvm.com.ar\/noticias-villa-maria\/siguen-construyendo-el-centro-vecinal-de-bo-los-olmos-de-villa-nueva\/\"},\"wordCount\":217,\"commentCount\":0,\"image\":{\"@id\":\"http:\/\/elregionalvm.com.ar\/noticias-villa-maria\/siguen-construyendo-el-centro-vecinal-de-bo-los-olmos-de-villa-nueva\/#primaryimage\"},\"thumbnailUrl\":\"https:\/\/i0.wp.com\/elregionalvm.com.ar\/noticias-villa-maria\/wp-content\/uploads\/2022\/03\/WhatsApp-Image-2022-03-14-at-14.11.07.jpeg?fit=1280%2C720&ssl=1\",\"keywords\":[\"Barrios\",\"Centro Vecinal Barrio Los Olmos\",\"Construcci\u00f3n\",\"destacado\",\"Iluminaci\u00f3n led\",\"Municipalidad de Villa Nueva\",\"VILLA NUEVA\"],\"articleSection\":[\"Villa Nueva\"],\"inLanguage\":\"es\",\"potentialAction\":[{\"@type\":\"CommentAction\",\"name\":\"Comment\",\"target\":[\"http:\/\/elregionalvm.com.ar\/noticias-villa-maria\/siguen-construyendo-el-centro-vecinal-de-bo-los-olmos-de-villa-nueva\/#respond\"]}]},{\"@type\":\"WebPage\",\"@id\":\"http:\/\/elregionalvm.com.ar\/noticias-villa-maria\/siguen-construyendo-el-centro-vecinal-de-bo-los-olmos-de-villa-nueva\/\",\"url\":\"http:\/\/elregionalvm.com.ar\/noticias-villa-maria\/siguen-construyendo-el-centro-vecinal-de-bo-los-olmos-de-villa-nueva\/\",\"name\":\"Siguen construyendo el Centro Vecinal de B\u00ba Los Olmos de Villa Nueva - El Regional\",\"isPartOf\":{\"@id\":\"http:\/\/elregionalvm.com.ar\/noticias-villa-maria\/#website\"},\"primaryImageOfPage\":{\"@id\":\"http:\/\/elregionalvm.com.ar\/noticias-villa-maria\/siguen-construyendo-el-centro-vecinal-de-bo-los-olmos-de-villa-nueva\/#primaryimage\"},\"image\":{\"@id\":\"http:\/\/elregionalvm.com.ar\/noticias-villa-maria\/siguen-construyendo-el-centro-vecinal-de-bo-los-olmos-de-villa-nueva\/#primaryimage\"},\"thumbnailUrl\":\"https:\/\/i0.wp.com\/elregionalvm.com.ar\/noticias-villa-maria\/wp-content\/uploads\/2022\/03\/WhatsApp-Image-2022-03-14-at-14.11.07.jpeg?fit=1280%2C720&ssl=1\",\"datePublished\":\"2022-03-15T00:15:47+00:00\",\"dateModified\":\"2022-03-15T00:15:48+00:00\",\"author\":{\"@id\":\"http:\/\/elregionalvm.com.ar\/noticias-villa-maria\/#\/schema\/person\/a0fb9c422317faca23d50163151bc354\"},\"breadcrumb\":{\"@id\":\"http:\/\/elregionalvm.com.ar\/noticias-villa-maria\/siguen-construyendo-el-centro-vecinal-de-bo-los-olmos-de-villa-nueva\/#breadcrumb\"},\"inLanguage\":\"es\",\"potentialAction\":[{\"@type\":\"ReadAction\",\"target\":[\"http:\/\/elregionalvm.com.ar\/noticias-villa-maria\/siguen-construyendo-el-centro-vecinal-de-bo-los-olmos-de-villa-nueva\/\"]}]},{\"@type\":\"ImageObject\",\"inLanguage\":\"es\",\"@id\":\"http:\/\/elregionalvm.com.ar\/noticias-villa-maria\/siguen-construyendo-el-centro-vecinal-de-bo-los-olmos-de-villa-nueva\/#primaryimage\",\"url\":\"https:\/\/i0.wp.com\/elregionalvm.com.ar\/noticias-villa-maria\/wp-content\/uploads\/2022\/03\/WhatsApp-Image-2022-03-14-at-14.11.07.jpeg?fit=1280%2C720&ssl=1\",\"contentUrl\":\"https:\/\/i0.wp.com\/elregionalvm.com.ar\/noticias-villa-maria\/wp-content\/uploads\/2022\/03\/WhatsApp-Image-2022-03-14-at-14.11.07.jpeg?fit=1280%2C720&ssl=1\",\"width\":1280,\"height\":720},{\"@type\":\"BreadcrumbList\",\"@id\":\"http:\/\/elregionalvm.com.ar\/noticias-villa-maria\/siguen-construyendo-el-centro-vecinal-de-bo-los-olmos-de-villa-nueva\/#breadcrumb\",\"itemListElement\":[{\"@type\":\"ListItem\",\"position\":1,\"name\":\"Portada\",\"item\":\"https:\/\/elregionalvm.com.ar\/noticias-villa-maria\/\"},{\"@type\":\"ListItem\",\"position\":2,\"name\":\"Siguen construyendo el Centro Vecinal de B\u00ba Los Olmos de Villa Nueva\"}]},{\"@type\":\"WebSite\",\"@id\":\"http:\/\/elregionalvm.com.ar\/noticias-villa-maria\/#website\",\"url\":\"http:\/\/elregionalvm.com.ar\/noticias-villa-maria\/\",\"name\":\"El Regional\",\"description\":\"Mucho m\u00e1s que informaci\u00f3n\",\"potentialAction\":[{\"@type\":\"SearchAction\",\"target\":{\"@type\":\"EntryPoint\",\"urlTemplate\":\"http:\/\/elregionalvm.com.ar\/noticias-villa-maria\/?s={search_term_string}\"},\"query-input\":{\"@type\":\"PropertyValueSpecification\",\"valueRequired\":true,\"valueName\":\"search_term_string\"}}],\"inLanguage\":\"es\"},{\"@type\":\"Person\",\"@id\":\"http:\/\/elregionalvm.com.ar\/noticias-villa-maria\/#\/schema\/person\/a0fb9c422317faca23d50163151bc354\",\"name\":\"Contenidos El Regional\",\"image\":{\"@type\":\"ImageObject\",\"inLanguage\":\"es\",\"@id\":\"http:\/\/elregionalvm.com.ar\/noticias-villa-maria\/#\/schema\/person\/image\/\",\"url\":\"https:\/\/secure.gravatar.com\/avatar\/265b27cb2209af7bb3a1318f03305787d7981a5cc6e6cd08fe5a4ecdf99d4b48?s=96&d=mm&r=g\",\"contentUrl\":\"https:\/\/secure.gravatar.com\/avatar\/265b27cb2209af7bb3a1318f03305787d7981a5cc6e6cd08fe5a4ecdf99d4b48?s=96&d=mm&r=g\",\"caption\":\"Contenidos El Regional\"},\"url\":\"https:\/\/elregionalvm.com.ar\/noticias-villa-maria\/author\/contenido\/\"}]}<\/script>\n<!-- \/ Yoast SEO plugin. -->","yoast_head_json":{"title":"Siguen construyendo el Centro Vecinal de B\u00ba Los Olmos de Villa Nueva - El Regional","robots":{"index":"index","follow":"follow","max-snippet":"max-snippet:-1","max-image-preview":"max-image-preview:large","max-video-preview":"max-video-preview:-1"},"canonical":"http:\/\/elregionalvm.com.ar\/noticias-villa-maria\/siguen-construyendo-el-centro-vecinal-de-bo-los-olmos-de-villa-nueva\/","og_locale":"es_ES","og_type":"article","og_title":"Siguen construyendo el Centro Vecinal de B\u00ba Los Olmos de Villa Nueva - El Regional","og_description":"La Municipalidad de Villa Nueva contin\u00faa llevando adelante las obras para terminar las construcciones de los centros vecinales de distintos barrios de la ciudad, y en este sentido, durante la jornada de hoy se avanz\u00f3 con la construcci\u00f3n del contrapiso en la sede del Centro Vecinal de barrio Los Olmos.La obra, forma parte del plan [&hellip;]","og_url":"http:\/\/elregionalvm.com.ar\/noticias-villa-maria\/siguen-construyendo-el-centro-vecinal-de-bo-los-olmos-de-villa-nueva\/","og_site_name":"El Regional","article_publisher":"https:\/\/www.facebook.com\/elregionalvm","article_published_time":"2022-03-15T00:15:47+00:00","article_modified_time":"2022-03-15T00:15:48+00:00","og_image":[{"width":1280,"height":720,"url":"http:\/\/elregionalvm.com.ar\/noticias-villa-maria\/wp-content\/uploads\/2022\/03\/WhatsApp-Image-2022-03-14-at-14.11.07.jpeg","type":"image\/jpeg"}],"author":"Contenidos El Regional","twitter_card":"summary_large_image","twitter_creator":"@elregionalvm1","twitter_site":"@elregionalvm1","twitter_misc":{"Escrito por":"Contenidos El Regional","Tiempo de lectura":"1 minuto"},"schema":{"@context":"https:\/\/schema.org","@graph":[{"@type":"Article","@id":"http:\/\/elregionalvm.com.ar\/noticias-villa-maria\/siguen-construyendo-el-centro-vecinal-de-bo-los-olmos-de-villa-nueva\/#article","isPartOf":{"@id":"http:\/\/elregionalvm.com.ar\/noticias-villa-maria\/siguen-construyendo-el-centro-vecinal-de-bo-los-olmos-de-villa-nueva\/"},"author":{"name":"Contenidos El Regional","@id":"http:\/\/elregionalvm.com.ar\/noticias-villa-maria\/#\/schema\/person\/a0fb9c422317faca23d50163151bc354"},"headline":"Siguen construyendo el Centro Vecinal de B\u00ba Los Olmos de Villa Nueva","datePublished":"2022-03-15T00:15:47+00:00","dateModified":"2022-03-15T00:15:48+00:00","mainEntityOfPage":{"@id":"http:\/\/elregionalvm.com.ar\/noticias-villa-maria\/siguen-construyendo-el-centro-vecinal-de-bo-los-olmos-de-villa-nueva\/"},"wordCount":217,"commentCount":0,"image":{"@id":"http:\/\/elregionalvm.com.ar\/noticias-villa-maria\/siguen-construyendo-el-centro-vecinal-de-bo-los-olmos-de-villa-nueva\/#primaryimage"},"thumbnailUrl":"https:\/\/i0.wp.com\/elregionalvm.com.ar\/noticias-villa-maria\/wp-content\/uploads\/2022\/03\/WhatsApp-Image-2022-03-14-at-14.11.07.jpeg?fit=1280%2C720&ssl=1","keywords":["Barrios","Centro Vecinal Barrio Los Olmos","Construcci\u00f3n","destacado","Iluminaci\u00f3n led","Municipalidad de Villa Nueva","VILLA NUEVA"],"articleSection":["Villa Nueva"],"inLanguage":"es","potentialAction":[{"@type":"CommentAction","name":"Comment","target":["http:\/\/elregionalvm.com.ar\/noticias-villa-maria\/siguen-construyendo-el-centro-vecinal-de-bo-los-olmos-de-villa-nueva\/#respond"]}]},{"@type":"WebPage","@id":"http:\/\/elregionalvm.com.ar\/noticias-villa-maria\/siguen-construyendo-el-centro-vecinal-de-bo-los-olmos-de-villa-nueva\/","url":"http:\/\/elregionalvm.com.ar\/noticias-villa-maria\/siguen-construyendo-el-centro-vecinal-de-bo-los-olmos-de-villa-nueva\/","name":"Siguen construyendo el Centro Vecinal de B\u00ba Los Olmos de Villa Nueva - El Regional","isPartOf":{"@id":"http:\/\/elregionalvm.com.ar\/noticias-villa-maria\/#website"},"primaryImageOfPage":{"@id":"http:\/\/elregionalvm.com.ar\/noticias-villa-maria\/siguen-construyendo-el-centro-vecinal-de-bo-los-olmos-de-villa-nueva\/#primaryimage"},"image":{"@id":"http:\/\/elregionalvm.com.ar\/noticias-villa-maria\/siguen-construyendo-el-centro-vecinal-de-bo-los-olmos-de-villa-nueva\/#primaryimage"},"thumbnailUrl":"https:\/\/i0.wp.com\/elregionalvm.com.ar\/noticias-villa-maria\/wp-content\/uploads\/2022\/03\/WhatsApp-Image-2022-03-14-at-14.11.07.jpeg?fit=1280%2C720&ssl=1","datePublished":"2022-03-15T00:15:47+00:00","dateModified":"2022-03-15T00:15:48+00:00","author":{"@id":"http:\/\/elregionalvm.com.ar\/noticias-villa-maria\/#\/schema\/person\/a0fb9c422317faca23d50163151bc354"},"breadcrumb":{"@id":"http:\/\/elregionalvm.com.ar\/noticias-villa-maria\/siguen-construyendo-el-centro-vecinal-de-bo-los-olmos-de-villa-nueva\/#breadcrumb"},"inLanguage":"es","potentialAction":[{"@type":"ReadAction","target":["http:\/\/elregionalvm.com.ar\/noticias-villa-maria\/siguen-construyendo-el-centro-vecinal-de-bo-los-olmos-de-villa-nueva\/"]}]},{"@type":"ImageObject","inLanguage":"es","@id":"http:\/\/elregionalvm.com.ar\/noticias-villa-maria\/siguen-construyendo-el-centro-vecinal-de-bo-los-olmos-de-villa-nueva\/#primaryimage","url":"https:\/\/i0.wp.com\/elregionalvm.com.ar\/noticias-villa-maria\/wp-content\/uploads\/2022\/03\/WhatsApp-Image-2022-03-14-at-14.11.07.jpeg?fit=1280%2C720&ssl=1","contentUrl":"https:\/\/i0.wp.com\/elregionalvm.com.ar\/noticias-villa-maria\/wp-content\/uploads\/2022\/03\/WhatsApp-Image-2022-03-14-at-14.11.07.jpeg?fit=1280%2C720&ssl=1","width":1280,"height":720},{"@type":"BreadcrumbList","@id":"http:\/\/elregionalvm.com.ar\/noticias-villa-maria\/siguen-construyendo-el-centro-vecinal-de-bo-los-olmos-de-villa-nueva\/#breadcrumb","itemListElement":[{"@type":"ListItem","position":1,"name":"Portada","item":"https:\/\/elregionalvm.com.ar\/noticias-villa-maria\/"},{"@type":"ListItem","position":2,"name":"Siguen construyendo el Centro Vecinal de B\u00ba Los Olmos de Villa Nueva"}]},{"@type":"WebSite","@id":"http:\/\/elregionalvm.com.ar\/noticias-villa-maria\/#website","url":"http:\/\/elregionalvm.com.ar\/noticias-villa-maria\/","name":"El Regional","description":"Mucho m\u00e1s que informaci\u00f3n","potentialAction":[{"@type":"SearchAction","target":{"@type":"EntryPoint","urlTemplate":"http:\/\/elregionalvm.com.ar\/noticias-villa-maria\/?s={search_term_string}"},"query-input":{"@type":"PropertyValueSpecification","valueRequired":true,"valueName":"search_term_string"}}],"inLanguage":"es"},{"@type":"Person","@id":"http:\/\/elregionalvm.com.ar\/noticias-villa-maria\/#\/schema\/person\/a0fb9c422317faca23d50163151bc354","name":"Contenidos El Regional","image":{"@type":"ImageObject","inLanguage":"es","@id":"http:\/\/elregionalvm.com.ar\/noticias-villa-maria\/#\/schema\/person\/image\/","url":"https:\/\/secure.gravatar.com\/avatar\/265b27cb2209af7bb3a1318f03305787d7981a5cc6e6cd08fe5a4ecdf99d4b48?s=96&d=mm&r=g","contentUrl":"https:\/\/secure.gravatar.com\/avatar\/265b27cb2209af7bb3a1318f03305787d7981a5cc6e6cd08fe5a4ecdf99d4b48?s=96&d=mm&r=g","caption":"Contenidos El Regional"},"url":"https:\/\/elregionalvm.com.ar\/noticias-villa-maria\/author\/contenido\/"}]}},"jetpack_featured_media_url":"https:\/\/i0.wp.com\/elregionalvm.com.ar\/noticias-villa-maria\/wp-content\/uploads\/2022\/03\/WhatsApp-Image-2022-03-14-at-14.11.07.jpeg?fit=1280%2C720&ssl=1","jetpack_sharing_enabled":true,"_links":{"self":[{"href":"https:\/\/elregionalvm.com.ar\/noticias-villa-maria\/wp-json\/wp\/v2\/posts\/54060","targetHints":{"allow":["GET"]}}],"collection":[{"href":"https:\/\/elregionalvm.com.ar\/noticias-villa-maria\/wp-json\/wp\/v2\/posts"}],"about":[{"href":"https:\/\/elregionalvm.com.ar\/noticias-villa-maria\/wp-json\/wp\/v2\/types\/post"}],"author":[{"embeddable":true,"href":"https:\/\/elregionalvm.com.ar\/noticias-villa-maria\/wp-json\/wp\/v2\/users\/4"}],"replies":[{"embeddable":true,"href":"https:\/\/elregionalvm.com.ar\/noticias-villa-maria\/wp-json\/wp\/v2\/comments?post=54060"}],"version-history":[{"count":1,"href":"https:\/\/elregionalvm.com.ar\/noticias-villa-maria\/wp-json\/wp\/v2\/posts\/54060\/revisions"}],"predecessor-version":[{"id":54064,"href":"https:\/\/elregionalvm.com.ar\/noticias-villa-maria\/wp-json\/wp\/v2\/posts\/54060\/revisions\/54064"}],"wp:featuredmedia":[{"embeddable":true,"href":"https:\/\/elregionalvm.com.ar\/noticias-villa-maria\/wp-json\/wp\/v2\/media\/54061"}],"wp:attachment":[{"href":"https:\/\/elregionalvm.com.ar\/noticias-villa-maria\/wp-json\/wp\/v2\/media?parent=54060"}],"wp:term":[{"taxonomy":"category","embeddable":true,"href":"https:\/\/elregionalvm.com.ar\/noticias-villa-maria\/wp-json\/wp\/v2\/categories?post=54060"},{"taxonomy":"post_tag","embeddable":true,"href":"https:\/\/elregionalvm.com.ar\/noticias-villa-maria\/wp-json\/wp\/v2\/tags?post=54060"}],"curies":[{"name":"wp","href":"https:\/\/api.w.org\/{rel}","templated":true}]}}