{"id":54076,"date":"2022-03-15T02:02:27","date_gmt":"2022-03-15T02:02:27","guid":{"rendered":"https:\/\/elregionalvm.com.ar\/noticias-villa-maria\/?p=54076"},"modified":"2022-03-15T02:02:29","modified_gmt":"2022-03-15T02:02:29","slug":"rompio-el-vidrio-de-un-auto-para-robar-pero-lo-atraparon","status":"publish","type":"post","link":"https:\/\/elregionalvm.com.ar\/noticias-villa-maria\/rompio-el-vidrio-de-un-auto-para-robar-pero-lo-atraparon\/","title":{"rendered":"Rompi\u00f3 el vidrio de un auto para robar, pero lo atraparon"},"content":{"rendered":"\n<p>En barrio San Justo de nuestra ciudad, a las 15:50 de hoy, la patrulla preventiva detuvo a un sujeto de 21 a\u00f1os, por un intento de robo, tras romper el vidrio de un autom\u00f3vil que estaba estacionado en la v\u00eda p\u00fablica, con la idea de sustraer elementos que estaban en su interior.<\/p>\n\n\n\n<p>Damnificada de este hecho fue una mujer de 45 a\u00f1os, quien dio cuenta inmediatamente de lo ocurrido, por lo que la polic\u00eda lo retuvo al delincuente tras un operativo cerrojo.<\/p>\n\n\n\n<p><strong>VILLA NUEVA, DETENIDO POR RESISTIR UN CONTROL DE RUTINA<\/strong><\/p>\n\n\n\n<p>Pasadas las 11 de la ma\u00f1ana de este lunes, en Barrio Sarmiento de Villa Nueva, m\u00e1s precisamente en San Luis al 800 se detuvo a un sujeto de 28 a\u00f1os, que se resisti\u00f3 a un control de rutina que se efectuaba en la v\u00eda p\u00fablica. Cuando los polic\u00edas quisieron aprehenderlo \u00e9ste se resisti\u00f3, increpando a los efectivos.<\/p>\n\n\n\n<div class=\"wp-block-image\"><figure class=\"aligncenter size-full is-resized\"><img data-recalc-dims=\"1\" fetchpriority=\"high\" decoding=\"async\" src=\"https:\/\/i0.wp.com\/elregionalvm.com.ar\/noticias-villa-maria\/wp-content\/uploads\/2022\/03\/WhatsApp-Image-2022-03-14-at-18.20.51.jpeg?resize=433%2C578&#038;ssl=1\" alt=\"\" class=\"wp-image-54077\" width=\"433\" height=\"578\" srcset=\"https:\/\/i0.wp.com\/elregionalvm.com.ar\/noticias-villa-maria\/wp-content\/uploads\/2022\/03\/WhatsApp-Image-2022-03-14-at-18.20.51.jpeg?w=676&amp;ssl=1 676w, https:\/\/i0.wp.com\/elregionalvm.com.ar\/noticias-villa-maria\/wp-content\/uploads\/2022\/03\/WhatsApp-Image-2022-03-14-at-18.20.51.jpeg?resize=225%2C300&amp;ssl=1 225w\" sizes=\"(max-width: 433px) 100vw, 433px\" \/><\/figure><\/div>\n","protected":false},"excerpt":{"rendered":"<p>En barrio San Justo de nuestra ciudad, a las 15:50 de hoy, la patrulla preventiva detuvo a un sujeto de 21 a\u00f1os, por un intento de robo, tras romper el vidrio de un autom\u00f3vil que estaba estacionado en la v\u00eda p\u00fablica, con la idea de sustraer elementos que estaban en su interior. Damnificada de este [&hellip;]<\/p>\n","protected":false},"author":4,"featured_media":54078,"comment_status":"open","ping_status":"open","sticky":false,"template":"","format":"standard","meta":{"site-sidebar-layout":"default","site-content-layout":"","ast-site-content-layout":"default","site-content-style":"default","site-sidebar-style":"default","ast-global-header-display":"","ast-banner-title-visibility":"","ast-main-header-display":"","ast-hfb-above-header-display":"","ast-hfb-below-header-display":"","ast-hfb-mobile-header-display":"","site-post-title":"","ast-breadcrumbs-content":"","ast-featured-img":"","footer-sml-layout":"","ast-disable-related-posts":"","theme-transparent-header-meta":"","adv-header-id-meta":"","stick-header-meta":"","header-above-stick-meta":"","header-main-stick-meta":"","header-below-stick-meta":"","astra-migrate-meta-layouts":"default","ast-page-background-enabled":"default","ast-page-background-meta":{"desktop":{"background-color":"","background-image":"","background-repeat":"repeat","background-position":"center center","background-size":"auto","background-attachment":"scroll","background-type":"","background-media":"","overlay-type":"","overlay-color":"","overlay-opacity":"","overlay-gradient":""},"tablet":{"background-color":"","background-image":"","background-repeat":"repeat","background-position":"center center","background-size":"auto","background-attachment":"scroll","background-type":"","background-media":"","overlay-type":"","overlay-color":"","overlay-opacity":"","overlay-gradient":""},"mobile":{"background-color":"","background-image":"","background-repeat":"repeat","background-position":"center center","background-size":"auto","background-attachment":"scroll","background-type":"","background-media":"","overlay-type":"","overlay-color":"","overlay-opacity":"","overlay-gradient":""}},"ast-content-background-meta":{"desktop":{"background-color":"var(--ast-global-color-5)","background-image":"","background-repeat":"repeat","background-position":"center center","background-size":"auto","background-attachment":"scroll","background-type":"","background-media":"","overlay-type":"","overlay-color":"","overlay-opacity":"","overlay-gradient":""},"tablet":{"background-color":"var(--ast-global-color-5)","background-image":"","background-repeat":"repeat","background-position":"center center","background-size":"auto","background-attachment":"scroll","background-type":"","background-media":"","overlay-type":"","overlay-color":"","overlay-opacity":"","overlay-gradient":""},"mobile":{"background-color":"var(--ast-global-color-5)","background-image":"","background-repeat":"repeat","background-position":"center center","background-size":"auto","background-attachment":"scroll","background-type":"","background-media":"","overlay-type":"","overlay-color":"","overlay-opacity":"","overlay-gradient":""}},"_jetpack_memberships_contains_paid_content":false,"_joinchat":[],"footnotes":""},"categories":[2234],"tags":[7189,14247,2414,14248,3831,14245,14246,14244,2248,232],"class_list":["post-54076","post","type-post","status-publish","format-standard","has-post-thumbnail","hentry","category-policiales","tag-barrio-san-justo","tag-control-rutinario","tag-detenidos","tag-increpo-policias","tag-intento-de-robo","tag-operativo-cerrojo","tag-resistencia-autoridad","tag-rompio-vidrio-auto","tag-villa-maria-2","tag-villa-nueva"],"yoast_head":"<!-- This site is optimized with the Yoast SEO plugin v26.8 - https:\/\/yoast.com\/product\/yoast-seo-wordpress\/ -->\n<title>Rompi\u00f3 el vidrio de un auto para robar, pero lo atraparon - El Regional<\/title>\n<meta name=\"robots\" content=\"index, follow, max-snippet:-1, max-image-preview:large, max-video-preview:-1\" \/>\n<link rel=\"canonical\" href=\"http:\/\/elregionalvm.com.ar\/noticias-villa-maria\/rompio-el-vidrio-de-un-auto-para-robar-pero-lo-atraparon\/\" \/>\n<meta property=\"og:locale\" content=\"es_ES\" \/>\n<meta property=\"og:type\" content=\"article\" \/>\n<meta property=\"og:title\" content=\"Rompi\u00f3 el vidrio de un auto para robar, pero lo atraparon - El Regional\" \/>\n<meta property=\"og:description\" content=\"En barrio San Justo de nuestra ciudad, a las 15:50 de hoy, la patrulla preventiva detuvo a un sujeto de 21 a\u00f1os, por un intento de robo, tras romper el vidrio de un autom\u00f3vil que estaba estacionado en la v\u00eda p\u00fablica, con la idea de sustraer elementos que estaban en su interior. Damnificada de este [&hellip;]\" \/>\n<meta property=\"og:url\" content=\"http:\/\/elregionalvm.com.ar\/noticias-villa-maria\/rompio-el-vidrio-de-un-auto-para-robar-pero-lo-atraparon\/\" \/>\n<meta property=\"og:site_name\" content=\"El Regional\" \/>\n<meta property=\"article:publisher\" content=\"https:\/\/www.facebook.com\/elregionalvm\" \/>\n<meta property=\"article:published_time\" content=\"2022-03-15T02:02:27+00:00\" \/>\n<meta property=\"article:modified_time\" content=\"2022-03-15T02:02:29+00:00\" \/>\n<meta property=\"og:image\" content=\"http:\/\/elregionalvm.com.ar\/noticias-villa-maria\/wp-content\/uploads\/2022\/03\/WhatsApp-Image-2022-03-14-at-18.21.09.jpeg\" \/>\n\t<meta property=\"og:image:width\" content=\"1200\" \/>\n\t<meta property=\"og:image:height\" content=\"1600\" \/>\n\t<meta property=\"og:image:type\" content=\"image\/jpeg\" \/>\n<meta name=\"author\" content=\"Contenidos El Regional\" \/>\n<meta name=\"twitter:card\" content=\"summary_large_image\" \/>\n<meta name=\"twitter:creator\" content=\"@elregionalvm1\" \/>\n<meta name=\"twitter:site\" content=\"@elregionalvm1\" \/>\n<meta name=\"twitter:label1\" content=\"Escrito por\" \/>\n\t<meta name=\"twitter:data1\" content=\"Contenidos El Regional\" \/>\n\t<meta name=\"twitter:label2\" content=\"Tiempo de lectura\" \/>\n\t<meta name=\"twitter:data2\" content=\"1 minuto\" \/>\n<script type=\"application\/ld+json\" class=\"yoast-schema-graph\">{\"@context\":\"https:\/\/schema.org\",\"@graph\":[{\"@type\":\"Article\",\"@id\":\"http:\/\/elregionalvm.com.ar\/noticias-villa-maria\/rompio-el-vidrio-de-un-auto-para-robar-pero-lo-atraparon\/#article\",\"isPartOf\":{\"@id\":\"http:\/\/elregionalvm.com.ar\/noticias-villa-maria\/rompio-el-vidrio-de-un-auto-para-robar-pero-lo-atraparon\/\"},\"author\":{\"name\":\"Contenidos El Regional\",\"@id\":\"http:\/\/elregionalvm.com.ar\/noticias-villa-maria\/#\/schema\/person\/a0fb9c422317faca23d50163151bc354\"},\"headline\":\"Rompi\u00f3 el vidrio de un auto para robar, pero lo atraparon\",\"datePublished\":\"2022-03-15T02:02:27+00:00\",\"dateModified\":\"2022-03-15T02:02:29+00:00\",\"mainEntityOfPage\":{\"@id\":\"http:\/\/elregionalvm.com.ar\/noticias-villa-maria\/rompio-el-vidrio-de-un-auto-para-robar-pero-lo-atraparon\/\"},\"wordCount\":165,\"commentCount\":0,\"image\":{\"@id\":\"http:\/\/elregionalvm.com.ar\/noticias-villa-maria\/rompio-el-vidrio-de-un-auto-para-robar-pero-lo-atraparon\/#primaryimage\"},\"thumbnailUrl\":\"https:\/\/i0.wp.com\/elregionalvm.com.ar\/noticias-villa-maria\/wp-content\/uploads\/2022\/03\/WhatsApp-Image-2022-03-14-at-18.21.09.jpeg?fit=1200%2C1600&ssl=1\",\"keywords\":[\"Barrio San Justo\",\"control rutinario\",\"detenidos\",\"increp\u00f3 polic\u00edas\",\"intento de robo\",\"operativo cerrojo\",\"resistencia autoridad\",\"rompi\u00f3 vidrio auto\",\"Villa Mar\u00eda\",\"VILLA NUEVA\"],\"articleSection\":[\"Policiales\"],\"inLanguage\":\"es\",\"potentialAction\":[{\"@type\":\"CommentAction\",\"name\":\"Comment\",\"target\":[\"http:\/\/elregionalvm.com.ar\/noticias-villa-maria\/rompio-el-vidrio-de-un-auto-para-robar-pero-lo-atraparon\/#respond\"]}]},{\"@type\":\"WebPage\",\"@id\":\"http:\/\/elregionalvm.com.ar\/noticias-villa-maria\/rompio-el-vidrio-de-un-auto-para-robar-pero-lo-atraparon\/\",\"url\":\"http:\/\/elregionalvm.com.ar\/noticias-villa-maria\/rompio-el-vidrio-de-un-auto-para-robar-pero-lo-atraparon\/\",\"name\":\"Rompi\u00f3 el vidrio de un auto para robar, pero lo atraparon - El Regional\",\"isPartOf\":{\"@id\":\"http:\/\/elregionalvm.com.ar\/noticias-villa-maria\/#website\"},\"primaryImageOfPage\":{\"@id\":\"http:\/\/elregionalvm.com.ar\/noticias-villa-maria\/rompio-el-vidrio-de-un-auto-para-robar-pero-lo-atraparon\/#primaryimage\"},\"image\":{\"@id\":\"http:\/\/elregionalvm.com.ar\/noticias-villa-maria\/rompio-el-vidrio-de-un-auto-para-robar-pero-lo-atraparon\/#primaryimage\"},\"thumbnailUrl\":\"https:\/\/i0.wp.com\/elregionalvm.com.ar\/noticias-villa-maria\/wp-content\/uploads\/2022\/03\/WhatsApp-Image-2022-03-14-at-18.21.09.jpeg?fit=1200%2C1600&ssl=1\",\"datePublished\":\"2022-03-15T02:02:27+00:00\",\"dateModified\":\"2022-03-15T02:02:29+00:00\",\"author\":{\"@id\":\"http:\/\/elregionalvm.com.ar\/noticias-villa-maria\/#\/schema\/person\/a0fb9c422317faca23d50163151bc354\"},\"breadcrumb\":{\"@id\":\"http:\/\/elregionalvm.com.ar\/noticias-villa-maria\/rompio-el-vidrio-de-un-auto-para-robar-pero-lo-atraparon\/#breadcrumb\"},\"inLanguage\":\"es\",\"potentialAction\":[{\"@type\":\"ReadAction\",\"target\":[\"http:\/\/elregionalvm.com.ar\/noticias-villa-maria\/rompio-el-vidrio-de-un-auto-para-robar-pero-lo-atraparon\/\"]}]},{\"@type\":\"ImageObject\",\"inLanguage\":\"es\",\"@id\":\"http:\/\/elregionalvm.com.ar\/noticias-villa-maria\/rompio-el-vidrio-de-un-auto-para-robar-pero-lo-atraparon\/#primaryimage\",\"url\":\"https:\/\/i0.wp.com\/elregionalvm.com.ar\/noticias-villa-maria\/wp-content\/uploads\/2022\/03\/WhatsApp-Image-2022-03-14-at-18.21.09.jpeg?fit=1200%2C1600&ssl=1\",\"contentUrl\":\"https:\/\/i0.wp.com\/elregionalvm.com.ar\/noticias-villa-maria\/wp-content\/uploads\/2022\/03\/WhatsApp-Image-2022-03-14-at-18.21.09.jpeg?fit=1200%2C1600&ssl=1\",\"width\":1200,\"height\":1600},{\"@type\":\"BreadcrumbList\",\"@id\":\"http:\/\/elregionalvm.com.ar\/noticias-villa-maria\/rompio-el-vidrio-de-un-auto-para-robar-pero-lo-atraparon\/#breadcrumb\",\"itemListElement\":[{\"@type\":\"ListItem\",\"position\":1,\"name\":\"Portada\",\"item\":\"https:\/\/elregionalvm.com.ar\/noticias-villa-maria\/\"},{\"@type\":\"ListItem\",\"position\":2,\"name\":\"Rompi\u00f3 el vidrio de un auto para robar, pero lo atraparon\"}]},{\"@type\":\"WebSite\",\"@id\":\"http:\/\/elregionalvm.com.ar\/noticias-villa-maria\/#website\",\"url\":\"http:\/\/elregionalvm.com.ar\/noticias-villa-maria\/\",\"name\":\"El Regional\",\"description\":\"Mucho m\u00e1s que informaci\u00f3n\",\"potentialAction\":[{\"@type\":\"SearchAction\",\"target\":{\"@type\":\"EntryPoint\",\"urlTemplate\":\"http:\/\/elregionalvm.com.ar\/noticias-villa-maria\/?s={search_term_string}\"},\"query-input\":{\"@type\":\"PropertyValueSpecification\",\"valueRequired\":true,\"valueName\":\"search_term_string\"}}],\"inLanguage\":\"es\"},{\"@type\":\"Person\",\"@id\":\"http:\/\/elregionalvm.com.ar\/noticias-villa-maria\/#\/schema\/person\/a0fb9c422317faca23d50163151bc354\",\"name\":\"Contenidos El Regional\",\"image\":{\"@type\":\"ImageObject\",\"inLanguage\":\"es\",\"@id\":\"http:\/\/elregionalvm.com.ar\/noticias-villa-maria\/#\/schema\/person\/image\/\",\"url\":\"https:\/\/secure.gravatar.com\/avatar\/265b27cb2209af7bb3a1318f03305787d7981a5cc6e6cd08fe5a4ecdf99d4b48?s=96&d=mm&r=g\",\"contentUrl\":\"https:\/\/secure.gravatar.com\/avatar\/265b27cb2209af7bb3a1318f03305787d7981a5cc6e6cd08fe5a4ecdf99d4b48?s=96&d=mm&r=g\",\"caption\":\"Contenidos El Regional\"},\"url\":\"https:\/\/elregionalvm.com.ar\/noticias-villa-maria\/author\/contenido\/\"}]}<\/script>\n<!-- \/ Yoast SEO plugin. -->","yoast_head_json":{"title":"Rompi\u00f3 el vidrio de un auto para robar, pero lo atraparon - El Regional","robots":{"index":"index","follow":"follow","max-snippet":"max-snippet:-1","max-image-preview":"max-image-preview:large","max-video-preview":"max-video-preview:-1"},"canonical":"http:\/\/elregionalvm.com.ar\/noticias-villa-maria\/rompio-el-vidrio-de-un-auto-para-robar-pero-lo-atraparon\/","og_locale":"es_ES","og_type":"article","og_title":"Rompi\u00f3 el vidrio de un auto para robar, pero lo atraparon - El Regional","og_description":"En barrio San Justo de nuestra ciudad, a las 15:50 de hoy, la patrulla preventiva detuvo a un sujeto de 21 a\u00f1os, por un intento de robo, tras romper el vidrio de un autom\u00f3vil que estaba estacionado en la v\u00eda p\u00fablica, con la idea de sustraer elementos que estaban en su interior. Damnificada de este [&hellip;]","og_url":"http:\/\/elregionalvm.com.ar\/noticias-villa-maria\/rompio-el-vidrio-de-un-auto-para-robar-pero-lo-atraparon\/","og_site_name":"El Regional","article_publisher":"https:\/\/www.facebook.com\/elregionalvm","article_published_time":"2022-03-15T02:02:27+00:00","article_modified_time":"2022-03-15T02:02:29+00:00","og_image":[{"width":1200,"height":1600,"url":"http:\/\/elregionalvm.com.ar\/noticias-villa-maria\/wp-content\/uploads\/2022\/03\/WhatsApp-Image-2022-03-14-at-18.21.09.jpeg","type":"image\/jpeg"}],"author":"Contenidos El Regional","twitter_card":"summary_large_image","twitter_creator":"@elregionalvm1","twitter_site":"@elregionalvm1","twitter_misc":{"Escrito por":"Contenidos El Regional","Tiempo de lectura":"1 minuto"},"schema":{"@context":"https:\/\/schema.org","@graph":[{"@type":"Article","@id":"http:\/\/elregionalvm.com.ar\/noticias-villa-maria\/rompio-el-vidrio-de-un-auto-para-robar-pero-lo-atraparon\/#article","isPartOf":{"@id":"http:\/\/elregionalvm.com.ar\/noticias-villa-maria\/rompio-el-vidrio-de-un-auto-para-robar-pero-lo-atraparon\/"},"author":{"name":"Contenidos El Regional","@id":"http:\/\/elregionalvm.com.ar\/noticias-villa-maria\/#\/schema\/person\/a0fb9c422317faca23d50163151bc354"},"headline":"Rompi\u00f3 el vidrio de un auto para robar, pero lo atraparon","datePublished":"2022-03-15T02:02:27+00:00","dateModified":"2022-03-15T02:02:29+00:00","mainEntityOfPage":{"@id":"http:\/\/elregionalvm.com.ar\/noticias-villa-maria\/rompio-el-vidrio-de-un-auto-para-robar-pero-lo-atraparon\/"},"wordCount":165,"commentCount":0,"image":{"@id":"http:\/\/elregionalvm.com.ar\/noticias-villa-maria\/rompio-el-vidrio-de-un-auto-para-robar-pero-lo-atraparon\/#primaryimage"},"thumbnailUrl":"https:\/\/i0.wp.com\/elregionalvm.com.ar\/noticias-villa-maria\/wp-content\/uploads\/2022\/03\/WhatsApp-Image-2022-03-14-at-18.21.09.jpeg?fit=1200%2C1600&ssl=1","keywords":["Barrio San Justo","control rutinario","detenidos","increp\u00f3 polic\u00edas","intento de robo","operativo cerrojo","resistencia autoridad","rompi\u00f3 vidrio auto","Villa Mar\u00eda","VILLA NUEVA"],"articleSection":["Policiales"],"inLanguage":"es","potentialAction":[{"@type":"CommentAction","name":"Comment","target":["http:\/\/elregionalvm.com.ar\/noticias-villa-maria\/rompio-el-vidrio-de-un-auto-para-robar-pero-lo-atraparon\/#respond"]}]},{"@type":"WebPage","@id":"http:\/\/elregionalvm.com.ar\/noticias-villa-maria\/rompio-el-vidrio-de-un-auto-para-robar-pero-lo-atraparon\/","url":"http:\/\/elregionalvm.com.ar\/noticias-villa-maria\/rompio-el-vidrio-de-un-auto-para-robar-pero-lo-atraparon\/","name":"Rompi\u00f3 el vidrio de un auto para robar, pero lo atraparon - El Regional","isPartOf":{"@id":"http:\/\/elregionalvm.com.ar\/noticias-villa-maria\/#website"},"primaryImageOfPage":{"@id":"http:\/\/elregionalvm.com.ar\/noticias-villa-maria\/rompio-el-vidrio-de-un-auto-para-robar-pero-lo-atraparon\/#primaryimage"},"image":{"@id":"http:\/\/elregionalvm.com.ar\/noticias-villa-maria\/rompio-el-vidrio-de-un-auto-para-robar-pero-lo-atraparon\/#primaryimage"},"thumbnailUrl":"https:\/\/i0.wp.com\/elregionalvm.com.ar\/noticias-villa-maria\/wp-content\/uploads\/2022\/03\/WhatsApp-Image-2022-03-14-at-18.21.09.jpeg?fit=1200%2C1600&ssl=1","datePublished":"2022-03-15T02:02:27+00:00","dateModified":"2022-03-15T02:02:29+00:00","author":{"@id":"http:\/\/elregionalvm.com.ar\/noticias-villa-maria\/#\/schema\/person\/a0fb9c422317faca23d50163151bc354"},"breadcrumb":{"@id":"http:\/\/elregionalvm.com.ar\/noticias-villa-maria\/rompio-el-vidrio-de-un-auto-para-robar-pero-lo-atraparon\/#breadcrumb"},"inLanguage":"es","potentialAction":[{"@type":"ReadAction","target":["http:\/\/elregionalvm.com.ar\/noticias-villa-maria\/rompio-el-vidrio-de-un-auto-para-robar-pero-lo-atraparon\/"]}]},{"@type":"ImageObject","inLanguage":"es","@id":"http:\/\/elregionalvm.com.ar\/noticias-villa-maria\/rompio-el-vidrio-de-un-auto-para-robar-pero-lo-atraparon\/#primaryimage","url":"https:\/\/i0.wp.com\/elregionalvm.com.ar\/noticias-villa-maria\/wp-content\/uploads\/2022\/03\/WhatsApp-Image-2022-03-14-at-18.21.09.jpeg?fit=1200%2C1600&ssl=1","contentUrl":"https:\/\/i0.wp.com\/elregionalvm.com.ar\/noticias-villa-maria\/wp-content\/uploads\/2022\/03\/WhatsApp-Image-2022-03-14-at-18.21.09.jpeg?fit=1200%2C1600&ssl=1","width":1200,"height":1600},{"@type":"BreadcrumbList","@id":"http:\/\/elregionalvm.com.ar\/noticias-villa-maria\/rompio-el-vidrio-de-un-auto-para-robar-pero-lo-atraparon\/#breadcrumb","itemListElement":[{"@type":"ListItem","position":1,"name":"Portada","item":"https:\/\/elregionalvm.com.ar\/noticias-villa-maria\/"},{"@type":"ListItem","position":2,"name":"Rompi\u00f3 el vidrio de un auto para robar, pero lo atraparon"}]},{"@type":"WebSite","@id":"http:\/\/elregionalvm.com.ar\/noticias-villa-maria\/#website","url":"http:\/\/elregionalvm.com.ar\/noticias-villa-maria\/","name":"El Regional","description":"Mucho m\u00e1s que informaci\u00f3n","potentialAction":[{"@type":"SearchAction","target":{"@type":"EntryPoint","urlTemplate":"http:\/\/elregionalvm.com.ar\/noticias-villa-maria\/?s={search_term_string}"},"query-input":{"@type":"PropertyValueSpecification","valueRequired":true,"valueName":"search_term_string"}}],"inLanguage":"es"},{"@type":"Person","@id":"http:\/\/elregionalvm.com.ar\/noticias-villa-maria\/#\/schema\/person\/a0fb9c422317faca23d50163151bc354","name":"Contenidos El Regional","image":{"@type":"ImageObject","inLanguage":"es","@id":"http:\/\/elregionalvm.com.ar\/noticias-villa-maria\/#\/schema\/person\/image\/","url":"https:\/\/secure.gravatar.com\/avatar\/265b27cb2209af7bb3a1318f03305787d7981a5cc6e6cd08fe5a4ecdf99d4b48?s=96&d=mm&r=g","contentUrl":"https:\/\/secure.gravatar.com\/avatar\/265b27cb2209af7bb3a1318f03305787d7981a5cc6e6cd08fe5a4ecdf99d4b48?s=96&d=mm&r=g","caption":"Contenidos El Regional"},"url":"https:\/\/elregionalvm.com.ar\/noticias-villa-maria\/author\/contenido\/"}]}},"jetpack_featured_media_url":"https:\/\/i0.wp.com\/elregionalvm.com.ar\/noticias-villa-maria\/wp-content\/uploads\/2022\/03\/WhatsApp-Image-2022-03-14-at-18.21.09.jpeg?fit=1200%2C1600&ssl=1","jetpack_sharing_enabled":true,"_links":{"self":[{"href":"https:\/\/elregionalvm.com.ar\/noticias-villa-maria\/wp-json\/wp\/v2\/posts\/54076","targetHints":{"allow":["GET"]}}],"collection":[{"href":"https:\/\/elregionalvm.com.ar\/noticias-villa-maria\/wp-json\/wp\/v2\/posts"}],"about":[{"href":"https:\/\/elregionalvm.com.ar\/noticias-villa-maria\/wp-json\/wp\/v2\/types\/post"}],"author":[{"embeddable":true,"href":"https:\/\/elregionalvm.com.ar\/noticias-villa-maria\/wp-json\/wp\/v2\/users\/4"}],"replies":[{"embeddable":true,"href":"https:\/\/elregionalvm.com.ar\/noticias-villa-maria\/wp-json\/wp\/v2\/comments?post=54076"}],"version-history":[{"count":1,"href":"https:\/\/elregionalvm.com.ar\/noticias-villa-maria\/wp-json\/wp\/v2\/posts\/54076\/revisions"}],"predecessor-version":[{"id":54079,"href":"https:\/\/elregionalvm.com.ar\/noticias-villa-maria\/wp-json\/wp\/v2\/posts\/54076\/revisions\/54079"}],"wp:featuredmedia":[{"embeddable":true,"href":"https:\/\/elregionalvm.com.ar\/noticias-villa-maria\/wp-json\/wp\/v2\/media\/54078"}],"wp:attachment":[{"href":"https:\/\/elregionalvm.com.ar\/noticias-villa-maria\/wp-json\/wp\/v2\/media?parent=54076"}],"wp:term":[{"taxonomy":"category","embeddable":true,"href":"https:\/\/elregionalvm.com.ar\/noticias-villa-maria\/wp-json\/wp\/v2\/categories?post=54076"},{"taxonomy":"post_tag","embeddable":true,"href":"https:\/\/elregionalvm.com.ar\/noticias-villa-maria\/wp-json\/wp\/v2\/tags?post=54076"}],"curies":[{"name":"wp","href":"https:\/\/api.w.org\/{rel}","templated":true}]}}