{"id":54131,"date":"2022-03-15T21:29:23","date_gmt":"2022-03-15T21:29:23","guid":{"rendered":"https:\/\/elregionalvm.com.ar\/noticias-villa-maria\/?p=54131"},"modified":"2022-03-15T21:41:18","modified_gmt":"2022-03-15T21:41:18","slug":"nueva-escuela-orientacion-en-robotica-y-automatizacion-industrial","status":"publish","type":"post","link":"https:\/\/elregionalvm.com.ar\/noticias-villa-maria\/nueva-escuela-orientacion-en-robotica-y-automatizacion-industrial\/","title":{"rendered":"Nueva escuela: orientaci\u00f3n en rob\u00f3tica y automatizaci\u00f3n industrial"},"content":{"rendered":"\n<p>El intendente Mart\u00edn Gill recibi\u00f3 al ministro de Educaci\u00f3n de la Provincia, Walter Grahovac en su visita a la ciudad. En este marco, las autoridades suscribieron un convenio de vinculaci\u00f3n y cooperaci\u00f3n acad\u00e9mica, al mismo tiempo que dieron a conocer la inminente puesta en marcha de una nueva escuela secundaria en Villa Mar\u00eda.<\/p>\n\n\n\n<p>El anuncio tuvo lugar en el Sal\u00f3n Blanco del Palacio Municipal, donde el mandatario local y el titular de la cartera provincial de Educaci\u00f3n brindaron detalles sobre la nueva oferta educativa. <strong>Se trata del Instituto Superior Polit\u00e9cnico C\u00f3rdoba<\/strong>, <strong>un bachillerato con formaci\u00f3n profesional en automatizaci\u00f3n industrial y rob\u00f3tica que comenzar\u00e1 a funcionar a partir de la pr\u00f3xima semana, dando respuesta a la gran demanda de bancos en escuelas de la ciudad.<\/strong><\/p>\n\n\n\n<p>Al tomar la palabra, Gill se\u00f1al\u00f3: \u201cDesde el municipio mantuvimos una reuni\u00f3n junto al ministro, donde planteamos la necesidad de crear una nueva escuela para ampliar el cupo de bancos en la ciudad\u201d. \u201c<strong>Actualmente, desde inspecci\u00f3n se trabaja en los aspectos organizativos que van a permitir poner en funcionamiento la instituci\u00f3n desde la pr\u00f3xima semana\u201d<\/strong>, apunt\u00f3.<\/p>\n\n\n\n<p>Adem\u00e1s, el intendente enfatiz\u00f3: \u201cFirmar este convenio junto a Provincia es de gran importancia porque en la ciudad tenemos una fiesta cada vez que se crea una escuela\u201d. Y luego explic\u00f3 que <strong>\u201cen una primera instancia, el Instituto Polit\u00e9cnico funcionar\u00e1 en la sede del Inescer, mientras el municipio avanza en el establecimiento de un terreno para su construcci\u00f3n y completa consolidaci\u00f3n\u201d.<\/strong><\/p>\n\n\n\n<figure class=\"wp-block-gallery has-nested-images columns-default is-cropped wp-block-gallery-1 is-layout-flex wp-block-gallery-is-layout-flex\">\n<figure class=\"wp-block-image size-large\"><img data-recalc-dims=\"1\" fetchpriority=\"high\" decoding=\"async\" width=\"1024\" height=\"682\" data-id=\"54134\" src=\"https:\/\/i0.wp.com\/elregionalvm.com.ar\/noticias-villa-maria\/wp-content\/uploads\/2022\/03\/WhatsApp-Image-2022-03-15-at-13.50.09-1.jpeg?resize=1024%2C682&#038;ssl=1\" alt=\"\" class=\"wp-image-54134\" srcset=\"https:\/\/i0.wp.com\/elregionalvm.com.ar\/noticias-villa-maria\/wp-content\/uploads\/2022\/03\/WhatsApp-Image-2022-03-15-at-13.50.09-1.jpeg?resize=1024%2C682&amp;ssl=1 1024w, https:\/\/i0.wp.com\/elregionalvm.com.ar\/noticias-villa-maria\/wp-content\/uploads\/2022\/03\/WhatsApp-Image-2022-03-15-at-13.50.09-1.jpeg?resize=300%2C200&amp;ssl=1 300w, https:\/\/i0.wp.com\/elregionalvm.com.ar\/noticias-villa-maria\/wp-content\/uploads\/2022\/03\/WhatsApp-Image-2022-03-15-at-13.50.09-1.jpeg?resize=768%2C512&amp;ssl=1 768w, https:\/\/i0.wp.com\/elregionalvm.com.ar\/noticias-villa-maria\/wp-content\/uploads\/2022\/03\/WhatsApp-Image-2022-03-15-at-13.50.09-1.jpeg?w=1280&amp;ssl=1 1280w\" sizes=\"(max-width: 1000px) 100vw, 1000px\" \/><\/figure>\n\n\n\n<figure class=\"wp-block-image size-large\"><img data-recalc-dims=\"1\" decoding=\"async\" width=\"1024\" height=\"682\" data-id=\"54133\" src=\"https:\/\/i0.wp.com\/elregionalvm.com.ar\/noticias-villa-maria\/wp-content\/uploads\/2022\/03\/WhatsApp-Image-2022-03-15-at-13.50.09.jpeg?resize=1024%2C682&#038;ssl=1\" alt=\"\" class=\"wp-image-54133\" srcset=\"https:\/\/i0.wp.com\/elregionalvm.com.ar\/noticias-villa-maria\/wp-content\/uploads\/2022\/03\/WhatsApp-Image-2022-03-15-at-13.50.09.jpeg?resize=1024%2C682&amp;ssl=1 1024w, https:\/\/i0.wp.com\/elregionalvm.com.ar\/noticias-villa-maria\/wp-content\/uploads\/2022\/03\/WhatsApp-Image-2022-03-15-at-13.50.09.jpeg?resize=300%2C200&amp;ssl=1 300w, https:\/\/i0.wp.com\/elregionalvm.com.ar\/noticias-villa-maria\/wp-content\/uploads\/2022\/03\/WhatsApp-Image-2022-03-15-at-13.50.09.jpeg?resize=768%2C512&amp;ssl=1 768w, https:\/\/i0.wp.com\/elregionalvm.com.ar\/noticias-villa-maria\/wp-content\/uploads\/2022\/03\/WhatsApp-Image-2022-03-15-at-13.50.09.jpeg?w=1280&amp;ssl=1 1280w\" sizes=\"(max-width: 1000px) 100vw, 1000px\" \/><\/figure>\n<\/figure>\n\n\n\n<p>Por su parte, Grahovac puntualiz\u00f3: \u201cEsta escuela est\u00e1 pensada con perfil y formaci\u00f3n profesional, por lo que los estudiantes adquirir\u00e1n certificaciones de competencias laborales junto a su t\u00edtulo secundario\u201d. \u201cDe esta manera, la terminalidad educativa les permitir\u00e1 iniciar estudios terciarios y universitarios, como as\u00ed tambi\u00e9n insertarse en el mundo laboral\u201d, subray\u00f3.<\/p>\n\n\n\n<p>En esta l\u00ednea, el ministro de Educaci\u00f3n a\u00f1adi\u00f3 que \u201cse trata de una apuesta innovadora mediante la creaci\u00f3n de espacios comunes para la adquisici\u00f3n de conocimientos distintos\u201d. \u201cLas especializaciones que otorga son una muy buena herramienta para la inclusi\u00f3n en la vida del trabajo\u201d, concluy\u00f3.<\/p>\n\n\n\n<p>En cuanto al acuerdo suscripto por las partes, \u00e9ste tiene por objetivo el trabajo articulado y conjunto entre el municipio y la Provincia en materia educativa. En este sentido, el Gobierno local se comprometi\u00f3 a definir un punto de conectividad para fortalecer las posibilidades de acceso a las ofertas educativas virtuales para estudiantes del Instituto Superior Polit\u00e9cnico C\u00f3rdoba.<\/p>\n\n\n\n<p>Entre los funcionaros provinciales, se cont\u00f3 con la presencia del ministro de Comercio e Industria, Eduardo Accastello, junto a la presidenta de la Agencia C\u00f3rdoba Cultura, Nora Bedano, quienes acompa\u00f1aron la presentaci\u00f3n de la nueva instituci\u00f3n frente a dem\u00e1s funcionarios y medios.<\/p>\n\n\n\n<p><\/p>\n","protected":false},"excerpt":{"rendered":"<p>El intendente Mart\u00edn Gill recibi\u00f3 al ministro de Educaci\u00f3n de la Provincia, Walter Grahovac en su visita a la ciudad. En este marco, las autoridades suscribieron un convenio de vinculaci\u00f3n y cooperaci\u00f3n acad\u00e9mica, al mismo tiempo que dieron a conocer la inminente puesta en marcha de una nueva escuela secundaria en Villa Mar\u00eda. El anuncio [&hellip;]<\/p>\n","protected":false},"author":4,"featured_media":54132,"comment_status":"open","ping_status":"open","sticky":false,"template":"","format":"standard","meta":{"site-sidebar-layout":"default","site-content-layout":"","ast-site-content-layout":"default","site-content-style":"default","site-sidebar-style":"default","ast-global-header-display":"","ast-banner-title-visibility":"","ast-main-header-display":"","ast-hfb-above-header-display":"","ast-hfb-below-header-display":"","ast-hfb-mobile-header-display":"","site-post-title":"","ast-breadcrumbs-content":"","ast-featured-img":"","footer-sml-layout":"","ast-disable-related-posts":"","theme-transparent-header-meta":"","adv-header-id-meta":"","stick-header-meta":"","header-above-stick-meta":"","header-main-stick-meta":"","header-below-stick-meta":"","astra-migrate-meta-layouts":"default","ast-page-background-enabled":"default","ast-page-background-meta":{"desktop":{"background-color":"","background-image":"","background-repeat":"repeat","background-position":"center center","background-size":"auto","background-attachment":"scroll","background-type":"","background-media":"","overlay-type":"","overlay-color":"","overlay-opacity":"","overlay-gradient":""},"tablet":{"background-color":"","background-image":"","background-repeat":"repeat","background-position":"center center","background-size":"auto","background-attachment":"scroll","background-type":"","background-media":"","overlay-type":"","overlay-color":"","overlay-opacity":"","overlay-gradient":""},"mobile":{"background-color":"","background-image":"","background-repeat":"repeat","background-position":"center center","background-size":"auto","background-attachment":"scroll","background-type":"","background-media":"","overlay-type":"","overlay-color":"","overlay-opacity":"","overlay-gradient":""}},"ast-content-background-meta":{"desktop":{"background-color":"var(--ast-global-color-5)","background-image":"","background-repeat":"repeat","background-position":"center center","background-size":"auto","background-attachment":"scroll","background-type":"","background-media":"","overlay-type":"","overlay-color":"","overlay-opacity":"","overlay-gradient":""},"tablet":{"background-color":"var(--ast-global-color-5)","background-image":"","background-repeat":"repeat","background-position":"center center","background-size":"auto","background-attachment":"scroll","background-type":"","background-media":"","overlay-type":"","overlay-color":"","overlay-opacity":"","overlay-gradient":""},"mobile":{"background-color":"var(--ast-global-color-5)","background-image":"","background-repeat":"repeat","background-position":"center center","background-size":"auto","background-attachment":"scroll","background-type":"","background-media":"","overlay-type":"","overlay-color":"","overlay-opacity":"","overlay-gradient":""}},"_jetpack_memberships_contains_paid_content":false,"_joinchat":[],"footnotes":""},"categories":[2],"tags":[14254,14266,1232,14265,14267,14252,14264,3059],"class_list":["post-54131","post","type-post","status-publish","format-standard","has-post-thumbnail","hentry","category-villa-maria","tag-automatizacion-industrial","tag-bachillerato-profesional","tag-destacado","tag-instituto-superior-politecnico-cordoba","tag-martin-rodrigo-gill","tag-nueva-escuela-secundaria","tag-orientacion-en-robotica","tag-walter-grahovac"],"yoast_head":"<!-- This site is optimized with the Yoast SEO plugin v26.8 - https:\/\/yoast.com\/product\/yoast-seo-wordpress\/ -->\n<title>Nueva escuela: orientaci\u00f3n en rob\u00f3tica y automatizaci\u00f3n industrial - El Regional<\/title>\n<meta name=\"robots\" content=\"index, follow, max-snippet:-1, max-image-preview:large, max-video-preview:-1\" \/>\n<link rel=\"canonical\" href=\"http:\/\/elregionalvm.com.ar\/noticias-villa-maria\/nueva-escuela-orientacion-en-robotica-y-automatizacion-industrial\/\" \/>\n<meta property=\"og:locale\" content=\"es_ES\" \/>\n<meta property=\"og:type\" content=\"article\" \/>\n<meta property=\"og:title\" content=\"Nueva escuela: orientaci\u00f3n en rob\u00f3tica y automatizaci\u00f3n industrial - El Regional\" \/>\n<meta property=\"og:description\" content=\"El intendente Mart\u00edn Gill recibi\u00f3 al ministro de Educaci\u00f3n de la Provincia, Walter Grahovac en su visita a la ciudad. En este marco, las autoridades suscribieron un convenio de vinculaci\u00f3n y cooperaci\u00f3n acad\u00e9mica, al mismo tiempo que dieron a conocer la inminente puesta en marcha de una nueva escuela secundaria en Villa Mar\u00eda. El anuncio [&hellip;]\" \/>\n<meta property=\"og:url\" content=\"http:\/\/elregionalvm.com.ar\/noticias-villa-maria\/nueva-escuela-orientacion-en-robotica-y-automatizacion-industrial\/\" \/>\n<meta property=\"og:site_name\" content=\"El Regional\" \/>\n<meta property=\"article:publisher\" content=\"https:\/\/www.facebook.com\/elregionalvm\" \/>\n<meta property=\"article:published_time\" content=\"2022-03-15T21:29:23+00:00\" \/>\n<meta property=\"article:modified_time\" content=\"2022-03-15T21:41:18+00:00\" \/>\n<meta property=\"og:image\" content=\"http:\/\/elregionalvm.com.ar\/noticias-villa-maria\/wp-content\/uploads\/2022\/03\/WhatsApp-Image-2022-03-15-at-13.50.08.jpeg\" \/>\n\t<meta property=\"og:image:width\" content=\"1280\" \/>\n\t<meta property=\"og:image:height\" content=\"930\" \/>\n\t<meta property=\"og:image:type\" content=\"image\/jpeg\" \/>\n<meta name=\"author\" content=\"Contenidos El Regional\" \/>\n<meta name=\"twitter:card\" content=\"summary_large_image\" \/>\n<meta name=\"twitter:creator\" content=\"@elregionalvm1\" \/>\n<meta name=\"twitter:site\" content=\"@elregionalvm1\" \/>\n<meta name=\"twitter:label1\" content=\"Escrito por\" \/>\n\t<meta name=\"twitter:data1\" content=\"Contenidos El Regional\" \/>\n\t<meta name=\"twitter:label2\" content=\"Tiempo de lectura\" \/>\n\t<meta name=\"twitter:data2\" content=\"2 minutos\" \/>\n<script type=\"application\/ld+json\" class=\"yoast-schema-graph\">{\"@context\":\"https:\/\/schema.org\",\"@graph\":[{\"@type\":\"Article\",\"@id\":\"http:\/\/elregionalvm.com.ar\/noticias-villa-maria\/nueva-escuela-orientacion-en-robotica-y-automatizacion-industrial\/#article\",\"isPartOf\":{\"@id\":\"http:\/\/elregionalvm.com.ar\/noticias-villa-maria\/nueva-escuela-orientacion-en-robotica-y-automatizacion-industrial\/\"},\"author\":{\"name\":\"Contenidos El Regional\",\"@id\":\"http:\/\/elregionalvm.com.ar\/noticias-villa-maria\/#\/schema\/person\/a0fb9c422317faca23d50163151bc354\"},\"headline\":\"Nueva escuela: orientaci\u00f3n en rob\u00f3tica y automatizaci\u00f3n industrial\",\"datePublished\":\"2022-03-15T21:29:23+00:00\",\"dateModified\":\"2022-03-15T21:41:18+00:00\",\"mainEntityOfPage\":{\"@id\":\"http:\/\/elregionalvm.com.ar\/noticias-villa-maria\/nueva-escuela-orientacion-en-robotica-y-automatizacion-industrial\/\"},\"wordCount\":488,\"commentCount\":0,\"image\":{\"@id\":\"http:\/\/elregionalvm.com.ar\/noticias-villa-maria\/nueva-escuela-orientacion-en-robotica-y-automatizacion-industrial\/#primaryimage\"},\"thumbnailUrl\":\"https:\/\/i0.wp.com\/elregionalvm.com.ar\/noticias-villa-maria\/wp-content\/uploads\/2022\/03\/WhatsApp-Image-2022-03-15-at-13.50.08.jpeg?fit=1280%2C930&ssl=1\",\"keywords\":[\"automatizaci\u00f3n industrial\",\"bachillerato profesional\",\"destacado\",\"Instituto Superior Polit\u00e9cnico C\u00f3rdoba\",\"Mart\u00edn Rodrigo Gill\",\"nueva escuela secundaria\",\"orientaci\u00f3n en rob\u00f3tica\",\"Walter Grahovac\"],\"articleSection\":[\"Villa Mar\u00eda\"],\"inLanguage\":\"es\",\"potentialAction\":[{\"@type\":\"CommentAction\",\"name\":\"Comment\",\"target\":[\"http:\/\/elregionalvm.com.ar\/noticias-villa-maria\/nueva-escuela-orientacion-en-robotica-y-automatizacion-industrial\/#respond\"]}]},{\"@type\":\"WebPage\",\"@id\":\"http:\/\/elregionalvm.com.ar\/noticias-villa-maria\/nueva-escuela-orientacion-en-robotica-y-automatizacion-industrial\/\",\"url\":\"http:\/\/elregionalvm.com.ar\/noticias-villa-maria\/nueva-escuela-orientacion-en-robotica-y-automatizacion-industrial\/\",\"name\":\"Nueva escuela: orientaci\u00f3n en rob\u00f3tica y automatizaci\u00f3n industrial - El Regional\",\"isPartOf\":{\"@id\":\"http:\/\/elregionalvm.com.ar\/noticias-villa-maria\/#website\"},\"primaryImageOfPage\":{\"@id\":\"http:\/\/elregionalvm.com.ar\/noticias-villa-maria\/nueva-escuela-orientacion-en-robotica-y-automatizacion-industrial\/#primaryimage\"},\"image\":{\"@id\":\"http:\/\/elregionalvm.com.ar\/noticias-villa-maria\/nueva-escuela-orientacion-en-robotica-y-automatizacion-industrial\/#primaryimage\"},\"thumbnailUrl\":\"https:\/\/i0.wp.com\/elregionalvm.com.ar\/noticias-villa-maria\/wp-content\/uploads\/2022\/03\/WhatsApp-Image-2022-03-15-at-13.50.08.jpeg?fit=1280%2C930&ssl=1\",\"datePublished\":\"2022-03-15T21:29:23+00:00\",\"dateModified\":\"2022-03-15T21:41:18+00:00\",\"author\":{\"@id\":\"http:\/\/elregionalvm.com.ar\/noticias-villa-maria\/#\/schema\/person\/a0fb9c422317faca23d50163151bc354\"},\"breadcrumb\":{\"@id\":\"http:\/\/elregionalvm.com.ar\/noticias-villa-maria\/nueva-escuela-orientacion-en-robotica-y-automatizacion-industrial\/#breadcrumb\"},\"inLanguage\":\"es\",\"potentialAction\":[{\"@type\":\"ReadAction\",\"target\":[\"http:\/\/elregionalvm.com.ar\/noticias-villa-maria\/nueva-escuela-orientacion-en-robotica-y-automatizacion-industrial\/\"]}]},{\"@type\":\"ImageObject\",\"inLanguage\":\"es\",\"@id\":\"http:\/\/elregionalvm.com.ar\/noticias-villa-maria\/nueva-escuela-orientacion-en-robotica-y-automatizacion-industrial\/#primaryimage\",\"url\":\"https:\/\/i0.wp.com\/elregionalvm.com.ar\/noticias-villa-maria\/wp-content\/uploads\/2022\/03\/WhatsApp-Image-2022-03-15-at-13.50.08.jpeg?fit=1280%2C930&ssl=1\",\"contentUrl\":\"https:\/\/i0.wp.com\/elregionalvm.com.ar\/noticias-villa-maria\/wp-content\/uploads\/2022\/03\/WhatsApp-Image-2022-03-15-at-13.50.08.jpeg?fit=1280%2C930&ssl=1\",\"width\":1280,\"height\":930},{\"@type\":\"BreadcrumbList\",\"@id\":\"http:\/\/elregionalvm.com.ar\/noticias-villa-maria\/nueva-escuela-orientacion-en-robotica-y-automatizacion-industrial\/#breadcrumb\",\"itemListElement\":[{\"@type\":\"ListItem\",\"position\":1,\"name\":\"Portada\",\"item\":\"https:\/\/elregionalvm.com.ar\/noticias-villa-maria\/\"},{\"@type\":\"ListItem\",\"position\":2,\"name\":\"Nueva escuela: orientaci\u00f3n en rob\u00f3tica y automatizaci\u00f3n industrial\"}]},{\"@type\":\"WebSite\",\"@id\":\"http:\/\/elregionalvm.com.ar\/noticias-villa-maria\/#website\",\"url\":\"http:\/\/elregionalvm.com.ar\/noticias-villa-maria\/\",\"name\":\"El Regional\",\"description\":\"Mucho m\u00e1s que informaci\u00f3n\",\"potentialAction\":[{\"@type\":\"SearchAction\",\"target\":{\"@type\":\"EntryPoint\",\"urlTemplate\":\"http:\/\/elregionalvm.com.ar\/noticias-villa-maria\/?s={search_term_string}\"},\"query-input\":{\"@type\":\"PropertyValueSpecification\",\"valueRequired\":true,\"valueName\":\"search_term_string\"}}],\"inLanguage\":\"es\"},{\"@type\":\"Person\",\"@id\":\"http:\/\/elregionalvm.com.ar\/noticias-villa-maria\/#\/schema\/person\/a0fb9c422317faca23d50163151bc354\",\"name\":\"Contenidos El Regional\",\"image\":{\"@type\":\"ImageObject\",\"inLanguage\":\"es\",\"@id\":\"http:\/\/elregionalvm.com.ar\/noticias-villa-maria\/#\/schema\/person\/image\/\",\"url\":\"https:\/\/secure.gravatar.com\/avatar\/265b27cb2209af7bb3a1318f03305787d7981a5cc6e6cd08fe5a4ecdf99d4b48?s=96&d=mm&r=g\",\"contentUrl\":\"https:\/\/secure.gravatar.com\/avatar\/265b27cb2209af7bb3a1318f03305787d7981a5cc6e6cd08fe5a4ecdf99d4b48?s=96&d=mm&r=g\",\"caption\":\"Contenidos El Regional\"},\"url\":\"https:\/\/elregionalvm.com.ar\/noticias-villa-maria\/author\/contenido\/\"}]}<\/script>\n<!-- \/ Yoast SEO plugin. -->","yoast_head_json":{"title":"Nueva escuela: orientaci\u00f3n en rob\u00f3tica y automatizaci\u00f3n industrial - El Regional","robots":{"index":"index","follow":"follow","max-snippet":"max-snippet:-1","max-image-preview":"max-image-preview:large","max-video-preview":"max-video-preview:-1"},"canonical":"http:\/\/elregionalvm.com.ar\/noticias-villa-maria\/nueva-escuela-orientacion-en-robotica-y-automatizacion-industrial\/","og_locale":"es_ES","og_type":"article","og_title":"Nueva escuela: orientaci\u00f3n en rob\u00f3tica y automatizaci\u00f3n industrial - El Regional","og_description":"El intendente Mart\u00edn Gill recibi\u00f3 al ministro de Educaci\u00f3n de la Provincia, Walter Grahovac en su visita a la ciudad. En este marco, las autoridades suscribieron un convenio de vinculaci\u00f3n y cooperaci\u00f3n acad\u00e9mica, al mismo tiempo que dieron a conocer la inminente puesta en marcha de una nueva escuela secundaria en Villa Mar\u00eda. El anuncio [&hellip;]","og_url":"http:\/\/elregionalvm.com.ar\/noticias-villa-maria\/nueva-escuela-orientacion-en-robotica-y-automatizacion-industrial\/","og_site_name":"El Regional","article_publisher":"https:\/\/www.facebook.com\/elregionalvm","article_published_time":"2022-03-15T21:29:23+00:00","article_modified_time":"2022-03-15T21:41:18+00:00","og_image":[{"width":1280,"height":930,"url":"http:\/\/elregionalvm.com.ar\/noticias-villa-maria\/wp-content\/uploads\/2022\/03\/WhatsApp-Image-2022-03-15-at-13.50.08.jpeg","type":"image\/jpeg"}],"author":"Contenidos El Regional","twitter_card":"summary_large_image","twitter_creator":"@elregionalvm1","twitter_site":"@elregionalvm1","twitter_misc":{"Escrito por":"Contenidos El Regional","Tiempo de lectura":"2 minutos"},"schema":{"@context":"https:\/\/schema.org","@graph":[{"@type":"Article","@id":"http:\/\/elregionalvm.com.ar\/noticias-villa-maria\/nueva-escuela-orientacion-en-robotica-y-automatizacion-industrial\/#article","isPartOf":{"@id":"http:\/\/elregionalvm.com.ar\/noticias-villa-maria\/nueva-escuela-orientacion-en-robotica-y-automatizacion-industrial\/"},"author":{"name":"Contenidos El Regional","@id":"http:\/\/elregionalvm.com.ar\/noticias-villa-maria\/#\/schema\/person\/a0fb9c422317faca23d50163151bc354"},"headline":"Nueva escuela: orientaci\u00f3n en rob\u00f3tica y automatizaci\u00f3n industrial","datePublished":"2022-03-15T21:29:23+00:00","dateModified":"2022-03-15T21:41:18+00:00","mainEntityOfPage":{"@id":"http:\/\/elregionalvm.com.ar\/noticias-villa-maria\/nueva-escuela-orientacion-en-robotica-y-automatizacion-industrial\/"},"wordCount":488,"commentCount":0,"image":{"@id":"http:\/\/elregionalvm.com.ar\/noticias-villa-maria\/nueva-escuela-orientacion-en-robotica-y-automatizacion-industrial\/#primaryimage"},"thumbnailUrl":"https:\/\/i0.wp.com\/elregionalvm.com.ar\/noticias-villa-maria\/wp-content\/uploads\/2022\/03\/WhatsApp-Image-2022-03-15-at-13.50.08.jpeg?fit=1280%2C930&ssl=1","keywords":["automatizaci\u00f3n industrial","bachillerato profesional","destacado","Instituto Superior Polit\u00e9cnico C\u00f3rdoba","Mart\u00edn Rodrigo Gill","nueva escuela secundaria","orientaci\u00f3n en rob\u00f3tica","Walter Grahovac"],"articleSection":["Villa Mar\u00eda"],"inLanguage":"es","potentialAction":[{"@type":"CommentAction","name":"Comment","target":["http:\/\/elregionalvm.com.ar\/noticias-villa-maria\/nueva-escuela-orientacion-en-robotica-y-automatizacion-industrial\/#respond"]}]},{"@type":"WebPage","@id":"http:\/\/elregionalvm.com.ar\/noticias-villa-maria\/nueva-escuela-orientacion-en-robotica-y-automatizacion-industrial\/","url":"http:\/\/elregionalvm.com.ar\/noticias-villa-maria\/nueva-escuela-orientacion-en-robotica-y-automatizacion-industrial\/","name":"Nueva escuela: orientaci\u00f3n en rob\u00f3tica y automatizaci\u00f3n industrial - El Regional","isPartOf":{"@id":"http:\/\/elregionalvm.com.ar\/noticias-villa-maria\/#website"},"primaryImageOfPage":{"@id":"http:\/\/elregionalvm.com.ar\/noticias-villa-maria\/nueva-escuela-orientacion-en-robotica-y-automatizacion-industrial\/#primaryimage"},"image":{"@id":"http:\/\/elregionalvm.com.ar\/noticias-villa-maria\/nueva-escuela-orientacion-en-robotica-y-automatizacion-industrial\/#primaryimage"},"thumbnailUrl":"https:\/\/i0.wp.com\/elregionalvm.com.ar\/noticias-villa-maria\/wp-content\/uploads\/2022\/03\/WhatsApp-Image-2022-03-15-at-13.50.08.jpeg?fit=1280%2C930&ssl=1","datePublished":"2022-03-15T21:29:23+00:00","dateModified":"2022-03-15T21:41:18+00:00","author":{"@id":"http:\/\/elregionalvm.com.ar\/noticias-villa-maria\/#\/schema\/person\/a0fb9c422317faca23d50163151bc354"},"breadcrumb":{"@id":"http:\/\/elregionalvm.com.ar\/noticias-villa-maria\/nueva-escuela-orientacion-en-robotica-y-automatizacion-industrial\/#breadcrumb"},"inLanguage":"es","potentialAction":[{"@type":"ReadAction","target":["http:\/\/elregionalvm.com.ar\/noticias-villa-maria\/nueva-escuela-orientacion-en-robotica-y-automatizacion-industrial\/"]}]},{"@type":"ImageObject","inLanguage":"es","@id":"http:\/\/elregionalvm.com.ar\/noticias-villa-maria\/nueva-escuela-orientacion-en-robotica-y-automatizacion-industrial\/#primaryimage","url":"https:\/\/i0.wp.com\/elregionalvm.com.ar\/noticias-villa-maria\/wp-content\/uploads\/2022\/03\/WhatsApp-Image-2022-03-15-at-13.50.08.jpeg?fit=1280%2C930&ssl=1","contentUrl":"https:\/\/i0.wp.com\/elregionalvm.com.ar\/noticias-villa-maria\/wp-content\/uploads\/2022\/03\/WhatsApp-Image-2022-03-15-at-13.50.08.jpeg?fit=1280%2C930&ssl=1","width":1280,"height":930},{"@type":"BreadcrumbList","@id":"http:\/\/elregionalvm.com.ar\/noticias-villa-maria\/nueva-escuela-orientacion-en-robotica-y-automatizacion-industrial\/#breadcrumb","itemListElement":[{"@type":"ListItem","position":1,"name":"Portada","item":"https:\/\/elregionalvm.com.ar\/noticias-villa-maria\/"},{"@type":"ListItem","position":2,"name":"Nueva escuela: orientaci\u00f3n en rob\u00f3tica y automatizaci\u00f3n industrial"}]},{"@type":"WebSite","@id":"http:\/\/elregionalvm.com.ar\/noticias-villa-maria\/#website","url":"http:\/\/elregionalvm.com.ar\/noticias-villa-maria\/","name":"El Regional","description":"Mucho m\u00e1s que informaci\u00f3n","potentialAction":[{"@type":"SearchAction","target":{"@type":"EntryPoint","urlTemplate":"http:\/\/elregionalvm.com.ar\/noticias-villa-maria\/?s={search_term_string}"},"query-input":{"@type":"PropertyValueSpecification","valueRequired":true,"valueName":"search_term_string"}}],"inLanguage":"es"},{"@type":"Person","@id":"http:\/\/elregionalvm.com.ar\/noticias-villa-maria\/#\/schema\/person\/a0fb9c422317faca23d50163151bc354","name":"Contenidos El Regional","image":{"@type":"ImageObject","inLanguage":"es","@id":"http:\/\/elregionalvm.com.ar\/noticias-villa-maria\/#\/schema\/person\/image\/","url":"https:\/\/secure.gravatar.com\/avatar\/265b27cb2209af7bb3a1318f03305787d7981a5cc6e6cd08fe5a4ecdf99d4b48?s=96&d=mm&r=g","contentUrl":"https:\/\/secure.gravatar.com\/avatar\/265b27cb2209af7bb3a1318f03305787d7981a5cc6e6cd08fe5a4ecdf99d4b48?s=96&d=mm&r=g","caption":"Contenidos El Regional"},"url":"https:\/\/elregionalvm.com.ar\/noticias-villa-maria\/author\/contenido\/"}]}},"jetpack_featured_media_url":"https:\/\/i0.wp.com\/elregionalvm.com.ar\/noticias-villa-maria\/wp-content\/uploads\/2022\/03\/WhatsApp-Image-2022-03-15-at-13.50.08.jpeg?fit=1280%2C930&ssl=1","jetpack_sharing_enabled":true,"_links":{"self":[{"href":"https:\/\/elregionalvm.com.ar\/noticias-villa-maria\/wp-json\/wp\/v2\/posts\/54131","targetHints":{"allow":["GET"]}}],"collection":[{"href":"https:\/\/elregionalvm.com.ar\/noticias-villa-maria\/wp-json\/wp\/v2\/posts"}],"about":[{"href":"https:\/\/elregionalvm.com.ar\/noticias-villa-maria\/wp-json\/wp\/v2\/types\/post"}],"author":[{"embeddable":true,"href":"https:\/\/elregionalvm.com.ar\/noticias-villa-maria\/wp-json\/wp\/v2\/users\/4"}],"replies":[{"embeddable":true,"href":"https:\/\/elregionalvm.com.ar\/noticias-villa-maria\/wp-json\/wp\/v2\/comments?post=54131"}],"version-history":[{"count":2,"href":"https:\/\/elregionalvm.com.ar\/noticias-villa-maria\/wp-json\/wp\/v2\/posts\/54131\/revisions"}],"predecessor-version":[{"id":54136,"href":"https:\/\/elregionalvm.com.ar\/noticias-villa-maria\/wp-json\/wp\/v2\/posts\/54131\/revisions\/54136"}],"wp:featuredmedia":[{"embeddable":true,"href":"https:\/\/elregionalvm.com.ar\/noticias-villa-maria\/wp-json\/wp\/v2\/media\/54132"}],"wp:attachment":[{"href":"https:\/\/elregionalvm.com.ar\/noticias-villa-maria\/wp-json\/wp\/v2\/media?parent=54131"}],"wp:term":[{"taxonomy":"category","embeddable":true,"href":"https:\/\/elregionalvm.com.ar\/noticias-villa-maria\/wp-json\/wp\/v2\/categories?post=54131"},{"taxonomy":"post_tag","embeddable":true,"href":"https:\/\/elregionalvm.com.ar\/noticias-villa-maria\/wp-json\/wp\/v2\/tags?post=54131"}],"curies":[{"name":"wp","href":"https:\/\/api.w.org\/{rel}","templated":true}]}}