{"id":54138,"date":"2022-03-15T22:23:17","date_gmt":"2022-03-15T22:23:17","guid":{"rendered":"https:\/\/elregionalvm.com.ar\/noticias-villa-maria\/?p=54138"},"modified":"2022-03-15T22:23:19","modified_gmt":"2022-03-15T22:23:19","slug":"uepc-repudio-que-una-docente-fuera-sacada-por-la-policia-de-una-escuela","status":"publish","type":"post","link":"https:\/\/elregionalvm.com.ar\/noticias-villa-maria\/uepc-repudio-que-una-docente-fuera-sacada-por-la-policia-de-una-escuela\/","title":{"rendered":"Uepc repudi\u00f3 que una docente fuera sacada por la polic\u00eda de una escuela"},"content":{"rendered":"\n<p>El hecho ocurri\u00f3 en el inicio de clases, en el Cenma 96 de Villa Mar\u00eda, cuando Natalia Talche afiliada al gremio de Uepc vivi\u00f3 una situaci\u00f3n bastante inusual cuando fue sacada de la escuela escoltada por polic\u00edas, aparentemente por incumplir protocolos, al no estar vacunada y no presentar un hisopado, en \u00abuna cuesti\u00f3n meramente protocolar\u00bb, seg\u00fan destacaron desde el gremio. <\/p>\n\n\n\n<p>En una conferencia de prensa realizada esta ma\u00f1ana, Carlos Andrada de Uepc, sostuvo: \u00abNosotros desde el gremio hemos tenido una postura donde hemos militado la responsabilidad social, el barbijo, la sanitizaci\u00f3n, todas las exigencias para poder salir de la pandemia. Ahora, tambi\u00e9n hemos sido muy respetuosos de las libertades individuales, pero la cuesti\u00f3n protocolar pasa a un segundo plano ante el accionar de parte de las autoridades y de la Inspecci\u00f3n en llamar a la polic\u00eda, cosa que es es lo m\u00e1 grave\u00bb.<\/p>\n\n\n\n<p>Desde el gremio insistieron en que \u00abEl disparador es discutible , pero la gravedad est\u00e1 en que un compa\u00f1ero de la escuela llame a la fuerza p\u00fablica, a la polic\u00eda, para sacar a otro compa\u00f1ero de la escuela, cuando no est\u00e1 en riesgo la vida de una persona o la integridad de nadie. La docente no es ninguna delincuente, no estaba armada, estaba simplemente discutiendo esta situaci\u00f3n. Vemos de una gravedad institucional el hecho porque indudablemente ha habido una situaci\u00f3n de violencia, no importa especificar si ha sido f\u00edsica o psicol\u00f3gica, pero no podemos naturalizar que una docente, el d\u00eda del inicio del ciclo lectivo, sea retirada por la fuerza policial delante de todos los alumnos a punto de comenzar el acto del ciclo lectivo, delante de sus pares\u00bb. <\/p>\n\n\n\n<p>Andrada se\u00f1al\u00f3 que \u00abrealmente esta violencia institucional remonta a situaciones bastante oscuras, que nadie quisiera recordar. Esto de sacar gente de los lugares de trabajo, de las escuelas y con la polic\u00eda, es una situaci\u00f3n que no queremos que se naturalice. Hemos sido muy cautos, la compa\u00f1era no ha tenido contacto con los medios, nosotros tampoco, esta reacci\u00f3n que estamos llevando a cabo, es algo que ha sido meditada, que no se ha tomado en caliente, discutido y conversado dentro del mismo gremio. Todos coincidimos en que no se puede naturalizar lo ocurrido y que hay que repudiar este hecho, no s\u00f3lo arbitrario sino tambi\u00e9n violento hacia un par. En un momento donde la escuela es una salvoconducto de seguridad social, de la inclusi\u00f3n, un lugar que tiene que ser extremadamente humano, nos tenemos que cuidar entre los pares. Es inadmisible, de all\u00ed que estamos denunciando p\u00fablica y social para que este tipo de cosas no se silencien y que no vuelvan a ocurrir. Somos respetuosos de la polic\u00eda y lo que representa, pero entendemos que adentro de las escuelas es un territorio donde la autoridad de las escuelas pueden resolver mediante los mecanismos pertinentes que son el estatuto, los memo, las resoluciones y m\u00e1s justamente si hay una duda, o una zona gris como en este caso\u00bb.<\/p>\n\n\n\n<p>As\u00ed qued\u00f3 claro que desde el gremio se har\u00e1 una denuncia administrativa por la v\u00eda del Ministerio de Educaci\u00f3n, dirigido al Inspector para que llegue a las m\u00e1s altas autoridades ministeriales.<\/p>\n\n\n\n<p><strong>La explicaci\u00f3n de la docente<\/strong><br>La propia docente, Natalia Talche, brevemente coment\u00f3 ante la prensa: \u00abYo intent\u00e9 en todo momento defender mis derechos, hac\u00eda 40 minutos que ya estaba dentro de la escuela, me amenazaron con llamar a la polic\u00eda, pero pens\u00e9 no pasaba de una simple amenaza para que me fuera, pero en un momento los polic\u00edas ingresan a la escuela y me sacan delante de todos los estudiantes, de todos los docentes que estaban ah\u00ed en el patio esperando que se hiciera el acto del inicio de clases. Al ver esto intent\u00e9 hablar con las autoridades del colegio, pero me respondieron que lo que se estaba haciendo era lo correcto. Por lo que deb\u00ed retirarme con los polic\u00edas dici\u00e9ndome que no pod\u00edan irse hasta yo me retirara con todos los docentes y el alumnado mirando. Todo porque supuestamente no estaba cumpliendo con un protocolo\u00bb.<\/p>\n\n\n\n<p>Por lo pronto, la docente esperar\u00e1 las respuestas ministeriales ante el planteo tanto de ella como del gremio y de acuerdo a lo que se responda, decidir\u00e1 c\u00f3mo continuar. La docente sostiene que nada justifica lo que hicieron con ella.<\/p>\n","protected":false},"excerpt":{"rendered":"<p>El hecho ocurri\u00f3 en el inicio de clases, en el Cenma 96 de Villa Mar\u00eda, cuando Natalia Talche afiliada al gremio de Uepc vivi\u00f3 una situaci\u00f3n bastante inusual cuando fue sacada de la escuela escoltada por polic\u00edas, aparentemente por incumplir protocolos, al no estar vacunada y no presentar un hisopado, en \u00abuna cuesti\u00f3n meramente protocolar\u00bb, [&hellip;]<\/p>\n","protected":false},"author":4,"featured_media":54139,"comment_status":"open","ping_status":"open","sticky":false,"template":"","format":"standard","meta":{"site-sidebar-layout":"default","site-content-layout":"","ast-site-content-layout":"default","site-content-style":"default","site-sidebar-style":"default","ast-global-header-display":"","ast-banner-title-visibility":"","ast-main-header-display":"","ast-hfb-above-header-display":"","ast-hfb-below-header-display":"","ast-hfb-mobile-header-display":"","site-post-title":"","ast-breadcrumbs-content":"","ast-featured-img":"","footer-sml-layout":"","ast-disable-related-posts":"","theme-transparent-header-meta":"","adv-header-id-meta":"","stick-header-meta":"","header-above-stick-meta":"","header-main-stick-meta":"","header-below-stick-meta":"","astra-migrate-meta-layouts":"default","ast-page-background-enabled":"default","ast-page-background-meta":{"desktop":{"background-color":"","background-image":"","background-repeat":"repeat","background-position":"center center","background-size":"auto","background-attachment":"scroll","background-type":"","background-media":"","overlay-type":"","overlay-color":"","overlay-opacity":"","overlay-gradient":""},"tablet":{"background-color":"","background-image":"","background-repeat":"repeat","background-position":"center center","background-size":"auto","background-attachment":"scroll","background-type":"","background-media":"","overlay-type":"","overlay-color":"","overlay-opacity":"","overlay-gradient":""},"mobile":{"background-color":"","background-image":"","background-repeat":"repeat","background-position":"center center","background-size":"auto","background-attachment":"scroll","background-type":"","background-media":"","overlay-type":"","overlay-color":"","overlay-opacity":"","overlay-gradient":""}},"ast-content-background-meta":{"desktop":{"background-color":"var(--ast-global-color-5)","background-image":"","background-repeat":"repeat","background-position":"center center","background-size":"auto","background-attachment":"scroll","background-type":"","background-media":"","overlay-type":"","overlay-color":"","overlay-opacity":"","overlay-gradient":""},"tablet":{"background-color":"var(--ast-global-color-5)","background-image":"","background-repeat":"repeat","background-position":"center center","background-size":"auto","background-attachment":"scroll","background-type":"","background-media":"","overlay-type":"","overlay-color":"","overlay-opacity":"","overlay-gradient":""},"mobile":{"background-color":"var(--ast-global-color-5)","background-image":"","background-repeat":"repeat","background-position":"center center","background-size":"auto","background-attachment":"scroll","background-type":"","background-media":"","overlay-type":"","overlay-color":"","overlay-opacity":"","overlay-gradient":""}},"_jetpack_memberships_contains_paid_content":false,"_joinchat":[],"footnotes":""},"categories":[2],"tags":[4397,14268,1232,14269,14270,3689,2248],"class_list":["post-54138","post","type-post","status-publish","format-standard","has-post-thumbnail","hentry","category-villa-maria","tag-cenma-96","tag-denuncia-publica","tag-destacado","tag-docente-sacada-a-la-fuerza","tag-escoltada-por-policias","tag-uepc","tag-villa-maria-2"],"yoast_head":"<!-- This site is optimized with the Yoast SEO plugin v26.8 - https:\/\/yoast.com\/product\/yoast-seo-wordpress\/ -->\n<title>Uepc repudi\u00f3 que una docente fuera sacada por la polic\u00eda de una escuela - El Regional<\/title>\n<meta name=\"robots\" content=\"index, follow, max-snippet:-1, max-image-preview:large, max-video-preview:-1\" \/>\n<link rel=\"canonical\" href=\"http:\/\/elregionalvm.com.ar\/noticias-villa-maria\/uepc-repudio-que-una-docente-fuera-sacada-por-la-policia-de-una-escuela\/\" \/>\n<meta property=\"og:locale\" content=\"es_ES\" \/>\n<meta property=\"og:type\" content=\"article\" \/>\n<meta property=\"og:title\" content=\"Uepc repudi\u00f3 que una docente fuera sacada por la polic\u00eda de una escuela - El Regional\" \/>\n<meta property=\"og:description\" content=\"El hecho ocurri\u00f3 en el inicio de clases, en el Cenma 96 de Villa Mar\u00eda, cuando Natalia Talche afiliada al gremio de Uepc vivi\u00f3 una situaci\u00f3n bastante inusual cuando fue sacada de la escuela escoltada por polic\u00edas, aparentemente por incumplir protocolos, al no estar vacunada y no presentar un hisopado, en \u00abuna cuesti\u00f3n meramente protocolar\u00bb, [&hellip;]\" \/>\n<meta property=\"og:url\" content=\"http:\/\/elregionalvm.com.ar\/noticias-villa-maria\/uepc-repudio-que-una-docente-fuera-sacada-por-la-policia-de-una-escuela\/\" \/>\n<meta property=\"og:site_name\" content=\"El Regional\" \/>\n<meta property=\"article:publisher\" content=\"https:\/\/www.facebook.com\/elregionalvm\" \/>\n<meta property=\"article:published_time\" content=\"2022-03-15T22:23:17+00:00\" \/>\n<meta property=\"article:modified_time\" content=\"2022-03-15T22:23:19+00:00\" \/>\n<meta property=\"og:image\" content=\"http:\/\/elregionalvm.com.ar\/noticias-villa-maria\/wp-content\/uploads\/2022\/03\/WhatsApp-Image-2022-03-15-at-19.20.11.jpeg\" \/>\n\t<meta property=\"og:image:width\" content=\"1280\" \/>\n\t<meta property=\"og:image:height\" content=\"622\" \/>\n\t<meta property=\"og:image:type\" content=\"image\/jpeg\" \/>\n<meta name=\"author\" content=\"Contenidos El Regional\" \/>\n<meta name=\"twitter:card\" content=\"summary_large_image\" \/>\n<meta name=\"twitter:creator\" content=\"@elregionalvm1\" \/>\n<meta name=\"twitter:site\" content=\"@elregionalvm1\" \/>\n<meta name=\"twitter:label1\" content=\"Escrito por\" \/>\n\t<meta name=\"twitter:data1\" content=\"Contenidos El Regional\" \/>\n\t<meta name=\"twitter:label2\" content=\"Tiempo de lectura\" \/>\n\t<meta name=\"twitter:data2\" content=\"4 minutos\" \/>\n<script type=\"application\/ld+json\" class=\"yoast-schema-graph\">{\"@context\":\"https:\/\/schema.org\",\"@graph\":[{\"@type\":\"Article\",\"@id\":\"http:\/\/elregionalvm.com.ar\/noticias-villa-maria\/uepc-repudio-que-una-docente-fuera-sacada-por-la-policia-de-una-escuela\/#article\",\"isPartOf\":{\"@id\":\"http:\/\/elregionalvm.com.ar\/noticias-villa-maria\/uepc-repudio-que-una-docente-fuera-sacada-por-la-policia-de-una-escuela\/\"},\"author\":{\"name\":\"Contenidos El Regional\",\"@id\":\"http:\/\/elregionalvm.com.ar\/noticias-villa-maria\/#\/schema\/person\/a0fb9c422317faca23d50163151bc354\"},\"headline\":\"Uepc repudi\u00f3 que una docente fuera sacada por la polic\u00eda de una escuela\",\"datePublished\":\"2022-03-15T22:23:17+00:00\",\"dateModified\":\"2022-03-15T22:23:19+00:00\",\"mainEntityOfPage\":{\"@id\":\"http:\/\/elregionalvm.com.ar\/noticias-villa-maria\/uepc-repudio-que-una-docente-fuera-sacada-por-la-policia-de-una-escuela\/\"},\"wordCount\":760,\"commentCount\":0,\"image\":{\"@id\":\"http:\/\/elregionalvm.com.ar\/noticias-villa-maria\/uepc-repudio-que-una-docente-fuera-sacada-por-la-policia-de-una-escuela\/#primaryimage\"},\"thumbnailUrl\":\"https:\/\/i0.wp.com\/elregionalvm.com.ar\/noticias-villa-maria\/wp-content\/uploads\/2022\/03\/WhatsApp-Image-2022-03-15-at-19.20.11.jpeg?fit=1280%2C622&ssl=1\",\"keywords\":[\"Cenma 96\",\"denuncia p\u00fablica\",\"destacado\",\"docente sacada a la fuerza\",\"escoltada por polic\u00edas\",\"UEPC\",\"Villa Mar\u00eda\"],\"articleSection\":[\"Villa Mar\u00eda\"],\"inLanguage\":\"es\",\"potentialAction\":[{\"@type\":\"CommentAction\",\"name\":\"Comment\",\"target\":[\"http:\/\/elregionalvm.com.ar\/noticias-villa-maria\/uepc-repudio-que-una-docente-fuera-sacada-por-la-policia-de-una-escuela\/#respond\"]}]},{\"@type\":\"WebPage\",\"@id\":\"http:\/\/elregionalvm.com.ar\/noticias-villa-maria\/uepc-repudio-que-una-docente-fuera-sacada-por-la-policia-de-una-escuela\/\",\"url\":\"http:\/\/elregionalvm.com.ar\/noticias-villa-maria\/uepc-repudio-que-una-docente-fuera-sacada-por-la-policia-de-una-escuela\/\",\"name\":\"Uepc repudi\u00f3 que una docente fuera sacada por la polic\u00eda de una escuela - El Regional\",\"isPartOf\":{\"@id\":\"http:\/\/elregionalvm.com.ar\/noticias-villa-maria\/#website\"},\"primaryImageOfPage\":{\"@id\":\"http:\/\/elregionalvm.com.ar\/noticias-villa-maria\/uepc-repudio-que-una-docente-fuera-sacada-por-la-policia-de-una-escuela\/#primaryimage\"},\"image\":{\"@id\":\"http:\/\/elregionalvm.com.ar\/noticias-villa-maria\/uepc-repudio-que-una-docente-fuera-sacada-por-la-policia-de-una-escuela\/#primaryimage\"},\"thumbnailUrl\":\"https:\/\/i0.wp.com\/elregionalvm.com.ar\/noticias-villa-maria\/wp-content\/uploads\/2022\/03\/WhatsApp-Image-2022-03-15-at-19.20.11.jpeg?fit=1280%2C622&ssl=1\",\"datePublished\":\"2022-03-15T22:23:17+00:00\",\"dateModified\":\"2022-03-15T22:23:19+00:00\",\"author\":{\"@id\":\"http:\/\/elregionalvm.com.ar\/noticias-villa-maria\/#\/schema\/person\/a0fb9c422317faca23d50163151bc354\"},\"breadcrumb\":{\"@id\":\"http:\/\/elregionalvm.com.ar\/noticias-villa-maria\/uepc-repudio-que-una-docente-fuera-sacada-por-la-policia-de-una-escuela\/#breadcrumb\"},\"inLanguage\":\"es\",\"potentialAction\":[{\"@type\":\"ReadAction\",\"target\":[\"http:\/\/elregionalvm.com.ar\/noticias-villa-maria\/uepc-repudio-que-una-docente-fuera-sacada-por-la-policia-de-una-escuela\/\"]}]},{\"@type\":\"ImageObject\",\"inLanguage\":\"es\",\"@id\":\"http:\/\/elregionalvm.com.ar\/noticias-villa-maria\/uepc-repudio-que-una-docente-fuera-sacada-por-la-policia-de-una-escuela\/#primaryimage\",\"url\":\"https:\/\/i0.wp.com\/elregionalvm.com.ar\/noticias-villa-maria\/wp-content\/uploads\/2022\/03\/WhatsApp-Image-2022-03-15-at-19.20.11.jpeg?fit=1280%2C622&ssl=1\",\"contentUrl\":\"https:\/\/i0.wp.com\/elregionalvm.com.ar\/noticias-villa-maria\/wp-content\/uploads\/2022\/03\/WhatsApp-Image-2022-03-15-at-19.20.11.jpeg?fit=1280%2C622&ssl=1\",\"width\":1280,\"height\":622},{\"@type\":\"BreadcrumbList\",\"@id\":\"http:\/\/elregionalvm.com.ar\/noticias-villa-maria\/uepc-repudio-que-una-docente-fuera-sacada-por-la-policia-de-una-escuela\/#breadcrumb\",\"itemListElement\":[{\"@type\":\"ListItem\",\"position\":1,\"name\":\"Portada\",\"item\":\"https:\/\/elregionalvm.com.ar\/noticias-villa-maria\/\"},{\"@type\":\"ListItem\",\"position\":2,\"name\":\"Uepc repudi\u00f3 que una docente fuera sacada por la polic\u00eda de una escuela\"}]},{\"@type\":\"WebSite\",\"@id\":\"http:\/\/elregionalvm.com.ar\/noticias-villa-maria\/#website\",\"url\":\"http:\/\/elregionalvm.com.ar\/noticias-villa-maria\/\",\"name\":\"El Regional\",\"description\":\"Mucho m\u00e1s que informaci\u00f3n\",\"potentialAction\":[{\"@type\":\"SearchAction\",\"target\":{\"@type\":\"EntryPoint\",\"urlTemplate\":\"http:\/\/elregionalvm.com.ar\/noticias-villa-maria\/?s={search_term_string}\"},\"query-input\":{\"@type\":\"PropertyValueSpecification\",\"valueRequired\":true,\"valueName\":\"search_term_string\"}}],\"inLanguage\":\"es\"},{\"@type\":\"Person\",\"@id\":\"http:\/\/elregionalvm.com.ar\/noticias-villa-maria\/#\/schema\/person\/a0fb9c422317faca23d50163151bc354\",\"name\":\"Contenidos El Regional\",\"image\":{\"@type\":\"ImageObject\",\"inLanguage\":\"es\",\"@id\":\"http:\/\/elregionalvm.com.ar\/noticias-villa-maria\/#\/schema\/person\/image\/\",\"url\":\"https:\/\/secure.gravatar.com\/avatar\/265b27cb2209af7bb3a1318f03305787d7981a5cc6e6cd08fe5a4ecdf99d4b48?s=96&d=mm&r=g\",\"contentUrl\":\"https:\/\/secure.gravatar.com\/avatar\/265b27cb2209af7bb3a1318f03305787d7981a5cc6e6cd08fe5a4ecdf99d4b48?s=96&d=mm&r=g\",\"caption\":\"Contenidos El Regional\"},\"url\":\"https:\/\/elregionalvm.com.ar\/noticias-villa-maria\/author\/contenido\/\"}]}<\/script>\n<!-- \/ Yoast SEO plugin. -->","yoast_head_json":{"title":"Uepc repudi\u00f3 que una docente fuera sacada por la polic\u00eda de una escuela - El Regional","robots":{"index":"index","follow":"follow","max-snippet":"max-snippet:-1","max-image-preview":"max-image-preview:large","max-video-preview":"max-video-preview:-1"},"canonical":"http:\/\/elregionalvm.com.ar\/noticias-villa-maria\/uepc-repudio-que-una-docente-fuera-sacada-por-la-policia-de-una-escuela\/","og_locale":"es_ES","og_type":"article","og_title":"Uepc repudi\u00f3 que una docente fuera sacada por la polic\u00eda de una escuela - El Regional","og_description":"El hecho ocurri\u00f3 en el inicio de clases, en el Cenma 96 de Villa Mar\u00eda, cuando Natalia Talche afiliada al gremio de Uepc vivi\u00f3 una situaci\u00f3n bastante inusual cuando fue sacada de la escuela escoltada por polic\u00edas, aparentemente por incumplir protocolos, al no estar vacunada y no presentar un hisopado, en \u00abuna cuesti\u00f3n meramente protocolar\u00bb, [&hellip;]","og_url":"http:\/\/elregionalvm.com.ar\/noticias-villa-maria\/uepc-repudio-que-una-docente-fuera-sacada-por-la-policia-de-una-escuela\/","og_site_name":"El Regional","article_publisher":"https:\/\/www.facebook.com\/elregionalvm","article_published_time":"2022-03-15T22:23:17+00:00","article_modified_time":"2022-03-15T22:23:19+00:00","og_image":[{"width":1280,"height":622,"url":"http:\/\/elregionalvm.com.ar\/noticias-villa-maria\/wp-content\/uploads\/2022\/03\/WhatsApp-Image-2022-03-15-at-19.20.11.jpeg","type":"image\/jpeg"}],"author":"Contenidos El Regional","twitter_card":"summary_large_image","twitter_creator":"@elregionalvm1","twitter_site":"@elregionalvm1","twitter_misc":{"Escrito por":"Contenidos El Regional","Tiempo de lectura":"4 minutos"},"schema":{"@context":"https:\/\/schema.org","@graph":[{"@type":"Article","@id":"http:\/\/elregionalvm.com.ar\/noticias-villa-maria\/uepc-repudio-que-una-docente-fuera-sacada-por-la-policia-de-una-escuela\/#article","isPartOf":{"@id":"http:\/\/elregionalvm.com.ar\/noticias-villa-maria\/uepc-repudio-que-una-docente-fuera-sacada-por-la-policia-de-una-escuela\/"},"author":{"name":"Contenidos El Regional","@id":"http:\/\/elregionalvm.com.ar\/noticias-villa-maria\/#\/schema\/person\/a0fb9c422317faca23d50163151bc354"},"headline":"Uepc repudi\u00f3 que una docente fuera sacada por la polic\u00eda de una escuela","datePublished":"2022-03-15T22:23:17+00:00","dateModified":"2022-03-15T22:23:19+00:00","mainEntityOfPage":{"@id":"http:\/\/elregionalvm.com.ar\/noticias-villa-maria\/uepc-repudio-que-una-docente-fuera-sacada-por-la-policia-de-una-escuela\/"},"wordCount":760,"commentCount":0,"image":{"@id":"http:\/\/elregionalvm.com.ar\/noticias-villa-maria\/uepc-repudio-que-una-docente-fuera-sacada-por-la-policia-de-una-escuela\/#primaryimage"},"thumbnailUrl":"https:\/\/i0.wp.com\/elregionalvm.com.ar\/noticias-villa-maria\/wp-content\/uploads\/2022\/03\/WhatsApp-Image-2022-03-15-at-19.20.11.jpeg?fit=1280%2C622&ssl=1","keywords":["Cenma 96","denuncia p\u00fablica","destacado","docente sacada a la fuerza","escoltada por polic\u00edas","UEPC","Villa Mar\u00eda"],"articleSection":["Villa Mar\u00eda"],"inLanguage":"es","potentialAction":[{"@type":"CommentAction","name":"Comment","target":["http:\/\/elregionalvm.com.ar\/noticias-villa-maria\/uepc-repudio-que-una-docente-fuera-sacada-por-la-policia-de-una-escuela\/#respond"]}]},{"@type":"WebPage","@id":"http:\/\/elregionalvm.com.ar\/noticias-villa-maria\/uepc-repudio-que-una-docente-fuera-sacada-por-la-policia-de-una-escuela\/","url":"http:\/\/elregionalvm.com.ar\/noticias-villa-maria\/uepc-repudio-que-una-docente-fuera-sacada-por-la-policia-de-una-escuela\/","name":"Uepc repudi\u00f3 que una docente fuera sacada por la polic\u00eda de una escuela - El Regional","isPartOf":{"@id":"http:\/\/elregionalvm.com.ar\/noticias-villa-maria\/#website"},"primaryImageOfPage":{"@id":"http:\/\/elregionalvm.com.ar\/noticias-villa-maria\/uepc-repudio-que-una-docente-fuera-sacada-por-la-policia-de-una-escuela\/#primaryimage"},"image":{"@id":"http:\/\/elregionalvm.com.ar\/noticias-villa-maria\/uepc-repudio-que-una-docente-fuera-sacada-por-la-policia-de-una-escuela\/#primaryimage"},"thumbnailUrl":"https:\/\/i0.wp.com\/elregionalvm.com.ar\/noticias-villa-maria\/wp-content\/uploads\/2022\/03\/WhatsApp-Image-2022-03-15-at-19.20.11.jpeg?fit=1280%2C622&ssl=1","datePublished":"2022-03-15T22:23:17+00:00","dateModified":"2022-03-15T22:23:19+00:00","author":{"@id":"http:\/\/elregionalvm.com.ar\/noticias-villa-maria\/#\/schema\/person\/a0fb9c422317faca23d50163151bc354"},"breadcrumb":{"@id":"http:\/\/elregionalvm.com.ar\/noticias-villa-maria\/uepc-repudio-que-una-docente-fuera-sacada-por-la-policia-de-una-escuela\/#breadcrumb"},"inLanguage":"es","potentialAction":[{"@type":"ReadAction","target":["http:\/\/elregionalvm.com.ar\/noticias-villa-maria\/uepc-repudio-que-una-docente-fuera-sacada-por-la-policia-de-una-escuela\/"]}]},{"@type":"ImageObject","inLanguage":"es","@id":"http:\/\/elregionalvm.com.ar\/noticias-villa-maria\/uepc-repudio-que-una-docente-fuera-sacada-por-la-policia-de-una-escuela\/#primaryimage","url":"https:\/\/i0.wp.com\/elregionalvm.com.ar\/noticias-villa-maria\/wp-content\/uploads\/2022\/03\/WhatsApp-Image-2022-03-15-at-19.20.11.jpeg?fit=1280%2C622&ssl=1","contentUrl":"https:\/\/i0.wp.com\/elregionalvm.com.ar\/noticias-villa-maria\/wp-content\/uploads\/2022\/03\/WhatsApp-Image-2022-03-15-at-19.20.11.jpeg?fit=1280%2C622&ssl=1","width":1280,"height":622},{"@type":"BreadcrumbList","@id":"http:\/\/elregionalvm.com.ar\/noticias-villa-maria\/uepc-repudio-que-una-docente-fuera-sacada-por-la-policia-de-una-escuela\/#breadcrumb","itemListElement":[{"@type":"ListItem","position":1,"name":"Portada","item":"https:\/\/elregionalvm.com.ar\/noticias-villa-maria\/"},{"@type":"ListItem","position":2,"name":"Uepc repudi\u00f3 que una docente fuera sacada por la polic\u00eda de una escuela"}]},{"@type":"WebSite","@id":"http:\/\/elregionalvm.com.ar\/noticias-villa-maria\/#website","url":"http:\/\/elregionalvm.com.ar\/noticias-villa-maria\/","name":"El Regional","description":"Mucho m\u00e1s que informaci\u00f3n","potentialAction":[{"@type":"SearchAction","target":{"@type":"EntryPoint","urlTemplate":"http:\/\/elregionalvm.com.ar\/noticias-villa-maria\/?s={search_term_string}"},"query-input":{"@type":"PropertyValueSpecification","valueRequired":true,"valueName":"search_term_string"}}],"inLanguage":"es"},{"@type":"Person","@id":"http:\/\/elregionalvm.com.ar\/noticias-villa-maria\/#\/schema\/person\/a0fb9c422317faca23d50163151bc354","name":"Contenidos El Regional","image":{"@type":"ImageObject","inLanguage":"es","@id":"http:\/\/elregionalvm.com.ar\/noticias-villa-maria\/#\/schema\/person\/image\/","url":"https:\/\/secure.gravatar.com\/avatar\/265b27cb2209af7bb3a1318f03305787d7981a5cc6e6cd08fe5a4ecdf99d4b48?s=96&d=mm&r=g","contentUrl":"https:\/\/secure.gravatar.com\/avatar\/265b27cb2209af7bb3a1318f03305787d7981a5cc6e6cd08fe5a4ecdf99d4b48?s=96&d=mm&r=g","caption":"Contenidos El Regional"},"url":"https:\/\/elregionalvm.com.ar\/noticias-villa-maria\/author\/contenido\/"}]}},"jetpack_featured_media_url":"https:\/\/i0.wp.com\/elregionalvm.com.ar\/noticias-villa-maria\/wp-content\/uploads\/2022\/03\/WhatsApp-Image-2022-03-15-at-19.20.11.jpeg?fit=1280%2C622&ssl=1","jetpack_sharing_enabled":true,"_links":{"self":[{"href":"https:\/\/elregionalvm.com.ar\/noticias-villa-maria\/wp-json\/wp\/v2\/posts\/54138","targetHints":{"allow":["GET"]}}],"collection":[{"href":"https:\/\/elregionalvm.com.ar\/noticias-villa-maria\/wp-json\/wp\/v2\/posts"}],"about":[{"href":"https:\/\/elregionalvm.com.ar\/noticias-villa-maria\/wp-json\/wp\/v2\/types\/post"}],"author":[{"embeddable":true,"href":"https:\/\/elregionalvm.com.ar\/noticias-villa-maria\/wp-json\/wp\/v2\/users\/4"}],"replies":[{"embeddable":true,"href":"https:\/\/elregionalvm.com.ar\/noticias-villa-maria\/wp-json\/wp\/v2\/comments?post=54138"}],"version-history":[{"count":1,"href":"https:\/\/elregionalvm.com.ar\/noticias-villa-maria\/wp-json\/wp\/v2\/posts\/54138\/revisions"}],"predecessor-version":[{"id":54140,"href":"https:\/\/elregionalvm.com.ar\/noticias-villa-maria\/wp-json\/wp\/v2\/posts\/54138\/revisions\/54140"}],"wp:featuredmedia":[{"embeddable":true,"href":"https:\/\/elregionalvm.com.ar\/noticias-villa-maria\/wp-json\/wp\/v2\/media\/54139"}],"wp:attachment":[{"href":"https:\/\/elregionalvm.com.ar\/noticias-villa-maria\/wp-json\/wp\/v2\/media?parent=54138"}],"wp:term":[{"taxonomy":"category","embeddable":true,"href":"https:\/\/elregionalvm.com.ar\/noticias-villa-maria\/wp-json\/wp\/v2\/categories?post=54138"},{"taxonomy":"post_tag","embeddable":true,"href":"https:\/\/elregionalvm.com.ar\/noticias-villa-maria\/wp-json\/wp\/v2\/tags?post=54138"}],"curies":[{"name":"wp","href":"https:\/\/api.w.org\/{rel}","templated":true}]}}