{"id":54217,"date":"2022-03-16T21:13:04","date_gmt":"2022-03-16T21:13:04","guid":{"rendered":"https:\/\/elregionalvm.com.ar\/noticias-villa-maria\/?p=54217"},"modified":"2022-03-22T01:27:32","modified_gmt":"2022-03-22T01:27:32","slug":"inflados-hasta-los-huesos-paren-de-remarcar","status":"publish","type":"post","link":"https:\/\/elregionalvm.com.ar\/noticias-villa-maria\/inflados-hasta-los-huesos-paren-de-remarcar\/","title":{"rendered":"Inflados hasta los huesos: \u00a1Paren de remarcar!"},"content":{"rendered":"\n<p><\/p>\n\n\n\n<p><strong>Ignorada, subestimada, tergiversada y hasta \u201cdesaparecida\u201d en alg\u00fan momento por la clase gobernante, la inflaci\u00f3n contin\u00faa siendo la peor pesadilla de los argentinos. Destructora de sue\u00f1os y de realidades cotidianas, se ha convertido en ese monstruo terrible al que nada ni nadie pareciera poder -o querer- vencer.<\/strong><\/p>\n\n\n\n<p><\/p>\n\n\n\n<p><strong>Escribe: Germ\u00e1n Giacchero<\/strong><\/p>\n\n\n\n<p><\/p>\n\n\n\n<p>El presidente Alberto Fern\u00e1ndez se acord\u00f3 tarde, parece. Habr\u00e1 que esperar hasta este viernes 18 de marzo para que de manera definitiva el gobierno argentino comience al fin \u201cla guerra contra la inflaci\u00f3n\u201d.<\/p>\n\n\n\n<p>\u201cEl viernes (sic) empieza la guerra contra la inflaci\u00f3n en la Argentina. Vamos a terminar con los especuladores\u201d, dijo muy suelto de cuerpo -y de boca- en un acto pol\u00edtico.<\/p>\n\n\n\n<p>\u00bfReci\u00e9n ahora se acuerda, Alberto?<\/p>\n\n\n\n<p>Tal vez se le olvid\u00f3 que lleva m\u00e1s de tres a\u00f1os de gesti\u00f3n, con una inflaci\u00f3n que supera sin problemas el 50% anual y ubica a Argentina en la lista negra de los pa\u00edses con los precios m\u00e1s inflados.<\/p>\n\n\n\n<p>Pero, Alberto no est\u00e1 solo, al menos en esto de la batalla trunca contra la inflaci\u00f3n. Todos los gobiernos argentinos en las dos d\u00e9cadas y pico que lleva el siglo 21 han demostrado su inutilidad en el control de la escalada inflacionaria.<\/p>\n\n\n\n<p>Ni el kirchnerismo en el poder con N\u00e9stor y Cristina, ni el macrismo en el gobierno, que hab\u00eda llegado supuestamente para solucionar todo lo malo que hicieron o lo que dejaron de hacer sus antecesores en la Casa Rosada, dieron sobradas muestras de idoneidad, gesti\u00f3n y punter\u00eda en las pol\u00edticas antiinflacionarias.<\/p>\n\n\n\n<p><\/p>\n\n\n\n<figure class=\"wp-block-image size-large\"><img data-recalc-dims=\"1\" fetchpriority=\"high\" decoding=\"async\" width=\"1024\" height=\"576\" src=\"https:\/\/i0.wp.com\/elregionalvm.com.ar\/noticias-villa-maria\/wp-content\/uploads\/2022\/03\/monedas-inflacion-changuito-supermercado-ilustrativa.jpg?resize=1024%2C576&#038;ssl=1\" alt=\"\" class=\"wp-image-54235\" srcset=\"https:\/\/i0.wp.com\/elregionalvm.com.ar\/noticias-villa-maria\/wp-content\/uploads\/2022\/03\/monedas-inflacion-changuito-supermercado-ilustrativa.jpg?resize=1024%2C576&amp;ssl=1 1024w, https:\/\/i0.wp.com\/elregionalvm.com.ar\/noticias-villa-maria\/wp-content\/uploads\/2022\/03\/monedas-inflacion-changuito-supermercado-ilustrativa.jpg?resize=300%2C169&amp;ssl=1 300w, https:\/\/i0.wp.com\/elregionalvm.com.ar\/noticias-villa-maria\/wp-content\/uploads\/2022\/03\/monedas-inflacion-changuito-supermercado-ilustrativa.jpg?resize=768%2C432&amp;ssl=1 768w, https:\/\/i0.wp.com\/elregionalvm.com.ar\/noticias-villa-maria\/wp-content\/uploads\/2022\/03\/monedas-inflacion-changuito-supermercado-ilustrativa.jpg?resize=1536%2C864&amp;ssl=1 1536w, https:\/\/i0.wp.com\/elregionalvm.com.ar\/noticias-villa-maria\/wp-content\/uploads\/2022\/03\/monedas-inflacion-changuito-supermercado-ilustrativa.jpg?w=1920&amp;ssl=1 1920w\" sizes=\"(max-width: 1000px) 100vw, 1000px\" \/><\/figure>\n\n\n\n<p><\/p>\n\n\n\n<p>La culpa, al parecer, siempre es de los otros, producto de una \u201cpesada herencia\u201d con la que curran hasta m\u00e1s no poder. O proviene de afuera, de lejos, del exterior, y nosotros padecemos sus efectos colaterales. Si no es la pandemia, es la guerra, y as\u00ed sucesivamente podr\u00edamos ir para atr\u00e1s.<\/p>\n\n\n\n<p>Puras excusas que desnudan la ineficiencia y la irresponsabilidad de gobiernos que se jactan de haber mejorado la vida de la gente, por un lado; o de haber venido a recuperar la rep\u00fablica y sanear la econom\u00eda, por el otro. <\/p>\n\n\n\n<p>Ni lo uno ni lo otro.<\/p>\n\n\n\n<p><\/p>\n\n\n\n<figure class=\"wp-block-pullquote\"><blockquote><p>Su sentido m\u00e1s cruel est\u00e1 impreso en el imaginario colectivo, en la irremediable realidad de los precios en las g\u00f3ndolas y en la escasa elasticidad de los bolsillos y billetera de cada compatriota.<\/p><\/blockquote><\/figure>\n\n\n\n<p><\/p>\n\n\n\n<p><strong>Negacionismo y bofetadas<\/strong><\/p>\n\n\n\n<p>Durante mucho tiempo, la estrategia oficial fue negar la inflaci\u00f3n, no pronunciando la palabra o utilizando eufemismos para hablar de lo que la inapelable realidad mostraba cada d\u00eda.<\/p>\n\n\n\n<p>Con la pobreza fueron mucho m\u00e1s all\u00e1. Directamente, el Indec no la med\u00eda. As\u00ed, durante meses no hubo pobres, solo porque no pod\u00edamos saber cu\u00e1ntos eran porque el organismo encargado de esa tarea no realizaba el trabajo para el que hab\u00eda sido creado. O, si los hab\u00eda, eran tan pocos que sumaban envidiados porcentajes similares a la poderosa Alemania o los pa\u00edses europeos n\u00f3rdicos.<\/p>\n\n\n\n<p>Los artificios del lenguaje a los que recurr\u00edan -y recurren- altos funcionarios del gobierno nacional en plan de aportar elegancia o sutileza discursivas a las sistem\u00e1ticas negaciones o tergiversaciones son de los m\u00e1s variados.<\/p>\n\n\n\n<p><\/p>\n\n\n\n<figure class=\"wp-block-image size-large\"><img data-recalc-dims=\"1\" decoding=\"async\" width=\"1024\" height=\"641\" src=\"https:\/\/i0.wp.com\/elregionalvm.com.ar\/noticias-villa-maria\/wp-content\/uploads\/2022\/03\/remarcar-precios-gondola-supermercado-inflacion.jpg?resize=1024%2C641&#038;ssl=1\" alt=\"\" class=\"wp-image-54236\" srcset=\"https:\/\/i0.wp.com\/elregionalvm.com.ar\/noticias-villa-maria\/wp-content\/uploads\/2022\/03\/remarcar-precios-gondola-supermercado-inflacion.jpg?resize=1024%2C641&amp;ssl=1 1024w, https:\/\/i0.wp.com\/elregionalvm.com.ar\/noticias-villa-maria\/wp-content\/uploads\/2022\/03\/remarcar-precios-gondola-supermercado-inflacion.jpg?resize=300%2C188&amp;ssl=1 300w, https:\/\/i0.wp.com\/elregionalvm.com.ar\/noticias-villa-maria\/wp-content\/uploads\/2022\/03\/remarcar-precios-gondola-supermercado-inflacion.jpg?resize=768%2C481&amp;ssl=1 768w, https:\/\/i0.wp.com\/elregionalvm.com.ar\/noticias-villa-maria\/wp-content\/uploads\/2022\/03\/remarcar-precios-gondola-supermercado-inflacion.jpg?w=1200&amp;ssl=1 1200w\" sizes=\"(max-width: 1000px) 100vw, 1000px\" \/><\/figure>\n\n\n\n<p><\/p>\n\n\n\n<p>C\u00f3mo olvidar cuando el entonces ministro de Econom\u00eda y luego vicepresidente Amado Boudou no se cansaba de insistir con la idea que en lugar de inflaci\u00f3n hab\u00eda un \u201creacomodamiento de precios\u201d. Mientras, la diputada nacional ultra K Diana Conti pregonaba que s\u00f3lo exist\u00eda \u201cdispersi\u00f3n de precios\u201d.<\/p>\n\n\n\n<p>Si les hace falta un Larousse o, mejor, el diccionario de la Real Academia Espa\u00f1ola para hallar el significado del t\u00e9rmino inflaci\u00f3n, les ahorramos el trabajo. La RAE define el t\u00e9rmino con la acepci\u00f3n \u201celevaci\u00f3n notable del nivel de precios con efectos desfavorables para la econom\u00eda de un pa\u00eds\u201d.<\/p>\n\n\n\n<p>No hace falta m\u00e1s. Su sentido m\u00e1s cruel est\u00e1 impreso en el imaginario colectivo, en la irremediable realidad de los precios en las g\u00f3ndolas y en la escasa elasticidad de los bolsillos y billetera de cada compatriota.<\/p>\n\n\n\n<p>El c\u00f3ctel es m\u00e1s explosivo que una molotov si se toma en cuenta la devaluaci\u00f3n casi permanente del peso y la pobreza que afecta a 4 de cada 10 argentinos. O a la mitad de la poblaci\u00f3n, pr\u00e1cticamente.<\/p>\n\n\n\n<p><\/p>\n\n\n\n<figure class=\"wp-block-pullquote\"><blockquote><p>El c\u00f3ctel es m\u00e1s explosivo que una molotov si se toma en cuenta la devaluaci\u00f3n casi permanente del peso y la pobreza que afecta a 4 de cada 10 argentinos. O a la mitad de la poblaci\u00f3n, pr\u00e1cticamente.<\/p><\/blockquote><\/figure>\n\n\n\n<p><\/p>\n\n\n\n<p><strong>Maldita inflaci\u00f3n<\/strong><\/p>\n\n\n\n<p>Ya no solo se quejan los consumidores. Productores y comerciantes se suman a los reclamos. En el largo proceso de intermediaci\u00f3n, entre la producci\u00f3n y la g\u00f3ndola o el mostrador, asoma uno de los principales factores que alimenta la voracidad inflacionaria.<\/p>\n\n\n\n<p>\u201cEn mis 21 a\u00f1os al frente de una verduler\u00eda, jam\u00e1s sufr\u00ed los aumentos de precios como en enero y febrero de este a\u00f1o\u201d, dice en una conversaci\u00f3n informal un comerciante de Bulevar Espa\u00f1a.<\/p>\n\n\n\n<p>Desde la C\u00e1mara de Panaderos ya no saben m\u00e1s qu\u00e9 hacer o decir para que se entienda que ellos no son culpables del incremento en el valor del pan. Con la carne, otro tanto. Y as\u00ed sucesivamente.<\/p>\n\n\n\n<p>Con el dato del \u00edndice de febrero en mano, se evidencia que la medici\u00f3n del 4,7% mensual, con un acumulado bimestral de 8,8% para 2022 y de 52,8% respecto de hace un a\u00f1o atr\u00e1s, la inflaci\u00f3n golpea a todos, pero a los sectores m\u00e1s vulnerables mucho m\u00e1s.<\/p>\n\n\n\n<p>Es que el valor difundido por el Indec vino impulsado por la gran suba en el precio de los alimentos y bebidas, que represent\u00f3 el 7,5%. Entre enero y febrero, esta proporci\u00f3n trepa al 12,5%.<\/p>\n\n\n\n<p>Lo peor del caso es que no hay un horizonte de toboganes para los precios. Los pelda\u00f1os que se avizoran en lo inmediato conducen solamente hacia arriba. Para marzo, las proyecciones son p\u00e9simas. <\/p>\n\n\n\n<p><\/p>\n\n\n\n<figure class=\"wp-block-image size-large\"><img data-recalc-dims=\"1\" decoding=\"async\" width=\"1024\" height=\"682\" src=\"https:\/\/i0.wp.com\/elregionalvm.com.ar\/noticias-villa-maria\/wp-content\/uploads\/2022\/03\/Changuito-supermercado-inflacion.jpg?resize=1024%2C682&#038;ssl=1\" alt=\"\" class=\"wp-image-54237\"\/><\/figure>\n\n\n\n<p><\/p>\n\n\n\n<p><\/p>\n\n\n\n<figure class=\"wp-block-pullquote\"><blockquote><p>Lo peor del caso es que no hay un horizonte de toboganes para los precios. Los pelda\u00f1os que se avizoran en lo inmediato conducen solamente hacia arriba. Para marzo, las proyecciones son p\u00e9simas. <\/p><\/blockquote><\/figure>\n\n\n\n<p><\/p>\n\n\n\n<p>En otras palabras, eso que nuestros gobernantes negaron, tergiversaron o directamente ignoraron a sabiendas contin\u00faa ensa\u00f1\u00e1ndose con los m\u00e1s pobres, ya que lo que m\u00e1s aumenta es el valor de la alimentaci\u00f3n b\u00e1sica. Pan, frutas y verduras, y carne.<\/p>\n\n\n\n<p>Las medidas adoptadas por el Gobierno nacional, a partir de acuerdos con las grandes cadenas de distribuci\u00f3n y los productores, o la creaci\u00f3n de un fideicomiso para intentar frenar el precio de la harina, no surtieron el efecto deseado.<\/p>\n\n\n\n<p>Todo lo contrario: se volvi\u00f3 un b\u00fameran que dinamit\u00f3 la econom\u00eda familiar de la mayor parte de los argentinos, entre ellos, quienes pertenecen a una clase media cada vez m\u00e1s empobrecida.<\/p>\n\n\n\n<p>Los especuladores de siempre, las grandes multinacionales y los feroces intermediarios, no pueden deslindar responsabilidades. Pero, \u00bfqu\u00e9 se puede esperar de ellos?<\/p>\n\n\n\n<p>A los formadores de precios no les calienta ni el gobierno ni la gente. Su finalidad es ganar cada vez m\u00e1s plata. A ellos hay que apuntar tambi\u00e9n para dejar de alimentar al monstruo. Pero, de la mano de pol\u00edticas antiinflacionarias serias. <\/p>\n\n\n\n<p><strong>Salarios desinflados<\/strong><\/p>\n\n\n\n<p>M\u00e1s all\u00e1 de alg\u00fan indicador positivo en 2021, desde 2017 los salarios vinieron perdiendo de lo lindo con el avance de la inflaci\u00f3n.<\/p>\n\n\n\n<p>Seg\u00fan datos del Ministerio de Econom\u00eda, en 2018 la inflaci\u00f3n fue de 3,3% promedio mensual y los salarios crecieron a raz\u00f3n del 2,7% mensual. Un a\u00f1o despu\u00e9s, la diferencia fue de 3,7% a 3% mensual; mientras que, en 2020, de 2,6% y 2,4%, respectivamente.<\/p>\n\n\n\n<p>El a\u00f1o pasado, en t\u00e9rminos anuales, los salarios crecieron el 53,4%, por encima de la inflaci\u00f3n que alcanz\u00f3 un total de 50,9%. Claro que esta mejora salarial advertida en la segunda mitad de 2021, no impidi\u00f3 que el nivel general de salarios cayera en promedio un 3,5% real, seg\u00fan algunas consultoras.<\/p>\n\n\n\n<p>Dicen los que saben que en materia de psicolog\u00eda una de las principales herramientas para afrontar un problema es verbalizarlo. Balbucearlo, convertirlo en palabras, reconocerlo y enfrentarlo. De modo curioso, es la situaci\u00f3n inversa la que imper\u00f3 con la inflaci\u00f3n entre nuestros gobernantes.<\/p>\n\n\n\n<p>Al menos, y felizmente, hasta ahora. Cuando el Presidente se ha decidido, por fin, a darle guerra a la inflaci\u00f3n, seg\u00fan sus propios t\u00e9rminos.<\/p>\n\n\n\n<p>Ojal\u00e1 no sea puro cotorreo preelectoralista para salir del paso y se tomen las cosas en serio de una vez por todas.<\/p>\n\n\n\n<p>Lo esperamos millones de argentinos que estamos hartos de que la plata no alcance y que, adem\u00e1s, estamos inflados hasta los huesos.<\/p>\n\n\n\n<p>Claro est\u00e1, por no decir otra cosa.<\/p>\n","protected":false},"excerpt":{"rendered":"<p>Ignorada, subestimada, tergiversada y hasta \u201cdesaparecida\u201d en alg\u00fan momento por la clase gobernante, la inflaci\u00f3n contin\u00faa siendo la peor pesadilla de los argentinos. Destructora de sue\u00f1os y de realidades cotidianas, se ha convertido en ese monstruo terrible al que nada ni nadie pareciera poder -o querer- vencer. Escribe: Germ\u00e1n Giacchero El presidente Alberto Fern\u00e1ndez se [&hellip;]<\/p>\n","protected":false},"author":6,"featured_media":54238,"comment_status":"open","ping_status":"open","sticky":false,"template":"","format":"standard","meta":{"site-sidebar-layout":"default","site-content-layout":"","ast-site-content-layout":"default","site-content-style":"default","site-sidebar-style":"default","ast-global-header-display":"","ast-banner-title-visibility":"","ast-main-header-display":"","ast-hfb-above-header-display":"","ast-hfb-below-header-display":"","ast-hfb-mobile-header-display":"","site-post-title":"","ast-breadcrumbs-content":"","ast-featured-img":"","footer-sml-layout":"","ast-disable-related-posts":"","theme-transparent-header-meta":"","adv-header-id-meta":"","stick-header-meta":"","header-above-stick-meta":"","header-main-stick-meta":"","header-below-stick-meta":"","astra-migrate-meta-layouts":"default","ast-page-background-enabled":"default","ast-page-background-meta":{"desktop":{"background-color":"","background-image":"","background-repeat":"repeat","background-position":"center center","background-size":"auto","background-attachment":"scroll","background-type":"","background-media":"","overlay-type":"","overlay-color":"","overlay-opacity":"","overlay-gradient":""},"tablet":{"background-color":"","background-image":"","background-repeat":"repeat","background-position":"center center","background-size":"auto","background-attachment":"scroll","background-type":"","background-media":"","overlay-type":"","overlay-color":"","overlay-opacity":"","overlay-gradient":""},"mobile":{"background-color":"","background-image":"","background-repeat":"repeat","background-position":"center center","background-size":"auto","background-attachment":"scroll","background-type":"","background-media":"","overlay-type":"","overlay-color":"","overlay-opacity":"","overlay-gradient":""}},"ast-content-background-meta":{"desktop":{"background-color":"var(--ast-global-color-5)","background-image":"","background-repeat":"repeat","background-position":"center center","background-size":"auto","background-attachment":"scroll","background-type":"","background-media":"","overlay-type":"","overlay-color":"","overlay-opacity":"","overlay-gradient":""},"tablet":{"background-color":"var(--ast-global-color-5)","background-image":"","background-repeat":"repeat","background-position":"center center","background-size":"auto","background-attachment":"scroll","background-type":"","background-media":"","overlay-type":"","overlay-color":"","overlay-opacity":"","overlay-gradient":""},"mobile":{"background-color":"var(--ast-global-color-5)","background-image":"","background-repeat":"repeat","background-position":"center center","background-size":"auto","background-attachment":"scroll","background-type":"","background-media":"","overlay-type":"","overlay-color":"","overlay-opacity":"","overlay-gradient":""}},"_jetpack_memberships_contains_paid_content":false,"_joinchat":[],"footnotes":""},"categories":[2089,3557],"tags":[2052,7401,14289,30,2784,2467,14288,14287,519,9879],"class_list":["post-54217","post","type-post","status-publish","format-standard","has-post-thumbnail","hentry","category-politica","category-tercera","tag-alimentos","tag-discurso","tag-grandes-cadenas","tag-guerra","tag-indec","tag-inflacion","tag-intermediarios","tag-negacionismo","tag-politica","tag-precios"],"yoast_head":"<!-- This site is optimized with the Yoast SEO plugin v26.8 - https:\/\/yoast.com\/product\/yoast-seo-wordpress\/ -->\n<title>Inflados hasta los huesos: \u00a1Paren de remarcar! - El Regional<\/title>\n<meta name=\"description\" content=\"Lo esperamos millones de argentinos que estamos hartos de que la plata no alcance para nada y que estamos inflados hasta los huesos.\" \/>\n<meta name=\"robots\" content=\"index, follow, max-snippet:-1, max-image-preview:large, max-video-preview:-1\" \/>\n<link rel=\"canonical\" href=\"http:\/\/elregionalvm.com.ar\/noticias-villa-maria\/inflados-hasta-los-huesos-paren-de-remarcar\/\" \/>\n<meta property=\"og:locale\" content=\"es_ES\" \/>\n<meta property=\"og:type\" content=\"article\" \/>\n<meta property=\"og:title\" content=\"Inflados hasta los huesos: \u00a1Paren de remarcar! - El Regional\" \/>\n<meta property=\"og:description\" content=\"Lo esperamos millones de argentinos que estamos hartos de que la plata no alcance para nada y que estamos inflados hasta los huesos.\" \/>\n<meta property=\"og:url\" content=\"http:\/\/elregionalvm.com.ar\/noticias-villa-maria\/inflados-hasta-los-huesos-paren-de-remarcar\/\" \/>\n<meta property=\"og:site_name\" content=\"El Regional\" \/>\n<meta property=\"article:publisher\" content=\"https:\/\/www.facebook.com\/elregionalvm\" \/>\n<meta property=\"article:published_time\" content=\"2022-03-16T21:13:04+00:00\" \/>\n<meta property=\"article:modified_time\" content=\"2022-03-22T01:27:32+00:00\" \/>\n<meta property=\"og:image\" content=\"http:\/\/elregionalvm.com.ar\/noticias-villa-maria\/wp-content\/uploads\/2022\/03\/No-llego-a-fin-de-mes-grafiti-vertical.jpg\" \/>\n\t<meta property=\"og:image:width\" content=\"579\" \/>\n\t<meta property=\"og:image:height\" content=\"765\" \/>\n\t<meta property=\"og:image:type\" content=\"image\/jpeg\" \/>\n<meta name=\"author\" content=\"Germ\u00e1n Giacchero\" \/>\n<meta name=\"twitter:card\" content=\"summary_large_image\" \/>\n<meta name=\"twitter:creator\" content=\"@elregionalvm1\" \/>\n<meta name=\"twitter:site\" content=\"@elregionalvm1\" \/>\n<meta name=\"twitter:label1\" content=\"Escrito por\" \/>\n\t<meta name=\"twitter:data1\" content=\"Germ\u00e1n Giacchero\" \/>\n\t<meta name=\"twitter:label2\" content=\"Tiempo de lectura\" \/>\n\t<meta name=\"twitter:data2\" content=\"7 minutos\" \/>\n<script type=\"application\/ld+json\" class=\"yoast-schema-graph\">{\"@context\":\"https:\/\/schema.org\",\"@graph\":[{\"@type\":\"Article\",\"@id\":\"http:\/\/elregionalvm.com.ar\/noticias-villa-maria\/inflados-hasta-los-huesos-paren-de-remarcar\/#article\",\"isPartOf\":{\"@id\":\"http:\/\/elregionalvm.com.ar\/noticias-villa-maria\/inflados-hasta-los-huesos-paren-de-remarcar\/\"},\"author\":{\"name\":\"Germ\u00e1n Giacchero\",\"@id\":\"http:\/\/elregionalvm.com.ar\/noticias-villa-maria\/#\/schema\/person\/d5e4b04966154131701e52c45d3efec9\"},\"headline\":\"Inflados hasta los huesos: \u00a1Paren de remarcar!\",\"datePublished\":\"2022-03-16T21:13:04+00:00\",\"dateModified\":\"2022-03-22T01:27:32+00:00\",\"mainEntityOfPage\":{\"@id\":\"http:\/\/elregionalvm.com.ar\/noticias-villa-maria\/inflados-hasta-los-huesos-paren-de-remarcar\/\"},\"wordCount\":1496,\"commentCount\":0,\"image\":{\"@id\":\"http:\/\/elregionalvm.com.ar\/noticias-villa-maria\/inflados-hasta-los-huesos-paren-de-remarcar\/#primaryimage\"},\"thumbnailUrl\":\"https:\/\/i0.wp.com\/elregionalvm.com.ar\/noticias-villa-maria\/wp-content\/uploads\/2022\/03\/No-llego-a-fin-de-mes-grafiti-vertical.jpg?fit=579%2C765&ssl=1\",\"keywords\":[\"Alimentos\",\"discurso\",\"grandes cadenas\",\"guerra\",\"Indec\",\"Inflaci\u00f3n\",\"intermediarios\",\"negacionismo\",\"Pol\u00edtica\",\"precios\"],\"articleSection\":[\"Pol\u00edtica\",\"tercera\"],\"inLanguage\":\"es\",\"potentialAction\":[{\"@type\":\"CommentAction\",\"name\":\"Comment\",\"target\":[\"http:\/\/elregionalvm.com.ar\/noticias-villa-maria\/inflados-hasta-los-huesos-paren-de-remarcar\/#respond\"]}]},{\"@type\":\"WebPage\",\"@id\":\"http:\/\/elregionalvm.com.ar\/noticias-villa-maria\/inflados-hasta-los-huesos-paren-de-remarcar\/\",\"url\":\"http:\/\/elregionalvm.com.ar\/noticias-villa-maria\/inflados-hasta-los-huesos-paren-de-remarcar\/\",\"name\":\"Inflados hasta los huesos: \u00a1Paren de remarcar! - El Regional\",\"isPartOf\":{\"@id\":\"http:\/\/elregionalvm.com.ar\/noticias-villa-maria\/#website\"},\"primaryImageOfPage\":{\"@id\":\"http:\/\/elregionalvm.com.ar\/noticias-villa-maria\/inflados-hasta-los-huesos-paren-de-remarcar\/#primaryimage\"},\"image\":{\"@id\":\"http:\/\/elregionalvm.com.ar\/noticias-villa-maria\/inflados-hasta-los-huesos-paren-de-remarcar\/#primaryimage\"},\"thumbnailUrl\":\"https:\/\/i0.wp.com\/elregionalvm.com.ar\/noticias-villa-maria\/wp-content\/uploads\/2022\/03\/No-llego-a-fin-de-mes-grafiti-vertical.jpg?fit=579%2C765&ssl=1\",\"datePublished\":\"2022-03-16T21:13:04+00:00\",\"dateModified\":\"2022-03-22T01:27:32+00:00\",\"author\":{\"@id\":\"http:\/\/elregionalvm.com.ar\/noticias-villa-maria\/#\/schema\/person\/d5e4b04966154131701e52c45d3efec9\"},\"description\":\"Lo esperamos millones de argentinos que estamos hartos de que la plata no alcance para nada y que estamos inflados hasta los huesos.\",\"breadcrumb\":{\"@id\":\"http:\/\/elregionalvm.com.ar\/noticias-villa-maria\/inflados-hasta-los-huesos-paren-de-remarcar\/#breadcrumb\"},\"inLanguage\":\"es\",\"potentialAction\":[{\"@type\":\"ReadAction\",\"target\":[\"http:\/\/elregionalvm.com.ar\/noticias-villa-maria\/inflados-hasta-los-huesos-paren-de-remarcar\/\"]}]},{\"@type\":\"ImageObject\",\"inLanguage\":\"es\",\"@id\":\"http:\/\/elregionalvm.com.ar\/noticias-villa-maria\/inflados-hasta-los-huesos-paren-de-remarcar\/#primaryimage\",\"url\":\"https:\/\/i0.wp.com\/elregionalvm.com.ar\/noticias-villa-maria\/wp-content\/uploads\/2022\/03\/No-llego-a-fin-de-mes-grafiti-vertical.jpg?fit=579%2C765&ssl=1\",\"contentUrl\":\"https:\/\/i0.wp.com\/elregionalvm.com.ar\/noticias-villa-maria\/wp-content\/uploads\/2022\/03\/No-llego-a-fin-de-mes-grafiti-vertical.jpg?fit=579%2C765&ssl=1\",\"width\":579,\"height\":765},{\"@type\":\"BreadcrumbList\",\"@id\":\"http:\/\/elregionalvm.com.ar\/noticias-villa-maria\/inflados-hasta-los-huesos-paren-de-remarcar\/#breadcrumb\",\"itemListElement\":[{\"@type\":\"ListItem\",\"position\":1,\"name\":\"Portada\",\"item\":\"https:\/\/elregionalvm.com.ar\/noticias-villa-maria\/\"},{\"@type\":\"ListItem\",\"position\":2,\"name\":\"Inflados hasta los huesos: \u00a1Paren de remarcar!\"}]},{\"@type\":\"WebSite\",\"@id\":\"http:\/\/elregionalvm.com.ar\/noticias-villa-maria\/#website\",\"url\":\"http:\/\/elregionalvm.com.ar\/noticias-villa-maria\/\",\"name\":\"El Regional\",\"description\":\"Mucho m\u00e1s que informaci\u00f3n\",\"potentialAction\":[{\"@type\":\"SearchAction\",\"target\":{\"@type\":\"EntryPoint\",\"urlTemplate\":\"http:\/\/elregionalvm.com.ar\/noticias-villa-maria\/?s={search_term_string}\"},\"query-input\":{\"@type\":\"PropertyValueSpecification\",\"valueRequired\":true,\"valueName\":\"search_term_string\"}}],\"inLanguage\":\"es\"},{\"@type\":\"Person\",\"@id\":\"http:\/\/elregionalvm.com.ar\/noticias-villa-maria\/#\/schema\/person\/d5e4b04966154131701e52c45d3efec9\",\"name\":\"Germ\u00e1n Giacchero\",\"image\":{\"@type\":\"ImageObject\",\"inLanguage\":\"es\",\"@id\":\"http:\/\/elregionalvm.com.ar\/noticias-villa-maria\/#\/schema\/person\/image\/\",\"url\":\"https:\/\/secure.gravatar.com\/avatar\/fda163ba5ef0307ee5be9846e10f83b6e83d0cfb260d3b2464830318894c6b04?s=96&d=mm&r=g\",\"contentUrl\":\"https:\/\/secure.gravatar.com\/avatar\/fda163ba5ef0307ee5be9846e10f83b6e83d0cfb260d3b2464830318894c6b04?s=96&d=mm&r=g\",\"caption\":\"Germ\u00e1n Giacchero\"},\"url\":\"https:\/\/elregionalvm.com.ar\/noticias-villa-maria\/author\/germangiacchero\/\"}]}<\/script>\n<!-- \/ Yoast SEO plugin. -->","yoast_head_json":{"title":"Inflados hasta los huesos: \u00a1Paren de remarcar! - El Regional","description":"Lo esperamos millones de argentinos que estamos hartos de que la plata no alcance para nada y que estamos inflados hasta los huesos.","robots":{"index":"index","follow":"follow","max-snippet":"max-snippet:-1","max-image-preview":"max-image-preview:large","max-video-preview":"max-video-preview:-1"},"canonical":"http:\/\/elregionalvm.com.ar\/noticias-villa-maria\/inflados-hasta-los-huesos-paren-de-remarcar\/","og_locale":"es_ES","og_type":"article","og_title":"Inflados hasta los huesos: \u00a1Paren de remarcar! - El Regional","og_description":"Lo esperamos millones de argentinos que estamos hartos de que la plata no alcance para nada y que estamos inflados hasta los huesos.","og_url":"http:\/\/elregionalvm.com.ar\/noticias-villa-maria\/inflados-hasta-los-huesos-paren-de-remarcar\/","og_site_name":"El Regional","article_publisher":"https:\/\/www.facebook.com\/elregionalvm","article_published_time":"2022-03-16T21:13:04+00:00","article_modified_time":"2022-03-22T01:27:32+00:00","og_image":[{"width":579,"height":765,"url":"http:\/\/elregionalvm.com.ar\/noticias-villa-maria\/wp-content\/uploads\/2022\/03\/No-llego-a-fin-de-mes-grafiti-vertical.jpg","type":"image\/jpeg"}],"author":"Germ\u00e1n Giacchero","twitter_card":"summary_large_image","twitter_creator":"@elregionalvm1","twitter_site":"@elregionalvm1","twitter_misc":{"Escrito por":"Germ\u00e1n Giacchero","Tiempo de lectura":"7 minutos"},"schema":{"@context":"https:\/\/schema.org","@graph":[{"@type":"Article","@id":"http:\/\/elregionalvm.com.ar\/noticias-villa-maria\/inflados-hasta-los-huesos-paren-de-remarcar\/#article","isPartOf":{"@id":"http:\/\/elregionalvm.com.ar\/noticias-villa-maria\/inflados-hasta-los-huesos-paren-de-remarcar\/"},"author":{"name":"Germ\u00e1n Giacchero","@id":"http:\/\/elregionalvm.com.ar\/noticias-villa-maria\/#\/schema\/person\/d5e4b04966154131701e52c45d3efec9"},"headline":"Inflados hasta los huesos: \u00a1Paren de remarcar!","datePublished":"2022-03-16T21:13:04+00:00","dateModified":"2022-03-22T01:27:32+00:00","mainEntityOfPage":{"@id":"http:\/\/elregionalvm.com.ar\/noticias-villa-maria\/inflados-hasta-los-huesos-paren-de-remarcar\/"},"wordCount":1496,"commentCount":0,"image":{"@id":"http:\/\/elregionalvm.com.ar\/noticias-villa-maria\/inflados-hasta-los-huesos-paren-de-remarcar\/#primaryimage"},"thumbnailUrl":"https:\/\/i0.wp.com\/elregionalvm.com.ar\/noticias-villa-maria\/wp-content\/uploads\/2022\/03\/No-llego-a-fin-de-mes-grafiti-vertical.jpg?fit=579%2C765&ssl=1","keywords":["Alimentos","discurso","grandes cadenas","guerra","Indec","Inflaci\u00f3n","intermediarios","negacionismo","Pol\u00edtica","precios"],"articleSection":["Pol\u00edtica","tercera"],"inLanguage":"es","potentialAction":[{"@type":"CommentAction","name":"Comment","target":["http:\/\/elregionalvm.com.ar\/noticias-villa-maria\/inflados-hasta-los-huesos-paren-de-remarcar\/#respond"]}]},{"@type":"WebPage","@id":"http:\/\/elregionalvm.com.ar\/noticias-villa-maria\/inflados-hasta-los-huesos-paren-de-remarcar\/","url":"http:\/\/elregionalvm.com.ar\/noticias-villa-maria\/inflados-hasta-los-huesos-paren-de-remarcar\/","name":"Inflados hasta los huesos: \u00a1Paren de remarcar! - El Regional","isPartOf":{"@id":"http:\/\/elregionalvm.com.ar\/noticias-villa-maria\/#website"},"primaryImageOfPage":{"@id":"http:\/\/elregionalvm.com.ar\/noticias-villa-maria\/inflados-hasta-los-huesos-paren-de-remarcar\/#primaryimage"},"image":{"@id":"http:\/\/elregionalvm.com.ar\/noticias-villa-maria\/inflados-hasta-los-huesos-paren-de-remarcar\/#primaryimage"},"thumbnailUrl":"https:\/\/i0.wp.com\/elregionalvm.com.ar\/noticias-villa-maria\/wp-content\/uploads\/2022\/03\/No-llego-a-fin-de-mes-grafiti-vertical.jpg?fit=579%2C765&ssl=1","datePublished":"2022-03-16T21:13:04+00:00","dateModified":"2022-03-22T01:27:32+00:00","author":{"@id":"http:\/\/elregionalvm.com.ar\/noticias-villa-maria\/#\/schema\/person\/d5e4b04966154131701e52c45d3efec9"},"description":"Lo esperamos millones de argentinos que estamos hartos de que la plata no alcance para nada y que estamos inflados hasta los huesos.","breadcrumb":{"@id":"http:\/\/elregionalvm.com.ar\/noticias-villa-maria\/inflados-hasta-los-huesos-paren-de-remarcar\/#breadcrumb"},"inLanguage":"es","potentialAction":[{"@type":"ReadAction","target":["http:\/\/elregionalvm.com.ar\/noticias-villa-maria\/inflados-hasta-los-huesos-paren-de-remarcar\/"]}]},{"@type":"ImageObject","inLanguage":"es","@id":"http:\/\/elregionalvm.com.ar\/noticias-villa-maria\/inflados-hasta-los-huesos-paren-de-remarcar\/#primaryimage","url":"https:\/\/i0.wp.com\/elregionalvm.com.ar\/noticias-villa-maria\/wp-content\/uploads\/2022\/03\/No-llego-a-fin-de-mes-grafiti-vertical.jpg?fit=579%2C765&ssl=1","contentUrl":"https:\/\/i0.wp.com\/elregionalvm.com.ar\/noticias-villa-maria\/wp-content\/uploads\/2022\/03\/No-llego-a-fin-de-mes-grafiti-vertical.jpg?fit=579%2C765&ssl=1","width":579,"height":765},{"@type":"BreadcrumbList","@id":"http:\/\/elregionalvm.com.ar\/noticias-villa-maria\/inflados-hasta-los-huesos-paren-de-remarcar\/#breadcrumb","itemListElement":[{"@type":"ListItem","position":1,"name":"Portada","item":"https:\/\/elregionalvm.com.ar\/noticias-villa-maria\/"},{"@type":"ListItem","position":2,"name":"Inflados hasta los huesos: \u00a1Paren de remarcar!"}]},{"@type":"WebSite","@id":"http:\/\/elregionalvm.com.ar\/noticias-villa-maria\/#website","url":"http:\/\/elregionalvm.com.ar\/noticias-villa-maria\/","name":"El Regional","description":"Mucho m\u00e1s que informaci\u00f3n","potentialAction":[{"@type":"SearchAction","target":{"@type":"EntryPoint","urlTemplate":"http:\/\/elregionalvm.com.ar\/noticias-villa-maria\/?s={search_term_string}"},"query-input":{"@type":"PropertyValueSpecification","valueRequired":true,"valueName":"search_term_string"}}],"inLanguage":"es"},{"@type":"Person","@id":"http:\/\/elregionalvm.com.ar\/noticias-villa-maria\/#\/schema\/person\/d5e4b04966154131701e52c45d3efec9","name":"Germ\u00e1n Giacchero","image":{"@type":"ImageObject","inLanguage":"es","@id":"http:\/\/elregionalvm.com.ar\/noticias-villa-maria\/#\/schema\/person\/image\/","url":"https:\/\/secure.gravatar.com\/avatar\/fda163ba5ef0307ee5be9846e10f83b6e83d0cfb260d3b2464830318894c6b04?s=96&d=mm&r=g","contentUrl":"https:\/\/secure.gravatar.com\/avatar\/fda163ba5ef0307ee5be9846e10f83b6e83d0cfb260d3b2464830318894c6b04?s=96&d=mm&r=g","caption":"Germ\u00e1n Giacchero"},"url":"https:\/\/elregionalvm.com.ar\/noticias-villa-maria\/author\/germangiacchero\/"}]}},"jetpack_featured_media_url":"https:\/\/i0.wp.com\/elregionalvm.com.ar\/noticias-villa-maria\/wp-content\/uploads\/2022\/03\/No-llego-a-fin-de-mes-grafiti-vertical.jpg?fit=579%2C765&ssl=1","jetpack_sharing_enabled":true,"_links":{"self":[{"href":"https:\/\/elregionalvm.com.ar\/noticias-villa-maria\/wp-json\/wp\/v2\/posts\/54217","targetHints":{"allow":["GET"]}}],"collection":[{"href":"https:\/\/elregionalvm.com.ar\/noticias-villa-maria\/wp-json\/wp\/v2\/posts"}],"about":[{"href":"https:\/\/elregionalvm.com.ar\/noticias-villa-maria\/wp-json\/wp\/v2\/types\/post"}],"author":[{"embeddable":true,"href":"https:\/\/elregionalvm.com.ar\/noticias-villa-maria\/wp-json\/wp\/v2\/users\/6"}],"replies":[{"embeddable":true,"href":"https:\/\/elregionalvm.com.ar\/noticias-villa-maria\/wp-json\/wp\/v2\/comments?post=54217"}],"version-history":[{"count":8,"href":"https:\/\/elregionalvm.com.ar\/noticias-villa-maria\/wp-json\/wp\/v2\/posts\/54217\/revisions"}],"predecessor-version":[{"id":54240,"href":"https:\/\/elregionalvm.com.ar\/noticias-villa-maria\/wp-json\/wp\/v2\/posts\/54217\/revisions\/54240"}],"wp:featuredmedia":[{"embeddable":true,"href":"https:\/\/elregionalvm.com.ar\/noticias-villa-maria\/wp-json\/wp\/v2\/media\/54238"}],"wp:attachment":[{"href":"https:\/\/elregionalvm.com.ar\/noticias-villa-maria\/wp-json\/wp\/v2\/media?parent=54217"}],"wp:term":[{"taxonomy":"category","embeddable":true,"href":"https:\/\/elregionalvm.com.ar\/noticias-villa-maria\/wp-json\/wp\/v2\/categories?post=54217"},{"taxonomy":"post_tag","embeddable":true,"href":"https:\/\/elregionalvm.com.ar\/noticias-villa-maria\/wp-json\/wp\/v2\/tags?post=54217"}],"curies":[{"name":"wp","href":"https:\/\/api.w.org\/{rel}","templated":true}]}}