{"id":54273,"date":"2022-03-17T21:28:05","date_gmt":"2022-03-17T21:28:05","guid":{"rendered":"https:\/\/elregionalvm.com.ar\/noticias-villa-maria\/?p=54273"},"modified":"2022-03-17T21:28:07","modified_gmt":"2022-03-17T21:28:07","slug":"gill-recibio-a-docentes-padres-y-estudiantes-de-la-escuela-proa-ante-los-reclamos","status":"publish","type":"post","link":"https:\/\/elregionalvm.com.ar\/noticias-villa-maria\/gill-recibio-a-docentes-padres-y-estudiantes-de-la-escuela-proa-ante-los-reclamos\/","title":{"rendered":"Gill recibi\u00f3 a docentes, padres y estudiantes de la Escuela PROA ante los reclamos"},"content":{"rendered":"\n<p>El intendente Mart\u00edn Gill recibi\u00f3 a estudiantes de la escuela PROA con sede en la Universidad Tecnol\u00f3gica Nacional (UTN), a los fines de escuchar sus demandas respecto al avance y construcci\u00f3n de un edificio propio. Lo hizo en compa\u00f1\u00eda del secretario de Educaci\u00f3n, Cultura y Promoci\u00f3n de la Ciencia, Rafael Sachetto, en una reuni\u00f3n que tuvo lugar en el Sal\u00f3n Blanco del Palacio Municipal.<\/p>\n\n\n\n<p>En este marco, el mandatario local di\u00e1logo con alumnos de quinto y sexto a\u00f1o, quienes, acompa\u00f1ados por sus padres y docentes, manifestaron sus inquietudes al respecto. Frente a ello, Gill se comprometi\u00f3 a oficiar de intermediario con el Gobierno de C\u00f3rdoba, creador del programa educativo y encargado de la ejecuci\u00f3n de las sedes en diferentes localidades de la provincia.<\/p>\n\n\n\n<figure class=\"wp-block-image size-large\"><img data-recalc-dims=\"1\" fetchpriority=\"high\" decoding=\"async\" width=\"1024\" height=\"682\" src=\"https:\/\/i0.wp.com\/elregionalvm.com.ar\/noticias-villa-maria\/wp-content\/uploads\/2022\/03\/WhatsApp-Image-2022-03-17-at-15.59.46-1.jpeg?resize=1024%2C682&#038;ssl=1\" alt=\"\" class=\"wp-image-54276\" srcset=\"https:\/\/i0.wp.com\/elregionalvm.com.ar\/noticias-villa-maria\/wp-content\/uploads\/2022\/03\/WhatsApp-Image-2022-03-17-at-15.59.46-1.jpeg?resize=1024%2C682&amp;ssl=1 1024w, https:\/\/i0.wp.com\/elregionalvm.com.ar\/noticias-villa-maria\/wp-content\/uploads\/2022\/03\/WhatsApp-Image-2022-03-17-at-15.59.46-1.jpeg?resize=300%2C200&amp;ssl=1 300w, https:\/\/i0.wp.com\/elregionalvm.com.ar\/noticias-villa-maria\/wp-content\/uploads\/2022\/03\/WhatsApp-Image-2022-03-17-at-15.59.46-1.jpeg?resize=768%2C512&amp;ssl=1 768w, https:\/\/i0.wp.com\/elregionalvm.com.ar\/noticias-villa-maria\/wp-content\/uploads\/2022\/03\/WhatsApp-Image-2022-03-17-at-15.59.46-1.jpeg?w=1280&amp;ssl=1 1280w\" sizes=\"(max-width: 1000px) 100vw, 1000px\" \/><\/figure>\n\n\n\n<p>Al mismo tiempo, las autoridades transmitieron el compromiso del ministro de Educaci\u00f3n de la provincia, Walter Grahovac, en dar soluci\u00f3n a la problem\u00e1tica respecto a la infraestructura de la escuela. En la misma l\u00ednea, se dio a conocer la disposici\u00f3n de UTN y la Universidad Nacional de Villa Mar\u00eda (UNVM) para extender los plazos para el uso de los edificios de ambas casas de estudio por parte de las escuelas secundarias.<\/p>\n\n\n\n<p>Adem\u00e1s, haciendo eco de lo referido por el Gobierno provincial, Gill y Sachetto comunicaron que a partir de la pr\u00f3xima semana se prev\u00e9n soluciones para cubrir los cargos docentes de los espacios curriculares que se encuentran desiertos.<\/p>\n\n\n\n<p>Por su parte, el municipio llevar\u00e1 adelante la puesta en marcha de mesas de trabajo junto a docentes y estudiantes, como as\u00ed tambi\u00e9n trabajos de inspecci\u00f3n t\u00e9cnica y avance de las obras.<\/p>\n","protected":false},"excerpt":{"rendered":"<p>El intendente Mart\u00edn Gill recibi\u00f3 a estudiantes de la escuela PROA con sede en la Universidad Tecnol\u00f3gica Nacional (UTN), a los fines de escuchar sus demandas respecto al avance y construcci\u00f3n de un edificio propio. Lo hizo en compa\u00f1\u00eda del secretario de Educaci\u00f3n, Cultura y Promoci\u00f3n de la Ciencia, Rafael Sachetto, en una reuni\u00f3n que [&hellip;]<\/p>\n","protected":false},"author":4,"featured_media":54275,"comment_status":"open","ping_status":"open","sticky":false,"template":"","format":"standard","meta":{"site-sidebar-layout":"default","site-content-layout":"","ast-site-content-layout":"default","site-content-style":"default","site-sidebar-style":"default","ast-global-header-display":"","ast-banner-title-visibility":"","ast-main-header-display":"","ast-hfb-above-header-display":"","ast-hfb-below-header-display":"","ast-hfb-mobile-header-display":"","site-post-title":"","ast-breadcrumbs-content":"","ast-featured-img":"","footer-sml-layout":"","ast-disable-related-posts":"","theme-transparent-header-meta":"","adv-header-id-meta":"","stick-header-meta":"","header-above-stick-meta":"","header-main-stick-meta":"","header-below-stick-meta":"","astra-migrate-meta-layouts":"default","ast-page-background-enabled":"default","ast-page-background-meta":{"desktop":{"background-color":"","background-image":"","background-repeat":"repeat","background-position":"center center","background-size":"auto","background-attachment":"scroll","background-type":"","background-media":"","overlay-type":"","overlay-color":"","overlay-opacity":"","overlay-gradient":""},"tablet":{"background-color":"","background-image":"","background-repeat":"repeat","background-position":"center center","background-size":"auto","background-attachment":"scroll","background-type":"","background-media":"","overlay-type":"","overlay-color":"","overlay-opacity":"","overlay-gradient":""},"mobile":{"background-color":"","background-image":"","background-repeat":"repeat","background-position":"center center","background-size":"auto","background-attachment":"scroll","background-type":"","background-media":"","overlay-type":"","overlay-color":"","overlay-opacity":"","overlay-gradient":""}},"ast-content-background-meta":{"desktop":{"background-color":"var(--ast-global-color-5)","background-image":"","background-repeat":"repeat","background-position":"center center","background-size":"auto","background-attachment":"scroll","background-type":"","background-media":"","overlay-type":"","overlay-color":"","overlay-opacity":"","overlay-gradient":""},"tablet":{"background-color":"var(--ast-global-color-5)","background-image":"","background-repeat":"repeat","background-position":"center center","background-size":"auto","background-attachment":"scroll","background-type":"","background-media":"","overlay-type":"","overlay-color":"","overlay-opacity":"","overlay-gradient":""},"mobile":{"background-color":"var(--ast-global-color-5)","background-image":"","background-repeat":"repeat","background-position":"center center","background-size":"auto","background-attachment":"scroll","background-type":"","background-media":"","overlay-type":"","overlay-color":"","overlay-opacity":"","overlay-gradient":""}},"_jetpack_memberships_contains_paid_content":false,"_joinchat":[],"footnotes":""},"categories":[2],"tags":[8298,1232,2008,14317,14316,14318,14267,4910,2403,2788],"class_list":["post-54273","post","type-post","status-publish","format-standard","has-post-thumbnail","hentry","category-villa-maria","tag-alumnos","tag-destacado","tag-docentes","tag-escucho-reclamos","tag-escuelas-proa","tag-interceder","tag-martin-rodrigo-gill","tag-padres","tag-provincia-de-cordoba","tag-reclamo"],"yoast_head":"<!-- This site is optimized with the Yoast SEO plugin v26.8 - https:\/\/yoast.com\/product\/yoast-seo-wordpress\/ -->\n<title>Gill recibi\u00f3 a docentes, padres y estudiantes de la Escuela PROA ante los reclamos - El Regional<\/title>\n<meta name=\"robots\" content=\"index, follow, max-snippet:-1, max-image-preview:large, max-video-preview:-1\" \/>\n<link rel=\"canonical\" href=\"http:\/\/elregionalvm.com.ar\/noticias-villa-maria\/gill-recibio-a-docentes-padres-y-estudiantes-de-la-escuela-proa-ante-los-reclamos\/\" \/>\n<meta property=\"og:locale\" content=\"es_ES\" \/>\n<meta property=\"og:type\" content=\"article\" \/>\n<meta property=\"og:title\" content=\"Gill recibi\u00f3 a docentes, padres y estudiantes de la Escuela PROA ante los reclamos - El Regional\" \/>\n<meta property=\"og:description\" content=\"El intendente Mart\u00edn Gill recibi\u00f3 a estudiantes de la escuela PROA con sede en la Universidad Tecnol\u00f3gica Nacional (UTN), a los fines de escuchar sus demandas respecto al avance y construcci\u00f3n de un edificio propio. Lo hizo en compa\u00f1\u00eda del secretario de Educaci\u00f3n, Cultura y Promoci\u00f3n de la Ciencia, Rafael Sachetto, en una reuni\u00f3n que [&hellip;]\" \/>\n<meta property=\"og:url\" content=\"http:\/\/elregionalvm.com.ar\/noticias-villa-maria\/gill-recibio-a-docentes-padres-y-estudiantes-de-la-escuela-proa-ante-los-reclamos\/\" \/>\n<meta property=\"og:site_name\" content=\"El Regional\" \/>\n<meta property=\"article:publisher\" content=\"https:\/\/www.facebook.com\/elregionalvm\" \/>\n<meta property=\"article:published_time\" content=\"2022-03-17T21:28:05+00:00\" \/>\n<meta property=\"article:modified_time\" content=\"2022-03-17T21:28:07+00:00\" \/>\n<meta property=\"og:image\" content=\"http:\/\/elregionalvm.com.ar\/noticias-villa-maria\/wp-content\/uploads\/2022\/03\/WhatsApp-Image-2022-03-17-at-15.59.46.jpeg\" \/>\n\t<meta property=\"og:image:width\" content=\"1280\" \/>\n\t<meta property=\"og:image:height\" content=\"853\" \/>\n\t<meta property=\"og:image:type\" content=\"image\/jpeg\" \/>\n<meta name=\"author\" content=\"Contenidos El Regional\" \/>\n<meta name=\"twitter:card\" content=\"summary_large_image\" \/>\n<meta name=\"twitter:creator\" content=\"@elregionalvm1\" \/>\n<meta name=\"twitter:site\" content=\"@elregionalvm1\" \/>\n<meta name=\"twitter:label1\" content=\"Escrito por\" \/>\n\t<meta name=\"twitter:data1\" content=\"Contenidos El Regional\" \/>\n\t<meta name=\"twitter:label2\" content=\"Tiempo de lectura\" \/>\n\t<meta name=\"twitter:data2\" content=\"1 minuto\" \/>\n<script type=\"application\/ld+json\" class=\"yoast-schema-graph\">{\"@context\":\"https:\/\/schema.org\",\"@graph\":[{\"@type\":\"Article\",\"@id\":\"http:\/\/elregionalvm.com.ar\/noticias-villa-maria\/gill-recibio-a-docentes-padres-y-estudiantes-de-la-escuela-proa-ante-los-reclamos\/#article\",\"isPartOf\":{\"@id\":\"http:\/\/elregionalvm.com.ar\/noticias-villa-maria\/gill-recibio-a-docentes-padres-y-estudiantes-de-la-escuela-proa-ante-los-reclamos\/\"},\"author\":{\"name\":\"Contenidos El Regional\",\"@id\":\"http:\/\/elregionalvm.com.ar\/noticias-villa-maria\/#\/schema\/person\/a0fb9c422317faca23d50163151bc354\"},\"headline\":\"Gill recibi\u00f3 a docentes, padres y estudiantes de la Escuela PROA ante los reclamos\",\"datePublished\":\"2022-03-17T21:28:05+00:00\",\"dateModified\":\"2022-03-17T21:28:07+00:00\",\"mainEntityOfPage\":{\"@id\":\"http:\/\/elregionalvm.com.ar\/noticias-villa-maria\/gill-recibio-a-docentes-padres-y-estudiantes-de-la-escuela-proa-ante-los-reclamos\/\"},\"wordCount\":302,\"commentCount\":0,\"image\":{\"@id\":\"http:\/\/elregionalvm.com.ar\/noticias-villa-maria\/gill-recibio-a-docentes-padres-y-estudiantes-de-la-escuela-proa-ante-los-reclamos\/#primaryimage\"},\"thumbnailUrl\":\"https:\/\/i0.wp.com\/elregionalvm.com.ar\/noticias-villa-maria\/wp-content\/uploads\/2022\/03\/WhatsApp-Image-2022-03-17-at-15.59.46.jpeg?fit=1280%2C853&ssl=1\",\"keywords\":[\"alumnos\",\"destacado\",\"docentes\",\"escuch\u00f3 reclamos\",\"Escuelas PROA\",\"interceder\",\"Mart\u00edn Rodrigo Gill\",\"Padres\",\"Provincia de C\u00f3rdoba\",\"Reclamo\"],\"articleSection\":[\"Villa Mar\u00eda\"],\"inLanguage\":\"es\",\"potentialAction\":[{\"@type\":\"CommentAction\",\"name\":\"Comment\",\"target\":[\"http:\/\/elregionalvm.com.ar\/noticias-villa-maria\/gill-recibio-a-docentes-padres-y-estudiantes-de-la-escuela-proa-ante-los-reclamos\/#respond\"]}]},{\"@type\":\"WebPage\",\"@id\":\"http:\/\/elregionalvm.com.ar\/noticias-villa-maria\/gill-recibio-a-docentes-padres-y-estudiantes-de-la-escuela-proa-ante-los-reclamos\/\",\"url\":\"http:\/\/elregionalvm.com.ar\/noticias-villa-maria\/gill-recibio-a-docentes-padres-y-estudiantes-de-la-escuela-proa-ante-los-reclamos\/\",\"name\":\"Gill recibi\u00f3 a docentes, padres y estudiantes de la Escuela PROA ante los reclamos - El Regional\",\"isPartOf\":{\"@id\":\"http:\/\/elregionalvm.com.ar\/noticias-villa-maria\/#website\"},\"primaryImageOfPage\":{\"@id\":\"http:\/\/elregionalvm.com.ar\/noticias-villa-maria\/gill-recibio-a-docentes-padres-y-estudiantes-de-la-escuela-proa-ante-los-reclamos\/#primaryimage\"},\"image\":{\"@id\":\"http:\/\/elregionalvm.com.ar\/noticias-villa-maria\/gill-recibio-a-docentes-padres-y-estudiantes-de-la-escuela-proa-ante-los-reclamos\/#primaryimage\"},\"thumbnailUrl\":\"https:\/\/i0.wp.com\/elregionalvm.com.ar\/noticias-villa-maria\/wp-content\/uploads\/2022\/03\/WhatsApp-Image-2022-03-17-at-15.59.46.jpeg?fit=1280%2C853&ssl=1\",\"datePublished\":\"2022-03-17T21:28:05+00:00\",\"dateModified\":\"2022-03-17T21:28:07+00:00\",\"author\":{\"@id\":\"http:\/\/elregionalvm.com.ar\/noticias-villa-maria\/#\/schema\/person\/a0fb9c422317faca23d50163151bc354\"},\"breadcrumb\":{\"@id\":\"http:\/\/elregionalvm.com.ar\/noticias-villa-maria\/gill-recibio-a-docentes-padres-y-estudiantes-de-la-escuela-proa-ante-los-reclamos\/#breadcrumb\"},\"inLanguage\":\"es\",\"potentialAction\":[{\"@type\":\"ReadAction\",\"target\":[\"http:\/\/elregionalvm.com.ar\/noticias-villa-maria\/gill-recibio-a-docentes-padres-y-estudiantes-de-la-escuela-proa-ante-los-reclamos\/\"]}]},{\"@type\":\"ImageObject\",\"inLanguage\":\"es\",\"@id\":\"http:\/\/elregionalvm.com.ar\/noticias-villa-maria\/gill-recibio-a-docentes-padres-y-estudiantes-de-la-escuela-proa-ante-los-reclamos\/#primaryimage\",\"url\":\"https:\/\/i0.wp.com\/elregionalvm.com.ar\/noticias-villa-maria\/wp-content\/uploads\/2022\/03\/WhatsApp-Image-2022-03-17-at-15.59.46.jpeg?fit=1280%2C853&ssl=1\",\"contentUrl\":\"https:\/\/i0.wp.com\/elregionalvm.com.ar\/noticias-villa-maria\/wp-content\/uploads\/2022\/03\/WhatsApp-Image-2022-03-17-at-15.59.46.jpeg?fit=1280%2C853&ssl=1\",\"width\":1280,\"height\":853},{\"@type\":\"BreadcrumbList\",\"@id\":\"http:\/\/elregionalvm.com.ar\/noticias-villa-maria\/gill-recibio-a-docentes-padres-y-estudiantes-de-la-escuela-proa-ante-los-reclamos\/#breadcrumb\",\"itemListElement\":[{\"@type\":\"ListItem\",\"position\":1,\"name\":\"Portada\",\"item\":\"https:\/\/elregionalvm.com.ar\/noticias-villa-maria\/\"},{\"@type\":\"ListItem\",\"position\":2,\"name\":\"Gill recibi\u00f3 a docentes, padres y estudiantes de la Escuela PROA ante los reclamos\"}]},{\"@type\":\"WebSite\",\"@id\":\"http:\/\/elregionalvm.com.ar\/noticias-villa-maria\/#website\",\"url\":\"http:\/\/elregionalvm.com.ar\/noticias-villa-maria\/\",\"name\":\"El Regional\",\"description\":\"Mucho m\u00e1s que informaci\u00f3n\",\"potentialAction\":[{\"@type\":\"SearchAction\",\"target\":{\"@type\":\"EntryPoint\",\"urlTemplate\":\"http:\/\/elregionalvm.com.ar\/noticias-villa-maria\/?s={search_term_string}\"},\"query-input\":{\"@type\":\"PropertyValueSpecification\",\"valueRequired\":true,\"valueName\":\"search_term_string\"}}],\"inLanguage\":\"es\"},{\"@type\":\"Person\",\"@id\":\"http:\/\/elregionalvm.com.ar\/noticias-villa-maria\/#\/schema\/person\/a0fb9c422317faca23d50163151bc354\",\"name\":\"Contenidos El Regional\",\"image\":{\"@type\":\"ImageObject\",\"inLanguage\":\"es\",\"@id\":\"http:\/\/elregionalvm.com.ar\/noticias-villa-maria\/#\/schema\/person\/image\/\",\"url\":\"https:\/\/secure.gravatar.com\/avatar\/265b27cb2209af7bb3a1318f03305787d7981a5cc6e6cd08fe5a4ecdf99d4b48?s=96&d=mm&r=g\",\"contentUrl\":\"https:\/\/secure.gravatar.com\/avatar\/265b27cb2209af7bb3a1318f03305787d7981a5cc6e6cd08fe5a4ecdf99d4b48?s=96&d=mm&r=g\",\"caption\":\"Contenidos El Regional\"},\"url\":\"https:\/\/elregionalvm.com.ar\/noticias-villa-maria\/author\/contenido\/\"}]}<\/script>\n<!-- \/ Yoast SEO plugin. -->","yoast_head_json":{"title":"Gill recibi\u00f3 a docentes, padres y estudiantes de la Escuela PROA ante los reclamos - El Regional","robots":{"index":"index","follow":"follow","max-snippet":"max-snippet:-1","max-image-preview":"max-image-preview:large","max-video-preview":"max-video-preview:-1"},"canonical":"http:\/\/elregionalvm.com.ar\/noticias-villa-maria\/gill-recibio-a-docentes-padres-y-estudiantes-de-la-escuela-proa-ante-los-reclamos\/","og_locale":"es_ES","og_type":"article","og_title":"Gill recibi\u00f3 a docentes, padres y estudiantes de la Escuela PROA ante los reclamos - El Regional","og_description":"El intendente Mart\u00edn Gill recibi\u00f3 a estudiantes de la escuela PROA con sede en la Universidad Tecnol\u00f3gica Nacional (UTN), a los fines de escuchar sus demandas respecto al avance y construcci\u00f3n de un edificio propio. Lo hizo en compa\u00f1\u00eda del secretario de Educaci\u00f3n, Cultura y Promoci\u00f3n de la Ciencia, Rafael Sachetto, en una reuni\u00f3n que [&hellip;]","og_url":"http:\/\/elregionalvm.com.ar\/noticias-villa-maria\/gill-recibio-a-docentes-padres-y-estudiantes-de-la-escuela-proa-ante-los-reclamos\/","og_site_name":"El Regional","article_publisher":"https:\/\/www.facebook.com\/elregionalvm","article_published_time":"2022-03-17T21:28:05+00:00","article_modified_time":"2022-03-17T21:28:07+00:00","og_image":[{"width":1280,"height":853,"url":"http:\/\/elregionalvm.com.ar\/noticias-villa-maria\/wp-content\/uploads\/2022\/03\/WhatsApp-Image-2022-03-17-at-15.59.46.jpeg","type":"image\/jpeg"}],"author":"Contenidos El Regional","twitter_card":"summary_large_image","twitter_creator":"@elregionalvm1","twitter_site":"@elregionalvm1","twitter_misc":{"Escrito por":"Contenidos El Regional","Tiempo de lectura":"1 minuto"},"schema":{"@context":"https:\/\/schema.org","@graph":[{"@type":"Article","@id":"http:\/\/elregionalvm.com.ar\/noticias-villa-maria\/gill-recibio-a-docentes-padres-y-estudiantes-de-la-escuela-proa-ante-los-reclamos\/#article","isPartOf":{"@id":"http:\/\/elregionalvm.com.ar\/noticias-villa-maria\/gill-recibio-a-docentes-padres-y-estudiantes-de-la-escuela-proa-ante-los-reclamos\/"},"author":{"name":"Contenidos El Regional","@id":"http:\/\/elregionalvm.com.ar\/noticias-villa-maria\/#\/schema\/person\/a0fb9c422317faca23d50163151bc354"},"headline":"Gill recibi\u00f3 a docentes, padres y estudiantes de la Escuela PROA ante los reclamos","datePublished":"2022-03-17T21:28:05+00:00","dateModified":"2022-03-17T21:28:07+00:00","mainEntityOfPage":{"@id":"http:\/\/elregionalvm.com.ar\/noticias-villa-maria\/gill-recibio-a-docentes-padres-y-estudiantes-de-la-escuela-proa-ante-los-reclamos\/"},"wordCount":302,"commentCount":0,"image":{"@id":"http:\/\/elregionalvm.com.ar\/noticias-villa-maria\/gill-recibio-a-docentes-padres-y-estudiantes-de-la-escuela-proa-ante-los-reclamos\/#primaryimage"},"thumbnailUrl":"https:\/\/i0.wp.com\/elregionalvm.com.ar\/noticias-villa-maria\/wp-content\/uploads\/2022\/03\/WhatsApp-Image-2022-03-17-at-15.59.46.jpeg?fit=1280%2C853&ssl=1","keywords":["alumnos","destacado","docentes","escuch\u00f3 reclamos","Escuelas PROA","interceder","Mart\u00edn Rodrigo Gill","Padres","Provincia de C\u00f3rdoba","Reclamo"],"articleSection":["Villa Mar\u00eda"],"inLanguage":"es","potentialAction":[{"@type":"CommentAction","name":"Comment","target":["http:\/\/elregionalvm.com.ar\/noticias-villa-maria\/gill-recibio-a-docentes-padres-y-estudiantes-de-la-escuela-proa-ante-los-reclamos\/#respond"]}]},{"@type":"WebPage","@id":"http:\/\/elregionalvm.com.ar\/noticias-villa-maria\/gill-recibio-a-docentes-padres-y-estudiantes-de-la-escuela-proa-ante-los-reclamos\/","url":"http:\/\/elregionalvm.com.ar\/noticias-villa-maria\/gill-recibio-a-docentes-padres-y-estudiantes-de-la-escuela-proa-ante-los-reclamos\/","name":"Gill recibi\u00f3 a docentes, padres y estudiantes de la Escuela PROA ante los reclamos - El Regional","isPartOf":{"@id":"http:\/\/elregionalvm.com.ar\/noticias-villa-maria\/#website"},"primaryImageOfPage":{"@id":"http:\/\/elregionalvm.com.ar\/noticias-villa-maria\/gill-recibio-a-docentes-padres-y-estudiantes-de-la-escuela-proa-ante-los-reclamos\/#primaryimage"},"image":{"@id":"http:\/\/elregionalvm.com.ar\/noticias-villa-maria\/gill-recibio-a-docentes-padres-y-estudiantes-de-la-escuela-proa-ante-los-reclamos\/#primaryimage"},"thumbnailUrl":"https:\/\/i0.wp.com\/elregionalvm.com.ar\/noticias-villa-maria\/wp-content\/uploads\/2022\/03\/WhatsApp-Image-2022-03-17-at-15.59.46.jpeg?fit=1280%2C853&ssl=1","datePublished":"2022-03-17T21:28:05+00:00","dateModified":"2022-03-17T21:28:07+00:00","author":{"@id":"http:\/\/elregionalvm.com.ar\/noticias-villa-maria\/#\/schema\/person\/a0fb9c422317faca23d50163151bc354"},"breadcrumb":{"@id":"http:\/\/elregionalvm.com.ar\/noticias-villa-maria\/gill-recibio-a-docentes-padres-y-estudiantes-de-la-escuela-proa-ante-los-reclamos\/#breadcrumb"},"inLanguage":"es","potentialAction":[{"@type":"ReadAction","target":["http:\/\/elregionalvm.com.ar\/noticias-villa-maria\/gill-recibio-a-docentes-padres-y-estudiantes-de-la-escuela-proa-ante-los-reclamos\/"]}]},{"@type":"ImageObject","inLanguage":"es","@id":"http:\/\/elregionalvm.com.ar\/noticias-villa-maria\/gill-recibio-a-docentes-padres-y-estudiantes-de-la-escuela-proa-ante-los-reclamos\/#primaryimage","url":"https:\/\/i0.wp.com\/elregionalvm.com.ar\/noticias-villa-maria\/wp-content\/uploads\/2022\/03\/WhatsApp-Image-2022-03-17-at-15.59.46.jpeg?fit=1280%2C853&ssl=1","contentUrl":"https:\/\/i0.wp.com\/elregionalvm.com.ar\/noticias-villa-maria\/wp-content\/uploads\/2022\/03\/WhatsApp-Image-2022-03-17-at-15.59.46.jpeg?fit=1280%2C853&ssl=1","width":1280,"height":853},{"@type":"BreadcrumbList","@id":"http:\/\/elregionalvm.com.ar\/noticias-villa-maria\/gill-recibio-a-docentes-padres-y-estudiantes-de-la-escuela-proa-ante-los-reclamos\/#breadcrumb","itemListElement":[{"@type":"ListItem","position":1,"name":"Portada","item":"https:\/\/elregionalvm.com.ar\/noticias-villa-maria\/"},{"@type":"ListItem","position":2,"name":"Gill recibi\u00f3 a docentes, padres y estudiantes de la Escuela PROA ante los reclamos"}]},{"@type":"WebSite","@id":"http:\/\/elregionalvm.com.ar\/noticias-villa-maria\/#website","url":"http:\/\/elregionalvm.com.ar\/noticias-villa-maria\/","name":"El Regional","description":"Mucho m\u00e1s que informaci\u00f3n","potentialAction":[{"@type":"SearchAction","target":{"@type":"EntryPoint","urlTemplate":"http:\/\/elregionalvm.com.ar\/noticias-villa-maria\/?s={search_term_string}"},"query-input":{"@type":"PropertyValueSpecification","valueRequired":true,"valueName":"search_term_string"}}],"inLanguage":"es"},{"@type":"Person","@id":"http:\/\/elregionalvm.com.ar\/noticias-villa-maria\/#\/schema\/person\/a0fb9c422317faca23d50163151bc354","name":"Contenidos El Regional","image":{"@type":"ImageObject","inLanguage":"es","@id":"http:\/\/elregionalvm.com.ar\/noticias-villa-maria\/#\/schema\/person\/image\/","url":"https:\/\/secure.gravatar.com\/avatar\/265b27cb2209af7bb3a1318f03305787d7981a5cc6e6cd08fe5a4ecdf99d4b48?s=96&d=mm&r=g","contentUrl":"https:\/\/secure.gravatar.com\/avatar\/265b27cb2209af7bb3a1318f03305787d7981a5cc6e6cd08fe5a4ecdf99d4b48?s=96&d=mm&r=g","caption":"Contenidos El Regional"},"url":"https:\/\/elregionalvm.com.ar\/noticias-villa-maria\/author\/contenido\/"}]}},"jetpack_featured_media_url":"https:\/\/i0.wp.com\/elregionalvm.com.ar\/noticias-villa-maria\/wp-content\/uploads\/2022\/03\/WhatsApp-Image-2022-03-17-at-15.59.46.jpeg?fit=1280%2C853&ssl=1","jetpack_sharing_enabled":true,"_links":{"self":[{"href":"https:\/\/elregionalvm.com.ar\/noticias-villa-maria\/wp-json\/wp\/v2\/posts\/54273","targetHints":{"allow":["GET"]}}],"collection":[{"href":"https:\/\/elregionalvm.com.ar\/noticias-villa-maria\/wp-json\/wp\/v2\/posts"}],"about":[{"href":"https:\/\/elregionalvm.com.ar\/noticias-villa-maria\/wp-json\/wp\/v2\/types\/post"}],"author":[{"embeddable":true,"href":"https:\/\/elregionalvm.com.ar\/noticias-villa-maria\/wp-json\/wp\/v2\/users\/4"}],"replies":[{"embeddable":true,"href":"https:\/\/elregionalvm.com.ar\/noticias-villa-maria\/wp-json\/wp\/v2\/comments?post=54273"}],"version-history":[{"count":1,"href":"https:\/\/elregionalvm.com.ar\/noticias-villa-maria\/wp-json\/wp\/v2\/posts\/54273\/revisions"}],"predecessor-version":[{"id":54277,"href":"https:\/\/elregionalvm.com.ar\/noticias-villa-maria\/wp-json\/wp\/v2\/posts\/54273\/revisions\/54277"}],"wp:featuredmedia":[{"embeddable":true,"href":"https:\/\/elregionalvm.com.ar\/noticias-villa-maria\/wp-json\/wp\/v2\/media\/54275"}],"wp:attachment":[{"href":"https:\/\/elregionalvm.com.ar\/noticias-villa-maria\/wp-json\/wp\/v2\/media?parent=54273"}],"wp:term":[{"taxonomy":"category","embeddable":true,"href":"https:\/\/elregionalvm.com.ar\/noticias-villa-maria\/wp-json\/wp\/v2\/categories?post=54273"},{"taxonomy":"post_tag","embeddable":true,"href":"https:\/\/elregionalvm.com.ar\/noticias-villa-maria\/wp-json\/wp\/v2\/tags?post=54273"}],"curies":[{"name":"wp","href":"https:\/\/api.w.org\/{rel}","templated":true}]}}